{"id":3126,"date":"2016-08-03T10:03:36","date_gmt":"2016-08-03T08:03:36","guid":{"rendered":"http:\/\/rivieradeifiori.wordpress.innovationconsulting.it\/ru\/?p=3126"},"modified":"2022-06-09T16:33:19","modified_gmt":"2022-06-09T14:33:19","slug":"dolceacqua-fuochi-la-michetta","status":"publish","type":"post","link":"https:\/\/www.rivieradeifiori.it\/ru\/%d0%b5%d0%b4%d0%b0-%d0%bd%d0%b0%d0%bf%d0%b8%d1%82%d0%ba%d0%b8\/dolceacqua-fuochi-la-michetta\/","title":{"rendered":"Dolceacqua i fuochi e la Michetta"},"content":{"rendered":"<p>Agosto per Dolceacqua, meraviglioso borgo della val Nervia, \u00e8 il mese della storia e delle leggende. La Michetta, tipico dolce del paese, che ha ottenuto la Denominazione Comunale (Deco), ha una tradizione secolare, che risale alla met\u00e0 del XIV secolo. Allora il Signore di Dolceacqua, che risiedeva nel castello che sovrasta tutt\u2019oggi il borgo, era Imperiale Doria, un tiranno molto odiato sia dal popolo del paese che dai borghi vicini, perch\u00e8 usava razziare i centri della valle impossessandosi dei loro averi, compresi animali e&#8230; donne. A Dolceacqua concedeva pochi diritti al popolo, pretendeva tasse altissime e applicava lo \u201cIus primae noctis\u201d, una legge che gli dava potere su bestiame, i beni posseduti e le mogli dei sudditi.<\/p>\n<p>Secondo la leggenda, Imperiale Doria si invagh\u00ec di Lucrezia, la figlia del fornaio del paese, che per\u00f2 amava un altro uomo. Il Signore di Dolceacqua, venuto a sapere dell\u2019imminente matrimonio dell\u2019avvenente donzella, pretese di applicare il diritto di trascorrere con lei la prima notte di nozze.<\/p>\n<p>Lucrezia inorridita all\u2019idea, spos\u00f2 di nascosto il suo amato, ma gli sgherri di Imperiale scoperta la cosa, rapirono la giovane sposa e la rinchiusero nelle segrete del castello. Il povero sposo, disperato e deciso a salvarla, sollev\u00f2 la popolazione contro il signorotto di casa Doria e, nascosto tra il fieno in uno dei carri diretti al castello, riusc\u00ec ad intrufolarsi nel maniero e a raggiungere le stanze private di Imperiale.<\/p>\n<p>Minacciandolo con un coltello, il giovane riusc\u00ec a far firmare al Signore una carta che sollev\u00f2 i cittadini dalle tasse, che concesse loro pi\u00f9 diritti e, soprattutto, che abol\u00ec per sempre lo Ius primae noctis. La gioia per questo \u201ccolpo di stato\u201d, fu per\u00f2 rabbuiata dal ritrovamento del corpo senza vita di Lucrezia. Le donne di Dolceacqua, per celebrare la libert\u00e0 ottenuta, grazie anche al sacrificio della giovane, crearono un pane dolce, dalla forma molto femminile, alla quale diedero il nome di \u201cMichetta\u201d.<\/p>\n<p>Ancora oggi si festeggia quella conquista, infatti, la ricorrenza del 16 agosto \u00e8 da oltre sette secoli &lt;il giorno della Michetta&gt;. Cos\u00ec, i giovani uomini del paese, seguiti da una piccola banda musicale e due asinelli, passeggiano e cantando tra cantine e carrugi di Dolceacqua, raggiungono la casa delle amate nella speranza di avere da loro &lt;la Michetta&gt;. Se la giovane donna fa trovare un cestino colmo di dolci, significa che il corteggiamento pu\u00f2 avere corso.<\/p>\n<p>Il sabato successivo al 15 agosto, invece, \u00e8 l\u2019appuntamento estivo con lo spettacolo pirotecnico di Dolceacqua, durante il quale si narrano leggende del paese, accompagnate da musica e fuochi d\u2019artificio.<\/p>\n<p>Uno scenario unico\u00a0ai piedi del castello dei Doria, un luogo magico, pieno di storia e tradizione.<\/p>\n<p><em>[Samirah Muran]<\/em><\/p>\n\n\t\t<style type=\"text\/css\">\n\t\t\t#gallery-1 {\n\t\t\t\tmargin: auto;\n\t\t\t}\n\t\t\t#gallery-1 .gallery-item {\n\t\t\t\tfloat: left;\n\t\t\t\tmargin-top: 10px;\n\t\t\t\ttext-align: center;\n\t\t\t\twidth: 33%;\n\t\t\t}\n\t\t\t#gallery-1 img {\n\t\t\t\tborder: 2px solid #cfcfcf;\n\t\t\t}\n\t\t\t#gallery-1 .gallery-caption {\n\t\t\t\tmargin-left: 0;\n\t\t\t}\n\t\t\t\/* see gallery_shortcode() in wp-includes\/media.php *\/\n\t\t<\/style>\n\t\t<div id='gallery-1' class='gallery galleryid-3126 gallery-columns-3 gallery-size-thumbnail'><dl class='gallery-item'>\n\t\t\t<dt class='gallery-icon landscape'>\n\t\t\t\t<a href='https:\/\/www.rivieradeifiori.it\/ru\/%d0%b5%d0%b4%d0%b0-%d0%bd%d0%b0%d0%bf%d0%b8%d1%82%d0%ba%d0%b8\/dolceacqua-fuochi-la-michetta\/attachment\/dolceacqua-2-giu-15\/'><img decoding=\"async\" width=\"160\" height=\"160\" src=\"https:\/\/www.rivieradeifiori.it\/wp-content\/uploads\/2016\/08\/Dolceacqua-2-giu-15-160x160.jpg\" class=\"attachment-thumbnail size-thumbnail\" alt=\"\" aria-describedby=\"gallery-1-3127\" srcset=\"https:\/\/www.rivieradeifiori.it\/wp-content\/uploads\/2016\/08\/Dolceacqua-2-giu-15-160x160.jpg 160w, https:\/\/www.rivieradeifiori.it\/wp-content\/uploads\/2016\/08\/Dolceacqua-2-giu-15-440x440.jpg 440w, https:\/\/www.rivieradeifiori.it\/wp-content\/uploads\/2016\/08\/Dolceacqua-2-giu-15-150x150.jpg 150w, https:\/\/www.rivieradeifiori.it\/wp-content\/uploads\/2016\/08\/Dolceacqua-2-giu-15-65x65.jpg 65w, https:\/\/www.rivieradeifiori.it\/wp-content\/uploads\/2016\/08\/Dolceacqua-2-giu-15-180x180.jpg 180w, https:\/\/www.rivieradeifiori.it\/wp-content\/uploads\/2016\/08\/Dolceacqua-2-giu-15-300x300.jpg 300w, https:\/\/www.rivieradeifiori.it\/wp-content\/uploads\/2016\/08\/Dolceacqua-2-giu-15-600x600.jpg 600w\" sizes=\"(max-width: 160px) 100vw, 160px\" \/><\/a>\n\t\t\t<\/dt>\n\t\t\t\t<dd class='wp-caption-text gallery-caption' id='gallery-1-3127'>\n\t\t\t\tFuochi d&#8217;artificio &#8211; Incendio del castello Dolceacqua\n\t\t\t\t<\/dd><\/dl><dl class='gallery-item'>\n\t\t\t<dt class='gallery-icon landscape'>\n\t\t\t\t<a href='https:\/\/www.rivieradeifiori.it\/ru\/%d0%b5%d0%b4%d0%b0-%d0%bd%d0%b0%d0%bf%d0%b8%d1%82%d0%ba%d0%b8\/dolceacqua-fuochi-la-michetta\/attachment\/dolceacqua-big-giu-15\/'><img decoding=\"async\" width=\"160\" height=\"160\" src=\"https:\/\/www.rivieradeifiori.it\/wp-content\/uploads\/2016\/08\/Dolceacqua-Big-giu-15-160x160.jpg\" class=\"attachment-thumbnail size-thumbnail\" alt=\"\" aria-describedby=\"gallery-1-3132\" srcset=\"https:\/\/www.rivieradeifiori.it\/wp-content\/uploads\/2016\/08\/Dolceacqua-Big-giu-15-160x160.jpg 160w, https:\/\/www.rivieradeifiori.it\/wp-content\/uploads\/2016\/08\/Dolceacqua-Big-giu-15-440x440.jpg 440w, https:\/\/www.rivieradeifiori.it\/wp-content\/uploads\/2016\/08\/Dolceacqua-Big-giu-15-150x150.jpg 150w, https:\/\/www.rivieradeifiori.it\/wp-content\/uploads\/2016\/08\/Dolceacqua-Big-giu-15-65x65.jpg 65w, https:\/\/www.rivieradeifiori.it\/wp-content\/uploads\/2016\/08\/Dolceacqua-Big-giu-15-180x180.jpg 180w, https:\/\/www.rivieradeifiori.it\/wp-content\/uploads\/2016\/08\/Dolceacqua-Big-giu-15-300x300.jpg 300w, https:\/\/www.rivieradeifiori.it\/wp-content\/uploads\/2016\/08\/Dolceacqua-Big-giu-15-600x600.jpg 600w\" sizes=\"(max-width: 160px) 100vw, 160px\" \/><\/a>\n\t\t\t<\/dt>\n\t\t\t\t<dd class='wp-caption-text gallery-caption' id='gallery-1-3132'>\n\t\t\t\tDolceacqua \u00a9Eugenio Andrighetto | visionariumcinema3d@gmail.com\n\t\t\t\t<\/dd><\/dl><dl class='gallery-item'>\n\t\t\t<dt class='gallery-icon landscape'>\n\t\t\t\t<a href='https:\/\/www.rivieradeifiori.it\/ru\/%d0%b5%d0%b4%d0%b0-%d0%bd%d0%b0%d0%bf%d0%b8%d1%82%d0%ba%d0%b8\/dolceacqua-fuochi-la-michetta\/attachment\/dolceacqua-186350\/'><img decoding=\"async\" width=\"160\" height=\"160\" src=\"https:\/\/www.rivieradeifiori.it\/wp-content\/uploads\/2016\/08\/dolceacqua-186350-160x160.jpg\" class=\"attachment-thumbnail size-thumbnail\" alt=\"\" aria-describedby=\"gallery-1-3137\" srcset=\"https:\/\/www.rivieradeifiori.it\/wp-content\/uploads\/2016\/08\/dolceacqua-186350-160x160.jpg 160w, https:\/\/www.rivieradeifiori.it\/wp-content\/uploads\/2016\/08\/dolceacqua-186350-440x440.jpg 440w, https:\/\/www.rivieradeifiori.it\/wp-content\/uploads\/2016\/08\/dolceacqua-186350-150x150.jpg 150w, https:\/\/www.rivieradeifiori.it\/wp-content\/uploads\/2016\/08\/dolceacqua-186350-65x65.jpg 65w, https:\/\/www.rivieradeifiori.it\/wp-content\/uploads\/2016\/08\/dolceacqua-186350-180x180.jpg 180w, https:\/\/www.rivieradeifiori.it\/wp-content\/uploads\/2016\/08\/dolceacqua-186350-300x300.jpg 300w, https:\/\/www.rivieradeifiori.it\/wp-content\/uploads\/2016\/08\/dolceacqua-186350-600x600.jpg 600w\" sizes=\"(max-width: 160px) 100vw, 160px\" \/><\/a>\n\t\t\t<\/dt>\n\t\t\t\t<dd class='wp-caption-text gallery-caption' id='gallery-1-3137'>\n\t\t\t\tDolceacqua dall&#8217;alto\n\t\t\t\t<\/dd><\/dl><br style=\"clear: both\" \/><dl class='gallery-item'>\n\t\t\t<dt class='gallery-icon landscape'>\n\t\t\t\t<a href='https:\/\/www.rivieradeifiori.it\/ru\/%d0%b5%d0%b4%d0%b0-%d0%bd%d0%b0%d0%bf%d0%b8%d1%82%d0%ba%d0%b8\/dolceacqua-fuochi-la-michetta\/attachment\/michetta-dolc\/'><img decoding=\"async\" width=\"160\" height=\"160\" src=\"https:\/\/www.rivieradeifiori.it\/wp-content\/uploads\/2016\/08\/Michetta-Dolc-160x160.jpg\" class=\"attachment-thumbnail size-thumbnail\" alt=\"\" aria-describedby=\"gallery-1-3142\" srcset=\"https:\/\/www.rivieradeifiori.it\/wp-content\/uploads\/2016\/08\/Michetta-Dolc-160x160.jpg 160w, https:\/\/www.rivieradeifiori.it\/wp-content\/uploads\/2016\/08\/Michetta-Dolc-440x440.jpg 440w, https:\/\/www.rivieradeifiori.it\/wp-content\/uploads\/2016\/08\/Michetta-Dolc-150x150.jpg 150w, https:\/\/www.rivieradeifiori.it\/wp-content\/uploads\/2016\/08\/Michetta-Dolc-65x65.jpg 65w, https:\/\/www.rivieradeifiori.it\/wp-content\/uploads\/2016\/08\/Michetta-Dolc-180x180.jpg 180w, https:\/\/www.rivieradeifiori.it\/wp-content\/uploads\/2016\/08\/Michetta-Dolc-300x300.jpg 300w, https:\/\/www.rivieradeifiori.it\/wp-content\/uploads\/2016\/08\/Michetta-Dolc-600x600.jpg 600w\" sizes=\"(max-width: 160px) 100vw, 160px\" \/><\/a>\n\t\t\t<\/dt>\n\t\t\t\t<dd class='wp-caption-text gallery-caption' id='gallery-1-3142'>\n\t\t\t\tMichette di Dolceacqua\n\t\t\t\t<\/dd><\/dl>\n\t\t\t<br style='clear: both' \/>\n\t\t<\/div>\n\n","protected":false},"excerpt":{"rendered":"<p>Agosto per Dolceacqua, meraviglioso borgo della val Nervia, \u00e8 il mese della storia e delle leggende. La Michetta, tipico dolce del paese, che ha ottenuto la Denominazione Comunale (Deco), ha una tradizione secolare, che risale alla met\u00e0 del XIV secolo. Allora il Signore di Dolceacqua, che risiedeva nel castello che sovrasta tutt\u2019oggi il borgo, era [&hellip;]<\/p>\n","protected":false},"author":1,"featured_media":3137,"comment_status":"open","ping_status":"open","sticky":false,"template":"","format":"standard","meta":{"_et_pb_use_builder":"","_et_pb_old_content":"","_et_gb_content_width":"","_eb_attr":"","_vp_format_video_url":"","_vp_image_focal_point":[],"_vp_custom_popup_image":0,"_vp_format_audio_url":"","_vp_custom_thumbnail":0,"_vp_custom_thumbnail_focal_point":[],"_vp_hover_thumbnail":0,"_vp_hover_thumbnail_focal_point":[],"footnotes":""},"categories":[91],"tags":[],"class_list":["post-3126","post","type-post","status-publish","format-standard","has-post-thumbnail","hentry","category-91","et-has-post-format-content","et_post_format-et-post-format-standard"],"yoast_head":"<!-- This site is optimized with the Yoast SEO plugin v25.7 - https:\/\/yoast.com\/wordpress\/plugins\/seo\/ -->\n<title>Dolceacqua i fuochi e la Michetta - Riviera dei Fiori<\/title>\n<meta name=\"robots\" content=\"index, follow, max-snippet:-1, max-image-preview:large, max-video-preview:-1\" \/>\n<link rel=\"canonical\" href=\"https:\/\/www.rivieradeifiori.it\/ru\/%d0%b5%d0%b4%d0%b0-%d0%bd%d0%b0%d0%bf%d0%b8%d1%82%d0%ba%d0%b8\/dolceacqua-fuochi-la-michetta\/\" \/>\n<meta name=\"twitter:label1\" content=\"\u041d\u0430\u043f\u0438\u0441\u0430\u043d\u043e \u0430\u0432\u0442\u043e\u0440\u043e\u043c\" \/>\n\t<meta name=\"twitter:data1\" content=\"Luca Giovannetti\" \/>\n\t<meta name=\"twitter:label2\" content=\"\u041f\u0440\u0438\u043c\u0435\u0440\u043d\u043e\u0435 \u0432\u0440\u0435\u043c\u044f \u0434\u043b\u044f \u0447\u0442\u0435\u043d\u0438\u044f\" \/>\n\t<meta name=\"twitter:data2\" content=\"2 \u043c\u0438\u043d\u0443\u0442\u044b\" \/>\n<script type=\"application\/ld+json\" class=\"yoast-schema-graph\">{\"@context\":\"https:\/\/schema.org\",\"@graph\":[{\"@type\":\"WebPage\",\"@id\":\"https:\/\/www.rivieradeifiori.it\/ru\/%d0%b5%d0%b4%d0%b0-%d0%bd%d0%b0%d0%bf%d0%b8%d1%82%d0%ba%d0%b8\/dolceacqua-fuochi-la-michetta\/\",\"url\":\"https:\/\/www.rivieradeifiori.it\/ru\/%d0%b5%d0%b4%d0%b0-%d0%bd%d0%b0%d0%bf%d0%b8%d1%82%d0%ba%d0%b8\/dolceacqua-fuochi-la-michetta\/\",\"name\":\"Dolceacqua i fuochi e la Michetta - Riviera dei Fiori\",\"isPartOf\":{\"@id\":\"https:\/\/www.rivieradeifiori.it\/ru\/#website\"},\"primaryImageOfPage\":{\"@id\":\"https:\/\/www.rivieradeifiori.it\/ru\/%d0%b5%d0%b4%d0%b0-%d0%bd%d0%b0%d0%bf%d0%b8%d1%82%d0%ba%d0%b8\/dolceacqua-fuochi-la-michetta\/#primaryimage\"},\"image\":{\"@id\":\"https:\/\/www.rivieradeifiori.it\/ru\/%d0%b5%d0%b4%d0%b0-%d0%bd%d0%b0%d0%bf%d0%b8%d1%82%d0%ba%d0%b8\/dolceacqua-fuochi-la-michetta\/#primaryimage\"},\"thumbnailUrl\":\"https:\/\/www.rivieradeifiori.it\/wp-content\/uploads\/2016\/08\/dolceacqua-186350.jpg\",\"datePublished\":\"2016-08-03T08:03:36+00:00\",\"dateModified\":\"2022-06-09T14:33:19+00:00\",\"author\":{\"@id\":\"https:\/\/www.rivieradeifiori.it\/ru\/#\/schema\/person\/6cc4e4ed0d74f08798811653e64f69ed\"},\"breadcrumb\":{\"@id\":\"https:\/\/www.rivieradeifiori.it\/ru\/%d0%b5%d0%b4%d0%b0-%d0%bd%d0%b0%d0%bf%d0%b8%d1%82%d0%ba%d0%b8\/dolceacqua-fuochi-la-michetta\/#breadcrumb\"},\"inLanguage\":\"ru-RU\",\"potentialAction\":[{\"@type\":\"ReadAction\",\"target\":[\"https:\/\/www.rivieradeifiori.it\/ru\/%d0%b5%d0%b4%d0%b0-%d0%bd%d0%b0%d0%bf%d0%b8%d1%82%d0%ba%d0%b8\/dolceacqua-fuochi-la-michetta\/\"]}]},{\"@type\":\"ImageObject\",\"inLanguage\":\"ru-RU\",\"@id\":\"https:\/\/www.rivieradeifiori.it\/ru\/%d0%b5%d0%b4%d0%b0-%d0%bd%d0%b0%d0%bf%d0%b8%d1%82%d0%ba%d0%b8\/dolceacqua-fuochi-la-michetta\/#primaryimage\",\"url\":\"https:\/\/www.rivieradeifiori.it\/wp-content\/uploads\/2016\/08\/dolceacqua-186350.jpg\",\"contentUrl\":\"https:\/\/www.rivieradeifiori.it\/wp-content\/uploads\/2016\/08\/dolceacqua-186350.jpg\",\"width\":1360,\"height\":1020,\"caption\":\"Dolceacqua dall'alto\"},{\"@type\":\"BreadcrumbList\",\"@id\":\"https:\/\/www.rivieradeifiori.it\/ru\/%d0%b5%d0%b4%d0%b0-%d0%bd%d0%b0%d0%bf%d0%b8%d1%82%d0%ba%d0%b8\/dolceacqua-fuochi-la-michetta\/#breadcrumb\",\"itemListElement\":[{\"@type\":\"ListItem\",\"position\":1,\"name\":\"Home\",\"item\":\"https:\/\/www.rivieradeifiori.it\/ru\/\"},{\"@type\":\"ListItem\",\"position\":2,\"name\":\"Dolceacqua i fuochi e la Michetta\"}]},{\"@type\":\"WebSite\",\"@id\":\"https:\/\/www.rivieradeifiori.it\/ru\/#website\",\"url\":\"https:\/\/www.rivieradeifiori.it\/ru\/\",\"name\":\"Riviera dei Fiori\",\"description\":\"Un mare di colori\",\"potentialAction\":[{\"@type\":\"SearchAction\",\"target\":{\"@type\":\"EntryPoint\",\"urlTemplate\":\"https:\/\/www.rivieradeifiori.it\/ru\/?s={search_term_string}\"},\"query-input\":{\"@type\":\"PropertyValueSpecification\",\"valueRequired\":true,\"valueName\":\"search_term_string\"}}],\"inLanguage\":\"ru-RU\"},{\"@type\":\"Person\",\"@id\":\"https:\/\/www.rivieradeifiori.it\/ru\/#\/schema\/person\/6cc4e4ed0d74f08798811653e64f69ed\",\"name\":\"Luca Giovannetti\",\"image\":{\"@type\":\"ImageObject\",\"inLanguage\":\"ru-RU\",\"@id\":\"https:\/\/www.rivieradeifiori.it\/ru\/#\/schema\/person\/image\/\",\"url\":\"https:\/\/secure.gravatar.com\/avatar\/092abda2284c50268e586151e014cf903142e524662c62577231430ea44340cf?s=96&r=g&d=https:\/\/www.rivieradeifiori.it\/wp-content\/plugins\/userswp\/assets\/images\/no_profile.png\",\"contentUrl\":\"https:\/\/secure.gravatar.com\/avatar\/092abda2284c50268e586151e014cf903142e524662c62577231430ea44340cf?s=96&r=g&d=https:\/\/www.rivieradeifiori.it\/wp-content\/plugins\/userswp\/assets\/images\/no_profile.png\",\"caption\":\"Luca Giovannetti\"}}]}<\/script>\n<!-- \/ Yoast SEO plugin. -->","yoast_head_json":{"title":"Dolceacqua i fuochi e la Michetta - Riviera dei Fiori","robots":{"index":"index","follow":"follow","max-snippet":"max-snippet:-1","max-image-preview":"max-image-preview:large","max-video-preview":"max-video-preview:-1"},"canonical":"https:\/\/www.rivieradeifiori.it\/ru\/%d0%b5%d0%b4%d0%b0-%d0%bd%d0%b0%d0%bf%d0%b8%d1%82%d0%ba%d0%b8\/dolceacqua-fuochi-la-michetta\/","twitter_misc":{"\u041d\u0430\u043f\u0438\u0441\u0430\u043d\u043e \u0430\u0432\u0442\u043e\u0440\u043e\u043c":"Luca Giovannetti","\u041f\u0440\u0438\u043c\u0435\u0440\u043d\u043e\u0435 \u0432\u0440\u0435\u043c\u044f \u0434\u043b\u044f \u0447\u0442\u0435\u043d\u0438\u044f":"2 \u043c\u0438\u043d\u0443\u0442\u044b"},"schema":{"@context":"https:\/\/schema.org","@graph":[{"@type":"WebPage","@id":"https:\/\/www.rivieradeifiori.it\/ru\/%d0%b5%d0%b4%d0%b0-%d0%bd%d0%b0%d0%bf%d0%b8%d1%82%d0%ba%d0%b8\/dolceacqua-fuochi-la-michetta\/","url":"https:\/\/www.rivieradeifiori.it\/ru\/%d0%b5%d0%b4%d0%b0-%d0%bd%d0%b0%d0%bf%d0%b8%d1%82%d0%ba%d0%b8\/dolceacqua-fuochi-la-michetta\/","name":"Dolceacqua i fuochi e la Michetta - Riviera dei Fiori","isPartOf":{"@id":"https:\/\/www.rivieradeifiori.it\/ru\/#website"},"primaryImageOfPage":{"@id":"https:\/\/www.rivieradeifiori.it\/ru\/%d0%b5%d0%b4%d0%b0-%d0%bd%d0%b0%d0%bf%d0%b8%d1%82%d0%ba%d0%b8\/dolceacqua-fuochi-la-michetta\/#primaryimage"},"image":{"@id":"https:\/\/www.rivieradeifiori.it\/ru\/%d0%b5%d0%b4%d0%b0-%d0%bd%d0%b0%d0%bf%d0%b8%d1%82%d0%ba%d0%b8\/dolceacqua-fuochi-la-michetta\/#primaryimage"},"thumbnailUrl":"https:\/\/www.rivieradeifiori.it\/wp-content\/uploads\/2016\/08\/dolceacqua-186350.jpg","datePublished":"2016-08-03T08:03:36+00:00","dateModified":"2022-06-09T14:33:19+00:00","author":{"@id":"https:\/\/www.rivieradeifiori.it\/ru\/#\/schema\/person\/6cc4e4ed0d74f08798811653e64f69ed"},"breadcrumb":{"@id":"https:\/\/www.rivieradeifiori.it\/ru\/%d0%b5%d0%b4%d0%b0-%d0%bd%d0%b0%d0%bf%d0%b8%d1%82%d0%ba%d0%b8\/dolceacqua-fuochi-la-michetta\/#breadcrumb"},"inLanguage":"ru-RU","potentialAction":[{"@type":"ReadAction","target":["https:\/\/www.rivieradeifiori.it\/ru\/%d0%b5%d0%b4%d0%b0-%d0%bd%d0%b0%d0%bf%d0%b8%d1%82%d0%ba%d0%b8\/dolceacqua-fuochi-la-michetta\/"]}]},{"@type":"ImageObject","inLanguage":"ru-RU","@id":"https:\/\/www.rivieradeifiori.it\/ru\/%d0%b5%d0%b4%d0%b0-%d0%bd%d0%b0%d0%bf%d0%b8%d1%82%d0%ba%d0%b8\/dolceacqua-fuochi-la-michetta\/#primaryimage","url":"https:\/\/www.rivieradeifiori.it\/wp-content\/uploads\/2016\/08\/dolceacqua-186350.jpg","contentUrl":"https:\/\/www.rivieradeifiori.it\/wp-content\/uploads\/2016\/08\/dolceacqua-186350.jpg","width":1360,"height":1020,"caption":"Dolceacqua dall'alto"},{"@type":"BreadcrumbList","@id":"https:\/\/www.rivieradeifiori.it\/ru\/%d0%b5%d0%b4%d0%b0-%d0%bd%d0%b0%d0%bf%d0%b8%d1%82%d0%ba%d0%b8\/dolceacqua-fuochi-la-michetta\/#breadcrumb","itemListElement":[{"@type":"ListItem","position":1,"name":"Home","item":"https:\/\/www.rivieradeifiori.it\/ru\/"},{"@type":"ListItem","position":2,"name":"Dolceacqua i fuochi e la Michetta"}]},{"@type":"WebSite","@id":"https:\/\/www.rivieradeifiori.it\/ru\/#website","url":"https:\/\/www.rivieradeifiori.it\/ru\/","name":"Riviera dei Fiori","description":"Un mare di colori","potentialAction":[{"@type":"SearchAction","target":{"@type":"EntryPoint","urlTemplate":"https:\/\/www.rivieradeifiori.it\/ru\/?s={search_term_string}"},"query-input":{"@type":"PropertyValueSpecification","valueRequired":true,"valueName":"search_term_string"}}],"inLanguage":"ru-RU"},{"@type":"Person","@id":"https:\/\/www.rivieradeifiori.it\/ru\/#\/schema\/person\/6cc4e4ed0d74f08798811653e64f69ed","name":"Luca Giovannetti","image":{"@type":"ImageObject","inLanguage":"ru-RU","@id":"https:\/\/www.rivieradeifiori.it\/ru\/#\/schema\/person\/image\/","url":"https:\/\/secure.gravatar.com\/avatar\/092abda2284c50268e586151e014cf903142e524662c62577231430ea44340cf?s=96&r=g&d=https:\/\/www.rivieradeifiori.it\/wp-content\/plugins\/userswp\/assets\/images\/no_profile.png","contentUrl":"https:\/\/secure.gravatar.com\/avatar\/092abda2284c50268e586151e014cf903142e524662c62577231430ea44340cf?s=96&r=g&d=https:\/\/www.rivieradeifiori.it\/wp-content\/plugins\/userswp\/assets\/images\/no_profile.png","caption":"Luca Giovannetti"}}]}},"_links":{"self":[{"href":"https:\/\/www.rivieradeifiori.it\/ru\/wp-json\/wp\/v2\/posts\/3126","targetHints":{"allow":["GET"]}}],"collection":[{"href":"https:\/\/www.rivieradeifiori.it\/ru\/wp-json\/wp\/v2\/posts"}],"about":[{"href":"https:\/\/www.rivieradeifiori.it\/ru\/wp-json\/wp\/v2\/types\/post"}],"author":[{"embeddable":true,"href":"https:\/\/www.rivieradeifiori.it\/ru\/wp-json\/wp\/v2\/users\/1"}],"replies":[{"embeddable":true,"href":"https:\/\/www.rivieradeifiori.it\/ru\/wp-json\/wp\/v2\/comments?post=3126"}],"version-history":[{"count":1,"href":"https:\/\/www.rivieradeifiori.it\/ru\/wp-json\/wp\/v2\/posts\/3126\/revisions"}],"predecessor-version":[{"id":15785,"href":"https:\/\/www.rivieradeifiori.it\/ru\/wp-json\/wp\/v2\/posts\/3126\/revisions\/15785"}],"wp:featuredmedia":[{"embeddable":true,"href":"https:\/\/www.rivieradeifiori.it\/ru\/wp-json\/wp\/v2\/media\/3137"}],"wp:attachment":[{"href":"https:\/\/www.rivieradeifiori.it\/ru\/wp-json\/wp\/v2\/media?parent=3126"}],"wp:term":[{"taxonomy":"category","embeddable":true,"href":"https:\/\/www.rivieradeifiori.it\/ru\/wp-json\/wp\/v2\/categories?post=3126"},{"taxonomy":"post_tag","embeddable":true,"href":"https:\/\/www.rivieradeifiori.it\/ru\/wp-json\/wp\/v2\/tags?post=3126"}],"curies":[{"name":"wp","href":"https:\/\/api.w.org\/{rel}","templated":true}]}}