{"id":971,"date":"2016-03-14T16:40:58","date_gmt":"2016-03-14T15:40:58","guid":{"rendered":"http:\/\/rivieradeifiori.wordpress.innovationconsulting.it\/?p=971"},"modified":"2022-06-10T11:06:42","modified_gmt":"2022-06-10T09:06:42","slug":"libereso-guglielmi-et-les-fleurs-de-la-piste-cyclable","status":"publish","type":"post","link":"https:\/\/www.rivieradeifiori.it\/fr\/mer-et-territoire\/libereso-guglielmi-et-les-fleurs-de-la-piste-cyclable\/","title":{"rendered":"Libereso GUGLIELMI et les fleurs de la piste cyclable"},"content":{"rendered":"<p>La Piste Cyclable, si riche en fleurs et plantes, ne pouvait que susciter un grand interet en Libereso Guglielmi, le &#8221;jardinier de la maison Calvino&#8221; et le botaniste le plus important de la Ligurie de l&#8217;ouest. Libereso est n\u00e8 \u00e0 Bordighera en 1925 mais il habite Sanremo, rue Dante Alighieri o\u00f9 il a cre\u00e8 un jardin avec des plantes venant de partout dans le monde, il pratique la cyclble \u00e0 pieds car il ne fait pas du v\u00e9lo. Il aime bien marcher sur la voie qui longe Pian di Poma, La Vesca et Santo Stefano al Mare.<\/p>\n<p>&#8221;Je connais bien la piste et toute la bande c\u00f4ti\u00e8re \u2013 nous dit Libereso -. Autrefois le train s\u00e9parait la ville de Santerre de la mer, mais au m\u00eame temps la richesse de la flore \u00e9tait sauvegard\u00e9e. Aujourd&#8217;hui avec la piste cyclable il n y a plus beaucoup de zones de croissance spontan\u00e9e car une grande quantit\u00e9 de nouvelles plantes ont \u00e9t\u00e9 mise en demeure. Des erreurs ont \u00e9t\u00e9 faites dans le choix des plantes, dans les lieux d&#8217;implantation et dans la manutention. Dans beaucoup de zones elles ont s\u00e9ch\u00e9es laissant \u00e0 nouveau la place aux plantes spontan\u00e9es. Au printemps, dans les zones\u00a0 o\u00f9 il n y a pas de maisons ni de animaux de passage, la piste offre une grande vari\u00e9t\u00e9 de plantes comestibles et beaucoup de personnes vont les cueillir. Dans la zone de Santo Stefano, pr\u00e8s de la mer, dans le sable, m\u00e9lang\u00e8 avec las posidonie, poussent des blettes sauvages d\u00e9licieuses. De nombreux v\u00e9g\u00e9taux int\u00e9ressants se trouvent \u00e0 Pian di Poma et au Village des Fleur d&#8217;\u00e0 cot\u00e9. Dans son ensemble le parc c\u00f4tier est tr\u00e8s int\u00e9ressant avec une vari\u00e9t\u00e9 de fleurs et plantes particuli\u00e8res&#8221;.<\/p>\n<p><em>[Marco Scolesi]<\/em><\/p>\n\n\t\t<style type=\"text\/css\">\n\t\t\t#gallery-1 {\n\t\t\t\tmargin: auto;\n\t\t\t}\n\t\t\t#gallery-1 .gallery-item {\n\t\t\t\tfloat: left;\n\t\t\t\tmargin-top: 10px;\n\t\t\t\ttext-align: center;\n\t\t\t\twidth: 33%;\n\t\t\t}\n\t\t\t#gallery-1 img {\n\t\t\t\tborder: 2px solid #cfcfcf;\n\t\t\t}\n\t\t\t#gallery-1 .gallery-caption {\n\t\t\t\tmargin-left: 0;\n\t\t\t}\n\t\t\t\/* see gallery_shortcode() in wp-includes\/media.php *\/\n\t\t<\/style>\n\t\t<div id='gallery-1' class='gallery galleryid-971 gallery-columns-3 gallery-size-thumbnail'><dl class='gallery-item'>\n\t\t\t<dt class='gallery-icon landscape'>\n\t\t\t\t<a href='https:\/\/www.rivieradeifiori.it\/fr\/mer-et-territoire\/libereso-guglielmi-et-les-fleurs-de-la-piste-cyclable\/attachment\/tamarix_3279-2\/'><img decoding=\"async\" width=\"160\" height=\"160\" src=\"https:\/\/www.rivieradeifiori.it\/wp-content\/uploads\/2016\/05\/Tamarix_3279-160x160.jpg\" class=\"attachment-thumbnail size-thumbnail\" alt=\"\" aria-describedby=\"gallery-1-1895\" srcset=\"https:\/\/www.rivieradeifiori.it\/wp-content\/uploads\/2016\/05\/Tamarix_3279-160x160.jpg 160w, https:\/\/www.rivieradeifiori.it\/wp-content\/uploads\/2016\/05\/Tamarix_3279-440x440.jpg 440w, https:\/\/www.rivieradeifiori.it\/wp-content\/uploads\/2016\/05\/Tamarix_3279-150x150.jpg 150w, https:\/\/www.rivieradeifiori.it\/wp-content\/uploads\/2016\/05\/Tamarix_3279-65x65.jpg 65w, https:\/\/www.rivieradeifiori.it\/wp-content\/uploads\/2016\/05\/Tamarix_3279-180x180.jpg 180w, https:\/\/www.rivieradeifiori.it\/wp-content\/uploads\/2016\/05\/Tamarix_3279-300x300.jpg 300w, https:\/\/www.rivieradeifiori.it\/wp-content\/uploads\/2016\/05\/Tamarix_3279-600x600.jpg 600w\" sizes=\"(max-width: 160px) 100vw, 160px\" \/><\/a>\n\t\t\t<\/dt>\n\t\t\t\t<dd class='wp-caption-text gallery-caption' id='gallery-1-1895'>\n\t\t\t\t\u00a9Studio Moreschi\n\t\t\t\t<\/dd><\/dl><dl class='gallery-item'>\n\t\t\t<dt class='gallery-icon portrait'>\n\t\t\t\t<a href='https:\/\/www.rivieradeifiori.it\/fr\/mer-et-territoire\/libereso-guglielmi-et-les-fleurs-de-la-piste-cyclable\/attachment\/heteromeles-red-robin_3460-1-2\/'><img decoding=\"async\" width=\"160\" height=\"160\" src=\"https:\/\/www.rivieradeifiori.it\/wp-content\/uploads\/2016\/05\/Heteromeles-red-Robin_3460-1-160x160.jpg\" class=\"attachment-thumbnail size-thumbnail\" alt=\"\" aria-describedby=\"gallery-1-1891\" srcset=\"https:\/\/www.rivieradeifiori.it\/wp-content\/uploads\/2016\/05\/Heteromeles-red-Robin_3460-1-160x160.jpg 160w, https:\/\/www.rivieradeifiori.it\/wp-content\/uploads\/2016\/05\/Heteromeles-red-Robin_3460-1-440x440.jpg 440w, https:\/\/www.rivieradeifiori.it\/wp-content\/uploads\/2016\/05\/Heteromeles-red-Robin_3460-1-150x150.jpg 150w, https:\/\/www.rivieradeifiori.it\/wp-content\/uploads\/2016\/05\/Heteromeles-red-Robin_3460-1-65x65.jpg 65w, https:\/\/www.rivieradeifiori.it\/wp-content\/uploads\/2016\/05\/Heteromeles-red-Robin_3460-1-180x180.jpg 180w, https:\/\/www.rivieradeifiori.it\/wp-content\/uploads\/2016\/05\/Heteromeles-red-Robin_3460-1-300x300.jpg 300w, https:\/\/www.rivieradeifiori.it\/wp-content\/uploads\/2016\/05\/Heteromeles-red-Robin_3460-1-600x600.jpg 600w\" sizes=\"(max-width: 160px) 100vw, 160px\" \/><\/a>\n\t\t\t<\/dt>\n\t\t\t\t<dd class='wp-caption-text gallery-caption' id='gallery-1-1891'>\n\t\t\t\t\u00a9Studio Moreschi\n\t\t\t\t<\/dd><\/dl><dl class='gallery-item'>\n\t\t\t<dt class='gallery-icon landscape'>\n\t\t\t\t<a href='https:\/\/www.rivieradeifiori.it\/fr\/mer-et-territoire\/libereso-guglielmi-et-les-fleurs-de-la-piste-cyclable\/attachment\/cistus-x-purpureus3462-2-2\/'><img decoding=\"async\" width=\"160\" height=\"160\" src=\"https:\/\/www.rivieradeifiori.it\/wp-content\/uploads\/2016\/05\/Cistus-X-purpureus3462-2-160x160.jpg\" class=\"attachment-thumbnail size-thumbnail\" alt=\"\" aria-describedby=\"gallery-1-1887\" srcset=\"https:\/\/www.rivieradeifiori.it\/wp-content\/uploads\/2016\/05\/Cistus-X-purpureus3462-2-160x160.jpg 160w, https:\/\/www.rivieradeifiori.it\/wp-content\/uploads\/2016\/05\/Cistus-X-purpureus3462-2-440x440.jpg 440w, https:\/\/www.rivieradeifiori.it\/wp-content\/uploads\/2016\/05\/Cistus-X-purpureus3462-2-150x150.jpg 150w, https:\/\/www.rivieradeifiori.it\/wp-content\/uploads\/2016\/05\/Cistus-X-purpureus3462-2-65x65.jpg 65w, https:\/\/www.rivieradeifiori.it\/wp-content\/uploads\/2016\/05\/Cistus-X-purpureus3462-2-180x180.jpg 180w, https:\/\/www.rivieradeifiori.it\/wp-content\/uploads\/2016\/05\/Cistus-X-purpureus3462-2-300x300.jpg 300w, https:\/\/www.rivieradeifiori.it\/wp-content\/uploads\/2016\/05\/Cistus-X-purpureus3462-2-600x600.jpg 600w\" sizes=\"(max-width: 160px) 100vw, 160px\" \/><\/a>\n\t\t\t<\/dt>\n\t\t\t\t<dd class='wp-caption-text gallery-caption' id='gallery-1-1887'>\n\t\t\t\t\u00a9Studio Moreschi\n\t\t\t\t<\/dd><\/dl><br style=\"clear: both\" \/><dl class='gallery-item'>\n\t\t\t<dt class='gallery-icon landscape'>\n\t\t\t\t<a href='https:\/\/www.rivieradeifiori.it\/fr\/mer-et-territoire\/libereso-guglielmi-et-les-fleurs-de-la-piste-cyclable\/attachment\/callistemon-citrinus_3613-7-3\/'><img decoding=\"async\" width=\"160\" height=\"160\" src=\"https:\/\/www.rivieradeifiori.it\/wp-content\/uploads\/2016\/05\/Callistemon-citrinus_3613-7-160x160.jpg\" class=\"attachment-thumbnail size-thumbnail\" alt=\"\" aria-describedby=\"gallery-1-1883\" srcset=\"https:\/\/www.rivieradeifiori.it\/wp-content\/uploads\/2016\/05\/Callistemon-citrinus_3613-7-160x160.jpg 160w, https:\/\/www.rivieradeifiori.it\/wp-content\/uploads\/2016\/05\/Callistemon-citrinus_3613-7-440x440.jpg 440w, https:\/\/www.rivieradeifiori.it\/wp-content\/uploads\/2016\/05\/Callistemon-citrinus_3613-7-150x150.jpg 150w, https:\/\/www.rivieradeifiori.it\/wp-content\/uploads\/2016\/05\/Callistemon-citrinus_3613-7-65x65.jpg 65w, https:\/\/www.rivieradeifiori.it\/wp-content\/uploads\/2016\/05\/Callistemon-citrinus_3613-7-180x180.jpg 180w, https:\/\/www.rivieradeifiori.it\/wp-content\/uploads\/2016\/05\/Callistemon-citrinus_3613-7-300x300.jpg 300w, https:\/\/www.rivieradeifiori.it\/wp-content\/uploads\/2016\/05\/Callistemon-citrinus_3613-7-600x600.jpg 600w\" sizes=\"(max-width: 160px) 100vw, 160px\" \/><\/a>\n\t\t\t<\/dt>\n\t\t\t\t<dd class='wp-caption-text gallery-caption' id='gallery-1-1883'>\n\t\t\t\t\u00a9Studio Moreschi\n\t\t\t\t<\/dd><\/dl><dl class='gallery-item'>\n\t\t\t<dt class='gallery-icon landscape'>\n\t\t\t\t<a href='https:\/\/www.rivieradeifiori.it\/fr\/mer-et-territoire\/libereso-guglielmi-et-les-fleurs-de-la-piste-cyclable\/attachment\/agave-americana-variegata44-2\/'><img decoding=\"async\" width=\"160\" height=\"160\" src=\"https:\/\/www.rivieradeifiori.it\/wp-content\/uploads\/2016\/05\/Agave-americana-variegata44-160x160.jpg\" class=\"attachment-thumbnail size-thumbnail\" alt=\"\" aria-describedby=\"gallery-1-1879\" srcset=\"https:\/\/www.rivieradeifiori.it\/wp-content\/uploads\/2016\/05\/Agave-americana-variegata44-160x160.jpg 160w, https:\/\/www.rivieradeifiori.it\/wp-content\/uploads\/2016\/05\/Agave-americana-variegata44-440x440.jpg 440w, https:\/\/www.rivieradeifiori.it\/wp-content\/uploads\/2016\/05\/Agave-americana-variegata44-150x150.jpg 150w, https:\/\/www.rivieradeifiori.it\/wp-content\/uploads\/2016\/05\/Agave-americana-variegata44-65x65.jpg 65w, https:\/\/www.rivieradeifiori.it\/wp-content\/uploads\/2016\/05\/Agave-americana-variegata44-180x180.jpg 180w, https:\/\/www.rivieradeifiori.it\/wp-content\/uploads\/2016\/05\/Agave-americana-variegata44-300x300.jpg 300w, https:\/\/www.rivieradeifiori.it\/wp-content\/uploads\/2016\/05\/Agave-americana-variegata44-600x600.jpg 600w\" sizes=\"(max-width: 160px) 100vw, 160px\" \/><\/a>\n\t\t\t<\/dt>\n\t\t\t\t<dd class='wp-caption-text gallery-caption' id='gallery-1-1879'>\n\t\t\t\t\u00a9Studio Moreschi\n\t\t\t\t<\/dd><\/dl>\n\t\t\t<br style='clear: both' \/>\n\t\t<\/div>\n\n","protected":false},"excerpt":{"rendered":"<p>La Piste Cyclable, si riche en fleurs et plantes, ne pouvait que susciter un grand interet en Libereso Guglielmi, le &#8221;jardinier de la maison Calvino&#8221; et le botaniste le plus important de la Ligurie de l&#8217;ouest. Libereso est n\u00e8 \u00e0 Bordighera en 1925 mais il habite Sanremo, rue Dante Alighieri o\u00f9 il a cre\u00e8 un [&hellip;]<\/p>\n","protected":false},"author":1,"featured_media":1553,"comment_status":"closed","ping_status":"open","sticky":false,"template":"","format":"standard","meta":{"_et_pb_use_builder":"","_et_pb_old_content":"","_et_gb_content_width":"","_eb_attr":"","_vp_format_video_url":"","_vp_image_focal_point":[],"_vp_custom_popup_image":0,"_vp_format_audio_url":"","_vp_custom_thumbnail":0,"_vp_custom_thumbnail_focal_point":[],"_vp_hover_thumbnail":0,"_vp_hover_thumbnail_focal_point":[],"footnotes":""},"categories":[57],"tags":[1268,256],"class_list":["post-971","post","type-post","status-publish","format-standard","has-post-thumbnail","hentry","category-mer-et-territoire","tag-parcs-et-jardins","tag-riviera-dei-fiori-fr","et-has-post-format-content","et_post_format-et-post-format-standard"],"yoast_head":"<!-- This site is optimized with the Yoast SEO plugin v25.7 - https:\/\/yoast.com\/wordpress\/plugins\/seo\/ -->\n<title>Libereso GUGLIELMI et les fleurs de la piste cyclable - Riviera dei Fiori<\/title>\n<meta name=\"robots\" content=\"index, follow, max-snippet:-1, max-image-preview:large, max-video-preview:-1\" \/>\n<link rel=\"canonical\" href=\"https:\/\/www.rivieradeifiori.it\/fr\/mer-et-territoire\/libereso-guglielmi-et-les-fleurs-de-la-piste-cyclable\/\" \/>\n<meta name=\"twitter:label1\" content=\"\u00c9crit par\" \/>\n\t<meta name=\"twitter:data1\" content=\"Luca Giovannetti\" \/>\n\t<meta name=\"twitter:label2\" content=\"Dur\u00e9e de lecture estim\u00e9e\" \/>\n\t<meta name=\"twitter:data2\" content=\"2 minutes\" \/>\n<script type=\"application\/ld+json\" class=\"yoast-schema-graph\">{\"@context\":\"https:\/\/schema.org\",\"@graph\":[{\"@type\":\"WebPage\",\"@id\":\"https:\/\/www.rivieradeifiori.it\/fr\/mer-et-territoire\/libereso-guglielmi-et-les-fleurs-de-la-piste-cyclable\/\",\"url\":\"https:\/\/www.rivieradeifiori.it\/fr\/mer-et-territoire\/libereso-guglielmi-et-les-fleurs-de-la-piste-cyclable\/\",\"name\":\"Libereso GUGLIELMI et les fleurs de la piste cyclable - Riviera dei Fiori\",\"isPartOf\":{\"@id\":\"https:\/\/www.rivieradeifiori.it\/fr\/#website\"},\"primaryImageOfPage\":{\"@id\":\"https:\/\/www.rivieradeifiori.it\/fr\/mer-et-territoire\/libereso-guglielmi-et-les-fleurs-de-la-piste-cyclable\/#primaryimage\"},\"image\":{\"@id\":\"https:\/\/www.rivieradeifiori.it\/fr\/mer-et-territoire\/libereso-guglielmi-et-les-fleurs-de-la-piste-cyclable\/#primaryimage\"},\"thumbnailUrl\":\"https:\/\/www.rivieradeifiori.it\/wp-content\/uploads\/2016\/03\/Callistemon-citrinus_3613-7.jpg\",\"datePublished\":\"2016-03-14T15:40:58+00:00\",\"dateModified\":\"2022-06-10T09:06:42+00:00\",\"author\":{\"@id\":\"https:\/\/www.rivieradeifiori.it\/fr\/#\/schema\/person\/6cc4e4ed0d74f08798811653e64f69ed\"},\"breadcrumb\":{\"@id\":\"https:\/\/www.rivieradeifiori.it\/fr\/mer-et-territoire\/libereso-guglielmi-et-les-fleurs-de-la-piste-cyclable\/#breadcrumb\"},\"inLanguage\":\"fr-FR\",\"potentialAction\":[{\"@type\":\"ReadAction\",\"target\":[\"https:\/\/www.rivieradeifiori.it\/fr\/mer-et-territoire\/libereso-guglielmi-et-les-fleurs-de-la-piste-cyclable\/\"]}]},{\"@type\":\"ImageObject\",\"inLanguage\":\"fr-FR\",\"@id\":\"https:\/\/www.rivieradeifiori.it\/fr\/mer-et-territoire\/libereso-guglielmi-et-les-fleurs-de-la-piste-cyclable\/#primaryimage\",\"url\":\"https:\/\/www.rivieradeifiori.it\/wp-content\/uploads\/2016\/03\/Callistemon-citrinus_3613-7.jpg\",\"contentUrl\":\"https:\/\/www.rivieradeifiori.it\/wp-content\/uploads\/2016\/03\/Callistemon-citrinus_3613-7.jpg\",\"width\":2902,\"height\":2004,\"caption\":\"\u00a9Foto Moreschi\"},{\"@type\":\"BreadcrumbList\",\"@id\":\"https:\/\/www.rivieradeifiori.it\/fr\/mer-et-territoire\/libereso-guglielmi-et-les-fleurs-de-la-piste-cyclable\/#breadcrumb\",\"itemListElement\":[{\"@type\":\"ListItem\",\"position\":1,\"name\":\"Home\",\"item\":\"https:\/\/www.rivieradeifiori.it\/fr\/\"},{\"@type\":\"ListItem\",\"position\":2,\"name\":\"Libereso GUGLIELMI et les fleurs de la piste cyclable\"}]},{\"@type\":\"WebSite\",\"@id\":\"https:\/\/www.rivieradeifiori.it\/fr\/#website\",\"url\":\"https:\/\/www.rivieradeifiori.it\/fr\/\",\"name\":\"Riviera dei Fiori\",\"description\":\"Un mare di colori\",\"potentialAction\":[{\"@type\":\"SearchAction\",\"target\":{\"@type\":\"EntryPoint\",\"urlTemplate\":\"https:\/\/www.rivieradeifiori.it\/fr\/?s={search_term_string}\"},\"query-input\":{\"@type\":\"PropertyValueSpecification\",\"valueRequired\":true,\"valueName\":\"search_term_string\"}}],\"inLanguage\":\"fr-FR\"},{\"@type\":\"Person\",\"@id\":\"https:\/\/www.rivieradeifiori.it\/fr\/#\/schema\/person\/6cc4e4ed0d74f08798811653e64f69ed\",\"name\":\"Luca Giovannetti\",\"image\":{\"@type\":\"ImageObject\",\"inLanguage\":\"fr-FR\",\"@id\":\"https:\/\/www.rivieradeifiori.it\/fr\/#\/schema\/person\/image\/\",\"url\":\"https:\/\/secure.gravatar.com\/avatar\/092abda2284c50268e586151e014cf903142e524662c62577231430ea44340cf?s=96&r=g&d=https:\/\/www.rivieradeifiori.it\/wp-content\/plugins\/userswp\/assets\/images\/no_profile.png\",\"contentUrl\":\"https:\/\/secure.gravatar.com\/avatar\/092abda2284c50268e586151e014cf903142e524662c62577231430ea44340cf?s=96&r=g&d=https:\/\/www.rivieradeifiori.it\/wp-content\/plugins\/userswp\/assets\/images\/no_profile.png\",\"caption\":\"Luca Giovannetti\"}}]}<\/script>\n<!-- \/ Yoast SEO plugin. -->","yoast_head_json":{"title":"Libereso GUGLIELMI et les fleurs de la piste cyclable - Riviera dei Fiori","robots":{"index":"index","follow":"follow","max-snippet":"max-snippet:-1","max-image-preview":"max-image-preview:large","max-video-preview":"max-video-preview:-1"},"canonical":"https:\/\/www.rivieradeifiori.it\/fr\/mer-et-territoire\/libereso-guglielmi-et-les-fleurs-de-la-piste-cyclable\/","twitter_misc":{"\u00c9crit par":"Luca Giovannetti","Dur\u00e9e de lecture estim\u00e9e":"2 minutes"},"schema":{"@context":"https:\/\/schema.org","@graph":[{"@type":"WebPage","@id":"https:\/\/www.rivieradeifiori.it\/fr\/mer-et-territoire\/libereso-guglielmi-et-les-fleurs-de-la-piste-cyclable\/","url":"https:\/\/www.rivieradeifiori.it\/fr\/mer-et-territoire\/libereso-guglielmi-et-les-fleurs-de-la-piste-cyclable\/","name":"Libereso GUGLIELMI et les fleurs de la piste cyclable - Riviera dei Fiori","isPartOf":{"@id":"https:\/\/www.rivieradeifiori.it\/fr\/#website"},"primaryImageOfPage":{"@id":"https:\/\/www.rivieradeifiori.it\/fr\/mer-et-territoire\/libereso-guglielmi-et-les-fleurs-de-la-piste-cyclable\/#primaryimage"},"image":{"@id":"https:\/\/www.rivieradeifiori.it\/fr\/mer-et-territoire\/libereso-guglielmi-et-les-fleurs-de-la-piste-cyclable\/#primaryimage"},"thumbnailUrl":"https:\/\/www.rivieradeifiori.it\/wp-content\/uploads\/2016\/03\/Callistemon-citrinus_3613-7.jpg","datePublished":"2016-03-14T15:40:58+00:00","dateModified":"2022-06-10T09:06:42+00:00","author":{"@id":"https:\/\/www.rivieradeifiori.it\/fr\/#\/schema\/person\/6cc4e4ed0d74f08798811653e64f69ed"},"breadcrumb":{"@id":"https:\/\/www.rivieradeifiori.it\/fr\/mer-et-territoire\/libereso-guglielmi-et-les-fleurs-de-la-piste-cyclable\/#breadcrumb"},"inLanguage":"fr-FR","potentialAction":[{"@type":"ReadAction","target":["https:\/\/www.rivieradeifiori.it\/fr\/mer-et-territoire\/libereso-guglielmi-et-les-fleurs-de-la-piste-cyclable\/"]}]},{"@type":"ImageObject","inLanguage":"fr-FR","@id":"https:\/\/www.rivieradeifiori.it\/fr\/mer-et-territoire\/libereso-guglielmi-et-les-fleurs-de-la-piste-cyclable\/#primaryimage","url":"https:\/\/www.rivieradeifiori.it\/wp-content\/uploads\/2016\/03\/Callistemon-citrinus_3613-7.jpg","contentUrl":"https:\/\/www.rivieradeifiori.it\/wp-content\/uploads\/2016\/03\/Callistemon-citrinus_3613-7.jpg","width":2902,"height":2004,"caption":"\u00a9Foto Moreschi"},{"@type":"BreadcrumbList","@id":"https:\/\/www.rivieradeifiori.it\/fr\/mer-et-territoire\/libereso-guglielmi-et-les-fleurs-de-la-piste-cyclable\/#breadcrumb","itemListElement":[{"@type":"ListItem","position":1,"name":"Home","item":"https:\/\/www.rivieradeifiori.it\/fr\/"},{"@type":"ListItem","position":2,"name":"Libereso GUGLIELMI et les fleurs de la piste cyclable"}]},{"@type":"WebSite","@id":"https:\/\/www.rivieradeifiori.it\/fr\/#website","url":"https:\/\/www.rivieradeifiori.it\/fr\/","name":"Riviera dei Fiori","description":"Un mare di colori","potentialAction":[{"@type":"SearchAction","target":{"@type":"EntryPoint","urlTemplate":"https:\/\/www.rivieradeifiori.it\/fr\/?s={search_term_string}"},"query-input":{"@type":"PropertyValueSpecification","valueRequired":true,"valueName":"search_term_string"}}],"inLanguage":"fr-FR"},{"@type":"Person","@id":"https:\/\/www.rivieradeifiori.it\/fr\/#\/schema\/person\/6cc4e4ed0d74f08798811653e64f69ed","name":"Luca Giovannetti","image":{"@type":"ImageObject","inLanguage":"fr-FR","@id":"https:\/\/www.rivieradeifiori.it\/fr\/#\/schema\/person\/image\/","url":"https:\/\/secure.gravatar.com\/avatar\/092abda2284c50268e586151e014cf903142e524662c62577231430ea44340cf?s=96&r=g&d=https:\/\/www.rivieradeifiori.it\/wp-content\/plugins\/userswp\/assets\/images\/no_profile.png","contentUrl":"https:\/\/secure.gravatar.com\/avatar\/092abda2284c50268e586151e014cf903142e524662c62577231430ea44340cf?s=96&r=g&d=https:\/\/www.rivieradeifiori.it\/wp-content\/plugins\/userswp\/assets\/images\/no_profile.png","caption":"Luca Giovannetti"}}]}},"_links":{"self":[{"href":"https:\/\/www.rivieradeifiori.it\/fr\/wp-json\/wp\/v2\/posts\/971","targetHints":{"allow":["GET"]}}],"collection":[{"href":"https:\/\/www.rivieradeifiori.it\/fr\/wp-json\/wp\/v2\/posts"}],"about":[{"href":"https:\/\/www.rivieradeifiori.it\/fr\/wp-json\/wp\/v2\/types\/post"}],"author":[{"embeddable":true,"href":"https:\/\/www.rivieradeifiori.it\/fr\/wp-json\/wp\/v2\/users\/1"}],"replies":[{"embeddable":true,"href":"https:\/\/www.rivieradeifiori.it\/fr\/wp-json\/wp\/v2\/comments?post=971"}],"version-history":[{"count":1,"href":"https:\/\/www.rivieradeifiori.it\/fr\/wp-json\/wp\/v2\/posts\/971\/revisions"}],"predecessor-version":[{"id":15960,"href":"https:\/\/www.rivieradeifiori.it\/fr\/wp-json\/wp\/v2\/posts\/971\/revisions\/15960"}],"wp:featuredmedia":[{"embeddable":true,"href":"https:\/\/www.rivieradeifiori.it\/fr\/wp-json\/wp\/v2\/media\/1553"}],"wp:attachment":[{"href":"https:\/\/www.rivieradeifiori.it\/fr\/wp-json\/wp\/v2\/media?parent=971"}],"wp:term":[{"taxonomy":"category","embeddable":true,"href":"https:\/\/www.rivieradeifiori.it\/fr\/wp-json\/wp\/v2\/categories?post=971"},{"taxonomy":"post_tag","embeddable":true,"href":"https:\/\/www.rivieradeifiori.it\/fr\/wp-json\/wp\/v2\/tags?post=971"}],"curies":[{"name":"wp","href":"https:\/\/api.w.org\/{rel}","templated":true}]}}