{"id":6783,"date":"2018-01-03T17:15:29","date_gmt":"2018-01-03T16:15:29","guid":{"rendered":"https:\/\/www.rivieradeifiori.info\/2018\/01\/03\/laprosiana-de-vintimille\/"},"modified":"2022-06-10T10:57:54","modified_gmt":"2022-06-10T08:57:54","slug":"laprosiana-de-vintimille","status":"publish","type":"post","link":"https:\/\/www.rivieradeifiori.it\/fr\/art-et-culture\/laprosiana-de-vintimille\/","title":{"rendered":"L&#8217;Aprosiana de Vintimille"},"content":{"rendered":"<p class=\"Standard\"><strong><span lang=\"FR\">Le tr\u00e9sor de la premi\u00e8re biblioth\u00e8que publique de la Ligurie<\/span><\/strong><\/p>\n<p class=\"Standard\"><span lang=\"FR\">\u00a0<\/span><\/p>\n<p class=\"Standard\"><span lang=\"FR\">Pr\u00e8s de 7000 tomes allant des 150 incunables aux livres du XVI et XVII si\u00e8cle: c&#8217;est le pr\u00e9cieux patrimoine de la Biblioteca Civica Aprosiana de Vintimille, un tr\u00e9sor gard\u00e9 pendant des si\u00e8cles qui, aujourd&#8217;hui, suite aux restaurations r\u00e9centes, brille \u00e0 nouveau dans son unicit\u00e9. N\u00e9e dans le couvent augustinien, la Biblioth\u00e8que a aujourd&#8217;hui deux si\u00e8ges: le fond moderne est accueilli dans les salles du clo\u00eetre de Saint Augustin, le fond ancien et une partie du moderne sont en rue Garibaldi dans la vieille ville. C&#8217;est l\u00e0 que se trouve la grande r\u00e9colte de livres inaugur\u00e9e par fr\u00e8re Angelico Aprosio en 1648, dans la biblioth\u00e8que publique plus ancienne de la Ligurie. Un projet ambitieux qui t\u00e9moigne d&#8217;une personnalit\u00e9 extraordinaire: bibliophile fervent, Aprosio \u00e9tait un ventimigliese capable de tresser des relations dans toute l&#8217;Europe, comme le t\u00e9moigne la collection d&#8217;\u00e9p\u00eetres qui le concernent, 47 volumes datant du 1630 au 1680.<\/span><\/p>\n<p class=\"Standard\"><span lang=\"FR\">Le projet de sa biblioth\u00e8que id\u00e9ale, compos\u00e9e d\u2019\u00e9tag\u00e8res et enrichie de tableaux, est d\u00e9crit dans le texte &#8221;La biblioteca Aprosiana&#8221;, conserv\u00e9 aujourd&#8217;hui dans le fond ancien. Premier de quatre volumes jamais r\u00e9alis\u00e9s, le livres fut imprim\u00e9 \u00e0 Bologne en 1673 avec le but de completer la vocation publique de la biblioth\u00e8que en en devenant un catalogue connu \u00e0 niveau national. Il s&#8217;agit d&#8217;une histoire de la biblioth\u00e8que et de ses livres, incluant les nombreux donateurs qui ont permis \u00e0 Aprosio de collectionner un fond h\u00e9t\u00e9rog\u00e8ne, qui \u00e0 ce moment l\u00e0 comptait deux mille volumes anciens et contemporaines, en grecque et latin, mais aussi en italien, fran\u00e7ais et espagnol. Parmi les nombreux amis, correspondants ou donateurs avec qui il \u00e9tait en contact, on trouve aussi Gian Domenico Cassini, dont le portrait est aujourd&#8217;hui expos\u00e9 avec la collection de neuf autres portraits faisant partie d&#8217;un ancien fond qui en comptait une trentaine.<\/span><\/p>\n<p class=\"Standard\"><span lang=\"FR\">Outre le texte de Aprosio, la biblioth\u00e8que abrite une Bible datant 1480 et plusieurs incunables, des tomes pr\u00e9cieux imprim\u00e9s dans la deuxi\u00e8me partie du XV si\u00e8cle. <\/span><\/p>\n<p>[Alessandra Chiappori]<\/p>\n\n\t\t<style type=\"text\/css\">\n\t\t\t#gallery-1 {\n\t\t\t\tmargin: auto;\n\t\t\t}\n\t\t\t#gallery-1 .gallery-item {\n\t\t\t\tfloat: left;\n\t\t\t\tmargin-top: 10px;\n\t\t\t\ttext-align: center;\n\t\t\t\twidth: 33%;\n\t\t\t}\n\t\t\t#gallery-1 img {\n\t\t\t\tborder: 2px solid #cfcfcf;\n\t\t\t}\n\t\t\t#gallery-1 .gallery-caption {\n\t\t\t\tmargin-left: 0;\n\t\t\t}\n\t\t\t\/* see gallery_shortcode() in wp-includes\/media.php *\/\n\t\t<\/style>\n\t\t<div id='gallery-1' class='gallery galleryid-6783 gallery-columns-3 gallery-size-thumbnail'><dl class='gallery-item'>\n\t\t\t<dt class='gallery-icon landscape'>\n\t\t\t\t<a href='https:\/\/www.rivieradeifiori.it\/fr\/img_1869-2\/'><img decoding=\"async\" width=\"160\" height=\"160\" src=\"https:\/\/www.rivieradeifiori.it\/wp-content\/uploads\/2018\/01\/IMG_1869-160x160.jpg\" class=\"attachment-thumbnail size-thumbnail\" alt=\"\" aria-describedby=\"gallery-1-6695\" srcset=\"https:\/\/www.rivieradeifiori.it\/wp-content\/uploads\/2018\/01\/IMG_1869-160x160.jpg 160w, https:\/\/www.rivieradeifiori.it\/wp-content\/uploads\/2018\/01\/IMG_1869-440x440.jpg 440w, https:\/\/www.rivieradeifiori.it\/wp-content\/uploads\/2018\/01\/IMG_1869-150x150.jpg 150w, https:\/\/www.rivieradeifiori.it\/wp-content\/uploads\/2018\/01\/IMG_1869-180x180.jpg 180w, https:\/\/www.rivieradeifiori.it\/wp-content\/uploads\/2018\/01\/IMG_1869-300x300.jpg 300w, https:\/\/www.rivieradeifiori.it\/wp-content\/uploads\/2018\/01\/IMG_1869-600x600.jpg 600w, https:\/\/www.rivieradeifiori.it\/wp-content\/uploads\/2018\/01\/IMG_1869-50x50.jpg 50w\" sizes=\"(max-width: 160px) 100vw, 160px\" \/><\/a>\n\t\t\t<\/dt>\n\t\t\t\t<dd class='wp-caption-text gallery-caption' id='gallery-1-6695'>\n\t\t\t\tBiblioteca civica Aprosiana \u00a9Innovation Media\n\t\t\t\t<\/dd><\/dl><dl class='gallery-item'>\n\t\t\t<dt class='gallery-icon landscape'>\n\t\t\t\t<a href='https:\/\/www.rivieradeifiori.it\/fr\/img_1868-2\/'><img decoding=\"async\" width=\"160\" height=\"160\" src=\"https:\/\/www.rivieradeifiori.it\/wp-content\/uploads\/2018\/01\/IMG_1868-160x160.jpg\" class=\"attachment-thumbnail size-thumbnail\" alt=\"\" srcset=\"https:\/\/www.rivieradeifiori.it\/wp-content\/uploads\/2018\/01\/IMG_1868-160x160.jpg 160w, https:\/\/www.rivieradeifiori.it\/wp-content\/uploads\/2018\/01\/IMG_1868-440x440.jpg 440w, https:\/\/www.rivieradeifiori.it\/wp-content\/uploads\/2018\/01\/IMG_1868-150x150.jpg 150w, https:\/\/www.rivieradeifiori.it\/wp-content\/uploads\/2018\/01\/IMG_1868-180x180.jpg 180w, https:\/\/www.rivieradeifiori.it\/wp-content\/uploads\/2018\/01\/IMG_1868-300x300.jpg 300w, https:\/\/www.rivieradeifiori.it\/wp-content\/uploads\/2018\/01\/IMG_1868-600x600.jpg 600w, https:\/\/www.rivieradeifiori.it\/wp-content\/uploads\/2018\/01\/IMG_1868-50x50.jpg 50w\" sizes=\"(max-width: 160px) 100vw, 160px\" \/><\/a>\n\t\t\t<\/dt><\/dl><dl class='gallery-item'>\n\t\t\t<dt class='gallery-icon landscape'>\n\t\t\t\t<a href='https:\/\/www.rivieradeifiori.it\/fr\/img_1866-2\/'><img decoding=\"async\" width=\"160\" height=\"160\" src=\"https:\/\/www.rivieradeifiori.it\/wp-content\/uploads\/2018\/01\/IMG_1866-160x160.jpg\" class=\"attachment-thumbnail size-thumbnail\" alt=\"\" srcset=\"https:\/\/www.rivieradeifiori.it\/wp-content\/uploads\/2018\/01\/IMG_1866-160x160.jpg 160w, https:\/\/www.rivieradeifiori.it\/wp-content\/uploads\/2018\/01\/IMG_1866-440x440.jpg 440w, https:\/\/www.rivieradeifiori.it\/wp-content\/uploads\/2018\/01\/IMG_1866-150x150.jpg 150w, https:\/\/www.rivieradeifiori.it\/wp-content\/uploads\/2018\/01\/IMG_1866-180x180.jpg 180w, https:\/\/www.rivieradeifiori.it\/wp-content\/uploads\/2018\/01\/IMG_1866-300x300.jpg 300w, https:\/\/www.rivieradeifiori.it\/wp-content\/uploads\/2018\/01\/IMG_1866-600x600.jpg 600w, https:\/\/www.rivieradeifiori.it\/wp-content\/uploads\/2018\/01\/IMG_1866-50x50.jpg 50w\" sizes=\"(max-width: 160px) 100vw, 160px\" \/><\/a>\n\t\t\t<\/dt><\/dl><br style=\"clear: both\" \/><dl class='gallery-item'>\n\t\t\t<dt class='gallery-icon portrait'>\n\t\t\t\t<a href='https:\/\/www.rivieradeifiori.it\/fr\/img_1865-2\/'><img decoding=\"async\" width=\"160\" height=\"160\" src=\"https:\/\/www.rivieradeifiori.it\/wp-content\/uploads\/2018\/01\/IMG_1865-160x160.jpg\" class=\"attachment-thumbnail size-thumbnail\" alt=\"\" srcset=\"https:\/\/www.rivieradeifiori.it\/wp-content\/uploads\/2018\/01\/IMG_1865-160x160.jpg 160w, https:\/\/www.rivieradeifiori.it\/wp-content\/uploads\/2018\/01\/IMG_1865-440x440.jpg 440w, https:\/\/www.rivieradeifiori.it\/wp-content\/uploads\/2018\/01\/IMG_1865-150x150.jpg 150w, https:\/\/www.rivieradeifiori.it\/wp-content\/uploads\/2018\/01\/IMG_1865-180x180.jpg 180w, https:\/\/www.rivieradeifiori.it\/wp-content\/uploads\/2018\/01\/IMG_1865-300x300.jpg 300w, https:\/\/www.rivieradeifiori.it\/wp-content\/uploads\/2018\/01\/IMG_1865-600x600.jpg 600w, https:\/\/www.rivieradeifiori.it\/wp-content\/uploads\/2018\/01\/IMG_1865-50x50.jpg 50w\" sizes=\"(max-width: 160px) 100vw, 160px\" \/><\/a>\n\t\t\t<\/dt><\/dl><dl class='gallery-item'>\n\t\t\t<dt class='gallery-icon landscape'>\n\t\t\t\t<a href='https:\/\/www.rivieradeifiori.it\/fr\/img_1871-2\/'><img decoding=\"async\" width=\"160\" height=\"160\" src=\"https:\/\/www.rivieradeifiori.it\/wp-content\/uploads\/2018\/01\/IMG_1871-160x160.jpg\" class=\"attachment-thumbnail size-thumbnail\" alt=\"\" srcset=\"https:\/\/www.rivieradeifiori.it\/wp-content\/uploads\/2018\/01\/IMG_1871-160x160.jpg 160w, https:\/\/www.rivieradeifiori.it\/wp-content\/uploads\/2018\/01\/IMG_1871-440x440.jpg 440w, https:\/\/www.rivieradeifiori.it\/wp-content\/uploads\/2018\/01\/IMG_1871-150x150.jpg 150w, https:\/\/www.rivieradeifiori.it\/wp-content\/uploads\/2018\/01\/IMG_1871-180x180.jpg 180w, https:\/\/www.rivieradeifiori.it\/wp-content\/uploads\/2018\/01\/IMG_1871-300x300.jpg 300w, https:\/\/www.rivieradeifiori.it\/wp-content\/uploads\/2018\/01\/IMG_1871-600x600.jpg 600w, https:\/\/www.rivieradeifiori.it\/wp-content\/uploads\/2018\/01\/IMG_1871-50x50.jpg 50w\" sizes=\"(max-width: 160px) 100vw, 160px\" \/><\/a>\n\t\t\t<\/dt><\/dl><dl class='gallery-item'>\n\t\t\t<dt class='gallery-icon landscape'>\n\t\t\t\t<a href='https:\/\/www.rivieradeifiori.it\/fr\/img_1852-2\/'><img decoding=\"async\" width=\"160\" height=\"160\" src=\"https:\/\/www.rivieradeifiori.it\/wp-content\/uploads\/2018\/01\/IMG_1852-160x160.jpg\" class=\"attachment-thumbnail size-thumbnail\" alt=\"\" srcset=\"https:\/\/www.rivieradeifiori.it\/wp-content\/uploads\/2018\/01\/IMG_1852-160x160.jpg 160w, https:\/\/www.rivieradeifiori.it\/wp-content\/uploads\/2018\/01\/IMG_1852-440x440.jpg 440w, https:\/\/www.rivieradeifiori.it\/wp-content\/uploads\/2018\/01\/IMG_1852-150x150.jpg 150w, https:\/\/www.rivieradeifiori.it\/wp-content\/uploads\/2018\/01\/IMG_1852-180x180.jpg 180w, https:\/\/www.rivieradeifiori.it\/wp-content\/uploads\/2018\/01\/IMG_1852-300x300.jpg 300w, https:\/\/www.rivieradeifiori.it\/wp-content\/uploads\/2018\/01\/IMG_1852-600x600.jpg 600w, https:\/\/www.rivieradeifiori.it\/wp-content\/uploads\/2018\/01\/IMG_1852-50x50.jpg 50w\" sizes=\"(max-width: 160px) 100vw, 160px\" \/><\/a>\n\t\t\t<\/dt><\/dl><br style=\"clear: both\" \/><dl class='gallery-item'>\n\t\t\t<dt class='gallery-icon landscape'>\n\t\t\t\t<a href='https:\/\/www.rivieradeifiori.it\/fr\/img_1858-2\/'><img decoding=\"async\" width=\"160\" height=\"160\" src=\"https:\/\/www.rivieradeifiori.it\/wp-content\/uploads\/2018\/01\/IMG_1858-160x160.jpg\" class=\"attachment-thumbnail size-thumbnail\" alt=\"\" srcset=\"https:\/\/www.rivieradeifiori.it\/wp-content\/uploads\/2018\/01\/IMG_1858-160x160.jpg 160w, https:\/\/www.rivieradeifiori.it\/wp-content\/uploads\/2018\/01\/IMG_1858-440x440.jpg 440w, https:\/\/www.rivieradeifiori.it\/wp-content\/uploads\/2018\/01\/IMG_1858-150x150.jpg 150w, https:\/\/www.rivieradeifiori.it\/wp-content\/uploads\/2018\/01\/IMG_1858-180x180.jpg 180w, https:\/\/www.rivieradeifiori.it\/wp-content\/uploads\/2018\/01\/IMG_1858-300x300.jpg 300w, https:\/\/www.rivieradeifiori.it\/wp-content\/uploads\/2018\/01\/IMG_1858-600x600.jpg 600w, https:\/\/www.rivieradeifiori.it\/wp-content\/uploads\/2018\/01\/IMG_1858-50x50.jpg 50w\" sizes=\"(max-width: 160px) 100vw, 160px\" \/><\/a>\n\t\t\t<\/dt><\/dl><dl class='gallery-item'>\n\t\t\t<dt class='gallery-icon landscape'>\n\t\t\t\t<a href='https:\/\/www.rivieradeifiori.it\/fr\/img_1859-2\/'><img decoding=\"async\" width=\"160\" height=\"160\" src=\"https:\/\/www.rivieradeifiori.it\/wp-content\/uploads\/2018\/01\/IMG_1859-160x160.jpg\" class=\"attachment-thumbnail size-thumbnail\" alt=\"\" srcset=\"https:\/\/www.rivieradeifiori.it\/wp-content\/uploads\/2018\/01\/IMG_1859-160x160.jpg 160w, https:\/\/www.rivieradeifiori.it\/wp-content\/uploads\/2018\/01\/IMG_1859-440x440.jpg 440w, https:\/\/www.rivieradeifiori.it\/wp-content\/uploads\/2018\/01\/IMG_1859-150x150.jpg 150w, https:\/\/www.rivieradeifiori.it\/wp-content\/uploads\/2018\/01\/IMG_1859-180x180.jpg 180w, https:\/\/www.rivieradeifiori.it\/wp-content\/uploads\/2018\/01\/IMG_1859-300x300.jpg 300w, https:\/\/www.rivieradeifiori.it\/wp-content\/uploads\/2018\/01\/IMG_1859-600x600.jpg 600w, https:\/\/www.rivieradeifiori.it\/wp-content\/uploads\/2018\/01\/IMG_1859-50x50.jpg 50w\" sizes=\"(max-width: 160px) 100vw, 160px\" \/><\/a>\n\t\t\t<\/dt><\/dl><dl class='gallery-item'>\n\t\t\t<dt class='gallery-icon landscape'>\n\t\t\t\t<a href='https:\/\/www.rivieradeifiori.it\/fr\/img_1856-2\/'><img decoding=\"async\" width=\"160\" height=\"160\" src=\"https:\/\/www.rivieradeifiori.it\/wp-content\/uploads\/2018\/01\/IMG_1856-160x160.jpg\" class=\"attachment-thumbnail size-thumbnail\" alt=\"\" srcset=\"https:\/\/www.rivieradeifiori.it\/wp-content\/uploads\/2018\/01\/IMG_1856-160x160.jpg 160w, https:\/\/www.rivieradeifiori.it\/wp-content\/uploads\/2018\/01\/IMG_1856-440x440.jpg 440w, https:\/\/www.rivieradeifiori.it\/wp-content\/uploads\/2018\/01\/IMG_1856-150x150.jpg 150w, https:\/\/www.rivieradeifiori.it\/wp-content\/uploads\/2018\/01\/IMG_1856-180x180.jpg 180w, https:\/\/www.rivieradeifiori.it\/wp-content\/uploads\/2018\/01\/IMG_1856-300x300.jpg 300w, https:\/\/www.rivieradeifiori.it\/wp-content\/uploads\/2018\/01\/IMG_1856-600x600.jpg 600w, https:\/\/www.rivieradeifiori.it\/wp-content\/uploads\/2018\/01\/IMG_1856-50x50.jpg 50w\" sizes=\"(max-width: 160px) 100vw, 160px\" \/><\/a>\n\t\t\t<\/dt><\/dl><br style=\"clear: both\" \/><dl class='gallery-item'>\n\t\t\t<dt class='gallery-icon landscape'>\n\t\t\t\t<a href='https:\/\/www.rivieradeifiori.it\/fr\/img_1855-2\/'><img decoding=\"async\" width=\"160\" height=\"160\" src=\"https:\/\/www.rivieradeifiori.it\/wp-content\/uploads\/2018\/01\/IMG_1855-160x160.jpg\" class=\"attachment-thumbnail size-thumbnail\" alt=\"\" srcset=\"https:\/\/www.rivieradeifiori.it\/wp-content\/uploads\/2018\/01\/IMG_1855-160x160.jpg 160w, https:\/\/www.rivieradeifiori.it\/wp-content\/uploads\/2018\/01\/IMG_1855-440x440.jpg 440w, https:\/\/www.rivieradeifiori.it\/wp-content\/uploads\/2018\/01\/IMG_1855-150x150.jpg 150w, https:\/\/www.rivieradeifiori.it\/wp-content\/uploads\/2018\/01\/IMG_1855-180x180.jpg 180w, https:\/\/www.rivieradeifiori.it\/wp-content\/uploads\/2018\/01\/IMG_1855-300x300.jpg 300w, https:\/\/www.rivieradeifiori.it\/wp-content\/uploads\/2018\/01\/IMG_1855-600x600.jpg 600w, https:\/\/www.rivieradeifiori.it\/wp-content\/uploads\/2018\/01\/IMG_1855-50x50.jpg 50w\" sizes=\"(max-width: 160px) 100vw, 160px\" \/><\/a>\n\t\t\t<\/dt><\/dl><dl class='gallery-item'>\n\t\t\t<dt class='gallery-icon landscape'>\n\t\t\t\t<a href='https:\/\/www.rivieradeifiori.it\/fr\/img_1853-2\/'><img decoding=\"async\" width=\"160\" height=\"160\" src=\"https:\/\/www.rivieradeifiori.it\/wp-content\/uploads\/2018\/01\/IMG_1853-160x160.jpg\" class=\"attachment-thumbnail size-thumbnail\" alt=\"\" srcset=\"https:\/\/www.rivieradeifiori.it\/wp-content\/uploads\/2018\/01\/IMG_1853-160x160.jpg 160w, https:\/\/www.rivieradeifiori.it\/wp-content\/uploads\/2018\/01\/IMG_1853-440x440.jpg 440w, https:\/\/www.rivieradeifiori.it\/wp-content\/uploads\/2018\/01\/IMG_1853-150x150.jpg 150w, https:\/\/www.rivieradeifiori.it\/wp-content\/uploads\/2018\/01\/IMG_1853-180x180.jpg 180w, https:\/\/www.rivieradeifiori.it\/wp-content\/uploads\/2018\/01\/IMG_1853-300x300.jpg 300w, https:\/\/www.rivieradeifiori.it\/wp-content\/uploads\/2018\/01\/IMG_1853-600x600.jpg 600w, https:\/\/www.rivieradeifiori.it\/wp-content\/uploads\/2018\/01\/IMG_1853-50x50.jpg 50w\" sizes=\"(max-width: 160px) 100vw, 160px\" \/><\/a>\n\t\t\t<\/dt><\/dl><dl class='gallery-item'>\n\t\t\t<dt class='gallery-icon landscape'>\n\t\t\t\t<a href='https:\/\/www.rivieradeifiori.it\/fr\/img_1873-2\/'><img decoding=\"async\" width=\"160\" height=\"160\" src=\"https:\/\/www.rivieradeifiori.it\/wp-content\/uploads\/2018\/01\/IMG_1873-160x160.jpg\" class=\"attachment-thumbnail size-thumbnail\" alt=\"\" srcset=\"https:\/\/www.rivieradeifiori.it\/wp-content\/uploads\/2018\/01\/IMG_1873-160x160.jpg 160w, https:\/\/www.rivieradeifiori.it\/wp-content\/uploads\/2018\/01\/IMG_1873-440x440.jpg 440w, https:\/\/www.rivieradeifiori.it\/wp-content\/uploads\/2018\/01\/IMG_1873-150x150.jpg 150w, https:\/\/www.rivieradeifiori.it\/wp-content\/uploads\/2018\/01\/IMG_1873-180x180.jpg 180w, https:\/\/www.rivieradeifiori.it\/wp-content\/uploads\/2018\/01\/IMG_1873-300x300.jpg 300w, https:\/\/www.rivieradeifiori.it\/wp-content\/uploads\/2018\/01\/IMG_1873-600x600.jpg 600w, https:\/\/www.rivieradeifiori.it\/wp-content\/uploads\/2018\/01\/IMG_1873-50x50.jpg 50w\" sizes=\"(max-width: 160px) 100vw, 160px\" \/><\/a>\n\t\t\t<\/dt><\/dl><br style=\"clear: both\" \/><dl class='gallery-item'>\n\t\t\t<dt class='gallery-icon landscape'>\n\t\t\t\t<a href='https:\/\/www.rivieradeifiori.it\/fr\/art-et-culture\/laprosiana-de-vintimille\/attachment\/20170822_111916-2\/'><img decoding=\"async\" width=\"160\" height=\"160\" src=\"https:\/\/www.rivieradeifiori.it\/wp-content\/uploads\/2018\/01\/20170822_111916-160x160.jpg\" class=\"attachment-thumbnail size-thumbnail\" alt=\"\" srcset=\"https:\/\/www.rivieradeifiori.it\/wp-content\/uploads\/2018\/01\/20170822_111916-160x160.jpg 160w, https:\/\/www.rivieradeifiori.it\/wp-content\/uploads\/2018\/01\/20170822_111916-440x440.jpg 440w, https:\/\/www.rivieradeifiori.it\/wp-content\/uploads\/2018\/01\/20170822_111916-150x150.jpg 150w, https:\/\/www.rivieradeifiori.it\/wp-content\/uploads\/2018\/01\/20170822_111916-180x180.jpg 180w, https:\/\/www.rivieradeifiori.it\/wp-content\/uploads\/2018\/01\/20170822_111916-300x300.jpg 300w, https:\/\/www.rivieradeifiori.it\/wp-content\/uploads\/2018\/01\/20170822_111916-600x600.jpg 600w, https:\/\/www.rivieradeifiori.it\/wp-content\/uploads\/2018\/01\/20170822_111916-50x50.jpg 50w\" sizes=\"(max-width: 160px) 100vw, 160px\" \/><\/a>\n\t\t\t<\/dt><\/dl><dl class='gallery-item'>\n\t\t\t<dt class='gallery-icon landscape'>\n\t\t\t\t<a href='https:\/\/www.rivieradeifiori.it\/fr\/img_1874-2\/'><img decoding=\"async\" width=\"160\" height=\"160\" src=\"https:\/\/www.rivieradeifiori.it\/wp-content\/uploads\/2018\/01\/IMG_1874-160x160.jpg\" class=\"attachment-thumbnail size-thumbnail\" alt=\"\" srcset=\"https:\/\/www.rivieradeifiori.it\/wp-content\/uploads\/2018\/01\/IMG_1874-160x160.jpg 160w, https:\/\/www.rivieradeifiori.it\/wp-content\/uploads\/2018\/01\/IMG_1874-440x440.jpg 440w, https:\/\/www.rivieradeifiori.it\/wp-content\/uploads\/2018\/01\/IMG_1874-150x150.jpg 150w, https:\/\/www.rivieradeifiori.it\/wp-content\/uploads\/2018\/01\/IMG_1874-180x180.jpg 180w, https:\/\/www.rivieradeifiori.it\/wp-content\/uploads\/2018\/01\/IMG_1874-300x300.jpg 300w, https:\/\/www.rivieradeifiori.it\/wp-content\/uploads\/2018\/01\/IMG_1874-600x600.jpg 600w, https:\/\/www.rivieradeifiori.it\/wp-content\/uploads\/2018\/01\/IMG_1874-50x50.jpg 50w\" sizes=\"(max-width: 160px) 100vw, 160px\" \/><\/a>\n\t\t\t<\/dt><\/dl><dl class='gallery-item'>\n\t\t\t<dt class='gallery-icon landscape'>\n\t\t\t\t<a href='https:\/\/www.rivieradeifiori.it\/fr\/img_1875-2\/'><img decoding=\"async\" width=\"160\" height=\"160\" src=\"https:\/\/www.rivieradeifiori.it\/wp-content\/uploads\/2018\/01\/IMG_1875-160x160.jpg\" class=\"attachment-thumbnail size-thumbnail\" alt=\"\" srcset=\"https:\/\/www.rivieradeifiori.it\/wp-content\/uploads\/2018\/01\/IMG_1875-160x160.jpg 160w, https:\/\/www.rivieradeifiori.it\/wp-content\/uploads\/2018\/01\/IMG_1875-440x440.jpg 440w, https:\/\/www.rivieradeifiori.it\/wp-content\/uploads\/2018\/01\/IMG_1875-150x150.jpg 150w, https:\/\/www.rivieradeifiori.it\/wp-content\/uploads\/2018\/01\/IMG_1875-180x180.jpg 180w, https:\/\/www.rivieradeifiori.it\/wp-content\/uploads\/2018\/01\/IMG_1875-300x300.jpg 300w, https:\/\/www.rivieradeifiori.it\/wp-content\/uploads\/2018\/01\/IMG_1875-600x600.jpg 600w, https:\/\/www.rivieradeifiori.it\/wp-content\/uploads\/2018\/01\/IMG_1875-50x50.jpg 50w\" sizes=\"(max-width: 160px) 100vw, 160px\" \/><\/a>\n\t\t\t<\/dt><\/dl><br style=\"clear: both\" \/><dl class='gallery-item'>\n\t\t\t<dt class='gallery-icon portrait'>\n\t\t\t\t<a href='https:\/\/www.rivieradeifiori.it\/fr\/img_1872-2\/'><img decoding=\"async\" width=\"160\" height=\"160\" src=\"https:\/\/www.rivieradeifiori.it\/wp-content\/uploads\/2018\/01\/IMG_1872-160x160.jpg\" class=\"attachment-thumbnail size-thumbnail\" alt=\"\" srcset=\"https:\/\/www.rivieradeifiori.it\/wp-content\/uploads\/2018\/01\/IMG_1872-160x160.jpg 160w, https:\/\/www.rivieradeifiori.it\/wp-content\/uploads\/2018\/01\/IMG_1872-440x440.jpg 440w, https:\/\/www.rivieradeifiori.it\/wp-content\/uploads\/2018\/01\/IMG_1872-150x150.jpg 150w, https:\/\/www.rivieradeifiori.it\/wp-content\/uploads\/2018\/01\/IMG_1872-180x180.jpg 180w, https:\/\/www.rivieradeifiori.it\/wp-content\/uploads\/2018\/01\/IMG_1872-300x300.jpg 300w, https:\/\/www.rivieradeifiori.it\/wp-content\/uploads\/2018\/01\/IMG_1872-600x600.jpg 600w, https:\/\/www.rivieradeifiori.it\/wp-content\/uploads\/2018\/01\/IMG_1872-50x50.jpg 50w\" sizes=\"(max-width: 160px) 100vw, 160px\" \/><\/a>\n\t\t\t<\/dt><\/dl><dl class='gallery-item'>\n\t\t\t<dt class='gallery-icon portrait'>\n\t\t\t\t<a href='https:\/\/www.rivieradeifiori.it\/fr\/img_1860-2\/'><img decoding=\"async\" width=\"160\" height=\"160\" src=\"https:\/\/www.rivieradeifiori.it\/wp-content\/uploads\/2018\/01\/IMG_1860-160x160.jpg\" class=\"attachment-thumbnail size-thumbnail\" alt=\"\" srcset=\"https:\/\/www.rivieradeifiori.it\/wp-content\/uploads\/2018\/01\/IMG_1860-160x160.jpg 160w, https:\/\/www.rivieradeifiori.it\/wp-content\/uploads\/2018\/01\/IMG_1860-440x440.jpg 440w, https:\/\/www.rivieradeifiori.it\/wp-content\/uploads\/2018\/01\/IMG_1860-150x150.jpg 150w, https:\/\/www.rivieradeifiori.it\/wp-content\/uploads\/2018\/01\/IMG_1860-180x180.jpg 180w, https:\/\/www.rivieradeifiori.it\/wp-content\/uploads\/2018\/01\/IMG_1860-300x300.jpg 300w, https:\/\/www.rivieradeifiori.it\/wp-content\/uploads\/2018\/01\/IMG_1860-600x600.jpg 600w, https:\/\/www.rivieradeifiori.it\/wp-content\/uploads\/2018\/01\/IMG_1860-50x50.jpg 50w\" sizes=\"(max-width: 160px) 100vw, 160px\" \/><\/a>\n\t\t\t<\/dt><\/dl><dl class='gallery-item'>\n\t\t\t<dt class='gallery-icon landscape'>\n\t\t\t\t<a href='https:\/\/www.rivieradeifiori.it\/fr\/art-et-culture\/laprosiana-de-vintimille\/attachment\/20170822_103003-2\/'><img decoding=\"async\" width=\"160\" height=\"160\" src=\"https:\/\/www.rivieradeifiori.it\/wp-content\/uploads\/2018\/01\/20170822_103003-160x160.jpg\" class=\"attachment-thumbnail size-thumbnail\" alt=\"\" srcset=\"https:\/\/www.rivieradeifiori.it\/wp-content\/uploads\/2018\/01\/20170822_103003-160x160.jpg 160w, https:\/\/www.rivieradeifiori.it\/wp-content\/uploads\/2018\/01\/20170822_103003-440x440.jpg 440w, https:\/\/www.rivieradeifiori.it\/wp-content\/uploads\/2018\/01\/20170822_103003-150x150.jpg 150w, https:\/\/www.rivieradeifiori.it\/wp-content\/uploads\/2018\/01\/20170822_103003-180x180.jpg 180w, https:\/\/www.rivieradeifiori.it\/wp-content\/uploads\/2018\/01\/20170822_103003-300x300.jpg 300w, https:\/\/www.rivieradeifiori.it\/wp-content\/uploads\/2018\/01\/20170822_103003-600x600.jpg 600w, https:\/\/www.rivieradeifiori.it\/wp-content\/uploads\/2018\/01\/20170822_103003-50x50.jpg 50w\" sizes=\"(max-width: 160px) 100vw, 160px\" \/><\/a>\n\t\t\t<\/dt><\/dl><br style=\"clear: both\" \/><dl class='gallery-item'>\n\t\t\t<dt class='gallery-icon landscape'>\n\t\t\t\t<a href='https:\/\/www.rivieradeifiori.it\/fr\/art-et-culture\/laprosiana-de-vintimille\/attachment\/20170822_104723-2\/'><img decoding=\"async\" width=\"160\" height=\"160\" src=\"https:\/\/www.rivieradeifiori.it\/wp-content\/uploads\/2018\/01\/20170822_104723-160x160.jpg\" class=\"attachment-thumbnail size-thumbnail\" alt=\"\" srcset=\"https:\/\/www.rivieradeifiori.it\/wp-content\/uploads\/2018\/01\/20170822_104723-160x160.jpg 160w, https:\/\/www.rivieradeifiori.it\/wp-content\/uploads\/2018\/01\/20170822_104723-440x440.jpg 440w, https:\/\/www.rivieradeifiori.it\/wp-content\/uploads\/2018\/01\/20170822_104723-150x150.jpg 150w, https:\/\/www.rivieradeifiori.it\/wp-content\/uploads\/2018\/01\/20170822_104723-180x180.jpg 180w, https:\/\/www.rivieradeifiori.it\/wp-content\/uploads\/2018\/01\/20170822_104723-300x300.jpg 300w, https:\/\/www.rivieradeifiori.it\/wp-content\/uploads\/2018\/01\/20170822_104723-600x600.jpg 600w, https:\/\/www.rivieradeifiori.it\/wp-content\/uploads\/2018\/01\/20170822_104723-50x50.jpg 50w\" sizes=\"(max-width: 160px) 100vw, 160px\" \/><\/a>\n\t\t\t<\/dt><\/dl><dl class='gallery-item'>\n\t\t\t<dt class='gallery-icon landscape'>\n\t\t\t\t<a href='https:\/\/www.rivieradeifiori.it\/fr\/img_1864-2\/'><img decoding=\"async\" width=\"160\" height=\"160\" src=\"https:\/\/www.rivieradeifiori.it\/wp-content\/uploads\/2018\/01\/IMG_1864-160x160.jpg\" class=\"attachment-thumbnail size-thumbnail\" alt=\"\" srcset=\"https:\/\/www.rivieradeifiori.it\/wp-content\/uploads\/2018\/01\/IMG_1864-160x160.jpg 160w, https:\/\/www.rivieradeifiori.it\/wp-content\/uploads\/2018\/01\/IMG_1864-440x440.jpg 440w, https:\/\/www.rivieradeifiori.it\/wp-content\/uploads\/2018\/01\/IMG_1864-150x150.jpg 150w, https:\/\/www.rivieradeifiori.it\/wp-content\/uploads\/2018\/01\/IMG_1864-180x180.jpg 180w, https:\/\/www.rivieradeifiori.it\/wp-content\/uploads\/2018\/01\/IMG_1864-300x300.jpg 300w, https:\/\/www.rivieradeifiori.it\/wp-content\/uploads\/2018\/01\/IMG_1864-600x600.jpg 600w, https:\/\/www.rivieradeifiori.it\/wp-content\/uploads\/2018\/01\/IMG_1864-50x50.jpg 50w\" sizes=\"(max-width: 160px) 100vw, 160px\" \/><\/a>\n\t\t\t<\/dt><\/dl><dl class='gallery-item'>\n\t\t\t<dt class='gallery-icon landscape'>\n\t\t\t\t<a href='https:\/\/www.rivieradeifiori.it\/fr\/art-et-culture\/laprosiana-de-vintimille\/attachment\/20170822_104956-2\/'><img decoding=\"async\" width=\"160\" height=\"160\" src=\"https:\/\/www.rivieradeifiori.it\/wp-content\/uploads\/2018\/01\/20170822_104956-160x160.jpg\" class=\"attachment-thumbnail size-thumbnail\" alt=\"\" srcset=\"https:\/\/www.rivieradeifiori.it\/wp-content\/uploads\/2018\/01\/20170822_104956-160x160.jpg 160w, https:\/\/www.rivieradeifiori.it\/wp-content\/uploads\/2018\/01\/20170822_104956-440x440.jpg 440w, https:\/\/www.rivieradeifiori.it\/wp-content\/uploads\/2018\/01\/20170822_104956-150x150.jpg 150w, https:\/\/www.rivieradeifiori.it\/wp-content\/uploads\/2018\/01\/20170822_104956-e1515000729469-180x180.jpg 180w, https:\/\/www.rivieradeifiori.it\/wp-content\/uploads\/2018\/01\/20170822_104956-e1515000729469-300x300.jpg 300w, https:\/\/www.rivieradeifiori.it\/wp-content\/uploads\/2018\/01\/20170822_104956-e1515000729469-600x600.jpg 600w, https:\/\/www.rivieradeifiori.it\/wp-content\/uploads\/2018\/01\/20170822_104956-e1515000729469-50x50.jpg 50w\" sizes=\"(max-width: 160px) 100vw, 160px\" \/><\/a>\n\t\t\t<\/dt><\/dl><br style=\"clear: both\" \/><dl class='gallery-item'>\n\t\t\t<dt class='gallery-icon landscape'>\n\t\t\t\t<a href='https:\/\/www.rivieradeifiori.it\/fr\/art-et-culture\/laprosiana-de-vintimille\/attachment\/20170822_105638-2\/'><img decoding=\"async\" width=\"160\" height=\"160\" src=\"https:\/\/www.rivieradeifiori.it\/wp-content\/uploads\/2018\/01\/20170822_105638-160x160.jpg\" class=\"attachment-thumbnail size-thumbnail\" alt=\"\" srcset=\"https:\/\/www.rivieradeifiori.it\/wp-content\/uploads\/2018\/01\/20170822_105638-160x160.jpg 160w, https:\/\/www.rivieradeifiori.it\/wp-content\/uploads\/2018\/01\/20170822_105638-440x440.jpg 440w, https:\/\/www.rivieradeifiori.it\/wp-content\/uploads\/2018\/01\/20170822_105638-150x150.jpg 150w, https:\/\/www.rivieradeifiori.it\/wp-content\/uploads\/2018\/01\/20170822_105638-180x180.jpg 180w, https:\/\/www.rivieradeifiori.it\/wp-content\/uploads\/2018\/01\/20170822_105638-300x300.jpg 300w, https:\/\/www.rivieradeifiori.it\/wp-content\/uploads\/2018\/01\/20170822_105638-600x600.jpg 600w, https:\/\/www.rivieradeifiori.it\/wp-content\/uploads\/2018\/01\/20170822_105638-50x50.jpg 50w\" sizes=\"(max-width: 160px) 100vw, 160px\" \/><\/a>\n\t\t\t<\/dt><\/dl><dl class='gallery-item'>\n\t\t\t<dt class='gallery-icon landscape'>\n\t\t\t\t<a href='https:\/\/www.rivieradeifiori.it\/fr\/art-et-culture\/laprosiana-de-vintimille\/attachment\/20170822_105706-2\/'><img decoding=\"async\" width=\"160\" height=\"160\" src=\"https:\/\/www.rivieradeifiori.it\/wp-content\/uploads\/2018\/01\/20170822_105706-160x160.jpg\" class=\"attachment-thumbnail size-thumbnail\" alt=\"\" srcset=\"https:\/\/www.rivieradeifiori.it\/wp-content\/uploads\/2018\/01\/20170822_105706-160x160.jpg 160w, https:\/\/www.rivieradeifiori.it\/wp-content\/uploads\/2018\/01\/20170822_105706-440x440.jpg 440w, https:\/\/www.rivieradeifiori.it\/wp-content\/uploads\/2018\/01\/20170822_105706-150x150.jpg 150w, https:\/\/www.rivieradeifiori.it\/wp-content\/uploads\/2018\/01\/20170822_105706-180x180.jpg 180w, https:\/\/www.rivieradeifiori.it\/wp-content\/uploads\/2018\/01\/20170822_105706-300x300.jpg 300w, https:\/\/www.rivieradeifiori.it\/wp-content\/uploads\/2018\/01\/20170822_105706-600x600.jpg 600w, https:\/\/www.rivieradeifiori.it\/wp-content\/uploads\/2018\/01\/20170822_105706-50x50.jpg 50w\" sizes=\"(max-width: 160px) 100vw, 160px\" \/><\/a>\n\t\t\t<\/dt><\/dl><dl class='gallery-item'>\n\t\t\t<dt class='gallery-icon landscape'>\n\t\t\t\t<a href='https:\/\/www.rivieradeifiori.it\/fr\/art-et-culture\/laprosiana-de-vintimille\/attachment\/20170822_105745-2\/'><img decoding=\"async\" width=\"160\" height=\"160\" src=\"https:\/\/www.rivieradeifiori.it\/wp-content\/uploads\/2018\/01\/20170822_105745-160x160.jpg\" class=\"attachment-thumbnail size-thumbnail\" alt=\"\" srcset=\"https:\/\/www.rivieradeifiori.it\/wp-content\/uploads\/2018\/01\/20170822_105745-160x160.jpg 160w, https:\/\/www.rivieradeifiori.it\/wp-content\/uploads\/2018\/01\/20170822_105745-440x440.jpg 440w, https:\/\/www.rivieradeifiori.it\/wp-content\/uploads\/2018\/01\/20170822_105745-150x150.jpg 150w, https:\/\/www.rivieradeifiori.it\/wp-content\/uploads\/2018\/01\/20170822_105745-180x180.jpg 180w, https:\/\/www.rivieradeifiori.it\/wp-content\/uploads\/2018\/01\/20170822_105745-300x300.jpg 300w, https:\/\/www.rivieradeifiori.it\/wp-content\/uploads\/2018\/01\/20170822_105745-600x600.jpg 600w, https:\/\/www.rivieradeifiori.it\/wp-content\/uploads\/2018\/01\/20170822_105745-50x50.jpg 50w\" sizes=\"(max-width: 160px) 100vw, 160px\" \/><\/a>\n\t\t\t<\/dt><\/dl><br style=\"clear: both\" \/><dl class='gallery-item'>\n\t\t\t<dt class='gallery-icon landscape'>\n\t\t\t\t<a href='https:\/\/www.rivieradeifiori.it\/fr\/art-et-culture\/laprosiana-de-vintimille\/attachment\/20170822_110215-2\/'><img decoding=\"async\" width=\"160\" height=\"160\" src=\"https:\/\/www.rivieradeifiori.it\/wp-content\/uploads\/2018\/01\/20170822_110215-160x160.jpg\" class=\"attachment-thumbnail size-thumbnail\" alt=\"\" srcset=\"https:\/\/www.rivieradeifiori.it\/wp-content\/uploads\/2018\/01\/20170822_110215-160x160.jpg 160w, https:\/\/www.rivieradeifiori.it\/wp-content\/uploads\/2018\/01\/20170822_110215-440x440.jpg 440w, https:\/\/www.rivieradeifiori.it\/wp-content\/uploads\/2018\/01\/20170822_110215-150x150.jpg 150w, https:\/\/www.rivieradeifiori.it\/wp-content\/uploads\/2018\/01\/20170822_110215-180x180.jpg 180w, https:\/\/www.rivieradeifiori.it\/wp-content\/uploads\/2018\/01\/20170822_110215-300x300.jpg 300w, https:\/\/www.rivieradeifiori.it\/wp-content\/uploads\/2018\/01\/20170822_110215-600x600.jpg 600w, https:\/\/www.rivieradeifiori.it\/wp-content\/uploads\/2018\/01\/20170822_110215-50x50.jpg 50w\" sizes=\"(max-width: 160px) 100vw, 160px\" \/><\/a>\n\t\t\t<\/dt><\/dl><dl class='gallery-item'>\n\t\t\t<dt class='gallery-icon landscape'>\n\t\t\t\t<a href='https:\/\/www.rivieradeifiori.it\/fr\/art-et-culture\/laprosiana-de-vintimille\/attachment\/20170822_112601-2\/'><img decoding=\"async\" width=\"160\" height=\"160\" src=\"https:\/\/www.rivieradeifiori.it\/wp-content\/uploads\/2018\/01\/20170822_112601-160x160.jpg\" class=\"attachment-thumbnail size-thumbnail\" alt=\"\" srcset=\"https:\/\/www.rivieradeifiori.it\/wp-content\/uploads\/2018\/01\/20170822_112601-160x160.jpg 160w, https:\/\/www.rivieradeifiori.it\/wp-content\/uploads\/2018\/01\/20170822_112601-440x440.jpg 440w, https:\/\/www.rivieradeifiori.it\/wp-content\/uploads\/2018\/01\/20170822_112601-150x150.jpg 150w, https:\/\/www.rivieradeifiori.it\/wp-content\/uploads\/2018\/01\/20170822_112601-180x180.jpg 180w, https:\/\/www.rivieradeifiori.it\/wp-content\/uploads\/2018\/01\/20170822_112601-300x300.jpg 300w, https:\/\/www.rivieradeifiori.it\/wp-content\/uploads\/2018\/01\/20170822_112601-600x600.jpg 600w, https:\/\/www.rivieradeifiori.it\/wp-content\/uploads\/2018\/01\/20170822_112601-50x50.jpg 50w\" sizes=\"(max-width: 160px) 100vw, 160px\" \/><\/a>\n\t\t\t<\/dt><\/dl>\n\t\t\t<br style='clear: both' \/>\n\t\t<\/div>\n\n<p class=\"Standard\" style=\"text-align: center;\"><strong><span lang=\"FR\">Depuis le debut de septembre 2017, la loi pour la concourrence et le march\u00e9 (Loi n. 124\/2017) est entr\u00e9e en vigueur, approuv\u00e9e \u00e0 titre definitif par les Chambres avant la pause d&#8217;\u00e9t\u00e9.<\/span><\/strong><\/p>\n<p class=\"Standard\" style=\"text-align: center;\"><strong><span lang=\"FR\">Parmi les diverses dispositions il y a la modification de l&#8217;article 108 du Code des Biens Culturels (Decret-loi 42\/2004) qui permet aux utilisateurs d&#8217;archives et biblioth\u00e9ques de faire des photos avec ses propres cameras, smartphones ou d&#8217;autres moyens, qui n&#8217;impliquent pas de contacte directe avec les documents, ex. scanneurs, et sans l&#8217;utilisation de flash et tr\u00e9pied. Jusqu&#8217;\u00e0 present il fallait en faite une pr\u00e9alable autorisation \u00e9crite, avec l&#8217;indication du livre, des pages, du nombre de photos et il y avait des frais \u00e0 payer.<\/span><\/strong><\/p>\n<p class=\"Standard\" style=\"text-align: center;\"><strong><span lang=\"FR\">Les photos que vous voyez dans l&#8217;article sont un exemple de ce qui est maintennant possible.<\/span><\/strong><\/p>\n","protected":false},"excerpt":{"rendered":"<p>Le tr\u00e9sor de la premi\u00e8re biblioth\u00e8que publique de la Ligurie \u00a0 Pr\u00e8s de 7000 tomes allant des 150 incunables aux livres du XVI et XVII si\u00e8cle: c&#8217;est le pr\u00e9cieux patrimoine de la Biblioteca Civica Aprosiana de Vintimille, un tr\u00e9sor gard\u00e9 pendant des si\u00e8cles qui, aujourd&#8217;hui, suite aux restaurations r\u00e9centes, brille \u00e0 nouveau dans son unicit\u00e9. [&hellip;]<\/p>\n","protected":false},"author":1,"featured_media":6635,"comment_status":"closed","ping_status":"open","sticky":false,"template":"","format":"standard","meta":{"_et_pb_use_builder":"","_et_pb_old_content":"","_et_gb_content_width":"","_eb_attr":"","_vp_format_video_url":"","_vp_image_focal_point":[],"_vp_custom_popup_image":0,"_vp_format_audio_url":"","_vp_custom_thumbnail":0,"_vp_custom_thumbnail_focal_point":[],"_vp_hover_thumbnail":0,"_vp_hover_thumbnail_focal_point":[],"footnotes":""},"categories":[49],"tags":[288,1264,289],"class_list":["post-6783","post","type-post","status-publish","format-standard","has-post-thumbnail","hentry","category-art-et-culture","tag-aprosiana-fr","tag-musees","tag-ventimiglia-fr","et-has-post-format-content","et_post_format-et-post-format-standard"],"yoast_head":"<!-- This site is optimized with the Yoast SEO plugin v25.7 - https:\/\/yoast.com\/wordpress\/plugins\/seo\/ -->\n<title>L&#039;Aprosiana de Vintimille - Art &amp; Culture - Riviera dei Fiori<\/title>\n<meta name=\"robots\" content=\"index, follow, max-snippet:-1, max-image-preview:large, max-video-preview:-1\" \/>\n<link rel=\"canonical\" href=\"https:\/\/www.rivieradeifiori.it\/fr\/art-et-culture\/laprosiana-de-vintimille\/\" \/>\n<meta name=\"twitter:label1\" content=\"\u00c9crit par\" \/>\n\t<meta name=\"twitter:data1\" content=\"Luca Giovannetti\" \/>\n\t<meta name=\"twitter:label2\" content=\"Dur\u00e9e de lecture estim\u00e9e\" \/>\n\t<meta name=\"twitter:data2\" content=\"2 minutes\" \/>\n<script type=\"application\/ld+json\" class=\"yoast-schema-graph\">{\"@context\":\"https:\/\/schema.org\",\"@graph\":[{\"@type\":\"WebPage\",\"@id\":\"https:\/\/www.rivieradeifiori.it\/fr\/art-et-culture\/laprosiana-de-vintimille\/\",\"url\":\"https:\/\/www.rivieradeifiori.it\/fr\/art-et-culture\/laprosiana-de-vintimille\/\",\"name\":\"L'Aprosiana de Vintimille - Art &amp; Culture - Riviera dei Fiori\",\"isPartOf\":{\"@id\":\"https:\/\/www.rivieradeifiori.it\/fr\/#website\"},\"primaryImageOfPage\":{\"@id\":\"https:\/\/www.rivieradeifiori.it\/fr\/art-et-culture\/laprosiana-de-vintimille\/#primaryimage\"},\"image\":{\"@id\":\"https:\/\/www.rivieradeifiori.it\/fr\/art-et-culture\/laprosiana-de-vintimille\/#primaryimage\"},\"thumbnailUrl\":\"https:\/\/www.rivieradeifiori.it\/wp-content\/uploads\/2018\/01\/IMG_1854.jpg\",\"datePublished\":\"2018-01-03T16:15:29+00:00\",\"dateModified\":\"2022-06-10T08:57:54+00:00\",\"author\":{\"@id\":\"https:\/\/www.rivieradeifiori.it\/fr\/#\/schema\/person\/6cc4e4ed0d74f08798811653e64f69ed\"},\"breadcrumb\":{\"@id\":\"https:\/\/www.rivieradeifiori.it\/fr\/art-et-culture\/laprosiana-de-vintimille\/#breadcrumb\"},\"inLanguage\":\"fr-FR\",\"potentialAction\":[{\"@type\":\"ReadAction\",\"target\":[\"https:\/\/www.rivieradeifiori.it\/fr\/art-et-culture\/laprosiana-de-vintimille\/\"]}]},{\"@type\":\"ImageObject\",\"inLanguage\":\"fr-FR\",\"@id\":\"https:\/\/www.rivieradeifiori.it\/fr\/art-et-culture\/laprosiana-de-vintimille\/#primaryimage\",\"url\":\"https:\/\/www.rivieradeifiori.it\/wp-content\/uploads\/2018\/01\/IMG_1854.jpg\",\"contentUrl\":\"https:\/\/www.rivieradeifiori.it\/wp-content\/uploads\/2018\/01\/IMG_1854.jpg\",\"width\":4608,\"height\":3456},{\"@type\":\"BreadcrumbList\",\"@id\":\"https:\/\/www.rivieradeifiori.it\/fr\/art-et-culture\/laprosiana-de-vintimille\/#breadcrumb\",\"itemListElement\":[{\"@type\":\"ListItem\",\"position\":1,\"name\":\"Home\",\"item\":\"https:\/\/www.rivieradeifiori.it\/fr\/\"},{\"@type\":\"ListItem\",\"position\":2,\"name\":\"L&#8217;Aprosiana de Vintimille\"}]},{\"@type\":\"WebSite\",\"@id\":\"https:\/\/www.rivieradeifiori.it\/fr\/#website\",\"url\":\"https:\/\/www.rivieradeifiori.it\/fr\/\",\"name\":\"Riviera dei Fiori\",\"description\":\"Un mare di colori\",\"potentialAction\":[{\"@type\":\"SearchAction\",\"target\":{\"@type\":\"EntryPoint\",\"urlTemplate\":\"https:\/\/www.rivieradeifiori.it\/fr\/?s={search_term_string}\"},\"query-input\":{\"@type\":\"PropertyValueSpecification\",\"valueRequired\":true,\"valueName\":\"search_term_string\"}}],\"inLanguage\":\"fr-FR\"},{\"@type\":\"Person\",\"@id\":\"https:\/\/www.rivieradeifiori.it\/fr\/#\/schema\/person\/6cc4e4ed0d74f08798811653e64f69ed\",\"name\":\"Luca Giovannetti\",\"image\":{\"@type\":\"ImageObject\",\"inLanguage\":\"fr-FR\",\"@id\":\"https:\/\/www.rivieradeifiori.it\/fr\/#\/schema\/person\/image\/\",\"url\":\"https:\/\/secure.gravatar.com\/avatar\/092abda2284c50268e586151e014cf903142e524662c62577231430ea44340cf?s=96&r=g&d=https:\/\/www.rivieradeifiori.it\/wp-content\/plugins\/userswp\/assets\/images\/no_profile.png\",\"contentUrl\":\"https:\/\/secure.gravatar.com\/avatar\/092abda2284c50268e586151e014cf903142e524662c62577231430ea44340cf?s=96&r=g&d=https:\/\/www.rivieradeifiori.it\/wp-content\/plugins\/userswp\/assets\/images\/no_profile.png\",\"caption\":\"Luca Giovannetti\"}}]}<\/script>\n<!-- \/ Yoast SEO plugin. -->","yoast_head_json":{"title":"L'Aprosiana de Vintimille - Art &amp; Culture - Riviera dei Fiori","robots":{"index":"index","follow":"follow","max-snippet":"max-snippet:-1","max-image-preview":"max-image-preview:large","max-video-preview":"max-video-preview:-1"},"canonical":"https:\/\/www.rivieradeifiori.it\/fr\/art-et-culture\/laprosiana-de-vintimille\/","twitter_misc":{"\u00c9crit par":"Luca Giovannetti","Dur\u00e9e de lecture estim\u00e9e":"2 minutes"},"schema":{"@context":"https:\/\/schema.org","@graph":[{"@type":"WebPage","@id":"https:\/\/www.rivieradeifiori.it\/fr\/art-et-culture\/laprosiana-de-vintimille\/","url":"https:\/\/www.rivieradeifiori.it\/fr\/art-et-culture\/laprosiana-de-vintimille\/","name":"L'Aprosiana de Vintimille - Art &amp; Culture - Riviera dei Fiori","isPartOf":{"@id":"https:\/\/www.rivieradeifiori.it\/fr\/#website"},"primaryImageOfPage":{"@id":"https:\/\/www.rivieradeifiori.it\/fr\/art-et-culture\/laprosiana-de-vintimille\/#primaryimage"},"image":{"@id":"https:\/\/www.rivieradeifiori.it\/fr\/art-et-culture\/laprosiana-de-vintimille\/#primaryimage"},"thumbnailUrl":"https:\/\/www.rivieradeifiori.it\/wp-content\/uploads\/2018\/01\/IMG_1854.jpg","datePublished":"2018-01-03T16:15:29+00:00","dateModified":"2022-06-10T08:57:54+00:00","author":{"@id":"https:\/\/www.rivieradeifiori.it\/fr\/#\/schema\/person\/6cc4e4ed0d74f08798811653e64f69ed"},"breadcrumb":{"@id":"https:\/\/www.rivieradeifiori.it\/fr\/art-et-culture\/laprosiana-de-vintimille\/#breadcrumb"},"inLanguage":"fr-FR","potentialAction":[{"@type":"ReadAction","target":["https:\/\/www.rivieradeifiori.it\/fr\/art-et-culture\/laprosiana-de-vintimille\/"]}]},{"@type":"ImageObject","inLanguage":"fr-FR","@id":"https:\/\/www.rivieradeifiori.it\/fr\/art-et-culture\/laprosiana-de-vintimille\/#primaryimage","url":"https:\/\/www.rivieradeifiori.it\/wp-content\/uploads\/2018\/01\/IMG_1854.jpg","contentUrl":"https:\/\/www.rivieradeifiori.it\/wp-content\/uploads\/2018\/01\/IMG_1854.jpg","width":4608,"height":3456},{"@type":"BreadcrumbList","@id":"https:\/\/www.rivieradeifiori.it\/fr\/art-et-culture\/laprosiana-de-vintimille\/#breadcrumb","itemListElement":[{"@type":"ListItem","position":1,"name":"Home","item":"https:\/\/www.rivieradeifiori.it\/fr\/"},{"@type":"ListItem","position":2,"name":"L&#8217;Aprosiana de Vintimille"}]},{"@type":"WebSite","@id":"https:\/\/www.rivieradeifiori.it\/fr\/#website","url":"https:\/\/www.rivieradeifiori.it\/fr\/","name":"Riviera dei Fiori","description":"Un mare di colori","potentialAction":[{"@type":"SearchAction","target":{"@type":"EntryPoint","urlTemplate":"https:\/\/www.rivieradeifiori.it\/fr\/?s={search_term_string}"},"query-input":{"@type":"PropertyValueSpecification","valueRequired":true,"valueName":"search_term_string"}}],"inLanguage":"fr-FR"},{"@type":"Person","@id":"https:\/\/www.rivieradeifiori.it\/fr\/#\/schema\/person\/6cc4e4ed0d74f08798811653e64f69ed","name":"Luca Giovannetti","image":{"@type":"ImageObject","inLanguage":"fr-FR","@id":"https:\/\/www.rivieradeifiori.it\/fr\/#\/schema\/person\/image\/","url":"https:\/\/secure.gravatar.com\/avatar\/092abda2284c50268e586151e014cf903142e524662c62577231430ea44340cf?s=96&r=g&d=https:\/\/www.rivieradeifiori.it\/wp-content\/plugins\/userswp\/assets\/images\/no_profile.png","contentUrl":"https:\/\/secure.gravatar.com\/avatar\/092abda2284c50268e586151e014cf903142e524662c62577231430ea44340cf?s=96&r=g&d=https:\/\/www.rivieradeifiori.it\/wp-content\/plugins\/userswp\/assets\/images\/no_profile.png","caption":"Luca Giovannetti"}}]}},"_links":{"self":[{"href":"https:\/\/www.rivieradeifiori.it\/fr\/wp-json\/wp\/v2\/posts\/6783","targetHints":{"allow":["GET"]}}],"collection":[{"href":"https:\/\/www.rivieradeifiori.it\/fr\/wp-json\/wp\/v2\/posts"}],"about":[{"href":"https:\/\/www.rivieradeifiori.it\/fr\/wp-json\/wp\/v2\/types\/post"}],"author":[{"embeddable":true,"href":"https:\/\/www.rivieradeifiori.it\/fr\/wp-json\/wp\/v2\/users\/1"}],"replies":[{"embeddable":true,"href":"https:\/\/www.rivieradeifiori.it\/fr\/wp-json\/wp\/v2\/comments?post=6783"}],"version-history":[{"count":1,"href":"https:\/\/www.rivieradeifiori.it\/fr\/wp-json\/wp\/v2\/posts\/6783\/revisions"}],"predecessor-version":[{"id":15935,"href":"https:\/\/www.rivieradeifiori.it\/fr\/wp-json\/wp\/v2\/posts\/6783\/revisions\/15935"}],"wp:featuredmedia":[{"embeddable":true,"href":"https:\/\/www.rivieradeifiori.it\/fr\/wp-json\/wp\/v2\/media\/6635"}],"wp:attachment":[{"href":"https:\/\/www.rivieradeifiori.it\/fr\/wp-json\/wp\/v2\/media?parent=6783"}],"wp:term":[{"taxonomy":"category","embeddable":true,"href":"https:\/\/www.rivieradeifiori.it\/fr\/wp-json\/wp\/v2\/categories?post=6783"},{"taxonomy":"post_tag","embeddable":true,"href":"https:\/\/www.rivieradeifiori.it\/fr\/wp-json\/wp\/v2\/tags?post=6783"}],"curies":[{"name":"wp","href":"https:\/\/api.w.org\/{rel}","templated":true}]}}