{"id":6612,"date":"2018-01-03T16:58:15","date_gmt":"2018-01-03T15:58:15","guid":{"rendered":"https:\/\/www.rivieradeifiori.info\/2018\/01\/03\/lautoroute-des-fleurs-la-lumiere-lombre-et-les-panoramas-epoustouflants\/"},"modified":"2018-01-03T17:04:34","modified_gmt":"2018-01-03T16:04:34","slug":"lautoroute-des-fleurs-la-lumiere-lombre-et-les-panoramas-epoustouflants","status":"publish","type":"post","link":"https:\/\/www.rivieradeifiori.it\/fr\/mer-et-territoire\/lautoroute-des-fleurs-la-lumiere-lombre-et-les-panoramas-epoustouflants\/","title":{"rendered":"L&#8217;Autoroute des Fleurs : la lumi\u00e8re, l&#8217;ombre et les panoramas \u00e9poustouflants"},"content":{"rendered":"<p>&#8221;L&#8217;ombre et le soleil s&#8217;alternent\/sur ces fonds de vall\u00e9es\/qui se cachent \u00e0 la mer\/suivant les routes pav\u00e9es\/qui grimpent, parmi les champs de roses, les puits et les crevasses du sol&#8221;.<\/p>\n<p>L\u2019\u00e9crivain Vincenzo Cardarelli d\u00e9crivait ainsi, il y a un si\u00e8cle, la Ligurie\u00a0: aujourd&#8217;hui l&#8217;image de l&#8217;ouest de la Ligurie ne change essentiellement pas. Ceci est le panorama que vous pouvez appr\u00e9cier parcourant l&#8217;Autoroute des Fleurs, de Savona \u00e0 la fronti\u00e8re avec la France. Les 113 Km d&#8217;autoroute coupent en deux l&#8217;orographie ardue du territoire, fendue par 67 tunnels qui obligent le voyageur \u00e0 une alternance \u00e9blouissante d&#8217;ombre et de lumi\u00e8re. Le trajet convient \u00e0 tout le monde\u00a0: il va plaire \u00e0 ceux qui aiment conduire, car ils s&#8217;amuseront dans la longue s\u00e9rie de virages, de tunnels et viaducs tr\u00e8s hauts\u00a0; mais \u00e7a va \u00e9galement \u00eatre saisissant du cot\u00e9 du passager. Ouverte en 1971, la A10 na\u00eet en territoire italien, \u00e0 Ventimille, devant les majestueuses falaises au dessus de Roverino. L&#8217;aire de Bordighera Sud, perch\u00e9e \u00e0 pic sur la mer et entour\u00e9e par la nature immacul\u00e9e, vaut le coup d&#8217;un voyage\u00a0: le maquis m\u00e9diterran\u00e9en domine et les parfums des mimosas, des genets, des pins et du myrte vous enivrent. En procedant plus loin,\u00a0 les collines apparaissent de plus en plus coiff\u00e9es par les terrasses cultiv\u00e9es, dessin\u00e9es par la main de l&#8217;homme. On aper\u00e7oit quelque part des cuves pour le stockage de l&#8217;eau et des serres destin\u00e9es \u00e0 la floriculture. Des \u00e9crivains tels que Nico Orengo et Francesco Biamonti sont tomb\u00e9s amureux de cette portion de Ligurie et ils en ont superbement d\u00e9crit l\u2019atmosph\u00e8re .\u00a0 Une fois d\u00e9pass\u00e9 la ville de Sanremo, un virage tr\u00e8s large vous pr\u00e9sente l&#8217;ancien c\u0153ur de la ville de Taggia, avec ses maisons serr\u00e9es l&#8217;une \u00e0 l&#8217;autre et l&#8217;enceinte murale m\u00e9di\u00e9vale. Derri\u00e8re vous se d\u00e9voile la Valle Argentina, qui remonte jusqu&#8217;au Monte Faudo et d&#8217;autres pics souvent enneig\u00e9s. Apr\u00e8s quelques minutes le paysage change \u00e0 nouveau, pour vous montrer le vert intense et les rondeurs du terrain de golf de Castellaro.<\/p>\n<p>Le Parasio, la zone historique de Imperia, avec les Logge di Santa Chiara et la Cath\u00e9drale qui dominent le panorama pendent que l&#8217;autoroute traverse le chef-lieu de la province. Vous arrivez, apr\u00e8s quelques minutes \u00e0 la sortie de Andora\u00a0: ici l\u2019\u00e9glise romane des Saints Giacomo et Filippo et les ruines du ch\u00e2teau qui \u00e0 elles seules motivent un voyage de nuit, pour les admirer eclair\u00e9es.<\/p>\n<p><em>[Ilaria Grigoletto]<\/em><\/p>\n\n\t\t<style type=\"text\/css\">\n\t\t\t#gallery-1 {\n\t\t\t\tmargin: auto;\n\t\t\t}\n\t\t\t#gallery-1 .gallery-item {\n\t\t\t\tfloat: left;\n\t\t\t\tmargin-top: 10px;\n\t\t\t\ttext-align: center;\n\t\t\t\twidth: 33%;\n\t\t\t}\n\t\t\t#gallery-1 img {\n\t\t\t\tborder: 2px solid #cfcfcf;\n\t\t\t}\n\t\t\t#gallery-1 .gallery-caption {\n\t\t\t\tmargin-left: 0;\n\t\t\t}\n\t\t\t\/* see gallery_shortcode() in wp-includes\/media.php *\/\n\t\t<\/style>\n\t\t<div id='gallery-1' class='gallery galleryid-6612 gallery-columns-3 gallery-size-thumbnail'><dl class='gallery-item'>\n\t\t\t<dt class='gallery-icon landscape'>\n\t\t\t\t<a href='https:\/\/www.rivieradeifiori.it\/fr\/autostrada-vallebona-2\/'><img decoding=\"async\" width=\"160\" height=\"160\" src=\"https:\/\/www.rivieradeifiori.it\/wp-content\/uploads\/2017\/10\/Autostrada-Vallebona-160x160.jpg\" class=\"attachment-thumbnail size-thumbnail\" alt=\"\" srcset=\"https:\/\/www.rivieradeifiori.it\/wp-content\/uploads\/2017\/10\/Autostrada-Vallebona-160x160.jpg 160w, https:\/\/www.rivieradeifiori.it\/wp-content\/uploads\/2017\/10\/Autostrada-Vallebona-440x440.jpg 440w, https:\/\/www.rivieradeifiori.it\/wp-content\/uploads\/2017\/10\/Autostrada-Vallebona-150x150.jpg 150w, https:\/\/www.rivieradeifiori.it\/wp-content\/uploads\/2017\/10\/Autostrada-Vallebona-180x180.jpg 180w, https:\/\/www.rivieradeifiori.it\/wp-content\/uploads\/2017\/10\/Autostrada-Vallebona-300x300.jpg 300w, https:\/\/www.rivieradeifiori.it\/wp-content\/uploads\/2017\/10\/Autostrada-Vallebona-600x600.jpg 600w\" sizes=\"(max-width: 160px) 100vw, 160px\" \/><\/a>\n\t\t\t<\/dt><\/dl><dl class='gallery-item'>\n\t\t\t<dt class='gallery-icon landscape'>\n\t\t\t\t<a href='https:\/\/www.rivieradeifiori.it\/fr\/mer-et-territoire\/lautoroute-des-fleurs-la-lumiere-lombre-et-les-panoramas-epoustouflants\/attachment\/autostrada-saverio-1-2\/'><img decoding=\"async\" width=\"160\" height=\"160\" src=\"https:\/\/www.rivieradeifiori.it\/wp-content\/uploads\/2017\/10\/Autostrada-Saverio-1-160x160.jpg\" class=\"attachment-thumbnail size-thumbnail\" alt=\"\" srcset=\"https:\/\/www.rivieradeifiori.it\/wp-content\/uploads\/2017\/10\/Autostrada-Saverio-1-160x160.jpg 160w, https:\/\/www.rivieradeifiori.it\/wp-content\/uploads\/2017\/10\/Autostrada-Saverio-1-440x440.jpg 440w, https:\/\/www.rivieradeifiori.it\/wp-content\/uploads\/2017\/10\/Autostrada-Saverio-1-150x150.jpg 150w, https:\/\/www.rivieradeifiori.it\/wp-content\/uploads\/2017\/10\/Autostrada-Saverio-1-180x180.jpg 180w, https:\/\/www.rivieradeifiori.it\/wp-content\/uploads\/2017\/10\/Autostrada-Saverio-1-300x300.jpg 300w, https:\/\/www.rivieradeifiori.it\/wp-content\/uploads\/2017\/10\/Autostrada-Saverio-1-600x600.jpg 600w\" sizes=\"(max-width: 160px) 100vw, 160px\" \/><\/a>\n\t\t\t<\/dt><\/dl><dl class='gallery-item'>\n\t\t\t<dt class='gallery-icon landscape'>\n\t\t\t\t<a href='https:\/\/www.rivieradeifiori.it\/fr\/olympus-digital-camera-2-2\/'><img decoding=\"async\" width=\"160\" height=\"160\" src=\"https:\/\/www.rivieradeifiori.it\/wp-content\/uploads\/2016\/12\/Golf-CLub-x-RdF-1-160x160.jpg\" class=\"attachment-thumbnail size-thumbnail\" alt=\"\" aria-describedby=\"gallery-1-4188\" srcset=\"https:\/\/www.rivieradeifiori.it\/wp-content\/uploads\/2016\/12\/Golf-CLub-x-RdF-1-160x160.jpg 160w, https:\/\/www.rivieradeifiori.it\/wp-content\/uploads\/2016\/12\/Golf-CLub-x-RdF-1-440x440.jpg 440w, https:\/\/www.rivieradeifiori.it\/wp-content\/uploads\/2016\/12\/Golf-CLub-x-RdF-1-150x150.jpg 150w, https:\/\/www.rivieradeifiori.it\/wp-content\/uploads\/2016\/12\/Golf-CLub-x-RdF-1-65x65.jpg 65w, https:\/\/www.rivieradeifiori.it\/wp-content\/uploads\/2016\/12\/Golf-CLub-x-RdF-1-180x180.jpg 180w, https:\/\/www.rivieradeifiori.it\/wp-content\/uploads\/2016\/12\/Golf-CLub-x-RdF-1-300x300.jpg 300w, https:\/\/www.rivieradeifiori.it\/wp-content\/uploads\/2016\/12\/Golf-CLub-x-RdF-1-600x600.jpg 600w\" sizes=\"(max-width: 160px) 100vw, 160px\" \/><\/a>\n\t\t\t<\/dt>\n\t\t\t\t<dd class='wp-caption-text gallery-caption' id='gallery-1-4188'>\n\t\t\t\tOLYMPUS DIGITAL CAMERA\n\t\t\t\t<\/dd><\/dl><br style=\"clear: both\" \/><dl class='gallery-item'>\n\t\t\t<dt class='gallery-icon landscape'>\n\t\t\t\t<a href='https:\/\/www.rivieradeifiori.it\/fr\/mer-et-territoire\/aux-origines-de-la-riviera-des-fleurs\/attachment\/010\/'><img decoding=\"async\" width=\"160\" height=\"160\" src=\"https:\/\/www.rivieradeifiori.it\/wp-content\/uploads\/2016\/03\/010-160x160.jpg\" class=\"attachment-thumbnail size-thumbnail\" alt=\"\" aria-describedby=\"gallery-1-1454\" srcset=\"https:\/\/www.rivieradeifiori.it\/wp-content\/uploads\/2016\/03\/010-160x160.jpg 160w, https:\/\/www.rivieradeifiori.it\/wp-content\/uploads\/2016\/03\/010-1536x1533.jpg 1536w, https:\/\/www.rivieradeifiori.it\/wp-content\/uploads\/2016\/03\/010-2048x2044.jpg 2048w, https:\/\/www.rivieradeifiori.it\/wp-content\/uploads\/2016\/03\/010-300x300.jpg 300w, https:\/\/www.rivieradeifiori.it\/wp-content\/uploads\/2016\/03\/010-1270x1268.jpg 1270w, https:\/\/www.rivieradeifiori.it\/wp-content\/uploads\/2016\/03\/010-500x500.jpg 500w, https:\/\/www.rivieradeifiori.it\/wp-content\/uploads\/2016\/03\/010-800x799.jpg 800w, https:\/\/www.rivieradeifiori.it\/wp-content\/uploads\/2016\/03\/010-1280x1278.jpg 1280w, https:\/\/www.rivieradeifiori.it\/wp-content\/uploads\/2016\/03\/010-1920x1917.jpg 1920w, https:\/\/www.rivieradeifiori.it\/wp-content\/uploads\/2016\/03\/010-1080x1078.jpg 1080w, https:\/\/www.rivieradeifiori.it\/wp-content\/uploads\/2016\/03\/010-440x440.jpg 440w, https:\/\/www.rivieradeifiori.it\/wp-content\/uploads\/2016\/03\/010-150x150.jpg 150w, https:\/\/www.rivieradeifiori.it\/wp-content\/uploads\/2016\/03\/010-65x65.jpg 65w, https:\/\/www.rivieradeifiori.it\/wp-content\/uploads\/2016\/03\/010-180x180.jpg 180w, https:\/\/www.rivieradeifiori.it\/wp-content\/uploads\/2016\/03\/010-600x600.jpg 600w\" sizes=\"(max-width: 160px) 100vw, 160px\" \/><\/a>\n\t\t\t<\/dt>\n\t\t\t\t<dd class='wp-caption-text gallery-caption' id='gallery-1-1454'>\n\t\t\t\t\u00a9Comune di Sanremo\n\t\t\t\t<\/dd><\/dl>\n\t\t\t<br style='clear: both' \/>\n\t\t<\/div>\n\n","protected":false},"excerpt":{"rendered":"<p>&#8221;L&#8217;ombre et le soleil s&#8217;alternent\/sur ces fonds de vall\u00e9es\/qui se cachent \u00e0 la mer\/suivant les routes pav\u00e9es\/qui grimpent, parmi les champs de roses, les puits et les crevasses du sol&#8221;. L\u2019\u00e9crivain Vincenzo Cardarelli d\u00e9crivait ainsi, il y a un si\u00e8cle, la Ligurie\u00a0: aujourd&#8217;hui l&#8217;image de l&#8217;ouest de la Ligurie ne change essentiellement pas. Ceci est [&hellip;]<\/p>\n","protected":false},"author":1,"featured_media":6423,"comment_status":"closed","ping_status":"open","sticky":false,"template":"","format":"standard","meta":{"_et_pb_use_builder":"","_et_pb_old_content":"","_et_gb_content_width":"","_eb_attr":"","_vp_format_video_url":"","_vp_image_focal_point":[],"_vp_custom_popup_image":0,"_vp_format_audio_url":"","_vp_custom_thumbnail":0,"_vp_custom_thumbnail_focal_point":[],"_vp_hover_thumbnail":0,"_vp_hover_thumbnail_focal_point":[],"footnotes":""},"categories":[57],"tags":[255,257,256,289],"class_list":["post-6612","post","type-post","status-publish","format-standard","has-post-thumbnail","hentry","category-mer-et-territoire","tag-autostrada-dei-fiori-fr","tag-panorama-fr","tag-riviera-dei-fiori-fr","tag-ventimiglia-fr","et-has-post-format-content","et_post_format-et-post-format-standard"],"yoast_head":"<!-- This site is optimized with the Yoast SEO plugin v25.7 - https:\/\/yoast.com\/wordpress\/plugins\/seo\/ -->\n<title>L&#039;Autoroute des Fleurs : la lumi\u00e8re, l&#039;ombre et les panoramas \u00e9poustouflants - Mer &amp; Territoire - Riviera dei Fiori<\/title>\n<meta name=\"robots\" content=\"index, follow, max-snippet:-1, max-image-preview:large, max-video-preview:-1\" \/>\n<link rel=\"canonical\" href=\"https:\/\/www.rivieradeifiori.it\/fr\/mer-et-territoire\/lautoroute-des-fleurs-la-lumiere-lombre-et-les-panoramas-epoustouflants\/\" \/>\n<meta name=\"twitter:label1\" content=\"\u00c9crit par\" \/>\n\t<meta name=\"twitter:data1\" content=\"Luca Giovannetti\" \/>\n\t<meta name=\"twitter:label2\" content=\"Dur\u00e9e de lecture estim\u00e9e\" \/>\n\t<meta name=\"twitter:data2\" content=\"2 minutes\" \/>\n<script type=\"application\/ld+json\" class=\"yoast-schema-graph\">{\"@context\":\"https:\/\/schema.org\",\"@graph\":[{\"@type\":\"WebPage\",\"@id\":\"https:\/\/www.rivieradeifiori.it\/fr\/mer-et-territoire\/lautoroute-des-fleurs-la-lumiere-lombre-et-les-panoramas-epoustouflants\/\",\"url\":\"https:\/\/www.rivieradeifiori.it\/fr\/mer-et-territoire\/lautoroute-des-fleurs-la-lumiere-lombre-et-les-panoramas-epoustouflants\/\",\"name\":\"L'Autoroute des Fleurs : la lumi\u00e8re, l'ombre et les panoramas \u00e9poustouflants - Mer &amp; Territoire - Riviera dei Fiori\",\"isPartOf\":{\"@id\":\"https:\/\/www.rivieradeifiori.it\/fr\/#website\"},\"primaryImageOfPage\":{\"@id\":\"https:\/\/www.rivieradeifiori.it\/fr\/mer-et-territoire\/lautoroute-des-fleurs-la-lumiere-lombre-et-les-panoramas-epoustouflants\/#primaryimage\"},\"image\":{\"@id\":\"https:\/\/www.rivieradeifiori.it\/fr\/mer-et-territoire\/lautoroute-des-fleurs-la-lumiere-lombre-et-les-panoramas-epoustouflants\/#primaryimage\"},\"thumbnailUrl\":\"https:\/\/www.rivieradeifiori.it\/wp-content\/uploads\/2017\/10\/Autostrada-Saverio-1.jpg\",\"datePublished\":\"2018-01-03T15:58:15+00:00\",\"dateModified\":\"2018-01-03T16:04:34+00:00\",\"author\":{\"@id\":\"https:\/\/www.rivieradeifiori.it\/fr\/#\/schema\/person\/6cc4e4ed0d74f08798811653e64f69ed\"},\"breadcrumb\":{\"@id\":\"https:\/\/www.rivieradeifiori.it\/fr\/mer-et-territoire\/lautoroute-des-fleurs-la-lumiere-lombre-et-les-panoramas-epoustouflants\/#breadcrumb\"},\"inLanguage\":\"fr-FR\",\"potentialAction\":[{\"@type\":\"ReadAction\",\"target\":[\"https:\/\/www.rivieradeifiori.it\/fr\/mer-et-territoire\/lautoroute-des-fleurs-la-lumiere-lombre-et-les-panoramas-epoustouflants\/\"]}]},{\"@type\":\"ImageObject\",\"inLanguage\":\"fr-FR\",\"@id\":\"https:\/\/www.rivieradeifiori.it\/fr\/mer-et-territoire\/lautoroute-des-fleurs-la-lumiere-lombre-et-les-panoramas-epoustouflants\/#primaryimage\",\"url\":\"https:\/\/www.rivieradeifiori.it\/wp-content\/uploads\/2017\/10\/Autostrada-Saverio-1.jpg\",\"contentUrl\":\"https:\/\/www.rivieradeifiori.it\/wp-content\/uploads\/2017\/10\/Autostrada-Saverio-1.jpg\",\"width\":2849,\"height\":1654},{\"@type\":\"BreadcrumbList\",\"@id\":\"https:\/\/www.rivieradeifiori.it\/fr\/mer-et-territoire\/lautoroute-des-fleurs-la-lumiere-lombre-et-les-panoramas-epoustouflants\/#breadcrumb\",\"itemListElement\":[{\"@type\":\"ListItem\",\"position\":1,\"name\":\"Home\",\"item\":\"https:\/\/www.rivieradeifiori.it\/fr\/\"},{\"@type\":\"ListItem\",\"position\":2,\"name\":\"L&#8217;Autoroute des Fleurs : la lumi\u00e8re, l&#8217;ombre et les panoramas \u00e9poustouflants\"}]},{\"@type\":\"WebSite\",\"@id\":\"https:\/\/www.rivieradeifiori.it\/fr\/#website\",\"url\":\"https:\/\/www.rivieradeifiori.it\/fr\/\",\"name\":\"Riviera dei Fiori\",\"description\":\"Un mare di colori\",\"potentialAction\":[{\"@type\":\"SearchAction\",\"target\":{\"@type\":\"EntryPoint\",\"urlTemplate\":\"https:\/\/www.rivieradeifiori.it\/fr\/?s={search_term_string}\"},\"query-input\":{\"@type\":\"PropertyValueSpecification\",\"valueRequired\":true,\"valueName\":\"search_term_string\"}}],\"inLanguage\":\"fr-FR\"},{\"@type\":\"Person\",\"@id\":\"https:\/\/www.rivieradeifiori.it\/fr\/#\/schema\/person\/6cc4e4ed0d74f08798811653e64f69ed\",\"name\":\"Luca Giovannetti\",\"image\":{\"@type\":\"ImageObject\",\"inLanguage\":\"fr-FR\",\"@id\":\"https:\/\/www.rivieradeifiori.it\/fr\/#\/schema\/person\/image\/\",\"url\":\"https:\/\/secure.gravatar.com\/avatar\/092abda2284c50268e586151e014cf903142e524662c62577231430ea44340cf?s=96&r=g&d=https:\/\/www.rivieradeifiori.it\/wp-content\/plugins\/userswp\/assets\/images\/no_profile.png\",\"contentUrl\":\"https:\/\/secure.gravatar.com\/avatar\/092abda2284c50268e586151e014cf903142e524662c62577231430ea44340cf?s=96&r=g&d=https:\/\/www.rivieradeifiori.it\/wp-content\/plugins\/userswp\/assets\/images\/no_profile.png\",\"caption\":\"Luca Giovannetti\"}}]}<\/script>\n<!-- \/ Yoast SEO plugin. -->","yoast_head_json":{"title":"L'Autoroute des Fleurs : la lumi\u00e8re, l'ombre et les panoramas \u00e9poustouflants - Mer &amp; Territoire - Riviera dei Fiori","robots":{"index":"index","follow":"follow","max-snippet":"max-snippet:-1","max-image-preview":"max-image-preview:large","max-video-preview":"max-video-preview:-1"},"canonical":"https:\/\/www.rivieradeifiori.it\/fr\/mer-et-territoire\/lautoroute-des-fleurs-la-lumiere-lombre-et-les-panoramas-epoustouflants\/","twitter_misc":{"\u00c9crit par":"Luca Giovannetti","Dur\u00e9e de lecture estim\u00e9e":"2 minutes"},"schema":{"@context":"https:\/\/schema.org","@graph":[{"@type":"WebPage","@id":"https:\/\/www.rivieradeifiori.it\/fr\/mer-et-territoire\/lautoroute-des-fleurs-la-lumiere-lombre-et-les-panoramas-epoustouflants\/","url":"https:\/\/www.rivieradeifiori.it\/fr\/mer-et-territoire\/lautoroute-des-fleurs-la-lumiere-lombre-et-les-panoramas-epoustouflants\/","name":"L'Autoroute des Fleurs : la lumi\u00e8re, l'ombre et les panoramas \u00e9poustouflants - Mer &amp; Territoire - Riviera dei Fiori","isPartOf":{"@id":"https:\/\/www.rivieradeifiori.it\/fr\/#website"},"primaryImageOfPage":{"@id":"https:\/\/www.rivieradeifiori.it\/fr\/mer-et-territoire\/lautoroute-des-fleurs-la-lumiere-lombre-et-les-panoramas-epoustouflants\/#primaryimage"},"image":{"@id":"https:\/\/www.rivieradeifiori.it\/fr\/mer-et-territoire\/lautoroute-des-fleurs-la-lumiere-lombre-et-les-panoramas-epoustouflants\/#primaryimage"},"thumbnailUrl":"https:\/\/www.rivieradeifiori.it\/wp-content\/uploads\/2017\/10\/Autostrada-Saverio-1.jpg","datePublished":"2018-01-03T15:58:15+00:00","dateModified":"2018-01-03T16:04:34+00:00","author":{"@id":"https:\/\/www.rivieradeifiori.it\/fr\/#\/schema\/person\/6cc4e4ed0d74f08798811653e64f69ed"},"breadcrumb":{"@id":"https:\/\/www.rivieradeifiori.it\/fr\/mer-et-territoire\/lautoroute-des-fleurs-la-lumiere-lombre-et-les-panoramas-epoustouflants\/#breadcrumb"},"inLanguage":"fr-FR","potentialAction":[{"@type":"ReadAction","target":["https:\/\/www.rivieradeifiori.it\/fr\/mer-et-territoire\/lautoroute-des-fleurs-la-lumiere-lombre-et-les-panoramas-epoustouflants\/"]}]},{"@type":"ImageObject","inLanguage":"fr-FR","@id":"https:\/\/www.rivieradeifiori.it\/fr\/mer-et-territoire\/lautoroute-des-fleurs-la-lumiere-lombre-et-les-panoramas-epoustouflants\/#primaryimage","url":"https:\/\/www.rivieradeifiori.it\/wp-content\/uploads\/2017\/10\/Autostrada-Saverio-1.jpg","contentUrl":"https:\/\/www.rivieradeifiori.it\/wp-content\/uploads\/2017\/10\/Autostrada-Saverio-1.jpg","width":2849,"height":1654},{"@type":"BreadcrumbList","@id":"https:\/\/www.rivieradeifiori.it\/fr\/mer-et-territoire\/lautoroute-des-fleurs-la-lumiere-lombre-et-les-panoramas-epoustouflants\/#breadcrumb","itemListElement":[{"@type":"ListItem","position":1,"name":"Home","item":"https:\/\/www.rivieradeifiori.it\/fr\/"},{"@type":"ListItem","position":2,"name":"L&#8217;Autoroute des Fleurs : la lumi\u00e8re, l&#8217;ombre et les panoramas \u00e9poustouflants"}]},{"@type":"WebSite","@id":"https:\/\/www.rivieradeifiori.it\/fr\/#website","url":"https:\/\/www.rivieradeifiori.it\/fr\/","name":"Riviera dei Fiori","description":"Un mare di colori","potentialAction":[{"@type":"SearchAction","target":{"@type":"EntryPoint","urlTemplate":"https:\/\/www.rivieradeifiori.it\/fr\/?s={search_term_string}"},"query-input":{"@type":"PropertyValueSpecification","valueRequired":true,"valueName":"search_term_string"}}],"inLanguage":"fr-FR"},{"@type":"Person","@id":"https:\/\/www.rivieradeifiori.it\/fr\/#\/schema\/person\/6cc4e4ed0d74f08798811653e64f69ed","name":"Luca Giovannetti","image":{"@type":"ImageObject","inLanguage":"fr-FR","@id":"https:\/\/www.rivieradeifiori.it\/fr\/#\/schema\/person\/image\/","url":"https:\/\/secure.gravatar.com\/avatar\/092abda2284c50268e586151e014cf903142e524662c62577231430ea44340cf?s=96&r=g&d=https:\/\/www.rivieradeifiori.it\/wp-content\/plugins\/userswp\/assets\/images\/no_profile.png","contentUrl":"https:\/\/secure.gravatar.com\/avatar\/092abda2284c50268e586151e014cf903142e524662c62577231430ea44340cf?s=96&r=g&d=https:\/\/www.rivieradeifiori.it\/wp-content\/plugins\/userswp\/assets\/images\/no_profile.png","caption":"Luca Giovannetti"}}]}},"_links":{"self":[{"href":"https:\/\/www.rivieradeifiori.it\/fr\/wp-json\/wp\/v2\/posts\/6612","targetHints":{"allow":["GET"]}}],"collection":[{"href":"https:\/\/www.rivieradeifiori.it\/fr\/wp-json\/wp\/v2\/posts"}],"about":[{"href":"https:\/\/www.rivieradeifiori.it\/fr\/wp-json\/wp\/v2\/types\/post"}],"author":[{"embeddable":true,"href":"https:\/\/www.rivieradeifiori.it\/fr\/wp-json\/wp\/v2\/users\/1"}],"replies":[{"embeddable":true,"href":"https:\/\/www.rivieradeifiori.it\/fr\/wp-json\/wp\/v2\/comments?post=6612"}],"version-history":[{"count":0,"href":"https:\/\/www.rivieradeifiori.it\/fr\/wp-json\/wp\/v2\/posts\/6612\/revisions"}],"wp:featuredmedia":[{"embeddable":true,"href":"https:\/\/www.rivieradeifiori.it\/fr\/wp-json\/wp\/v2\/media\/6423"}],"wp:attachment":[{"href":"https:\/\/www.rivieradeifiori.it\/fr\/wp-json\/wp\/v2\/media?parent=6612"}],"wp:term":[{"taxonomy":"category","embeddable":true,"href":"https:\/\/www.rivieradeifiori.it\/fr\/wp-json\/wp\/v2\/categories?post=6612"},{"taxonomy":"post_tag","embeddable":true,"href":"https:\/\/www.rivieradeifiori.it\/fr\/wp-json\/wp\/v2\/tags?post=6612"}],"curies":[{"name":"wp","href":"https:\/\/api.w.org\/{rel}","templated":true}]}}