{"id":5621,"date":"2017-08-16T14:12:34","date_gmt":"2017-08-16T12:12:34","guid":{"rendered":"http:\/\/www.rivieradeifiori.info\/fr\/?p=5621"},"modified":"2022-06-10T10:41:58","modified_gmt":"2022-06-10T08:41:58","slug":"le-palais-du-parc-marm-de-diano-marina-un-ecrin-abritant-beaucoup-de-tresors","status":"publish","type":"post","link":"https:\/\/www.rivieradeifiori.it\/fr\/art-et-culture\/le-palais-du-parc-marm-de-diano-marina-un-ecrin-abritant-beaucoup-de-tresors\/","title":{"rendered":"Le Palais du Parc MARM de Diano Marina : Un \u00e9crin abritant beaucoup de tr\u00e9sors"},"content":{"rendered":"<p>Le p\u00f4le culturel de la Commune de Diano Marina se trouve dans le Palais du Parc de Corso Garibaldi 60.\u00a0 Le visiteur pourra y trouver, sur plusieurs \u00e9tages, diverses r\u00e9alit\u00e9s culturelles, en commen\u00e7ant par la Biblioth\u00e8que intitul\u00e9e au po\u00e8te Angiolo Silvio Novaro, originaire de la ville.<\/p>\n<p>La Salle des Conf\u00e9rences de la Biblioth\u00e8que abrite une petite pinacoth\u00e8que avec les \u0153uvres des artistes qui ont b\u00e9n\u00e9fici\u00e9 de la Salle Expositions et Congr\u00e8s pour leurs propres expositions. Ces \u0153uvres augmentent constamment gr\u00e2ce aux dons des auteurs m\u00eames.<\/p>\n<p>Nous trouvons ensuite le nouveau am\u00e9nagement du Mus\u00e9e Civil Arch\u00e9ologique de Diano Marina, inaugur\u00e9 le 5 septembre 2004 par l&#8217;Institut International d\u2019\u00c9tudes Ligures. Ici, dans neuf salles d&#8217;exposition et une salle multim\u00e9dia, on peut admirer les pi\u00e8ces retrouv\u00e9es dans la zone qui va de Cap Berta au Cap Cervo, imputables \u00e0 une p\u00e9riode allant de la pr\u00e9histoire \u00e0 la romanit\u00e9.<\/p>\n<p>Le troisi\u00e8me \u00e9tage du Palais est d\u00e9di\u00e9 \u00e0 la Section Risorgimentale &#8221;Andrea Rossi&#8221;, inaugur\u00e9e le 23 juin 2007 et r\u00e9nov\u00e9e en mars 2011 \u00e0 l&#8217;occasion du 150<sup>\u00e8me<\/sup> anniversaire de l&#8217;unification de l&#8217;Italie. Ici sont expos\u00e9s les objets et souvenirs qui appartenait au &#8221;Pilota dei Mille&#8221;, Andrea Rossi, et au g\u00e9n\u00e9ral Nicola Ardoino, combattant du Risorgimento. Il y a des drapeaux, des uniformes (aussi celle des garibaldiens), m\u00e9dailles, armes, documents et m\u00eame la c\u00e9l\u00e8bre &#8221;lanterna&#8221;, offerte par Garibaldi \u00e0 la fille de Rossi, qui avait \u00e9t\u00e9 utilis\u00e9e par le h\u00e9ros des deux mondes pendant la descente de l&#8217;Aspromonte.<\/p>\n<p>Le p\u00f4le culturel dans le hall du Palais abrite la Section Min\u00e9ralogique, inaugur\u00e9e en 2005 et r\u00e9nov\u00e9e en mars 2011, qui, avec une partie de la collection du grand expert de min\u00e9ralogie, l\u2019ing\u00e9nieur De Cavero, compte plus de 250 pi\u00e8ces. Les min\u00e9raux viennent de zones de la Ligurie, de nombreuses r\u00e9gions italiennes et d&#8217;\u00e9tats \u00e9trangers comme la Suisse, le Br\u00e9sil, l&#8217;Uruguay, Madagascar et l&#8217;Afrique du Sud.<\/p>\n<p>Pour infos\u00a0: www.palazzodelparco.it<\/p>\n<p><em>[Viviana Spada]<\/em><\/p>\n\n\t\t<style type=\"text\/css\">\n\t\t\t#gallery-1 {\n\t\t\t\tmargin: auto;\n\t\t\t}\n\t\t\t#gallery-1 .gallery-item {\n\t\t\t\tfloat: left;\n\t\t\t\tmargin-top: 10px;\n\t\t\t\ttext-align: center;\n\t\t\t\twidth: 33%;\n\t\t\t}\n\t\t\t#gallery-1 img {\n\t\t\t\tborder: 2px solid #cfcfcf;\n\t\t\t}\n\t\t\t#gallery-1 .gallery-caption {\n\t\t\t\tmargin-left: 0;\n\t\t\t}\n\t\t\t\/* see gallery_shortcode() in wp-includes\/media.php *\/\n\t\t<\/style>\n\t\t<div id='gallery-1' class='gallery galleryid-5621 gallery-columns-3 gallery-size-thumbnail'><dl class='gallery-item'>\n\t\t\t<dt class='gallery-icon portrait'>\n\t\t\t\t<a href='https:\/\/www.rivieradeifiori.it\/fr\/art-et-culture\/le-palais-du-parc-marm-de-diano-marina-un-ecrin-abritant-beaucoup-de-tresors\/attachment\/museo-diano-3-2-2\/'><img decoding=\"async\" width=\"160\" height=\"160\" src=\"https:\/\/www.rivieradeifiori.it\/wp-content\/uploads\/2017\/08\/Museo-Diano-3-1-160x160.jpg\" class=\"attachment-thumbnail size-thumbnail\" alt=\"\" srcset=\"https:\/\/www.rivieradeifiori.it\/wp-content\/uploads\/2017\/08\/Museo-Diano-3-1-160x160.jpg 160w, https:\/\/www.rivieradeifiori.it\/wp-content\/uploads\/2017\/08\/Museo-Diano-3-1-440x440.jpg 440w, https:\/\/www.rivieradeifiori.it\/wp-content\/uploads\/2017\/08\/Museo-Diano-3-1-150x150.jpg 150w, https:\/\/www.rivieradeifiori.it\/wp-content\/uploads\/2017\/08\/Museo-Diano-3-1-65x65.jpg 65w, https:\/\/www.rivieradeifiori.it\/wp-content\/uploads\/2017\/08\/Museo-Diano-3-1-180x180.jpg 180w, https:\/\/www.rivieradeifiori.it\/wp-content\/uploads\/2017\/08\/Museo-Diano-3-1-300x300.jpg 300w, https:\/\/www.rivieradeifiori.it\/wp-content\/uploads\/2017\/08\/Museo-Diano-3-1-600x600.jpg 600w\" sizes=\"(max-width: 160px) 100vw, 160px\" \/><\/a>\n\t\t\t<\/dt><\/dl><dl class='gallery-item'>\n\t\t\t<dt class='gallery-icon landscape'>\n\t\t\t\t<a href='https:\/\/www.rivieradeifiori.it\/fr\/art-et-culture\/le-palais-du-parc-marm-de-diano-marina-un-ecrin-abritant-beaucoup-de-tresors\/attachment\/museo-diano-2-2-2\/'><img decoding=\"async\" width=\"160\" height=\"160\" src=\"https:\/\/www.rivieradeifiori.it\/wp-content\/uploads\/2017\/08\/Museo-Diano-2-1-160x160.jpg\" class=\"attachment-thumbnail size-thumbnail\" alt=\"\" srcset=\"https:\/\/www.rivieradeifiori.it\/wp-content\/uploads\/2017\/08\/Museo-Diano-2-1-160x160.jpg 160w, https:\/\/www.rivieradeifiori.it\/wp-content\/uploads\/2017\/08\/Museo-Diano-2-1-440x440.jpg 440w, https:\/\/www.rivieradeifiori.it\/wp-content\/uploads\/2017\/08\/Museo-Diano-2-1-150x150.jpg 150w, https:\/\/www.rivieradeifiori.it\/wp-content\/uploads\/2017\/08\/Museo-Diano-2-1-65x65.jpg 65w, https:\/\/www.rivieradeifiori.it\/wp-content\/uploads\/2017\/08\/Museo-Diano-2-1-180x180.jpg 180w, https:\/\/www.rivieradeifiori.it\/wp-content\/uploads\/2017\/08\/Museo-Diano-2-1-300x300.jpg 300w, https:\/\/www.rivieradeifiori.it\/wp-content\/uploads\/2017\/08\/Museo-Diano-2-1-600x600.jpg 600w\" sizes=\"(max-width: 160px) 100vw, 160px\" \/><\/a>\n\t\t\t<\/dt><\/dl><dl class='gallery-item'>\n\t\t\t<dt class='gallery-icon landscape'>\n\t\t\t\t<a href='https:\/\/www.rivieradeifiori.it\/fr\/art-et-culture\/le-palais-du-parc-marm-de-diano-marina-un-ecrin-abritant-beaucoup-de-tresors\/attachment\/museo-diano-1-2-2\/'><img decoding=\"async\" width=\"160\" height=\"160\" src=\"https:\/\/www.rivieradeifiori.it\/wp-content\/uploads\/2017\/08\/Museo-Diano-1-1-160x160.jpg\" class=\"attachment-thumbnail size-thumbnail\" alt=\"\" srcset=\"https:\/\/www.rivieradeifiori.it\/wp-content\/uploads\/2017\/08\/Museo-Diano-1-1-160x160.jpg 160w, https:\/\/www.rivieradeifiori.it\/wp-content\/uploads\/2017\/08\/Museo-Diano-1-1-440x440.jpg 440w, https:\/\/www.rivieradeifiori.it\/wp-content\/uploads\/2017\/08\/Museo-Diano-1-1-150x150.jpg 150w, https:\/\/www.rivieradeifiori.it\/wp-content\/uploads\/2017\/08\/Museo-Diano-1-1-65x65.jpg 65w, https:\/\/www.rivieradeifiori.it\/wp-content\/uploads\/2017\/08\/Museo-Diano-1-1-180x180.jpg 180w, https:\/\/www.rivieradeifiori.it\/wp-content\/uploads\/2017\/08\/Museo-Diano-1-1-300x300.jpg 300w, https:\/\/www.rivieradeifiori.it\/wp-content\/uploads\/2017\/08\/Museo-Diano-1-1-600x600.jpg 600w\" sizes=\"(max-width: 160px) 100vw, 160px\" \/><\/a>\n\t\t\t<\/dt><\/dl><br style=\"clear: both\" \/>\n\t\t<\/div>\n\n","protected":false},"excerpt":{"rendered":"<p>Le p\u00f4le culturel de la Commune de Diano Marina se trouve dans le Palais du Parc de Corso Garibaldi 60.\u00a0 Le visiteur pourra y trouver, sur plusieurs \u00e9tages, diverses r\u00e9alit\u00e9s culturelles, en commen\u00e7ant par la Biblioth\u00e8que intitul\u00e9e au po\u00e8te Angiolo Silvio Novaro, originaire de la ville. La Salle des Conf\u00e9rences de la Biblioth\u00e8que abrite une [&hellip;]<\/p>\n","protected":false},"author":1,"featured_media":5610,"comment_status":"closed","ping_status":"open","sticky":false,"template":"","format":"standard","meta":{"_et_pb_use_builder":"","_et_pb_old_content":"","_et_gb_content_width":"","_eb_attr":"","_vp_format_video_url":"","_vp_image_focal_point":[],"_vp_custom_popup_image":0,"_vp_format_audio_url":"","_vp_custom_thumbnail":0,"_vp_custom_thumbnail_focal_point":[],"_vp_hover_thumbnail":0,"_vp_hover_thumbnail_focal_point":[],"footnotes":""},"categories":[49],"tags":[1033,1264],"class_list":["post-5621","post","type-post","status-publish","format-standard","has-post-thumbnail","hentry","category-art-et-culture","tag-diano-marina-fr","tag-musees","et-has-post-format-content","et_post_format-et-post-format-standard"],"yoast_head":"<!-- This site is optimized with the Yoast SEO plugin v25.7 - https:\/\/yoast.com\/wordpress\/plugins\/seo\/ -->\n<title>Le Palais du Parc MARM de Diano Marina : Un \u00e9crin abritant beaucoup de tr\u00e9sors - Art &amp; Culture - Riviera dei Fiori<\/title>\n<meta name=\"robots\" content=\"index, follow, max-snippet:-1, max-image-preview:large, max-video-preview:-1\" \/>\n<link rel=\"canonical\" href=\"https:\/\/www.rivieradeifiori.it\/fr\/art-et-culture\/le-palais-du-parc-marm-de-diano-marina-un-ecrin-abritant-beaucoup-de-tresors\/\" \/>\n<meta name=\"twitter:label1\" content=\"\u00c9crit par\" \/>\n\t<meta name=\"twitter:data1\" content=\"Luca Giovannetti\" \/>\n\t<meta name=\"twitter:label2\" content=\"Dur\u00e9e de lecture estim\u00e9e\" \/>\n\t<meta name=\"twitter:data2\" content=\"2 minutes\" \/>\n<script type=\"application\/ld+json\" class=\"yoast-schema-graph\">{\"@context\":\"https:\/\/schema.org\",\"@graph\":[{\"@type\":\"WebPage\",\"@id\":\"https:\/\/www.rivieradeifiori.it\/fr\/art-et-culture\/le-palais-du-parc-marm-de-diano-marina-un-ecrin-abritant-beaucoup-de-tresors\/\",\"url\":\"https:\/\/www.rivieradeifiori.it\/fr\/art-et-culture\/le-palais-du-parc-marm-de-diano-marina-un-ecrin-abritant-beaucoup-de-tresors\/\",\"name\":\"Le Palais du Parc MARM de Diano Marina : Un \u00e9crin abritant beaucoup de tr\u00e9sors - Art &amp; Culture - Riviera dei Fiori\",\"isPartOf\":{\"@id\":\"https:\/\/www.rivieradeifiori.it\/fr\/#website\"},\"primaryImageOfPage\":{\"@id\":\"https:\/\/www.rivieradeifiori.it\/fr\/art-et-culture\/le-palais-du-parc-marm-de-diano-marina-un-ecrin-abritant-beaucoup-de-tresors\/#primaryimage\"},\"image\":{\"@id\":\"https:\/\/www.rivieradeifiori.it\/fr\/art-et-culture\/le-palais-du-parc-marm-de-diano-marina-un-ecrin-abritant-beaucoup-de-tresors\/#primaryimage\"},\"thumbnailUrl\":\"https:\/\/www.rivieradeifiori.it\/wp-content\/uploads\/2017\/08\/Museo-Diano-2-1.jpg\",\"datePublished\":\"2017-08-16T12:12:34+00:00\",\"dateModified\":\"2022-06-10T08:41:58+00:00\",\"author\":{\"@id\":\"https:\/\/www.rivieradeifiori.it\/fr\/#\/schema\/person\/6cc4e4ed0d74f08798811653e64f69ed\"},\"breadcrumb\":{\"@id\":\"https:\/\/www.rivieradeifiori.it\/fr\/art-et-culture\/le-palais-du-parc-marm-de-diano-marina-un-ecrin-abritant-beaucoup-de-tresors\/#breadcrumb\"},\"inLanguage\":\"fr-FR\",\"potentialAction\":[{\"@type\":\"ReadAction\",\"target\":[\"https:\/\/www.rivieradeifiori.it\/fr\/art-et-culture\/le-palais-du-parc-marm-de-diano-marina-un-ecrin-abritant-beaucoup-de-tresors\/\"]}]},{\"@type\":\"ImageObject\",\"inLanguage\":\"fr-FR\",\"@id\":\"https:\/\/www.rivieradeifiori.it\/fr\/art-et-culture\/le-palais-du-parc-marm-de-diano-marina-un-ecrin-abritant-beaucoup-de-tresors\/#primaryimage\",\"url\":\"https:\/\/www.rivieradeifiori.it\/wp-content\/uploads\/2017\/08\/Museo-Diano-2-1.jpg\",\"contentUrl\":\"https:\/\/www.rivieradeifiori.it\/wp-content\/uploads\/2017\/08\/Museo-Diano-2-1.jpg\",\"width\":1417,\"height\":945},{\"@type\":\"BreadcrumbList\",\"@id\":\"https:\/\/www.rivieradeifiori.it\/fr\/art-et-culture\/le-palais-du-parc-marm-de-diano-marina-un-ecrin-abritant-beaucoup-de-tresors\/#breadcrumb\",\"itemListElement\":[{\"@type\":\"ListItem\",\"position\":1,\"name\":\"Home\",\"item\":\"https:\/\/www.rivieradeifiori.it\/fr\/\"},{\"@type\":\"ListItem\",\"position\":2,\"name\":\"Le Palais du Parc MARM de Diano Marina : Un \u00e9crin abritant beaucoup de tr\u00e9sors\"}]},{\"@type\":\"WebSite\",\"@id\":\"https:\/\/www.rivieradeifiori.it\/fr\/#website\",\"url\":\"https:\/\/www.rivieradeifiori.it\/fr\/\",\"name\":\"Riviera dei Fiori\",\"description\":\"Un mare di colori\",\"potentialAction\":[{\"@type\":\"SearchAction\",\"target\":{\"@type\":\"EntryPoint\",\"urlTemplate\":\"https:\/\/www.rivieradeifiori.it\/fr\/?s={search_term_string}\"},\"query-input\":{\"@type\":\"PropertyValueSpecification\",\"valueRequired\":true,\"valueName\":\"search_term_string\"}}],\"inLanguage\":\"fr-FR\"},{\"@type\":\"Person\",\"@id\":\"https:\/\/www.rivieradeifiori.it\/fr\/#\/schema\/person\/6cc4e4ed0d74f08798811653e64f69ed\",\"name\":\"Luca Giovannetti\",\"image\":{\"@type\":\"ImageObject\",\"inLanguage\":\"fr-FR\",\"@id\":\"https:\/\/www.rivieradeifiori.it\/fr\/#\/schema\/person\/image\/\",\"url\":\"https:\/\/secure.gravatar.com\/avatar\/092abda2284c50268e586151e014cf903142e524662c62577231430ea44340cf?s=96&r=g&d=https:\/\/www.rivieradeifiori.it\/wp-content\/plugins\/userswp\/assets\/images\/no_profile.png\",\"contentUrl\":\"https:\/\/secure.gravatar.com\/avatar\/092abda2284c50268e586151e014cf903142e524662c62577231430ea44340cf?s=96&r=g&d=https:\/\/www.rivieradeifiori.it\/wp-content\/plugins\/userswp\/assets\/images\/no_profile.png\",\"caption\":\"Luca Giovannetti\"}}]}<\/script>\n<!-- \/ Yoast SEO plugin. -->","yoast_head_json":{"title":"Le Palais du Parc MARM de Diano Marina : Un \u00e9crin abritant beaucoup de tr\u00e9sors - Art &amp; Culture - Riviera dei Fiori","robots":{"index":"index","follow":"follow","max-snippet":"max-snippet:-1","max-image-preview":"max-image-preview:large","max-video-preview":"max-video-preview:-1"},"canonical":"https:\/\/www.rivieradeifiori.it\/fr\/art-et-culture\/le-palais-du-parc-marm-de-diano-marina-un-ecrin-abritant-beaucoup-de-tresors\/","twitter_misc":{"\u00c9crit par":"Luca Giovannetti","Dur\u00e9e de lecture estim\u00e9e":"2 minutes"},"schema":{"@context":"https:\/\/schema.org","@graph":[{"@type":"WebPage","@id":"https:\/\/www.rivieradeifiori.it\/fr\/art-et-culture\/le-palais-du-parc-marm-de-diano-marina-un-ecrin-abritant-beaucoup-de-tresors\/","url":"https:\/\/www.rivieradeifiori.it\/fr\/art-et-culture\/le-palais-du-parc-marm-de-diano-marina-un-ecrin-abritant-beaucoup-de-tresors\/","name":"Le Palais du Parc MARM de Diano Marina : Un \u00e9crin abritant beaucoup de tr\u00e9sors - Art &amp; Culture - Riviera dei Fiori","isPartOf":{"@id":"https:\/\/www.rivieradeifiori.it\/fr\/#website"},"primaryImageOfPage":{"@id":"https:\/\/www.rivieradeifiori.it\/fr\/art-et-culture\/le-palais-du-parc-marm-de-diano-marina-un-ecrin-abritant-beaucoup-de-tresors\/#primaryimage"},"image":{"@id":"https:\/\/www.rivieradeifiori.it\/fr\/art-et-culture\/le-palais-du-parc-marm-de-diano-marina-un-ecrin-abritant-beaucoup-de-tresors\/#primaryimage"},"thumbnailUrl":"https:\/\/www.rivieradeifiori.it\/wp-content\/uploads\/2017\/08\/Museo-Diano-2-1.jpg","datePublished":"2017-08-16T12:12:34+00:00","dateModified":"2022-06-10T08:41:58+00:00","author":{"@id":"https:\/\/www.rivieradeifiori.it\/fr\/#\/schema\/person\/6cc4e4ed0d74f08798811653e64f69ed"},"breadcrumb":{"@id":"https:\/\/www.rivieradeifiori.it\/fr\/art-et-culture\/le-palais-du-parc-marm-de-diano-marina-un-ecrin-abritant-beaucoup-de-tresors\/#breadcrumb"},"inLanguage":"fr-FR","potentialAction":[{"@type":"ReadAction","target":["https:\/\/www.rivieradeifiori.it\/fr\/art-et-culture\/le-palais-du-parc-marm-de-diano-marina-un-ecrin-abritant-beaucoup-de-tresors\/"]}]},{"@type":"ImageObject","inLanguage":"fr-FR","@id":"https:\/\/www.rivieradeifiori.it\/fr\/art-et-culture\/le-palais-du-parc-marm-de-diano-marina-un-ecrin-abritant-beaucoup-de-tresors\/#primaryimage","url":"https:\/\/www.rivieradeifiori.it\/wp-content\/uploads\/2017\/08\/Museo-Diano-2-1.jpg","contentUrl":"https:\/\/www.rivieradeifiori.it\/wp-content\/uploads\/2017\/08\/Museo-Diano-2-1.jpg","width":1417,"height":945},{"@type":"BreadcrumbList","@id":"https:\/\/www.rivieradeifiori.it\/fr\/art-et-culture\/le-palais-du-parc-marm-de-diano-marina-un-ecrin-abritant-beaucoup-de-tresors\/#breadcrumb","itemListElement":[{"@type":"ListItem","position":1,"name":"Home","item":"https:\/\/www.rivieradeifiori.it\/fr\/"},{"@type":"ListItem","position":2,"name":"Le Palais du Parc MARM de Diano Marina : Un \u00e9crin abritant beaucoup de tr\u00e9sors"}]},{"@type":"WebSite","@id":"https:\/\/www.rivieradeifiori.it\/fr\/#website","url":"https:\/\/www.rivieradeifiori.it\/fr\/","name":"Riviera dei Fiori","description":"Un mare di colori","potentialAction":[{"@type":"SearchAction","target":{"@type":"EntryPoint","urlTemplate":"https:\/\/www.rivieradeifiori.it\/fr\/?s={search_term_string}"},"query-input":{"@type":"PropertyValueSpecification","valueRequired":true,"valueName":"search_term_string"}}],"inLanguage":"fr-FR"},{"@type":"Person","@id":"https:\/\/www.rivieradeifiori.it\/fr\/#\/schema\/person\/6cc4e4ed0d74f08798811653e64f69ed","name":"Luca Giovannetti","image":{"@type":"ImageObject","inLanguage":"fr-FR","@id":"https:\/\/www.rivieradeifiori.it\/fr\/#\/schema\/person\/image\/","url":"https:\/\/secure.gravatar.com\/avatar\/092abda2284c50268e586151e014cf903142e524662c62577231430ea44340cf?s=96&r=g&d=https:\/\/www.rivieradeifiori.it\/wp-content\/plugins\/userswp\/assets\/images\/no_profile.png","contentUrl":"https:\/\/secure.gravatar.com\/avatar\/092abda2284c50268e586151e014cf903142e524662c62577231430ea44340cf?s=96&r=g&d=https:\/\/www.rivieradeifiori.it\/wp-content\/plugins\/userswp\/assets\/images\/no_profile.png","caption":"Luca Giovannetti"}}]}},"_links":{"self":[{"href":"https:\/\/www.rivieradeifiori.it\/fr\/wp-json\/wp\/v2\/posts\/5621","targetHints":{"allow":["GET"]}}],"collection":[{"href":"https:\/\/www.rivieradeifiori.it\/fr\/wp-json\/wp\/v2\/posts"}],"about":[{"href":"https:\/\/www.rivieradeifiori.it\/fr\/wp-json\/wp\/v2\/types\/post"}],"author":[{"embeddable":true,"href":"https:\/\/www.rivieradeifiori.it\/fr\/wp-json\/wp\/v2\/users\/1"}],"replies":[{"embeddable":true,"href":"https:\/\/www.rivieradeifiori.it\/fr\/wp-json\/wp\/v2\/comments?post=5621"}],"version-history":[{"count":1,"href":"https:\/\/www.rivieradeifiori.it\/fr\/wp-json\/wp\/v2\/posts\/5621\/revisions"}],"predecessor-version":[{"id":15915,"href":"https:\/\/www.rivieradeifiori.it\/fr\/wp-json\/wp\/v2\/posts\/5621\/revisions\/15915"}],"wp:featuredmedia":[{"embeddable":true,"href":"https:\/\/www.rivieradeifiori.it\/fr\/wp-json\/wp\/v2\/media\/5610"}],"wp:attachment":[{"href":"https:\/\/www.rivieradeifiori.it\/fr\/wp-json\/wp\/v2\/media?parent=5621"}],"wp:term":[{"taxonomy":"category","embeddable":true,"href":"https:\/\/www.rivieradeifiori.it\/fr\/wp-json\/wp\/v2\/categories?post=5621"},{"taxonomy":"post_tag","embeddable":true,"href":"https:\/\/www.rivieradeifiori.it\/fr\/wp-json\/wp\/v2\/tags?post=5621"}],"curies":[{"name":"wp","href":"https:\/\/api.w.org\/{rel}","templated":true}]}}