{"id":5596,"date":"2017-08-16T13:09:54","date_gmt":"2017-08-16T11:09:54","guid":{"rendered":"http:\/\/www.rivieradeifiori.info\/fr\/?p=5596"},"modified":"2022-06-10T11:12:29","modified_gmt":"2022-06-10T09:12:29","slug":"les-fonds-marins-de-capo-mortola","status":"publish","type":"post","link":"https:\/\/www.rivieradeifiori.it\/fr\/mer-et-territoire\/la-mer\/les-fonds-marins-de-capo-mortola\/","title":{"rendered":"Les fonds marins de Capo Mortola"},"content":{"rendered":"<p>Gr\u00e2ce \u00e0 sa position geographique favorable la Ligurie, et notamment son extr\u00eame ouest, abrite dans son territoire des environnements naturels tr\u00e8s divers, car elle comprend les trois aires biogeographiques propres de l&#8217;Italie\u00a0: alpine, continentale et mediterrann\u00e9enne.\u00a0 L&#8217;un des 125 Sic ligures (Sites d&#8217;Inter\u00eat Communautaire, dont 26 sont des sites marins) est represent\u00e9 par la zone autour du Capo Mortola \u00e0 Vintimille. Ici la biodiversit\u00e9 est particulierement marqu\u00e9e \u00e0 cause de l&#8217;alternance de fonds rocheaux et sableux. Les profondeurs de Capo Mortola sont caracteris\u00e9es par\u00a0 trois prairies de posidonie oceanique, une \u00e9sp\u00e8ce d&#8217;algue proteg\u00e9e par les normes europ\u00e9ennes en raison de sa grande capacit\u00e9 de regenerer l&#8217;oxig\u00e9ne dans l&#8217;eau, ce qui favorise justement la biodiversit\u00e9.<\/p>\n<p>Sur les fonds de Capo Mortola sont presents, entre autre, le bivalve Pinna Nobilis et de nombreuses \u00e9speces d&#8217;invertebr\u00e9s, les hippocampes, les girelles et les anguilles v\u00e9sardes (Syngnathus tiphle).<\/p>\n<p>D&#8217;une importance particuli\u00e9re, pour sa richesse de vari\u00e9t\u00e9s, le gisement de fossils presents dans la zone de plage\u00a0: de differents types de mollusques, oursins et\u00a0 polych\u00e9tes. Beaucoup sont aussi les traces fossiles qui fournissent des informations \u00e0 l&#8217;egard de l&#8217;organisme qui les \u00e0 gener\u00e9es.<\/p>\n<p>C&#8217;est l&#8217;Universit\u00e9 de G\u00eanes avec son &#8221;Centro di servizio di ateneo per Giardini Botanici Hambury&#8221; qui g\u00e8re le site.<\/p>\n<p><em>[Andrea Moggio &#8211; Photos Mauro Malugani]<\/em><\/p>\n\n\t\t<style type=\"text\/css\">\n\t\t\t#gallery-1 {\n\t\t\t\tmargin: auto;\n\t\t\t}\n\t\t\t#gallery-1 .gallery-item {\n\t\t\t\tfloat: left;\n\t\t\t\tmargin-top: 10px;\n\t\t\t\ttext-align: center;\n\t\t\t\twidth: 33%;\n\t\t\t}\n\t\t\t#gallery-1 img {\n\t\t\t\tborder: 2px solid #cfcfcf;\n\t\t\t}\n\t\t\t#gallery-1 .gallery-caption {\n\t\t\t\tmargin-left: 0;\n\t\t\t}\n\t\t\t\/* see gallery_shortcode() in wp-includes\/media.php *\/\n\t\t<\/style>\n\t\t<div id='gallery-1' class='gallery galleryid-5596 gallery-columns-3 gallery-size-thumbnail'><dl class='gallery-item'>\n\t\t\t<dt class='gallery-icon landscape'>\n\t\t\t\t<a href='https:\/\/www.rivieradeifiori.it\/fr\/mer-et-territoire\/la-mer\/les-fonds-marins-de-capo-mortola\/attachment\/fondali-capo-mortola-by-mauro-malugani-1-2-2\/'><img decoding=\"async\" width=\"160\" height=\"160\" src=\"https:\/\/www.rivieradeifiori.it\/wp-content\/uploads\/2017\/08\/Fondali-Capo-Mortola-by-Mauro-Malugani-1-1-160x160.png\" class=\"attachment-thumbnail size-thumbnail\" alt=\"\" srcset=\"https:\/\/www.rivieradeifiori.it\/wp-content\/uploads\/2017\/08\/Fondali-Capo-Mortola-by-Mauro-Malugani-1-1-160x160.png 160w, https:\/\/www.rivieradeifiori.it\/wp-content\/uploads\/2017\/08\/Fondali-Capo-Mortola-by-Mauro-Malugani-1-1-440x440.png 440w, https:\/\/www.rivieradeifiori.it\/wp-content\/uploads\/2017\/08\/Fondali-Capo-Mortola-by-Mauro-Malugani-1-1-150x150.png 150w, https:\/\/www.rivieradeifiori.it\/wp-content\/uploads\/2017\/08\/Fondali-Capo-Mortola-by-Mauro-Malugani-1-1-65x65.png 65w, https:\/\/www.rivieradeifiori.it\/wp-content\/uploads\/2017\/08\/Fondali-Capo-Mortola-by-Mauro-Malugani-1-1-180x180.png 180w, https:\/\/www.rivieradeifiori.it\/wp-content\/uploads\/2017\/08\/Fondali-Capo-Mortola-by-Mauro-Malugani-1-1-300x300.png 300w, https:\/\/www.rivieradeifiori.it\/wp-content\/uploads\/2017\/08\/Fondali-Capo-Mortola-by-Mauro-Malugani-1-1-600x600.png 600w\" sizes=\"(max-width: 160px) 100vw, 160px\" \/><\/a>\n\t\t\t<\/dt><\/dl><dl class='gallery-item'>\n\t\t\t<dt class='gallery-icon landscape'>\n\t\t\t\t<a href='https:\/\/www.rivieradeifiori.it\/fr\/mer-et-territoire\/la-mer\/les-fonds-marins-de-capo-mortola\/attachment\/fondali-capo-mortola-by-mauro-malugani-11-2-2\/'><img decoding=\"async\" width=\"160\" height=\"160\" src=\"https:\/\/www.rivieradeifiori.it\/wp-content\/uploads\/2017\/08\/Fondali-Capo-Mortola-by-Mauro-Malugani-11-1-160x160.png\" class=\"attachment-thumbnail size-thumbnail\" alt=\"\" srcset=\"https:\/\/www.rivieradeifiori.it\/wp-content\/uploads\/2017\/08\/Fondali-Capo-Mortola-by-Mauro-Malugani-11-1-160x160.png 160w, https:\/\/www.rivieradeifiori.it\/wp-content\/uploads\/2017\/08\/Fondali-Capo-Mortola-by-Mauro-Malugani-11-1-440x440.png 440w, https:\/\/www.rivieradeifiori.it\/wp-content\/uploads\/2017\/08\/Fondali-Capo-Mortola-by-Mauro-Malugani-11-1-150x150.png 150w, https:\/\/www.rivieradeifiori.it\/wp-content\/uploads\/2017\/08\/Fondali-Capo-Mortola-by-Mauro-Malugani-11-1-65x65.png 65w, https:\/\/www.rivieradeifiori.it\/wp-content\/uploads\/2017\/08\/Fondali-Capo-Mortola-by-Mauro-Malugani-11-1-180x180.png 180w, https:\/\/www.rivieradeifiori.it\/wp-content\/uploads\/2017\/08\/Fondali-Capo-Mortola-by-Mauro-Malugani-11-1-300x300.png 300w, https:\/\/www.rivieradeifiori.it\/wp-content\/uploads\/2017\/08\/Fondali-Capo-Mortola-by-Mauro-Malugani-11-1-600x600.png 600w\" sizes=\"(max-width: 160px) 100vw, 160px\" \/><\/a>\n\t\t\t<\/dt><\/dl><dl class='gallery-item'>\n\t\t\t<dt class='gallery-icon landscape'>\n\t\t\t\t<a href='https:\/\/www.rivieradeifiori.it\/fr\/mer-et-territoire\/la-mer\/les-fonds-marins-de-capo-mortola\/attachment\/fondali-capo-mortola-by-mauro-malugani-2-2-2\/'><img decoding=\"async\" width=\"160\" height=\"160\" src=\"https:\/\/www.rivieradeifiori.it\/wp-content\/uploads\/2017\/08\/Fondali-Capo-Mortola-by-Mauro-Malugani-2-1-160x160.png\" class=\"attachment-thumbnail size-thumbnail\" alt=\"\" srcset=\"https:\/\/www.rivieradeifiori.it\/wp-content\/uploads\/2017\/08\/Fondali-Capo-Mortola-by-Mauro-Malugani-2-1-160x160.png 160w, https:\/\/www.rivieradeifiori.it\/wp-content\/uploads\/2017\/08\/Fondali-Capo-Mortola-by-Mauro-Malugani-2-1-440x440.png 440w, https:\/\/www.rivieradeifiori.it\/wp-content\/uploads\/2017\/08\/Fondali-Capo-Mortola-by-Mauro-Malugani-2-1-150x150.png 150w, https:\/\/www.rivieradeifiori.it\/wp-content\/uploads\/2017\/08\/Fondali-Capo-Mortola-by-Mauro-Malugani-2-1-65x65.png 65w, https:\/\/www.rivieradeifiori.it\/wp-content\/uploads\/2017\/08\/Fondali-Capo-Mortola-by-Mauro-Malugani-2-1-180x180.png 180w, https:\/\/www.rivieradeifiori.it\/wp-content\/uploads\/2017\/08\/Fondali-Capo-Mortola-by-Mauro-Malugani-2-1-300x300.png 300w, https:\/\/www.rivieradeifiori.it\/wp-content\/uploads\/2017\/08\/Fondali-Capo-Mortola-by-Mauro-Malugani-2-1-600x600.png 600w\" sizes=\"(max-width: 160px) 100vw, 160px\" \/><\/a>\n\t\t\t<\/dt><\/dl><br style=\"clear: both\" \/><dl class='gallery-item'>\n\t\t\t<dt class='gallery-icon landscape'>\n\t\t\t\t<a href='https:\/\/www.rivieradeifiori.it\/fr\/mer-et-territoire\/la-mer\/les-fonds-marins-de-capo-mortola\/attachment\/fondali-capo-mortola-by-mauro-malugani-3-2-2\/'><img decoding=\"async\" width=\"160\" height=\"160\" src=\"https:\/\/www.rivieradeifiori.it\/wp-content\/uploads\/2017\/08\/Fondali-Capo-Mortola-by-Mauro-Malugani-3-1-160x160.png\" class=\"attachment-thumbnail size-thumbnail\" alt=\"\" srcset=\"https:\/\/www.rivieradeifiori.it\/wp-content\/uploads\/2017\/08\/Fondali-Capo-Mortola-by-Mauro-Malugani-3-1-160x160.png 160w, https:\/\/www.rivieradeifiori.it\/wp-content\/uploads\/2017\/08\/Fondali-Capo-Mortola-by-Mauro-Malugani-3-1-440x440.png 440w, https:\/\/www.rivieradeifiori.it\/wp-content\/uploads\/2017\/08\/Fondali-Capo-Mortola-by-Mauro-Malugani-3-1-150x150.png 150w, https:\/\/www.rivieradeifiori.it\/wp-content\/uploads\/2017\/08\/Fondali-Capo-Mortola-by-Mauro-Malugani-3-1-65x65.png 65w, https:\/\/www.rivieradeifiori.it\/wp-content\/uploads\/2017\/08\/Fondali-Capo-Mortola-by-Mauro-Malugani-3-1-180x180.png 180w, https:\/\/www.rivieradeifiori.it\/wp-content\/uploads\/2017\/08\/Fondali-Capo-Mortola-by-Mauro-Malugani-3-1-300x300.png 300w, https:\/\/www.rivieradeifiori.it\/wp-content\/uploads\/2017\/08\/Fondali-Capo-Mortola-by-Mauro-Malugani-3-1-600x600.png 600w\" sizes=\"(max-width: 160px) 100vw, 160px\" \/><\/a>\n\t\t\t<\/dt><\/dl><dl class='gallery-item'>\n\t\t\t<dt class='gallery-icon landscape'>\n\t\t\t\t<a href='https:\/\/www.rivieradeifiori.it\/fr\/fondali-capo-mortola-by-mauro-malugani-4-2\/'><img decoding=\"async\" width=\"160\" height=\"160\" src=\"https:\/\/www.rivieradeifiori.it\/wp-content\/uploads\/2017\/08\/Fondali-Capo-Mortola-by-Mauro-Malugani-4-1-160x160.png\" class=\"attachment-thumbnail size-thumbnail\" alt=\"\" srcset=\"https:\/\/www.rivieradeifiori.it\/wp-content\/uploads\/2017\/08\/Fondali-Capo-Mortola-by-Mauro-Malugani-4-1-160x160.png 160w, https:\/\/www.rivieradeifiori.it\/wp-content\/uploads\/2017\/08\/Fondali-Capo-Mortola-by-Mauro-Malugani-4-1-440x440.png 440w, https:\/\/www.rivieradeifiori.it\/wp-content\/uploads\/2017\/08\/Fondali-Capo-Mortola-by-Mauro-Malugani-4-1-150x150.png 150w, https:\/\/www.rivieradeifiori.it\/wp-content\/uploads\/2017\/08\/Fondali-Capo-Mortola-by-Mauro-Malugani-4-1-65x65.png 65w, https:\/\/www.rivieradeifiori.it\/wp-content\/uploads\/2017\/08\/Fondali-Capo-Mortola-by-Mauro-Malugani-4-1-180x180.png 180w, https:\/\/www.rivieradeifiori.it\/wp-content\/uploads\/2017\/08\/Fondali-Capo-Mortola-by-Mauro-Malugani-4-1-300x300.png 300w, https:\/\/www.rivieradeifiori.it\/wp-content\/uploads\/2017\/08\/Fondali-Capo-Mortola-by-Mauro-Malugani-4-1-600x600.png 600w\" sizes=\"(max-width: 160px) 100vw, 160px\" \/><\/a>\n\t\t\t<\/dt><\/dl><dl class='gallery-item'>\n\t\t\t<dt class='gallery-icon landscape'>\n\t\t\t\t<a href='https:\/\/www.rivieradeifiori.it\/fr\/fondali-capo-mortola-by-mauro-malugani-5-2\/'><img decoding=\"async\" width=\"160\" height=\"160\" src=\"https:\/\/www.rivieradeifiori.it\/wp-content\/uploads\/2017\/08\/Fondali-Capo-Mortola-by-Mauro-Malugani-5-1-160x160.png\" class=\"attachment-thumbnail size-thumbnail\" alt=\"\" srcset=\"https:\/\/www.rivieradeifiori.it\/wp-content\/uploads\/2017\/08\/Fondali-Capo-Mortola-by-Mauro-Malugani-5-1-160x160.png 160w, https:\/\/www.rivieradeifiori.it\/wp-content\/uploads\/2017\/08\/Fondali-Capo-Mortola-by-Mauro-Malugani-5-1-440x440.png 440w, https:\/\/www.rivieradeifiori.it\/wp-content\/uploads\/2017\/08\/Fondali-Capo-Mortola-by-Mauro-Malugani-5-1-150x150.png 150w, https:\/\/www.rivieradeifiori.it\/wp-content\/uploads\/2017\/08\/Fondali-Capo-Mortola-by-Mauro-Malugani-5-1-65x65.png 65w, https:\/\/www.rivieradeifiori.it\/wp-content\/uploads\/2017\/08\/Fondali-Capo-Mortola-by-Mauro-Malugani-5-1-180x180.png 180w, https:\/\/www.rivieradeifiori.it\/wp-content\/uploads\/2017\/08\/Fondali-Capo-Mortola-by-Mauro-Malugani-5-1-300x300.png 300w, https:\/\/www.rivieradeifiori.it\/wp-content\/uploads\/2017\/08\/Fondali-Capo-Mortola-by-Mauro-Malugani-5-1-600x600.png 600w\" sizes=\"(max-width: 160px) 100vw, 160px\" \/><\/a>\n\t\t\t<\/dt><\/dl><br style=\"clear: both\" \/><dl class='gallery-item'>\n\t\t\t<dt class='gallery-icon landscape'>\n\t\t\t\t<a href='https:\/\/www.rivieradeifiori.it\/fr\/fondali-capo-mortola-by-mauro-malugani-6-2\/'><img decoding=\"async\" width=\"160\" height=\"160\" src=\"https:\/\/www.rivieradeifiori.it\/wp-content\/uploads\/2017\/08\/Fondali-Capo-Mortola-by-Mauro-Malugani-6-1-160x160.png\" class=\"attachment-thumbnail size-thumbnail\" alt=\"\" srcset=\"https:\/\/www.rivieradeifiori.it\/wp-content\/uploads\/2017\/08\/Fondali-Capo-Mortola-by-Mauro-Malugani-6-1-160x160.png 160w, https:\/\/www.rivieradeifiori.it\/wp-content\/uploads\/2017\/08\/Fondali-Capo-Mortola-by-Mauro-Malugani-6-1-440x440.png 440w, https:\/\/www.rivieradeifiori.it\/wp-content\/uploads\/2017\/08\/Fondali-Capo-Mortola-by-Mauro-Malugani-6-1-150x150.png 150w, https:\/\/www.rivieradeifiori.it\/wp-content\/uploads\/2017\/08\/Fondali-Capo-Mortola-by-Mauro-Malugani-6-1-65x65.png 65w, https:\/\/www.rivieradeifiori.it\/wp-content\/uploads\/2017\/08\/Fondali-Capo-Mortola-by-Mauro-Malugani-6-1-180x180.png 180w, https:\/\/www.rivieradeifiori.it\/wp-content\/uploads\/2017\/08\/Fondali-Capo-Mortola-by-Mauro-Malugani-6-1-300x300.png 300w, https:\/\/www.rivieradeifiori.it\/wp-content\/uploads\/2017\/08\/Fondali-Capo-Mortola-by-Mauro-Malugani-6-1-600x600.png 600w\" sizes=\"(max-width: 160px) 100vw, 160px\" \/><\/a>\n\t\t\t<\/dt><\/dl><dl class='gallery-item'>\n\t\t\t<dt class='gallery-icon landscape'>\n\t\t\t\t<a href='https:\/\/www.rivieradeifiori.it\/fr\/fondali-capo-mortola-by-mauro-malugani-7-2\/'><img decoding=\"async\" width=\"160\" height=\"160\" src=\"https:\/\/www.rivieradeifiori.it\/wp-content\/uploads\/2017\/08\/Fondali-Capo-Mortola-by-Mauro-Malugani-7-1-160x160.png\" class=\"attachment-thumbnail size-thumbnail\" alt=\"\" srcset=\"https:\/\/www.rivieradeifiori.it\/wp-content\/uploads\/2017\/08\/Fondali-Capo-Mortola-by-Mauro-Malugani-7-1-160x160.png 160w, https:\/\/www.rivieradeifiori.it\/wp-content\/uploads\/2017\/08\/Fondali-Capo-Mortola-by-Mauro-Malugani-7-1-440x440.png 440w, https:\/\/www.rivieradeifiori.it\/wp-content\/uploads\/2017\/08\/Fondali-Capo-Mortola-by-Mauro-Malugani-7-1-150x150.png 150w, https:\/\/www.rivieradeifiori.it\/wp-content\/uploads\/2017\/08\/Fondali-Capo-Mortola-by-Mauro-Malugani-7-1-65x65.png 65w, https:\/\/www.rivieradeifiori.it\/wp-content\/uploads\/2017\/08\/Fondali-Capo-Mortola-by-Mauro-Malugani-7-1-180x180.png 180w, https:\/\/www.rivieradeifiori.it\/wp-content\/uploads\/2017\/08\/Fondali-Capo-Mortola-by-Mauro-Malugani-7-1-300x300.png 300w, https:\/\/www.rivieradeifiori.it\/wp-content\/uploads\/2017\/08\/Fondali-Capo-Mortola-by-Mauro-Malugani-7-1-600x600.png 600w\" sizes=\"(max-width: 160px) 100vw, 160px\" \/><\/a>\n\t\t\t<\/dt><\/dl><dl class='gallery-item'>\n\t\t\t<dt class='gallery-icon landscape'>\n\t\t\t\t<a href='https:\/\/www.rivieradeifiori.it\/fr\/fondali-capo-mortola-by-mauro-malugani-8-2\/'><img decoding=\"async\" width=\"160\" height=\"160\" src=\"https:\/\/www.rivieradeifiori.it\/wp-content\/uploads\/2017\/08\/Fondali-Capo-Mortola-by-Mauro-Malugani-8-1-160x160.png\" class=\"attachment-thumbnail size-thumbnail\" alt=\"\" srcset=\"https:\/\/www.rivieradeifiori.it\/wp-content\/uploads\/2017\/08\/Fondali-Capo-Mortola-by-Mauro-Malugani-8-1-160x160.png 160w, https:\/\/www.rivieradeifiori.it\/wp-content\/uploads\/2017\/08\/Fondali-Capo-Mortola-by-Mauro-Malugani-8-1-440x440.png 440w, https:\/\/www.rivieradeifiori.it\/wp-content\/uploads\/2017\/08\/Fondali-Capo-Mortola-by-Mauro-Malugani-8-1-150x150.png 150w, https:\/\/www.rivieradeifiori.it\/wp-content\/uploads\/2017\/08\/Fondali-Capo-Mortola-by-Mauro-Malugani-8-1-65x65.png 65w, https:\/\/www.rivieradeifiori.it\/wp-content\/uploads\/2017\/08\/Fondali-Capo-Mortola-by-Mauro-Malugani-8-1-180x180.png 180w, https:\/\/www.rivieradeifiori.it\/wp-content\/uploads\/2017\/08\/Fondali-Capo-Mortola-by-Mauro-Malugani-8-1-300x300.png 300w, https:\/\/www.rivieradeifiori.it\/wp-content\/uploads\/2017\/08\/Fondali-Capo-Mortola-by-Mauro-Malugani-8-1-600x600.png 600w\" sizes=\"(max-width: 160px) 100vw, 160px\" \/><\/a>\n\t\t\t<\/dt><\/dl><br style=\"clear: both\" \/><dl class='gallery-item'>\n\t\t\t<dt class='gallery-icon landscape'>\n\t\t\t\t<a href='https:\/\/www.rivieradeifiori.it\/fr\/fondali-capo-mortola-by-mauro-malugani-9-2\/'><img decoding=\"async\" width=\"160\" height=\"160\" src=\"https:\/\/www.rivieradeifiori.it\/wp-content\/uploads\/2017\/08\/Fondali-Capo-Mortola-by-Mauro-Malugani-9-1-160x160.png\" class=\"attachment-thumbnail size-thumbnail\" alt=\"\" srcset=\"https:\/\/www.rivieradeifiori.it\/wp-content\/uploads\/2017\/08\/Fondali-Capo-Mortola-by-Mauro-Malugani-9-1-160x160.png 160w, https:\/\/www.rivieradeifiori.it\/wp-content\/uploads\/2017\/08\/Fondali-Capo-Mortola-by-Mauro-Malugani-9-1-440x440.png 440w, https:\/\/www.rivieradeifiori.it\/wp-content\/uploads\/2017\/08\/Fondali-Capo-Mortola-by-Mauro-Malugani-9-1-150x150.png 150w, https:\/\/www.rivieradeifiori.it\/wp-content\/uploads\/2017\/08\/Fondali-Capo-Mortola-by-Mauro-Malugani-9-1-65x65.png 65w, https:\/\/www.rivieradeifiori.it\/wp-content\/uploads\/2017\/08\/Fondali-Capo-Mortola-by-Mauro-Malugani-9-1-180x180.png 180w, https:\/\/www.rivieradeifiori.it\/wp-content\/uploads\/2017\/08\/Fondali-Capo-Mortola-by-Mauro-Malugani-9-1-300x300.png 300w, https:\/\/www.rivieradeifiori.it\/wp-content\/uploads\/2017\/08\/Fondali-Capo-Mortola-by-Mauro-Malugani-9-1-600x600.png 600w\" sizes=\"(max-width: 160px) 100vw, 160px\" \/><\/a>\n\t\t\t<\/dt><\/dl><dl class='gallery-item'>\n\t\t\t<dt class='gallery-icon landscape'>\n\t\t\t\t<a href='https:\/\/www.rivieradeifiori.it\/fr\/fondali-capo-mortola-by-mauro-malugani-10-2\/'><img decoding=\"async\" width=\"160\" height=\"160\" src=\"https:\/\/www.rivieradeifiori.it\/wp-content\/uploads\/2017\/08\/Fondali-Capo-Mortola-by-Mauro-Malugani-10-1-160x160.png\" class=\"attachment-thumbnail size-thumbnail\" alt=\"\" srcset=\"https:\/\/www.rivieradeifiori.it\/wp-content\/uploads\/2017\/08\/Fondali-Capo-Mortola-by-Mauro-Malugani-10-1-160x160.png 160w, https:\/\/www.rivieradeifiori.it\/wp-content\/uploads\/2017\/08\/Fondali-Capo-Mortola-by-Mauro-Malugani-10-1-440x440.png 440w, https:\/\/www.rivieradeifiori.it\/wp-content\/uploads\/2017\/08\/Fondali-Capo-Mortola-by-Mauro-Malugani-10-1-150x150.png 150w, https:\/\/www.rivieradeifiori.it\/wp-content\/uploads\/2017\/08\/Fondali-Capo-Mortola-by-Mauro-Malugani-10-1-65x65.png 65w, https:\/\/www.rivieradeifiori.it\/wp-content\/uploads\/2017\/08\/Fondali-Capo-Mortola-by-Mauro-Malugani-10-1-180x180.png 180w, https:\/\/www.rivieradeifiori.it\/wp-content\/uploads\/2017\/08\/Fondali-Capo-Mortola-by-Mauro-Malugani-10-1-300x300.png 300w, https:\/\/www.rivieradeifiori.it\/wp-content\/uploads\/2017\/08\/Fondali-Capo-Mortola-by-Mauro-Malugani-10-1-600x600.png 600w\" sizes=\"(max-width: 160px) 100vw, 160px\" \/><\/a>\n\t\t\t<\/dt><\/dl><dl class='gallery-item'>\n\t\t\t<dt class='gallery-icon landscape'>\n\t\t\t\t<a href='https:\/\/www.rivieradeifiori.it\/fr\/capo-mortola-pavillon-sit-2-2\/'><img decoding=\"async\" width=\"160\" height=\"160\" src=\"https:\/\/www.rivieradeifiori.it\/wp-content\/uploads\/2017\/08\/Capo-Mortola-Pavillon-SiT-1-160x160.jpg\" class=\"attachment-thumbnail size-thumbnail\" alt=\"\" srcset=\"https:\/\/www.rivieradeifiori.it\/wp-content\/uploads\/2017\/08\/Capo-Mortola-Pavillon-SiT-1-160x160.jpg 160w, https:\/\/www.rivieradeifiori.it\/wp-content\/uploads\/2017\/08\/Capo-Mortola-Pavillon-SiT-1-440x440.jpg 440w, https:\/\/www.rivieradeifiori.it\/wp-content\/uploads\/2017\/08\/Capo-Mortola-Pavillon-SiT-1-150x150.jpg 150w, https:\/\/www.rivieradeifiori.it\/wp-content\/uploads\/2017\/08\/Capo-Mortola-Pavillon-SiT-1-65x65.jpg 65w, https:\/\/www.rivieradeifiori.it\/wp-content\/uploads\/2017\/08\/Capo-Mortola-Pavillon-SiT-1-180x180.jpg 180w, https:\/\/www.rivieradeifiori.it\/wp-content\/uploads\/2017\/08\/Capo-Mortola-Pavillon-SiT-1-300x300.jpg 300w, https:\/\/www.rivieradeifiori.it\/wp-content\/uploads\/2017\/08\/Capo-Mortola-Pavillon-SiT-1-600x600.jpg 600w\" sizes=\"(max-width: 160px) 100vw, 160px\" \/><\/a>\n\t\t\t<\/dt><\/dl><br style=\"clear: both\" \/>\n\t\t<\/div>\n\n","protected":false},"excerpt":{"rendered":"<p>Gr\u00e2ce \u00e0 sa position geographique favorable la Ligurie, et notamment son extr\u00eame ouest, abrite dans son territoire des environnements naturels tr\u00e8s divers, car elle comprend les trois aires biogeographiques propres de l&#8217;Italie\u00a0: alpine, continentale et mediterrann\u00e9enne.\u00a0 L&#8217;un des 125 Sic ligures (Sites d&#8217;Inter\u00eat Communautaire, dont 26 sont des sites marins) est represent\u00e9 par la zone [&hellip;]<\/p>\n","protected":false},"author":1,"featured_media":5544,"comment_status":"closed","ping_status":"open","sticky":false,"template":"","format":"standard","meta":{"_et_pb_use_builder":"","_et_pb_old_content":"","_et_gb_content_width":"","_eb_attr":"","_vp_format_video_url":"","_vp_image_focal_point":[],"_vp_custom_popup_image":0,"_vp_format_audio_url":"","_vp_custom_thumbnail":0,"_vp_custom_thumbnail_focal_point":[],"_vp_hover_thumbnail":0,"_vp_hover_thumbnail_focal_point":[],"footnotes":""},"categories":[982],"tags":[1268,289],"class_list":["post-5596","post","type-post","status-publish","format-standard","has-post-thumbnail","hentry","category-la-mer","tag-parcs-et-jardins","tag-ventimiglia-fr","et-has-post-format-content","et_post_format-et-post-format-standard"],"yoast_head":"<!-- This site is optimized with the Yoast SEO plugin v25.7 - https:\/\/yoast.com\/wordpress\/plugins\/seo\/ -->\n<title>Les fonds marins de Capo Mortola - Riviera dei Fiori<\/title>\n<meta name=\"robots\" content=\"index, follow, max-snippet:-1, max-image-preview:large, max-video-preview:-1\" \/>\n<link rel=\"canonical\" href=\"https:\/\/www.rivieradeifiori.it\/fr\/mer-et-territoire\/la-mer\/les-fonds-marins-de-capo-mortola\/\" \/>\n<meta name=\"twitter:label1\" content=\"\u00c9crit par\" \/>\n\t<meta name=\"twitter:data1\" content=\"Luca Giovannetti\" \/>\n\t<meta name=\"twitter:label2\" content=\"Dur\u00e9e de lecture estim\u00e9e\" \/>\n\t<meta name=\"twitter:data2\" content=\"1 minute\" \/>\n<script type=\"application\/ld+json\" class=\"yoast-schema-graph\">{\"@context\":\"https:\/\/schema.org\",\"@graph\":[{\"@type\":\"WebPage\",\"@id\":\"https:\/\/www.rivieradeifiori.it\/fr\/mer-et-territoire\/la-mer\/les-fonds-marins-de-capo-mortola\/\",\"url\":\"https:\/\/www.rivieradeifiori.it\/fr\/mer-et-territoire\/la-mer\/les-fonds-marins-de-capo-mortola\/\",\"name\":\"Les fonds marins de Capo Mortola - Riviera dei Fiori\",\"isPartOf\":{\"@id\":\"https:\/\/www.rivieradeifiori.it\/fr\/#website\"},\"primaryImageOfPage\":{\"@id\":\"https:\/\/www.rivieradeifiori.it\/fr\/mer-et-territoire\/la-mer\/les-fonds-marins-de-capo-mortola\/#primaryimage\"},\"image\":{\"@id\":\"https:\/\/www.rivieradeifiori.it\/fr\/mer-et-territoire\/la-mer\/les-fonds-marins-de-capo-mortola\/#primaryimage\"},\"thumbnailUrl\":\"https:\/\/www.rivieradeifiori.it\/wp-content\/uploads\/2017\/08\/Fondali-Capo-Mortola-by-Mauro-Malugani-8-1.png\",\"datePublished\":\"2017-08-16T11:09:54+00:00\",\"dateModified\":\"2022-06-10T09:12:29+00:00\",\"author\":{\"@id\":\"https:\/\/www.rivieradeifiori.it\/fr\/#\/schema\/person\/6cc4e4ed0d74f08798811653e64f69ed\"},\"breadcrumb\":{\"@id\":\"https:\/\/www.rivieradeifiori.it\/fr\/mer-et-territoire\/la-mer\/les-fonds-marins-de-capo-mortola\/#breadcrumb\"},\"inLanguage\":\"fr-FR\",\"potentialAction\":[{\"@type\":\"ReadAction\",\"target\":[\"https:\/\/www.rivieradeifiori.it\/fr\/mer-et-territoire\/la-mer\/les-fonds-marins-de-capo-mortola\/\"]}]},{\"@type\":\"ImageObject\",\"inLanguage\":\"fr-FR\",\"@id\":\"https:\/\/www.rivieradeifiori.it\/fr\/mer-et-territoire\/la-mer\/les-fonds-marins-de-capo-mortola\/#primaryimage\",\"url\":\"https:\/\/www.rivieradeifiori.it\/wp-content\/uploads\/2017\/08\/Fondali-Capo-Mortola-by-Mauro-Malugani-8-1.png\",\"contentUrl\":\"https:\/\/www.rivieradeifiori.it\/wp-content\/uploads\/2017\/08\/Fondali-Capo-Mortola-by-Mauro-Malugani-8-1.png\",\"width\":1360,\"height\":1020},{\"@type\":\"BreadcrumbList\",\"@id\":\"https:\/\/www.rivieradeifiori.it\/fr\/mer-et-territoire\/la-mer\/les-fonds-marins-de-capo-mortola\/#breadcrumb\",\"itemListElement\":[{\"@type\":\"ListItem\",\"position\":1,\"name\":\"Home\",\"item\":\"https:\/\/www.rivieradeifiori.it\/fr\/\"},{\"@type\":\"ListItem\",\"position\":2,\"name\":\"Les fonds marins de Capo Mortola\"}]},{\"@type\":\"WebSite\",\"@id\":\"https:\/\/www.rivieradeifiori.it\/fr\/#website\",\"url\":\"https:\/\/www.rivieradeifiori.it\/fr\/\",\"name\":\"Riviera dei Fiori\",\"description\":\"Un mare di colori\",\"potentialAction\":[{\"@type\":\"SearchAction\",\"target\":{\"@type\":\"EntryPoint\",\"urlTemplate\":\"https:\/\/www.rivieradeifiori.it\/fr\/?s={search_term_string}\"},\"query-input\":{\"@type\":\"PropertyValueSpecification\",\"valueRequired\":true,\"valueName\":\"search_term_string\"}}],\"inLanguage\":\"fr-FR\"},{\"@type\":\"Person\",\"@id\":\"https:\/\/www.rivieradeifiori.it\/fr\/#\/schema\/person\/6cc4e4ed0d74f08798811653e64f69ed\",\"name\":\"Luca Giovannetti\",\"image\":{\"@type\":\"ImageObject\",\"inLanguage\":\"fr-FR\",\"@id\":\"https:\/\/www.rivieradeifiori.it\/fr\/#\/schema\/person\/image\/\",\"url\":\"https:\/\/secure.gravatar.com\/avatar\/092abda2284c50268e586151e014cf903142e524662c62577231430ea44340cf?s=96&r=g&d=https:\/\/www.rivieradeifiori.it\/wp-content\/plugins\/userswp\/assets\/images\/no_profile.png\",\"contentUrl\":\"https:\/\/secure.gravatar.com\/avatar\/092abda2284c50268e586151e014cf903142e524662c62577231430ea44340cf?s=96&r=g&d=https:\/\/www.rivieradeifiori.it\/wp-content\/plugins\/userswp\/assets\/images\/no_profile.png\",\"caption\":\"Luca Giovannetti\"}}]}<\/script>\n<!-- \/ Yoast SEO plugin. -->","yoast_head_json":{"title":"Les fonds marins de Capo Mortola - Riviera dei Fiori","robots":{"index":"index","follow":"follow","max-snippet":"max-snippet:-1","max-image-preview":"max-image-preview:large","max-video-preview":"max-video-preview:-1"},"canonical":"https:\/\/www.rivieradeifiori.it\/fr\/mer-et-territoire\/la-mer\/les-fonds-marins-de-capo-mortola\/","twitter_misc":{"\u00c9crit par":"Luca Giovannetti","Dur\u00e9e de lecture estim\u00e9e":"1 minute"},"schema":{"@context":"https:\/\/schema.org","@graph":[{"@type":"WebPage","@id":"https:\/\/www.rivieradeifiori.it\/fr\/mer-et-territoire\/la-mer\/les-fonds-marins-de-capo-mortola\/","url":"https:\/\/www.rivieradeifiori.it\/fr\/mer-et-territoire\/la-mer\/les-fonds-marins-de-capo-mortola\/","name":"Les fonds marins de Capo Mortola - Riviera dei Fiori","isPartOf":{"@id":"https:\/\/www.rivieradeifiori.it\/fr\/#website"},"primaryImageOfPage":{"@id":"https:\/\/www.rivieradeifiori.it\/fr\/mer-et-territoire\/la-mer\/les-fonds-marins-de-capo-mortola\/#primaryimage"},"image":{"@id":"https:\/\/www.rivieradeifiori.it\/fr\/mer-et-territoire\/la-mer\/les-fonds-marins-de-capo-mortola\/#primaryimage"},"thumbnailUrl":"https:\/\/www.rivieradeifiori.it\/wp-content\/uploads\/2017\/08\/Fondali-Capo-Mortola-by-Mauro-Malugani-8-1.png","datePublished":"2017-08-16T11:09:54+00:00","dateModified":"2022-06-10T09:12:29+00:00","author":{"@id":"https:\/\/www.rivieradeifiori.it\/fr\/#\/schema\/person\/6cc4e4ed0d74f08798811653e64f69ed"},"breadcrumb":{"@id":"https:\/\/www.rivieradeifiori.it\/fr\/mer-et-territoire\/la-mer\/les-fonds-marins-de-capo-mortola\/#breadcrumb"},"inLanguage":"fr-FR","potentialAction":[{"@type":"ReadAction","target":["https:\/\/www.rivieradeifiori.it\/fr\/mer-et-territoire\/la-mer\/les-fonds-marins-de-capo-mortola\/"]}]},{"@type":"ImageObject","inLanguage":"fr-FR","@id":"https:\/\/www.rivieradeifiori.it\/fr\/mer-et-territoire\/la-mer\/les-fonds-marins-de-capo-mortola\/#primaryimage","url":"https:\/\/www.rivieradeifiori.it\/wp-content\/uploads\/2017\/08\/Fondali-Capo-Mortola-by-Mauro-Malugani-8-1.png","contentUrl":"https:\/\/www.rivieradeifiori.it\/wp-content\/uploads\/2017\/08\/Fondali-Capo-Mortola-by-Mauro-Malugani-8-1.png","width":1360,"height":1020},{"@type":"BreadcrumbList","@id":"https:\/\/www.rivieradeifiori.it\/fr\/mer-et-territoire\/la-mer\/les-fonds-marins-de-capo-mortola\/#breadcrumb","itemListElement":[{"@type":"ListItem","position":1,"name":"Home","item":"https:\/\/www.rivieradeifiori.it\/fr\/"},{"@type":"ListItem","position":2,"name":"Les fonds marins de Capo Mortola"}]},{"@type":"WebSite","@id":"https:\/\/www.rivieradeifiori.it\/fr\/#website","url":"https:\/\/www.rivieradeifiori.it\/fr\/","name":"Riviera dei Fiori","description":"Un mare di colori","potentialAction":[{"@type":"SearchAction","target":{"@type":"EntryPoint","urlTemplate":"https:\/\/www.rivieradeifiori.it\/fr\/?s={search_term_string}"},"query-input":{"@type":"PropertyValueSpecification","valueRequired":true,"valueName":"search_term_string"}}],"inLanguage":"fr-FR"},{"@type":"Person","@id":"https:\/\/www.rivieradeifiori.it\/fr\/#\/schema\/person\/6cc4e4ed0d74f08798811653e64f69ed","name":"Luca Giovannetti","image":{"@type":"ImageObject","inLanguage":"fr-FR","@id":"https:\/\/www.rivieradeifiori.it\/fr\/#\/schema\/person\/image\/","url":"https:\/\/secure.gravatar.com\/avatar\/092abda2284c50268e586151e014cf903142e524662c62577231430ea44340cf?s=96&r=g&d=https:\/\/www.rivieradeifiori.it\/wp-content\/plugins\/userswp\/assets\/images\/no_profile.png","contentUrl":"https:\/\/secure.gravatar.com\/avatar\/092abda2284c50268e586151e014cf903142e524662c62577231430ea44340cf?s=96&r=g&d=https:\/\/www.rivieradeifiori.it\/wp-content\/plugins\/userswp\/assets\/images\/no_profile.png","caption":"Luca Giovannetti"}}]}},"_links":{"self":[{"href":"https:\/\/www.rivieradeifiori.it\/fr\/wp-json\/wp\/v2\/posts\/5596","targetHints":{"allow":["GET"]}}],"collection":[{"href":"https:\/\/www.rivieradeifiori.it\/fr\/wp-json\/wp\/v2\/posts"}],"about":[{"href":"https:\/\/www.rivieradeifiori.it\/fr\/wp-json\/wp\/v2\/types\/post"}],"author":[{"embeddable":true,"href":"https:\/\/www.rivieradeifiori.it\/fr\/wp-json\/wp\/v2\/users\/1"}],"replies":[{"embeddable":true,"href":"https:\/\/www.rivieradeifiori.it\/fr\/wp-json\/wp\/v2\/comments?post=5596"}],"version-history":[{"count":1,"href":"https:\/\/www.rivieradeifiori.it\/fr\/wp-json\/wp\/v2\/posts\/5596\/revisions"}],"predecessor-version":[{"id":15982,"href":"https:\/\/www.rivieradeifiori.it\/fr\/wp-json\/wp\/v2\/posts\/5596\/revisions\/15982"}],"wp:featuredmedia":[{"embeddable":true,"href":"https:\/\/www.rivieradeifiori.it\/fr\/wp-json\/wp\/v2\/media\/5544"}],"wp:attachment":[{"href":"https:\/\/www.rivieradeifiori.it\/fr\/wp-json\/wp\/v2\/media?parent=5596"}],"wp:term":[{"taxonomy":"category","embeddable":true,"href":"https:\/\/www.rivieradeifiori.it\/fr\/wp-json\/wp\/v2\/categories?post=5596"},{"taxonomy":"post_tag","embeddable":true,"href":"https:\/\/www.rivieradeifiori.it\/fr\/wp-json\/wp\/v2\/tags?post=5596"}],"curies":[{"name":"wp","href":"https:\/\/api.w.org\/{rel}","templated":true}]}}