{"id":5413,"date":"2017-08-05T22:56:51","date_gmt":"2017-08-05T20:56:51","guid":{"rendered":"http:\/\/www.rivieradeifiori.info\/fr\/2017\/08\/05\/ermal-meta-ed-emanuele-dabbono-tempo-imperia-unplugged-festival\/"},"modified":"2022-06-10T11:12:38","modified_gmt":"2022-06-10T09:12:38","slug":"ermal-meta-et-emanuele-dabbono-cest-le-moment-de-imperia-unplugged-festival","status":"publish","type":"post","link":"https:\/\/www.rivieradeifiori.it\/fr\/que-faire\/ermal-meta-et-emanuele-dabbono-cest-le-moment-de-imperia-unplugged-festival\/","title":{"rendered":"Ermal Meta et Emanuele Dabbono: c&#8217;est le moment de Imperia Unplugged Festival !"},"content":{"rendered":"<p class=\"Standard\"><strong><span lang=\"FR\">Le mardi 8 ao\u00fbt revient l\u2019\u00e9v\u00e9nement musical de l&#8217;\u00e9t\u00e9 \u00e0 place San Giovanni, avec artistes c\u00e9l\u00e8bres et une sc\u00e8ne ouverte aux jeunes promesses.<\/span><\/strong><\/p>\n<p>La date \u00e0 noter est mardi 8 ao\u00fbt. L&#8217;endroit, place San Giovanni \u00e0 Oneglia. C&#8217;est en effet dans le th\u00e9\u00e2tre naturel du parvis de l&#8217;\u00e9glise qui commencera la troisi\u00e8me \u00e9dition de Imperia Unplugged Festival, la revue musicale gratuite que cette ann\u00e9e portera dans le chef-lieu des artistes comme Ermal Meta et Emanuele Dabbono. Outre \u00e0 beaucoup d&#8217;autres surprises, comme raconte Nico Zanchi, pr\u00e9sident de l\u2019Association Imperia Musicale qui organise le Festival depuis 2015\u00a0: &#8221;Le festival s&#8217;annonce comme un \u00e9v\u00e9nement, et c&#8217;est justement ce que nous voulons, dans l&#8217;intention de raviver la ville\u00a0: nous nous attendons \u00e0 une grande f\u00eate.&#8221;<\/p>\n<p>Pas seulement de musique pour la ville, mais aussi laboratoire\u00a0: cette ann\u00e9e revient aussi Palco Aperto, qui convoitera beaucoup de jeunes artistes l&#8217;apr\u00e8s midi de mardi 8 ao\u00fbt.\u00a0 Un pr\u00e9ambule au Festival du soir, pens\u00e9 pour donner aux jeunes l&#8217;occasion de s\u2019exhiber en live.<\/p>\n<p>Un autre format propos\u00e9 par Imperia Musicale et actif depuis le mois de janvier fait d&#8217;ouverture id\u00e9ale pour l\u2019\u00e9v\u00e9nement estival. IM <em>Songwriter&#8217;s Night <\/em>est le nom d&#8217;une s\u00e9rie de rendez-vous, r\u00e9alis\u00e9es en collaboration avec le Bar11 qui, au cours des mois, a rassembl\u00e9 chanteurs et groupes.<\/p>\n<p>&nbsp;<\/p>\n<p>Un autre rendez-vous pr\u00e9paratoire au Imperia Umplugged Festival est celui du 29 juillet \u00e0 l&#8217;amphith\u00e9\u00e2tre de la Rabina, un concert acoustique d\u00e9di\u00e9 \u00e0 Sergio Salvagno, victime d&#8217;un accident dramatique en 2014, \u00e0 qui seront destin\u00e9s les fonds lev\u00e9s pendant la soir\u00e9e.<\/p>\n<p>&nbsp;<\/p>\n<p>Imperia Umplugged Festival est organis\u00e9 en collaboration avec Civ Oneglia et le &#8221;Assessorato alle Manifestazioni del Comune di Imperia&#8221;, avec le concours de beaucoup de sponsor qui s&#8217;ajoutent aux dons recueillis par Imperia Musicale dans les \u00e9v\u00e9nements et manifestations organis\u00e9s au cours de l&#8217;ann\u00e9e. Durant 2017 il y en aura plus de trente, pour n&#8217;en rater aucun\u00a0: www.imperiamusicale.it<\/p>\n<p><em>[Alessandra Chiappori]<\/em><\/p>\n\n\t\t<style type=\"text\/css\">\n\t\t\t#gallery-1 {\n\t\t\t\tmargin: auto;\n\t\t\t}\n\t\t\t#gallery-1 .gallery-item {\n\t\t\t\tfloat: left;\n\t\t\t\tmargin-top: 10px;\n\t\t\t\ttext-align: center;\n\t\t\t\twidth: 33%;\n\t\t\t}\n\t\t\t#gallery-1 img {\n\t\t\t\tborder: 2px solid #cfcfcf;\n\t\t\t}\n\t\t\t#gallery-1 .gallery-caption {\n\t\t\t\tmargin-left: 0;\n\t\t\t}\n\t\t\t\/* see gallery_shortcode() in wp-includes\/media.php *\/\n\t\t<\/style>\n\t\t<div id='gallery-1' class='gallery galleryid-5413 gallery-columns-3 gallery-size-thumbnail'><dl class='gallery-item'>\n\t\t\t<dt class='gallery-icon landscape'>\n\t\t\t\t<a href='https:\/\/www.rivieradeifiori.it\/fr\/que-faire\/ermal-meta-et-emanuele-dabbono-cest-le-moment-de-imperia-unplugged-festival\/attachment\/festival-imperia-3-2-2\/'><img decoding=\"async\" width=\"160\" height=\"160\" src=\"https:\/\/www.rivieradeifiori.it\/wp-content\/uploads\/2017\/08\/Festival-Imperia-3-1-160x160.jpg\" class=\"attachment-thumbnail size-thumbnail\" alt=\"\" srcset=\"https:\/\/www.rivieradeifiori.it\/wp-content\/uploads\/2017\/08\/Festival-Imperia-3-1-160x160.jpg 160w, https:\/\/www.rivieradeifiori.it\/wp-content\/uploads\/2017\/08\/Festival-Imperia-3-1-440x440.jpg 440w, https:\/\/www.rivieradeifiori.it\/wp-content\/uploads\/2017\/08\/Festival-Imperia-3-1-150x150.jpg 150w, https:\/\/www.rivieradeifiori.it\/wp-content\/uploads\/2017\/08\/Festival-Imperia-3-1-65x65.jpg 65w, https:\/\/www.rivieradeifiori.it\/wp-content\/uploads\/2017\/08\/Festival-Imperia-3-1-180x180.jpg 180w, https:\/\/www.rivieradeifiori.it\/wp-content\/uploads\/2017\/08\/Festival-Imperia-3-1-300x300.jpg 300w, https:\/\/www.rivieradeifiori.it\/wp-content\/uploads\/2017\/08\/Festival-Imperia-3-1-600x600.jpg 600w\" sizes=\"(max-width: 160px) 100vw, 160px\" \/><\/a>\n\t\t\t<\/dt><\/dl><dl class='gallery-item'>\n\t\t\t<dt class='gallery-icon landscape'>\n\t\t\t\t<a href='https:\/\/www.rivieradeifiori.it\/fr\/que-faire\/ermal-meta-et-emanuele-dabbono-cest-le-moment-de-imperia-unplugged-festival\/attachment\/festival-imperia-1-2-2\/'><img decoding=\"async\" width=\"160\" height=\"160\" src=\"https:\/\/www.rivieradeifiori.it\/wp-content\/uploads\/2017\/08\/Festival-Imperia-1-1-160x160.jpg\" class=\"attachment-thumbnail size-thumbnail\" alt=\"\" srcset=\"https:\/\/www.rivieradeifiori.it\/wp-content\/uploads\/2017\/08\/Festival-Imperia-1-1-160x160.jpg 160w, https:\/\/www.rivieradeifiori.it\/wp-content\/uploads\/2017\/08\/Festival-Imperia-1-1-300x300.jpg 300w, https:\/\/www.rivieradeifiori.it\/wp-content\/uploads\/2017\/08\/Festival-Imperia-1-1.jpg 1063w, https:\/\/www.rivieradeifiori.it\/wp-content\/uploads\/2017\/08\/Festival-Imperia-1-1-500x500.jpg 500w, https:\/\/www.rivieradeifiori.it\/wp-content\/uploads\/2017\/08\/Festival-Imperia-1-1-800x800.jpg 800w, https:\/\/www.rivieradeifiori.it\/wp-content\/uploads\/2017\/08\/Festival-Imperia-1-1-440x440.jpg 440w, https:\/\/www.rivieradeifiori.it\/wp-content\/uploads\/2017\/08\/Festival-Imperia-1-1-150x150.jpg 150w, https:\/\/www.rivieradeifiori.it\/wp-content\/uploads\/2017\/08\/Festival-Imperia-1-1-65x65.jpg 65w, https:\/\/www.rivieradeifiori.it\/wp-content\/uploads\/2017\/08\/Festival-Imperia-1-1-180x180.jpg 180w, https:\/\/www.rivieradeifiori.it\/wp-content\/uploads\/2017\/08\/Festival-Imperia-1-1-600x600.jpg 600w\" sizes=\"(max-width: 160px) 100vw, 160px\" \/><\/a>\n\t\t\t<\/dt><\/dl><dl class='gallery-item'>\n\t\t\t<dt class='gallery-icon landscape'>\n\t\t\t\t<a href='https:\/\/www.rivieradeifiori.it\/fr\/que-faire\/ermal-meta-et-emanuele-dabbono-cest-le-moment-de-imperia-unplugged-festival\/attachment\/ermal-meta-festival-2-2\/'><img decoding=\"async\" width=\"160\" height=\"160\" src=\"https:\/\/www.rivieradeifiori.it\/wp-content\/uploads\/2017\/08\/Ermal-Meta-festival-1-160x160.jpg\" class=\"attachment-thumbnail size-thumbnail\" alt=\"\" srcset=\"https:\/\/www.rivieradeifiori.it\/wp-content\/uploads\/2017\/08\/Ermal-Meta-festival-1-160x160.jpg 160w, https:\/\/www.rivieradeifiori.it\/wp-content\/uploads\/2017\/08\/Ermal-Meta-festival-1-440x440.jpg 440w, https:\/\/www.rivieradeifiori.it\/wp-content\/uploads\/2017\/08\/Ermal-Meta-festival-1-150x150.jpg 150w, https:\/\/www.rivieradeifiori.it\/wp-content\/uploads\/2017\/08\/Ermal-Meta-festival-1-65x65.jpg 65w, https:\/\/www.rivieradeifiori.it\/wp-content\/uploads\/2017\/08\/Ermal-Meta-festival-1-180x180.jpg 180w, https:\/\/www.rivieradeifiori.it\/wp-content\/uploads\/2017\/08\/Ermal-Meta-festival-1-300x300.jpg 300w, https:\/\/www.rivieradeifiori.it\/wp-content\/uploads\/2017\/08\/Ermal-Meta-festival-1-600x600.jpg 600w\" sizes=\"(max-width: 160px) 100vw, 160px\" \/><\/a>\n\t\t\t<\/dt><\/dl><br style=\"clear: both\" \/>\n\t\t<\/div>\n\n","protected":false},"excerpt":{"rendered":"<p>Le mardi 8 ao\u00fbt revient l\u2019\u00e9v\u00e9nement musical de l&#8217;\u00e9t\u00e9 \u00e0 place San Giovanni, avec artistes c\u00e9l\u00e8bres et une sc\u00e8ne ouverte aux jeunes promesses. La date \u00e0 noter est mardi 8 ao\u00fbt. L&#8217;endroit, place San Giovanni \u00e0 Oneglia. C&#8217;est en effet dans le th\u00e9\u00e2tre naturel du parvis de l&#8217;\u00e9glise qui commencera la troisi\u00e8me \u00e9dition de Imperia [&hellip;]<\/p>\n","protected":false},"author":1,"featured_media":5408,"comment_status":"closed","ping_status":"open","sticky":false,"template":"","format":"standard","meta":{"_et_pb_use_builder":"","_et_pb_old_content":"","_et_gb_content_width":"","_eb_attr":"","_vp_format_video_url":"","_vp_image_focal_point":[],"_vp_custom_popup_image":0,"_vp_format_audio_url":"","_vp_custom_thumbnail":0,"_vp_custom_thumbnail_focal_point":[],"_vp_hover_thumbnail":0,"_vp_hover_thumbnail_focal_point":[],"footnotes":""},"categories":[50],"tags":[1312],"class_list":["post-5413","post","type-post","status-publish","format-standard","has-post-thumbnail","hentry","category-que-faire","tag-music-fr","et-has-post-format-content","et_post_format-et-post-format-standard"],"yoast_head":"<!-- This site is optimized with the Yoast SEO plugin v25.7 - https:\/\/yoast.com\/wordpress\/plugins\/seo\/ -->\n<title>Ermal Meta et Emanuele Dabbono: c&#039;est le moment de Imperia Unplugged Festival ! - Que faire - Riviera dei Fiori<\/title>\n<meta name=\"robots\" content=\"index, follow, max-snippet:-1, max-image-preview:large, max-video-preview:-1\" \/>\n<link rel=\"canonical\" href=\"https:\/\/www.rivieradeifiori.it\/fr\/que-faire\/ermal-meta-et-emanuele-dabbono-cest-le-moment-de-imperia-unplugged-festival\/\" \/>\n<meta name=\"twitter:label1\" content=\"\u00c9crit par\" \/>\n\t<meta name=\"twitter:data1\" content=\"Luca Giovannetti\" \/>\n\t<meta name=\"twitter:label2\" content=\"Dur\u00e9e de lecture estim\u00e9e\" \/>\n\t<meta name=\"twitter:data2\" content=\"2 minutes\" \/>\n<script type=\"application\/ld+json\" class=\"yoast-schema-graph\">{\"@context\":\"https:\/\/schema.org\",\"@graph\":[{\"@type\":\"WebPage\",\"@id\":\"https:\/\/www.rivieradeifiori.it\/fr\/que-faire\/ermal-meta-et-emanuele-dabbono-cest-le-moment-de-imperia-unplugged-festival\/\",\"url\":\"https:\/\/www.rivieradeifiori.it\/fr\/que-faire\/ermal-meta-et-emanuele-dabbono-cest-le-moment-de-imperia-unplugged-festival\/\",\"name\":\"Ermal Meta et Emanuele Dabbono: c'est le moment de Imperia Unplugged Festival ! - Que faire - Riviera dei Fiori\",\"isPartOf\":{\"@id\":\"https:\/\/www.rivieradeifiori.it\/fr\/#website\"},\"primaryImageOfPage\":{\"@id\":\"https:\/\/www.rivieradeifiori.it\/fr\/que-faire\/ermal-meta-et-emanuele-dabbono-cest-le-moment-de-imperia-unplugged-festival\/#primaryimage\"},\"image\":{\"@id\":\"https:\/\/www.rivieradeifiori.it\/fr\/que-faire\/ermal-meta-et-emanuele-dabbono-cest-le-moment-de-imperia-unplugged-festival\/#primaryimage\"},\"thumbnailUrl\":\"https:\/\/www.rivieradeifiori.it\/wp-content\/uploads\/2017\/08\/Festival-Imperia-3-1.jpg\",\"datePublished\":\"2017-08-05T20:56:51+00:00\",\"dateModified\":\"2022-06-10T09:12:38+00:00\",\"author\":{\"@id\":\"https:\/\/www.rivieradeifiori.it\/fr\/#\/schema\/person\/6cc4e4ed0d74f08798811653e64f69ed\"},\"breadcrumb\":{\"@id\":\"https:\/\/www.rivieradeifiori.it\/fr\/que-faire\/ermal-meta-et-emanuele-dabbono-cest-le-moment-de-imperia-unplugged-festival\/#breadcrumb\"},\"inLanguage\":\"fr-FR\",\"potentialAction\":[{\"@type\":\"ReadAction\",\"target\":[\"https:\/\/www.rivieradeifiori.it\/fr\/que-faire\/ermal-meta-et-emanuele-dabbono-cest-le-moment-de-imperia-unplugged-festival\/\"]}]},{\"@type\":\"ImageObject\",\"inLanguage\":\"fr-FR\",\"@id\":\"https:\/\/www.rivieradeifiori.it\/fr\/que-faire\/ermal-meta-et-emanuele-dabbono-cest-le-moment-de-imperia-unplugged-festival\/#primaryimage\",\"url\":\"https:\/\/www.rivieradeifiori.it\/wp-content\/uploads\/2017\/08\/Festival-Imperia-3-1.jpg\",\"contentUrl\":\"https:\/\/www.rivieradeifiori.it\/wp-content\/uploads\/2017\/08\/Festival-Imperia-3-1.jpg\",\"width\":1688,\"height\":1063},{\"@type\":\"BreadcrumbList\",\"@id\":\"https:\/\/www.rivieradeifiori.it\/fr\/que-faire\/ermal-meta-et-emanuele-dabbono-cest-le-moment-de-imperia-unplugged-festival\/#breadcrumb\",\"itemListElement\":[{\"@type\":\"ListItem\",\"position\":1,\"name\":\"Home\",\"item\":\"https:\/\/www.rivieradeifiori.it\/fr\/\"},{\"@type\":\"ListItem\",\"position\":2,\"name\":\"Ermal Meta et Emanuele Dabbono: c&#8217;est le moment de Imperia Unplugged Festival !\"}]},{\"@type\":\"WebSite\",\"@id\":\"https:\/\/www.rivieradeifiori.it\/fr\/#website\",\"url\":\"https:\/\/www.rivieradeifiori.it\/fr\/\",\"name\":\"Riviera dei Fiori\",\"description\":\"Un mare di colori\",\"potentialAction\":[{\"@type\":\"SearchAction\",\"target\":{\"@type\":\"EntryPoint\",\"urlTemplate\":\"https:\/\/www.rivieradeifiori.it\/fr\/?s={search_term_string}\"},\"query-input\":{\"@type\":\"PropertyValueSpecification\",\"valueRequired\":true,\"valueName\":\"search_term_string\"}}],\"inLanguage\":\"fr-FR\"},{\"@type\":\"Person\",\"@id\":\"https:\/\/www.rivieradeifiori.it\/fr\/#\/schema\/person\/6cc4e4ed0d74f08798811653e64f69ed\",\"name\":\"Luca Giovannetti\",\"image\":{\"@type\":\"ImageObject\",\"inLanguage\":\"fr-FR\",\"@id\":\"https:\/\/www.rivieradeifiori.it\/fr\/#\/schema\/person\/image\/\",\"url\":\"https:\/\/secure.gravatar.com\/avatar\/092abda2284c50268e586151e014cf903142e524662c62577231430ea44340cf?s=96&r=g&d=https:\/\/www.rivieradeifiori.it\/wp-content\/plugins\/userswp\/assets\/images\/no_profile.png\",\"contentUrl\":\"https:\/\/secure.gravatar.com\/avatar\/092abda2284c50268e586151e014cf903142e524662c62577231430ea44340cf?s=96&r=g&d=https:\/\/www.rivieradeifiori.it\/wp-content\/plugins\/userswp\/assets\/images\/no_profile.png\",\"caption\":\"Luca Giovannetti\"}}]}<\/script>\n<!-- \/ Yoast SEO plugin. -->","yoast_head_json":{"title":"Ermal Meta et Emanuele Dabbono: c'est le moment de Imperia Unplugged Festival ! - Que faire - Riviera dei Fiori","robots":{"index":"index","follow":"follow","max-snippet":"max-snippet:-1","max-image-preview":"max-image-preview:large","max-video-preview":"max-video-preview:-1"},"canonical":"https:\/\/www.rivieradeifiori.it\/fr\/que-faire\/ermal-meta-et-emanuele-dabbono-cest-le-moment-de-imperia-unplugged-festival\/","twitter_misc":{"\u00c9crit par":"Luca Giovannetti","Dur\u00e9e de lecture estim\u00e9e":"2 minutes"},"schema":{"@context":"https:\/\/schema.org","@graph":[{"@type":"WebPage","@id":"https:\/\/www.rivieradeifiori.it\/fr\/que-faire\/ermal-meta-et-emanuele-dabbono-cest-le-moment-de-imperia-unplugged-festival\/","url":"https:\/\/www.rivieradeifiori.it\/fr\/que-faire\/ermal-meta-et-emanuele-dabbono-cest-le-moment-de-imperia-unplugged-festival\/","name":"Ermal Meta et Emanuele Dabbono: c'est le moment de Imperia Unplugged Festival ! - Que faire - Riviera dei Fiori","isPartOf":{"@id":"https:\/\/www.rivieradeifiori.it\/fr\/#website"},"primaryImageOfPage":{"@id":"https:\/\/www.rivieradeifiori.it\/fr\/que-faire\/ermal-meta-et-emanuele-dabbono-cest-le-moment-de-imperia-unplugged-festival\/#primaryimage"},"image":{"@id":"https:\/\/www.rivieradeifiori.it\/fr\/que-faire\/ermal-meta-et-emanuele-dabbono-cest-le-moment-de-imperia-unplugged-festival\/#primaryimage"},"thumbnailUrl":"https:\/\/www.rivieradeifiori.it\/wp-content\/uploads\/2017\/08\/Festival-Imperia-3-1.jpg","datePublished":"2017-08-05T20:56:51+00:00","dateModified":"2022-06-10T09:12:38+00:00","author":{"@id":"https:\/\/www.rivieradeifiori.it\/fr\/#\/schema\/person\/6cc4e4ed0d74f08798811653e64f69ed"},"breadcrumb":{"@id":"https:\/\/www.rivieradeifiori.it\/fr\/que-faire\/ermal-meta-et-emanuele-dabbono-cest-le-moment-de-imperia-unplugged-festival\/#breadcrumb"},"inLanguage":"fr-FR","potentialAction":[{"@type":"ReadAction","target":["https:\/\/www.rivieradeifiori.it\/fr\/que-faire\/ermal-meta-et-emanuele-dabbono-cest-le-moment-de-imperia-unplugged-festival\/"]}]},{"@type":"ImageObject","inLanguage":"fr-FR","@id":"https:\/\/www.rivieradeifiori.it\/fr\/que-faire\/ermal-meta-et-emanuele-dabbono-cest-le-moment-de-imperia-unplugged-festival\/#primaryimage","url":"https:\/\/www.rivieradeifiori.it\/wp-content\/uploads\/2017\/08\/Festival-Imperia-3-1.jpg","contentUrl":"https:\/\/www.rivieradeifiori.it\/wp-content\/uploads\/2017\/08\/Festival-Imperia-3-1.jpg","width":1688,"height":1063},{"@type":"BreadcrumbList","@id":"https:\/\/www.rivieradeifiori.it\/fr\/que-faire\/ermal-meta-et-emanuele-dabbono-cest-le-moment-de-imperia-unplugged-festival\/#breadcrumb","itemListElement":[{"@type":"ListItem","position":1,"name":"Home","item":"https:\/\/www.rivieradeifiori.it\/fr\/"},{"@type":"ListItem","position":2,"name":"Ermal Meta et Emanuele Dabbono: c&#8217;est le moment de Imperia Unplugged Festival !"}]},{"@type":"WebSite","@id":"https:\/\/www.rivieradeifiori.it\/fr\/#website","url":"https:\/\/www.rivieradeifiori.it\/fr\/","name":"Riviera dei Fiori","description":"Un mare di colori","potentialAction":[{"@type":"SearchAction","target":{"@type":"EntryPoint","urlTemplate":"https:\/\/www.rivieradeifiori.it\/fr\/?s={search_term_string}"},"query-input":{"@type":"PropertyValueSpecification","valueRequired":true,"valueName":"search_term_string"}}],"inLanguage":"fr-FR"},{"@type":"Person","@id":"https:\/\/www.rivieradeifiori.it\/fr\/#\/schema\/person\/6cc4e4ed0d74f08798811653e64f69ed","name":"Luca Giovannetti","image":{"@type":"ImageObject","inLanguage":"fr-FR","@id":"https:\/\/www.rivieradeifiori.it\/fr\/#\/schema\/person\/image\/","url":"https:\/\/secure.gravatar.com\/avatar\/092abda2284c50268e586151e014cf903142e524662c62577231430ea44340cf?s=96&r=g&d=https:\/\/www.rivieradeifiori.it\/wp-content\/plugins\/userswp\/assets\/images\/no_profile.png","contentUrl":"https:\/\/secure.gravatar.com\/avatar\/092abda2284c50268e586151e014cf903142e524662c62577231430ea44340cf?s=96&r=g&d=https:\/\/www.rivieradeifiori.it\/wp-content\/plugins\/userswp\/assets\/images\/no_profile.png","caption":"Luca Giovannetti"}}]}},"_links":{"self":[{"href":"https:\/\/www.rivieradeifiori.it\/fr\/wp-json\/wp\/v2\/posts\/5413","targetHints":{"allow":["GET"]}}],"collection":[{"href":"https:\/\/www.rivieradeifiori.it\/fr\/wp-json\/wp\/v2\/posts"}],"about":[{"href":"https:\/\/www.rivieradeifiori.it\/fr\/wp-json\/wp\/v2\/types\/post"}],"author":[{"embeddable":true,"href":"https:\/\/www.rivieradeifiori.it\/fr\/wp-json\/wp\/v2\/users\/1"}],"replies":[{"embeddable":true,"href":"https:\/\/www.rivieradeifiori.it\/fr\/wp-json\/wp\/v2\/comments?post=5413"}],"version-history":[{"count":1,"href":"https:\/\/www.rivieradeifiori.it\/fr\/wp-json\/wp\/v2\/posts\/5413\/revisions"}],"predecessor-version":[{"id":15983,"href":"https:\/\/www.rivieradeifiori.it\/fr\/wp-json\/wp\/v2\/posts\/5413\/revisions\/15983"}],"wp:featuredmedia":[{"embeddable":true,"href":"https:\/\/www.rivieradeifiori.it\/fr\/wp-json\/wp\/v2\/media\/5408"}],"wp:attachment":[{"href":"https:\/\/www.rivieradeifiori.it\/fr\/wp-json\/wp\/v2\/media?parent=5413"}],"wp:term":[{"taxonomy":"category","embeddable":true,"href":"https:\/\/www.rivieradeifiori.it\/fr\/wp-json\/wp\/v2\/categories?post=5413"},{"taxonomy":"post_tag","embeddable":true,"href":"https:\/\/www.rivieradeifiori.it\/fr\/wp-json\/wp\/v2\/tags?post=5413"}],"curies":[{"name":"wp","href":"https:\/\/api.w.org\/{rel}","templated":true}]}}