{"id":4926,"date":"2017-07-05T11:19:09","date_gmt":"2017-07-05T09:19:09","guid":{"rendered":"http:\/\/www.rivieradeifiori.info\/fr\/?p=4926"},"modified":"2017-07-05T11:21:56","modified_gmt":"2017-07-05T09:21:56","slug":"cervo-ti-strega","status":"publish","type":"post","link":"https:\/\/www.rivieradeifiori.it\/fr\/art-et-culture\/cervo-ti-strega\/","title":{"rendered":"Cervo ti Strega"},"content":{"rendered":"<p><strong>Le 25 juin et le 9 juillet rendez-vous sur la place des Corallini avec les finalistes et le gagnant du prix litt\u00e9raire plus c\u00e9l\u00e8bre d&#8217;Italie.<\/strong><\/p>\n<p>&nbsp;<\/p>\n<p>Entre sa charmante place donnant sur la mer, le ch\u00e2teau et le bourg perch\u00e9 sur le rocher, Cervo n\u2019arr\u00eate pas de charmer et de surprendre. \u00c0 Cervo, r\u00e9cemment r\u00e9compens\u00e9e comme &#8221;Ville qui lit&#8221;, se trouve en effet un lien insoup\u00e7onn\u00e9 avec le prix litt\u00e9raire le plus prestigieux\u00a0: le &#8221;Premio Strega&#8221;. Son nom r\u00e9sonne dans le bourg gr\u00e2ce au lien qu&#8217;avait l&#8217;\u00e9crivain Orsola Nemi avec Maria Bellucci, cr\u00e9atrice du prix. La Nemi a v\u00e9cu longtemps ici avec le mari Henry Furst, en fr\u00e9quentant certains parmi les plus grands intellectuels du vingti\u00e8me si\u00e8cle. C&#8217;est pour rappeler et rendre honneur \u00e0 cette amiti\u00e9 que Francesca Rotta Gentile, ni\u00e8ce de Orsola Nemi, a con\u00e7u &#8221;Cervo ti Strega&#8221;, une manifestation qui, arriv\u00e9e cette ann\u00e9e \u00e0 sa quatri\u00e8me \u00e9dition,\u00a0 portera sur le parvis des Corallini les finalistes et le gagnant du troph\u00e9e convoit\u00e9.<\/p>\n<p>Les cinq auteurs &#8221;stregati&#8221; (ensorcel\u00e9s) finalistes seront \u00e0 Cervo le 25 juin pour la derni\u00e8re sortie publique avant la proclamation du gagnant. L\u2019h\u00f4tesse du salon donnant sur la mer est Alessandra Tedesco, voix de Radio24 et animatrice du programme &#8221;le chasseur de livres&#8221;, assist\u00e9e pour la musique de fond, jazz et\u00a0 folk, par Fabio Tessitore et Roberto Frazzetto, et par Franco la Sacra pour les lectures. Il y aura ensuite des \u00e9tudiants-lecteurs venants des instituts de Imperia, faisant partie du jury du Premio Strega Giovani, qui intervieweront les finalistes apr\u00e8s avoir lu les douze livres en concours pr\u00e9sent\u00e9s le 24 mais dernier, et donn\u00e9 leurs \u00e9valuation.<\/p>\n<p>Les noms des cinq finalistes seront communiqu\u00e9s, comme il est coutume, chez Casa Bellonci, si\u00e8ge de la fondation qui s&#8217;occupe du prix, le mercredi 14 juin. \u00c0 l&#8217;occasion des 70 ans du &#8221;Strega&#8221;, le 6 juillet prochain le Ninfeo de Villa Giulia \u00e0 Rome sera \u00e0 nouveau la sc\u00e8ne de l&#8217;annonce du vainqueur 2017. Il est donc d\u00e9j\u00e0 parmi les douze finalistes, le futur gagnant de &#8221;Cervo ti Strega&#8221; qui sera l&#8217;invit\u00e9 de la r\u00e9union \u00e0 Piazza dei Corallini,dimanche 9 juillet. La soir\u00e9e sera anim\u00e9e par le charismatique Giampiero Mughini, journaliste d&#8217;opinion et, comme il aime se d\u00e9finir, bibliographe. Les interludes musicaux seront assur\u00e9s par l&#8217;auteur-interpr\u00e8te Francesca Pidale et le compositeur Diego Genta.<\/p>\n<p>Le dimanche 25 juin est aussi pr\u00e9vue la conf\u00e9rence &#8221;Un petit tr\u00e9sor de langue\u00a0: database des romans gagnants&#8221;, orateur Vittorio Coletti, professeur d&#8217;histoire de la langue italienne \u00e0 l&#8217;Universit\u00e9 de G\u00eanes.\u00a0 Giovanni Solimine, pr\u00e9sident de la Fondation Bellonci depuis f\u00e9vrier 2017, participera \u00e0 cet \u00e9v\u00e9nement d\u00e9di\u00e9 \u00e0 Tullio de Mauro, linguiste et ex Ministre de l&#8217;instruction, d\u00e9j\u00e0 pr\u00e9sident du &#8221;Premio Strega&#8221;.\u00a0 Le rendez-vous est au Ch\u00e2teau des Clavesana, o\u00f9 sera aussi organis\u00e9e une exposition de photos &#8221;AUTORItratti per il Premio Strega&#8221;, de Riccardo Musacchio et Flavio Iannello.<\/p>\n<p>Enfin, pour r\u00e9chauffer l&#8217;ambiance, les cocktails &#8221;stregati&#8221; (ensorcell\u00e9s), et la d\u00e9gustation de bonbons au chocolat et de la Liqueur Strega.<\/p>\n<p>Alessandra Chiappori<\/p>\n<p>&nbsp;<\/p>\n","protected":false},"excerpt":{"rendered":"<p>Le 25 juin et le 9 juillet rendez-vous sur la place des Corallini avec les finalistes et le gagnant du prix litt\u00e9raire plus c\u00e9l\u00e8bre d&#8217;Italie. &nbsp; Entre sa charmante place donnant sur la mer, le ch\u00e2teau et le bourg perch\u00e9 sur le rocher, Cervo n\u2019arr\u00eate pas de charmer et de surprendre. \u00c0 Cervo, r\u00e9cemment r\u00e9compens\u00e9e [&hellip;]<\/p>\n","protected":false},"author":1,"featured_media":4920,"comment_status":"closed","ping_status":"open","sticky":false,"template":"","format":"standard","meta":{"_et_pb_use_builder":"","_et_pb_old_content":"","_et_gb_content_width":"","_eb_attr":"","_vp_format_video_url":"","_vp_image_focal_point":[],"_vp_custom_popup_image":0,"_vp_format_audio_url":"","_vp_custom_thumbnail":0,"_vp_custom_thumbnail_focal_point":[],"_vp_hover_thumbnail":0,"_vp_hover_thumbnail_focal_point":[],"footnotes":""},"categories":[49],"tags":[1151],"class_list":["post-4926","post","type-post","status-publish","format-standard","has-post-thumbnail","hentry","category-art-et-culture","tag-cervo-fr","et-has-post-format-content","et_post_format-et-post-format-standard"],"yoast_head":"<!-- This site is optimized with the Yoast SEO plugin v25.7 - https:\/\/yoast.com\/wordpress\/plugins\/seo\/ -->\n<title>Cervo ti Strega - Art &amp; Culture - Riviera dei Fiori<\/title>\n<meta name=\"robots\" content=\"index, follow, max-snippet:-1, max-image-preview:large, max-video-preview:-1\" \/>\n<link rel=\"canonical\" href=\"https:\/\/www.rivieradeifiori.it\/fr\/art-et-culture\/cervo-ti-strega\/\" \/>\n<meta name=\"twitter:label1\" content=\"\u00c9crit par\" \/>\n\t<meta name=\"twitter:data1\" content=\"Luca Giovannetti\" \/>\n\t<meta name=\"twitter:label2\" content=\"Dur\u00e9e de lecture estim\u00e9e\" \/>\n\t<meta name=\"twitter:data2\" content=\"3 minutes\" \/>\n<script type=\"application\/ld+json\" class=\"yoast-schema-graph\">{\"@context\":\"https:\/\/schema.org\",\"@graph\":[{\"@type\":\"WebPage\",\"@id\":\"https:\/\/www.rivieradeifiori.it\/fr\/art-et-culture\/cervo-ti-strega\/\",\"url\":\"https:\/\/www.rivieradeifiori.it\/fr\/art-et-culture\/cervo-ti-strega\/\",\"name\":\"Cervo ti Strega - Art &amp; Culture - Riviera dei Fiori\",\"isPartOf\":{\"@id\":\"https:\/\/www.rivieradeifiori.it\/fr\/#website\"},\"primaryImageOfPage\":{\"@id\":\"https:\/\/www.rivieradeifiori.it\/fr\/art-et-culture\/cervo-ti-strega\/#primaryimage\"},\"image\":{\"@id\":\"https:\/\/www.rivieradeifiori.it\/fr\/art-et-culture\/cervo-ti-strega\/#primaryimage\"},\"thumbnailUrl\":\"https:\/\/www.rivieradeifiori.it\/wp-content\/uploads\/2017\/07\/Cervo-ti-strega.jpg\",\"datePublished\":\"2017-07-05T09:19:09+00:00\",\"dateModified\":\"2017-07-05T09:21:56+00:00\",\"author\":{\"@id\":\"https:\/\/www.rivieradeifiori.it\/fr\/#\/schema\/person\/6cc4e4ed0d74f08798811653e64f69ed\"},\"breadcrumb\":{\"@id\":\"https:\/\/www.rivieradeifiori.it\/fr\/art-et-culture\/cervo-ti-strega\/#breadcrumb\"},\"inLanguage\":\"fr-FR\",\"potentialAction\":[{\"@type\":\"ReadAction\",\"target\":[\"https:\/\/www.rivieradeifiori.it\/fr\/art-et-culture\/cervo-ti-strega\/\"]}]},{\"@type\":\"ImageObject\",\"inLanguage\":\"fr-FR\",\"@id\":\"https:\/\/www.rivieradeifiori.it\/fr\/art-et-culture\/cervo-ti-strega\/#primaryimage\",\"url\":\"https:\/\/www.rivieradeifiori.it\/wp-content\/uploads\/2017\/07\/Cervo-ti-strega.jpg\",\"contentUrl\":\"https:\/\/www.rivieradeifiori.it\/wp-content\/uploads\/2017\/07\/Cervo-ti-strega.jpg\",\"width\":1360,\"height\":907},{\"@type\":\"BreadcrumbList\",\"@id\":\"https:\/\/www.rivieradeifiori.it\/fr\/art-et-culture\/cervo-ti-strega\/#breadcrumb\",\"itemListElement\":[{\"@type\":\"ListItem\",\"position\":1,\"name\":\"Home\",\"item\":\"https:\/\/www.rivieradeifiori.it\/fr\/\"},{\"@type\":\"ListItem\",\"position\":2,\"name\":\"Cervo ti Strega\"}]},{\"@type\":\"WebSite\",\"@id\":\"https:\/\/www.rivieradeifiori.it\/fr\/#website\",\"url\":\"https:\/\/www.rivieradeifiori.it\/fr\/\",\"name\":\"Riviera dei Fiori\",\"description\":\"Un mare di colori\",\"potentialAction\":[{\"@type\":\"SearchAction\",\"target\":{\"@type\":\"EntryPoint\",\"urlTemplate\":\"https:\/\/www.rivieradeifiori.it\/fr\/?s={search_term_string}\"},\"query-input\":{\"@type\":\"PropertyValueSpecification\",\"valueRequired\":true,\"valueName\":\"search_term_string\"}}],\"inLanguage\":\"fr-FR\"},{\"@type\":\"Person\",\"@id\":\"https:\/\/www.rivieradeifiori.it\/fr\/#\/schema\/person\/6cc4e4ed0d74f08798811653e64f69ed\",\"name\":\"Luca Giovannetti\",\"image\":{\"@type\":\"ImageObject\",\"inLanguage\":\"fr-FR\",\"@id\":\"https:\/\/www.rivieradeifiori.it\/fr\/#\/schema\/person\/image\/\",\"url\":\"https:\/\/secure.gravatar.com\/avatar\/092abda2284c50268e586151e014cf903142e524662c62577231430ea44340cf?s=96&r=g&d=https:\/\/www.rivieradeifiori.it\/wp-content\/plugins\/userswp\/assets\/images\/no_profile.png\",\"contentUrl\":\"https:\/\/secure.gravatar.com\/avatar\/092abda2284c50268e586151e014cf903142e524662c62577231430ea44340cf?s=96&r=g&d=https:\/\/www.rivieradeifiori.it\/wp-content\/plugins\/userswp\/assets\/images\/no_profile.png\",\"caption\":\"Luca Giovannetti\"}}]}<\/script>\n<!-- \/ Yoast SEO plugin. -->","yoast_head_json":{"title":"Cervo ti Strega - Art &amp; Culture - Riviera dei Fiori","robots":{"index":"index","follow":"follow","max-snippet":"max-snippet:-1","max-image-preview":"max-image-preview:large","max-video-preview":"max-video-preview:-1"},"canonical":"https:\/\/www.rivieradeifiori.it\/fr\/art-et-culture\/cervo-ti-strega\/","twitter_misc":{"\u00c9crit par":"Luca Giovannetti","Dur\u00e9e de lecture estim\u00e9e":"3 minutes"},"schema":{"@context":"https:\/\/schema.org","@graph":[{"@type":"WebPage","@id":"https:\/\/www.rivieradeifiori.it\/fr\/art-et-culture\/cervo-ti-strega\/","url":"https:\/\/www.rivieradeifiori.it\/fr\/art-et-culture\/cervo-ti-strega\/","name":"Cervo ti Strega - Art &amp; Culture - Riviera dei Fiori","isPartOf":{"@id":"https:\/\/www.rivieradeifiori.it\/fr\/#website"},"primaryImageOfPage":{"@id":"https:\/\/www.rivieradeifiori.it\/fr\/art-et-culture\/cervo-ti-strega\/#primaryimage"},"image":{"@id":"https:\/\/www.rivieradeifiori.it\/fr\/art-et-culture\/cervo-ti-strega\/#primaryimage"},"thumbnailUrl":"https:\/\/www.rivieradeifiori.it\/wp-content\/uploads\/2017\/07\/Cervo-ti-strega.jpg","datePublished":"2017-07-05T09:19:09+00:00","dateModified":"2017-07-05T09:21:56+00:00","author":{"@id":"https:\/\/www.rivieradeifiori.it\/fr\/#\/schema\/person\/6cc4e4ed0d74f08798811653e64f69ed"},"breadcrumb":{"@id":"https:\/\/www.rivieradeifiori.it\/fr\/art-et-culture\/cervo-ti-strega\/#breadcrumb"},"inLanguage":"fr-FR","potentialAction":[{"@type":"ReadAction","target":["https:\/\/www.rivieradeifiori.it\/fr\/art-et-culture\/cervo-ti-strega\/"]}]},{"@type":"ImageObject","inLanguage":"fr-FR","@id":"https:\/\/www.rivieradeifiori.it\/fr\/art-et-culture\/cervo-ti-strega\/#primaryimage","url":"https:\/\/www.rivieradeifiori.it\/wp-content\/uploads\/2017\/07\/Cervo-ti-strega.jpg","contentUrl":"https:\/\/www.rivieradeifiori.it\/wp-content\/uploads\/2017\/07\/Cervo-ti-strega.jpg","width":1360,"height":907},{"@type":"BreadcrumbList","@id":"https:\/\/www.rivieradeifiori.it\/fr\/art-et-culture\/cervo-ti-strega\/#breadcrumb","itemListElement":[{"@type":"ListItem","position":1,"name":"Home","item":"https:\/\/www.rivieradeifiori.it\/fr\/"},{"@type":"ListItem","position":2,"name":"Cervo ti Strega"}]},{"@type":"WebSite","@id":"https:\/\/www.rivieradeifiori.it\/fr\/#website","url":"https:\/\/www.rivieradeifiori.it\/fr\/","name":"Riviera dei Fiori","description":"Un mare di colori","potentialAction":[{"@type":"SearchAction","target":{"@type":"EntryPoint","urlTemplate":"https:\/\/www.rivieradeifiori.it\/fr\/?s={search_term_string}"},"query-input":{"@type":"PropertyValueSpecification","valueRequired":true,"valueName":"search_term_string"}}],"inLanguage":"fr-FR"},{"@type":"Person","@id":"https:\/\/www.rivieradeifiori.it\/fr\/#\/schema\/person\/6cc4e4ed0d74f08798811653e64f69ed","name":"Luca Giovannetti","image":{"@type":"ImageObject","inLanguage":"fr-FR","@id":"https:\/\/www.rivieradeifiori.it\/fr\/#\/schema\/person\/image\/","url":"https:\/\/secure.gravatar.com\/avatar\/092abda2284c50268e586151e014cf903142e524662c62577231430ea44340cf?s=96&r=g&d=https:\/\/www.rivieradeifiori.it\/wp-content\/plugins\/userswp\/assets\/images\/no_profile.png","contentUrl":"https:\/\/secure.gravatar.com\/avatar\/092abda2284c50268e586151e014cf903142e524662c62577231430ea44340cf?s=96&r=g&d=https:\/\/www.rivieradeifiori.it\/wp-content\/plugins\/userswp\/assets\/images\/no_profile.png","caption":"Luca Giovannetti"}}]}},"_links":{"self":[{"href":"https:\/\/www.rivieradeifiori.it\/fr\/wp-json\/wp\/v2\/posts\/4926","targetHints":{"allow":["GET"]}}],"collection":[{"href":"https:\/\/www.rivieradeifiori.it\/fr\/wp-json\/wp\/v2\/posts"}],"about":[{"href":"https:\/\/www.rivieradeifiori.it\/fr\/wp-json\/wp\/v2\/types\/post"}],"author":[{"embeddable":true,"href":"https:\/\/www.rivieradeifiori.it\/fr\/wp-json\/wp\/v2\/users\/1"}],"replies":[{"embeddable":true,"href":"https:\/\/www.rivieradeifiori.it\/fr\/wp-json\/wp\/v2\/comments?post=4926"}],"version-history":[{"count":0,"href":"https:\/\/www.rivieradeifiori.it\/fr\/wp-json\/wp\/v2\/posts\/4926\/revisions"}],"wp:featuredmedia":[{"embeddable":true,"href":"https:\/\/www.rivieradeifiori.it\/fr\/wp-json\/wp\/v2\/media\/4920"}],"wp:attachment":[{"href":"https:\/\/www.rivieradeifiori.it\/fr\/wp-json\/wp\/v2\/media?parent=4926"}],"wp:term":[{"taxonomy":"category","embeddable":true,"href":"https:\/\/www.rivieradeifiori.it\/fr\/wp-json\/wp\/v2\/categories?post=4926"},{"taxonomy":"post_tag","embeddable":true,"href":"https:\/\/www.rivieradeifiori.it\/fr\/wp-json\/wp\/v2\/tags?post=4926"}],"curies":[{"name":"wp","href":"https:\/\/api.w.org\/{rel}","templated":true}]}}