{"id":4903,"date":"2017-03-25T21:02:20","date_gmt":"2017-03-25T20:02:20","guid":{"rendered":"http:\/\/www.rivieradeifiori.info\/fr\/?p=4903"},"modified":"2022-06-10T11:12:03","modified_gmt":"2022-06-10T09:12:03","slug":"promenade-claude-monet-beodo-bordighera","status":"publish","type":"post","link":"https:\/\/www.rivieradeifiori.it\/fr\/art-et-culture\/promenade-claude-monet-beodo-bordighera\/","title":{"rendered":"Promenade Claude Monet \u2013 Beodo Bordighera"},"content":{"rendered":"<p>&#8221;Tout est admirable, et chaque jour la campagne est plus belle, et je suis enchant\u00e8 du pays&#8221;. Monet avait ainsi d\u00e9crit le paysage de Bordighera dans une lettre \u00e0 son marchant parisien en janvier 1884, quand il arriva sur la Riviera Ligure. Le grand impressionniste fut enchant\u00e8 par la lumi\u00e8re et les couleurs qu&#8217;il d\u00e9crivait comme une &#8221;v\u00e9ritable magie&#8221;. Pendant son s\u00e9jour dans la ville des palmiers Monet \u00e9tait descendu \u00e0 la Pension Anglaise et il se promenait sans cesse avec son chevalet, \u00e0 la recherche de beaut\u00e9s du paysage \u00e0 immortaliser. Il r\u00e9alisa 38 tableaux en 79 jours, fixant sur toile des aper\u00e7ues de villas, des paysages et des jardins. Il travaillait en plein air, en t\u00e2chant de capturer tout ce qui le frappait\u00a0: les reflets de la mer, les palmiers exotiques et la v\u00e9g\u00e9tation exub\u00e9rante des collines de Bordighera. Il fut particuli\u00e8rement saisi par le jardin de Moreno, au point de lui d\u00e9dier une toile. &#8221;Rien n&#8217;est comparable \u00e0 ce jardin \u2013 \u00e9crivit Monet &#8211; il est tout simplement fantastique, toutes les plantes de l&#8217;univers semblent y pousser spontan\u00e9ment&#8221;. Le tableau est actuellement expos\u00e9 \u00e0 la Norton Gallery and School of\u00a0 Arts de Palm Beach. Un autre endroit parmi ceux qu\u2019inspir\u00e8rent l&#8217;artiste, est la colline aux \u00e9paules du centre historique, travers\u00e9e par celui qu&#8217;autre fois \u00e9tait l&#8217;aqueduc qui alimentait maisons et campagnes, et qui est devenu aujourd&#8217;hui un sentier appel\u00e9 le &#8221;Beodo&#8221;. Le sentier part juste apr\u00e8s la vieille ville, du c\u00f4t\u00e9 de la Via dei Colli, il passe sous un tunnel et remonte la vall\u00e9e du torrent Sasso par un vieux chemin muletier. Il continue le long des terrasses soutenues par les murs \u00e0 sec, entre mimosa et gen\u00eats, oliviers, plantes succulentes et touffes de palmiers. Dans la premi\u00e8re partie il domine la c\u00f4te, puis il tourne vers l\u2019int\u00e9rieur pour atteindre le petit village de Sasso. Il suffit de se promener le long du &#8221;beodo&#8221; pour red\u00e9couvrir la magie de la nature,\u00a0 avec toutes ces couleurs qui enchant\u00e8rent l&#8217;artiste. C&#8217;est bien ce vallon du Sasso que Monet avait choisi de peindre au cours d&#8217;une de ses excursions, comme aussi une ferme qui se dressait juste \u00e0 c\u00f4t\u00e9 du canal de l&#8217;aqueduc. La ville de Bordighera a donn\u00e9 aux jardins de la via Romana, qui autrefois faisaient partie des disparus Jardins Moreno, le nom de Claude Monet.<\/p>\n<p><em>[Samirah Muran]<\/em><\/p>\n\n\t\t<style type=\"text\/css\">\n\t\t\t#gallery-1 {\n\t\t\t\tmargin: auto;\n\t\t\t}\n\t\t\t#gallery-1 .gallery-item {\n\t\t\t\tfloat: left;\n\t\t\t\tmargin-top: 10px;\n\t\t\t\ttext-align: center;\n\t\t\t\twidth: 33%;\n\t\t\t}\n\t\t\t#gallery-1 img {\n\t\t\t\tborder: 2px solid #cfcfcf;\n\t\t\t}\n\t\t\t#gallery-1 .gallery-caption {\n\t\t\t\tmargin-left: 0;\n\t\t\t}\n\t\t\t\/* see gallery_shortcode() in wp-includes\/media.php *\/\n\t\t<\/style>\n\t\t<div id='gallery-1' class='gallery galleryid-4903 gallery-columns-3 gallery-size-thumbnail'><dl class='gallery-item'>\n\t\t\t<dt class='gallery-icon landscape'>\n\t\t\t\t<a href='https:\/\/www.rivieradeifiori.it\/fr\/monet-bordighera-wikipedia-2\/'><img decoding=\"async\" width=\"160\" height=\"160\" src=\"https:\/\/www.rivieradeifiori.it\/wp-content\/uploads\/2017\/03\/Monet-Bordighera-Wikipedia-160x160.jpg\" class=\"attachment-thumbnail size-thumbnail\" alt=\"\" aria-describedby=\"gallery-1-4552\" srcset=\"https:\/\/www.rivieradeifiori.it\/wp-content\/uploads\/2017\/03\/Monet-Bordighera-Wikipedia-160x160.jpg 160w, https:\/\/www.rivieradeifiori.it\/wp-content\/uploads\/2017\/03\/Monet-Bordighera-Wikipedia-440x440.jpg 440w, https:\/\/www.rivieradeifiori.it\/wp-content\/uploads\/2017\/03\/Monet-Bordighera-Wikipedia-150x150.jpg 150w, https:\/\/www.rivieradeifiori.it\/wp-content\/uploads\/2017\/03\/Monet-Bordighera-Wikipedia-65x65.jpg 65w, https:\/\/www.rivieradeifiori.it\/wp-content\/uploads\/2017\/03\/Monet-Bordighera-Wikipedia-180x180.jpg 180w, https:\/\/www.rivieradeifiori.it\/wp-content\/uploads\/2017\/03\/Monet-Bordighera-Wikipedia-300x300.jpg 300w, https:\/\/www.rivieradeifiori.it\/wp-content\/uploads\/2017\/03\/Monet-Bordighera-Wikipedia-600x600.jpg 600w\" sizes=\"(max-width: 160px) 100vw, 160px\" \/><\/a>\n\t\t\t<\/dt>\n\t\t\t\t<dd class='wp-caption-text gallery-caption' id='gallery-1-4552'>\n\t\t\t\tBordighera (1884) Art Institute of Chicago \u00a9Wikipedia\n\t\t\t\t<\/dd><\/dl><dl class='gallery-item'>\n\t\t\t<dt class='gallery-icon landscape'>\n\t\t\t\t<a href='https:\/\/www.rivieradeifiori.it\/fr\/punti-di-vista-3-2\/'><img decoding=\"async\" width=\"160\" height=\"160\" src=\"https:\/\/www.rivieradeifiori.it\/wp-content\/uploads\/2017\/03\/Punti-di-vista-3-160x160.jpg\" class=\"attachment-thumbnail size-thumbnail\" alt=\"\" aria-describedby=\"gallery-1-4662\" srcset=\"https:\/\/www.rivieradeifiori.it\/wp-content\/uploads\/2017\/03\/Punti-di-vista-3-160x160.jpg 160w, https:\/\/www.rivieradeifiori.it\/wp-content\/uploads\/2017\/03\/Punti-di-vista-3-300x300.jpg 300w, https:\/\/www.rivieradeifiori.it\/wp-content\/uploads\/2017\/03\/Punti-di-vista-3.jpg 472w, https:\/\/www.rivieradeifiori.it\/wp-content\/uploads\/2017\/03\/Punti-di-vista-3-440x440.jpg 440w, https:\/\/www.rivieradeifiori.it\/wp-content\/uploads\/2017\/03\/Punti-di-vista-3-150x150.jpg 150w, https:\/\/www.rivieradeifiori.it\/wp-content\/uploads\/2017\/03\/Punti-di-vista-3-65x65.jpg 65w, https:\/\/www.rivieradeifiori.it\/wp-content\/uploads\/2017\/03\/Punti-di-vista-3-180x180.jpg 180w\" sizes=\"(max-width: 160px) 100vw, 160px\" \/><\/a>\n\t\t\t<\/dt>\n\t\t\t\t<dd class='wp-caption-text gallery-caption' id='gallery-1-4662'>\n\t\t\t\tPunti di vista \u00a9Tullio Bigordi\n\t\t\t\t<\/dd><\/dl><dl class='gallery-item'>\n\t\t\t<dt class='gallery-icon landscape'>\n\t\t\t\t<a href='https:\/\/www.rivieradeifiori.it\/fr\/punti-di-vista-4-2\/'><img decoding=\"async\" width=\"160\" height=\"160\" src=\"https:\/\/www.rivieradeifiori.it\/wp-content\/uploads\/2017\/03\/Punti-di-vista-4-160x160.jpg\" class=\"attachment-thumbnail size-thumbnail\" alt=\"\" aria-describedby=\"gallery-1-4652\" srcset=\"https:\/\/www.rivieradeifiori.it\/wp-content\/uploads\/2017\/03\/Punti-di-vista-4-160x160.jpg 160w, https:\/\/www.rivieradeifiori.it\/wp-content\/uploads\/2017\/03\/Punti-di-vista-4-300x300.jpg 300w, https:\/\/www.rivieradeifiori.it\/wp-content\/uploads\/2017\/03\/Punti-di-vista-4.jpg 472w, https:\/\/www.rivieradeifiori.it\/wp-content\/uploads\/2017\/03\/Punti-di-vista-4-440x440.jpg 440w, https:\/\/www.rivieradeifiori.it\/wp-content\/uploads\/2017\/03\/Punti-di-vista-4-150x150.jpg 150w, https:\/\/www.rivieradeifiori.it\/wp-content\/uploads\/2017\/03\/Punti-di-vista-4-65x65.jpg 65w, https:\/\/www.rivieradeifiori.it\/wp-content\/uploads\/2017\/03\/Punti-di-vista-4-180x180.jpg 180w\" sizes=\"(max-width: 160px) 100vw, 160px\" \/><\/a>\n\t\t\t<\/dt>\n\t\t\t\t<dd class='wp-caption-text gallery-caption' id='gallery-1-4652'>\n\t\t\t\tPunti di vista \u00a9Tullio Bigordi\n\t\t\t\t<\/dd><\/dl><br style=\"clear: both\" \/><dl class='gallery-item'>\n\t\t\t<dt class='gallery-icon landscape'>\n\t\t\t\t<a href='https:\/\/www.rivieradeifiori.it\/fr\/punti-di-vista-6-2\/'><img decoding=\"async\" width=\"160\" height=\"160\" src=\"https:\/\/www.rivieradeifiori.it\/wp-content\/uploads\/2017\/03\/Punti-di-vista-6-160x160.jpg\" class=\"attachment-thumbnail size-thumbnail\" alt=\"\" aria-describedby=\"gallery-1-4657\" srcset=\"https:\/\/www.rivieradeifiori.it\/wp-content\/uploads\/2017\/03\/Punti-di-vista-6-160x160.jpg 160w, https:\/\/www.rivieradeifiori.it\/wp-content\/uploads\/2017\/03\/Punti-di-vista-6-440x440.jpg 440w, https:\/\/www.rivieradeifiori.it\/wp-content\/uploads\/2017\/03\/Punti-di-vista-6-150x150.jpg 150w, https:\/\/www.rivieradeifiori.it\/wp-content\/uploads\/2017\/03\/Punti-di-vista-6-65x65.jpg 65w, https:\/\/www.rivieradeifiori.it\/wp-content\/uploads\/2017\/03\/Punti-di-vista-6-180x180.jpg 180w, https:\/\/www.rivieradeifiori.it\/wp-content\/uploads\/2017\/03\/Punti-di-vista-6-300x300.jpg 300w\" sizes=\"(max-width: 160px) 100vw, 160px\" \/><\/a>\n\t\t\t<\/dt>\n\t\t\t\t<dd class='wp-caption-text gallery-caption' id='gallery-1-4657'>\n\t\t\t\tPunti di vista \u00a9Tullio Bigordi\n\t\t\t\t<\/dd><\/dl><dl class='gallery-item'>\n\t\t\t<dt class='gallery-icon landscape'>\n\t\t\t\t<a href='https:\/\/www.rivieradeifiori.it\/fr\/punti-di-vista-2-2\/'><img decoding=\"async\" width=\"160\" height=\"160\" src=\"https:\/\/www.rivieradeifiori.it\/wp-content\/uploads\/2017\/03\/Punti-di-vista-2-160x160.jpg\" class=\"attachment-thumbnail size-thumbnail\" alt=\"\" aria-describedby=\"gallery-1-4667\" srcset=\"https:\/\/www.rivieradeifiori.it\/wp-content\/uploads\/2017\/03\/Punti-di-vista-2-160x160.jpg 160w, https:\/\/www.rivieradeifiori.it\/wp-content\/uploads\/2017\/03\/Punti-di-vista-2-300x300.jpg 300w, https:\/\/www.rivieradeifiori.it\/wp-content\/uploads\/2017\/03\/Punti-di-vista-2.jpg 472w, https:\/\/www.rivieradeifiori.it\/wp-content\/uploads\/2017\/03\/Punti-di-vista-2-440x440.jpg 440w, https:\/\/www.rivieradeifiori.it\/wp-content\/uploads\/2017\/03\/Punti-di-vista-2-150x150.jpg 150w, https:\/\/www.rivieradeifiori.it\/wp-content\/uploads\/2017\/03\/Punti-di-vista-2-65x65.jpg 65w, https:\/\/www.rivieradeifiori.it\/wp-content\/uploads\/2017\/03\/Punti-di-vista-2-180x180.jpg 180w\" sizes=\"(max-width: 160px) 100vw, 160px\" \/><\/a>\n\t\t\t<\/dt>\n\t\t\t\t<dd class='wp-caption-text gallery-caption' id='gallery-1-4667'>\n\t\t\t\tPunti di vista \u00a9Tullio Bigordi\n\t\t\t\t<\/dd><\/dl><dl class='gallery-item'>\n\t\t\t<dt class='gallery-icon landscape'>\n\t\t\t\t<a href='https:\/\/www.rivieradeifiori.it\/fr\/punti-di-vista-1-2\/'><img decoding=\"async\" width=\"160\" height=\"160\" src=\"https:\/\/www.rivieradeifiori.it\/wp-content\/uploads\/2017\/03\/Punti-di-vista-1-160x160.jpg\" class=\"attachment-thumbnail size-thumbnail\" alt=\"\" aria-describedby=\"gallery-1-4672\" srcset=\"https:\/\/www.rivieradeifiori.it\/wp-content\/uploads\/2017\/03\/Punti-di-vista-1-160x160.jpg 160w, https:\/\/www.rivieradeifiori.it\/wp-content\/uploads\/2017\/03\/Punti-di-vista-1-300x300.jpg 300w, https:\/\/www.rivieradeifiori.it\/wp-content\/uploads\/2017\/03\/Punti-di-vista-1.jpg 472w, https:\/\/www.rivieradeifiori.it\/wp-content\/uploads\/2017\/03\/Punti-di-vista-1-440x440.jpg 440w, https:\/\/www.rivieradeifiori.it\/wp-content\/uploads\/2017\/03\/Punti-di-vista-1-150x150.jpg 150w, https:\/\/www.rivieradeifiori.it\/wp-content\/uploads\/2017\/03\/Punti-di-vista-1-65x65.jpg 65w, https:\/\/www.rivieradeifiori.it\/wp-content\/uploads\/2017\/03\/Punti-di-vista-1-180x180.jpg 180w\" sizes=\"(max-width: 160px) 100vw, 160px\" \/><\/a>\n\t\t\t<\/dt>\n\t\t\t\t<dd class='wp-caption-text gallery-caption' id='gallery-1-4672'>\n\t\t\t\tPunti di vista \u00a9Tullio Bigordi\n\t\t\t\t<\/dd><\/dl><br style=\"clear: both\" \/>\n\t\t<\/div>\n\n","protected":false},"excerpt":{"rendered":"<p>&#8221;Tout est admirable, et chaque jour la campagne est plus belle, et je suis enchant\u00e8 du pays&#8221;. Monet avait ainsi d\u00e9crit le paysage de Bordighera dans une lettre \u00e0 son marchant parisien en janvier 1884, quand il arriva sur la Riviera Ligure. Le grand impressionniste fut enchant\u00e8 par la lumi\u00e8re et les couleurs qu&#8217;il d\u00e9crivait [&hellip;]<\/p>\n","protected":false},"author":1,"featured_media":4896,"comment_status":"closed","ping_status":"open","sticky":false,"template":"","format":"standard","meta":{"_et_pb_use_builder":"","_et_pb_old_content":"","_et_gb_content_width":"","_eb_attr":"","_vp_format_video_url":"","_vp_image_focal_point":[],"_vp_custom_popup_image":0,"_vp_format_audio_url":"","_vp_custom_thumbnail":0,"_vp_custom_thumbnail_focal_point":[],"_vp_hover_thumbnail":0,"_vp_hover_thumbnail_focal_point":[],"footnotes":""},"categories":[49,57],"tags":[1267,1268],"class_list":["post-4903","post","type-post","status-publish","format-standard","has-post-thumbnail","hentry","category-art-et-culture","category-mer-et-territoire","tag-bordighera-fr","tag-parcs-et-jardins","et-has-post-format-content","et_post_format-et-post-format-standard"],"yoast_head":"<!-- This site is optimized with the Yoast SEO plugin v25.7 - https:\/\/yoast.com\/wordpress\/plugins\/seo\/ -->\n<title>Promenade Claude Monet \u2013 Beodo Bordighera - Art &amp; Culture - Riviera dei Fiori<\/title>\n<meta name=\"robots\" content=\"index, follow, max-snippet:-1, max-image-preview:large, max-video-preview:-1\" \/>\n<link rel=\"canonical\" href=\"https:\/\/www.rivieradeifiori.it\/fr\/art-et-culture\/promenade-claude-monet-beodo-bordighera\/\" \/>\n<meta name=\"twitter:label1\" content=\"\u00c9crit par\" \/>\n\t<meta name=\"twitter:data1\" content=\"Luca Giovannetti\" \/>\n\t<meta name=\"twitter:label2\" content=\"Dur\u00e9e de lecture estim\u00e9e\" \/>\n\t<meta name=\"twitter:data2\" content=\"2 minutes\" \/>\n<script type=\"application\/ld+json\" class=\"yoast-schema-graph\">{\"@context\":\"https:\/\/schema.org\",\"@graph\":[{\"@type\":\"WebPage\",\"@id\":\"https:\/\/www.rivieradeifiori.it\/fr\/art-et-culture\/promenade-claude-monet-beodo-bordighera\/\",\"url\":\"https:\/\/www.rivieradeifiori.it\/fr\/art-et-culture\/promenade-claude-monet-beodo-bordighera\/\",\"name\":\"Promenade Claude Monet \u2013 Beodo Bordighera - Art &amp; Culture - Riviera dei Fiori\",\"isPartOf\":{\"@id\":\"https:\/\/www.rivieradeifiori.it\/fr\/#website\"},\"primaryImageOfPage\":{\"@id\":\"https:\/\/www.rivieradeifiori.it\/fr\/art-et-culture\/promenade-claude-monet-beodo-bordighera\/#primaryimage\"},\"image\":{\"@id\":\"https:\/\/www.rivieradeifiori.it\/fr\/art-et-culture\/promenade-claude-monet-beodo-bordighera\/#primaryimage\"},\"thumbnailUrl\":\"https:\/\/www.rivieradeifiori.it\/wp-content\/uploads\/2017\/03\/Monet-Bordighera-1884-1.jpg\",\"datePublished\":\"2017-03-25T20:02:20+00:00\",\"dateModified\":\"2022-06-10T09:12:03+00:00\",\"author\":{\"@id\":\"https:\/\/www.rivieradeifiori.it\/fr\/#\/schema\/person\/6cc4e4ed0d74f08798811653e64f69ed\"},\"breadcrumb\":{\"@id\":\"https:\/\/www.rivieradeifiori.it\/fr\/art-et-culture\/promenade-claude-monet-beodo-bordighera\/#breadcrumb\"},\"inLanguage\":\"fr-FR\",\"potentialAction\":[{\"@type\":\"ReadAction\",\"target\":[\"https:\/\/www.rivieradeifiori.it\/fr\/art-et-culture\/promenade-claude-monet-beodo-bordighera\/\"]}]},{\"@type\":\"ImageObject\",\"inLanguage\":\"fr-FR\",\"@id\":\"https:\/\/www.rivieradeifiori.it\/fr\/art-et-culture\/promenade-claude-monet-beodo-bordighera\/#primaryimage\",\"url\":\"https:\/\/www.rivieradeifiori.it\/wp-content\/uploads\/2017\/03\/Monet-Bordighera-1884-1.jpg\",\"contentUrl\":\"https:\/\/www.rivieradeifiori.it\/wp-content\/uploads\/2017\/03\/Monet-Bordighera-1884-1.jpg\",\"width\":1920,\"height\":1518,\"caption\":\"C\"},{\"@type\":\"BreadcrumbList\",\"@id\":\"https:\/\/www.rivieradeifiori.it\/fr\/art-et-culture\/promenade-claude-monet-beodo-bordighera\/#breadcrumb\",\"itemListElement\":[{\"@type\":\"ListItem\",\"position\":1,\"name\":\"Home\",\"item\":\"https:\/\/www.rivieradeifiori.it\/fr\/\"},{\"@type\":\"ListItem\",\"position\":2,\"name\":\"Promenade Claude Monet \u2013 Beodo Bordighera\"}]},{\"@type\":\"WebSite\",\"@id\":\"https:\/\/www.rivieradeifiori.it\/fr\/#website\",\"url\":\"https:\/\/www.rivieradeifiori.it\/fr\/\",\"name\":\"Riviera dei Fiori\",\"description\":\"Un mare di colori\",\"potentialAction\":[{\"@type\":\"SearchAction\",\"target\":{\"@type\":\"EntryPoint\",\"urlTemplate\":\"https:\/\/www.rivieradeifiori.it\/fr\/?s={search_term_string}\"},\"query-input\":{\"@type\":\"PropertyValueSpecification\",\"valueRequired\":true,\"valueName\":\"search_term_string\"}}],\"inLanguage\":\"fr-FR\"},{\"@type\":\"Person\",\"@id\":\"https:\/\/www.rivieradeifiori.it\/fr\/#\/schema\/person\/6cc4e4ed0d74f08798811653e64f69ed\",\"name\":\"Luca Giovannetti\",\"image\":{\"@type\":\"ImageObject\",\"inLanguage\":\"fr-FR\",\"@id\":\"https:\/\/www.rivieradeifiori.it\/fr\/#\/schema\/person\/image\/\",\"url\":\"https:\/\/secure.gravatar.com\/avatar\/092abda2284c50268e586151e014cf903142e524662c62577231430ea44340cf?s=96&r=g&d=https:\/\/www.rivieradeifiori.it\/wp-content\/plugins\/userswp\/assets\/images\/no_profile.png\",\"contentUrl\":\"https:\/\/secure.gravatar.com\/avatar\/092abda2284c50268e586151e014cf903142e524662c62577231430ea44340cf?s=96&r=g&d=https:\/\/www.rivieradeifiori.it\/wp-content\/plugins\/userswp\/assets\/images\/no_profile.png\",\"caption\":\"Luca Giovannetti\"}}]}<\/script>\n<!-- \/ Yoast SEO plugin. -->","yoast_head_json":{"title":"Promenade Claude Monet \u2013 Beodo Bordighera - Art &amp; Culture - Riviera dei Fiori","robots":{"index":"index","follow":"follow","max-snippet":"max-snippet:-1","max-image-preview":"max-image-preview:large","max-video-preview":"max-video-preview:-1"},"canonical":"https:\/\/www.rivieradeifiori.it\/fr\/art-et-culture\/promenade-claude-monet-beodo-bordighera\/","twitter_misc":{"\u00c9crit par":"Luca Giovannetti","Dur\u00e9e de lecture estim\u00e9e":"2 minutes"},"schema":{"@context":"https:\/\/schema.org","@graph":[{"@type":"WebPage","@id":"https:\/\/www.rivieradeifiori.it\/fr\/art-et-culture\/promenade-claude-monet-beodo-bordighera\/","url":"https:\/\/www.rivieradeifiori.it\/fr\/art-et-culture\/promenade-claude-monet-beodo-bordighera\/","name":"Promenade Claude Monet \u2013 Beodo Bordighera - Art &amp; Culture - Riviera dei Fiori","isPartOf":{"@id":"https:\/\/www.rivieradeifiori.it\/fr\/#website"},"primaryImageOfPage":{"@id":"https:\/\/www.rivieradeifiori.it\/fr\/art-et-culture\/promenade-claude-monet-beodo-bordighera\/#primaryimage"},"image":{"@id":"https:\/\/www.rivieradeifiori.it\/fr\/art-et-culture\/promenade-claude-monet-beodo-bordighera\/#primaryimage"},"thumbnailUrl":"https:\/\/www.rivieradeifiori.it\/wp-content\/uploads\/2017\/03\/Monet-Bordighera-1884-1.jpg","datePublished":"2017-03-25T20:02:20+00:00","dateModified":"2022-06-10T09:12:03+00:00","author":{"@id":"https:\/\/www.rivieradeifiori.it\/fr\/#\/schema\/person\/6cc4e4ed0d74f08798811653e64f69ed"},"breadcrumb":{"@id":"https:\/\/www.rivieradeifiori.it\/fr\/art-et-culture\/promenade-claude-monet-beodo-bordighera\/#breadcrumb"},"inLanguage":"fr-FR","potentialAction":[{"@type":"ReadAction","target":["https:\/\/www.rivieradeifiori.it\/fr\/art-et-culture\/promenade-claude-monet-beodo-bordighera\/"]}]},{"@type":"ImageObject","inLanguage":"fr-FR","@id":"https:\/\/www.rivieradeifiori.it\/fr\/art-et-culture\/promenade-claude-monet-beodo-bordighera\/#primaryimage","url":"https:\/\/www.rivieradeifiori.it\/wp-content\/uploads\/2017\/03\/Monet-Bordighera-1884-1.jpg","contentUrl":"https:\/\/www.rivieradeifiori.it\/wp-content\/uploads\/2017\/03\/Monet-Bordighera-1884-1.jpg","width":1920,"height":1518,"caption":"C"},{"@type":"BreadcrumbList","@id":"https:\/\/www.rivieradeifiori.it\/fr\/art-et-culture\/promenade-claude-monet-beodo-bordighera\/#breadcrumb","itemListElement":[{"@type":"ListItem","position":1,"name":"Home","item":"https:\/\/www.rivieradeifiori.it\/fr\/"},{"@type":"ListItem","position":2,"name":"Promenade Claude Monet \u2013 Beodo Bordighera"}]},{"@type":"WebSite","@id":"https:\/\/www.rivieradeifiori.it\/fr\/#website","url":"https:\/\/www.rivieradeifiori.it\/fr\/","name":"Riviera dei Fiori","description":"Un mare di colori","potentialAction":[{"@type":"SearchAction","target":{"@type":"EntryPoint","urlTemplate":"https:\/\/www.rivieradeifiori.it\/fr\/?s={search_term_string}"},"query-input":{"@type":"PropertyValueSpecification","valueRequired":true,"valueName":"search_term_string"}}],"inLanguage":"fr-FR"},{"@type":"Person","@id":"https:\/\/www.rivieradeifiori.it\/fr\/#\/schema\/person\/6cc4e4ed0d74f08798811653e64f69ed","name":"Luca Giovannetti","image":{"@type":"ImageObject","inLanguage":"fr-FR","@id":"https:\/\/www.rivieradeifiori.it\/fr\/#\/schema\/person\/image\/","url":"https:\/\/secure.gravatar.com\/avatar\/092abda2284c50268e586151e014cf903142e524662c62577231430ea44340cf?s=96&r=g&d=https:\/\/www.rivieradeifiori.it\/wp-content\/plugins\/userswp\/assets\/images\/no_profile.png","contentUrl":"https:\/\/secure.gravatar.com\/avatar\/092abda2284c50268e586151e014cf903142e524662c62577231430ea44340cf?s=96&r=g&d=https:\/\/www.rivieradeifiori.it\/wp-content\/plugins\/userswp\/assets\/images\/no_profile.png","caption":"Luca Giovannetti"}}]}},"_links":{"self":[{"href":"https:\/\/www.rivieradeifiori.it\/fr\/wp-json\/wp\/v2\/posts\/4903","targetHints":{"allow":["GET"]}}],"collection":[{"href":"https:\/\/www.rivieradeifiori.it\/fr\/wp-json\/wp\/v2\/posts"}],"about":[{"href":"https:\/\/www.rivieradeifiori.it\/fr\/wp-json\/wp\/v2\/types\/post"}],"author":[{"embeddable":true,"href":"https:\/\/www.rivieradeifiori.it\/fr\/wp-json\/wp\/v2\/users\/1"}],"replies":[{"embeddable":true,"href":"https:\/\/www.rivieradeifiori.it\/fr\/wp-json\/wp\/v2\/comments?post=4903"}],"version-history":[{"count":1,"href":"https:\/\/www.rivieradeifiori.it\/fr\/wp-json\/wp\/v2\/posts\/4903\/revisions"}],"predecessor-version":[{"id":15980,"href":"https:\/\/www.rivieradeifiori.it\/fr\/wp-json\/wp\/v2\/posts\/4903\/revisions\/15980"}],"wp:featuredmedia":[{"embeddable":true,"href":"https:\/\/www.rivieradeifiori.it\/fr\/wp-json\/wp\/v2\/media\/4896"}],"wp:attachment":[{"href":"https:\/\/www.rivieradeifiori.it\/fr\/wp-json\/wp\/v2\/media?parent=4903"}],"wp:term":[{"taxonomy":"category","embeddable":true,"href":"https:\/\/www.rivieradeifiori.it\/fr\/wp-json\/wp\/v2\/categories?post=4903"},{"taxonomy":"post_tag","embeddable":true,"href":"https:\/\/www.rivieradeifiori.it\/fr\/wp-json\/wp\/v2\/tags?post=4903"}],"curies":[{"name":"wp","href":"https:\/\/api.w.org\/{rel}","templated":true}]}}