{"id":4881,"date":"2017-03-25T20:37:34","date_gmt":"2017-03-25T19:37:34","guid":{"rendered":"http:\/\/www.rivieradeifiori.info\/fr\/?p=4881"},"modified":"2022-06-10T10:39:40","modified_gmt":"2022-06-10T08:39:40","slug":"le-musee-de-la-communication-voci-nelletere","status":"publish","type":"post","link":"https:\/\/www.rivieradeifiori.it\/fr\/art-et-culture\/le-musee-de-la-communication-voci-nelletere\/","title":{"rendered":"Le Mus\u00e9e de la Communication &#8221;Voci nell&#8217;etere&#8221;"},"content":{"rendered":"<p>Le Mus\u00e9e de la Communication &#8221;Voci nell&#8217;etere&#8221; \u00e0 Imperia, localit\u00e9 Oliveto, est n\u00e9 le 11 septembre 2008, issu de la passion et de la volont\u00e9 de Angelo Sessa, un entrepreneur qui depuis longtemps travaille dans ce domaine et qui a d\u00e9di\u00e8 une bonne partie des derniers 25 ans de sa vie \u00e0 la recherche\u00a0 de dispositifs tomb\u00e9s d\u00e9sormais en d\u00e9su\u00e9tude, mais qui ont cependant marqu\u00e9 l&#8217;histoire de la communication italienne.<\/p>\n<p>Le mus\u00e9e h\u00e9berge une s\u00e9lection de plus de 500 postes, presque tous fonctionnants, qui synth\u00e9tisent l&#8217;histoire des communications\u00a0: des premiers tests d&#8217;\u00e9lectronique \u00e0 la pile de Volta, du t\u00e9l\u00e9graphe au t\u00e9l\u00e9phone, de l&#8217;enregistrement sonore avec phonographe et gramophone jusqu&#8217;aux dispositifs\u00a0 numeriques modernes.<\/p>\n<p>Sessa a trouv\u00e9\u00a0 tous les objets expos\u00e9s au d\u00e9but en Italie et, par la suite, au-del\u00e0 des fronti\u00e8res nationales\u00a0: de l&#8217;Angleterre \u00e0 la France, de l&#8217;Allemagne \u00e0 l&#8217;Italie, de la Hollande jusqu&#8217;au Canada et d&#8217;autres pays d&#8217;outre-Atlantique. La zone la plus int\u00e9ressante de toute la collection est sans doute celle d\u00e9di\u00e9e \u00e0 la radio, o\u00f9 le nom de Guglielmo Marconi rev\u00eat une grande importance en qualit\u00e9 de p\u00e8re absolut de telle invention. Ici sont expos\u00e9s des postes fabriqu\u00e9s dans les ateliers Marconi de G\u00eanes, en passant aux radios au cristal de Gal\u00e8ne, aux r\u00e9cepteurs populaires du r\u00e9gime pass\u00e9 jusqu&#8217;\u00e0 la premi\u00e8re radio \u00e0 transistor du monde. Parmi les curiosit\u00e9s il y a un Mk4 BURNDEPT, le m\u00eame mod\u00e8le de radio utilis\u00e9 par le General Umberto Nobile (l&#8217;original de la &#8221;Tenda Rossa&#8221; se trouve au Mus\u00e9e de l&#8217;Arsenal de la Marine Militaire de La Spezia) avec l&#8217;Ondina 33, l\u2019\u00e9metteur d&#8217;urgence de bord \u00e0 ondes courtes qui a \u00e9t\u00e9 utilis\u00e9 par Giuseppe Biagi en 1928 au Pole Nord, pour transmettre le S.O.S. qui a \u00e9t\u00e9 re\u00e7u par le radio-amateur sovi\u00e9tique Nicolaj Schmidt au cours de l\u2019exp\u00e9dition du dirigeable Italie au P\u00f4le Nord. Il para\u00eet que seulement six exemplaires de cette radio ont \u00e9t\u00e9 fabriqu\u00e9s, dont les destinataires, \u00e0 part Nobile, ont \u00e9t\u00e9 Ciano, Mussolini et le Pape Pio XI.<\/p>\n<p>&nbsp;<\/p>\n<p><em>Le Mus\u00e9e de la Communication &#8221;Voci nell&#8217;etere&#8221; se trouve au nord de Imperia, \u00e0 Localit\u00e0 Oliveto, Salita Garzini 5 et il n&#8217;est ouvert au public que le samedi de 10 h \u00e0 12 h, mais d&#8217;autres jours son possibles avec r\u00e9servations, en contactant les num\u00e9ros +39 0183 294988 ou +39 347 4317611<\/em><\/p>\n<p><em>[Viviana Spada]<\/em><\/p>\n\n\t\t<style type=\"text\/css\">\n\t\t\t#gallery-1 {\n\t\t\t\tmargin: auto;\n\t\t\t}\n\t\t\t#gallery-1 .gallery-item {\n\t\t\t\tfloat: left;\n\t\t\t\tmargin-top: 10px;\n\t\t\t\ttext-align: center;\n\t\t\t\twidth: 33%;\n\t\t\t}\n\t\t\t#gallery-1 img {\n\t\t\t\tborder: 2px solid #cfcfcf;\n\t\t\t}\n\t\t\t#gallery-1 .gallery-caption {\n\t\t\t\tmargin-left: 0;\n\t\t\t}\n\t\t\t\/* see gallery_shortcode() in wp-includes\/media.php *\/\n\t\t<\/style>\n\t\t<div id='gallery-1' class='gallery galleryid-4881 gallery-columns-3 gallery-size-thumbnail'><dl class='gallery-item'>\n\t\t\t<dt class='gallery-icon landscape'>\n\t\t\t\t<a href='https:\/\/www.rivieradeifiori.it\/fr\/museo-comun_8-2\/'><img decoding=\"async\" width=\"160\" height=\"160\" src=\"https:\/\/www.rivieradeifiori.it\/wp-content\/uploads\/2017\/03\/Museo-comun_8-160x160.jpg\" class=\"attachment-thumbnail size-thumbnail\" alt=\"\" srcset=\"https:\/\/www.rivieradeifiori.it\/wp-content\/uploads\/2017\/03\/Museo-comun_8-160x160.jpg 160w, https:\/\/www.rivieradeifiori.it\/wp-content\/uploads\/2017\/03\/Museo-comun_8-440x440.jpg 440w, https:\/\/www.rivieradeifiori.it\/wp-content\/uploads\/2017\/03\/Museo-comun_8-150x150.jpg 150w, https:\/\/www.rivieradeifiori.it\/wp-content\/uploads\/2017\/03\/Museo-comun_8-65x65.jpg 65w, https:\/\/www.rivieradeifiori.it\/wp-content\/uploads\/2017\/03\/Museo-comun_8-180x180.jpg 180w, https:\/\/www.rivieradeifiori.it\/wp-content\/uploads\/2017\/03\/Museo-comun_8-300x300.jpg 300w, https:\/\/www.rivieradeifiori.it\/wp-content\/uploads\/2017\/03\/Museo-comun_8-600x600.jpg 600w\" sizes=\"(max-width: 160px) 100vw, 160px\" \/><\/a>\n\t\t\t<\/dt><\/dl><dl class='gallery-item'>\n\t\t\t<dt class='gallery-icon landscape'>\n\t\t\t\t<a href='https:\/\/www.rivieradeifiori.it\/fr\/museo-comun_7-2\/'><img decoding=\"async\" width=\"160\" height=\"160\" src=\"https:\/\/www.rivieradeifiori.it\/wp-content\/uploads\/2017\/03\/Museo-comun_7-160x160.jpg\" class=\"attachment-thumbnail size-thumbnail\" alt=\"\" srcset=\"https:\/\/www.rivieradeifiori.it\/wp-content\/uploads\/2017\/03\/Museo-comun_7-160x160.jpg 160w, https:\/\/www.rivieradeifiori.it\/wp-content\/uploads\/2017\/03\/Museo-comun_7-150x150.jpg 150w, https:\/\/www.rivieradeifiori.it\/wp-content\/uploads\/2017\/03\/Museo-comun_7-65x65.jpg 65w, https:\/\/www.rivieradeifiori.it\/wp-content\/uploads\/2017\/03\/Museo-comun_7-180x180.jpg 180w, https:\/\/www.rivieradeifiori.it\/wp-content\/uploads\/2017\/03\/Museo-comun_7-300x300.jpg 300w\" sizes=\"(max-width: 160px) 100vw, 160px\" \/><\/a>\n\t\t\t<\/dt><\/dl><dl class='gallery-item'>\n\t\t\t<dt class='gallery-icon landscape'>\n\t\t\t\t<a href='https:\/\/www.rivieradeifiori.it\/fr\/museo-comun_6-2\/'><img decoding=\"async\" width=\"160\" height=\"160\" src=\"https:\/\/www.rivieradeifiori.it\/wp-content\/uploads\/2017\/03\/Museo-comun_6-160x160.jpg\" class=\"attachment-thumbnail size-thumbnail\" alt=\"\" srcset=\"https:\/\/www.rivieradeifiori.it\/wp-content\/uploads\/2017\/03\/Museo-comun_6-160x160.jpg 160w, https:\/\/www.rivieradeifiori.it\/wp-content\/uploads\/2017\/03\/Museo-comun_6-150x150.jpg 150w, https:\/\/www.rivieradeifiori.it\/wp-content\/uploads\/2017\/03\/Museo-comun_6-65x65.jpg 65w, https:\/\/www.rivieradeifiori.it\/wp-content\/uploads\/2017\/03\/Museo-comun_6-180x180.jpg 180w, https:\/\/www.rivieradeifiori.it\/wp-content\/uploads\/2017\/03\/Museo-comun_6-300x300.jpg 300w\" sizes=\"(max-width: 160px) 100vw, 160px\" \/><\/a>\n\t\t\t<\/dt><\/dl><br style=\"clear: both\" \/><dl class='gallery-item'>\n\t\t\t<dt class='gallery-icon portrait'>\n\t\t\t\t<a href='https:\/\/www.rivieradeifiori.it\/fr\/museo-comun_5-2\/'><img decoding=\"async\" width=\"160\" height=\"160\" src=\"https:\/\/www.rivieradeifiori.it\/wp-content\/uploads\/2017\/03\/Museo-comun_5-160x160.jpg\" class=\"attachment-thumbnail size-thumbnail\" alt=\"\" srcset=\"https:\/\/www.rivieradeifiori.it\/wp-content\/uploads\/2017\/03\/Museo-comun_5-160x160.jpg 160w, https:\/\/www.rivieradeifiori.it\/wp-content\/uploads\/2017\/03\/Museo-comun_5-440x440.jpg 440w, https:\/\/www.rivieradeifiori.it\/wp-content\/uploads\/2017\/03\/Museo-comun_5-150x150.jpg 150w, https:\/\/www.rivieradeifiori.it\/wp-content\/uploads\/2017\/03\/Museo-comun_5-65x65.jpg 65w, https:\/\/www.rivieradeifiori.it\/wp-content\/uploads\/2017\/03\/Museo-comun_5-180x180.jpg 180w, https:\/\/www.rivieradeifiori.it\/wp-content\/uploads\/2017\/03\/Museo-comun_5-300x300.jpg 300w, https:\/\/www.rivieradeifiori.it\/wp-content\/uploads\/2017\/03\/Museo-comun_5-600x600.jpg 600w\" sizes=\"(max-width: 160px) 100vw, 160px\" \/><\/a>\n\t\t\t<\/dt><\/dl><dl class='gallery-item'>\n\t\t\t<dt class='gallery-icon landscape'>\n\t\t\t\t<a href='https:\/\/www.rivieradeifiori.it\/fr\/museo-comun_4-2\/'><img decoding=\"async\" width=\"160\" height=\"160\" src=\"https:\/\/www.rivieradeifiori.it\/wp-content\/uploads\/2017\/03\/Museo-comun_4-160x160.jpg\" class=\"attachment-thumbnail size-thumbnail\" alt=\"\" srcset=\"https:\/\/www.rivieradeifiori.it\/wp-content\/uploads\/2017\/03\/Museo-comun_4-160x160.jpg 160w, https:\/\/www.rivieradeifiori.it\/wp-content\/uploads\/2017\/03\/Museo-comun_4-150x150.jpg 150w, https:\/\/www.rivieradeifiori.it\/wp-content\/uploads\/2017\/03\/Museo-comun_4-65x65.jpg 65w, https:\/\/www.rivieradeifiori.it\/wp-content\/uploads\/2017\/03\/Museo-comun_4-180x180.jpg 180w, https:\/\/www.rivieradeifiori.it\/wp-content\/uploads\/2017\/03\/Museo-comun_4-300x300.jpg 300w\" sizes=\"(max-width: 160px) 100vw, 160px\" \/><\/a>\n\t\t\t<\/dt><\/dl><dl class='gallery-item'>\n\t\t\t<dt class='gallery-icon landscape'>\n\t\t\t\t<a href='https:\/\/www.rivieradeifiori.it\/fr\/museo-comun_2-2\/'><img decoding=\"async\" width=\"160\" height=\"160\" src=\"https:\/\/www.rivieradeifiori.it\/wp-content\/uploads\/2017\/03\/Museo-comun_2-160x160.jpg\" class=\"attachment-thumbnail size-thumbnail\" alt=\"\" srcset=\"https:\/\/www.rivieradeifiori.it\/wp-content\/uploads\/2017\/03\/Museo-comun_2-160x160.jpg 160w, https:\/\/www.rivieradeifiori.it\/wp-content\/uploads\/2017\/03\/Museo-comun_2-440x440.jpg 440w, https:\/\/www.rivieradeifiori.it\/wp-content\/uploads\/2017\/03\/Museo-comun_2-150x150.jpg 150w, https:\/\/www.rivieradeifiori.it\/wp-content\/uploads\/2017\/03\/Museo-comun_2-65x65.jpg 65w, https:\/\/www.rivieradeifiori.it\/wp-content\/uploads\/2017\/03\/Museo-comun_2-180x180.jpg 180w, https:\/\/www.rivieradeifiori.it\/wp-content\/uploads\/2017\/03\/Museo-comun_2-300x300.jpg 300w\" sizes=\"(max-width: 160px) 100vw, 160px\" \/><\/a>\n\t\t\t<\/dt><\/dl><br style=\"clear: both\" \/><dl class='gallery-item'>\n\t\t\t<dt class='gallery-icon landscape'>\n\t\t\t\t<a href='https:\/\/www.rivieradeifiori.it\/fr\/museo-comun_1-2\/'><img decoding=\"async\" width=\"160\" height=\"160\" src=\"https:\/\/www.rivieradeifiori.it\/wp-content\/uploads\/2017\/03\/Museo-comun_1-160x160.jpg\" class=\"attachment-thumbnail size-thumbnail\" alt=\"\" srcset=\"https:\/\/www.rivieradeifiori.it\/wp-content\/uploads\/2017\/03\/Museo-comun_1-160x160.jpg 160w, https:\/\/www.rivieradeifiori.it\/wp-content\/uploads\/2017\/03\/Museo-comun_1-150x150.jpg 150w, https:\/\/www.rivieradeifiori.it\/wp-content\/uploads\/2017\/03\/Museo-comun_1-65x65.jpg 65w, https:\/\/www.rivieradeifiori.it\/wp-content\/uploads\/2017\/03\/Museo-comun_1-180x180.jpg 180w, https:\/\/www.rivieradeifiori.it\/wp-content\/uploads\/2017\/03\/Museo-comun_1-300x300.jpg 300w\" sizes=\"(max-width: 160px) 100vw, 160px\" \/><\/a>\n\t\t\t<\/dt><\/dl>\n\t\t\t<br style='clear: both' \/>\n\t\t<\/div>\n\n","protected":false},"excerpt":{"rendered":"<p>Le Mus\u00e9e de la Communication &#8221;Voci nell&#8217;etere&#8221; \u00e0 Imperia, localit\u00e9 Oliveto, est n\u00e9 le 11 septembre 2008, issu de la passion et de la volont\u00e9 de Angelo Sessa, un entrepreneur qui depuis longtemps travaille dans ce domaine et qui a d\u00e9di\u00e8 une bonne partie des derniers 25 ans de sa vie \u00e0 la recherche\u00a0 de [&hellip;]<\/p>\n","protected":false},"author":1,"featured_media":4587,"comment_status":"closed","ping_status":"open","sticky":false,"template":"","format":"standard","meta":{"_et_pb_use_builder":"","_et_pb_old_content":"","_et_gb_content_width":"","_eb_attr":"","_vp_format_video_url":"","_vp_image_focal_point":[],"_vp_custom_popup_image":0,"_vp_format_audio_url":"","_vp_custom_thumbnail":0,"_vp_custom_thumbnail_focal_point":[],"_vp_hover_thumbnail":0,"_vp_hover_thumbnail_focal_point":[],"footnotes":""},"categories":[49],"tags":[1264],"class_list":["post-4881","post","type-post","status-publish","format-standard","has-post-thumbnail","hentry","category-art-et-culture","tag-musees","et-has-post-format-content","et_post_format-et-post-format-standard"],"yoast_head":"<!-- This site is optimized with the Yoast SEO plugin v25.7 - https:\/\/yoast.com\/wordpress\/plugins\/seo\/ -->\n<title>Le Mus\u00e9e de la Communication &#039;&#039;Voci nell&#039;etere&#039;&#039; - Art &amp; Culture - Riviera dei Fiori<\/title>\n<meta name=\"robots\" content=\"index, follow, max-snippet:-1, max-image-preview:large, max-video-preview:-1\" \/>\n<link rel=\"canonical\" href=\"https:\/\/www.rivieradeifiori.it\/fr\/art-et-culture\/le-musee-de-la-communication-voci-nelletere\/\" \/>\n<meta name=\"twitter:label1\" content=\"\u00c9crit par\" \/>\n\t<meta name=\"twitter:data1\" content=\"Luca Giovannetti\" \/>\n\t<meta name=\"twitter:label2\" content=\"Dur\u00e9e de lecture estim\u00e9e\" \/>\n\t<meta name=\"twitter:data2\" content=\"2 minutes\" \/>\n<script type=\"application\/ld+json\" class=\"yoast-schema-graph\">{\"@context\":\"https:\/\/schema.org\",\"@graph\":[{\"@type\":\"WebPage\",\"@id\":\"https:\/\/www.rivieradeifiori.it\/fr\/art-et-culture\/le-musee-de-la-communication-voci-nelletere\/\",\"url\":\"https:\/\/www.rivieradeifiori.it\/fr\/art-et-culture\/le-musee-de-la-communication-voci-nelletere\/\",\"name\":\"Le Mus\u00e9e de la Communication ''Voci nell'etere'' - Art &amp; Culture - Riviera dei Fiori\",\"isPartOf\":{\"@id\":\"https:\/\/www.rivieradeifiori.it\/fr\/#website\"},\"primaryImageOfPage\":{\"@id\":\"https:\/\/www.rivieradeifiori.it\/fr\/art-et-culture\/le-musee-de-la-communication-voci-nelletere\/#primaryimage\"},\"image\":{\"@id\":\"https:\/\/www.rivieradeifiori.it\/fr\/art-et-culture\/le-musee-de-la-communication-voci-nelletere\/#primaryimage\"},\"thumbnailUrl\":\"https:\/\/www.rivieradeifiori.it\/wp-content\/uploads\/2017\/03\/Museo-comun_8.jpg\",\"datePublished\":\"2017-03-25T19:37:34+00:00\",\"dateModified\":\"2022-06-10T08:39:40+00:00\",\"author\":{\"@id\":\"https:\/\/www.rivieradeifiori.it\/fr\/#\/schema\/person\/6cc4e4ed0d74f08798811653e64f69ed\"},\"breadcrumb\":{\"@id\":\"https:\/\/www.rivieradeifiori.it\/fr\/art-et-culture\/le-musee-de-la-communication-voci-nelletere\/#breadcrumb\"},\"inLanguage\":\"fr-FR\",\"potentialAction\":[{\"@type\":\"ReadAction\",\"target\":[\"https:\/\/www.rivieradeifiori.it\/fr\/art-et-culture\/le-musee-de-la-communication-voci-nelletere\/\"]}]},{\"@type\":\"ImageObject\",\"inLanguage\":\"fr-FR\",\"@id\":\"https:\/\/www.rivieradeifiori.it\/fr\/art-et-culture\/le-musee-de-la-communication-voci-nelletere\/#primaryimage\",\"url\":\"https:\/\/www.rivieradeifiori.it\/wp-content\/uploads\/2017\/03\/Museo-comun_8.jpg\",\"contentUrl\":\"https:\/\/www.rivieradeifiori.it\/wp-content\/uploads\/2017\/03\/Museo-comun_8.jpg\",\"width\":1181,\"height\":886},{\"@type\":\"BreadcrumbList\",\"@id\":\"https:\/\/www.rivieradeifiori.it\/fr\/art-et-culture\/le-musee-de-la-communication-voci-nelletere\/#breadcrumb\",\"itemListElement\":[{\"@type\":\"ListItem\",\"position\":1,\"name\":\"Home\",\"item\":\"https:\/\/www.rivieradeifiori.it\/fr\/\"},{\"@type\":\"ListItem\",\"position\":2,\"name\":\"Le Mus\u00e9e de la Communication &#8221;Voci nell&#8217;etere&#8221;\"}]},{\"@type\":\"WebSite\",\"@id\":\"https:\/\/www.rivieradeifiori.it\/fr\/#website\",\"url\":\"https:\/\/www.rivieradeifiori.it\/fr\/\",\"name\":\"Riviera dei Fiori\",\"description\":\"Un mare di colori\",\"potentialAction\":[{\"@type\":\"SearchAction\",\"target\":{\"@type\":\"EntryPoint\",\"urlTemplate\":\"https:\/\/www.rivieradeifiori.it\/fr\/?s={search_term_string}\"},\"query-input\":{\"@type\":\"PropertyValueSpecification\",\"valueRequired\":true,\"valueName\":\"search_term_string\"}}],\"inLanguage\":\"fr-FR\"},{\"@type\":\"Person\",\"@id\":\"https:\/\/www.rivieradeifiori.it\/fr\/#\/schema\/person\/6cc4e4ed0d74f08798811653e64f69ed\",\"name\":\"Luca Giovannetti\",\"image\":{\"@type\":\"ImageObject\",\"inLanguage\":\"fr-FR\",\"@id\":\"https:\/\/www.rivieradeifiori.it\/fr\/#\/schema\/person\/image\/\",\"url\":\"https:\/\/secure.gravatar.com\/avatar\/092abda2284c50268e586151e014cf903142e524662c62577231430ea44340cf?s=96&r=g&d=https:\/\/www.rivieradeifiori.it\/wp-content\/plugins\/userswp\/assets\/images\/no_profile.png\",\"contentUrl\":\"https:\/\/secure.gravatar.com\/avatar\/092abda2284c50268e586151e014cf903142e524662c62577231430ea44340cf?s=96&r=g&d=https:\/\/www.rivieradeifiori.it\/wp-content\/plugins\/userswp\/assets\/images\/no_profile.png\",\"caption\":\"Luca Giovannetti\"}}]}<\/script>\n<!-- \/ Yoast SEO plugin. -->","yoast_head_json":{"title":"Le Mus\u00e9e de la Communication ''Voci nell'etere'' - Art &amp; Culture - Riviera dei Fiori","robots":{"index":"index","follow":"follow","max-snippet":"max-snippet:-1","max-image-preview":"max-image-preview:large","max-video-preview":"max-video-preview:-1"},"canonical":"https:\/\/www.rivieradeifiori.it\/fr\/art-et-culture\/le-musee-de-la-communication-voci-nelletere\/","twitter_misc":{"\u00c9crit par":"Luca Giovannetti","Dur\u00e9e de lecture estim\u00e9e":"2 minutes"},"schema":{"@context":"https:\/\/schema.org","@graph":[{"@type":"WebPage","@id":"https:\/\/www.rivieradeifiori.it\/fr\/art-et-culture\/le-musee-de-la-communication-voci-nelletere\/","url":"https:\/\/www.rivieradeifiori.it\/fr\/art-et-culture\/le-musee-de-la-communication-voci-nelletere\/","name":"Le Mus\u00e9e de la Communication ''Voci nell'etere'' - Art &amp; Culture - Riviera dei Fiori","isPartOf":{"@id":"https:\/\/www.rivieradeifiori.it\/fr\/#website"},"primaryImageOfPage":{"@id":"https:\/\/www.rivieradeifiori.it\/fr\/art-et-culture\/le-musee-de-la-communication-voci-nelletere\/#primaryimage"},"image":{"@id":"https:\/\/www.rivieradeifiori.it\/fr\/art-et-culture\/le-musee-de-la-communication-voci-nelletere\/#primaryimage"},"thumbnailUrl":"https:\/\/www.rivieradeifiori.it\/wp-content\/uploads\/2017\/03\/Museo-comun_8.jpg","datePublished":"2017-03-25T19:37:34+00:00","dateModified":"2022-06-10T08:39:40+00:00","author":{"@id":"https:\/\/www.rivieradeifiori.it\/fr\/#\/schema\/person\/6cc4e4ed0d74f08798811653e64f69ed"},"breadcrumb":{"@id":"https:\/\/www.rivieradeifiori.it\/fr\/art-et-culture\/le-musee-de-la-communication-voci-nelletere\/#breadcrumb"},"inLanguage":"fr-FR","potentialAction":[{"@type":"ReadAction","target":["https:\/\/www.rivieradeifiori.it\/fr\/art-et-culture\/le-musee-de-la-communication-voci-nelletere\/"]}]},{"@type":"ImageObject","inLanguage":"fr-FR","@id":"https:\/\/www.rivieradeifiori.it\/fr\/art-et-culture\/le-musee-de-la-communication-voci-nelletere\/#primaryimage","url":"https:\/\/www.rivieradeifiori.it\/wp-content\/uploads\/2017\/03\/Museo-comun_8.jpg","contentUrl":"https:\/\/www.rivieradeifiori.it\/wp-content\/uploads\/2017\/03\/Museo-comun_8.jpg","width":1181,"height":886},{"@type":"BreadcrumbList","@id":"https:\/\/www.rivieradeifiori.it\/fr\/art-et-culture\/le-musee-de-la-communication-voci-nelletere\/#breadcrumb","itemListElement":[{"@type":"ListItem","position":1,"name":"Home","item":"https:\/\/www.rivieradeifiori.it\/fr\/"},{"@type":"ListItem","position":2,"name":"Le Mus\u00e9e de la Communication &#8221;Voci nell&#8217;etere&#8221;"}]},{"@type":"WebSite","@id":"https:\/\/www.rivieradeifiori.it\/fr\/#website","url":"https:\/\/www.rivieradeifiori.it\/fr\/","name":"Riviera dei Fiori","description":"Un mare di colori","potentialAction":[{"@type":"SearchAction","target":{"@type":"EntryPoint","urlTemplate":"https:\/\/www.rivieradeifiori.it\/fr\/?s={search_term_string}"},"query-input":{"@type":"PropertyValueSpecification","valueRequired":true,"valueName":"search_term_string"}}],"inLanguage":"fr-FR"},{"@type":"Person","@id":"https:\/\/www.rivieradeifiori.it\/fr\/#\/schema\/person\/6cc4e4ed0d74f08798811653e64f69ed","name":"Luca Giovannetti","image":{"@type":"ImageObject","inLanguage":"fr-FR","@id":"https:\/\/www.rivieradeifiori.it\/fr\/#\/schema\/person\/image\/","url":"https:\/\/secure.gravatar.com\/avatar\/092abda2284c50268e586151e014cf903142e524662c62577231430ea44340cf?s=96&r=g&d=https:\/\/www.rivieradeifiori.it\/wp-content\/plugins\/userswp\/assets\/images\/no_profile.png","contentUrl":"https:\/\/secure.gravatar.com\/avatar\/092abda2284c50268e586151e014cf903142e524662c62577231430ea44340cf?s=96&r=g&d=https:\/\/www.rivieradeifiori.it\/wp-content\/plugins\/userswp\/assets\/images\/no_profile.png","caption":"Luca Giovannetti"}}]}},"_links":{"self":[{"href":"https:\/\/www.rivieradeifiori.it\/fr\/wp-json\/wp\/v2\/posts\/4881","targetHints":{"allow":["GET"]}}],"collection":[{"href":"https:\/\/www.rivieradeifiori.it\/fr\/wp-json\/wp\/v2\/posts"}],"about":[{"href":"https:\/\/www.rivieradeifiori.it\/fr\/wp-json\/wp\/v2\/types\/post"}],"author":[{"embeddable":true,"href":"https:\/\/www.rivieradeifiori.it\/fr\/wp-json\/wp\/v2\/users\/1"}],"replies":[{"embeddable":true,"href":"https:\/\/www.rivieradeifiori.it\/fr\/wp-json\/wp\/v2\/comments?post=4881"}],"version-history":[{"count":1,"href":"https:\/\/www.rivieradeifiori.it\/fr\/wp-json\/wp\/v2\/posts\/4881\/revisions"}],"predecessor-version":[{"id":15907,"href":"https:\/\/www.rivieradeifiori.it\/fr\/wp-json\/wp\/v2\/posts\/4881\/revisions\/15907"}],"wp:featuredmedia":[{"embeddable":true,"href":"https:\/\/www.rivieradeifiori.it\/fr\/wp-json\/wp\/v2\/media\/4587"}],"wp:attachment":[{"href":"https:\/\/www.rivieradeifiori.it\/fr\/wp-json\/wp\/v2\/media?parent=4881"}],"wp:term":[{"taxonomy":"category","embeddable":true,"href":"https:\/\/www.rivieradeifiori.it\/fr\/wp-json\/wp\/v2\/categories?post=4881"},{"taxonomy":"post_tag","embeddable":true,"href":"https:\/\/www.rivieradeifiori.it\/fr\/wp-json\/wp\/v2\/tags?post=4881"}],"curies":[{"name":"wp","href":"https:\/\/api.w.org\/{rel}","templated":true}]}}