{"id":4780,"date":"2017-03-25T09:43:01","date_gmt":"2017-03-25T08:43:01","guid":{"rendered":"http:\/\/www.rivieradeifiori.info\/fr\/?p=4780"},"modified":"2022-06-10T11:10:56","modified_gmt":"2022-06-10T09:10:56","slug":"lail-de-vessalico","status":"publish","type":"post","link":"https:\/\/www.rivieradeifiori.it\/fr\/manger-boire\/lail-de-vessalico\/","title":{"rendered":"L&#8217;ail de Vessalico"},"content":{"rendered":"<p>L&#8217;ail de Vessalico a atteint, ces derni\u00e8res ann\u00e9es, une grande notori\u00e9t\u00e9, surtout apr\u00e8s que la chaine am\u00e9ricaine CNN a ironis\u00e9 au sujet de sa grande utilisation dans l&#8217;alimentation des italiens et que la chaine anglaise BBC a d\u00e9clar\u00e9 que &#8221;l&#8217;ail de Vessalico est mieux que le Viagra&#8221; en causant en Grande Bretagne une v\u00e9ritable chasse au produit et une importante hausse des ventes.<\/p>\n<p>Les quantit\u00e9s disponibles sur le march\u00e9 ne sont malheureusement pas ad\u00e9quates \u00e0 la demande, car il est tr\u00e8s difficile de cultiver les terrasses accroch\u00e9s aux montagnes nues du Ponant Ligure, o\u00f9 il ne pousse que sur 7 hectares. Le travail est simple, mais fatigant\u00a0: les sillons se creusent \u00e0 la main\u00a0; on s\u00e8me les gousses apr\u00e8s les avoir laiss\u00e9 tremper une nuit enti\u00e8re (les bulbes ont \u00e9t\u00e9 transmis durant les si\u00e8cles, de g\u00e9n\u00e9ration en g\u00e9n\u00e9ration), on fertilise pour enfin r\u00e9colter les plantes qu&#8217;on entrelace pour former les tresses caract\u00e9ristiques.<\/p>\n<p>Ingr\u00e9dient indispensable de la sauce la plus traditionnelle de la Ligurie, le pistou, l&#8217;ail est objet de promotion dans le cadre de certaines manifestations comme la traditionnelle &#8221;Fiera dell&#8217;Aglio&#8221;, qui se tient tous les ans \u00e0 Vessalico le 2 juillet, il est pr\u00e9sent, avec certification de sauvegarde Slow Food, aux \u00e9ditions du &#8221;Salone del Gusto di Torino&#8221; , et repr\u00e9sente une grande ressource pour les petits centres de la Vall\u00e9e Arroscia.<\/p>\n<p>L&#8217;ail de Vessalico est consid\u00e9r\u00e9 par les chefs comme &#8221;la Rolls Royce&#8221; des diff\u00e9rentes vari\u00e9t\u00e9s existantes et beaucoup sont les cuisines de maisons et de restaurants autochtones qui l&#8217;exposent comme d\u00e9cor.<\/p>\n<p><em>[Viviana Spada]<\/em><\/p>\n\n\t\t<style type=\"text\/css\">\n\t\t\t#gallery-1 {\n\t\t\t\tmargin: auto;\n\t\t\t}\n\t\t\t#gallery-1 .gallery-item {\n\t\t\t\tfloat: left;\n\t\t\t\tmargin-top: 10px;\n\t\t\t\ttext-align: center;\n\t\t\t\twidth: 33%;\n\t\t\t}\n\t\t\t#gallery-1 img {\n\t\t\t\tborder: 2px solid #cfcfcf;\n\t\t\t}\n\t\t\t#gallery-1 .gallery-caption {\n\t\t\t\tmargin-left: 0;\n\t\t\t}\n\t\t\t\/* see gallery_shortcode() in wp-includes\/media.php *\/\n\t\t<\/style>\n\t\t<div id='gallery-1' class='gallery galleryid-4780 gallery-columns-3 gallery-size-thumbnail'><dl class='gallery-item'>\n\t\t\t<dt class='gallery-icon landscape'>\n\t\t\t\t<a href='https:\/\/www.rivieradeifiori.it\/fr\/aglio_pulito_francesco-perito-2\/'><img decoding=\"async\" width=\"160\" height=\"160\" src=\"https:\/\/www.rivieradeifiori.it\/wp-content\/uploads\/2017\/03\/Aglio_pulito_Francesco-Perito-160x160.jpg\" class=\"attachment-thumbnail size-thumbnail\" alt=\"\" aria-describedby=\"gallery-1-4702\" srcset=\"https:\/\/www.rivieradeifiori.it\/wp-content\/uploads\/2017\/03\/Aglio_pulito_Francesco-Perito-160x160.jpg 160w, https:\/\/www.rivieradeifiori.it\/wp-content\/uploads\/2017\/03\/Aglio_pulito_Francesco-Perito-440x440.jpg 440w, https:\/\/www.rivieradeifiori.it\/wp-content\/uploads\/2017\/03\/Aglio_pulito_Francesco-Perito-150x150.jpg 150w, https:\/\/www.rivieradeifiori.it\/wp-content\/uploads\/2017\/03\/Aglio_pulito_Francesco-Perito-65x65.jpg 65w, https:\/\/www.rivieradeifiori.it\/wp-content\/uploads\/2017\/03\/Aglio_pulito_Francesco-Perito-180x180.jpg 180w, https:\/\/www.rivieradeifiori.it\/wp-content\/uploads\/2017\/03\/Aglio_pulito_Francesco-Perito-300x300.jpg 300w, https:\/\/www.rivieradeifiori.it\/wp-content\/uploads\/2017\/03\/Aglio_pulito_Francesco-Perito-600x600.jpg 600w\" sizes=\"(max-width: 160px) 100vw, 160px\" \/><\/a>\n\t\t\t<\/dt>\n\t\t\t\t<dd class='wp-caption-text gallery-caption' id='gallery-1-4702'>\n\t\t\t\tAglio pulito \u00a9Francesco Perito &#8211; Wikipedia\n\t\t\t\t<\/dd><\/dl><dl class='gallery-item'>\n\t\t\t<dt class='gallery-icon landscape'>\n\t\t\t\t<a href='https:\/\/www.rivieradeifiori.it\/fr\/aglio-stoccaggio-alberto-marini-wiki-2\/'><img decoding=\"async\" width=\"160\" height=\"160\" src=\"https:\/\/www.rivieradeifiori.it\/wp-content\/uploads\/2017\/03\/Aglio-Stoccaggio-Alberto-Marini-Wiki-160x160.jpg\" class=\"attachment-thumbnail size-thumbnail\" alt=\"\" aria-describedby=\"gallery-1-4697\" srcset=\"https:\/\/www.rivieradeifiori.it\/wp-content\/uploads\/2017\/03\/Aglio-Stoccaggio-Alberto-Marini-Wiki-160x160.jpg 160w, https:\/\/www.rivieradeifiori.it\/wp-content\/uploads\/2017\/03\/Aglio-Stoccaggio-Alberto-Marini-Wiki-440x440.jpg 440w, https:\/\/www.rivieradeifiori.it\/wp-content\/uploads\/2017\/03\/Aglio-Stoccaggio-Alberto-Marini-Wiki-150x150.jpg 150w, https:\/\/www.rivieradeifiori.it\/wp-content\/uploads\/2017\/03\/Aglio-Stoccaggio-Alberto-Marini-Wiki-65x65.jpg 65w, https:\/\/www.rivieradeifiori.it\/wp-content\/uploads\/2017\/03\/Aglio-Stoccaggio-Alberto-Marini-Wiki-180x180.jpg 180w, https:\/\/www.rivieradeifiori.it\/wp-content\/uploads\/2017\/03\/Aglio-Stoccaggio-Alberto-Marini-Wiki-300x300.jpg 300w, https:\/\/www.rivieradeifiori.it\/wp-content\/uploads\/2017\/03\/Aglio-Stoccaggio-Alberto-Marini-Wiki-600x600.jpg 600w\" sizes=\"(max-width: 160px) 100vw, 160px\" \/><\/a>\n\t\t\t<\/dt>\n\t\t\t\t<dd class='wp-caption-text gallery-caption' id='gallery-1-4697'>\n\t\t\t\tStoccaggio \u00a9Alberto Marini &#8211; Wikipedia\n\t\t\t\t<\/dd><\/dl><dl class='gallery-item'>\n\t\t\t<dt class='gallery-icon landscape'>\n\t\t\t\t<a href='https:\/\/www.rivieradeifiori.it\/fr\/confezionamento_francesco-perito-2\/'><img decoding=\"async\" width=\"160\" height=\"160\" src=\"https:\/\/www.rivieradeifiori.it\/wp-content\/uploads\/2017\/03\/Confezionamento_Francesco-Perito-160x160.jpg\" class=\"attachment-thumbnail size-thumbnail\" alt=\"\" aria-describedby=\"gallery-1-4592\" srcset=\"https:\/\/www.rivieradeifiori.it\/wp-content\/uploads\/2017\/03\/Confezionamento_Francesco-Perito-160x160.jpg 160w, https:\/\/www.rivieradeifiori.it\/wp-content\/uploads\/2017\/03\/Confezionamento_Francesco-Perito-440x440.jpg 440w, https:\/\/www.rivieradeifiori.it\/wp-content\/uploads\/2017\/03\/Confezionamento_Francesco-Perito-150x150.jpg 150w, https:\/\/www.rivieradeifiori.it\/wp-content\/uploads\/2017\/03\/Confezionamento_Francesco-Perito-65x65.jpg 65w, https:\/\/www.rivieradeifiori.it\/wp-content\/uploads\/2017\/03\/Confezionamento_Francesco-Perito-180x180.jpg 180w, https:\/\/www.rivieradeifiori.it\/wp-content\/uploads\/2017\/03\/Confezionamento_Francesco-Perito-300x300.jpg 300w, https:\/\/www.rivieradeifiori.it\/wp-content\/uploads\/2017\/03\/Confezionamento_Francesco-Perito-600x600.jpg 600w\" sizes=\"(max-width: 160px) 100vw, 160px\" \/><\/a>\n\t\t\t<\/dt>\n\t\t\t\t<dd class='wp-caption-text gallery-caption' id='gallery-1-4592'>\n\t\t\t\tConfezionamento \u00a9Francesco Perito &#8211; Wikipedia\n\t\t\t\t<\/dd><\/dl><br style=\"clear: both\" \/>\n\t\t<\/div>\n\n","protected":false},"excerpt":{"rendered":"<p>L&#8217;ail de Vessalico a atteint, ces derni\u00e8res ann\u00e9es, une grande notori\u00e9t\u00e9, surtout apr\u00e8s que la chaine am\u00e9ricaine CNN a ironis\u00e9 au sujet de sa grande utilisation dans l&#8217;alimentation des italiens et que la chaine anglaise BBC a d\u00e9clar\u00e9 que &#8221;l&#8217;ail de Vessalico est mieux que le Viagra&#8221; en causant en Grande Bretagne une v\u00e9ritable chasse [&hellip;]<\/p>\n","protected":false},"author":1,"featured_media":4697,"comment_status":"closed","ping_status":"open","sticky":false,"template":"","format":"standard","meta":{"_et_pb_use_builder":"","_et_pb_old_content":"","_et_gb_content_width":"","_eb_attr":"","_vp_format_video_url":"","_vp_image_focal_point":[],"_vp_custom_popup_image":0,"_vp_format_audio_url":"","_vp_custom_thumbnail":0,"_vp_custom_thumbnail_focal_point":[],"_vp_hover_thumbnail":0,"_vp_hover_thumbnail_focal_point":[],"footnotes":""},"categories":[79],"tags":[1310],"class_list":["post-4780","post","type-post","status-publish","format-standard","has-post-thumbnail","hentry","category-manger-boire","tag-vessallico-fr","et-has-post-format-content","et_post_format-et-post-format-standard"],"yoast_head":"<!-- This site is optimized with the Yoast SEO plugin v25.7 - https:\/\/yoast.com\/wordpress\/plugins\/seo\/ -->\n<title>L&#039;ail de Vessalico - Manger &amp; Boire - Riviera dei Fiori<\/title>\n<meta name=\"robots\" content=\"index, follow, max-snippet:-1, max-image-preview:large, max-video-preview:-1\" \/>\n<link rel=\"canonical\" href=\"https:\/\/www.rivieradeifiori.it\/fr\/manger-boire\/lail-de-vessalico\/\" \/>\n<meta name=\"twitter:label1\" content=\"\u00c9crit par\" \/>\n\t<meta name=\"twitter:data1\" content=\"Luca Giovannetti\" \/>\n\t<meta name=\"twitter:label2\" content=\"Dur\u00e9e de lecture estim\u00e9e\" \/>\n\t<meta name=\"twitter:data2\" content=\"1 minute\" \/>\n<script type=\"application\/ld+json\" class=\"yoast-schema-graph\">{\"@context\":\"https:\/\/schema.org\",\"@graph\":[{\"@type\":\"WebPage\",\"@id\":\"https:\/\/www.rivieradeifiori.it\/fr\/manger-boire\/lail-de-vessalico\/\",\"url\":\"https:\/\/www.rivieradeifiori.it\/fr\/manger-boire\/lail-de-vessalico\/\",\"name\":\"L'ail de Vessalico - Manger &amp; Boire - Riviera dei Fiori\",\"isPartOf\":{\"@id\":\"https:\/\/www.rivieradeifiori.it\/fr\/#website\"},\"primaryImageOfPage\":{\"@id\":\"https:\/\/www.rivieradeifiori.it\/fr\/manger-boire\/lail-de-vessalico\/#primaryimage\"},\"image\":{\"@id\":\"https:\/\/www.rivieradeifiori.it\/fr\/manger-boire\/lail-de-vessalico\/#primaryimage\"},\"thumbnailUrl\":\"https:\/\/www.rivieradeifiori.it\/wp-content\/uploads\/2017\/03\/Aglio-Stoccaggio-Alberto-Marini-Wiki.jpg\",\"datePublished\":\"2017-03-25T08:43:01+00:00\",\"dateModified\":\"2022-06-10T09:10:56+00:00\",\"author\":{\"@id\":\"https:\/\/www.rivieradeifiori.it\/fr\/#\/schema\/person\/6cc4e4ed0d74f08798811653e64f69ed\"},\"breadcrumb\":{\"@id\":\"https:\/\/www.rivieradeifiori.it\/fr\/manger-boire\/lail-de-vessalico\/#breadcrumb\"},\"inLanguage\":\"fr-FR\",\"potentialAction\":[{\"@type\":\"ReadAction\",\"target\":[\"https:\/\/www.rivieradeifiori.it\/fr\/manger-boire\/lail-de-vessalico\/\"]}]},{\"@type\":\"ImageObject\",\"inLanguage\":\"fr-FR\",\"@id\":\"https:\/\/www.rivieradeifiori.it\/fr\/manger-boire\/lail-de-vessalico\/#primaryimage\",\"url\":\"https:\/\/www.rivieradeifiori.it\/wp-content\/uploads\/2017\/03\/Aglio-Stoccaggio-Alberto-Marini-Wiki.jpg\",\"contentUrl\":\"https:\/\/www.rivieradeifiori.it\/wp-content\/uploads\/2017\/03\/Aglio-Stoccaggio-Alberto-Marini-Wiki.jpg\",\"width\":945,\"height\":709,\"caption\":\"Stoccaggio \u00a9Alberto Marini - Wikipedia\"},{\"@type\":\"BreadcrumbList\",\"@id\":\"https:\/\/www.rivieradeifiori.it\/fr\/manger-boire\/lail-de-vessalico\/#breadcrumb\",\"itemListElement\":[{\"@type\":\"ListItem\",\"position\":1,\"name\":\"Home\",\"item\":\"https:\/\/www.rivieradeifiori.it\/fr\/\"},{\"@type\":\"ListItem\",\"position\":2,\"name\":\"L&#8217;ail de Vessalico\"}]},{\"@type\":\"WebSite\",\"@id\":\"https:\/\/www.rivieradeifiori.it\/fr\/#website\",\"url\":\"https:\/\/www.rivieradeifiori.it\/fr\/\",\"name\":\"Riviera dei Fiori\",\"description\":\"Un mare di colori\",\"potentialAction\":[{\"@type\":\"SearchAction\",\"target\":{\"@type\":\"EntryPoint\",\"urlTemplate\":\"https:\/\/www.rivieradeifiori.it\/fr\/?s={search_term_string}\"},\"query-input\":{\"@type\":\"PropertyValueSpecification\",\"valueRequired\":true,\"valueName\":\"search_term_string\"}}],\"inLanguage\":\"fr-FR\"},{\"@type\":\"Person\",\"@id\":\"https:\/\/www.rivieradeifiori.it\/fr\/#\/schema\/person\/6cc4e4ed0d74f08798811653e64f69ed\",\"name\":\"Luca Giovannetti\",\"image\":{\"@type\":\"ImageObject\",\"inLanguage\":\"fr-FR\",\"@id\":\"https:\/\/www.rivieradeifiori.it\/fr\/#\/schema\/person\/image\/\",\"url\":\"https:\/\/secure.gravatar.com\/avatar\/092abda2284c50268e586151e014cf903142e524662c62577231430ea44340cf?s=96&r=g&d=https:\/\/www.rivieradeifiori.it\/wp-content\/plugins\/userswp\/assets\/images\/no_profile.png\",\"contentUrl\":\"https:\/\/secure.gravatar.com\/avatar\/092abda2284c50268e586151e014cf903142e524662c62577231430ea44340cf?s=96&r=g&d=https:\/\/www.rivieradeifiori.it\/wp-content\/plugins\/userswp\/assets\/images\/no_profile.png\",\"caption\":\"Luca Giovannetti\"}}]}<\/script>\n<!-- \/ Yoast SEO plugin. -->","yoast_head_json":{"title":"L'ail de Vessalico - Manger &amp; Boire - Riviera dei Fiori","robots":{"index":"index","follow":"follow","max-snippet":"max-snippet:-1","max-image-preview":"max-image-preview:large","max-video-preview":"max-video-preview:-1"},"canonical":"https:\/\/www.rivieradeifiori.it\/fr\/manger-boire\/lail-de-vessalico\/","twitter_misc":{"\u00c9crit par":"Luca Giovannetti","Dur\u00e9e de lecture estim\u00e9e":"1 minute"},"schema":{"@context":"https:\/\/schema.org","@graph":[{"@type":"WebPage","@id":"https:\/\/www.rivieradeifiori.it\/fr\/manger-boire\/lail-de-vessalico\/","url":"https:\/\/www.rivieradeifiori.it\/fr\/manger-boire\/lail-de-vessalico\/","name":"L'ail de Vessalico - Manger &amp; Boire - Riviera dei Fiori","isPartOf":{"@id":"https:\/\/www.rivieradeifiori.it\/fr\/#website"},"primaryImageOfPage":{"@id":"https:\/\/www.rivieradeifiori.it\/fr\/manger-boire\/lail-de-vessalico\/#primaryimage"},"image":{"@id":"https:\/\/www.rivieradeifiori.it\/fr\/manger-boire\/lail-de-vessalico\/#primaryimage"},"thumbnailUrl":"https:\/\/www.rivieradeifiori.it\/wp-content\/uploads\/2017\/03\/Aglio-Stoccaggio-Alberto-Marini-Wiki.jpg","datePublished":"2017-03-25T08:43:01+00:00","dateModified":"2022-06-10T09:10:56+00:00","author":{"@id":"https:\/\/www.rivieradeifiori.it\/fr\/#\/schema\/person\/6cc4e4ed0d74f08798811653e64f69ed"},"breadcrumb":{"@id":"https:\/\/www.rivieradeifiori.it\/fr\/manger-boire\/lail-de-vessalico\/#breadcrumb"},"inLanguage":"fr-FR","potentialAction":[{"@type":"ReadAction","target":["https:\/\/www.rivieradeifiori.it\/fr\/manger-boire\/lail-de-vessalico\/"]}]},{"@type":"ImageObject","inLanguage":"fr-FR","@id":"https:\/\/www.rivieradeifiori.it\/fr\/manger-boire\/lail-de-vessalico\/#primaryimage","url":"https:\/\/www.rivieradeifiori.it\/wp-content\/uploads\/2017\/03\/Aglio-Stoccaggio-Alberto-Marini-Wiki.jpg","contentUrl":"https:\/\/www.rivieradeifiori.it\/wp-content\/uploads\/2017\/03\/Aglio-Stoccaggio-Alberto-Marini-Wiki.jpg","width":945,"height":709,"caption":"Stoccaggio \u00a9Alberto Marini - Wikipedia"},{"@type":"BreadcrumbList","@id":"https:\/\/www.rivieradeifiori.it\/fr\/manger-boire\/lail-de-vessalico\/#breadcrumb","itemListElement":[{"@type":"ListItem","position":1,"name":"Home","item":"https:\/\/www.rivieradeifiori.it\/fr\/"},{"@type":"ListItem","position":2,"name":"L&#8217;ail de Vessalico"}]},{"@type":"WebSite","@id":"https:\/\/www.rivieradeifiori.it\/fr\/#website","url":"https:\/\/www.rivieradeifiori.it\/fr\/","name":"Riviera dei Fiori","description":"Un mare di colori","potentialAction":[{"@type":"SearchAction","target":{"@type":"EntryPoint","urlTemplate":"https:\/\/www.rivieradeifiori.it\/fr\/?s={search_term_string}"},"query-input":{"@type":"PropertyValueSpecification","valueRequired":true,"valueName":"search_term_string"}}],"inLanguage":"fr-FR"},{"@type":"Person","@id":"https:\/\/www.rivieradeifiori.it\/fr\/#\/schema\/person\/6cc4e4ed0d74f08798811653e64f69ed","name":"Luca Giovannetti","image":{"@type":"ImageObject","inLanguage":"fr-FR","@id":"https:\/\/www.rivieradeifiori.it\/fr\/#\/schema\/person\/image\/","url":"https:\/\/secure.gravatar.com\/avatar\/092abda2284c50268e586151e014cf903142e524662c62577231430ea44340cf?s=96&r=g&d=https:\/\/www.rivieradeifiori.it\/wp-content\/plugins\/userswp\/assets\/images\/no_profile.png","contentUrl":"https:\/\/secure.gravatar.com\/avatar\/092abda2284c50268e586151e014cf903142e524662c62577231430ea44340cf?s=96&r=g&d=https:\/\/www.rivieradeifiori.it\/wp-content\/plugins\/userswp\/assets\/images\/no_profile.png","caption":"Luca Giovannetti"}}]}},"_links":{"self":[{"href":"https:\/\/www.rivieradeifiori.it\/fr\/wp-json\/wp\/v2\/posts\/4780","targetHints":{"allow":["GET"]}}],"collection":[{"href":"https:\/\/www.rivieradeifiori.it\/fr\/wp-json\/wp\/v2\/posts"}],"about":[{"href":"https:\/\/www.rivieradeifiori.it\/fr\/wp-json\/wp\/v2\/types\/post"}],"author":[{"embeddable":true,"href":"https:\/\/www.rivieradeifiori.it\/fr\/wp-json\/wp\/v2\/users\/1"}],"replies":[{"embeddable":true,"href":"https:\/\/www.rivieradeifiori.it\/fr\/wp-json\/wp\/v2\/comments?post=4780"}],"version-history":[{"count":1,"href":"https:\/\/www.rivieradeifiori.it\/fr\/wp-json\/wp\/v2\/posts\/4780\/revisions"}],"predecessor-version":[{"id":15978,"href":"https:\/\/www.rivieradeifiori.it\/fr\/wp-json\/wp\/v2\/posts\/4780\/revisions\/15978"}],"wp:featuredmedia":[{"embeddable":true,"href":"https:\/\/www.rivieradeifiori.it\/fr\/wp-json\/wp\/v2\/media\/4697"}],"wp:attachment":[{"href":"https:\/\/www.rivieradeifiori.it\/fr\/wp-json\/wp\/v2\/media?parent=4780"}],"wp:term":[{"taxonomy":"category","embeddable":true,"href":"https:\/\/www.rivieradeifiori.it\/fr\/wp-json\/wp\/v2\/categories?post=4780"},{"taxonomy":"post_tag","embeddable":true,"href":"https:\/\/www.rivieradeifiori.it\/fr\/wp-json\/wp\/v2\/tags?post=4780"}],"curies":[{"name":"wp","href":"https:\/\/api.w.org\/{rel}","templated":true}]}}