{"id":4725,"date":"2017-03-23T22:21:46","date_gmt":"2017-03-23T21:21:46","guid":{"rendered":"http:\/\/www.rivieradeifiori.info\/fr\/2017\/03\/23\/edward-lear-un-artista-riviera\/"},"modified":"2017-03-23T22:27:41","modified_gmt":"2017-03-23T21:27:41","slug":"edward-lear-un-artiste-sur-la-riviera-italienne","status":"publish","type":"post","link":"https:\/\/www.rivieradeifiori.it\/fr\/art-et-culture\/edward-lear-un-artiste-sur-la-riviera-italienne\/","title":{"rendered":"Edward Lear: un artiste sur la Riviera Italienne"},"content":{"rendered":"<p><em>Auteur de non-sens, peintre, voyageur : un artiste polyvalent qui a trouv\u00e9 sa maison \u00e0 San Remo<\/em><\/p>\n<p>N\u00e9 \u00e0 Holloway en 1812 et mort \u00e0 Sanremo en 1888, Lear est connu comme un artiste polyvalent et versatile. Po\u00e8te, \u00e9crivain, dessinateur, peintre, musicien, voyageur : un protagoniste de la culture de l\u2019\u00e9poque, qui nous a laiss\u00e9 des livres, des po\u00e8mes, des peintures pour un patrimoine de grande valeur maintenant r\u00e9pandu \u00e0 travers le monde, de l\u2019Angleterre jusqu\u2019aux Etats-Unis, ainsi que dans toute l\u2019Italie.<\/p>\n<p>Dans la seconde moiti\u00e9 du XIXe si\u00e8cle, malgr\u00e9 un pic de carri\u00e8re qui l\u2019a amen\u00e9 \u00e0 vendre et exposer de nombreuses expositions importantes, une mauvaise sant\u00e9, qui l\u2019a toujours accompagn\u00e9, pousse Lear sur la c\u00f4te m\u00e9diterran\u00e9enne.<\/p>\n<p>A Sanremo Lear se sentait comme chez soi, c\u2019est pourquoi il a d\u00e9cid\u00e9 non seulement de se d\u00e9placer, mais aussi de construire sa maison l\u00e0-bas.<\/p>\n<p>En d\u00e9pit de sa peinture raffin\u00e9e, et de la reproduction scrupuleuse et diligente de la nature et de l\u2019amour de la spontan\u00e9it\u00e9, il est d\u00e9j\u00e0 au-del\u00e0 de la rigidit\u00e9 de l\u2019\u00e9poque victorienne, en allant vers l\u2019impressionnisme, Lear a l\u2019honneur d\u2019appara\u00eetre dans les revues artistiques. Il est connu encore aujourd\u2019hui pour son non-sens, genre dont il est consid\u00e9r\u00e9 le ma\u00eetre avec Carroll Lewis. Le non-sens devient, avec le premier livre de Lear, publi\u00e9 en 1846 en Angleterre, et avec les collections suivantes \u00e9crites \u00e0 Sanremo, une forme textuelle d\u00e9clar\u00e9e et consciente. Situations contre la logique et des rapprochements paradoxaux font de ses limerick, \u00e9crits pour amuser ses petits-enfants, un travail consid\u00e9rable, non seulement pour sa valeur litt\u00e9raire, mais pour un esprit subversif qui annonce une r\u00e9action sous-jacente antivictorienne.<\/p>\n<p>L\u2019artiste repose maintenant dans le cimeti\u00e8re historique et monumental de la Foce, o\u00f9 sa pierre tombale, proche de son fid\u00e8le serviteur, dit : \u201cIn memory of Edward Lear landscape painter in many lands dear from his many gifts to many souls\u201d.<\/p>\n<p><em>[Alessandra Chiappori]<\/em><\/p>\n\n\t\t<style type=\"text\/css\">\n\t\t\t#gallery-1 {\n\t\t\t\tmargin: auto;\n\t\t\t}\n\t\t\t#gallery-1 .gallery-item {\n\t\t\t\tfloat: left;\n\t\t\t\tmargin-top: 10px;\n\t\t\t\ttext-align: center;\n\t\t\t\twidth: 33%;\n\t\t\t}\n\t\t\t#gallery-1 img {\n\t\t\t\tborder: 2px solid #cfcfcf;\n\t\t\t}\n\t\t\t#gallery-1 .gallery-caption {\n\t\t\t\tmargin-left: 0;\n\t\t\t}\n\t\t\t\/* see gallery_shortcode() in wp-includes\/media.php *\/\n\t\t<\/style>\n\t\t<div id='gallery-1' class='gallery galleryid-4725 gallery-columns-3 gallery-size-thumbnail'><dl class='gallery-item'>\n\t\t\t<dt class='gallery-icon portrait'>\n\t\t\t\t<a href='https:\/\/www.rivieradeifiori.it\/fr\/art-et-culture\/edward-lear-un-artiste-sur-la-riviera-italienne\/attachment\/ara_ararauna_-macrocercus_ararauna_blue__yellow_maccaw_-by_edward_lear_1812-1888-2\/'><img decoding=\"async\" width=\"160\" height=\"160\" src=\"https:\/\/www.rivieradeifiori.it\/wp-content\/uploads\/2017\/03\/Ara_ararauna_-Macrocercus_ararauna_Blue__yellow_Maccaw_-by_Edward_Lear_1812-1888-160x160.jpg\" class=\"attachment-thumbnail size-thumbnail\" alt=\"\" srcset=\"https:\/\/www.rivieradeifiori.it\/wp-content\/uploads\/2017\/03\/Ara_ararauna_-Macrocercus_ararauna_Blue__yellow_Maccaw_-by_Edward_Lear_1812-1888-160x160.jpg 160w, https:\/\/www.rivieradeifiori.it\/wp-content\/uploads\/2017\/03\/Ara_ararauna_-Macrocercus_ararauna_Blue__yellow_Maccaw_-by_Edward_Lear_1812-1888-643x640.jpg 643w, https:\/\/www.rivieradeifiori.it\/wp-content\/uploads\/2017\/03\/Ara_ararauna_-Macrocercus_ararauna_Blue__yellow_Maccaw_-by_Edward_Lear_1812-1888-440x440.jpg 440w, https:\/\/www.rivieradeifiori.it\/wp-content\/uploads\/2017\/03\/Ara_ararauna_-Macrocercus_ararauna_Blue__yellow_Maccaw_-by_Edward_Lear_1812-1888-150x150.jpg 150w, https:\/\/www.rivieradeifiori.it\/wp-content\/uploads\/2017\/03\/Ara_ararauna_-Macrocercus_ararauna_Blue__yellow_Maccaw_-by_Edward_Lear_1812-1888-65x65.jpg 65w, https:\/\/www.rivieradeifiori.it\/wp-content\/uploads\/2017\/03\/Ara_ararauna_-Macrocercus_ararauna_Blue__yellow_Maccaw_-by_Edward_Lear_1812-1888-180x180.jpg 180w, https:\/\/www.rivieradeifiori.it\/wp-content\/uploads\/2017\/03\/Ara_ararauna_-Macrocercus_ararauna_Blue__yellow_Maccaw_-by_Edward_Lear_1812-1888-300x300.jpg 300w, https:\/\/www.rivieradeifiori.it\/wp-content\/uploads\/2017\/03\/Ara_ararauna_-Macrocercus_ararauna_Blue__yellow_Maccaw_-by_Edward_Lear_1812-1888-600x600.jpg 600w\" sizes=\"(max-width: 160px) 100vw, 160px\" \/><\/a>\n\t\t\t<\/dt><\/dl><dl class='gallery-item'>\n\t\t\t<dt class='gallery-icon portrait'>\n\t\t\t\t<a href='https:\/\/www.rivieradeifiori.it\/fr\/art-et-culture\/edward-lear-un-artiste-sur-la-riviera-italienne\/attachment\/edward_lear-2\/'><img decoding=\"async\" width=\"160\" height=\"160\" src=\"https:\/\/www.rivieradeifiori.it\/wp-content\/uploads\/2017\/03\/Edward_Lear-160x160.jpg\" class=\"attachment-thumbnail size-thumbnail\" alt=\"\" srcset=\"https:\/\/www.rivieradeifiori.it\/wp-content\/uploads\/2017\/03\/Edward_Lear-160x160.jpg 160w, https:\/\/www.rivieradeifiori.it\/wp-content\/uploads\/2017\/03\/Edward_Lear-150x150.jpg 150w, https:\/\/www.rivieradeifiori.it\/wp-content\/uploads\/2017\/03\/Edward_Lear-65x65.jpg 65w, https:\/\/www.rivieradeifiori.it\/wp-content\/uploads\/2017\/03\/Edward_Lear-180x180.jpg 180w, https:\/\/www.rivieradeifiori.it\/wp-content\/uploads\/2017\/03\/Edward_Lear-300x300.jpg 300w\" sizes=\"(max-width: 160px) 100vw, 160px\" \/><\/a>\n\t\t\t<\/dt><\/dl><dl class='gallery-item'>\n\t\t\t<dt class='gallery-icon landscape'>\n\t\t\t\t<a href='https:\/\/www.rivieradeifiori.it\/fr\/art-et-culture\/edward-lear-un-artiste-sur-la-riviera-italienne\/attachment\/1862ca-a-book-of-nonsense-edward-lear-001-2\/'><img decoding=\"async\" width=\"160\" height=\"160\" src=\"https:\/\/www.rivieradeifiori.it\/wp-content\/uploads\/2017\/03\/1862ca-a-book-of-nonsense-edward-lear-001-160x160.jpg\" class=\"attachment-thumbnail size-thumbnail\" alt=\"\" srcset=\"https:\/\/www.rivieradeifiori.it\/wp-content\/uploads\/2017\/03\/1862ca-a-book-of-nonsense-edward-lear-001-160x160.jpg 160w, https:\/\/www.rivieradeifiori.it\/wp-content\/uploads\/2017\/03\/1862ca-a-book-of-nonsense-edward-lear-001-440x440.jpg 440w, https:\/\/www.rivieradeifiori.it\/wp-content\/uploads\/2017\/03\/1862ca-a-book-of-nonsense-edward-lear-001-150x150.jpg 150w, https:\/\/www.rivieradeifiori.it\/wp-content\/uploads\/2017\/03\/1862ca-a-book-of-nonsense-edward-lear-001-65x65.jpg 65w, https:\/\/www.rivieradeifiori.it\/wp-content\/uploads\/2017\/03\/1862ca-a-book-of-nonsense-edward-lear-001-180x180.jpg 180w, https:\/\/www.rivieradeifiori.it\/wp-content\/uploads\/2017\/03\/1862ca-a-book-of-nonsense-edward-lear-001-300x300.jpg 300w, https:\/\/www.rivieradeifiori.it\/wp-content\/uploads\/2017\/03\/1862ca-a-book-of-nonsense-edward-lear-001-600x600.jpg 600w\" sizes=\"(max-width: 160px) 100vw, 160px\" \/><\/a>\n\t\t\t<\/dt><\/dl><br style=\"clear: both\" \/>\n\t\t<\/div>\n\n","protected":false},"excerpt":{"rendered":"<p>Auteur de non-sens, peintre, voyageur : un artiste polyvalent qui a trouv\u00e9 sa maison \u00e0 San Remo N\u00e9 \u00e0 Holloway en 1812 et mort \u00e0 Sanremo en 1888, Lear est connu comme un artiste polyvalent et versatile. Po\u00e8te, \u00e9crivain, dessinateur, peintre, musicien, voyageur : un protagoniste de la culture de l\u2019\u00e9poque, qui nous a laiss\u00e9 [&hellip;]<\/p>\n","protected":false},"author":1,"featured_media":4710,"comment_status":"closed","ping_status":"open","sticky":false,"template":"","format":"standard","meta":{"_et_pb_use_builder":"","_et_pb_old_content":"","_et_gb_content_width":"","_eb_attr":"","_vp_format_video_url":"","_vp_image_focal_point":[],"_vp_custom_popup_image":0,"_vp_format_audio_url":"","_vp_custom_thumbnail":0,"_vp_custom_thumbnail_focal_point":[],"_vp_hover_thumbnail":0,"_vp_hover_thumbnail_focal_point":[],"footnotes":""},"categories":[49],"tags":[1067],"class_list":["post-4725","post","type-post","status-publish","format-standard","has-post-thumbnail","hentry","category-art-et-culture","tag-sanremo-fr","et-has-post-format-content","et_post_format-et-post-format-standard"],"yoast_head":"<!-- This site is optimized with the Yoast SEO plugin v25.7 - https:\/\/yoast.com\/wordpress\/plugins\/seo\/ -->\n<title>Edward Lear: un artiste sur la Riviera Italienne - Art &amp; Culture - Riviera dei Fiori<\/title>\n<meta name=\"robots\" content=\"index, follow, max-snippet:-1, max-image-preview:large, max-video-preview:-1\" \/>\n<link rel=\"canonical\" href=\"https:\/\/www.rivieradeifiori.it\/fr\/art-et-culture\/edward-lear-un-artiste-sur-la-riviera-italienne\/\" \/>\n<meta name=\"twitter:label1\" content=\"\u00c9crit par\" \/>\n\t<meta name=\"twitter:data1\" content=\"Luca Giovannetti\" \/>\n\t<meta name=\"twitter:label2\" content=\"Dur\u00e9e de lecture estim\u00e9e\" \/>\n\t<meta name=\"twitter:data2\" content=\"2 minutes\" \/>\n<script type=\"application\/ld+json\" class=\"yoast-schema-graph\">{\"@context\":\"https:\/\/schema.org\",\"@graph\":[{\"@type\":\"WebPage\",\"@id\":\"https:\/\/www.rivieradeifiori.it\/fr\/art-et-culture\/edward-lear-un-artiste-sur-la-riviera-italienne\/\",\"url\":\"https:\/\/www.rivieradeifiori.it\/fr\/art-et-culture\/edward-lear-un-artiste-sur-la-riviera-italienne\/\",\"name\":\"Edward Lear: un artiste sur la Riviera Italienne - Art &amp; Culture - Riviera dei Fiori\",\"isPartOf\":{\"@id\":\"https:\/\/www.rivieradeifiori.it\/fr\/#website\"},\"primaryImageOfPage\":{\"@id\":\"https:\/\/www.rivieradeifiori.it\/fr\/art-et-culture\/edward-lear-un-artiste-sur-la-riviera-italienne\/#primaryimage\"},\"image\":{\"@id\":\"https:\/\/www.rivieradeifiori.it\/fr\/art-et-culture\/edward-lear-un-artiste-sur-la-riviera-italienne\/#primaryimage\"},\"thumbnailUrl\":\"https:\/\/www.rivieradeifiori.it\/wp-content\/uploads\/2017\/03\/1862ca-a-book-of-nonsense-edward-lear-001.jpg\",\"datePublished\":\"2017-03-23T21:21:46+00:00\",\"dateModified\":\"2017-03-23T21:27:41+00:00\",\"author\":{\"@id\":\"https:\/\/www.rivieradeifiori.it\/fr\/#\/schema\/person\/6cc4e4ed0d74f08798811653e64f69ed\"},\"breadcrumb\":{\"@id\":\"https:\/\/www.rivieradeifiori.it\/fr\/art-et-culture\/edward-lear-un-artiste-sur-la-riviera-italienne\/#breadcrumb\"},\"inLanguage\":\"fr-FR\",\"potentialAction\":[{\"@type\":\"ReadAction\",\"target\":[\"https:\/\/www.rivieradeifiori.it\/fr\/art-et-culture\/edward-lear-un-artiste-sur-la-riviera-italienne\/\"]}]},{\"@type\":\"ImageObject\",\"inLanguage\":\"fr-FR\",\"@id\":\"https:\/\/www.rivieradeifiori.it\/fr\/art-et-culture\/edward-lear-un-artiste-sur-la-riviera-italienne\/#primaryimage\",\"url\":\"https:\/\/www.rivieradeifiori.it\/wp-content\/uploads\/2017\/03\/1862ca-a-book-of-nonsense-edward-lear-001.jpg\",\"contentUrl\":\"https:\/\/www.rivieradeifiori.it\/wp-content\/uploads\/2017\/03\/1862ca-a-book-of-nonsense-edward-lear-001.jpg\",\"width\":2100,\"height\":1362},{\"@type\":\"BreadcrumbList\",\"@id\":\"https:\/\/www.rivieradeifiori.it\/fr\/art-et-culture\/edward-lear-un-artiste-sur-la-riviera-italienne\/#breadcrumb\",\"itemListElement\":[{\"@type\":\"ListItem\",\"position\":1,\"name\":\"Home\",\"item\":\"https:\/\/www.rivieradeifiori.it\/fr\/\"},{\"@type\":\"ListItem\",\"position\":2,\"name\":\"Edward Lear: un artiste sur la Riviera Italienne\"}]},{\"@type\":\"WebSite\",\"@id\":\"https:\/\/www.rivieradeifiori.it\/fr\/#website\",\"url\":\"https:\/\/www.rivieradeifiori.it\/fr\/\",\"name\":\"Riviera dei Fiori\",\"description\":\"Un mare di colori\",\"potentialAction\":[{\"@type\":\"SearchAction\",\"target\":{\"@type\":\"EntryPoint\",\"urlTemplate\":\"https:\/\/www.rivieradeifiori.it\/fr\/?s={search_term_string}\"},\"query-input\":{\"@type\":\"PropertyValueSpecification\",\"valueRequired\":true,\"valueName\":\"search_term_string\"}}],\"inLanguage\":\"fr-FR\"},{\"@type\":\"Person\",\"@id\":\"https:\/\/www.rivieradeifiori.it\/fr\/#\/schema\/person\/6cc4e4ed0d74f08798811653e64f69ed\",\"name\":\"Luca Giovannetti\",\"image\":{\"@type\":\"ImageObject\",\"inLanguage\":\"fr-FR\",\"@id\":\"https:\/\/www.rivieradeifiori.it\/fr\/#\/schema\/person\/image\/\",\"url\":\"https:\/\/secure.gravatar.com\/avatar\/092abda2284c50268e586151e014cf903142e524662c62577231430ea44340cf?s=96&r=g&d=https:\/\/www.rivieradeifiori.it\/wp-content\/plugins\/userswp\/assets\/images\/no_profile.png\",\"contentUrl\":\"https:\/\/secure.gravatar.com\/avatar\/092abda2284c50268e586151e014cf903142e524662c62577231430ea44340cf?s=96&r=g&d=https:\/\/www.rivieradeifiori.it\/wp-content\/plugins\/userswp\/assets\/images\/no_profile.png\",\"caption\":\"Luca Giovannetti\"}}]}<\/script>\n<!-- \/ Yoast SEO plugin. -->","yoast_head_json":{"title":"Edward Lear: un artiste sur la Riviera Italienne - Art &amp; Culture - Riviera dei Fiori","robots":{"index":"index","follow":"follow","max-snippet":"max-snippet:-1","max-image-preview":"max-image-preview:large","max-video-preview":"max-video-preview:-1"},"canonical":"https:\/\/www.rivieradeifiori.it\/fr\/art-et-culture\/edward-lear-un-artiste-sur-la-riviera-italienne\/","twitter_misc":{"\u00c9crit par":"Luca Giovannetti","Dur\u00e9e de lecture estim\u00e9e":"2 minutes"},"schema":{"@context":"https:\/\/schema.org","@graph":[{"@type":"WebPage","@id":"https:\/\/www.rivieradeifiori.it\/fr\/art-et-culture\/edward-lear-un-artiste-sur-la-riviera-italienne\/","url":"https:\/\/www.rivieradeifiori.it\/fr\/art-et-culture\/edward-lear-un-artiste-sur-la-riviera-italienne\/","name":"Edward Lear: un artiste sur la Riviera Italienne - Art &amp; Culture - Riviera dei Fiori","isPartOf":{"@id":"https:\/\/www.rivieradeifiori.it\/fr\/#website"},"primaryImageOfPage":{"@id":"https:\/\/www.rivieradeifiori.it\/fr\/art-et-culture\/edward-lear-un-artiste-sur-la-riviera-italienne\/#primaryimage"},"image":{"@id":"https:\/\/www.rivieradeifiori.it\/fr\/art-et-culture\/edward-lear-un-artiste-sur-la-riviera-italienne\/#primaryimage"},"thumbnailUrl":"https:\/\/www.rivieradeifiori.it\/wp-content\/uploads\/2017\/03\/1862ca-a-book-of-nonsense-edward-lear-001.jpg","datePublished":"2017-03-23T21:21:46+00:00","dateModified":"2017-03-23T21:27:41+00:00","author":{"@id":"https:\/\/www.rivieradeifiori.it\/fr\/#\/schema\/person\/6cc4e4ed0d74f08798811653e64f69ed"},"breadcrumb":{"@id":"https:\/\/www.rivieradeifiori.it\/fr\/art-et-culture\/edward-lear-un-artiste-sur-la-riviera-italienne\/#breadcrumb"},"inLanguage":"fr-FR","potentialAction":[{"@type":"ReadAction","target":["https:\/\/www.rivieradeifiori.it\/fr\/art-et-culture\/edward-lear-un-artiste-sur-la-riviera-italienne\/"]}]},{"@type":"ImageObject","inLanguage":"fr-FR","@id":"https:\/\/www.rivieradeifiori.it\/fr\/art-et-culture\/edward-lear-un-artiste-sur-la-riviera-italienne\/#primaryimage","url":"https:\/\/www.rivieradeifiori.it\/wp-content\/uploads\/2017\/03\/1862ca-a-book-of-nonsense-edward-lear-001.jpg","contentUrl":"https:\/\/www.rivieradeifiori.it\/wp-content\/uploads\/2017\/03\/1862ca-a-book-of-nonsense-edward-lear-001.jpg","width":2100,"height":1362},{"@type":"BreadcrumbList","@id":"https:\/\/www.rivieradeifiori.it\/fr\/art-et-culture\/edward-lear-un-artiste-sur-la-riviera-italienne\/#breadcrumb","itemListElement":[{"@type":"ListItem","position":1,"name":"Home","item":"https:\/\/www.rivieradeifiori.it\/fr\/"},{"@type":"ListItem","position":2,"name":"Edward Lear: un artiste sur la Riviera Italienne"}]},{"@type":"WebSite","@id":"https:\/\/www.rivieradeifiori.it\/fr\/#website","url":"https:\/\/www.rivieradeifiori.it\/fr\/","name":"Riviera dei Fiori","description":"Un mare di colori","potentialAction":[{"@type":"SearchAction","target":{"@type":"EntryPoint","urlTemplate":"https:\/\/www.rivieradeifiori.it\/fr\/?s={search_term_string}"},"query-input":{"@type":"PropertyValueSpecification","valueRequired":true,"valueName":"search_term_string"}}],"inLanguage":"fr-FR"},{"@type":"Person","@id":"https:\/\/www.rivieradeifiori.it\/fr\/#\/schema\/person\/6cc4e4ed0d74f08798811653e64f69ed","name":"Luca Giovannetti","image":{"@type":"ImageObject","inLanguage":"fr-FR","@id":"https:\/\/www.rivieradeifiori.it\/fr\/#\/schema\/person\/image\/","url":"https:\/\/secure.gravatar.com\/avatar\/092abda2284c50268e586151e014cf903142e524662c62577231430ea44340cf?s=96&r=g&d=https:\/\/www.rivieradeifiori.it\/wp-content\/plugins\/userswp\/assets\/images\/no_profile.png","contentUrl":"https:\/\/secure.gravatar.com\/avatar\/092abda2284c50268e586151e014cf903142e524662c62577231430ea44340cf?s=96&r=g&d=https:\/\/www.rivieradeifiori.it\/wp-content\/plugins\/userswp\/assets\/images\/no_profile.png","caption":"Luca Giovannetti"}}]}},"_links":{"self":[{"href":"https:\/\/www.rivieradeifiori.it\/fr\/wp-json\/wp\/v2\/posts\/4725","targetHints":{"allow":["GET"]}}],"collection":[{"href":"https:\/\/www.rivieradeifiori.it\/fr\/wp-json\/wp\/v2\/posts"}],"about":[{"href":"https:\/\/www.rivieradeifiori.it\/fr\/wp-json\/wp\/v2\/types\/post"}],"author":[{"embeddable":true,"href":"https:\/\/www.rivieradeifiori.it\/fr\/wp-json\/wp\/v2\/users\/1"}],"replies":[{"embeddable":true,"href":"https:\/\/www.rivieradeifiori.it\/fr\/wp-json\/wp\/v2\/comments?post=4725"}],"version-history":[{"count":0,"href":"https:\/\/www.rivieradeifiori.it\/fr\/wp-json\/wp\/v2\/posts\/4725\/revisions"}],"wp:featuredmedia":[{"embeddable":true,"href":"https:\/\/www.rivieradeifiori.it\/fr\/wp-json\/wp\/v2\/media\/4710"}],"wp:attachment":[{"href":"https:\/\/www.rivieradeifiori.it\/fr\/wp-json\/wp\/v2\/media?parent=4725"}],"wp:term":[{"taxonomy":"category","embeddable":true,"href":"https:\/\/www.rivieradeifiori.it\/fr\/wp-json\/wp\/v2\/categories?post=4725"},{"taxonomy":"post_tag","embeddable":true,"href":"https:\/\/www.rivieradeifiori.it\/fr\/wp-json\/wp\/v2\/tags?post=4725"}],"curies":[{"name":"wp","href":"https:\/\/api.w.org\/{rel}","templated":true}]}}