{"id":3836,"date":"2016-09-17T11:47:28","date_gmt":"2016-09-17T09:47:28","guid":{"rendered":"http:\/\/www.rivieradeifiori.info\/fr\/?p=3836"},"modified":"2022-06-10T11:09:22","modified_gmt":"2022-06-10T09:09:22","slug":"la-palmeraie-avec-vue-sur-la-mer-bordighera","status":"publish","type":"post","link":"https:\/\/www.rivieradeifiori.it\/fr\/mer-et-territoire\/la-palmeraie-avec-vue-sur-la-mer-bordighera\/","title":{"rendered":"La palmeraie avec vue sur la mer \u00e0 Bordighera"},"content":{"rendered":"<p>Un lieu magnifique, accroch\u00e9 \u00e0 la mer, cette Ligure vertical d\u00e9crite par \u00e9crivains et po\u00e8tes. Un endroit unique et magique. C\u2019est la Palmeraie de Bordighera, au dessus de la zone de Arziglia, \u00e0 l\u2019entr\u00e9e de la ville.<\/p>\n<p>Selon la l\u00e9gende, l\u2019anachor\u00e8te et forgeron Saint Ampelio f\u00fbt, le saint\u00a0 patron de Bordighera, \u00e0 importer les dattes de l\u2019\u00c9gypte au IV si\u00e8cle.<\/p>\n<p>L\u2019origine de l\u2019actuelle palmeraie est probablement du moyen age, \u00e9poque de la construction de la ville. Pendant les si\u00e8cles pass\u00e9s, le palmier \u00e0 dattes a eu une forte cons\u00e9quence pour l\u2019\u00e9conomie, \u00e9tant une importante activit\u00e9 pour de nombreuses familles de Bordighera.<\/p>\n<p>Autrefois il y avait pr\u00e8s de trente mille palmiers, descendus \u00e0 un millier en dix-huit cents. Ce n\u2019est pas par hasard si Bordighera est nomm\u00e9e \u2018\u2019ville des palmiers\u2019\u2019. \u00a0La c\u00e9l\u00e9brit\u00e9 internationale de cette ville \u00e9tait, en grande partie, reli\u00e9e \u00e0 l\u2019image des plantes exotiques, particuli\u00e8rement \u00e0 la palmeraie de Bordighera qui produisait les palmes n\u00e9cessaires au f\u00eates religieuses juives et chr\u00e9tiennes.<\/p>\n<p>La palmeraie \u00e0 dattes de Bordighera est la plus septentrionale au monde (latitude 43\u00b0). Un magistrat des palmier s\u2019occupait d\u2019organiser la production et la vente des plantes. De celles-ci venaient les \u2018\u2019parmureli\u2019\u2019, les feuilles p\u00e2les, habilement entrelac\u00e9s, expos\u00e9es le dimanche avant P\u00e2ques.<\/p>\n<p>L\u2019un des principaux promoteurs de l\u2019introduction de palmier \u00e9tait le paysagiste allemand Ludwig Winter (1846-1912), de Heidelberg, qui a travaill\u00e9 avec la famille Hambury pendant sept ans. Son Palm-Garten est encore aujourd\u2019hui \u00e0 l\u2019entr\u00e9e de la vall\u00e9e de Sasso, au c\u0153ur de l\u2019ancienne Palmeraie de Bordighera. \u00c0 l\u2019\u00e9poque elle repr\u00e9sentait le plus riche rassemblement de palmier. Ludwig Winter avait l\u00e0 cr\u00e9\u00e9 une p\u00e9pini\u00e8re \u00e0 vocation commerciale, pour l\u2019exportation des plantes en pots et d\u2019un artisanat profane inspir\u00e9 par la tradition du pays d\u2019entrelacement de palme. Il a aussi \u00e9t\u00e9 d\u00e9sign\u00e9\u00a0\u00e0 l\u2019acclimatation de nouvelles esp\u00e8ces et \u00e0 l\u2019accueil du touriste.<\/p>\n<p>Aujourd\u2019hui encore le charme n\u2019a pas chang\u00e9.<\/p>\n<p><em>[Marco Scolesi]<\/em><\/p>\n\n\t\t<style type=\"text\/css\">\n\t\t\t#gallery-1 {\n\t\t\t\tmargin: auto;\n\t\t\t}\n\t\t\t#gallery-1 .gallery-item {\n\t\t\t\tfloat: left;\n\t\t\t\tmargin-top: 10px;\n\t\t\t\ttext-align: center;\n\t\t\t\twidth: 33%;\n\t\t\t}\n\t\t\t#gallery-1 img {\n\t\t\t\tborder: 2px solid #cfcfcf;\n\t\t\t}\n\t\t\t#gallery-1 .gallery-caption {\n\t\t\t\tmargin-left: 0;\n\t\t\t}\n\t\t\t\/* see gallery_shortcode() in wp-includes\/media.php *\/\n\t\t<\/style>\n\t\t<div id='gallery-1' class='gallery galleryid-3836 gallery-columns-3 gallery-size-thumbnail'><dl class='gallery-item'>\n\t\t\t<dt class='gallery-icon landscape'>\n\t\t\t\t<a href='https:\/\/www.rivieradeifiori.it\/fr\/mer-et-territoire\/la-palmeraie-avec-vue-sur-la-mer-bordighera\/attachment\/palmeto-grande-3-2\/'><img decoding=\"async\" width=\"160\" height=\"160\" src=\"https:\/\/www.rivieradeifiori.it\/wp-content\/uploads\/2016\/09\/Palmeto-grande-3-160x160.jpg\" class=\"attachment-thumbnail size-thumbnail\" alt=\"\" srcset=\"https:\/\/www.rivieradeifiori.it\/wp-content\/uploads\/2016\/09\/Palmeto-grande-3-160x160.jpg 160w, https:\/\/www.rivieradeifiori.it\/wp-content\/uploads\/2016\/09\/Palmeto-grande-3-440x440.jpg 440w, https:\/\/www.rivieradeifiori.it\/wp-content\/uploads\/2016\/09\/Palmeto-grande-3-150x150.jpg 150w, https:\/\/www.rivieradeifiori.it\/wp-content\/uploads\/2016\/09\/Palmeto-grande-3-65x65.jpg 65w, https:\/\/www.rivieradeifiori.it\/wp-content\/uploads\/2016\/09\/Palmeto-grande-3-180x180.jpg 180w, https:\/\/www.rivieradeifiori.it\/wp-content\/uploads\/2016\/09\/Palmeto-grande-3-300x300.jpg 300w, https:\/\/www.rivieradeifiori.it\/wp-content\/uploads\/2016\/09\/Palmeto-grande-3-600x600.jpg 600w\" sizes=\"(max-width: 160px) 100vw, 160px\" \/><\/a>\n\t\t\t<\/dt><\/dl><dl class='gallery-item'>\n\t\t\t<dt class='gallery-icon landscape'>\n\t\t\t\t<a href='https:\/\/www.rivieradeifiori.it\/fr\/mer-et-territoire\/la-palmeraie-avec-vue-sur-la-mer-bordighera\/attachment\/beodo-vista-mare-2\/'><img decoding=\"async\" width=\"160\" height=\"160\" src=\"https:\/\/www.rivieradeifiori.it\/wp-content\/uploads\/2016\/09\/Beodo-vista-mare-160x160.jpg\" class=\"attachment-thumbnail size-thumbnail\" alt=\"\" srcset=\"https:\/\/www.rivieradeifiori.it\/wp-content\/uploads\/2016\/09\/Beodo-vista-mare-160x160.jpg 160w, https:\/\/www.rivieradeifiori.it\/wp-content\/uploads\/2016\/09\/Beodo-vista-mare-440x440.jpg 440w, https:\/\/www.rivieradeifiori.it\/wp-content\/uploads\/2016\/09\/Beodo-vista-mare-150x150.jpg 150w, https:\/\/www.rivieradeifiori.it\/wp-content\/uploads\/2016\/09\/Beodo-vista-mare-65x65.jpg 65w, https:\/\/www.rivieradeifiori.it\/wp-content\/uploads\/2016\/09\/Beodo-vista-mare-180x180.jpg 180w, https:\/\/www.rivieradeifiori.it\/wp-content\/uploads\/2016\/09\/Beodo-vista-mare-300x300.jpg 300w, https:\/\/www.rivieradeifiori.it\/wp-content\/uploads\/2016\/09\/Beodo-vista-mare-600x600.jpg 600w\" sizes=\"(max-width: 160px) 100vw, 160px\" \/><\/a>\n\t\t\t<\/dt><\/dl>\n\t\t\t<br style='clear: both' \/>\n\t\t<\/div>\n\n","protected":false},"excerpt":{"rendered":"<p>Un lieu magnifique, accroch\u00e9 \u00e0 la mer, cette Ligure vertical d\u00e9crite par \u00e9crivains et po\u00e8tes. Un endroit unique et magique. C\u2019est la Palmeraie de Bordighera, au dessus de la zone de Arziglia, \u00e0 l\u2019entr\u00e9e de la ville. Selon la l\u00e9gende, l\u2019anachor\u00e8te et forgeron Saint Ampelio f\u00fbt, le saint\u00a0 patron de Bordighera, \u00e0 importer les dattes [&hellip;]<\/p>\n","protected":false},"author":1,"featured_media":3830,"comment_status":"closed","ping_status":"open","sticky":false,"template":"","format":"standard","meta":{"_et_pb_use_builder":"","_et_pb_old_content":"","_et_gb_content_width":"","_eb_attr":"","_vp_format_video_url":"","_vp_image_focal_point":[],"_vp_custom_popup_image":0,"_vp_format_audio_url":"","_vp_custom_thumbnail":0,"_vp_custom_thumbnail_focal_point":[],"_vp_hover_thumbnail":0,"_vp_hover_thumbnail_focal_point":[],"footnotes":""},"categories":[57],"tags":[1267,1268],"class_list":["post-3836","post","type-post","status-publish","format-standard","has-post-thumbnail","hentry","category-mer-et-territoire","tag-bordighera-fr","tag-parcs-et-jardins","et-has-post-format-content","et_post_format-et-post-format-standard"],"yoast_head":"<!-- This site is optimized with the Yoast SEO plugin v25.7 - https:\/\/yoast.com\/wordpress\/plugins\/seo\/ -->\n<title>La palmeraie avec vue sur la mer \u00e0 Bordighera - Mer &amp; Territoire - Riviera dei Fiori<\/title>\n<meta name=\"robots\" content=\"index, follow, max-snippet:-1, max-image-preview:large, max-video-preview:-1\" \/>\n<link rel=\"canonical\" href=\"https:\/\/www.rivieradeifiori.it\/fr\/mer-et-territoire\/la-palmeraie-avec-vue-sur-la-mer-bordighera\/\" \/>\n<meta name=\"twitter:label1\" content=\"\u00c9crit par\" \/>\n\t<meta name=\"twitter:data1\" content=\"Luca Giovannetti\" \/>\n\t<meta name=\"twitter:label2\" content=\"Dur\u00e9e de lecture estim\u00e9e\" \/>\n\t<meta name=\"twitter:data2\" content=\"2 minutes\" \/>\n<script type=\"application\/ld+json\" class=\"yoast-schema-graph\">{\"@context\":\"https:\/\/schema.org\",\"@graph\":[{\"@type\":\"WebPage\",\"@id\":\"https:\/\/www.rivieradeifiori.it\/fr\/mer-et-territoire\/la-palmeraie-avec-vue-sur-la-mer-bordighera\/\",\"url\":\"https:\/\/www.rivieradeifiori.it\/fr\/mer-et-territoire\/la-palmeraie-avec-vue-sur-la-mer-bordighera\/\",\"name\":\"La palmeraie avec vue sur la mer \u00e0 Bordighera - Mer &amp; Territoire - Riviera dei Fiori\",\"isPartOf\":{\"@id\":\"https:\/\/www.rivieradeifiori.it\/fr\/#website\"},\"primaryImageOfPage\":{\"@id\":\"https:\/\/www.rivieradeifiori.it\/fr\/mer-et-territoire\/la-palmeraie-avec-vue-sur-la-mer-bordighera\/#primaryimage\"},\"image\":{\"@id\":\"https:\/\/www.rivieradeifiori.it\/fr\/mer-et-territoire\/la-palmeraie-avec-vue-sur-la-mer-bordighera\/#primaryimage\"},\"thumbnailUrl\":\"https:\/\/www.rivieradeifiori.it\/wp-content\/uploads\/2016\/09\/Palmeto-grande-3.jpg\",\"datePublished\":\"2016-09-17T09:47:28+00:00\",\"dateModified\":\"2022-06-10T09:09:22+00:00\",\"author\":{\"@id\":\"https:\/\/www.rivieradeifiori.it\/fr\/#\/schema\/person\/6cc4e4ed0d74f08798811653e64f69ed\"},\"breadcrumb\":{\"@id\":\"https:\/\/www.rivieradeifiori.it\/fr\/mer-et-territoire\/la-palmeraie-avec-vue-sur-la-mer-bordighera\/#breadcrumb\"},\"inLanguage\":\"fr-FR\",\"potentialAction\":[{\"@type\":\"ReadAction\",\"target\":[\"https:\/\/www.rivieradeifiori.it\/fr\/mer-et-territoire\/la-palmeraie-avec-vue-sur-la-mer-bordighera\/\"]}]},{\"@type\":\"ImageObject\",\"inLanguage\":\"fr-FR\",\"@id\":\"https:\/\/www.rivieradeifiori.it\/fr\/mer-et-territoire\/la-palmeraie-avec-vue-sur-la-mer-bordighera\/#primaryimage\",\"url\":\"https:\/\/www.rivieradeifiori.it\/wp-content\/uploads\/2016\/09\/Palmeto-grande-3.jpg\",\"contentUrl\":\"https:\/\/www.rivieradeifiori.it\/wp-content\/uploads\/2016\/09\/Palmeto-grande-3.jpg\",\"width\":1360,\"height\":1020},{\"@type\":\"BreadcrumbList\",\"@id\":\"https:\/\/www.rivieradeifiori.it\/fr\/mer-et-territoire\/la-palmeraie-avec-vue-sur-la-mer-bordighera\/#breadcrumb\",\"itemListElement\":[{\"@type\":\"ListItem\",\"position\":1,\"name\":\"Home\",\"item\":\"https:\/\/www.rivieradeifiori.it\/fr\/\"},{\"@type\":\"ListItem\",\"position\":2,\"name\":\"La palmeraie avec vue sur la mer \u00e0 Bordighera\"}]},{\"@type\":\"WebSite\",\"@id\":\"https:\/\/www.rivieradeifiori.it\/fr\/#website\",\"url\":\"https:\/\/www.rivieradeifiori.it\/fr\/\",\"name\":\"Riviera dei Fiori\",\"description\":\"Un mare di colori\",\"potentialAction\":[{\"@type\":\"SearchAction\",\"target\":{\"@type\":\"EntryPoint\",\"urlTemplate\":\"https:\/\/www.rivieradeifiori.it\/fr\/?s={search_term_string}\"},\"query-input\":{\"@type\":\"PropertyValueSpecification\",\"valueRequired\":true,\"valueName\":\"search_term_string\"}}],\"inLanguage\":\"fr-FR\"},{\"@type\":\"Person\",\"@id\":\"https:\/\/www.rivieradeifiori.it\/fr\/#\/schema\/person\/6cc4e4ed0d74f08798811653e64f69ed\",\"name\":\"Luca Giovannetti\",\"image\":{\"@type\":\"ImageObject\",\"inLanguage\":\"fr-FR\",\"@id\":\"https:\/\/www.rivieradeifiori.it\/fr\/#\/schema\/person\/image\/\",\"url\":\"https:\/\/secure.gravatar.com\/avatar\/092abda2284c50268e586151e014cf903142e524662c62577231430ea44340cf?s=96&r=g&d=https:\/\/www.rivieradeifiori.it\/wp-content\/plugins\/userswp\/assets\/images\/no_profile.png\",\"contentUrl\":\"https:\/\/secure.gravatar.com\/avatar\/092abda2284c50268e586151e014cf903142e524662c62577231430ea44340cf?s=96&r=g&d=https:\/\/www.rivieradeifiori.it\/wp-content\/plugins\/userswp\/assets\/images\/no_profile.png\",\"caption\":\"Luca Giovannetti\"}}]}<\/script>\n<!-- \/ Yoast SEO plugin. -->","yoast_head_json":{"title":"La palmeraie avec vue sur la mer \u00e0 Bordighera - Mer &amp; Territoire - Riviera dei Fiori","robots":{"index":"index","follow":"follow","max-snippet":"max-snippet:-1","max-image-preview":"max-image-preview:large","max-video-preview":"max-video-preview:-1"},"canonical":"https:\/\/www.rivieradeifiori.it\/fr\/mer-et-territoire\/la-palmeraie-avec-vue-sur-la-mer-bordighera\/","twitter_misc":{"\u00c9crit par":"Luca Giovannetti","Dur\u00e9e de lecture estim\u00e9e":"2 minutes"},"schema":{"@context":"https:\/\/schema.org","@graph":[{"@type":"WebPage","@id":"https:\/\/www.rivieradeifiori.it\/fr\/mer-et-territoire\/la-palmeraie-avec-vue-sur-la-mer-bordighera\/","url":"https:\/\/www.rivieradeifiori.it\/fr\/mer-et-territoire\/la-palmeraie-avec-vue-sur-la-mer-bordighera\/","name":"La palmeraie avec vue sur la mer \u00e0 Bordighera - Mer &amp; Territoire - Riviera dei Fiori","isPartOf":{"@id":"https:\/\/www.rivieradeifiori.it\/fr\/#website"},"primaryImageOfPage":{"@id":"https:\/\/www.rivieradeifiori.it\/fr\/mer-et-territoire\/la-palmeraie-avec-vue-sur-la-mer-bordighera\/#primaryimage"},"image":{"@id":"https:\/\/www.rivieradeifiori.it\/fr\/mer-et-territoire\/la-palmeraie-avec-vue-sur-la-mer-bordighera\/#primaryimage"},"thumbnailUrl":"https:\/\/www.rivieradeifiori.it\/wp-content\/uploads\/2016\/09\/Palmeto-grande-3.jpg","datePublished":"2016-09-17T09:47:28+00:00","dateModified":"2022-06-10T09:09:22+00:00","author":{"@id":"https:\/\/www.rivieradeifiori.it\/fr\/#\/schema\/person\/6cc4e4ed0d74f08798811653e64f69ed"},"breadcrumb":{"@id":"https:\/\/www.rivieradeifiori.it\/fr\/mer-et-territoire\/la-palmeraie-avec-vue-sur-la-mer-bordighera\/#breadcrumb"},"inLanguage":"fr-FR","potentialAction":[{"@type":"ReadAction","target":["https:\/\/www.rivieradeifiori.it\/fr\/mer-et-territoire\/la-palmeraie-avec-vue-sur-la-mer-bordighera\/"]}]},{"@type":"ImageObject","inLanguage":"fr-FR","@id":"https:\/\/www.rivieradeifiori.it\/fr\/mer-et-territoire\/la-palmeraie-avec-vue-sur-la-mer-bordighera\/#primaryimage","url":"https:\/\/www.rivieradeifiori.it\/wp-content\/uploads\/2016\/09\/Palmeto-grande-3.jpg","contentUrl":"https:\/\/www.rivieradeifiori.it\/wp-content\/uploads\/2016\/09\/Palmeto-grande-3.jpg","width":1360,"height":1020},{"@type":"BreadcrumbList","@id":"https:\/\/www.rivieradeifiori.it\/fr\/mer-et-territoire\/la-palmeraie-avec-vue-sur-la-mer-bordighera\/#breadcrumb","itemListElement":[{"@type":"ListItem","position":1,"name":"Home","item":"https:\/\/www.rivieradeifiori.it\/fr\/"},{"@type":"ListItem","position":2,"name":"La palmeraie avec vue sur la mer \u00e0 Bordighera"}]},{"@type":"WebSite","@id":"https:\/\/www.rivieradeifiori.it\/fr\/#website","url":"https:\/\/www.rivieradeifiori.it\/fr\/","name":"Riviera dei Fiori","description":"Un mare di colori","potentialAction":[{"@type":"SearchAction","target":{"@type":"EntryPoint","urlTemplate":"https:\/\/www.rivieradeifiori.it\/fr\/?s={search_term_string}"},"query-input":{"@type":"PropertyValueSpecification","valueRequired":true,"valueName":"search_term_string"}}],"inLanguage":"fr-FR"},{"@type":"Person","@id":"https:\/\/www.rivieradeifiori.it\/fr\/#\/schema\/person\/6cc4e4ed0d74f08798811653e64f69ed","name":"Luca Giovannetti","image":{"@type":"ImageObject","inLanguage":"fr-FR","@id":"https:\/\/www.rivieradeifiori.it\/fr\/#\/schema\/person\/image\/","url":"https:\/\/secure.gravatar.com\/avatar\/092abda2284c50268e586151e014cf903142e524662c62577231430ea44340cf?s=96&r=g&d=https:\/\/www.rivieradeifiori.it\/wp-content\/plugins\/userswp\/assets\/images\/no_profile.png","contentUrl":"https:\/\/secure.gravatar.com\/avatar\/092abda2284c50268e586151e014cf903142e524662c62577231430ea44340cf?s=96&r=g&d=https:\/\/www.rivieradeifiori.it\/wp-content\/plugins\/userswp\/assets\/images\/no_profile.png","caption":"Luca Giovannetti"}}]}},"_links":{"self":[{"href":"https:\/\/www.rivieradeifiori.it\/fr\/wp-json\/wp\/v2\/posts\/3836","targetHints":{"allow":["GET"]}}],"collection":[{"href":"https:\/\/www.rivieradeifiori.it\/fr\/wp-json\/wp\/v2\/posts"}],"about":[{"href":"https:\/\/www.rivieradeifiori.it\/fr\/wp-json\/wp\/v2\/types\/post"}],"author":[{"embeddable":true,"href":"https:\/\/www.rivieradeifiori.it\/fr\/wp-json\/wp\/v2\/users\/1"}],"replies":[{"embeddable":true,"href":"https:\/\/www.rivieradeifiori.it\/fr\/wp-json\/wp\/v2\/comments?post=3836"}],"version-history":[{"count":1,"href":"https:\/\/www.rivieradeifiori.it\/fr\/wp-json\/wp\/v2\/posts\/3836\/revisions"}],"predecessor-version":[{"id":15970,"href":"https:\/\/www.rivieradeifiori.it\/fr\/wp-json\/wp\/v2\/posts\/3836\/revisions\/15970"}],"wp:featuredmedia":[{"embeddable":true,"href":"https:\/\/www.rivieradeifiori.it\/fr\/wp-json\/wp\/v2\/media\/3830"}],"wp:attachment":[{"href":"https:\/\/www.rivieradeifiori.it\/fr\/wp-json\/wp\/v2\/media?parent=3836"}],"wp:term":[{"taxonomy":"category","embeddable":true,"href":"https:\/\/www.rivieradeifiori.it\/fr\/wp-json\/wp\/v2\/categories?post=3836"},{"taxonomy":"post_tag","embeddable":true,"href":"https:\/\/www.rivieradeifiori.it\/fr\/wp-json\/wp\/v2\/tags?post=3836"}],"curies":[{"name":"wp","href":"https:\/\/api.w.org\/{rel}","templated":true}]}}