{"id":3816,"date":"2016-09-17T11:38:24","date_gmt":"2016-09-17T09:38:24","guid":{"rendered":"http:\/\/www.rivieradeifiori.info\/fr\/?p=3816"},"modified":"2022-06-10T10:39:50","modified_gmt":"2022-06-10T08:39:50","slug":"la-decouverte-des-tresors-bibliothecaires-du-musee-de-amicis-d-imperia","status":"publish","type":"post","link":"https:\/\/www.rivieradeifiori.it\/fr\/art-et-culture\/la-decouverte-des-tresors-bibliothecaires-du-musee-de-amicis-d-imperia\/","title":{"rendered":"\u00c0 la d\u00e9couverte des tr\u00e9sors biblioth\u00e9caires du mus\u00e9e De Amicis d &#8216;Imperia"},"content":{"rendered":"<p class=\"Standard\"><span lang=\"FR\">La plupart d&#8217;entre nous le connaissent comme l&#8217;intellectuel qui est c\u00e9l\u00e8bre dans le monde entier pour le livre C\u0153ur, mais pas beaucoup de monde sait que Edmondo De Amicis est n\u00e9 \u00e0 Imperia \u2013 \u00e0 vraie dire, Oneglia &#8211; au mois d&#8217;octobre 1846, dans une maison qui donnait sur la place qu&#8217;aujourd&#8217;hui lui est d\u00e9di\u00e9e. Celui qui, dans le 170<sup>\u00e9me<\/sup> anniversaire de la naissance de l&#8217;\u00e9crivain, se trouvera \u00e0 passer par la, trouvera une surprise, petite mais int\u00e9ressante, au rez de chauss\u00e9 de la biblioth\u00e8que civique Leonardo Lagorio, qui a si\u00e8ge aujourd&#8217;hui dans l&#8217;ancien tribunal. Avec la donation consid\u00e9rable de la famille de l\u2019\u00e9crivain \u00e0 la Ville d&#8217;Imperia, la biblioth\u00e8que a organis\u00e9 un petit mus\u00e9e qui lui est d\u00e9di\u00e9 avec une reconstruction du cabinet, am\u00e9nag\u00e9 avec les meubles originaux et enrichi par de nombreuses \u00e9dition du livre C\u0153ur dans les diff\u00e9rentes langues dont il a \u00e9t\u00e9 traduit. Dans le fond historique elle est par contre conserv\u00e9e la collection de livres appartenue \u00e0 l&#8217;auteur, qui compte plus de 3000 tomes, entre les \u0153uvres originales et les manuscrits. C&#8217;est une des caract\u00e9ristique qui, pour valeur et raret\u00e9, contribuent \u00e0 rendre unique la collection des fonds anciens de la biblioth\u00e8que civique de Imperia. <\/span><\/p>\n<p class=\"Standard\"><em><span lang=\"FR\">[Alessandria Chiappori]<\/span><\/em><\/p>\n\n\t\t<style type=\"text\/css\">\n\t\t\t#gallery-1 {\n\t\t\t\tmargin: auto;\n\t\t\t}\n\t\t\t#gallery-1 .gallery-item {\n\t\t\t\tfloat: left;\n\t\t\t\tmargin-top: 10px;\n\t\t\t\ttext-align: center;\n\t\t\t\twidth: 33%;\n\t\t\t}\n\t\t\t#gallery-1 img {\n\t\t\t\tborder: 2px solid #cfcfcf;\n\t\t\t}\n\t\t\t#gallery-1 .gallery-caption {\n\t\t\t\tmargin-left: 0;\n\t\t\t}\n\t\t\t\/* see gallery_shortcode() in wp-includes\/media.php *\/\n\t\t<\/style>\n\t\t<div id='gallery-1' class='gallery galleryid-3816 gallery-columns-3 gallery-size-thumbnail'><dl class='gallery-item'>\n\t\t\t<dt class='gallery-icon landscape'>\n\t\t\t\t<a href='https:\/\/www.rivieradeifiori.it\/fr\/art-et-culture\/la-decouverte-des-tresors-bibliothecaires-du-musee-de-amicis-d-imperia\/attachment\/wp_20160507_007-2\/'><img decoding=\"async\" width=\"160\" height=\"160\" src=\"https:\/\/www.rivieradeifiori.it\/wp-content\/uploads\/2016\/09\/WP_20160507_007-160x160.jpg\" class=\"attachment-thumbnail size-thumbnail\" alt=\"\" srcset=\"https:\/\/www.rivieradeifiori.it\/wp-content\/uploads\/2016\/09\/WP_20160507_007-160x160.jpg 160w, https:\/\/www.rivieradeifiori.it\/wp-content\/uploads\/2016\/09\/WP_20160507_007-440x440.jpg 440w, https:\/\/www.rivieradeifiori.it\/wp-content\/uploads\/2016\/09\/WP_20160507_007-150x150.jpg 150w, https:\/\/www.rivieradeifiori.it\/wp-content\/uploads\/2016\/09\/WP_20160507_007-65x65.jpg 65w, https:\/\/www.rivieradeifiori.it\/wp-content\/uploads\/2016\/09\/WP_20160507_007-180x180.jpg 180w, https:\/\/www.rivieradeifiori.it\/wp-content\/uploads\/2016\/09\/WP_20160507_007-300x300.jpg 300w, https:\/\/www.rivieradeifiori.it\/wp-content\/uploads\/2016\/09\/WP_20160507_007-600x600.jpg 600w\" sizes=\"(max-width: 160px) 100vw, 160px\" \/><\/a>\n\t\t\t<\/dt><\/dl><dl class='gallery-item'>\n\t\t\t<dt class='gallery-icon landscape'>\n\t\t\t\t<a href='https:\/\/www.rivieradeifiori.it\/fr\/art-et-culture\/la-decouverte-des-tresors-bibliothecaires-du-musee-de-amicis-d-imperia\/attachment\/de-amicis_2-2\/'><img decoding=\"async\" width=\"160\" height=\"160\" src=\"https:\/\/www.rivieradeifiori.it\/wp-content\/uploads\/2016\/09\/De-Amicis_2-160x160.jpg\" class=\"attachment-thumbnail size-thumbnail\" alt=\"\" srcset=\"https:\/\/www.rivieradeifiori.it\/wp-content\/uploads\/2016\/09\/De-Amicis_2-160x160.jpg 160w, https:\/\/www.rivieradeifiori.it\/wp-content\/uploads\/2016\/09\/De-Amicis_2-440x440.jpg 440w, https:\/\/www.rivieradeifiori.it\/wp-content\/uploads\/2016\/09\/De-Amicis_2-150x150.jpg 150w, https:\/\/www.rivieradeifiori.it\/wp-content\/uploads\/2016\/09\/De-Amicis_2-65x65.jpg 65w, https:\/\/www.rivieradeifiori.it\/wp-content\/uploads\/2016\/09\/De-Amicis_2-180x180.jpg 180w, https:\/\/www.rivieradeifiori.it\/wp-content\/uploads\/2016\/09\/De-Amicis_2-300x300.jpg 300w, https:\/\/www.rivieradeifiori.it\/wp-content\/uploads\/2016\/09\/De-Amicis_2-600x600.jpg 600w\" sizes=\"(max-width: 160px) 100vw, 160px\" \/><\/a>\n\t\t\t<\/dt><\/dl><dl class='gallery-item'>\n\t\t\t<dt class='gallery-icon portrait'>\n\t\t\t\t<a href='https:\/\/www.rivieradeifiori.it\/fr\/art-et-culture\/la-decouverte-des-tresors-bibliothecaires-du-musee-de-amicis-d-imperia\/attachment\/de-amicis_1-2\/'><img decoding=\"async\" width=\"160\" height=\"160\" src=\"https:\/\/www.rivieradeifiori.it\/wp-content\/uploads\/2016\/09\/De-Amicis_1-160x160.jpg\" class=\"attachment-thumbnail size-thumbnail\" alt=\"\" srcset=\"https:\/\/www.rivieradeifiori.it\/wp-content\/uploads\/2016\/09\/De-Amicis_1-160x160.jpg 160w, https:\/\/www.rivieradeifiori.it\/wp-content\/uploads\/2016\/09\/De-Amicis_1-440x440.jpg 440w, https:\/\/www.rivieradeifiori.it\/wp-content\/uploads\/2016\/09\/De-Amicis_1-150x150.jpg 150w, https:\/\/www.rivieradeifiori.it\/wp-content\/uploads\/2016\/09\/De-Amicis_1-65x65.jpg 65w, https:\/\/www.rivieradeifiori.it\/wp-content\/uploads\/2016\/09\/De-Amicis_1-180x180.jpg 180w, https:\/\/www.rivieradeifiori.it\/wp-content\/uploads\/2016\/09\/De-Amicis_1-300x300.jpg 300w, https:\/\/www.rivieradeifiori.it\/wp-content\/uploads\/2016\/09\/De-Amicis_1-600x600.jpg 600w\" sizes=\"(max-width: 160px) 100vw, 160px\" \/><\/a>\n\t\t\t<\/dt><\/dl><br style=\"clear: both\" \/><dl class='gallery-item'>\n\t\t\t<dt class='gallery-icon portrait'>\n\t\t\t\t<a href='https:\/\/www.rivieradeifiori.it\/fr\/art-et-culture\/la-decouverte-des-tresors-bibliothecaires-du-musee-de-amicis-d-imperia\/attachment\/de-amicis-illustrazione-2\/'><img decoding=\"async\" width=\"160\" height=\"160\" src=\"https:\/\/www.rivieradeifiori.it\/wp-content\/uploads\/2016\/09\/De-Amicis-illustrazione-160x160.jpg\" class=\"attachment-thumbnail size-thumbnail\" alt=\"\" aria-describedby=\"gallery-1-3788\" srcset=\"https:\/\/www.rivieradeifiori.it\/wp-content\/uploads\/2016\/09\/De-Amicis-illustrazione-160x160.jpg 160w, https:\/\/www.rivieradeifiori.it\/wp-content\/uploads\/2016\/09\/De-Amicis-illustrazione-440x440.jpg 440w, https:\/\/www.rivieradeifiori.it\/wp-content\/uploads\/2016\/09\/De-Amicis-illustrazione-150x150.jpg 150w, https:\/\/www.rivieradeifiori.it\/wp-content\/uploads\/2016\/09\/De-Amicis-illustrazione-65x65.jpg 65w, https:\/\/www.rivieradeifiori.it\/wp-content\/uploads\/2016\/09\/De-Amicis-illustrazione-180x180.jpg 180w, https:\/\/www.rivieradeifiori.it\/wp-content\/uploads\/2016\/09\/De-Amicis-illustrazione-300x300.jpg 300w, https:\/\/www.rivieradeifiori.it\/wp-content\/uploads\/2016\/09\/De-Amicis-illustrazione-600x600.jpg 600w\" sizes=\"(max-width: 160px) 100vw, 160px\" \/><\/a>\n\t\t\t<\/dt>\n\t\t\t\t<dd class='wp-caption-text gallery-caption' id='gallery-1-3788'>\n\t\t\t\tThis document was downloaded from the World Digital Library (http:\/\/www.wdl.org). Go to http:\/\/hdl.loc.gov\/loc.wdl\/wdl.8273 for more information about this item.\n\t\t\t\t<\/dd><\/dl><dl class='gallery-item'>\n\t\t\t<dt class='gallery-icon portrait'>\n\t\t\t\t<a href='https:\/\/www.rivieradeifiori.it\/fr\/art-et-culture\/la-decouverte-des-tresors-bibliothecaires-du-musee-de-amicis-d-imperia\/attachment\/cuore_front_matter-2\/'><img decoding=\"async\" width=\"160\" height=\"160\" src=\"https:\/\/www.rivieradeifiori.it\/wp-content\/uploads\/2016\/09\/Cuore_front_matter-160x160.jpg\" class=\"attachment-thumbnail size-thumbnail\" alt=\"\" srcset=\"https:\/\/www.rivieradeifiori.it\/wp-content\/uploads\/2016\/09\/Cuore_front_matter-160x160.jpg 160w, https:\/\/www.rivieradeifiori.it\/wp-content\/uploads\/2016\/09\/Cuore_front_matter-440x440.jpg 440w, https:\/\/www.rivieradeifiori.it\/wp-content\/uploads\/2016\/09\/Cuore_front_matter-150x150.jpg 150w, https:\/\/www.rivieradeifiori.it\/wp-content\/uploads\/2016\/09\/Cuore_front_matter-65x65.jpg 65w, https:\/\/www.rivieradeifiori.it\/wp-content\/uploads\/2016\/09\/Cuore_front_matter-180x180.jpg 180w, https:\/\/www.rivieradeifiori.it\/wp-content\/uploads\/2016\/09\/Cuore_front_matter-300x300.jpg 300w, https:\/\/www.rivieradeifiori.it\/wp-content\/uploads\/2016\/09\/Cuore_front_matter-600x600.jpg 600w\" sizes=\"(max-width: 160px) 100vw, 160px\" \/><\/a>\n\t\t\t<\/dt><\/dl><dl class='gallery-item'>\n\t\t\t<dt class='gallery-icon landscape'>\n\t\t\t\t<a href='https:\/\/www.rivieradeifiori.it\/fr\/art-et-culture\/la-decouverte-des-tresors-bibliothecaires-du-musee-de-amicis-d-imperia\/attachment\/20160419_140341-2\/'><img decoding=\"async\" width=\"160\" height=\"160\" src=\"https:\/\/www.rivieradeifiori.it\/wp-content\/uploads\/2016\/09\/20160419_140341-160x160.jpg\" class=\"attachment-thumbnail size-thumbnail\" alt=\"\" srcset=\"https:\/\/www.rivieradeifiori.it\/wp-content\/uploads\/2016\/09\/20160419_140341-160x160.jpg 160w, https:\/\/www.rivieradeifiori.it\/wp-content\/uploads\/2016\/09\/20160419_140341-440x440.jpg 440w, https:\/\/www.rivieradeifiori.it\/wp-content\/uploads\/2016\/09\/20160419_140341-150x150.jpg 150w, https:\/\/www.rivieradeifiori.it\/wp-content\/uploads\/2016\/09\/20160419_140341-65x65.jpg 65w, https:\/\/www.rivieradeifiori.it\/wp-content\/uploads\/2016\/09\/20160419_140341-180x180.jpg 180w, https:\/\/www.rivieradeifiori.it\/wp-content\/uploads\/2016\/09\/20160419_140341-300x300.jpg 300w\" sizes=\"(max-width: 160px) 100vw, 160px\" \/><\/a>\n\t\t\t<\/dt><\/dl><br style=\"clear: both\" \/>\n\t\t<\/div>\n\n","protected":false},"excerpt":{"rendered":"<p>La plupart d&#8217;entre nous le connaissent comme l&#8217;intellectuel qui est c\u00e9l\u00e8bre dans le monde entier pour le livre C\u0153ur, mais pas beaucoup de monde sait que Edmondo De Amicis est n\u00e9 \u00e0 Imperia \u2013 \u00e0 vraie dire, Oneglia &#8211; au mois d&#8217;octobre 1846, dans une maison qui donnait sur la place qu&#8217;aujourd&#8217;hui lui est d\u00e9di\u00e9e. [&hellip;]<\/p>\n","protected":false},"author":1,"featured_media":3808,"comment_status":"closed","ping_status":"open","sticky":false,"template":"","format":"standard","meta":{"_et_pb_use_builder":"","_et_pb_old_content":"","_et_gb_content_width":"","_eb_attr":"","_vp_format_video_url":"","_vp_image_focal_point":[],"_vp_custom_popup_image":0,"_vp_format_audio_url":"","_vp_custom_thumbnail":0,"_vp_custom_thumbnail_focal_point":[],"_vp_hover_thumbnail":0,"_vp_hover_thumbnail_focal_point":[],"footnotes":""},"categories":[49],"tags":[1266,1264],"class_list":["post-3816","post","type-post","status-publish","format-standard","has-post-thumbnail","hentry","category-art-et-culture","tag-imperia-fr","tag-musees","et-has-post-format-content","et_post_format-et-post-format-standard"],"yoast_head":"<!-- This site is optimized with the Yoast SEO plugin v25.7 - https:\/\/yoast.com\/wordpress\/plugins\/seo\/ -->\n<title>\u00c0 la d\u00e9couverte des tr\u00e9sors biblioth\u00e9caires du mus\u00e9e De Amicis d &#039;Imperia - Art &amp; Culture - Riviera dei Fiori<\/title>\n<meta name=\"robots\" content=\"index, follow, max-snippet:-1, max-image-preview:large, max-video-preview:-1\" \/>\n<link rel=\"canonical\" href=\"https:\/\/www.rivieradeifiori.it\/fr\/art-et-culture\/la-decouverte-des-tresors-bibliothecaires-du-musee-de-amicis-d-imperia\/\" \/>\n<meta name=\"twitter:label1\" content=\"\u00c9crit par\" \/>\n\t<meta name=\"twitter:data1\" content=\"Luca Giovannetti\" \/>\n\t<meta name=\"twitter:label2\" content=\"Dur\u00e9e de lecture estim\u00e9e\" \/>\n\t<meta name=\"twitter:data2\" content=\"1 minute\" \/>\n<script type=\"application\/ld+json\" class=\"yoast-schema-graph\">{\"@context\":\"https:\/\/schema.org\",\"@graph\":[{\"@type\":\"WebPage\",\"@id\":\"https:\/\/www.rivieradeifiori.it\/fr\/art-et-culture\/la-decouverte-des-tresors-bibliothecaires-du-musee-de-amicis-d-imperia\/\",\"url\":\"https:\/\/www.rivieradeifiori.it\/fr\/art-et-culture\/la-decouverte-des-tresors-bibliothecaires-du-musee-de-amicis-d-imperia\/\",\"name\":\"\u00c0 la d\u00e9couverte des tr\u00e9sors biblioth\u00e9caires du mus\u00e9e De Amicis d 'Imperia - Art &amp; Culture - Riviera dei Fiori\",\"isPartOf\":{\"@id\":\"https:\/\/www.rivieradeifiori.it\/fr\/#website\"},\"primaryImageOfPage\":{\"@id\":\"https:\/\/www.rivieradeifiori.it\/fr\/art-et-culture\/la-decouverte-des-tresors-bibliothecaires-du-musee-de-amicis-d-imperia\/#primaryimage\"},\"image\":{\"@id\":\"https:\/\/www.rivieradeifiori.it\/fr\/art-et-culture\/la-decouverte-des-tresors-bibliothecaires-du-musee-de-amicis-d-imperia\/#primaryimage\"},\"thumbnailUrl\":\"https:\/\/www.rivieradeifiori.it\/wp-content\/uploads\/2016\/09\/WP_20160507_007.jpg\",\"datePublished\":\"2016-09-17T09:38:24+00:00\",\"dateModified\":\"2022-06-10T08:39:50+00:00\",\"author\":{\"@id\":\"https:\/\/www.rivieradeifiori.it\/fr\/#\/schema\/person\/6cc4e4ed0d74f08798811653e64f69ed\"},\"breadcrumb\":{\"@id\":\"https:\/\/www.rivieradeifiori.it\/fr\/art-et-culture\/la-decouverte-des-tresors-bibliothecaires-du-musee-de-amicis-d-imperia\/#breadcrumb\"},\"inLanguage\":\"fr-FR\",\"potentialAction\":[{\"@type\":\"ReadAction\",\"target\":[\"https:\/\/www.rivieradeifiori.it\/fr\/art-et-culture\/la-decouverte-des-tresors-bibliothecaires-du-musee-de-amicis-d-imperia\/\"]}]},{\"@type\":\"ImageObject\",\"inLanguage\":\"fr-FR\",\"@id\":\"https:\/\/www.rivieradeifiori.it\/fr\/art-et-culture\/la-decouverte-des-tresors-bibliothecaires-du-musee-de-amicis-d-imperia\/#primaryimage\",\"url\":\"https:\/\/www.rivieradeifiori.it\/wp-content\/uploads\/2016\/09\/WP_20160507_007.jpg\",\"contentUrl\":\"https:\/\/www.rivieradeifiori.it\/wp-content\/uploads\/2016\/09\/WP_20160507_007.jpg\",\"width\":900,\"height\":618},{\"@type\":\"BreadcrumbList\",\"@id\":\"https:\/\/www.rivieradeifiori.it\/fr\/art-et-culture\/la-decouverte-des-tresors-bibliothecaires-du-musee-de-amicis-d-imperia\/#breadcrumb\",\"itemListElement\":[{\"@type\":\"ListItem\",\"position\":1,\"name\":\"Home\",\"item\":\"https:\/\/www.rivieradeifiori.it\/fr\/\"},{\"@type\":\"ListItem\",\"position\":2,\"name\":\"\u00c0 la d\u00e9couverte des tr\u00e9sors biblioth\u00e9caires du mus\u00e9e De Amicis d &#8216;Imperia\"}]},{\"@type\":\"WebSite\",\"@id\":\"https:\/\/www.rivieradeifiori.it\/fr\/#website\",\"url\":\"https:\/\/www.rivieradeifiori.it\/fr\/\",\"name\":\"Riviera dei Fiori\",\"description\":\"Un mare di colori\",\"potentialAction\":[{\"@type\":\"SearchAction\",\"target\":{\"@type\":\"EntryPoint\",\"urlTemplate\":\"https:\/\/www.rivieradeifiori.it\/fr\/?s={search_term_string}\"},\"query-input\":{\"@type\":\"PropertyValueSpecification\",\"valueRequired\":true,\"valueName\":\"search_term_string\"}}],\"inLanguage\":\"fr-FR\"},{\"@type\":\"Person\",\"@id\":\"https:\/\/www.rivieradeifiori.it\/fr\/#\/schema\/person\/6cc4e4ed0d74f08798811653e64f69ed\",\"name\":\"Luca Giovannetti\",\"image\":{\"@type\":\"ImageObject\",\"inLanguage\":\"fr-FR\",\"@id\":\"https:\/\/www.rivieradeifiori.it\/fr\/#\/schema\/person\/image\/\",\"url\":\"https:\/\/secure.gravatar.com\/avatar\/092abda2284c50268e586151e014cf903142e524662c62577231430ea44340cf?s=96&r=g&d=https:\/\/www.rivieradeifiori.it\/wp-content\/plugins\/userswp\/assets\/images\/no_profile.png\",\"contentUrl\":\"https:\/\/secure.gravatar.com\/avatar\/092abda2284c50268e586151e014cf903142e524662c62577231430ea44340cf?s=96&r=g&d=https:\/\/www.rivieradeifiori.it\/wp-content\/plugins\/userswp\/assets\/images\/no_profile.png\",\"caption\":\"Luca Giovannetti\"}}]}<\/script>\n<!-- \/ Yoast SEO plugin. -->","yoast_head_json":{"title":"\u00c0 la d\u00e9couverte des tr\u00e9sors biblioth\u00e9caires du mus\u00e9e De Amicis d 'Imperia - Art &amp; Culture - Riviera dei Fiori","robots":{"index":"index","follow":"follow","max-snippet":"max-snippet:-1","max-image-preview":"max-image-preview:large","max-video-preview":"max-video-preview:-1"},"canonical":"https:\/\/www.rivieradeifiori.it\/fr\/art-et-culture\/la-decouverte-des-tresors-bibliothecaires-du-musee-de-amicis-d-imperia\/","twitter_misc":{"\u00c9crit par":"Luca Giovannetti","Dur\u00e9e de lecture estim\u00e9e":"1 minute"},"schema":{"@context":"https:\/\/schema.org","@graph":[{"@type":"WebPage","@id":"https:\/\/www.rivieradeifiori.it\/fr\/art-et-culture\/la-decouverte-des-tresors-bibliothecaires-du-musee-de-amicis-d-imperia\/","url":"https:\/\/www.rivieradeifiori.it\/fr\/art-et-culture\/la-decouverte-des-tresors-bibliothecaires-du-musee-de-amicis-d-imperia\/","name":"\u00c0 la d\u00e9couverte des tr\u00e9sors biblioth\u00e9caires du mus\u00e9e De Amicis d 'Imperia - Art &amp; Culture - Riviera dei Fiori","isPartOf":{"@id":"https:\/\/www.rivieradeifiori.it\/fr\/#website"},"primaryImageOfPage":{"@id":"https:\/\/www.rivieradeifiori.it\/fr\/art-et-culture\/la-decouverte-des-tresors-bibliothecaires-du-musee-de-amicis-d-imperia\/#primaryimage"},"image":{"@id":"https:\/\/www.rivieradeifiori.it\/fr\/art-et-culture\/la-decouverte-des-tresors-bibliothecaires-du-musee-de-amicis-d-imperia\/#primaryimage"},"thumbnailUrl":"https:\/\/www.rivieradeifiori.it\/wp-content\/uploads\/2016\/09\/WP_20160507_007.jpg","datePublished":"2016-09-17T09:38:24+00:00","dateModified":"2022-06-10T08:39:50+00:00","author":{"@id":"https:\/\/www.rivieradeifiori.it\/fr\/#\/schema\/person\/6cc4e4ed0d74f08798811653e64f69ed"},"breadcrumb":{"@id":"https:\/\/www.rivieradeifiori.it\/fr\/art-et-culture\/la-decouverte-des-tresors-bibliothecaires-du-musee-de-amicis-d-imperia\/#breadcrumb"},"inLanguage":"fr-FR","potentialAction":[{"@type":"ReadAction","target":["https:\/\/www.rivieradeifiori.it\/fr\/art-et-culture\/la-decouverte-des-tresors-bibliothecaires-du-musee-de-amicis-d-imperia\/"]}]},{"@type":"ImageObject","inLanguage":"fr-FR","@id":"https:\/\/www.rivieradeifiori.it\/fr\/art-et-culture\/la-decouverte-des-tresors-bibliothecaires-du-musee-de-amicis-d-imperia\/#primaryimage","url":"https:\/\/www.rivieradeifiori.it\/wp-content\/uploads\/2016\/09\/WP_20160507_007.jpg","contentUrl":"https:\/\/www.rivieradeifiori.it\/wp-content\/uploads\/2016\/09\/WP_20160507_007.jpg","width":900,"height":618},{"@type":"BreadcrumbList","@id":"https:\/\/www.rivieradeifiori.it\/fr\/art-et-culture\/la-decouverte-des-tresors-bibliothecaires-du-musee-de-amicis-d-imperia\/#breadcrumb","itemListElement":[{"@type":"ListItem","position":1,"name":"Home","item":"https:\/\/www.rivieradeifiori.it\/fr\/"},{"@type":"ListItem","position":2,"name":"\u00c0 la d\u00e9couverte des tr\u00e9sors biblioth\u00e9caires du mus\u00e9e De Amicis d &#8216;Imperia"}]},{"@type":"WebSite","@id":"https:\/\/www.rivieradeifiori.it\/fr\/#website","url":"https:\/\/www.rivieradeifiori.it\/fr\/","name":"Riviera dei Fiori","description":"Un mare di colori","potentialAction":[{"@type":"SearchAction","target":{"@type":"EntryPoint","urlTemplate":"https:\/\/www.rivieradeifiori.it\/fr\/?s={search_term_string}"},"query-input":{"@type":"PropertyValueSpecification","valueRequired":true,"valueName":"search_term_string"}}],"inLanguage":"fr-FR"},{"@type":"Person","@id":"https:\/\/www.rivieradeifiori.it\/fr\/#\/schema\/person\/6cc4e4ed0d74f08798811653e64f69ed","name":"Luca Giovannetti","image":{"@type":"ImageObject","inLanguage":"fr-FR","@id":"https:\/\/www.rivieradeifiori.it\/fr\/#\/schema\/person\/image\/","url":"https:\/\/secure.gravatar.com\/avatar\/092abda2284c50268e586151e014cf903142e524662c62577231430ea44340cf?s=96&r=g&d=https:\/\/www.rivieradeifiori.it\/wp-content\/plugins\/userswp\/assets\/images\/no_profile.png","contentUrl":"https:\/\/secure.gravatar.com\/avatar\/092abda2284c50268e586151e014cf903142e524662c62577231430ea44340cf?s=96&r=g&d=https:\/\/www.rivieradeifiori.it\/wp-content\/plugins\/userswp\/assets\/images\/no_profile.png","caption":"Luca Giovannetti"}}]}},"_links":{"self":[{"href":"https:\/\/www.rivieradeifiori.it\/fr\/wp-json\/wp\/v2\/posts\/3816","targetHints":{"allow":["GET"]}}],"collection":[{"href":"https:\/\/www.rivieradeifiori.it\/fr\/wp-json\/wp\/v2\/posts"}],"about":[{"href":"https:\/\/www.rivieradeifiori.it\/fr\/wp-json\/wp\/v2\/types\/post"}],"author":[{"embeddable":true,"href":"https:\/\/www.rivieradeifiori.it\/fr\/wp-json\/wp\/v2\/users\/1"}],"replies":[{"embeddable":true,"href":"https:\/\/www.rivieradeifiori.it\/fr\/wp-json\/wp\/v2\/comments?post=3816"}],"version-history":[{"count":1,"href":"https:\/\/www.rivieradeifiori.it\/fr\/wp-json\/wp\/v2\/posts\/3816\/revisions"}],"predecessor-version":[{"id":15908,"href":"https:\/\/www.rivieradeifiori.it\/fr\/wp-json\/wp\/v2\/posts\/3816\/revisions\/15908"}],"wp:featuredmedia":[{"embeddable":true,"href":"https:\/\/www.rivieradeifiori.it\/fr\/wp-json\/wp\/v2\/media\/3808"}],"wp:attachment":[{"href":"https:\/\/www.rivieradeifiori.it\/fr\/wp-json\/wp\/v2\/media?parent=3816"}],"wp:term":[{"taxonomy":"category","embeddable":true,"href":"https:\/\/www.rivieradeifiori.it\/fr\/wp-json\/wp\/v2\/categories?post=3816"},{"taxonomy":"post_tag","embeddable":true,"href":"https:\/\/www.rivieradeifiori.it\/fr\/wp-json\/wp\/v2\/tags?post=3816"}],"curies":[{"name":"wp","href":"https:\/\/api.w.org\/{rel}","templated":true}]}}