{"id":3764,"date":"2016-09-17T10:07:47","date_gmt":"2016-09-17T08:07:47","guid":{"rendered":"http:\/\/www.rivieradeifiori.info\/fr\/?p=3764"},"modified":"2022-06-10T11:09:08","modified_gmt":"2022-06-10T09:09:08","slug":"la-vallee-argentina","status":"publish","type":"post","link":"https:\/\/www.rivieradeifiori.it\/fr\/mer-et-territoire\/la-vallee-argentina\/","title":{"rendered":"La Vall\u00e9e Argentina"},"content":{"rendered":"<p>Des plage ensabl\u00e9es de Arma di Taggia, pas loin de Sanremo, une vall\u00e9e qui grimpe jusqu&#8217;\u00e0 2.200 m\u00e8tres au Mont Saccarello, que l&#8217;homme \u00e0 chang\u00e9e \u00e0 travers les si\u00e8cles, la transformant en un berceau de paysages \u00e9poustouflants avec des moulins \u00e0 eau, des ponts romans, une cuisine gourmande et des vieilles l\u00e9gendes. C&#8217;est la Vall\u00e9e Argentina (ou Vall\u00e9e Oxentina), du nom du torrent qui traverse les centaines de terrasses, soutenues par des murs \u00e0 sec et o\u00f9 des milliers d&#8217;oliviers ont \u00e9t\u00e9 plant\u00e9s jusqu&#8217;\u00e0 des altitudes improbables. Ici la &#8221;cultivar taggiasca&#8221; a son meilleure usage: l&#8217;huile de Taggia et de Badalucco, de Montalto et de Carpasio n&#8217;a pas d\u2019\u00e9gale. Un microclimat exceptionnel et un territoire dans d&#8217;autres temps hostile, produisent \u00e0 chaque virages des charmantes contradictions: du typique haricot blanc de Badalucco, prot\u00e9g\u00e9 par Slow Food, aux carri\u00e8res d&#8217;ardoise, la pr\u00e9cieuse pierre noire, des plantations de lavande d&#8217;Agaggio, dans la commune de Molini di Triora, aux pipes de bruy\u00e8re, envoy\u00e9es dans le monde entier par Domenico Giordano. Un peu plus haut, \u00e0 Triora, ils font un pain qu&#8217;on ne trouve nulle part ailleurs et le mythe des sorci\u00e8res erre \u00e0 l&#8217;abri des portails. Nous sommes \u00e0 un pas de ce territoire (la Brigue), \u00e0 cheval entre la France proven\u00e7ale et la voisine province de C\u00f4ni. Ici on trouve la c\u00e9l\u00e8bre tome de lait de mouton Brigasque, affin\u00e9e encore aujourd&#8217;hui comme on faisait dans l&#8217;antiquit\u00e9, les bergers parlent un dialecte qui se rapproche de l&#8217;ancienne langue d&#8217;Oc. Le Consortium de la Vall\u00e9e Argentina, au cours de ces derni\u00e8res ann\u00e9e, a su promouvoir toute la qualit\u00e9 et typicit\u00e9 qui se trouvent dans ce territoire relativement circonscrit, envelopp\u00e9es par le mythe et le paysage. Au d\u00e9but de juin la promotion de la Vall\u00e9e Argentina a franchi les fronti\u00e8res provinciales gr\u00e2ce \u00e0 une synergie avec Cagne sur Mer, o\u00f9 le 10 et 11 juin a \u00e9t\u00e9 organis\u00e9 la deuxi\u00e8me \u00e9dition de l\u2019\u00e9v\u00e9nement Saveurs d&#8217;Italie qui a vu les produits typiques de la Vall\u00e9e Argentina dans le r\u00f4le de protagoniste.<\/p>\n<p>Il est possible de visiter la Vall\u00e9e Argentina (en voiture ou en moto) avec quatre itin\u00e9raires diff\u00e9rents: gastronomiques, historiques, culturels ou paysagers. Trois diff\u00e9rents itin\u00e9raires sont aussi pr\u00e9vus pour les amants du trekking, pour les excursionnistes \u00e0 pieds o\u00f9 en VTT. Le programme des \u00e9venements de l&#8217;\u00e9t\u00e9 est aussi tr\u00e8s riche, inaugur\u00e9 le 12 juin \u00e0 Montalto avec le FestiValArgentina et la F\u00eate des &#8221;Lizzette de San Zane&#8221; (les vers luisants de Saint Jean, le 18 juin) le long des ruelles de Andagna, et qui propose tous les jours quelque chose de particulier, d&#8217;amusant, de curieux ou culturel, comme le Festival du Livre du 14 ao\u00fbt \u00e0 Triora ou, en fin de saison, le Festival du Stockfisch le 18 septembre, parce qu&#8217;aussi le palais r\u00e9clame sa part! Dans la Vall\u00e9e Argentina il n&#8217;y a que l&#8217;embarras du choix.<\/p>\n<p><em>[Andrea Moggio]<\/em><\/p>\n<p>&nbsp;<\/p>\n","protected":false},"excerpt":{"rendered":"<p>Des plage ensabl\u00e9es de Arma di Taggia, pas loin de Sanremo, une vall\u00e9e qui grimpe jusqu&#8217;\u00e0 2.200 m\u00e8tres au Mont Saccarello, que l&#8217;homme \u00e0 chang\u00e9e \u00e0 travers les si\u00e8cles, la transformant en un berceau de paysages \u00e9poustouflants avec des moulins \u00e0 eau, des ponts romans, une cuisine gourmande et des vieilles l\u00e9gendes. C&#8217;est la Vall\u00e9e [&hellip;]<\/p>\n","protected":false},"author":1,"featured_media":3737,"comment_status":"closed","ping_status":"open","sticky":false,"template":"","format":"standard","meta":{"_et_pb_use_builder":"","_et_pb_old_content":"","_et_gb_content_width":"","_eb_attr":"","_vp_format_video_url":"","_vp_image_focal_point":[],"_vp_custom_popup_image":0,"_vp_format_audio_url":"","_vp_custom_thumbnail":0,"_vp_custom_thumbnail_focal_point":[],"_vp_hover_thumbnail":0,"_vp_hover_thumbnail_focal_point":[],"footnotes":""},"categories":[924,57,931],"tags":[215],"class_list":["post-3764","post","type-post","status-publish","format-standard","has-post-thumbnail","hentry","category-les-vallees","category-mer-et-territoire","category-vallee-argentina","tag-vallee-argentina","et-has-post-format-content","et_post_format-et-post-format-standard"],"yoast_head":"<!-- This site is optimized with the Yoast SEO plugin v25.7 - https:\/\/yoast.com\/wordpress\/plugins\/seo\/ -->\n<title>La Vall\u00e9e Argentina - Mer &amp; Territoire - Riviera dei Fiori<\/title>\n<meta name=\"robots\" content=\"index, follow, max-snippet:-1, max-image-preview:large, max-video-preview:-1\" \/>\n<link rel=\"canonical\" href=\"https:\/\/www.rivieradeifiori.it\/fr\/mer-et-territoire\/la-vallee-argentina\/\" \/>\n<meta name=\"twitter:label1\" content=\"\u00c9crit par\" \/>\n\t<meta name=\"twitter:data1\" content=\"Luca Giovannetti\" \/>\n\t<meta name=\"twitter:label2\" content=\"Dur\u00e9e de lecture estim\u00e9e\" \/>\n\t<meta name=\"twitter:data2\" content=\"3 minutes\" \/>\n<script type=\"application\/ld+json\" class=\"yoast-schema-graph\">{\"@context\":\"https:\/\/schema.org\",\"@graph\":[{\"@type\":\"WebPage\",\"@id\":\"https:\/\/www.rivieradeifiori.it\/fr\/mer-et-territoire\/la-vallee-argentina\/\",\"url\":\"https:\/\/www.rivieradeifiori.it\/fr\/mer-et-territoire\/la-vallee-argentina\/\",\"name\":\"La Vall\u00e9e Argentina - Mer &amp; Territoire - Riviera dei Fiori\",\"isPartOf\":{\"@id\":\"https:\/\/www.rivieradeifiori.it\/fr\/#website\"},\"primaryImageOfPage\":{\"@id\":\"https:\/\/www.rivieradeifiori.it\/fr\/mer-et-territoire\/la-vallee-argentina\/#primaryimage\"},\"image\":{\"@id\":\"https:\/\/www.rivieradeifiori.it\/fr\/mer-et-territoire\/la-vallee-argentina\/#primaryimage\"},\"thumbnailUrl\":\"https:\/\/www.rivieradeifiori.it\/wp-content\/uploads\/2016\/09\/Badalucco-\u00a9FCEA.jpg\",\"datePublished\":\"2016-09-17T08:07:47+00:00\",\"dateModified\":\"2022-06-10T09:09:08+00:00\",\"author\":{\"@id\":\"https:\/\/www.rivieradeifiori.it\/fr\/#\/schema\/person\/6cc4e4ed0d74f08798811653e64f69ed\"},\"breadcrumb\":{\"@id\":\"https:\/\/www.rivieradeifiori.it\/fr\/mer-et-territoire\/la-vallee-argentina\/#breadcrumb\"},\"inLanguage\":\"fr-FR\",\"potentialAction\":[{\"@type\":\"ReadAction\",\"target\":[\"https:\/\/www.rivieradeifiori.it\/fr\/mer-et-territoire\/la-vallee-argentina\/\"]}]},{\"@type\":\"ImageObject\",\"inLanguage\":\"fr-FR\",\"@id\":\"https:\/\/www.rivieradeifiori.it\/fr\/mer-et-territoire\/la-vallee-argentina\/#primaryimage\",\"url\":\"https:\/\/www.rivieradeifiori.it\/wp-content\/uploads\/2016\/09\/Badalucco-\u00a9FCEA.jpg\",\"contentUrl\":\"https:\/\/www.rivieradeifiori.it\/wp-content\/uploads\/2016\/09\/Badalucco-\u00a9FCEA.jpg\",\"width\":1360,\"height\":1020},{\"@type\":\"BreadcrumbList\",\"@id\":\"https:\/\/www.rivieradeifiori.it\/fr\/mer-et-territoire\/la-vallee-argentina\/#breadcrumb\",\"itemListElement\":[{\"@type\":\"ListItem\",\"position\":1,\"name\":\"Home\",\"item\":\"https:\/\/www.rivieradeifiori.it\/fr\/\"},{\"@type\":\"ListItem\",\"position\":2,\"name\":\"La Vall\u00e9e Argentina\"}]},{\"@type\":\"WebSite\",\"@id\":\"https:\/\/www.rivieradeifiori.it\/fr\/#website\",\"url\":\"https:\/\/www.rivieradeifiori.it\/fr\/\",\"name\":\"Riviera dei Fiori\",\"description\":\"Un mare di colori\",\"potentialAction\":[{\"@type\":\"SearchAction\",\"target\":{\"@type\":\"EntryPoint\",\"urlTemplate\":\"https:\/\/www.rivieradeifiori.it\/fr\/?s={search_term_string}\"},\"query-input\":{\"@type\":\"PropertyValueSpecification\",\"valueRequired\":true,\"valueName\":\"search_term_string\"}}],\"inLanguage\":\"fr-FR\"},{\"@type\":\"Person\",\"@id\":\"https:\/\/www.rivieradeifiori.it\/fr\/#\/schema\/person\/6cc4e4ed0d74f08798811653e64f69ed\",\"name\":\"Luca Giovannetti\",\"image\":{\"@type\":\"ImageObject\",\"inLanguage\":\"fr-FR\",\"@id\":\"https:\/\/www.rivieradeifiori.it\/fr\/#\/schema\/person\/image\/\",\"url\":\"https:\/\/secure.gravatar.com\/avatar\/092abda2284c50268e586151e014cf903142e524662c62577231430ea44340cf?s=96&r=g&d=https:\/\/www.rivieradeifiori.it\/wp-content\/plugins\/userswp\/assets\/images\/no_profile.png\",\"contentUrl\":\"https:\/\/secure.gravatar.com\/avatar\/092abda2284c50268e586151e014cf903142e524662c62577231430ea44340cf?s=96&r=g&d=https:\/\/www.rivieradeifiori.it\/wp-content\/plugins\/userswp\/assets\/images\/no_profile.png\",\"caption\":\"Luca Giovannetti\"}}]}<\/script>\n<!-- \/ Yoast SEO plugin. -->","yoast_head_json":{"title":"La Vall\u00e9e Argentina - Mer &amp; Territoire - Riviera dei Fiori","robots":{"index":"index","follow":"follow","max-snippet":"max-snippet:-1","max-image-preview":"max-image-preview:large","max-video-preview":"max-video-preview:-1"},"canonical":"https:\/\/www.rivieradeifiori.it\/fr\/mer-et-territoire\/la-vallee-argentina\/","twitter_misc":{"\u00c9crit par":"Luca Giovannetti","Dur\u00e9e de lecture estim\u00e9e":"3 minutes"},"schema":{"@context":"https:\/\/schema.org","@graph":[{"@type":"WebPage","@id":"https:\/\/www.rivieradeifiori.it\/fr\/mer-et-territoire\/la-vallee-argentina\/","url":"https:\/\/www.rivieradeifiori.it\/fr\/mer-et-territoire\/la-vallee-argentina\/","name":"La Vall\u00e9e Argentina - Mer &amp; Territoire - Riviera dei Fiori","isPartOf":{"@id":"https:\/\/www.rivieradeifiori.it\/fr\/#website"},"primaryImageOfPage":{"@id":"https:\/\/www.rivieradeifiori.it\/fr\/mer-et-territoire\/la-vallee-argentina\/#primaryimage"},"image":{"@id":"https:\/\/www.rivieradeifiori.it\/fr\/mer-et-territoire\/la-vallee-argentina\/#primaryimage"},"thumbnailUrl":"https:\/\/www.rivieradeifiori.it\/wp-content\/uploads\/2016\/09\/Badalucco-\u00a9FCEA.jpg","datePublished":"2016-09-17T08:07:47+00:00","dateModified":"2022-06-10T09:09:08+00:00","author":{"@id":"https:\/\/www.rivieradeifiori.it\/fr\/#\/schema\/person\/6cc4e4ed0d74f08798811653e64f69ed"},"breadcrumb":{"@id":"https:\/\/www.rivieradeifiori.it\/fr\/mer-et-territoire\/la-vallee-argentina\/#breadcrumb"},"inLanguage":"fr-FR","potentialAction":[{"@type":"ReadAction","target":["https:\/\/www.rivieradeifiori.it\/fr\/mer-et-territoire\/la-vallee-argentina\/"]}]},{"@type":"ImageObject","inLanguage":"fr-FR","@id":"https:\/\/www.rivieradeifiori.it\/fr\/mer-et-territoire\/la-vallee-argentina\/#primaryimage","url":"https:\/\/www.rivieradeifiori.it\/wp-content\/uploads\/2016\/09\/Badalucco-\u00a9FCEA.jpg","contentUrl":"https:\/\/www.rivieradeifiori.it\/wp-content\/uploads\/2016\/09\/Badalucco-\u00a9FCEA.jpg","width":1360,"height":1020},{"@type":"BreadcrumbList","@id":"https:\/\/www.rivieradeifiori.it\/fr\/mer-et-territoire\/la-vallee-argentina\/#breadcrumb","itemListElement":[{"@type":"ListItem","position":1,"name":"Home","item":"https:\/\/www.rivieradeifiori.it\/fr\/"},{"@type":"ListItem","position":2,"name":"La Vall\u00e9e Argentina"}]},{"@type":"WebSite","@id":"https:\/\/www.rivieradeifiori.it\/fr\/#website","url":"https:\/\/www.rivieradeifiori.it\/fr\/","name":"Riviera dei Fiori","description":"Un mare di colori","potentialAction":[{"@type":"SearchAction","target":{"@type":"EntryPoint","urlTemplate":"https:\/\/www.rivieradeifiori.it\/fr\/?s={search_term_string}"},"query-input":{"@type":"PropertyValueSpecification","valueRequired":true,"valueName":"search_term_string"}}],"inLanguage":"fr-FR"},{"@type":"Person","@id":"https:\/\/www.rivieradeifiori.it\/fr\/#\/schema\/person\/6cc4e4ed0d74f08798811653e64f69ed","name":"Luca Giovannetti","image":{"@type":"ImageObject","inLanguage":"fr-FR","@id":"https:\/\/www.rivieradeifiori.it\/fr\/#\/schema\/person\/image\/","url":"https:\/\/secure.gravatar.com\/avatar\/092abda2284c50268e586151e014cf903142e524662c62577231430ea44340cf?s=96&r=g&d=https:\/\/www.rivieradeifiori.it\/wp-content\/plugins\/userswp\/assets\/images\/no_profile.png","contentUrl":"https:\/\/secure.gravatar.com\/avatar\/092abda2284c50268e586151e014cf903142e524662c62577231430ea44340cf?s=96&r=g&d=https:\/\/www.rivieradeifiori.it\/wp-content\/plugins\/userswp\/assets\/images\/no_profile.png","caption":"Luca Giovannetti"}}]}},"_links":{"self":[{"href":"https:\/\/www.rivieradeifiori.it\/fr\/wp-json\/wp\/v2\/posts\/3764","targetHints":{"allow":["GET"]}}],"collection":[{"href":"https:\/\/www.rivieradeifiori.it\/fr\/wp-json\/wp\/v2\/posts"}],"about":[{"href":"https:\/\/www.rivieradeifiori.it\/fr\/wp-json\/wp\/v2\/types\/post"}],"author":[{"embeddable":true,"href":"https:\/\/www.rivieradeifiori.it\/fr\/wp-json\/wp\/v2\/users\/1"}],"replies":[{"embeddable":true,"href":"https:\/\/www.rivieradeifiori.it\/fr\/wp-json\/wp\/v2\/comments?post=3764"}],"version-history":[{"count":1,"href":"https:\/\/www.rivieradeifiori.it\/fr\/wp-json\/wp\/v2\/posts\/3764\/revisions"}],"predecessor-version":[{"id":15969,"href":"https:\/\/www.rivieradeifiori.it\/fr\/wp-json\/wp\/v2\/posts\/3764\/revisions\/15969"}],"wp:featuredmedia":[{"embeddable":true,"href":"https:\/\/www.rivieradeifiori.it\/fr\/wp-json\/wp\/v2\/media\/3737"}],"wp:attachment":[{"href":"https:\/\/www.rivieradeifiori.it\/fr\/wp-json\/wp\/v2\/media?parent=3764"}],"wp:term":[{"taxonomy":"category","embeddable":true,"href":"https:\/\/www.rivieradeifiori.it\/fr\/wp-json\/wp\/v2\/categories?post=3764"},{"taxonomy":"post_tag","embeddable":true,"href":"https:\/\/www.rivieradeifiori.it\/fr\/wp-json\/wp\/v2\/tags?post=3764"}],"curies":[{"name":"wp","href":"https:\/\/api.w.org\/{rel}","templated":true}]}}