{"id":3696,"date":"2016-09-17T09:18:06","date_gmt":"2016-09-17T07:18:06","guid":{"rendered":"http:\/\/www.rivieradeifiori.info\/fr\/?p=3696"},"modified":"2022-06-10T11:08:52","modified_gmt":"2022-06-10T09:08:52","slug":"le-cloitre-de-saint-augustin-vintimille","status":"publish","type":"post","link":"https:\/\/www.rivieradeifiori.it\/fr\/mer-et-territoire\/le-cloitre-de-saint-augustin-vintimille\/","title":{"rendered":"Le Clo\u00eetre de Saint Augustin, Vintimille"},"content":{"rendered":"<p>Le clo\u00eetre fait partie du couvent homonyme, \u00e9rig\u00e9 au c\u0153ur de la ville de fronti\u00e8re: un bijou qu\u2019en 1600 le moine Beato Angelico Aprosio a converti en point de rep\u00e8re pour la culture et les \u00e9tudes religieuses.<\/p>\n<p>La Municipalit\u00e9 et la Paroisse ont r\u00e9cemment uni les forces et les fonds pour donner l\u2019\u00e9lan d\u00e9cisif \u00e0 une restructuration qui avait\u00a0 commenc\u00e9 le si\u00e8cle dernier.\u00a0 Le but des derni\u00e8res interventions, r\u00e9alis\u00e9es aussi gr\u00e2ce aux financements europ\u00e9ens, \u00e9tait de r\u00e9organiser la structure enti\u00e8re et de rendre au clo\u00eetre l\u2019ancienne physionomie: o\u00f9 \u00e9taient les prisons est revenue la Biblioth\u00e8que Aprosiana, avec son Fond Moderne, tandis-que le Fond Antique est rest\u00e9 dans le si\u00e8ge de Ventimiglia Alta.\u00a0 Ils sont plus de 1.500 les m\u00e8tres cubes de volume qui ont \u00e9t\u00e9 d\u00e9truits dont seulement 900 ont \u00e9t\u00e9 reconstruits, all\u00e9geant ainsi la charge architecturale de l\u2019espace central, pour faire place \u00e0 une pelouse, une zone verte tr\u00e8s utile \u00e0 la collectivit\u00e9. Les activit\u00e9s paroissiales qui se d\u00e9roulaient \u00e0 l\u2019int\u00e9rieur des espaces d\u00e9mantel\u00e9s ont \u00e9t\u00e9 transf\u00e9r\u00e9es dans une nouvelle-n\u00e8e aile nord du complexe.\u00a0 Un mur de planches en bois, la nouvelle fa\u00e7ade donnant sur la rue Cavour et l\u2019\u00e9clairage du portique sont d\u2019autres nouveaut\u00e9s qui, au-del\u00e0 de redonner une harmonie architecturale et g\u00e9om\u00e9trique commune, donnent \u00e0 l\u2019ensemble une connotation contemporaine.<\/p>\n<p><em>[Ilaria Grigoletto]<\/em><\/p>\n\n\t\t<style type=\"text\/css\">\n\t\t\t#gallery-1 {\n\t\t\t\tmargin: auto;\n\t\t\t}\n\t\t\t#gallery-1 .gallery-item {\n\t\t\t\tfloat: left;\n\t\t\t\tmargin-top: 10px;\n\t\t\t\ttext-align: center;\n\t\t\t\twidth: 33%;\n\t\t\t}\n\t\t\t#gallery-1 img {\n\t\t\t\tborder: 2px solid #cfcfcf;\n\t\t\t}\n\t\t\t#gallery-1 .gallery-caption {\n\t\t\t\tmargin-left: 0;\n\t\t\t}\n\t\t\t\/* see gallery_shortcode() in wp-includes\/media.php *\/\n\t\t<\/style>\n\t\t<div id='gallery-1' class='gallery galleryid-3696 gallery-columns-3 gallery-size-thumbnail'><dl class='gallery-item'>\n\t\t\t<dt class='gallery-icon landscape'>\n\t\t\t\t<a href='https:\/\/www.rivieradeifiori.it\/fr\/mer-et-territoire\/le-cloitre-de-saint-augustin-vintimille\/attachment\/chiostro-5-giu16-2\/'><img decoding=\"async\" width=\"160\" height=\"160\" src=\"https:\/\/www.rivieradeifiori.it\/wp-content\/uploads\/2016\/09\/Chiostro-5-giu16-160x160.jpg\" class=\"attachment-thumbnail size-thumbnail\" alt=\"\" srcset=\"https:\/\/www.rivieradeifiori.it\/wp-content\/uploads\/2016\/09\/Chiostro-5-giu16-160x160.jpg 160w, https:\/\/www.rivieradeifiori.it\/wp-content\/uploads\/2016\/09\/Chiostro-5-giu16-440x440.jpg 440w, https:\/\/www.rivieradeifiori.it\/wp-content\/uploads\/2016\/09\/Chiostro-5-giu16-150x150.jpg 150w, https:\/\/www.rivieradeifiori.it\/wp-content\/uploads\/2016\/09\/Chiostro-5-giu16-65x65.jpg 65w, https:\/\/www.rivieradeifiori.it\/wp-content\/uploads\/2016\/09\/Chiostro-5-giu16-180x180.jpg 180w, https:\/\/www.rivieradeifiori.it\/wp-content\/uploads\/2016\/09\/Chiostro-5-giu16-300x300.jpg 300w, https:\/\/www.rivieradeifiori.it\/wp-content\/uploads\/2016\/09\/Chiostro-5-giu16-600x600.jpg 600w\" sizes=\"(max-width: 160px) 100vw, 160px\" \/><\/a>\n\t\t\t<\/dt><\/dl><dl class='gallery-item'>\n\t\t\t<dt class='gallery-icon landscape'>\n\t\t\t\t<a href='https:\/\/www.rivieradeifiori.it\/fr\/mer-et-territoire\/le-cloitre-de-saint-augustin-vintimille\/attachment\/chiostro-3-giu16-2\/'><img decoding=\"async\" width=\"160\" height=\"160\" src=\"https:\/\/www.rivieradeifiori.it\/wp-content\/uploads\/2016\/09\/Chiostro-3-giu16-160x160.jpg\" class=\"attachment-thumbnail size-thumbnail\" alt=\"\" srcset=\"https:\/\/www.rivieradeifiori.it\/wp-content\/uploads\/2016\/09\/Chiostro-3-giu16-160x160.jpg 160w, https:\/\/www.rivieradeifiori.it\/wp-content\/uploads\/2016\/09\/Chiostro-3-giu16-440x440.jpg 440w, https:\/\/www.rivieradeifiori.it\/wp-content\/uploads\/2016\/09\/Chiostro-3-giu16-150x150.jpg 150w, https:\/\/www.rivieradeifiori.it\/wp-content\/uploads\/2016\/09\/Chiostro-3-giu16-65x65.jpg 65w, https:\/\/www.rivieradeifiori.it\/wp-content\/uploads\/2016\/09\/Chiostro-3-giu16-180x180.jpg 180w, https:\/\/www.rivieradeifiori.it\/wp-content\/uploads\/2016\/09\/Chiostro-3-giu16-300x300.jpg 300w, https:\/\/www.rivieradeifiori.it\/wp-content\/uploads\/2016\/09\/Chiostro-3-giu16-600x600.jpg 600w\" sizes=\"(max-width: 160px) 100vw, 160px\" \/><\/a>\n\t\t\t<\/dt><\/dl><dl class='gallery-item'>\n\t\t\t<dt class='gallery-icon landscape'>\n\t\t\t\t<a href='https:\/\/www.rivieradeifiori.it\/fr\/mer-et-territoire\/le-cloitre-de-saint-augustin-vintimille\/attachment\/chiostro-2-giu16-2\/'><img decoding=\"async\" width=\"160\" height=\"160\" src=\"https:\/\/www.rivieradeifiori.it\/wp-content\/uploads\/2016\/09\/Chiostro-2-giu16-160x160.jpg\" class=\"attachment-thumbnail size-thumbnail\" alt=\"\" srcset=\"https:\/\/www.rivieradeifiori.it\/wp-content\/uploads\/2016\/09\/Chiostro-2-giu16-160x160.jpg 160w, https:\/\/www.rivieradeifiori.it\/wp-content\/uploads\/2016\/09\/Chiostro-2-giu16-440x440.jpg 440w, https:\/\/www.rivieradeifiori.it\/wp-content\/uploads\/2016\/09\/Chiostro-2-giu16-150x150.jpg 150w, https:\/\/www.rivieradeifiori.it\/wp-content\/uploads\/2016\/09\/Chiostro-2-giu16-65x65.jpg 65w, https:\/\/www.rivieradeifiori.it\/wp-content\/uploads\/2016\/09\/Chiostro-2-giu16-180x180.jpg 180w, https:\/\/www.rivieradeifiori.it\/wp-content\/uploads\/2016\/09\/Chiostro-2-giu16-300x300.jpg 300w, https:\/\/www.rivieradeifiori.it\/wp-content\/uploads\/2016\/09\/Chiostro-2-giu16-600x600.jpg 600w\" sizes=\"(max-width: 160px) 100vw, 160px\" \/><\/a>\n\t\t\t<\/dt><\/dl><br style=\"clear: both\" \/><dl class='gallery-item'>\n\t\t\t<dt class='gallery-icon portrait'>\n\t\t\t\t<a href='https:\/\/www.rivieradeifiori.it\/fr\/mer-et-territoire\/le-cloitre-de-saint-augustin-vintimille\/attachment\/chiostro-1-giu16-2\/'><img decoding=\"async\" width=\"160\" height=\"160\" src=\"https:\/\/www.rivieradeifiori.it\/wp-content\/uploads\/2016\/09\/Chiostro-1-giu16-160x160.jpg\" class=\"attachment-thumbnail size-thumbnail\" alt=\"\" srcset=\"https:\/\/www.rivieradeifiori.it\/wp-content\/uploads\/2016\/09\/Chiostro-1-giu16-160x160.jpg 160w, https:\/\/www.rivieradeifiori.it\/wp-content\/uploads\/2016\/09\/Chiostro-1-giu16-440x440.jpg 440w, https:\/\/www.rivieradeifiori.it\/wp-content\/uploads\/2016\/09\/Chiostro-1-giu16-150x150.jpg 150w, https:\/\/www.rivieradeifiori.it\/wp-content\/uploads\/2016\/09\/Chiostro-1-giu16-65x65.jpg 65w, https:\/\/www.rivieradeifiori.it\/wp-content\/uploads\/2016\/09\/Chiostro-1-giu16-180x180.jpg 180w, https:\/\/www.rivieradeifiori.it\/wp-content\/uploads\/2016\/09\/Chiostro-1-giu16-300x300.jpg 300w, https:\/\/www.rivieradeifiori.it\/wp-content\/uploads\/2016\/09\/Chiostro-1-giu16-600x600.jpg 600w\" sizes=\"(max-width: 160px) 100vw, 160px\" \/><\/a>\n\t\t\t<\/dt><\/dl><dl class='gallery-item'>\n\t\t\t<dt class='gallery-icon landscape'>\n\t\t\t\t<a href='https:\/\/www.rivieradeifiori.it\/fr\/mer-et-territoire\/le-cloitre-de-saint-augustin-vintimille\/attachment\/chiostro-6-giu16-2\/'><img decoding=\"async\" width=\"160\" height=\"160\" src=\"https:\/\/www.rivieradeifiori.it\/wp-content\/uploads\/2016\/09\/Chiostro-6-giu16-160x160.jpg\" class=\"attachment-thumbnail size-thumbnail\" alt=\"\" srcset=\"https:\/\/www.rivieradeifiori.it\/wp-content\/uploads\/2016\/09\/Chiostro-6-giu16-160x160.jpg 160w, https:\/\/www.rivieradeifiori.it\/wp-content\/uploads\/2016\/09\/Chiostro-6-giu16-440x440.jpg 440w, https:\/\/www.rivieradeifiori.it\/wp-content\/uploads\/2016\/09\/Chiostro-6-giu16-150x150.jpg 150w, https:\/\/www.rivieradeifiori.it\/wp-content\/uploads\/2016\/09\/Chiostro-6-giu16-65x65.jpg 65w, https:\/\/www.rivieradeifiori.it\/wp-content\/uploads\/2016\/09\/Chiostro-6-giu16-180x180.jpg 180w, https:\/\/www.rivieradeifiori.it\/wp-content\/uploads\/2016\/09\/Chiostro-6-giu16-300x300.jpg 300w, https:\/\/www.rivieradeifiori.it\/wp-content\/uploads\/2016\/09\/Chiostro-6-giu16-600x600.jpg 600w\" sizes=\"(max-width: 160px) 100vw, 160px\" \/><\/a>\n\t\t\t<\/dt><\/dl>\n\t\t\t<br style='clear: both' \/>\n\t\t<\/div>\n\n","protected":false},"excerpt":{"rendered":"<p>Le clo\u00eetre fait partie du couvent homonyme, \u00e9rig\u00e9 au c\u0153ur de la ville de fronti\u00e8re: un bijou qu\u2019en 1600 le moine Beato Angelico Aprosio a converti en point de rep\u00e8re pour la culture et les \u00e9tudes religieuses. La Municipalit\u00e9 et la Paroisse ont r\u00e9cemment uni les forces et les fonds pour donner l\u2019\u00e9lan d\u00e9cisif \u00e0 [&hellip;]<\/p>\n","protected":false},"author":1,"featured_media":3685,"comment_status":"closed","ping_status":"open","sticky":false,"template":"","format":"standard","meta":{"_et_pb_use_builder":"","_et_pb_old_content":"","_et_gb_content_width":"","_eb_attr":"","_vp_format_video_url":"","_vp_image_focal_point":[],"_vp_custom_popup_image":0,"_vp_format_audio_url":"","_vp_custom_thumbnail":0,"_vp_custom_thumbnail_focal_point":[],"_vp_hover_thumbnail":0,"_vp_hover_thumbnail_focal_point":[],"footnotes":""},"categories":[57],"tags":[289],"class_list":["post-3696","post","type-post","status-publish","format-standard","has-post-thumbnail","hentry","category-mer-et-territoire","tag-ventimiglia-fr","et-has-post-format-content","et_post_format-et-post-format-standard"],"yoast_head":"<!-- This site is optimized with the Yoast SEO plugin v25.7 - https:\/\/yoast.com\/wordpress\/plugins\/seo\/ -->\n<title>Le Clo\u00eetre de Saint Augustin, Vintimille - Mer &amp; Territoire - Riviera dei Fiori<\/title>\n<meta name=\"robots\" content=\"index, follow, max-snippet:-1, max-image-preview:large, max-video-preview:-1\" \/>\n<link rel=\"canonical\" href=\"https:\/\/www.rivieradeifiori.it\/fr\/mer-et-territoire\/le-cloitre-de-saint-augustin-vintimille\/\" \/>\n<meta name=\"twitter:label1\" content=\"\u00c9crit par\" \/>\n\t<meta name=\"twitter:data1\" content=\"Luca Giovannetti\" \/>\n\t<meta name=\"twitter:label2\" content=\"Dur\u00e9e de lecture estim\u00e9e\" \/>\n\t<meta name=\"twitter:data2\" content=\"1 minute\" \/>\n<script type=\"application\/ld+json\" class=\"yoast-schema-graph\">{\"@context\":\"https:\/\/schema.org\",\"@graph\":[{\"@type\":\"WebPage\",\"@id\":\"https:\/\/www.rivieradeifiori.it\/fr\/mer-et-territoire\/le-cloitre-de-saint-augustin-vintimille\/\",\"url\":\"https:\/\/www.rivieradeifiori.it\/fr\/mer-et-territoire\/le-cloitre-de-saint-augustin-vintimille\/\",\"name\":\"Le Clo\u00eetre de Saint Augustin, Vintimille - Mer &amp; Territoire - Riviera dei Fiori\",\"isPartOf\":{\"@id\":\"https:\/\/www.rivieradeifiori.it\/fr\/#website\"},\"primaryImageOfPage\":{\"@id\":\"https:\/\/www.rivieradeifiori.it\/fr\/mer-et-territoire\/le-cloitre-de-saint-augustin-vintimille\/#primaryimage\"},\"image\":{\"@id\":\"https:\/\/www.rivieradeifiori.it\/fr\/mer-et-territoire\/le-cloitre-de-saint-augustin-vintimille\/#primaryimage\"},\"thumbnailUrl\":\"https:\/\/www.rivieradeifiori.it\/wp-content\/uploads\/2016\/09\/Chiostro-5-giu16.jpg\",\"datePublished\":\"2016-09-17T07:18:06+00:00\",\"dateModified\":\"2022-06-10T09:08:52+00:00\",\"author\":{\"@id\":\"https:\/\/www.rivieradeifiori.it\/fr\/#\/schema\/person\/6cc4e4ed0d74f08798811653e64f69ed\"},\"breadcrumb\":{\"@id\":\"https:\/\/www.rivieradeifiori.it\/fr\/mer-et-territoire\/le-cloitre-de-saint-augustin-vintimille\/#breadcrumb\"},\"inLanguage\":\"fr-FR\",\"potentialAction\":[{\"@type\":\"ReadAction\",\"target\":[\"https:\/\/www.rivieradeifiori.it\/fr\/mer-et-territoire\/le-cloitre-de-saint-augustin-vintimille\/\"]}]},{\"@type\":\"ImageObject\",\"inLanguage\":\"fr-FR\",\"@id\":\"https:\/\/www.rivieradeifiori.it\/fr\/mer-et-territoire\/le-cloitre-de-saint-augustin-vintimille\/#primaryimage\",\"url\":\"https:\/\/www.rivieradeifiori.it\/wp-content\/uploads\/2016\/09\/Chiostro-5-giu16.jpg\",\"contentUrl\":\"https:\/\/www.rivieradeifiori.it\/wp-content\/uploads\/2016\/09\/Chiostro-5-giu16.jpg\",\"width\":1360,\"height\":908},{\"@type\":\"BreadcrumbList\",\"@id\":\"https:\/\/www.rivieradeifiori.it\/fr\/mer-et-territoire\/le-cloitre-de-saint-augustin-vintimille\/#breadcrumb\",\"itemListElement\":[{\"@type\":\"ListItem\",\"position\":1,\"name\":\"Home\",\"item\":\"https:\/\/www.rivieradeifiori.it\/fr\/\"},{\"@type\":\"ListItem\",\"position\":2,\"name\":\"Le Clo\u00eetre de Saint Augustin, Vintimille\"}]},{\"@type\":\"WebSite\",\"@id\":\"https:\/\/www.rivieradeifiori.it\/fr\/#website\",\"url\":\"https:\/\/www.rivieradeifiori.it\/fr\/\",\"name\":\"Riviera dei Fiori\",\"description\":\"Un mare di colori\",\"potentialAction\":[{\"@type\":\"SearchAction\",\"target\":{\"@type\":\"EntryPoint\",\"urlTemplate\":\"https:\/\/www.rivieradeifiori.it\/fr\/?s={search_term_string}\"},\"query-input\":{\"@type\":\"PropertyValueSpecification\",\"valueRequired\":true,\"valueName\":\"search_term_string\"}}],\"inLanguage\":\"fr-FR\"},{\"@type\":\"Person\",\"@id\":\"https:\/\/www.rivieradeifiori.it\/fr\/#\/schema\/person\/6cc4e4ed0d74f08798811653e64f69ed\",\"name\":\"Luca Giovannetti\",\"image\":{\"@type\":\"ImageObject\",\"inLanguage\":\"fr-FR\",\"@id\":\"https:\/\/www.rivieradeifiori.it\/fr\/#\/schema\/person\/image\/\",\"url\":\"https:\/\/secure.gravatar.com\/avatar\/092abda2284c50268e586151e014cf903142e524662c62577231430ea44340cf?s=96&r=g&d=https:\/\/www.rivieradeifiori.it\/wp-content\/plugins\/userswp\/assets\/images\/no_profile.png\",\"contentUrl\":\"https:\/\/secure.gravatar.com\/avatar\/092abda2284c50268e586151e014cf903142e524662c62577231430ea44340cf?s=96&r=g&d=https:\/\/www.rivieradeifiori.it\/wp-content\/plugins\/userswp\/assets\/images\/no_profile.png\",\"caption\":\"Luca Giovannetti\"}}]}<\/script>\n<!-- \/ Yoast SEO plugin. -->","yoast_head_json":{"title":"Le Clo\u00eetre de Saint Augustin, Vintimille - Mer &amp; Territoire - Riviera dei Fiori","robots":{"index":"index","follow":"follow","max-snippet":"max-snippet:-1","max-image-preview":"max-image-preview:large","max-video-preview":"max-video-preview:-1"},"canonical":"https:\/\/www.rivieradeifiori.it\/fr\/mer-et-territoire\/le-cloitre-de-saint-augustin-vintimille\/","twitter_misc":{"\u00c9crit par":"Luca Giovannetti","Dur\u00e9e de lecture estim\u00e9e":"1 minute"},"schema":{"@context":"https:\/\/schema.org","@graph":[{"@type":"WebPage","@id":"https:\/\/www.rivieradeifiori.it\/fr\/mer-et-territoire\/le-cloitre-de-saint-augustin-vintimille\/","url":"https:\/\/www.rivieradeifiori.it\/fr\/mer-et-territoire\/le-cloitre-de-saint-augustin-vintimille\/","name":"Le Clo\u00eetre de Saint Augustin, Vintimille - Mer &amp; Territoire - Riviera dei Fiori","isPartOf":{"@id":"https:\/\/www.rivieradeifiori.it\/fr\/#website"},"primaryImageOfPage":{"@id":"https:\/\/www.rivieradeifiori.it\/fr\/mer-et-territoire\/le-cloitre-de-saint-augustin-vintimille\/#primaryimage"},"image":{"@id":"https:\/\/www.rivieradeifiori.it\/fr\/mer-et-territoire\/le-cloitre-de-saint-augustin-vintimille\/#primaryimage"},"thumbnailUrl":"https:\/\/www.rivieradeifiori.it\/wp-content\/uploads\/2016\/09\/Chiostro-5-giu16.jpg","datePublished":"2016-09-17T07:18:06+00:00","dateModified":"2022-06-10T09:08:52+00:00","author":{"@id":"https:\/\/www.rivieradeifiori.it\/fr\/#\/schema\/person\/6cc4e4ed0d74f08798811653e64f69ed"},"breadcrumb":{"@id":"https:\/\/www.rivieradeifiori.it\/fr\/mer-et-territoire\/le-cloitre-de-saint-augustin-vintimille\/#breadcrumb"},"inLanguage":"fr-FR","potentialAction":[{"@type":"ReadAction","target":["https:\/\/www.rivieradeifiori.it\/fr\/mer-et-territoire\/le-cloitre-de-saint-augustin-vintimille\/"]}]},{"@type":"ImageObject","inLanguage":"fr-FR","@id":"https:\/\/www.rivieradeifiori.it\/fr\/mer-et-territoire\/le-cloitre-de-saint-augustin-vintimille\/#primaryimage","url":"https:\/\/www.rivieradeifiori.it\/wp-content\/uploads\/2016\/09\/Chiostro-5-giu16.jpg","contentUrl":"https:\/\/www.rivieradeifiori.it\/wp-content\/uploads\/2016\/09\/Chiostro-5-giu16.jpg","width":1360,"height":908},{"@type":"BreadcrumbList","@id":"https:\/\/www.rivieradeifiori.it\/fr\/mer-et-territoire\/le-cloitre-de-saint-augustin-vintimille\/#breadcrumb","itemListElement":[{"@type":"ListItem","position":1,"name":"Home","item":"https:\/\/www.rivieradeifiori.it\/fr\/"},{"@type":"ListItem","position":2,"name":"Le Clo\u00eetre de Saint Augustin, Vintimille"}]},{"@type":"WebSite","@id":"https:\/\/www.rivieradeifiori.it\/fr\/#website","url":"https:\/\/www.rivieradeifiori.it\/fr\/","name":"Riviera dei Fiori","description":"Un mare di colori","potentialAction":[{"@type":"SearchAction","target":{"@type":"EntryPoint","urlTemplate":"https:\/\/www.rivieradeifiori.it\/fr\/?s={search_term_string}"},"query-input":{"@type":"PropertyValueSpecification","valueRequired":true,"valueName":"search_term_string"}}],"inLanguage":"fr-FR"},{"@type":"Person","@id":"https:\/\/www.rivieradeifiori.it\/fr\/#\/schema\/person\/6cc4e4ed0d74f08798811653e64f69ed","name":"Luca Giovannetti","image":{"@type":"ImageObject","inLanguage":"fr-FR","@id":"https:\/\/www.rivieradeifiori.it\/fr\/#\/schema\/person\/image\/","url":"https:\/\/secure.gravatar.com\/avatar\/092abda2284c50268e586151e014cf903142e524662c62577231430ea44340cf?s=96&r=g&d=https:\/\/www.rivieradeifiori.it\/wp-content\/plugins\/userswp\/assets\/images\/no_profile.png","contentUrl":"https:\/\/secure.gravatar.com\/avatar\/092abda2284c50268e586151e014cf903142e524662c62577231430ea44340cf?s=96&r=g&d=https:\/\/www.rivieradeifiori.it\/wp-content\/plugins\/userswp\/assets\/images\/no_profile.png","caption":"Luca Giovannetti"}}]}},"_links":{"self":[{"href":"https:\/\/www.rivieradeifiori.it\/fr\/wp-json\/wp\/v2\/posts\/3696","targetHints":{"allow":["GET"]}}],"collection":[{"href":"https:\/\/www.rivieradeifiori.it\/fr\/wp-json\/wp\/v2\/posts"}],"about":[{"href":"https:\/\/www.rivieradeifiori.it\/fr\/wp-json\/wp\/v2\/types\/post"}],"author":[{"embeddable":true,"href":"https:\/\/www.rivieradeifiori.it\/fr\/wp-json\/wp\/v2\/users\/1"}],"replies":[{"embeddable":true,"href":"https:\/\/www.rivieradeifiori.it\/fr\/wp-json\/wp\/v2\/comments?post=3696"}],"version-history":[{"count":1,"href":"https:\/\/www.rivieradeifiori.it\/fr\/wp-json\/wp\/v2\/posts\/3696\/revisions"}],"predecessor-version":[{"id":15968,"href":"https:\/\/www.rivieradeifiori.it\/fr\/wp-json\/wp\/v2\/posts\/3696\/revisions\/15968"}],"wp:featuredmedia":[{"embeddable":true,"href":"https:\/\/www.rivieradeifiori.it\/fr\/wp-json\/wp\/v2\/media\/3685"}],"wp:attachment":[{"href":"https:\/\/www.rivieradeifiori.it\/fr\/wp-json\/wp\/v2\/media?parent=3696"}],"wp:term":[{"taxonomy":"category","embeddable":true,"href":"https:\/\/www.rivieradeifiori.it\/fr\/wp-json\/wp\/v2\/categories?post=3696"},{"taxonomy":"post_tag","embeddable":true,"href":"https:\/\/www.rivieradeifiori.it\/fr\/wp-json\/wp\/v2\/tags?post=3696"}],"curies":[{"name":"wp","href":"https:\/\/api.w.org\/{rel}","templated":true}]}}