{"id":3282,"date":"2016-08-03T13:42:37","date_gmt":"2016-08-03T11:42:37","guid":{"rendered":"http:\/\/rivieradeifiori.wordpress.innovationconsulting.it\/fr\/?p=3282"},"modified":"2022-06-10T11:07:53","modified_gmt":"2022-06-10T09:07:53","slug":"alfred-nobel-trouva-sanremo-son-nid-de-paix-et-de-tranquillite-beaucoup-sont-les-hypotheses-nees-propos-du-choix-de-la-part-de-albert-bernhard-nobel-de-transferer-sanremo-ou-achete-la","status":"publish","type":"post","link":"https:\/\/www.rivieradeifiori.it\/fr\/art-et-culture\/alfred-nobel-trouva-sanremo-son-nid-de-paix-et-de-tranquillite-beaucoup-sont-les-hypotheses-nees-propos-du-choix-de-la-part-de-albert-bernhard-nobel-de-transferer-sanremo-ou-achete-la\/","title":{"rendered":"Alfred Nobel trouva \u00e0 Sanremo son nid de paix et de tranquillit\u00e9"},"content":{"rendered":"<p>Beaucoup sont les hypoth\u00e8ses n\u00e9es \u00e0 propos du choix de la part de Albert Bernhard Nobel de se transf\u00e9rer \u00e0 Sanremo, o\u00f9 il a achet\u00e9 la villa en 1892. Probablement ce sont somm\u00e9e plusieurs\u00a0 raisons, pas en dernier plan la sant\u00e9 qui avait besoin d\u2019un climat plus sec e doux de celui de Stockholm, o\u00f9 le chimique norv\u00e9gien est n\u00e9 en 1833.<\/p>\n<p>Le premier pas a \u00e9t\u00e9 de charger l\u2019architecte Pio Soli de suivre les travaux de restructuration de la Villa situ\u00e9 en Corso Cavallotti, le long boulevard qui m\u00e8ne \u00e0 la Ville des Fleurs en arrivant de Imperia. Suivant le style gothique, Soli a fait construire un \u00e9tage, en modifiant radicalement le toit principal de la Villa et faisant \u00e9liminer ceux qui couvraient les petites tours. Malgr\u00e9 les gros changement, l\u2019architecte a eu soin de maintenir l\u2019aspect ext\u00e9rieur de la villa. L\u2019int\u00e9rieur a \u00e9t\u00e9 d\u00e9cor\u00e9 en suivant le style exotique-colonial, que tant \u00e9tait \u00e0 la mode \u00e0 la fin du XIXe si\u00e8cle.<\/p>\n<p>Le parc qui entoure la maison a des plantes tr\u00e8s pr\u00e9cieuses et rares comme la \u2018\u2019Cupressus Macripara\u2019\u2019, import\u00e9e directement de Californie, ainsi que des oliviers et des palmiers, typiques du territoire ligure. Le r\u00e9sultat est un mariage du plaisir esth\u00e9tique avec l\u2019int\u00e9r\u00eat scientifique de Nobel. La villa et le parc magnifique, son \u2018\u2019nid\u2019\u2019 comme il aimait l\u2019appeler, \u00e9tait pr\u00e8s pour l\u2019arriv\u00e9 du scientiste. C\u2019est dans le calme de ce nid, \u00e0 quelques m\u00e8tres de la mer et de la piste \u00e0 v\u00e9los que depuis peu d\u2019ann\u00e9es a pris la place de la voie ferr\u00e9e, que Alfred Nobel est mort en 1896.<\/p>\n<p>Nobel est avant tout synonyme de reconnaissance a la carri\u00e8re. Chaque ann\u00e9e, au mois d\u2019octobre, dans sa Stockholm, ils viennent donn\u00e9s les prix dans les domaines de la chimique, de la physique, de la litt\u00e9rature, de la m\u00e9decine, de l\u2019\u00e9conomie et de la paix.<\/p>\n<p><em>[Samirah Muran]<\/em><\/p>\n\n\t\t<style type=\"text\/css\">\n\t\t\t#gallery-1 {\n\t\t\t\tmargin: auto;\n\t\t\t}\n\t\t\t#gallery-1 .gallery-item {\n\t\t\t\tfloat: left;\n\t\t\t\tmargin-top: 10px;\n\t\t\t\ttext-align: center;\n\t\t\t\twidth: 33%;\n\t\t\t}\n\t\t\t#gallery-1 img {\n\t\t\t\tborder: 2px solid #cfcfcf;\n\t\t\t}\n\t\t\t#gallery-1 .gallery-caption {\n\t\t\t\tmargin-left: 0;\n\t\t\t}\n\t\t\t\/* see gallery_shortcode() in wp-includes\/media.php *\/\n\t\t<\/style>\n\t\t<div id='gallery-1' class='gallery galleryid-3282 gallery-columns-3 gallery-size-thumbnail'><dl class='gallery-item'>\n\t\t\t<dt class='gallery-icon landscape'>\n\t\t\t\t<a href='https:\/\/www.rivieradeifiori.it\/fr\/art-et-culture\/alfred-nobel-trouva-sanremo-son-nid-de-paix-et-de-tranquillite-beaucoup-sont-les-hypotheses-nees-propos-du-choix-de-la-part-de-albert-bernhard-nobel-de-transferer-sanremo-ou-achete-la\/attachment\/villanobel3-2\/'><img decoding=\"async\" width=\"160\" height=\"160\" src=\"https:\/\/www.rivieradeifiori.it\/wp-content\/uploads\/2016\/08\/villanobel3-160x160.jpg\" class=\"attachment-thumbnail size-thumbnail\" alt=\"\" srcset=\"https:\/\/www.rivieradeifiori.it\/wp-content\/uploads\/2016\/08\/villanobel3-160x160.jpg 160w, https:\/\/www.rivieradeifiori.it\/wp-content\/uploads\/2016\/08\/villanobel3-440x440.jpg 440w, https:\/\/www.rivieradeifiori.it\/wp-content\/uploads\/2016\/08\/villanobel3-150x150.jpg 150w, https:\/\/www.rivieradeifiori.it\/wp-content\/uploads\/2016\/08\/villanobel3-65x65.jpg 65w, https:\/\/www.rivieradeifiori.it\/wp-content\/uploads\/2016\/08\/villanobel3-180x180.jpg 180w, https:\/\/www.rivieradeifiori.it\/wp-content\/uploads\/2016\/08\/villanobel3-300x300.jpg 300w, https:\/\/www.rivieradeifiori.it\/wp-content\/uploads\/2016\/08\/villanobel3-600x600.jpg 600w\" sizes=\"(max-width: 160px) 100vw, 160px\" \/><\/a>\n\t\t\t<\/dt><\/dl><dl class='gallery-item'>\n\t\t\t<dt class='gallery-icon portrait'>\n\t\t\t\t<a href='https:\/\/www.rivieradeifiori.it\/fr\/art-et-culture\/alfred-nobel-trouva-sanremo-son-nid-de-paix-et-de-tranquillite-beaucoup-sont-les-hypotheses-nees-propos-du-choix-de-la-part-de-albert-bernhard-nobel-de-transferer-sanremo-ou-achete-la\/attachment\/villa-nobel-new-ago16-2\/'><img decoding=\"async\" width=\"160\" height=\"160\" src=\"https:\/\/www.rivieradeifiori.it\/wp-content\/uploads\/2016\/08\/Villa-Nobel-NEW-ago16-160x160.jpg\" class=\"attachment-thumbnail size-thumbnail\" alt=\"\" srcset=\"https:\/\/www.rivieradeifiori.it\/wp-content\/uploads\/2016\/08\/Villa-Nobel-NEW-ago16-160x160.jpg 160w, https:\/\/www.rivieradeifiori.it\/wp-content\/uploads\/2016\/08\/Villa-Nobel-NEW-ago16-440x440.jpg 440w, https:\/\/www.rivieradeifiori.it\/wp-content\/uploads\/2016\/08\/Villa-Nobel-NEW-ago16-150x150.jpg 150w, https:\/\/www.rivieradeifiori.it\/wp-content\/uploads\/2016\/08\/Villa-Nobel-NEW-ago16-65x65.jpg 65w, https:\/\/www.rivieradeifiori.it\/wp-content\/uploads\/2016\/08\/Villa-Nobel-NEW-ago16-180x180.jpg 180w, https:\/\/www.rivieradeifiori.it\/wp-content\/uploads\/2016\/08\/Villa-Nobel-NEW-ago16-300x300.jpg 300w, https:\/\/www.rivieradeifiori.it\/wp-content\/uploads\/2016\/08\/Villa-Nobel-NEW-ago16-600x600.jpg 600w\" sizes=\"(max-width: 160px) 100vw, 160px\" \/><\/a>\n\t\t\t<\/dt><\/dl><dl class='gallery-item'>\n\t\t\t<dt class='gallery-icon landscape'>\n\t\t\t\t<a href='https:\/\/www.rivieradeifiori.it\/fr\/art-et-culture\/alfred-nobel-trouva-sanremo-son-nid-de-paix-et-de-tranquillite-beaucoup-sont-les-hypotheses-nees-propos-du-choix-de-la-part-de-albert-bernhard-nobel-de-transferer-sanremo-ou-achete-la\/attachment\/alfred-nobel-2\/'><img decoding=\"async\" width=\"160\" height=\"160\" src=\"https:\/\/www.rivieradeifiori.it\/wp-content\/uploads\/2016\/08\/Alfred-Nobel-160x160.jpg\" class=\"attachment-thumbnail size-thumbnail\" alt=\"\" srcset=\"https:\/\/www.rivieradeifiori.it\/wp-content\/uploads\/2016\/08\/Alfred-Nobel-160x160.jpg 160w, https:\/\/www.rivieradeifiori.it\/wp-content\/uploads\/2016\/08\/Alfred-Nobel-440x440.jpg 440w, https:\/\/www.rivieradeifiori.it\/wp-content\/uploads\/2016\/08\/Alfred-Nobel-150x150.jpg 150w, https:\/\/www.rivieradeifiori.it\/wp-content\/uploads\/2016\/08\/Alfred-Nobel-65x65.jpg 65w, https:\/\/www.rivieradeifiori.it\/wp-content\/uploads\/2016\/08\/Alfred-Nobel-180x180.jpg 180w, https:\/\/www.rivieradeifiori.it\/wp-content\/uploads\/2016\/08\/Alfred-Nobel-300x300.jpg 300w\" sizes=\"(max-width: 160px) 100vw, 160px\" \/><\/a>\n\t\t\t<\/dt><\/dl><br style=\"clear: both\" \/>\n\t\t<\/div>\n\n","protected":false},"excerpt":{"rendered":"<p>Beaucoup sont les hypoth\u00e8ses n\u00e9es \u00e0 propos du choix de la part de Albert Bernhard Nobel de se transf\u00e9rer \u00e0 Sanremo, o\u00f9 il a achet\u00e9 la villa en 1892. Probablement ce sont somm\u00e9e plusieurs\u00a0 raisons, pas en dernier plan la sant\u00e9 qui avait besoin d\u2019un climat plus sec e doux de celui de Stockholm, o\u00f9 [&hellip;]<\/p>\n","protected":false},"author":1,"featured_media":3276,"comment_status":"closed","ping_status":"open","sticky":false,"template":"","format":"standard","meta":{"_et_pb_use_builder":"","_et_pb_old_content":"","_et_gb_content_width":"","_eb_attr":"","_vp_format_video_url":"","_vp_image_focal_point":[],"_vp_custom_popup_image":0,"_vp_format_audio_url":"","_vp_custom_thumbnail":0,"_vp_custom_thumbnail_focal_point":[],"_vp_hover_thumbnail":0,"_vp_hover_thumbnail_focal_point":[],"footnotes":""},"categories":[49],"tags":[1264,1268,1067],"class_list":["post-3282","post","type-post","status-publish","format-standard","has-post-thumbnail","hentry","category-art-et-culture","tag-musees","tag-parcs-et-jardins","tag-sanremo-fr","et-has-post-format-content","et_post_format-et-post-format-standard"],"yoast_head":"<!-- This site is optimized with the Yoast SEO plugin v25.7 - https:\/\/yoast.com\/wordpress\/plugins\/seo\/ -->\n<title>Alfred Nobel trouva \u00e0 Sanremo son nid de paix et de tranquillit\u00e9 - Art &amp; Culture - Riviera dei Fiori<\/title>\n<meta name=\"robots\" content=\"index, follow, max-snippet:-1, max-image-preview:large, max-video-preview:-1\" \/>\n<link rel=\"canonical\" href=\"https:\/\/www.rivieradeifiori.it\/fr\/art-et-culture\/alfred-nobel-trouva-sanremo-son-nid-de-paix-et-de-tranquillite-beaucoup-sont-les-hypotheses-nees-propos-du-choix-de-la-part-de-albert-bernhard-nobel-de-transferer-sanremo-ou-achete-la\/\" \/>\n<meta name=\"twitter:label1\" content=\"\u00c9crit par\" \/>\n\t<meta name=\"twitter:data1\" content=\"Luca Giovannetti\" \/>\n\t<meta name=\"twitter:label2\" content=\"Dur\u00e9e de lecture estim\u00e9e\" \/>\n\t<meta name=\"twitter:data2\" content=\"2 minutes\" \/>\n<script type=\"application\/ld+json\" class=\"yoast-schema-graph\">{\"@context\":\"https:\/\/schema.org\",\"@graph\":[{\"@type\":\"WebPage\",\"@id\":\"https:\/\/www.rivieradeifiori.it\/fr\/art-et-culture\/alfred-nobel-trouva-sanremo-son-nid-de-paix-et-de-tranquillite-beaucoup-sont-les-hypotheses-nees-propos-du-choix-de-la-part-de-albert-bernhard-nobel-de-transferer-sanremo-ou-achete-la\/\",\"url\":\"https:\/\/www.rivieradeifiori.it\/fr\/art-et-culture\/alfred-nobel-trouva-sanremo-son-nid-de-paix-et-de-tranquillite-beaucoup-sont-les-hypotheses-nees-propos-du-choix-de-la-part-de-albert-bernhard-nobel-de-transferer-sanremo-ou-achete-la\/\",\"name\":\"Alfred Nobel trouva \u00e0 Sanremo son nid de paix et de tranquillit\u00e9 - Art &amp; Culture - Riviera dei Fiori\",\"isPartOf\":{\"@id\":\"https:\/\/www.rivieradeifiori.it\/fr\/#website\"},\"primaryImageOfPage\":{\"@id\":\"https:\/\/www.rivieradeifiori.it\/fr\/art-et-culture\/alfred-nobel-trouva-sanremo-son-nid-de-paix-et-de-tranquillite-beaucoup-sont-les-hypotheses-nees-propos-du-choix-de-la-part-de-albert-bernhard-nobel-de-transferer-sanremo-ou-achete-la\/#primaryimage\"},\"image\":{\"@id\":\"https:\/\/www.rivieradeifiori.it\/fr\/art-et-culture\/alfred-nobel-trouva-sanremo-son-nid-de-paix-et-de-tranquillite-beaucoup-sont-les-hypotheses-nees-propos-du-choix-de-la-part-de-albert-bernhard-nobel-de-transferer-sanremo-ou-achete-la\/#primaryimage\"},\"thumbnailUrl\":\"https:\/\/www.rivieradeifiori.it\/wp-content\/uploads\/2016\/08\/villanobel3.jpg\",\"datePublished\":\"2016-08-03T11:42:37+00:00\",\"dateModified\":\"2022-06-10T09:07:53+00:00\",\"author\":{\"@id\":\"https:\/\/www.rivieradeifiori.it\/fr\/#\/schema\/person\/6cc4e4ed0d74f08798811653e64f69ed\"},\"breadcrumb\":{\"@id\":\"https:\/\/www.rivieradeifiori.it\/fr\/art-et-culture\/alfred-nobel-trouva-sanremo-son-nid-de-paix-et-de-tranquillite-beaucoup-sont-les-hypotheses-nees-propos-du-choix-de-la-part-de-albert-bernhard-nobel-de-transferer-sanremo-ou-achete-la\/#breadcrumb\"},\"inLanguage\":\"fr-FR\",\"potentialAction\":[{\"@type\":\"ReadAction\",\"target\":[\"https:\/\/www.rivieradeifiori.it\/fr\/art-et-culture\/alfred-nobel-trouva-sanremo-son-nid-de-paix-et-de-tranquillite-beaucoup-sont-les-hypotheses-nees-propos-du-choix-de-la-part-de-albert-bernhard-nobel-de-transferer-sanremo-ou-achete-la\/\"]}]},{\"@type\":\"ImageObject\",\"inLanguage\":\"fr-FR\",\"@id\":\"https:\/\/www.rivieradeifiori.it\/fr\/art-et-culture\/alfred-nobel-trouva-sanremo-son-nid-de-paix-et-de-tranquillite-beaucoup-sont-les-hypotheses-nees-propos-du-choix-de-la-part-de-albert-bernhard-nobel-de-transferer-sanremo-ou-achete-la\/#primaryimage\",\"url\":\"https:\/\/www.rivieradeifiori.it\/wp-content\/uploads\/2016\/08\/villanobel3.jpg\",\"contentUrl\":\"https:\/\/www.rivieradeifiori.it\/wp-content\/uploads\/2016\/08\/villanobel3.jpg\",\"width\":1360,\"height\":907},{\"@type\":\"BreadcrumbList\",\"@id\":\"https:\/\/www.rivieradeifiori.it\/fr\/art-et-culture\/alfred-nobel-trouva-sanremo-son-nid-de-paix-et-de-tranquillite-beaucoup-sont-les-hypotheses-nees-propos-du-choix-de-la-part-de-albert-bernhard-nobel-de-transferer-sanremo-ou-achete-la\/#breadcrumb\",\"itemListElement\":[{\"@type\":\"ListItem\",\"position\":1,\"name\":\"Home\",\"item\":\"https:\/\/www.rivieradeifiori.it\/fr\/\"},{\"@type\":\"ListItem\",\"position\":2,\"name\":\"Alfred Nobel trouva \u00e0 Sanremo son nid de paix et de tranquillit\u00e9\"}]},{\"@type\":\"WebSite\",\"@id\":\"https:\/\/www.rivieradeifiori.it\/fr\/#website\",\"url\":\"https:\/\/www.rivieradeifiori.it\/fr\/\",\"name\":\"Riviera dei Fiori\",\"description\":\"Un mare di colori\",\"potentialAction\":[{\"@type\":\"SearchAction\",\"target\":{\"@type\":\"EntryPoint\",\"urlTemplate\":\"https:\/\/www.rivieradeifiori.it\/fr\/?s={search_term_string}\"},\"query-input\":{\"@type\":\"PropertyValueSpecification\",\"valueRequired\":true,\"valueName\":\"search_term_string\"}}],\"inLanguage\":\"fr-FR\"},{\"@type\":\"Person\",\"@id\":\"https:\/\/www.rivieradeifiori.it\/fr\/#\/schema\/person\/6cc4e4ed0d74f08798811653e64f69ed\",\"name\":\"Luca Giovannetti\",\"image\":{\"@type\":\"ImageObject\",\"inLanguage\":\"fr-FR\",\"@id\":\"https:\/\/www.rivieradeifiori.it\/fr\/#\/schema\/person\/image\/\",\"url\":\"https:\/\/secure.gravatar.com\/avatar\/092abda2284c50268e586151e014cf903142e524662c62577231430ea44340cf?s=96&r=g&d=https:\/\/www.rivieradeifiori.it\/wp-content\/plugins\/userswp\/assets\/images\/no_profile.png\",\"contentUrl\":\"https:\/\/secure.gravatar.com\/avatar\/092abda2284c50268e586151e014cf903142e524662c62577231430ea44340cf?s=96&r=g&d=https:\/\/www.rivieradeifiori.it\/wp-content\/plugins\/userswp\/assets\/images\/no_profile.png\",\"caption\":\"Luca Giovannetti\"}}]}<\/script>\n<!-- \/ Yoast SEO plugin. -->","yoast_head_json":{"title":"Alfred Nobel trouva \u00e0 Sanremo son nid de paix et de tranquillit\u00e9 - Art &amp; Culture - Riviera dei Fiori","robots":{"index":"index","follow":"follow","max-snippet":"max-snippet:-1","max-image-preview":"max-image-preview:large","max-video-preview":"max-video-preview:-1"},"canonical":"https:\/\/www.rivieradeifiori.it\/fr\/art-et-culture\/alfred-nobel-trouva-sanremo-son-nid-de-paix-et-de-tranquillite-beaucoup-sont-les-hypotheses-nees-propos-du-choix-de-la-part-de-albert-bernhard-nobel-de-transferer-sanremo-ou-achete-la\/","twitter_misc":{"\u00c9crit par":"Luca Giovannetti","Dur\u00e9e de lecture estim\u00e9e":"2 minutes"},"schema":{"@context":"https:\/\/schema.org","@graph":[{"@type":"WebPage","@id":"https:\/\/www.rivieradeifiori.it\/fr\/art-et-culture\/alfred-nobel-trouva-sanremo-son-nid-de-paix-et-de-tranquillite-beaucoup-sont-les-hypotheses-nees-propos-du-choix-de-la-part-de-albert-bernhard-nobel-de-transferer-sanremo-ou-achete-la\/","url":"https:\/\/www.rivieradeifiori.it\/fr\/art-et-culture\/alfred-nobel-trouva-sanremo-son-nid-de-paix-et-de-tranquillite-beaucoup-sont-les-hypotheses-nees-propos-du-choix-de-la-part-de-albert-bernhard-nobel-de-transferer-sanremo-ou-achete-la\/","name":"Alfred Nobel trouva \u00e0 Sanremo son nid de paix et de tranquillit\u00e9 - Art &amp; Culture - Riviera dei Fiori","isPartOf":{"@id":"https:\/\/www.rivieradeifiori.it\/fr\/#website"},"primaryImageOfPage":{"@id":"https:\/\/www.rivieradeifiori.it\/fr\/art-et-culture\/alfred-nobel-trouva-sanremo-son-nid-de-paix-et-de-tranquillite-beaucoup-sont-les-hypotheses-nees-propos-du-choix-de-la-part-de-albert-bernhard-nobel-de-transferer-sanremo-ou-achete-la\/#primaryimage"},"image":{"@id":"https:\/\/www.rivieradeifiori.it\/fr\/art-et-culture\/alfred-nobel-trouva-sanremo-son-nid-de-paix-et-de-tranquillite-beaucoup-sont-les-hypotheses-nees-propos-du-choix-de-la-part-de-albert-bernhard-nobel-de-transferer-sanremo-ou-achete-la\/#primaryimage"},"thumbnailUrl":"https:\/\/www.rivieradeifiori.it\/wp-content\/uploads\/2016\/08\/villanobel3.jpg","datePublished":"2016-08-03T11:42:37+00:00","dateModified":"2022-06-10T09:07:53+00:00","author":{"@id":"https:\/\/www.rivieradeifiori.it\/fr\/#\/schema\/person\/6cc4e4ed0d74f08798811653e64f69ed"},"breadcrumb":{"@id":"https:\/\/www.rivieradeifiori.it\/fr\/art-et-culture\/alfred-nobel-trouva-sanremo-son-nid-de-paix-et-de-tranquillite-beaucoup-sont-les-hypotheses-nees-propos-du-choix-de-la-part-de-albert-bernhard-nobel-de-transferer-sanremo-ou-achete-la\/#breadcrumb"},"inLanguage":"fr-FR","potentialAction":[{"@type":"ReadAction","target":["https:\/\/www.rivieradeifiori.it\/fr\/art-et-culture\/alfred-nobel-trouva-sanremo-son-nid-de-paix-et-de-tranquillite-beaucoup-sont-les-hypotheses-nees-propos-du-choix-de-la-part-de-albert-bernhard-nobel-de-transferer-sanremo-ou-achete-la\/"]}]},{"@type":"ImageObject","inLanguage":"fr-FR","@id":"https:\/\/www.rivieradeifiori.it\/fr\/art-et-culture\/alfred-nobel-trouva-sanremo-son-nid-de-paix-et-de-tranquillite-beaucoup-sont-les-hypotheses-nees-propos-du-choix-de-la-part-de-albert-bernhard-nobel-de-transferer-sanremo-ou-achete-la\/#primaryimage","url":"https:\/\/www.rivieradeifiori.it\/wp-content\/uploads\/2016\/08\/villanobel3.jpg","contentUrl":"https:\/\/www.rivieradeifiori.it\/wp-content\/uploads\/2016\/08\/villanobel3.jpg","width":1360,"height":907},{"@type":"BreadcrumbList","@id":"https:\/\/www.rivieradeifiori.it\/fr\/art-et-culture\/alfred-nobel-trouva-sanremo-son-nid-de-paix-et-de-tranquillite-beaucoup-sont-les-hypotheses-nees-propos-du-choix-de-la-part-de-albert-bernhard-nobel-de-transferer-sanremo-ou-achete-la\/#breadcrumb","itemListElement":[{"@type":"ListItem","position":1,"name":"Home","item":"https:\/\/www.rivieradeifiori.it\/fr\/"},{"@type":"ListItem","position":2,"name":"Alfred Nobel trouva \u00e0 Sanremo son nid de paix et de tranquillit\u00e9"}]},{"@type":"WebSite","@id":"https:\/\/www.rivieradeifiori.it\/fr\/#website","url":"https:\/\/www.rivieradeifiori.it\/fr\/","name":"Riviera dei Fiori","description":"Un mare di colori","potentialAction":[{"@type":"SearchAction","target":{"@type":"EntryPoint","urlTemplate":"https:\/\/www.rivieradeifiori.it\/fr\/?s={search_term_string}"},"query-input":{"@type":"PropertyValueSpecification","valueRequired":true,"valueName":"search_term_string"}}],"inLanguage":"fr-FR"},{"@type":"Person","@id":"https:\/\/www.rivieradeifiori.it\/fr\/#\/schema\/person\/6cc4e4ed0d74f08798811653e64f69ed","name":"Luca Giovannetti","image":{"@type":"ImageObject","inLanguage":"fr-FR","@id":"https:\/\/www.rivieradeifiori.it\/fr\/#\/schema\/person\/image\/","url":"https:\/\/secure.gravatar.com\/avatar\/092abda2284c50268e586151e014cf903142e524662c62577231430ea44340cf?s=96&r=g&d=https:\/\/www.rivieradeifiori.it\/wp-content\/plugins\/userswp\/assets\/images\/no_profile.png","contentUrl":"https:\/\/secure.gravatar.com\/avatar\/092abda2284c50268e586151e014cf903142e524662c62577231430ea44340cf?s=96&r=g&d=https:\/\/www.rivieradeifiori.it\/wp-content\/plugins\/userswp\/assets\/images\/no_profile.png","caption":"Luca Giovannetti"}}]}},"_links":{"self":[{"href":"https:\/\/www.rivieradeifiori.it\/fr\/wp-json\/wp\/v2\/posts\/3282","targetHints":{"allow":["GET"]}}],"collection":[{"href":"https:\/\/www.rivieradeifiori.it\/fr\/wp-json\/wp\/v2\/posts"}],"about":[{"href":"https:\/\/www.rivieradeifiori.it\/fr\/wp-json\/wp\/v2\/types\/post"}],"author":[{"embeddable":true,"href":"https:\/\/www.rivieradeifiori.it\/fr\/wp-json\/wp\/v2\/users\/1"}],"replies":[{"embeddable":true,"href":"https:\/\/www.rivieradeifiori.it\/fr\/wp-json\/wp\/v2\/comments?post=3282"}],"version-history":[{"count":1,"href":"https:\/\/www.rivieradeifiori.it\/fr\/wp-json\/wp\/v2\/posts\/3282\/revisions"}],"predecessor-version":[{"id":15965,"href":"https:\/\/www.rivieradeifiori.it\/fr\/wp-json\/wp\/v2\/posts\/3282\/revisions\/15965"}],"wp:featuredmedia":[{"embeddable":true,"href":"https:\/\/www.rivieradeifiori.it\/fr\/wp-json\/wp\/v2\/media\/3276"}],"wp:attachment":[{"href":"https:\/\/www.rivieradeifiori.it\/fr\/wp-json\/wp\/v2\/media?parent=3282"}],"wp:term":[{"taxonomy":"category","embeddable":true,"href":"https:\/\/www.rivieradeifiori.it\/fr\/wp-json\/wp\/v2\/categories?post=3282"},{"taxonomy":"post_tag","embeddable":true,"href":"https:\/\/www.rivieradeifiori.it\/fr\/wp-json\/wp\/v2\/tags?post=3282"}],"curies":[{"name":"wp","href":"https:\/\/api.w.org\/{rel}","templated":true}]}}