{"id":2811,"date":"2016-07-16T19:16:45","date_gmt":"2016-07-16T17:16:45","guid":{"rendered":"http:\/\/rivieradeifiori.wordpress.innovationconsulting.it\/fr\/?p=2811"},"modified":"2022-06-10T10:42:53","modified_gmt":"2022-06-10T08:42:53","slug":"thor-heyerdahl-un-homme-la-mer-et-son-defi","status":"publish","type":"post","link":"https:\/\/www.rivieradeifiori.it\/fr\/art-et-culture\/thor-heyerdahl-un-homme-la-mer-et-son-defi\/","title":{"rendered":"Thor Heyerdahl : un homme, la mer et son d\u00e9fi."},"content":{"rendered":"<p>De la Norv\u00e8ge \u00e0 la Ligurie, en traversant le monde.<\/p>\n<p>Colla Micheri est un petit bourg m\u00e9di\u00e9val \u00e9difi\u00e9 sur la colline entre Laigueglia et Andora, le long du trajet de l\u2019antique voie romaine Julia Augusta. Sur la mer en position dominante domine l\u2019horizon une tour sarrasine du XVI\u00e8me si\u00e8cle qui probablement, au vue de sa forme circulaire,\u00a0 fut originairement un simple moulin \u00e0 vent ; sous cette tour se trouve la tombe de Heyerdahl qui, pour plus de 30 ans, a choisi de vivre dans cet endroit de rare et grande beaut\u00e9.<\/p>\n<p>Le grand norv\u00e9gien, dipl\u00f4m\u00e9 en biologie \u00e0 l\u2019universit\u00e9 de Oslo, fut un anthropologue qui devint un pr\u00e9curseur des hippies en choisissant, en 1937, de vivre avec sa femme sur une des \u00eeles du Pacifique, \u00e0 Fatu Hiva, un authentique style de vie \u00ab adamique \u00bb o\u00f9 un autre norv\u00e9gien, Henry Lie, sur l\u2019ile depuis plus de 30 ans, lui montra des statues de pierre semblables \u00e0 celles qui furent retrouv\u00e9es en Colombie : moment d\u00e9cisif qui changea compl\u00e8tement la trajectoire de son voyage et de sa vie. En effet, pour la premi\u00e8re fois, il entendit parler de la l\u00e9gende de \u00ab Kon-Tiki \u00bb, Dieu du Soleil, nom rest\u00e9 c\u00e9l\u00e8bre et li\u00e9 \u00e0 sa renomm\u00e9e internationale : Heyerdahl fut non seulement un grand anthropologue et arch\u00e9ologue de renom mais aussi un explorateur connu pour son incroyable p\u00e9riple de 1947 qui le conduisit \u00e0 traverser 4.300 milles d\u2019oc\u00e9an avec son radeau \u2013 fait de bois &#8211;\u00a0 appel\u00e9 Kon-Tiki , des c\u00f4tes de l\u2019Am\u00e9rique du Sud aux \u00eeles Tuamoto, afin de d\u00e9montrer et prouver \u00e0 tous que les Incas auraient tr\u00e8s bien pu traverser l\u2019Oc\u00e9an et rejoindre la Polyn\u00e9sie au moyen de simples embarcations. Cette exp\u00e9dition fut pr\u00e9par\u00e9e dans les moindres d\u00e9tails de fa\u00e7on \u00e0 utiliser toutes les techniques et les outils technologiques de l\u2019\u00e9poque. L\u2019exp\u00e9dition de Heyerdahl fut un des voyages les plus extraordinaires du XX\u00e8me si\u00e8cle, un voyage destin\u00e9 \u00e0 devenir une histoire. L\u2019\u00e9quipage de cette \u00e9pop\u00e9e \u00e9tait compos\u00e9 du marin et artiste Erik Hesselberg qui peigna le visage du Dieu sur la voile ; Bengt Danielsson su\u00e9dois, cuisinier et sociologue tr\u00e8s int\u00e9ress\u00e9 aux migrations humaines ; Knut Haugland et Torstein Raaby, tous deux experts et responsables de transmissions radio ; Herman Watzinger, ing\u00e9nieur charg\u00e9 des mesures techniques, m\u00e9t\u00e9o et hydrographique.<\/p>\n<p>Pendant plus de 40 ans, l\u2019homonyme mus\u00e9e \u00ab Kon-Tiki \u00bb, inaugur\u00e9 en mai 1950, fut dirig\u00e9 par Knut Haugland, membre de l\u2019\u00e9quipage,\u00a0 et qui le remplace aujourd\u2019hui est Thor Heyerdahl junior, fils du chef de l\u2019incroyable exp\u00e9dition.<\/p>\n<p>Apr\u00e8s l\u2019\u00e9pop\u00e9e de 1947 qui fit beaucoup parler d\u2019elle, Heyerdahl continua son travail en r\u00e9alisant de nombreuses exp\u00e9ditions et explorations arch\u00e9ologiques de l\u2019Oc\u00e9an Pacifique en passant par l\u2019Atlantique, les Galapagos, l\u2019Ile de P\u00e2ques et enfin sa derni\u00e8re aventure, en Russie, en mer d\u2019 Azov, interrompue \u00e0 cause de ses graves conditions de sant\u00e9.<\/p>\n<p>Il fut un auteur de nombreux livres tr\u00e8s appr\u00e9ci\u00e9 mais aussi un grand r\u00e9alisateur qui fut r\u00e9compens\u00e9 en 1951 par le prestigieux Oscar pour son documentaire \u00ab Kon-Tiki \u00bb.<\/p>\n<p>Quand un jour quelqu\u2019un lui demanda son secret pour rester jeune, il r\u00e9pondit : \u00ab ne jamais renoncer !! \u00bb<\/p>\n<p>1937-38: fatu hiva<br \/>\n1939: british columbia<br \/>\n1947: kon-tiki<br \/>\n1952: galapagos<br \/>\n1955-56: isola di pasqua<br \/>\n1969: ra<br \/>\n1970: raII<br \/>\n1977-78: tigri<br \/>\n1883-85: maldive<br \/>\n1986-88: isola di pasqua<br \/>\n1988-93 tucum\u00e8 (per\u00f9)<br \/>\n1991-98 tenerife (isole canarie)<br \/>\n1999-02: azov (russia)<br \/>\n2002: samoa (polinesia)<\/p>\n<p><em>Viviana Spada<\/em><\/p>\n<ul>\n<li><em>www.kon-tiki.no<\/em><\/li>\n<li><em>www.mheyerdahl.com<\/em><\/li>\n<\/ul>\n\n\t\t<style type=\"text\/css\">\n\t\t\t#gallery-1 {\n\t\t\t\tmargin: auto;\n\t\t\t}\n\t\t\t#gallery-1 .gallery-item {\n\t\t\t\tfloat: left;\n\t\t\t\tmargin-top: 10px;\n\t\t\t\ttext-align: center;\n\t\t\t\twidth: 33%;\n\t\t\t}\n\t\t\t#gallery-1 img {\n\t\t\t\tborder: 2px solid #cfcfcf;\n\t\t\t}\n\t\t\t#gallery-1 .gallery-caption {\n\t\t\t\tmargin-left: 0;\n\t\t\t}\n\t\t\t\/* see gallery_shortcode() in wp-includes\/media.php *\/\n\t\t<\/style>\n\t\t<div id='gallery-1' class='gallery galleryid-2811 gallery-columns-3 gallery-size-thumbnail'><dl class='gallery-item'>\n\t\t\t<dt class='gallery-icon portrait'>\n\t\t\t\t<a href='https:\/\/www.rivieradeifiori.it\/fr\/art-et-culture\/thor-heyerdahl-un-homme-la-mer-et-son-defi\/attachment\/thor-2-2\/'><img decoding=\"async\" width=\"160\" height=\"160\" src=\"https:\/\/www.rivieradeifiori.it\/wp-content\/uploads\/2016\/07\/Thor-2-160x160.jpg\" class=\"attachment-thumbnail size-thumbnail\" alt=\"\" srcset=\"https:\/\/www.rivieradeifiori.it\/wp-content\/uploads\/2016\/07\/Thor-2-160x160.jpg 160w, https:\/\/www.rivieradeifiori.it\/wp-content\/uploads\/2016\/07\/Thor-2-440x440.jpg 440w, https:\/\/www.rivieradeifiori.it\/wp-content\/uploads\/2016\/07\/Thor-2-150x150.jpg 150w, https:\/\/www.rivieradeifiori.it\/wp-content\/uploads\/2016\/07\/Thor-2-65x65.jpg 65w, https:\/\/www.rivieradeifiori.it\/wp-content\/uploads\/2016\/07\/Thor-2-180x180.jpg 180w, https:\/\/www.rivieradeifiori.it\/wp-content\/uploads\/2016\/07\/Thor-2-300x300.jpg 300w, https:\/\/www.rivieradeifiori.it\/wp-content\/uploads\/2016\/07\/Thor-2-600x600.jpg 600w\" sizes=\"(max-width: 160px) 100vw, 160px\" \/><\/a>\n\t\t\t<\/dt><\/dl><dl class='gallery-item'>\n\t\t\t<dt class='gallery-icon portrait'>\n\t\t\t\t<a href='https:\/\/www.rivieradeifiori.it\/fr\/art-et-culture\/thor-heyerdahl-un-homme-la-mer-et-son-defi\/attachment\/kon-tiki-2\/'><img decoding=\"async\" width=\"160\" height=\"160\" src=\"https:\/\/www.rivieradeifiori.it\/wp-content\/uploads\/2016\/07\/Kon-Tiki-160x160.jpg\" class=\"attachment-thumbnail size-thumbnail\" alt=\"\" srcset=\"https:\/\/www.rivieradeifiori.it\/wp-content\/uploads\/2016\/07\/Kon-Tiki-160x160.jpg 160w, https:\/\/www.rivieradeifiori.it\/wp-content\/uploads\/2016\/07\/Kon-Tiki-440x440.jpg 440w, https:\/\/www.rivieradeifiori.it\/wp-content\/uploads\/2016\/07\/Kon-Tiki-150x150.jpg 150w, https:\/\/www.rivieradeifiori.it\/wp-content\/uploads\/2016\/07\/Kon-Tiki-65x65.jpg 65w, https:\/\/www.rivieradeifiori.it\/wp-content\/uploads\/2016\/07\/Kon-Tiki-180x180.jpg 180w, https:\/\/www.rivieradeifiori.it\/wp-content\/uploads\/2016\/07\/Kon-Tiki-300x300.jpg 300w, https:\/\/www.rivieradeifiori.it\/wp-content\/uploads\/2016\/07\/Kon-Tiki-600x600.jpg 600w\" sizes=\"(max-width: 160px) 100vw, 160px\" \/><\/a>\n\t\t\t<\/dt><\/dl><dl class='gallery-item'>\n\t\t\t<dt class='gallery-icon landscape'>\n\t\t\t\t<a href='https:\/\/www.rivieradeifiori.it\/fr\/art-et-culture\/thor-heyerdahl-un-homme-la-mer-et-son-defi\/attachment\/kon-tiki-disegno-2\/'><img decoding=\"async\" width=\"160\" height=\"160\" src=\"https:\/\/www.rivieradeifiori.it\/wp-content\/uploads\/2016\/07\/Kon-Tiki-disegno-160x160.jpg\" class=\"attachment-thumbnail size-thumbnail\" alt=\"\" srcset=\"https:\/\/www.rivieradeifiori.it\/wp-content\/uploads\/2016\/07\/Kon-Tiki-disegno-160x160.jpg 160w, https:\/\/www.rivieradeifiori.it\/wp-content\/uploads\/2016\/07\/Kon-Tiki-disegno-440x440.jpg 440w, https:\/\/www.rivieradeifiori.it\/wp-content\/uploads\/2016\/07\/Kon-Tiki-disegno-150x150.jpg 150w, https:\/\/www.rivieradeifiori.it\/wp-content\/uploads\/2016\/07\/Kon-Tiki-disegno-65x65.jpg 65w, https:\/\/www.rivieradeifiori.it\/wp-content\/uploads\/2016\/07\/Kon-Tiki-disegno-180x180.jpg 180w, https:\/\/www.rivieradeifiori.it\/wp-content\/uploads\/2016\/07\/Kon-Tiki-disegno-300x300.jpg 300w, https:\/\/www.rivieradeifiori.it\/wp-content\/uploads\/2016\/07\/Kon-Tiki-disegno-600x600.jpg 600w\" sizes=\"(max-width: 160px) 100vw, 160px\" \/><\/a>\n\t\t\t<\/dt><\/dl><br style=\"clear: both\" \/><dl class='gallery-item'>\n\t\t\t<dt class='gallery-icon landscape'>\n\t\t\t\t<a href='https:\/\/www.rivieradeifiori.it\/fr\/art-et-culture\/thor-heyerdahl-un-homme-la-mer-et-son-defi\/attachment\/thor-firma-2\/'><img decoding=\"async\" width=\"160\" height=\"160\" src=\"https:\/\/www.rivieradeifiori.it\/wp-content\/uploads\/2016\/07\/Thor-firma-160x160.jpg\" class=\"attachment-thumbnail size-thumbnail\" alt=\"\" srcset=\"https:\/\/www.rivieradeifiori.it\/wp-content\/uploads\/2016\/07\/Thor-firma-160x160.jpg 160w, https:\/\/www.rivieradeifiori.it\/wp-content\/uploads\/2016\/07\/Thor-firma-440x440.jpg 440w, https:\/\/www.rivieradeifiori.it\/wp-content\/uploads\/2016\/07\/Thor-firma-150x150.jpg 150w, https:\/\/www.rivieradeifiori.it\/wp-content\/uploads\/2016\/07\/Thor-firma-65x65.jpg 65w, https:\/\/www.rivieradeifiori.it\/wp-content\/uploads\/2016\/07\/Thor-firma-180x180.jpg 180w, https:\/\/www.rivieradeifiori.it\/wp-content\/uploads\/2016\/07\/Thor-firma-300x300.jpg 300w\" sizes=\"(max-width: 160px) 100vw, 160px\" \/><\/a>\n\t\t\t<\/dt><\/dl>\n\t\t\t<br style='clear: both' \/>\n\t\t<\/div>\n\n","protected":false},"excerpt":{"rendered":"<p>De la Norv\u00e8ge \u00e0 la Ligurie, en traversant le monde. Colla Micheri est un petit bourg m\u00e9di\u00e9val \u00e9difi\u00e9 sur la colline entre Laigueglia et Andora, le long du trajet de l\u2019antique voie romaine Julia Augusta. Sur la mer en position dominante domine l\u2019horizon une tour sarrasine du XVI\u00e8me si\u00e8cle qui probablement, au vue de sa [&hellip;]<\/p>\n","protected":false},"author":1,"featured_media":2793,"comment_status":"closed","ping_status":"open","sticky":false,"template":"","format":"standard","meta":{"_et_pb_use_builder":"","_et_pb_old_content":"","_et_gb_content_width":"","_eb_attr":"","_vp_format_video_url":"","_vp_image_focal_point":[],"_vp_custom_popup_image":0,"_vp_format_audio_url":"","_vp_custom_thumbnail":0,"_vp_custom_thumbnail_focal_point":[],"_vp_hover_thumbnail":0,"_vp_hover_thumbnail_focal_point":[],"footnotes":""},"categories":[49],"tags":[1274],"class_list":["post-2811","post","type-post","status-publish","format-standard","has-post-thumbnail","hentry","category-art-et-culture","tag-colla-micheri-fr","et-has-post-format-content","et_post_format-et-post-format-standard"],"yoast_head":"<!-- This site is optimized with the Yoast SEO plugin v25.7 - https:\/\/yoast.com\/wordpress\/plugins\/seo\/ -->\n<title>Thor Heyerdahl : un homme, la mer et son d\u00e9fi. - Art &amp; Culture - Riviera dei Fiori<\/title>\n<meta name=\"robots\" content=\"index, follow, max-snippet:-1, max-image-preview:large, max-video-preview:-1\" \/>\n<link rel=\"canonical\" href=\"https:\/\/www.rivieradeifiori.it\/fr\/art-et-culture\/thor-heyerdahl-un-homme-la-mer-et-son-defi\/\" \/>\n<meta name=\"twitter:label1\" content=\"\u00c9crit par\" \/>\n\t<meta name=\"twitter:data1\" content=\"Luca Giovannetti\" \/>\n\t<meta name=\"twitter:label2\" content=\"Dur\u00e9e de lecture estim\u00e9e\" \/>\n\t<meta name=\"twitter:data2\" content=\"3 minutes\" \/>\n<script type=\"application\/ld+json\" class=\"yoast-schema-graph\">{\"@context\":\"https:\/\/schema.org\",\"@graph\":[{\"@type\":\"WebPage\",\"@id\":\"https:\/\/www.rivieradeifiori.it\/fr\/art-et-culture\/thor-heyerdahl-un-homme-la-mer-et-son-defi\/\",\"url\":\"https:\/\/www.rivieradeifiori.it\/fr\/art-et-culture\/thor-heyerdahl-un-homme-la-mer-et-son-defi\/\",\"name\":\"Thor Heyerdahl : un homme, la mer et son d\u00e9fi. - Art &amp; Culture - Riviera dei Fiori\",\"isPartOf\":{\"@id\":\"https:\/\/www.rivieradeifiori.it\/fr\/#website\"},\"primaryImageOfPage\":{\"@id\":\"https:\/\/www.rivieradeifiori.it\/fr\/art-et-culture\/thor-heyerdahl-un-homme-la-mer-et-son-defi\/#primaryimage\"},\"image\":{\"@id\":\"https:\/\/www.rivieradeifiori.it\/fr\/art-et-culture\/thor-heyerdahl-un-homme-la-mer-et-son-defi\/#primaryimage\"},\"thumbnailUrl\":\"https:\/\/www.rivieradeifiori.it\/wp-content\/uploads\/2016\/07\/Kon-Tiki.jpg\",\"datePublished\":\"2016-07-16T17:16:45+00:00\",\"dateModified\":\"2022-06-10T08:42:53+00:00\",\"author\":{\"@id\":\"https:\/\/www.rivieradeifiori.it\/fr\/#\/schema\/person\/6cc4e4ed0d74f08798811653e64f69ed\"},\"breadcrumb\":{\"@id\":\"https:\/\/www.rivieradeifiori.it\/fr\/art-et-culture\/thor-heyerdahl-un-homme-la-mer-et-son-defi\/#breadcrumb\"},\"inLanguage\":\"fr-FR\",\"potentialAction\":[{\"@type\":\"ReadAction\",\"target\":[\"https:\/\/www.rivieradeifiori.it\/fr\/art-et-culture\/thor-heyerdahl-un-homme-la-mer-et-son-defi\/\"]}]},{\"@type\":\"ImageObject\",\"inLanguage\":\"fr-FR\",\"@id\":\"https:\/\/www.rivieradeifiori.it\/fr\/art-et-culture\/thor-heyerdahl-un-homme-la-mer-et-son-defi\/#primaryimage\",\"url\":\"https:\/\/www.rivieradeifiori.it\/wp-content\/uploads\/2016\/07\/Kon-Tiki.jpg\",\"contentUrl\":\"https:\/\/www.rivieradeifiori.it\/wp-content\/uploads\/2016\/07\/Kon-Tiki.jpg\",\"width\":1360,\"height\":2040},{\"@type\":\"BreadcrumbList\",\"@id\":\"https:\/\/www.rivieradeifiori.it\/fr\/art-et-culture\/thor-heyerdahl-un-homme-la-mer-et-son-defi\/#breadcrumb\",\"itemListElement\":[{\"@type\":\"ListItem\",\"position\":1,\"name\":\"Home\",\"item\":\"https:\/\/www.rivieradeifiori.it\/fr\/\"},{\"@type\":\"ListItem\",\"position\":2,\"name\":\"Thor Heyerdahl : un homme, la mer et son d\u00e9fi.\"}]},{\"@type\":\"WebSite\",\"@id\":\"https:\/\/www.rivieradeifiori.it\/fr\/#website\",\"url\":\"https:\/\/www.rivieradeifiori.it\/fr\/\",\"name\":\"Riviera dei Fiori\",\"description\":\"Un mare di colori\",\"potentialAction\":[{\"@type\":\"SearchAction\",\"target\":{\"@type\":\"EntryPoint\",\"urlTemplate\":\"https:\/\/www.rivieradeifiori.it\/fr\/?s={search_term_string}\"},\"query-input\":{\"@type\":\"PropertyValueSpecification\",\"valueRequired\":true,\"valueName\":\"search_term_string\"}}],\"inLanguage\":\"fr-FR\"},{\"@type\":\"Person\",\"@id\":\"https:\/\/www.rivieradeifiori.it\/fr\/#\/schema\/person\/6cc4e4ed0d74f08798811653e64f69ed\",\"name\":\"Luca Giovannetti\",\"image\":{\"@type\":\"ImageObject\",\"inLanguage\":\"fr-FR\",\"@id\":\"https:\/\/www.rivieradeifiori.it\/fr\/#\/schema\/person\/image\/\",\"url\":\"https:\/\/secure.gravatar.com\/avatar\/092abda2284c50268e586151e014cf903142e524662c62577231430ea44340cf?s=96&r=g&d=https:\/\/www.rivieradeifiori.it\/wp-content\/plugins\/userswp\/assets\/images\/no_profile.png\",\"contentUrl\":\"https:\/\/secure.gravatar.com\/avatar\/092abda2284c50268e586151e014cf903142e524662c62577231430ea44340cf?s=96&r=g&d=https:\/\/www.rivieradeifiori.it\/wp-content\/plugins\/userswp\/assets\/images\/no_profile.png\",\"caption\":\"Luca Giovannetti\"}}]}<\/script>\n<!-- \/ Yoast SEO plugin. -->","yoast_head_json":{"title":"Thor Heyerdahl : un homme, la mer et son d\u00e9fi. - Art &amp; Culture - Riviera dei Fiori","robots":{"index":"index","follow":"follow","max-snippet":"max-snippet:-1","max-image-preview":"max-image-preview:large","max-video-preview":"max-video-preview:-1"},"canonical":"https:\/\/www.rivieradeifiori.it\/fr\/art-et-culture\/thor-heyerdahl-un-homme-la-mer-et-son-defi\/","twitter_misc":{"\u00c9crit par":"Luca Giovannetti","Dur\u00e9e de lecture estim\u00e9e":"3 minutes"},"schema":{"@context":"https:\/\/schema.org","@graph":[{"@type":"WebPage","@id":"https:\/\/www.rivieradeifiori.it\/fr\/art-et-culture\/thor-heyerdahl-un-homme-la-mer-et-son-defi\/","url":"https:\/\/www.rivieradeifiori.it\/fr\/art-et-culture\/thor-heyerdahl-un-homme-la-mer-et-son-defi\/","name":"Thor Heyerdahl : un homme, la mer et son d\u00e9fi. - Art &amp; Culture - Riviera dei Fiori","isPartOf":{"@id":"https:\/\/www.rivieradeifiori.it\/fr\/#website"},"primaryImageOfPage":{"@id":"https:\/\/www.rivieradeifiori.it\/fr\/art-et-culture\/thor-heyerdahl-un-homme-la-mer-et-son-defi\/#primaryimage"},"image":{"@id":"https:\/\/www.rivieradeifiori.it\/fr\/art-et-culture\/thor-heyerdahl-un-homme-la-mer-et-son-defi\/#primaryimage"},"thumbnailUrl":"https:\/\/www.rivieradeifiori.it\/wp-content\/uploads\/2016\/07\/Kon-Tiki.jpg","datePublished":"2016-07-16T17:16:45+00:00","dateModified":"2022-06-10T08:42:53+00:00","author":{"@id":"https:\/\/www.rivieradeifiori.it\/fr\/#\/schema\/person\/6cc4e4ed0d74f08798811653e64f69ed"},"breadcrumb":{"@id":"https:\/\/www.rivieradeifiori.it\/fr\/art-et-culture\/thor-heyerdahl-un-homme-la-mer-et-son-defi\/#breadcrumb"},"inLanguage":"fr-FR","potentialAction":[{"@type":"ReadAction","target":["https:\/\/www.rivieradeifiori.it\/fr\/art-et-culture\/thor-heyerdahl-un-homme-la-mer-et-son-defi\/"]}]},{"@type":"ImageObject","inLanguage":"fr-FR","@id":"https:\/\/www.rivieradeifiori.it\/fr\/art-et-culture\/thor-heyerdahl-un-homme-la-mer-et-son-defi\/#primaryimage","url":"https:\/\/www.rivieradeifiori.it\/wp-content\/uploads\/2016\/07\/Kon-Tiki.jpg","contentUrl":"https:\/\/www.rivieradeifiori.it\/wp-content\/uploads\/2016\/07\/Kon-Tiki.jpg","width":1360,"height":2040},{"@type":"BreadcrumbList","@id":"https:\/\/www.rivieradeifiori.it\/fr\/art-et-culture\/thor-heyerdahl-un-homme-la-mer-et-son-defi\/#breadcrumb","itemListElement":[{"@type":"ListItem","position":1,"name":"Home","item":"https:\/\/www.rivieradeifiori.it\/fr\/"},{"@type":"ListItem","position":2,"name":"Thor Heyerdahl : un homme, la mer et son d\u00e9fi."}]},{"@type":"WebSite","@id":"https:\/\/www.rivieradeifiori.it\/fr\/#website","url":"https:\/\/www.rivieradeifiori.it\/fr\/","name":"Riviera dei Fiori","description":"Un mare di colori","potentialAction":[{"@type":"SearchAction","target":{"@type":"EntryPoint","urlTemplate":"https:\/\/www.rivieradeifiori.it\/fr\/?s={search_term_string}"},"query-input":{"@type":"PropertyValueSpecification","valueRequired":true,"valueName":"search_term_string"}}],"inLanguage":"fr-FR"},{"@type":"Person","@id":"https:\/\/www.rivieradeifiori.it\/fr\/#\/schema\/person\/6cc4e4ed0d74f08798811653e64f69ed","name":"Luca Giovannetti","image":{"@type":"ImageObject","inLanguage":"fr-FR","@id":"https:\/\/www.rivieradeifiori.it\/fr\/#\/schema\/person\/image\/","url":"https:\/\/secure.gravatar.com\/avatar\/092abda2284c50268e586151e014cf903142e524662c62577231430ea44340cf?s=96&r=g&d=https:\/\/www.rivieradeifiori.it\/wp-content\/plugins\/userswp\/assets\/images\/no_profile.png","contentUrl":"https:\/\/secure.gravatar.com\/avatar\/092abda2284c50268e586151e014cf903142e524662c62577231430ea44340cf?s=96&r=g&d=https:\/\/www.rivieradeifiori.it\/wp-content\/plugins\/userswp\/assets\/images\/no_profile.png","caption":"Luca Giovannetti"}}]}},"_links":{"self":[{"href":"https:\/\/www.rivieradeifiori.it\/fr\/wp-json\/wp\/v2\/posts\/2811","targetHints":{"allow":["GET"]}}],"collection":[{"href":"https:\/\/www.rivieradeifiori.it\/fr\/wp-json\/wp\/v2\/posts"}],"about":[{"href":"https:\/\/www.rivieradeifiori.it\/fr\/wp-json\/wp\/v2\/types\/post"}],"author":[{"embeddable":true,"href":"https:\/\/www.rivieradeifiori.it\/fr\/wp-json\/wp\/v2\/users\/1"}],"replies":[{"embeddable":true,"href":"https:\/\/www.rivieradeifiori.it\/fr\/wp-json\/wp\/v2\/comments?post=2811"}],"version-history":[{"count":1,"href":"https:\/\/www.rivieradeifiori.it\/fr\/wp-json\/wp\/v2\/posts\/2811\/revisions"}],"predecessor-version":[{"id":15921,"href":"https:\/\/www.rivieradeifiori.it\/fr\/wp-json\/wp\/v2\/posts\/2811\/revisions\/15921"}],"wp:featuredmedia":[{"embeddable":true,"href":"https:\/\/www.rivieradeifiori.it\/fr\/wp-json\/wp\/v2\/media\/2793"}],"wp:attachment":[{"href":"https:\/\/www.rivieradeifiori.it\/fr\/wp-json\/wp\/v2\/media?parent=2811"}],"wp:term":[{"taxonomy":"category","embeddable":true,"href":"https:\/\/www.rivieradeifiori.it\/fr\/wp-json\/wp\/v2\/categories?post=2811"},{"taxonomy":"post_tag","embeddable":true,"href":"https:\/\/www.rivieradeifiori.it\/fr\/wp-json\/wp\/v2\/tags?post=2811"}],"curies":[{"name":"wp","href":"https:\/\/api.w.org\/{rel}","templated":true}]}}