{"id":2645,"date":"2016-07-16T18:11:53","date_gmt":"2016-07-16T16:11:53","guid":{"rendered":"http:\/\/rivieradeifiori.wordpress.innovationconsulting.it\/fr\/?p=2645"},"modified":"2022-06-10T11:04:40","modified_gmt":"2022-06-10T09:04:40","slug":"les-fonds-marins-de-capo-ampelio","status":"publish","type":"post","link":"https:\/\/www.rivieradeifiori.it\/fr\/mer-et-territoire\/les-fonds-marins-de-capo-ampelio\/","title":{"rendered":"Les fonds marins de Capo Ampelio"},"content":{"rendered":"<p>Un livre pour raconter les merveilles des fond marins de Capo Ampelio. Un v\u00e9ritable guide avec les photos des soixante\u00a0 esp\u00e8ces de poissons qui peuplent les 300 m\u00e8tres de la zone naturelle prot\u00e9g\u00e9e.\u00a0\u00a0 Le tout est con\u00e7u et\u00a0 r\u00e9alis\u00e9 par deux fr\u00e8res de Bordighera avec la passion pour la plong\u00e9e sous marine, Matteo e Paolo Bredy Mastorakis, depuis toujours li\u00e9 \u00e0 la mer et \u00e0 ce promontoire merveilleux et romantique o\u00f9 les parents g\u00e8rent\u00a0 depuis des ann\u00e9es l\u2019\u00e9tablissement baln\u00e9aire\u00a0 \u2018\u2019Amarea\u2019\u2019.<\/p>\n<p>Tout est n\u00e9 d\u2019une simple recherche scolaire que Roberta Roggeri, professeur de sciences au Lyc\u00e9e Aprosio de Ventimiglia, a assign\u00e9 \u00e0 ses deux \u00e9tudiants et qui gr\u00e2ce \u00e0 l\u2019habilit\u00e9 de Paolo et Matteo s\u2019est transform\u00e9 dans un projet qui a abouti au Pavillon d\u2019Italie \u00e0 l\u2019 Expo de Milan, comme excellence absolue de Bordighera. Pendant l\u2019\u00e9t\u00e9 les deux fr\u00e8res ont fait des plong\u00e9es en photographiant et suivant les d\u00e9placements des poissons. Il ont ainsi d\u00e9couvert plus de 60 esp\u00e8ces et signal\u00e9 certaines en voie d\u2019extinction. De l\u00e0 l\u2019id\u00e9e est n\u00e9e de recueillir toutes ces informations dans un livre qui a vu la collaboration de la \u2018\u2019Provincia\u2019\u2019 et de la \u2018\u2019Regione Liguria\u2019\u2019.<\/p>\n<p>Un bel exemple de promotion touristique pour Bordighera, une des perles les moins\u00a0 contamin\u00e9es de l\u2019ouest de la Ligurie.<\/p>\n<p><em>Simona Maccaferri<\/em><\/p>\n\n\t\t<style type=\"text\/css\">\n\t\t\t#gallery-1 {\n\t\t\t\tmargin: auto;\n\t\t\t}\n\t\t\t#gallery-1 .gallery-item {\n\t\t\t\tfloat: left;\n\t\t\t\tmargin-top: 10px;\n\t\t\t\ttext-align: center;\n\t\t\t\twidth: 33%;\n\t\t\t}\n\t\t\t#gallery-1 img {\n\t\t\t\tborder: 2px solid #cfcfcf;\n\t\t\t}\n\t\t\t#gallery-1 .gallery-caption {\n\t\t\t\tmargin-left: 0;\n\t\t\t}\n\t\t\t\/* see gallery_shortcode() in wp-includes\/media.php *\/\n\t\t<\/style>\n\t\t<div id='gallery-1' class='gallery galleryid-2645 gallery-columns-3 gallery-size-thumbnail'><dl class='gallery-item'>\n\t\t\t<dt class='gallery-icon portrait'>\n\t\t\t\t<a href='https:\/\/www.rivieradeifiori.it\/fr\/mer-et-territoire\/les-fonds-marins-de-capo-ampelio\/attachment\/capo-ampelio-libro-2\/'><img decoding=\"async\" width=\"160\" height=\"160\" src=\"https:\/\/www.rivieradeifiori.it\/wp-content\/uploads\/2016\/07\/Capo-Ampelio-libro-160x160.jpg\" class=\"attachment-thumbnail size-thumbnail\" alt=\"\" srcset=\"https:\/\/www.rivieradeifiori.it\/wp-content\/uploads\/2016\/07\/Capo-Ampelio-libro-160x160.jpg 160w, https:\/\/www.rivieradeifiori.it\/wp-content\/uploads\/2016\/07\/Capo-Ampelio-libro-440x440.jpg 440w, https:\/\/www.rivieradeifiori.it\/wp-content\/uploads\/2016\/07\/Capo-Ampelio-libro-150x150.jpg 150w, https:\/\/www.rivieradeifiori.it\/wp-content\/uploads\/2016\/07\/Capo-Ampelio-libro-65x65.jpg 65w, https:\/\/www.rivieradeifiori.it\/wp-content\/uploads\/2016\/07\/Capo-Ampelio-libro-180x180.jpg 180w, https:\/\/www.rivieradeifiori.it\/wp-content\/uploads\/2016\/07\/Capo-Ampelio-libro-300x300.jpg 300w, https:\/\/www.rivieradeifiori.it\/wp-content\/uploads\/2016\/07\/Capo-Ampelio-libro-600x600.jpg 600w\" sizes=\"(max-width: 160px) 100vw, 160px\" \/><\/a>\n\t\t\t<\/dt><\/dl><dl class='gallery-item'>\n\t\t\t<dt class='gallery-icon landscape'>\n\t\t\t\t<a href='https:\/\/www.rivieradeifiori.it\/fr\/mer-et-territoire\/les-fonds-marins-de-capo-ampelio\/attachment\/santampelio-big-giu16-2\/'><img decoding=\"async\" width=\"160\" height=\"160\" src=\"https:\/\/www.rivieradeifiori.it\/wp-content\/uploads\/2016\/07\/SantAmpelio-BIG-giu16-160x160.jpg\" class=\"attachment-thumbnail size-thumbnail\" alt=\"\" srcset=\"https:\/\/www.rivieradeifiori.it\/wp-content\/uploads\/2016\/07\/SantAmpelio-BIG-giu16-160x160.jpg 160w, https:\/\/www.rivieradeifiori.it\/wp-content\/uploads\/2016\/07\/SantAmpelio-BIG-giu16-440x440.jpg 440w, https:\/\/www.rivieradeifiori.it\/wp-content\/uploads\/2016\/07\/SantAmpelio-BIG-giu16-150x150.jpg 150w, https:\/\/www.rivieradeifiori.it\/wp-content\/uploads\/2016\/07\/SantAmpelio-BIG-giu16-65x65.jpg 65w, https:\/\/www.rivieradeifiori.it\/wp-content\/uploads\/2016\/07\/SantAmpelio-BIG-giu16-180x180.jpg 180w, https:\/\/www.rivieradeifiori.it\/wp-content\/uploads\/2016\/07\/SantAmpelio-BIG-giu16-300x300.jpg 300w, https:\/\/www.rivieradeifiori.it\/wp-content\/uploads\/2016\/07\/SantAmpelio-BIG-giu16-600x600.jpg 600w\" sizes=\"(max-width: 160px) 100vw, 160px\" \/><\/a>\n\t\t\t<\/dt><\/dl><dl class='gallery-item'>\n\t\t\t<dt class='gallery-icon landscape'>\n\t\t\t\t<a href='https:\/\/www.rivieradeifiori.it\/fr\/mer-et-territoire\/les-fonds-marins-de-capo-ampelio\/attachment\/scorfano-giu16-2\/'><img decoding=\"async\" width=\"160\" height=\"160\" src=\"https:\/\/www.rivieradeifiori.it\/wp-content\/uploads\/2016\/07\/Scorfano-giu16-160x160.jpg\" class=\"attachment-thumbnail size-thumbnail\" alt=\"\" srcset=\"https:\/\/www.rivieradeifiori.it\/wp-content\/uploads\/2016\/07\/Scorfano-giu16-160x160.jpg 160w, https:\/\/www.rivieradeifiori.it\/wp-content\/uploads\/2016\/07\/Scorfano-giu16-440x440.jpg 440w, https:\/\/www.rivieradeifiori.it\/wp-content\/uploads\/2016\/07\/Scorfano-giu16-150x150.jpg 150w, https:\/\/www.rivieradeifiori.it\/wp-content\/uploads\/2016\/07\/Scorfano-giu16-65x65.jpg 65w, https:\/\/www.rivieradeifiori.it\/wp-content\/uploads\/2016\/07\/Scorfano-giu16-180x180.jpg 180w, https:\/\/www.rivieradeifiori.it\/wp-content\/uploads\/2016\/07\/Scorfano-giu16-300x300.jpg 300w, https:\/\/www.rivieradeifiori.it\/wp-content\/uploads\/2016\/07\/Scorfano-giu16-600x600.jpg 600w\" sizes=\"(max-width: 160px) 100vw, 160px\" \/><\/a>\n\t\t\t<\/dt><\/dl><br style=\"clear: both\" \/><dl class='gallery-item'>\n\t\t\t<dt class='gallery-icon landscape'>\n\t\t\t\t<a href='https:\/\/www.rivieradeifiori.it\/fr\/mer-et-territoire\/les-fonds-marins-de-capo-ampelio\/attachment\/torpedine-giu16-2\/'><img decoding=\"async\" width=\"160\" height=\"160\" src=\"https:\/\/www.rivieradeifiori.it\/wp-content\/uploads\/2016\/07\/Torpedine-giu16-160x160.jpg\" class=\"attachment-thumbnail size-thumbnail\" alt=\"\" srcset=\"https:\/\/www.rivieradeifiori.it\/wp-content\/uploads\/2016\/07\/Torpedine-giu16-160x160.jpg 160w, https:\/\/www.rivieradeifiori.it\/wp-content\/uploads\/2016\/07\/Torpedine-giu16-440x440.jpg 440w, https:\/\/www.rivieradeifiori.it\/wp-content\/uploads\/2016\/07\/Torpedine-giu16-150x150.jpg 150w, https:\/\/www.rivieradeifiori.it\/wp-content\/uploads\/2016\/07\/Torpedine-giu16-65x65.jpg 65w, https:\/\/www.rivieradeifiori.it\/wp-content\/uploads\/2016\/07\/Torpedine-giu16-180x180.jpg 180w, https:\/\/www.rivieradeifiori.it\/wp-content\/uploads\/2016\/07\/Torpedine-giu16-300x300.jpg 300w, https:\/\/www.rivieradeifiori.it\/wp-content\/uploads\/2016\/07\/Torpedine-giu16-600x600.jpg 600w\" sizes=\"(max-width: 160px) 100vw, 160px\" \/><\/a>\n\t\t\t<\/dt><\/dl><dl class='gallery-item'>\n\t\t\t<dt class='gallery-icon landscape'>\n\t\t\t\t<a href='https:\/\/www.rivieradeifiori.it\/fr\/mer-et-territoire\/les-fonds-marins-de-capo-ampelio\/attachment\/polpo-giu16-2\/'><img decoding=\"async\" width=\"160\" height=\"160\" src=\"https:\/\/www.rivieradeifiori.it\/wp-content\/uploads\/2016\/07\/Polpo-giu16-160x160.jpg\" class=\"attachment-thumbnail size-thumbnail\" alt=\"\" srcset=\"https:\/\/www.rivieradeifiori.it\/wp-content\/uploads\/2016\/07\/Polpo-giu16-160x160.jpg 160w, https:\/\/www.rivieradeifiori.it\/wp-content\/uploads\/2016\/07\/Polpo-giu16-440x440.jpg 440w, https:\/\/www.rivieradeifiori.it\/wp-content\/uploads\/2016\/07\/Polpo-giu16-150x150.jpg 150w, https:\/\/www.rivieradeifiori.it\/wp-content\/uploads\/2016\/07\/Polpo-giu16-65x65.jpg 65w, https:\/\/www.rivieradeifiori.it\/wp-content\/uploads\/2016\/07\/Polpo-giu16-180x180.jpg 180w, https:\/\/www.rivieradeifiori.it\/wp-content\/uploads\/2016\/07\/Polpo-giu16-300x300.jpg 300w, https:\/\/www.rivieradeifiori.it\/wp-content\/uploads\/2016\/07\/Polpo-giu16-600x600.jpg 600w\" sizes=\"(max-width: 160px) 100vw, 160px\" \/><\/a>\n\t\t\t<\/dt><\/dl><dl class='gallery-item'>\n\t\t\t<dt class='gallery-icon landscape'>\n\t\t\t\t<a href='https:\/\/www.rivieradeifiori.it\/fr\/mer-et-territoire\/les-fonds-marins-de-capo-ampelio\/attachment\/cassiopea-giu16-2\/'><img decoding=\"async\" width=\"160\" height=\"160\" src=\"https:\/\/www.rivieradeifiori.it\/wp-content\/uploads\/2016\/07\/Cassiopea-giu16-160x160.jpg\" class=\"attachment-thumbnail size-thumbnail\" alt=\"\" srcset=\"https:\/\/www.rivieradeifiori.it\/wp-content\/uploads\/2016\/07\/Cassiopea-giu16-160x160.jpg 160w, https:\/\/www.rivieradeifiori.it\/wp-content\/uploads\/2016\/07\/Cassiopea-giu16-440x440.jpg 440w, https:\/\/www.rivieradeifiori.it\/wp-content\/uploads\/2016\/07\/Cassiopea-giu16-150x150.jpg 150w, https:\/\/www.rivieradeifiori.it\/wp-content\/uploads\/2016\/07\/Cassiopea-giu16-65x65.jpg 65w, https:\/\/www.rivieradeifiori.it\/wp-content\/uploads\/2016\/07\/Cassiopea-giu16-180x180.jpg 180w, https:\/\/www.rivieradeifiori.it\/wp-content\/uploads\/2016\/07\/Cassiopea-giu16-300x300.jpg 300w, https:\/\/www.rivieradeifiori.it\/wp-content\/uploads\/2016\/07\/Cassiopea-giu16-600x600.jpg 600w\" sizes=\"(max-width: 160px) 100vw, 160px\" \/><\/a>\n\t\t\t<\/dt><\/dl><br style=\"clear: both\" \/>\n\t\t<\/div>\n\n","protected":false},"excerpt":{"rendered":"<p>Un livre pour raconter les merveilles des fond marins de Capo Ampelio. Un v\u00e9ritable guide avec les photos des soixante\u00a0 esp\u00e8ces de poissons qui peuplent les 300 m\u00e8tres de la zone naturelle prot\u00e9g\u00e9e.\u00a0\u00a0 Le tout est con\u00e7u et\u00a0 r\u00e9alis\u00e9 par deux fr\u00e8res de Bordighera avec la passion pour la plong\u00e9e sous marine, Matteo e Paolo [&hellip;]<\/p>\n","protected":false},"author":1,"featured_media":2629,"comment_status":"closed","ping_status":"open","sticky":false,"template":"","format":"standard","meta":{"_et_pb_use_builder":"","_et_pb_old_content":"","_et_gb_content_width":"","_eb_attr":"","_vp_format_video_url":"","_vp_image_focal_point":[],"_vp_custom_popup_image":0,"_vp_format_audio_url":"","_vp_custom_thumbnail":0,"_vp_custom_thumbnail_focal_point":[],"_vp_hover_thumbnail":0,"_vp_hover_thumbnail_focal_point":[],"footnotes":""},"categories":[57],"tags":[1267,1268],"class_list":["post-2645","post","type-post","status-publish","format-standard","has-post-thumbnail","hentry","category-mer-et-territoire","tag-bordighera-fr","tag-parcs-et-jardins","et-has-post-format-content","et_post_format-et-post-format-standard"],"yoast_head":"<!-- This site is optimized with the Yoast SEO plugin v25.7 - https:\/\/yoast.com\/wordpress\/plugins\/seo\/ -->\n<title>Les fonds marins de Capo Ampelio - Mer &amp; Territoire - Riviera dei Fiori<\/title>\n<meta name=\"robots\" content=\"index, follow, max-snippet:-1, max-image-preview:large, max-video-preview:-1\" \/>\n<link rel=\"canonical\" href=\"https:\/\/www.rivieradeifiori.it\/fr\/mer-et-territoire\/les-fonds-marins-de-capo-ampelio\/\" \/>\n<meta name=\"twitter:label1\" content=\"\u00c9crit par\" \/>\n\t<meta name=\"twitter:data1\" content=\"Luca Giovannetti\" \/>\n\t<meta name=\"twitter:label2\" content=\"Dur\u00e9e de lecture estim\u00e9e\" \/>\n\t<meta name=\"twitter:data2\" content=\"1 minute\" \/>\n<script type=\"application\/ld+json\" class=\"yoast-schema-graph\">{\"@context\":\"https:\/\/schema.org\",\"@graph\":[{\"@type\":\"WebPage\",\"@id\":\"https:\/\/www.rivieradeifiori.it\/fr\/mer-et-territoire\/les-fonds-marins-de-capo-ampelio\/\",\"url\":\"https:\/\/www.rivieradeifiori.it\/fr\/mer-et-territoire\/les-fonds-marins-de-capo-ampelio\/\",\"name\":\"Les fonds marins de Capo Ampelio - Mer &amp; Territoire - Riviera dei Fiori\",\"isPartOf\":{\"@id\":\"https:\/\/www.rivieradeifiori.it\/fr\/#website\"},\"primaryImageOfPage\":{\"@id\":\"https:\/\/www.rivieradeifiori.it\/fr\/mer-et-territoire\/les-fonds-marins-de-capo-ampelio\/#primaryimage\"},\"image\":{\"@id\":\"https:\/\/www.rivieradeifiori.it\/fr\/mer-et-territoire\/les-fonds-marins-de-capo-ampelio\/#primaryimage\"},\"thumbnailUrl\":\"https:\/\/www.rivieradeifiori.it\/wp-content\/uploads\/2016\/07\/SantAmpelio-BIG-giu16.jpg\",\"datePublished\":\"2016-07-16T16:11:53+00:00\",\"dateModified\":\"2022-06-10T09:04:40+00:00\",\"author\":{\"@id\":\"https:\/\/www.rivieradeifiori.it\/fr\/#\/schema\/person\/6cc4e4ed0d74f08798811653e64f69ed\"},\"breadcrumb\":{\"@id\":\"https:\/\/www.rivieradeifiori.it\/fr\/mer-et-territoire\/les-fonds-marins-de-capo-ampelio\/#breadcrumb\"},\"inLanguage\":\"fr-FR\",\"potentialAction\":[{\"@type\":\"ReadAction\",\"target\":[\"https:\/\/www.rivieradeifiori.it\/fr\/mer-et-territoire\/les-fonds-marins-de-capo-ampelio\/\"]}]},{\"@type\":\"ImageObject\",\"inLanguage\":\"fr-FR\",\"@id\":\"https:\/\/www.rivieradeifiori.it\/fr\/mer-et-territoire\/les-fonds-marins-de-capo-ampelio\/#primaryimage\",\"url\":\"https:\/\/www.rivieradeifiori.it\/wp-content\/uploads\/2016\/07\/SantAmpelio-BIG-giu16.jpg\",\"contentUrl\":\"https:\/\/www.rivieradeifiori.it\/wp-content\/uploads\/2016\/07\/SantAmpelio-BIG-giu16.jpg\",\"width\":1360,\"height\":907},{\"@type\":\"BreadcrumbList\",\"@id\":\"https:\/\/www.rivieradeifiori.it\/fr\/mer-et-territoire\/les-fonds-marins-de-capo-ampelio\/#breadcrumb\",\"itemListElement\":[{\"@type\":\"ListItem\",\"position\":1,\"name\":\"Home\",\"item\":\"https:\/\/www.rivieradeifiori.it\/fr\/\"},{\"@type\":\"ListItem\",\"position\":2,\"name\":\"Les fonds marins de Capo Ampelio\"}]},{\"@type\":\"WebSite\",\"@id\":\"https:\/\/www.rivieradeifiori.it\/fr\/#website\",\"url\":\"https:\/\/www.rivieradeifiori.it\/fr\/\",\"name\":\"Riviera dei Fiori\",\"description\":\"Un mare di colori\",\"potentialAction\":[{\"@type\":\"SearchAction\",\"target\":{\"@type\":\"EntryPoint\",\"urlTemplate\":\"https:\/\/www.rivieradeifiori.it\/fr\/?s={search_term_string}\"},\"query-input\":{\"@type\":\"PropertyValueSpecification\",\"valueRequired\":true,\"valueName\":\"search_term_string\"}}],\"inLanguage\":\"fr-FR\"},{\"@type\":\"Person\",\"@id\":\"https:\/\/www.rivieradeifiori.it\/fr\/#\/schema\/person\/6cc4e4ed0d74f08798811653e64f69ed\",\"name\":\"Luca Giovannetti\",\"image\":{\"@type\":\"ImageObject\",\"inLanguage\":\"fr-FR\",\"@id\":\"https:\/\/www.rivieradeifiori.it\/fr\/#\/schema\/person\/image\/\",\"url\":\"https:\/\/secure.gravatar.com\/avatar\/092abda2284c50268e586151e014cf903142e524662c62577231430ea44340cf?s=96&r=g&d=https:\/\/www.rivieradeifiori.it\/wp-content\/plugins\/userswp\/assets\/images\/no_profile.png\",\"contentUrl\":\"https:\/\/secure.gravatar.com\/avatar\/092abda2284c50268e586151e014cf903142e524662c62577231430ea44340cf?s=96&r=g&d=https:\/\/www.rivieradeifiori.it\/wp-content\/plugins\/userswp\/assets\/images\/no_profile.png\",\"caption\":\"Luca Giovannetti\"}}]}<\/script>\n<!-- \/ Yoast SEO plugin. -->","yoast_head_json":{"title":"Les fonds marins de Capo Ampelio - Mer &amp; Territoire - Riviera dei Fiori","robots":{"index":"index","follow":"follow","max-snippet":"max-snippet:-1","max-image-preview":"max-image-preview:large","max-video-preview":"max-video-preview:-1"},"canonical":"https:\/\/www.rivieradeifiori.it\/fr\/mer-et-territoire\/les-fonds-marins-de-capo-ampelio\/","twitter_misc":{"\u00c9crit par":"Luca Giovannetti","Dur\u00e9e de lecture estim\u00e9e":"1 minute"},"schema":{"@context":"https:\/\/schema.org","@graph":[{"@type":"WebPage","@id":"https:\/\/www.rivieradeifiori.it\/fr\/mer-et-territoire\/les-fonds-marins-de-capo-ampelio\/","url":"https:\/\/www.rivieradeifiori.it\/fr\/mer-et-territoire\/les-fonds-marins-de-capo-ampelio\/","name":"Les fonds marins de Capo Ampelio - Mer &amp; Territoire - Riviera dei Fiori","isPartOf":{"@id":"https:\/\/www.rivieradeifiori.it\/fr\/#website"},"primaryImageOfPage":{"@id":"https:\/\/www.rivieradeifiori.it\/fr\/mer-et-territoire\/les-fonds-marins-de-capo-ampelio\/#primaryimage"},"image":{"@id":"https:\/\/www.rivieradeifiori.it\/fr\/mer-et-territoire\/les-fonds-marins-de-capo-ampelio\/#primaryimage"},"thumbnailUrl":"https:\/\/www.rivieradeifiori.it\/wp-content\/uploads\/2016\/07\/SantAmpelio-BIG-giu16.jpg","datePublished":"2016-07-16T16:11:53+00:00","dateModified":"2022-06-10T09:04:40+00:00","author":{"@id":"https:\/\/www.rivieradeifiori.it\/fr\/#\/schema\/person\/6cc4e4ed0d74f08798811653e64f69ed"},"breadcrumb":{"@id":"https:\/\/www.rivieradeifiori.it\/fr\/mer-et-territoire\/les-fonds-marins-de-capo-ampelio\/#breadcrumb"},"inLanguage":"fr-FR","potentialAction":[{"@type":"ReadAction","target":["https:\/\/www.rivieradeifiori.it\/fr\/mer-et-territoire\/les-fonds-marins-de-capo-ampelio\/"]}]},{"@type":"ImageObject","inLanguage":"fr-FR","@id":"https:\/\/www.rivieradeifiori.it\/fr\/mer-et-territoire\/les-fonds-marins-de-capo-ampelio\/#primaryimage","url":"https:\/\/www.rivieradeifiori.it\/wp-content\/uploads\/2016\/07\/SantAmpelio-BIG-giu16.jpg","contentUrl":"https:\/\/www.rivieradeifiori.it\/wp-content\/uploads\/2016\/07\/SantAmpelio-BIG-giu16.jpg","width":1360,"height":907},{"@type":"BreadcrumbList","@id":"https:\/\/www.rivieradeifiori.it\/fr\/mer-et-territoire\/les-fonds-marins-de-capo-ampelio\/#breadcrumb","itemListElement":[{"@type":"ListItem","position":1,"name":"Home","item":"https:\/\/www.rivieradeifiori.it\/fr\/"},{"@type":"ListItem","position":2,"name":"Les fonds marins de Capo Ampelio"}]},{"@type":"WebSite","@id":"https:\/\/www.rivieradeifiori.it\/fr\/#website","url":"https:\/\/www.rivieradeifiori.it\/fr\/","name":"Riviera dei Fiori","description":"Un mare di colori","potentialAction":[{"@type":"SearchAction","target":{"@type":"EntryPoint","urlTemplate":"https:\/\/www.rivieradeifiori.it\/fr\/?s={search_term_string}"},"query-input":{"@type":"PropertyValueSpecification","valueRequired":true,"valueName":"search_term_string"}}],"inLanguage":"fr-FR"},{"@type":"Person","@id":"https:\/\/www.rivieradeifiori.it\/fr\/#\/schema\/person\/6cc4e4ed0d74f08798811653e64f69ed","name":"Luca Giovannetti","image":{"@type":"ImageObject","inLanguage":"fr-FR","@id":"https:\/\/www.rivieradeifiori.it\/fr\/#\/schema\/person\/image\/","url":"https:\/\/secure.gravatar.com\/avatar\/092abda2284c50268e586151e014cf903142e524662c62577231430ea44340cf?s=96&r=g&d=https:\/\/www.rivieradeifiori.it\/wp-content\/plugins\/userswp\/assets\/images\/no_profile.png","contentUrl":"https:\/\/secure.gravatar.com\/avatar\/092abda2284c50268e586151e014cf903142e524662c62577231430ea44340cf?s=96&r=g&d=https:\/\/www.rivieradeifiori.it\/wp-content\/plugins\/userswp\/assets\/images\/no_profile.png","caption":"Luca Giovannetti"}}]}},"_links":{"self":[{"href":"https:\/\/www.rivieradeifiori.it\/fr\/wp-json\/wp\/v2\/posts\/2645","targetHints":{"allow":["GET"]}}],"collection":[{"href":"https:\/\/www.rivieradeifiori.it\/fr\/wp-json\/wp\/v2\/posts"}],"about":[{"href":"https:\/\/www.rivieradeifiori.it\/fr\/wp-json\/wp\/v2\/types\/post"}],"author":[{"embeddable":true,"href":"https:\/\/www.rivieradeifiori.it\/fr\/wp-json\/wp\/v2\/users\/1"}],"replies":[{"embeddable":true,"href":"https:\/\/www.rivieradeifiori.it\/fr\/wp-json\/wp\/v2\/comments?post=2645"}],"version-history":[{"count":1,"href":"https:\/\/www.rivieradeifiori.it\/fr\/wp-json\/wp\/v2\/posts\/2645\/revisions"}],"predecessor-version":[{"id":15952,"href":"https:\/\/www.rivieradeifiori.it\/fr\/wp-json\/wp\/v2\/posts\/2645\/revisions\/15952"}],"wp:featuredmedia":[{"embeddable":true,"href":"https:\/\/www.rivieradeifiori.it\/fr\/wp-json\/wp\/v2\/media\/2629"}],"wp:attachment":[{"href":"https:\/\/www.rivieradeifiori.it\/fr\/wp-json\/wp\/v2\/media?parent=2645"}],"wp:term":[{"taxonomy":"category","embeddable":true,"href":"https:\/\/www.rivieradeifiori.it\/fr\/wp-json\/wp\/v2\/categories?post=2645"},{"taxonomy":"post_tag","embeddable":true,"href":"https:\/\/www.rivieradeifiori.it\/fr\/wp-json\/wp\/v2\/tags?post=2645"}],"curies":[{"name":"wp","href":"https:\/\/api.w.org\/{rel}","templated":true}]}}