{"id":1648,"date":"2016-03-20T09:34:44","date_gmt":"2016-03-20T08:34:44","guid":{"rendered":"http:\/\/rivieradeifiori.wordpress.innovationconsulting.it\/fr\/?p=1648"},"modified":"2022-06-10T11:06:12","modified_gmt":"2022-06-10T09:06:12","slug":"the-parmles-parmureli","status":"publish","type":"post","link":"https:\/\/www.rivieradeifiori.it\/fr\/art-et-culture\/the-parmles-parmureli\/","title":{"rendered":"Les &#8221;Parmureli&#8221;"},"content":{"rendered":"<p>Le dimanche avant celui de P\u00e2ques, les villes de Bordighera et Sanremo deviennent les protagonistes de la Riviera dans la tradition s\u00e9culaire des &#8221;Parmureli&#8221;, des palmiers tress\u00e9s dans des formes artistiques et religieuses. La production de ces \u0153uvres commence \u00e0 peu pr\u00e8s neuf mois avant le Dimanche des Rameaux. Les &#8221;Parmur\u00e0&#8221;, pendent la p\u00e9riode qui pr\u00e9c\u00e8de la lune de Santa Maria Maddalena (22 juillet) grimpent agiles sur les palmiers pour arriver jusqu&#8217;\u00e0 la touffe de feuilles \u00e0 20 m\u00e8tres de haut et, avec des coups de hache pr\u00e9cis, entaillent des branches pour pouvoir les replier vers le haut et les attacher \u00e0 former une pointe qui va envelopper le c\u0153ur du palmier. Quand le Dimanche des Rameaux approche on lib\u00e8re les palmes et on proc\u00e8de \u00e0 la r\u00e9colte des soi-disant &#8221;semeli&#8221;, ces jeunes rameaux internes qui ont pouss\u00e9es dans le noir, au milieu de la pointe qui avait \u00e9t\u00e9 attach\u00e9e quelque mois auparavant. Les semeli sont coup\u00e9s en morceaux, ayant soin de conserver la pointe pour le parmurelu le plus pr\u00e9cieux.\u00a0 L&#8217;art de tresser se transmet de g\u00e9n\u00e9ration en g\u00e9n\u00e9ration et souvent les techniques sont gard\u00e9es secr\u00e8tes. Les formes qui prennent ces palmes fines et claires sont les plus vari\u00e9es\u00a0: des roses, des poissons, des colombes et des croix, pour n&#8217;en citer que quelques unes. Selon la tradition les Parmureli sont b\u00e9ni pendent la messe du Dimanche des Rameaux et \u00e9chang\u00e9s ou donn\u00e9s aux fid\u00e8les dans un geste de paix. L&#8217;histoire des Parmureli remonte \u00e0 1586, par la suite d&#8217;un \u00e9pisode arriv\u00e9 pendent la mise en place de l\u2019ob\u00e9lisque \u00e9gyptien, d\u00e9di\u00e9 par Caligula \u00e0 Auguste et Tib\u00e8re en 39 apr\u00e8s J-C, dans la place San Pietro au Vatican o\u00f9 le Pape avait oblig\u00e9 tout le monde au silence, sous peine de mort. Cependant, les cordes qui soutenaient le monument, tr\u00e8s lourd, risquaient de casser pour la tension\u00a0; c&#8217;est \u00e0 ce moment que le Capitaine maritime Giovanni Bresca (selon certains chercheurs originaire de Sanremo, d&#8217;apr\u00e8s d&#8217;autres de Bordighera), dans le silence total de la place a cri\u00e9 la phrase qui et rentr\u00e9e dans l&#8217;histoire locale\u00a0: &#8221;aiga ae corde&#8221; (litt\u00e9ralement &#8221;de l&#8217;eau aux cordes&#8221;) une pratique que \u2013 imbibant les cordes et les rendant plus r\u00e9sistantes \u2013 a fait en sorte qu&#8217;elles ne cassent pas et a permis la mise en place de l\u2019ob\u00e9lisque. Le Pape Sisto V, reconnaissant l&#8217;importance de cette indication, a donn\u00e9 \u00e0 Bresca et \u00e0 sa descendance le privil\u00e8ge de fournir tous les ans au Vatican les palmes n\u00e9cessaires au dimanche qui pr\u00e9c\u00e8de P\u00e2ques. Une tradition qui est encore respect\u00e9e aujourd&#8217;hui par un membre de la dioc\u00e8se de Ventimiglia-Sanremo.<\/p>\n<p><em>[Samirah Muran]<\/em><\/p>\n\n\t\t<style type=\"text\/css\">\n\t\t\t#gallery-1 {\n\t\t\t\tmargin: auto;\n\t\t\t}\n\t\t\t#gallery-1 .gallery-item {\n\t\t\t\tfloat: left;\n\t\t\t\tmargin-top: 10px;\n\t\t\t\ttext-align: center;\n\t\t\t\twidth: 33%;\n\t\t\t}\n\t\t\t#gallery-1 img {\n\t\t\t\tborder: 2px solid #cfcfcf;\n\t\t\t}\n\t\t\t#gallery-1 .gallery-caption {\n\t\t\t\tmargin-left: 0;\n\t\t\t}\n\t\t\t\/* see gallery_shortcode() in wp-includes\/media.php *\/\n\t\t<\/style>\n\t\t<div id='gallery-1' class='gallery galleryid-1648 gallery-columns-3 gallery-size-thumbnail'><dl class='gallery-item'>\n\t\t\t<dt class='gallery-icon landscape'>\n\t\t\t\t<a href='https:\/\/www.rivieradeifiori.it\/fr\/art-et-culture\/the-parmles-parmureli\/attachment\/parmureli-20120331-13\/'><img decoding=\"async\" width=\"160\" height=\"160\" src=\"https:\/\/www.rivieradeifiori.it\/wp-content\/uploads\/2016\/03\/Parmureli-20120331-13-160x160.jpg\" class=\"attachment-thumbnail size-thumbnail\" alt=\"\" aria-describedby=\"gallery-1-1610\" srcset=\"https:\/\/www.rivieradeifiori.it\/wp-content\/uploads\/2016\/03\/Parmureli-20120331-13-160x160.jpg 160w, https:\/\/www.rivieradeifiori.it\/wp-content\/uploads\/2016\/03\/Parmureli-20120331-13-440x440.jpg 440w, https:\/\/www.rivieradeifiori.it\/wp-content\/uploads\/2016\/03\/Parmureli-20120331-13-150x150.jpg 150w, https:\/\/www.rivieradeifiori.it\/wp-content\/uploads\/2016\/03\/Parmureli-20120331-13-65x65.jpg 65w, https:\/\/www.rivieradeifiori.it\/wp-content\/uploads\/2016\/03\/Parmureli-20120331-13-180x180.jpg 180w, https:\/\/www.rivieradeifiori.it\/wp-content\/uploads\/2016\/03\/Parmureli-20120331-13-300x300.jpg 300w, https:\/\/www.rivieradeifiori.it\/wp-content\/uploads\/2016\/03\/Parmureli-20120331-13-600x600.jpg 600w\" sizes=\"(max-width: 160px) 100vw, 160px\" \/><\/a>\n\t\t\t<\/dt>\n\t\t\t\t<dd class='wp-caption-text gallery-caption' id='gallery-1-1610'>\n\t\t\t\t\u00a9 Ermanno d&#8217;Andrea\n\t\t\t\t<\/dd><\/dl><dl class='gallery-item'>\n\t\t\t<dt class='gallery-icon landscape'>\n\t\t\t\t<a href='https:\/\/www.rivieradeifiori.it\/fr\/art-et-culture\/the-parmles-parmureli\/attachment\/parmureli-20120331-7\/'><img decoding=\"async\" width=\"160\" height=\"160\" src=\"https:\/\/www.rivieradeifiori.it\/wp-content\/uploads\/2016\/03\/Parmureli-20120331-7-160x160.jpg\" class=\"attachment-thumbnail size-thumbnail\" alt=\"\" aria-describedby=\"gallery-1-1607\" srcset=\"https:\/\/www.rivieradeifiori.it\/wp-content\/uploads\/2016\/03\/Parmureli-20120331-7-160x160.jpg 160w, https:\/\/www.rivieradeifiori.it\/wp-content\/uploads\/2016\/03\/Parmureli-20120331-7-440x440.jpg 440w, https:\/\/www.rivieradeifiori.it\/wp-content\/uploads\/2016\/03\/Parmureli-20120331-7-150x150.jpg 150w, https:\/\/www.rivieradeifiori.it\/wp-content\/uploads\/2016\/03\/Parmureli-20120331-7-65x65.jpg 65w, https:\/\/www.rivieradeifiori.it\/wp-content\/uploads\/2016\/03\/Parmureli-20120331-7-180x180.jpg 180w, https:\/\/www.rivieradeifiori.it\/wp-content\/uploads\/2016\/03\/Parmureli-20120331-7-300x300.jpg 300w, https:\/\/www.rivieradeifiori.it\/wp-content\/uploads\/2016\/03\/Parmureli-20120331-7-600x600.jpg 600w\" sizes=\"(max-width: 160px) 100vw, 160px\" \/><\/a>\n\t\t\t<\/dt>\n\t\t\t\t<dd class='wp-caption-text gallery-caption' id='gallery-1-1607'>\n\t\t\t\t\u00a9 Ermanno d&#8217;Andrea\n\t\t\t\t<\/dd><\/dl><dl class='gallery-item'>\n\t\t\t<dt class='gallery-icon landscape'>\n\t\t\t\t<a href='https:\/\/www.rivieradeifiori.it\/fr\/art-et-culture\/the-parmles-parmureli\/attachment\/parmureli-20120331-6\/'><img decoding=\"async\" width=\"160\" height=\"160\" src=\"https:\/\/www.rivieradeifiori.it\/wp-content\/uploads\/2016\/03\/Parmureli-20120331-6-160x160.jpg\" class=\"attachment-thumbnail size-thumbnail\" alt=\"\" aria-describedby=\"gallery-1-1604\" srcset=\"https:\/\/www.rivieradeifiori.it\/wp-content\/uploads\/2016\/03\/Parmureli-20120331-6-160x160.jpg 160w, https:\/\/www.rivieradeifiori.it\/wp-content\/uploads\/2016\/03\/Parmureli-20120331-6-440x440.jpg 440w, https:\/\/www.rivieradeifiori.it\/wp-content\/uploads\/2016\/03\/Parmureli-20120331-6-150x150.jpg 150w, https:\/\/www.rivieradeifiori.it\/wp-content\/uploads\/2016\/03\/Parmureli-20120331-6-65x65.jpg 65w, https:\/\/www.rivieradeifiori.it\/wp-content\/uploads\/2016\/03\/Parmureli-20120331-6-180x180.jpg 180w, https:\/\/www.rivieradeifiori.it\/wp-content\/uploads\/2016\/03\/Parmureli-20120331-6-300x300.jpg 300w, https:\/\/www.rivieradeifiori.it\/wp-content\/uploads\/2016\/03\/Parmureli-20120331-6-600x600.jpg 600w\" sizes=\"(max-width: 160px) 100vw, 160px\" \/><\/a>\n\t\t\t<\/dt>\n\t\t\t\t<dd class='wp-caption-text gallery-caption' id='gallery-1-1604'>\n\t\t\t\t\u00a9 Ermanno d&#8217;Andrea\n\t\t\t\t<\/dd><\/dl><br style=\"clear: both\" \/><dl class='gallery-item'>\n\t\t\t<dt class='gallery-icon landscape'>\n\t\t\t\t<a href='https:\/\/www.rivieradeifiori.it\/fr\/art-et-culture\/the-parmles-parmureli\/attachment\/parmureli-2015-03-28-15-24\/'><img decoding=\"async\" width=\"160\" height=\"160\" src=\"https:\/\/www.rivieradeifiori.it\/wp-content\/uploads\/2016\/03\/Parmureli-2015-03-28-15-24-160x160.jpg\" class=\"attachment-thumbnail size-thumbnail\" alt=\"\" aria-describedby=\"gallery-1-1601\" srcset=\"https:\/\/www.rivieradeifiori.it\/wp-content\/uploads\/2016\/03\/Parmureli-2015-03-28-15-24-160x160.jpg 160w, https:\/\/www.rivieradeifiori.it\/wp-content\/uploads\/2016\/03\/Parmureli-2015-03-28-15-24-440x440.jpg 440w, https:\/\/www.rivieradeifiori.it\/wp-content\/uploads\/2016\/03\/Parmureli-2015-03-28-15-24-150x150.jpg 150w, https:\/\/www.rivieradeifiori.it\/wp-content\/uploads\/2016\/03\/Parmureli-2015-03-28-15-24-65x65.jpg 65w, https:\/\/www.rivieradeifiori.it\/wp-content\/uploads\/2016\/03\/Parmureli-2015-03-28-15-24-180x180.jpg 180w, https:\/\/www.rivieradeifiori.it\/wp-content\/uploads\/2016\/03\/Parmureli-2015-03-28-15-24-300x300.jpg 300w, https:\/\/www.rivieradeifiori.it\/wp-content\/uploads\/2016\/03\/Parmureli-2015-03-28-15-24-600x600.jpg 600w\" sizes=\"(max-width: 160px) 100vw, 160px\" \/><\/a>\n\t\t\t<\/dt>\n\t\t\t\t<dd class='wp-caption-text gallery-caption' id='gallery-1-1601'>\n\t\t\t\t\u00a9 Ermanno d&#8217;Andrea\n\t\t\t\t<\/dd><\/dl><dl class='gallery-item'>\n\t\t\t<dt class='gallery-icon landscape'>\n\t\t\t\t<a href='https:\/\/www.rivieradeifiori.it\/fr\/art-et-culture\/the-parmles-parmureli\/attachment\/parmureli-2015-03-28-15-18\/'><img decoding=\"async\" width=\"160\" height=\"160\" src=\"https:\/\/www.rivieradeifiori.it\/wp-content\/uploads\/2016\/03\/Parmureli-2015-03-28-15-18-160x160.jpg\" class=\"attachment-thumbnail size-thumbnail\" alt=\"\" aria-describedby=\"gallery-1-1598\" srcset=\"https:\/\/www.rivieradeifiori.it\/wp-content\/uploads\/2016\/03\/Parmureli-2015-03-28-15-18-160x160.jpg 160w, https:\/\/www.rivieradeifiori.it\/wp-content\/uploads\/2016\/03\/Parmureli-2015-03-28-15-18-440x440.jpg 440w, https:\/\/www.rivieradeifiori.it\/wp-content\/uploads\/2016\/03\/Parmureli-2015-03-28-15-18-150x150.jpg 150w, https:\/\/www.rivieradeifiori.it\/wp-content\/uploads\/2016\/03\/Parmureli-2015-03-28-15-18-65x65.jpg 65w, https:\/\/www.rivieradeifiori.it\/wp-content\/uploads\/2016\/03\/Parmureli-2015-03-28-15-18-180x180.jpg 180w, https:\/\/www.rivieradeifiori.it\/wp-content\/uploads\/2016\/03\/Parmureli-2015-03-28-15-18-300x300.jpg 300w, https:\/\/www.rivieradeifiori.it\/wp-content\/uploads\/2016\/03\/Parmureli-2015-03-28-15-18-600x600.jpg 600w\" sizes=\"(max-width: 160px) 100vw, 160px\" \/><\/a>\n\t\t\t<\/dt>\n\t\t\t\t<dd class='wp-caption-text gallery-caption' id='gallery-1-1598'>\n\t\t\t\t\u00a9 Ermanno d&#8217;Andrea\n\t\t\t\t<\/dd><\/dl><dl class='gallery-item'>\n\t\t\t<dt class='gallery-icon portrait'>\n\t\t\t\t<a href='https:\/\/www.rivieradeifiori.it\/fr\/art-et-culture\/the-parmles-parmureli\/attachment\/lastra-4\/'><img decoding=\"async\" width=\"160\" height=\"160\" src=\"https:\/\/www.rivieradeifiori.it\/wp-content\/uploads\/2016\/03\/lastra-4-160x160.jpg\" class=\"attachment-thumbnail size-thumbnail\" alt=\"\" srcset=\"https:\/\/www.rivieradeifiori.it\/wp-content\/uploads\/2016\/03\/lastra-4-160x160.jpg 160w, https:\/\/www.rivieradeifiori.it\/wp-content\/uploads\/2016\/03\/lastra-4-440x440.jpg 440w, https:\/\/www.rivieradeifiori.it\/wp-content\/uploads\/2016\/03\/lastra-4-150x150.jpg 150w, https:\/\/www.rivieradeifiori.it\/wp-content\/uploads\/2016\/03\/lastra-4-65x65.jpg 65w, https:\/\/www.rivieradeifiori.it\/wp-content\/uploads\/2016\/03\/lastra-4-180x180.jpg 180w, https:\/\/www.rivieradeifiori.it\/wp-content\/uploads\/2016\/03\/lastra-4-300x300.jpg 300w, https:\/\/www.rivieradeifiori.it\/wp-content\/uploads\/2016\/03\/lastra-4-600x600.jpg 600w\" sizes=\"(max-width: 160px) 100vw, 160px\" \/><\/a>\n\t\t\t<\/dt><\/dl><br style=\"clear: both\" \/><dl class='gallery-item'>\n\t\t\t<dt class='gallery-icon portrait'>\n\t\t\t\t<a href='https:\/\/www.rivieradeifiori.it\/fr\/art-et-culture\/the-parmles-parmureli\/attachment\/bordi-15-3-08-41\/'><img decoding=\"async\" width=\"160\" height=\"160\" src=\"https:\/\/www.rivieradeifiori.it\/wp-content\/uploads\/2016\/03\/bordi.15.3.08-41-160x160.jpg\" class=\"attachment-thumbnail size-thumbnail\" alt=\"\" aria-describedby=\"gallery-1-1592\" srcset=\"https:\/\/www.rivieradeifiori.it\/wp-content\/uploads\/2016\/03\/bordi.15.3.08-41-160x160.jpg 160w, https:\/\/www.rivieradeifiori.it\/wp-content\/uploads\/2016\/03\/bordi.15.3.08-41-440x440.jpg 440w, https:\/\/www.rivieradeifiori.it\/wp-content\/uploads\/2016\/03\/bordi.15.3.08-41-150x150.jpg 150w, https:\/\/www.rivieradeifiori.it\/wp-content\/uploads\/2016\/03\/bordi.15.3.08-41-65x65.jpg 65w, https:\/\/www.rivieradeifiori.it\/wp-content\/uploads\/2016\/03\/bordi.15.3.08-41-180x180.jpg 180w, https:\/\/www.rivieradeifiori.it\/wp-content\/uploads\/2016\/03\/bordi.15.3.08-41-300x300.jpg 300w, https:\/\/www.rivieradeifiori.it\/wp-content\/uploads\/2016\/03\/bordi.15.3.08-41-600x600.jpg 600w\" sizes=\"(max-width: 160px) 100vw, 160px\" \/><\/a>\n\t\t\t<\/dt>\n\t\t\t\t<dd class='wp-caption-text gallery-caption' id='gallery-1-1592'>\n\t\t\t\t\u00a9 Ermanno d&#8217;Andrea\n\t\t\t\t<\/dd><\/dl><dl class='gallery-item'>\n\t\t\t<dt class='gallery-icon portrait'>\n\t\t\t\t<a href='https:\/\/www.rivieradeifiori.it\/fr\/art-et-culture\/the-parmles-parmureli\/attachment\/bordi-15-3-08-34\/'><img decoding=\"async\" width=\"160\" height=\"160\" src=\"https:\/\/www.rivieradeifiori.it\/wp-content\/uploads\/2016\/03\/bordi.15.3.08-34-160x160.jpg\" class=\"attachment-thumbnail size-thumbnail\" alt=\"\" aria-describedby=\"gallery-1-1589\" srcset=\"https:\/\/www.rivieradeifiori.it\/wp-content\/uploads\/2016\/03\/bordi.15.3.08-34-160x160.jpg 160w, https:\/\/www.rivieradeifiori.it\/wp-content\/uploads\/2016\/03\/bordi.15.3.08-34-440x440.jpg 440w, https:\/\/www.rivieradeifiori.it\/wp-content\/uploads\/2016\/03\/bordi.15.3.08-34-150x150.jpg 150w, https:\/\/www.rivieradeifiori.it\/wp-content\/uploads\/2016\/03\/bordi.15.3.08-34-65x65.jpg 65w, https:\/\/www.rivieradeifiori.it\/wp-content\/uploads\/2016\/03\/bordi.15.3.08-34-180x180.jpg 180w, https:\/\/www.rivieradeifiori.it\/wp-content\/uploads\/2016\/03\/bordi.15.3.08-34-300x300.jpg 300w, https:\/\/www.rivieradeifiori.it\/wp-content\/uploads\/2016\/03\/bordi.15.3.08-34-600x600.jpg 600w\" sizes=\"(max-width: 160px) 100vw, 160px\" \/><\/a>\n\t\t\t<\/dt>\n\t\t\t\t<dd class='wp-caption-text gallery-caption' id='gallery-1-1589'>\n\t\t\t\t\u00a9 Ermanno d&#8217;Andrea\n\t\t\t\t<\/dd><\/dl><dl class='gallery-item'>\n\t\t\t<dt class='gallery-icon portrait'>\n\t\t\t\t<a href='https:\/\/www.rivieradeifiori.it\/fr\/art-et-culture\/the-parmles-parmureli\/attachment\/bordi-15-3-08-30\/'><img decoding=\"async\" width=\"160\" height=\"160\" src=\"https:\/\/www.rivieradeifiori.it\/wp-content\/uploads\/2016\/03\/bordi.15.3.08-30-160x160.jpg\" class=\"attachment-thumbnail size-thumbnail\" alt=\"\" aria-describedby=\"gallery-1-1586\" srcset=\"https:\/\/www.rivieradeifiori.it\/wp-content\/uploads\/2016\/03\/bordi.15.3.08-30-160x160.jpg 160w, https:\/\/www.rivieradeifiori.it\/wp-content\/uploads\/2016\/03\/bordi.15.3.08-30-440x440.jpg 440w, https:\/\/www.rivieradeifiori.it\/wp-content\/uploads\/2016\/03\/bordi.15.3.08-30-150x150.jpg 150w, https:\/\/www.rivieradeifiori.it\/wp-content\/uploads\/2016\/03\/bordi.15.3.08-30-65x65.jpg 65w, https:\/\/www.rivieradeifiori.it\/wp-content\/uploads\/2016\/03\/bordi.15.3.08-30-180x180.jpg 180w, https:\/\/www.rivieradeifiori.it\/wp-content\/uploads\/2016\/03\/bordi.15.3.08-30-300x300.jpg 300w, https:\/\/www.rivieradeifiori.it\/wp-content\/uploads\/2016\/03\/bordi.15.3.08-30-600x600.jpg 600w\" sizes=\"(max-width: 160px) 100vw, 160px\" \/><\/a>\n\t\t\t<\/dt>\n\t\t\t\t<dd class='wp-caption-text gallery-caption' id='gallery-1-1586'>\n\t\t\t\t\u00a9 Ermanno d&#8217;Andrea\n\t\t\t\t<\/dd><\/dl><br style=\"clear: both\" \/><dl class='gallery-item'>\n\t\t\t<dt class='gallery-icon landscape'>\n\t\t\t\t<a href='https:\/\/www.rivieradeifiori.it\/fr\/art-et-culture\/the-parmles-parmureli\/attachment\/bordi-15-3-08-12\/'><img decoding=\"async\" width=\"160\" height=\"160\" src=\"https:\/\/www.rivieradeifiori.it\/wp-content\/uploads\/2016\/03\/bordi.15.3.08-12-e1460108341912-160x160.jpg\" class=\"attachment-thumbnail size-thumbnail\" alt=\"\" aria-describedby=\"gallery-1-1583\" srcset=\"https:\/\/www.rivieradeifiori.it\/wp-content\/uploads\/2016\/03\/bordi.15.3.08-12-e1460108341912-160x160.jpg 160w, https:\/\/www.rivieradeifiori.it\/wp-content\/uploads\/2016\/03\/bordi.15.3.08-12-e1460108341912-440x440.jpg 440w, https:\/\/www.rivieradeifiori.it\/wp-content\/uploads\/2016\/03\/bordi.15.3.08-12-e1460108341912-150x150.jpg 150w, https:\/\/www.rivieradeifiori.it\/wp-content\/uploads\/2016\/03\/bordi.15.3.08-12-e1460108341912-65x65.jpg 65w, https:\/\/www.rivieradeifiori.it\/wp-content\/uploads\/2016\/03\/bordi.15.3.08-12-e1460108341912-180x180.jpg 180w, https:\/\/www.rivieradeifiori.it\/wp-content\/uploads\/2016\/03\/bordi.15.3.08-12-e1460108341912-300x300.jpg 300w, https:\/\/www.rivieradeifiori.it\/wp-content\/uploads\/2016\/03\/bordi.15.3.08-12-e1460108341912-600x600.jpg 600w\" sizes=\"(max-width: 160px) 100vw, 160px\" \/><\/a>\n\t\t\t<\/dt>\n\t\t\t\t<dd class='wp-caption-text gallery-caption' id='gallery-1-1583'>\n\t\t\t\t\u00a9 Ermanno d&#8217;Andrea\n\t\t\t\t<\/dd><\/dl><dl class='gallery-item'>\n\t\t\t<dt class='gallery-icon landscape'>\n\t\t\t\t<a href='https:\/\/www.rivieradeifiori.it\/fr\/art-et-culture\/the-parmles-parmureli\/attachment\/bordi-15-3-08-5\/'><img decoding=\"async\" width=\"160\" height=\"160\" src=\"https:\/\/www.rivieradeifiori.it\/wp-content\/uploads\/2016\/03\/bordi.15.3.08-5-160x160.jpg\" class=\"attachment-thumbnail size-thumbnail\" alt=\"\" aria-describedby=\"gallery-1-1580\" srcset=\"https:\/\/www.rivieradeifiori.it\/wp-content\/uploads\/2016\/03\/bordi.15.3.08-5-160x160.jpg 160w, https:\/\/www.rivieradeifiori.it\/wp-content\/uploads\/2016\/03\/bordi.15.3.08-5-440x440.jpg 440w, https:\/\/www.rivieradeifiori.it\/wp-content\/uploads\/2016\/03\/bordi.15.3.08-5-150x150.jpg 150w, https:\/\/www.rivieradeifiori.it\/wp-content\/uploads\/2016\/03\/bordi.15.3.08-5-65x65.jpg 65w, https:\/\/www.rivieradeifiori.it\/wp-content\/uploads\/2016\/03\/bordi.15.3.08-5-180x180.jpg 180w, https:\/\/www.rivieradeifiori.it\/wp-content\/uploads\/2016\/03\/bordi.15.3.08-5-300x300.jpg 300w, https:\/\/www.rivieradeifiori.it\/wp-content\/uploads\/2016\/03\/bordi.15.3.08-5-600x600.jpg 600w\" sizes=\"(max-width: 160px) 100vw, 160px\" \/><\/a>\n\t\t\t<\/dt>\n\t\t\t\t<dd class='wp-caption-text gallery-caption' id='gallery-1-1580'>\n\t\t\t\t\u00a9 Ermanno d&#8217;Andrea\n\t\t\t\t<\/dd><\/dl><dl class='gallery-item'>\n\t\t\t<dt class='gallery-icon landscape'>\n\t\t\t\t<a href='https:\/\/www.rivieradeifiori.it\/fr\/art-et-culture\/the-parmles-parmureli\/attachment\/bordi-090405-38\/'><img decoding=\"async\" width=\"160\" height=\"160\" src=\"https:\/\/www.rivieradeifiori.it\/wp-content\/uploads\/2016\/03\/Bordi.-090405-38-160x160.jpg\" class=\"attachment-thumbnail size-thumbnail\" alt=\"\" aria-describedby=\"gallery-1-1577\" srcset=\"https:\/\/www.rivieradeifiori.it\/wp-content\/uploads\/2016\/03\/Bordi.-090405-38-160x160.jpg 160w, https:\/\/www.rivieradeifiori.it\/wp-content\/uploads\/2016\/03\/Bordi.-090405-38-440x440.jpg 440w, https:\/\/www.rivieradeifiori.it\/wp-content\/uploads\/2016\/03\/Bordi.-090405-38-150x150.jpg 150w, https:\/\/www.rivieradeifiori.it\/wp-content\/uploads\/2016\/03\/Bordi.-090405-38-65x65.jpg 65w, https:\/\/www.rivieradeifiori.it\/wp-content\/uploads\/2016\/03\/Bordi.-090405-38-180x180.jpg 180w, https:\/\/www.rivieradeifiori.it\/wp-content\/uploads\/2016\/03\/Bordi.-090405-38-300x300.jpg 300w, https:\/\/www.rivieradeifiori.it\/wp-content\/uploads\/2016\/03\/Bordi.-090405-38-600x600.jpg 600w\" sizes=\"(max-width: 160px) 100vw, 160px\" \/><\/a>\n\t\t\t<\/dt>\n\t\t\t\t<dd class='wp-caption-text gallery-caption' id='gallery-1-1577'>\n\t\t\t\t\u00a9 Ermanno d&#8217;Andrea\n\t\t\t\t<\/dd><\/dl><br style=\"clear: both\" \/><dl class='gallery-item'>\n\t\t\t<dt class='gallery-icon portrait'>\n\t\t\t\t<a href='https:\/\/www.rivieradeifiori.it\/fr\/art-et-culture\/the-parmles-parmureli\/attachment\/bordi-090405-26\/'><img decoding=\"async\" width=\"160\" height=\"160\" src=\"https:\/\/www.rivieradeifiori.it\/wp-content\/uploads\/2016\/03\/Bordi.-090405-26-160x160.jpg\" class=\"attachment-thumbnail size-thumbnail\" alt=\"\" aria-describedby=\"gallery-1-1574\" srcset=\"https:\/\/www.rivieradeifiori.it\/wp-content\/uploads\/2016\/03\/Bordi.-090405-26-160x160.jpg 160w, https:\/\/www.rivieradeifiori.it\/wp-content\/uploads\/2016\/03\/Bordi.-090405-26-440x440.jpg 440w, https:\/\/www.rivieradeifiori.it\/wp-content\/uploads\/2016\/03\/Bordi.-090405-26-150x150.jpg 150w, https:\/\/www.rivieradeifiori.it\/wp-content\/uploads\/2016\/03\/Bordi.-090405-26-65x65.jpg 65w, https:\/\/www.rivieradeifiori.it\/wp-content\/uploads\/2016\/03\/Bordi.-090405-26-180x180.jpg 180w, https:\/\/www.rivieradeifiori.it\/wp-content\/uploads\/2016\/03\/Bordi.-090405-26-300x300.jpg 300w, https:\/\/www.rivieradeifiori.it\/wp-content\/uploads\/2016\/03\/Bordi.-090405-26-600x600.jpg 600w\" sizes=\"(max-width: 160px) 100vw, 160px\" \/><\/a>\n\t\t\t<\/dt>\n\t\t\t\t<dd class='wp-caption-text gallery-caption' id='gallery-1-1574'>\n\t\t\t\t\u00a9 Ermanno d&#8217;Andrea\n\t\t\t\t<\/dd><\/dl><dl class='gallery-item'>\n\t\t\t<dt class='gallery-icon portrait'>\n\t\t\t\t<a href='https:\/\/www.rivieradeifiori.it\/fr\/art-et-culture\/the-parmles-parmureli\/attachment\/bordi-090405-20\/'><img decoding=\"async\" width=\"160\" height=\"160\" src=\"https:\/\/www.rivieradeifiori.it\/wp-content\/uploads\/2016\/03\/Bordi.-090405-20-160x160.jpg\" class=\"attachment-thumbnail size-thumbnail\" alt=\"\" aria-describedby=\"gallery-1-1571\" srcset=\"https:\/\/www.rivieradeifiori.it\/wp-content\/uploads\/2016\/03\/Bordi.-090405-20-160x160.jpg 160w, https:\/\/www.rivieradeifiori.it\/wp-content\/uploads\/2016\/03\/Bordi.-090405-20-440x440.jpg 440w, https:\/\/www.rivieradeifiori.it\/wp-content\/uploads\/2016\/03\/Bordi.-090405-20-150x150.jpg 150w, https:\/\/www.rivieradeifiori.it\/wp-content\/uploads\/2016\/03\/Bordi.-090405-20-65x65.jpg 65w, https:\/\/www.rivieradeifiori.it\/wp-content\/uploads\/2016\/03\/Bordi.-090405-20-180x180.jpg 180w, https:\/\/www.rivieradeifiori.it\/wp-content\/uploads\/2016\/03\/Bordi.-090405-20-300x300.jpg 300w, https:\/\/www.rivieradeifiori.it\/wp-content\/uploads\/2016\/03\/Bordi.-090405-20-600x600.jpg 600w\" sizes=\"(max-width: 160px) 100vw, 160px\" \/><\/a>\n\t\t\t<\/dt>\n\t\t\t\t<dd class='wp-caption-text gallery-caption' id='gallery-1-1571'>\n\t\t\t\t\u00a9 Ermanno d&#8217;Andrea\n\t\t\t\t<\/dd><\/dl><dl class='gallery-item'>\n\t\t\t<dt class='gallery-icon landscape'>\n\t\t\t\t<a href='https:\/\/www.rivieradeifiori.it\/fr\/art-et-culture\/the-parmles-parmureli\/attachment\/bordi-090405-19\/'><img decoding=\"async\" width=\"160\" height=\"160\" src=\"https:\/\/www.rivieradeifiori.it\/wp-content\/uploads\/2016\/03\/Bordi.-090405-19-160x160.jpg\" class=\"attachment-thumbnail size-thumbnail\" alt=\"\" aria-describedby=\"gallery-1-1568\" srcset=\"https:\/\/www.rivieradeifiori.it\/wp-content\/uploads\/2016\/03\/Bordi.-090405-19-160x160.jpg 160w, https:\/\/www.rivieradeifiori.it\/wp-content\/uploads\/2016\/03\/Bordi.-090405-19-1536x1536.jpg 1536w, https:\/\/www.rivieradeifiori.it\/wp-content\/uploads\/2016\/03\/Bordi.-090405-19-300x300.jpg 300w, https:\/\/www.rivieradeifiori.it\/wp-content\/uploads\/2016\/03\/Bordi.-090405-19-1270x1270.jpg 1270w, https:\/\/www.rivieradeifiori.it\/wp-content\/uploads\/2016\/03\/Bordi.-090405-19-500x500.jpg 500w, https:\/\/www.rivieradeifiori.it\/wp-content\/uploads\/2016\/03\/Bordi.-090405-19-800x800.jpg 800w, https:\/\/www.rivieradeifiori.it\/wp-content\/uploads\/2016\/03\/Bordi.-090405-19-1280x1280.jpg 1280w, https:\/\/www.rivieradeifiori.it\/wp-content\/uploads\/2016\/03\/Bordi.-090405-19-1920x1920.jpg 1920w, https:\/\/www.rivieradeifiori.it\/wp-content\/uploads\/2016\/03\/Bordi.-090405-19-1080x1080.jpg 1080w, https:\/\/www.rivieradeifiori.it\/wp-content\/uploads\/2016\/03\/Bordi.-090405-19-440x440.jpg 440w, https:\/\/www.rivieradeifiori.it\/wp-content\/uploads\/2016\/03\/Bordi.-090405-19-150x150.jpg 150w, https:\/\/www.rivieradeifiori.it\/wp-content\/uploads\/2016\/03\/Bordi.-090405-19-65x65.jpg 65w, https:\/\/www.rivieradeifiori.it\/wp-content\/uploads\/2016\/03\/Bordi.-090405-19-180x180.jpg 180w, https:\/\/www.rivieradeifiori.it\/wp-content\/uploads\/2016\/03\/Bordi.-090405-19-600x600.jpg 600w, https:\/\/www.rivieradeifiori.it\/wp-content\/uploads\/2016\/03\/Bordi.-090405-19.jpg 1979w\" sizes=\"(max-width: 160px) 100vw, 160px\" \/><\/a>\n\t\t\t<\/dt>\n\t\t\t\t<dd class='wp-caption-text gallery-caption' id='gallery-1-1568'>\n\t\t\t\t\u00a9 Ermanno d&#8217;Andrea\n\t\t\t\t<\/dd><\/dl><br style=\"clear: both\" \/>\n\t\t<\/div>\n\n","protected":false},"excerpt":{"rendered":"<p>Le dimanche avant celui de P\u00e2ques, les villes de Bordighera et Sanremo deviennent les protagonistes de la Riviera dans la tradition s\u00e9culaire des &#8221;Parmureli&#8221;, des palmiers tress\u00e9s dans des formes artistiques et religieuses. La production de ces \u0153uvres commence \u00e0 peu pr\u00e8s neuf mois avant le Dimanche des Rameaux. Les &#8221;Parmur\u00e0&#8221;, pendent la p\u00e9riode qui [&hellip;]<\/p>\n","protected":false},"author":1,"featured_media":1577,"comment_status":"closed","ping_status":"open","sticky":false,"template":"","format":"standard","meta":{"_et_pb_use_builder":"","_et_pb_old_content":"","_et_gb_content_width":"","_eb_attr":"","_vp_format_video_url":"","_vp_image_focal_point":[],"_vp_custom_popup_image":0,"_vp_format_audio_url":"","_vp_custom_thumbnail":0,"_vp_custom_thumbnail_focal_point":[],"_vp_hover_thumbnail":0,"_vp_hover_thumbnail_focal_point":[],"footnotes":""},"categories":[49],"tags":[1304],"class_list":["post-1648","post","type-post","status-publish","format-standard","has-post-thumbnail","hentry","category-art-et-culture","tag-artisanat","et-has-post-format-content","et_post_format-et-post-format-standard"],"yoast_head":"<!-- This site is optimized with the Yoast SEO plugin v25.7 - https:\/\/yoast.com\/wordpress\/plugins\/seo\/ -->\n<title>Les &#039;&#039;Parmureli&#039;&#039; - Riviera dei Fiori<\/title>\n<meta name=\"robots\" content=\"index, follow, max-snippet:-1, max-image-preview:large, max-video-preview:-1\" \/>\n<link rel=\"canonical\" href=\"https:\/\/www.rivieradeifiori.it\/fr\/art-et-culture\/the-parmles-parmureli\/\" \/>\n<meta name=\"twitter:label1\" content=\"\u00c9crit par\" \/>\n\t<meta name=\"twitter:data1\" content=\"Luca Giovannetti\" \/>\n\t<meta name=\"twitter:label2\" content=\"Dur\u00e9e de lecture estim\u00e9e\" \/>\n\t<meta name=\"twitter:data2\" content=\"2 minutes\" \/>\n<script type=\"application\/ld+json\" class=\"yoast-schema-graph\">{\"@context\":\"https:\/\/schema.org\",\"@graph\":[{\"@type\":\"WebPage\",\"@id\":\"https:\/\/www.rivieradeifiori.it\/fr\/art-et-culture\/the-parmles-parmureli\/\",\"url\":\"https:\/\/www.rivieradeifiori.it\/fr\/art-et-culture\/the-parmles-parmureli\/\",\"name\":\"Les ''Parmureli'' - Riviera dei Fiori\",\"isPartOf\":{\"@id\":\"https:\/\/www.rivieradeifiori.it\/fr\/#website\"},\"primaryImageOfPage\":{\"@id\":\"https:\/\/www.rivieradeifiori.it\/fr\/art-et-culture\/the-parmles-parmureli\/#primaryimage\"},\"image\":{\"@id\":\"https:\/\/www.rivieradeifiori.it\/fr\/art-et-culture\/the-parmles-parmureli\/#primaryimage\"},\"thumbnailUrl\":\"https:\/\/www.rivieradeifiori.it\/wp-content\/uploads\/2016\/03\/Bordi.-090405-38.jpg\",\"datePublished\":\"2016-03-20T08:34:44+00:00\",\"dateModified\":\"2022-06-10T09:06:12+00:00\",\"author\":{\"@id\":\"https:\/\/www.rivieradeifiori.it\/fr\/#\/schema\/person\/6cc4e4ed0d74f08798811653e64f69ed\"},\"breadcrumb\":{\"@id\":\"https:\/\/www.rivieradeifiori.it\/fr\/art-et-culture\/the-parmles-parmureli\/#breadcrumb\"},\"inLanguage\":\"fr-FR\",\"potentialAction\":[{\"@type\":\"ReadAction\",\"target\":[\"https:\/\/www.rivieradeifiori.it\/fr\/art-et-culture\/the-parmles-parmureli\/\"]}]},{\"@type\":\"ImageObject\",\"inLanguage\":\"fr-FR\",\"@id\":\"https:\/\/www.rivieradeifiori.it\/fr\/art-et-culture\/the-parmles-parmureli\/#primaryimage\",\"url\":\"https:\/\/www.rivieradeifiori.it\/wp-content\/uploads\/2016\/03\/Bordi.-090405-38.jpg\",\"contentUrl\":\"https:\/\/www.rivieradeifiori.it\/wp-content\/uploads\/2016\/03\/Bordi.-090405-38.jpg\",\"width\":2772,\"height\":1852,\"caption\":\"\u00a9 Ermanno d'Andrea\"},{\"@type\":\"BreadcrumbList\",\"@id\":\"https:\/\/www.rivieradeifiori.it\/fr\/art-et-culture\/the-parmles-parmureli\/#breadcrumb\",\"itemListElement\":[{\"@type\":\"ListItem\",\"position\":1,\"name\":\"Home\",\"item\":\"https:\/\/www.rivieradeifiori.it\/fr\/\"},{\"@type\":\"ListItem\",\"position\":2,\"name\":\"Les &#8221;Parmureli&#8221;\"}]},{\"@type\":\"WebSite\",\"@id\":\"https:\/\/www.rivieradeifiori.it\/fr\/#website\",\"url\":\"https:\/\/www.rivieradeifiori.it\/fr\/\",\"name\":\"Riviera dei Fiori\",\"description\":\"Un mare di colori\",\"potentialAction\":[{\"@type\":\"SearchAction\",\"target\":{\"@type\":\"EntryPoint\",\"urlTemplate\":\"https:\/\/www.rivieradeifiori.it\/fr\/?s={search_term_string}\"},\"query-input\":{\"@type\":\"PropertyValueSpecification\",\"valueRequired\":true,\"valueName\":\"search_term_string\"}}],\"inLanguage\":\"fr-FR\"},{\"@type\":\"Person\",\"@id\":\"https:\/\/www.rivieradeifiori.it\/fr\/#\/schema\/person\/6cc4e4ed0d74f08798811653e64f69ed\",\"name\":\"Luca Giovannetti\",\"image\":{\"@type\":\"ImageObject\",\"inLanguage\":\"fr-FR\",\"@id\":\"https:\/\/www.rivieradeifiori.it\/fr\/#\/schema\/person\/image\/\",\"url\":\"https:\/\/secure.gravatar.com\/avatar\/092abda2284c50268e586151e014cf903142e524662c62577231430ea44340cf?s=96&r=g&d=https:\/\/www.rivieradeifiori.it\/wp-content\/plugins\/userswp\/assets\/images\/no_profile.png\",\"contentUrl\":\"https:\/\/secure.gravatar.com\/avatar\/092abda2284c50268e586151e014cf903142e524662c62577231430ea44340cf?s=96&r=g&d=https:\/\/www.rivieradeifiori.it\/wp-content\/plugins\/userswp\/assets\/images\/no_profile.png\",\"caption\":\"Luca Giovannetti\"}}]}<\/script>\n<!-- \/ Yoast SEO plugin. -->","yoast_head_json":{"title":"Les ''Parmureli'' - Riviera dei Fiori","robots":{"index":"index","follow":"follow","max-snippet":"max-snippet:-1","max-image-preview":"max-image-preview:large","max-video-preview":"max-video-preview:-1"},"canonical":"https:\/\/www.rivieradeifiori.it\/fr\/art-et-culture\/the-parmles-parmureli\/","twitter_misc":{"\u00c9crit par":"Luca Giovannetti","Dur\u00e9e de lecture estim\u00e9e":"2 minutes"},"schema":{"@context":"https:\/\/schema.org","@graph":[{"@type":"WebPage","@id":"https:\/\/www.rivieradeifiori.it\/fr\/art-et-culture\/the-parmles-parmureli\/","url":"https:\/\/www.rivieradeifiori.it\/fr\/art-et-culture\/the-parmles-parmureli\/","name":"Les ''Parmureli'' - Riviera dei Fiori","isPartOf":{"@id":"https:\/\/www.rivieradeifiori.it\/fr\/#website"},"primaryImageOfPage":{"@id":"https:\/\/www.rivieradeifiori.it\/fr\/art-et-culture\/the-parmles-parmureli\/#primaryimage"},"image":{"@id":"https:\/\/www.rivieradeifiori.it\/fr\/art-et-culture\/the-parmles-parmureli\/#primaryimage"},"thumbnailUrl":"https:\/\/www.rivieradeifiori.it\/wp-content\/uploads\/2016\/03\/Bordi.-090405-38.jpg","datePublished":"2016-03-20T08:34:44+00:00","dateModified":"2022-06-10T09:06:12+00:00","author":{"@id":"https:\/\/www.rivieradeifiori.it\/fr\/#\/schema\/person\/6cc4e4ed0d74f08798811653e64f69ed"},"breadcrumb":{"@id":"https:\/\/www.rivieradeifiori.it\/fr\/art-et-culture\/the-parmles-parmureli\/#breadcrumb"},"inLanguage":"fr-FR","potentialAction":[{"@type":"ReadAction","target":["https:\/\/www.rivieradeifiori.it\/fr\/art-et-culture\/the-parmles-parmureli\/"]}]},{"@type":"ImageObject","inLanguage":"fr-FR","@id":"https:\/\/www.rivieradeifiori.it\/fr\/art-et-culture\/the-parmles-parmureli\/#primaryimage","url":"https:\/\/www.rivieradeifiori.it\/wp-content\/uploads\/2016\/03\/Bordi.-090405-38.jpg","contentUrl":"https:\/\/www.rivieradeifiori.it\/wp-content\/uploads\/2016\/03\/Bordi.-090405-38.jpg","width":2772,"height":1852,"caption":"\u00a9 Ermanno d'Andrea"},{"@type":"BreadcrumbList","@id":"https:\/\/www.rivieradeifiori.it\/fr\/art-et-culture\/the-parmles-parmureli\/#breadcrumb","itemListElement":[{"@type":"ListItem","position":1,"name":"Home","item":"https:\/\/www.rivieradeifiori.it\/fr\/"},{"@type":"ListItem","position":2,"name":"Les &#8221;Parmureli&#8221;"}]},{"@type":"WebSite","@id":"https:\/\/www.rivieradeifiori.it\/fr\/#website","url":"https:\/\/www.rivieradeifiori.it\/fr\/","name":"Riviera dei Fiori","description":"Un mare di colori","potentialAction":[{"@type":"SearchAction","target":{"@type":"EntryPoint","urlTemplate":"https:\/\/www.rivieradeifiori.it\/fr\/?s={search_term_string}"},"query-input":{"@type":"PropertyValueSpecification","valueRequired":true,"valueName":"search_term_string"}}],"inLanguage":"fr-FR"},{"@type":"Person","@id":"https:\/\/www.rivieradeifiori.it\/fr\/#\/schema\/person\/6cc4e4ed0d74f08798811653e64f69ed","name":"Luca Giovannetti","image":{"@type":"ImageObject","inLanguage":"fr-FR","@id":"https:\/\/www.rivieradeifiori.it\/fr\/#\/schema\/person\/image\/","url":"https:\/\/secure.gravatar.com\/avatar\/092abda2284c50268e586151e014cf903142e524662c62577231430ea44340cf?s=96&r=g&d=https:\/\/www.rivieradeifiori.it\/wp-content\/plugins\/userswp\/assets\/images\/no_profile.png","contentUrl":"https:\/\/secure.gravatar.com\/avatar\/092abda2284c50268e586151e014cf903142e524662c62577231430ea44340cf?s=96&r=g&d=https:\/\/www.rivieradeifiori.it\/wp-content\/plugins\/userswp\/assets\/images\/no_profile.png","caption":"Luca Giovannetti"}}]}},"_links":{"self":[{"href":"https:\/\/www.rivieradeifiori.it\/fr\/wp-json\/wp\/v2\/posts\/1648","targetHints":{"allow":["GET"]}}],"collection":[{"href":"https:\/\/www.rivieradeifiori.it\/fr\/wp-json\/wp\/v2\/posts"}],"about":[{"href":"https:\/\/www.rivieradeifiori.it\/fr\/wp-json\/wp\/v2\/types\/post"}],"author":[{"embeddable":true,"href":"https:\/\/www.rivieradeifiori.it\/fr\/wp-json\/wp\/v2\/users\/1"}],"replies":[{"embeddable":true,"href":"https:\/\/www.rivieradeifiori.it\/fr\/wp-json\/wp\/v2\/comments?post=1648"}],"version-history":[{"count":1,"href":"https:\/\/www.rivieradeifiori.it\/fr\/wp-json\/wp\/v2\/posts\/1648\/revisions"}],"predecessor-version":[{"id":15958,"href":"https:\/\/www.rivieradeifiori.it\/fr\/wp-json\/wp\/v2\/posts\/1648\/revisions\/15958"}],"wp:featuredmedia":[{"embeddable":true,"href":"https:\/\/www.rivieradeifiori.it\/fr\/wp-json\/wp\/v2\/media\/1577"}],"wp:attachment":[{"href":"https:\/\/www.rivieradeifiori.it\/fr\/wp-json\/wp\/v2\/media?parent=1648"}],"wp:term":[{"taxonomy":"category","embeddable":true,"href":"https:\/\/www.rivieradeifiori.it\/fr\/wp-json\/wp\/v2\/categories?post=1648"},{"taxonomy":"post_tag","embeddable":true,"href":"https:\/\/www.rivieradeifiori.it\/fr\/wp-json\/wp\/v2\/tags?post=1648"}],"curies":[{"name":"wp","href":"https:\/\/api.w.org\/{rel}","templated":true}]}}