{"id":15360,"date":"2022-06-08T19:46:33","date_gmt":"2022-06-08T17:46:33","guid":{"rendered":"https:\/\/www.rivieradeifiori.it\/senza-categoria-fr\/valle-rio-borghetto\/"},"modified":"2023-02-03T19:59:28","modified_gmt":"2023-02-03T18:59:28","slug":"valle-rio-borghetto","status":"publish","type":"post","link":"https:\/\/www.rivieradeifiori.it\/fr\/mer-et-territoire\/les-vallees\/vallee-rio-borghetto\/valle-rio-borghetto\/","title":{"rendered":"Valle Rio Borghetto"},"content":{"rendered":"\n<p>La vall\u00e9e comprend: BORDIGHERA, VALLEBONA et SEBORGA.<\/p>\n\n\n\n<p><\/p>\n\n\n<div class=\"wp-block-visual-portfolio\">\n<div class=\"vp-portfolio vp-uid-fa458819 vp-id-dGJco\"\n\tdata-vp-layout=\"justified\" data-vp-content-source=\"images\" data-vp-items-style=\"emerge\" data-vp-items-click-action=\"popup_gallery\" data-vp-items-gap=\"5\" data-vp-items-gap-vertical=\"3\" data-vp-pagination=\"load-more\" data-vp-next-page-url=\"\" data-vp-justified-row-height=\"200\" data-vp-justified-row-height-tolerance=\"0.25\" data-vp-justified-max-rows-count=\"0\" data-vp-justified-last-row=\"center\" >\n\t<div class=\"vp-portfolio__preloader-wrap\">\n\t\t<div class=\"vp-portfolio__preloader\">\n\t\t\t<img decoding=\"async\" loading=\"eager\" src=\"https:\/\/www.rivieradeifiori.it\/wp-content\/plugins\/visual-portfolio-pro\/core-plugin\/assets\/images\/logo-dark.svg\" alt=\"Visual Portfolio, Posts &amp; Image Gallery for WordPress\" width=\"20\" height=\"20\" data-skip-lazy>\n\t\t<\/div>\n\t<\/div>\n\t\t<div class=\"vp-portfolio__items-wrap\">\n\t\t\t\n<div class=\"vp-portfolio__items vp-portfolio__items-style-emerge vp-portfolio__items-show-overlay-hover vp-portfolio__items-show-caption-hover\">\n\n\t\t<div\t\tclass=\"vp-portfolio__item-wrap vp-portfolio__item-uid-7422bb2b\" data-vp-filter=\"\" \t\t>\n\t\t\t<template class=\"vp-portfolio__item-popup\" data-vp-popup-img=\"https:\/\/www.rivieradeifiori.it\/wp-content\/uploads\/2022\/05\/1920px-Vallebona.jpg\" data-vp-popup-img-srcset=\"https:\/\/www.rivieradeifiori.it\/wp-content\/uploads\/2022\/05\/1920px-Vallebona.jpg 1920w, https:\/\/www.rivieradeifiori.it\/wp-content\/uploads\/2022\/05\/1920px-Vallebona-300x169.jpg 300w, https:\/\/www.rivieradeifiori.it\/wp-content\/uploads\/2022\/05\/1920px-Vallebona-1270x714.jpg 1270w, https:\/\/www.rivieradeifiori.it\/wp-content\/uploads\/2022\/05\/1920px-Vallebona-1536x863.jpg 1536w, https:\/\/www.rivieradeifiori.it\/wp-content\/uploads\/2022\/05\/1920px-Vallebona-500x281.jpg 500w, https:\/\/www.rivieradeifiori.it\/wp-content\/uploads\/2022\/05\/1920px-Vallebona-800x450.jpg 800w, https:\/\/www.rivieradeifiori.it\/wp-content\/uploads\/2022\/05\/1920px-Vallebona-1280x719.jpg 1280w, https:\/\/www.rivieradeifiori.it\/wp-content\/uploads\/2022\/05\/1920px-Vallebona-1080x607.jpg 1080w, https:\/\/www.rivieradeifiori.it\/wp-content\/uploads\/2022\/05\/1920px-Vallebona-150x84.jpg 150w\" data-vp-popup-img-size=\"1920x1079\" data-vp-popup-md-img=\"https:\/\/www.rivieradeifiori.it\/wp-content\/uploads\/2022\/05\/1920px-Vallebona-800x450.jpg\" data-vp-popup-md-img-size=\"800x450\" data-vp-popup-sm-img=\"https:\/\/www.rivieradeifiori.it\/wp-content\/uploads\/2022\/05\/1920px-Vallebona-500x281.jpg\" data-vp-popup-sm-img-size=\"500x281\">\n\t\t\t<h3 class=\"vp-portfolio__item-popup-title\">Vallebona \u00a9Funky5000 | Wikipedia<\/h3>\n\t\t<\/template>\n\t\t\t\t\t\t<figure class=\"vp-portfolio__item\">\n\t\t\t\t\n<div class=\"vp-portfolio__item-img-wrap\">\n\t<div class=\"vp-portfolio__item-img\">\n\t\t\t<a\n\t\thref=\"https:\/\/www.rivieradeifiori.it\/wp-content\/uploads\/2022\/05\/1920px-Vallebona.jpg\"\n\t\t\t>\n\t\n\t\t<noscript><img decoding=\"async\" width=\"1920\" height=\"1079\" data-skip-lazy src=\"https:\/\/www.rivieradeifiori.it\/wp-content\/uploads\/2022\/05\/1920px-Vallebona.jpg\" class=\"wp-image-10923\" alt=\"\" srcset=\"https:\/\/www.rivieradeifiori.it\/wp-content\/uploads\/2022\/05\/1920px-Vallebona.jpg 1920w, https:\/\/www.rivieradeifiori.it\/wp-content\/uploads\/2022\/05\/1920px-Vallebona-300x169.jpg 300w, https:\/\/www.rivieradeifiori.it\/wp-content\/uploads\/2022\/05\/1920px-Vallebona-1270x714.jpg 1270w, https:\/\/www.rivieradeifiori.it\/wp-content\/uploads\/2022\/05\/1920px-Vallebona-1536x863.jpg 1536w, https:\/\/www.rivieradeifiori.it\/wp-content\/uploads\/2022\/05\/1920px-Vallebona-500x281.jpg 500w, https:\/\/www.rivieradeifiori.it\/wp-content\/uploads\/2022\/05\/1920px-Vallebona-800x450.jpg 800w, https:\/\/www.rivieradeifiori.it\/wp-content\/uploads\/2022\/05\/1920px-Vallebona-1280x719.jpg 1280w, https:\/\/www.rivieradeifiori.it\/wp-content\/uploads\/2022\/05\/1920px-Vallebona-1080x607.jpg 1080w, https:\/\/www.rivieradeifiori.it\/wp-content\/uploads\/2022\/05\/1920px-Vallebona-150x84.jpg 150w\" sizes=\"(max-width: 1920px) 100vw, 1920px\" \/><\/noscript><img fetchpriority=\"high\" decoding=\"async\" width=\"1920\" height=\"1079\" src=\"https:\/\/www.rivieradeifiori.it\/wp-content\/uploads\/2022\/05\/1920px-Vallebona.jpg\" class=\"wp-image-10923 vp-lazyload\" alt srcset=\"data:image\/svg+xml;base64,PHN2ZyB3aWR0aD0iMTkyMCIgaGVpZ2h0PSIxMDc5IiB2aWV3Qm94PSIwIDAgMTkyMCAxMDc5IiBmaWxsPSJub25lIiB4bWxucz0iaHR0cDovL3d3dy53My5vcmcvMjAwMC9zdmciPjwvc3ZnPg==\" data-src=\"https:\/\/www.rivieradeifiori.it\/wp-content\/uploads\/2022\/05\/1920px-Vallebona.jpg\" data-srcset=\"https:\/\/www.rivieradeifiori.it\/wp-content\/uploads\/2022\/05\/1920px-Vallebona.jpg 1920w, https:\/\/www.rivieradeifiori.it\/wp-content\/uploads\/2022\/05\/1920px-Vallebona-300x169.jpg 300w, https:\/\/www.rivieradeifiori.it\/wp-content\/uploads\/2022\/05\/1920px-Vallebona-1270x714.jpg 1270w, https:\/\/www.rivieradeifiori.it\/wp-content\/uploads\/2022\/05\/1920px-Vallebona-1536x863.jpg 1536w, https:\/\/www.rivieradeifiori.it\/wp-content\/uploads\/2022\/05\/1920px-Vallebona-500x281.jpg 500w, https:\/\/www.rivieradeifiori.it\/wp-content\/uploads\/2022\/05\/1920px-Vallebona-800x450.jpg 800w, https:\/\/www.rivieradeifiori.it\/wp-content\/uploads\/2022\/05\/1920px-Vallebona-1280x719.jpg 1280w, https:\/\/www.rivieradeifiori.it\/wp-content\/uploads\/2022\/05\/1920px-Vallebona-1080x607.jpg 1080w, https:\/\/www.rivieradeifiori.it\/wp-content\/uploads\/2022\/05\/1920px-Vallebona-150x84.jpg 150w\" data-sizes=\"auto\" loading=\"eager\">\n\t\t<div class=\"vp-portfolio__item-overlay\"><\/div>\n\n\t\t<\/a>\t<\/div>\n<\/div>\n\n\t<figcaption class=\"vp-portfolio__item-caption vp-portfolio__item-caption-text-align-center\">\n\t\t<div class=\"vp-portfolio__item-meta-wrap vp-portfolio__custom-scrollbar\">\n\t\t\t<div class=\"vp-portfolio__item-meta\">\n\t\t\t\t\n<h2 class=\"vp-portfolio__item-meta-title\">\n\t\t<a\n\t\thref=\"https:\/\/www.rivieradeifiori.it\/wp-content\/uploads\/2022\/05\/1920px-Vallebona.jpg\"\n\t\t\t>\n\tVallebona \u00a9Funky5000 | Wikipedia<\/a><\/h2>\n\t\t\t<\/div>\n\t\t<\/div>\n\t<\/figcaption>\n\t\t\t<\/figure>\n\t\t\t\t\t<\/div>\n\t\t\n\t\t<div\t\tclass=\"vp-portfolio__item-wrap vp-portfolio__item-uid-4453ea33\" data-vp-filter=\"\" \t\t>\n\t\t\t<template class=\"vp-portfolio__item-popup\" data-vp-popup-img=\"https:\/\/www.rivieradeifiori.it\/wp-content\/uploads\/2022\/05\/1440px-Vallebona-loggia_del_centro_storico1.jpg\" data-vp-popup-img-srcset=\"https:\/\/www.rivieradeifiori.it\/wp-content\/uploads\/2022\/05\/1440px-Vallebona-loggia_del_centro_storico1.jpg 1440w, https:\/\/www.rivieradeifiori.it\/wp-content\/uploads\/2022\/05\/1440px-Vallebona-loggia_del_centro_storico1-300x225.jpg 300w, https:\/\/www.rivieradeifiori.it\/wp-content\/uploads\/2022\/05\/1440px-Vallebona-loggia_del_centro_storico1-1270x953.jpg 1270w, https:\/\/www.rivieradeifiori.it\/wp-content\/uploads\/2022\/05\/1440px-Vallebona-loggia_del_centro_storico1-500x375.jpg 500w, https:\/\/www.rivieradeifiori.it\/wp-content\/uploads\/2022\/05\/1440px-Vallebona-loggia_del_centro_storico1-800x600.jpg 800w, https:\/\/www.rivieradeifiori.it\/wp-content\/uploads\/2022\/05\/1440px-Vallebona-loggia_del_centro_storico1-1280x960.jpg 1280w, https:\/\/www.rivieradeifiori.it\/wp-content\/uploads\/2022\/05\/1440px-Vallebona-loggia_del_centro_storico1-1080x810.jpg 1080w, https:\/\/www.rivieradeifiori.it\/wp-content\/uploads\/2022\/05\/1440px-Vallebona-loggia_del_centro_storico1-150x113.jpg 150w\" data-vp-popup-img-size=\"1440x1080\" data-vp-popup-md-img=\"https:\/\/www.rivieradeifiori.it\/wp-content\/uploads\/2022\/05\/1440px-Vallebona-loggia_del_centro_storico1-800x600.jpg\" data-vp-popup-md-img-size=\"800x600\" data-vp-popup-sm-img=\"https:\/\/www.rivieradeifiori.it\/wp-content\/uploads\/2022\/05\/1440px-Vallebona-loggia_del_centro_storico1-500x375.jpg\" data-vp-popup-sm-img-size=\"500x375\">\n\t\t\t<h3 class=\"vp-portfolio__item-popup-title\">Vallebona loggia del centro storico \u00a9Davide Papini | Wikipedia<\/h3>\n\t\t<\/template>\n\t\t\t\t\t\t<figure class=\"vp-portfolio__item\">\n\t\t\t\t\n<div class=\"vp-portfolio__item-img-wrap\">\n\t<div class=\"vp-portfolio__item-img\">\n\t\t\t<a\n\t\thref=\"https:\/\/www.rivieradeifiori.it\/wp-content\/uploads\/2022\/05\/1440px-Vallebona-loggia_del_centro_storico1.jpg\"\n\t\t\t>\n\t\n\t\t<noscript><img decoding=\"async\" width=\"1440\" height=\"1080\" data-skip-lazy src=\"https:\/\/www.rivieradeifiori.it\/wp-content\/uploads\/2022\/05\/1440px-Vallebona-loggia_del_centro_storico1.jpg\" class=\"wp-image-10883\" alt=\"\" srcset=\"https:\/\/www.rivieradeifiori.it\/wp-content\/uploads\/2022\/05\/1440px-Vallebona-loggia_del_centro_storico1.jpg 1440w, https:\/\/www.rivieradeifiori.it\/wp-content\/uploads\/2022\/05\/1440px-Vallebona-loggia_del_centro_storico1-300x225.jpg 300w, https:\/\/www.rivieradeifiori.it\/wp-content\/uploads\/2022\/05\/1440px-Vallebona-loggia_del_centro_storico1-1270x953.jpg 1270w, https:\/\/www.rivieradeifiori.it\/wp-content\/uploads\/2022\/05\/1440px-Vallebona-loggia_del_centro_storico1-500x375.jpg 500w, https:\/\/www.rivieradeifiori.it\/wp-content\/uploads\/2022\/05\/1440px-Vallebona-loggia_del_centro_storico1-800x600.jpg 800w, https:\/\/www.rivieradeifiori.it\/wp-content\/uploads\/2022\/05\/1440px-Vallebona-loggia_del_centro_storico1-1280x960.jpg 1280w, https:\/\/www.rivieradeifiori.it\/wp-content\/uploads\/2022\/05\/1440px-Vallebona-loggia_del_centro_storico1-1080x810.jpg 1080w, https:\/\/www.rivieradeifiori.it\/wp-content\/uploads\/2022\/05\/1440px-Vallebona-loggia_del_centro_storico1-150x113.jpg 150w\" sizes=\"(max-width: 1440px) 100vw, 1440px\" \/><\/noscript><img decoding=\"async\" width=\"1440\" height=\"1080\" src=\"https:\/\/www.rivieradeifiori.it\/wp-content\/uploads\/2022\/05\/1440px-Vallebona-loggia_del_centro_storico1.jpg\" class=\"wp-image-10883 vp-lazyload\" alt srcset=\"data:image\/svg+xml;base64,PHN2ZyB3aWR0aD0iMTQ0MCIgaGVpZ2h0PSIxMDgwIiB2aWV3Qm94PSIwIDAgMTQ0MCAxMDgwIiBmaWxsPSJub25lIiB4bWxucz0iaHR0cDovL3d3dy53My5vcmcvMjAwMC9zdmciPjwvc3ZnPg==\" data-src=\"https:\/\/www.rivieradeifiori.it\/wp-content\/uploads\/2022\/05\/1440px-Vallebona-loggia_del_centro_storico1.jpg\" data-srcset=\"https:\/\/www.rivieradeifiori.it\/wp-content\/uploads\/2022\/05\/1440px-Vallebona-loggia_del_centro_storico1.jpg 1440w, https:\/\/www.rivieradeifiori.it\/wp-content\/uploads\/2022\/05\/1440px-Vallebona-loggia_del_centro_storico1-300x225.jpg 300w, https:\/\/www.rivieradeifiori.it\/wp-content\/uploads\/2022\/05\/1440px-Vallebona-loggia_del_centro_storico1-1270x953.jpg 1270w, https:\/\/www.rivieradeifiori.it\/wp-content\/uploads\/2022\/05\/1440px-Vallebona-loggia_del_centro_storico1-500x375.jpg 500w, https:\/\/www.rivieradeifiori.it\/wp-content\/uploads\/2022\/05\/1440px-Vallebona-loggia_del_centro_storico1-800x600.jpg 800w, https:\/\/www.rivieradeifiori.it\/wp-content\/uploads\/2022\/05\/1440px-Vallebona-loggia_del_centro_storico1-1280x960.jpg 1280w, https:\/\/www.rivieradeifiori.it\/wp-content\/uploads\/2022\/05\/1440px-Vallebona-loggia_del_centro_storico1-1080x810.jpg 1080w, https:\/\/www.rivieradeifiori.it\/wp-content\/uploads\/2022\/05\/1440px-Vallebona-loggia_del_centro_storico1-150x113.jpg 150w\" data-sizes=\"auto\" loading=\"eager\">\n\t\t<div class=\"vp-portfolio__item-overlay\"><\/div>\n\n\t\t<\/a>\t<\/div>\n<\/div>\n\n\t<figcaption class=\"vp-portfolio__item-caption vp-portfolio__item-caption-text-align-center\">\n\t\t<div class=\"vp-portfolio__item-meta-wrap vp-portfolio__custom-scrollbar\">\n\t\t\t<div class=\"vp-portfolio__item-meta\">\n\t\t\t\t\n<h2 class=\"vp-portfolio__item-meta-title\">\n\t\t<a\n\t\thref=\"https:\/\/www.rivieradeifiori.it\/wp-content\/uploads\/2022\/05\/1440px-Vallebona-loggia_del_centro_storico1.jpg\"\n\t\t\t>\n\tVallebona loggia del centro storico \u00a9Davide Papini | Wikipedia<\/a><\/h2>\n\t\t\t<\/div>\n\t\t<\/div>\n\t<\/figcaption>\n\t\t\t<\/figure>\n\t\t\t\t\t<\/div>\n\t\t\n\t\t<div\t\tclass=\"vp-portfolio__item-wrap vp-portfolio__item-uid-d91f8b7b\" data-vp-filter=\"\" \t\t>\n\t\t\t<template class=\"vp-portfolio__item-popup\" data-vp-popup-img=\"https:\/\/www.rivieradeifiori.it\/wp-content\/uploads\/2022\/05\/Depositphotos_81036078_xl-2015-scaled-1-1920x1277.jpg\" data-vp-popup-img-srcset=\"https:\/\/www.rivieradeifiori.it\/wp-content\/uploads\/2022\/05\/Depositphotos_81036078_xl-2015-scaled-1-1920x1277.jpg 1920w, https:\/\/www.rivieradeifiori.it\/wp-content\/uploads\/2022\/05\/Depositphotos_81036078_xl-2015-scaled-1-300x199.jpg 300w, https:\/\/www.rivieradeifiori.it\/wp-content\/uploads\/2022\/05\/Depositphotos_81036078_xl-2015-scaled-1-1270x844.jpg 1270w, https:\/\/www.rivieradeifiori.it\/wp-content\/uploads\/2022\/05\/Depositphotos_81036078_xl-2015-scaled-1-1536x1021.jpg 1536w, https:\/\/www.rivieradeifiori.it\/wp-content\/uploads\/2022\/05\/Depositphotos_81036078_xl-2015-scaled-1-2048x1362.jpg 2048w, https:\/\/www.rivieradeifiori.it\/wp-content\/uploads\/2022\/05\/Depositphotos_81036078_xl-2015-scaled-1-500x332.jpg 500w, https:\/\/www.rivieradeifiori.it\/wp-content\/uploads\/2022\/05\/Depositphotos_81036078_xl-2015-scaled-1-800x532.jpg 800w, https:\/\/www.rivieradeifiori.it\/wp-content\/uploads\/2022\/05\/Depositphotos_81036078_xl-2015-scaled-1-1280x851.jpg 1280w, https:\/\/www.rivieradeifiori.it\/wp-content\/uploads\/2022\/05\/Depositphotos_81036078_xl-2015-scaled-1-1080x718.jpg 1080w, https:\/\/www.rivieradeifiori.it\/wp-content\/uploads\/2022\/05\/Depositphotos_81036078_xl-2015-scaled-1-150x100.jpg 150w\" data-vp-popup-img-size=\"1920x1277\" data-vp-popup-md-img=\"https:\/\/www.rivieradeifiori.it\/wp-content\/uploads\/2022\/05\/Depositphotos_81036078_xl-2015-scaled-1-800x532.jpg\" data-vp-popup-md-img-size=\"800x532\" data-vp-popup-sm-img=\"https:\/\/www.rivieradeifiori.it\/wp-content\/uploads\/2022\/05\/Depositphotos_81036078_xl-2015-scaled-1-500x332.jpg\" data-vp-popup-sm-img-size=\"500x332\">\n\t\t\t<h3 class=\"vp-portfolio__item-popup-title\">Vista di Seborga \u00a9Depositphoto<\/h3>\n\t\t<\/template>\n\t\t\t\t\t\t<figure class=\"vp-portfolio__item\">\n\t\t\t\t\n<div class=\"vp-portfolio__item-img-wrap\">\n\t<div class=\"vp-portfolio__item-img\">\n\t\t\t<a\n\t\thref=\"https:\/\/www.rivieradeifiori.it\/wp-content\/uploads\/2022\/05\/Depositphotos_81036078_xl-2015-scaled-1-1920x1277.jpg\"\n\t\t\t>\n\t\n\t\t<noscript><img decoding=\"async\" width=\"1920\" height=\"1277\" data-skip-lazy src=\"https:\/\/www.rivieradeifiori.it\/wp-content\/uploads\/2022\/05\/Depositphotos_81036078_xl-2015-scaled-1-1920x1277.jpg\" class=\"wp-image-11143\" alt=\"\" srcset=\"https:\/\/www.rivieradeifiori.it\/wp-content\/uploads\/2022\/05\/Depositphotos_81036078_xl-2015-scaled-1-1920x1277.jpg 1920w, https:\/\/www.rivieradeifiori.it\/wp-content\/uploads\/2022\/05\/Depositphotos_81036078_xl-2015-scaled-1-300x199.jpg 300w, https:\/\/www.rivieradeifiori.it\/wp-content\/uploads\/2022\/05\/Depositphotos_81036078_xl-2015-scaled-1-1270x844.jpg 1270w, https:\/\/www.rivieradeifiori.it\/wp-content\/uploads\/2022\/05\/Depositphotos_81036078_xl-2015-scaled-1-1536x1021.jpg 1536w, https:\/\/www.rivieradeifiori.it\/wp-content\/uploads\/2022\/05\/Depositphotos_81036078_xl-2015-scaled-1-2048x1362.jpg 2048w, https:\/\/www.rivieradeifiori.it\/wp-content\/uploads\/2022\/05\/Depositphotos_81036078_xl-2015-scaled-1-500x332.jpg 500w, https:\/\/www.rivieradeifiori.it\/wp-content\/uploads\/2022\/05\/Depositphotos_81036078_xl-2015-scaled-1-800x532.jpg 800w, https:\/\/www.rivieradeifiori.it\/wp-content\/uploads\/2022\/05\/Depositphotos_81036078_xl-2015-scaled-1-1280x851.jpg 1280w, https:\/\/www.rivieradeifiori.it\/wp-content\/uploads\/2022\/05\/Depositphotos_81036078_xl-2015-scaled-1-1080x718.jpg 1080w, https:\/\/www.rivieradeifiori.it\/wp-content\/uploads\/2022\/05\/Depositphotos_81036078_xl-2015-scaled-1-150x100.jpg 150w\" sizes=\"(max-width: 1920px) 100vw, 1920px\" \/><\/noscript><img decoding=\"async\" width=\"1920\" height=\"1277\" src=\"https:\/\/www.rivieradeifiori.it\/wp-content\/uploads\/2022\/05\/Depositphotos_81036078_xl-2015-scaled-1-1920x1277.jpg\" class=\"wp-image-11143 vp-lazyload\" alt srcset=\"data:image\/svg+xml;base64,PHN2ZyB3aWR0aD0iMTkyMCIgaGVpZ2h0PSIxMjc3IiB2aWV3Qm94PSIwIDAgMTkyMCAxMjc3IiBmaWxsPSJub25lIiB4bWxucz0iaHR0cDovL3d3dy53My5vcmcvMjAwMC9zdmciPjwvc3ZnPg==\" data-src=\"https:\/\/www.rivieradeifiori.it\/wp-content\/uploads\/2022\/05\/Depositphotos_81036078_xl-2015-scaled-1-1920x1277.jpg\" data-srcset=\"https:\/\/www.rivieradeifiori.it\/wp-content\/uploads\/2022\/05\/Depositphotos_81036078_xl-2015-scaled-1-1920x1277.jpg 1920w, https:\/\/www.rivieradeifiori.it\/wp-content\/uploads\/2022\/05\/Depositphotos_81036078_xl-2015-scaled-1-300x199.jpg 300w, https:\/\/www.rivieradeifiori.it\/wp-content\/uploads\/2022\/05\/Depositphotos_81036078_xl-2015-scaled-1-1270x844.jpg 1270w, https:\/\/www.rivieradeifiori.it\/wp-content\/uploads\/2022\/05\/Depositphotos_81036078_xl-2015-scaled-1-1536x1021.jpg 1536w, https:\/\/www.rivieradeifiori.it\/wp-content\/uploads\/2022\/05\/Depositphotos_81036078_xl-2015-scaled-1-2048x1362.jpg 2048w, https:\/\/www.rivieradeifiori.it\/wp-content\/uploads\/2022\/05\/Depositphotos_81036078_xl-2015-scaled-1-500x332.jpg 500w, https:\/\/www.rivieradeifiori.it\/wp-content\/uploads\/2022\/05\/Depositphotos_81036078_xl-2015-scaled-1-800x532.jpg 800w, https:\/\/www.rivieradeifiori.it\/wp-content\/uploads\/2022\/05\/Depositphotos_81036078_xl-2015-scaled-1-1280x851.jpg 1280w, https:\/\/www.rivieradeifiori.it\/wp-content\/uploads\/2022\/05\/Depositphotos_81036078_xl-2015-scaled-1-1080x718.jpg 1080w, https:\/\/www.rivieradeifiori.it\/wp-content\/uploads\/2022\/05\/Depositphotos_81036078_xl-2015-scaled-1-150x100.jpg 150w\" data-sizes=\"auto\" loading=\"eager\">\n\t\t<div class=\"vp-portfolio__item-overlay\"><\/div>\n\n\t\t<\/a>\t<\/div>\n<\/div>\n\n\t<figcaption class=\"vp-portfolio__item-caption vp-portfolio__item-caption-text-align-center\">\n\t\t<div class=\"vp-portfolio__item-meta-wrap vp-portfolio__custom-scrollbar\">\n\t\t\t<div class=\"vp-portfolio__item-meta\">\n\t\t\t\t\n<h2 class=\"vp-portfolio__item-meta-title\">\n\t\t<a\n\t\thref=\"https:\/\/www.rivieradeifiori.it\/wp-content\/uploads\/2022\/05\/Depositphotos_81036078_xl-2015-scaled-1-1920x1277.jpg\"\n\t\t\t>\n\tVista di Seborga \u00a9Depositphoto<\/a><\/h2>\n\t\t\t<\/div>\n\t\t<\/div>\n\t<\/figcaption>\n\t\t\t<\/figure>\n\t\t\t\t\t<\/div>\n\t\t\n\t\t<div\t\tclass=\"vp-portfolio__item-wrap vp-portfolio__item-uid-40883860\" data-vp-filter=\"\" \t\t>\n\t\t\t<template class=\"vp-portfolio__item-popup\" data-vp-popup-img=\"https:\/\/www.rivieradeifiori.it\/wp-content\/uploads\/2016\/05\/Bandiera-Seborga.jpg\" data-vp-popup-img-srcset=\"https:\/\/www.rivieradeifiori.it\/wp-content\/uploads\/2016\/05\/Bandiera-Seborga.jpg 1024w, https:\/\/www.rivieradeifiori.it\/wp-content\/uploads\/2016\/05\/Bandiera-Seborga-300x200.jpg 300w, https:\/\/www.rivieradeifiori.it\/wp-content\/uploads\/2016\/05\/Bandiera-Seborga-500x333.jpg 500w, https:\/\/www.rivieradeifiori.it\/wp-content\/uploads\/2016\/05\/Bandiera-Seborga-800x533.jpg 800w, https:\/\/www.rivieradeifiori.it\/wp-content\/uploads\/2016\/05\/Bandiera-Seborga-150x100.jpg 150w\" data-vp-popup-img-size=\"1024x682\" data-vp-popup-md-img=\"https:\/\/www.rivieradeifiori.it\/wp-content\/uploads\/2016\/05\/Bandiera-Seborga-800x533.jpg\" data-vp-popup-md-img-size=\"800x533\" data-vp-popup-sm-img=\"https:\/\/www.rivieradeifiori.it\/wp-content\/uploads\/2016\/05\/Bandiera-Seborga-500x333.jpg\" data-vp-popup-sm-img-size=\"500x333\">\n\t\t\t<h3 class=\"vp-portfolio__item-popup-title\">Seborga &#8211; Bandiera Principato di Seborga<\/h3>\n\t\t<\/template>\n\t\t\t\t\t\t<figure class=\"vp-portfolio__item\">\n\t\t\t\t\n<div class=\"vp-portfolio__item-img-wrap\">\n\t<div class=\"vp-portfolio__item-img\">\n\t\t\t<a\n\t\thref=\"https:\/\/www.rivieradeifiori.it\/wp-content\/uploads\/2016\/05\/Bandiera-Seborga.jpg\"\n\t\t\t>\n\t\n\t\t<noscript><img decoding=\"async\" width=\"1024\" height=\"682\" data-skip-lazy src=\"https:\/\/www.rivieradeifiori.it\/wp-content\/uploads\/2016\/05\/Bandiera-Seborga.jpg\" class=\"wp-image-1795\" alt=\"\" srcset=\"https:\/\/www.rivieradeifiori.it\/wp-content\/uploads\/2016\/05\/Bandiera-Seborga.jpg 1024w, https:\/\/www.rivieradeifiori.it\/wp-content\/uploads\/2016\/05\/Bandiera-Seborga-300x200.jpg 300w, https:\/\/www.rivieradeifiori.it\/wp-content\/uploads\/2016\/05\/Bandiera-Seborga-500x333.jpg 500w, https:\/\/www.rivieradeifiori.it\/wp-content\/uploads\/2016\/05\/Bandiera-Seborga-800x533.jpg 800w, https:\/\/www.rivieradeifiori.it\/wp-content\/uploads\/2016\/05\/Bandiera-Seborga-150x100.jpg 150w\" sizes=\"(max-width: 1024px) 100vw, 1024px\" \/><\/noscript><img decoding=\"async\" width=\"1024\" height=\"682\" src=\"https:\/\/www.rivieradeifiori.it\/wp-content\/uploads\/2016\/05\/Bandiera-Seborga.jpg\" class=\"wp-image-1795 vp-lazyload\" alt srcset=\"data:image\/svg+xml;base64,PHN2ZyB3aWR0aD0iMTAyNCIgaGVpZ2h0PSI2ODIiIHZpZXdCb3g9IjAgMCAxMDI0IDY4MiIgZmlsbD0ibm9uZSIgeG1sbnM9Imh0dHA6Ly93d3cudzMub3JnLzIwMDAvc3ZnIj48L3N2Zz4=\" data-src=\"https:\/\/www.rivieradeifiori.it\/wp-content\/uploads\/2016\/05\/Bandiera-Seborga.jpg\" data-srcset=\"https:\/\/www.rivieradeifiori.it\/wp-content\/uploads\/2016\/05\/Bandiera-Seborga.jpg 1024w, https:\/\/www.rivieradeifiori.it\/wp-content\/uploads\/2016\/05\/Bandiera-Seborga-300x200.jpg 300w, https:\/\/www.rivieradeifiori.it\/wp-content\/uploads\/2016\/05\/Bandiera-Seborga-500x333.jpg 500w, https:\/\/www.rivieradeifiori.it\/wp-content\/uploads\/2016\/05\/Bandiera-Seborga-800x533.jpg 800w, https:\/\/www.rivieradeifiori.it\/wp-content\/uploads\/2016\/05\/Bandiera-Seborga-150x100.jpg 150w\" data-sizes=\"auto\" loading=\"eager\">\n\t\t<div class=\"vp-portfolio__item-overlay\"><\/div>\n\n\t\t<\/a>\t<\/div>\n<\/div>\n\n\t<figcaption class=\"vp-portfolio__item-caption vp-portfolio__item-caption-text-align-center\">\n\t\t<div class=\"vp-portfolio__item-meta-wrap vp-portfolio__custom-scrollbar\">\n\t\t\t<div class=\"vp-portfolio__item-meta\">\n\t\t\t\t\n<h2 class=\"vp-portfolio__item-meta-title\">\n\t\t<a\n\t\thref=\"https:\/\/www.rivieradeifiori.it\/wp-content\/uploads\/2016\/05\/Bandiera-Seborga.jpg\"\n\t\t\t>\n\tBandiera Principato Seborga<\/a><\/h2>\n\t\t\t<\/div>\n\t\t<\/div>\n\t<\/figcaption>\n\t\t\t<\/figure>\n\t\t\t\t\t<\/div>\n\t\t\n\t\t<div\t\tclass=\"vp-portfolio__item-wrap vp-portfolio__item-uid-f5c52069\" data-vp-filter=\"\" \t\t>\n\t\t\t<template class=\"vp-portfolio__item-popup\" data-vp-popup-img=\"https:\/\/www.rivieradeifiori.it\/wp-content\/uploads\/2016\/05\/Seborga-insegna.jpg\" data-vp-popup-img-srcset=\"https:\/\/www.rivieradeifiori.it\/wp-content\/uploads\/2016\/05\/Seborga-insegna.jpg 1722w, https:\/\/www.rivieradeifiori.it\/wp-content\/uploads\/2016\/05\/Seborga-insegna-1536x1475.jpg 1536w, https:\/\/www.rivieradeifiori.it\/wp-content\/uploads\/2016\/05\/Seborga-insegna-300x288.jpg 300w, https:\/\/www.rivieradeifiori.it\/wp-content\/uploads\/2016\/05\/Seborga-insegna-1270x1220.jpg 1270w, https:\/\/www.rivieradeifiori.it\/wp-content\/uploads\/2016\/05\/Seborga-insegna-500x480.jpg 500w, https:\/\/www.rivieradeifiori.it\/wp-content\/uploads\/2016\/05\/Seborga-insegna-800x768.jpg 800w, https:\/\/www.rivieradeifiori.it\/wp-content\/uploads\/2016\/05\/Seborga-insegna-1280x1229.jpg 1280w, https:\/\/www.rivieradeifiori.it\/wp-content\/uploads\/2016\/05\/Seborga-insegna-1080x1037.jpg 1080w, https:\/\/www.rivieradeifiori.it\/wp-content\/uploads\/2016\/05\/Seborga-insegna-150x144.jpg 150w\" data-vp-popup-img-size=\"1722x1654\" data-vp-popup-md-img=\"https:\/\/www.rivieradeifiori.it\/wp-content\/uploads\/2016\/05\/Seborga-insegna-800x768.jpg\" data-vp-popup-md-img-size=\"800x768\" data-vp-popup-sm-img=\"https:\/\/www.rivieradeifiori.it\/wp-content\/uploads\/2016\/05\/Seborga-insegna-500x480.jpg\" data-vp-popup-sm-img-size=\"500x480\">\n\t<\/template>\n\t\t\t\t\t\t<figure class=\"vp-portfolio__item\">\n\t\t\t\t\n<div class=\"vp-portfolio__item-img-wrap\">\n\t<div class=\"vp-portfolio__item-img\">\n\t\t\t<a\n\t\thref=\"https:\/\/www.rivieradeifiori.it\/wp-content\/uploads\/2016\/05\/Seborga-insegna.jpg\"\n\t\t\t>\n\t\n\t\t<noscript><img decoding=\"async\" width=\"1722\" height=\"1654\" data-skip-lazy src=\"https:\/\/www.rivieradeifiori.it\/wp-content\/uploads\/2016\/05\/Seborga-insegna.jpg\" class=\"wp-image-1791\" alt=\"\" srcset=\"https:\/\/www.rivieradeifiori.it\/wp-content\/uploads\/2016\/05\/Seborga-insegna.jpg 1722w, https:\/\/www.rivieradeifiori.it\/wp-content\/uploads\/2016\/05\/Seborga-insegna-1536x1475.jpg 1536w, https:\/\/www.rivieradeifiori.it\/wp-content\/uploads\/2016\/05\/Seborga-insegna-300x288.jpg 300w, https:\/\/www.rivieradeifiori.it\/wp-content\/uploads\/2016\/05\/Seborga-insegna-1270x1220.jpg 1270w, https:\/\/www.rivieradeifiori.it\/wp-content\/uploads\/2016\/05\/Seborga-insegna-500x480.jpg 500w, https:\/\/www.rivieradeifiori.it\/wp-content\/uploads\/2016\/05\/Seborga-insegna-800x768.jpg 800w, https:\/\/www.rivieradeifiori.it\/wp-content\/uploads\/2016\/05\/Seborga-insegna-1280x1229.jpg 1280w, https:\/\/www.rivieradeifiori.it\/wp-content\/uploads\/2016\/05\/Seborga-insegna-1080x1037.jpg 1080w, https:\/\/www.rivieradeifiori.it\/wp-content\/uploads\/2016\/05\/Seborga-insegna-150x144.jpg 150w\" sizes=\"(max-width: 1722px) 100vw, 1722px\" \/><\/noscript><img decoding=\"async\" width=\"1722\" height=\"1654\" src=\"https:\/\/www.rivieradeifiori.it\/wp-content\/uploads\/2016\/05\/Seborga-insegna.jpg\" class=\"wp-image-1791 vp-lazyload\" alt srcset=\"data:image\/svg+xml;base64,PHN2ZyB3aWR0aD0iMTcyMiIgaGVpZ2h0PSIxNjU0IiB2aWV3Qm94PSIwIDAgMTcyMiAxNjU0IiBmaWxsPSJub25lIiB4bWxucz0iaHR0cDovL3d3dy53My5vcmcvMjAwMC9zdmciPjwvc3ZnPg==\" data-src=\"https:\/\/www.rivieradeifiori.it\/wp-content\/uploads\/2016\/05\/Seborga-insegna.jpg\" data-srcset=\"https:\/\/www.rivieradeifiori.it\/wp-content\/uploads\/2016\/05\/Seborga-insegna.jpg 1722w, https:\/\/www.rivieradeifiori.it\/wp-content\/uploads\/2016\/05\/Seborga-insegna-1536x1475.jpg 1536w, https:\/\/www.rivieradeifiori.it\/wp-content\/uploads\/2016\/05\/Seborga-insegna-300x288.jpg 300w, https:\/\/www.rivieradeifiori.it\/wp-content\/uploads\/2016\/05\/Seborga-insegna-1270x1220.jpg 1270w, https:\/\/www.rivieradeifiori.it\/wp-content\/uploads\/2016\/05\/Seborga-insegna-500x480.jpg 500w, https:\/\/www.rivieradeifiori.it\/wp-content\/uploads\/2016\/05\/Seborga-insegna-800x768.jpg 800w, https:\/\/www.rivieradeifiori.it\/wp-content\/uploads\/2016\/05\/Seborga-insegna-1280x1229.jpg 1280w, https:\/\/www.rivieradeifiori.it\/wp-content\/uploads\/2016\/05\/Seborga-insegna-1080x1037.jpg 1080w, https:\/\/www.rivieradeifiori.it\/wp-content\/uploads\/2016\/05\/Seborga-insegna-150x144.jpg 150w\" data-sizes=\"auto\" loading=\"eager\">\n\t\t<div class=\"vp-portfolio__item-overlay\"><\/div>\n\n\t\t<\/a>\t<\/div>\n<\/div>\n\n\t<figcaption class=\"vp-portfolio__item-caption vp-portfolio__item-caption-text-align-center\">\n\t\t<div class=\"vp-portfolio__item-meta-wrap vp-portfolio__custom-scrollbar\">\n\t\t\t<div class=\"vp-portfolio__item-meta\">\n\t\t\t\t\n<h2 class=\"vp-portfolio__item-meta-title\">\n\t\t<a\n\t\thref=\"https:\/\/www.rivieradeifiori.it\/wp-content\/uploads\/2016\/05\/Seborga-insegna.jpg\"\n\t\t\t>\n\tSeborga insegna<\/a><\/h2>\n\t\t\t<\/div>\n\t\t<\/div>\n\t<\/figcaption>\n\t\t\t<\/figure>\n\t\t\t\t\t<\/div>\n\t\t\n<\/div>\n\t\t<\/div>\n\t\t\n<\/div>\n<\/div>","protected":false},"excerpt":{"rendered":"<p>La vall\u00e9e comprend: BORDIGHERA, VALLEBONA et SEBORGA.<\/p>\n","protected":false},"author":1,"featured_media":13022,"comment_status":"closed","ping_status":"open","sticky":false,"template":"","format":"standard","meta":{"_et_pb_use_builder":"off","_et_pb_old_content":"","_et_gb_content_width":"","_eb_attr":"","_vp_format_video_url":"","_vp_image_focal_point":[],"_vp_custom_popup_image":0,"_vp_format_audio_url":"","_vp_custom_thumbnail":0,"_vp_custom_thumbnail_focal_point":[],"_vp_hover_thumbnail":0,"_vp_hover_thumbnail_focal_point":[],"footnotes":""},"categories":[924,969],"tags":[1285],"class_list":["post-15360","post","type-post","status-publish","format-standard","has-post-thumbnail","hentry","category-les-vallees","category-vallee-rio-borghetto","tag-vallee-rio-borghetto","et-has-post-format-content","et_post_format-et-post-format-standard"],"yoast_head":"<!-- This site is optimized with the Yoast SEO plugin v25.7 - https:\/\/yoast.com\/wordpress\/plugins\/seo\/ -->\n<title>Valle Rio Borghetto - Vall\u00e9e Rio Borghetto - Riviera dei Fiori<\/title>\n<meta name=\"robots\" content=\"index, follow, max-snippet:-1, max-image-preview:large, max-video-preview:-1\" \/>\n<link rel=\"canonical\" href=\"https:\/\/www.rivieradeifiori.it\/fr\/mer-et-territoire\/les-vallees\/vallee-rio-borghetto\/valle-rio-borghetto\/\" \/>\n<meta name=\"twitter:label1\" content=\"\u00c9crit par\" \/>\n\t<meta name=\"twitter:data1\" content=\"Luca Giovannetti\" \/>\n\t<meta name=\"twitter:label2\" content=\"Dur\u00e9e de lecture estim\u00e9e\" \/>\n\t<meta name=\"twitter:data2\" content=\"1 minute\" \/>\n<script type=\"application\/ld+json\" class=\"yoast-schema-graph\">{\"@context\":\"https:\/\/schema.org\",\"@graph\":[{\"@type\":\"WebPage\",\"@id\":\"https:\/\/www.rivieradeifiori.it\/fr\/mer-et-territoire\/les-vallees\/vallee-rio-borghetto\/valle-rio-borghetto\/\",\"url\":\"https:\/\/www.rivieradeifiori.it\/fr\/mer-et-territoire\/les-vallees\/vallee-rio-borghetto\/valle-rio-borghetto\/\",\"name\":\"Valle Rio Borghetto - Vall\u00e9e Rio Borghetto - Riviera dei Fiori\",\"isPartOf\":{\"@id\":\"https:\/\/www.rivieradeifiori.it\/fr\/#website\"},\"primaryImageOfPage\":{\"@id\":\"https:\/\/www.rivieradeifiori.it\/fr\/mer-et-territoire\/les-vallees\/vallee-rio-borghetto\/valle-rio-borghetto\/#primaryimage\"},\"image\":{\"@id\":\"https:\/\/www.rivieradeifiori.it\/fr\/mer-et-territoire\/les-vallees\/vallee-rio-borghetto\/valle-rio-borghetto\/#primaryimage\"},\"thumbnailUrl\":\"https:\/\/www.rivieradeifiori.it\/wp-content\/uploads\/2022\/05\/1920px-Vallebona.jpg\",\"datePublished\":\"2022-06-08T17:46:33+00:00\",\"dateModified\":\"2023-02-03T18:59:28+00:00\",\"author\":{\"@id\":\"https:\/\/www.rivieradeifiori.it\/fr\/#\/schema\/person\/6cc4e4ed0d74f08798811653e64f69ed\"},\"breadcrumb\":{\"@id\":\"https:\/\/www.rivieradeifiori.it\/fr\/mer-et-territoire\/les-vallees\/vallee-rio-borghetto\/valle-rio-borghetto\/#breadcrumb\"},\"inLanguage\":\"fr-FR\",\"potentialAction\":[{\"@type\":\"ReadAction\",\"target\":[\"https:\/\/www.rivieradeifiori.it\/fr\/mer-et-territoire\/les-vallees\/vallee-rio-borghetto\/valle-rio-borghetto\/\"]}]},{\"@type\":\"ImageObject\",\"inLanguage\":\"fr-FR\",\"@id\":\"https:\/\/www.rivieradeifiori.it\/fr\/mer-et-territoire\/les-vallees\/vallee-rio-borghetto\/valle-rio-borghetto\/#primaryimage\",\"url\":\"https:\/\/www.rivieradeifiori.it\/wp-content\/uploads\/2022\/05\/1920px-Vallebona.jpg\",\"contentUrl\":\"https:\/\/www.rivieradeifiori.it\/wp-content\/uploads\/2022\/05\/1920px-Vallebona.jpg\",\"width\":1920,\"height\":1079,\"caption\":\"Vallebona \u00a9Funky5000 | Wikipedia\"},{\"@type\":\"BreadcrumbList\",\"@id\":\"https:\/\/www.rivieradeifiori.it\/fr\/mer-et-territoire\/les-vallees\/vallee-rio-borghetto\/valle-rio-borghetto\/#breadcrumb\",\"itemListElement\":[{\"@type\":\"ListItem\",\"position\":1,\"name\":\"Home\",\"item\":\"https:\/\/www.rivieradeifiori.it\/fr\/\"},{\"@type\":\"ListItem\",\"position\":2,\"name\":\"Valle Rio Borghetto\"}]},{\"@type\":\"WebSite\",\"@id\":\"https:\/\/www.rivieradeifiori.it\/fr\/#website\",\"url\":\"https:\/\/www.rivieradeifiori.it\/fr\/\",\"name\":\"Riviera dei Fiori\",\"description\":\"Un mare di colori\",\"potentialAction\":[{\"@type\":\"SearchAction\",\"target\":{\"@type\":\"EntryPoint\",\"urlTemplate\":\"https:\/\/www.rivieradeifiori.it\/fr\/?s={search_term_string}\"},\"query-input\":{\"@type\":\"PropertyValueSpecification\",\"valueRequired\":true,\"valueName\":\"search_term_string\"}}],\"inLanguage\":\"fr-FR\"},{\"@type\":\"Person\",\"@id\":\"https:\/\/www.rivieradeifiori.it\/fr\/#\/schema\/person\/6cc4e4ed0d74f08798811653e64f69ed\",\"name\":\"Luca Giovannetti\",\"image\":{\"@type\":\"ImageObject\",\"inLanguage\":\"fr-FR\",\"@id\":\"https:\/\/www.rivieradeifiori.it\/fr\/#\/schema\/person\/image\/\",\"url\":\"https:\/\/secure.gravatar.com\/avatar\/092abda2284c50268e586151e014cf903142e524662c62577231430ea44340cf?s=96&r=g&d=https:\/\/www.rivieradeifiori.it\/wp-content\/plugins\/userswp\/assets\/images\/no_profile.png\",\"contentUrl\":\"https:\/\/secure.gravatar.com\/avatar\/092abda2284c50268e586151e014cf903142e524662c62577231430ea44340cf?s=96&r=g&d=https:\/\/www.rivieradeifiori.it\/wp-content\/plugins\/userswp\/assets\/images\/no_profile.png\",\"caption\":\"Luca Giovannetti\"}}]}<\/script>\n<!-- \/ Yoast SEO plugin. -->","yoast_head_json":{"title":"Valle Rio Borghetto - Vall\u00e9e Rio Borghetto - Riviera dei Fiori","robots":{"index":"index","follow":"follow","max-snippet":"max-snippet:-1","max-image-preview":"max-image-preview:large","max-video-preview":"max-video-preview:-1"},"canonical":"https:\/\/www.rivieradeifiori.it\/fr\/mer-et-territoire\/les-vallees\/vallee-rio-borghetto\/valle-rio-borghetto\/","twitter_misc":{"\u00c9crit par":"Luca Giovannetti","Dur\u00e9e de lecture estim\u00e9e":"1 minute"},"schema":{"@context":"https:\/\/schema.org","@graph":[{"@type":"WebPage","@id":"https:\/\/www.rivieradeifiori.it\/fr\/mer-et-territoire\/les-vallees\/vallee-rio-borghetto\/valle-rio-borghetto\/","url":"https:\/\/www.rivieradeifiori.it\/fr\/mer-et-territoire\/les-vallees\/vallee-rio-borghetto\/valle-rio-borghetto\/","name":"Valle Rio Borghetto - Vall\u00e9e Rio Borghetto - Riviera dei Fiori","isPartOf":{"@id":"https:\/\/www.rivieradeifiori.it\/fr\/#website"},"primaryImageOfPage":{"@id":"https:\/\/www.rivieradeifiori.it\/fr\/mer-et-territoire\/les-vallees\/vallee-rio-borghetto\/valle-rio-borghetto\/#primaryimage"},"image":{"@id":"https:\/\/www.rivieradeifiori.it\/fr\/mer-et-territoire\/les-vallees\/vallee-rio-borghetto\/valle-rio-borghetto\/#primaryimage"},"thumbnailUrl":"https:\/\/www.rivieradeifiori.it\/wp-content\/uploads\/2022\/05\/1920px-Vallebona.jpg","datePublished":"2022-06-08T17:46:33+00:00","dateModified":"2023-02-03T18:59:28+00:00","author":{"@id":"https:\/\/www.rivieradeifiori.it\/fr\/#\/schema\/person\/6cc4e4ed0d74f08798811653e64f69ed"},"breadcrumb":{"@id":"https:\/\/www.rivieradeifiori.it\/fr\/mer-et-territoire\/les-vallees\/vallee-rio-borghetto\/valle-rio-borghetto\/#breadcrumb"},"inLanguage":"fr-FR","potentialAction":[{"@type":"ReadAction","target":["https:\/\/www.rivieradeifiori.it\/fr\/mer-et-territoire\/les-vallees\/vallee-rio-borghetto\/valle-rio-borghetto\/"]}]},{"@type":"ImageObject","inLanguage":"fr-FR","@id":"https:\/\/www.rivieradeifiori.it\/fr\/mer-et-territoire\/les-vallees\/vallee-rio-borghetto\/valle-rio-borghetto\/#primaryimage","url":"https:\/\/www.rivieradeifiori.it\/wp-content\/uploads\/2022\/05\/1920px-Vallebona.jpg","contentUrl":"https:\/\/www.rivieradeifiori.it\/wp-content\/uploads\/2022\/05\/1920px-Vallebona.jpg","width":1920,"height":1079,"caption":"Vallebona \u00a9Funky5000 | Wikipedia"},{"@type":"BreadcrumbList","@id":"https:\/\/www.rivieradeifiori.it\/fr\/mer-et-territoire\/les-vallees\/vallee-rio-borghetto\/valle-rio-borghetto\/#breadcrumb","itemListElement":[{"@type":"ListItem","position":1,"name":"Home","item":"https:\/\/www.rivieradeifiori.it\/fr\/"},{"@type":"ListItem","position":2,"name":"Valle Rio Borghetto"}]},{"@type":"WebSite","@id":"https:\/\/www.rivieradeifiori.it\/fr\/#website","url":"https:\/\/www.rivieradeifiori.it\/fr\/","name":"Riviera dei Fiori","description":"Un mare di colori","potentialAction":[{"@type":"SearchAction","target":{"@type":"EntryPoint","urlTemplate":"https:\/\/www.rivieradeifiori.it\/fr\/?s={search_term_string}"},"query-input":{"@type":"PropertyValueSpecification","valueRequired":true,"valueName":"search_term_string"}}],"inLanguage":"fr-FR"},{"@type":"Person","@id":"https:\/\/www.rivieradeifiori.it\/fr\/#\/schema\/person\/6cc4e4ed0d74f08798811653e64f69ed","name":"Luca Giovannetti","image":{"@type":"ImageObject","inLanguage":"fr-FR","@id":"https:\/\/www.rivieradeifiori.it\/fr\/#\/schema\/person\/image\/","url":"https:\/\/secure.gravatar.com\/avatar\/092abda2284c50268e586151e014cf903142e524662c62577231430ea44340cf?s=96&r=g&d=https:\/\/www.rivieradeifiori.it\/wp-content\/plugins\/userswp\/assets\/images\/no_profile.png","contentUrl":"https:\/\/secure.gravatar.com\/avatar\/092abda2284c50268e586151e014cf903142e524662c62577231430ea44340cf?s=96&r=g&d=https:\/\/www.rivieradeifiori.it\/wp-content\/plugins\/userswp\/assets\/images\/no_profile.png","caption":"Luca Giovannetti"}}]}},"_links":{"self":[{"href":"https:\/\/www.rivieradeifiori.it\/fr\/wp-json\/wp\/v2\/posts\/15360","targetHints":{"allow":["GET"]}}],"collection":[{"href":"https:\/\/www.rivieradeifiori.it\/fr\/wp-json\/wp\/v2\/posts"}],"about":[{"href":"https:\/\/www.rivieradeifiori.it\/fr\/wp-json\/wp\/v2\/types\/post"}],"author":[{"embeddable":true,"href":"https:\/\/www.rivieradeifiori.it\/fr\/wp-json\/wp\/v2\/users\/1"}],"replies":[{"embeddable":true,"href":"https:\/\/www.rivieradeifiori.it\/fr\/wp-json\/wp\/v2\/comments?post=15360"}],"version-history":[{"count":2,"href":"https:\/\/www.rivieradeifiori.it\/fr\/wp-json\/wp\/v2\/posts\/15360\/revisions"}],"predecessor-version":[{"id":15375,"href":"https:\/\/www.rivieradeifiori.it\/fr\/wp-json\/wp\/v2\/posts\/15360\/revisions\/15375"}],"wp:featuredmedia":[{"embeddable":true,"href":"https:\/\/www.rivieradeifiori.it\/fr\/wp-json\/wp\/v2\/media\/13022"}],"wp:attachment":[{"href":"https:\/\/www.rivieradeifiori.it\/fr\/wp-json\/wp\/v2\/media?parent=15360"}],"wp:term":[{"taxonomy":"category","embeddable":true,"href":"https:\/\/www.rivieradeifiori.it\/fr\/wp-json\/wp\/v2\/categories?post=15360"},{"taxonomy":"post_tag","embeddable":true,"href":"https:\/\/www.rivieradeifiori.it\/fr\/wp-json\/wp\/v2\/tags?post=15360"}],"curies":[{"name":"wp","href":"https:\/\/api.w.org\/{rel}","templated":true}]}}