{"id":15313,"date":"2022-06-08T19:14:11","date_gmt":"2022-06-08T17:14:11","guid":{"rendered":"https:\/\/www.rivieradeifiori.it\/senza-categoria-fr\/val-roja\/"},"modified":"2023-02-03T19:59:45","modified_gmt":"2023-02-03T18:59:45","slug":"val-roja","status":"publish","type":"post","link":"https:\/\/www.rivieradeifiori.it\/fr\/mer-et-territoire\/les-vallees\/vallee-roja-col-di-tenda\/val-roja\/","title":{"rendered":"Val Roja"},"content":{"rendered":"\n<p>Partag\u00e9e entre l\u2019Italie et la France, la vall\u00e9e de la Roya est parcourue pour une soixantaine de kilom\u00e9tr\u00e9s par la rivi\u00e8re homonyme qui se jette \u00e0 Vintimille.&nbsp; <\/p>\n\n\n\n<p>L\u2019annexion de Nice \u00e0 la France remonte \u00e0 1860 et elle a bris\u00e9 la continuit\u00e9 territoriale de la vall\u00e9e en la rendant une terre de fronti\u00e8re o\u00f9 les traditions et les langues se m\u00ealent. <\/p>\n\n\n\n<p>Si la Haute Vall\u00e9e comprend Tende et Brigue, en descendant on rencontre Fontan Saorge et Breil sur Roya, aujourd\u2019hui toutes en territoire fran\u00e7ais, jusqu\u2019\u00e0 la c\u00f4te o\u00f9 se trouvent Olivetta San Michele, Airole et Vintimille. <\/p>\n\n\n\n<p>Ce franchissement de seuils a m\u00e9lang\u00e9 les langues. Officiellement ce sont le fran\u00e7ais et l\u2019italien mais il faut ajouter les patois ligures alpins de racines communes. <\/p>\n\n\n\n<p>La Vall\u00e9e est travers\u00e9e par d\u2019importantes voies de communication&nbsp;: le col de Tende la relie \u00e0 Limone Piemonte et le panoramique parcours ferroviaire historique du &nbsp;\u00bbtrain des merveilles&nbsp;\u00bb raccorde C\u00f4ni \u00e0 Vintimille. <\/p>\n\n\n\n<p>\u00c0 l\u2019ouest la vall\u00e9e est annexe au Parc National du Mercantour.<\/p>\n\n\n\n<p><\/p>\n\n\n<div class=\"wp-block-visual-portfolio\">\n<div class=\"vp-portfolio vp-uid-1457504b vp-id-MgKif\"\n\tdata-vp-layout=\"justified\" data-vp-content-source=\"images\" data-vp-items-style=\"emerge\" data-vp-items-click-action=\"popup_gallery\" data-vp-items-gap=\"5\" data-vp-items-gap-vertical=\"3\" data-vp-pagination=\"load-more\" data-vp-next-page-url=\"\" data-vp-justified-row-height=\"200\" data-vp-justified-row-height-tolerance=\"0.25\" data-vp-justified-max-rows-count=\"0\" data-vp-justified-last-row=\"center\" >\n\t<div class=\"vp-portfolio__preloader-wrap\">\n\t\t<div class=\"vp-portfolio__preloader\">\n\t\t\t<img decoding=\"async\" loading=\"eager\" src=\"https:\/\/www.rivieradeifiori.it\/wp-content\/plugins\/visual-portfolio-pro\/core-plugin\/assets\/images\/logo-dark.svg\" alt=\"Visual Portfolio, Posts &amp; Image Gallery for WordPress\" width=\"20\" height=\"20\" data-skip-lazy>\n\t\t<\/div>\n\t<\/div>\n\t\t<div class=\"vp-portfolio__items-wrap\">\n\t\t\t\n<div class=\"vp-portfolio__items vp-portfolio__items-style-emerge vp-portfolio__items-show-overlay-hover vp-portfolio__items-show-caption-hover\">\n\n\t\t<div\t\tclass=\"vp-portfolio__item-wrap vp-portfolio__item-uid-8c0e7106\" data-vp-filter=\"\" \t\t>\n\t\t\t<template class=\"vp-portfolio__item-popup\" data-vp-popup-img=\"https:\/\/www.rivieradeifiori.it\/wp-content\/uploads\/2022\/05\/Depositphotos_11692838_l-2015-1920x758.jpg\" data-vp-popup-img-srcset=\"https:\/\/www.rivieradeifiori.it\/wp-content\/uploads\/2022\/05\/Depositphotos_11692838_l-2015-1920x758.jpg 1920w, https:\/\/www.rivieradeifiori.it\/wp-content\/uploads\/2022\/05\/Depositphotos_11692838_l-2015-300x119.jpg 300w, https:\/\/www.rivieradeifiori.it\/wp-content\/uploads\/2022\/05\/Depositphotos_11692838_l-2015-1270x502.jpg 1270w, https:\/\/www.rivieradeifiori.it\/wp-content\/uploads\/2022\/05\/Depositphotos_11692838_l-2015-1536x607.jpg 1536w, https:\/\/www.rivieradeifiori.it\/wp-content\/uploads\/2022\/05\/Depositphotos_11692838_l-2015-500x198.jpg 500w, https:\/\/www.rivieradeifiori.it\/wp-content\/uploads\/2022\/05\/Depositphotos_11692838_l-2015-800x316.jpg 800w, https:\/\/www.rivieradeifiori.it\/wp-content\/uploads\/2022\/05\/Depositphotos_11692838_l-2015-1280x506.jpg 1280w, https:\/\/www.rivieradeifiori.it\/wp-content\/uploads\/2022\/05\/Depositphotos_11692838_l-2015-1080x427.jpg 1080w, https:\/\/www.rivieradeifiori.it\/wp-content\/uploads\/2022\/05\/Depositphotos_11692838_l-2015-150x59.jpg 150w, https:\/\/www.rivieradeifiori.it\/wp-content\/uploads\/2022\/05\/Depositphotos_11692838_l-2015.jpg 2000w\" data-vp-popup-img-size=\"1920x758\" data-vp-popup-md-img=\"https:\/\/www.rivieradeifiori.it\/wp-content\/uploads\/2022\/05\/Depositphotos_11692838_l-2015-800x316.jpg\" data-vp-popup-md-img-size=\"800x316\" data-vp-popup-sm-img=\"https:\/\/www.rivieradeifiori.it\/wp-content\/uploads\/2022\/05\/Depositphotos_11692838_l-2015-500x198.jpg\" data-vp-popup-sm-img-size=\"500x198\">\n\t\t\t<h3 class=\"vp-portfolio__item-popup-title\">Vista panoramiva Val Roja \u00a9Depositphoto<\/h3>\n\t\t<\/template>\n\t\t\t\t\t\t<figure class=\"vp-portfolio__item\">\n\t\t\t\t\n<div class=\"vp-portfolio__item-img-wrap\">\n\t<div class=\"vp-portfolio__item-img\">\n\t\t\t<a\n\t\thref=\"https:\/\/www.rivieradeifiori.it\/wp-content\/uploads\/2022\/05\/Depositphotos_11692838_l-2015-1920x758.jpg\"\n\t\t\t>\n\t\n\t\t<noscript><img decoding=\"async\" width=\"1920\" height=\"758\" data-skip-lazy src=\"https:\/\/www.rivieradeifiori.it\/wp-content\/uploads\/2022\/05\/Depositphotos_11692838_l-2015-1920x758.jpg\" class=\"wp-image-11053\" alt=\"\" srcset=\"https:\/\/www.rivieradeifiori.it\/wp-content\/uploads\/2022\/05\/Depositphotos_11692838_l-2015-1920x758.jpg 1920w, https:\/\/www.rivieradeifiori.it\/wp-content\/uploads\/2022\/05\/Depositphotos_11692838_l-2015-300x119.jpg 300w, https:\/\/www.rivieradeifiori.it\/wp-content\/uploads\/2022\/05\/Depositphotos_11692838_l-2015-1270x502.jpg 1270w, https:\/\/www.rivieradeifiori.it\/wp-content\/uploads\/2022\/05\/Depositphotos_11692838_l-2015-1536x607.jpg 1536w, https:\/\/www.rivieradeifiori.it\/wp-content\/uploads\/2022\/05\/Depositphotos_11692838_l-2015-500x198.jpg 500w, https:\/\/www.rivieradeifiori.it\/wp-content\/uploads\/2022\/05\/Depositphotos_11692838_l-2015-800x316.jpg 800w, https:\/\/www.rivieradeifiori.it\/wp-content\/uploads\/2022\/05\/Depositphotos_11692838_l-2015-1280x506.jpg 1280w, https:\/\/www.rivieradeifiori.it\/wp-content\/uploads\/2022\/05\/Depositphotos_11692838_l-2015-1080x427.jpg 1080w, https:\/\/www.rivieradeifiori.it\/wp-content\/uploads\/2022\/05\/Depositphotos_11692838_l-2015-150x59.jpg 150w, https:\/\/www.rivieradeifiori.it\/wp-content\/uploads\/2022\/05\/Depositphotos_11692838_l-2015.jpg 2000w\" sizes=\"(max-width: 1920px) 100vw, 1920px\" \/><\/noscript><img fetchpriority=\"high\" decoding=\"async\" width=\"1920\" height=\"758\" src=\"https:\/\/www.rivieradeifiori.it\/wp-content\/uploads\/2022\/05\/Depositphotos_11692838_l-2015-1920x758.jpg\" class=\"wp-image-11053 vp-lazyload\" alt srcset=\"data:image\/svg+xml;base64,PHN2ZyB3aWR0aD0iMTkyMCIgaGVpZ2h0PSI3NTgiIHZpZXdCb3g9IjAgMCAxOTIwIDc1OCIgZmlsbD0ibm9uZSIgeG1sbnM9Imh0dHA6Ly93d3cudzMub3JnLzIwMDAvc3ZnIj48L3N2Zz4=\" data-src=\"https:\/\/www.rivieradeifiori.it\/wp-content\/uploads\/2022\/05\/Depositphotos_11692838_l-2015-1920x758.jpg\" data-srcset=\"https:\/\/www.rivieradeifiori.it\/wp-content\/uploads\/2022\/05\/Depositphotos_11692838_l-2015-1920x758.jpg 1920w, https:\/\/www.rivieradeifiori.it\/wp-content\/uploads\/2022\/05\/Depositphotos_11692838_l-2015-300x119.jpg 300w, https:\/\/www.rivieradeifiori.it\/wp-content\/uploads\/2022\/05\/Depositphotos_11692838_l-2015-1270x502.jpg 1270w, https:\/\/www.rivieradeifiori.it\/wp-content\/uploads\/2022\/05\/Depositphotos_11692838_l-2015-1536x607.jpg 1536w, https:\/\/www.rivieradeifiori.it\/wp-content\/uploads\/2022\/05\/Depositphotos_11692838_l-2015-500x198.jpg 500w, https:\/\/www.rivieradeifiori.it\/wp-content\/uploads\/2022\/05\/Depositphotos_11692838_l-2015-800x316.jpg 800w, https:\/\/www.rivieradeifiori.it\/wp-content\/uploads\/2022\/05\/Depositphotos_11692838_l-2015-1280x506.jpg 1280w, https:\/\/www.rivieradeifiori.it\/wp-content\/uploads\/2022\/05\/Depositphotos_11692838_l-2015-1080x427.jpg 1080w, https:\/\/www.rivieradeifiori.it\/wp-content\/uploads\/2022\/05\/Depositphotos_11692838_l-2015-150x59.jpg 150w, https:\/\/www.rivieradeifiori.it\/wp-content\/uploads\/2022\/05\/Depositphotos_11692838_l-2015.jpg 2000w\" data-sizes=\"auto\" loading=\"eager\">\n\t\t<div class=\"vp-portfolio__item-overlay\"><\/div>\n\n\t\t<\/a>\t<\/div>\n<\/div>\n\n\t<figcaption class=\"vp-portfolio__item-caption vp-portfolio__item-caption-text-align-center\">\n\t\t<div class=\"vp-portfolio__item-meta-wrap vp-portfolio__custom-scrollbar\">\n\t\t\t<div class=\"vp-portfolio__item-meta\">\n\t\t\t\t\n<h2 class=\"vp-portfolio__item-meta-title\">\n\t\t<a\n\t\thref=\"https:\/\/www.rivieradeifiori.it\/wp-content\/uploads\/2022\/05\/Depositphotos_11692838_l-2015-1920x758.jpg\"\n\t\t\t>\n\tVista panoramiva Val Roja \u00a9Depositphoto<\/a><\/h2>\n\t\t\t<\/div>\n\t\t<\/div>\n\t<\/figcaption>\n\t\t\t<\/figure>\n\t\t\t\t\t<\/div>\n\t\t\n\t\t<div\t\tclass=\"vp-portfolio__item-wrap vp-portfolio__item-uid-0f1a9cb8\" data-vp-filter=\"\" \t\t>\n\t\t\t<template class=\"vp-portfolio__item-popup\" data-vp-popup-img=\"https:\/\/www.rivieradeifiori.it\/wp-content\/uploads\/2022\/05\/Fiume_Roia.jpg\" data-vp-popup-img-srcset=\"https:\/\/www.rivieradeifiori.it\/wp-content\/uploads\/2022\/05\/Fiume_Roia.jpg 1200w, https:\/\/www.rivieradeifiori.it\/wp-content\/uploads\/2022\/05\/Fiume_Roia-200x300.jpg 200w, https:\/\/www.rivieradeifiori.it\/wp-content\/uploads\/2022\/05\/Fiume_Roia-847x1270.jpg 847w, https:\/\/www.rivieradeifiori.it\/wp-content\/uploads\/2022\/05\/Fiume_Roia-1024x1536.jpg 1024w, https:\/\/www.rivieradeifiori.it\/wp-content\/uploads\/2022\/05\/Fiume_Roia-500x750.jpg 500w, https:\/\/www.rivieradeifiori.it\/wp-content\/uploads\/2022\/05\/Fiume_Roia-800x1200.jpg 800w, https:\/\/www.rivieradeifiori.it\/wp-content\/uploads\/2022\/05\/Fiume_Roia-1080x1620.jpg 1080w, https:\/\/www.rivieradeifiori.it\/wp-content\/uploads\/2022\/05\/Fiume_Roia-150x225.jpg 150w, https:\/\/www.rivieradeifiori.it\/wp-content\/uploads\/2022\/05\/Fiume_Roia-333x500.jpg 333w\" data-vp-popup-img-size=\"1200x1800\" data-vp-popup-md-img=\"https:\/\/www.rivieradeifiori.it\/wp-content\/uploads\/2022\/05\/Fiume_Roia-800x1200.jpg\" data-vp-popup-md-img-size=\"800x1200\" data-vp-popup-sm-img=\"https:\/\/www.rivieradeifiori.it\/wp-content\/uploads\/2022\/05\/Fiume_Roia-500x750.jpg\" data-vp-popup-sm-img-size=\"500x750\">\n\t\t\t<h3 class=\"vp-portfolio__item-popup-title\">Fiume Roia a Ventimiglia \u00a9Arria Belli | Wikipedia<\/h3>\n\t\t<\/template>\n\t\t\t\t\t\t<figure class=\"vp-portfolio__item\">\n\t\t\t\t\n<div class=\"vp-portfolio__item-img-wrap\">\n\t<div class=\"vp-portfolio__item-img\">\n\t\t\t<a\n\t\thref=\"https:\/\/www.rivieradeifiori.it\/wp-content\/uploads\/2022\/05\/Fiume_Roia.jpg\"\n\t\t\t>\n\t\n\t\t<noscript><img decoding=\"async\" width=\"1200\" height=\"1800\" data-skip-lazy src=\"https:\/\/www.rivieradeifiori.it\/wp-content\/uploads\/2022\/05\/Fiume_Roia.jpg\" class=\"wp-image-11423\" alt=\"\" srcset=\"https:\/\/www.rivieradeifiori.it\/wp-content\/uploads\/2022\/05\/Fiume_Roia.jpg 1200w, https:\/\/www.rivieradeifiori.it\/wp-content\/uploads\/2022\/05\/Fiume_Roia-200x300.jpg 200w, https:\/\/www.rivieradeifiori.it\/wp-content\/uploads\/2022\/05\/Fiume_Roia-847x1270.jpg 847w, https:\/\/www.rivieradeifiori.it\/wp-content\/uploads\/2022\/05\/Fiume_Roia-1024x1536.jpg 1024w, https:\/\/www.rivieradeifiori.it\/wp-content\/uploads\/2022\/05\/Fiume_Roia-500x750.jpg 500w, https:\/\/www.rivieradeifiori.it\/wp-content\/uploads\/2022\/05\/Fiume_Roia-800x1200.jpg 800w, https:\/\/www.rivieradeifiori.it\/wp-content\/uploads\/2022\/05\/Fiume_Roia-1080x1620.jpg 1080w, https:\/\/www.rivieradeifiori.it\/wp-content\/uploads\/2022\/05\/Fiume_Roia-150x225.jpg 150w, https:\/\/www.rivieradeifiori.it\/wp-content\/uploads\/2022\/05\/Fiume_Roia-333x500.jpg 333w\" sizes=\"(max-width: 1200px) 100vw, 1200px\" \/><\/noscript><img decoding=\"async\" width=\"1200\" height=\"1800\" src=\"https:\/\/www.rivieradeifiori.it\/wp-content\/uploads\/2022\/05\/Fiume_Roia.jpg\" class=\"wp-image-11423 vp-lazyload\" alt srcset=\"data:image\/svg+xml;base64,PHN2ZyB3aWR0aD0iMTIwMCIgaGVpZ2h0PSIxODAwIiB2aWV3Qm94PSIwIDAgMTIwMCAxODAwIiBmaWxsPSJub25lIiB4bWxucz0iaHR0cDovL3d3dy53My5vcmcvMjAwMC9zdmciPjwvc3ZnPg==\" data-src=\"https:\/\/www.rivieradeifiori.it\/wp-content\/uploads\/2022\/05\/Fiume_Roia.jpg\" data-srcset=\"https:\/\/www.rivieradeifiori.it\/wp-content\/uploads\/2022\/05\/Fiume_Roia.jpg 1200w, https:\/\/www.rivieradeifiori.it\/wp-content\/uploads\/2022\/05\/Fiume_Roia-200x300.jpg 200w, https:\/\/www.rivieradeifiori.it\/wp-content\/uploads\/2022\/05\/Fiume_Roia-847x1270.jpg 847w, https:\/\/www.rivieradeifiori.it\/wp-content\/uploads\/2022\/05\/Fiume_Roia-1024x1536.jpg 1024w, https:\/\/www.rivieradeifiori.it\/wp-content\/uploads\/2022\/05\/Fiume_Roia-500x750.jpg 500w, https:\/\/www.rivieradeifiori.it\/wp-content\/uploads\/2022\/05\/Fiume_Roia-800x1200.jpg 800w, https:\/\/www.rivieradeifiori.it\/wp-content\/uploads\/2022\/05\/Fiume_Roia-1080x1620.jpg 1080w, https:\/\/www.rivieradeifiori.it\/wp-content\/uploads\/2022\/05\/Fiume_Roia-150x225.jpg 150w, https:\/\/www.rivieradeifiori.it\/wp-content\/uploads\/2022\/05\/Fiume_Roia-333x500.jpg 333w\" data-sizes=\"auto\" loading=\"eager\">\n\t\t<div class=\"vp-portfolio__item-overlay\"><\/div>\n\n\t\t<\/a>\t<\/div>\n<\/div>\n\n\t<figcaption class=\"vp-portfolio__item-caption vp-portfolio__item-caption-text-align-center\">\n\t\t<div class=\"vp-portfolio__item-meta-wrap vp-portfolio__custom-scrollbar\">\n\t\t\t<div class=\"vp-portfolio__item-meta\">\n\t\t\t\t\n<h2 class=\"vp-portfolio__item-meta-title\">\n\t\t<a\n\t\thref=\"https:\/\/www.rivieradeifiori.it\/wp-content\/uploads\/2022\/05\/Fiume_Roia.jpg\"\n\t\t\t>\n\tFiume Roia a Ventimiglia \u00a9Arria Belli | Wikipedia<\/a><\/h2>\n\t\t\t<\/div>\n\t\t<\/div>\n\t<\/figcaption>\n\t\t\t<\/figure>\n\t\t\t\t\t<\/div>\n\t\t\n\t\t<div\t\tclass=\"vp-portfolio__item-wrap vp-portfolio__item-uid-a4687f3e\" data-vp-filter=\"\" \t\t>\n\t\t\t<template class=\"vp-portfolio__item-popup\" data-vp-popup-img=\"https:\/\/www.rivieradeifiori.it\/wp-content\/uploads\/2022\/05\/Depositphotos_61769231_xl-2015-scaled-1-1920x1317.jpg\" data-vp-popup-img-srcset=\"https:\/\/www.rivieradeifiori.it\/wp-content\/uploads\/2022\/05\/Depositphotos_61769231_xl-2015-scaled-1-1920x1317.jpg 1920w, https:\/\/www.rivieradeifiori.it\/wp-content\/uploads\/2022\/05\/Depositphotos_61769231_xl-2015-scaled-1-300x206.jpg 300w, https:\/\/www.rivieradeifiori.it\/wp-content\/uploads\/2022\/05\/Depositphotos_61769231_xl-2015-scaled-1-1270x871.jpg 1270w, https:\/\/www.rivieradeifiori.it\/wp-content\/uploads\/2022\/05\/Depositphotos_61769231_xl-2015-scaled-1-1536x1054.jpg 1536w, https:\/\/www.rivieradeifiori.it\/wp-content\/uploads\/2022\/05\/Depositphotos_61769231_xl-2015-scaled-1-2048x1405.jpg 2048w, https:\/\/www.rivieradeifiori.it\/wp-content\/uploads\/2022\/05\/Depositphotos_61769231_xl-2015-scaled-1-500x343.jpg 500w, https:\/\/www.rivieradeifiori.it\/wp-content\/uploads\/2022\/05\/Depositphotos_61769231_xl-2015-scaled-1-800x549.jpg 800w, https:\/\/www.rivieradeifiori.it\/wp-content\/uploads\/2022\/05\/Depositphotos_61769231_xl-2015-scaled-1-1280x878.jpg 1280w, https:\/\/www.rivieradeifiori.it\/wp-content\/uploads\/2022\/05\/Depositphotos_61769231_xl-2015-scaled-1-1080x741.jpg 1080w, https:\/\/www.rivieradeifiori.it\/wp-content\/uploads\/2022\/05\/Depositphotos_61769231_xl-2015-scaled-1-150x103.jpg 150w\" data-vp-popup-img-size=\"1920x1317\" data-vp-popup-md-img=\"https:\/\/www.rivieradeifiori.it\/wp-content\/uploads\/2022\/05\/Depositphotos_61769231_xl-2015-scaled-1-800x549.jpg\" data-vp-popup-md-img-size=\"800x549\" data-vp-popup-sm-img=\"https:\/\/www.rivieradeifiori.it\/wp-content\/uploads\/2022\/05\/Depositphotos_61769231_xl-2015-scaled-1-500x343.jpg\" data-vp-popup-sm-img-size=\"500x343\">\n\t\t\t<h3 class=\"vp-portfolio__item-popup-title\">\u00a9Depositphoto<\/h3>\n\t\t<\/template>\n\t\t\t\t\t\t<figure class=\"vp-portfolio__item\">\n\t\t\t\t\n<div class=\"vp-portfolio__item-img-wrap\">\n\t<div class=\"vp-portfolio__item-img\">\n\t\t\t<a\n\t\thref=\"https:\/\/www.rivieradeifiori.it\/wp-content\/uploads\/2022\/05\/Depositphotos_61769231_xl-2015-scaled-1-1920x1317.jpg\"\n\t\t\t>\n\t\n\t\t<noscript><img decoding=\"async\" width=\"1920\" height=\"1317\" data-skip-lazy src=\"https:\/\/www.rivieradeifiori.it\/wp-content\/uploads\/2022\/05\/Depositphotos_61769231_xl-2015-scaled-1-1920x1317.jpg\" class=\"wp-image-11113\" alt=\"\" srcset=\"https:\/\/www.rivieradeifiori.it\/wp-content\/uploads\/2022\/05\/Depositphotos_61769231_xl-2015-scaled-1-1920x1317.jpg 1920w, https:\/\/www.rivieradeifiori.it\/wp-content\/uploads\/2022\/05\/Depositphotos_61769231_xl-2015-scaled-1-300x206.jpg 300w, https:\/\/www.rivieradeifiori.it\/wp-content\/uploads\/2022\/05\/Depositphotos_61769231_xl-2015-scaled-1-1270x871.jpg 1270w, https:\/\/www.rivieradeifiori.it\/wp-content\/uploads\/2022\/05\/Depositphotos_61769231_xl-2015-scaled-1-1536x1054.jpg 1536w, https:\/\/www.rivieradeifiori.it\/wp-content\/uploads\/2022\/05\/Depositphotos_61769231_xl-2015-scaled-1-2048x1405.jpg 2048w, https:\/\/www.rivieradeifiori.it\/wp-content\/uploads\/2022\/05\/Depositphotos_61769231_xl-2015-scaled-1-500x343.jpg 500w, https:\/\/www.rivieradeifiori.it\/wp-content\/uploads\/2022\/05\/Depositphotos_61769231_xl-2015-scaled-1-800x549.jpg 800w, https:\/\/www.rivieradeifiori.it\/wp-content\/uploads\/2022\/05\/Depositphotos_61769231_xl-2015-scaled-1-1280x878.jpg 1280w, https:\/\/www.rivieradeifiori.it\/wp-content\/uploads\/2022\/05\/Depositphotos_61769231_xl-2015-scaled-1-1080x741.jpg 1080w, https:\/\/www.rivieradeifiori.it\/wp-content\/uploads\/2022\/05\/Depositphotos_61769231_xl-2015-scaled-1-150x103.jpg 150w\" sizes=\"(max-width: 1920px) 100vw, 1920px\" \/><\/noscript><img decoding=\"async\" width=\"1920\" height=\"1317\" src=\"https:\/\/www.rivieradeifiori.it\/wp-content\/uploads\/2022\/05\/Depositphotos_61769231_xl-2015-scaled-1-1920x1317.jpg\" class=\"wp-image-11113 vp-lazyload\" alt srcset=\"data:image\/svg+xml;base64,PHN2ZyB3aWR0aD0iMTkyMCIgaGVpZ2h0PSIxMzE3IiB2aWV3Qm94PSIwIDAgMTkyMCAxMzE3IiBmaWxsPSJub25lIiB4bWxucz0iaHR0cDovL3d3dy53My5vcmcvMjAwMC9zdmciPjwvc3ZnPg==\" data-src=\"https:\/\/www.rivieradeifiori.it\/wp-content\/uploads\/2022\/05\/Depositphotos_61769231_xl-2015-scaled-1-1920x1317.jpg\" data-srcset=\"https:\/\/www.rivieradeifiori.it\/wp-content\/uploads\/2022\/05\/Depositphotos_61769231_xl-2015-scaled-1-1920x1317.jpg 1920w, https:\/\/www.rivieradeifiori.it\/wp-content\/uploads\/2022\/05\/Depositphotos_61769231_xl-2015-scaled-1-300x206.jpg 300w, https:\/\/www.rivieradeifiori.it\/wp-content\/uploads\/2022\/05\/Depositphotos_61769231_xl-2015-scaled-1-1270x871.jpg 1270w, https:\/\/www.rivieradeifiori.it\/wp-content\/uploads\/2022\/05\/Depositphotos_61769231_xl-2015-scaled-1-1536x1054.jpg 1536w, https:\/\/www.rivieradeifiori.it\/wp-content\/uploads\/2022\/05\/Depositphotos_61769231_xl-2015-scaled-1-2048x1405.jpg 2048w, https:\/\/www.rivieradeifiori.it\/wp-content\/uploads\/2022\/05\/Depositphotos_61769231_xl-2015-scaled-1-500x343.jpg 500w, https:\/\/www.rivieradeifiori.it\/wp-content\/uploads\/2022\/05\/Depositphotos_61769231_xl-2015-scaled-1-800x549.jpg 800w, https:\/\/www.rivieradeifiori.it\/wp-content\/uploads\/2022\/05\/Depositphotos_61769231_xl-2015-scaled-1-1280x878.jpg 1280w, https:\/\/www.rivieradeifiori.it\/wp-content\/uploads\/2022\/05\/Depositphotos_61769231_xl-2015-scaled-1-1080x741.jpg 1080w, https:\/\/www.rivieradeifiori.it\/wp-content\/uploads\/2022\/05\/Depositphotos_61769231_xl-2015-scaled-1-150x103.jpg 150w\" data-sizes=\"auto\" loading=\"eager\">\n\t\t<div class=\"vp-portfolio__item-overlay\"><\/div>\n\n\t\t<\/a>\t<\/div>\n<\/div>\n\n\t<figcaption class=\"vp-portfolio__item-caption vp-portfolio__item-caption-text-align-center\">\n\t\t<div class=\"vp-portfolio__item-meta-wrap vp-portfolio__custom-scrollbar\">\n\t\t\t<div class=\"vp-portfolio__item-meta\">\n\t\t\t\t\n<h2 class=\"vp-portfolio__item-meta-title\">\n\t\t<a\n\t\thref=\"https:\/\/www.rivieradeifiori.it\/wp-content\/uploads\/2022\/05\/Depositphotos_61769231_xl-2015-scaled-1-1920x1317.jpg\"\n\t\t\t>\n\tPonte Romano di Airole \u00a9Depositphoto<\/a><\/h2>\n\t\t\t<\/div>\n\t\t<\/div>\n\t<\/figcaption>\n\t\t\t<\/figure>\n\t\t\t\t\t<\/div>\n\t\t\n\t\t<div\t\tclass=\"vp-portfolio__item-wrap vp-portfolio__item-uid-4e33f40f\" data-vp-filter=\"\" \t\t>\n\t\t\t<template class=\"vp-portfolio__item-popup\" data-vp-popup-img=\"https:\/\/www.rivieradeifiori.it\/wp-content\/uploads\/2017\/08\/Parco-Airole-3-1-1920x1440.jpg\" data-vp-popup-img-srcset=\"https:\/\/www.rivieradeifiori.it\/wp-content\/uploads\/2017\/08\/Parco-Airole-3-1-1920x1440.jpg 1920w, https:\/\/www.rivieradeifiori.it\/wp-content\/uploads\/2017\/08\/Parco-Airole-3-1-300x225.jpg 300w, https:\/\/www.rivieradeifiori.it\/wp-content\/uploads\/2017\/08\/Parco-Airole-3-1-1270x953.jpg 1270w, https:\/\/www.rivieradeifiori.it\/wp-content\/uploads\/2017\/08\/Parco-Airole-3-1-1536x1152.jpg 1536w, https:\/\/www.rivieradeifiori.it\/wp-content\/uploads\/2017\/08\/Parco-Airole-3-1-2048x1536.jpg 2048w, https:\/\/www.rivieradeifiori.it\/wp-content\/uploads\/2017\/08\/Parco-Airole-3-1-500x375.jpg 500w, https:\/\/www.rivieradeifiori.it\/wp-content\/uploads\/2017\/08\/Parco-Airole-3-1-800x600.jpg 800w, https:\/\/www.rivieradeifiori.it\/wp-content\/uploads\/2017\/08\/Parco-Airole-3-1-1280x960.jpg 1280w, https:\/\/www.rivieradeifiori.it\/wp-content\/uploads\/2017\/08\/Parco-Airole-3-1-1080x810.jpg 1080w, https:\/\/www.rivieradeifiori.it\/wp-content\/uploads\/2017\/08\/Parco-Airole-3-1-150x113.jpg 150w, https:\/\/www.rivieradeifiori.it\/wp-content\/uploads\/2017\/08\/Parco-Airole-3-1-510x382.jpg 510w\" data-vp-popup-img-size=\"1920x1440\" data-vp-popup-md-img=\"https:\/\/www.rivieradeifiori.it\/wp-content\/uploads\/2017\/08\/Parco-Airole-3-1-800x600.jpg\" data-vp-popup-md-img-size=\"800x600\" data-vp-popup-sm-img=\"https:\/\/www.rivieradeifiori.it\/wp-content\/uploads\/2017\/08\/Parco-Airole-3-1-500x375.jpg\" data-vp-popup-sm-img-size=\"500x375\">\n\t\t\t<h3 class=\"vp-portfolio__item-popup-title\">\u00a9Proloco Airole<\/h3>\n\t\t<\/template>\n\t\t\t\t\t\t<figure class=\"vp-portfolio__item\">\n\t\t\t\t\n<div class=\"vp-portfolio__item-img-wrap\">\n\t<div class=\"vp-portfolio__item-img\">\n\t\t\t<a\n\t\thref=\"https:\/\/www.rivieradeifiori.it\/wp-content\/uploads\/2017\/08\/Parco-Airole-3-1-1920x1440.jpg\"\n\t\t\t>\n\t\n\t\t<noscript><img decoding=\"async\" width=\"1920\" height=\"1440\" data-skip-lazy src=\"https:\/\/www.rivieradeifiori.it\/wp-content\/uploads\/2017\/08\/Parco-Airole-3-1-1920x1440.jpg\" class=\"wp-image-5830\" alt=\"\" srcset=\"https:\/\/www.rivieradeifiori.it\/wp-content\/uploads\/2017\/08\/Parco-Airole-3-1-1920x1440.jpg 1920w, https:\/\/www.rivieradeifiori.it\/wp-content\/uploads\/2017\/08\/Parco-Airole-3-1-300x225.jpg 300w, https:\/\/www.rivieradeifiori.it\/wp-content\/uploads\/2017\/08\/Parco-Airole-3-1-1270x953.jpg 1270w, https:\/\/www.rivieradeifiori.it\/wp-content\/uploads\/2017\/08\/Parco-Airole-3-1-1536x1152.jpg 1536w, https:\/\/www.rivieradeifiori.it\/wp-content\/uploads\/2017\/08\/Parco-Airole-3-1-2048x1536.jpg 2048w, https:\/\/www.rivieradeifiori.it\/wp-content\/uploads\/2017\/08\/Parco-Airole-3-1-500x375.jpg 500w, https:\/\/www.rivieradeifiori.it\/wp-content\/uploads\/2017\/08\/Parco-Airole-3-1-800x600.jpg 800w, https:\/\/www.rivieradeifiori.it\/wp-content\/uploads\/2017\/08\/Parco-Airole-3-1-1280x960.jpg 1280w, https:\/\/www.rivieradeifiori.it\/wp-content\/uploads\/2017\/08\/Parco-Airole-3-1-1080x810.jpg 1080w, https:\/\/www.rivieradeifiori.it\/wp-content\/uploads\/2017\/08\/Parco-Airole-3-1-150x113.jpg 150w, https:\/\/www.rivieradeifiori.it\/wp-content\/uploads\/2017\/08\/Parco-Airole-3-1-510x382.jpg 510w\" sizes=\"(max-width: 1920px) 100vw, 1920px\" \/><\/noscript><img decoding=\"async\" width=\"1920\" height=\"1440\" src=\"https:\/\/www.rivieradeifiori.it\/wp-content\/uploads\/2017\/08\/Parco-Airole-3-1-1920x1440.jpg\" class=\"wp-image-5830 vp-lazyload\" alt srcset=\"data:image\/svg+xml;base64,PHN2ZyB3aWR0aD0iMTkyMCIgaGVpZ2h0PSIxNDQwIiB2aWV3Qm94PSIwIDAgMTkyMCAxNDQwIiBmaWxsPSJub25lIiB4bWxucz0iaHR0cDovL3d3dy53My5vcmcvMjAwMC9zdmciPjwvc3ZnPg==\" data-src=\"https:\/\/www.rivieradeifiori.it\/wp-content\/uploads\/2017\/08\/Parco-Airole-3-1-1920x1440.jpg\" data-srcset=\"https:\/\/www.rivieradeifiori.it\/wp-content\/uploads\/2017\/08\/Parco-Airole-3-1-1920x1440.jpg 1920w, https:\/\/www.rivieradeifiori.it\/wp-content\/uploads\/2017\/08\/Parco-Airole-3-1-300x225.jpg 300w, https:\/\/www.rivieradeifiori.it\/wp-content\/uploads\/2017\/08\/Parco-Airole-3-1-1270x953.jpg 1270w, https:\/\/www.rivieradeifiori.it\/wp-content\/uploads\/2017\/08\/Parco-Airole-3-1-1536x1152.jpg 1536w, https:\/\/www.rivieradeifiori.it\/wp-content\/uploads\/2017\/08\/Parco-Airole-3-1-2048x1536.jpg 2048w, https:\/\/www.rivieradeifiori.it\/wp-content\/uploads\/2017\/08\/Parco-Airole-3-1-500x375.jpg 500w, https:\/\/www.rivieradeifiori.it\/wp-content\/uploads\/2017\/08\/Parco-Airole-3-1-800x600.jpg 800w, https:\/\/www.rivieradeifiori.it\/wp-content\/uploads\/2017\/08\/Parco-Airole-3-1-1280x960.jpg 1280w, https:\/\/www.rivieradeifiori.it\/wp-content\/uploads\/2017\/08\/Parco-Airole-3-1-1080x810.jpg 1080w, https:\/\/www.rivieradeifiori.it\/wp-content\/uploads\/2017\/08\/Parco-Airole-3-1-150x113.jpg 150w, https:\/\/www.rivieradeifiori.it\/wp-content\/uploads\/2017\/08\/Parco-Airole-3-1-510x382.jpg 510w\" data-sizes=\"auto\" loading=\"eager\">\n\t\t<div class=\"vp-portfolio__item-overlay\"><\/div>\n\n\t\t<\/a>\t<\/div>\n<\/div>\n\n\t<figcaption class=\"vp-portfolio__item-caption vp-portfolio__item-caption-text-align-center\">\n\t\t<div class=\"vp-portfolio__item-meta-wrap vp-portfolio__custom-scrollbar\">\n\t\t\t<div class=\"vp-portfolio__item-meta\">\n\t\t\t\t\n<h2 class=\"vp-portfolio__item-meta-title\">\n\t\t<a\n\t\thref=\"https:\/\/www.rivieradeifiori.it\/wp-content\/uploads\/2017\/08\/Parco-Airole-3-1-1920x1440.jpg\"\n\t\t\t>\n\tParco Airole 3<\/a><\/h2>\n\t\t\t<\/div>\n\t\t<\/div>\n\t<\/figcaption>\n\t\t\t<\/figure>\n\t\t\t\t\t<\/div>\n\t\t\n\t\t<div\t\tclass=\"vp-portfolio__item-wrap vp-portfolio__item-uid-1dcf8f86\" data-vp-filter=\"\" \t\t>\n\t\t\t<template class=\"vp-portfolio__item-popup\" data-vp-popup-img=\"https:\/\/www.rivieradeifiori.it\/wp-content\/uploads\/2022\/05\/1440px-Olivetta_San_Michele-panorama.jpg\" data-vp-popup-img-srcset=\"https:\/\/www.rivieradeifiori.it\/wp-content\/uploads\/2022\/05\/1440px-Olivetta_San_Michele-panorama.jpg 1440w, https:\/\/www.rivieradeifiori.it\/wp-content\/uploads\/2022\/05\/1440px-Olivetta_San_Michele-panorama-300x225.jpg 300w, https:\/\/www.rivieradeifiori.it\/wp-content\/uploads\/2022\/05\/1440px-Olivetta_San_Michele-panorama-1270x953.jpg 1270w, https:\/\/www.rivieradeifiori.it\/wp-content\/uploads\/2022\/05\/1440px-Olivetta_San_Michele-panorama-500x375.jpg 500w, https:\/\/www.rivieradeifiori.it\/wp-content\/uploads\/2022\/05\/1440px-Olivetta_San_Michele-panorama-800x600.jpg 800w, https:\/\/www.rivieradeifiori.it\/wp-content\/uploads\/2022\/05\/1440px-Olivetta_San_Michele-panorama-1280x960.jpg 1280w, https:\/\/www.rivieradeifiori.it\/wp-content\/uploads\/2022\/05\/1440px-Olivetta_San_Michele-panorama-1080x810.jpg 1080w, https:\/\/www.rivieradeifiori.it\/wp-content\/uploads\/2022\/05\/1440px-Olivetta_San_Michele-panorama-150x113.jpg 150w\" data-vp-popup-img-size=\"1440x1080\" data-vp-popup-md-img=\"https:\/\/www.rivieradeifiori.it\/wp-content\/uploads\/2022\/05\/1440px-Olivetta_San_Michele-panorama-800x600.jpg\" data-vp-popup-md-img-size=\"800x600\" data-vp-popup-sm-img=\"https:\/\/www.rivieradeifiori.it\/wp-content\/uploads\/2022\/05\/1440px-Olivetta_San_Michele-panorama-500x375.jpg\" data-vp-popup-sm-img-size=\"500x375\">\n\t\t\t<h3 class=\"vp-portfolio__item-popup-title\">Olivetta San Michele &#8211; Panorama \u00a9Davide Papalini | Wikipedia<\/h3>\n\t\t<\/template>\n\t\t\t\t\t\t<figure class=\"vp-portfolio__item\">\n\t\t\t\t\n<div class=\"vp-portfolio__item-img-wrap\">\n\t<div class=\"vp-portfolio__item-img\">\n\t\t\t<a\n\t\thref=\"https:\/\/www.rivieradeifiori.it\/wp-content\/uploads\/2022\/05\/1440px-Olivetta_San_Michele-panorama.jpg\"\n\t\t\t>\n\t\n\t\t<noscript><img decoding=\"async\" width=\"1440\" height=\"1080\" data-skip-lazy src=\"https:\/\/www.rivieradeifiori.it\/wp-content\/uploads\/2022\/05\/1440px-Olivetta_San_Michele-panorama.jpg\" class=\"wp-image-10868\" alt=\"\" srcset=\"https:\/\/www.rivieradeifiori.it\/wp-content\/uploads\/2022\/05\/1440px-Olivetta_San_Michele-panorama.jpg 1440w, https:\/\/www.rivieradeifiori.it\/wp-content\/uploads\/2022\/05\/1440px-Olivetta_San_Michele-panorama-300x225.jpg 300w, https:\/\/www.rivieradeifiori.it\/wp-content\/uploads\/2022\/05\/1440px-Olivetta_San_Michele-panorama-1270x953.jpg 1270w, https:\/\/www.rivieradeifiori.it\/wp-content\/uploads\/2022\/05\/1440px-Olivetta_San_Michele-panorama-500x375.jpg 500w, https:\/\/www.rivieradeifiori.it\/wp-content\/uploads\/2022\/05\/1440px-Olivetta_San_Michele-panorama-800x600.jpg 800w, https:\/\/www.rivieradeifiori.it\/wp-content\/uploads\/2022\/05\/1440px-Olivetta_San_Michele-panorama-1280x960.jpg 1280w, https:\/\/www.rivieradeifiori.it\/wp-content\/uploads\/2022\/05\/1440px-Olivetta_San_Michele-panorama-1080x810.jpg 1080w, https:\/\/www.rivieradeifiori.it\/wp-content\/uploads\/2022\/05\/1440px-Olivetta_San_Michele-panorama-150x113.jpg 150w\" sizes=\"(max-width: 1440px) 100vw, 1440px\" \/><\/noscript><img decoding=\"async\" width=\"1440\" height=\"1080\" src=\"https:\/\/www.rivieradeifiori.it\/wp-content\/uploads\/2022\/05\/1440px-Olivetta_San_Michele-panorama.jpg\" class=\"wp-image-10868 vp-lazyload\" alt srcset=\"data:image\/svg+xml;base64,PHN2ZyB3aWR0aD0iMTQ0MCIgaGVpZ2h0PSIxMDgwIiB2aWV3Qm94PSIwIDAgMTQ0MCAxMDgwIiBmaWxsPSJub25lIiB4bWxucz0iaHR0cDovL3d3dy53My5vcmcvMjAwMC9zdmciPjwvc3ZnPg==\" data-src=\"https:\/\/www.rivieradeifiori.it\/wp-content\/uploads\/2022\/05\/1440px-Olivetta_San_Michele-panorama.jpg\" data-srcset=\"https:\/\/www.rivieradeifiori.it\/wp-content\/uploads\/2022\/05\/1440px-Olivetta_San_Michele-panorama.jpg 1440w, https:\/\/www.rivieradeifiori.it\/wp-content\/uploads\/2022\/05\/1440px-Olivetta_San_Michele-panorama-300x225.jpg 300w, https:\/\/www.rivieradeifiori.it\/wp-content\/uploads\/2022\/05\/1440px-Olivetta_San_Michele-panorama-1270x953.jpg 1270w, https:\/\/www.rivieradeifiori.it\/wp-content\/uploads\/2022\/05\/1440px-Olivetta_San_Michele-panorama-500x375.jpg 500w, https:\/\/www.rivieradeifiori.it\/wp-content\/uploads\/2022\/05\/1440px-Olivetta_San_Michele-panorama-800x600.jpg 800w, https:\/\/www.rivieradeifiori.it\/wp-content\/uploads\/2022\/05\/1440px-Olivetta_San_Michele-panorama-1280x960.jpg 1280w, https:\/\/www.rivieradeifiori.it\/wp-content\/uploads\/2022\/05\/1440px-Olivetta_San_Michele-panorama-1080x810.jpg 1080w, https:\/\/www.rivieradeifiori.it\/wp-content\/uploads\/2022\/05\/1440px-Olivetta_San_Michele-panorama-150x113.jpg 150w\" data-sizes=\"auto\" loading=\"eager\">\n\t\t<div class=\"vp-portfolio__item-overlay\"><\/div>\n\n\t\t<\/a>\t<\/div>\n<\/div>\n\n\t<figcaption class=\"vp-portfolio__item-caption vp-portfolio__item-caption-text-align-center\">\n\t\t<div class=\"vp-portfolio__item-meta-wrap vp-portfolio__custom-scrollbar\">\n\t\t\t<div class=\"vp-portfolio__item-meta\">\n\t\t\t\t\n<h2 class=\"vp-portfolio__item-meta-title\">\n\t\t<a\n\t\thref=\"https:\/\/www.rivieradeifiori.it\/wp-content\/uploads\/2022\/05\/1440px-Olivetta_San_Michele-panorama.jpg\"\n\t\t\t>\n\tOlivetta San Michele &#8211; Panorama \u00a9Davide Papalini | Wikipedia<\/a><\/h2>\n\t\t\t<\/div>\n\t\t<\/div>\n\t<\/figcaption>\n\t\t\t<\/figure>\n\t\t\t\t\t<\/div>\n\t\t\n\t\t<div\t\tclass=\"vp-portfolio__item-wrap vp-portfolio__item-uid-414185ab\" data-vp-filter=\"\" \t\t>\n\t\t\t<template class=\"vp-portfolio__item-popup\" data-vp-popup-img=\"https:\/\/www.rivieradeifiori.it\/wp-content\/uploads\/2022\/05\/1440px-Olivetta_San_Michele-affresco1.jpg\" data-vp-popup-img-srcset=\"https:\/\/www.rivieradeifiori.it\/wp-content\/uploads\/2022\/05\/1440px-Olivetta_San_Michele-affresco1.jpg 1440w, https:\/\/www.rivieradeifiori.it\/wp-content\/uploads\/2022\/05\/1440px-Olivetta_San_Michele-affresco1-300x225.jpg 300w, https:\/\/www.rivieradeifiori.it\/wp-content\/uploads\/2022\/05\/1440px-Olivetta_San_Michele-affresco1-1270x953.jpg 1270w, https:\/\/www.rivieradeifiori.it\/wp-content\/uploads\/2022\/05\/1440px-Olivetta_San_Michele-affresco1-500x375.jpg 500w, https:\/\/www.rivieradeifiori.it\/wp-content\/uploads\/2022\/05\/1440px-Olivetta_San_Michele-affresco1-800x600.jpg 800w, https:\/\/www.rivieradeifiori.it\/wp-content\/uploads\/2022\/05\/1440px-Olivetta_San_Michele-affresco1-1280x960.jpg 1280w, https:\/\/www.rivieradeifiori.it\/wp-content\/uploads\/2022\/05\/1440px-Olivetta_San_Michele-affresco1-1080x810.jpg 1080w, https:\/\/www.rivieradeifiori.it\/wp-content\/uploads\/2022\/05\/1440px-Olivetta_San_Michele-affresco1-150x113.jpg 150w\" data-vp-popup-img-size=\"1440x1080\" data-vp-popup-md-img=\"https:\/\/www.rivieradeifiori.it\/wp-content\/uploads\/2022\/05\/1440px-Olivetta_San_Michele-affresco1-800x600.jpg\" data-vp-popup-md-img-size=\"800x600\" data-vp-popup-sm-img=\"https:\/\/www.rivieradeifiori.it\/wp-content\/uploads\/2022\/05\/1440px-Olivetta_San_Michele-affresco1-500x375.jpg\" data-vp-popup-sm-img-size=\"500x375\">\n\t\t\t<h3 class=\"vp-portfolio__item-popup-title\">Olivetta San Michele &#8211; affresco \u00a9Davide Papalini | Wikipedia<\/h3>\n\t\t<\/template>\n\t\t\t\t\t\t<figure class=\"vp-portfolio__item\">\n\t\t\t\t\n<div class=\"vp-portfolio__item-img-wrap\">\n\t<div class=\"vp-portfolio__item-img\">\n\t\t\t<a\n\t\thref=\"https:\/\/www.rivieradeifiori.it\/wp-content\/uploads\/2022\/05\/1440px-Olivetta_San_Michele-affresco1.jpg\"\n\t\t\t>\n\t\n\t\t<noscript><img decoding=\"async\" width=\"1440\" height=\"1080\" data-skip-lazy src=\"https:\/\/www.rivieradeifiori.it\/wp-content\/uploads\/2022\/05\/1440px-Olivetta_San_Michele-affresco1.jpg\" class=\"wp-image-10863\" alt=\"\" srcset=\"https:\/\/www.rivieradeifiori.it\/wp-content\/uploads\/2022\/05\/1440px-Olivetta_San_Michele-affresco1.jpg 1440w, https:\/\/www.rivieradeifiori.it\/wp-content\/uploads\/2022\/05\/1440px-Olivetta_San_Michele-affresco1-300x225.jpg 300w, https:\/\/www.rivieradeifiori.it\/wp-content\/uploads\/2022\/05\/1440px-Olivetta_San_Michele-affresco1-1270x953.jpg 1270w, https:\/\/www.rivieradeifiori.it\/wp-content\/uploads\/2022\/05\/1440px-Olivetta_San_Michele-affresco1-500x375.jpg 500w, https:\/\/www.rivieradeifiori.it\/wp-content\/uploads\/2022\/05\/1440px-Olivetta_San_Michele-affresco1-800x600.jpg 800w, https:\/\/www.rivieradeifiori.it\/wp-content\/uploads\/2022\/05\/1440px-Olivetta_San_Michele-affresco1-1280x960.jpg 1280w, https:\/\/www.rivieradeifiori.it\/wp-content\/uploads\/2022\/05\/1440px-Olivetta_San_Michele-affresco1-1080x810.jpg 1080w, https:\/\/www.rivieradeifiori.it\/wp-content\/uploads\/2022\/05\/1440px-Olivetta_San_Michele-affresco1-150x113.jpg 150w\" sizes=\"(max-width: 1440px) 100vw, 1440px\" \/><\/noscript><img decoding=\"async\" width=\"1440\" height=\"1080\" src=\"https:\/\/www.rivieradeifiori.it\/wp-content\/uploads\/2022\/05\/1440px-Olivetta_San_Michele-affresco1.jpg\" class=\"wp-image-10863 vp-lazyload\" alt srcset=\"data:image\/svg+xml;base64,PHN2ZyB3aWR0aD0iMTQ0MCIgaGVpZ2h0PSIxMDgwIiB2aWV3Qm94PSIwIDAgMTQ0MCAxMDgwIiBmaWxsPSJub25lIiB4bWxucz0iaHR0cDovL3d3dy53My5vcmcvMjAwMC9zdmciPjwvc3ZnPg==\" data-src=\"https:\/\/www.rivieradeifiori.it\/wp-content\/uploads\/2022\/05\/1440px-Olivetta_San_Michele-affresco1.jpg\" data-srcset=\"https:\/\/www.rivieradeifiori.it\/wp-content\/uploads\/2022\/05\/1440px-Olivetta_San_Michele-affresco1.jpg 1440w, https:\/\/www.rivieradeifiori.it\/wp-content\/uploads\/2022\/05\/1440px-Olivetta_San_Michele-affresco1-300x225.jpg 300w, https:\/\/www.rivieradeifiori.it\/wp-content\/uploads\/2022\/05\/1440px-Olivetta_San_Michele-affresco1-1270x953.jpg 1270w, https:\/\/www.rivieradeifiori.it\/wp-content\/uploads\/2022\/05\/1440px-Olivetta_San_Michele-affresco1-500x375.jpg 500w, https:\/\/www.rivieradeifiori.it\/wp-content\/uploads\/2022\/05\/1440px-Olivetta_San_Michele-affresco1-800x600.jpg 800w, https:\/\/www.rivieradeifiori.it\/wp-content\/uploads\/2022\/05\/1440px-Olivetta_San_Michele-affresco1-1280x960.jpg 1280w, https:\/\/www.rivieradeifiori.it\/wp-content\/uploads\/2022\/05\/1440px-Olivetta_San_Michele-affresco1-1080x810.jpg 1080w, https:\/\/www.rivieradeifiori.it\/wp-content\/uploads\/2022\/05\/1440px-Olivetta_San_Michele-affresco1-150x113.jpg 150w\" data-sizes=\"auto\" loading=\"eager\">\n\t\t<div class=\"vp-portfolio__item-overlay\"><\/div>\n\n\t\t<\/a>\t<\/div>\n<\/div>\n\n\t<figcaption class=\"vp-portfolio__item-caption vp-portfolio__item-caption-text-align-center\">\n\t\t<div class=\"vp-portfolio__item-meta-wrap vp-portfolio__custom-scrollbar\">\n\t\t\t<div class=\"vp-portfolio__item-meta\">\n\t\t\t\t\n<h2 class=\"vp-portfolio__item-meta-title\">\n\t\t<a\n\t\thref=\"https:\/\/www.rivieradeifiori.it\/wp-content\/uploads\/2022\/05\/1440px-Olivetta_San_Michele-affresco1.jpg\"\n\t\t\t>\n\tOlivetta San Michele &#8211; affresco \u00a9Davide Papalini | Wikipedia<\/a><\/h2>\n\t\t\t<\/div>\n\t\t<\/div>\n\t<\/figcaption>\n\t\t\t<\/figure>\n\t\t\t\t\t<\/div>\n\t\t\n\t\t<div\t\tclass=\"vp-portfolio__item-wrap vp-portfolio__item-uid-7b2a7d4e\" data-vp-filter=\"\" \t\t>\n\t\t\t<template class=\"vp-portfolio__item-popup\" data-vp-popup-img=\"https:\/\/www.rivieradeifiori.it\/wp-content\/uploads\/2022\/05\/1440px-Lone_de_Saorge_au_pont_de_la_Bendola_0556.jpg\" data-vp-popup-img-srcset=\"https:\/\/www.rivieradeifiori.it\/wp-content\/uploads\/2022\/05\/1440px-Lone_de_Saorge_au_pont_de_la_Bendola_0556.jpg 1440w, https:\/\/www.rivieradeifiori.it\/wp-content\/uploads\/2022\/05\/1440px-Lone_de_Saorge_au_pont_de_la_Bendola_0556-300x225.jpg 300w, https:\/\/www.rivieradeifiori.it\/wp-content\/uploads\/2022\/05\/1440px-Lone_de_Saorge_au_pont_de_la_Bendola_0556-1270x953.jpg 1270w, https:\/\/www.rivieradeifiori.it\/wp-content\/uploads\/2022\/05\/1440px-Lone_de_Saorge_au_pont_de_la_Bendola_0556-500x375.jpg 500w, https:\/\/www.rivieradeifiori.it\/wp-content\/uploads\/2022\/05\/1440px-Lone_de_Saorge_au_pont_de_la_Bendola_0556-800x600.jpg 800w, https:\/\/www.rivieradeifiori.it\/wp-content\/uploads\/2022\/05\/1440px-Lone_de_Saorge_au_pont_de_la_Bendola_0556-1280x960.jpg 1280w, https:\/\/www.rivieradeifiori.it\/wp-content\/uploads\/2022\/05\/1440px-Lone_de_Saorge_au_pont_de_la_Bendola_0556-1080x810.jpg 1080w, https:\/\/www.rivieradeifiori.it\/wp-content\/uploads\/2022\/05\/1440px-Lone_de_Saorge_au_pont_de_la_Bendola_0556-150x113.jpg 150w\" data-vp-popup-img-size=\"1440x1080\" data-vp-popup-md-img=\"https:\/\/www.rivieradeifiori.it\/wp-content\/uploads\/2022\/05\/1440px-Lone_de_Saorge_au_pont_de_la_Bendola_0556-800x600.jpg\" data-vp-popup-md-img-size=\"800x600\" data-vp-popup-sm-img=\"https:\/\/www.rivieradeifiori.it\/wp-content\/uploads\/2022\/05\/1440px-Lone_de_Saorge_au_pont_de_la_Bendola_0556-500x375.jpg\" data-vp-popup-sm-img-size=\"500x375\">\n\t\t\t<h3 class=\"vp-portfolio__item-popup-title\">Il ponte della Bendola presso Saorgio \u00a9Jpmgir | Wikipedia<\/h3>\n\t\t<\/template>\n\t\t\t\t\t\t<figure class=\"vp-portfolio__item\">\n\t\t\t\t\n<div class=\"vp-portfolio__item-img-wrap\">\n\t<div class=\"vp-portfolio__item-img\">\n\t\t\t<a\n\t\thref=\"https:\/\/www.rivieradeifiori.it\/wp-content\/uploads\/2022\/05\/1440px-Lone_de_Saorge_au_pont_de_la_Bendola_0556.jpg\"\n\t\t\t>\n\t\n\t\t<noscript><img decoding=\"async\" width=\"1440\" height=\"1080\" data-skip-lazy src=\"https:\/\/www.rivieradeifiori.it\/wp-content\/uploads\/2022\/05\/1440px-Lone_de_Saorge_au_pont_de_la_Bendola_0556.jpg\" class=\"wp-image-10858\" alt=\"\" srcset=\"https:\/\/www.rivieradeifiori.it\/wp-content\/uploads\/2022\/05\/1440px-Lone_de_Saorge_au_pont_de_la_Bendola_0556.jpg 1440w, https:\/\/www.rivieradeifiori.it\/wp-content\/uploads\/2022\/05\/1440px-Lone_de_Saorge_au_pont_de_la_Bendola_0556-300x225.jpg 300w, https:\/\/www.rivieradeifiori.it\/wp-content\/uploads\/2022\/05\/1440px-Lone_de_Saorge_au_pont_de_la_Bendola_0556-1270x953.jpg 1270w, https:\/\/www.rivieradeifiori.it\/wp-content\/uploads\/2022\/05\/1440px-Lone_de_Saorge_au_pont_de_la_Bendola_0556-500x375.jpg 500w, https:\/\/www.rivieradeifiori.it\/wp-content\/uploads\/2022\/05\/1440px-Lone_de_Saorge_au_pont_de_la_Bendola_0556-800x600.jpg 800w, https:\/\/www.rivieradeifiori.it\/wp-content\/uploads\/2022\/05\/1440px-Lone_de_Saorge_au_pont_de_la_Bendola_0556-1280x960.jpg 1280w, https:\/\/www.rivieradeifiori.it\/wp-content\/uploads\/2022\/05\/1440px-Lone_de_Saorge_au_pont_de_la_Bendola_0556-1080x810.jpg 1080w, https:\/\/www.rivieradeifiori.it\/wp-content\/uploads\/2022\/05\/1440px-Lone_de_Saorge_au_pont_de_la_Bendola_0556-150x113.jpg 150w\" sizes=\"(max-width: 1440px) 100vw, 1440px\" \/><\/noscript><img decoding=\"async\" width=\"1440\" height=\"1080\" src=\"https:\/\/www.rivieradeifiori.it\/wp-content\/uploads\/2022\/05\/1440px-Lone_de_Saorge_au_pont_de_la_Bendola_0556.jpg\" class=\"wp-image-10858 vp-lazyload\" alt srcset=\"data:image\/svg+xml;base64,PHN2ZyB3aWR0aD0iMTQ0MCIgaGVpZ2h0PSIxMDgwIiB2aWV3Qm94PSIwIDAgMTQ0MCAxMDgwIiBmaWxsPSJub25lIiB4bWxucz0iaHR0cDovL3d3dy53My5vcmcvMjAwMC9zdmciPjwvc3ZnPg==\" data-src=\"https:\/\/www.rivieradeifiori.it\/wp-content\/uploads\/2022\/05\/1440px-Lone_de_Saorge_au_pont_de_la_Bendola_0556.jpg\" data-srcset=\"https:\/\/www.rivieradeifiori.it\/wp-content\/uploads\/2022\/05\/1440px-Lone_de_Saorge_au_pont_de_la_Bendola_0556.jpg 1440w, https:\/\/www.rivieradeifiori.it\/wp-content\/uploads\/2022\/05\/1440px-Lone_de_Saorge_au_pont_de_la_Bendola_0556-300x225.jpg 300w, https:\/\/www.rivieradeifiori.it\/wp-content\/uploads\/2022\/05\/1440px-Lone_de_Saorge_au_pont_de_la_Bendola_0556-1270x953.jpg 1270w, https:\/\/www.rivieradeifiori.it\/wp-content\/uploads\/2022\/05\/1440px-Lone_de_Saorge_au_pont_de_la_Bendola_0556-500x375.jpg 500w, https:\/\/www.rivieradeifiori.it\/wp-content\/uploads\/2022\/05\/1440px-Lone_de_Saorge_au_pont_de_la_Bendola_0556-800x600.jpg 800w, https:\/\/www.rivieradeifiori.it\/wp-content\/uploads\/2022\/05\/1440px-Lone_de_Saorge_au_pont_de_la_Bendola_0556-1280x960.jpg 1280w, https:\/\/www.rivieradeifiori.it\/wp-content\/uploads\/2022\/05\/1440px-Lone_de_Saorge_au_pont_de_la_Bendola_0556-1080x810.jpg 1080w, https:\/\/www.rivieradeifiori.it\/wp-content\/uploads\/2022\/05\/1440px-Lone_de_Saorge_au_pont_de_la_Bendola_0556-150x113.jpg 150w\" data-sizes=\"auto\" loading=\"eager\">\n\t\t<div class=\"vp-portfolio__item-overlay\"><\/div>\n\n\t\t<\/a>\t<\/div>\n<\/div>\n\n\t<figcaption class=\"vp-portfolio__item-caption vp-portfolio__item-caption-text-align-center\">\n\t\t<div class=\"vp-portfolio__item-meta-wrap vp-portfolio__custom-scrollbar\">\n\t\t\t<div class=\"vp-portfolio__item-meta\">\n\t\t\t\t\n<h2 class=\"vp-portfolio__item-meta-title\">\n\t\t<a\n\t\thref=\"https:\/\/www.rivieradeifiori.it\/wp-content\/uploads\/2022\/05\/1440px-Lone_de_Saorge_au_pont_de_la_Bendola_0556.jpg\"\n\t\t\t>\n\tIl ponte della Bendola presso Saorgio \u00a9Jpmgir | Wikipedia<\/a><\/h2>\n\t\t\t<\/div>\n\t\t<\/div>\n\t<\/figcaption>\n\t\t\t<\/figure>\n\t\t\t\t\t<\/div>\n\t\t\n<\/div>\n\t\t<\/div>\n\t\t\n<\/div>\n<\/div>","protected":false},"excerpt":{"rendered":"<p>Partag\u00e9e entre l\u2019Italie et la France, la vall\u00e9e de la Roya est parcourue pour une soixantaine de kilom\u00e9tr\u00e9s par la rivi\u00e8re homonyme qui se jette \u00e0 Vintimille.&nbsp; L\u2019annexion de Nice \u00e0 la France remonte \u00e0 1860 et elle a bris\u00e9 la continuit\u00e9 territoriale de la vall\u00e9e en la rendant une terre de fronti\u00e8re o\u00f9 les [&hellip;]<\/p>\n","protected":false},"author":1,"featured_media":12922,"comment_status":"closed","ping_status":"open","sticky":false,"template":"","format":"standard","meta":{"_et_pb_use_builder":"off","_et_pb_old_content":"","_et_gb_content_width":"","_eb_attr":"","_vp_format_video_url":"","_vp_image_focal_point":[],"_vp_custom_popup_image":0,"_vp_format_audio_url":"","_vp_custom_thumbnail":0,"_vp_custom_thumbnail_focal_point":[],"_vp_hover_thumbnail":0,"_vp_hover_thumbnail_focal_point":[],"footnotes":""},"categories":[924,925],"tags":[1278],"class_list":["post-15313","post","type-post","status-publish","format-standard","has-post-thumbnail","hentry","category-les-vallees","category-vallee-roja-col-di-tenda","tag-vallee-roja","et-has-post-format-content","et_post_format-et-post-format-standard"],"yoast_head":"<!-- This site is optimized with the Yoast SEO plugin v25.7 - https:\/\/yoast.com\/wordpress\/plugins\/seo\/ -->\n<title>Val Roja - Vall\u00e9e Roja - Col di Tenda - Riviera dei Fiori<\/title>\n<meta name=\"robots\" content=\"index, follow, max-snippet:-1, max-image-preview:large, max-video-preview:-1\" \/>\n<link rel=\"canonical\" href=\"https:\/\/www.rivieradeifiori.it\/fr\/mer-et-territoire\/les-vallees\/vallee-roja-col-di-tenda\/val-roja\/\" \/>\n<meta name=\"twitter:label1\" content=\"\u00c9crit par\" \/>\n\t<meta name=\"twitter:data1\" content=\"Luca Giovannetti\" \/>\n\t<meta name=\"twitter:label2\" content=\"Dur\u00e9e de lecture estim\u00e9e\" \/>\n\t<meta name=\"twitter:data2\" content=\"1 minute\" \/>\n<script type=\"application\/ld+json\" class=\"yoast-schema-graph\">{\"@context\":\"https:\/\/schema.org\",\"@graph\":[{\"@type\":\"WebPage\",\"@id\":\"https:\/\/www.rivieradeifiori.it\/fr\/mer-et-territoire\/les-vallees\/vallee-roja-col-di-tenda\/val-roja\/\",\"url\":\"https:\/\/www.rivieradeifiori.it\/fr\/mer-et-territoire\/les-vallees\/vallee-roja-col-di-tenda\/val-roja\/\",\"name\":\"Val Roja - Vall\u00e9e Roja - Col di Tenda - Riviera dei Fiori\",\"isPartOf\":{\"@id\":\"https:\/\/www.rivieradeifiori.it\/fr\/#website\"},\"primaryImageOfPage\":{\"@id\":\"https:\/\/www.rivieradeifiori.it\/fr\/mer-et-territoire\/les-vallees\/vallee-roja-col-di-tenda\/val-roja\/#primaryimage\"},\"image\":{\"@id\":\"https:\/\/www.rivieradeifiori.it\/fr\/mer-et-territoire\/les-vallees\/vallee-roja-col-di-tenda\/val-roja\/#primaryimage\"},\"thumbnailUrl\":\"https:\/\/www.rivieradeifiori.it\/wp-content\/uploads\/2022\/05\/Depositphotos_11692838_l-2015.jpg\",\"datePublished\":\"2022-06-08T17:14:11+00:00\",\"dateModified\":\"2023-02-03T18:59:45+00:00\",\"author\":{\"@id\":\"https:\/\/www.rivieradeifiori.it\/fr\/#\/schema\/person\/6cc4e4ed0d74f08798811653e64f69ed\"},\"breadcrumb\":{\"@id\":\"https:\/\/www.rivieradeifiori.it\/fr\/mer-et-territoire\/les-vallees\/vallee-roja-col-di-tenda\/val-roja\/#breadcrumb\"},\"inLanguage\":\"fr-FR\",\"potentialAction\":[{\"@type\":\"ReadAction\",\"target\":[\"https:\/\/www.rivieradeifiori.it\/fr\/mer-et-territoire\/les-vallees\/vallee-roja-col-di-tenda\/val-roja\/\"]}]},{\"@type\":\"ImageObject\",\"inLanguage\":\"fr-FR\",\"@id\":\"https:\/\/www.rivieradeifiori.it\/fr\/mer-et-territoire\/les-vallees\/vallee-roja-col-di-tenda\/val-roja\/#primaryimage\",\"url\":\"https:\/\/www.rivieradeifiori.it\/wp-content\/uploads\/2022\/05\/Depositphotos_11692838_l-2015.jpg\",\"contentUrl\":\"https:\/\/www.rivieradeifiori.it\/wp-content\/uploads\/2022\/05\/Depositphotos_11692838_l-2015.jpg\",\"width\":2000,\"height\":790,\"caption\":\"Vista panoramiva Val Roja \u00a9Depositphoto\"},{\"@type\":\"BreadcrumbList\",\"@id\":\"https:\/\/www.rivieradeifiori.it\/fr\/mer-et-territoire\/les-vallees\/vallee-roja-col-di-tenda\/val-roja\/#breadcrumb\",\"itemListElement\":[{\"@type\":\"ListItem\",\"position\":1,\"name\":\"Home\",\"item\":\"https:\/\/www.rivieradeifiori.it\/fr\/\"},{\"@type\":\"ListItem\",\"position\":2,\"name\":\"Val Roja\"}]},{\"@type\":\"WebSite\",\"@id\":\"https:\/\/www.rivieradeifiori.it\/fr\/#website\",\"url\":\"https:\/\/www.rivieradeifiori.it\/fr\/\",\"name\":\"Riviera dei Fiori\",\"description\":\"Un mare di colori\",\"potentialAction\":[{\"@type\":\"SearchAction\",\"target\":{\"@type\":\"EntryPoint\",\"urlTemplate\":\"https:\/\/www.rivieradeifiori.it\/fr\/?s={search_term_string}\"},\"query-input\":{\"@type\":\"PropertyValueSpecification\",\"valueRequired\":true,\"valueName\":\"search_term_string\"}}],\"inLanguage\":\"fr-FR\"},{\"@type\":\"Person\",\"@id\":\"https:\/\/www.rivieradeifiori.it\/fr\/#\/schema\/person\/6cc4e4ed0d74f08798811653e64f69ed\",\"name\":\"Luca Giovannetti\",\"image\":{\"@type\":\"ImageObject\",\"inLanguage\":\"fr-FR\",\"@id\":\"https:\/\/www.rivieradeifiori.it\/fr\/#\/schema\/person\/image\/\",\"url\":\"https:\/\/secure.gravatar.com\/avatar\/092abda2284c50268e586151e014cf903142e524662c62577231430ea44340cf?s=96&r=g&d=https:\/\/www.rivieradeifiori.it\/wp-content\/plugins\/userswp\/assets\/images\/no_profile.png\",\"contentUrl\":\"https:\/\/secure.gravatar.com\/avatar\/092abda2284c50268e586151e014cf903142e524662c62577231430ea44340cf?s=96&r=g&d=https:\/\/www.rivieradeifiori.it\/wp-content\/plugins\/userswp\/assets\/images\/no_profile.png\",\"caption\":\"Luca Giovannetti\"}}]}<\/script>\n<!-- \/ Yoast SEO plugin. -->","yoast_head_json":{"title":"Val Roja - Vall\u00e9e Roja - Col di Tenda - Riviera dei Fiori","robots":{"index":"index","follow":"follow","max-snippet":"max-snippet:-1","max-image-preview":"max-image-preview:large","max-video-preview":"max-video-preview:-1"},"canonical":"https:\/\/www.rivieradeifiori.it\/fr\/mer-et-territoire\/les-vallees\/vallee-roja-col-di-tenda\/val-roja\/","twitter_misc":{"\u00c9crit par":"Luca Giovannetti","Dur\u00e9e de lecture estim\u00e9e":"1 minute"},"schema":{"@context":"https:\/\/schema.org","@graph":[{"@type":"WebPage","@id":"https:\/\/www.rivieradeifiori.it\/fr\/mer-et-territoire\/les-vallees\/vallee-roja-col-di-tenda\/val-roja\/","url":"https:\/\/www.rivieradeifiori.it\/fr\/mer-et-territoire\/les-vallees\/vallee-roja-col-di-tenda\/val-roja\/","name":"Val Roja - Vall\u00e9e Roja - Col di Tenda - Riviera dei Fiori","isPartOf":{"@id":"https:\/\/www.rivieradeifiori.it\/fr\/#website"},"primaryImageOfPage":{"@id":"https:\/\/www.rivieradeifiori.it\/fr\/mer-et-territoire\/les-vallees\/vallee-roja-col-di-tenda\/val-roja\/#primaryimage"},"image":{"@id":"https:\/\/www.rivieradeifiori.it\/fr\/mer-et-territoire\/les-vallees\/vallee-roja-col-di-tenda\/val-roja\/#primaryimage"},"thumbnailUrl":"https:\/\/www.rivieradeifiori.it\/wp-content\/uploads\/2022\/05\/Depositphotos_11692838_l-2015.jpg","datePublished":"2022-06-08T17:14:11+00:00","dateModified":"2023-02-03T18:59:45+00:00","author":{"@id":"https:\/\/www.rivieradeifiori.it\/fr\/#\/schema\/person\/6cc4e4ed0d74f08798811653e64f69ed"},"breadcrumb":{"@id":"https:\/\/www.rivieradeifiori.it\/fr\/mer-et-territoire\/les-vallees\/vallee-roja-col-di-tenda\/val-roja\/#breadcrumb"},"inLanguage":"fr-FR","potentialAction":[{"@type":"ReadAction","target":["https:\/\/www.rivieradeifiori.it\/fr\/mer-et-territoire\/les-vallees\/vallee-roja-col-di-tenda\/val-roja\/"]}]},{"@type":"ImageObject","inLanguage":"fr-FR","@id":"https:\/\/www.rivieradeifiori.it\/fr\/mer-et-territoire\/les-vallees\/vallee-roja-col-di-tenda\/val-roja\/#primaryimage","url":"https:\/\/www.rivieradeifiori.it\/wp-content\/uploads\/2022\/05\/Depositphotos_11692838_l-2015.jpg","contentUrl":"https:\/\/www.rivieradeifiori.it\/wp-content\/uploads\/2022\/05\/Depositphotos_11692838_l-2015.jpg","width":2000,"height":790,"caption":"Vista panoramiva Val Roja \u00a9Depositphoto"},{"@type":"BreadcrumbList","@id":"https:\/\/www.rivieradeifiori.it\/fr\/mer-et-territoire\/les-vallees\/vallee-roja-col-di-tenda\/val-roja\/#breadcrumb","itemListElement":[{"@type":"ListItem","position":1,"name":"Home","item":"https:\/\/www.rivieradeifiori.it\/fr\/"},{"@type":"ListItem","position":2,"name":"Val Roja"}]},{"@type":"WebSite","@id":"https:\/\/www.rivieradeifiori.it\/fr\/#website","url":"https:\/\/www.rivieradeifiori.it\/fr\/","name":"Riviera dei Fiori","description":"Un mare di colori","potentialAction":[{"@type":"SearchAction","target":{"@type":"EntryPoint","urlTemplate":"https:\/\/www.rivieradeifiori.it\/fr\/?s={search_term_string}"},"query-input":{"@type":"PropertyValueSpecification","valueRequired":true,"valueName":"search_term_string"}}],"inLanguage":"fr-FR"},{"@type":"Person","@id":"https:\/\/www.rivieradeifiori.it\/fr\/#\/schema\/person\/6cc4e4ed0d74f08798811653e64f69ed","name":"Luca Giovannetti","image":{"@type":"ImageObject","inLanguage":"fr-FR","@id":"https:\/\/www.rivieradeifiori.it\/fr\/#\/schema\/person\/image\/","url":"https:\/\/secure.gravatar.com\/avatar\/092abda2284c50268e586151e014cf903142e524662c62577231430ea44340cf?s=96&r=g&d=https:\/\/www.rivieradeifiori.it\/wp-content\/plugins\/userswp\/assets\/images\/no_profile.png","contentUrl":"https:\/\/secure.gravatar.com\/avatar\/092abda2284c50268e586151e014cf903142e524662c62577231430ea44340cf?s=96&r=g&d=https:\/\/www.rivieradeifiori.it\/wp-content\/plugins\/userswp\/assets\/images\/no_profile.png","caption":"Luca Giovannetti"}}]}},"_links":{"self":[{"href":"https:\/\/www.rivieradeifiori.it\/fr\/wp-json\/wp\/v2\/posts\/15313","targetHints":{"allow":["GET"]}}],"collection":[{"href":"https:\/\/www.rivieradeifiori.it\/fr\/wp-json\/wp\/v2\/posts"}],"about":[{"href":"https:\/\/www.rivieradeifiori.it\/fr\/wp-json\/wp\/v2\/types\/post"}],"author":[{"embeddable":true,"href":"https:\/\/www.rivieradeifiori.it\/fr\/wp-json\/wp\/v2\/users\/1"}],"replies":[{"embeddable":true,"href":"https:\/\/www.rivieradeifiori.it\/fr\/wp-json\/wp\/v2\/comments?post=15313"}],"version-history":[{"count":2,"href":"https:\/\/www.rivieradeifiori.it\/fr\/wp-json\/wp\/v2\/posts\/15313\/revisions"}],"predecessor-version":[{"id":18270,"href":"https:\/\/www.rivieradeifiori.it\/fr\/wp-json\/wp\/v2\/posts\/15313\/revisions\/18270"}],"wp:featuredmedia":[{"embeddable":true,"href":"https:\/\/www.rivieradeifiori.it\/fr\/wp-json\/wp\/v2\/media\/12922"}],"wp:attachment":[{"href":"https:\/\/www.rivieradeifiori.it\/fr\/wp-json\/wp\/v2\/media?parent=15313"}],"wp:term":[{"taxonomy":"category","embeddable":true,"href":"https:\/\/www.rivieradeifiori.it\/fr\/wp-json\/wp\/v2\/categories?post=15313"},{"taxonomy":"post_tag","embeddable":true,"href":"https:\/\/www.rivieradeifiori.it\/fr\/wp-json\/wp\/v2\/tags?post=15313"}],"curies":[{"name":"wp","href":"https:\/\/api.w.org\/{rel}","templated":true}]}}