{"id":14707,"date":"2022-06-06T16:39:44","date_gmt":"2022-06-06T14:39:44","guid":{"rendered":"https:\/\/www.rivieradeifiori.it\/senza-categoria-fr\/valle-arroscia\/"},"modified":"2023-02-04T09:18:55","modified_gmt":"2023-02-04T08:18:55","slug":"valle-arroscia","status":"publish","type":"post","link":"https:\/\/www.rivieradeifiori.it\/fr\/mer-et-territoire\/les-vallees\/vallee-arroscia\/valle-arroscia\/","title":{"rendered":"Valle Arroscia"},"content":{"rendered":"\n<p>Le territoire de l\u2019Arroscia varie des cent m\u00e9tr\u00e9s de Ranzo aux plus de mille m\u00e9tr\u00e9s de San Bernardo di Mendatica, en passant par le carrefour de Pieve di Teco. <\/p>\n\n\n\n<p>Ce sont les bois de la Haute Vall\u00e9e Arroscia qui dominent avec en premier plan la luxuriante h\u00eatraie de Rezzo. Point de d\u00e9part pour excursion panoramiques au Mongioje ou au Saccarello.<\/p>\n\n\n\n<p>C\u2019est ici qui se trouve la seule station de ski du Ponant Ligure, Monesi, lourdement touch\u00e9e par l\u2019inondation de 2016. Et toujours ici, pr\u00e9s de Mendatica, il est possible d\u2019admirer la cascade de l\u2019Arroscia. La vall\u00e9e est aussi riche de parcours artistiques et ethnographiques, comme le syst\u00e8me mus\u00e9ale &nbsp;\u00bbI Volti dell\u2019Ubagu&nbsp;\u00bb qui r\u00e9uni toutes 11 les communes. <\/p>\n\n\n\n<p>La gastronomie est li\u00e9e \u00e0 l\u2019\u00e9levage et surtout \u00e0 la &nbsp;\u00bbcuisine blanche&nbsp;\u00bb, a base d\u2019ingr\u00e9dients pauvres et nourrissants qui rappellent les itin\u00e9raires de la transhumance. <\/p>\n\n\n\n<p>Parmi les sp\u00e9cialit\u00e9 le bruss\u00fc, ricotta ferment\u00e9e, et l\u2019Ormeasco, vin rouge d\u2019altitude produit \u00e0 PORNASSIO, MONTEGROSSO PIAN LATTE, COSIO D\u2019ARROSCIA et MENDATICA. AQUILA D\u2019ARROSCIA, ARMO, BORGHETTO D\u2019ARROSCIA e VESSALICO font partie de la vall\u00e9e.<\/p>\n\n\n\n<p><\/p>\n\n\n<div class=\"wp-block-visual-portfolio\">\n<div class=\"vp-portfolio vp-uid-9e1e7c1e vp-id-1X5iIP\"\n\tdata-vp-layout=\"justified\" data-vp-content-source=\"images\" data-vp-items-style=\"emerge\" data-vp-items-click-action=\"popup_gallery\" data-vp-items-gap=\"5\" data-vp-items-gap-vertical=\"3\" data-vp-pagination=\"load-more\" data-vp-next-page-url=\"\" data-vp-justified-row-height=\"200\" data-vp-justified-row-height-tolerance=\"0.25\" data-vp-justified-max-rows-count=\"0\" data-vp-justified-last-row=\"center\" >\n\t<div class=\"vp-portfolio__preloader-wrap\">\n\t\t<div class=\"vp-portfolio__preloader\">\n\t\t\t<img decoding=\"async\" loading=\"eager\" src=\"https:\/\/www.rivieradeifiori.it\/wp-content\/plugins\/visual-portfolio-pro\/core-plugin\/assets\/images\/logo-dark.svg\" alt=\"Visual Portfolio, Posts &amp; Image Gallery for WordPress\" width=\"20\" height=\"20\" data-skip-lazy>\n\t\t<\/div>\n\t<\/div>\n\t\t<div class=\"vp-portfolio__items-wrap\">\n\t\t\t\n<div class=\"vp-portfolio__items vp-portfolio__items-style-emerge vp-portfolio__items-show-overlay-hover vp-portfolio__items-show-caption-hover\">\n\n\t\t<div\t\tclass=\"vp-portfolio__item-wrap vp-portfolio__item-uid-67a7a760\" data-vp-filter=\"\" \t\t>\n\t\t\t<template class=\"vp-portfolio__item-popup\" data-vp-popup-img=\"https:\/\/www.rivieradeifiori.it\/wp-content\/uploads\/2022\/05\/Depositphotos_192895360_l-2015-1920x1282.jpg\" data-vp-popup-img-srcset=\"https:\/\/www.rivieradeifiori.it\/wp-content\/uploads\/2022\/05\/Depositphotos_192895360_l-2015-1920x1282.jpg 1920w, https:\/\/www.rivieradeifiori.it\/wp-content\/uploads\/2022\/05\/Depositphotos_192895360_l-2015-300x200.jpg 300w, https:\/\/www.rivieradeifiori.it\/wp-content\/uploads\/2022\/05\/Depositphotos_192895360_l-2015-1270x848.jpg 1270w, https:\/\/www.rivieradeifiori.it\/wp-content\/uploads\/2022\/05\/Depositphotos_192895360_l-2015-1536x1025.jpg 1536w, https:\/\/www.rivieradeifiori.it\/wp-content\/uploads\/2022\/05\/Depositphotos_192895360_l-2015-500x334.jpg 500w, https:\/\/www.rivieradeifiori.it\/wp-content\/uploads\/2022\/05\/Depositphotos_192895360_l-2015-800x534.jpg 800w, https:\/\/www.rivieradeifiori.it\/wp-content\/uploads\/2022\/05\/Depositphotos_192895360_l-2015-1280x854.jpg 1280w, https:\/\/www.rivieradeifiori.it\/wp-content\/uploads\/2022\/05\/Depositphotos_192895360_l-2015-1080x721.jpg 1080w, https:\/\/www.rivieradeifiori.it\/wp-content\/uploads\/2022\/05\/Depositphotos_192895360_l-2015-150x100.jpg 150w, https:\/\/www.rivieradeifiori.it\/wp-content\/uploads\/2022\/05\/Depositphotos_192895360_l-2015.jpg 2000w\" data-vp-popup-img-size=\"1920x1282\" data-vp-popup-md-img=\"https:\/\/www.rivieradeifiori.it\/wp-content\/uploads\/2022\/05\/Depositphotos_192895360_l-2015-800x534.jpg\" data-vp-popup-md-img-size=\"800x534\" data-vp-popup-sm-img=\"https:\/\/www.rivieradeifiori.it\/wp-content\/uploads\/2022\/05\/Depositphotos_192895360_l-2015-500x334.jpg\" data-vp-popup-sm-img-size=\"500x334\">\n\t\t\t<h3 class=\"vp-portfolio__item-popup-title\">Ponte Napoleonico &#8211; Rezzo \u00a9Depositphoto<\/h3>\n\t\t<\/template>\n\t\t\t\t\t\t<figure class=\"vp-portfolio__item\">\n\t\t\t\t\n<div class=\"vp-portfolio__item-img-wrap\">\n\t<div class=\"vp-portfolio__item-img\">\n\t\t\t<a\n\t\thref=\"https:\/\/www.rivieradeifiori.it\/wp-content\/uploads\/2022\/05\/Depositphotos_192895360_l-2015-1920x1282.jpg\"\n\t\t\t>\n\t\n\t\t<noscript><img decoding=\"async\" width=\"1920\" height=\"1282\" data-skip-lazy src=\"https:\/\/www.rivieradeifiori.it\/wp-content\/uploads\/2022\/05\/Depositphotos_192895360_l-2015-1920x1282.jpg\" class=\"wp-image-10733\" alt=\"\" srcset=\"https:\/\/www.rivieradeifiori.it\/wp-content\/uploads\/2022\/05\/Depositphotos_192895360_l-2015-1920x1282.jpg 1920w, https:\/\/www.rivieradeifiori.it\/wp-content\/uploads\/2022\/05\/Depositphotos_192895360_l-2015-300x200.jpg 300w, https:\/\/www.rivieradeifiori.it\/wp-content\/uploads\/2022\/05\/Depositphotos_192895360_l-2015-1270x848.jpg 1270w, https:\/\/www.rivieradeifiori.it\/wp-content\/uploads\/2022\/05\/Depositphotos_192895360_l-2015-1536x1025.jpg 1536w, https:\/\/www.rivieradeifiori.it\/wp-content\/uploads\/2022\/05\/Depositphotos_192895360_l-2015-500x334.jpg 500w, https:\/\/www.rivieradeifiori.it\/wp-content\/uploads\/2022\/05\/Depositphotos_192895360_l-2015-800x534.jpg 800w, https:\/\/www.rivieradeifiori.it\/wp-content\/uploads\/2022\/05\/Depositphotos_192895360_l-2015-1280x854.jpg 1280w, https:\/\/www.rivieradeifiori.it\/wp-content\/uploads\/2022\/05\/Depositphotos_192895360_l-2015-1080x721.jpg 1080w, https:\/\/www.rivieradeifiori.it\/wp-content\/uploads\/2022\/05\/Depositphotos_192895360_l-2015-150x100.jpg 150w, https:\/\/www.rivieradeifiori.it\/wp-content\/uploads\/2022\/05\/Depositphotos_192895360_l-2015.jpg 2000w\" sizes=\"(max-width: 1920px) 100vw, 1920px\" \/><\/noscript><img fetchpriority=\"high\" decoding=\"async\" width=\"1920\" height=\"1282\" src=\"https:\/\/www.rivieradeifiori.it\/wp-content\/uploads\/2022\/05\/Depositphotos_192895360_l-2015-1920x1282.jpg\" class=\"wp-image-10733 vp-lazyload\" alt srcset=\"data:image\/svg+xml;base64,PHN2ZyB3aWR0aD0iMTkyMCIgaGVpZ2h0PSIxMjgyIiB2aWV3Qm94PSIwIDAgMTkyMCAxMjgyIiBmaWxsPSJub25lIiB4bWxucz0iaHR0cDovL3d3dy53My5vcmcvMjAwMC9zdmciPjwvc3ZnPg==\" data-src=\"https:\/\/www.rivieradeifiori.it\/wp-content\/uploads\/2022\/05\/Depositphotos_192895360_l-2015-1920x1282.jpg\" data-srcset=\"https:\/\/www.rivieradeifiori.it\/wp-content\/uploads\/2022\/05\/Depositphotos_192895360_l-2015-1920x1282.jpg 1920w, https:\/\/www.rivieradeifiori.it\/wp-content\/uploads\/2022\/05\/Depositphotos_192895360_l-2015-300x200.jpg 300w, https:\/\/www.rivieradeifiori.it\/wp-content\/uploads\/2022\/05\/Depositphotos_192895360_l-2015-1270x848.jpg 1270w, https:\/\/www.rivieradeifiori.it\/wp-content\/uploads\/2022\/05\/Depositphotos_192895360_l-2015-1536x1025.jpg 1536w, https:\/\/www.rivieradeifiori.it\/wp-content\/uploads\/2022\/05\/Depositphotos_192895360_l-2015-500x334.jpg 500w, https:\/\/www.rivieradeifiori.it\/wp-content\/uploads\/2022\/05\/Depositphotos_192895360_l-2015-800x534.jpg 800w, https:\/\/www.rivieradeifiori.it\/wp-content\/uploads\/2022\/05\/Depositphotos_192895360_l-2015-1280x854.jpg 1280w, https:\/\/www.rivieradeifiori.it\/wp-content\/uploads\/2022\/05\/Depositphotos_192895360_l-2015-1080x721.jpg 1080w, https:\/\/www.rivieradeifiori.it\/wp-content\/uploads\/2022\/05\/Depositphotos_192895360_l-2015-150x100.jpg 150w, https:\/\/www.rivieradeifiori.it\/wp-content\/uploads\/2022\/05\/Depositphotos_192895360_l-2015.jpg 2000w\" data-sizes=\"auto\" loading=\"eager\">\n\t\t<div class=\"vp-portfolio__item-overlay\"><\/div>\n\n\t\t<\/a>\t<\/div>\n<\/div>\n\n\t<figcaption class=\"vp-portfolio__item-caption vp-portfolio__item-caption-text-align-center\">\n\t\t<div class=\"vp-portfolio__item-meta-wrap vp-portfolio__custom-scrollbar\">\n\t\t\t<div class=\"vp-portfolio__item-meta\">\n\t\t\t\t\n<h2 class=\"vp-portfolio__item-meta-title\">\n\t\t<a\n\t\thref=\"https:\/\/www.rivieradeifiori.it\/wp-content\/uploads\/2022\/05\/Depositphotos_192895360_l-2015-1920x1282.jpg\"\n\t\t\t>\n\tPonte Napoleonico &#8211; Rezzo \u00a9Depositphoto<\/a><\/h2>\n\t\t\t<\/div>\n\t\t<\/div>\n\t<\/figcaption>\n\t\t\t<\/figure>\n\t\t\t\t\t<\/div>\n\t\t\n\t\t<div\t\tclass=\"vp-portfolio__item-wrap vp-portfolio__item-uid-05e2bd2e\" data-vp-filter=\"\" \t\t>\n\t\t\t<template class=\"vp-portfolio__item-popup\" data-vp-popup-img=\"https:\/\/www.rivieradeifiori.it\/wp-content\/uploads\/2017\/03\/Aglio-Stoccaggio-Alberto-Marini-Wiki.jpg\" data-vp-popup-img-srcset=\"https:\/\/www.rivieradeifiori.it\/wp-content\/uploads\/2017\/03\/Aglio-Stoccaggio-Alberto-Marini-Wiki.jpg 945w, https:\/\/www.rivieradeifiori.it\/wp-content\/uploads\/2017\/03\/Aglio-Stoccaggio-Alberto-Marini-Wiki-300x225.jpg 300w, https:\/\/www.rivieradeifiori.it\/wp-content\/uploads\/2017\/03\/Aglio-Stoccaggio-Alberto-Marini-Wiki-500x375.jpg 500w, https:\/\/www.rivieradeifiori.it\/wp-content\/uploads\/2017\/03\/Aglio-Stoccaggio-Alberto-Marini-Wiki-800x600.jpg 800w, https:\/\/www.rivieradeifiori.it\/wp-content\/uploads\/2017\/03\/Aglio-Stoccaggio-Alberto-Marini-Wiki-150x113.jpg 150w\" data-vp-popup-img-size=\"945x709\" data-vp-popup-md-img=\"https:\/\/www.rivieradeifiori.it\/wp-content\/uploads\/2017\/03\/Aglio-Stoccaggio-Alberto-Marini-Wiki-800x600.jpg\" data-vp-popup-md-img-size=\"800x600\" data-vp-popup-sm-img=\"https:\/\/www.rivieradeifiori.it\/wp-content\/uploads\/2017\/03\/Aglio-Stoccaggio-Alberto-Marini-Wiki-500x375.jpg\" data-vp-popup-sm-img-size=\"500x375\">\n\t\t\t<h3 class=\"vp-portfolio__item-popup-title\">Stoccaggio \u00a9Alberto Marini &#8211; Wikipedia<\/h3>\n\t\t<\/template>\n\t\t\t\t\t\t<figure class=\"vp-portfolio__item\">\n\t\t\t\t\n<div class=\"vp-portfolio__item-img-wrap\">\n\t<div class=\"vp-portfolio__item-img\">\n\t\t\t<a\n\t\thref=\"https:\/\/www.rivieradeifiori.it\/wp-content\/uploads\/2017\/03\/Aglio-Stoccaggio-Alberto-Marini-Wiki.jpg\"\n\t\t\t>\n\t\n\t\t<noscript><img decoding=\"async\" width=\"945\" height=\"709\" data-skip-lazy src=\"https:\/\/www.rivieradeifiori.it\/wp-content\/uploads\/2017\/03\/Aglio-Stoccaggio-Alberto-Marini-Wiki.jpg\" class=\"wp-image-4699\" alt=\"\" srcset=\"https:\/\/www.rivieradeifiori.it\/wp-content\/uploads\/2017\/03\/Aglio-Stoccaggio-Alberto-Marini-Wiki.jpg 945w, https:\/\/www.rivieradeifiori.it\/wp-content\/uploads\/2017\/03\/Aglio-Stoccaggio-Alberto-Marini-Wiki-300x225.jpg 300w, https:\/\/www.rivieradeifiori.it\/wp-content\/uploads\/2017\/03\/Aglio-Stoccaggio-Alberto-Marini-Wiki-500x375.jpg 500w, https:\/\/www.rivieradeifiori.it\/wp-content\/uploads\/2017\/03\/Aglio-Stoccaggio-Alberto-Marini-Wiki-800x600.jpg 800w, https:\/\/www.rivieradeifiori.it\/wp-content\/uploads\/2017\/03\/Aglio-Stoccaggio-Alberto-Marini-Wiki-150x113.jpg 150w\" sizes=\"(max-width: 945px) 100vw, 945px\" \/><\/noscript><img decoding=\"async\" width=\"945\" height=\"709\" src=\"https:\/\/www.rivieradeifiori.it\/wp-content\/uploads\/2017\/03\/Aglio-Stoccaggio-Alberto-Marini-Wiki.jpg\" class=\"wp-image-4699 vp-lazyload\" alt srcset=\"data:image\/svg+xml;base64,PHN2ZyB3aWR0aD0iOTQ1IiBoZWlnaHQ9IjcwOSIgdmlld0JveD0iMCAwIDk0NSA3MDkiIGZpbGw9Im5vbmUiIHhtbG5zPSJodHRwOi8vd3d3LnczLm9yZy8yMDAwL3N2ZyI+PC9zdmc+\" data-src=\"https:\/\/www.rivieradeifiori.it\/wp-content\/uploads\/2017\/03\/Aglio-Stoccaggio-Alberto-Marini-Wiki.jpg\" data-srcset=\"https:\/\/www.rivieradeifiori.it\/wp-content\/uploads\/2017\/03\/Aglio-Stoccaggio-Alberto-Marini-Wiki.jpg 945w, https:\/\/www.rivieradeifiori.it\/wp-content\/uploads\/2017\/03\/Aglio-Stoccaggio-Alberto-Marini-Wiki-300x225.jpg 300w, https:\/\/www.rivieradeifiori.it\/wp-content\/uploads\/2017\/03\/Aglio-Stoccaggio-Alberto-Marini-Wiki-500x375.jpg 500w, https:\/\/www.rivieradeifiori.it\/wp-content\/uploads\/2017\/03\/Aglio-Stoccaggio-Alberto-Marini-Wiki-800x600.jpg 800w, https:\/\/www.rivieradeifiori.it\/wp-content\/uploads\/2017\/03\/Aglio-Stoccaggio-Alberto-Marini-Wiki-150x113.jpg 150w\" data-sizes=\"auto\" loading=\"eager\">\n\t\t<div class=\"vp-portfolio__item-overlay\"><\/div>\n\n\t\t<\/a>\t<\/div>\n<\/div>\n\n\t<figcaption class=\"vp-portfolio__item-caption vp-portfolio__item-caption-text-align-center\">\n\t\t<div class=\"vp-portfolio__item-meta-wrap vp-portfolio__custom-scrollbar\">\n\t\t\t<div class=\"vp-portfolio__item-meta\">\n\t\t\t\t\n<h2 class=\"vp-portfolio__item-meta-title\">\n\t\t<a\n\t\thref=\"https:\/\/www.rivieradeifiori.it\/wp-content\/uploads\/2017\/03\/Aglio-Stoccaggio-Alberto-Marini-Wiki.jpg\"\n\t\t\t>\n\tAglio Stoccaggio Alberto Marini Wiki<\/a><\/h2>\n\t\t\t<\/div>\n\t\t<\/div>\n\t<\/figcaption>\n\t\t\t<\/figure>\n\t\t\t\t\t<\/div>\n\t\t\n\t\t<div\t\tclass=\"vp-portfolio__item-wrap vp-portfolio__item-uid-78764cc3\" data-vp-filter=\"\" \t\t>\n\t\t\t<template class=\"vp-portfolio__item-popup\" data-vp-popup-img=\"https:\/\/www.rivieradeifiori.it\/wp-content\/uploads\/2022\/05\/Pieve_di_Teco-santuario_madonna_dei_fanghi2-Davide-Papalini-Wikipedia-scaled-1-1920x1440.jpg\" data-vp-popup-img-srcset=\"https:\/\/www.rivieradeifiori.it\/wp-content\/uploads\/2022\/05\/Pieve_di_Teco-santuario_madonna_dei_fanghi2-Davide-Papalini-Wikipedia-scaled-1-1920x1440.jpg 1920w, https:\/\/www.rivieradeifiori.it\/wp-content\/uploads\/2022\/05\/Pieve_di_Teco-santuario_madonna_dei_fanghi2-Davide-Papalini-Wikipedia-scaled-1-300x225.jpg 300w, https:\/\/www.rivieradeifiori.it\/wp-content\/uploads\/2022\/05\/Pieve_di_Teco-santuario_madonna_dei_fanghi2-Davide-Papalini-Wikipedia-scaled-1-1270x953.jpg 1270w, https:\/\/www.rivieradeifiori.it\/wp-content\/uploads\/2022\/05\/Pieve_di_Teco-santuario_madonna_dei_fanghi2-Davide-Papalini-Wikipedia-scaled-1-1536x1152.jpg 1536w, https:\/\/www.rivieradeifiori.it\/wp-content\/uploads\/2022\/05\/Pieve_di_Teco-santuario_madonna_dei_fanghi2-Davide-Papalini-Wikipedia-scaled-1-2048x1536.jpg 2048w, https:\/\/www.rivieradeifiori.it\/wp-content\/uploads\/2022\/05\/Pieve_di_Teco-santuario_madonna_dei_fanghi2-Davide-Papalini-Wikipedia-scaled-1-500x375.jpg 500w, https:\/\/www.rivieradeifiori.it\/wp-content\/uploads\/2022\/05\/Pieve_di_Teco-santuario_madonna_dei_fanghi2-Davide-Papalini-Wikipedia-scaled-1-800x600.jpg 800w, https:\/\/www.rivieradeifiori.it\/wp-content\/uploads\/2022\/05\/Pieve_di_Teco-santuario_madonna_dei_fanghi2-Davide-Papalini-Wikipedia-scaled-1-1280x960.jpg 1280w, https:\/\/www.rivieradeifiori.it\/wp-content\/uploads\/2022\/05\/Pieve_di_Teco-santuario_madonna_dei_fanghi2-Davide-Papalini-Wikipedia-scaled-1-1080x810.jpg 1080w, https:\/\/www.rivieradeifiori.it\/wp-content\/uploads\/2022\/05\/Pieve_di_Teco-santuario_madonna_dei_fanghi2-Davide-Papalini-Wikipedia-scaled-1-150x113.jpg 150w\" data-vp-popup-img-size=\"1920x1440\" data-vp-popup-md-img=\"https:\/\/www.rivieradeifiori.it\/wp-content\/uploads\/2022\/05\/Pieve_di_Teco-santuario_madonna_dei_fanghi2-Davide-Papalini-Wikipedia-scaled-1-800x600.jpg\" data-vp-popup-md-img-size=\"800x600\" data-vp-popup-sm-img=\"https:\/\/www.rivieradeifiori.it\/wp-content\/uploads\/2022\/05\/Pieve_di_Teco-santuario_madonna_dei_fanghi2-Davide-Papalini-Wikipedia-scaled-1-500x375.jpg\" data-vp-popup-sm-img-size=\"500x375\">\n\t\t\t<h3 class=\"vp-portfolio__item-popup-title\">Santuario Madonna dei fanghi &#8211; Pieve di Teco \u00a9Davide Papalini | Wikipedia<\/h3>\n\t\t<\/template>\n\t\t\t\t\t\t<figure class=\"vp-portfolio__item\">\n\t\t\t\t\n<div class=\"vp-portfolio__item-img-wrap\">\n\t<div class=\"vp-portfolio__item-img\">\n\t\t\t<a\n\t\thref=\"https:\/\/www.rivieradeifiori.it\/wp-content\/uploads\/2022\/05\/Pieve_di_Teco-santuario_madonna_dei_fanghi2-Davide-Papalini-Wikipedia-scaled-1-1920x1440.jpg\"\n\t\t\t>\n\t\n\t\t<noscript><img decoding=\"async\" width=\"1920\" height=\"1440\" data-skip-lazy src=\"https:\/\/www.rivieradeifiori.it\/wp-content\/uploads\/2022\/05\/Pieve_di_Teco-santuario_madonna_dei_fanghi2-Davide-Papalini-Wikipedia-scaled-1-1920x1440.jpg\" class=\"wp-image-11768\" alt=\"\" srcset=\"https:\/\/www.rivieradeifiori.it\/wp-content\/uploads\/2022\/05\/Pieve_di_Teco-santuario_madonna_dei_fanghi2-Davide-Papalini-Wikipedia-scaled-1-1920x1440.jpg 1920w, https:\/\/www.rivieradeifiori.it\/wp-content\/uploads\/2022\/05\/Pieve_di_Teco-santuario_madonna_dei_fanghi2-Davide-Papalini-Wikipedia-scaled-1-300x225.jpg 300w, https:\/\/www.rivieradeifiori.it\/wp-content\/uploads\/2022\/05\/Pieve_di_Teco-santuario_madonna_dei_fanghi2-Davide-Papalini-Wikipedia-scaled-1-1270x953.jpg 1270w, https:\/\/www.rivieradeifiori.it\/wp-content\/uploads\/2022\/05\/Pieve_di_Teco-santuario_madonna_dei_fanghi2-Davide-Papalini-Wikipedia-scaled-1-1536x1152.jpg 1536w, https:\/\/www.rivieradeifiori.it\/wp-content\/uploads\/2022\/05\/Pieve_di_Teco-santuario_madonna_dei_fanghi2-Davide-Papalini-Wikipedia-scaled-1-2048x1536.jpg 2048w, https:\/\/www.rivieradeifiori.it\/wp-content\/uploads\/2022\/05\/Pieve_di_Teco-santuario_madonna_dei_fanghi2-Davide-Papalini-Wikipedia-scaled-1-500x375.jpg 500w, https:\/\/www.rivieradeifiori.it\/wp-content\/uploads\/2022\/05\/Pieve_di_Teco-santuario_madonna_dei_fanghi2-Davide-Papalini-Wikipedia-scaled-1-800x600.jpg 800w, https:\/\/www.rivieradeifiori.it\/wp-content\/uploads\/2022\/05\/Pieve_di_Teco-santuario_madonna_dei_fanghi2-Davide-Papalini-Wikipedia-scaled-1-1280x960.jpg 1280w, https:\/\/www.rivieradeifiori.it\/wp-content\/uploads\/2022\/05\/Pieve_di_Teco-santuario_madonna_dei_fanghi2-Davide-Papalini-Wikipedia-scaled-1-1080x810.jpg 1080w, https:\/\/www.rivieradeifiori.it\/wp-content\/uploads\/2022\/05\/Pieve_di_Teco-santuario_madonna_dei_fanghi2-Davide-Papalini-Wikipedia-scaled-1-150x113.jpg 150w\" sizes=\"(max-width: 1920px) 100vw, 1920px\" \/><\/noscript><img decoding=\"async\" width=\"1920\" height=\"1440\" src=\"https:\/\/www.rivieradeifiori.it\/wp-content\/uploads\/2022\/05\/Pieve_di_Teco-santuario_madonna_dei_fanghi2-Davide-Papalini-Wikipedia-scaled-1-1920x1440.jpg\" class=\"wp-image-11768 vp-lazyload\" alt srcset=\"data:image\/svg+xml;base64,PHN2ZyB3aWR0aD0iMTkyMCIgaGVpZ2h0PSIxNDQwIiB2aWV3Qm94PSIwIDAgMTkyMCAxNDQwIiBmaWxsPSJub25lIiB4bWxucz0iaHR0cDovL3d3dy53My5vcmcvMjAwMC9zdmciPjwvc3ZnPg==\" data-src=\"https:\/\/www.rivieradeifiori.it\/wp-content\/uploads\/2022\/05\/Pieve_di_Teco-santuario_madonna_dei_fanghi2-Davide-Papalini-Wikipedia-scaled-1-1920x1440.jpg\" data-srcset=\"https:\/\/www.rivieradeifiori.it\/wp-content\/uploads\/2022\/05\/Pieve_di_Teco-santuario_madonna_dei_fanghi2-Davide-Papalini-Wikipedia-scaled-1-1920x1440.jpg 1920w, https:\/\/www.rivieradeifiori.it\/wp-content\/uploads\/2022\/05\/Pieve_di_Teco-santuario_madonna_dei_fanghi2-Davide-Papalini-Wikipedia-scaled-1-300x225.jpg 300w, https:\/\/www.rivieradeifiori.it\/wp-content\/uploads\/2022\/05\/Pieve_di_Teco-santuario_madonna_dei_fanghi2-Davide-Papalini-Wikipedia-scaled-1-1270x953.jpg 1270w, https:\/\/www.rivieradeifiori.it\/wp-content\/uploads\/2022\/05\/Pieve_di_Teco-santuario_madonna_dei_fanghi2-Davide-Papalini-Wikipedia-scaled-1-1536x1152.jpg 1536w, https:\/\/www.rivieradeifiori.it\/wp-content\/uploads\/2022\/05\/Pieve_di_Teco-santuario_madonna_dei_fanghi2-Davide-Papalini-Wikipedia-scaled-1-2048x1536.jpg 2048w, https:\/\/www.rivieradeifiori.it\/wp-content\/uploads\/2022\/05\/Pieve_di_Teco-santuario_madonna_dei_fanghi2-Davide-Papalini-Wikipedia-scaled-1-500x375.jpg 500w, https:\/\/www.rivieradeifiori.it\/wp-content\/uploads\/2022\/05\/Pieve_di_Teco-santuario_madonna_dei_fanghi2-Davide-Papalini-Wikipedia-scaled-1-800x600.jpg 800w, https:\/\/www.rivieradeifiori.it\/wp-content\/uploads\/2022\/05\/Pieve_di_Teco-santuario_madonna_dei_fanghi2-Davide-Papalini-Wikipedia-scaled-1-1280x960.jpg 1280w, https:\/\/www.rivieradeifiori.it\/wp-content\/uploads\/2022\/05\/Pieve_di_Teco-santuario_madonna_dei_fanghi2-Davide-Papalini-Wikipedia-scaled-1-1080x810.jpg 1080w, https:\/\/www.rivieradeifiori.it\/wp-content\/uploads\/2022\/05\/Pieve_di_Teco-santuario_madonna_dei_fanghi2-Davide-Papalini-Wikipedia-scaled-1-150x113.jpg 150w\" data-sizes=\"auto\" loading=\"eager\">\n\t\t<div class=\"vp-portfolio__item-overlay\"><\/div>\n\n\t\t<\/a>\t<\/div>\n<\/div>\n\n\t<figcaption class=\"vp-portfolio__item-caption vp-portfolio__item-caption-text-align-center\">\n\t\t<div class=\"vp-portfolio__item-meta-wrap vp-portfolio__custom-scrollbar\">\n\t\t\t<div class=\"vp-portfolio__item-meta\">\n\t\t\t\t\n<h2 class=\"vp-portfolio__item-meta-title\">\n\t\t<a\n\t\thref=\"https:\/\/www.rivieradeifiori.it\/wp-content\/uploads\/2022\/05\/Pieve_di_Teco-santuario_madonna_dei_fanghi2-Davide-Papalini-Wikipedia-scaled-1-1920x1440.jpg\"\n\t\t\t>\n\tSantuario Madonna dei fanghi &#8211; Pieve di Teco \u00a9Davide Papalini | Wikipedia<\/a><\/h2>\n\t\t\t<\/div>\n\t\t<\/div>\n\t<\/figcaption>\n\t\t\t<\/figure>\n\t\t\t\t\t<\/div>\n\t\t\n\t\t<div\t\tclass=\"vp-portfolio__item-wrap vp-portfolio__item-uid-8fc13dc0\" data-vp-filter=\"\" \t\t>\n\t\t\t<template class=\"vp-portfolio__item-popup\" data-vp-popup-img=\"https:\/\/www.rivieradeifiori.it\/wp-content\/uploads\/2022\/05\/Buona-morte-2-1920x1440.jpeg\" data-vp-popup-img-srcset=\"https:\/\/www.rivieradeifiori.it\/wp-content\/uploads\/2022\/05\/Buona-morte-2-1920x1440.jpeg 1920w, https:\/\/www.rivieradeifiori.it\/wp-content\/uploads\/2022\/05\/Buona-morte-2-300x225.jpeg 300w, https:\/\/www.rivieradeifiori.it\/wp-content\/uploads\/2022\/05\/Buona-morte-2-1270x953.jpeg 1270w, https:\/\/www.rivieradeifiori.it\/wp-content\/uploads\/2022\/05\/Buona-morte-2-1536x1152.jpeg 1536w, https:\/\/www.rivieradeifiori.it\/wp-content\/uploads\/2022\/05\/Buona-morte-2-500x375.jpeg 500w, https:\/\/www.rivieradeifiori.it\/wp-content\/uploads\/2022\/05\/Buona-morte-2-800x600.jpeg 800w, https:\/\/www.rivieradeifiori.it\/wp-content\/uploads\/2022\/05\/Buona-morte-2-1280x960.jpeg 1280w, https:\/\/www.rivieradeifiori.it\/wp-content\/uploads\/2022\/05\/Buona-morte-2-1080x810.jpeg 1080w, https:\/\/www.rivieradeifiori.it\/wp-content\/uploads\/2022\/05\/Buona-morte-2-150x113.jpeg 150w, https:\/\/www.rivieradeifiori.it\/wp-content\/uploads\/2022\/05\/Buona-morte-2.jpeg 2048w\" data-vp-popup-img-size=\"1920x1440\" data-vp-popup-md-img=\"https:\/\/www.rivieradeifiori.it\/wp-content\/uploads\/2022\/05\/Buona-morte-2-800x600.jpeg\" data-vp-popup-md-img-size=\"800x600\" data-vp-popup-sm-img=\"https:\/\/www.rivieradeifiori.it\/wp-content\/uploads\/2022\/05\/Buona-morte-2-500x375.jpeg\" data-vp-popup-sm-img-size=\"500x375\">\n\t\t\t<h3 class=\"vp-portfolio__item-popup-title\">Abiti Confraternita Della Buona Morte &#8211; Pieve di Teco \u00a9Innovation Media \u00a9Innovation Media<\/h3>\n\t\t<\/template>\n\t\t\t\t\t\t<figure class=\"vp-portfolio__item\">\n\t\t\t\t\n<div class=\"vp-portfolio__item-img-wrap\">\n\t<div class=\"vp-portfolio__item-img\">\n\t\t\t<a\n\t\thref=\"https:\/\/www.rivieradeifiori.it\/wp-content\/uploads\/2022\/05\/Buona-morte-2-1920x1440.jpeg\"\n\t\t\t>\n\t\n\t\t<noscript><img decoding=\"async\" width=\"1920\" height=\"1440\" data-skip-lazy src=\"https:\/\/www.rivieradeifiori.it\/wp-content\/uploads\/2022\/05\/Buona-morte-2-1920x1440.jpeg\" class=\"wp-image-10973\" alt=\"\" srcset=\"https:\/\/www.rivieradeifiori.it\/wp-content\/uploads\/2022\/05\/Buona-morte-2-1920x1440.jpeg 1920w, https:\/\/www.rivieradeifiori.it\/wp-content\/uploads\/2022\/05\/Buona-morte-2-300x225.jpeg 300w, https:\/\/www.rivieradeifiori.it\/wp-content\/uploads\/2022\/05\/Buona-morte-2-1270x953.jpeg 1270w, https:\/\/www.rivieradeifiori.it\/wp-content\/uploads\/2022\/05\/Buona-morte-2-1536x1152.jpeg 1536w, https:\/\/www.rivieradeifiori.it\/wp-content\/uploads\/2022\/05\/Buona-morte-2-500x375.jpeg 500w, https:\/\/www.rivieradeifiori.it\/wp-content\/uploads\/2022\/05\/Buona-morte-2-800x600.jpeg 800w, https:\/\/www.rivieradeifiori.it\/wp-content\/uploads\/2022\/05\/Buona-morte-2-1280x960.jpeg 1280w, https:\/\/www.rivieradeifiori.it\/wp-content\/uploads\/2022\/05\/Buona-morte-2-1080x810.jpeg 1080w, https:\/\/www.rivieradeifiori.it\/wp-content\/uploads\/2022\/05\/Buona-morte-2-150x113.jpeg 150w, https:\/\/www.rivieradeifiori.it\/wp-content\/uploads\/2022\/05\/Buona-morte-2.jpeg 2048w\" sizes=\"(max-width: 1920px) 100vw, 1920px\" \/><\/noscript><img decoding=\"async\" width=\"1920\" height=\"1440\" src=\"https:\/\/www.rivieradeifiori.it\/wp-content\/uploads\/2022\/05\/Buona-morte-2-1920x1440.jpeg\" class=\"wp-image-10973 vp-lazyload\" alt srcset=\"data:image\/svg+xml;base64,PHN2ZyB3aWR0aD0iMTkyMCIgaGVpZ2h0PSIxNDQwIiB2aWV3Qm94PSIwIDAgMTkyMCAxNDQwIiBmaWxsPSJub25lIiB4bWxucz0iaHR0cDovL3d3dy53My5vcmcvMjAwMC9zdmciPjwvc3ZnPg==\" data-src=\"https:\/\/www.rivieradeifiori.it\/wp-content\/uploads\/2022\/05\/Buona-morte-2-1920x1440.jpeg\" data-srcset=\"https:\/\/www.rivieradeifiori.it\/wp-content\/uploads\/2022\/05\/Buona-morte-2-1920x1440.jpeg 1920w, https:\/\/www.rivieradeifiori.it\/wp-content\/uploads\/2022\/05\/Buona-morte-2-300x225.jpeg 300w, https:\/\/www.rivieradeifiori.it\/wp-content\/uploads\/2022\/05\/Buona-morte-2-1270x953.jpeg 1270w, https:\/\/www.rivieradeifiori.it\/wp-content\/uploads\/2022\/05\/Buona-morte-2-1536x1152.jpeg 1536w, https:\/\/www.rivieradeifiori.it\/wp-content\/uploads\/2022\/05\/Buona-morte-2-500x375.jpeg 500w, https:\/\/www.rivieradeifiori.it\/wp-content\/uploads\/2022\/05\/Buona-morte-2-800x600.jpeg 800w, https:\/\/www.rivieradeifiori.it\/wp-content\/uploads\/2022\/05\/Buona-morte-2-1280x960.jpeg 1280w, https:\/\/www.rivieradeifiori.it\/wp-content\/uploads\/2022\/05\/Buona-morte-2-1080x810.jpeg 1080w, https:\/\/www.rivieradeifiori.it\/wp-content\/uploads\/2022\/05\/Buona-morte-2-150x113.jpeg 150w, https:\/\/www.rivieradeifiori.it\/wp-content\/uploads\/2022\/05\/Buona-morte-2.jpeg 2048w\" data-sizes=\"auto\" loading=\"eager\">\n\t\t<div class=\"vp-portfolio__item-overlay\"><\/div>\n\n\t\t<\/a>\t<\/div>\n<\/div>\n\n\t<figcaption class=\"vp-portfolio__item-caption vp-portfolio__item-caption-text-align-center\">\n\t\t<div class=\"vp-portfolio__item-meta-wrap vp-portfolio__custom-scrollbar\">\n\t\t\t<div class=\"vp-portfolio__item-meta\">\n\t\t\t\t\n<h2 class=\"vp-portfolio__item-meta-title\">\n\t\t<a\n\t\thref=\"https:\/\/www.rivieradeifiori.it\/wp-content\/uploads\/2022\/05\/Buona-morte-2-1920x1440.jpeg\"\n\t\t\t>\n\tAbiti Confraternita Della Buona Morte &#8211; Pieve di Teco \u00a9Innovation Media<\/a><\/h2>\n\t\t\t<\/div>\n\t\t<\/div>\n\t<\/figcaption>\n\t\t\t<\/figure>\n\t\t\t\t\t<\/div>\n\t\t\n<\/div>\n\t\t<\/div>\n\t\t\n<\/div>\n<\/div>","protected":false},"excerpt":{"rendered":"<p>Le territoire de l\u2019Arroscia varie des cent m\u00e9tr\u00e9s de Ranzo aux plus de mille m\u00e9tr\u00e9s de San Bernardo di Mendatica, en passant par le carrefour de Pieve di Teco. Ce sont les bois de la Haute Vall\u00e9e Arroscia qui dominent avec en premier plan la luxuriante h\u00eatraie de Rezzo. Point de d\u00e9part pour excursion panoramiques [&hellip;]<\/p>\n","protected":false},"author":1,"featured_media":13166,"comment_status":"closed","ping_status":"open","sticky":false,"template":"","format":"standard","meta":{"_et_pb_use_builder":"off","_et_pb_old_content":"","_et_gb_content_width":"","_eb_attr":"","_vp_format_video_url":"","_vp_image_focal_point":[],"_vp_custom_popup_image":0,"_vp_format_audio_url":"","_vp_custom_thumbnail":0,"_vp_custom_thumbnail_focal_point":[],"_vp_hover_thumbnail":0,"_vp_hover_thumbnail_focal_point":[],"footnotes":""},"categories":[924,955],"tags":[1280],"class_list":["post-14707","post","type-post","status-publish","format-standard","has-post-thumbnail","hentry","category-les-vallees","category-vallee-arroscia","tag-vallee-arroscia","et-has-post-format-content","et_post_format-et-post-format-standard"],"yoast_head":"<!-- This site is optimized with the Yoast SEO plugin v25.7 - https:\/\/yoast.com\/wordpress\/plugins\/seo\/ -->\n<title>Valle Arroscia - Vall\u00e9e Arroscia - Riviera dei Fiori<\/title>\n<meta name=\"robots\" content=\"index, follow, max-snippet:-1, max-image-preview:large, max-video-preview:-1\" \/>\n<link rel=\"canonical\" href=\"https:\/\/www.rivieradeifiori.it\/fr\/mer-et-territoire\/les-vallees\/vallee-arroscia\/valle-arroscia\/\" \/>\n<meta name=\"twitter:label1\" content=\"\u00c9crit par\" \/>\n\t<meta name=\"twitter:data1\" content=\"Luca Giovannetti\" \/>\n\t<meta name=\"twitter:label2\" content=\"Dur\u00e9e de lecture estim\u00e9e\" \/>\n\t<meta name=\"twitter:data2\" content=\"1 minute\" \/>\n<script type=\"application\/ld+json\" class=\"yoast-schema-graph\">{\"@context\":\"https:\/\/schema.org\",\"@graph\":[{\"@type\":\"WebPage\",\"@id\":\"https:\/\/www.rivieradeifiori.it\/fr\/mer-et-territoire\/les-vallees\/vallee-arroscia\/valle-arroscia\/\",\"url\":\"https:\/\/www.rivieradeifiori.it\/fr\/mer-et-territoire\/les-vallees\/vallee-arroscia\/valle-arroscia\/\",\"name\":\"Valle Arroscia - Vall\u00e9e Arroscia - Riviera dei Fiori\",\"isPartOf\":{\"@id\":\"https:\/\/www.rivieradeifiori.it\/fr\/#website\"},\"primaryImageOfPage\":{\"@id\":\"https:\/\/www.rivieradeifiori.it\/fr\/mer-et-territoire\/les-vallees\/vallee-arroscia\/valle-arroscia\/#primaryimage\"},\"image\":{\"@id\":\"https:\/\/www.rivieradeifiori.it\/fr\/mer-et-territoire\/les-vallees\/vallee-arroscia\/valle-arroscia\/#primaryimage\"},\"thumbnailUrl\":\"https:\/\/www.rivieradeifiori.it\/wp-content\/uploads\/2022\/05\/Depositphotos_192895360_l-2015.jpg\",\"datePublished\":\"2022-06-06T14:39:44+00:00\",\"dateModified\":\"2023-02-04T08:18:55+00:00\",\"author\":{\"@id\":\"https:\/\/www.rivieradeifiori.it\/fr\/#\/schema\/person\/6cc4e4ed0d74f08798811653e64f69ed\"},\"breadcrumb\":{\"@id\":\"https:\/\/www.rivieradeifiori.it\/fr\/mer-et-territoire\/les-vallees\/vallee-arroscia\/valle-arroscia\/#breadcrumb\"},\"inLanguage\":\"fr-FR\",\"potentialAction\":[{\"@type\":\"ReadAction\",\"target\":[\"https:\/\/www.rivieradeifiori.it\/fr\/mer-et-territoire\/les-vallees\/vallee-arroscia\/valle-arroscia\/\"]}]},{\"@type\":\"ImageObject\",\"inLanguage\":\"fr-FR\",\"@id\":\"https:\/\/www.rivieradeifiori.it\/fr\/mer-et-territoire\/les-vallees\/vallee-arroscia\/valle-arroscia\/#primaryimage\",\"url\":\"https:\/\/www.rivieradeifiori.it\/wp-content\/uploads\/2022\/05\/Depositphotos_192895360_l-2015.jpg\",\"contentUrl\":\"https:\/\/www.rivieradeifiori.it\/wp-content\/uploads\/2022\/05\/Depositphotos_192895360_l-2015.jpg\",\"width\":2000,\"height\":1335,\"caption\":\"Ponte Napoleonico - Rezzo \u00a9Depositphoto\"},{\"@type\":\"BreadcrumbList\",\"@id\":\"https:\/\/www.rivieradeifiori.it\/fr\/mer-et-territoire\/les-vallees\/vallee-arroscia\/valle-arroscia\/#breadcrumb\",\"itemListElement\":[{\"@type\":\"ListItem\",\"position\":1,\"name\":\"Home\",\"item\":\"https:\/\/www.rivieradeifiori.it\/fr\/\"},{\"@type\":\"ListItem\",\"position\":2,\"name\":\"Valle Arroscia\"}]},{\"@type\":\"WebSite\",\"@id\":\"https:\/\/www.rivieradeifiori.it\/fr\/#website\",\"url\":\"https:\/\/www.rivieradeifiori.it\/fr\/\",\"name\":\"Riviera dei Fiori\",\"description\":\"Un mare di colori\",\"potentialAction\":[{\"@type\":\"SearchAction\",\"target\":{\"@type\":\"EntryPoint\",\"urlTemplate\":\"https:\/\/www.rivieradeifiori.it\/fr\/?s={search_term_string}\"},\"query-input\":{\"@type\":\"PropertyValueSpecification\",\"valueRequired\":true,\"valueName\":\"search_term_string\"}}],\"inLanguage\":\"fr-FR\"},{\"@type\":\"Person\",\"@id\":\"https:\/\/www.rivieradeifiori.it\/fr\/#\/schema\/person\/6cc4e4ed0d74f08798811653e64f69ed\",\"name\":\"Luca Giovannetti\",\"image\":{\"@type\":\"ImageObject\",\"inLanguage\":\"fr-FR\",\"@id\":\"https:\/\/www.rivieradeifiori.it\/fr\/#\/schema\/person\/image\/\",\"url\":\"https:\/\/secure.gravatar.com\/avatar\/092abda2284c50268e586151e014cf903142e524662c62577231430ea44340cf?s=96&r=g&d=https:\/\/www.rivieradeifiori.it\/wp-content\/plugins\/userswp\/assets\/images\/no_profile.png\",\"contentUrl\":\"https:\/\/secure.gravatar.com\/avatar\/092abda2284c50268e586151e014cf903142e524662c62577231430ea44340cf?s=96&r=g&d=https:\/\/www.rivieradeifiori.it\/wp-content\/plugins\/userswp\/assets\/images\/no_profile.png\",\"caption\":\"Luca Giovannetti\"}}]}<\/script>\n<!-- \/ Yoast SEO plugin. -->","yoast_head_json":{"title":"Valle Arroscia - Vall\u00e9e Arroscia - Riviera dei Fiori","robots":{"index":"index","follow":"follow","max-snippet":"max-snippet:-1","max-image-preview":"max-image-preview:large","max-video-preview":"max-video-preview:-1"},"canonical":"https:\/\/www.rivieradeifiori.it\/fr\/mer-et-territoire\/les-vallees\/vallee-arroscia\/valle-arroscia\/","twitter_misc":{"\u00c9crit par":"Luca Giovannetti","Dur\u00e9e de lecture estim\u00e9e":"1 minute"},"schema":{"@context":"https:\/\/schema.org","@graph":[{"@type":"WebPage","@id":"https:\/\/www.rivieradeifiori.it\/fr\/mer-et-territoire\/les-vallees\/vallee-arroscia\/valle-arroscia\/","url":"https:\/\/www.rivieradeifiori.it\/fr\/mer-et-territoire\/les-vallees\/vallee-arroscia\/valle-arroscia\/","name":"Valle Arroscia - Vall\u00e9e Arroscia - Riviera dei Fiori","isPartOf":{"@id":"https:\/\/www.rivieradeifiori.it\/fr\/#website"},"primaryImageOfPage":{"@id":"https:\/\/www.rivieradeifiori.it\/fr\/mer-et-territoire\/les-vallees\/vallee-arroscia\/valle-arroscia\/#primaryimage"},"image":{"@id":"https:\/\/www.rivieradeifiori.it\/fr\/mer-et-territoire\/les-vallees\/vallee-arroscia\/valle-arroscia\/#primaryimage"},"thumbnailUrl":"https:\/\/www.rivieradeifiori.it\/wp-content\/uploads\/2022\/05\/Depositphotos_192895360_l-2015.jpg","datePublished":"2022-06-06T14:39:44+00:00","dateModified":"2023-02-04T08:18:55+00:00","author":{"@id":"https:\/\/www.rivieradeifiori.it\/fr\/#\/schema\/person\/6cc4e4ed0d74f08798811653e64f69ed"},"breadcrumb":{"@id":"https:\/\/www.rivieradeifiori.it\/fr\/mer-et-territoire\/les-vallees\/vallee-arroscia\/valle-arroscia\/#breadcrumb"},"inLanguage":"fr-FR","potentialAction":[{"@type":"ReadAction","target":["https:\/\/www.rivieradeifiori.it\/fr\/mer-et-territoire\/les-vallees\/vallee-arroscia\/valle-arroscia\/"]}]},{"@type":"ImageObject","inLanguage":"fr-FR","@id":"https:\/\/www.rivieradeifiori.it\/fr\/mer-et-territoire\/les-vallees\/vallee-arroscia\/valle-arroscia\/#primaryimage","url":"https:\/\/www.rivieradeifiori.it\/wp-content\/uploads\/2022\/05\/Depositphotos_192895360_l-2015.jpg","contentUrl":"https:\/\/www.rivieradeifiori.it\/wp-content\/uploads\/2022\/05\/Depositphotos_192895360_l-2015.jpg","width":2000,"height":1335,"caption":"Ponte Napoleonico - Rezzo \u00a9Depositphoto"},{"@type":"BreadcrumbList","@id":"https:\/\/www.rivieradeifiori.it\/fr\/mer-et-territoire\/les-vallees\/vallee-arroscia\/valle-arroscia\/#breadcrumb","itemListElement":[{"@type":"ListItem","position":1,"name":"Home","item":"https:\/\/www.rivieradeifiori.it\/fr\/"},{"@type":"ListItem","position":2,"name":"Valle Arroscia"}]},{"@type":"WebSite","@id":"https:\/\/www.rivieradeifiori.it\/fr\/#website","url":"https:\/\/www.rivieradeifiori.it\/fr\/","name":"Riviera dei Fiori","description":"Un mare di colori","potentialAction":[{"@type":"SearchAction","target":{"@type":"EntryPoint","urlTemplate":"https:\/\/www.rivieradeifiori.it\/fr\/?s={search_term_string}"},"query-input":{"@type":"PropertyValueSpecification","valueRequired":true,"valueName":"search_term_string"}}],"inLanguage":"fr-FR"},{"@type":"Person","@id":"https:\/\/www.rivieradeifiori.it\/fr\/#\/schema\/person\/6cc4e4ed0d74f08798811653e64f69ed","name":"Luca Giovannetti","image":{"@type":"ImageObject","inLanguage":"fr-FR","@id":"https:\/\/www.rivieradeifiori.it\/fr\/#\/schema\/person\/image\/","url":"https:\/\/secure.gravatar.com\/avatar\/092abda2284c50268e586151e014cf903142e524662c62577231430ea44340cf?s=96&r=g&d=https:\/\/www.rivieradeifiori.it\/wp-content\/plugins\/userswp\/assets\/images\/no_profile.png","contentUrl":"https:\/\/secure.gravatar.com\/avatar\/092abda2284c50268e586151e014cf903142e524662c62577231430ea44340cf?s=96&r=g&d=https:\/\/www.rivieradeifiori.it\/wp-content\/plugins\/userswp\/assets\/images\/no_profile.png","caption":"Luca Giovannetti"}}]}},"_links":{"self":[{"href":"https:\/\/www.rivieradeifiori.it\/fr\/wp-json\/wp\/v2\/posts\/14707","targetHints":{"allow":["GET"]}}],"collection":[{"href":"https:\/\/www.rivieradeifiori.it\/fr\/wp-json\/wp\/v2\/posts"}],"about":[{"href":"https:\/\/www.rivieradeifiori.it\/fr\/wp-json\/wp\/v2\/types\/post"}],"author":[{"embeddable":true,"href":"https:\/\/www.rivieradeifiori.it\/fr\/wp-json\/wp\/v2\/users\/1"}],"replies":[{"embeddable":true,"href":"https:\/\/www.rivieradeifiori.it\/fr\/wp-json\/wp\/v2\/comments?post=14707"}],"version-history":[{"count":2,"href":"https:\/\/www.rivieradeifiori.it\/fr\/wp-json\/wp\/v2\/posts\/14707\/revisions"}],"predecessor-version":[{"id":18278,"href":"https:\/\/www.rivieradeifiori.it\/fr\/wp-json\/wp\/v2\/posts\/14707\/revisions\/18278"}],"wp:featuredmedia":[{"embeddable":true,"href":"https:\/\/www.rivieradeifiori.it\/fr\/wp-json\/wp\/v2\/media\/13166"}],"wp:attachment":[{"href":"https:\/\/www.rivieradeifiori.it\/fr\/wp-json\/wp\/v2\/media?parent=14707"}],"wp:term":[{"taxonomy":"category","embeddable":true,"href":"https:\/\/www.rivieradeifiori.it\/fr\/wp-json\/wp\/v2\/categories?post=14707"},{"taxonomy":"post_tag","embeddable":true,"href":"https:\/\/www.rivieradeifiori.it\/fr\/wp-json\/wp\/v2\/tags?post=14707"}],"curies":[{"name":"wp","href":"https:\/\/api.w.org\/{rel}","templated":true}]}}