{"id":14472,"date":"2022-06-06T00:12:33","date_gmt":"2022-06-05T22:12:33","guid":{"rendered":"https:\/\/www.rivieradeifiori.it\/senza-categoria-fr\/vallecrosia\/"},"modified":"2023-02-02T17:06:45","modified_gmt":"2023-02-02T16:06:45","slug":"vallecrosia","status":"publish","type":"post","link":"https:\/\/www.rivieradeifiori.it\/fr\/mer-et-territoire\/la-cote\/vallecrosia\/","title":{"rendered":"Vallecrosia"},"content":{"rendered":"\n<p>Connue comme une petite ville touristique, Vallecrosia est constitu\u00e9e par deux centres urbains. <\/p>\n\n\n\n<p>Loin de la c\u00f4te se trouve le c\u0153ur ancien, Vallecrosia Alta, un bourg m\u00e9di\u00e9val riche de verdure et par\u00e9 d\u2019\u00e9glises anciennes, tours sarrasines et maisons-tours qui t\u00e9moignent d\u2019un pass\u00e9 m\u00e9di\u00e9val. <\/p>\n\n\n\n<p>La ville moderne est par contre pr\u00e9s de la mer et c\u2019est un centre touristique et baln\u00e9aire parmi les plus recherch\u00e9s, avec des plages en cailloux et une promenade au bord de mer. <\/p>\n\n\n\n<p>\u00c0 Vallecrosia se trouve le si\u00e8ge du &nbsp;\u00bbMus\u00e9e de la chanson italienne et de supports de son&nbsp;\u00bb, un mus\u00e9e priv\u00e9 con\u00e7u par Erio Tripodi \u00e0 l\u2019int\u00e9rieur d\u2019une locomotive \u00e0 vapeur de 1910 et de quelques voitures, avec des centaines d\u2019instruments, manuscrits, partitions et objets divers. Beaucoup sont aussi les manifestations de l\u2019\u00e9t\u00e9 sur la mer.<\/p>\n\n\n\n<p><\/p>\n\n\n<div class=\"wp-block-visual-portfolio\">\n<div class=\"vp-portfolio vp-uid-b96dcd96 vp-id-Z2f4E1V\"\n\tdata-vp-layout=\"justified\" data-vp-content-source=\"images\" data-vp-items-style=\"emerge\" data-vp-items-click-action=\"popup_gallery\" data-vp-items-gap=\"5\" data-vp-items-gap-vertical=\"3\" data-vp-pagination=\"load-more\" data-vp-next-page-url=\"\" data-vp-justified-row-height=\"200\" data-vp-justified-row-height-tolerance=\"0.25\" data-vp-justified-max-rows-count=\"0\" data-vp-justified-last-row=\"center\" >\n\t<div class=\"vp-portfolio__preloader-wrap\">\n\t\t<div class=\"vp-portfolio__preloader\">\n\t\t\t<img decoding=\"async\" loading=\"eager\" src=\"https:\/\/www.rivieradeifiori.it\/wp-content\/plugins\/visual-portfolio-pro\/core-plugin\/assets\/images\/logo-dark.svg\" alt=\"Visual Portfolio, Posts &amp; Image Gallery for WordPress\" width=\"20\" height=\"20\" data-skip-lazy>\n\t\t<\/div>\n\t<\/div>\n\t\t<div class=\"vp-portfolio__items-wrap\">\n\t\t\t\n<div class=\"vp-portfolio__items vp-portfolio__items-style-emerge vp-portfolio__items-show-overlay-hover vp-portfolio__items-show-caption-hover\">\n\n\t\t<div\t\tclass=\"vp-portfolio__item-wrap vp-portfolio__item-uid-961408d7\" data-vp-filter=\"\" \t\t>\n\t\t\t<template class=\"vp-portfolio__item-popup\" data-vp-popup-img=\"https:\/\/www.rivieradeifiori.it\/wp-content\/uploads\/2022\/05\/1443px-Vallecrosia_abc7.jpg\" data-vp-popup-img-srcset=\"https:\/\/www.rivieradeifiori.it\/wp-content\/uploads\/2022\/05\/1443px-Vallecrosia_abc7.jpg 1443w, https:\/\/www.rivieradeifiori.it\/wp-content\/uploads\/2022\/05\/1443px-Vallecrosia_abc7-300x225.jpg 300w, https:\/\/www.rivieradeifiori.it\/wp-content\/uploads\/2022\/05\/1443px-Vallecrosia_abc7-1270x951.jpg 1270w, https:\/\/www.rivieradeifiori.it\/wp-content\/uploads\/2022\/05\/1443px-Vallecrosia_abc7-500x374.jpg 500w, https:\/\/www.rivieradeifiori.it\/wp-content\/uploads\/2022\/05\/1443px-Vallecrosia_abc7-800x599.jpg 800w, https:\/\/www.rivieradeifiori.it\/wp-content\/uploads\/2022\/05\/1443px-Vallecrosia_abc7-1280x958.jpg 1280w, https:\/\/www.rivieradeifiori.it\/wp-content\/uploads\/2022\/05\/1443px-Vallecrosia_abc7-1080x808.jpg 1080w, https:\/\/www.rivieradeifiori.it\/wp-content\/uploads\/2022\/05\/1443px-Vallecrosia_abc7-150x112.jpg 150w\" data-vp-popup-img-size=\"1443x1080\" data-vp-popup-md-img=\"https:\/\/www.rivieradeifiori.it\/wp-content\/uploads\/2022\/05\/1443px-Vallecrosia_abc7-800x599.jpg\" data-vp-popup-md-img-size=\"800x599\" data-vp-popup-sm-img=\"https:\/\/www.rivieradeifiori.it\/wp-content\/uploads\/2022\/05\/1443px-Vallecrosia_abc7-500x374.jpg\" data-vp-popup-sm-img-size=\"500x374\">\n\t\t\t<h3 class=\"vp-portfolio__item-popup-title\">Vallecrosia \u00a9Patafisik | Wikipedia<\/h3>\n\t\t<\/template>\n\t\t\t\t\t\t<figure class=\"vp-portfolio__item\">\n\t\t\t\t\n<div class=\"vp-portfolio__item-img-wrap\">\n\t<div class=\"vp-portfolio__item-img\">\n\t\t\t<a\n\t\thref=\"https:\/\/www.rivieradeifiori.it\/wp-content\/uploads\/2022\/05\/1443px-Vallecrosia_abc7.jpg\"\n\t\t\t>\n\t\n\t\t<noscript><img decoding=\"async\" width=\"1443\" height=\"1080\" data-skip-lazy src=\"https:\/\/www.rivieradeifiori.it\/wp-content\/uploads\/2022\/05\/1443px-Vallecrosia_abc7.jpg\" class=\"wp-image-10893\" alt=\"\" srcset=\"https:\/\/www.rivieradeifiori.it\/wp-content\/uploads\/2022\/05\/1443px-Vallecrosia_abc7.jpg 1443w, https:\/\/www.rivieradeifiori.it\/wp-content\/uploads\/2022\/05\/1443px-Vallecrosia_abc7-300x225.jpg 300w, https:\/\/www.rivieradeifiori.it\/wp-content\/uploads\/2022\/05\/1443px-Vallecrosia_abc7-1270x951.jpg 1270w, https:\/\/www.rivieradeifiori.it\/wp-content\/uploads\/2022\/05\/1443px-Vallecrosia_abc7-500x374.jpg 500w, https:\/\/www.rivieradeifiori.it\/wp-content\/uploads\/2022\/05\/1443px-Vallecrosia_abc7-800x599.jpg 800w, https:\/\/www.rivieradeifiori.it\/wp-content\/uploads\/2022\/05\/1443px-Vallecrosia_abc7-1280x958.jpg 1280w, https:\/\/www.rivieradeifiori.it\/wp-content\/uploads\/2022\/05\/1443px-Vallecrosia_abc7-1080x808.jpg 1080w, https:\/\/www.rivieradeifiori.it\/wp-content\/uploads\/2022\/05\/1443px-Vallecrosia_abc7-150x112.jpg 150w\" sizes=\"(max-width: 1443px) 100vw, 1443px\" \/><\/noscript><img fetchpriority=\"high\" decoding=\"async\" width=\"1443\" height=\"1080\" src=\"https:\/\/www.rivieradeifiori.it\/wp-content\/uploads\/2022\/05\/1443px-Vallecrosia_abc7.jpg\" class=\"wp-image-10893 vp-lazyload\" alt srcset=\"data:image\/svg+xml;base64,PHN2ZyB3aWR0aD0iMTQ0MyIgaGVpZ2h0PSIxMDgwIiB2aWV3Qm94PSIwIDAgMTQ0MyAxMDgwIiBmaWxsPSJub25lIiB4bWxucz0iaHR0cDovL3d3dy53My5vcmcvMjAwMC9zdmciPjwvc3ZnPg==\" data-src=\"https:\/\/www.rivieradeifiori.it\/wp-content\/uploads\/2022\/05\/1443px-Vallecrosia_abc7.jpg\" data-srcset=\"https:\/\/www.rivieradeifiori.it\/wp-content\/uploads\/2022\/05\/1443px-Vallecrosia_abc7.jpg 1443w, https:\/\/www.rivieradeifiori.it\/wp-content\/uploads\/2022\/05\/1443px-Vallecrosia_abc7-300x225.jpg 300w, https:\/\/www.rivieradeifiori.it\/wp-content\/uploads\/2022\/05\/1443px-Vallecrosia_abc7-1270x951.jpg 1270w, https:\/\/www.rivieradeifiori.it\/wp-content\/uploads\/2022\/05\/1443px-Vallecrosia_abc7-500x374.jpg 500w, https:\/\/www.rivieradeifiori.it\/wp-content\/uploads\/2022\/05\/1443px-Vallecrosia_abc7-800x599.jpg 800w, https:\/\/www.rivieradeifiori.it\/wp-content\/uploads\/2022\/05\/1443px-Vallecrosia_abc7-1280x958.jpg 1280w, https:\/\/www.rivieradeifiori.it\/wp-content\/uploads\/2022\/05\/1443px-Vallecrosia_abc7-1080x808.jpg 1080w, https:\/\/www.rivieradeifiori.it\/wp-content\/uploads\/2022\/05\/1443px-Vallecrosia_abc7-150x112.jpg 150w\" data-sizes=\"auto\" loading=\"eager\">\n\t\t<div class=\"vp-portfolio__item-overlay\"><\/div>\n\n\t\t<\/a>\t<\/div>\n<\/div>\n\n\t<figcaption class=\"vp-portfolio__item-caption vp-portfolio__item-caption-text-align-center\">\n\t\t<div class=\"vp-portfolio__item-meta-wrap vp-portfolio__custom-scrollbar\">\n\t\t\t<div class=\"vp-portfolio__item-meta\">\n\t\t\t\t\n<h2 class=\"vp-portfolio__item-meta-title\">\n\t\t<a\n\t\thref=\"https:\/\/www.rivieradeifiori.it\/wp-content\/uploads\/2022\/05\/1443px-Vallecrosia_abc7.jpg\"\n\t\t\t>\n\tVallecrosia \u00a9Patafisik | Wikipedia<\/a><\/h2>\n\t\t\t<\/div>\n\t\t<\/div>\n\t<\/figcaption>\n\t\t\t<\/figure>\n\t\t\t\t\t<\/div>\n\t\t\n\t\t<div\t\tclass=\"vp-portfolio__item-wrap vp-portfolio__item-uid-8c8a603b\" data-vp-filter=\"\" \t\t>\n\t\t\t<template class=\"vp-portfolio__item-popup\" data-vp-popup-img=\"https:\/\/www.rivieradeifiori.it\/wp-content\/uploads\/2022\/05\/810px-Vallecrosia_Alta-centro_storico4.jpg\" data-vp-popup-img-srcset=\"https:\/\/www.rivieradeifiori.it\/wp-content\/uploads\/2022\/05\/810px-Vallecrosia_Alta-centro_storico4.jpg 810w, https:\/\/www.rivieradeifiori.it\/wp-content\/uploads\/2022\/05\/810px-Vallecrosia_Alta-centro_storico4-225x300.jpg 225w, https:\/\/www.rivieradeifiori.it\/wp-content\/uploads\/2022\/05\/810px-Vallecrosia_Alta-centro_storico4-500x667.jpg 500w, https:\/\/www.rivieradeifiori.it\/wp-content\/uploads\/2022\/05\/810px-Vallecrosia_Alta-centro_storico4-800x1067.jpg 800w, https:\/\/www.rivieradeifiori.it\/wp-content\/uploads\/2022\/05\/810px-Vallecrosia_Alta-centro_storico4-150x200.jpg 150w, https:\/\/www.rivieradeifiori.it\/wp-content\/uploads\/2022\/05\/810px-Vallecrosia_Alta-centro_storico4-375x500.jpg 375w\" data-vp-popup-img-size=\"810x1080\" data-vp-popup-md-img=\"https:\/\/www.rivieradeifiori.it\/wp-content\/uploads\/2022\/05\/810px-Vallecrosia_Alta-centro_storico4-800x1067.jpg\" data-vp-popup-md-img-size=\"800x1067\" data-vp-popup-sm-img=\"https:\/\/www.rivieradeifiori.it\/wp-content\/uploads\/2022\/05\/810px-Vallecrosia_Alta-centro_storico4-500x667.jpg\" data-vp-popup-sm-img-size=\"500x667\">\n\t\t\t<h3 class=\"vp-portfolio__item-popup-title\">Vallecrosia Alta centro storico \u00a9Davide Papalini | Wikipedia<\/h3>\n\t\t<\/template>\n\t\t\t\t\t\t<figure class=\"vp-portfolio__item\">\n\t\t\t\t\n<div class=\"vp-portfolio__item-img-wrap\">\n\t<div class=\"vp-portfolio__item-img\">\n\t\t\t<a\n\t\thref=\"https:\/\/www.rivieradeifiori.it\/wp-content\/uploads\/2022\/05\/810px-Vallecrosia_Alta-centro_storico4.jpg\"\n\t\t\t>\n\t\n\t\t<noscript><img decoding=\"async\" width=\"810\" height=\"1080\" data-skip-lazy src=\"https:\/\/www.rivieradeifiori.it\/wp-content\/uploads\/2022\/05\/810px-Vallecrosia_Alta-centro_storico4.jpg\" class=\"wp-image-10803\" alt=\"\" srcset=\"https:\/\/www.rivieradeifiori.it\/wp-content\/uploads\/2022\/05\/810px-Vallecrosia_Alta-centro_storico4.jpg 810w, https:\/\/www.rivieradeifiori.it\/wp-content\/uploads\/2022\/05\/810px-Vallecrosia_Alta-centro_storico4-225x300.jpg 225w, https:\/\/www.rivieradeifiori.it\/wp-content\/uploads\/2022\/05\/810px-Vallecrosia_Alta-centro_storico4-500x667.jpg 500w, https:\/\/www.rivieradeifiori.it\/wp-content\/uploads\/2022\/05\/810px-Vallecrosia_Alta-centro_storico4-800x1067.jpg 800w, https:\/\/www.rivieradeifiori.it\/wp-content\/uploads\/2022\/05\/810px-Vallecrosia_Alta-centro_storico4-150x200.jpg 150w, https:\/\/www.rivieradeifiori.it\/wp-content\/uploads\/2022\/05\/810px-Vallecrosia_Alta-centro_storico4-375x500.jpg 375w\" sizes=\"(max-width: 810px) 100vw, 810px\" \/><\/noscript><img decoding=\"async\" width=\"810\" height=\"1080\" src=\"https:\/\/www.rivieradeifiori.it\/wp-content\/uploads\/2022\/05\/810px-Vallecrosia_Alta-centro_storico4.jpg\" class=\"wp-image-10803 vp-lazyload\" alt srcset=\"data:image\/svg+xml;base64,PHN2ZyB3aWR0aD0iODEwIiBoZWlnaHQ9IjEwODAiIHZpZXdCb3g9IjAgMCA4MTAgMTA4MCIgZmlsbD0ibm9uZSIgeG1sbnM9Imh0dHA6Ly93d3cudzMub3JnLzIwMDAvc3ZnIj48L3N2Zz4=\" data-src=\"https:\/\/www.rivieradeifiori.it\/wp-content\/uploads\/2022\/05\/810px-Vallecrosia_Alta-centro_storico4.jpg\" data-srcset=\"https:\/\/www.rivieradeifiori.it\/wp-content\/uploads\/2022\/05\/810px-Vallecrosia_Alta-centro_storico4.jpg 810w, https:\/\/www.rivieradeifiori.it\/wp-content\/uploads\/2022\/05\/810px-Vallecrosia_Alta-centro_storico4-225x300.jpg 225w, https:\/\/www.rivieradeifiori.it\/wp-content\/uploads\/2022\/05\/810px-Vallecrosia_Alta-centro_storico4-500x667.jpg 500w, https:\/\/www.rivieradeifiori.it\/wp-content\/uploads\/2022\/05\/810px-Vallecrosia_Alta-centro_storico4-800x1067.jpg 800w, https:\/\/www.rivieradeifiori.it\/wp-content\/uploads\/2022\/05\/810px-Vallecrosia_Alta-centro_storico4-150x200.jpg 150w, https:\/\/www.rivieradeifiori.it\/wp-content\/uploads\/2022\/05\/810px-Vallecrosia_Alta-centro_storico4-375x500.jpg 375w\" data-sizes=\"auto\" loading=\"eager\">\n\t\t<div class=\"vp-portfolio__item-overlay\"><\/div>\n\n\t\t<\/a>\t<\/div>\n<\/div>\n\n\t<figcaption class=\"vp-portfolio__item-caption vp-portfolio__item-caption-text-align-center\">\n\t\t<div class=\"vp-portfolio__item-meta-wrap vp-portfolio__custom-scrollbar\">\n\t\t\t<div class=\"vp-portfolio__item-meta\">\n\t\t\t\t\n<h2 class=\"vp-portfolio__item-meta-title\">\n\t\t<a\n\t\thref=\"https:\/\/www.rivieradeifiori.it\/wp-content\/uploads\/2022\/05\/810px-Vallecrosia_Alta-centro_storico4.jpg\"\n\t\t\t>\n\tVallecrosia Alta centro storico \u00a9Davide Papalini | Wikipedia<\/a><\/h2>\n\t\t\t<\/div>\n\t\t<\/div>\n\t<\/figcaption>\n\t\t\t<\/figure>\n\t\t\t\t\t<\/div>\n\t\t\n<\/div>\n\t\t<\/div>\n\t\t\n<\/div>\n<\/div>","protected":false},"excerpt":{"rendered":"<p>Connue comme une petite ville touristique, Vallecrosia est constitu\u00e9e par deux centres urbains. Loin de la c\u00f4te se trouve le c\u0153ur ancien, Vallecrosia Alta, un bourg m\u00e9di\u00e9val riche de verdure et par\u00e9 d\u2019\u00e9glises anciennes, tours sarrasines et maisons-tours qui t\u00e9moignent d\u2019un pass\u00e9 m\u00e9di\u00e9val. La ville moderne est par contre pr\u00e9s de la mer et c\u2019est [&hellip;]<\/p>\n","protected":false},"author":1,"featured_media":13046,"comment_status":"closed","ping_status":"open","sticky":false,"template":"","format":"standard","meta":{"_et_pb_use_builder":"off","_et_pb_old_content":"","_et_gb_content_width":"","_eb_attr":"","_vp_format_video_url":"","_vp_image_focal_point":[],"_vp_custom_popup_image":0,"_vp_format_audio_url":"","_vp_custom_thumbnail":0,"_vp_custom_thumbnail_focal_point":[],"_vp_hover_thumbnail":0,"_vp_hover_thumbnail_focal_point":[],"footnotes":""},"categories":[938,943],"tags":[1233,1284,1298,1289],"class_list":["post-14472","post","type-post","status-publish","format-standard","has-post-thumbnail","hentry","category-la-cote","category-vallee-crosia","tag-la-costa-fr","tag-la-cote","tag-vallecrosia-fr","tag-vallee-crosia","et-has-post-format-content","et_post_format-et-post-format-standard"],"yoast_head":"<!-- This site is optimized with the Yoast SEO plugin v25.7 - https:\/\/yoast.com\/wordpress\/plugins\/seo\/ -->\n<title>Vallecrosia - La c\u00f4te - Riviera dei Fiori<\/title>\n<meta name=\"robots\" content=\"index, follow, max-snippet:-1, max-image-preview:large, max-video-preview:-1\" \/>\n<link rel=\"canonical\" href=\"https:\/\/www.rivieradeifiori.it\/fr\/mer-et-territoire\/la-cote\/vallecrosia\/\" \/>\n<meta name=\"twitter:label1\" content=\"\u00c9crit par\" \/>\n\t<meta name=\"twitter:data1\" content=\"Luca Giovannetti\" \/>\n\t<meta name=\"twitter:label2\" content=\"Dur\u00e9e de lecture estim\u00e9e\" \/>\n\t<meta name=\"twitter:data2\" content=\"1 minute\" \/>\n<script type=\"application\/ld+json\" class=\"yoast-schema-graph\">{\"@context\":\"https:\/\/schema.org\",\"@graph\":[{\"@type\":\"WebPage\",\"@id\":\"https:\/\/www.rivieradeifiori.it\/fr\/mer-et-territoire\/la-cote\/vallecrosia\/\",\"url\":\"https:\/\/www.rivieradeifiori.it\/fr\/mer-et-territoire\/la-cote\/vallecrosia\/\",\"name\":\"Vallecrosia - La c\u00f4te - Riviera dei Fiori\",\"isPartOf\":{\"@id\":\"https:\/\/www.rivieradeifiori.it\/fr\/#website\"},\"primaryImageOfPage\":{\"@id\":\"https:\/\/www.rivieradeifiori.it\/fr\/mer-et-territoire\/la-cote\/vallecrosia\/#primaryimage\"},\"image\":{\"@id\":\"https:\/\/www.rivieradeifiori.it\/fr\/mer-et-territoire\/la-cote\/vallecrosia\/#primaryimage\"},\"thumbnailUrl\":\"https:\/\/www.rivieradeifiori.it\/wp-content\/uploads\/2022\/05\/1443px-Vallecrosia_abc7.jpg\",\"datePublished\":\"2022-06-05T22:12:33+00:00\",\"dateModified\":\"2023-02-02T16:06:45+00:00\",\"author\":{\"@id\":\"https:\/\/www.rivieradeifiori.it\/fr\/#\/schema\/person\/6cc4e4ed0d74f08798811653e64f69ed\"},\"breadcrumb\":{\"@id\":\"https:\/\/www.rivieradeifiori.it\/fr\/mer-et-territoire\/la-cote\/vallecrosia\/#breadcrumb\"},\"inLanguage\":\"fr-FR\",\"potentialAction\":[{\"@type\":\"ReadAction\",\"target\":[\"https:\/\/www.rivieradeifiori.it\/fr\/mer-et-territoire\/la-cote\/vallecrosia\/\"]}]},{\"@type\":\"ImageObject\",\"inLanguage\":\"fr-FR\",\"@id\":\"https:\/\/www.rivieradeifiori.it\/fr\/mer-et-territoire\/la-cote\/vallecrosia\/#primaryimage\",\"url\":\"https:\/\/www.rivieradeifiori.it\/wp-content\/uploads\/2022\/05\/1443px-Vallecrosia_abc7.jpg\",\"contentUrl\":\"https:\/\/www.rivieradeifiori.it\/wp-content\/uploads\/2022\/05\/1443px-Vallecrosia_abc7.jpg\",\"width\":1443,\"height\":1080,\"caption\":\"Vallecrosia \u00a9Patafisik | Wikipedia\"},{\"@type\":\"BreadcrumbList\",\"@id\":\"https:\/\/www.rivieradeifiori.it\/fr\/mer-et-territoire\/la-cote\/vallecrosia\/#breadcrumb\",\"itemListElement\":[{\"@type\":\"ListItem\",\"position\":1,\"name\":\"Home\",\"item\":\"https:\/\/www.rivieradeifiori.it\/fr\/\"},{\"@type\":\"ListItem\",\"position\":2,\"name\":\"Vallecrosia\"}]},{\"@type\":\"WebSite\",\"@id\":\"https:\/\/www.rivieradeifiori.it\/fr\/#website\",\"url\":\"https:\/\/www.rivieradeifiori.it\/fr\/\",\"name\":\"Riviera dei Fiori\",\"description\":\"Un mare di colori\",\"potentialAction\":[{\"@type\":\"SearchAction\",\"target\":{\"@type\":\"EntryPoint\",\"urlTemplate\":\"https:\/\/www.rivieradeifiori.it\/fr\/?s={search_term_string}\"},\"query-input\":{\"@type\":\"PropertyValueSpecification\",\"valueRequired\":true,\"valueName\":\"search_term_string\"}}],\"inLanguage\":\"fr-FR\"},{\"@type\":\"Person\",\"@id\":\"https:\/\/www.rivieradeifiori.it\/fr\/#\/schema\/person\/6cc4e4ed0d74f08798811653e64f69ed\",\"name\":\"Luca Giovannetti\",\"image\":{\"@type\":\"ImageObject\",\"inLanguage\":\"fr-FR\",\"@id\":\"https:\/\/www.rivieradeifiori.it\/fr\/#\/schema\/person\/image\/\",\"url\":\"https:\/\/secure.gravatar.com\/avatar\/092abda2284c50268e586151e014cf903142e524662c62577231430ea44340cf?s=96&r=g&d=https:\/\/www.rivieradeifiori.it\/wp-content\/plugins\/userswp\/assets\/images\/no_profile.png\",\"contentUrl\":\"https:\/\/secure.gravatar.com\/avatar\/092abda2284c50268e586151e014cf903142e524662c62577231430ea44340cf?s=96&r=g&d=https:\/\/www.rivieradeifiori.it\/wp-content\/plugins\/userswp\/assets\/images\/no_profile.png\",\"caption\":\"Luca Giovannetti\"}}]}<\/script>\n<!-- \/ Yoast SEO plugin. -->","yoast_head_json":{"title":"Vallecrosia - La c\u00f4te - Riviera dei Fiori","robots":{"index":"index","follow":"follow","max-snippet":"max-snippet:-1","max-image-preview":"max-image-preview:large","max-video-preview":"max-video-preview:-1"},"canonical":"https:\/\/www.rivieradeifiori.it\/fr\/mer-et-territoire\/la-cote\/vallecrosia\/","twitter_misc":{"\u00c9crit par":"Luca Giovannetti","Dur\u00e9e de lecture estim\u00e9e":"1 minute"},"schema":{"@context":"https:\/\/schema.org","@graph":[{"@type":"WebPage","@id":"https:\/\/www.rivieradeifiori.it\/fr\/mer-et-territoire\/la-cote\/vallecrosia\/","url":"https:\/\/www.rivieradeifiori.it\/fr\/mer-et-territoire\/la-cote\/vallecrosia\/","name":"Vallecrosia - La c\u00f4te - Riviera dei Fiori","isPartOf":{"@id":"https:\/\/www.rivieradeifiori.it\/fr\/#website"},"primaryImageOfPage":{"@id":"https:\/\/www.rivieradeifiori.it\/fr\/mer-et-territoire\/la-cote\/vallecrosia\/#primaryimage"},"image":{"@id":"https:\/\/www.rivieradeifiori.it\/fr\/mer-et-territoire\/la-cote\/vallecrosia\/#primaryimage"},"thumbnailUrl":"https:\/\/www.rivieradeifiori.it\/wp-content\/uploads\/2022\/05\/1443px-Vallecrosia_abc7.jpg","datePublished":"2022-06-05T22:12:33+00:00","dateModified":"2023-02-02T16:06:45+00:00","author":{"@id":"https:\/\/www.rivieradeifiori.it\/fr\/#\/schema\/person\/6cc4e4ed0d74f08798811653e64f69ed"},"breadcrumb":{"@id":"https:\/\/www.rivieradeifiori.it\/fr\/mer-et-territoire\/la-cote\/vallecrosia\/#breadcrumb"},"inLanguage":"fr-FR","potentialAction":[{"@type":"ReadAction","target":["https:\/\/www.rivieradeifiori.it\/fr\/mer-et-territoire\/la-cote\/vallecrosia\/"]}]},{"@type":"ImageObject","inLanguage":"fr-FR","@id":"https:\/\/www.rivieradeifiori.it\/fr\/mer-et-territoire\/la-cote\/vallecrosia\/#primaryimage","url":"https:\/\/www.rivieradeifiori.it\/wp-content\/uploads\/2022\/05\/1443px-Vallecrosia_abc7.jpg","contentUrl":"https:\/\/www.rivieradeifiori.it\/wp-content\/uploads\/2022\/05\/1443px-Vallecrosia_abc7.jpg","width":1443,"height":1080,"caption":"Vallecrosia \u00a9Patafisik | Wikipedia"},{"@type":"BreadcrumbList","@id":"https:\/\/www.rivieradeifiori.it\/fr\/mer-et-territoire\/la-cote\/vallecrosia\/#breadcrumb","itemListElement":[{"@type":"ListItem","position":1,"name":"Home","item":"https:\/\/www.rivieradeifiori.it\/fr\/"},{"@type":"ListItem","position":2,"name":"Vallecrosia"}]},{"@type":"WebSite","@id":"https:\/\/www.rivieradeifiori.it\/fr\/#website","url":"https:\/\/www.rivieradeifiori.it\/fr\/","name":"Riviera dei Fiori","description":"Un mare di colori","potentialAction":[{"@type":"SearchAction","target":{"@type":"EntryPoint","urlTemplate":"https:\/\/www.rivieradeifiori.it\/fr\/?s={search_term_string}"},"query-input":{"@type":"PropertyValueSpecification","valueRequired":true,"valueName":"search_term_string"}}],"inLanguage":"fr-FR"},{"@type":"Person","@id":"https:\/\/www.rivieradeifiori.it\/fr\/#\/schema\/person\/6cc4e4ed0d74f08798811653e64f69ed","name":"Luca Giovannetti","image":{"@type":"ImageObject","inLanguage":"fr-FR","@id":"https:\/\/www.rivieradeifiori.it\/fr\/#\/schema\/person\/image\/","url":"https:\/\/secure.gravatar.com\/avatar\/092abda2284c50268e586151e014cf903142e524662c62577231430ea44340cf?s=96&r=g&d=https:\/\/www.rivieradeifiori.it\/wp-content\/plugins\/userswp\/assets\/images\/no_profile.png","contentUrl":"https:\/\/secure.gravatar.com\/avatar\/092abda2284c50268e586151e014cf903142e524662c62577231430ea44340cf?s=96&r=g&d=https:\/\/www.rivieradeifiori.it\/wp-content\/plugins\/userswp\/assets\/images\/no_profile.png","caption":"Luca Giovannetti"}}]}},"_links":{"self":[{"href":"https:\/\/www.rivieradeifiori.it\/fr\/wp-json\/wp\/v2\/posts\/14472","targetHints":{"allow":["GET"]}}],"collection":[{"href":"https:\/\/www.rivieradeifiori.it\/fr\/wp-json\/wp\/v2\/posts"}],"about":[{"href":"https:\/\/www.rivieradeifiori.it\/fr\/wp-json\/wp\/v2\/types\/post"}],"author":[{"embeddable":true,"href":"https:\/\/www.rivieradeifiori.it\/fr\/wp-json\/wp\/v2\/users\/1"}],"replies":[{"embeddable":true,"href":"https:\/\/www.rivieradeifiori.it\/fr\/wp-json\/wp\/v2\/comments?post=14472"}],"version-history":[{"count":2,"href":"https:\/\/www.rivieradeifiori.it\/fr\/wp-json\/wp\/v2\/posts\/14472\/revisions"}],"predecessor-version":[{"id":18256,"href":"https:\/\/www.rivieradeifiori.it\/fr\/wp-json\/wp\/v2\/posts\/14472\/revisions\/18256"}],"wp:featuredmedia":[{"embeddable":true,"href":"https:\/\/www.rivieradeifiori.it\/fr\/wp-json\/wp\/v2\/media\/13046"}],"wp:attachment":[{"href":"https:\/\/www.rivieradeifiori.it\/fr\/wp-json\/wp\/v2\/media?parent=14472"}],"wp:term":[{"taxonomy":"category","embeddable":true,"href":"https:\/\/www.rivieradeifiori.it\/fr\/wp-json\/wp\/v2\/categories?post=14472"},{"taxonomy":"post_tag","embeddable":true,"href":"https:\/\/www.rivieradeifiori.it\/fr\/wp-json\/wp\/v2\/tags?post=14472"}],"curies":[{"name":"wp","href":"https:\/\/api.w.org\/{rel}","templated":true}]}}