{"id":14280,"date":"2022-06-04T16:44:30","date_gmt":"2022-06-04T14:44:30","guid":{"rendered":"https:\/\/www.rivieradeifiori.it\/senza-categoria-fr\/camporosso\/"},"modified":"2023-02-03T18:10:16","modified_gmt":"2023-02-03T17:10:16","slug":"camporosso","status":"publish","type":"post","link":"https:\/\/www.rivieradeifiori.it\/fr\/mer-et-territoire\/la-cote\/camporosso\/","title":{"rendered":"Camporosso"},"content":{"rendered":"\n<p>\u00c0 Camporosso, aux \u00e9paules de Vintimille, commence la Val Nervia. <\/p>\n\n\n\n<p>Selon la tradition plusieurs sont les sources donnant origine au nom du pays&nbsp;: la terre rouge de ses champs, le feuillage des nombreux lauriers-rose de la zone, ou des autant nombreux an\u00e9mones cultiv\u00e9s. <\/p>\n\n\n\n<p>Quelle que soit l\u2019origine, le lien avec la terre est fort&nbsp;: n\u00e9e comme un ensemble de cabanes qui h\u00e9bergeaient les agriculteurs de Vintimille pendant la saison, des petits bourgs en pierre qui se fondent dans l\u2019argent des oliviers et le vert des vignes sont encore pr\u00e9sents aujourd\u2019hui. De ces vignobles sortent les vins Pigato DOC et Vermentino DOC. \u00c0 l\u2019embouchure du torrent Nervia, dans la zone de Camporosso Mare se trouve l\u2019Oasi Faunistica della Val Nervia.<\/p>\n\n\n\n<p><\/p>\n\n\n<div class=\"wp-block-visual-portfolio\">\n<div class=\"vp-portfolio vp-uid-ef15f81c vp-id-Z1iAo7C\"\n\tdata-vp-layout=\"justified\" data-vp-content-source=\"images\" data-vp-items-style=\"emerge\" data-vp-items-click-action=\"popup_gallery\" data-vp-items-gap=\"5\" data-vp-items-gap-vertical=\"3\" data-vp-pagination=\"load-more\" data-vp-next-page-url=\"\" data-vp-justified-row-height=\"200\" data-vp-justified-row-height-tolerance=\"0.25\" data-vp-justified-max-rows-count=\"0\" data-vp-justified-last-row=\"center\" >\n\t<div class=\"vp-portfolio__preloader-wrap\">\n\t\t<div class=\"vp-portfolio__preloader\">\n\t\t\t<img decoding=\"async\" loading=\"eager\" src=\"https:\/\/www.rivieradeifiori.it\/wp-content\/plugins\/visual-portfolio-pro\/core-plugin\/assets\/images\/logo-dark.svg\" alt=\"Visual Portfolio, Posts &amp; Image Gallery for WordPress\" width=\"20\" height=\"20\" data-skip-lazy>\n\t\t<\/div>\n\t<\/div>\n\t\t<div class=\"vp-portfolio__items-wrap\">\n\t\t\t\n<div class=\"vp-portfolio__items vp-portfolio__items-style-emerge vp-portfolio__items-show-overlay-hover vp-portfolio__items-show-caption-hover\">\n\n\t\t<div\t\tclass=\"vp-portfolio__item-wrap vp-portfolio__item-uid-b468af12\" data-vp-filter=\"\" \t\t>\n\t\t\t<template class=\"vp-portfolio__item-popup\" data-vp-popup-img=\"https:\/\/www.rivieradeifiori.it\/wp-content\/uploads\/2022\/05\/1440px-E5949-Camporosso-swan.jpg\" data-vp-popup-img-srcset=\"https:\/\/www.rivieradeifiori.it\/wp-content\/uploads\/2022\/05\/1440px-E5949-Camporosso-swan.jpg 1440w, https:\/\/www.rivieradeifiori.it\/wp-content\/uploads\/2022\/05\/1440px-E5949-Camporosso-swan-300x225.jpg 300w, https:\/\/www.rivieradeifiori.it\/wp-content\/uploads\/2022\/05\/1440px-E5949-Camporosso-swan-1270x953.jpg 1270w, https:\/\/www.rivieradeifiori.it\/wp-content\/uploads\/2022\/05\/1440px-E5949-Camporosso-swan-500x375.jpg 500w, https:\/\/www.rivieradeifiori.it\/wp-content\/uploads\/2022\/05\/1440px-E5949-Camporosso-swan-800x600.jpg 800w, https:\/\/www.rivieradeifiori.it\/wp-content\/uploads\/2022\/05\/1440px-E5949-Camporosso-swan-1280x960.jpg 1280w, https:\/\/www.rivieradeifiori.it\/wp-content\/uploads\/2022\/05\/1440px-E5949-Camporosso-swan-1080x810.jpg 1080w, https:\/\/www.rivieradeifiori.it\/wp-content\/uploads\/2022\/05\/1440px-E5949-Camporosso-swan-150x113.jpg 150w\" data-vp-popup-img-size=\"1440x1080\" data-vp-popup-md-img=\"https:\/\/www.rivieradeifiori.it\/wp-content\/uploads\/2022\/05\/1440px-E5949-Camporosso-swan-800x600.jpg\" data-vp-popup-md-img-size=\"800x600\" data-vp-popup-sm-img=\"https:\/\/www.rivieradeifiori.it\/wp-content\/uploads\/2022\/05\/1440px-E5949-Camporosso-swan-500x375.jpg\" data-vp-popup-sm-img-size=\"500x375\">\n\t\t\t<h3 class=\"vp-portfolio__item-popup-title\">Oasi Nervia &#8211; Camporosso Mare \u00a9Vmenkov | Wikipedia<\/h3>\n\t\t<\/template>\n\t\t\t\t\t\t<figure class=\"vp-portfolio__item\">\n\t\t\t\t\n<div class=\"vp-portfolio__item-img-wrap\">\n\t<div class=\"vp-portfolio__item-img\">\n\t\t\t<a\n\t\thref=\"https:\/\/www.rivieradeifiori.it\/wp-content\/uploads\/2022\/05\/1440px-E5949-Camporosso-swan.jpg\"\n\t\t\t>\n\t\n\t\t<noscript><img decoding=\"async\" width=\"1440\" height=\"1080\" data-skip-lazy src=\"https:\/\/www.rivieradeifiori.it\/wp-content\/uploads\/2022\/05\/1440px-E5949-Camporosso-swan.jpg\" class=\"wp-image-10848\" alt=\"\" srcset=\"https:\/\/www.rivieradeifiori.it\/wp-content\/uploads\/2022\/05\/1440px-E5949-Camporosso-swan.jpg 1440w, https:\/\/www.rivieradeifiori.it\/wp-content\/uploads\/2022\/05\/1440px-E5949-Camporosso-swan-300x225.jpg 300w, https:\/\/www.rivieradeifiori.it\/wp-content\/uploads\/2022\/05\/1440px-E5949-Camporosso-swan-1270x953.jpg 1270w, https:\/\/www.rivieradeifiori.it\/wp-content\/uploads\/2022\/05\/1440px-E5949-Camporosso-swan-500x375.jpg 500w, https:\/\/www.rivieradeifiori.it\/wp-content\/uploads\/2022\/05\/1440px-E5949-Camporosso-swan-800x600.jpg 800w, https:\/\/www.rivieradeifiori.it\/wp-content\/uploads\/2022\/05\/1440px-E5949-Camporosso-swan-1280x960.jpg 1280w, https:\/\/www.rivieradeifiori.it\/wp-content\/uploads\/2022\/05\/1440px-E5949-Camporosso-swan-1080x810.jpg 1080w, https:\/\/www.rivieradeifiori.it\/wp-content\/uploads\/2022\/05\/1440px-E5949-Camporosso-swan-150x113.jpg 150w\" sizes=\"(max-width: 1440px) 100vw, 1440px\" \/><\/noscript><img fetchpriority=\"high\" decoding=\"async\" width=\"1440\" height=\"1080\" src=\"https:\/\/www.rivieradeifiori.it\/wp-content\/uploads\/2022\/05\/1440px-E5949-Camporosso-swan.jpg\" class=\"wp-image-10848 vp-lazyload\" alt srcset=\"data:image\/svg+xml;base64,PHN2ZyB3aWR0aD0iMTQ0MCIgaGVpZ2h0PSIxMDgwIiB2aWV3Qm94PSIwIDAgMTQ0MCAxMDgwIiBmaWxsPSJub25lIiB4bWxucz0iaHR0cDovL3d3dy53My5vcmcvMjAwMC9zdmciPjwvc3ZnPg==\" data-src=\"https:\/\/www.rivieradeifiori.it\/wp-content\/uploads\/2022\/05\/1440px-E5949-Camporosso-swan.jpg\" data-srcset=\"https:\/\/www.rivieradeifiori.it\/wp-content\/uploads\/2022\/05\/1440px-E5949-Camporosso-swan.jpg 1440w, https:\/\/www.rivieradeifiori.it\/wp-content\/uploads\/2022\/05\/1440px-E5949-Camporosso-swan-300x225.jpg 300w, https:\/\/www.rivieradeifiori.it\/wp-content\/uploads\/2022\/05\/1440px-E5949-Camporosso-swan-1270x953.jpg 1270w, https:\/\/www.rivieradeifiori.it\/wp-content\/uploads\/2022\/05\/1440px-E5949-Camporosso-swan-500x375.jpg 500w, https:\/\/www.rivieradeifiori.it\/wp-content\/uploads\/2022\/05\/1440px-E5949-Camporosso-swan-800x600.jpg 800w, https:\/\/www.rivieradeifiori.it\/wp-content\/uploads\/2022\/05\/1440px-E5949-Camporosso-swan-1280x960.jpg 1280w, https:\/\/www.rivieradeifiori.it\/wp-content\/uploads\/2022\/05\/1440px-E5949-Camporosso-swan-1080x810.jpg 1080w, https:\/\/www.rivieradeifiori.it\/wp-content\/uploads\/2022\/05\/1440px-E5949-Camporosso-swan-150x113.jpg 150w\" data-sizes=\"auto\" loading=\"eager\">\n\t\t<div class=\"vp-portfolio__item-overlay\"><\/div>\n\n\t\t<\/a>\t<\/div>\n<\/div>\n\n\t<figcaption class=\"vp-portfolio__item-caption vp-portfolio__item-caption-text-align-center\">\n\t\t<div class=\"vp-portfolio__item-meta-wrap vp-portfolio__custom-scrollbar\">\n\t\t\t<div class=\"vp-portfolio__item-meta\">\n\t\t\t\t\n<h2 class=\"vp-portfolio__item-meta-title\">\n\t\t<a\n\t\thref=\"https:\/\/www.rivieradeifiori.it\/wp-content\/uploads\/2022\/05\/1440px-E5949-Camporosso-swan.jpg\"\n\t\t\t>\n\tOasi Nervia &#8211; Camporosso Mare \u00a9Vmenkov | Wikipedia<\/a><\/h2>\n\t\t\t<\/div>\n\t\t<\/div>\n\t<\/figcaption>\n\t\t\t<\/figure>\n\t\t\t\t\t<\/div>\n\t\t\n\t\t<div\t\tclass=\"vp-portfolio__item-wrap vp-portfolio__item-uid-296edb31\" data-vp-filter=\"\" \t\t>\n\t\t\t<template class=\"vp-portfolio__item-popup\" data-vp-popup-img=\"https:\/\/www.rivieradeifiori.it\/wp-content\/uploads\/2022\/05\/1440px-Abside_della_Chiesa_San_Michele_Camporosso_Italia_-_20080719-02.jpg\" data-vp-popup-img-srcset=\"https:\/\/www.rivieradeifiori.it\/wp-content\/uploads\/2022\/05\/1440px-Abside_della_Chiesa_San_Michele_Camporosso_Italia_-_20080719-02.jpg 1440w, https:\/\/www.rivieradeifiori.it\/wp-content\/uploads\/2022\/05\/1440px-Abside_della_Chiesa_San_Michele_Camporosso_Italia_-_20080719-02-300x225.jpg 300w, https:\/\/www.rivieradeifiori.it\/wp-content\/uploads\/2022\/05\/1440px-Abside_della_Chiesa_San_Michele_Camporosso_Italia_-_20080719-02-1270x953.jpg 1270w, https:\/\/www.rivieradeifiori.it\/wp-content\/uploads\/2022\/05\/1440px-Abside_della_Chiesa_San_Michele_Camporosso_Italia_-_20080719-02-500x375.jpg 500w, https:\/\/www.rivieradeifiori.it\/wp-content\/uploads\/2022\/05\/1440px-Abside_della_Chiesa_San_Michele_Camporosso_Italia_-_20080719-02-800x600.jpg 800w, https:\/\/www.rivieradeifiori.it\/wp-content\/uploads\/2022\/05\/1440px-Abside_della_Chiesa_San_Michele_Camporosso_Italia_-_20080719-02-1280x960.jpg 1280w, https:\/\/www.rivieradeifiori.it\/wp-content\/uploads\/2022\/05\/1440px-Abside_della_Chiesa_San_Michele_Camporosso_Italia_-_20080719-02-1080x810.jpg 1080w, https:\/\/www.rivieradeifiori.it\/wp-content\/uploads\/2022\/05\/1440px-Abside_della_Chiesa_San_Michele_Camporosso_Italia_-_20080719-02-150x113.jpg 150w\" data-vp-popup-img-size=\"1440x1080\" data-vp-popup-md-img=\"https:\/\/www.rivieradeifiori.it\/wp-content\/uploads\/2022\/05\/1440px-Abside_della_Chiesa_San_Michele_Camporosso_Italia_-_20080719-02-800x600.jpg\" data-vp-popup-md-img-size=\"800x600\" data-vp-popup-sm-img=\"https:\/\/www.rivieradeifiori.it\/wp-content\/uploads\/2022\/05\/1440px-Abside_della_Chiesa_San_Michele_Camporosso_Italia_-_20080719-02-500x375.jpg\" data-vp-popup-sm-img-size=\"500x375\">\n\t\t\t<h3 class=\"vp-portfolio__item-popup-title\">Abside Chiesa San Michele, &#8211; Camporosso \u00a9Davide Papalini | Wikipedia<\/h3>\n\t\t<\/template>\n\t\t\t\t\t\t<figure class=\"vp-portfolio__item\">\n\t\t\t\t\n<div class=\"vp-portfolio__item-img-wrap\">\n\t<div class=\"vp-portfolio__item-img\">\n\t\t\t<a\n\t\thref=\"https:\/\/www.rivieradeifiori.it\/wp-content\/uploads\/2022\/05\/1440px-Abside_della_Chiesa_San_Michele_Camporosso_Italia_-_20080719-02.jpg\"\n\t\t\t>\n\t\n\t\t<noscript><img decoding=\"async\" width=\"1440\" height=\"1080\" data-skip-lazy src=\"https:\/\/www.rivieradeifiori.it\/wp-content\/uploads\/2022\/05\/1440px-Abside_della_Chiesa_San_Michele_Camporosso_Italia_-_20080719-02.jpg\" class=\"wp-image-10828\" alt=\"\" srcset=\"https:\/\/www.rivieradeifiori.it\/wp-content\/uploads\/2022\/05\/1440px-Abside_della_Chiesa_San_Michele_Camporosso_Italia_-_20080719-02.jpg 1440w, https:\/\/www.rivieradeifiori.it\/wp-content\/uploads\/2022\/05\/1440px-Abside_della_Chiesa_San_Michele_Camporosso_Italia_-_20080719-02-300x225.jpg 300w, https:\/\/www.rivieradeifiori.it\/wp-content\/uploads\/2022\/05\/1440px-Abside_della_Chiesa_San_Michele_Camporosso_Italia_-_20080719-02-1270x953.jpg 1270w, https:\/\/www.rivieradeifiori.it\/wp-content\/uploads\/2022\/05\/1440px-Abside_della_Chiesa_San_Michele_Camporosso_Italia_-_20080719-02-500x375.jpg 500w, https:\/\/www.rivieradeifiori.it\/wp-content\/uploads\/2022\/05\/1440px-Abside_della_Chiesa_San_Michele_Camporosso_Italia_-_20080719-02-800x600.jpg 800w, https:\/\/www.rivieradeifiori.it\/wp-content\/uploads\/2022\/05\/1440px-Abside_della_Chiesa_San_Michele_Camporosso_Italia_-_20080719-02-1280x960.jpg 1280w, https:\/\/www.rivieradeifiori.it\/wp-content\/uploads\/2022\/05\/1440px-Abside_della_Chiesa_San_Michele_Camporosso_Italia_-_20080719-02-1080x810.jpg 1080w, https:\/\/www.rivieradeifiori.it\/wp-content\/uploads\/2022\/05\/1440px-Abside_della_Chiesa_San_Michele_Camporosso_Italia_-_20080719-02-150x113.jpg 150w\" sizes=\"(max-width: 1440px) 100vw, 1440px\" \/><\/noscript><img decoding=\"async\" width=\"1440\" height=\"1080\" src=\"https:\/\/www.rivieradeifiori.it\/wp-content\/uploads\/2022\/05\/1440px-Abside_della_Chiesa_San_Michele_Camporosso_Italia_-_20080719-02.jpg\" class=\"wp-image-10828 vp-lazyload\" alt srcset=\"data:image\/svg+xml;base64,PHN2ZyB3aWR0aD0iMTQ0MCIgaGVpZ2h0PSIxMDgwIiB2aWV3Qm94PSIwIDAgMTQ0MCAxMDgwIiBmaWxsPSJub25lIiB4bWxucz0iaHR0cDovL3d3dy53My5vcmcvMjAwMC9zdmciPjwvc3ZnPg==\" data-src=\"https:\/\/www.rivieradeifiori.it\/wp-content\/uploads\/2022\/05\/1440px-Abside_della_Chiesa_San_Michele_Camporosso_Italia_-_20080719-02.jpg\" data-srcset=\"https:\/\/www.rivieradeifiori.it\/wp-content\/uploads\/2022\/05\/1440px-Abside_della_Chiesa_San_Michele_Camporosso_Italia_-_20080719-02.jpg 1440w, https:\/\/www.rivieradeifiori.it\/wp-content\/uploads\/2022\/05\/1440px-Abside_della_Chiesa_San_Michele_Camporosso_Italia_-_20080719-02-300x225.jpg 300w, https:\/\/www.rivieradeifiori.it\/wp-content\/uploads\/2022\/05\/1440px-Abside_della_Chiesa_San_Michele_Camporosso_Italia_-_20080719-02-1270x953.jpg 1270w, https:\/\/www.rivieradeifiori.it\/wp-content\/uploads\/2022\/05\/1440px-Abside_della_Chiesa_San_Michele_Camporosso_Italia_-_20080719-02-500x375.jpg 500w, https:\/\/www.rivieradeifiori.it\/wp-content\/uploads\/2022\/05\/1440px-Abside_della_Chiesa_San_Michele_Camporosso_Italia_-_20080719-02-800x600.jpg 800w, https:\/\/www.rivieradeifiori.it\/wp-content\/uploads\/2022\/05\/1440px-Abside_della_Chiesa_San_Michele_Camporosso_Italia_-_20080719-02-1280x960.jpg 1280w, https:\/\/www.rivieradeifiori.it\/wp-content\/uploads\/2022\/05\/1440px-Abside_della_Chiesa_San_Michele_Camporosso_Italia_-_20080719-02-1080x810.jpg 1080w, https:\/\/www.rivieradeifiori.it\/wp-content\/uploads\/2022\/05\/1440px-Abside_della_Chiesa_San_Michele_Camporosso_Italia_-_20080719-02-150x113.jpg 150w\" data-sizes=\"auto\" loading=\"eager\">\n\t\t<div class=\"vp-portfolio__item-overlay\"><\/div>\n\n\t\t<\/a>\t<\/div>\n<\/div>\n\n\t<figcaption class=\"vp-portfolio__item-caption vp-portfolio__item-caption-text-align-center\">\n\t\t<div class=\"vp-portfolio__item-meta-wrap vp-portfolio__custom-scrollbar\">\n\t\t\t<div class=\"vp-portfolio__item-meta\">\n\t\t\t\t\n<h2 class=\"vp-portfolio__item-meta-title\">\n\t\t<a\n\t\thref=\"https:\/\/www.rivieradeifiori.it\/wp-content\/uploads\/2022\/05\/1440px-Abside_della_Chiesa_San_Michele_Camporosso_Italia_-_20080719-02.jpg\"\n\t\t\t>\n\tAbside Chiesa San Michele, &#8211; Camporosso \u00a9Davide Papalini | Wikipedia<\/a><\/h2>\n\t\t\t<\/div>\n\t\t<\/div>\n\t<\/figcaption>\n\t\t\t<\/figure>\n\t\t\t\t\t<\/div>\n\t\t\n\t\t<div\t\tclass=\"vp-portfolio__item-wrap vp-portfolio__item-uid-7769e6d0\" data-vp-filter=\"\" \t\t>\n\t\t\t<template class=\"vp-portfolio__item-popup\" data-vp-popup-img=\"https:\/\/www.rivieradeifiori.it\/wp-content\/uploads\/2022\/05\/1440px-E5955-Camporosso-Vallecrosia.jpg\" data-vp-popup-img-srcset=\"https:\/\/www.rivieradeifiori.it\/wp-content\/uploads\/2022\/05\/1440px-E5955-Camporosso-Vallecrosia.jpg 1440w, https:\/\/www.rivieradeifiori.it\/wp-content\/uploads\/2022\/05\/1440px-E5955-Camporosso-Vallecrosia-300x225.jpg 300w, https:\/\/www.rivieradeifiori.it\/wp-content\/uploads\/2022\/05\/1440px-E5955-Camporosso-Vallecrosia-1270x953.jpg 1270w, https:\/\/www.rivieradeifiori.it\/wp-content\/uploads\/2022\/05\/1440px-E5955-Camporosso-Vallecrosia-500x375.jpg 500w, https:\/\/www.rivieradeifiori.it\/wp-content\/uploads\/2022\/05\/1440px-E5955-Camporosso-Vallecrosia-800x600.jpg 800w, https:\/\/www.rivieradeifiori.it\/wp-content\/uploads\/2022\/05\/1440px-E5955-Camporosso-Vallecrosia-1280x960.jpg 1280w, https:\/\/www.rivieradeifiori.it\/wp-content\/uploads\/2022\/05\/1440px-E5955-Camporosso-Vallecrosia-1080x810.jpg 1080w, https:\/\/www.rivieradeifiori.it\/wp-content\/uploads\/2022\/05\/1440px-E5955-Camporosso-Vallecrosia-150x113.jpg 150w\" data-vp-popup-img-size=\"1440x1080\" data-vp-popup-md-img=\"https:\/\/www.rivieradeifiori.it\/wp-content\/uploads\/2022\/05\/1440px-E5955-Camporosso-Vallecrosia-800x600.jpg\" data-vp-popup-md-img-size=\"800x600\" data-vp-popup-sm-img=\"https:\/\/www.rivieradeifiori.it\/wp-content\/uploads\/2022\/05\/1440px-E5955-Camporosso-Vallecrosia-500x375.jpg\" data-vp-popup-sm-img-size=\"500x375\">\n\t\t\t<h3 class=\"vp-portfolio__item-popup-title\">Camporosso Mare \u00a9Vmenkov | Wikipedia<\/h3>\n\t\t<\/template>\n\t\t\t\t\t\t<figure class=\"vp-portfolio__item\">\n\t\t\t\t\n<div class=\"vp-portfolio__item-img-wrap\">\n\t<div class=\"vp-portfolio__item-img\">\n\t\t\t<a\n\t\thref=\"https:\/\/www.rivieradeifiori.it\/wp-content\/uploads\/2022\/05\/1440px-E5955-Camporosso-Vallecrosia.jpg\"\n\t\t\t>\n\t\n\t\t<noscript><img decoding=\"async\" width=\"1440\" height=\"1080\" data-skip-lazy src=\"https:\/\/www.rivieradeifiori.it\/wp-content\/uploads\/2022\/05\/1440px-E5955-Camporosso-Vallecrosia.jpg\" class=\"wp-image-10853\" alt=\"\" srcset=\"https:\/\/www.rivieradeifiori.it\/wp-content\/uploads\/2022\/05\/1440px-E5955-Camporosso-Vallecrosia.jpg 1440w, https:\/\/www.rivieradeifiori.it\/wp-content\/uploads\/2022\/05\/1440px-E5955-Camporosso-Vallecrosia-300x225.jpg 300w, https:\/\/www.rivieradeifiori.it\/wp-content\/uploads\/2022\/05\/1440px-E5955-Camporosso-Vallecrosia-1270x953.jpg 1270w, https:\/\/www.rivieradeifiori.it\/wp-content\/uploads\/2022\/05\/1440px-E5955-Camporosso-Vallecrosia-500x375.jpg 500w, https:\/\/www.rivieradeifiori.it\/wp-content\/uploads\/2022\/05\/1440px-E5955-Camporosso-Vallecrosia-800x600.jpg 800w, https:\/\/www.rivieradeifiori.it\/wp-content\/uploads\/2022\/05\/1440px-E5955-Camporosso-Vallecrosia-1280x960.jpg 1280w, https:\/\/www.rivieradeifiori.it\/wp-content\/uploads\/2022\/05\/1440px-E5955-Camporosso-Vallecrosia-1080x810.jpg 1080w, https:\/\/www.rivieradeifiori.it\/wp-content\/uploads\/2022\/05\/1440px-E5955-Camporosso-Vallecrosia-150x113.jpg 150w\" sizes=\"(max-width: 1440px) 100vw, 1440px\" \/><\/noscript><img decoding=\"async\" width=\"1440\" height=\"1080\" src=\"https:\/\/www.rivieradeifiori.it\/wp-content\/uploads\/2022\/05\/1440px-E5955-Camporosso-Vallecrosia.jpg\" class=\"wp-image-10853 vp-lazyload\" alt srcset=\"data:image\/svg+xml;base64,PHN2ZyB3aWR0aD0iMTQ0MCIgaGVpZ2h0PSIxMDgwIiB2aWV3Qm94PSIwIDAgMTQ0MCAxMDgwIiBmaWxsPSJub25lIiB4bWxucz0iaHR0cDovL3d3dy53My5vcmcvMjAwMC9zdmciPjwvc3ZnPg==\" data-src=\"https:\/\/www.rivieradeifiori.it\/wp-content\/uploads\/2022\/05\/1440px-E5955-Camporosso-Vallecrosia.jpg\" data-srcset=\"https:\/\/www.rivieradeifiori.it\/wp-content\/uploads\/2022\/05\/1440px-E5955-Camporosso-Vallecrosia.jpg 1440w, https:\/\/www.rivieradeifiori.it\/wp-content\/uploads\/2022\/05\/1440px-E5955-Camporosso-Vallecrosia-300x225.jpg 300w, https:\/\/www.rivieradeifiori.it\/wp-content\/uploads\/2022\/05\/1440px-E5955-Camporosso-Vallecrosia-1270x953.jpg 1270w, https:\/\/www.rivieradeifiori.it\/wp-content\/uploads\/2022\/05\/1440px-E5955-Camporosso-Vallecrosia-500x375.jpg 500w, https:\/\/www.rivieradeifiori.it\/wp-content\/uploads\/2022\/05\/1440px-E5955-Camporosso-Vallecrosia-800x600.jpg 800w, https:\/\/www.rivieradeifiori.it\/wp-content\/uploads\/2022\/05\/1440px-E5955-Camporosso-Vallecrosia-1280x960.jpg 1280w, https:\/\/www.rivieradeifiori.it\/wp-content\/uploads\/2022\/05\/1440px-E5955-Camporosso-Vallecrosia-1080x810.jpg 1080w, https:\/\/www.rivieradeifiori.it\/wp-content\/uploads\/2022\/05\/1440px-E5955-Camporosso-Vallecrosia-150x113.jpg 150w\" data-sizes=\"auto\" loading=\"eager\">\n\t\t<div class=\"vp-portfolio__item-overlay\"><\/div>\n\n\t\t<\/a>\t<\/div>\n<\/div>\n\n\t<figcaption class=\"vp-portfolio__item-caption vp-portfolio__item-caption-text-align-center\">\n\t\t<div class=\"vp-portfolio__item-meta-wrap vp-portfolio__custom-scrollbar\">\n\t\t\t<div class=\"vp-portfolio__item-meta\">\n\t\t\t\t\n<h2 class=\"vp-portfolio__item-meta-title\">\n\t\t<a\n\t\thref=\"https:\/\/www.rivieradeifiori.it\/wp-content\/uploads\/2022\/05\/1440px-E5955-Camporosso-Vallecrosia.jpg\"\n\t\t\t>\n\tCamporosso Mare \u00a9Vmenkov | Wikipedia<\/a><\/h2>\n\t\t\t<\/div>\n\t\t<\/div>\n\t<\/figcaption>\n\t\t\t<\/figure>\n\t\t\t\t\t<\/div>\n\t\t\n<\/div>\n\t\t<\/div>\n\t\t\n<\/div>\n<\/div>","protected":false},"excerpt":{"rendered":"<p>\u00c0 Camporosso, aux \u00e9paules de Vintimille, commence la Val Nervia. Selon la tradition plusieurs sont les sources donnant origine au nom du pays&nbsp;: la terre rouge de ses champs, le feuillage des nombreux lauriers-rose de la zone, ou des autant nombreux an\u00e9mones cultiv\u00e9s. Quelle que soit l\u2019origine, le lien avec la terre est fort&nbsp;: n\u00e9e [&hellip;]<\/p>\n","protected":false},"author":1,"featured_media":13078,"comment_status":"closed","ping_status":"closed","sticky":false,"template":"","format":"standard","meta":{"_et_pb_use_builder":"off","_et_pb_old_content":"","_et_gb_content_width":"","_eb_attr":"","_vp_format_video_url":"","_vp_image_focal_point":[],"_vp_custom_popup_image":0,"_vp_format_audio_url":"","_vp_custom_thumbnail":0,"_vp_custom_thumbnail_focal_point":[],"_vp_hover_thumbnail":0,"_vp_hover_thumbnail_focal_point":[],"footnotes":""},"categories":[938,947],"tags":[1315,1233,1284,1277],"class_list":["post-14280","post","type-post","status-publish","format-standard","has-post-thumbnail","hentry","category-la-cote","category-vallee-nervia","tag-camporosso-fr","tag-la-costa-fr","tag-la-cote","tag-vallee-nervia","et-has-post-format-content","et_post_format-et-post-format-standard"],"yoast_head":"<!-- This site is optimized with the Yoast SEO plugin v25.7 - https:\/\/yoast.com\/wordpress\/plugins\/seo\/ -->\n<title>Camporosso - La c\u00f4te - Riviera dei Fiori<\/title>\n<meta name=\"robots\" content=\"index, follow, max-snippet:-1, max-image-preview:large, max-video-preview:-1\" \/>\n<link rel=\"canonical\" href=\"https:\/\/www.rivieradeifiori.it\/fr\/mer-et-territoire\/la-cote\/camporosso\/\" \/>\n<meta name=\"twitter:label1\" content=\"\u00c9crit par\" \/>\n\t<meta name=\"twitter:data1\" content=\"Luca Giovannetti\" \/>\n\t<meta name=\"twitter:label2\" content=\"Dur\u00e9e de lecture estim\u00e9e\" \/>\n\t<meta name=\"twitter:data2\" content=\"1 minute\" \/>\n<script type=\"application\/ld+json\" class=\"yoast-schema-graph\">{\"@context\":\"https:\/\/schema.org\",\"@graph\":[{\"@type\":\"WebPage\",\"@id\":\"https:\/\/www.rivieradeifiori.it\/fr\/mer-et-territoire\/la-cote\/camporosso\/\",\"url\":\"https:\/\/www.rivieradeifiori.it\/fr\/mer-et-territoire\/la-cote\/camporosso\/\",\"name\":\"Camporosso - La c\u00f4te - Riviera dei Fiori\",\"isPartOf\":{\"@id\":\"https:\/\/www.rivieradeifiori.it\/fr\/#website\"},\"primaryImageOfPage\":{\"@id\":\"https:\/\/www.rivieradeifiori.it\/fr\/mer-et-territoire\/la-cote\/camporosso\/#primaryimage\"},\"image\":{\"@id\":\"https:\/\/www.rivieradeifiori.it\/fr\/mer-et-territoire\/la-cote\/camporosso\/#primaryimage\"},\"thumbnailUrl\":\"https:\/\/www.rivieradeifiori.it\/wp-content\/uploads\/2022\/05\/1440px-E5955-Camporosso-Vallecrosia.jpg\",\"datePublished\":\"2022-06-04T14:44:30+00:00\",\"dateModified\":\"2023-02-03T17:10:16+00:00\",\"author\":{\"@id\":\"https:\/\/www.rivieradeifiori.it\/fr\/#\/schema\/person\/6cc4e4ed0d74f08798811653e64f69ed\"},\"breadcrumb\":{\"@id\":\"https:\/\/www.rivieradeifiori.it\/fr\/mer-et-territoire\/la-cote\/camporosso\/#breadcrumb\"},\"inLanguage\":\"fr-FR\",\"potentialAction\":[{\"@type\":\"ReadAction\",\"target\":[\"https:\/\/www.rivieradeifiori.it\/fr\/mer-et-territoire\/la-cote\/camporosso\/\"]}]},{\"@type\":\"ImageObject\",\"inLanguage\":\"fr-FR\",\"@id\":\"https:\/\/www.rivieradeifiori.it\/fr\/mer-et-territoire\/la-cote\/camporosso\/#primaryimage\",\"url\":\"https:\/\/www.rivieradeifiori.it\/wp-content\/uploads\/2022\/05\/1440px-E5955-Camporosso-Vallecrosia.jpg\",\"contentUrl\":\"https:\/\/www.rivieradeifiori.it\/wp-content\/uploads\/2022\/05\/1440px-E5955-Camporosso-Vallecrosia.jpg\",\"width\":1440,\"height\":1080,\"caption\":\"Camporosso Mare \u00a9Vmenkov | Wikipedia\"},{\"@type\":\"BreadcrumbList\",\"@id\":\"https:\/\/www.rivieradeifiori.it\/fr\/mer-et-territoire\/la-cote\/camporosso\/#breadcrumb\",\"itemListElement\":[{\"@type\":\"ListItem\",\"position\":1,\"name\":\"Home\",\"item\":\"https:\/\/www.rivieradeifiori.it\/fr\/\"},{\"@type\":\"ListItem\",\"position\":2,\"name\":\"Camporosso\"}]},{\"@type\":\"WebSite\",\"@id\":\"https:\/\/www.rivieradeifiori.it\/fr\/#website\",\"url\":\"https:\/\/www.rivieradeifiori.it\/fr\/\",\"name\":\"Riviera dei Fiori\",\"description\":\"Un mare di colori\",\"potentialAction\":[{\"@type\":\"SearchAction\",\"target\":{\"@type\":\"EntryPoint\",\"urlTemplate\":\"https:\/\/www.rivieradeifiori.it\/fr\/?s={search_term_string}\"},\"query-input\":{\"@type\":\"PropertyValueSpecification\",\"valueRequired\":true,\"valueName\":\"search_term_string\"}}],\"inLanguage\":\"fr-FR\"},{\"@type\":\"Person\",\"@id\":\"https:\/\/www.rivieradeifiori.it\/fr\/#\/schema\/person\/6cc4e4ed0d74f08798811653e64f69ed\",\"name\":\"Luca Giovannetti\",\"image\":{\"@type\":\"ImageObject\",\"inLanguage\":\"fr-FR\",\"@id\":\"https:\/\/www.rivieradeifiori.it\/fr\/#\/schema\/person\/image\/\",\"url\":\"https:\/\/secure.gravatar.com\/avatar\/092abda2284c50268e586151e014cf903142e524662c62577231430ea44340cf?s=96&r=g&d=https:\/\/www.rivieradeifiori.it\/wp-content\/plugins\/userswp\/assets\/images\/no_profile.png\",\"contentUrl\":\"https:\/\/secure.gravatar.com\/avatar\/092abda2284c50268e586151e014cf903142e524662c62577231430ea44340cf?s=96&r=g&d=https:\/\/www.rivieradeifiori.it\/wp-content\/plugins\/userswp\/assets\/images\/no_profile.png\",\"caption\":\"Luca Giovannetti\"}}]}<\/script>\n<!-- \/ Yoast SEO plugin. -->","yoast_head_json":{"title":"Camporosso - La c\u00f4te - Riviera dei Fiori","robots":{"index":"index","follow":"follow","max-snippet":"max-snippet:-1","max-image-preview":"max-image-preview:large","max-video-preview":"max-video-preview:-1"},"canonical":"https:\/\/www.rivieradeifiori.it\/fr\/mer-et-territoire\/la-cote\/camporosso\/","twitter_misc":{"\u00c9crit par":"Luca Giovannetti","Dur\u00e9e de lecture estim\u00e9e":"1 minute"},"schema":{"@context":"https:\/\/schema.org","@graph":[{"@type":"WebPage","@id":"https:\/\/www.rivieradeifiori.it\/fr\/mer-et-territoire\/la-cote\/camporosso\/","url":"https:\/\/www.rivieradeifiori.it\/fr\/mer-et-territoire\/la-cote\/camporosso\/","name":"Camporosso - La c\u00f4te - Riviera dei Fiori","isPartOf":{"@id":"https:\/\/www.rivieradeifiori.it\/fr\/#website"},"primaryImageOfPage":{"@id":"https:\/\/www.rivieradeifiori.it\/fr\/mer-et-territoire\/la-cote\/camporosso\/#primaryimage"},"image":{"@id":"https:\/\/www.rivieradeifiori.it\/fr\/mer-et-territoire\/la-cote\/camporosso\/#primaryimage"},"thumbnailUrl":"https:\/\/www.rivieradeifiori.it\/wp-content\/uploads\/2022\/05\/1440px-E5955-Camporosso-Vallecrosia.jpg","datePublished":"2022-06-04T14:44:30+00:00","dateModified":"2023-02-03T17:10:16+00:00","author":{"@id":"https:\/\/www.rivieradeifiori.it\/fr\/#\/schema\/person\/6cc4e4ed0d74f08798811653e64f69ed"},"breadcrumb":{"@id":"https:\/\/www.rivieradeifiori.it\/fr\/mer-et-territoire\/la-cote\/camporosso\/#breadcrumb"},"inLanguage":"fr-FR","potentialAction":[{"@type":"ReadAction","target":["https:\/\/www.rivieradeifiori.it\/fr\/mer-et-territoire\/la-cote\/camporosso\/"]}]},{"@type":"ImageObject","inLanguage":"fr-FR","@id":"https:\/\/www.rivieradeifiori.it\/fr\/mer-et-territoire\/la-cote\/camporosso\/#primaryimage","url":"https:\/\/www.rivieradeifiori.it\/wp-content\/uploads\/2022\/05\/1440px-E5955-Camporosso-Vallecrosia.jpg","contentUrl":"https:\/\/www.rivieradeifiori.it\/wp-content\/uploads\/2022\/05\/1440px-E5955-Camporosso-Vallecrosia.jpg","width":1440,"height":1080,"caption":"Camporosso Mare \u00a9Vmenkov | Wikipedia"},{"@type":"BreadcrumbList","@id":"https:\/\/www.rivieradeifiori.it\/fr\/mer-et-territoire\/la-cote\/camporosso\/#breadcrumb","itemListElement":[{"@type":"ListItem","position":1,"name":"Home","item":"https:\/\/www.rivieradeifiori.it\/fr\/"},{"@type":"ListItem","position":2,"name":"Camporosso"}]},{"@type":"WebSite","@id":"https:\/\/www.rivieradeifiori.it\/fr\/#website","url":"https:\/\/www.rivieradeifiori.it\/fr\/","name":"Riviera dei Fiori","description":"Un mare di colori","potentialAction":[{"@type":"SearchAction","target":{"@type":"EntryPoint","urlTemplate":"https:\/\/www.rivieradeifiori.it\/fr\/?s={search_term_string}"},"query-input":{"@type":"PropertyValueSpecification","valueRequired":true,"valueName":"search_term_string"}}],"inLanguage":"fr-FR"},{"@type":"Person","@id":"https:\/\/www.rivieradeifiori.it\/fr\/#\/schema\/person\/6cc4e4ed0d74f08798811653e64f69ed","name":"Luca Giovannetti","image":{"@type":"ImageObject","inLanguage":"fr-FR","@id":"https:\/\/www.rivieradeifiori.it\/fr\/#\/schema\/person\/image\/","url":"https:\/\/secure.gravatar.com\/avatar\/092abda2284c50268e586151e014cf903142e524662c62577231430ea44340cf?s=96&r=g&d=https:\/\/www.rivieradeifiori.it\/wp-content\/plugins\/userswp\/assets\/images\/no_profile.png","contentUrl":"https:\/\/secure.gravatar.com\/avatar\/092abda2284c50268e586151e014cf903142e524662c62577231430ea44340cf?s=96&r=g&d=https:\/\/www.rivieradeifiori.it\/wp-content\/plugins\/userswp\/assets\/images\/no_profile.png","caption":"Luca Giovannetti"}}]}},"_links":{"self":[{"href":"https:\/\/www.rivieradeifiori.it\/fr\/wp-json\/wp\/v2\/posts\/14280","targetHints":{"allow":["GET"]}}],"collection":[{"href":"https:\/\/www.rivieradeifiori.it\/fr\/wp-json\/wp\/v2\/posts"}],"about":[{"href":"https:\/\/www.rivieradeifiori.it\/fr\/wp-json\/wp\/v2\/types\/post"}],"author":[{"embeddable":true,"href":"https:\/\/www.rivieradeifiori.it\/fr\/wp-json\/wp\/v2\/users\/1"}],"replies":[{"embeddable":true,"href":"https:\/\/www.rivieradeifiori.it\/fr\/wp-json\/wp\/v2\/comments?post=14280"}],"version-history":[{"count":2,"href":"https:\/\/www.rivieradeifiori.it\/fr\/wp-json\/wp\/v2\/posts\/14280\/revisions"}],"predecessor-version":[{"id":14336,"href":"https:\/\/www.rivieradeifiori.it\/fr\/wp-json\/wp\/v2\/posts\/14280\/revisions\/14336"}],"wp:featuredmedia":[{"embeddable":true,"href":"https:\/\/www.rivieradeifiori.it\/fr\/wp-json\/wp\/v2\/media\/13078"}],"wp:attachment":[{"href":"https:\/\/www.rivieradeifiori.it\/fr\/wp-json\/wp\/v2\/media?parent=14280"}],"wp:term":[{"taxonomy":"category","embeddable":true,"href":"https:\/\/www.rivieradeifiori.it\/fr\/wp-json\/wp\/v2\/categories?post=14280"},{"taxonomy":"post_tag","embeddable":true,"href":"https:\/\/www.rivieradeifiori.it\/fr\/wp-json\/wp\/v2\/tags?post=14280"}],"curies":[{"name":"wp","href":"https:\/\/api.w.org\/{rel}","templated":true}]}}