{"id":13414,"date":"2022-05-26T23:22:41","date_gmt":"2022-05-26T21:22:41","guid":{"rendered":"http:\/\/test.rivieradeifiori.it\/senza-categoria-fr\/vintimille\/"},"modified":"2023-02-03T18:12:43","modified_gmt":"2023-02-03T17:12:43","slug":"vintimille","status":"publish","type":"post","link":"https:\/\/www.rivieradeifiori.it\/fr\/mer-et-territoire\/la-cote\/vintimille\/","title":{"rendered":"Vintimille"},"content":{"rendered":"\n<p><strong>Vintimille<\/strong>, la<strong>&#8220;porte aux fleurs&#8221; de l&#8217;Italie<\/strong>&#8220;Carrefour de mondes si proches et pourtant souvent \u00e0 des ann\u00e9es-lumi\u00e8re les uns des autres, situ\u00e9 le long de la vall\u00e9e de la Roja, entre les paysages alpins \u00e0 quelques kilom\u00e8tres et la chaleur du rivage m\u00e9diterran\u00e9en, il s&#8217;ouvre sur les vall\u00e9es pi\u00e9montaises, la Principaut\u00e9 de Monaco et la France avec la C\u00f4te d&#8217;Azur, et enfin sur la Riviera dei Fiori.<\/p>\n\n\n\n<p>L\u2019air doux de la mer, qui remonte jusqu\u2019\u00e0 effleurer les montagnes, donne vie \u00e0 une v\u00e9g\u00e9tation luxuriante ; un festival de plantes, fleurs, de couleurs et de parfums que nous retrouvons dans les luxuriants <strong><em>Jardins Botaniques Hanbury<\/em><\/strong> un v\u00e9ritable \u00e9crin de plantes rares et souvent uniques qui, adoss\u00e9es aux collines du promontoire du <strong><strong><em>CapMortola<\/em><\/strong><\/strong>, d\u00e9gradent vers la mer, lieu de rencontre dans le pass\u00e9 r\u00e9cent de l\u2019\u00e9lite aristocrate europ\u00e9enne et aujourd\u2019hui destination d\u2019une multitude de visiteurs attentif ; ici la c\u00f4te est l\u2019endroit o\u00f9 la terre s\u2019avance dans l\u2019eau, le souvenir de gloires pass\u00e9es se fond avec le grand z\u00e8le du pr\u00e9sent et c\u2019est dans ce contexte, \u00e0 confirmation du lien intime de la population de Vintimille avec la culture maritime, qui na\u00eet le <strong><em>Parc Marin de Cap Mortola<\/em><\/strong> qui voit la M\u00e9diterran\u00e9e comme une ressource et un patrimoine \u00e0 sauvegarder en assurant en m\u00eame temps l\u2019exploitation touristique.<\/p>\n\n\n\n<p>Dans cette nature luxuriante, qui avec les fruits de sa terre et les dons pr\u00e9cieux d\u2019une mer g\u00e9n\u00e9reuse a accueilli l\u2019homme d\u00e8s les temps les plus anciens, nous retrouvons les traces ineffa\u00e7ables d\u2019une histoire mill\u00e9naire dans les <strong><em>Grottes des Balzi Rossi<\/em><\/strong> un site arch\u00e9ologique remontant au pal\u00e9olithique, riche de gravures rupestres et d\u2019artefacts, de d\u00e9bris de tombeaux et de restes d\u2019animaux pr\u00e9historiques abrit\u00e9s dans le Mus\u00e9e homonyme situ\u00e9 \u00e0 proximit\u00e9 de la fronti\u00e8re franco-italienne ; dans l\u2019aire en dessous du mus\u00e9e, deux des plus belles plages de la M\u00e9diterran\u00e9e : <strong><em>la Spiaggia delle Uova<\/em><\/strong> constitu\u00e9e de galets blancs et arrondis et la plage nich\u00e9e dans la <strong><em>Baia Beniamin<\/em><\/strong> avec son eau limpide d\u2019une couleur vert \u00e9meraude.<\/p>\n\n\n\n<p>Dans la banlieue orientale de la ville<strong><em>l\u2019Aire<\/em><\/strong> <strong><em>Arch\u00e9ologique de Nervia<\/em><\/strong> t\u00e9moigne de l\u2019importance de ce territoire \u00e0 l\u2019\u00e9poque romaine, les fouilles toujours actives et ouvertes au public, le splendide Th\u00e9\u00e2tre Romain, les restes des thermes et les nombreux artefacts abrit\u00e9s en partie dans l\u2019\u00e9difice mus\u00e9al pr\u00e8s des fouilles et en partie dans le <strong><em>Mus\u00e9e Girolamo Rossi<\/em><\/strong> situ\u00e9 au <strong><em>Fort de l\u2019Annunziata<\/em><\/strong>, sont une destination pour les touristes et les passionn\u00e9s.<\/p>\n\n\n\n<p>En promenant au bord de mer caress\u00e9s par la brise marine, l\u2019horizon parfois encadr\u00e9 dans les rochers en surplombs invite \u00e0 regarder vers le haut, vers la vieille ville avec le clocher de la <strong><em>Cath\u00e9drale de l\u2019Assunta<\/em><\/strong> aust\u00e8re et silencieux gardien du territoire qui prot\u00e8ge les maisons et les palais en pierre, t\u00e9moins des \u00e9v\u00e9nements historiques qui ont parcouru Vintimille au fil des si\u00e8cles. Vers la France se dresse majestueuse <strong><em>Porta Canarda<\/em><\/strong> la premi\u00e8re et la plus caract\u00e9ristiques des huit portes du centre historiques vintimilliais et ensuite, une fois engag\u00e9s dans le bourg m\u00e9di\u00e9val \u00e0 l\u2019int\u00e9rieur des murs d\u2019enceinte, nous retrouverons, intacts, \u00e9glises, palais, places, jardins.<\/p>\n\n\n\n<p>Au long du littoral, dans la langue de terre entre la mer et la colline la ville moderne nous accueille, en constante \u00e9volution et lanc\u00e9e vers l\u2019avenir sur la pouss\u00e9e de nombreux int\u00e9r\u00eats \u00e9conomiques et culturels : des parcours artistiques et litt\u00e9raires se compensent avec un centre riche d\u2019activit\u00e9s commerciales point central de l\u2019\u00e9conomie actuelle, o\u00f9 se distingue, notamment, le riche offre des aliments d\u2019un patrimoine gastronomique gardien jaloux des traditions, o\u00f9 la culture du vin et de l\u2019huile et des produits simples et d\u00e9licieux de la mer r\u00e9citaient en ch\u0153ur la litanie du dur travail quotidien.<\/p>\n\n\n<div class=\"wp-block-visual-portfolio\">\n<div class=\"vp-portfolio vp-uid-97b171f8 vp-id-1pSQ8N\"\n\tdata-vp-layout=\"justified\" data-vp-content-source=\"images\" data-vp-items-style=\"emerge\" data-vp-items-click-action=\"popup_gallery\" data-vp-items-gap=\"5\" data-vp-items-gap-vertical=\"3\" data-vp-pagination=\"load-more\" data-vp-next-page-url=\"\" data-vp-justified-row-height=\"170\" data-vp-justified-row-height-tolerance=\"0.3\" data-vp-justified-max-rows-count=\"0\" data-vp-justified-last-row=\"center\" >\n\t<div class=\"vp-portfolio__preloader-wrap\">\n\t\t<div class=\"vp-portfolio__preloader\">\n\t\t\t<img decoding=\"async\" loading=\"eager\" src=\"https:\/\/www.rivieradeifiori.it\/wp-content\/plugins\/visual-portfolio-pro\/core-plugin\/assets\/images\/logo-dark.svg\" alt=\"Visual Portfolio, Posts &amp; Image Gallery for WordPress\" width=\"20\" height=\"20\" data-skip-lazy>\n\t\t<\/div>\n\t<\/div>\n\t\t<div class=\"vp-portfolio__items-wrap\">\n\t\t\t\n<div class=\"vp-portfolio__items vp-portfolio__items-style-emerge vp-portfolio__items-show-overlay-hover vp-portfolio__items-show-caption-hover\">\n\n\t\t<div\t\tclass=\"vp-portfolio__item-wrap vp-portfolio__item-uid-bab56f36\" data-vp-filter=\"\" \t\t>\n\t\t\t<template class=\"vp-portfolio__item-popup\" data-vp-popup-img=\"https:\/\/www.rivieradeifiori.it\/wp-content\/uploads\/2022\/05\/IMG_9473-1920x1440.jpeg\" data-vp-popup-img-srcset=\"https:\/\/www.rivieradeifiori.it\/wp-content\/uploads\/2022\/05\/IMG_9473-1920x1440.jpeg 1920w, https:\/\/www.rivieradeifiori.it\/wp-content\/uploads\/2022\/05\/IMG_9473-300x225.jpeg 300w, https:\/\/www.rivieradeifiori.it\/wp-content\/uploads\/2022\/05\/IMG_9473.jpeg 2048w, https:\/\/www.rivieradeifiori.it\/wp-content\/uploads\/2022\/05\/IMG_9473-1270x953.jpeg 1270w, https:\/\/www.rivieradeifiori.it\/wp-content\/uploads\/2022\/05\/IMG_9473-1536x1152.jpeg 1536w, https:\/\/www.rivieradeifiori.it\/wp-content\/uploads\/2022\/05\/IMG_9473-500x375.jpeg 500w, https:\/\/www.rivieradeifiori.it\/wp-content\/uploads\/2022\/05\/IMG_9473-800x600.jpeg 800w, https:\/\/www.rivieradeifiori.it\/wp-content\/uploads\/2022\/05\/IMG_9473-1280x960.jpeg 1280w, https:\/\/www.rivieradeifiori.it\/wp-content\/uploads\/2022\/05\/IMG_9473-1080x810.jpeg 1080w, https:\/\/www.rivieradeifiori.it\/wp-content\/uploads\/2022\/05\/IMG_9473-150x113.jpeg 150w\" data-vp-popup-img-size=\"1920x1440\" data-vp-popup-md-img=\"https:\/\/www.rivieradeifiori.it\/wp-content\/uploads\/2022\/05\/IMG_9473-800x600.jpeg\" data-vp-popup-md-img-size=\"800x600\" data-vp-popup-sm-img=\"https:\/\/www.rivieradeifiori.it\/wp-content\/uploads\/2022\/05\/IMG_9473-500x375.jpeg\" data-vp-popup-sm-img-size=\"500x375\">\n\t\t\t<h3 class=\"vp-portfolio__item-popup-title\">La mer de Ventimiglia &#8211; Mur rouge \u00a9Innovation Media<\/h3>\n\t\t<\/template>\n\t\t\t\t\t\t<figure class=\"vp-portfolio__item\">\n\t\t\t\t\n<div class=\"vp-portfolio__item-img-wrap\">\n\t<div class=\"vp-portfolio__item-img\">\n\t\t\t<a\n\t\thref=\"https:\/\/www.rivieradeifiori.it\/wp-content\/uploads\/2022\/05\/IMG_9473-1920x1440.jpeg\"\n\t\t\t>\n\t\n\t\t<noscript><img decoding=\"async\" width=\"1920\" height=\"1440\" data-skip-lazy src=\"https:\/\/www.rivieradeifiori.it\/wp-content\/uploads\/2022\/05\/IMG_9473-1920x1440.jpeg\" class=\"wp-image-11673\" alt=\"\" srcset=\"https:\/\/www.rivieradeifiori.it\/wp-content\/uploads\/2022\/05\/IMG_9473-1920x1440.jpeg 1920w, https:\/\/www.rivieradeifiori.it\/wp-content\/uploads\/2022\/05\/IMG_9473-300x225.jpeg 300w, https:\/\/www.rivieradeifiori.it\/wp-content\/uploads\/2022\/05\/IMG_9473.jpeg 2048w, https:\/\/www.rivieradeifiori.it\/wp-content\/uploads\/2022\/05\/IMG_9473-1270x953.jpeg 1270w, https:\/\/www.rivieradeifiori.it\/wp-content\/uploads\/2022\/05\/IMG_9473-1536x1152.jpeg 1536w, https:\/\/www.rivieradeifiori.it\/wp-content\/uploads\/2022\/05\/IMG_9473-500x375.jpeg 500w, https:\/\/www.rivieradeifiori.it\/wp-content\/uploads\/2022\/05\/IMG_9473-800x600.jpeg 800w, https:\/\/www.rivieradeifiori.it\/wp-content\/uploads\/2022\/05\/IMG_9473-1280x960.jpeg 1280w, https:\/\/www.rivieradeifiori.it\/wp-content\/uploads\/2022\/05\/IMG_9473-1080x810.jpeg 1080w, https:\/\/www.rivieradeifiori.it\/wp-content\/uploads\/2022\/05\/IMG_9473-150x113.jpeg 150w\" sizes=\"(max-width: 1920px) 100vw, 1920px\" \/><\/noscript><img fetchpriority=\"high\" decoding=\"async\" width=\"1920\" height=\"1440\" src=\"https:\/\/www.rivieradeifiori.it\/wp-content\/uploads\/2022\/05\/IMG_9473-1920x1440.jpeg\" class=\"wp-image-11673 vp-lazyload\" alt srcset=\"data:image\/svg+xml;base64,PHN2ZyB3aWR0aD0iMTkyMCIgaGVpZ2h0PSIxNDQwIiB2aWV3Qm94PSIwIDAgMTkyMCAxNDQwIiBmaWxsPSJub25lIiB4bWxucz0iaHR0cDovL3d3dy53My5vcmcvMjAwMC9zdmciPjwvc3ZnPg==\" data-src=\"https:\/\/www.rivieradeifiori.it\/wp-content\/uploads\/2022\/05\/IMG_9473-1920x1440.jpeg\" data-srcset=\"https:\/\/www.rivieradeifiori.it\/wp-content\/uploads\/2022\/05\/IMG_9473-1920x1440.jpeg 1920w, https:\/\/www.rivieradeifiori.it\/wp-content\/uploads\/2022\/05\/IMG_9473-300x225.jpeg 300w, https:\/\/www.rivieradeifiori.it\/wp-content\/uploads\/2022\/05\/IMG_9473.jpeg 2048w, https:\/\/www.rivieradeifiori.it\/wp-content\/uploads\/2022\/05\/IMG_9473-1270x953.jpeg 1270w, https:\/\/www.rivieradeifiori.it\/wp-content\/uploads\/2022\/05\/IMG_9473-1536x1152.jpeg 1536w, https:\/\/www.rivieradeifiori.it\/wp-content\/uploads\/2022\/05\/IMG_9473-500x375.jpeg 500w, https:\/\/www.rivieradeifiori.it\/wp-content\/uploads\/2022\/05\/IMG_9473-800x600.jpeg 800w, https:\/\/www.rivieradeifiori.it\/wp-content\/uploads\/2022\/05\/IMG_9473-1280x960.jpeg 1280w, https:\/\/www.rivieradeifiori.it\/wp-content\/uploads\/2022\/05\/IMG_9473-1080x810.jpeg 1080w, https:\/\/www.rivieradeifiori.it\/wp-content\/uploads\/2022\/05\/IMG_9473-150x113.jpeg 150w\" data-sizes=\"auto\" loading=\"eager\">\n\t\t<div class=\"vp-portfolio__item-overlay\"><\/div>\n\n\t\t<\/a>\t<\/div>\n<\/div>\n\n\t<figcaption class=\"vp-portfolio__item-caption vp-portfolio__item-caption-text-align-center\">\n\t\t<div class=\"vp-portfolio__item-meta-wrap vp-portfolio__custom-scrollbar\">\n\t\t\t<div class=\"vp-portfolio__item-meta\">\n\t\t\t\t\n<h2 class=\"vp-portfolio__item-meta-title\">\n\t\t<a\n\t\thref=\"https:\/\/www.rivieradeifiori.it\/wp-content\/uploads\/2022\/05\/IMG_9473-1920x1440.jpeg\"\n\t\t\t>\n\tLa mer de Ventimiglia &#8211; Mur rouge \u00a9Innovation Media<\/a><\/h2>\n\t\t\t<\/div>\n\t\t<\/div>\n\t<\/figcaption>\n\t\t\t<\/figure>\n\t\t\t\t\t<\/div>\n\t\t\n\t\t<div\t\tclass=\"vp-portfolio__item-wrap vp-portfolio__item-uid-b7686a41\" data-vp-filter=\"\" \t\t>\n\t\t\t<template class=\"vp-portfolio__item-popup\" data-vp-popup-img=\"https:\/\/www.rivieradeifiori.it\/wp-content\/uploads\/2022\/05\/Ventimiglia_legenda.jpg\" data-vp-popup-img-srcset=\"https:\/\/www.rivieradeifiori.it\/wp-content\/uploads\/2022\/05\/Ventimiglia_legenda.jpg 950w, https:\/\/www.rivieradeifiori.it\/wp-content\/uploads\/2022\/05\/Ventimiglia_legenda-208x300.jpg 208w, https:\/\/www.rivieradeifiori.it\/wp-content\/uploads\/2022\/05\/Ventimiglia_legenda-879x1270.jpg 879w, https:\/\/www.rivieradeifiori.it\/wp-content\/uploads\/2022\/05\/Ventimiglia_legenda-500x723.jpg 500w, https:\/\/www.rivieradeifiori.it\/wp-content\/uploads\/2022\/05\/Ventimiglia_legenda-800x1156.jpg 800w, https:\/\/www.rivieradeifiori.it\/wp-content\/uploads\/2022\/05\/Ventimiglia_legenda-150x217.jpg 150w, https:\/\/www.rivieradeifiori.it\/wp-content\/uploads\/2022\/05\/Ventimiglia_legenda-346x500.jpg 346w\" data-vp-popup-img-size=\"950x1373\" data-vp-popup-md-img=\"https:\/\/www.rivieradeifiori.it\/wp-content\/uploads\/2022\/05\/Ventimiglia_legenda-800x1156.jpg\" data-vp-popup-md-img-size=\"800x1156\" data-vp-popup-sm-img=\"https:\/\/www.rivieradeifiori.it\/wp-content\/uploads\/2022\/05\/Ventimiglia_legenda-500x723.jpg\" data-vp-popup-sm-img-size=\"500x723\">\n\t\t\t<h3 class=\"vp-portfolio__item-popup-title\">Legenda di Ventimiglia &#8211; \u00a9Innovation Media<\/h3>\n\t\t<\/template>\n\t\t\t\t\t\t<figure class=\"vp-portfolio__item\">\n\t\t\t\t\n<div class=\"vp-portfolio__item-img-wrap\">\n\t<div class=\"vp-portfolio__item-img\">\n\t\t\t<a\n\t\thref=\"https:\/\/www.rivieradeifiori.it\/wp-content\/uploads\/2022\/05\/Ventimiglia_legenda.jpg\"\n\t\t\t>\n\t\n\t\t<noscript><img decoding=\"async\" width=\"950\" height=\"1373\" data-skip-lazy src=\"https:\/\/www.rivieradeifiori.it\/wp-content\/uploads\/2022\/05\/Ventimiglia_legenda.jpg\" class=\"wp-image-11218\" alt=\"\" srcset=\"https:\/\/www.rivieradeifiori.it\/wp-content\/uploads\/2022\/05\/Ventimiglia_legenda.jpg 950w, https:\/\/www.rivieradeifiori.it\/wp-content\/uploads\/2022\/05\/Ventimiglia_legenda-208x300.jpg 208w, https:\/\/www.rivieradeifiori.it\/wp-content\/uploads\/2022\/05\/Ventimiglia_legenda-879x1270.jpg 879w, https:\/\/www.rivieradeifiori.it\/wp-content\/uploads\/2022\/05\/Ventimiglia_legenda-500x723.jpg 500w, https:\/\/www.rivieradeifiori.it\/wp-content\/uploads\/2022\/05\/Ventimiglia_legenda-800x1156.jpg 800w, https:\/\/www.rivieradeifiori.it\/wp-content\/uploads\/2022\/05\/Ventimiglia_legenda-150x217.jpg 150w, https:\/\/www.rivieradeifiori.it\/wp-content\/uploads\/2022\/05\/Ventimiglia_legenda-346x500.jpg 346w\" sizes=\"(max-width: 950px) 100vw, 950px\" \/><\/noscript><img decoding=\"async\" width=\"950\" height=\"1373\" src=\"https:\/\/www.rivieradeifiori.it\/wp-content\/uploads\/2022\/05\/Ventimiglia_legenda.jpg\" class=\"wp-image-11218 vp-lazyload\" alt srcset=\"data:image\/svg+xml;base64,PHN2ZyB3aWR0aD0iOTUwIiBoZWlnaHQ9IjEzNzMiIHZpZXdCb3g9IjAgMCA5NTAgMTM3MyIgZmlsbD0ibm9uZSIgeG1sbnM9Imh0dHA6Ly93d3cudzMub3JnLzIwMDAvc3ZnIj48L3N2Zz4=\" data-src=\"https:\/\/www.rivieradeifiori.it\/wp-content\/uploads\/2022\/05\/Ventimiglia_legenda.jpg\" data-srcset=\"https:\/\/www.rivieradeifiori.it\/wp-content\/uploads\/2022\/05\/Ventimiglia_legenda.jpg 950w, https:\/\/www.rivieradeifiori.it\/wp-content\/uploads\/2022\/05\/Ventimiglia_legenda-208x300.jpg 208w, https:\/\/www.rivieradeifiori.it\/wp-content\/uploads\/2022\/05\/Ventimiglia_legenda-879x1270.jpg 879w, https:\/\/www.rivieradeifiori.it\/wp-content\/uploads\/2022\/05\/Ventimiglia_legenda-500x723.jpg 500w, https:\/\/www.rivieradeifiori.it\/wp-content\/uploads\/2022\/05\/Ventimiglia_legenda-800x1156.jpg 800w, https:\/\/www.rivieradeifiori.it\/wp-content\/uploads\/2022\/05\/Ventimiglia_legenda-150x217.jpg 150w, https:\/\/www.rivieradeifiori.it\/wp-content\/uploads\/2022\/05\/Ventimiglia_legenda-346x500.jpg 346w\" data-sizes=\"auto\" loading=\"eager\">\n\t\t<div class=\"vp-portfolio__item-overlay\"><\/div>\n\n\t\t<\/a>\t<\/div>\n<\/div>\n\n\t<figcaption class=\"vp-portfolio__item-caption vp-portfolio__item-caption-text-align-center\">\n\t\t<div class=\"vp-portfolio__item-meta-wrap vp-portfolio__custom-scrollbar\">\n\t\t\t<div class=\"vp-portfolio__item-meta\">\n\t\t\t\t\n<h2 class=\"vp-portfolio__item-meta-title\">\n\t\t<a\n\t\thref=\"https:\/\/www.rivieradeifiori.it\/wp-content\/uploads\/2022\/05\/Ventimiglia_legenda.jpg\"\n\t\t\t>\n\tL\u00e9gende de la carte Ventimiglia &#8211; \u00a9Innovation Media<\/a><\/h2>\n\t\t\t<\/div>\n\t\t<\/div>\n\t<\/figcaption>\n\t\t\t<\/figure>\n\t\t\t\t\t<\/div>\n\t\t\n\t\t<div\t\tclass=\"vp-portfolio__item-wrap vp-portfolio__item-uid-a62ec167\" data-vp-filter=\"\" \t\t>\n\t\t\t<template class=\"vp-portfolio__item-popup\" data-vp-popup-img=\"https:\/\/www.rivieradeifiori.it\/wp-content\/uploads\/2022\/05\/Ventimiglia.jpg\" data-vp-popup-img-srcset=\"https:\/\/www.rivieradeifiori.it\/wp-content\/uploads\/2022\/05\/Ventimiglia.jpg 1899w, https:\/\/www.rivieradeifiori.it\/wp-content\/uploads\/2022\/05\/Ventimiglia-300x212.jpg 300w, https:\/\/www.rivieradeifiori.it\/wp-content\/uploads\/2022\/05\/Ventimiglia-1270x896.jpg 1270w, https:\/\/www.rivieradeifiori.it\/wp-content\/uploads\/2022\/05\/Ventimiglia-1536x1084.jpg 1536w, https:\/\/www.rivieradeifiori.it\/wp-content\/uploads\/2022\/05\/Ventimiglia-500x353.jpg 500w, https:\/\/www.rivieradeifiori.it\/wp-content\/uploads\/2022\/05\/Ventimiglia-800x565.jpg 800w, https:\/\/www.rivieradeifiori.it\/wp-content\/uploads\/2022\/05\/Ventimiglia-1280x903.jpg 1280w, https:\/\/www.rivieradeifiori.it\/wp-content\/uploads\/2022\/05\/Ventimiglia-1080x762.jpg 1080w, https:\/\/www.rivieradeifiori.it\/wp-content\/uploads\/2022\/05\/Ventimiglia-150x106.jpg 150w\" data-vp-popup-img-size=\"1899x1340\" data-vp-popup-md-img=\"https:\/\/www.rivieradeifiori.it\/wp-content\/uploads\/2022\/05\/Ventimiglia-800x565.jpg\" data-vp-popup-md-img-size=\"800x565\" data-vp-popup-sm-img=\"https:\/\/www.rivieradeifiori.it\/wp-content\/uploads\/2022\/05\/Ventimiglia-500x353.jpg\" data-vp-popup-sm-img-size=\"500x353\">\n\t\t\t<h3 class=\"vp-portfolio__item-popup-title\">Mappa di Ventimiglia &#8211; \u00a9Innovation Media<\/h3>\n\t\t<\/template>\n\t\t\t\t\t\t<figure class=\"vp-portfolio__item\">\n\t\t\t\t\n<div class=\"vp-portfolio__item-img-wrap\">\n\t<div class=\"vp-portfolio__item-img\">\n\t\t\t<a\n\t\thref=\"https:\/\/www.rivieradeifiori.it\/wp-content\/uploads\/2022\/05\/Ventimiglia.jpg\"\n\t\t\t>\n\t\n\t\t<noscript><img decoding=\"async\" width=\"1899\" height=\"1340\" data-skip-lazy src=\"https:\/\/www.rivieradeifiori.it\/wp-content\/uploads\/2022\/05\/Ventimiglia.jpg\" class=\"wp-image-11213\" alt=\"\" srcset=\"https:\/\/www.rivieradeifiori.it\/wp-content\/uploads\/2022\/05\/Ventimiglia.jpg 1899w, https:\/\/www.rivieradeifiori.it\/wp-content\/uploads\/2022\/05\/Ventimiglia-300x212.jpg 300w, https:\/\/www.rivieradeifiori.it\/wp-content\/uploads\/2022\/05\/Ventimiglia-1270x896.jpg 1270w, https:\/\/www.rivieradeifiori.it\/wp-content\/uploads\/2022\/05\/Ventimiglia-1536x1084.jpg 1536w, https:\/\/www.rivieradeifiori.it\/wp-content\/uploads\/2022\/05\/Ventimiglia-500x353.jpg 500w, https:\/\/www.rivieradeifiori.it\/wp-content\/uploads\/2022\/05\/Ventimiglia-800x565.jpg 800w, https:\/\/www.rivieradeifiori.it\/wp-content\/uploads\/2022\/05\/Ventimiglia-1280x903.jpg 1280w, https:\/\/www.rivieradeifiori.it\/wp-content\/uploads\/2022\/05\/Ventimiglia-1080x762.jpg 1080w, https:\/\/www.rivieradeifiori.it\/wp-content\/uploads\/2022\/05\/Ventimiglia-150x106.jpg 150w\" sizes=\"(max-width: 1899px) 100vw, 1899px\" \/><\/noscript><img decoding=\"async\" width=\"1899\" height=\"1340\" src=\"https:\/\/www.rivieradeifiori.it\/wp-content\/uploads\/2022\/05\/Ventimiglia.jpg\" class=\"wp-image-11213 vp-lazyload\" alt srcset=\"data:image\/svg+xml;base64,PHN2ZyB3aWR0aD0iMTg5OSIgaGVpZ2h0PSIxMzQwIiB2aWV3Qm94PSIwIDAgMTg5OSAxMzQwIiBmaWxsPSJub25lIiB4bWxucz0iaHR0cDovL3d3dy53My5vcmcvMjAwMC9zdmciPjwvc3ZnPg==\" data-src=\"https:\/\/www.rivieradeifiori.it\/wp-content\/uploads\/2022\/05\/Ventimiglia.jpg\" data-srcset=\"https:\/\/www.rivieradeifiori.it\/wp-content\/uploads\/2022\/05\/Ventimiglia.jpg 1899w, https:\/\/www.rivieradeifiori.it\/wp-content\/uploads\/2022\/05\/Ventimiglia-300x212.jpg 300w, https:\/\/www.rivieradeifiori.it\/wp-content\/uploads\/2022\/05\/Ventimiglia-1270x896.jpg 1270w, https:\/\/www.rivieradeifiori.it\/wp-content\/uploads\/2022\/05\/Ventimiglia-1536x1084.jpg 1536w, https:\/\/www.rivieradeifiori.it\/wp-content\/uploads\/2022\/05\/Ventimiglia-500x353.jpg 500w, https:\/\/www.rivieradeifiori.it\/wp-content\/uploads\/2022\/05\/Ventimiglia-800x565.jpg 800w, https:\/\/www.rivieradeifiori.it\/wp-content\/uploads\/2022\/05\/Ventimiglia-1280x903.jpg 1280w, https:\/\/www.rivieradeifiori.it\/wp-content\/uploads\/2022\/05\/Ventimiglia-1080x762.jpg 1080w, https:\/\/www.rivieradeifiori.it\/wp-content\/uploads\/2022\/05\/Ventimiglia-150x106.jpg 150w\" data-sizes=\"auto\" loading=\"eager\">\n\t\t<div class=\"vp-portfolio__item-overlay\"><\/div>\n\n\t\t<\/a>\t<\/div>\n<\/div>\n\n\t<figcaption class=\"vp-portfolio__item-caption vp-portfolio__item-caption-text-align-center\">\n\t\t<div class=\"vp-portfolio__item-meta-wrap vp-portfolio__custom-scrollbar\">\n\t\t\t<div class=\"vp-portfolio__item-meta\">\n\t\t\t\t\n<h2 class=\"vp-portfolio__item-meta-title\">\n\t\t<a\n\t\thref=\"https:\/\/www.rivieradeifiori.it\/wp-content\/uploads\/2022\/05\/Ventimiglia.jpg\"\n\t\t\t>\n\tCarte de Ventimiglia &#8211; \u00a9Innovation Media<\/a><\/h2>\n\t\t\t<\/div>\n\t\t<\/div>\n\t<\/figcaption>\n\t\t\t<\/figure>\n\t\t\t\t\t<\/div>\n\t\t\n\t\t<div\t\tclass=\"vp-portfolio__item-wrap vp-portfolio__item-uid-9f8bf887\" data-vp-filter=\"\" \t\t>\n\t\t\t<template class=\"vp-portfolio__item-popup\" data-vp-popup-img=\"https:\/\/www.rivieradeifiori.it\/wp-content\/uploads\/2022\/05\/Cala-del-Forte_render-scaled-1-1920x1135.jpg\" data-vp-popup-img-srcset=\"https:\/\/www.rivieradeifiori.it\/wp-content\/uploads\/2022\/05\/Cala-del-Forte_render-scaled-1-1920x1135.jpg 1920w, https:\/\/www.rivieradeifiori.it\/wp-content\/uploads\/2022\/05\/Cala-del-Forte_render-scaled-1-300x177.jpg 300w, https:\/\/www.rivieradeifiori.it\/wp-content\/uploads\/2022\/05\/Cala-del-Forte_render-scaled-1-1270x751.jpg 1270w, https:\/\/www.rivieradeifiori.it\/wp-content\/uploads\/2022\/05\/Cala-del-Forte_render-scaled-1-1536x908.jpg 1536w, https:\/\/www.rivieradeifiori.it\/wp-content\/uploads\/2022\/05\/Cala-del-Forte_render-scaled-1-2048x1210.jpg 2048w, https:\/\/www.rivieradeifiori.it\/wp-content\/uploads\/2022\/05\/Cala-del-Forte_render-scaled-1-500x296.jpg 500w, https:\/\/www.rivieradeifiori.it\/wp-content\/uploads\/2022\/05\/Cala-del-Forte_render-scaled-1-800x473.jpg 800w, https:\/\/www.rivieradeifiori.it\/wp-content\/uploads\/2022\/05\/Cala-del-Forte_render-scaled-1-1280x757.jpg 1280w, https:\/\/www.rivieradeifiori.it\/wp-content\/uploads\/2022\/05\/Cala-del-Forte_render-scaled-1-1080x638.jpg 1080w, https:\/\/www.rivieradeifiori.it\/wp-content\/uploads\/2022\/05\/Cala-del-Forte_render-scaled-1-150x89.jpg 150w\" data-vp-popup-img-size=\"1920x1135\" data-vp-popup-md-img=\"https:\/\/www.rivieradeifiori.it\/wp-content\/uploads\/2022\/05\/Cala-del-Forte_render-scaled-1-800x473.jpg\" data-vp-popup-md-img-size=\"800x473\" data-vp-popup-sm-img=\"https:\/\/www.rivieradeifiori.it\/wp-content\/uploads\/2022\/05\/Cala-del-Forte_render-scaled-1-500x296.jpg\" data-vp-popup-sm-img-size=\"500x296\">\n\t\t\t<h3 class=\"vp-portfolio__item-popup-title\">Porto Cala del Forte &#8211; Ventimiglia \u00a9Cala del Forte <\/h3>\n\t\t<\/template>\n\t\t\t\t\t\t<figure class=\"vp-portfolio__item\">\n\t\t\t\t\n<div class=\"vp-portfolio__item-img-wrap\">\n\t<div class=\"vp-portfolio__item-img\">\n\t\t\t<a\n\t\thref=\"https:\/\/www.rivieradeifiori.it\/wp-content\/uploads\/2022\/05\/Cala-del-Forte_render-scaled-1-1920x1135.jpg\"\n\t\t\t>\n\t\n\t\t<noscript><img decoding=\"async\" width=\"1920\" height=\"1135\" data-skip-lazy src=\"https:\/\/www.rivieradeifiori.it\/wp-content\/uploads\/2022\/05\/Cala-del-Forte_render-scaled-1-1920x1135.jpg\" class=\"wp-image-10988\" alt=\"\" srcset=\"https:\/\/www.rivieradeifiori.it\/wp-content\/uploads\/2022\/05\/Cala-del-Forte_render-scaled-1-1920x1135.jpg 1920w, https:\/\/www.rivieradeifiori.it\/wp-content\/uploads\/2022\/05\/Cala-del-Forte_render-scaled-1-300x177.jpg 300w, https:\/\/www.rivieradeifiori.it\/wp-content\/uploads\/2022\/05\/Cala-del-Forte_render-scaled-1-1270x751.jpg 1270w, https:\/\/www.rivieradeifiori.it\/wp-content\/uploads\/2022\/05\/Cala-del-Forte_render-scaled-1-1536x908.jpg 1536w, https:\/\/www.rivieradeifiori.it\/wp-content\/uploads\/2022\/05\/Cala-del-Forte_render-scaled-1-2048x1210.jpg 2048w, https:\/\/www.rivieradeifiori.it\/wp-content\/uploads\/2022\/05\/Cala-del-Forte_render-scaled-1-500x296.jpg 500w, https:\/\/www.rivieradeifiori.it\/wp-content\/uploads\/2022\/05\/Cala-del-Forte_render-scaled-1-800x473.jpg 800w, https:\/\/www.rivieradeifiori.it\/wp-content\/uploads\/2022\/05\/Cala-del-Forte_render-scaled-1-1280x757.jpg 1280w, https:\/\/www.rivieradeifiori.it\/wp-content\/uploads\/2022\/05\/Cala-del-Forte_render-scaled-1-1080x638.jpg 1080w, https:\/\/www.rivieradeifiori.it\/wp-content\/uploads\/2022\/05\/Cala-del-Forte_render-scaled-1-150x89.jpg 150w\" sizes=\"(max-width: 1920px) 100vw, 1920px\" \/><\/noscript><img decoding=\"async\" width=\"1920\" height=\"1135\" src=\"https:\/\/www.rivieradeifiori.it\/wp-content\/uploads\/2022\/05\/Cala-del-Forte_render-scaled-1-1920x1135.jpg\" class=\"wp-image-10988 vp-lazyload\" alt srcset=\"data:image\/svg+xml;base64,PHN2ZyB3aWR0aD0iMTkyMCIgaGVpZ2h0PSIxMTM1IiB2aWV3Qm94PSIwIDAgMTkyMCAxMTM1IiBmaWxsPSJub25lIiB4bWxucz0iaHR0cDovL3d3dy53My5vcmcvMjAwMC9zdmciPjwvc3ZnPg==\" data-src=\"https:\/\/www.rivieradeifiori.it\/wp-content\/uploads\/2022\/05\/Cala-del-Forte_render-scaled-1-1920x1135.jpg\" data-srcset=\"https:\/\/www.rivieradeifiori.it\/wp-content\/uploads\/2022\/05\/Cala-del-Forte_render-scaled-1-1920x1135.jpg 1920w, https:\/\/www.rivieradeifiori.it\/wp-content\/uploads\/2022\/05\/Cala-del-Forte_render-scaled-1-300x177.jpg 300w, https:\/\/www.rivieradeifiori.it\/wp-content\/uploads\/2022\/05\/Cala-del-Forte_render-scaled-1-1270x751.jpg 1270w, https:\/\/www.rivieradeifiori.it\/wp-content\/uploads\/2022\/05\/Cala-del-Forte_render-scaled-1-1536x908.jpg 1536w, https:\/\/www.rivieradeifiori.it\/wp-content\/uploads\/2022\/05\/Cala-del-Forte_render-scaled-1-2048x1210.jpg 2048w, https:\/\/www.rivieradeifiori.it\/wp-content\/uploads\/2022\/05\/Cala-del-Forte_render-scaled-1-500x296.jpg 500w, https:\/\/www.rivieradeifiori.it\/wp-content\/uploads\/2022\/05\/Cala-del-Forte_render-scaled-1-800x473.jpg 800w, https:\/\/www.rivieradeifiori.it\/wp-content\/uploads\/2022\/05\/Cala-del-Forte_render-scaled-1-1280x757.jpg 1280w, https:\/\/www.rivieradeifiori.it\/wp-content\/uploads\/2022\/05\/Cala-del-Forte_render-scaled-1-1080x638.jpg 1080w, https:\/\/www.rivieradeifiori.it\/wp-content\/uploads\/2022\/05\/Cala-del-Forte_render-scaled-1-150x89.jpg 150w\" data-sizes=\"auto\" loading=\"eager\">\n\t\t<div class=\"vp-portfolio__item-overlay\"><\/div>\n\n\t\t<\/a>\t<\/div>\n<\/div>\n\n\t<figcaption class=\"vp-portfolio__item-caption vp-portfolio__item-caption-text-align-center\">\n\t\t<div class=\"vp-portfolio__item-meta-wrap vp-portfolio__custom-scrollbar\">\n\t\t\t<div class=\"vp-portfolio__item-meta\">\n\t\t\t\t\n<h2 class=\"vp-portfolio__item-meta-title\">\n\t\t<a\n\t\thref=\"https:\/\/www.rivieradeifiori.it\/wp-content\/uploads\/2022\/05\/Cala-del-Forte_render-scaled-1-1920x1135.jpg\"\n\t\t\t>\n\tPorto Cala del Forte &#8211; Vintimille<\/a><\/h2>\n\t\t\t<\/div>\n\t\t<\/div>\n\t<\/figcaption>\n\t\t\t<\/figure>\n\t\t\t\t\t<\/div>\n\t\t\n\t\t<div\t\tclass=\"vp-portfolio__item-wrap vp-portfolio__item-uid-910bd474\" data-vp-filter=\"\" \t\t>\n\t\t\t<template class=\"vp-portfolio__item-popup\" data-vp-popup-img=\"https:\/\/www.rivieradeifiori.it\/wp-content\/uploads\/2022\/05\/10-scaled-1.jpg\" data-vp-popup-img-srcset=\"https:\/\/www.rivieradeifiori.it\/wp-content\/uploads\/2022\/05\/10-scaled-1.jpg 1920w, https:\/\/www.rivieradeifiori.it\/wp-content\/uploads\/2022\/05\/10-scaled-1-225x300.jpg 225w, https:\/\/www.rivieradeifiori.it\/wp-content\/uploads\/2022\/05\/10-scaled-1-953x1270.jpg 953w, https:\/\/www.rivieradeifiori.it\/wp-content\/uploads\/2022\/05\/10-scaled-1-1152x1536.jpg 1152w, https:\/\/www.rivieradeifiori.it\/wp-content\/uploads\/2022\/05\/10-scaled-1-1536x2048.jpg 1536w, https:\/\/www.rivieradeifiori.it\/wp-content\/uploads\/2022\/05\/10-scaled-1-500x667.jpg 500w, https:\/\/www.rivieradeifiori.it\/wp-content\/uploads\/2022\/05\/10-scaled-1-800x1067.jpg 800w, https:\/\/www.rivieradeifiori.it\/wp-content\/uploads\/2022\/05\/10-scaled-1-1280x1707.jpg 1280w, https:\/\/www.rivieradeifiori.it\/wp-content\/uploads\/2022\/05\/10-scaled-1-1080x1440.jpg 1080w, https:\/\/www.rivieradeifiori.it\/wp-content\/uploads\/2022\/05\/10-scaled-1-150x200.jpg 150w, https:\/\/www.rivieradeifiori.it\/wp-content\/uploads\/2022\/05\/10-scaled-1-375x500.jpg 375w\" data-vp-popup-img-size=\"1920x2560\" data-vp-popup-md-img=\"https:\/\/www.rivieradeifiori.it\/wp-content\/uploads\/2022\/05\/10-scaled-1-800x1067.jpg\" data-vp-popup-md-img-size=\"800x1067\" data-vp-popup-sm-img=\"https:\/\/www.rivieradeifiori.it\/wp-content\/uploads\/2022\/05\/10-scaled-1-500x667.jpg\" data-vp-popup-sm-img-size=\"500x667\">\n\t\t\t<h3 class=\"vp-portfolio__item-popup-title\">Oasi del Nervia &#8211; Camporosso Mare\/Ventimiglia \u00a9Innovation Media<\/h3>\n\t\t<\/template>\n\t\t\t\t\t\t<figure class=\"vp-portfolio__item\">\n\t\t\t\t\n<div class=\"vp-portfolio__item-img-wrap\">\n\t<div class=\"vp-portfolio__item-img\">\n\t\t\t<a\n\t\thref=\"https:\/\/www.rivieradeifiori.it\/wp-content\/uploads\/2022\/05\/10-scaled-1.jpg\"\n\t\t\t>\n\t\n\t\t<noscript><img decoding=\"async\" width=\"1920\" height=\"2560\" data-skip-lazy src=\"https:\/\/www.rivieradeifiori.it\/wp-content\/uploads\/2022\/05\/10-scaled-1.jpg\" class=\"wp-image-10798\" alt=\"\" srcset=\"https:\/\/www.rivieradeifiori.it\/wp-content\/uploads\/2022\/05\/10-scaled-1.jpg 1920w, https:\/\/www.rivieradeifiori.it\/wp-content\/uploads\/2022\/05\/10-scaled-1-225x300.jpg 225w, https:\/\/www.rivieradeifiori.it\/wp-content\/uploads\/2022\/05\/10-scaled-1-953x1270.jpg 953w, https:\/\/www.rivieradeifiori.it\/wp-content\/uploads\/2022\/05\/10-scaled-1-1152x1536.jpg 1152w, https:\/\/www.rivieradeifiori.it\/wp-content\/uploads\/2022\/05\/10-scaled-1-1536x2048.jpg 1536w, https:\/\/www.rivieradeifiori.it\/wp-content\/uploads\/2022\/05\/10-scaled-1-500x667.jpg 500w, https:\/\/www.rivieradeifiori.it\/wp-content\/uploads\/2022\/05\/10-scaled-1-800x1067.jpg 800w, https:\/\/www.rivieradeifiori.it\/wp-content\/uploads\/2022\/05\/10-scaled-1-1280x1707.jpg 1280w, https:\/\/www.rivieradeifiori.it\/wp-content\/uploads\/2022\/05\/10-scaled-1-1080x1440.jpg 1080w, https:\/\/www.rivieradeifiori.it\/wp-content\/uploads\/2022\/05\/10-scaled-1-150x200.jpg 150w, https:\/\/www.rivieradeifiori.it\/wp-content\/uploads\/2022\/05\/10-scaled-1-375x500.jpg 375w\" sizes=\"(max-width: 1920px) 100vw, 1920px\" \/><\/noscript><img decoding=\"async\" width=\"1920\" height=\"2560\" src=\"https:\/\/www.rivieradeifiori.it\/wp-content\/uploads\/2022\/05\/10-scaled-1.jpg\" class=\"wp-image-10798 vp-lazyload\" alt srcset=\"data:image\/svg+xml;base64,PHN2ZyB3aWR0aD0iMTkyMCIgaGVpZ2h0PSIyNTYwIiB2aWV3Qm94PSIwIDAgMTkyMCAyNTYwIiBmaWxsPSJub25lIiB4bWxucz0iaHR0cDovL3d3dy53My5vcmcvMjAwMC9zdmciPjwvc3ZnPg==\" data-src=\"https:\/\/www.rivieradeifiori.it\/wp-content\/uploads\/2022\/05\/10-scaled-1.jpg\" data-srcset=\"https:\/\/www.rivieradeifiori.it\/wp-content\/uploads\/2022\/05\/10-scaled-1.jpg 1920w, https:\/\/www.rivieradeifiori.it\/wp-content\/uploads\/2022\/05\/10-scaled-1-225x300.jpg 225w, https:\/\/www.rivieradeifiori.it\/wp-content\/uploads\/2022\/05\/10-scaled-1-953x1270.jpg 953w, https:\/\/www.rivieradeifiori.it\/wp-content\/uploads\/2022\/05\/10-scaled-1-1152x1536.jpg 1152w, https:\/\/www.rivieradeifiori.it\/wp-content\/uploads\/2022\/05\/10-scaled-1-1536x2048.jpg 1536w, https:\/\/www.rivieradeifiori.it\/wp-content\/uploads\/2022\/05\/10-scaled-1-500x667.jpg 500w, https:\/\/www.rivieradeifiori.it\/wp-content\/uploads\/2022\/05\/10-scaled-1-800x1067.jpg 800w, https:\/\/www.rivieradeifiori.it\/wp-content\/uploads\/2022\/05\/10-scaled-1-1280x1707.jpg 1280w, https:\/\/www.rivieradeifiori.it\/wp-content\/uploads\/2022\/05\/10-scaled-1-1080x1440.jpg 1080w, https:\/\/www.rivieradeifiori.it\/wp-content\/uploads\/2022\/05\/10-scaled-1-150x200.jpg 150w, https:\/\/www.rivieradeifiori.it\/wp-content\/uploads\/2022\/05\/10-scaled-1-375x500.jpg 375w\" data-sizes=\"auto\" loading=\"eager\">\n\t\t<div class=\"vp-portfolio__item-overlay\"><\/div>\n\n\t\t<\/a>\t<\/div>\n<\/div>\n\n\t<figcaption class=\"vp-portfolio__item-caption vp-portfolio__item-caption-text-align-center\">\n\t\t<div class=\"vp-portfolio__item-meta-wrap vp-portfolio__custom-scrollbar\">\n\t\t\t<div class=\"vp-portfolio__item-meta\">\n\t\t\t\t\n<h2 class=\"vp-portfolio__item-meta-title\">\n\t\t<a\n\t\thref=\"https:\/\/www.rivieradeifiori.it\/wp-content\/uploads\/2022\/05\/10-scaled-1.jpg\"\n\t\t\t>\n\tNervia Oasis &#8211; Camporosso Mare\/Ventimiglia \u00a9Innovation Media<\/a><\/h2>\n\t\t\t<\/div>\n\t\t<\/div>\n\t<\/figcaption>\n\t\t\t<\/figure>\n\t\t\t\t\t<\/div>\n\t\t\n\t\t<div\t\tclass=\"vp-portfolio__item-wrap vp-portfolio__item-uid-babe3a7b\" data-vp-filter=\"\" \t\t>\n\t\t\t<template class=\"vp-portfolio__item-popup\" data-vp-popup-img=\"https:\/\/www.rivieradeifiori.it\/wp-content\/uploads\/2018\/01\/IMG_1869-1920x1440.jpg\" data-vp-popup-img-srcset=\"https:\/\/www.rivieradeifiori.it\/wp-content\/uploads\/2018\/01\/IMG_1869-1920x1440.jpg 1920w, https:\/\/www.rivieradeifiori.it\/wp-content\/uploads\/2018\/01\/IMG_1869-1536x1152.jpg 1536w, https:\/\/www.rivieradeifiori.it\/wp-content\/uploads\/2018\/01\/IMG_1869-2048x1536.jpg 2048w, https:\/\/www.rivieradeifiori.it\/wp-content\/uploads\/2018\/01\/IMG_1869-300x225.jpg 300w, https:\/\/www.rivieradeifiori.it\/wp-content\/uploads\/2018\/01\/IMG_1869-1270x953.jpg 1270w, https:\/\/www.rivieradeifiori.it\/wp-content\/uploads\/2018\/01\/IMG_1869-500x375.jpg 500w, https:\/\/www.rivieradeifiori.it\/wp-content\/uploads\/2018\/01\/IMG_1869-800x600.jpg 800w, https:\/\/www.rivieradeifiori.it\/wp-content\/uploads\/2018\/01\/IMG_1869-1280x960.jpg 1280w, https:\/\/www.rivieradeifiori.it\/wp-content\/uploads\/2018\/01\/IMG_1869-1080x810.jpg 1080w, https:\/\/www.rivieradeifiori.it\/wp-content\/uploads\/2018\/01\/IMG_1869-150x113.jpg 150w, https:\/\/www.rivieradeifiori.it\/wp-content\/uploads\/2018\/01\/IMG_1869-510x382.jpg 510w, https:\/\/www.rivieradeifiori.it\/wp-content\/uploads\/2018\/01\/IMG_1869-610x458.jpg 610w\" data-vp-popup-img-size=\"1920x1440\" data-vp-popup-md-img=\"https:\/\/www.rivieradeifiori.it\/wp-content\/uploads\/2018\/01\/IMG_1869-800x600.jpg\" data-vp-popup-md-img-size=\"800x600\" data-vp-popup-sm-img=\"https:\/\/www.rivieradeifiori.it\/wp-content\/uploads\/2018\/01\/IMG_1869-500x375.jpg\" data-vp-popup-sm-img-size=\"500x375\">\n\t\t\t<h3 class=\"vp-portfolio__item-popup-title\">Biblioteca civica Aprosiana \u00a9Innovation Media<\/h3>\n\t\t<\/template>\n\t\t\t\t\t\t<figure class=\"vp-portfolio__item\">\n\t\t\t\t\n<div class=\"vp-portfolio__item-img-wrap\">\n\t<div class=\"vp-portfolio__item-img\">\n\t\t\t<a\n\t\thref=\"https:\/\/www.rivieradeifiori.it\/wp-content\/uploads\/2018\/01\/IMG_1869-1920x1440.jpg\"\n\t\t\t>\n\t\n\t\t<noscript><img decoding=\"async\" width=\"1920\" height=\"1440\" data-skip-lazy src=\"https:\/\/www.rivieradeifiori.it\/wp-content\/uploads\/2018\/01\/IMG_1869-1920x1440.jpg\" class=\"wp-image-6693\" alt=\"\" srcset=\"https:\/\/www.rivieradeifiori.it\/wp-content\/uploads\/2018\/01\/IMG_1869-1920x1440.jpg 1920w, https:\/\/www.rivieradeifiori.it\/wp-content\/uploads\/2018\/01\/IMG_1869-1536x1152.jpg 1536w, https:\/\/www.rivieradeifiori.it\/wp-content\/uploads\/2018\/01\/IMG_1869-2048x1536.jpg 2048w, https:\/\/www.rivieradeifiori.it\/wp-content\/uploads\/2018\/01\/IMG_1869-300x225.jpg 300w, https:\/\/www.rivieradeifiori.it\/wp-content\/uploads\/2018\/01\/IMG_1869-1270x953.jpg 1270w, https:\/\/www.rivieradeifiori.it\/wp-content\/uploads\/2018\/01\/IMG_1869-500x375.jpg 500w, https:\/\/www.rivieradeifiori.it\/wp-content\/uploads\/2018\/01\/IMG_1869-800x600.jpg 800w, https:\/\/www.rivieradeifiori.it\/wp-content\/uploads\/2018\/01\/IMG_1869-1280x960.jpg 1280w, https:\/\/www.rivieradeifiori.it\/wp-content\/uploads\/2018\/01\/IMG_1869-1080x810.jpg 1080w, https:\/\/www.rivieradeifiori.it\/wp-content\/uploads\/2018\/01\/IMG_1869-150x113.jpg 150w, https:\/\/www.rivieradeifiori.it\/wp-content\/uploads\/2018\/01\/IMG_1869-510x382.jpg 510w, https:\/\/www.rivieradeifiori.it\/wp-content\/uploads\/2018\/01\/IMG_1869-610x458.jpg 610w\" sizes=\"(max-width: 1920px) 100vw, 1920px\" \/><\/noscript><img decoding=\"async\" width=\"1920\" height=\"1440\" src=\"https:\/\/www.rivieradeifiori.it\/wp-content\/uploads\/2018\/01\/IMG_1869-1920x1440.jpg\" class=\"wp-image-6693 vp-lazyload\" alt srcset=\"data:image\/svg+xml;base64,PHN2ZyB3aWR0aD0iMTkyMCIgaGVpZ2h0PSIxNDQwIiB2aWV3Qm94PSIwIDAgMTkyMCAxNDQwIiBmaWxsPSJub25lIiB4bWxucz0iaHR0cDovL3d3dy53My5vcmcvMjAwMC9zdmciPjwvc3ZnPg==\" data-src=\"https:\/\/www.rivieradeifiori.it\/wp-content\/uploads\/2018\/01\/IMG_1869-1920x1440.jpg\" data-srcset=\"https:\/\/www.rivieradeifiori.it\/wp-content\/uploads\/2018\/01\/IMG_1869-1920x1440.jpg 1920w, https:\/\/www.rivieradeifiori.it\/wp-content\/uploads\/2018\/01\/IMG_1869-1536x1152.jpg 1536w, https:\/\/www.rivieradeifiori.it\/wp-content\/uploads\/2018\/01\/IMG_1869-2048x1536.jpg 2048w, https:\/\/www.rivieradeifiori.it\/wp-content\/uploads\/2018\/01\/IMG_1869-300x225.jpg 300w, https:\/\/www.rivieradeifiori.it\/wp-content\/uploads\/2018\/01\/IMG_1869-1270x953.jpg 1270w, https:\/\/www.rivieradeifiori.it\/wp-content\/uploads\/2018\/01\/IMG_1869-500x375.jpg 500w, https:\/\/www.rivieradeifiori.it\/wp-content\/uploads\/2018\/01\/IMG_1869-800x600.jpg 800w, https:\/\/www.rivieradeifiori.it\/wp-content\/uploads\/2018\/01\/IMG_1869-1280x960.jpg 1280w, https:\/\/www.rivieradeifiori.it\/wp-content\/uploads\/2018\/01\/IMG_1869-1080x810.jpg 1080w, https:\/\/www.rivieradeifiori.it\/wp-content\/uploads\/2018\/01\/IMG_1869-150x113.jpg 150w, https:\/\/www.rivieradeifiori.it\/wp-content\/uploads\/2018\/01\/IMG_1869-510x382.jpg 510w, https:\/\/www.rivieradeifiori.it\/wp-content\/uploads\/2018\/01\/IMG_1869-610x458.jpg 610w\" data-sizes=\"auto\" loading=\"eager\">\n\t\t<div class=\"vp-portfolio__item-overlay\"><\/div>\n\n\t\t<\/a>\t<\/div>\n<\/div>\n\n\t<figcaption class=\"vp-portfolio__item-caption vp-portfolio__item-caption-text-align-center\">\n\t\t<div class=\"vp-portfolio__item-meta-wrap vp-portfolio__custom-scrollbar\">\n\t\t\t<div class=\"vp-portfolio__item-meta\">\n\t\t\t\t\n<h2 class=\"vp-portfolio__item-meta-title\">\n\t\t<a\n\t\thref=\"https:\/\/www.rivieradeifiori.it\/wp-content\/uploads\/2018\/01\/IMG_1869-1920x1440.jpg\"\n\t\t\t>\n\tIMG_1869<\/a><\/h2>\n\t\t\t<\/div>\n\t\t<\/div>\n\t<\/figcaption>\n\t\t\t<\/figure>\n\t\t\t\t\t<\/div>\n\t\t\n\t\t<div\t\tclass=\"vp-portfolio__item-wrap vp-portfolio__item-uid-0f572fea\" data-vp-filter=\"\" \t\t>\n\t\t\t<template class=\"vp-portfolio__item-popup\" data-vp-popup-img=\"https:\/\/www.rivieradeifiori.it\/wp-content\/uploads\/2016\/12\/Albintimilium.jpg\" data-vp-popup-img-srcset=\"https:\/\/www.rivieradeifiori.it\/wp-content\/uploads\/2016\/12\/Albintimilium.jpg 1360w, https:\/\/www.rivieradeifiori.it\/wp-content\/uploads\/2016\/12\/Albintimilium-300x169.jpg 300w, https:\/\/www.rivieradeifiori.it\/wp-content\/uploads\/2016\/12\/Albintimilium-1270x714.jpg 1270w, https:\/\/www.rivieradeifiori.it\/wp-content\/uploads\/2016\/12\/Albintimilium-500x281.jpg 500w, https:\/\/www.rivieradeifiori.it\/wp-content\/uploads\/2016\/12\/Albintimilium-800x450.jpg 800w, https:\/\/www.rivieradeifiori.it\/wp-content\/uploads\/2016\/12\/Albintimilium-1280x720.jpg 1280w, https:\/\/www.rivieradeifiori.it\/wp-content\/uploads\/2016\/12\/Albintimilium-1080x608.jpg 1080w, https:\/\/www.rivieradeifiori.it\/wp-content\/uploads\/2016\/12\/Albintimilium-150x84.jpg 150w\" data-vp-popup-img-size=\"1360x765\" data-vp-popup-md-img=\"https:\/\/www.rivieradeifiori.it\/wp-content\/uploads\/2016\/12\/Albintimilium-800x450.jpg\" data-vp-popup-md-img-size=\"800x450\" data-vp-popup-sm-img=\"https:\/\/www.rivieradeifiori.it\/wp-content\/uploads\/2016\/12\/Albintimilium-500x281.jpg\" data-vp-popup-sm-img-size=\"500x281\">\n\t\t\t<h3 class=\"vp-portfolio__item-popup-title\">Teatro Romano &#8211; Albintimilium \u00a9Daniela Gandolfi<\/h3>\n\t\t<\/template>\n\t\t\t\t\t\t<figure class=\"vp-portfolio__item\">\n\t\t\t\t\n<div class=\"vp-portfolio__item-img-wrap\">\n\t<div class=\"vp-portfolio__item-img\">\n\t\t\t<a\n\t\thref=\"https:\/\/www.rivieradeifiori.it\/wp-content\/uploads\/2016\/12\/Albintimilium.jpg\"\n\t\t\t>\n\t\n\t\t<noscript><img decoding=\"async\" width=\"1360\" height=\"765\" data-skip-lazy src=\"https:\/\/www.rivieradeifiori.it\/wp-content\/uploads\/2016\/12\/Albintimilium.jpg\" class=\"wp-image-4045\" alt=\"\" srcset=\"https:\/\/www.rivieradeifiori.it\/wp-content\/uploads\/2016\/12\/Albintimilium.jpg 1360w, https:\/\/www.rivieradeifiori.it\/wp-content\/uploads\/2016\/12\/Albintimilium-300x169.jpg 300w, https:\/\/www.rivieradeifiori.it\/wp-content\/uploads\/2016\/12\/Albintimilium-1270x714.jpg 1270w, https:\/\/www.rivieradeifiori.it\/wp-content\/uploads\/2016\/12\/Albintimilium-500x281.jpg 500w, https:\/\/www.rivieradeifiori.it\/wp-content\/uploads\/2016\/12\/Albintimilium-800x450.jpg 800w, https:\/\/www.rivieradeifiori.it\/wp-content\/uploads\/2016\/12\/Albintimilium-1280x720.jpg 1280w, https:\/\/www.rivieradeifiori.it\/wp-content\/uploads\/2016\/12\/Albintimilium-1080x608.jpg 1080w, https:\/\/www.rivieradeifiori.it\/wp-content\/uploads\/2016\/12\/Albintimilium-150x84.jpg 150w\" sizes=\"(max-width: 1360px) 100vw, 1360px\" \/><\/noscript><img decoding=\"async\" width=\"1360\" height=\"765\" src=\"https:\/\/www.rivieradeifiori.it\/wp-content\/uploads\/2016\/12\/Albintimilium.jpg\" class=\"wp-image-4045 vp-lazyload\" alt srcset=\"data:image\/svg+xml;base64,PHN2ZyB3aWR0aD0iMTM2MCIgaGVpZ2h0PSI3NjUiIHZpZXdCb3g9IjAgMCAxMzYwIDc2NSIgZmlsbD0ibm9uZSIgeG1sbnM9Imh0dHA6Ly93d3cudzMub3JnLzIwMDAvc3ZnIj48L3N2Zz4=\" data-src=\"https:\/\/www.rivieradeifiori.it\/wp-content\/uploads\/2016\/12\/Albintimilium.jpg\" data-srcset=\"https:\/\/www.rivieradeifiori.it\/wp-content\/uploads\/2016\/12\/Albintimilium.jpg 1360w, https:\/\/www.rivieradeifiori.it\/wp-content\/uploads\/2016\/12\/Albintimilium-300x169.jpg 300w, https:\/\/www.rivieradeifiori.it\/wp-content\/uploads\/2016\/12\/Albintimilium-1270x714.jpg 1270w, https:\/\/www.rivieradeifiori.it\/wp-content\/uploads\/2016\/12\/Albintimilium-500x281.jpg 500w, https:\/\/www.rivieradeifiori.it\/wp-content\/uploads\/2016\/12\/Albintimilium-800x450.jpg 800w, https:\/\/www.rivieradeifiori.it\/wp-content\/uploads\/2016\/12\/Albintimilium-1280x720.jpg 1280w, https:\/\/www.rivieradeifiori.it\/wp-content\/uploads\/2016\/12\/Albintimilium-1080x608.jpg 1080w, https:\/\/www.rivieradeifiori.it\/wp-content\/uploads\/2016\/12\/Albintimilium-150x84.jpg 150w\" data-sizes=\"auto\" loading=\"eager\">\n\t\t<div class=\"vp-portfolio__item-overlay\"><\/div>\n\n\t\t<\/a>\t<\/div>\n<\/div>\n\n\t<figcaption class=\"vp-portfolio__item-caption vp-portfolio__item-caption-text-align-center\">\n\t\t<div class=\"vp-portfolio__item-meta-wrap vp-portfolio__custom-scrollbar\">\n\t\t\t<div class=\"vp-portfolio__item-meta\">\n\t\t\t\t\n<h2 class=\"vp-portfolio__item-meta-title\">\n\t\t<a\n\t\thref=\"https:\/\/www.rivieradeifiori.it\/wp-content\/uploads\/2016\/12\/Albintimilium.jpg\"\n\t\t\t>\n\tTh\u00e9\u00e2tre romain &#8211; Albintimilium \u00a9Daniela Gandolfi<\/a><\/h2>\n\t\t\t<\/div>\n\t\t<\/div>\n\t<\/figcaption>\n\t\t\t<\/figure>\n\t\t\t\t\t<\/div>\n\t\t\n\t\t<div\t\tclass=\"vp-portfolio__item-wrap vp-portfolio__item-uid-226efd18\" data-vp-filter=\"\" \t\t>\n\t\t\t<template class=\"vp-portfolio__item-popup\" data-vp-popup-img=\"https:\/\/www.rivieradeifiori.it\/wp-content\/uploads\/2022\/05\/IMG_1995-scaled-1-1920x1440.jpg\" data-vp-popup-img-srcset=\"https:\/\/www.rivieradeifiori.it\/wp-content\/uploads\/2022\/05\/IMG_1995-scaled-1-1920x1440.jpg 1920w, https:\/\/www.rivieradeifiori.it\/wp-content\/uploads\/2022\/05\/IMG_1995-scaled-1-300x225.jpg 300w, https:\/\/www.rivieradeifiori.it\/wp-content\/uploads\/2022\/05\/IMG_1995-scaled-1-1270x953.jpg 1270w, https:\/\/www.rivieradeifiori.it\/wp-content\/uploads\/2022\/05\/IMG_1995-scaled-1-1536x1152.jpg 1536w, https:\/\/www.rivieradeifiori.it\/wp-content\/uploads\/2022\/05\/IMG_1995-scaled-1-2048x1536.jpg 2048w, https:\/\/www.rivieradeifiori.it\/wp-content\/uploads\/2022\/05\/IMG_1995-scaled-1-500x375.jpg 500w, https:\/\/www.rivieradeifiori.it\/wp-content\/uploads\/2022\/05\/IMG_1995-scaled-1-800x600.jpg 800w, https:\/\/www.rivieradeifiori.it\/wp-content\/uploads\/2022\/05\/IMG_1995-scaled-1-1280x960.jpg 1280w, https:\/\/www.rivieradeifiori.it\/wp-content\/uploads\/2022\/05\/IMG_1995-scaled-1-1080x810.jpg 1080w, https:\/\/www.rivieradeifiori.it\/wp-content\/uploads\/2022\/05\/IMG_1995-scaled-1-150x113.jpg 150w\" data-vp-popup-img-size=\"1920x1440\" data-vp-popup-md-img=\"https:\/\/www.rivieradeifiori.it\/wp-content\/uploads\/2022\/05\/IMG_1995-scaled-1-800x600.jpg\" data-vp-popup-md-img-size=\"800x600\" data-vp-popup-sm-img=\"https:\/\/www.rivieradeifiori.it\/wp-content\/uploads\/2022\/05\/IMG_1995-scaled-1-500x375.jpg\" data-vp-popup-sm-img-size=\"500x375\">\n\t\t\t<h3 class=\"vp-portfolio__item-popup-title\">Mus\u00e9e Pr\u00e9historique des \u00abBalzi Rossi\u00bb &#8211; Vintimille \u00a9 Innovation Media<\/h3>\n\t\t<\/template>\n\t\t\t\t\t\t<figure class=\"vp-portfolio__item\">\n\t\t\t\t\n<div class=\"vp-portfolio__item-img-wrap\">\n\t<div class=\"vp-portfolio__item-img\">\n\t\t\t<a\n\t\thref=\"https:\/\/www.rivieradeifiori.it\/wp-content\/uploads\/2022\/05\/IMG_1995-scaled-1-1920x1440.jpg\"\n\t\t\t>\n\t\n\t\t<noscript><img decoding=\"async\" width=\"1920\" height=\"1440\" data-skip-lazy src=\"https:\/\/www.rivieradeifiori.it\/wp-content\/uploads\/2022\/05\/IMG_1995-scaled-1-1920x1440.jpg\" class=\"wp-image-11583\" alt=\"\" srcset=\"https:\/\/www.rivieradeifiori.it\/wp-content\/uploads\/2022\/05\/IMG_1995-scaled-1-1920x1440.jpg 1920w, https:\/\/www.rivieradeifiori.it\/wp-content\/uploads\/2022\/05\/IMG_1995-scaled-1-300x225.jpg 300w, https:\/\/www.rivieradeifiori.it\/wp-content\/uploads\/2022\/05\/IMG_1995-scaled-1-1270x953.jpg 1270w, https:\/\/www.rivieradeifiori.it\/wp-content\/uploads\/2022\/05\/IMG_1995-scaled-1-1536x1152.jpg 1536w, https:\/\/www.rivieradeifiori.it\/wp-content\/uploads\/2022\/05\/IMG_1995-scaled-1-2048x1536.jpg 2048w, https:\/\/www.rivieradeifiori.it\/wp-content\/uploads\/2022\/05\/IMG_1995-scaled-1-500x375.jpg 500w, https:\/\/www.rivieradeifiori.it\/wp-content\/uploads\/2022\/05\/IMG_1995-scaled-1-800x600.jpg 800w, https:\/\/www.rivieradeifiori.it\/wp-content\/uploads\/2022\/05\/IMG_1995-scaled-1-1280x960.jpg 1280w, https:\/\/www.rivieradeifiori.it\/wp-content\/uploads\/2022\/05\/IMG_1995-scaled-1-1080x810.jpg 1080w, https:\/\/www.rivieradeifiori.it\/wp-content\/uploads\/2022\/05\/IMG_1995-scaled-1-150x113.jpg 150w\" sizes=\"(max-width: 1920px) 100vw, 1920px\" \/><\/noscript><img decoding=\"async\" width=\"1920\" height=\"1440\" src=\"https:\/\/www.rivieradeifiori.it\/wp-content\/uploads\/2022\/05\/IMG_1995-scaled-1-1920x1440.jpg\" class=\"wp-image-11583 vp-lazyload\" alt srcset=\"data:image\/svg+xml;base64,PHN2ZyB3aWR0aD0iMTkyMCIgaGVpZ2h0PSIxNDQwIiB2aWV3Qm94PSIwIDAgMTkyMCAxNDQwIiBmaWxsPSJub25lIiB4bWxucz0iaHR0cDovL3d3dy53My5vcmcvMjAwMC9zdmciPjwvc3ZnPg==\" data-src=\"https:\/\/www.rivieradeifiori.it\/wp-content\/uploads\/2022\/05\/IMG_1995-scaled-1-1920x1440.jpg\" data-srcset=\"https:\/\/www.rivieradeifiori.it\/wp-content\/uploads\/2022\/05\/IMG_1995-scaled-1-1920x1440.jpg 1920w, https:\/\/www.rivieradeifiori.it\/wp-content\/uploads\/2022\/05\/IMG_1995-scaled-1-300x225.jpg 300w, https:\/\/www.rivieradeifiori.it\/wp-content\/uploads\/2022\/05\/IMG_1995-scaled-1-1270x953.jpg 1270w, https:\/\/www.rivieradeifiori.it\/wp-content\/uploads\/2022\/05\/IMG_1995-scaled-1-1536x1152.jpg 1536w, https:\/\/www.rivieradeifiori.it\/wp-content\/uploads\/2022\/05\/IMG_1995-scaled-1-2048x1536.jpg 2048w, https:\/\/www.rivieradeifiori.it\/wp-content\/uploads\/2022\/05\/IMG_1995-scaled-1-500x375.jpg 500w, https:\/\/www.rivieradeifiori.it\/wp-content\/uploads\/2022\/05\/IMG_1995-scaled-1-800x600.jpg 800w, https:\/\/www.rivieradeifiori.it\/wp-content\/uploads\/2022\/05\/IMG_1995-scaled-1-1280x960.jpg 1280w, https:\/\/www.rivieradeifiori.it\/wp-content\/uploads\/2022\/05\/IMG_1995-scaled-1-1080x810.jpg 1080w, https:\/\/www.rivieradeifiori.it\/wp-content\/uploads\/2022\/05\/IMG_1995-scaled-1-150x113.jpg 150w\" data-sizes=\"auto\" loading=\"eager\">\n\t\t<div class=\"vp-portfolio__item-overlay\"><\/div>\n\n\t\t<\/a>\t<\/div>\n<\/div>\n\n\t<figcaption class=\"vp-portfolio__item-caption vp-portfolio__item-caption-text-align-center\">\n\t\t<div class=\"vp-portfolio__item-meta-wrap vp-portfolio__custom-scrollbar\">\n\t\t\t<div class=\"vp-portfolio__item-meta\">\n\t\t\t\t\n<h2 class=\"vp-portfolio__item-meta-title\">\n\t\t<a\n\t\thref=\"https:\/\/www.rivieradeifiori.it\/wp-content\/uploads\/2022\/05\/IMG_1995-scaled-1-1920x1440.jpg\"\n\t\t\t>\n\tMus\u00e9e pr\u00e9historique Balzi Rossi &#8211; Ventimiglia \u00a9Innovation Media<\/a><\/h2>\n\t\t\t<\/div>\n\t\t<\/div>\n\t<\/figcaption>\n\t\t\t<\/figure>\n\t\t\t\t\t<\/div>\n\t\t\n\t\t<div\t\tclass=\"vp-portfolio__item-wrap vp-portfolio__item-uid-c3728a8a\" data-vp-filter=\"\" \t\t>\n\t\t\t<template class=\"vp-portfolio__item-popup\" data-vp-popup-img=\"https:\/\/www.rivieradeifiori.it\/wp-content\/uploads\/2022\/05\/IMG_1650-1920x1440.jpeg\" data-vp-popup-img-srcset=\"https:\/\/www.rivieradeifiori.it\/wp-content\/uploads\/2022\/05\/IMG_1650-1920x1440.jpeg 1920w, https:\/\/www.rivieradeifiori.it\/wp-content\/uploads\/2022\/05\/IMG_1650-300x225.jpeg 300w, https:\/\/www.rivieradeifiori.it\/wp-content\/uploads\/2022\/05\/IMG_1650.jpeg 2048w, https:\/\/www.rivieradeifiori.it\/wp-content\/uploads\/2022\/05\/IMG_1650-1270x953.jpeg 1270w, https:\/\/www.rivieradeifiori.it\/wp-content\/uploads\/2022\/05\/IMG_1650-1536x1152.jpeg 1536w, https:\/\/www.rivieradeifiori.it\/wp-content\/uploads\/2022\/05\/IMG_1650-500x375.jpeg 500w, https:\/\/www.rivieradeifiori.it\/wp-content\/uploads\/2022\/05\/IMG_1650-800x600.jpeg 800w, https:\/\/www.rivieradeifiori.it\/wp-content\/uploads\/2022\/05\/IMG_1650-1280x960.jpeg 1280w, https:\/\/www.rivieradeifiori.it\/wp-content\/uploads\/2022\/05\/IMG_1650-1080x810.jpeg 1080w, https:\/\/www.rivieradeifiori.it\/wp-content\/uploads\/2022\/05\/IMG_1650-150x113.jpeg 150w\" data-vp-popup-img-size=\"1920x1440\" data-vp-popup-md-img=\"https:\/\/www.rivieradeifiori.it\/wp-content\/uploads\/2022\/05\/IMG_1650-800x600.jpeg\" data-vp-popup-md-img-size=\"800x600\" data-vp-popup-sm-img=\"https:\/\/www.rivieradeifiori.it\/wp-content\/uploads\/2022\/05\/IMG_1650-500x375.jpeg\" data-vp-popup-sm-img-size=\"500x375\">\n\t\t\t<h3 class=\"vp-portfolio__item-popup-title\">Ventimiglia Alta \u00a9Innovation Media<\/h3>\n\t\t<\/template>\n\t\t\t\t\t\t<figure class=\"vp-portfolio__item\">\n\t\t\t\t\n<div class=\"vp-portfolio__item-img-wrap\">\n\t<div class=\"vp-portfolio__item-img\">\n\t\t\t<a\n\t\thref=\"https:\/\/www.rivieradeifiori.it\/wp-content\/uploads\/2022\/05\/IMG_1650-1920x1440.jpeg\"\n\t\t\t>\n\t\n\t\t<noscript><img decoding=\"async\" width=\"1920\" height=\"1440\" data-skip-lazy src=\"https:\/\/www.rivieradeifiori.it\/wp-content\/uploads\/2022\/05\/IMG_1650-1920x1440.jpeg\" class=\"wp-image-11578\" alt=\"\" srcset=\"https:\/\/www.rivieradeifiori.it\/wp-content\/uploads\/2022\/05\/IMG_1650-1920x1440.jpeg 1920w, https:\/\/www.rivieradeifiori.it\/wp-content\/uploads\/2022\/05\/IMG_1650-300x225.jpeg 300w, https:\/\/www.rivieradeifiori.it\/wp-content\/uploads\/2022\/05\/IMG_1650.jpeg 2048w, https:\/\/www.rivieradeifiori.it\/wp-content\/uploads\/2022\/05\/IMG_1650-1270x953.jpeg 1270w, https:\/\/www.rivieradeifiori.it\/wp-content\/uploads\/2022\/05\/IMG_1650-1536x1152.jpeg 1536w, https:\/\/www.rivieradeifiori.it\/wp-content\/uploads\/2022\/05\/IMG_1650-500x375.jpeg 500w, https:\/\/www.rivieradeifiori.it\/wp-content\/uploads\/2022\/05\/IMG_1650-800x600.jpeg 800w, https:\/\/www.rivieradeifiori.it\/wp-content\/uploads\/2022\/05\/IMG_1650-1280x960.jpeg 1280w, https:\/\/www.rivieradeifiori.it\/wp-content\/uploads\/2022\/05\/IMG_1650-1080x810.jpeg 1080w, https:\/\/www.rivieradeifiori.it\/wp-content\/uploads\/2022\/05\/IMG_1650-150x113.jpeg 150w\" sizes=\"(max-width: 1920px) 100vw, 1920px\" \/><\/noscript><img decoding=\"async\" width=\"1920\" height=\"1440\" src=\"https:\/\/www.rivieradeifiori.it\/wp-content\/uploads\/2022\/05\/IMG_1650-1920x1440.jpeg\" class=\"wp-image-11578 vp-lazyload\" alt srcset=\"data:image\/svg+xml;base64,PHN2ZyB3aWR0aD0iMTkyMCIgaGVpZ2h0PSIxNDQwIiB2aWV3Qm94PSIwIDAgMTkyMCAxNDQwIiBmaWxsPSJub25lIiB4bWxucz0iaHR0cDovL3d3dy53My5vcmcvMjAwMC9zdmciPjwvc3ZnPg==\" data-src=\"https:\/\/www.rivieradeifiori.it\/wp-content\/uploads\/2022\/05\/IMG_1650-1920x1440.jpeg\" data-srcset=\"https:\/\/www.rivieradeifiori.it\/wp-content\/uploads\/2022\/05\/IMG_1650-1920x1440.jpeg 1920w, https:\/\/www.rivieradeifiori.it\/wp-content\/uploads\/2022\/05\/IMG_1650-300x225.jpeg 300w, https:\/\/www.rivieradeifiori.it\/wp-content\/uploads\/2022\/05\/IMG_1650.jpeg 2048w, https:\/\/www.rivieradeifiori.it\/wp-content\/uploads\/2022\/05\/IMG_1650-1270x953.jpeg 1270w, https:\/\/www.rivieradeifiori.it\/wp-content\/uploads\/2022\/05\/IMG_1650-1536x1152.jpeg 1536w, https:\/\/www.rivieradeifiori.it\/wp-content\/uploads\/2022\/05\/IMG_1650-500x375.jpeg 500w, https:\/\/www.rivieradeifiori.it\/wp-content\/uploads\/2022\/05\/IMG_1650-800x600.jpeg 800w, https:\/\/www.rivieradeifiori.it\/wp-content\/uploads\/2022\/05\/IMG_1650-1280x960.jpeg 1280w, https:\/\/www.rivieradeifiori.it\/wp-content\/uploads\/2022\/05\/IMG_1650-1080x810.jpeg 1080w, https:\/\/www.rivieradeifiori.it\/wp-content\/uploads\/2022\/05\/IMG_1650-150x113.jpeg 150w\" data-sizes=\"auto\" loading=\"eager\">\n\t\t<div class=\"vp-portfolio__item-overlay\"><\/div>\n\n\t\t<\/a>\t<\/div>\n<\/div>\n\n\t<figcaption class=\"vp-portfolio__item-caption vp-portfolio__item-caption-text-align-center\">\n\t\t<div class=\"vp-portfolio__item-meta-wrap vp-portfolio__custom-scrollbar\">\n\t\t\t<div class=\"vp-portfolio__item-meta\">\n\t\t\t\t\n<h2 class=\"vp-portfolio__item-meta-title\">\n\t\t<a\n\t\thref=\"https:\/\/www.rivieradeifiori.it\/wp-content\/uploads\/2022\/05\/IMG_1650-1920x1440.jpeg\"\n\t\t\t>\n\tVentimiglia Alta \u00a9Innovation Media<\/a><\/h2>\n\t\t\t<\/div>\n\t\t<\/div>\n\t<\/figcaption>\n\t\t\t<\/figure>\n\t\t\t\t\t<\/div>\n\t\t\n\t\t<div\t\tclass=\"vp-portfolio__item-wrap vp-portfolio__item-uid-b4d1d364\" data-vp-filter=\"\" \t\t>\n\t\t\t<template class=\"vp-portfolio__item-popup\" data-vp-popup-img=\"https:\/\/www.rivieradeifiori.it\/wp-content\/uploads\/2022\/05\/IMG_1105.jpeg\" data-vp-popup-img-srcset=\"https:\/\/www.rivieradeifiori.it\/wp-content\/uploads\/2022\/05\/IMG_1105.jpeg 1536w, https:\/\/www.rivieradeifiori.it\/wp-content\/uploads\/2022\/05\/IMG_1105-225x300.jpeg 225w, https:\/\/www.rivieradeifiori.it\/wp-content\/uploads\/2022\/05\/IMG_1105-953x1270.jpeg 953w, https:\/\/www.rivieradeifiori.it\/wp-content\/uploads\/2022\/05\/IMG_1105-1152x1536.jpeg 1152w, https:\/\/www.rivieradeifiori.it\/wp-content\/uploads\/2022\/05\/IMG_1105-500x667.jpeg 500w, https:\/\/www.rivieradeifiori.it\/wp-content\/uploads\/2022\/05\/IMG_1105-800x1067.jpeg 800w, https:\/\/www.rivieradeifiori.it\/wp-content\/uploads\/2022\/05\/IMG_1105-1280x1707.jpeg 1280w, https:\/\/www.rivieradeifiori.it\/wp-content\/uploads\/2022\/05\/IMG_1105-1080x1440.jpeg 1080w, https:\/\/www.rivieradeifiori.it\/wp-content\/uploads\/2022\/05\/IMG_1105-150x200.jpeg 150w, https:\/\/www.rivieradeifiori.it\/wp-content\/uploads\/2022\/05\/IMG_1105-375x500.jpeg 375w\" data-vp-popup-img-size=\"1536x2048\" data-vp-popup-md-img=\"https:\/\/www.rivieradeifiori.it\/wp-content\/uploads\/2022\/05\/IMG_1105-800x1067.jpeg\" data-vp-popup-md-img-size=\"800x1067\" data-vp-popup-sm-img=\"https:\/\/www.rivieradeifiori.it\/wp-content\/uploads\/2022\/05\/IMG_1105-500x667.jpeg\" data-vp-popup-sm-img-size=\"500x667\">\n\t\t\t<h3 class=\"vp-portfolio__item-popup-title\">Oratorio dei Neri &#8211; Ventimiglia alta \u00a9Innovation Media<\/h3>\n\t\t<\/template>\n\t\t\t\t\t\t<figure class=\"vp-portfolio__item\">\n\t\t\t\t\n<div class=\"vp-portfolio__item-img-wrap\">\n\t<div class=\"vp-portfolio__item-img\">\n\t\t\t<a\n\t\thref=\"https:\/\/www.rivieradeifiori.it\/wp-content\/uploads\/2022\/05\/IMG_1105.jpeg\"\n\t\t\t>\n\t\n\t\t<noscript><img decoding=\"async\" width=\"1536\" height=\"2048\" data-skip-lazy src=\"https:\/\/www.rivieradeifiori.it\/wp-content\/uploads\/2022\/05\/IMG_1105.jpeg\" class=\"wp-image-11543\" alt=\"\" srcset=\"https:\/\/www.rivieradeifiori.it\/wp-content\/uploads\/2022\/05\/IMG_1105.jpeg 1536w, https:\/\/www.rivieradeifiori.it\/wp-content\/uploads\/2022\/05\/IMG_1105-225x300.jpeg 225w, https:\/\/www.rivieradeifiori.it\/wp-content\/uploads\/2022\/05\/IMG_1105-953x1270.jpeg 953w, https:\/\/www.rivieradeifiori.it\/wp-content\/uploads\/2022\/05\/IMG_1105-1152x1536.jpeg 1152w, https:\/\/www.rivieradeifiori.it\/wp-content\/uploads\/2022\/05\/IMG_1105-500x667.jpeg 500w, https:\/\/www.rivieradeifiori.it\/wp-content\/uploads\/2022\/05\/IMG_1105-800x1067.jpeg 800w, https:\/\/www.rivieradeifiori.it\/wp-content\/uploads\/2022\/05\/IMG_1105-1280x1707.jpeg 1280w, https:\/\/www.rivieradeifiori.it\/wp-content\/uploads\/2022\/05\/IMG_1105-1080x1440.jpeg 1080w, https:\/\/www.rivieradeifiori.it\/wp-content\/uploads\/2022\/05\/IMG_1105-150x200.jpeg 150w, https:\/\/www.rivieradeifiori.it\/wp-content\/uploads\/2022\/05\/IMG_1105-375x500.jpeg 375w\" sizes=\"(max-width: 1536px) 100vw, 1536px\" \/><\/noscript><img decoding=\"async\" width=\"1536\" height=\"2048\" src=\"https:\/\/www.rivieradeifiori.it\/wp-content\/uploads\/2022\/05\/IMG_1105.jpeg\" class=\"wp-image-11543 vp-lazyload\" alt srcset=\"data:image\/svg+xml;base64,PHN2ZyB3aWR0aD0iMTUzNiIgaGVpZ2h0PSIyMDQ4IiB2aWV3Qm94PSIwIDAgMTUzNiAyMDQ4IiBmaWxsPSJub25lIiB4bWxucz0iaHR0cDovL3d3dy53My5vcmcvMjAwMC9zdmciPjwvc3ZnPg==\" data-src=\"https:\/\/www.rivieradeifiori.it\/wp-content\/uploads\/2022\/05\/IMG_1105.jpeg\" data-srcset=\"https:\/\/www.rivieradeifiori.it\/wp-content\/uploads\/2022\/05\/IMG_1105.jpeg 1536w, https:\/\/www.rivieradeifiori.it\/wp-content\/uploads\/2022\/05\/IMG_1105-225x300.jpeg 225w, https:\/\/www.rivieradeifiori.it\/wp-content\/uploads\/2022\/05\/IMG_1105-953x1270.jpeg 953w, https:\/\/www.rivieradeifiori.it\/wp-content\/uploads\/2022\/05\/IMG_1105-1152x1536.jpeg 1152w, https:\/\/www.rivieradeifiori.it\/wp-content\/uploads\/2022\/05\/IMG_1105-500x667.jpeg 500w, https:\/\/www.rivieradeifiori.it\/wp-content\/uploads\/2022\/05\/IMG_1105-800x1067.jpeg 800w, https:\/\/www.rivieradeifiori.it\/wp-content\/uploads\/2022\/05\/IMG_1105-1280x1707.jpeg 1280w, https:\/\/www.rivieradeifiori.it\/wp-content\/uploads\/2022\/05\/IMG_1105-1080x1440.jpeg 1080w, https:\/\/www.rivieradeifiori.it\/wp-content\/uploads\/2022\/05\/IMG_1105-150x200.jpeg 150w, https:\/\/www.rivieradeifiori.it\/wp-content\/uploads\/2022\/05\/IMG_1105-375x500.jpeg 375w\" data-sizes=\"auto\" loading=\"eager\">\n\t\t<div class=\"vp-portfolio__item-overlay\"><\/div>\n\n\t\t<\/a>\t<\/div>\n<\/div>\n\n\t<figcaption class=\"vp-portfolio__item-caption vp-portfolio__item-caption-text-align-center\">\n\t\t<div class=\"vp-portfolio__item-meta-wrap vp-portfolio__custom-scrollbar\">\n\t\t\t<div class=\"vp-portfolio__item-meta\">\n\t\t\t\t\n<h2 class=\"vp-portfolio__item-meta-title\">\n\t\t<a\n\t\thref=\"https:\/\/www.rivieradeifiori.it\/wp-content\/uploads\/2022\/05\/IMG_1105.jpeg\"\n\t\t\t>\n\tOratorio dei Neri &#8211; Ventimiglia alta \u00a9Innovation Media<\/a><\/h2>\n\t\t\t<\/div>\n\t\t<\/div>\n\t<\/figcaption>\n\t\t\t<\/figure>\n\t\t\t\t\t<\/div>\n\t\t\n<\/div>\n\t\t<\/div>\n\t\t\n<\/div>\n<\/div>","protected":false},"excerpt":{"rendered":"<p>Vintimille, la&#8220;porte aux fleurs&#8221; de l&#8217;Italie&#8220;Carrefour de mondes si proches et pourtant souvent \u00e0 des ann\u00e9es-lumi\u00e8re les uns des autres, situ\u00e9 le long de la vall\u00e9e de la Roja, entre les paysages alpins \u00e0 quelques kilom\u00e8tres et la chaleur du rivage m\u00e9diterran\u00e9en, il s&#8217;ouvre sur les vall\u00e9es pi\u00e9montaises, la Principaut\u00e9 de Monaco et la France [&hellip;]<\/p>\n","protected":false},"author":1,"featured_media":12442,"comment_status":"closed","ping_status":"open","sticky":false,"template":"","format":"standard","meta":{"_et_pb_use_builder":"off","_et_pb_old_content":"","_et_gb_content_width":"","_eb_attr":"","_vp_format_video_url":"","_vp_image_focal_point":[],"_vp_custom_popup_image":0,"_vp_format_audio_url":"","_vp_custom_thumbnail":0,"_vp_custom_thumbnail_focal_point":[],"_vp_hover_thumbnail":0,"_vp_hover_thumbnail_focal_point":[],"footnotes":""},"categories":[938,925],"tags":[1233,1284,1278,289,1316],"class_list":["post-13414","post","type-post","status-publish","format-standard","has-post-thumbnail","hentry","category-la-cote","category-vallee-roja-col-di-tenda","tag-la-costa-fr","tag-la-cote","tag-vallee-roja","tag-ventimiglia-fr","tag-vintimille","et-has-post-format-content","et_post_format-et-post-format-standard"],"yoast_head":"<!-- This site is optimized with the Yoast SEO plugin v25.7 - https:\/\/yoast.com\/wordpress\/plugins\/seo\/ -->\n<title>Vintimille - La c\u00f4te - Riviera dei Fiori<\/title>\n<meta name=\"robots\" content=\"index, follow, max-snippet:-1, max-image-preview:large, max-video-preview:-1\" \/>\n<link rel=\"canonical\" href=\"https:\/\/www.rivieradeifiori.it\/fr\/mer-et-territoire\/la-cote\/vintimille\/\" \/>\n<meta name=\"twitter:label1\" content=\"\u00c9crit par\" \/>\n\t<meta name=\"twitter:data1\" content=\"Luca Giovannetti\" \/>\n\t<meta name=\"twitter:label2\" content=\"Dur\u00e9e de lecture estim\u00e9e\" \/>\n\t<meta name=\"twitter:data2\" content=\"4 minutes\" \/>\n<script type=\"application\/ld+json\" class=\"yoast-schema-graph\">{\"@context\":\"https:\/\/schema.org\",\"@graph\":[{\"@type\":\"WebPage\",\"@id\":\"https:\/\/www.rivieradeifiori.it\/fr\/mer-et-territoire\/la-cote\/vintimille\/\",\"url\":\"https:\/\/www.rivieradeifiori.it\/fr\/mer-et-territoire\/la-cote\/vintimille\/\",\"name\":\"Vintimille - La c\u00f4te - Riviera dei Fiori\",\"isPartOf\":{\"@id\":\"https:\/\/www.rivieradeifiori.it\/fr\/#website\"},\"primaryImageOfPage\":{\"@id\":\"https:\/\/www.rivieradeifiori.it\/fr\/mer-et-territoire\/la-cote\/vintimille\/#primaryimage\"},\"image\":{\"@id\":\"https:\/\/www.rivieradeifiori.it\/fr\/mer-et-territoire\/la-cote\/vintimille\/#primaryimage\"},\"thumbnailUrl\":\"https:\/\/www.rivieradeifiori.it\/wp-content\/uploads\/2022\/05\/IMG_9473.jpeg\",\"datePublished\":\"2022-05-26T21:22:41+00:00\",\"dateModified\":\"2023-02-03T17:12:43+00:00\",\"author\":{\"@id\":\"https:\/\/www.rivieradeifiori.it\/fr\/#\/schema\/person\/6cc4e4ed0d74f08798811653e64f69ed\"},\"breadcrumb\":{\"@id\":\"https:\/\/www.rivieradeifiori.it\/fr\/mer-et-territoire\/la-cote\/vintimille\/#breadcrumb\"},\"inLanguage\":\"fr-FR\",\"potentialAction\":[{\"@type\":\"ReadAction\",\"target\":[\"https:\/\/www.rivieradeifiori.it\/fr\/mer-et-territoire\/la-cote\/vintimille\/\"]}]},{\"@type\":\"ImageObject\",\"inLanguage\":\"fr-FR\",\"@id\":\"https:\/\/www.rivieradeifiori.it\/fr\/mer-et-territoire\/la-cote\/vintimille\/#primaryimage\",\"url\":\"https:\/\/www.rivieradeifiori.it\/wp-content\/uploads\/2022\/05\/IMG_9473.jpeg\",\"contentUrl\":\"https:\/\/www.rivieradeifiori.it\/wp-content\/uploads\/2022\/05\/IMG_9473.jpeg\",\"width\":2048,\"height\":1536,\"caption\":\"La mer de Ventimiglia - Mur rouge \u00a9Innovation Media\"},{\"@type\":\"BreadcrumbList\",\"@id\":\"https:\/\/www.rivieradeifiori.it\/fr\/mer-et-territoire\/la-cote\/vintimille\/#breadcrumb\",\"itemListElement\":[{\"@type\":\"ListItem\",\"position\":1,\"name\":\"Home\",\"item\":\"https:\/\/www.rivieradeifiori.it\/fr\/\"},{\"@type\":\"ListItem\",\"position\":2,\"name\":\"Vintimille\"}]},{\"@type\":\"WebSite\",\"@id\":\"https:\/\/www.rivieradeifiori.it\/fr\/#website\",\"url\":\"https:\/\/www.rivieradeifiori.it\/fr\/\",\"name\":\"Riviera dei Fiori\",\"description\":\"Un mare di colori\",\"potentialAction\":[{\"@type\":\"SearchAction\",\"target\":{\"@type\":\"EntryPoint\",\"urlTemplate\":\"https:\/\/www.rivieradeifiori.it\/fr\/?s={search_term_string}\"},\"query-input\":{\"@type\":\"PropertyValueSpecification\",\"valueRequired\":true,\"valueName\":\"search_term_string\"}}],\"inLanguage\":\"fr-FR\"},{\"@type\":\"Person\",\"@id\":\"https:\/\/www.rivieradeifiori.it\/fr\/#\/schema\/person\/6cc4e4ed0d74f08798811653e64f69ed\",\"name\":\"Luca Giovannetti\",\"image\":{\"@type\":\"ImageObject\",\"inLanguage\":\"fr-FR\",\"@id\":\"https:\/\/www.rivieradeifiori.it\/fr\/#\/schema\/person\/image\/\",\"url\":\"https:\/\/secure.gravatar.com\/avatar\/092abda2284c50268e586151e014cf903142e524662c62577231430ea44340cf?s=96&r=g&d=https:\/\/www.rivieradeifiori.it\/wp-content\/plugins\/userswp\/assets\/images\/no_profile.png\",\"contentUrl\":\"https:\/\/secure.gravatar.com\/avatar\/092abda2284c50268e586151e014cf903142e524662c62577231430ea44340cf?s=96&r=g&d=https:\/\/www.rivieradeifiori.it\/wp-content\/plugins\/userswp\/assets\/images\/no_profile.png\",\"caption\":\"Luca Giovannetti\"}}]}<\/script>\n<!-- \/ Yoast SEO plugin. -->","yoast_head_json":{"title":"Vintimille - La c\u00f4te - Riviera dei Fiori","robots":{"index":"index","follow":"follow","max-snippet":"max-snippet:-1","max-image-preview":"max-image-preview:large","max-video-preview":"max-video-preview:-1"},"canonical":"https:\/\/www.rivieradeifiori.it\/fr\/mer-et-territoire\/la-cote\/vintimille\/","twitter_misc":{"\u00c9crit par":"Luca Giovannetti","Dur\u00e9e de lecture estim\u00e9e":"4 minutes"},"schema":{"@context":"https:\/\/schema.org","@graph":[{"@type":"WebPage","@id":"https:\/\/www.rivieradeifiori.it\/fr\/mer-et-territoire\/la-cote\/vintimille\/","url":"https:\/\/www.rivieradeifiori.it\/fr\/mer-et-territoire\/la-cote\/vintimille\/","name":"Vintimille - La c\u00f4te - Riviera dei Fiori","isPartOf":{"@id":"https:\/\/www.rivieradeifiori.it\/fr\/#website"},"primaryImageOfPage":{"@id":"https:\/\/www.rivieradeifiori.it\/fr\/mer-et-territoire\/la-cote\/vintimille\/#primaryimage"},"image":{"@id":"https:\/\/www.rivieradeifiori.it\/fr\/mer-et-territoire\/la-cote\/vintimille\/#primaryimage"},"thumbnailUrl":"https:\/\/www.rivieradeifiori.it\/wp-content\/uploads\/2022\/05\/IMG_9473.jpeg","datePublished":"2022-05-26T21:22:41+00:00","dateModified":"2023-02-03T17:12:43+00:00","author":{"@id":"https:\/\/www.rivieradeifiori.it\/fr\/#\/schema\/person\/6cc4e4ed0d74f08798811653e64f69ed"},"breadcrumb":{"@id":"https:\/\/www.rivieradeifiori.it\/fr\/mer-et-territoire\/la-cote\/vintimille\/#breadcrumb"},"inLanguage":"fr-FR","potentialAction":[{"@type":"ReadAction","target":["https:\/\/www.rivieradeifiori.it\/fr\/mer-et-territoire\/la-cote\/vintimille\/"]}]},{"@type":"ImageObject","inLanguage":"fr-FR","@id":"https:\/\/www.rivieradeifiori.it\/fr\/mer-et-territoire\/la-cote\/vintimille\/#primaryimage","url":"https:\/\/www.rivieradeifiori.it\/wp-content\/uploads\/2022\/05\/IMG_9473.jpeg","contentUrl":"https:\/\/www.rivieradeifiori.it\/wp-content\/uploads\/2022\/05\/IMG_9473.jpeg","width":2048,"height":1536,"caption":"La mer de Ventimiglia - Mur rouge \u00a9Innovation Media"},{"@type":"BreadcrumbList","@id":"https:\/\/www.rivieradeifiori.it\/fr\/mer-et-territoire\/la-cote\/vintimille\/#breadcrumb","itemListElement":[{"@type":"ListItem","position":1,"name":"Home","item":"https:\/\/www.rivieradeifiori.it\/fr\/"},{"@type":"ListItem","position":2,"name":"Vintimille"}]},{"@type":"WebSite","@id":"https:\/\/www.rivieradeifiori.it\/fr\/#website","url":"https:\/\/www.rivieradeifiori.it\/fr\/","name":"Riviera dei Fiori","description":"Un mare di colori","potentialAction":[{"@type":"SearchAction","target":{"@type":"EntryPoint","urlTemplate":"https:\/\/www.rivieradeifiori.it\/fr\/?s={search_term_string}"},"query-input":{"@type":"PropertyValueSpecification","valueRequired":true,"valueName":"search_term_string"}}],"inLanguage":"fr-FR"},{"@type":"Person","@id":"https:\/\/www.rivieradeifiori.it\/fr\/#\/schema\/person\/6cc4e4ed0d74f08798811653e64f69ed","name":"Luca Giovannetti","image":{"@type":"ImageObject","inLanguage":"fr-FR","@id":"https:\/\/www.rivieradeifiori.it\/fr\/#\/schema\/person\/image\/","url":"https:\/\/secure.gravatar.com\/avatar\/092abda2284c50268e586151e014cf903142e524662c62577231430ea44340cf?s=96&r=g&d=https:\/\/www.rivieradeifiori.it\/wp-content\/plugins\/userswp\/assets\/images\/no_profile.png","contentUrl":"https:\/\/secure.gravatar.com\/avatar\/092abda2284c50268e586151e014cf903142e524662c62577231430ea44340cf?s=96&r=g&d=https:\/\/www.rivieradeifiori.it\/wp-content\/plugins\/userswp\/assets\/images\/no_profile.png","caption":"Luca Giovannetti"}}]}},"_links":{"self":[{"href":"https:\/\/www.rivieradeifiori.it\/fr\/wp-json\/wp\/v2\/posts\/13414","targetHints":{"allow":["GET"]}}],"collection":[{"href":"https:\/\/www.rivieradeifiori.it\/fr\/wp-json\/wp\/v2\/posts"}],"about":[{"href":"https:\/\/www.rivieradeifiori.it\/fr\/wp-json\/wp\/v2\/types\/post"}],"author":[{"embeddable":true,"href":"https:\/\/www.rivieradeifiori.it\/fr\/wp-json\/wp\/v2\/users\/1"}],"replies":[{"embeddable":true,"href":"https:\/\/www.rivieradeifiori.it\/fr\/wp-json\/wp\/v2\/comments?post=13414"}],"version-history":[{"count":18,"href":"https:\/\/www.rivieradeifiori.it\/fr\/wp-json\/wp\/v2\/posts\/13414\/revisions"}],"predecessor-version":[{"id":14251,"href":"https:\/\/www.rivieradeifiori.it\/fr\/wp-json\/wp\/v2\/posts\/13414\/revisions\/14251"}],"wp:featuredmedia":[{"embeddable":true,"href":"https:\/\/www.rivieradeifiori.it\/fr\/wp-json\/wp\/v2\/media\/12442"}],"wp:attachment":[{"href":"https:\/\/www.rivieradeifiori.it\/fr\/wp-json\/wp\/v2\/media?parent=13414"}],"wp:term":[{"taxonomy":"category","embeddable":true,"href":"https:\/\/www.rivieradeifiori.it\/fr\/wp-json\/wp\/v2\/categories?post=13414"},{"taxonomy":"post_tag","embeddable":true,"href":"https:\/\/www.rivieradeifiori.it\/fr\/wp-json\/wp\/v2\/tags?post=13414"}],"curies":[{"name":"wp","href":"https:\/\/api.w.org\/{rel}","templated":true}]}}