{"id":10269,"date":"2022-02-08T21:05:35","date_gmt":"2022-02-08T20:05:35","guid":{"rendered":"http:\/\/test.rivieradeifiori.it\/senza-categoria-fr\/la-corse-a-lhorizon\/"},"modified":"2022-06-10T16:53:55","modified_gmt":"2022-06-10T14:53:55","slug":"la-corse-a-lhorizon","status":"publish","type":"post","link":"https:\/\/www.rivieradeifiori.it\/fr\/mer-et-territoire\/la-corse-a-lhorizon\/","title":{"rendered":"La Corse \u00e0 l&#8217;horizon"},"content":{"rendered":"\n<p>Dans les matin\u00e9es par temps clair et ensoleill\u00e9, en se perdant avec le regard sur l&#8217;horizon, il est facile d&#8217;entrevoir au loin une terre sortant de la mer. Il s&#8217;agit de la Corse. L&#8217;\u00eele fran\u00e7aise est en effet visible \u00e0 l\u2019\u0153il nu d\u00e9j\u00e0 au niveau de la mer, sans besoin d&#8217;atteindre les sommets de Monte Bignone, d&#8217;o\u00f9 outre les montagnes l&#8217;on peut m\u00eame en distinguer ses c\u00f4tes.<\/p>\n\n<p>Un spectacle qui suscite depuis toujours des d\u00e9bats avec ceux qui pensent qu&#8217;elle ne serait qu&#8217;une r\u00e9fraction, un mirage, de cet effet dit F\u00e9e Morgane de la mythologie celtique, qui provoquait aux marins des visions de fantastiques ch\u00e2teaux en l&#8217;air ou sur terre pour les attirer et les entra\u00eener vers la mort.<\/p>\n\n<div class=\"wp-block-image\"><figure class=\"aligncenter size-medium\"><a href=\"https:\/\/www.rivieradeifiori.it\/wp-content\/uploads\/2022\/02\/corsica-2-scaled.jpg\"><img decoding=\"async\" width=\"300\" height=\"200\" src=\"https:\/\/www.rivieradeifiori.it\/wp-content\/uploads\/2022\/02\/corsica-2-300x200.jpg\" alt=\"\" class=\"wp-image-10257\" srcset=\"https:\/\/www.rivieradeifiori.it\/wp-content\/uploads\/2022\/02\/corsica-2-300x200.jpg 300w, https:\/\/www.rivieradeifiori.it\/wp-content\/uploads\/2022\/02\/corsica-2-1270x847.jpg 1270w, https:\/\/www.rivieradeifiori.it\/wp-content\/uploads\/2022\/02\/corsica-2-1536x1024.jpg 1536w, https:\/\/www.rivieradeifiori.it\/wp-content\/uploads\/2022\/02\/corsica-2-2048x1365.jpg 2048w, https:\/\/www.rivieradeifiori.it\/wp-content\/uploads\/2022\/02\/corsica-2-500x333.jpg 500w, https:\/\/www.rivieradeifiori.it\/wp-content\/uploads\/2022\/02\/corsica-2-800x533.jpg 800w, https:\/\/www.rivieradeifiori.it\/wp-content\/uploads\/2022\/02\/corsica-2-1280x853.jpg 1280w, https:\/\/www.rivieradeifiori.it\/wp-content\/uploads\/2022\/02\/corsica-2-1920x1280.jpg 1920w, https:\/\/www.rivieradeifiori.it\/wp-content\/uploads\/2022\/02\/corsica-2-1080x720.jpg 1080w, https:\/\/www.rivieradeifiori.it\/wp-content\/uploads\/2022\/02\/corsica-2-150x100.jpg 150w\" sizes=\"(max-width: 300px) 100vw, 300px\" \/><\/a><figcaption><em>La Corse \u00e0 l&#8217;horizon depuis Ventimiglia \u00a9Antonello Rotondaro<\/em><\/figcaption><\/figure><\/div>\n\n<p>Pour mieux comprendre la v\u00e9rit\u00e9 \u00e0 l&#8217;\u00e9gard de ce spectacle de dame nature nous avons interpel\u00e9 Achille Pennellatore, l&#8217;historique et c\u00e9l\u00e8bre m\u00e9t\u00e9orologue sanremasque, le directeur, pendant de nombreuses ann\u00e9es, du centre m\u00e9t\u00e9o de Portosole.<\/p>\n\n<p>&#8221;Celle que l&#8217;on voit est sans aucun doute la Corse \u2013 explique le m\u00e9t\u00e9orologue- On arrive \u00e0 l&#8217;admirer quand l&#8217;humidit\u00e9 est inf\u00e9rieure \u00e0 35%. D\u00e9j\u00e0 \u00e0 40% on ne la voit plus tr\u00e8s bien pour dispara\u00eetre compl\u00e9tement quand le taux d&#8217;humidit\u00e9 atteint 50%&#8221;.<\/p>\n\n<p>Beaucoup affirment que l&#8217;\u00eele fran\u00e7aise ne serait visible que dans les jours limpides de l&#8217;hiver et avec le froid. &#8221;Ce n&#8217;est pas du tout comme-\u00e7a. Comme je le r\u00e9p\u00e8te la possibilit\u00e9 de la voir ne d\u00e9pend pas des saisons, puisqu\u2019elle est aussi visible pendant les mois de l&#8217;\u00e9t\u00e9. Ce qui en d\u00e9termine la nettet\u00e9 ou moins n&#8217;est que l&#8217;humidit\u00e9&#8221;.<\/p>\n\n<p>Peut-\u00eatre pas tout le monde sait que le profil de l&#8217;\u00eele fran\u00e7aise se montre dans toute sa beaut\u00e9 non seulement de la c\u00f4te mais aussi depuis les montagnes aux \u00e9paules de notre ville. &#8221;\u00c9videmment \u2013 pr\u00e9cise Pennellatore \u2013 si nous sommes au bord de la mer on n&#8217;envisage que les sommets atteignant les 1300 m\u00e8tres, mais en montant d\u2019altitude l&#8217;on peut aussi distinguer les plages de la Corse. Celui que nous voyons, enneig\u00e9 pendant l&#8217;hiver, est le mont Cinto, mais au printemps ou l&#8217;\u00e9t\u00e9 l&#8217;on peut admirer m\u00eame le mont Rotondo et le Paglia Orba&#8221;.<\/p>\n\n<div class=\"wp-block-image\"><figure class=\"aligncenter size-large\"><a href=\"https:\/\/www.rivieradeifiori.it\/wp-content\/uploads\/2022\/02\/SanRemo-scaled.jpg\"><img decoding=\"async\" width=\"1270\" height=\"596\" src=\"https:\/\/www.rivieradeifiori.it\/wp-content\/uploads\/2022\/02\/SanRemo-1270x596.jpg\" alt=\"\" class=\"wp-image-10245\" srcset=\"https:\/\/www.rivieradeifiori.it\/wp-content\/uploads\/2022\/02\/SanRemo-1270x596.jpg 1270w, https:\/\/www.rivieradeifiori.it\/wp-content\/uploads\/2022\/02\/SanRemo-300x141.jpg 300w, https:\/\/www.rivieradeifiori.it\/wp-content\/uploads\/2022\/02\/SanRemo-1536x721.jpg 1536w, https:\/\/www.rivieradeifiori.it\/wp-content\/uploads\/2022\/02\/SanRemo-2048x961.jpg 2048w, https:\/\/www.rivieradeifiori.it\/wp-content\/uploads\/2022\/02\/SanRemo-500x235.jpg 500w, https:\/\/www.rivieradeifiori.it\/wp-content\/uploads\/2022\/02\/SanRemo-800x376.jpg 800w, https:\/\/www.rivieradeifiori.it\/wp-content\/uploads\/2022\/02\/SanRemo-1280x601.jpg 1280w, https:\/\/www.rivieradeifiori.it\/wp-content\/uploads\/2022\/02\/SanRemo-1920x901.jpg 1920w, https:\/\/www.rivieradeifiori.it\/wp-content\/uploads\/2022\/02\/SanRemo-1080x507.jpg 1080w, https:\/\/www.rivieradeifiori.it\/wp-content\/uploads\/2022\/02\/SanRemo-150x70.jpg 150w\" sizes=\"(max-width: 1270px) 100vw, 1270px\" \/><\/a><figcaption><em>San Remo et la Riviera depuis la Corse \u00a9KLAPE<\/em><\/figcaption><\/figure><\/div>\n\n<p>Un spectacle charmant qui, quand les conditions atmosph\u00e9riques et climatiques favorables se manifestent, il est possible de capturer m\u00eame avec un simple appareil photo.<\/p>\n\n<p><em>de Simona Maccaferri &#8211; Traduction professionnelle<\/em><\/p>\n","protected":false},"excerpt":{"rendered":"<p>Dans les matin\u00e9es par temps clair et ensoleill\u00e9, en se perdant avec le regard sur l&#8217;horizon, il est facile d&#8217;entrevoir au loin une terre sortant de la mer. Il s&#8217;agit de la Corse. L&#8217;\u00eele fran\u00e7aise est en effet visible \u00e0 l\u2019\u0153il nu d\u00e9j\u00e0 au niveau de la mer, sans besoin d&#8217;atteindre les sommets de Monte [&hellip;]<\/p>\n","protected":false},"author":1,"featured_media":10252,"comment_status":"open","ping_status":"open","sticky":false,"template":"","format":"standard","meta":{"_et_pb_use_builder":"off","_et_pb_old_content":"","_et_gb_content_width":"","_eb_attr":"","_vp_format_video_url":"","_vp_image_focal_point":[],"_vp_custom_popup_image":0,"_vp_format_audio_url":"","_vp_custom_thumbnail":0,"_vp_custom_thumbnail_focal_point":[],"_vp_hover_thumbnail":0,"_vp_hover_thumbnail_focal_point":[],"footnotes":""},"categories":[994,57],"tags":[1398,256],"class_list":["post-10269","post","type-post","status-publish","format-standard","has-post-thumbnail","hentry","category-a-cote","category-mer-et-territoire","tag-corse","tag-riviera-dei-fiori-fr","et-has-post-format-content","et_post_format-et-post-format-standard"],"yoast_head":"<!-- This site is optimized with the Yoast SEO plugin v25.7 - https:\/\/yoast.com\/wordpress\/plugins\/seo\/ -->\n<title>La Corse \u00e0 l&#039;horizon - Riviera dei Fiori<\/title>\n<meta name=\"robots\" content=\"index, follow, max-snippet:-1, max-image-preview:large, max-video-preview:-1\" \/>\n<link rel=\"canonical\" href=\"https:\/\/www.rivieradeifiori.it\/fr\/mer-et-territoire\/la-corse-a-lhorizon\/\" \/>\n<meta name=\"twitter:label1\" content=\"\u00c9crit par\" \/>\n\t<meta name=\"twitter:data1\" content=\"Luca Giovannetti\" \/>\n\t<meta name=\"twitter:label2\" content=\"Dur\u00e9e de lecture estim\u00e9e\" \/>\n\t<meta name=\"twitter:data2\" content=\"2 minutes\" \/>\n<script type=\"application\/ld+json\" class=\"yoast-schema-graph\">{\"@context\":\"https:\/\/schema.org\",\"@graph\":[{\"@type\":\"WebPage\",\"@id\":\"https:\/\/www.rivieradeifiori.it\/fr\/mer-et-territoire\/la-corse-a-lhorizon\/\",\"url\":\"https:\/\/www.rivieradeifiori.it\/fr\/mer-et-territoire\/la-corse-a-lhorizon\/\",\"name\":\"La Corse \u00e0 l'horizon - Riviera dei Fiori\",\"isPartOf\":{\"@id\":\"https:\/\/www.rivieradeifiori.it\/fr\/#website\"},\"primaryImageOfPage\":{\"@id\":\"https:\/\/www.rivieradeifiori.it\/fr\/mer-et-territoire\/la-corse-a-lhorizon\/#primaryimage\"},\"image\":{\"@id\":\"https:\/\/www.rivieradeifiori.it\/fr\/mer-et-territoire\/la-corse-a-lhorizon\/#primaryimage\"},\"thumbnailUrl\":\"https:\/\/www.rivieradeifiori.it\/wp-content\/uploads\/2022\/02\/H-1-scaled.jpg\",\"datePublished\":\"2022-02-08T20:05:35+00:00\",\"dateModified\":\"2022-06-10T14:53:55+00:00\",\"author\":{\"@id\":\"https:\/\/www.rivieradeifiori.it\/fr\/#\/schema\/person\/6cc4e4ed0d74f08798811653e64f69ed\"},\"breadcrumb\":{\"@id\":\"https:\/\/www.rivieradeifiori.it\/fr\/mer-et-territoire\/la-corse-a-lhorizon\/#breadcrumb\"},\"inLanguage\":\"fr-FR\",\"potentialAction\":[{\"@type\":\"ReadAction\",\"target\":[\"https:\/\/www.rivieradeifiori.it\/fr\/mer-et-territoire\/la-corse-a-lhorizon\/\"]}]},{\"@type\":\"ImageObject\",\"inLanguage\":\"fr-FR\",\"@id\":\"https:\/\/www.rivieradeifiori.it\/fr\/mer-et-territoire\/la-corse-a-lhorizon\/#primaryimage\",\"url\":\"https:\/\/www.rivieradeifiori.it\/wp-content\/uploads\/2022\/02\/H-1-scaled.jpg\",\"contentUrl\":\"https:\/\/www.rivieradeifiori.it\/wp-content\/uploads\/2022\/02\/H-1-scaled.jpg\",\"width\":5954,\"height\":3983,\"caption\":\"Le littoral de la Riviera dei Fiori, Sanremo-Bordighera-Ventimiglia avec la Corse en arri\u00e8re-plan \u00a9KLAPE\"},{\"@type\":\"BreadcrumbList\",\"@id\":\"https:\/\/www.rivieradeifiori.it\/fr\/mer-et-territoire\/la-corse-a-lhorizon\/#breadcrumb\",\"itemListElement\":[{\"@type\":\"ListItem\",\"position\":1,\"name\":\"Home\",\"item\":\"https:\/\/www.rivieradeifiori.it\/fr\/\"},{\"@type\":\"ListItem\",\"position\":2,\"name\":\"La Corse \u00e0 l&#8217;horizon\"}]},{\"@type\":\"WebSite\",\"@id\":\"https:\/\/www.rivieradeifiori.it\/fr\/#website\",\"url\":\"https:\/\/www.rivieradeifiori.it\/fr\/\",\"name\":\"Riviera dei Fiori\",\"description\":\"Un mare di colori\",\"potentialAction\":[{\"@type\":\"SearchAction\",\"target\":{\"@type\":\"EntryPoint\",\"urlTemplate\":\"https:\/\/www.rivieradeifiori.it\/fr\/?s={search_term_string}\"},\"query-input\":{\"@type\":\"PropertyValueSpecification\",\"valueRequired\":true,\"valueName\":\"search_term_string\"}}],\"inLanguage\":\"fr-FR\"},{\"@type\":\"Person\",\"@id\":\"https:\/\/www.rivieradeifiori.it\/fr\/#\/schema\/person\/6cc4e4ed0d74f08798811653e64f69ed\",\"name\":\"Luca Giovannetti\",\"image\":{\"@type\":\"ImageObject\",\"inLanguage\":\"fr-FR\",\"@id\":\"https:\/\/www.rivieradeifiori.it\/fr\/#\/schema\/person\/image\/\",\"url\":\"https:\/\/secure.gravatar.com\/avatar\/092abda2284c50268e586151e014cf903142e524662c62577231430ea44340cf?s=96&r=g&d=https:\/\/www.rivieradeifiori.it\/wp-content\/plugins\/userswp\/assets\/images\/no_profile.png\",\"contentUrl\":\"https:\/\/secure.gravatar.com\/avatar\/092abda2284c50268e586151e014cf903142e524662c62577231430ea44340cf?s=96&r=g&d=https:\/\/www.rivieradeifiori.it\/wp-content\/plugins\/userswp\/assets\/images\/no_profile.png\",\"caption\":\"Luca Giovannetti\"}}]}<\/script>\n<!-- \/ Yoast SEO plugin. -->","yoast_head_json":{"title":"La Corse \u00e0 l'horizon - Riviera dei Fiori","robots":{"index":"index","follow":"follow","max-snippet":"max-snippet:-1","max-image-preview":"max-image-preview:large","max-video-preview":"max-video-preview:-1"},"canonical":"https:\/\/www.rivieradeifiori.it\/fr\/mer-et-territoire\/la-corse-a-lhorizon\/","twitter_misc":{"\u00c9crit par":"Luca Giovannetti","Dur\u00e9e de lecture estim\u00e9e":"2 minutes"},"schema":{"@context":"https:\/\/schema.org","@graph":[{"@type":"WebPage","@id":"https:\/\/www.rivieradeifiori.it\/fr\/mer-et-territoire\/la-corse-a-lhorizon\/","url":"https:\/\/www.rivieradeifiori.it\/fr\/mer-et-territoire\/la-corse-a-lhorizon\/","name":"La Corse \u00e0 l'horizon - Riviera dei Fiori","isPartOf":{"@id":"https:\/\/www.rivieradeifiori.it\/fr\/#website"},"primaryImageOfPage":{"@id":"https:\/\/www.rivieradeifiori.it\/fr\/mer-et-territoire\/la-corse-a-lhorizon\/#primaryimage"},"image":{"@id":"https:\/\/www.rivieradeifiori.it\/fr\/mer-et-territoire\/la-corse-a-lhorizon\/#primaryimage"},"thumbnailUrl":"https:\/\/www.rivieradeifiori.it\/wp-content\/uploads\/2022\/02\/H-1-scaled.jpg","datePublished":"2022-02-08T20:05:35+00:00","dateModified":"2022-06-10T14:53:55+00:00","author":{"@id":"https:\/\/www.rivieradeifiori.it\/fr\/#\/schema\/person\/6cc4e4ed0d74f08798811653e64f69ed"},"breadcrumb":{"@id":"https:\/\/www.rivieradeifiori.it\/fr\/mer-et-territoire\/la-corse-a-lhorizon\/#breadcrumb"},"inLanguage":"fr-FR","potentialAction":[{"@type":"ReadAction","target":["https:\/\/www.rivieradeifiori.it\/fr\/mer-et-territoire\/la-corse-a-lhorizon\/"]}]},{"@type":"ImageObject","inLanguage":"fr-FR","@id":"https:\/\/www.rivieradeifiori.it\/fr\/mer-et-territoire\/la-corse-a-lhorizon\/#primaryimage","url":"https:\/\/www.rivieradeifiori.it\/wp-content\/uploads\/2022\/02\/H-1-scaled.jpg","contentUrl":"https:\/\/www.rivieradeifiori.it\/wp-content\/uploads\/2022\/02\/H-1-scaled.jpg","width":5954,"height":3983,"caption":"Le littoral de la Riviera dei Fiori, Sanremo-Bordighera-Ventimiglia avec la Corse en arri\u00e8re-plan \u00a9KLAPE"},{"@type":"BreadcrumbList","@id":"https:\/\/www.rivieradeifiori.it\/fr\/mer-et-territoire\/la-corse-a-lhorizon\/#breadcrumb","itemListElement":[{"@type":"ListItem","position":1,"name":"Home","item":"https:\/\/www.rivieradeifiori.it\/fr\/"},{"@type":"ListItem","position":2,"name":"La Corse \u00e0 l&#8217;horizon"}]},{"@type":"WebSite","@id":"https:\/\/www.rivieradeifiori.it\/fr\/#website","url":"https:\/\/www.rivieradeifiori.it\/fr\/","name":"Riviera dei Fiori","description":"Un mare di colori","potentialAction":[{"@type":"SearchAction","target":{"@type":"EntryPoint","urlTemplate":"https:\/\/www.rivieradeifiori.it\/fr\/?s={search_term_string}"},"query-input":{"@type":"PropertyValueSpecification","valueRequired":true,"valueName":"search_term_string"}}],"inLanguage":"fr-FR"},{"@type":"Person","@id":"https:\/\/www.rivieradeifiori.it\/fr\/#\/schema\/person\/6cc4e4ed0d74f08798811653e64f69ed","name":"Luca Giovannetti","image":{"@type":"ImageObject","inLanguage":"fr-FR","@id":"https:\/\/www.rivieradeifiori.it\/fr\/#\/schema\/person\/image\/","url":"https:\/\/secure.gravatar.com\/avatar\/092abda2284c50268e586151e014cf903142e524662c62577231430ea44340cf?s=96&r=g&d=https:\/\/www.rivieradeifiori.it\/wp-content\/plugins\/userswp\/assets\/images\/no_profile.png","contentUrl":"https:\/\/secure.gravatar.com\/avatar\/092abda2284c50268e586151e014cf903142e524662c62577231430ea44340cf?s=96&r=g&d=https:\/\/www.rivieradeifiori.it\/wp-content\/plugins\/userswp\/assets\/images\/no_profile.png","caption":"Luca Giovannetti"}}]}},"_links":{"self":[{"href":"https:\/\/www.rivieradeifiori.it\/fr\/wp-json\/wp\/v2\/posts\/10269","targetHints":{"allow":["GET"]}}],"collection":[{"href":"https:\/\/www.rivieradeifiori.it\/fr\/wp-json\/wp\/v2\/posts"}],"about":[{"href":"https:\/\/www.rivieradeifiori.it\/fr\/wp-json\/wp\/v2\/types\/post"}],"author":[{"embeddable":true,"href":"https:\/\/www.rivieradeifiori.it\/fr\/wp-json\/wp\/v2\/users\/1"}],"replies":[{"embeddable":true,"href":"https:\/\/www.rivieradeifiori.it\/fr\/wp-json\/wp\/v2\/comments?post=10269"}],"version-history":[{"count":6,"href":"https:\/\/www.rivieradeifiori.it\/fr\/wp-json\/wp\/v2\/posts\/10269\/revisions"}],"predecessor-version":[{"id":16083,"href":"https:\/\/www.rivieradeifiori.it\/fr\/wp-json\/wp\/v2\/posts\/10269\/revisions\/16083"}],"wp:featuredmedia":[{"embeddable":true,"href":"https:\/\/www.rivieradeifiori.it\/fr\/wp-json\/wp\/v2\/media\/10252"}],"wp:attachment":[{"href":"https:\/\/www.rivieradeifiori.it\/fr\/wp-json\/wp\/v2\/media?parent=10269"}],"wp:term":[{"taxonomy":"category","embeddable":true,"href":"https:\/\/www.rivieradeifiori.it\/fr\/wp-json\/wp\/v2\/categories?post=10269"},{"taxonomy":"post_tag","embeddable":true,"href":"https:\/\/www.rivieradeifiori.it\/fr\/wp-json\/wp\/v2\/tags?post=10269"}],"curies":[{"name":"wp","href":"https:\/\/api.w.org\/{rel}","templated":true}]}}