{"id":974,"date":"2016-03-14T16:40:58","date_gmt":"2016-03-14T15:40:58","guid":{"rendered":"http:\/\/rivieradeifiori.wordpress.innovationconsulting.it\/?p=974"},"modified":"2022-06-10T15:40:24","modified_gmt":"2022-06-10T13:40:24","slug":"libereso-guglielmi-und-die-blumen-des-fahrradweges","status":"publish","type":"post","link":"https:\/\/www.rivieradeifiori.it\/de\/meer-und-land\/libereso-guglielmi-und-die-blumen-des-fahrradweges\/","title":{"rendered":"Libereso GUGLIELMI und die blumen des fahrradweges"},"content":{"rendered":"<p>Der an Blumen und Pflanzen so reiche Fahrradweg musste das Interesse von Libereso Guglielmi einfach wecken, dem \u201eG\u00e4rtner im Hause Calvino\u201c und bedeutendster Botaniker der ligurischen Westk\u00fcste. Libereso wurde 1925 in Bordighera geboren, lebt aber in der Via Dante Alighieri in Sanremo, wo er einen Garten mit Pflanzen aus aller Welt angelegt hat. Er nutzt den Fahrradweg zu Fu\u00df. Vor allem liebt er Spazierg\u00e4nge, die ihn vorbei an Pian di Poma, La Vesca und Santo Stefano al Mare f\u00fchren.<\/p>\n<p>\u201eIch kenne den Weg und die gesamte K\u00fcste sehr gut\u201c \u2013 sagt Libereso. \u201eEinst trennten die Eisenbahngleise die Stadt Sanremo von der K\u00fcste, was aber der reichen Pflanzenwelt zugute kam.\u00a0 Abschnitte mit urspr\u00fcnglicher Vegetation gibt es heute nicht mehr viele, da viele neue Gew\u00e4chse angepflanzt wurden. Es wurden dabei Fehler bei der Auswahl, der Lage sowie bei der Pflege der Pflanzen gemacht. Vielerorts sind diese vertrocknet und die heimischen Pflanzen kommen zur\u00fcck. Vor allem im Fr\u00fchling bietet die Gegend um den Fahrradweg weit ab von den D\u00f6rfern und Tieren eine Vielzahl an essbaren Pflanzen und es gibt viele eifrige Sammler. In der Gegend um Santo Stefano am Meer, dort wo sich der Sand mit dem Neptungras vermischt, w\u00e4chst k\u00f6stlicher wilder Mangold. Viele interessante Pflanzen finden sich auch in Pain di Poma und in der N\u00e4he von Villaggio dei Fiori (\u201eDorf der Blumen\u201c). Insgesamt ist der K\u00fcstenpark interessant und bietet au\u00dfergew\u00f6hnliche Blumen und Pflanzen.\u201c<\/p>\n<p><em>[Marco Scolesi]<\/em><\/p>\n\n\t\t<style type=\"text\/css\">\n\t\t\t#gallery-1 {\n\t\t\t\tmargin: auto;\n\t\t\t}\n\t\t\t#gallery-1 .gallery-item {\n\t\t\t\tfloat: left;\n\t\t\t\tmargin-top: 10px;\n\t\t\t\ttext-align: center;\n\t\t\t\twidth: 33%;\n\t\t\t}\n\t\t\t#gallery-1 img {\n\t\t\t\tborder: 2px solid #cfcfcf;\n\t\t\t}\n\t\t\t#gallery-1 .gallery-caption {\n\t\t\t\tmargin-left: 0;\n\t\t\t}\n\t\t\t\/* see gallery_shortcode() in wp-includes\/media.php *\/\n\t\t<\/style>\n\t\t<div id='gallery-1' class='gallery galleryid-974 gallery-columns-3 gallery-size-thumbnail'><dl class='gallery-item'>\n\t\t\t<dt class='gallery-icon landscape'>\n\t\t\t\t<a href='https:\/\/www.rivieradeifiori.it\/de\/meer-und-land\/libereso-guglielmi-und-die-blumen-des-fahrradweges\/attachment\/agave-americana-variegata44\/'><img decoding=\"async\" width=\"160\" height=\"160\" src=\"https:\/\/www.rivieradeifiori.it\/wp-content\/uploads\/2016\/05\/Agave-americana-variegata44-160x160.jpg\" class=\"attachment-thumbnail size-thumbnail\" alt=\"\" aria-describedby=\"gallery-1-1877\" srcset=\"https:\/\/www.rivieradeifiori.it\/wp-content\/uploads\/2016\/05\/Agave-americana-variegata44-160x160.jpg 160w, https:\/\/www.rivieradeifiori.it\/wp-content\/uploads\/2016\/05\/Agave-americana-variegata44-440x440.jpg 440w, https:\/\/www.rivieradeifiori.it\/wp-content\/uploads\/2016\/05\/Agave-americana-variegata44-150x150.jpg 150w, https:\/\/www.rivieradeifiori.it\/wp-content\/uploads\/2016\/05\/Agave-americana-variegata44-65x65.jpg 65w, https:\/\/www.rivieradeifiori.it\/wp-content\/uploads\/2016\/05\/Agave-americana-variegata44-180x180.jpg 180w, https:\/\/www.rivieradeifiori.it\/wp-content\/uploads\/2016\/05\/Agave-americana-variegata44-300x300.jpg 300w, https:\/\/www.rivieradeifiori.it\/wp-content\/uploads\/2016\/05\/Agave-americana-variegata44-600x600.jpg 600w\" sizes=\"(max-width: 160px) 100vw, 160px\" \/><\/a>\n\t\t\t<\/dt>\n\t\t\t\t<dd class='wp-caption-text gallery-caption' id='gallery-1-1877'>\n\t\t\t\t\u00a9Studio Moreschi\n\t\t\t\t<\/dd><\/dl><dl class='gallery-item'>\n\t\t\t<dt class='gallery-icon landscape'>\n\t\t\t\t<a href='https:\/\/www.rivieradeifiori.it\/de\/meer-und-land\/libereso-guglielmi-und-die-blumen-des-fahrradweges\/attachment\/callistemon-citrinus_3613-7\/'><img decoding=\"async\" width=\"160\" height=\"160\" src=\"https:\/\/www.rivieradeifiori.it\/wp-content\/uploads\/2016\/05\/Callistemon-citrinus_3613-7-160x160.jpg\" class=\"attachment-thumbnail size-thumbnail\" alt=\"\" aria-describedby=\"gallery-1-1881\" srcset=\"https:\/\/www.rivieradeifiori.it\/wp-content\/uploads\/2016\/05\/Callistemon-citrinus_3613-7-160x160.jpg 160w, https:\/\/www.rivieradeifiori.it\/wp-content\/uploads\/2016\/05\/Callistemon-citrinus_3613-7-440x440.jpg 440w, https:\/\/www.rivieradeifiori.it\/wp-content\/uploads\/2016\/05\/Callistemon-citrinus_3613-7-150x150.jpg 150w, https:\/\/www.rivieradeifiori.it\/wp-content\/uploads\/2016\/05\/Callistemon-citrinus_3613-7-65x65.jpg 65w, https:\/\/www.rivieradeifiori.it\/wp-content\/uploads\/2016\/05\/Callistemon-citrinus_3613-7-180x180.jpg 180w, https:\/\/www.rivieradeifiori.it\/wp-content\/uploads\/2016\/05\/Callistemon-citrinus_3613-7-300x300.jpg 300w, https:\/\/www.rivieradeifiori.it\/wp-content\/uploads\/2016\/05\/Callistemon-citrinus_3613-7-600x600.jpg 600w\" sizes=\"(max-width: 160px) 100vw, 160px\" \/><\/a>\n\t\t\t<\/dt>\n\t\t\t\t<dd class='wp-caption-text gallery-caption' id='gallery-1-1881'>\n\t\t\t\t\u00a9Studio Moreschi\n\t\t\t\t<\/dd><\/dl><dl class='gallery-item'>\n\t\t\t<dt class='gallery-icon landscape'>\n\t\t\t\t<a href='https:\/\/www.rivieradeifiori.it\/de\/meer-und-land\/libereso-guglielmi-und-die-blumen-des-fahrradweges\/attachment\/cistus-x-purpureus3462-2\/'><img decoding=\"async\" width=\"160\" height=\"160\" src=\"https:\/\/www.rivieradeifiori.it\/wp-content\/uploads\/2016\/05\/Cistus-X-purpureus3462-2-160x160.jpg\" class=\"attachment-thumbnail size-thumbnail\" alt=\"\" aria-describedby=\"gallery-1-1885\" srcset=\"https:\/\/www.rivieradeifiori.it\/wp-content\/uploads\/2016\/05\/Cistus-X-purpureus3462-2-160x160.jpg 160w, https:\/\/www.rivieradeifiori.it\/wp-content\/uploads\/2016\/05\/Cistus-X-purpureus3462-2-440x440.jpg 440w, https:\/\/www.rivieradeifiori.it\/wp-content\/uploads\/2016\/05\/Cistus-X-purpureus3462-2-150x150.jpg 150w, https:\/\/www.rivieradeifiori.it\/wp-content\/uploads\/2016\/05\/Cistus-X-purpureus3462-2-65x65.jpg 65w, https:\/\/www.rivieradeifiori.it\/wp-content\/uploads\/2016\/05\/Cistus-X-purpureus3462-2-180x180.jpg 180w, https:\/\/www.rivieradeifiori.it\/wp-content\/uploads\/2016\/05\/Cistus-X-purpureus3462-2-300x300.jpg 300w, https:\/\/www.rivieradeifiori.it\/wp-content\/uploads\/2016\/05\/Cistus-X-purpureus3462-2-600x600.jpg 600w\" sizes=\"(max-width: 160px) 100vw, 160px\" \/><\/a>\n\t\t\t<\/dt>\n\t\t\t\t<dd class='wp-caption-text gallery-caption' id='gallery-1-1885'>\n\t\t\t\t\u00a9Studio Moreschi\n\t\t\t\t<\/dd><\/dl><br style=\"clear: both\" \/><dl class='gallery-item'>\n\t\t\t<dt class='gallery-icon portrait'>\n\t\t\t\t<a href='https:\/\/www.rivieradeifiori.it\/de\/meer-und-land\/libereso-guglielmi-und-die-blumen-des-fahrradweges\/attachment\/heteromeles-red-robin_3460-1\/'><img decoding=\"async\" width=\"160\" height=\"160\" src=\"https:\/\/www.rivieradeifiori.it\/wp-content\/uploads\/2016\/05\/Heteromeles-red-Robin_3460-1-160x160.jpg\" class=\"attachment-thumbnail size-thumbnail\" alt=\"\" aria-describedby=\"gallery-1-1889\" srcset=\"https:\/\/www.rivieradeifiori.it\/wp-content\/uploads\/2016\/05\/Heteromeles-red-Robin_3460-1-160x160.jpg 160w, https:\/\/www.rivieradeifiori.it\/wp-content\/uploads\/2016\/05\/Heteromeles-red-Robin_3460-1-440x440.jpg 440w, https:\/\/www.rivieradeifiori.it\/wp-content\/uploads\/2016\/05\/Heteromeles-red-Robin_3460-1-150x150.jpg 150w, https:\/\/www.rivieradeifiori.it\/wp-content\/uploads\/2016\/05\/Heteromeles-red-Robin_3460-1-65x65.jpg 65w, https:\/\/www.rivieradeifiori.it\/wp-content\/uploads\/2016\/05\/Heteromeles-red-Robin_3460-1-180x180.jpg 180w, https:\/\/www.rivieradeifiori.it\/wp-content\/uploads\/2016\/05\/Heteromeles-red-Robin_3460-1-300x300.jpg 300w, https:\/\/www.rivieradeifiori.it\/wp-content\/uploads\/2016\/05\/Heteromeles-red-Robin_3460-1-600x600.jpg 600w\" sizes=\"(max-width: 160px) 100vw, 160px\" \/><\/a>\n\t\t\t<\/dt>\n\t\t\t\t<dd class='wp-caption-text gallery-caption' id='gallery-1-1889'>\n\t\t\t\t\u00a9Studio Moreschi\n\t\t\t\t<\/dd><\/dl><dl class='gallery-item'>\n\t\t\t<dt class='gallery-icon landscape'>\n\t\t\t\t<a href='https:\/\/www.rivieradeifiori.it\/de\/meer-und-land\/libereso-guglielmi-und-die-blumen-des-fahrradweges\/attachment\/tamarix_3279\/'><img decoding=\"async\" width=\"160\" height=\"160\" src=\"https:\/\/www.rivieradeifiori.it\/wp-content\/uploads\/2016\/05\/Tamarix_3279-160x160.jpg\" class=\"attachment-thumbnail size-thumbnail\" alt=\"\" aria-describedby=\"gallery-1-1893\" srcset=\"https:\/\/www.rivieradeifiori.it\/wp-content\/uploads\/2016\/05\/Tamarix_3279-160x160.jpg 160w, https:\/\/www.rivieradeifiori.it\/wp-content\/uploads\/2016\/05\/Tamarix_3279-440x440.jpg 440w, https:\/\/www.rivieradeifiori.it\/wp-content\/uploads\/2016\/05\/Tamarix_3279-150x150.jpg 150w, https:\/\/www.rivieradeifiori.it\/wp-content\/uploads\/2016\/05\/Tamarix_3279-65x65.jpg 65w, https:\/\/www.rivieradeifiori.it\/wp-content\/uploads\/2016\/05\/Tamarix_3279-180x180.jpg 180w, https:\/\/www.rivieradeifiori.it\/wp-content\/uploads\/2016\/05\/Tamarix_3279-300x300.jpg 300w, https:\/\/www.rivieradeifiori.it\/wp-content\/uploads\/2016\/05\/Tamarix_3279-600x600.jpg 600w\" sizes=\"(max-width: 160px) 100vw, 160px\" \/><\/a>\n\t\t\t<\/dt>\n\t\t\t\t<dd class='wp-caption-text gallery-caption' id='gallery-1-1893'>\n\t\t\t\t\u00a9Studio Moreschi\n\t\t\t\t<\/dd><\/dl>\n\t\t\t<br style='clear: both' \/>\n\t\t<\/div>\n\n","protected":false},"excerpt":{"rendered":"<p>Der an Blumen und Pflanzen so reiche Fahrradweg musste das Interesse von Libereso Guglielmi einfach wecken, dem \u201eG\u00e4rtner im Hause Calvino\u201c und bedeutendster Botaniker der ligurischen Westk\u00fcste. Libereso wurde 1925 in Bordighera geboren, lebt aber in der Via Dante Alighieri in Sanremo, wo er einen Garten mit Pflanzen aus aller Welt angelegt hat. Er nutzt [&hellip;]<\/p>\n","protected":false},"author":1,"featured_media":1554,"comment_status":"closed","ping_status":"open","sticky":false,"template":"","format":"standard","meta":{"_et_pb_use_builder":"","_et_pb_old_content":"","_et_gb_content_width":"","_eb_attr":"","_vp_format_video_url":"","_vp_image_focal_point":[],"_vp_custom_popup_image":0,"_vp_format_audio_url":"","_vp_custom_thumbnail":0,"_vp_custom_thumbnail_focal_point":[],"_vp_hover_thumbnail":0,"_vp_hover_thumbnail_focal_point":[],"footnotes":""},"categories":[58],"tags":[260,1391],"class_list":["post-974","post","type-post","status-publish","format-standard","has-post-thumbnail","hentry","category-meer-und-land","tag-blumen-riviera","tag-parks-und-gaerten","et-has-post-format-content","et_post_format-et-post-format-standard"],"yoast_head":"<!-- This site is optimized with the Yoast SEO plugin v25.7 - https:\/\/yoast.com\/wordpress\/plugins\/seo\/ -->\n<title>Libereso GUGLIELMI und die blumen des fahrradweges - Riviera dei Fiori<\/title>\n<meta name=\"robots\" content=\"index, follow, max-snippet:-1, max-image-preview:large, max-video-preview:-1\" \/>\n<link rel=\"canonical\" href=\"https:\/\/www.rivieradeifiori.it\/de\/meer-und-land\/libereso-guglielmi-und-die-blumen-des-fahrradweges\/\" \/>\n<meta name=\"twitter:label1\" content=\"Verfasst von\" \/>\n\t<meta name=\"twitter:data1\" content=\"Luca Giovannetti\" \/>\n\t<meta name=\"twitter:label2\" content=\"Gesch\u00e4tzte Lesezeit\" \/>\n\t<meta name=\"twitter:data2\" content=\"1\u00a0Minute\" \/>\n<script type=\"application\/ld+json\" class=\"yoast-schema-graph\">{\"@context\":\"https:\/\/schema.org\",\"@graph\":[{\"@type\":\"WebPage\",\"@id\":\"https:\/\/www.rivieradeifiori.it\/de\/meer-und-land\/libereso-guglielmi-und-die-blumen-des-fahrradweges\/\",\"url\":\"https:\/\/www.rivieradeifiori.it\/de\/meer-und-land\/libereso-guglielmi-und-die-blumen-des-fahrradweges\/\",\"name\":\"Libereso GUGLIELMI und die blumen des fahrradweges - Riviera dei Fiori\",\"isPartOf\":{\"@id\":\"https:\/\/www.rivieradeifiori.it\/de\/#website\"},\"primaryImageOfPage\":{\"@id\":\"https:\/\/www.rivieradeifiori.it\/de\/meer-und-land\/libereso-guglielmi-und-die-blumen-des-fahrradweges\/#primaryimage\"},\"image\":{\"@id\":\"https:\/\/www.rivieradeifiori.it\/de\/meer-und-land\/libereso-guglielmi-und-die-blumen-des-fahrradweges\/#primaryimage\"},\"thumbnailUrl\":\"https:\/\/www.rivieradeifiori.it\/wp-content\/uploads\/2016\/03\/Callistemon-citrinus_3613-7.jpg\",\"datePublished\":\"2016-03-14T15:40:58+00:00\",\"dateModified\":\"2022-06-10T13:40:24+00:00\",\"author\":{\"@id\":\"https:\/\/www.rivieradeifiori.it\/de\/#\/schema\/person\/6cc4e4ed0d74f08798811653e64f69ed\"},\"breadcrumb\":{\"@id\":\"https:\/\/www.rivieradeifiori.it\/de\/meer-und-land\/libereso-guglielmi-und-die-blumen-des-fahrradweges\/#breadcrumb\"},\"inLanguage\":\"de\",\"potentialAction\":[{\"@type\":\"ReadAction\",\"target\":[\"https:\/\/www.rivieradeifiori.it\/de\/meer-und-land\/libereso-guglielmi-und-die-blumen-des-fahrradweges\/\"]}]},{\"@type\":\"ImageObject\",\"inLanguage\":\"de\",\"@id\":\"https:\/\/www.rivieradeifiori.it\/de\/meer-und-land\/libereso-guglielmi-und-die-blumen-des-fahrradweges\/#primaryimage\",\"url\":\"https:\/\/www.rivieradeifiori.it\/wp-content\/uploads\/2016\/03\/Callistemon-citrinus_3613-7.jpg\",\"contentUrl\":\"https:\/\/www.rivieradeifiori.it\/wp-content\/uploads\/2016\/03\/Callistemon-citrinus_3613-7.jpg\",\"width\":2902,\"height\":2004,\"caption\":\"\u00a9Foto Moreschi\"},{\"@type\":\"BreadcrumbList\",\"@id\":\"https:\/\/www.rivieradeifiori.it\/de\/meer-und-land\/libereso-guglielmi-und-die-blumen-des-fahrradweges\/#breadcrumb\",\"itemListElement\":[{\"@type\":\"ListItem\",\"position\":1,\"name\":\"Home\",\"item\":\"https:\/\/www.rivieradeifiori.it\/de\/\"},{\"@type\":\"ListItem\",\"position\":2,\"name\":\"Libereso GUGLIELMI und die blumen des fahrradweges\"}]},{\"@type\":\"WebSite\",\"@id\":\"https:\/\/www.rivieradeifiori.it\/de\/#website\",\"url\":\"https:\/\/www.rivieradeifiori.it\/de\/\",\"name\":\"Riviera dei Fiori\",\"description\":\"Un mare di colori\",\"potentialAction\":[{\"@type\":\"SearchAction\",\"target\":{\"@type\":\"EntryPoint\",\"urlTemplate\":\"https:\/\/www.rivieradeifiori.it\/de\/?s={search_term_string}\"},\"query-input\":{\"@type\":\"PropertyValueSpecification\",\"valueRequired\":true,\"valueName\":\"search_term_string\"}}],\"inLanguage\":\"de\"},{\"@type\":\"Person\",\"@id\":\"https:\/\/www.rivieradeifiori.it\/de\/#\/schema\/person\/6cc4e4ed0d74f08798811653e64f69ed\",\"name\":\"Luca Giovannetti\",\"image\":{\"@type\":\"ImageObject\",\"inLanguage\":\"de\",\"@id\":\"https:\/\/www.rivieradeifiori.it\/de\/#\/schema\/person\/image\/\",\"url\":\"https:\/\/secure.gravatar.com\/avatar\/092abda2284c50268e586151e014cf903142e524662c62577231430ea44340cf?s=96&r=g&d=https:\/\/www.rivieradeifiori.it\/wp-content\/plugins\/userswp\/assets\/images\/no_profile.png\",\"contentUrl\":\"https:\/\/secure.gravatar.com\/avatar\/092abda2284c50268e586151e014cf903142e524662c62577231430ea44340cf?s=96&r=g&d=https:\/\/www.rivieradeifiori.it\/wp-content\/plugins\/userswp\/assets\/images\/no_profile.png\",\"caption\":\"Luca Giovannetti\"}}]}<\/script>\n<!-- \/ Yoast SEO plugin. -->","yoast_head_json":{"title":"Libereso GUGLIELMI und die blumen des fahrradweges - Riviera dei Fiori","robots":{"index":"index","follow":"follow","max-snippet":"max-snippet:-1","max-image-preview":"max-image-preview:large","max-video-preview":"max-video-preview:-1"},"canonical":"https:\/\/www.rivieradeifiori.it\/de\/meer-und-land\/libereso-guglielmi-und-die-blumen-des-fahrradweges\/","twitter_misc":{"Verfasst von":"Luca Giovannetti","Gesch\u00e4tzte Lesezeit":"1\u00a0Minute"},"schema":{"@context":"https:\/\/schema.org","@graph":[{"@type":"WebPage","@id":"https:\/\/www.rivieradeifiori.it\/de\/meer-und-land\/libereso-guglielmi-und-die-blumen-des-fahrradweges\/","url":"https:\/\/www.rivieradeifiori.it\/de\/meer-und-land\/libereso-guglielmi-und-die-blumen-des-fahrradweges\/","name":"Libereso GUGLIELMI und die blumen des fahrradweges - Riviera dei Fiori","isPartOf":{"@id":"https:\/\/www.rivieradeifiori.it\/de\/#website"},"primaryImageOfPage":{"@id":"https:\/\/www.rivieradeifiori.it\/de\/meer-und-land\/libereso-guglielmi-und-die-blumen-des-fahrradweges\/#primaryimage"},"image":{"@id":"https:\/\/www.rivieradeifiori.it\/de\/meer-und-land\/libereso-guglielmi-und-die-blumen-des-fahrradweges\/#primaryimage"},"thumbnailUrl":"https:\/\/www.rivieradeifiori.it\/wp-content\/uploads\/2016\/03\/Callistemon-citrinus_3613-7.jpg","datePublished":"2016-03-14T15:40:58+00:00","dateModified":"2022-06-10T13:40:24+00:00","author":{"@id":"https:\/\/www.rivieradeifiori.it\/de\/#\/schema\/person\/6cc4e4ed0d74f08798811653e64f69ed"},"breadcrumb":{"@id":"https:\/\/www.rivieradeifiori.it\/de\/meer-und-land\/libereso-guglielmi-und-die-blumen-des-fahrradweges\/#breadcrumb"},"inLanguage":"de","potentialAction":[{"@type":"ReadAction","target":["https:\/\/www.rivieradeifiori.it\/de\/meer-und-land\/libereso-guglielmi-und-die-blumen-des-fahrradweges\/"]}]},{"@type":"ImageObject","inLanguage":"de","@id":"https:\/\/www.rivieradeifiori.it\/de\/meer-und-land\/libereso-guglielmi-und-die-blumen-des-fahrradweges\/#primaryimage","url":"https:\/\/www.rivieradeifiori.it\/wp-content\/uploads\/2016\/03\/Callistemon-citrinus_3613-7.jpg","contentUrl":"https:\/\/www.rivieradeifiori.it\/wp-content\/uploads\/2016\/03\/Callistemon-citrinus_3613-7.jpg","width":2902,"height":2004,"caption":"\u00a9Foto Moreschi"},{"@type":"BreadcrumbList","@id":"https:\/\/www.rivieradeifiori.it\/de\/meer-und-land\/libereso-guglielmi-und-die-blumen-des-fahrradweges\/#breadcrumb","itemListElement":[{"@type":"ListItem","position":1,"name":"Home","item":"https:\/\/www.rivieradeifiori.it\/de\/"},{"@type":"ListItem","position":2,"name":"Libereso GUGLIELMI und die blumen des fahrradweges"}]},{"@type":"WebSite","@id":"https:\/\/www.rivieradeifiori.it\/de\/#website","url":"https:\/\/www.rivieradeifiori.it\/de\/","name":"Riviera dei Fiori","description":"Un mare di colori","potentialAction":[{"@type":"SearchAction","target":{"@type":"EntryPoint","urlTemplate":"https:\/\/www.rivieradeifiori.it\/de\/?s={search_term_string}"},"query-input":{"@type":"PropertyValueSpecification","valueRequired":true,"valueName":"search_term_string"}}],"inLanguage":"de"},{"@type":"Person","@id":"https:\/\/www.rivieradeifiori.it\/de\/#\/schema\/person\/6cc4e4ed0d74f08798811653e64f69ed","name":"Luca Giovannetti","image":{"@type":"ImageObject","inLanguage":"de","@id":"https:\/\/www.rivieradeifiori.it\/de\/#\/schema\/person\/image\/","url":"https:\/\/secure.gravatar.com\/avatar\/092abda2284c50268e586151e014cf903142e524662c62577231430ea44340cf?s=96&r=g&d=https:\/\/www.rivieradeifiori.it\/wp-content\/plugins\/userswp\/assets\/images\/no_profile.png","contentUrl":"https:\/\/secure.gravatar.com\/avatar\/092abda2284c50268e586151e014cf903142e524662c62577231430ea44340cf?s=96&r=g&d=https:\/\/www.rivieradeifiori.it\/wp-content\/plugins\/userswp\/assets\/images\/no_profile.png","caption":"Luca Giovannetti"}}]}},"_links":{"self":[{"href":"https:\/\/www.rivieradeifiori.it\/de\/wp-json\/wp\/v2\/posts\/974","targetHints":{"allow":["GET"]}}],"collection":[{"href":"https:\/\/www.rivieradeifiori.it\/de\/wp-json\/wp\/v2\/posts"}],"about":[{"href":"https:\/\/www.rivieradeifiori.it\/de\/wp-json\/wp\/v2\/types\/post"}],"author":[{"embeddable":true,"href":"https:\/\/www.rivieradeifiori.it\/de\/wp-json\/wp\/v2\/users\/1"}],"replies":[{"embeddable":true,"href":"https:\/\/www.rivieradeifiori.it\/de\/wp-json\/wp\/v2\/comments?post=974"}],"version-history":[{"count":1,"href":"https:\/\/www.rivieradeifiori.it\/de\/wp-json\/wp\/v2\/posts\/974\/revisions"}],"predecessor-version":[{"id":16051,"href":"https:\/\/www.rivieradeifiori.it\/de\/wp-json\/wp\/v2\/posts\/974\/revisions\/16051"}],"wp:featuredmedia":[{"embeddable":true,"href":"https:\/\/www.rivieradeifiori.it\/de\/wp-json\/wp\/v2\/media\/1554"}],"wp:attachment":[{"href":"https:\/\/www.rivieradeifiori.it\/de\/wp-json\/wp\/v2\/media?parent=974"}],"wp:term":[{"taxonomy":"category","embeddable":true,"href":"https:\/\/www.rivieradeifiori.it\/de\/wp-json\/wp\/v2\/categories?post=974"},{"taxonomy":"post_tag","embeddable":true,"href":"https:\/\/www.rivieradeifiori.it\/de\/wp-json\/wp\/v2\/tags?post=974"}],"curies":[{"name":"wp","href":"https:\/\/api.w.org\/{rel}","templated":true}]}}