{"id":6613,"date":"2018-01-03T16:58:15","date_gmt":"2018-01-03T15:58:15","guid":{"rendered":"https:\/\/www.rivieradeifiori.info\/2018\/01\/03\/die-autobahn-der-blumen-des-lichts-der-schatten-und-der-atemberaubenden-landschaften\/"},"modified":"2018-01-03T17:06:32","modified_gmt":"2018-01-03T16:06:32","slug":"die-autobahn-der-blumen-des-lichts-der-schatten-und-der-atemberaubenden-landschaften","status":"publish","type":"post","link":"https:\/\/www.rivieradeifiori.it\/de\/meer-und-land\/die-autobahn-der-blumen-des-lichts-der-schatten-und-der-atemberaubenden-landschaften\/","title":{"rendered":"Die Autobahn der Blumen, des Lichts, der Schatten und der atemberaubenden Landschaften"},"content":{"rendered":"<p>\u201eSchatten und Sonnenschein wechseln sich miteinander ab, bei jenen tiefen T\u00e4lern, die \u00fcber die gepflasterten Stra\u00dfen am Meer zwischen Rosenfeldern, Brunnen und Spaltlandschaften auf- und absteigen.&#8221;<\/p>\n<p>So hat der Dichter Vincenzo Cardarelli vor einem Jahrhundert Ligurien beschrieben: heute hat sich das Fresko des Westlichen Liguriens im Wesentlichen nicht ver\u00e4ndert. Dies ist das Panorama, das Sie entlang der \u201eAutostrada dei Fiori\u201c genie\u00dfen k\u00f6nnen, jene Strecke, die Savona mit der franz\u00f6sischen Grenze verbindet. Die 113 km des Autobahnsegments teilen die m\u00fchsame Orographie des Territoriums mit 67 Galerien in zwei Teile und zwingen den Reisenden zu einem blendenden Wechsel zwischen Licht und Schatten. Die Strecke bietet jedem etwas: Wer die Abwechslung beim Fahren liebt, kommt bei den zahlreichen Kurven, Tunneln und H\u00f6henunterschieden voll auf seine Kosten, aber auch wer die gem\u00fctlichere Fahrt liebt, hat hier ein abwechslungsreiches Panorama.<\/p>\n<p>&nbsp;<\/p>\n<p>Im Jahr 1971 entstand die A10 in Italien, genauer gesagt in Ventimiglia, vor den majest\u00e4tischen Klippen oberhalb von Roverino. Ein Zwischenstopp in Bordighera Sud, einem kleinen Ort am Meer, umgeben von unber\u00fchrter Natur, sollte man sich nicht entgehen lassen: Die mediterrane Macchia und die D\u00fcfte von Mimosen, Gingster, Kiefern und Myrten sind \u00fcberall wahrzunehmen. Auf der weiteren Fahrt sieht man immer mehr die von Menschenhand terrassenf\u00f6rmig angelegten H\u00fcgel. Hier und da gibt es Wassersammelbeh\u00e4lter und Gew\u00e4chsh\u00e4user f\u00fcr die Blumenzucht. Schriftsteller, wie Nico Orengo und Francesco Biamonti, verliebten sich in diesen Teil Liguriens und beschrieben deren Atmosph\u00e4ren auf treffende Weise.<\/p>\n<p>Nachdem wir die weitl\u00e4ufige st\u00e4dtische Agglomeration von Sanremo passiert haben, f\u00fchrt uns eine sehr breite Kurve zum alten Ortskern von Taggia mit seinen schmalen H\u00e4usern und der mittelalterlichen Stadtmauer. Hinter uns \u00f6ffnet sich das Valle Argentina, das sich bis zum Monte Faudo und den schneebedeckten Gipfeln erhebt. Von dort aus ein paar Minuten die Stra\u00dfe hinunter ver\u00e4ndert sich die Umgebung erneut und begleitet uns entlang dem intensiven Gr\u00fcn des Golfplatzes von Castellaro.<\/p>\n<p>Parasio, der alte Teil von Imperia, mit der Loggia di Santa Chiara und dem beeindruckenden Duomo, dominieren die Landschaft, w\u00e4hrend die Autobahn die Hauptstadt der Provinz \u00fcberquert. Nach ein paar Minuten erreichen Sie die Ausfahrt von Andorra: hier lohnt es sich die romanische Kirche der Heiligen Giacomo und Filippo und die Reste des Schlosses von Andorra aus dem 13. Jahrhundert bei Nacht zu besuchen, wenn alles beleuchtet ist.<\/p>\n<p><em>[Ilaria Grigoletto]<\/em><\/p>\n\n\t\t<style type=\"text\/css\">\n\t\t\t#gallery-1 {\n\t\t\t\tmargin: auto;\n\t\t\t}\n\t\t\t#gallery-1 .gallery-item {\n\t\t\t\tfloat: left;\n\t\t\t\tmargin-top: 10px;\n\t\t\t\ttext-align: center;\n\t\t\t\twidth: 33%;\n\t\t\t}\n\t\t\t#gallery-1 img {\n\t\t\t\tborder: 2px solid #cfcfcf;\n\t\t\t}\n\t\t\t#gallery-1 .gallery-caption {\n\t\t\t\tmargin-left: 0;\n\t\t\t}\n\t\t\t\/* see gallery_shortcode() in wp-includes\/media.php *\/\n\t\t<\/style>\n\t\t<div id='gallery-1' class='gallery galleryid-6613 gallery-columns-3 gallery-size-thumbnail'><dl class='gallery-item'>\n\t\t\t<dt class='gallery-icon landscape'>\n\t\t\t\t<a href='https:\/\/www.rivieradeifiori.it\/de\/autostrada-vallebona-2\/'><img decoding=\"async\" width=\"160\" height=\"160\" src=\"https:\/\/www.rivieradeifiori.it\/wp-content\/uploads\/2017\/10\/Autostrada-Vallebona-160x160.jpg\" class=\"attachment-thumbnail size-thumbnail\" alt=\"\" srcset=\"https:\/\/www.rivieradeifiori.it\/wp-content\/uploads\/2017\/10\/Autostrada-Vallebona-160x160.jpg 160w, https:\/\/www.rivieradeifiori.it\/wp-content\/uploads\/2017\/10\/Autostrada-Vallebona-440x440.jpg 440w, https:\/\/www.rivieradeifiori.it\/wp-content\/uploads\/2017\/10\/Autostrada-Vallebona-150x150.jpg 150w, https:\/\/www.rivieradeifiori.it\/wp-content\/uploads\/2017\/10\/Autostrada-Vallebona-180x180.jpg 180w, https:\/\/www.rivieradeifiori.it\/wp-content\/uploads\/2017\/10\/Autostrada-Vallebona-300x300.jpg 300w, https:\/\/www.rivieradeifiori.it\/wp-content\/uploads\/2017\/10\/Autostrada-Vallebona-600x600.jpg 600w\" sizes=\"(max-width: 160px) 100vw, 160px\" \/><\/a>\n\t\t\t<\/dt><\/dl><dl class='gallery-item'>\n\t\t\t<dt class='gallery-icon landscape'>\n\t\t\t\t<a href='https:\/\/www.rivieradeifiori.it\/de\/meer-und-land\/die-autobahn-der-blumen-des-lichts-der-schatten-und-der-atemberaubenden-landschaften\/attachment\/autostrada-saverio-1-2\/'><img decoding=\"async\" width=\"160\" height=\"160\" src=\"https:\/\/www.rivieradeifiori.it\/wp-content\/uploads\/2017\/10\/Autostrada-Saverio-1-160x160.jpg\" class=\"attachment-thumbnail size-thumbnail\" alt=\"\" srcset=\"https:\/\/www.rivieradeifiori.it\/wp-content\/uploads\/2017\/10\/Autostrada-Saverio-1-160x160.jpg 160w, https:\/\/www.rivieradeifiori.it\/wp-content\/uploads\/2017\/10\/Autostrada-Saverio-1-440x440.jpg 440w, https:\/\/www.rivieradeifiori.it\/wp-content\/uploads\/2017\/10\/Autostrada-Saverio-1-150x150.jpg 150w, https:\/\/www.rivieradeifiori.it\/wp-content\/uploads\/2017\/10\/Autostrada-Saverio-1-180x180.jpg 180w, https:\/\/www.rivieradeifiori.it\/wp-content\/uploads\/2017\/10\/Autostrada-Saverio-1-300x300.jpg 300w, https:\/\/www.rivieradeifiori.it\/wp-content\/uploads\/2017\/10\/Autostrada-Saverio-1-600x600.jpg 600w\" sizes=\"(max-width: 160px) 100vw, 160px\" \/><\/a>\n\t\t\t<\/dt><\/dl><dl class='gallery-item'>\n\t\t\t<dt class='gallery-icon landscape'>\n\t\t\t\t<a href='https:\/\/www.rivieradeifiori.it\/de\/olympus-digital-camera-2-2\/'><img decoding=\"async\" width=\"160\" height=\"160\" src=\"https:\/\/www.rivieradeifiori.it\/wp-content\/uploads\/2016\/12\/Golf-CLub-x-RdF-1-160x160.jpg\" class=\"attachment-thumbnail size-thumbnail\" alt=\"\" aria-describedby=\"gallery-1-4189\" srcset=\"https:\/\/www.rivieradeifiori.it\/wp-content\/uploads\/2016\/12\/Golf-CLub-x-RdF-1-160x160.jpg 160w, https:\/\/www.rivieradeifiori.it\/wp-content\/uploads\/2016\/12\/Golf-CLub-x-RdF-1-440x440.jpg 440w, https:\/\/www.rivieradeifiori.it\/wp-content\/uploads\/2016\/12\/Golf-CLub-x-RdF-1-150x150.jpg 150w, https:\/\/www.rivieradeifiori.it\/wp-content\/uploads\/2016\/12\/Golf-CLub-x-RdF-1-65x65.jpg 65w, https:\/\/www.rivieradeifiori.it\/wp-content\/uploads\/2016\/12\/Golf-CLub-x-RdF-1-180x180.jpg 180w, https:\/\/www.rivieradeifiori.it\/wp-content\/uploads\/2016\/12\/Golf-CLub-x-RdF-1-300x300.jpg 300w, https:\/\/www.rivieradeifiori.it\/wp-content\/uploads\/2016\/12\/Golf-CLub-x-RdF-1-600x600.jpg 600w\" sizes=\"(max-width: 160px) 100vw, 160px\" \/><\/a>\n\t\t\t<\/dt>\n\t\t\t\t<dd class='wp-caption-text gallery-caption' id='gallery-1-4189'>\n\t\t\t\tOLYMPUS DIGITAL CAMERA\n\t\t\t\t<\/dd><\/dl><br style=\"clear: both\" \/><dl class='gallery-item'>\n\t\t\t<dt class='gallery-icon landscape'>\n\t\t\t\t<a href='https:\/\/www.rivieradeifiori.it\/de\/meer-und-land\/der-ursprung-der-blumenriviera\/attachment\/010-2\/'><img decoding=\"async\" width=\"160\" height=\"160\" src=\"https:\/\/www.rivieradeifiori.it\/wp-content\/uploads\/2016\/03\/010-160x160.jpg\" class=\"attachment-thumbnail size-thumbnail\" alt=\"\" aria-describedby=\"gallery-1-1455\" srcset=\"https:\/\/www.rivieradeifiori.it\/wp-content\/uploads\/2016\/03\/010-160x160.jpg 160w, https:\/\/www.rivieradeifiori.it\/wp-content\/uploads\/2016\/03\/010-1536x1533.jpg 1536w, https:\/\/www.rivieradeifiori.it\/wp-content\/uploads\/2016\/03\/010-2048x2044.jpg 2048w, https:\/\/www.rivieradeifiori.it\/wp-content\/uploads\/2016\/03\/010-300x300.jpg 300w, https:\/\/www.rivieradeifiori.it\/wp-content\/uploads\/2016\/03\/010-1270x1268.jpg 1270w, https:\/\/www.rivieradeifiori.it\/wp-content\/uploads\/2016\/03\/010-500x500.jpg 500w, https:\/\/www.rivieradeifiori.it\/wp-content\/uploads\/2016\/03\/010-800x799.jpg 800w, https:\/\/www.rivieradeifiori.it\/wp-content\/uploads\/2016\/03\/010-1280x1278.jpg 1280w, https:\/\/www.rivieradeifiori.it\/wp-content\/uploads\/2016\/03\/010-1920x1917.jpg 1920w, https:\/\/www.rivieradeifiori.it\/wp-content\/uploads\/2016\/03\/010-1080x1078.jpg 1080w, https:\/\/www.rivieradeifiori.it\/wp-content\/uploads\/2016\/03\/010-440x440.jpg 440w, https:\/\/www.rivieradeifiori.it\/wp-content\/uploads\/2016\/03\/010-150x150.jpg 150w, https:\/\/www.rivieradeifiori.it\/wp-content\/uploads\/2016\/03\/010-65x65.jpg 65w, https:\/\/www.rivieradeifiori.it\/wp-content\/uploads\/2016\/03\/010-180x180.jpg 180w, https:\/\/www.rivieradeifiori.it\/wp-content\/uploads\/2016\/03\/010-600x600.jpg 600w\" sizes=\"(max-width: 160px) 100vw, 160px\" \/><\/a>\n\t\t\t<\/dt>\n\t\t\t\t<dd class='wp-caption-text gallery-caption' id='gallery-1-1455'>\n\t\t\t\t\u00a9Comune di Sanremo\n\t\t\t\t<\/dd><\/dl>\n\t\t\t<br style='clear: both' \/>\n\t\t<\/div>\n\n","protected":false},"excerpt":{"rendered":"<p>\u201eSchatten und Sonnenschein wechseln sich miteinander ab, bei jenen tiefen T\u00e4lern, die \u00fcber die gepflasterten Stra\u00dfen am Meer zwischen Rosenfeldern, Brunnen und Spaltlandschaften auf- und absteigen.&#8221; So hat der Dichter Vincenzo Cardarelli vor einem Jahrhundert Ligurien beschrieben: heute hat sich das Fresko des Westlichen Liguriens im Wesentlichen nicht ver\u00e4ndert. Dies ist das Panorama, das Sie [&hellip;]<\/p>\n","protected":false},"author":1,"featured_media":6424,"comment_status":"closed","ping_status":"open","sticky":false,"template":"","format":"standard","meta":{"_et_pb_use_builder":"","_et_pb_old_content":"","_et_gb_content_width":"","_eb_attr":"","_vp_format_video_url":"","_vp_image_focal_point":[],"_vp_custom_popup_image":0,"_vp_format_audio_url":"","_vp_custom_thumbnail":0,"_vp_custom_thumbnail_focal_point":[],"_vp_hover_thumbnail":0,"_vp_hover_thumbnail_focal_point":[],"footnotes":""},"categories":[58],"tags":[259,260,261,291],"class_list":["post-6613","post","type-post","status-publish","format-standard","has-post-thumbnail","hentry","category-meer-und-land","tag-autobahn-der-blumen","tag-blumen-riviera","tag-panorama-de","tag-ventimiglia-de","et-has-post-format-content","et_post_format-et-post-format-standard"],"yoast_head":"<!-- This site is optimized with the Yoast SEO plugin v25.7 - https:\/\/yoast.com\/wordpress\/plugins\/seo\/ -->\n<title>Die Autobahn der Blumen, des Lichts, der Schatten und der atemberaubenden Landschaften - Meer &amp; Land - Riviera dei Fiori<\/title>\n<meta name=\"robots\" content=\"index, follow, max-snippet:-1, max-image-preview:large, max-video-preview:-1\" \/>\n<link rel=\"canonical\" href=\"https:\/\/www.rivieradeifiori.it\/de\/meer-und-land\/die-autobahn-der-blumen-des-lichts-der-schatten-und-der-atemberaubenden-landschaften\/\" \/>\n<meta name=\"twitter:label1\" content=\"Verfasst von\" \/>\n\t<meta name=\"twitter:data1\" content=\"Luca Giovannetti\" \/>\n\t<meta name=\"twitter:label2\" content=\"Gesch\u00e4tzte Lesezeit\" \/>\n\t<meta name=\"twitter:data2\" content=\"2\u00a0Minuten\" \/>\n<script type=\"application\/ld+json\" class=\"yoast-schema-graph\">{\"@context\":\"https:\/\/schema.org\",\"@graph\":[{\"@type\":\"WebPage\",\"@id\":\"https:\/\/www.rivieradeifiori.it\/de\/meer-und-land\/die-autobahn-der-blumen-des-lichts-der-schatten-und-der-atemberaubenden-landschaften\/\",\"url\":\"https:\/\/www.rivieradeifiori.it\/de\/meer-und-land\/die-autobahn-der-blumen-des-lichts-der-schatten-und-der-atemberaubenden-landschaften\/\",\"name\":\"Die Autobahn der Blumen, des Lichts, der Schatten und der atemberaubenden Landschaften - Meer &amp; Land - Riviera dei Fiori\",\"isPartOf\":{\"@id\":\"https:\/\/www.rivieradeifiori.it\/de\/#website\"},\"primaryImageOfPage\":{\"@id\":\"https:\/\/www.rivieradeifiori.it\/de\/meer-und-land\/die-autobahn-der-blumen-des-lichts-der-schatten-und-der-atemberaubenden-landschaften\/#primaryimage\"},\"image\":{\"@id\":\"https:\/\/www.rivieradeifiori.it\/de\/meer-und-land\/die-autobahn-der-blumen-des-lichts-der-schatten-und-der-atemberaubenden-landschaften\/#primaryimage\"},\"thumbnailUrl\":\"https:\/\/www.rivieradeifiori.it\/wp-content\/uploads\/2017\/10\/Autostrada-Saverio-1.jpg\",\"datePublished\":\"2018-01-03T15:58:15+00:00\",\"dateModified\":\"2018-01-03T16:06:32+00:00\",\"author\":{\"@id\":\"https:\/\/www.rivieradeifiori.it\/de\/#\/schema\/person\/6cc4e4ed0d74f08798811653e64f69ed\"},\"breadcrumb\":{\"@id\":\"https:\/\/www.rivieradeifiori.it\/de\/meer-und-land\/die-autobahn-der-blumen-des-lichts-der-schatten-und-der-atemberaubenden-landschaften\/#breadcrumb\"},\"inLanguage\":\"de\",\"potentialAction\":[{\"@type\":\"ReadAction\",\"target\":[\"https:\/\/www.rivieradeifiori.it\/de\/meer-und-land\/die-autobahn-der-blumen-des-lichts-der-schatten-und-der-atemberaubenden-landschaften\/\"]}]},{\"@type\":\"ImageObject\",\"inLanguage\":\"de\",\"@id\":\"https:\/\/www.rivieradeifiori.it\/de\/meer-und-land\/die-autobahn-der-blumen-des-lichts-der-schatten-und-der-atemberaubenden-landschaften\/#primaryimage\",\"url\":\"https:\/\/www.rivieradeifiori.it\/wp-content\/uploads\/2017\/10\/Autostrada-Saverio-1.jpg\",\"contentUrl\":\"https:\/\/www.rivieradeifiori.it\/wp-content\/uploads\/2017\/10\/Autostrada-Saverio-1.jpg\",\"width\":2849,\"height\":1654},{\"@type\":\"BreadcrumbList\",\"@id\":\"https:\/\/www.rivieradeifiori.it\/de\/meer-und-land\/die-autobahn-der-blumen-des-lichts-der-schatten-und-der-atemberaubenden-landschaften\/#breadcrumb\",\"itemListElement\":[{\"@type\":\"ListItem\",\"position\":1,\"name\":\"Home\",\"item\":\"https:\/\/www.rivieradeifiori.it\/de\/\"},{\"@type\":\"ListItem\",\"position\":2,\"name\":\"Die Autobahn der Blumen, des Lichts, der Schatten und der atemberaubenden Landschaften\"}]},{\"@type\":\"WebSite\",\"@id\":\"https:\/\/www.rivieradeifiori.it\/de\/#website\",\"url\":\"https:\/\/www.rivieradeifiori.it\/de\/\",\"name\":\"Riviera dei Fiori\",\"description\":\"Un mare di colori\",\"potentialAction\":[{\"@type\":\"SearchAction\",\"target\":{\"@type\":\"EntryPoint\",\"urlTemplate\":\"https:\/\/www.rivieradeifiori.it\/de\/?s={search_term_string}\"},\"query-input\":{\"@type\":\"PropertyValueSpecification\",\"valueRequired\":true,\"valueName\":\"search_term_string\"}}],\"inLanguage\":\"de\"},{\"@type\":\"Person\",\"@id\":\"https:\/\/www.rivieradeifiori.it\/de\/#\/schema\/person\/6cc4e4ed0d74f08798811653e64f69ed\",\"name\":\"Luca Giovannetti\",\"image\":{\"@type\":\"ImageObject\",\"inLanguage\":\"de\",\"@id\":\"https:\/\/www.rivieradeifiori.it\/de\/#\/schema\/person\/image\/\",\"url\":\"https:\/\/secure.gravatar.com\/avatar\/092abda2284c50268e586151e014cf903142e524662c62577231430ea44340cf?s=96&r=g&d=https:\/\/www.rivieradeifiori.it\/wp-content\/plugins\/userswp\/assets\/images\/no_profile.png\",\"contentUrl\":\"https:\/\/secure.gravatar.com\/avatar\/092abda2284c50268e586151e014cf903142e524662c62577231430ea44340cf?s=96&r=g&d=https:\/\/www.rivieradeifiori.it\/wp-content\/plugins\/userswp\/assets\/images\/no_profile.png\",\"caption\":\"Luca Giovannetti\"}}]}<\/script>\n<!-- \/ Yoast SEO plugin. -->","yoast_head_json":{"title":"Die Autobahn der Blumen, des Lichts, der Schatten und der atemberaubenden Landschaften - Meer &amp; Land - Riviera dei Fiori","robots":{"index":"index","follow":"follow","max-snippet":"max-snippet:-1","max-image-preview":"max-image-preview:large","max-video-preview":"max-video-preview:-1"},"canonical":"https:\/\/www.rivieradeifiori.it\/de\/meer-und-land\/die-autobahn-der-blumen-des-lichts-der-schatten-und-der-atemberaubenden-landschaften\/","twitter_misc":{"Verfasst von":"Luca Giovannetti","Gesch\u00e4tzte Lesezeit":"2\u00a0Minuten"},"schema":{"@context":"https:\/\/schema.org","@graph":[{"@type":"WebPage","@id":"https:\/\/www.rivieradeifiori.it\/de\/meer-und-land\/die-autobahn-der-blumen-des-lichts-der-schatten-und-der-atemberaubenden-landschaften\/","url":"https:\/\/www.rivieradeifiori.it\/de\/meer-und-land\/die-autobahn-der-blumen-des-lichts-der-schatten-und-der-atemberaubenden-landschaften\/","name":"Die Autobahn der Blumen, des Lichts, der Schatten und der atemberaubenden Landschaften - Meer &amp; Land - Riviera dei Fiori","isPartOf":{"@id":"https:\/\/www.rivieradeifiori.it\/de\/#website"},"primaryImageOfPage":{"@id":"https:\/\/www.rivieradeifiori.it\/de\/meer-und-land\/die-autobahn-der-blumen-des-lichts-der-schatten-und-der-atemberaubenden-landschaften\/#primaryimage"},"image":{"@id":"https:\/\/www.rivieradeifiori.it\/de\/meer-und-land\/die-autobahn-der-blumen-des-lichts-der-schatten-und-der-atemberaubenden-landschaften\/#primaryimage"},"thumbnailUrl":"https:\/\/www.rivieradeifiori.it\/wp-content\/uploads\/2017\/10\/Autostrada-Saverio-1.jpg","datePublished":"2018-01-03T15:58:15+00:00","dateModified":"2018-01-03T16:06:32+00:00","author":{"@id":"https:\/\/www.rivieradeifiori.it\/de\/#\/schema\/person\/6cc4e4ed0d74f08798811653e64f69ed"},"breadcrumb":{"@id":"https:\/\/www.rivieradeifiori.it\/de\/meer-und-land\/die-autobahn-der-blumen-des-lichts-der-schatten-und-der-atemberaubenden-landschaften\/#breadcrumb"},"inLanguage":"de","potentialAction":[{"@type":"ReadAction","target":["https:\/\/www.rivieradeifiori.it\/de\/meer-und-land\/die-autobahn-der-blumen-des-lichts-der-schatten-und-der-atemberaubenden-landschaften\/"]}]},{"@type":"ImageObject","inLanguage":"de","@id":"https:\/\/www.rivieradeifiori.it\/de\/meer-und-land\/die-autobahn-der-blumen-des-lichts-der-schatten-und-der-atemberaubenden-landschaften\/#primaryimage","url":"https:\/\/www.rivieradeifiori.it\/wp-content\/uploads\/2017\/10\/Autostrada-Saverio-1.jpg","contentUrl":"https:\/\/www.rivieradeifiori.it\/wp-content\/uploads\/2017\/10\/Autostrada-Saverio-1.jpg","width":2849,"height":1654},{"@type":"BreadcrumbList","@id":"https:\/\/www.rivieradeifiori.it\/de\/meer-und-land\/die-autobahn-der-blumen-des-lichts-der-schatten-und-der-atemberaubenden-landschaften\/#breadcrumb","itemListElement":[{"@type":"ListItem","position":1,"name":"Home","item":"https:\/\/www.rivieradeifiori.it\/de\/"},{"@type":"ListItem","position":2,"name":"Die Autobahn der Blumen, des Lichts, der Schatten und der atemberaubenden Landschaften"}]},{"@type":"WebSite","@id":"https:\/\/www.rivieradeifiori.it\/de\/#website","url":"https:\/\/www.rivieradeifiori.it\/de\/","name":"Riviera dei Fiori","description":"Un mare di colori","potentialAction":[{"@type":"SearchAction","target":{"@type":"EntryPoint","urlTemplate":"https:\/\/www.rivieradeifiori.it\/de\/?s={search_term_string}"},"query-input":{"@type":"PropertyValueSpecification","valueRequired":true,"valueName":"search_term_string"}}],"inLanguage":"de"},{"@type":"Person","@id":"https:\/\/www.rivieradeifiori.it\/de\/#\/schema\/person\/6cc4e4ed0d74f08798811653e64f69ed","name":"Luca Giovannetti","image":{"@type":"ImageObject","inLanguage":"de","@id":"https:\/\/www.rivieradeifiori.it\/de\/#\/schema\/person\/image\/","url":"https:\/\/secure.gravatar.com\/avatar\/092abda2284c50268e586151e014cf903142e524662c62577231430ea44340cf?s=96&r=g&d=https:\/\/www.rivieradeifiori.it\/wp-content\/plugins\/userswp\/assets\/images\/no_profile.png","contentUrl":"https:\/\/secure.gravatar.com\/avatar\/092abda2284c50268e586151e014cf903142e524662c62577231430ea44340cf?s=96&r=g&d=https:\/\/www.rivieradeifiori.it\/wp-content\/plugins\/userswp\/assets\/images\/no_profile.png","caption":"Luca Giovannetti"}}]}},"_links":{"self":[{"href":"https:\/\/www.rivieradeifiori.it\/de\/wp-json\/wp\/v2\/posts\/6613","targetHints":{"allow":["GET"]}}],"collection":[{"href":"https:\/\/www.rivieradeifiori.it\/de\/wp-json\/wp\/v2\/posts"}],"about":[{"href":"https:\/\/www.rivieradeifiori.it\/de\/wp-json\/wp\/v2\/types\/post"}],"author":[{"embeddable":true,"href":"https:\/\/www.rivieradeifiori.it\/de\/wp-json\/wp\/v2\/users\/1"}],"replies":[{"embeddable":true,"href":"https:\/\/www.rivieradeifiori.it\/de\/wp-json\/wp\/v2\/comments?post=6613"}],"version-history":[{"count":0,"href":"https:\/\/www.rivieradeifiori.it\/de\/wp-json\/wp\/v2\/posts\/6613\/revisions"}],"wp:featuredmedia":[{"embeddable":true,"href":"https:\/\/www.rivieradeifiori.it\/de\/wp-json\/wp\/v2\/media\/6424"}],"wp:attachment":[{"href":"https:\/\/www.rivieradeifiori.it\/de\/wp-json\/wp\/v2\/media?parent=6613"}],"wp:term":[{"taxonomy":"category","embeddable":true,"href":"https:\/\/www.rivieradeifiori.it\/de\/wp-json\/wp\/v2\/categories?post=6613"},{"taxonomy":"post_tag","embeddable":true,"href":"https:\/\/www.rivieradeifiori.it\/de\/wp-json\/wp\/v2\/tags?post=6613"}],"curies":[{"name":"wp","href":"https:\/\/api.w.org\/{rel}","templated":true}]}}