{"id":5966,"date":"2017-08-16T23:32:53","date_gmt":"2017-08-16T21:32:53","guid":{"rendered":"http:\/\/www.rivieradeifiori.info\/de\/?p=5966"},"modified":"2017-08-16T23:38:40","modified_gmt":"2017-08-16T21:38:40","slug":"villa-ormond","status":"publish","type":"post","link":"https:\/\/www.rivieradeifiori.it\/de\/meer-und-land\/villa-ormond\/","title":{"rendered":"Villa Ormond"},"content":{"rendered":"<p>Villa Ormond ist das Ergebnis eines Projekts des Internationalen Instituts f\u00fcr humanit\u00e4res Recht und deren Hilfsorganisation, die die Villa in ein architektonisches Schmuckst\u00fcck von Sanremo und eine kulturelle und touristische Attraktion von internationaler Bedeutung umwandelten. Ihr Ziel ist es den Ort zu sch\u00fctzen, zu bewahren und aufzuwerten, der als Veranstaltungsort f\u00fcr Kongresse, Konferenzen, Diskussionsrunden, Workshops, Ausstellungen, kulturelle Veranstaltungen und Freizeit-und Bildungsaktivit\u00e4ten bestimmt ist.<\/p>\n<p>Die Einzigartigkeit und das Prestige der Villa erlauben es auch gesch\u00e4ftliche und private Veranstaltungen zu beherbergen.<\/p>\n<p>Ein erstes Projekt wurde bereits von der Stiftung ins Leben gerufen: Das \u201eVilla Ormond Event\u201c. Ein neues Konzept, welches die Villa Ormond als exklusiven Veranstaltungsort f\u00fcr verschiedene Arten von Veranstaltungen sieht, wie Hochzeiten, Empf\u00e4nge, Galas, Ausstellungen und kulturelle Veranstaltungen. Weitere Informationen, einschlie\u00dflich einer beeindruckenden Fotogalerie, sind auf der Webseite auf www.villaormondevents.com zu finden.<\/p>\n<p>Die urspr\u00fcngliche Berufung des Instituts ist die Ausbildung und Verbreitung des menschlichen Rechts, des Fl\u00fcchtlingsrechts und aller damit verbundenen Lehren.<\/p>\n\n\t\t<style type=\"text\/css\">\n\t\t\t#gallery-1 {\n\t\t\t\tmargin: auto;\n\t\t\t}\n\t\t\t#gallery-1 .gallery-item {\n\t\t\t\tfloat: left;\n\t\t\t\tmargin-top: 10px;\n\t\t\t\ttext-align: center;\n\t\t\t\twidth: 33%;\n\t\t\t}\n\t\t\t#gallery-1 img {\n\t\t\t\tborder: 2px solid #cfcfcf;\n\t\t\t}\n\t\t\t#gallery-1 .gallery-caption {\n\t\t\t\tmargin-left: 0;\n\t\t\t}\n\t\t\t\/* see gallery_shortcode() in wp-includes\/media.php *\/\n\t\t<\/style>\n\t\t<div id='gallery-1' class='gallery galleryid-5966 gallery-columns-3 gallery-size-thumbnail'><dl class='gallery-item'>\n\t\t\t<dt class='gallery-icon landscape'>\n\t\t\t\t<a href='https:\/\/www.rivieradeifiori.it\/de\/meer-und-land\/villa-ormond\/attachment\/photographer-2-2\/'><img decoding=\"async\" width=\"160\" height=\"160\" src=\"https:\/\/www.rivieradeifiori.it\/wp-content\/uploads\/2017\/08\/villa_ormond_sera-RdF-1-160x160.jpg\" class=\"attachment-thumbnail size-thumbnail\" alt=\"\" aria-describedby=\"gallery-1-5957\" srcset=\"https:\/\/www.rivieradeifiori.it\/wp-content\/uploads\/2017\/08\/villa_ormond_sera-RdF-1-160x160.jpg 160w, https:\/\/www.rivieradeifiori.it\/wp-content\/uploads\/2017\/08\/villa_ormond_sera-RdF-1-440x440.jpg 440w, https:\/\/www.rivieradeifiori.it\/wp-content\/uploads\/2017\/08\/villa_ormond_sera-RdF-1-150x150.jpg 150w, https:\/\/www.rivieradeifiori.it\/wp-content\/uploads\/2017\/08\/villa_ormond_sera-RdF-1-65x65.jpg 65w, https:\/\/www.rivieradeifiori.it\/wp-content\/uploads\/2017\/08\/villa_ormond_sera-RdF-1-180x180.jpg 180w, https:\/\/www.rivieradeifiori.it\/wp-content\/uploads\/2017\/08\/villa_ormond_sera-RdF-1-300x300.jpg 300w, https:\/\/www.rivieradeifiori.it\/wp-content\/uploads\/2017\/08\/villa_ormond_sera-RdF-1-600x600.jpg 600w\" sizes=\"(max-width: 160px) 100vw, 160px\" \/><\/a>\n\t\t\t<\/dt>\n\t\t\t\t<dd class='wp-caption-text gallery-caption' id='gallery-1-5957'>\n\t\t\t\tvilla Ormond Sanremo &#8211; Italy\n\t\t\t\t<\/dd><\/dl><dl class='gallery-item'>\n\t\t\t<dt class='gallery-icon landscape'>\n\t\t\t\t<a href='https:\/\/www.rivieradeifiori.it\/de\/meer-und-land\/villa-ormond\/attachment\/villa-ormond-sanremo-italy-2-2\/'><img decoding=\"async\" width=\"160\" height=\"160\" src=\"https:\/\/www.rivieradeifiori.it\/wp-content\/uploads\/2017\/08\/Villa-Ormond-portico-1-160x160.jpg\" class=\"attachment-thumbnail size-thumbnail\" alt=\"\" aria-describedby=\"gallery-1-5952\" srcset=\"https:\/\/www.rivieradeifiori.it\/wp-content\/uploads\/2017\/08\/Villa-Ormond-portico-1-160x160.jpg 160w, https:\/\/www.rivieradeifiori.it\/wp-content\/uploads\/2017\/08\/Villa-Ormond-portico-1-440x440.jpg 440w, https:\/\/www.rivieradeifiori.it\/wp-content\/uploads\/2017\/08\/Villa-Ormond-portico-1-150x150.jpg 150w, https:\/\/www.rivieradeifiori.it\/wp-content\/uploads\/2017\/08\/Villa-Ormond-portico-1-65x65.jpg 65w, https:\/\/www.rivieradeifiori.it\/wp-content\/uploads\/2017\/08\/Villa-Ormond-portico-1-180x180.jpg 180w, https:\/\/www.rivieradeifiori.it\/wp-content\/uploads\/2017\/08\/Villa-Ormond-portico-1-300x300.jpg 300w, https:\/\/www.rivieradeifiori.it\/wp-content\/uploads\/2017\/08\/Villa-Ormond-portico-1-600x600.jpg 600w\" sizes=\"(max-width: 160px) 100vw, 160px\" \/><\/a>\n\t\t\t<\/dt>\n\t\t\t\t<dd class='wp-caption-text gallery-caption' id='gallery-1-5952'>\n\t\t\t\tvilla Ormond Sanremo &#8211; Italy\n\t\t\t\t<\/dd><\/dl><dl class='gallery-item'>\n\t\t\t<dt class='gallery-icon landscape'>\n\t\t\t\t<a href='https:\/\/www.rivieradeifiori.it\/de\/meer-und-land\/villa-ormond\/attachment\/ormond-palme-e-agave-3-2\/'><img decoding=\"async\" width=\"160\" height=\"160\" src=\"https:\/\/www.rivieradeifiori.it\/wp-content\/uploads\/2017\/08\/Ormond-palme-e-agave-1-160x160.jpg\" class=\"attachment-thumbnail size-thumbnail\" alt=\"\" aria-describedby=\"gallery-1-5947\" srcset=\"https:\/\/www.rivieradeifiori.it\/wp-content\/uploads\/2017\/08\/Ormond-palme-e-agave-1-160x160.jpg 160w, https:\/\/www.rivieradeifiori.it\/wp-content\/uploads\/2017\/08\/Ormond-palme-e-agave-1-440x440.jpg 440w, https:\/\/www.rivieradeifiori.it\/wp-content\/uploads\/2017\/08\/Ormond-palme-e-agave-1-150x150.jpg 150w, https:\/\/www.rivieradeifiori.it\/wp-content\/uploads\/2017\/08\/Ormond-palme-e-agave-1-65x65.jpg 65w, https:\/\/www.rivieradeifiori.it\/wp-content\/uploads\/2017\/08\/Ormond-palme-e-agave-1-180x180.jpg 180w, https:\/\/www.rivieradeifiori.it\/wp-content\/uploads\/2017\/08\/Ormond-palme-e-agave-1-300x300.jpg 300w, https:\/\/www.rivieradeifiori.it\/wp-content\/uploads\/2017\/08\/Ormond-palme-e-agave-1-600x600.jpg 600w\" sizes=\"(max-width: 160px) 100vw, 160px\" \/><\/a>\n\t\t\t<\/dt>\n\t\t\t\t<dd class='wp-caption-text gallery-caption' id='gallery-1-5947'>\n\t\t\t\tvilla Ormond Sanremo &#8211; Italy\n\t\t\t\t<\/dd><\/dl><br style=\"clear: both\" \/>\n\t\t<\/div>\n\n","protected":false},"excerpt":{"rendered":"<p>Villa Ormond ist das Ergebnis eines Projekts des Internationalen Instituts f\u00fcr humanit\u00e4res Recht und deren Hilfsorganisation, die die Villa in ein architektonisches Schmuckst\u00fcck von Sanremo und eine kulturelle und touristische Attraktion von internationaler Bedeutung umwandelten. Ihr Ziel ist es den Ort zu sch\u00fctzen, zu bewahren und aufzuwerten, der als Veranstaltungsort f\u00fcr Kongresse, Konferenzen, Diskussionsrunden, Workshops, [&hellip;]<\/p>\n","protected":false},"author":1,"featured_media":5952,"comment_status":"closed","ping_status":"open","sticky":false,"template":"","format":"standard","meta":{"_et_pb_use_builder":"","_et_pb_old_content":"","_et_gb_content_width":"","_eb_attr":"","_vp_format_video_url":"","_vp_image_focal_point":[],"_vp_custom_popup_image":0,"_vp_format_audio_url":"","_vp_custom_thumbnail":0,"_vp_custom_thumbnail_focal_point":[],"_vp_hover_thumbnail":0,"_vp_hover_thumbnail_focal_point":[],"footnotes":""},"categories":[58],"tags":[1005],"class_list":["post-5966","post","type-post","status-publish","format-standard","has-post-thumbnail","hentry","category-meer-und-land","tag-sanremo-de","et-has-post-format-content","et_post_format-et-post-format-standard"],"yoast_head":"<!-- This site is optimized with the Yoast SEO plugin v25.7 - https:\/\/yoast.com\/wordpress\/plugins\/seo\/ -->\n<title>Villa Ormond - Meer &amp; Land - Riviera dei Fiori<\/title>\n<meta name=\"robots\" content=\"index, follow, max-snippet:-1, max-image-preview:large, max-video-preview:-1\" \/>\n<link rel=\"canonical\" href=\"https:\/\/www.rivieradeifiori.it\/de\/meer-und-land\/villa-ormond\/\" \/>\n<meta name=\"twitter:label1\" content=\"Verfasst von\" \/>\n\t<meta name=\"twitter:data1\" content=\"Luca Giovannetti\" \/>\n\t<meta name=\"twitter:label2\" content=\"Gesch\u00e4tzte Lesezeit\" \/>\n\t<meta name=\"twitter:data2\" content=\"1\u00a0Minute\" \/>\n<script type=\"application\/ld+json\" class=\"yoast-schema-graph\">{\"@context\":\"https:\/\/schema.org\",\"@graph\":[{\"@type\":\"WebPage\",\"@id\":\"https:\/\/www.rivieradeifiori.it\/de\/meer-und-land\/villa-ormond\/\",\"url\":\"https:\/\/www.rivieradeifiori.it\/de\/meer-und-land\/villa-ormond\/\",\"name\":\"Villa Ormond - Meer &amp; Land - Riviera dei Fiori\",\"isPartOf\":{\"@id\":\"https:\/\/www.rivieradeifiori.it\/de\/#website\"},\"primaryImageOfPage\":{\"@id\":\"https:\/\/www.rivieradeifiori.it\/de\/meer-und-land\/villa-ormond\/#primaryimage\"},\"image\":{\"@id\":\"https:\/\/www.rivieradeifiori.it\/de\/meer-und-land\/villa-ormond\/#primaryimage\"},\"thumbnailUrl\":\"https:\/\/www.rivieradeifiori.it\/wp-content\/uploads\/2017\/08\/Villa-Ormond-portico-1.jpg\",\"datePublished\":\"2017-08-16T21:32:53+00:00\",\"dateModified\":\"2017-08-16T21:38:40+00:00\",\"author\":{\"@id\":\"https:\/\/www.rivieradeifiori.it\/de\/#\/schema\/person\/6cc4e4ed0d74f08798811653e64f69ed\"},\"breadcrumb\":{\"@id\":\"https:\/\/www.rivieradeifiori.it\/de\/meer-und-land\/villa-ormond\/#breadcrumb\"},\"inLanguage\":\"de\",\"potentialAction\":[{\"@type\":\"ReadAction\",\"target\":[\"https:\/\/www.rivieradeifiori.it\/de\/meer-und-land\/villa-ormond\/\"]}]},{\"@type\":\"ImageObject\",\"inLanguage\":\"de\",\"@id\":\"https:\/\/www.rivieradeifiori.it\/de\/meer-und-land\/villa-ormond\/#primaryimage\",\"url\":\"https:\/\/www.rivieradeifiori.it\/wp-content\/uploads\/2017\/08\/Villa-Ormond-portico-1.jpg\",\"contentUrl\":\"https:\/\/www.rivieradeifiori.it\/wp-content\/uploads\/2017\/08\/Villa-Ormond-portico-1.jpg\",\"width\":1417,\"height\":944,\"caption\":\"villa Ormond Sanremo - Italy\"},{\"@type\":\"BreadcrumbList\",\"@id\":\"https:\/\/www.rivieradeifiori.it\/de\/meer-und-land\/villa-ormond\/#breadcrumb\",\"itemListElement\":[{\"@type\":\"ListItem\",\"position\":1,\"name\":\"Home\",\"item\":\"https:\/\/www.rivieradeifiori.it\/de\/\"},{\"@type\":\"ListItem\",\"position\":2,\"name\":\"Villa Ormond\"}]},{\"@type\":\"WebSite\",\"@id\":\"https:\/\/www.rivieradeifiori.it\/de\/#website\",\"url\":\"https:\/\/www.rivieradeifiori.it\/de\/\",\"name\":\"Riviera dei Fiori\",\"description\":\"Un mare di colori\",\"potentialAction\":[{\"@type\":\"SearchAction\",\"target\":{\"@type\":\"EntryPoint\",\"urlTemplate\":\"https:\/\/www.rivieradeifiori.it\/de\/?s={search_term_string}\"},\"query-input\":{\"@type\":\"PropertyValueSpecification\",\"valueRequired\":true,\"valueName\":\"search_term_string\"}}],\"inLanguage\":\"de\"},{\"@type\":\"Person\",\"@id\":\"https:\/\/www.rivieradeifiori.it\/de\/#\/schema\/person\/6cc4e4ed0d74f08798811653e64f69ed\",\"name\":\"Luca Giovannetti\",\"image\":{\"@type\":\"ImageObject\",\"inLanguage\":\"de\",\"@id\":\"https:\/\/www.rivieradeifiori.it\/de\/#\/schema\/person\/image\/\",\"url\":\"https:\/\/secure.gravatar.com\/avatar\/092abda2284c50268e586151e014cf903142e524662c62577231430ea44340cf?s=96&r=g&d=https:\/\/www.rivieradeifiori.it\/wp-content\/plugins\/userswp\/assets\/images\/no_profile.png\",\"contentUrl\":\"https:\/\/secure.gravatar.com\/avatar\/092abda2284c50268e586151e014cf903142e524662c62577231430ea44340cf?s=96&r=g&d=https:\/\/www.rivieradeifiori.it\/wp-content\/plugins\/userswp\/assets\/images\/no_profile.png\",\"caption\":\"Luca Giovannetti\"}}]}<\/script>\n<!-- \/ Yoast SEO plugin. -->","yoast_head_json":{"title":"Villa Ormond - Meer &amp; Land - Riviera dei Fiori","robots":{"index":"index","follow":"follow","max-snippet":"max-snippet:-1","max-image-preview":"max-image-preview:large","max-video-preview":"max-video-preview:-1"},"canonical":"https:\/\/www.rivieradeifiori.it\/de\/meer-und-land\/villa-ormond\/","twitter_misc":{"Verfasst von":"Luca Giovannetti","Gesch\u00e4tzte Lesezeit":"1\u00a0Minute"},"schema":{"@context":"https:\/\/schema.org","@graph":[{"@type":"WebPage","@id":"https:\/\/www.rivieradeifiori.it\/de\/meer-und-land\/villa-ormond\/","url":"https:\/\/www.rivieradeifiori.it\/de\/meer-und-land\/villa-ormond\/","name":"Villa Ormond - Meer &amp; Land - Riviera dei Fiori","isPartOf":{"@id":"https:\/\/www.rivieradeifiori.it\/de\/#website"},"primaryImageOfPage":{"@id":"https:\/\/www.rivieradeifiori.it\/de\/meer-und-land\/villa-ormond\/#primaryimage"},"image":{"@id":"https:\/\/www.rivieradeifiori.it\/de\/meer-und-land\/villa-ormond\/#primaryimage"},"thumbnailUrl":"https:\/\/www.rivieradeifiori.it\/wp-content\/uploads\/2017\/08\/Villa-Ormond-portico-1.jpg","datePublished":"2017-08-16T21:32:53+00:00","dateModified":"2017-08-16T21:38:40+00:00","author":{"@id":"https:\/\/www.rivieradeifiori.it\/de\/#\/schema\/person\/6cc4e4ed0d74f08798811653e64f69ed"},"breadcrumb":{"@id":"https:\/\/www.rivieradeifiori.it\/de\/meer-und-land\/villa-ormond\/#breadcrumb"},"inLanguage":"de","potentialAction":[{"@type":"ReadAction","target":["https:\/\/www.rivieradeifiori.it\/de\/meer-und-land\/villa-ormond\/"]}]},{"@type":"ImageObject","inLanguage":"de","@id":"https:\/\/www.rivieradeifiori.it\/de\/meer-und-land\/villa-ormond\/#primaryimage","url":"https:\/\/www.rivieradeifiori.it\/wp-content\/uploads\/2017\/08\/Villa-Ormond-portico-1.jpg","contentUrl":"https:\/\/www.rivieradeifiori.it\/wp-content\/uploads\/2017\/08\/Villa-Ormond-portico-1.jpg","width":1417,"height":944,"caption":"villa Ormond Sanremo - Italy"},{"@type":"BreadcrumbList","@id":"https:\/\/www.rivieradeifiori.it\/de\/meer-und-land\/villa-ormond\/#breadcrumb","itemListElement":[{"@type":"ListItem","position":1,"name":"Home","item":"https:\/\/www.rivieradeifiori.it\/de\/"},{"@type":"ListItem","position":2,"name":"Villa Ormond"}]},{"@type":"WebSite","@id":"https:\/\/www.rivieradeifiori.it\/de\/#website","url":"https:\/\/www.rivieradeifiori.it\/de\/","name":"Riviera dei Fiori","description":"Un mare di colori","potentialAction":[{"@type":"SearchAction","target":{"@type":"EntryPoint","urlTemplate":"https:\/\/www.rivieradeifiori.it\/de\/?s={search_term_string}"},"query-input":{"@type":"PropertyValueSpecification","valueRequired":true,"valueName":"search_term_string"}}],"inLanguage":"de"},{"@type":"Person","@id":"https:\/\/www.rivieradeifiori.it\/de\/#\/schema\/person\/6cc4e4ed0d74f08798811653e64f69ed","name":"Luca Giovannetti","image":{"@type":"ImageObject","inLanguage":"de","@id":"https:\/\/www.rivieradeifiori.it\/de\/#\/schema\/person\/image\/","url":"https:\/\/secure.gravatar.com\/avatar\/092abda2284c50268e586151e014cf903142e524662c62577231430ea44340cf?s=96&r=g&d=https:\/\/www.rivieradeifiori.it\/wp-content\/plugins\/userswp\/assets\/images\/no_profile.png","contentUrl":"https:\/\/secure.gravatar.com\/avatar\/092abda2284c50268e586151e014cf903142e524662c62577231430ea44340cf?s=96&r=g&d=https:\/\/www.rivieradeifiori.it\/wp-content\/plugins\/userswp\/assets\/images\/no_profile.png","caption":"Luca Giovannetti"}}]}},"_links":{"self":[{"href":"https:\/\/www.rivieradeifiori.it\/de\/wp-json\/wp\/v2\/posts\/5966","targetHints":{"allow":["GET"]}}],"collection":[{"href":"https:\/\/www.rivieradeifiori.it\/de\/wp-json\/wp\/v2\/posts"}],"about":[{"href":"https:\/\/www.rivieradeifiori.it\/de\/wp-json\/wp\/v2\/types\/post"}],"author":[{"embeddable":true,"href":"https:\/\/www.rivieradeifiori.it\/de\/wp-json\/wp\/v2\/users\/1"}],"replies":[{"embeddable":true,"href":"https:\/\/www.rivieradeifiori.it\/de\/wp-json\/wp\/v2\/comments?post=5966"}],"version-history":[{"count":0,"href":"https:\/\/www.rivieradeifiori.it\/de\/wp-json\/wp\/v2\/posts\/5966\/revisions"}],"wp:featuredmedia":[{"embeddable":true,"href":"https:\/\/www.rivieradeifiori.it\/de\/wp-json\/wp\/v2\/media\/5952"}],"wp:attachment":[{"href":"https:\/\/www.rivieradeifiori.it\/de\/wp-json\/wp\/v2\/media?parent=5966"}],"wp:term":[{"taxonomy":"category","embeddable":true,"href":"https:\/\/www.rivieradeifiori.it\/de\/wp-json\/wp\/v2\/categories?post=5966"},{"taxonomy":"post_tag","embeddable":true,"href":"https:\/\/www.rivieradeifiori.it\/de\/wp-json\/wp\/v2\/tags?post=5966"}],"curies":[{"name":"wp","href":"https:\/\/api.w.org\/{rel}","templated":true}]}}