{"id":5624,"date":"2017-08-16T14:12:34","date_gmt":"2017-08-16T12:12:34","guid":{"rendered":"http:\/\/www.rivieradeifiori.info\/de\/?p=5624"},"modified":"2022-06-10T15:26:14","modified_gmt":"2022-06-10T13:26:14","slug":"im-palazzo-del-parco-marm-von-diano-marina-eine-truhe-voll-von-schaetzen","status":"publish","type":"post","link":"https:\/\/www.rivieradeifiori.it\/de\/kunst-und-kultur\/im-palazzo-del-parco-marm-von-diano-marina-eine-truhe-voll-von-schaetzen\/","title":{"rendered":"Im Palazzo del Parco di MARM von Diano Marina: Eine Truhe voll von Sch\u00e4tzen"},"content":{"rendered":"<p>Das kulturelle Zentrum der Gemeinde von Diano Marina befindet sich in Corso Garibaldi 60. \u00dcber verschiedene Etagen verteilt, kann der Besucher unterschiedliche kulturelle Realit\u00e4ten finden, begonnen bei der Bibliothek, die nach dem gro\u00dfen dianesischen Dichter \u201eAngiolo Silvio Novaro\u201c benannt ist.<\/p>\n<p>Im Konferenzsaal der Bibliothek eine kleine Kunstgalerie mit Werken von K\u00fcnstlern, die den Ausstellungs- und Konferenzsaal f\u00fcr ihre Einzelausstellungen genutzt haben und die dank der Spenden der Autoren selbst st\u00e4ndig weiterw\u00e4chst.<\/p>\n<p>Dann die neue Ausstattung des Museums Civico Archeologico von Diano Marina, die am 5. September 2004 vom Internationalen Institut f\u00fcr Ligurische Studien er\u00f6ffnet wurde. In neun Ausstellungss\u00e4len und einem Medienraum sind die in der Gegend von Diano Marina vom Kap Berta bis zum Kap Cervo gefundenen \u00dcberreste ausgestellt, die von der Urzeit bis zur sp\u00e4tromanischen Epoche reichen.<\/p>\n<p>Der dritte Bereich des Geb\u00e4udes ist der Abteilung Risorgimento \u201eAndrea Rossi\u201c gewidmet, der am 23. Juni 2007 eingeweiht und im M\u00e4rz 2011 anl\u00e4sslich des 150. Jahrestages der Vereinigung Italiens neu eingerichtet wurde. Hier finden Sie Exponate und Erinnerungsst\u00fccke, die dem \u201ePiloten der Mille\u201c angeh\u00f6rten, dem Dianese Andrea Rossi und dem General Nicola Ardoino, K\u00e4mpfer des Risorgimento. Desweiteren Fahnen, Uniformen (darunter die ber\u00fchmte der Garibaldini), Medaillen, Waffen, Dokumente und sogar die ber\u00fchmte \u201eLaterne\u201c, die Garibaldi der Tochter von Rossi schenkte und die vom \u201eHelden der zwei Welten\u201c beim Abstieg des Aspromonte verwendet wurde.<\/p>\n<p>Das Kulturzentrum im Atrium des Geb\u00e4udes beherbergt die Abteilung der Mineralien, die 2005 eingeweiht und im M\u00e4rz 2011 mit einem Teil der Kollektion des Ingenieurs De Cavero, gro\u00dfer Mineralienexperte erneuert wurde. Sie besteht aus mehr als 250 St\u00fccken. Die Mineralien stammen aus ligurischen Orten, zahlreichen italienischen Regionen und einigen anderen L\u00e4ndern wie Schweiz, Brasilien, Uruguay, Madagaskar und S\u00fcdafrika.<\/p>\n<p>F\u00fcr weitere Informationen: www.palazzodelparco.it<\/p>\n<p><em>[Viviana Spada]<\/em><\/p>\n\n\t\t<style type=\"text\/css\">\n\t\t\t#gallery-1 {\n\t\t\t\tmargin: auto;\n\t\t\t}\n\t\t\t#gallery-1 .gallery-item {\n\t\t\t\tfloat: left;\n\t\t\t\tmargin-top: 10px;\n\t\t\t\ttext-align: center;\n\t\t\t\twidth: 33%;\n\t\t\t}\n\t\t\t#gallery-1 img {\n\t\t\t\tborder: 2px solid #cfcfcf;\n\t\t\t}\n\t\t\t#gallery-1 .gallery-caption {\n\t\t\t\tmargin-left: 0;\n\t\t\t}\n\t\t\t\/* see gallery_shortcode() in wp-includes\/media.php *\/\n\t\t<\/style>\n\t\t<div id='gallery-1' class='gallery galleryid-5624 gallery-columns-3 gallery-size-thumbnail'><dl class='gallery-item'>\n\t\t\t<dt class='gallery-icon portrait'>\n\t\t\t\t<a href='https:\/\/www.rivieradeifiori.it\/de\/kunst-und-kultur\/im-palazzo-del-parco-marm-von-diano-marina-eine-truhe-voll-von-schaetzen\/attachment\/museo-diano-3-2-2\/'><img decoding=\"async\" width=\"160\" height=\"160\" src=\"https:\/\/www.rivieradeifiori.it\/wp-content\/uploads\/2017\/08\/Museo-Diano-3-1-160x160.jpg\" class=\"attachment-thumbnail size-thumbnail\" alt=\"\" srcset=\"https:\/\/www.rivieradeifiori.it\/wp-content\/uploads\/2017\/08\/Museo-Diano-3-1-160x160.jpg 160w, https:\/\/www.rivieradeifiori.it\/wp-content\/uploads\/2017\/08\/Museo-Diano-3-1-440x440.jpg 440w, https:\/\/www.rivieradeifiori.it\/wp-content\/uploads\/2017\/08\/Museo-Diano-3-1-150x150.jpg 150w, https:\/\/www.rivieradeifiori.it\/wp-content\/uploads\/2017\/08\/Museo-Diano-3-1-65x65.jpg 65w, https:\/\/www.rivieradeifiori.it\/wp-content\/uploads\/2017\/08\/Museo-Diano-3-1-180x180.jpg 180w, https:\/\/www.rivieradeifiori.it\/wp-content\/uploads\/2017\/08\/Museo-Diano-3-1-300x300.jpg 300w, https:\/\/www.rivieradeifiori.it\/wp-content\/uploads\/2017\/08\/Museo-Diano-3-1-600x600.jpg 600w\" sizes=\"(max-width: 160px) 100vw, 160px\" \/><\/a>\n\t\t\t<\/dt><\/dl><dl class='gallery-item'>\n\t\t\t<dt class='gallery-icon landscape'>\n\t\t\t\t<a href='https:\/\/www.rivieradeifiori.it\/de\/kunst-und-kultur\/im-palazzo-del-parco-marm-von-diano-marina-eine-truhe-voll-von-schaetzen\/attachment\/museo-diano-2-2-2\/'><img decoding=\"async\" width=\"160\" height=\"160\" src=\"https:\/\/www.rivieradeifiori.it\/wp-content\/uploads\/2017\/08\/Museo-Diano-2-1-160x160.jpg\" class=\"attachment-thumbnail size-thumbnail\" alt=\"\" srcset=\"https:\/\/www.rivieradeifiori.it\/wp-content\/uploads\/2017\/08\/Museo-Diano-2-1-160x160.jpg 160w, https:\/\/www.rivieradeifiori.it\/wp-content\/uploads\/2017\/08\/Museo-Diano-2-1-440x440.jpg 440w, https:\/\/www.rivieradeifiori.it\/wp-content\/uploads\/2017\/08\/Museo-Diano-2-1-150x150.jpg 150w, https:\/\/www.rivieradeifiori.it\/wp-content\/uploads\/2017\/08\/Museo-Diano-2-1-65x65.jpg 65w, https:\/\/www.rivieradeifiori.it\/wp-content\/uploads\/2017\/08\/Museo-Diano-2-1-180x180.jpg 180w, https:\/\/www.rivieradeifiori.it\/wp-content\/uploads\/2017\/08\/Museo-Diano-2-1-300x300.jpg 300w, https:\/\/www.rivieradeifiori.it\/wp-content\/uploads\/2017\/08\/Museo-Diano-2-1-600x600.jpg 600w\" sizes=\"(max-width: 160px) 100vw, 160px\" \/><\/a>\n\t\t\t<\/dt><\/dl><dl class='gallery-item'>\n\t\t\t<dt class='gallery-icon landscape'>\n\t\t\t\t<a href='https:\/\/www.rivieradeifiori.it\/de\/kunst-und-kultur\/im-palazzo-del-parco-marm-von-diano-marina-eine-truhe-voll-von-schaetzen\/attachment\/museo-diano-1-2-2\/'><img decoding=\"async\" width=\"160\" height=\"160\" src=\"https:\/\/www.rivieradeifiori.it\/wp-content\/uploads\/2017\/08\/Museo-Diano-1-1-160x160.jpg\" class=\"attachment-thumbnail size-thumbnail\" alt=\"\" srcset=\"https:\/\/www.rivieradeifiori.it\/wp-content\/uploads\/2017\/08\/Museo-Diano-1-1-160x160.jpg 160w, https:\/\/www.rivieradeifiori.it\/wp-content\/uploads\/2017\/08\/Museo-Diano-1-1-440x440.jpg 440w, https:\/\/www.rivieradeifiori.it\/wp-content\/uploads\/2017\/08\/Museo-Diano-1-1-150x150.jpg 150w, https:\/\/www.rivieradeifiori.it\/wp-content\/uploads\/2017\/08\/Museo-Diano-1-1-65x65.jpg 65w, https:\/\/www.rivieradeifiori.it\/wp-content\/uploads\/2017\/08\/Museo-Diano-1-1-180x180.jpg 180w, https:\/\/www.rivieradeifiori.it\/wp-content\/uploads\/2017\/08\/Museo-Diano-1-1-300x300.jpg 300w, https:\/\/www.rivieradeifiori.it\/wp-content\/uploads\/2017\/08\/Museo-Diano-1-1-600x600.jpg 600w\" sizes=\"(max-width: 160px) 100vw, 160px\" \/><\/a>\n\t\t\t<\/dt><\/dl><br style=\"clear: both\" \/>\n\t\t<\/div>\n\n<p>&nbsp;<\/p>\n","protected":false},"excerpt":{"rendered":"<p>Das kulturelle Zentrum der Gemeinde von Diano Marina befindet sich in Corso Garibaldi 60. \u00dcber verschiedene Etagen verteilt, kann der Besucher unterschiedliche kulturelle Realit\u00e4ten finden, begonnen bei der Bibliothek, die nach dem gro\u00dfen dianesischen Dichter \u201eAngiolo Silvio Novaro\u201c benannt ist. Im Konferenzsaal der Bibliothek eine kleine Kunstgalerie mit Werken von K\u00fcnstlern, die den Ausstellungs- und [&hellip;]<\/p>\n","protected":false},"author":1,"featured_media":5611,"comment_status":"closed","ping_status":"open","sticky":false,"template":"","format":"standard","meta":{"_et_pb_use_builder":"","_et_pb_old_content":"","_et_gb_content_width":"","_eb_attr":"","_vp_format_video_url":"","_vp_image_focal_point":[],"_vp_custom_popup_image":0,"_vp_format_audio_url":"","_vp_custom_thumbnail":0,"_vp_custom_thumbnail_focal_point":[],"_vp_hover_thumbnail":0,"_vp_hover_thumbnail_focal_point":[],"footnotes":""},"categories":[48],"tags":[1034,1386],"class_list":["post-5624","post","type-post","status-publish","format-standard","has-post-thumbnail","hentry","category-kunst-und-kultur","tag-diano-marina-de","tag-museen","et-has-post-format-content","et_post_format-et-post-format-standard"],"yoast_head":"<!-- This site is optimized with the Yoast SEO plugin v25.7 - https:\/\/yoast.com\/wordpress\/plugins\/seo\/ -->\n<title>Im Palazzo del Parco di MARM von Diano Marina: Eine Truhe voll von Sch\u00e4tzen - Kunst &amp; Kultur - Riviera dei Fiori<\/title>\n<meta name=\"robots\" content=\"index, follow, max-snippet:-1, max-image-preview:large, max-video-preview:-1\" \/>\n<link rel=\"canonical\" href=\"https:\/\/www.rivieradeifiori.it\/de\/kunst-und-kultur\/im-palazzo-del-parco-marm-von-diano-marina-eine-truhe-voll-von-schaetzen\/\" \/>\n<meta name=\"twitter:label1\" content=\"Verfasst von\" \/>\n\t<meta name=\"twitter:data1\" content=\"Luca Giovannetti\" \/>\n\t<meta name=\"twitter:label2\" content=\"Gesch\u00e4tzte Lesezeit\" \/>\n\t<meta name=\"twitter:data2\" content=\"2\u00a0Minuten\" \/>\n<script type=\"application\/ld+json\" class=\"yoast-schema-graph\">{\"@context\":\"https:\/\/schema.org\",\"@graph\":[{\"@type\":\"WebPage\",\"@id\":\"https:\/\/www.rivieradeifiori.it\/de\/kunst-und-kultur\/im-palazzo-del-parco-marm-von-diano-marina-eine-truhe-voll-von-schaetzen\/\",\"url\":\"https:\/\/www.rivieradeifiori.it\/de\/kunst-und-kultur\/im-palazzo-del-parco-marm-von-diano-marina-eine-truhe-voll-von-schaetzen\/\",\"name\":\"Im Palazzo del Parco di MARM von Diano Marina: Eine Truhe voll von Sch\u00e4tzen - Kunst &amp; Kultur - Riviera dei Fiori\",\"isPartOf\":{\"@id\":\"https:\/\/www.rivieradeifiori.it\/de\/#website\"},\"primaryImageOfPage\":{\"@id\":\"https:\/\/www.rivieradeifiori.it\/de\/kunst-und-kultur\/im-palazzo-del-parco-marm-von-diano-marina-eine-truhe-voll-von-schaetzen\/#primaryimage\"},\"image\":{\"@id\":\"https:\/\/www.rivieradeifiori.it\/de\/kunst-und-kultur\/im-palazzo-del-parco-marm-von-diano-marina-eine-truhe-voll-von-schaetzen\/#primaryimage\"},\"thumbnailUrl\":\"https:\/\/www.rivieradeifiori.it\/wp-content\/uploads\/2017\/08\/Museo-Diano-2-1.jpg\",\"datePublished\":\"2017-08-16T12:12:34+00:00\",\"dateModified\":\"2022-06-10T13:26:14+00:00\",\"author\":{\"@id\":\"https:\/\/www.rivieradeifiori.it\/de\/#\/schema\/person\/6cc4e4ed0d74f08798811653e64f69ed\"},\"breadcrumb\":{\"@id\":\"https:\/\/www.rivieradeifiori.it\/de\/kunst-und-kultur\/im-palazzo-del-parco-marm-von-diano-marina-eine-truhe-voll-von-schaetzen\/#breadcrumb\"},\"inLanguage\":\"de\",\"potentialAction\":[{\"@type\":\"ReadAction\",\"target\":[\"https:\/\/www.rivieradeifiori.it\/de\/kunst-und-kultur\/im-palazzo-del-parco-marm-von-diano-marina-eine-truhe-voll-von-schaetzen\/\"]}]},{\"@type\":\"ImageObject\",\"inLanguage\":\"de\",\"@id\":\"https:\/\/www.rivieradeifiori.it\/de\/kunst-und-kultur\/im-palazzo-del-parco-marm-von-diano-marina-eine-truhe-voll-von-schaetzen\/#primaryimage\",\"url\":\"https:\/\/www.rivieradeifiori.it\/wp-content\/uploads\/2017\/08\/Museo-Diano-2-1.jpg\",\"contentUrl\":\"https:\/\/www.rivieradeifiori.it\/wp-content\/uploads\/2017\/08\/Museo-Diano-2-1.jpg\",\"width\":1417,\"height\":945},{\"@type\":\"BreadcrumbList\",\"@id\":\"https:\/\/www.rivieradeifiori.it\/de\/kunst-und-kultur\/im-palazzo-del-parco-marm-von-diano-marina-eine-truhe-voll-von-schaetzen\/#breadcrumb\",\"itemListElement\":[{\"@type\":\"ListItem\",\"position\":1,\"name\":\"Home\",\"item\":\"https:\/\/www.rivieradeifiori.it\/de\/\"},{\"@type\":\"ListItem\",\"position\":2,\"name\":\"Im Palazzo del Parco di MARM von Diano Marina: Eine Truhe voll von Sch\u00e4tzen\"}]},{\"@type\":\"WebSite\",\"@id\":\"https:\/\/www.rivieradeifiori.it\/de\/#website\",\"url\":\"https:\/\/www.rivieradeifiori.it\/de\/\",\"name\":\"Riviera dei Fiori\",\"description\":\"Un mare di colori\",\"potentialAction\":[{\"@type\":\"SearchAction\",\"target\":{\"@type\":\"EntryPoint\",\"urlTemplate\":\"https:\/\/www.rivieradeifiori.it\/de\/?s={search_term_string}\"},\"query-input\":{\"@type\":\"PropertyValueSpecification\",\"valueRequired\":true,\"valueName\":\"search_term_string\"}}],\"inLanguage\":\"de\"},{\"@type\":\"Person\",\"@id\":\"https:\/\/www.rivieradeifiori.it\/de\/#\/schema\/person\/6cc4e4ed0d74f08798811653e64f69ed\",\"name\":\"Luca Giovannetti\",\"image\":{\"@type\":\"ImageObject\",\"inLanguage\":\"de\",\"@id\":\"https:\/\/www.rivieradeifiori.it\/de\/#\/schema\/person\/image\/\",\"url\":\"https:\/\/secure.gravatar.com\/avatar\/092abda2284c50268e586151e014cf903142e524662c62577231430ea44340cf?s=96&r=g&d=https:\/\/www.rivieradeifiori.it\/wp-content\/plugins\/userswp\/assets\/images\/no_profile.png\",\"contentUrl\":\"https:\/\/secure.gravatar.com\/avatar\/092abda2284c50268e586151e014cf903142e524662c62577231430ea44340cf?s=96&r=g&d=https:\/\/www.rivieradeifiori.it\/wp-content\/plugins\/userswp\/assets\/images\/no_profile.png\",\"caption\":\"Luca Giovannetti\"}}]}<\/script>\n<!-- \/ Yoast SEO plugin. -->","yoast_head_json":{"title":"Im Palazzo del Parco di MARM von Diano Marina: Eine Truhe voll von Sch\u00e4tzen - Kunst &amp; Kultur - Riviera dei Fiori","robots":{"index":"index","follow":"follow","max-snippet":"max-snippet:-1","max-image-preview":"max-image-preview:large","max-video-preview":"max-video-preview:-1"},"canonical":"https:\/\/www.rivieradeifiori.it\/de\/kunst-und-kultur\/im-palazzo-del-parco-marm-von-diano-marina-eine-truhe-voll-von-schaetzen\/","twitter_misc":{"Verfasst von":"Luca Giovannetti","Gesch\u00e4tzte Lesezeit":"2\u00a0Minuten"},"schema":{"@context":"https:\/\/schema.org","@graph":[{"@type":"WebPage","@id":"https:\/\/www.rivieradeifiori.it\/de\/kunst-und-kultur\/im-palazzo-del-parco-marm-von-diano-marina-eine-truhe-voll-von-schaetzen\/","url":"https:\/\/www.rivieradeifiori.it\/de\/kunst-und-kultur\/im-palazzo-del-parco-marm-von-diano-marina-eine-truhe-voll-von-schaetzen\/","name":"Im Palazzo del Parco di MARM von Diano Marina: Eine Truhe voll von Sch\u00e4tzen - Kunst &amp; Kultur - Riviera dei Fiori","isPartOf":{"@id":"https:\/\/www.rivieradeifiori.it\/de\/#website"},"primaryImageOfPage":{"@id":"https:\/\/www.rivieradeifiori.it\/de\/kunst-und-kultur\/im-palazzo-del-parco-marm-von-diano-marina-eine-truhe-voll-von-schaetzen\/#primaryimage"},"image":{"@id":"https:\/\/www.rivieradeifiori.it\/de\/kunst-und-kultur\/im-palazzo-del-parco-marm-von-diano-marina-eine-truhe-voll-von-schaetzen\/#primaryimage"},"thumbnailUrl":"https:\/\/www.rivieradeifiori.it\/wp-content\/uploads\/2017\/08\/Museo-Diano-2-1.jpg","datePublished":"2017-08-16T12:12:34+00:00","dateModified":"2022-06-10T13:26:14+00:00","author":{"@id":"https:\/\/www.rivieradeifiori.it\/de\/#\/schema\/person\/6cc4e4ed0d74f08798811653e64f69ed"},"breadcrumb":{"@id":"https:\/\/www.rivieradeifiori.it\/de\/kunst-und-kultur\/im-palazzo-del-parco-marm-von-diano-marina-eine-truhe-voll-von-schaetzen\/#breadcrumb"},"inLanguage":"de","potentialAction":[{"@type":"ReadAction","target":["https:\/\/www.rivieradeifiori.it\/de\/kunst-und-kultur\/im-palazzo-del-parco-marm-von-diano-marina-eine-truhe-voll-von-schaetzen\/"]}]},{"@type":"ImageObject","inLanguage":"de","@id":"https:\/\/www.rivieradeifiori.it\/de\/kunst-und-kultur\/im-palazzo-del-parco-marm-von-diano-marina-eine-truhe-voll-von-schaetzen\/#primaryimage","url":"https:\/\/www.rivieradeifiori.it\/wp-content\/uploads\/2017\/08\/Museo-Diano-2-1.jpg","contentUrl":"https:\/\/www.rivieradeifiori.it\/wp-content\/uploads\/2017\/08\/Museo-Diano-2-1.jpg","width":1417,"height":945},{"@type":"BreadcrumbList","@id":"https:\/\/www.rivieradeifiori.it\/de\/kunst-und-kultur\/im-palazzo-del-parco-marm-von-diano-marina-eine-truhe-voll-von-schaetzen\/#breadcrumb","itemListElement":[{"@type":"ListItem","position":1,"name":"Home","item":"https:\/\/www.rivieradeifiori.it\/de\/"},{"@type":"ListItem","position":2,"name":"Im Palazzo del Parco di MARM von Diano Marina: Eine Truhe voll von Sch\u00e4tzen"}]},{"@type":"WebSite","@id":"https:\/\/www.rivieradeifiori.it\/de\/#website","url":"https:\/\/www.rivieradeifiori.it\/de\/","name":"Riviera dei Fiori","description":"Un mare di colori","potentialAction":[{"@type":"SearchAction","target":{"@type":"EntryPoint","urlTemplate":"https:\/\/www.rivieradeifiori.it\/de\/?s={search_term_string}"},"query-input":{"@type":"PropertyValueSpecification","valueRequired":true,"valueName":"search_term_string"}}],"inLanguage":"de"},{"@type":"Person","@id":"https:\/\/www.rivieradeifiori.it\/de\/#\/schema\/person\/6cc4e4ed0d74f08798811653e64f69ed","name":"Luca Giovannetti","image":{"@type":"ImageObject","inLanguage":"de","@id":"https:\/\/www.rivieradeifiori.it\/de\/#\/schema\/person\/image\/","url":"https:\/\/secure.gravatar.com\/avatar\/092abda2284c50268e586151e014cf903142e524662c62577231430ea44340cf?s=96&r=g&d=https:\/\/www.rivieradeifiori.it\/wp-content\/plugins\/userswp\/assets\/images\/no_profile.png","contentUrl":"https:\/\/secure.gravatar.com\/avatar\/092abda2284c50268e586151e014cf903142e524662c62577231430ea44340cf?s=96&r=g&d=https:\/\/www.rivieradeifiori.it\/wp-content\/plugins\/userswp\/assets\/images\/no_profile.png","caption":"Luca Giovannetti"}}]}},"_links":{"self":[{"href":"https:\/\/www.rivieradeifiori.it\/de\/wp-json\/wp\/v2\/posts\/5624","targetHints":{"allow":["GET"]}}],"collection":[{"href":"https:\/\/www.rivieradeifiori.it\/de\/wp-json\/wp\/v2\/posts"}],"about":[{"href":"https:\/\/www.rivieradeifiori.it\/de\/wp-json\/wp\/v2\/types\/post"}],"author":[{"embeddable":true,"href":"https:\/\/www.rivieradeifiori.it\/de\/wp-json\/wp\/v2\/users\/1"}],"replies":[{"embeddable":true,"href":"https:\/\/www.rivieradeifiori.it\/de\/wp-json\/wp\/v2\/comments?post=5624"}],"version-history":[{"count":1,"href":"https:\/\/www.rivieradeifiori.it\/de\/wp-json\/wp\/v2\/posts\/5624\/revisions"}],"predecessor-version":[{"id":16030,"href":"https:\/\/www.rivieradeifiori.it\/de\/wp-json\/wp\/v2\/posts\/5624\/revisions\/16030"}],"wp:featuredmedia":[{"embeddable":true,"href":"https:\/\/www.rivieradeifiori.it\/de\/wp-json\/wp\/v2\/media\/5611"}],"wp:attachment":[{"href":"https:\/\/www.rivieradeifiori.it\/de\/wp-json\/wp\/v2\/media?parent=5624"}],"wp:term":[{"taxonomy":"category","embeddable":true,"href":"https:\/\/www.rivieradeifiori.it\/de\/wp-json\/wp\/v2\/categories?post=5624"},{"taxonomy":"post_tag","embeddable":true,"href":"https:\/\/www.rivieradeifiori.it\/de\/wp-json\/wp\/v2\/tags?post=5624"}],"curies":[{"name":"wp","href":"https:\/\/api.w.org\/{rel}","templated":true}]}}