{"id":4863,"date":"2017-03-25T20:14:18","date_gmt":"2017-03-25T19:14:18","guid":{"rendered":"http:\/\/www.rivieradeifiori.info\/de\/?p=4863"},"modified":"2022-06-10T15:26:24","modified_gmt":"2022-06-10T13:26:24","slug":"ein-ausflug-nach-toirano-hoehlen-und-vieles-mehr","status":"publish","type":"post","link":"https:\/\/www.rivieradeifiori.it\/de\/meer-und-land\/ein-ausflug-nach-toirano-hoehlen-und-vieles-mehr\/","title":{"rendered":"Ein Ausflug nach Toirano: H\u00f6hlen und vieles mehr!"},"content":{"rendered":"<p>Die H\u00f6hlen von Toirano in Savona sind eine der touristischen Attraktionen, die in Ligurien am h\u00e4ufigsten besucht werden. Sie bestehen aus einem Komplex mit vier Haupt-H\u00f6hlen: Die H\u00f6hle der B\u00e0sura, die Grotta del Colombo, die Grotta St. Lucia Inferiore, die Grotta St. Lucia Superiore und des Ausgrabung der Grotta del Colombo.<\/p>\n<p>Die beliebteste und zweifellos spektakul\u00e4rste unter ihnen, ist sicherlich die Grotte <strong>der B\u00e0sura<\/strong> (Hexe, im ligurischen Dialekt). Hier wurde 1950 eine wundersch\u00f6ne Serie an internen H\u00f6hlen entdeckt, wo einst f\u00fcr Tausende von Jahren die <strong>H\u00f6hlenb\u00e4ren (Ursus spelaeus)<\/strong> Zuflucht zum \u00dcberwintern gefunden haben; die Anwesenheit des Tieres wird durch eine gro\u00dfe Anzahl von Knochenresten, Pfotenabdr\u00fccke auf dem Boden und Kratzspuren an den W\u00e4nden best\u00e4tigt. Auch <strong>der Urmensch<\/strong> hat hier vor \u00fcber 12 tausend Jahren wichtige Spuren seiner Anwesenheit in der \u201e<strong>Sala dei Misteri\u201c<\/strong> hinterlassen. Hier finden sich Fu\u00df-, Hand und Knieabdr\u00fccke, sowie zahlreiche Kugeln aus Ton an der Wand, gegen die sich die Menschen aus rituellen Gr\u00fcnden geworfen zu haben scheinen. Die Spuren beziehen sich wahrscheinlich auf M\u00e4nner, J\u00e4ger und Sammler aus der Altsteinzeit, die das Gebiet besuchten und die H\u00f6hle nicht als Wohnung aber vermutlich zu rituellen Zwecken genutzt haben.<\/p>\n<p>Die H\u00f6hlen von Toirano ziehen sich \u00fcber 1.300 Metern entlang und haben eine durchschnittliche Temperatur von 16\u00b0C. <strong>Zu den zug\u00e4nglichen Stellen<\/strong> (ein F\u00fchrer begleitet die Besucher auf einer Tour von etwa 70 Minuten) geh\u00f6ren: <strong>Sala Morelli<\/strong>, in der ein teilweise rekonstruiertes Skelett des Ursus Spelaeus ausgestellt ist, <strong>Salotto<\/strong>, ein wundersch\u00f6ner Bereich mit besonderen tausendj\u00e4hrigen Kalksteinformationen, <strong>Cimitero degli Orsi (Friedhof der B\u00e4ren), <\/strong>ein Korridor mit Abdr\u00fccken und Knochen von H\u00f6hlenb\u00e4ren von vor bis zu 27.000 Jahren, die <strong>Vorh\u00f6hle von Cibele,<\/strong> die bei ihrer Entdeckung unter Wasser stand und einzigartig in der Welt ist f\u00fcr seine gro\u00dfen kugeligen Ablagerungen, die als \u201e<strong>concrezioni mammellonari\u201c<\/strong> bezeichnet werden, der <strong>Verbindungstunnel<\/strong> unterhalb von 150 Meter Fels, der die H\u00f6hle B\u00e0sura mit der Grotte von St. Lucia Inferiore verbindet, die <strong>Cristalli<\/strong>, wo Sie wundersch\u00f6ne aus Calcit und Aragonit geformte Blumenformationen bewundern k\u00f6nnen, das <strong>Pantheon<\/strong>, wo sich ein Stalagmit mit Aragonit-Kristallen bedeckt befindet, der aufgrund seiner Sch\u00f6nheit als \u201e<strong>Perle der Grotte<\/strong>\u201c bezeichnet wird, <strong>Sala dei Livelli,<\/strong> der mit seinem \u201eTraufe\u201c Kalkstein Zeugnis f\u00fcr die Anwesenheit eines alten unterirdischen See ist, <strong>Tanone,<\/strong> der letzte Teil der H\u00f6hle, ohne \u201econcrezioni\u201c, der schon immer bekannt war, sogar soweit, dass er in den Jahren des Zweiten Weltkriegs als Luftschutzbunker f\u00fcr die Bev\u00f6lkerung von Toirano benutzt wurde. Heute finden in diesem Raum Ausstellungen und kulturelle Veranstaltungen statt. Der <strong>Laghetto<\/strong> ist dagegen der Ort, wo sich ein alter unterirdischer See befindet. Heute lebt in dessen Gew\u00e4ssern ein <strong>kleines Krustentier der Nyphargus Art<\/strong>, welches kleiner als ein Zentimeter ist, ohne Pigmentierung und blind wegen seiner H\u00f6hlenevolution.<\/p>\n<p>Eine unglaublich emotionale Reise in die Vergangenheit f\u00fcr alle Altersklassen!<\/p>\n<p><em><strong>Anreise:<\/strong><\/em><\/p>\n<p><em>Mit dem Auto: Ausfahrt Borghetto Santo Spirito auf der A10 Genova &#8211; Ventimiglia, dann weiter auf der Landstra\u00dfe nach Toirano (3 km.). Von der Via Aurelia, an der Abzweigung Borghetto S. Spirito, in Richtung Toirano, 4 km abbiegen.<\/em><\/p>\n<p><em><strong>\u00a0<\/strong><\/em><\/p>\n<p><em><strong>N\u00fctzliche Informationen<\/strong><\/em><\/p>\n<p><em>Empfohlen f\u00fcr Kinder ab 8 Jahren. Es empfiehlt sich das Tragen von rutschfestem Schuhwerk.<\/em><\/p>\n<p><em>\u00d6ffnungszeiten-t\u00e4glich von 9.30 bis 12.30 Uhr und 17.00 bis 14.00 Uhr.<\/em><\/p>\n<p><em>Das Eintrittsticket zu den H\u00f6hlen erlaubt den freien Besuch des ethnografischen Museums des Val Varatella di Toirano und ein Skonto des Eintrittspreis f\u00fcr alle italienischen H\u00f6hlen und das Arch\u00e4ologische Museum in Finale Ligure.<\/em><\/p>\n<p><em>Weitere Informationen: <a href=\"http:\/\/www.toiranogrotte.it\">www.toiranogrotte.it<\/a><\/em><\/p>\n<p><em>[Viviana Spada]<\/em><\/p>\n\n\t\t<style type=\"text\/css\">\n\t\t\t#gallery-1 {\n\t\t\t\tmargin: auto;\n\t\t\t}\n\t\t\t#gallery-1 .gallery-item {\n\t\t\t\tfloat: left;\n\t\t\t\tmargin-top: 10px;\n\t\t\t\ttext-align: center;\n\t\t\t\twidth: 33%;\n\t\t\t}\n\t\t\t#gallery-1 img {\n\t\t\t\tborder: 2px solid #cfcfcf;\n\t\t\t}\n\t\t\t#gallery-1 .gallery-caption {\n\t\t\t\tmargin-left: 0;\n\t\t\t}\n\t\t\t\/* see gallery_shortcode() in wp-includes\/media.php *\/\n\t\t<\/style>\n\t\t<div id='gallery-1' class='gallery galleryid-4863 gallery-columns-3 gallery-size-thumbnail'><dl class='gallery-item'>\n\t\t\t<dt class='gallery-icon portrait'>\n\t\t\t\t<a href='https:\/\/www.rivieradeifiori.it\/de\/toirano-5-2\/'><img decoding=\"async\" width=\"160\" height=\"160\" src=\"https:\/\/www.rivieradeifiori.it\/wp-content\/uploads\/2017\/03\/Toirano-5-160x160.jpg\" class=\"attachment-thumbnail size-thumbnail\" alt=\"\" srcset=\"https:\/\/www.rivieradeifiori.it\/wp-content\/uploads\/2017\/03\/Toirano-5-160x160.jpg 160w, https:\/\/www.rivieradeifiori.it\/wp-content\/uploads\/2017\/03\/Toirano-5-1531x1536.jpg 1531w, https:\/\/www.rivieradeifiori.it\/wp-content\/uploads\/2017\/03\/Toirano-5-2041x2048.jpg 2041w, https:\/\/www.rivieradeifiori.it\/wp-content\/uploads\/2017\/03\/Toirano-5-300x300.jpg 300w, https:\/\/www.rivieradeifiori.it\/wp-content\/uploads\/2017\/03\/Toirano-5-1266x1270.jpg 1266w, https:\/\/www.rivieradeifiori.it\/wp-content\/uploads\/2017\/03\/Toirano-5-500x502.jpg 500w, https:\/\/www.rivieradeifiori.it\/wp-content\/uploads\/2017\/03\/Toirano-5-800x803.jpg 800w, https:\/\/www.rivieradeifiori.it\/wp-content\/uploads\/2017\/03\/Toirano-5-1280x1284.jpg 1280w, https:\/\/www.rivieradeifiori.it\/wp-content\/uploads\/2017\/03\/Toirano-5-1920x1927.jpg 1920w, https:\/\/www.rivieradeifiori.it\/wp-content\/uploads\/2017\/03\/Toirano-5-1080x1084.jpg 1080w, https:\/\/www.rivieradeifiori.it\/wp-content\/uploads\/2017\/03\/Toirano-5-440x440.jpg 440w, https:\/\/www.rivieradeifiori.it\/wp-content\/uploads\/2017\/03\/Toirano-5-150x150.jpg 150w, https:\/\/www.rivieradeifiori.it\/wp-content\/uploads\/2017\/03\/Toirano-5-498x500.jpg 498w, https:\/\/www.rivieradeifiori.it\/wp-content\/uploads\/2017\/03\/Toirano-5-65x65.jpg 65w, https:\/\/www.rivieradeifiori.it\/wp-content\/uploads\/2017\/03\/Toirano-5-180x180.jpg 180w, https:\/\/www.rivieradeifiori.it\/wp-content\/uploads\/2017\/03\/Toirano-5-600x600.jpg 600w\" sizes=\"(max-width: 160px) 100vw, 160px\" \/><\/a>\n\t\t\t<\/dt><\/dl><dl class='gallery-item'>\n\t\t\t<dt class='gallery-icon portrait'>\n\t\t\t\t<a href='https:\/\/www.rivieradeifiori.it\/de\/toirano-2-2\/'><img decoding=\"async\" width=\"160\" height=\"160\" src=\"https:\/\/www.rivieradeifiori.it\/wp-content\/uploads\/2017\/03\/Toirano-2-160x160.jpg\" class=\"attachment-thumbnail size-thumbnail\" alt=\"\" srcset=\"https:\/\/www.rivieradeifiori.it\/wp-content\/uploads\/2017\/03\/Toirano-2-160x160.jpg 160w, https:\/\/www.rivieradeifiori.it\/wp-content\/uploads\/2017\/03\/Toirano-2-440x440.jpg 440w, https:\/\/www.rivieradeifiori.it\/wp-content\/uploads\/2017\/03\/Toirano-2-150x150.jpg 150w, https:\/\/www.rivieradeifiori.it\/wp-content\/uploads\/2017\/03\/Toirano-2-65x65.jpg 65w, https:\/\/www.rivieradeifiori.it\/wp-content\/uploads\/2017\/03\/Toirano-2-180x180.jpg 180w, https:\/\/www.rivieradeifiori.it\/wp-content\/uploads\/2017\/03\/Toirano-2-300x300.jpg 300w, https:\/\/www.rivieradeifiori.it\/wp-content\/uploads\/2017\/03\/Toirano-2-600x600.jpg 600w\" sizes=\"(max-width: 160px) 100vw, 160px\" \/><\/a>\n\t\t\t<\/dt><\/dl><dl class='gallery-item'>\n\t\t\t<dt class='gallery-icon landscape'>\n\t\t\t\t<a href='https:\/\/www.rivieradeifiori.it\/de\/toirano-9-2\/'><img decoding=\"async\" width=\"160\" height=\"160\" src=\"https:\/\/www.rivieradeifiori.it\/wp-content\/uploads\/2017\/03\/Toirano-9-160x160.jpg\" class=\"attachment-thumbnail size-thumbnail\" alt=\"\" srcset=\"https:\/\/www.rivieradeifiori.it\/wp-content\/uploads\/2017\/03\/Toirano-9-160x160.jpg 160w, https:\/\/www.rivieradeifiori.it\/wp-content\/uploads\/2017\/03\/Toirano-9-1536x1534.jpg 1536w, https:\/\/www.rivieradeifiori.it\/wp-content\/uploads\/2017\/03\/Toirano-9-300x300.jpg 300w, https:\/\/www.rivieradeifiori.it\/wp-content\/uploads\/2017\/03\/Toirano-9-1270x1270.jpg 1270w, https:\/\/www.rivieradeifiori.it\/wp-content\/uploads\/2017\/03\/Toirano-9-500x500.jpg 500w, https:\/\/www.rivieradeifiori.it\/wp-content\/uploads\/2017\/03\/Toirano-9-800x799.jpg 800w, https:\/\/www.rivieradeifiori.it\/wp-content\/uploads\/2017\/03\/Toirano-9-1280x1279.jpg 1280w, https:\/\/www.rivieradeifiori.it\/wp-content\/uploads\/2017\/03\/Toirano-9-1080x1079.jpg 1080w, https:\/\/www.rivieradeifiori.it\/wp-content\/uploads\/2017\/03\/Toirano-9-440x440.jpg 440w, https:\/\/www.rivieradeifiori.it\/wp-content\/uploads\/2017\/03\/Toirano-9-150x150.jpg 150w, https:\/\/www.rivieradeifiori.it\/wp-content\/uploads\/2017\/03\/Toirano-9-65x65.jpg 65w, https:\/\/www.rivieradeifiori.it\/wp-content\/uploads\/2017\/03\/Toirano-9-180x180.jpg 180w, https:\/\/www.rivieradeifiori.it\/wp-content\/uploads\/2017\/03\/Toirano-9-600x600.jpg 600w, https:\/\/www.rivieradeifiori.it\/wp-content\/uploads\/2017\/03\/Toirano-9.jpg 1807w\" sizes=\"(max-width: 160px) 100vw, 160px\" \/><\/a>\n\t\t\t<\/dt><\/dl><br style=\"clear: both\" \/>\n\t\t<\/div>\n\n","protected":false},"excerpt":{"rendered":"<p>Die H\u00f6hlen von Toirano in Savona sind eine der touristischen Attraktionen, die in Ligurien am h\u00e4ufigsten besucht werden. Sie bestehen aus einem Komplex mit vier Haupt-H\u00f6hlen: Die H\u00f6hle der B\u00e0sura, die Grotta del Colombo, die Grotta St. Lucia Inferiore, die Grotta St. Lucia Superiore und des Ausgrabung der Grotta del Colombo. Die beliebteste und zweifellos [&hellip;]<\/p>\n","protected":false},"author":1,"featured_media":4873,"comment_status":"closed","ping_status":"open","sticky":false,"template":"","format":"standard","meta":{"_et_pb_use_builder":"","_et_pb_old_content":"","_et_gb_content_width":"","_eb_attr":"","_vp_format_video_url":"","_vp_image_focal_point":[],"_vp_custom_popup_image":0,"_vp_format_audio_url":"","_vp_custom_thumbnail":0,"_vp_custom_thumbnail_focal_point":[],"_vp_hover_thumbnail":0,"_vp_hover_thumbnail_focal_point":[],"footnotes":""},"categories":[58],"tags":[1386,1388],"class_list":["post-4863","post","type-post","status-publish","format-standard","has-post-thumbnail","hentry","category-meer-und-land","tag-museen","tag-toirano-de","et-has-post-format-content","et_post_format-et-post-format-standard"],"yoast_head":"<!-- This site is optimized with the Yoast SEO plugin v25.7 - https:\/\/yoast.com\/wordpress\/plugins\/seo\/ -->\n<title>Ein Ausflug nach Toirano: H\u00f6hlen und vieles mehr! - Meer &amp; Land - Riviera dei Fiori<\/title>\n<meta name=\"robots\" content=\"index, follow, max-snippet:-1, max-image-preview:large, max-video-preview:-1\" \/>\n<link rel=\"canonical\" href=\"https:\/\/www.rivieradeifiori.it\/de\/meer-und-land\/ein-ausflug-nach-toirano-hoehlen-und-vieles-mehr\/\" \/>\n<meta name=\"twitter:label1\" content=\"Verfasst von\" \/>\n\t<meta name=\"twitter:data1\" content=\"Luca Giovannetti\" \/>\n\t<meta name=\"twitter:label2\" content=\"Gesch\u00e4tzte Lesezeit\" \/>\n\t<meta name=\"twitter:data2\" content=\"3\u00a0Minuten\" \/>\n<script type=\"application\/ld+json\" class=\"yoast-schema-graph\">{\"@context\":\"https:\/\/schema.org\",\"@graph\":[{\"@type\":\"WebPage\",\"@id\":\"https:\/\/www.rivieradeifiori.it\/de\/meer-und-land\/ein-ausflug-nach-toirano-hoehlen-und-vieles-mehr\/\",\"url\":\"https:\/\/www.rivieradeifiori.it\/de\/meer-und-land\/ein-ausflug-nach-toirano-hoehlen-und-vieles-mehr\/\",\"name\":\"Ein Ausflug nach Toirano: H\u00f6hlen und vieles mehr! - Meer &amp; Land - Riviera dei Fiori\",\"isPartOf\":{\"@id\":\"https:\/\/www.rivieradeifiori.it\/de\/#website\"},\"primaryImageOfPage\":{\"@id\":\"https:\/\/www.rivieradeifiori.it\/de\/meer-und-land\/ein-ausflug-nach-toirano-hoehlen-und-vieles-mehr\/#primaryimage\"},\"image\":{\"@id\":\"https:\/\/www.rivieradeifiori.it\/de\/meer-und-land\/ein-ausflug-nach-toirano-hoehlen-und-vieles-mehr\/#primaryimage\"},\"thumbnailUrl\":\"https:\/\/www.rivieradeifiori.it\/wp-content\/uploads\/2017\/03\/Grotte-di-Torirano-1.jpg\",\"datePublished\":\"2017-03-25T19:14:18+00:00\",\"dateModified\":\"2022-06-10T13:26:24+00:00\",\"author\":{\"@id\":\"https:\/\/www.rivieradeifiori.it\/de\/#\/schema\/person\/6cc4e4ed0d74f08798811653e64f69ed\"},\"breadcrumb\":{\"@id\":\"https:\/\/www.rivieradeifiori.it\/de\/meer-und-land\/ein-ausflug-nach-toirano-hoehlen-und-vieles-mehr\/#breadcrumb\"},\"inLanguage\":\"de\",\"potentialAction\":[{\"@type\":\"ReadAction\",\"target\":[\"https:\/\/www.rivieradeifiori.it\/de\/meer-und-land\/ein-ausflug-nach-toirano-hoehlen-und-vieles-mehr\/\"]}]},{\"@type\":\"ImageObject\",\"inLanguage\":\"de\",\"@id\":\"https:\/\/www.rivieradeifiori.it\/de\/meer-und-land\/ein-ausflug-nach-toirano-hoehlen-und-vieles-mehr\/#primaryimage\",\"url\":\"https:\/\/www.rivieradeifiori.it\/wp-content\/uploads\/2017\/03\/Grotte-di-Torirano-1.jpg\",\"contentUrl\":\"https:\/\/www.rivieradeifiori.it\/wp-content\/uploads\/2017\/03\/Grotte-di-Torirano-1.jpg\",\"width\":1200,\"height\":863},{\"@type\":\"BreadcrumbList\",\"@id\":\"https:\/\/www.rivieradeifiori.it\/de\/meer-und-land\/ein-ausflug-nach-toirano-hoehlen-und-vieles-mehr\/#breadcrumb\",\"itemListElement\":[{\"@type\":\"ListItem\",\"position\":1,\"name\":\"Home\",\"item\":\"https:\/\/www.rivieradeifiori.it\/de\/\"},{\"@type\":\"ListItem\",\"position\":2,\"name\":\"Ein Ausflug nach Toirano: H\u00f6hlen und vieles mehr!\"}]},{\"@type\":\"WebSite\",\"@id\":\"https:\/\/www.rivieradeifiori.it\/de\/#website\",\"url\":\"https:\/\/www.rivieradeifiori.it\/de\/\",\"name\":\"Riviera dei Fiori\",\"description\":\"Un mare di colori\",\"potentialAction\":[{\"@type\":\"SearchAction\",\"target\":{\"@type\":\"EntryPoint\",\"urlTemplate\":\"https:\/\/www.rivieradeifiori.it\/de\/?s={search_term_string}\"},\"query-input\":{\"@type\":\"PropertyValueSpecification\",\"valueRequired\":true,\"valueName\":\"search_term_string\"}}],\"inLanguage\":\"de\"},{\"@type\":\"Person\",\"@id\":\"https:\/\/www.rivieradeifiori.it\/de\/#\/schema\/person\/6cc4e4ed0d74f08798811653e64f69ed\",\"name\":\"Luca Giovannetti\",\"image\":{\"@type\":\"ImageObject\",\"inLanguage\":\"de\",\"@id\":\"https:\/\/www.rivieradeifiori.it\/de\/#\/schema\/person\/image\/\",\"url\":\"https:\/\/secure.gravatar.com\/avatar\/092abda2284c50268e586151e014cf903142e524662c62577231430ea44340cf?s=96&r=g&d=https:\/\/www.rivieradeifiori.it\/wp-content\/plugins\/userswp\/assets\/images\/no_profile.png\",\"contentUrl\":\"https:\/\/secure.gravatar.com\/avatar\/092abda2284c50268e586151e014cf903142e524662c62577231430ea44340cf?s=96&r=g&d=https:\/\/www.rivieradeifiori.it\/wp-content\/plugins\/userswp\/assets\/images\/no_profile.png\",\"caption\":\"Luca Giovannetti\"}}]}<\/script>\n<!-- \/ Yoast SEO plugin. -->","yoast_head_json":{"title":"Ein Ausflug nach Toirano: H\u00f6hlen und vieles mehr! - Meer &amp; Land - Riviera dei Fiori","robots":{"index":"index","follow":"follow","max-snippet":"max-snippet:-1","max-image-preview":"max-image-preview:large","max-video-preview":"max-video-preview:-1"},"canonical":"https:\/\/www.rivieradeifiori.it\/de\/meer-und-land\/ein-ausflug-nach-toirano-hoehlen-und-vieles-mehr\/","twitter_misc":{"Verfasst von":"Luca Giovannetti","Gesch\u00e4tzte Lesezeit":"3\u00a0Minuten"},"schema":{"@context":"https:\/\/schema.org","@graph":[{"@type":"WebPage","@id":"https:\/\/www.rivieradeifiori.it\/de\/meer-und-land\/ein-ausflug-nach-toirano-hoehlen-und-vieles-mehr\/","url":"https:\/\/www.rivieradeifiori.it\/de\/meer-und-land\/ein-ausflug-nach-toirano-hoehlen-und-vieles-mehr\/","name":"Ein Ausflug nach Toirano: H\u00f6hlen und vieles mehr! - Meer &amp; Land - Riviera dei Fiori","isPartOf":{"@id":"https:\/\/www.rivieradeifiori.it\/de\/#website"},"primaryImageOfPage":{"@id":"https:\/\/www.rivieradeifiori.it\/de\/meer-und-land\/ein-ausflug-nach-toirano-hoehlen-und-vieles-mehr\/#primaryimage"},"image":{"@id":"https:\/\/www.rivieradeifiori.it\/de\/meer-und-land\/ein-ausflug-nach-toirano-hoehlen-und-vieles-mehr\/#primaryimage"},"thumbnailUrl":"https:\/\/www.rivieradeifiori.it\/wp-content\/uploads\/2017\/03\/Grotte-di-Torirano-1.jpg","datePublished":"2017-03-25T19:14:18+00:00","dateModified":"2022-06-10T13:26:24+00:00","author":{"@id":"https:\/\/www.rivieradeifiori.it\/de\/#\/schema\/person\/6cc4e4ed0d74f08798811653e64f69ed"},"breadcrumb":{"@id":"https:\/\/www.rivieradeifiori.it\/de\/meer-und-land\/ein-ausflug-nach-toirano-hoehlen-und-vieles-mehr\/#breadcrumb"},"inLanguage":"de","potentialAction":[{"@type":"ReadAction","target":["https:\/\/www.rivieradeifiori.it\/de\/meer-und-land\/ein-ausflug-nach-toirano-hoehlen-und-vieles-mehr\/"]}]},{"@type":"ImageObject","inLanguage":"de","@id":"https:\/\/www.rivieradeifiori.it\/de\/meer-und-land\/ein-ausflug-nach-toirano-hoehlen-und-vieles-mehr\/#primaryimage","url":"https:\/\/www.rivieradeifiori.it\/wp-content\/uploads\/2017\/03\/Grotte-di-Torirano-1.jpg","contentUrl":"https:\/\/www.rivieradeifiori.it\/wp-content\/uploads\/2017\/03\/Grotte-di-Torirano-1.jpg","width":1200,"height":863},{"@type":"BreadcrumbList","@id":"https:\/\/www.rivieradeifiori.it\/de\/meer-und-land\/ein-ausflug-nach-toirano-hoehlen-und-vieles-mehr\/#breadcrumb","itemListElement":[{"@type":"ListItem","position":1,"name":"Home","item":"https:\/\/www.rivieradeifiori.it\/de\/"},{"@type":"ListItem","position":2,"name":"Ein Ausflug nach Toirano: H\u00f6hlen und vieles mehr!"}]},{"@type":"WebSite","@id":"https:\/\/www.rivieradeifiori.it\/de\/#website","url":"https:\/\/www.rivieradeifiori.it\/de\/","name":"Riviera dei Fiori","description":"Un mare di colori","potentialAction":[{"@type":"SearchAction","target":{"@type":"EntryPoint","urlTemplate":"https:\/\/www.rivieradeifiori.it\/de\/?s={search_term_string}"},"query-input":{"@type":"PropertyValueSpecification","valueRequired":true,"valueName":"search_term_string"}}],"inLanguage":"de"},{"@type":"Person","@id":"https:\/\/www.rivieradeifiori.it\/de\/#\/schema\/person\/6cc4e4ed0d74f08798811653e64f69ed","name":"Luca Giovannetti","image":{"@type":"ImageObject","inLanguage":"de","@id":"https:\/\/www.rivieradeifiori.it\/de\/#\/schema\/person\/image\/","url":"https:\/\/secure.gravatar.com\/avatar\/092abda2284c50268e586151e014cf903142e524662c62577231430ea44340cf?s=96&r=g&d=https:\/\/www.rivieradeifiori.it\/wp-content\/plugins\/userswp\/assets\/images\/no_profile.png","contentUrl":"https:\/\/secure.gravatar.com\/avatar\/092abda2284c50268e586151e014cf903142e524662c62577231430ea44340cf?s=96&r=g&d=https:\/\/www.rivieradeifiori.it\/wp-content\/plugins\/userswp\/assets\/images\/no_profile.png","caption":"Luca Giovannetti"}}]}},"_links":{"self":[{"href":"https:\/\/www.rivieradeifiori.it\/de\/wp-json\/wp\/v2\/posts\/4863","targetHints":{"allow":["GET"]}}],"collection":[{"href":"https:\/\/www.rivieradeifiori.it\/de\/wp-json\/wp\/v2\/posts"}],"about":[{"href":"https:\/\/www.rivieradeifiori.it\/de\/wp-json\/wp\/v2\/types\/post"}],"author":[{"embeddable":true,"href":"https:\/\/www.rivieradeifiori.it\/de\/wp-json\/wp\/v2\/users\/1"}],"replies":[{"embeddable":true,"href":"https:\/\/www.rivieradeifiori.it\/de\/wp-json\/wp\/v2\/comments?post=4863"}],"version-history":[{"count":1,"href":"https:\/\/www.rivieradeifiori.it\/de\/wp-json\/wp\/v2\/posts\/4863\/revisions"}],"predecessor-version":[{"id":16031,"href":"https:\/\/www.rivieradeifiori.it\/de\/wp-json\/wp\/v2\/posts\/4863\/revisions\/16031"}],"wp:featuredmedia":[{"embeddable":true,"href":"https:\/\/www.rivieradeifiori.it\/de\/wp-json\/wp\/v2\/media\/4873"}],"wp:attachment":[{"href":"https:\/\/www.rivieradeifiori.it\/de\/wp-json\/wp\/v2\/media?parent=4863"}],"wp:term":[{"taxonomy":"category","embeddable":true,"href":"https:\/\/www.rivieradeifiori.it\/de\/wp-json\/wp\/v2\/categories?post=4863"},{"taxonomy":"post_tag","embeddable":true,"href":"https:\/\/www.rivieradeifiori.it\/de\/wp-json\/wp\/v2\/tags?post=4863"}],"curies":[{"name":"wp","href":"https:\/\/api.w.org\/{rel}","templated":true}]}}