{"id":4847,"date":"2017-03-25T20:01:14","date_gmt":"2017-03-25T19:01:14","guid":{"rendered":"http:\/\/www.rivieradeifiori.info\/de\/2017\/03\/25\/trail-de-la-maddalena\/"},"modified":"2017-03-25T20:08:14","modified_gmt":"2017-03-25T19:08:14","slug":"trail-der-maddalena","status":"publish","type":"post","link":"https:\/\/www.rivieradeifiori.it\/de\/was-ist-zu-tun\/trail-der-maddalena\/","title":{"rendered":"Trail der Maddalena"},"content":{"rendered":"<p>Die H\u00f6hen des Tales Argentina faszinieren immer wieder auf Neue die Dutzenden an L\u00e4ufern, die jedes Jahr am Trail der Maddalena teilnehmen. Der Wettbewerb, der sich zum dritten Mal j\u00e4hrt, findet am Sonntag, dem 30. April statt und verteilt sich \u00fcber drei Kategorien. Zwei davon sind denjenigen gewidmet, die einfach nur ihre pers\u00f6nliche Form testen m\u00f6chten, ohne wettbewerbsf\u00e4hige Leistungen zu erbringen. F\u00fcr diejenigen, die in guter Form sind, gibt es die Kategorie 25 km. Hier k\u00f6nnen sich die Athleten auf einer Strecke austoben, die 1400 Meter H\u00f6henunterschied aufweist und von Taggia \u00fcber Castellaro an verschiedenen Ortschaften des unteren Tals, wie Maberga und Oxentina entlang verl\u00e4uft. Eine Etappe des Rennens f\u00fchrt nat\u00fcrlich auch an der l\u00e4ndlichen Kirche Santa Maria Maddalena del Bosco vorbei, die sich hinter Taggia auf einer H\u00f6he von 628 Meter \u00fcber dem Meeresspiegel befindet. Die gesamte Strecke muss in einer maximalen Zeit von 5 Stunden bew\u00e4ltigt werden.<\/p>\n<p>Die zweite Kategorie ist \u201esanfter\u201c: Das Rennen entfaltet sich \u00fcber eine L\u00e4nge von 11 km \u00fcber eine Strecke mit einem H\u00f6henunterschied von 600 Metern und darf maximal 3 Stunden lang andauern. Die dritte Kategorie \u201eFamilien-Spaziergang\u201c ist Eltern und Kindern gewidmet und all denjenigen, die das Naturschauspiel des Argentinien-Tal und seine bezaubernde Pfade genie\u00dfen wollen.<\/p>\n<p>Am Ende des Rennens werden die ersten drei m\u00e4nnlichen und weiblichen Gewinner pr\u00e4miert. In den vergangenen Ausgaben wurde das Hauptrennen von Michele Graglia (2015) und Pablo Barnes (2016) gewonnen. Im Vergleich zum letzten Jahr wurde die Strecke des Hauptwettbewerbs von 65 km auf 25 km reduziert und verliert somit die Definition \u201eultra\u201c, die den Rennen zugeteilt wird, die \u00fcber eine Strecke von mehr als 40 km verlaufen. Start und Ziel am 30. April ist die Piazza IV Novembre in Taggia. Anmeldungen sind auch am Tag des Rennens noch m\u00f6glich.<\/p>\n<p class=\"Standard\"><a href=\"http:\/\/www.smartaweb.it\/ultramaddalena\/\"><em>http:\/\/www.smartaweb.it\/ultramaddalena\/<\/em><\/a><\/p>\n<p class=\"Standard\"><em>[Samirah Muran]<\/em><\/p>\n\n\t\t<style type=\"text\/css\">\n\t\t\t#gallery-1 {\n\t\t\t\tmargin: auto;\n\t\t\t}\n\t\t\t#gallery-1 .gallery-item {\n\t\t\t\tfloat: left;\n\t\t\t\tmargin-top: 10px;\n\t\t\t\ttext-align: center;\n\t\t\t\twidth: 33%;\n\t\t\t}\n\t\t\t#gallery-1 img {\n\t\t\t\tborder: 2px solid #cfcfcf;\n\t\t\t}\n\t\t\t#gallery-1 .gallery-caption {\n\t\t\t\tmargin-left: 0;\n\t\t\t}\n\t\t\t\/* see gallery_shortcode() in wp-includes\/media.php *\/\n\t\t<\/style>\n\t\t<div id='gallery-1' class='gallery galleryid-4847 gallery-columns-3 gallery-size-thumbnail'><dl class='gallery-item'>\n\t\t\t<dt class='gallery-icon landscape'>\n\t\t\t\t<a href='https:\/\/www.rivieradeifiori.it\/de\/was-ist-zu-tun\/trail-der-maddalena\/attachment\/trail-maddalena-0-2\/'><img decoding=\"async\" width=\"160\" height=\"160\" src=\"https:\/\/www.rivieradeifiori.it\/wp-content\/uploads\/2017\/03\/trail-maddalena-0-160x160.png\" class=\"attachment-thumbnail size-thumbnail\" alt=\"\" srcset=\"https:\/\/www.rivieradeifiori.it\/wp-content\/uploads\/2017\/03\/trail-maddalena-0-160x160.png 160w, https:\/\/www.rivieradeifiori.it\/wp-content\/uploads\/2017\/03\/trail-maddalena-0-440x440.png 440w, https:\/\/www.rivieradeifiori.it\/wp-content\/uploads\/2017\/03\/trail-maddalena-0-150x150.png 150w, https:\/\/www.rivieradeifiori.it\/wp-content\/uploads\/2017\/03\/trail-maddalena-0-65x65.png 65w, https:\/\/www.rivieradeifiori.it\/wp-content\/uploads\/2017\/03\/trail-maddalena-0-180x180.png 180w, https:\/\/www.rivieradeifiori.it\/wp-content\/uploads\/2017\/03\/trail-maddalena-0-300x300.png 300w, https:\/\/www.rivieradeifiori.it\/wp-content\/uploads\/2017\/03\/trail-maddalena-0-600x600.png 600w\" sizes=\"(max-width: 160px) 100vw, 160px\" \/><\/a>\n\t\t\t<\/dt><\/dl><dl class='gallery-item'>\n\t\t\t<dt class='gallery-icon landscape'>\n\t\t\t\t<a href='https:\/\/www.rivieradeifiori.it\/de\/was-ist-zu-tun\/trail-der-maddalena\/attachment\/trail-maddalena-1-2\/'><img decoding=\"async\" width=\"160\" height=\"160\" src=\"https:\/\/www.rivieradeifiori.it\/wp-content\/uploads\/2017\/03\/trail-maddalena-1-160x160.png\" class=\"attachment-thumbnail size-thumbnail\" alt=\"\" srcset=\"https:\/\/www.rivieradeifiori.it\/wp-content\/uploads\/2017\/03\/trail-maddalena-1-160x160.png 160w, https:\/\/www.rivieradeifiori.it\/wp-content\/uploads\/2017\/03\/trail-maddalena-1-150x150.png 150w, https:\/\/www.rivieradeifiori.it\/wp-content\/uploads\/2017\/03\/trail-maddalena-1-65x65.png 65w, https:\/\/www.rivieradeifiori.it\/wp-content\/uploads\/2017\/03\/trail-maddalena-1-180x180.png 180w\" sizes=\"(max-width: 160px) 100vw, 160px\" \/><\/a>\n\t\t\t<\/dt><\/dl><dl class='gallery-item'>\n\t\t\t<dt class='gallery-icon landscape'>\n\t\t\t\t<a href='https:\/\/www.rivieradeifiori.it\/de\/was-ist-zu-tun\/trail-der-maddalena\/attachment\/trail-maddalena-2-2\/'><img decoding=\"async\" width=\"160\" height=\"122\" src=\"https:\/\/www.rivieradeifiori.it\/wp-content\/uploads\/2017\/03\/trail-maddalena-2-160x122.png\" class=\"attachment-thumbnail size-thumbnail\" alt=\"\" \/><\/a>\n\t\t\t<\/dt><\/dl><br style=\"clear: both\" \/>\n\t\t<\/div>\n\n","protected":false},"excerpt":{"rendered":"<p>Die H\u00f6hen des Tales Argentina faszinieren immer wieder auf Neue die Dutzenden an L\u00e4ufern, die jedes Jahr am Trail der Maddalena teilnehmen. Der Wettbewerb, der sich zum dritten Mal j\u00e4hrt, findet am Sonntag, dem 30. April statt und verteilt sich \u00fcber drei Kategorien. Zwei davon sind denjenigen gewidmet, die einfach nur ihre pers\u00f6nliche Form testen [&hellip;]<\/p>\n","protected":false},"author":1,"featured_media":4826,"comment_status":"closed","ping_status":"open","sticky":false,"template":"","format":"standard","meta":{"_et_pb_use_builder":"","_et_pb_old_content":"","_et_gb_content_width":"","_eb_attr":"","_vp_format_video_url":"","_vp_image_focal_point":[],"_vp_custom_popup_image":0,"_vp_format_audio_url":"","_vp_custom_thumbnail":0,"_vp_custom_thumbnail_focal_point":[],"_vp_hover_thumbnail":0,"_vp_hover_thumbnail_focal_point":[],"footnotes":""},"categories":[52],"tags":[1142],"class_list":["post-4847","post","type-post","status-publish","format-standard","has-post-thumbnail","hentry","category-was-ist-zu-tun","tag-running-de","et-has-post-format-content","et_post_format-et-post-format-standard"],"yoast_head":"<!-- This site is optimized with the Yoast SEO plugin v25.7 - https:\/\/yoast.com\/wordpress\/plugins\/seo\/ -->\n<title>Trail der Maddalena - Was ist zu tun - Riviera dei Fiori<\/title>\n<meta name=\"robots\" content=\"index, follow, max-snippet:-1, max-image-preview:large, max-video-preview:-1\" \/>\n<link rel=\"canonical\" href=\"https:\/\/www.rivieradeifiori.it\/de\/was-ist-zu-tun\/trail-der-maddalena\/\" \/>\n<meta name=\"twitter:label1\" content=\"Verfasst von\" \/>\n\t<meta name=\"twitter:data1\" content=\"Luca Giovannetti\" \/>\n\t<meta name=\"twitter:label2\" content=\"Gesch\u00e4tzte Lesezeit\" \/>\n\t<meta name=\"twitter:data2\" content=\"2\u00a0Minuten\" \/>\n<script type=\"application\/ld+json\" class=\"yoast-schema-graph\">{\"@context\":\"https:\/\/schema.org\",\"@graph\":[{\"@type\":\"WebPage\",\"@id\":\"https:\/\/www.rivieradeifiori.it\/de\/was-ist-zu-tun\/trail-der-maddalena\/\",\"url\":\"https:\/\/www.rivieradeifiori.it\/de\/was-ist-zu-tun\/trail-der-maddalena\/\",\"name\":\"Trail der Maddalena - Was ist zu tun - Riviera dei Fiori\",\"isPartOf\":{\"@id\":\"https:\/\/www.rivieradeifiori.it\/de\/#website\"},\"primaryImageOfPage\":{\"@id\":\"https:\/\/www.rivieradeifiori.it\/de\/was-ist-zu-tun\/trail-der-maddalena\/#primaryimage\"},\"image\":{\"@id\":\"https:\/\/www.rivieradeifiori.it\/de\/was-ist-zu-tun\/trail-der-maddalena\/#primaryimage\"},\"thumbnailUrl\":\"https:\/\/www.rivieradeifiori.it\/wp-content\/uploads\/2017\/03\/trail-maddalena-0.png\",\"datePublished\":\"2017-03-25T19:01:14+00:00\",\"dateModified\":\"2017-03-25T19:08:14+00:00\",\"author\":{\"@id\":\"https:\/\/www.rivieradeifiori.it\/de\/#\/schema\/person\/6cc4e4ed0d74f08798811653e64f69ed\"},\"breadcrumb\":{\"@id\":\"https:\/\/www.rivieradeifiori.it\/de\/was-ist-zu-tun\/trail-der-maddalena\/#breadcrumb\"},\"inLanguage\":\"de\",\"potentialAction\":[{\"@type\":\"ReadAction\",\"target\":[\"https:\/\/www.rivieradeifiori.it\/de\/was-ist-zu-tun\/trail-der-maddalena\/\"]}]},{\"@type\":\"ImageObject\",\"inLanguage\":\"de\",\"@id\":\"https:\/\/www.rivieradeifiori.it\/de\/was-ist-zu-tun\/trail-der-maddalena\/#primaryimage\",\"url\":\"https:\/\/www.rivieradeifiori.it\/wp-content\/uploads\/2017\/03\/trail-maddalena-0.png\",\"contentUrl\":\"https:\/\/www.rivieradeifiori.it\/wp-content\/uploads\/2017\/03\/trail-maddalena-0.png\",\"width\":1296,\"height\":718},{\"@type\":\"BreadcrumbList\",\"@id\":\"https:\/\/www.rivieradeifiori.it\/de\/was-ist-zu-tun\/trail-der-maddalena\/#breadcrumb\",\"itemListElement\":[{\"@type\":\"ListItem\",\"position\":1,\"name\":\"Home\",\"item\":\"https:\/\/www.rivieradeifiori.it\/de\/\"},{\"@type\":\"ListItem\",\"position\":2,\"name\":\"Trail der Maddalena\"}]},{\"@type\":\"WebSite\",\"@id\":\"https:\/\/www.rivieradeifiori.it\/de\/#website\",\"url\":\"https:\/\/www.rivieradeifiori.it\/de\/\",\"name\":\"Riviera dei Fiori\",\"description\":\"Un mare di colori\",\"potentialAction\":[{\"@type\":\"SearchAction\",\"target\":{\"@type\":\"EntryPoint\",\"urlTemplate\":\"https:\/\/www.rivieradeifiori.it\/de\/?s={search_term_string}\"},\"query-input\":{\"@type\":\"PropertyValueSpecification\",\"valueRequired\":true,\"valueName\":\"search_term_string\"}}],\"inLanguage\":\"de\"},{\"@type\":\"Person\",\"@id\":\"https:\/\/www.rivieradeifiori.it\/de\/#\/schema\/person\/6cc4e4ed0d74f08798811653e64f69ed\",\"name\":\"Luca Giovannetti\",\"image\":{\"@type\":\"ImageObject\",\"inLanguage\":\"de\",\"@id\":\"https:\/\/www.rivieradeifiori.it\/de\/#\/schema\/person\/image\/\",\"url\":\"https:\/\/secure.gravatar.com\/avatar\/092abda2284c50268e586151e014cf903142e524662c62577231430ea44340cf?s=96&r=g&d=https:\/\/www.rivieradeifiori.it\/wp-content\/plugins\/userswp\/assets\/images\/no_profile.png\",\"contentUrl\":\"https:\/\/secure.gravatar.com\/avatar\/092abda2284c50268e586151e014cf903142e524662c62577231430ea44340cf?s=96&r=g&d=https:\/\/www.rivieradeifiori.it\/wp-content\/plugins\/userswp\/assets\/images\/no_profile.png\",\"caption\":\"Luca Giovannetti\"}}]}<\/script>\n<!-- \/ Yoast SEO plugin. -->","yoast_head_json":{"title":"Trail der Maddalena - Was ist zu tun - Riviera dei Fiori","robots":{"index":"index","follow":"follow","max-snippet":"max-snippet:-1","max-image-preview":"max-image-preview:large","max-video-preview":"max-video-preview:-1"},"canonical":"https:\/\/www.rivieradeifiori.it\/de\/was-ist-zu-tun\/trail-der-maddalena\/","twitter_misc":{"Verfasst von":"Luca Giovannetti","Gesch\u00e4tzte Lesezeit":"2\u00a0Minuten"},"schema":{"@context":"https:\/\/schema.org","@graph":[{"@type":"WebPage","@id":"https:\/\/www.rivieradeifiori.it\/de\/was-ist-zu-tun\/trail-der-maddalena\/","url":"https:\/\/www.rivieradeifiori.it\/de\/was-ist-zu-tun\/trail-der-maddalena\/","name":"Trail der Maddalena - Was ist zu tun - Riviera dei Fiori","isPartOf":{"@id":"https:\/\/www.rivieradeifiori.it\/de\/#website"},"primaryImageOfPage":{"@id":"https:\/\/www.rivieradeifiori.it\/de\/was-ist-zu-tun\/trail-der-maddalena\/#primaryimage"},"image":{"@id":"https:\/\/www.rivieradeifiori.it\/de\/was-ist-zu-tun\/trail-der-maddalena\/#primaryimage"},"thumbnailUrl":"https:\/\/www.rivieradeifiori.it\/wp-content\/uploads\/2017\/03\/trail-maddalena-0.png","datePublished":"2017-03-25T19:01:14+00:00","dateModified":"2017-03-25T19:08:14+00:00","author":{"@id":"https:\/\/www.rivieradeifiori.it\/de\/#\/schema\/person\/6cc4e4ed0d74f08798811653e64f69ed"},"breadcrumb":{"@id":"https:\/\/www.rivieradeifiori.it\/de\/was-ist-zu-tun\/trail-der-maddalena\/#breadcrumb"},"inLanguage":"de","potentialAction":[{"@type":"ReadAction","target":["https:\/\/www.rivieradeifiori.it\/de\/was-ist-zu-tun\/trail-der-maddalena\/"]}]},{"@type":"ImageObject","inLanguage":"de","@id":"https:\/\/www.rivieradeifiori.it\/de\/was-ist-zu-tun\/trail-der-maddalena\/#primaryimage","url":"https:\/\/www.rivieradeifiori.it\/wp-content\/uploads\/2017\/03\/trail-maddalena-0.png","contentUrl":"https:\/\/www.rivieradeifiori.it\/wp-content\/uploads\/2017\/03\/trail-maddalena-0.png","width":1296,"height":718},{"@type":"BreadcrumbList","@id":"https:\/\/www.rivieradeifiori.it\/de\/was-ist-zu-tun\/trail-der-maddalena\/#breadcrumb","itemListElement":[{"@type":"ListItem","position":1,"name":"Home","item":"https:\/\/www.rivieradeifiori.it\/de\/"},{"@type":"ListItem","position":2,"name":"Trail der Maddalena"}]},{"@type":"WebSite","@id":"https:\/\/www.rivieradeifiori.it\/de\/#website","url":"https:\/\/www.rivieradeifiori.it\/de\/","name":"Riviera dei Fiori","description":"Un mare di colori","potentialAction":[{"@type":"SearchAction","target":{"@type":"EntryPoint","urlTemplate":"https:\/\/www.rivieradeifiori.it\/de\/?s={search_term_string}"},"query-input":{"@type":"PropertyValueSpecification","valueRequired":true,"valueName":"search_term_string"}}],"inLanguage":"de"},{"@type":"Person","@id":"https:\/\/www.rivieradeifiori.it\/de\/#\/schema\/person\/6cc4e4ed0d74f08798811653e64f69ed","name":"Luca Giovannetti","image":{"@type":"ImageObject","inLanguage":"de","@id":"https:\/\/www.rivieradeifiori.it\/de\/#\/schema\/person\/image\/","url":"https:\/\/secure.gravatar.com\/avatar\/092abda2284c50268e586151e014cf903142e524662c62577231430ea44340cf?s=96&r=g&d=https:\/\/www.rivieradeifiori.it\/wp-content\/plugins\/userswp\/assets\/images\/no_profile.png","contentUrl":"https:\/\/secure.gravatar.com\/avatar\/092abda2284c50268e586151e014cf903142e524662c62577231430ea44340cf?s=96&r=g&d=https:\/\/www.rivieradeifiori.it\/wp-content\/plugins\/userswp\/assets\/images\/no_profile.png","caption":"Luca Giovannetti"}}]}},"_links":{"self":[{"href":"https:\/\/www.rivieradeifiori.it\/de\/wp-json\/wp\/v2\/posts\/4847","targetHints":{"allow":["GET"]}}],"collection":[{"href":"https:\/\/www.rivieradeifiori.it\/de\/wp-json\/wp\/v2\/posts"}],"about":[{"href":"https:\/\/www.rivieradeifiori.it\/de\/wp-json\/wp\/v2\/types\/post"}],"author":[{"embeddable":true,"href":"https:\/\/www.rivieradeifiori.it\/de\/wp-json\/wp\/v2\/users\/1"}],"replies":[{"embeddable":true,"href":"https:\/\/www.rivieradeifiori.it\/de\/wp-json\/wp\/v2\/comments?post=4847"}],"version-history":[{"count":0,"href":"https:\/\/www.rivieradeifiori.it\/de\/wp-json\/wp\/v2\/posts\/4847\/revisions"}],"wp:featuredmedia":[{"embeddable":true,"href":"https:\/\/www.rivieradeifiori.it\/de\/wp-json\/wp\/v2\/media\/4826"}],"wp:attachment":[{"href":"https:\/\/www.rivieradeifiori.it\/de\/wp-json\/wp\/v2\/media?parent=4847"}],"wp:term":[{"taxonomy":"category","embeddable":true,"href":"https:\/\/www.rivieradeifiori.it\/de\/wp-json\/wp\/v2\/categories?post=4847"},{"taxonomy":"post_tag","embeddable":true,"href":"https:\/\/www.rivieradeifiori.it\/de\/wp-json\/wp\/v2\/tags?post=4847"}],"curies":[{"name":"wp","href":"https:\/\/api.w.org\/{rel}","templated":true}]}}