{"id":4726,"date":"2017-03-23T22:21:46","date_gmt":"2017-03-23T21:21:46","guid":{"rendered":"http:\/\/www.rivieradeifiori.info\/de\/2017\/03\/23\/edward-lear-un-artista-riviera\/"},"modified":"2017-03-23T22:30:36","modified_gmt":"2017-03-23T21:30:36","slug":"edward-lear-ein-kuenstler-riviera","status":"publish","type":"post","link":"https:\/\/www.rivieradeifiori.it\/de\/kunst-und-kultur\/edward-lear-ein-kuenstler-riviera\/","title":{"rendered":"Edward Lear: ein K\u00fcnstler in Riviera"},"content":{"rendered":"<p><em>Unsinn Schriftsteller, Maler, Reisende: ein vielseitiger K\u00fcnstler, der in Sanremo trovo&#8217;\u00f2 ihre H\u00e4user<\/em><\/p>\n<p>Geboren in Holloway im Jahre 1812 und starb in San Remo im Jahr 1888, ist Lear als vielseitiger K\u00fcnstler erinnert und vielseitig. Dichter, Schriftsteller, Zeichner, Maler, Musiker, reisender: eine wahre Protagonist kulturelle \u00c4ra, die nun B\u00fccher, Gedichte, Gem\u00e4lde f\u00fcr ein Erbe von gro\u00dfem Wert in der ganzen Welt verstreut links, aus den Staaten nach England, sowie alle &#8216;Italien.<\/p>\n<p>In der zweiten H\u00e4lfte des neunzehnten Jahrhunderts, trotz einer Karriere Spitze, die ihn zu verkaufen und die Anzeige in vielen gro\u00dfen Ausstellungen, die prek\u00e4re Zustand der Gesundheit f\u00fchrt, dass sie immer begleiten, sie schieben Lear in Richtung der Mittelmeerk\u00fcste.<\/p>\n<p>Ein Sanremo Lear f\u00fchlt sich wie zu Hause, das ist, warum nicht nur beschlossen, sich zu bewegen, aber es ihre Heimat errichten.<\/p>\n<p>Trotz der hohen Kunst der Malerei, die f\u00fcr die sorgf\u00e4ltige und gewissenhaft Reproduktion der Natur und der Liebe zur Spontaneit\u00e4t schon jenseits der viktorianischen Steifigkeit suchen, zu den Impressionisten Avantgarde-R\u00e4umlichkeiten, bekommt Lear die Ehre der k\u00fcnstlerischen Chroniken und ist nach wie vor Sie erinnerte sich f\u00fcr seine Unsinn. Art, von denen er der Meister zusammen mit Lewis Carroll betrachtet wird, die das erste Buch von Lear nonsese geworden &#8211; im Jahre 1846 in England- ver\u00f6ffentlicht und sp\u00e4ter Sammlungen in Sanremo, eine Textform geschrieben erkl\u00e4rt und bewusst. Situationen, gegen die Logik und paradoxe Nebeneinander seine Limericks machen, geschrieben, um seine Enkel zu am\u00fcsieren, ein bedeutendes Werk nicht nur f\u00fcr den literarischen Wert (das Buch von Unsinn nachgedruckt und \u00fcbersetzt auch heute noch), aber bis zu einem gewissen subversiven Geist, der eine zugrundeliegende Reaktion ank\u00fcndigt antivittoriana.<\/p>\n<p>Der K\u00fcnstler ruht nun auf dem historischen und monumentalen Friedhof der Foce, wo sein Grabstein, flankiert von dem des treuen Diener, lautet: &#8220;In Erinnerung an Edward Lear Landschaftsmaler in vielen L\u00e4ndern lieber von seinen vielen Gaben zu viele Seelen&#8221;<\/p>\n<p><em>[Alessandra Chiappori]<\/em><\/p>\n\n\t\t<style type=\"text\/css\">\n\t\t\t#gallery-1 {\n\t\t\t\tmargin: auto;\n\t\t\t}\n\t\t\t#gallery-1 .gallery-item {\n\t\t\t\tfloat: left;\n\t\t\t\tmargin-top: 10px;\n\t\t\t\ttext-align: center;\n\t\t\t\twidth: 33%;\n\t\t\t}\n\t\t\t#gallery-1 img {\n\t\t\t\tborder: 2px solid #cfcfcf;\n\t\t\t}\n\t\t\t#gallery-1 .gallery-caption {\n\t\t\t\tmargin-left: 0;\n\t\t\t}\n\t\t\t\/* see gallery_shortcode() in wp-includes\/media.php *\/\n\t\t<\/style>\n\t\t<div id='gallery-1' class='gallery galleryid-4726 gallery-columns-3 gallery-size-thumbnail'><dl class='gallery-item'>\n\t\t\t<dt class='gallery-icon portrait'>\n\t\t\t\t<a href='https:\/\/www.rivieradeifiori.it\/de\/kunst-und-kultur\/edward-lear-ein-kuenstler-riviera\/attachment\/ara_ararauna_-macrocercus_ararauna_blue__yellow_maccaw_-by_edward_lear_1812-1888-2\/'><img decoding=\"async\" width=\"160\" height=\"160\" src=\"https:\/\/www.rivieradeifiori.it\/wp-content\/uploads\/2017\/03\/Ara_ararauna_-Macrocercus_ararauna_Blue__yellow_Maccaw_-by_Edward_Lear_1812-1888-160x160.jpg\" class=\"attachment-thumbnail size-thumbnail\" alt=\"\" srcset=\"https:\/\/www.rivieradeifiori.it\/wp-content\/uploads\/2017\/03\/Ara_ararauna_-Macrocercus_ararauna_Blue__yellow_Maccaw_-by_Edward_Lear_1812-1888-160x160.jpg 160w, https:\/\/www.rivieradeifiori.it\/wp-content\/uploads\/2017\/03\/Ara_ararauna_-Macrocercus_ararauna_Blue__yellow_Maccaw_-by_Edward_Lear_1812-1888-643x640.jpg 643w, https:\/\/www.rivieradeifiori.it\/wp-content\/uploads\/2017\/03\/Ara_ararauna_-Macrocercus_ararauna_Blue__yellow_Maccaw_-by_Edward_Lear_1812-1888-440x440.jpg 440w, https:\/\/www.rivieradeifiori.it\/wp-content\/uploads\/2017\/03\/Ara_ararauna_-Macrocercus_ararauna_Blue__yellow_Maccaw_-by_Edward_Lear_1812-1888-150x150.jpg 150w, https:\/\/www.rivieradeifiori.it\/wp-content\/uploads\/2017\/03\/Ara_ararauna_-Macrocercus_ararauna_Blue__yellow_Maccaw_-by_Edward_Lear_1812-1888-65x65.jpg 65w, https:\/\/www.rivieradeifiori.it\/wp-content\/uploads\/2017\/03\/Ara_ararauna_-Macrocercus_ararauna_Blue__yellow_Maccaw_-by_Edward_Lear_1812-1888-180x180.jpg 180w, https:\/\/www.rivieradeifiori.it\/wp-content\/uploads\/2017\/03\/Ara_ararauna_-Macrocercus_ararauna_Blue__yellow_Maccaw_-by_Edward_Lear_1812-1888-300x300.jpg 300w, https:\/\/www.rivieradeifiori.it\/wp-content\/uploads\/2017\/03\/Ara_ararauna_-Macrocercus_ararauna_Blue__yellow_Maccaw_-by_Edward_Lear_1812-1888-600x600.jpg 600w\" sizes=\"(max-width: 160px) 100vw, 160px\" \/><\/a>\n\t\t\t<\/dt><\/dl><dl class='gallery-item'>\n\t\t\t<dt class='gallery-icon portrait'>\n\t\t\t\t<a href='https:\/\/www.rivieradeifiori.it\/de\/kunst-und-kultur\/edward-lear-ein-kuenstler-riviera\/attachment\/edward_lear-2\/'><img decoding=\"async\" width=\"160\" height=\"160\" src=\"https:\/\/www.rivieradeifiori.it\/wp-content\/uploads\/2017\/03\/Edward_Lear-160x160.jpg\" class=\"attachment-thumbnail size-thumbnail\" alt=\"\" srcset=\"https:\/\/www.rivieradeifiori.it\/wp-content\/uploads\/2017\/03\/Edward_Lear-160x160.jpg 160w, https:\/\/www.rivieradeifiori.it\/wp-content\/uploads\/2017\/03\/Edward_Lear-150x150.jpg 150w, https:\/\/www.rivieradeifiori.it\/wp-content\/uploads\/2017\/03\/Edward_Lear-65x65.jpg 65w, https:\/\/www.rivieradeifiori.it\/wp-content\/uploads\/2017\/03\/Edward_Lear-180x180.jpg 180w, https:\/\/www.rivieradeifiori.it\/wp-content\/uploads\/2017\/03\/Edward_Lear-300x300.jpg 300w\" sizes=\"(max-width: 160px) 100vw, 160px\" \/><\/a>\n\t\t\t<\/dt><\/dl><dl class='gallery-item'>\n\t\t\t<dt class='gallery-icon landscape'>\n\t\t\t\t<a href='https:\/\/www.rivieradeifiori.it\/de\/kunst-und-kultur\/edward-lear-ein-kuenstler-riviera\/attachment\/1862ca-a-book-of-nonsense-edward-lear-001-2\/'><img decoding=\"async\" width=\"160\" height=\"160\" src=\"https:\/\/www.rivieradeifiori.it\/wp-content\/uploads\/2017\/03\/1862ca-a-book-of-nonsense-edward-lear-001-160x160.jpg\" class=\"attachment-thumbnail size-thumbnail\" alt=\"\" srcset=\"https:\/\/www.rivieradeifiori.it\/wp-content\/uploads\/2017\/03\/1862ca-a-book-of-nonsense-edward-lear-001-160x160.jpg 160w, https:\/\/www.rivieradeifiori.it\/wp-content\/uploads\/2017\/03\/1862ca-a-book-of-nonsense-edward-lear-001-440x440.jpg 440w, https:\/\/www.rivieradeifiori.it\/wp-content\/uploads\/2017\/03\/1862ca-a-book-of-nonsense-edward-lear-001-150x150.jpg 150w, https:\/\/www.rivieradeifiori.it\/wp-content\/uploads\/2017\/03\/1862ca-a-book-of-nonsense-edward-lear-001-65x65.jpg 65w, https:\/\/www.rivieradeifiori.it\/wp-content\/uploads\/2017\/03\/1862ca-a-book-of-nonsense-edward-lear-001-180x180.jpg 180w, https:\/\/www.rivieradeifiori.it\/wp-content\/uploads\/2017\/03\/1862ca-a-book-of-nonsense-edward-lear-001-300x300.jpg 300w, https:\/\/www.rivieradeifiori.it\/wp-content\/uploads\/2017\/03\/1862ca-a-book-of-nonsense-edward-lear-001-600x600.jpg 600w\" sizes=\"(max-width: 160px) 100vw, 160px\" \/><\/a>\n\t\t\t<\/dt><\/dl><br style=\"clear: both\" \/>\n\t\t<\/div>\n\n","protected":false},"excerpt":{"rendered":"<p>Unsinn Schriftsteller, Maler, Reisende: ein vielseitiger K\u00fcnstler, der in Sanremo trovo&#8217;\u00f2 ihre H\u00e4user Geboren in Holloway im Jahre 1812 und starb in San Remo im Jahr 1888, ist Lear als vielseitiger K\u00fcnstler erinnert und vielseitig. Dichter, Schriftsteller, Zeichner, Maler, Musiker, reisender: eine wahre Protagonist kulturelle \u00c4ra, die nun B\u00fccher, Gedichte, Gem\u00e4lde f\u00fcr ein Erbe von [&hellip;]<\/p>\n","protected":false},"author":1,"featured_media":4711,"comment_status":"closed","ping_status":"open","sticky":false,"template":"","format":"standard","meta":{"_et_pb_use_builder":"","_et_pb_old_content":"","_et_gb_content_width":"","_eb_attr":"","_vp_format_video_url":"","_vp_image_focal_point":[],"_vp_custom_popup_image":0,"_vp_format_audio_url":"","_vp_custom_thumbnail":0,"_vp_custom_thumbnail_focal_point":[],"_vp_hover_thumbnail":0,"_vp_hover_thumbnail_focal_point":[],"footnotes":""},"categories":[48],"tags":[1005],"class_list":["post-4726","post","type-post","status-publish","format-standard","has-post-thumbnail","hentry","category-kunst-und-kultur","tag-sanremo-de","et-has-post-format-content","et_post_format-et-post-format-standard"],"yoast_head":"<!-- This site is optimized with the Yoast SEO plugin v25.7 - https:\/\/yoast.com\/wordpress\/plugins\/seo\/ -->\n<title>Edward Lear: ein K\u00fcnstler in Riviera - Kunst &amp; Kultur - Riviera dei Fiori<\/title>\n<meta name=\"robots\" content=\"index, follow, max-snippet:-1, max-image-preview:large, max-video-preview:-1\" \/>\n<link rel=\"canonical\" href=\"https:\/\/www.rivieradeifiori.it\/de\/kunst-und-kultur\/edward-lear-ein-kuenstler-riviera\/\" \/>\n<meta name=\"twitter:label1\" content=\"Verfasst von\" \/>\n\t<meta name=\"twitter:data1\" content=\"Luca Giovannetti\" \/>\n\t<meta name=\"twitter:label2\" content=\"Gesch\u00e4tzte Lesezeit\" \/>\n\t<meta name=\"twitter:data2\" content=\"2\u00a0Minuten\" \/>\n<script type=\"application\/ld+json\" class=\"yoast-schema-graph\">{\"@context\":\"https:\/\/schema.org\",\"@graph\":[{\"@type\":\"WebPage\",\"@id\":\"https:\/\/www.rivieradeifiori.it\/de\/kunst-und-kultur\/edward-lear-ein-kuenstler-riviera\/\",\"url\":\"https:\/\/www.rivieradeifiori.it\/de\/kunst-und-kultur\/edward-lear-ein-kuenstler-riviera\/\",\"name\":\"Edward Lear: ein K\u00fcnstler in Riviera - Kunst &amp; Kultur - Riviera dei Fiori\",\"isPartOf\":{\"@id\":\"https:\/\/www.rivieradeifiori.it\/de\/#website\"},\"primaryImageOfPage\":{\"@id\":\"https:\/\/www.rivieradeifiori.it\/de\/kunst-und-kultur\/edward-lear-ein-kuenstler-riviera\/#primaryimage\"},\"image\":{\"@id\":\"https:\/\/www.rivieradeifiori.it\/de\/kunst-und-kultur\/edward-lear-ein-kuenstler-riviera\/#primaryimage\"},\"thumbnailUrl\":\"https:\/\/www.rivieradeifiori.it\/wp-content\/uploads\/2017\/03\/1862ca-a-book-of-nonsense-edward-lear-001.jpg\",\"datePublished\":\"2017-03-23T21:21:46+00:00\",\"dateModified\":\"2017-03-23T21:30:36+00:00\",\"author\":{\"@id\":\"https:\/\/www.rivieradeifiori.it\/de\/#\/schema\/person\/6cc4e4ed0d74f08798811653e64f69ed\"},\"breadcrumb\":{\"@id\":\"https:\/\/www.rivieradeifiori.it\/de\/kunst-und-kultur\/edward-lear-ein-kuenstler-riviera\/#breadcrumb\"},\"inLanguage\":\"de\",\"potentialAction\":[{\"@type\":\"ReadAction\",\"target\":[\"https:\/\/www.rivieradeifiori.it\/de\/kunst-und-kultur\/edward-lear-ein-kuenstler-riviera\/\"]}]},{\"@type\":\"ImageObject\",\"inLanguage\":\"de\",\"@id\":\"https:\/\/www.rivieradeifiori.it\/de\/kunst-und-kultur\/edward-lear-ein-kuenstler-riviera\/#primaryimage\",\"url\":\"https:\/\/www.rivieradeifiori.it\/wp-content\/uploads\/2017\/03\/1862ca-a-book-of-nonsense-edward-lear-001.jpg\",\"contentUrl\":\"https:\/\/www.rivieradeifiori.it\/wp-content\/uploads\/2017\/03\/1862ca-a-book-of-nonsense-edward-lear-001.jpg\",\"width\":2100,\"height\":1362},{\"@type\":\"BreadcrumbList\",\"@id\":\"https:\/\/www.rivieradeifiori.it\/de\/kunst-und-kultur\/edward-lear-ein-kuenstler-riviera\/#breadcrumb\",\"itemListElement\":[{\"@type\":\"ListItem\",\"position\":1,\"name\":\"Home\",\"item\":\"https:\/\/www.rivieradeifiori.it\/de\/\"},{\"@type\":\"ListItem\",\"position\":2,\"name\":\"Edward Lear: ein K\u00fcnstler in Riviera\"}]},{\"@type\":\"WebSite\",\"@id\":\"https:\/\/www.rivieradeifiori.it\/de\/#website\",\"url\":\"https:\/\/www.rivieradeifiori.it\/de\/\",\"name\":\"Riviera dei Fiori\",\"description\":\"Un mare di colori\",\"potentialAction\":[{\"@type\":\"SearchAction\",\"target\":{\"@type\":\"EntryPoint\",\"urlTemplate\":\"https:\/\/www.rivieradeifiori.it\/de\/?s={search_term_string}\"},\"query-input\":{\"@type\":\"PropertyValueSpecification\",\"valueRequired\":true,\"valueName\":\"search_term_string\"}}],\"inLanguage\":\"de\"},{\"@type\":\"Person\",\"@id\":\"https:\/\/www.rivieradeifiori.it\/de\/#\/schema\/person\/6cc4e4ed0d74f08798811653e64f69ed\",\"name\":\"Luca Giovannetti\",\"image\":{\"@type\":\"ImageObject\",\"inLanguage\":\"de\",\"@id\":\"https:\/\/www.rivieradeifiori.it\/de\/#\/schema\/person\/image\/\",\"url\":\"https:\/\/secure.gravatar.com\/avatar\/092abda2284c50268e586151e014cf903142e524662c62577231430ea44340cf?s=96&r=g&d=https:\/\/www.rivieradeifiori.it\/wp-content\/plugins\/userswp\/assets\/images\/no_profile.png\",\"contentUrl\":\"https:\/\/secure.gravatar.com\/avatar\/092abda2284c50268e586151e014cf903142e524662c62577231430ea44340cf?s=96&r=g&d=https:\/\/www.rivieradeifiori.it\/wp-content\/plugins\/userswp\/assets\/images\/no_profile.png\",\"caption\":\"Luca Giovannetti\"}}]}<\/script>\n<!-- \/ Yoast SEO plugin. -->","yoast_head_json":{"title":"Edward Lear: ein K\u00fcnstler in Riviera - Kunst &amp; Kultur - Riviera dei Fiori","robots":{"index":"index","follow":"follow","max-snippet":"max-snippet:-1","max-image-preview":"max-image-preview:large","max-video-preview":"max-video-preview:-1"},"canonical":"https:\/\/www.rivieradeifiori.it\/de\/kunst-und-kultur\/edward-lear-ein-kuenstler-riviera\/","twitter_misc":{"Verfasst von":"Luca Giovannetti","Gesch\u00e4tzte Lesezeit":"2\u00a0Minuten"},"schema":{"@context":"https:\/\/schema.org","@graph":[{"@type":"WebPage","@id":"https:\/\/www.rivieradeifiori.it\/de\/kunst-und-kultur\/edward-lear-ein-kuenstler-riviera\/","url":"https:\/\/www.rivieradeifiori.it\/de\/kunst-und-kultur\/edward-lear-ein-kuenstler-riviera\/","name":"Edward Lear: ein K\u00fcnstler in Riviera - Kunst &amp; Kultur - Riviera dei Fiori","isPartOf":{"@id":"https:\/\/www.rivieradeifiori.it\/de\/#website"},"primaryImageOfPage":{"@id":"https:\/\/www.rivieradeifiori.it\/de\/kunst-und-kultur\/edward-lear-ein-kuenstler-riviera\/#primaryimage"},"image":{"@id":"https:\/\/www.rivieradeifiori.it\/de\/kunst-und-kultur\/edward-lear-ein-kuenstler-riviera\/#primaryimage"},"thumbnailUrl":"https:\/\/www.rivieradeifiori.it\/wp-content\/uploads\/2017\/03\/1862ca-a-book-of-nonsense-edward-lear-001.jpg","datePublished":"2017-03-23T21:21:46+00:00","dateModified":"2017-03-23T21:30:36+00:00","author":{"@id":"https:\/\/www.rivieradeifiori.it\/de\/#\/schema\/person\/6cc4e4ed0d74f08798811653e64f69ed"},"breadcrumb":{"@id":"https:\/\/www.rivieradeifiori.it\/de\/kunst-und-kultur\/edward-lear-ein-kuenstler-riviera\/#breadcrumb"},"inLanguage":"de","potentialAction":[{"@type":"ReadAction","target":["https:\/\/www.rivieradeifiori.it\/de\/kunst-und-kultur\/edward-lear-ein-kuenstler-riviera\/"]}]},{"@type":"ImageObject","inLanguage":"de","@id":"https:\/\/www.rivieradeifiori.it\/de\/kunst-und-kultur\/edward-lear-ein-kuenstler-riviera\/#primaryimage","url":"https:\/\/www.rivieradeifiori.it\/wp-content\/uploads\/2017\/03\/1862ca-a-book-of-nonsense-edward-lear-001.jpg","contentUrl":"https:\/\/www.rivieradeifiori.it\/wp-content\/uploads\/2017\/03\/1862ca-a-book-of-nonsense-edward-lear-001.jpg","width":2100,"height":1362},{"@type":"BreadcrumbList","@id":"https:\/\/www.rivieradeifiori.it\/de\/kunst-und-kultur\/edward-lear-ein-kuenstler-riviera\/#breadcrumb","itemListElement":[{"@type":"ListItem","position":1,"name":"Home","item":"https:\/\/www.rivieradeifiori.it\/de\/"},{"@type":"ListItem","position":2,"name":"Edward Lear: ein K\u00fcnstler in Riviera"}]},{"@type":"WebSite","@id":"https:\/\/www.rivieradeifiori.it\/de\/#website","url":"https:\/\/www.rivieradeifiori.it\/de\/","name":"Riviera dei Fiori","description":"Un mare di colori","potentialAction":[{"@type":"SearchAction","target":{"@type":"EntryPoint","urlTemplate":"https:\/\/www.rivieradeifiori.it\/de\/?s={search_term_string}"},"query-input":{"@type":"PropertyValueSpecification","valueRequired":true,"valueName":"search_term_string"}}],"inLanguage":"de"},{"@type":"Person","@id":"https:\/\/www.rivieradeifiori.it\/de\/#\/schema\/person\/6cc4e4ed0d74f08798811653e64f69ed","name":"Luca Giovannetti","image":{"@type":"ImageObject","inLanguage":"de","@id":"https:\/\/www.rivieradeifiori.it\/de\/#\/schema\/person\/image\/","url":"https:\/\/secure.gravatar.com\/avatar\/092abda2284c50268e586151e014cf903142e524662c62577231430ea44340cf?s=96&r=g&d=https:\/\/www.rivieradeifiori.it\/wp-content\/plugins\/userswp\/assets\/images\/no_profile.png","contentUrl":"https:\/\/secure.gravatar.com\/avatar\/092abda2284c50268e586151e014cf903142e524662c62577231430ea44340cf?s=96&r=g&d=https:\/\/www.rivieradeifiori.it\/wp-content\/plugins\/userswp\/assets\/images\/no_profile.png","caption":"Luca Giovannetti"}}]}},"_links":{"self":[{"href":"https:\/\/www.rivieradeifiori.it\/de\/wp-json\/wp\/v2\/posts\/4726","targetHints":{"allow":["GET"]}}],"collection":[{"href":"https:\/\/www.rivieradeifiori.it\/de\/wp-json\/wp\/v2\/posts"}],"about":[{"href":"https:\/\/www.rivieradeifiori.it\/de\/wp-json\/wp\/v2\/types\/post"}],"author":[{"embeddable":true,"href":"https:\/\/www.rivieradeifiori.it\/de\/wp-json\/wp\/v2\/users\/1"}],"replies":[{"embeddable":true,"href":"https:\/\/www.rivieradeifiori.it\/de\/wp-json\/wp\/v2\/comments?post=4726"}],"version-history":[{"count":0,"href":"https:\/\/www.rivieradeifiori.it\/de\/wp-json\/wp\/v2\/posts\/4726\/revisions"}],"wp:featuredmedia":[{"embeddable":true,"href":"https:\/\/www.rivieradeifiori.it\/de\/wp-json\/wp\/v2\/media\/4711"}],"wp:attachment":[{"href":"https:\/\/www.rivieradeifiori.it\/de\/wp-json\/wp\/v2\/media?parent=4726"}],"wp:term":[{"taxonomy":"category","embeddable":true,"href":"https:\/\/www.rivieradeifiori.it\/de\/wp-json\/wp\/v2\/categories?post=4726"},{"taxonomy":"post_tag","embeddable":true,"href":"https:\/\/www.rivieradeifiori.it\/de\/wp-json\/wp\/v2\/tags?post=4726"}],"curies":[{"name":"wp","href":"https:\/\/api.w.org\/{rel}","templated":true}]}}