{"id":4233,"date":"2017-01-02T11:24:09","date_gmt":"2017-01-02T10:24:09","guid":{"rendered":"http:\/\/www.rivieradeifiori.info\/de\/?p=4233"},"modified":"2017-01-02T11:27:38","modified_gmt":"2017-01-02T10:27:38","slug":"der-lavendel-der-italienischen-riviera","status":"publish","type":"post","link":"https:\/\/www.rivieradeifiori.it\/de\/meer-und-land\/der-lavendel-der-italienischen-riviera\/","title":{"rendered":"Der Lavendel der italienischen Riviera"},"content":{"rendered":"<p>Das Projekt \u201eLavanda Riviera dei Fiori\u201c entstand auf Vorschlag der ENDAS Imperia, um die Betreiber verschiedener Branchen (Landwirtschaft, Gewerbe, Hotel und auch kulturelle Institutionen) miteinander zu vernetzen, in einem Gebiet, dass mit ihrer Sch\u00f6nheit und ihrem Potenzial unvergleichlich ist.<\/p>\n<p>Dank der Arbeit des Hybridenz\u00fcchters Franco Stalla aus Albenga, verantwortlich f\u00fcr die Auswahl der verschiedene Arten, entschied man sich f\u00fcr die neue Sorte Lavanda officinalis, die viele wichtige Eigenschaften mit sich bringt. Sie ist widerstandsf\u00e4higer, um eine m\u00f6glichst lange Haltbarkeit der Pflanzdichte zu gew\u00e4hrleisten, sie eignet sich f\u00fcr die Herstellung von \u00e4therischen \u00d6len, genauso wie f\u00fcr den Verkauf von Lavendelb\u00fcndeln. Besondere Verwendung findet sie aber in der Lebensmittel- und Gastronomiebranche und die zahlreichen<\/p>\n<p>Lavendelrezepte k\u00f6nnen dies nur bezeugen: Lavendel-Tagliatelle, Lavendel-Tagliolini, Lavendel-Chifferi, Lavendel-Rundi, Lavendel-Castagnaccio, Lavendelkuchen und \u201cLa Nota\u201d- die Lavendel-Schokolade.<\/p>\n<p>Unter der E-Mail-Adresse \u201einfo@lavandarivieradeifiori.it\u201c k\u00f6nnen Sie die Rezepte und Verkaufsstellen der Produkte abfragen.<\/p>\n<p>Das Projekt befasst sich auch mit dem touristischen Aspekt, um die Geheimnisse des Lavendels zu entdecken. Dazu geh\u00f6ren die Organisation thematischer Veranstaltungen, Besuche im Lavendelgebiet und gef\u00fchrte Verkostungen. Die Geschichte der Nutzung des Lavendels ist seit Jahren konsolidiert und einige \u00e4gyptische Papyri sprechen schon seit Jahrtausenden Jahren vor Christus davon. Derzeit wird der Lavendel als vielseitigste Essenz betrachtet. Man muss jedoch das \u00e4therische \u00d6l der Lavandula angustifolia von dem des Lavandino unterscheiden.<\/p>\n\n\t\t<style type=\"text\/css\">\n\t\t\t#gallery-1 {\n\t\t\t\tmargin: auto;\n\t\t\t}\n\t\t\t#gallery-1 .gallery-item {\n\t\t\t\tfloat: left;\n\t\t\t\tmargin-top: 10px;\n\t\t\t\ttext-align: center;\n\t\t\t\twidth: 33%;\n\t\t\t}\n\t\t\t#gallery-1 img {\n\t\t\t\tborder: 2px solid #cfcfcf;\n\t\t\t}\n\t\t\t#gallery-1 .gallery-caption {\n\t\t\t\tmargin-left: 0;\n\t\t\t}\n\t\t\t\/* see gallery_shortcode() in wp-includes\/media.php *\/\n\t\t<\/style>\n\t\t<div id='gallery-1' class='gallery galleryid-4233 gallery-columns-3 gallery-size-thumbnail'><dl class='gallery-item'>\n\t\t\t<dt class='gallery-icon landscape'>\n\t\t\t\t<a href='https:\/\/www.rivieradeifiori.it\/de\/cartina-lavanda-ultima-2\/'><img decoding=\"async\" width=\"160\" height=\"160\" src=\"https:\/\/www.rivieradeifiori.it\/wp-content\/uploads\/2017\/01\/Cartina-lavanda-x-RdF-160x160.jpg\" class=\"attachment-thumbnail size-thumbnail\" alt=\"\" srcset=\"https:\/\/www.rivieradeifiori.it\/wp-content\/uploads\/2017\/01\/Cartina-lavanda-x-RdF-160x160.jpg 160w, https:\/\/www.rivieradeifiori.it\/wp-content\/uploads\/2017\/01\/Cartina-lavanda-x-RdF-440x440.jpg 440w, https:\/\/www.rivieradeifiori.it\/wp-content\/uploads\/2017\/01\/Cartina-lavanda-x-RdF-150x150.jpg 150w, https:\/\/www.rivieradeifiori.it\/wp-content\/uploads\/2017\/01\/Cartina-lavanda-x-RdF-65x65.jpg 65w, https:\/\/www.rivieradeifiori.it\/wp-content\/uploads\/2017\/01\/Cartina-lavanda-x-RdF-180x180.jpg 180w, https:\/\/www.rivieradeifiori.it\/wp-content\/uploads\/2017\/01\/Cartina-lavanda-x-RdF-300x300.jpg 300w, https:\/\/www.rivieradeifiori.it\/wp-content\/uploads\/2017\/01\/Cartina-lavanda-x-RdF-600x600.jpg 600w\" sizes=\"(max-width: 160px) 100vw, 160px\" \/><\/a>\n\t\t\t<\/dt><\/dl><dl class='gallery-item'>\n\t\t\t<dt class='gallery-icon portrait'>\n\t\t\t\t<a href='https:\/\/www.rivieradeifiori.it\/de\/fiore-lavanda-2\/'><img decoding=\"async\" width=\"160\" height=\"160\" src=\"https:\/\/www.rivieradeifiori.it\/wp-content\/uploads\/2017\/01\/Fiore-lavanda-160x160.jpg\" class=\"attachment-thumbnail size-thumbnail\" alt=\"\" srcset=\"https:\/\/www.rivieradeifiori.it\/wp-content\/uploads\/2017\/01\/Fiore-lavanda-160x160.jpg 160w, https:\/\/www.rivieradeifiori.it\/wp-content\/uploads\/2017\/01\/Fiore-lavanda-440x440.jpg 440w, https:\/\/www.rivieradeifiori.it\/wp-content\/uploads\/2017\/01\/Fiore-lavanda-150x150.jpg 150w, https:\/\/www.rivieradeifiori.it\/wp-content\/uploads\/2017\/01\/Fiore-lavanda-65x65.jpg 65w, https:\/\/www.rivieradeifiori.it\/wp-content\/uploads\/2017\/01\/Fiore-lavanda-180x180.jpg 180w, https:\/\/www.rivieradeifiori.it\/wp-content\/uploads\/2017\/01\/Fiore-lavanda-300x300.jpg 300w, https:\/\/www.rivieradeifiori.it\/wp-content\/uploads\/2017\/01\/Fiore-lavanda-600x600.jpg 600w\" sizes=\"(max-width: 160px) 100vw, 160px\" \/><\/a>\n\t\t\t<\/dt><\/dl><dl class='gallery-item'>\n\t\t\t<dt class='gallery-icon landscape'>\n\t\t\t\t<a href='https:\/\/www.rivieradeifiori.it\/de\/lavanda-logo-2\/'><img decoding=\"async\" width=\"160\" height=\"160\" src=\"https:\/\/www.rivieradeifiori.it\/wp-content\/uploads\/2017\/01\/Lavanda-logo-160x160.jpg\" class=\"attachment-thumbnail size-thumbnail\" alt=\"\" srcset=\"https:\/\/www.rivieradeifiori.it\/wp-content\/uploads\/2017\/01\/Lavanda-logo-160x160.jpg 160w, https:\/\/www.rivieradeifiori.it\/wp-content\/uploads\/2017\/01\/Lavanda-logo-440x440.jpg 440w, https:\/\/www.rivieradeifiori.it\/wp-content\/uploads\/2017\/01\/Lavanda-logo-150x150.jpg 150w, https:\/\/www.rivieradeifiori.it\/wp-content\/uploads\/2017\/01\/Lavanda-logo-65x65.jpg 65w, https:\/\/www.rivieradeifiori.it\/wp-content\/uploads\/2017\/01\/Lavanda-logo-180x180.jpg 180w, https:\/\/www.rivieradeifiori.it\/wp-content\/uploads\/2017\/01\/Lavanda-logo-300x300.jpg 300w, https:\/\/www.rivieradeifiori.it\/wp-content\/uploads\/2017\/01\/Lavanda-logo-600x600.jpg 600w\" sizes=\"(max-width: 160px) 100vw, 160px\" \/><\/a>\n\t\t\t<\/dt><\/dl><br style=\"clear: both\" \/>\n\t\t<\/div>\n\n","protected":false},"excerpt":{"rendered":"<p>Das Projekt \u201eLavanda Riviera dei Fiori\u201c entstand auf Vorschlag der ENDAS Imperia, um die Betreiber verschiedener Branchen (Landwirtschaft, Gewerbe, Hotel und auch kulturelle Institutionen) miteinander zu vernetzen, in einem Gebiet, dass mit ihrer Sch\u00f6nheit und ihrem Potenzial unvergleichlich ist. Dank der Arbeit des Hybridenz\u00fcchters Franco Stalla aus Albenga, verantwortlich f\u00fcr die Auswahl der verschiedene Arten, [&hellip;]<\/p>\n","protected":false},"author":1,"featured_media":4215,"comment_status":"closed","ping_status":"open","sticky":false,"template":"","format":"standard","meta":{"_et_pb_use_builder":"","_et_pb_old_content":"","_et_gb_content_width":"","_eb_attr":"","_vp_format_video_url":"","_vp_image_focal_point":[],"_vp_custom_popup_image":0,"_vp_format_audio_url":"","_vp_custom_thumbnail":0,"_vp_custom_thumbnail_focal_point":[],"_vp_hover_thumbnail":0,"_vp_hover_thumbnail_focal_point":[],"footnotes":""},"categories":[58],"tags":[260],"class_list":["post-4233","post","type-post","status-publish","format-standard","has-post-thumbnail","hentry","category-meer-und-land","tag-blumen-riviera","et-has-post-format-content","et_post_format-et-post-format-standard"],"yoast_head":"<!-- This site is optimized with the Yoast SEO plugin v25.7 - https:\/\/yoast.com\/wordpress\/plugins\/seo\/ -->\n<title>Der Lavendel der italienischen Riviera - Meer &amp; Land - Riviera dei Fiori<\/title>\n<meta name=\"robots\" content=\"index, follow, max-snippet:-1, max-image-preview:large, max-video-preview:-1\" \/>\n<link rel=\"canonical\" href=\"https:\/\/www.rivieradeifiori.it\/de\/meer-und-land\/der-lavendel-der-italienischen-riviera\/\" \/>\n<meta name=\"twitter:label1\" content=\"Verfasst von\" \/>\n\t<meta name=\"twitter:data1\" content=\"Luca Giovannetti\" \/>\n\t<meta name=\"twitter:label2\" content=\"Gesch\u00e4tzte Lesezeit\" \/>\n\t<meta name=\"twitter:data2\" content=\"1\u00a0Minute\" \/>\n<script type=\"application\/ld+json\" class=\"yoast-schema-graph\">{\"@context\":\"https:\/\/schema.org\",\"@graph\":[{\"@type\":\"WebPage\",\"@id\":\"https:\/\/www.rivieradeifiori.it\/de\/meer-und-land\/der-lavendel-der-italienischen-riviera\/\",\"url\":\"https:\/\/www.rivieradeifiori.it\/de\/meer-und-land\/der-lavendel-der-italienischen-riviera\/\",\"name\":\"Der Lavendel der italienischen Riviera - Meer &amp; Land - Riviera dei Fiori\",\"isPartOf\":{\"@id\":\"https:\/\/www.rivieradeifiori.it\/de\/#website\"},\"primaryImageOfPage\":{\"@id\":\"https:\/\/www.rivieradeifiori.it\/de\/meer-und-land\/der-lavendel-der-italienischen-riviera\/#primaryimage\"},\"image\":{\"@id\":\"https:\/\/www.rivieradeifiori.it\/de\/meer-und-land\/der-lavendel-der-italienischen-riviera\/#primaryimage\"},\"thumbnailUrl\":\"https:\/\/www.rivieradeifiori.it\/wp-content\/uploads\/2017\/01\/Cartina-lavanda-x-RdF.jpg\",\"datePublished\":\"2017-01-02T10:24:09+00:00\",\"dateModified\":\"2017-01-02T10:27:38+00:00\",\"author\":{\"@id\":\"https:\/\/www.rivieradeifiori.it\/de\/#\/schema\/person\/6cc4e4ed0d74f08798811653e64f69ed\"},\"breadcrumb\":{\"@id\":\"https:\/\/www.rivieradeifiori.it\/de\/meer-und-land\/der-lavendel-der-italienischen-riviera\/#breadcrumb\"},\"inLanguage\":\"de\",\"potentialAction\":[{\"@type\":\"ReadAction\",\"target\":[\"https:\/\/www.rivieradeifiori.it\/de\/meer-und-land\/der-lavendel-der-italienischen-riviera\/\"]}]},{\"@type\":\"ImageObject\",\"inLanguage\":\"de\",\"@id\":\"https:\/\/www.rivieradeifiori.it\/de\/meer-und-land\/der-lavendel-der-italienischen-riviera\/#primaryimage\",\"url\":\"https:\/\/www.rivieradeifiori.it\/wp-content\/uploads\/2017\/01\/Cartina-lavanda-x-RdF.jpg\",\"contentUrl\":\"https:\/\/www.rivieradeifiori.it\/wp-content\/uploads\/2017\/01\/Cartina-lavanda-x-RdF.jpg\",\"width\":1360,\"height\":966},{\"@type\":\"BreadcrumbList\",\"@id\":\"https:\/\/www.rivieradeifiori.it\/de\/meer-und-land\/der-lavendel-der-italienischen-riviera\/#breadcrumb\",\"itemListElement\":[{\"@type\":\"ListItem\",\"position\":1,\"name\":\"Home\",\"item\":\"https:\/\/www.rivieradeifiori.it\/de\/\"},{\"@type\":\"ListItem\",\"position\":2,\"name\":\"Der Lavendel der italienischen Riviera\"}]},{\"@type\":\"WebSite\",\"@id\":\"https:\/\/www.rivieradeifiori.it\/de\/#website\",\"url\":\"https:\/\/www.rivieradeifiori.it\/de\/\",\"name\":\"Riviera dei Fiori\",\"description\":\"Un mare di colori\",\"potentialAction\":[{\"@type\":\"SearchAction\",\"target\":{\"@type\":\"EntryPoint\",\"urlTemplate\":\"https:\/\/www.rivieradeifiori.it\/de\/?s={search_term_string}\"},\"query-input\":{\"@type\":\"PropertyValueSpecification\",\"valueRequired\":true,\"valueName\":\"search_term_string\"}}],\"inLanguage\":\"de\"},{\"@type\":\"Person\",\"@id\":\"https:\/\/www.rivieradeifiori.it\/de\/#\/schema\/person\/6cc4e4ed0d74f08798811653e64f69ed\",\"name\":\"Luca Giovannetti\",\"image\":{\"@type\":\"ImageObject\",\"inLanguage\":\"de\",\"@id\":\"https:\/\/www.rivieradeifiori.it\/de\/#\/schema\/person\/image\/\",\"url\":\"https:\/\/secure.gravatar.com\/avatar\/092abda2284c50268e586151e014cf903142e524662c62577231430ea44340cf?s=96&r=g&d=https:\/\/www.rivieradeifiori.it\/wp-content\/plugins\/userswp\/assets\/images\/no_profile.png\",\"contentUrl\":\"https:\/\/secure.gravatar.com\/avatar\/092abda2284c50268e586151e014cf903142e524662c62577231430ea44340cf?s=96&r=g&d=https:\/\/www.rivieradeifiori.it\/wp-content\/plugins\/userswp\/assets\/images\/no_profile.png\",\"caption\":\"Luca Giovannetti\"}}]}<\/script>\n<!-- \/ Yoast SEO plugin. -->","yoast_head_json":{"title":"Der Lavendel der italienischen Riviera - Meer &amp; Land - Riviera dei Fiori","robots":{"index":"index","follow":"follow","max-snippet":"max-snippet:-1","max-image-preview":"max-image-preview:large","max-video-preview":"max-video-preview:-1"},"canonical":"https:\/\/www.rivieradeifiori.it\/de\/meer-und-land\/der-lavendel-der-italienischen-riviera\/","twitter_misc":{"Verfasst von":"Luca Giovannetti","Gesch\u00e4tzte Lesezeit":"1\u00a0Minute"},"schema":{"@context":"https:\/\/schema.org","@graph":[{"@type":"WebPage","@id":"https:\/\/www.rivieradeifiori.it\/de\/meer-und-land\/der-lavendel-der-italienischen-riviera\/","url":"https:\/\/www.rivieradeifiori.it\/de\/meer-und-land\/der-lavendel-der-italienischen-riviera\/","name":"Der Lavendel der italienischen Riviera - Meer &amp; Land - Riviera dei Fiori","isPartOf":{"@id":"https:\/\/www.rivieradeifiori.it\/de\/#website"},"primaryImageOfPage":{"@id":"https:\/\/www.rivieradeifiori.it\/de\/meer-und-land\/der-lavendel-der-italienischen-riviera\/#primaryimage"},"image":{"@id":"https:\/\/www.rivieradeifiori.it\/de\/meer-und-land\/der-lavendel-der-italienischen-riviera\/#primaryimage"},"thumbnailUrl":"https:\/\/www.rivieradeifiori.it\/wp-content\/uploads\/2017\/01\/Cartina-lavanda-x-RdF.jpg","datePublished":"2017-01-02T10:24:09+00:00","dateModified":"2017-01-02T10:27:38+00:00","author":{"@id":"https:\/\/www.rivieradeifiori.it\/de\/#\/schema\/person\/6cc4e4ed0d74f08798811653e64f69ed"},"breadcrumb":{"@id":"https:\/\/www.rivieradeifiori.it\/de\/meer-und-land\/der-lavendel-der-italienischen-riviera\/#breadcrumb"},"inLanguage":"de","potentialAction":[{"@type":"ReadAction","target":["https:\/\/www.rivieradeifiori.it\/de\/meer-und-land\/der-lavendel-der-italienischen-riviera\/"]}]},{"@type":"ImageObject","inLanguage":"de","@id":"https:\/\/www.rivieradeifiori.it\/de\/meer-und-land\/der-lavendel-der-italienischen-riviera\/#primaryimage","url":"https:\/\/www.rivieradeifiori.it\/wp-content\/uploads\/2017\/01\/Cartina-lavanda-x-RdF.jpg","contentUrl":"https:\/\/www.rivieradeifiori.it\/wp-content\/uploads\/2017\/01\/Cartina-lavanda-x-RdF.jpg","width":1360,"height":966},{"@type":"BreadcrumbList","@id":"https:\/\/www.rivieradeifiori.it\/de\/meer-und-land\/der-lavendel-der-italienischen-riviera\/#breadcrumb","itemListElement":[{"@type":"ListItem","position":1,"name":"Home","item":"https:\/\/www.rivieradeifiori.it\/de\/"},{"@type":"ListItem","position":2,"name":"Der Lavendel der italienischen Riviera"}]},{"@type":"WebSite","@id":"https:\/\/www.rivieradeifiori.it\/de\/#website","url":"https:\/\/www.rivieradeifiori.it\/de\/","name":"Riviera dei Fiori","description":"Un mare di colori","potentialAction":[{"@type":"SearchAction","target":{"@type":"EntryPoint","urlTemplate":"https:\/\/www.rivieradeifiori.it\/de\/?s={search_term_string}"},"query-input":{"@type":"PropertyValueSpecification","valueRequired":true,"valueName":"search_term_string"}}],"inLanguage":"de"},{"@type":"Person","@id":"https:\/\/www.rivieradeifiori.it\/de\/#\/schema\/person\/6cc4e4ed0d74f08798811653e64f69ed","name":"Luca Giovannetti","image":{"@type":"ImageObject","inLanguage":"de","@id":"https:\/\/www.rivieradeifiori.it\/de\/#\/schema\/person\/image\/","url":"https:\/\/secure.gravatar.com\/avatar\/092abda2284c50268e586151e014cf903142e524662c62577231430ea44340cf?s=96&r=g&d=https:\/\/www.rivieradeifiori.it\/wp-content\/plugins\/userswp\/assets\/images\/no_profile.png","contentUrl":"https:\/\/secure.gravatar.com\/avatar\/092abda2284c50268e586151e014cf903142e524662c62577231430ea44340cf?s=96&r=g&d=https:\/\/www.rivieradeifiori.it\/wp-content\/plugins\/userswp\/assets\/images\/no_profile.png","caption":"Luca Giovannetti"}}]}},"_links":{"self":[{"href":"https:\/\/www.rivieradeifiori.it\/de\/wp-json\/wp\/v2\/posts\/4233","targetHints":{"allow":["GET"]}}],"collection":[{"href":"https:\/\/www.rivieradeifiori.it\/de\/wp-json\/wp\/v2\/posts"}],"about":[{"href":"https:\/\/www.rivieradeifiori.it\/de\/wp-json\/wp\/v2\/types\/post"}],"author":[{"embeddable":true,"href":"https:\/\/www.rivieradeifiori.it\/de\/wp-json\/wp\/v2\/users\/1"}],"replies":[{"embeddable":true,"href":"https:\/\/www.rivieradeifiori.it\/de\/wp-json\/wp\/v2\/comments?post=4233"}],"version-history":[{"count":0,"href":"https:\/\/www.rivieradeifiori.it\/de\/wp-json\/wp\/v2\/posts\/4233\/revisions"}],"wp:featuredmedia":[{"embeddable":true,"href":"https:\/\/www.rivieradeifiori.it\/de\/wp-json\/wp\/v2\/media\/4215"}],"wp:attachment":[{"href":"https:\/\/www.rivieradeifiori.it\/de\/wp-json\/wp\/v2\/media?parent=4233"}],"wp:term":[{"taxonomy":"category","embeddable":true,"href":"https:\/\/www.rivieradeifiori.it\/de\/wp-json\/wp\/v2\/categories?post=4233"},{"taxonomy":"post_tag","embeddable":true,"href":"https:\/\/www.rivieradeifiori.it\/de\/wp-json\/wp\/v2\/tags?post=4233"}],"curies":[{"name":"wp","href":"https:\/\/api.w.org\/{rel}","templated":true}]}}