{"id":4081,"date":"2016-12-28T17:51:35","date_gmt":"2016-12-28T16:51:35","guid":{"rendered":"http:\/\/www.rivieradeifiori.info\/de\/?p=4081"},"modified":"2016-12-28T17:56:32","modified_gmt":"2016-12-28T16:56:32","slug":"die-roemische-stadt-albintimilium-im-modernen-ventimiglia-an-der-grenze-zu-frankreich","status":"publish","type":"post","link":"https:\/\/www.rivieradeifiori.it\/de\/kunst-und-kultur\/die-roemische-stadt-albintimilium-im-modernen-ventimiglia-an-der-grenze-zu-frankreich\/","title":{"rendered":"Die r\u00f6mische Stadt Albintimilium im modernen Ventimiglia an der Grenze zu Frankreich"},"content":{"rendered":"<p>Die vom Internationalen Institut f\u00fcr Ligurische Studien geleiteten Forschungen im Bereich der n\u00f6rdlichen Stadtmauern der r\u00f6mischen Stadt, urspr\u00fcnglich Teil des IX. Reichs Ligurien aus der augusteischen Zeit, sind die Fortf\u00fchrung der vom bekannten italienischen Arch\u00e4ologen Nino Lamboglia 1938 begonnenen Tradition, die gerade an dieser St\u00e4tte die Art der Ausf\u00fchrung arch\u00e4ologischer Studien revolutioniert hat. Lamboglia hat bei den Ausgrabungen die stratigraphische Methode angewandt.<\/p>\n<p>Die mehrj\u00e4hrigen Ausgrabungen, die dem Institut des Ministeriums f\u00fcr Kultur und Erbgut und Tourismus von der Aufsicht f\u00fcr das arch\u00e4ologische Erbe von Ligurien gestattet wurden, haben die Erfassung neuer bedeutender Daten \u00fcber die Geschichte und topographische Organisation von Albintimilium m\u00f6glich gemacht. Dank dieser Ausgrabungen und Funde und der im Jahr 1948 von Lamboglia gegr\u00fcndeten Schule konnten Generationen von Arch\u00e4ologen ausgebildet werden.<\/p>\n<p>Die in den letzten Jahren durchgef\u00fchrten Untersuchungen brachten einen gro\u00dfen Teil der Stadtmauer hervor, die den Norden in der N\u00e4he der H\u00e4nge des Collasgarba, der Altstadt, abgrenzte und f\u00fchrte zur Entdeckung einer Grabst\u00e4tte der Sp\u00e4tantike aus der Mitte des V. Jahrhundert nach Christus, nachdem das Gebiet nach den ersten barbarischen Einf\u00e4llen aufgegeben wurde.<\/p>\n<p>Die Ausgrabungsst\u00e4tte Albintimilium ist eine der wichtigsten arch\u00e4ologischen St\u00e4tten in Ligurien, die mit ihren Mauern, Stra\u00dfen, B\u00e4dern, Theater, Insulae und Domus mit Mosaikb\u00f6den und Fresken, eines der gr\u00f6\u00dften Zeugnisse aus der R\u00f6merzeit in unserer Region darstellt.<\/p>\n<p><em>[Daniela Gandolfi]<\/em><\/p>\n\n\t\t<style type=\"text\/css\">\n\t\t\t#gallery-1 {\n\t\t\t\tmargin: auto;\n\t\t\t}\n\t\t\t#gallery-1 .gallery-item {\n\t\t\t\tfloat: left;\n\t\t\t\tmargin-top: 10px;\n\t\t\t\ttext-align: center;\n\t\t\t\twidth: 33%;\n\t\t\t}\n\t\t\t#gallery-1 img {\n\t\t\t\tborder: 2px solid #cfcfcf;\n\t\t\t}\n\t\t\t#gallery-1 .gallery-caption {\n\t\t\t\tmargin-left: 0;\n\t\t\t}\n\t\t\t\/* see gallery_shortcode() in wp-includes\/media.php *\/\n\t\t<\/style>\n\t\t<div id='gallery-1' class='gallery galleryid-4081 gallery-columns-3 gallery-size-thumbnail'><dl class='gallery-item'>\n\t\t\t<dt class='gallery-icon landscape'>\n\t\t\t\t<a href='https:\/\/www.rivieradeifiori.it\/de\/ricerche-archeologiche-2\/'><img decoding=\"async\" width=\"160\" height=\"160\" src=\"https:\/\/www.rivieradeifiori.it\/wp-content\/uploads\/2016\/12\/Ricerche-archeologiche-160x160.jpg\" class=\"attachment-thumbnail size-thumbnail\" alt=\"\" aria-describedby=\"gallery-1-4073\" srcset=\"https:\/\/www.rivieradeifiori.it\/wp-content\/uploads\/2016\/12\/Ricerche-archeologiche-160x160.jpg 160w, https:\/\/www.rivieradeifiori.it\/wp-content\/uploads\/2016\/12\/Ricerche-archeologiche-440x440.jpg 440w, https:\/\/www.rivieradeifiori.it\/wp-content\/uploads\/2016\/12\/Ricerche-archeologiche-150x150.jpg 150w, https:\/\/www.rivieradeifiori.it\/wp-content\/uploads\/2016\/12\/Ricerche-archeologiche-65x65.jpg 65w, https:\/\/www.rivieradeifiori.it\/wp-content\/uploads\/2016\/12\/Ricerche-archeologiche-180x180.jpg 180w, https:\/\/www.rivieradeifiori.it\/wp-content\/uploads\/2016\/12\/Ricerche-archeologiche-300x300.jpg 300w, https:\/\/www.rivieradeifiori.it\/wp-content\/uploads\/2016\/12\/Ricerche-archeologiche-600x600.jpg 600w\" sizes=\"(max-width: 160px) 100vw, 160px\" \/><\/a>\n\t\t\t<\/dt>\n\t\t\t\t<dd class='wp-caption-text gallery-caption' id='gallery-1-4073'>\n\t\t\t\tScavi Romani a Albintimilium \u00a9Daniela Gandolfi\n\t\t\t\t<\/dd><\/dl><dl class='gallery-item'>\n\t\t\t<dt class='gallery-icon landscape'>\n\t\t\t\t<a href='https:\/\/www.rivieradeifiori.it\/de\/le-terme-romane-di-albintimilium-2\/'><img decoding=\"async\" width=\"160\" height=\"160\" src=\"https:\/\/www.rivieradeifiori.it\/wp-content\/uploads\/2016\/12\/Le-terme-romane-di-Albintimilium-160x160.jpg\" class=\"attachment-thumbnail size-thumbnail\" alt=\"\" aria-describedby=\"gallery-1-4068\" srcset=\"https:\/\/www.rivieradeifiori.it\/wp-content\/uploads\/2016\/12\/Le-terme-romane-di-Albintimilium-160x160.jpg 160w, https:\/\/www.rivieradeifiori.it\/wp-content\/uploads\/2016\/12\/Le-terme-romane-di-Albintimilium-440x440.jpg 440w, https:\/\/www.rivieradeifiori.it\/wp-content\/uploads\/2016\/12\/Le-terme-romane-di-Albintimilium-150x150.jpg 150w, https:\/\/www.rivieradeifiori.it\/wp-content\/uploads\/2016\/12\/Le-terme-romane-di-Albintimilium-65x65.jpg 65w, https:\/\/www.rivieradeifiori.it\/wp-content\/uploads\/2016\/12\/Le-terme-romane-di-Albintimilium-180x180.jpg 180w, https:\/\/www.rivieradeifiori.it\/wp-content\/uploads\/2016\/12\/Le-terme-romane-di-Albintimilium-300x300.jpg 300w, https:\/\/www.rivieradeifiori.it\/wp-content\/uploads\/2016\/12\/Le-terme-romane-di-Albintimilium-600x600.jpg 600w\" sizes=\"(max-width: 160px) 100vw, 160px\" \/><\/a>\n\t\t\t<\/dt>\n\t\t\t\t<dd class='wp-caption-text gallery-caption' id='gallery-1-4068'>\n\t\t\t\tTerme Romane a Albintimilium \u00a9Daniela Gandolfi\n\t\t\t\t<\/dd><\/dl><dl class='gallery-item'>\n\t\t\t<dt class='gallery-icon landscape'>\n\t\t\t\t<a href='https:\/\/www.rivieradeifiori.it\/de\/il-mosaico-a-soggetto-marino-2\/'><img decoding=\"async\" width=\"160\" height=\"160\" src=\"https:\/\/www.rivieradeifiori.it\/wp-content\/uploads\/2016\/12\/Il-mosaico-a-soggetto-marino-160x160.jpg\" class=\"attachment-thumbnail size-thumbnail\" alt=\"\" aria-describedby=\"gallery-1-4063\" srcset=\"https:\/\/www.rivieradeifiori.it\/wp-content\/uploads\/2016\/12\/Il-mosaico-a-soggetto-marino-160x160.jpg 160w, https:\/\/www.rivieradeifiori.it\/wp-content\/uploads\/2016\/12\/Il-mosaico-a-soggetto-marino-440x440.jpg 440w, https:\/\/www.rivieradeifiori.it\/wp-content\/uploads\/2016\/12\/Il-mosaico-a-soggetto-marino-150x150.jpg 150w, https:\/\/www.rivieradeifiori.it\/wp-content\/uploads\/2016\/12\/Il-mosaico-a-soggetto-marino-65x65.jpg 65w, https:\/\/www.rivieradeifiori.it\/wp-content\/uploads\/2016\/12\/Il-mosaico-a-soggetto-marino-180x180.jpg 180w, https:\/\/www.rivieradeifiori.it\/wp-content\/uploads\/2016\/12\/Il-mosaico-a-soggetto-marino-300x300.jpg 300w, https:\/\/www.rivieradeifiori.it\/wp-content\/uploads\/2016\/12\/Il-mosaico-a-soggetto-marino-600x600.jpg 600w\" sizes=\"(max-width: 160px) 100vw, 160px\" \/><\/a>\n\t\t\t<\/dt>\n\t\t\t\t<dd class='wp-caption-text gallery-caption' id='gallery-1-4063'>\n\t\t\t\tMosaico a soggetto marino &#8211; Albintimilium \u00a9Daniela Gandolfi\n\t\t\t\t<\/dd><\/dl><br style=\"clear: both\" \/><dl class='gallery-item'>\n\t\t\t<dt class='gallery-icon portrait'>\n\t\t\t\t<a href='https:\/\/www.rivieradeifiori.it\/de\/decumano-massimo-2\/'><img decoding=\"async\" width=\"160\" height=\"160\" src=\"https:\/\/www.rivieradeifiori.it\/wp-content\/uploads\/2016\/12\/Decumano-massimo-160x160.jpg\" class=\"attachment-thumbnail size-thumbnail\" alt=\"\" aria-describedby=\"gallery-1-4058\" srcset=\"https:\/\/www.rivieradeifiori.it\/wp-content\/uploads\/2016\/12\/Decumano-massimo-160x160.jpg 160w, https:\/\/www.rivieradeifiori.it\/wp-content\/uploads\/2016\/12\/Decumano-massimo-440x440.jpg 440w, https:\/\/www.rivieradeifiori.it\/wp-content\/uploads\/2016\/12\/Decumano-massimo-150x150.jpg 150w, https:\/\/www.rivieradeifiori.it\/wp-content\/uploads\/2016\/12\/Decumano-massimo-65x65.jpg 65w, https:\/\/www.rivieradeifiori.it\/wp-content\/uploads\/2016\/12\/Decumano-massimo-180x180.jpg 180w, https:\/\/www.rivieradeifiori.it\/wp-content\/uploads\/2016\/12\/Decumano-massimo-300x300.jpg 300w, https:\/\/www.rivieradeifiori.it\/wp-content\/uploads\/2016\/12\/Decumano-massimo-600x600.jpg 600w\" sizes=\"(max-width: 160px) 100vw, 160px\" \/><\/a>\n\t\t\t<\/dt>\n\t\t\t\t<dd class='wp-caption-text gallery-caption' id='gallery-1-4058'>\n\t\t\t\tDecumano massimo a Albintimilium \u00a9Daniela Gandolfi\n\t\t\t\t<\/dd><\/dl><dl class='gallery-item'>\n\t\t\t<dt class='gallery-icon landscape'>\n\t\t\t\t<a href='https:\/\/www.rivieradeifiori.it\/de\/archeologi-2\/'><img decoding=\"async\" width=\"160\" height=\"160\" src=\"https:\/\/www.rivieradeifiori.it\/wp-content\/uploads\/2016\/12\/Archeologi-160x160.jpg\" class=\"attachment-thumbnail size-thumbnail\" alt=\"\" aria-describedby=\"gallery-1-4053\" srcset=\"https:\/\/www.rivieradeifiori.it\/wp-content\/uploads\/2016\/12\/Archeologi-160x160.jpg 160w, https:\/\/www.rivieradeifiori.it\/wp-content\/uploads\/2016\/12\/Archeologi-440x440.jpg 440w, https:\/\/www.rivieradeifiori.it\/wp-content\/uploads\/2016\/12\/Archeologi-150x150.jpg 150w, https:\/\/www.rivieradeifiori.it\/wp-content\/uploads\/2016\/12\/Archeologi-65x65.jpg 65w, https:\/\/www.rivieradeifiori.it\/wp-content\/uploads\/2016\/12\/Archeologi-180x180.jpg 180w, https:\/\/www.rivieradeifiori.it\/wp-content\/uploads\/2016\/12\/Archeologi-300x300.jpg 300w, https:\/\/www.rivieradeifiori.it\/wp-content\/uploads\/2016\/12\/Archeologi-600x600.jpg 600w\" sizes=\"(max-width: 160px) 100vw, 160px\" \/><\/a>\n\t\t\t<\/dt>\n\t\t\t\t<dd class='wp-caption-text gallery-caption' id='gallery-1-4053'>\n\t\t\t\tScavi Romani a Albintimilium \u00a9Daniela Gandolfi\n\t\t\t\t<\/dd><\/dl><dl class='gallery-item'>\n\t\t\t<dt class='gallery-icon landscape'>\n\t\t\t\t<a href='https:\/\/www.rivieradeifiori.it\/de\/albintimilium-2\/'><img decoding=\"async\" width=\"160\" height=\"160\" src=\"https:\/\/www.rivieradeifiori.it\/wp-content\/uploads\/2016\/12\/Albintimilium-160x160.jpg\" class=\"attachment-thumbnail size-thumbnail\" alt=\"\" aria-describedby=\"gallery-1-4048\" srcset=\"https:\/\/www.rivieradeifiori.it\/wp-content\/uploads\/2016\/12\/Albintimilium-160x160.jpg 160w, https:\/\/www.rivieradeifiori.it\/wp-content\/uploads\/2016\/12\/Albintimilium-440x440.jpg 440w, https:\/\/www.rivieradeifiori.it\/wp-content\/uploads\/2016\/12\/Albintimilium-150x150.jpg 150w, https:\/\/www.rivieradeifiori.it\/wp-content\/uploads\/2016\/12\/Albintimilium-65x65.jpg 65w, https:\/\/www.rivieradeifiori.it\/wp-content\/uploads\/2016\/12\/Albintimilium-180x180.jpg 180w, https:\/\/www.rivieradeifiori.it\/wp-content\/uploads\/2016\/12\/Albintimilium-300x300.jpg 300w, https:\/\/www.rivieradeifiori.it\/wp-content\/uploads\/2016\/12\/Albintimilium-600x600.jpg 600w\" sizes=\"(max-width: 160px) 100vw, 160px\" \/><\/a>\n\t\t\t<\/dt>\n\t\t\t\t<dd class='wp-caption-text gallery-caption' id='gallery-1-4048'>\n\t\t\t\tTeatro Romano &#8211; Albintimilium \u00a9Daniela Gandolfi\n\t\t\t\t<\/dd><\/dl><br style=\"clear: both\" \/>\n\t\t<\/div>\n\n","protected":false},"excerpt":{"rendered":"<p>Die vom Internationalen Institut f\u00fcr Ligurische Studien geleiteten Forschungen im Bereich der n\u00f6rdlichen Stadtmauern der r\u00f6mischen Stadt, urspr\u00fcnglich Teil des IX. Reichs Ligurien aus der augusteischen Zeit, sind die Fortf\u00fchrung der vom bekannten italienischen Arch\u00e4ologen Nino Lamboglia 1938 begonnenen Tradition, die gerade an dieser St\u00e4tte die Art der Ausf\u00fchrung arch\u00e4ologischer Studien revolutioniert hat. Lamboglia hat [&hellip;]<\/p>\n","protected":false},"author":1,"featured_media":4048,"comment_status":"closed","ping_status":"open","sticky":false,"template":"","format":"standard","meta":{"_et_pb_use_builder":"","_et_pb_old_content":"","_et_gb_content_width":"","_eb_attr":"","_vp_format_video_url":"","_vp_image_focal_point":[],"_vp_custom_popup_image":0,"_vp_format_audio_url":"","_vp_custom_thumbnail":0,"_vp_custom_thumbnail_focal_point":[],"_vp_hover_thumbnail":0,"_vp_hover_thumbnail_focal_point":[],"footnotes":""},"categories":[48],"tags":[291],"class_list":["post-4081","post","type-post","status-publish","format-standard","has-post-thumbnail","hentry","category-kunst-und-kultur","tag-ventimiglia-de","et-has-post-format-content","et_post_format-et-post-format-standard"],"yoast_head":"<!-- This site is optimized with the Yoast SEO plugin v25.7 - https:\/\/yoast.com\/wordpress\/plugins\/seo\/ -->\n<title>Die r\u00f6mische Stadt Albintimilium im modernen Ventimiglia an der Grenze zu Frankreich - Kunst &amp; Kultur - Riviera dei Fiori<\/title>\n<meta name=\"robots\" content=\"index, follow, max-snippet:-1, max-image-preview:large, max-video-preview:-1\" \/>\n<link rel=\"canonical\" href=\"https:\/\/www.rivieradeifiori.it\/de\/kunst-und-kultur\/die-roemische-stadt-albintimilium-im-modernen-ventimiglia-an-der-grenze-zu-frankreich\/\" \/>\n<meta name=\"twitter:label1\" content=\"Verfasst von\" \/>\n\t<meta name=\"twitter:data1\" content=\"Luca Giovannetti\" \/>\n\t<meta name=\"twitter:label2\" content=\"Gesch\u00e4tzte Lesezeit\" \/>\n\t<meta name=\"twitter:data2\" content=\"1\u00a0Minute\" \/>\n<script type=\"application\/ld+json\" class=\"yoast-schema-graph\">{\"@context\":\"https:\/\/schema.org\",\"@graph\":[{\"@type\":\"WebPage\",\"@id\":\"https:\/\/www.rivieradeifiori.it\/de\/kunst-und-kultur\/die-roemische-stadt-albintimilium-im-modernen-ventimiglia-an-der-grenze-zu-frankreich\/\",\"url\":\"https:\/\/www.rivieradeifiori.it\/de\/kunst-und-kultur\/die-roemische-stadt-albintimilium-im-modernen-ventimiglia-an-der-grenze-zu-frankreich\/\",\"name\":\"Die r\u00f6mische Stadt Albintimilium im modernen Ventimiglia an der Grenze zu Frankreich - Kunst &amp; Kultur - Riviera dei Fiori\",\"isPartOf\":{\"@id\":\"https:\/\/www.rivieradeifiori.it\/de\/#website\"},\"primaryImageOfPage\":{\"@id\":\"https:\/\/www.rivieradeifiori.it\/de\/kunst-und-kultur\/die-roemische-stadt-albintimilium-im-modernen-ventimiglia-an-der-grenze-zu-frankreich\/#primaryimage\"},\"image\":{\"@id\":\"https:\/\/www.rivieradeifiori.it\/de\/kunst-und-kultur\/die-roemische-stadt-albintimilium-im-modernen-ventimiglia-an-der-grenze-zu-frankreich\/#primaryimage\"},\"thumbnailUrl\":\"https:\/\/www.rivieradeifiori.it\/wp-content\/uploads\/2016\/12\/Albintimilium.jpg\",\"datePublished\":\"2016-12-28T16:51:35+00:00\",\"dateModified\":\"2016-12-28T16:56:32+00:00\",\"author\":{\"@id\":\"https:\/\/www.rivieradeifiori.it\/de\/#\/schema\/person\/6cc4e4ed0d74f08798811653e64f69ed\"},\"breadcrumb\":{\"@id\":\"https:\/\/www.rivieradeifiori.it\/de\/kunst-und-kultur\/die-roemische-stadt-albintimilium-im-modernen-ventimiglia-an-der-grenze-zu-frankreich\/#breadcrumb\"},\"inLanguage\":\"de\",\"potentialAction\":[{\"@type\":\"ReadAction\",\"target\":[\"https:\/\/www.rivieradeifiori.it\/de\/kunst-und-kultur\/die-roemische-stadt-albintimilium-im-modernen-ventimiglia-an-der-grenze-zu-frankreich\/\"]}]},{\"@type\":\"ImageObject\",\"inLanguage\":\"de\",\"@id\":\"https:\/\/www.rivieradeifiori.it\/de\/kunst-und-kultur\/die-roemische-stadt-albintimilium-im-modernen-ventimiglia-an-der-grenze-zu-frankreich\/#primaryimage\",\"url\":\"https:\/\/www.rivieradeifiori.it\/wp-content\/uploads\/2016\/12\/Albintimilium.jpg\",\"contentUrl\":\"https:\/\/www.rivieradeifiori.it\/wp-content\/uploads\/2016\/12\/Albintimilium.jpg\",\"width\":1360,\"height\":765,\"caption\":\"Teatro Romano - Albintimilium \u00a9Daniela Gandolfi\"},{\"@type\":\"BreadcrumbList\",\"@id\":\"https:\/\/www.rivieradeifiori.it\/de\/kunst-und-kultur\/die-roemische-stadt-albintimilium-im-modernen-ventimiglia-an-der-grenze-zu-frankreich\/#breadcrumb\",\"itemListElement\":[{\"@type\":\"ListItem\",\"position\":1,\"name\":\"Home\",\"item\":\"https:\/\/www.rivieradeifiori.it\/de\/\"},{\"@type\":\"ListItem\",\"position\":2,\"name\":\"Die r\u00f6mische Stadt Albintimilium im modernen Ventimiglia an der Grenze zu Frankreich\"}]},{\"@type\":\"WebSite\",\"@id\":\"https:\/\/www.rivieradeifiori.it\/de\/#website\",\"url\":\"https:\/\/www.rivieradeifiori.it\/de\/\",\"name\":\"Riviera dei Fiori\",\"description\":\"Un mare di colori\",\"potentialAction\":[{\"@type\":\"SearchAction\",\"target\":{\"@type\":\"EntryPoint\",\"urlTemplate\":\"https:\/\/www.rivieradeifiori.it\/de\/?s={search_term_string}\"},\"query-input\":{\"@type\":\"PropertyValueSpecification\",\"valueRequired\":true,\"valueName\":\"search_term_string\"}}],\"inLanguage\":\"de\"},{\"@type\":\"Person\",\"@id\":\"https:\/\/www.rivieradeifiori.it\/de\/#\/schema\/person\/6cc4e4ed0d74f08798811653e64f69ed\",\"name\":\"Luca Giovannetti\",\"image\":{\"@type\":\"ImageObject\",\"inLanguage\":\"de\",\"@id\":\"https:\/\/www.rivieradeifiori.it\/de\/#\/schema\/person\/image\/\",\"url\":\"https:\/\/secure.gravatar.com\/avatar\/092abda2284c50268e586151e014cf903142e524662c62577231430ea44340cf?s=96&r=g&d=https:\/\/www.rivieradeifiori.it\/wp-content\/plugins\/userswp\/assets\/images\/no_profile.png\",\"contentUrl\":\"https:\/\/secure.gravatar.com\/avatar\/092abda2284c50268e586151e014cf903142e524662c62577231430ea44340cf?s=96&r=g&d=https:\/\/www.rivieradeifiori.it\/wp-content\/plugins\/userswp\/assets\/images\/no_profile.png\",\"caption\":\"Luca Giovannetti\"}}]}<\/script>\n<!-- \/ Yoast SEO plugin. -->","yoast_head_json":{"title":"Die r\u00f6mische Stadt Albintimilium im modernen Ventimiglia an der Grenze zu Frankreich - Kunst &amp; Kultur - Riviera dei Fiori","robots":{"index":"index","follow":"follow","max-snippet":"max-snippet:-1","max-image-preview":"max-image-preview:large","max-video-preview":"max-video-preview:-1"},"canonical":"https:\/\/www.rivieradeifiori.it\/de\/kunst-und-kultur\/die-roemische-stadt-albintimilium-im-modernen-ventimiglia-an-der-grenze-zu-frankreich\/","twitter_misc":{"Verfasst von":"Luca Giovannetti","Gesch\u00e4tzte Lesezeit":"1\u00a0Minute"},"schema":{"@context":"https:\/\/schema.org","@graph":[{"@type":"WebPage","@id":"https:\/\/www.rivieradeifiori.it\/de\/kunst-und-kultur\/die-roemische-stadt-albintimilium-im-modernen-ventimiglia-an-der-grenze-zu-frankreich\/","url":"https:\/\/www.rivieradeifiori.it\/de\/kunst-und-kultur\/die-roemische-stadt-albintimilium-im-modernen-ventimiglia-an-der-grenze-zu-frankreich\/","name":"Die r\u00f6mische Stadt Albintimilium im modernen Ventimiglia an der Grenze zu Frankreich - Kunst &amp; Kultur - Riviera dei Fiori","isPartOf":{"@id":"https:\/\/www.rivieradeifiori.it\/de\/#website"},"primaryImageOfPage":{"@id":"https:\/\/www.rivieradeifiori.it\/de\/kunst-und-kultur\/die-roemische-stadt-albintimilium-im-modernen-ventimiglia-an-der-grenze-zu-frankreich\/#primaryimage"},"image":{"@id":"https:\/\/www.rivieradeifiori.it\/de\/kunst-und-kultur\/die-roemische-stadt-albintimilium-im-modernen-ventimiglia-an-der-grenze-zu-frankreich\/#primaryimage"},"thumbnailUrl":"https:\/\/www.rivieradeifiori.it\/wp-content\/uploads\/2016\/12\/Albintimilium.jpg","datePublished":"2016-12-28T16:51:35+00:00","dateModified":"2016-12-28T16:56:32+00:00","author":{"@id":"https:\/\/www.rivieradeifiori.it\/de\/#\/schema\/person\/6cc4e4ed0d74f08798811653e64f69ed"},"breadcrumb":{"@id":"https:\/\/www.rivieradeifiori.it\/de\/kunst-und-kultur\/die-roemische-stadt-albintimilium-im-modernen-ventimiglia-an-der-grenze-zu-frankreich\/#breadcrumb"},"inLanguage":"de","potentialAction":[{"@type":"ReadAction","target":["https:\/\/www.rivieradeifiori.it\/de\/kunst-und-kultur\/die-roemische-stadt-albintimilium-im-modernen-ventimiglia-an-der-grenze-zu-frankreich\/"]}]},{"@type":"ImageObject","inLanguage":"de","@id":"https:\/\/www.rivieradeifiori.it\/de\/kunst-und-kultur\/die-roemische-stadt-albintimilium-im-modernen-ventimiglia-an-der-grenze-zu-frankreich\/#primaryimage","url":"https:\/\/www.rivieradeifiori.it\/wp-content\/uploads\/2016\/12\/Albintimilium.jpg","contentUrl":"https:\/\/www.rivieradeifiori.it\/wp-content\/uploads\/2016\/12\/Albintimilium.jpg","width":1360,"height":765,"caption":"Teatro Romano - Albintimilium \u00a9Daniela Gandolfi"},{"@type":"BreadcrumbList","@id":"https:\/\/www.rivieradeifiori.it\/de\/kunst-und-kultur\/die-roemische-stadt-albintimilium-im-modernen-ventimiglia-an-der-grenze-zu-frankreich\/#breadcrumb","itemListElement":[{"@type":"ListItem","position":1,"name":"Home","item":"https:\/\/www.rivieradeifiori.it\/de\/"},{"@type":"ListItem","position":2,"name":"Die r\u00f6mische Stadt Albintimilium im modernen Ventimiglia an der Grenze zu Frankreich"}]},{"@type":"WebSite","@id":"https:\/\/www.rivieradeifiori.it\/de\/#website","url":"https:\/\/www.rivieradeifiori.it\/de\/","name":"Riviera dei Fiori","description":"Un mare di colori","potentialAction":[{"@type":"SearchAction","target":{"@type":"EntryPoint","urlTemplate":"https:\/\/www.rivieradeifiori.it\/de\/?s={search_term_string}"},"query-input":{"@type":"PropertyValueSpecification","valueRequired":true,"valueName":"search_term_string"}}],"inLanguage":"de"},{"@type":"Person","@id":"https:\/\/www.rivieradeifiori.it\/de\/#\/schema\/person\/6cc4e4ed0d74f08798811653e64f69ed","name":"Luca Giovannetti","image":{"@type":"ImageObject","inLanguage":"de","@id":"https:\/\/www.rivieradeifiori.it\/de\/#\/schema\/person\/image\/","url":"https:\/\/secure.gravatar.com\/avatar\/092abda2284c50268e586151e014cf903142e524662c62577231430ea44340cf?s=96&r=g&d=https:\/\/www.rivieradeifiori.it\/wp-content\/plugins\/userswp\/assets\/images\/no_profile.png","contentUrl":"https:\/\/secure.gravatar.com\/avatar\/092abda2284c50268e586151e014cf903142e524662c62577231430ea44340cf?s=96&r=g&d=https:\/\/www.rivieradeifiori.it\/wp-content\/plugins\/userswp\/assets\/images\/no_profile.png","caption":"Luca Giovannetti"}}]}},"_links":{"self":[{"href":"https:\/\/www.rivieradeifiori.it\/de\/wp-json\/wp\/v2\/posts\/4081","targetHints":{"allow":["GET"]}}],"collection":[{"href":"https:\/\/www.rivieradeifiori.it\/de\/wp-json\/wp\/v2\/posts"}],"about":[{"href":"https:\/\/www.rivieradeifiori.it\/de\/wp-json\/wp\/v2\/types\/post"}],"author":[{"embeddable":true,"href":"https:\/\/www.rivieradeifiori.it\/de\/wp-json\/wp\/v2\/users\/1"}],"replies":[{"embeddable":true,"href":"https:\/\/www.rivieradeifiori.it\/de\/wp-json\/wp\/v2\/comments?post=4081"}],"version-history":[{"count":0,"href":"https:\/\/www.rivieradeifiori.it\/de\/wp-json\/wp\/v2\/posts\/4081\/revisions"}],"wp:featuredmedia":[{"embeddable":true,"href":"https:\/\/www.rivieradeifiori.it\/de\/wp-json\/wp\/v2\/media\/4048"}],"wp:attachment":[{"href":"https:\/\/www.rivieradeifiori.it\/de\/wp-json\/wp\/v2\/media?parent=4081"}],"wp:term":[{"taxonomy":"category","embeddable":true,"href":"https:\/\/www.rivieradeifiori.it\/de\/wp-json\/wp\/v2\/categories?post=4081"},{"taxonomy":"post_tag","embeddable":true,"href":"https:\/\/www.rivieradeifiori.it\/de\/wp-json\/wp\/v2\/tags?post=4081"}],"curies":[{"name":"wp","href":"https:\/\/api.w.org\/{rel}","templated":true}]}}