{"id":3839,"date":"2016-09-17T11:47:28","date_gmt":"2016-09-17T09:47:28","guid":{"rendered":"http:\/\/www.rivieradeifiori.info\/de\/?p=3839"},"modified":"2022-06-10T15:45:36","modified_gmt":"2022-06-10T13:45:36","slug":"ein-palmenhain-mit-blick-auf-das-meer-bordighera","status":"publish","type":"post","link":"https:\/\/www.rivieradeifiori.it\/de\/meer-und-land\/ein-palmenhain-mit-blick-auf-das-meer-bordighera\/","title":{"rendered":"Ein Palmenhain mit Blick auf das Meer in Bordighera"},"content":{"rendered":"<p>Ein wundersch\u00f6ner Ort am Meer, im \u201evertikalen\u201c Ligurien, wie es von Schriftstellern und verschiedenen Dichtern beschrieben wird. Ein magischer und einzigartiger Ort ist der Palmenhain von Bordighera, oberhalb von Arziglia, am Eingang der Stadt.<\/p>\n<p>Der Legende nach war es der Einsiedler und Schmied Sant&#8217;Ampelio, Schutzpatron von Bordighera, der die Datteln im vierten Jahrhundert aus \u00c4gypten nach Bordighera brachte.<\/p>\n<p>Der Ursprung des heutigen \u201ePalmeto\u201c liegt vermutlich im Mittelalter, der Zeit in dem die Stadt erbaut wurde. In den vergangenen Jahrhunderten nahm die Dattel-Palme starke wirtschaftliche Bedeutung an, da sie ein wichtiges Einkommen f\u00fcr viele Familien von Bordighera bildete. Es gab eine Zeit, da waren es fast drei\u00dfigtausend Palmen. Im neunzehnten Jahrhundert reduzierte sich dann die Anzahl auf etwa Tausend. Kein Zufall also, dass Bordighera als \u201eStadt der Palmen\u201c bezeichnet wird. Die internationale Bekanntheit der Riviera war weitgehend mit dem Bild der exotischen Pflanzen verbunden, insbesondere mit den Palmen des \u201ePalmeto\u201c von Bordighera; hier wurden die Palmenbl\u00e4tter f\u00fcr die religi\u00f6sen j\u00fcdischen und christlichen Feiertage produziert.<\/p>\n<p>Der \u201ePalmeto\u201c von Bordighera ist der weltweit am n\u00f6rdlichsten gelegene Dattelpalmenhain (43 Grad Breite). Ein Magistrat der Palmen organisierte die Produktion und den Verkauf der Pflanzen. Auch die \u201eParmureli\u201c, blasse geschickt miteinander verflochtene Palmenbl\u00e4tter, die am Sonntag vor Ostern, dem Palmsonntag, verwendet werden, stammen von diesen Palmen.<\/p>\n<p>Einer der wichtigsten Bef\u00fcrworter f\u00fcr die Einf\u00fchrung der Palme in Europa war der Landschaftsg\u00e4rtner Ludwig Winter (1846-1912), ein Deutscher aus Heidelberg, der mit der Familie Hanbury sieben Jahren lang zusammengearbeitet hat. Sein Palm-Garten befindet sich noch heute am Eingang des Valle del Sasso, im Herzen des antiken Palmeto von Bordighera. Es war zu jener Zeit die reichste Sammlung von Palmen. Ludwig Winter schuf hier eine Baumschule mit kommerzieller Berufung, f\u00fcr den Export von S\u00e4mlingen in T\u00f6pfen und ein Laienhandwerk, das sich an der lokalen Tradition des Flechtwerks inspirierte. Sie wurde auch der Akklimatisierung neuer Arten gewidmet und um die Touristen willkommen zu hei\u00dfen.<\/p>\n<p>Auch heute ist sein Charme unver\u00e4ndert.<\/p>\n<p><em>[Marco Scolesi]<\/em><\/p>\n\n\t\t<style type=\"text\/css\">\n\t\t\t#gallery-1 {\n\t\t\t\tmargin: auto;\n\t\t\t}\n\t\t\t#gallery-1 .gallery-item {\n\t\t\t\tfloat: left;\n\t\t\t\tmargin-top: 10px;\n\t\t\t\ttext-align: center;\n\t\t\t\twidth: 33%;\n\t\t\t}\n\t\t\t#gallery-1 img {\n\t\t\t\tborder: 2px solid #cfcfcf;\n\t\t\t}\n\t\t\t#gallery-1 .gallery-caption {\n\t\t\t\tmargin-left: 0;\n\t\t\t}\n\t\t\t\/* see gallery_shortcode() in wp-includes\/media.php *\/\n\t\t<\/style>\n\t\t<div id='gallery-1' class='gallery galleryid-3839 gallery-columns-3 gallery-size-thumbnail'><dl class='gallery-item'>\n\t\t\t<dt class='gallery-icon landscape'>\n\t\t\t\t<a href='https:\/\/www.rivieradeifiori.it\/de\/meer-und-land\/ein-palmenhain-mit-blick-auf-das-meer-bordighera\/attachment\/palmeto-grande-3-2\/'><img decoding=\"async\" width=\"160\" height=\"160\" src=\"https:\/\/www.rivieradeifiori.it\/wp-content\/uploads\/2016\/09\/Palmeto-grande-3-160x160.jpg\" class=\"attachment-thumbnail size-thumbnail\" alt=\"\" srcset=\"https:\/\/www.rivieradeifiori.it\/wp-content\/uploads\/2016\/09\/Palmeto-grande-3-160x160.jpg 160w, https:\/\/www.rivieradeifiori.it\/wp-content\/uploads\/2016\/09\/Palmeto-grande-3-440x440.jpg 440w, https:\/\/www.rivieradeifiori.it\/wp-content\/uploads\/2016\/09\/Palmeto-grande-3-150x150.jpg 150w, https:\/\/www.rivieradeifiori.it\/wp-content\/uploads\/2016\/09\/Palmeto-grande-3-65x65.jpg 65w, https:\/\/www.rivieradeifiori.it\/wp-content\/uploads\/2016\/09\/Palmeto-grande-3-180x180.jpg 180w, https:\/\/www.rivieradeifiori.it\/wp-content\/uploads\/2016\/09\/Palmeto-grande-3-300x300.jpg 300w, https:\/\/www.rivieradeifiori.it\/wp-content\/uploads\/2016\/09\/Palmeto-grande-3-600x600.jpg 600w\" sizes=\"(max-width: 160px) 100vw, 160px\" \/><\/a>\n\t\t\t<\/dt><\/dl><dl class='gallery-item'>\n\t\t\t<dt class='gallery-icon landscape'>\n\t\t\t\t<a href='https:\/\/www.rivieradeifiori.it\/de\/meer-und-land\/ein-palmenhain-mit-blick-auf-das-meer-bordighera\/attachment\/beodo-vista-mare-2\/'><img decoding=\"async\" width=\"160\" height=\"160\" src=\"https:\/\/www.rivieradeifiori.it\/wp-content\/uploads\/2016\/09\/Beodo-vista-mare-160x160.jpg\" class=\"attachment-thumbnail size-thumbnail\" alt=\"\" srcset=\"https:\/\/www.rivieradeifiori.it\/wp-content\/uploads\/2016\/09\/Beodo-vista-mare-160x160.jpg 160w, https:\/\/www.rivieradeifiori.it\/wp-content\/uploads\/2016\/09\/Beodo-vista-mare-440x440.jpg 440w, https:\/\/www.rivieradeifiori.it\/wp-content\/uploads\/2016\/09\/Beodo-vista-mare-150x150.jpg 150w, https:\/\/www.rivieradeifiori.it\/wp-content\/uploads\/2016\/09\/Beodo-vista-mare-65x65.jpg 65w, https:\/\/www.rivieradeifiori.it\/wp-content\/uploads\/2016\/09\/Beodo-vista-mare-180x180.jpg 180w, https:\/\/www.rivieradeifiori.it\/wp-content\/uploads\/2016\/09\/Beodo-vista-mare-300x300.jpg 300w, https:\/\/www.rivieradeifiori.it\/wp-content\/uploads\/2016\/09\/Beodo-vista-mare-600x600.jpg 600w\" sizes=\"(max-width: 160px) 100vw, 160px\" \/><\/a>\n\t\t\t<\/dt><\/dl>\n\t\t\t<br style='clear: both' \/>\n\t\t<\/div>\n\n","protected":false},"excerpt":{"rendered":"<p>Ein wundersch\u00f6ner Ort am Meer, im \u201evertikalen\u201c Ligurien, wie es von Schriftstellern und verschiedenen Dichtern beschrieben wird. Ein magischer und einzigartiger Ort ist der Palmenhain von Bordighera, oberhalb von Arziglia, am Eingang der Stadt. Der Legende nach war es der Einsiedler und Schmied Sant&#8217;Ampelio, Schutzpatron von Bordighera, der die Datteln im vierten Jahrhundert aus \u00c4gypten [&hellip;]<\/p>\n","protected":false},"author":1,"featured_media":3831,"comment_status":"closed","ping_status":"open","sticky":false,"template":"","format":"standard","meta":{"_et_pb_use_builder":"","_et_pb_old_content":"","_et_gb_content_width":"","_eb_attr":"","_vp_format_video_url":"","_vp_image_focal_point":[],"_vp_custom_popup_image":0,"_vp_format_audio_url":"","_vp_custom_thumbnail":0,"_vp_custom_thumbnail_focal_point":[],"_vp_hover_thumbnail":0,"_vp_hover_thumbnail_focal_point":[],"footnotes":""},"categories":[58],"tags":[1347,1391],"class_list":["post-3839","post","type-post","status-publish","format-standard","has-post-thumbnail","hentry","category-meer-und-land","tag-bordighera-de","tag-parks-und-gaerten","et-has-post-format-content","et_post_format-et-post-format-standard"],"yoast_head":"<!-- This site is optimized with the Yoast SEO plugin v25.7 - https:\/\/yoast.com\/wordpress\/plugins\/seo\/ -->\n<title>Ein Palmenhain mit Blick auf das Meer in Bordighera - Meer &amp; Land - Riviera dei Fiori<\/title>\n<meta name=\"robots\" content=\"index, follow, max-snippet:-1, max-image-preview:large, max-video-preview:-1\" \/>\n<link rel=\"canonical\" href=\"https:\/\/www.rivieradeifiori.it\/de\/meer-und-land\/ein-palmenhain-mit-blick-auf-das-meer-bordighera\/\" \/>\n<meta name=\"twitter:label1\" content=\"Verfasst von\" \/>\n\t<meta name=\"twitter:data1\" content=\"Luca Giovannetti\" \/>\n\t<meta name=\"twitter:label2\" content=\"Gesch\u00e4tzte Lesezeit\" \/>\n\t<meta name=\"twitter:data2\" content=\"2\u00a0Minuten\" \/>\n<script type=\"application\/ld+json\" class=\"yoast-schema-graph\">{\"@context\":\"https:\/\/schema.org\",\"@graph\":[{\"@type\":\"WebPage\",\"@id\":\"https:\/\/www.rivieradeifiori.it\/de\/meer-und-land\/ein-palmenhain-mit-blick-auf-das-meer-bordighera\/\",\"url\":\"https:\/\/www.rivieradeifiori.it\/de\/meer-und-land\/ein-palmenhain-mit-blick-auf-das-meer-bordighera\/\",\"name\":\"Ein Palmenhain mit Blick auf das Meer in Bordighera - Meer &amp; Land - Riviera dei Fiori\",\"isPartOf\":{\"@id\":\"https:\/\/www.rivieradeifiori.it\/de\/#website\"},\"primaryImageOfPage\":{\"@id\":\"https:\/\/www.rivieradeifiori.it\/de\/meer-und-land\/ein-palmenhain-mit-blick-auf-das-meer-bordighera\/#primaryimage\"},\"image\":{\"@id\":\"https:\/\/www.rivieradeifiori.it\/de\/meer-und-land\/ein-palmenhain-mit-blick-auf-das-meer-bordighera\/#primaryimage\"},\"thumbnailUrl\":\"https:\/\/www.rivieradeifiori.it\/wp-content\/uploads\/2016\/09\/Palmeto-grande-3.jpg\",\"datePublished\":\"2016-09-17T09:47:28+00:00\",\"dateModified\":\"2022-06-10T13:45:36+00:00\",\"author\":{\"@id\":\"https:\/\/www.rivieradeifiori.it\/de\/#\/schema\/person\/6cc4e4ed0d74f08798811653e64f69ed\"},\"breadcrumb\":{\"@id\":\"https:\/\/www.rivieradeifiori.it\/de\/meer-und-land\/ein-palmenhain-mit-blick-auf-das-meer-bordighera\/#breadcrumb\"},\"inLanguage\":\"de\",\"potentialAction\":[{\"@type\":\"ReadAction\",\"target\":[\"https:\/\/www.rivieradeifiori.it\/de\/meer-und-land\/ein-palmenhain-mit-blick-auf-das-meer-bordighera\/\"]}]},{\"@type\":\"ImageObject\",\"inLanguage\":\"de\",\"@id\":\"https:\/\/www.rivieradeifiori.it\/de\/meer-und-land\/ein-palmenhain-mit-blick-auf-das-meer-bordighera\/#primaryimage\",\"url\":\"https:\/\/www.rivieradeifiori.it\/wp-content\/uploads\/2016\/09\/Palmeto-grande-3.jpg\",\"contentUrl\":\"https:\/\/www.rivieradeifiori.it\/wp-content\/uploads\/2016\/09\/Palmeto-grande-3.jpg\",\"width\":1360,\"height\":1020},{\"@type\":\"BreadcrumbList\",\"@id\":\"https:\/\/www.rivieradeifiori.it\/de\/meer-und-land\/ein-palmenhain-mit-blick-auf-das-meer-bordighera\/#breadcrumb\",\"itemListElement\":[{\"@type\":\"ListItem\",\"position\":1,\"name\":\"Home\",\"item\":\"https:\/\/www.rivieradeifiori.it\/de\/\"},{\"@type\":\"ListItem\",\"position\":2,\"name\":\"Ein Palmenhain mit Blick auf das Meer in Bordighera\"}]},{\"@type\":\"WebSite\",\"@id\":\"https:\/\/www.rivieradeifiori.it\/de\/#website\",\"url\":\"https:\/\/www.rivieradeifiori.it\/de\/\",\"name\":\"Riviera dei Fiori\",\"description\":\"Un mare di colori\",\"potentialAction\":[{\"@type\":\"SearchAction\",\"target\":{\"@type\":\"EntryPoint\",\"urlTemplate\":\"https:\/\/www.rivieradeifiori.it\/de\/?s={search_term_string}\"},\"query-input\":{\"@type\":\"PropertyValueSpecification\",\"valueRequired\":true,\"valueName\":\"search_term_string\"}}],\"inLanguage\":\"de\"},{\"@type\":\"Person\",\"@id\":\"https:\/\/www.rivieradeifiori.it\/de\/#\/schema\/person\/6cc4e4ed0d74f08798811653e64f69ed\",\"name\":\"Luca Giovannetti\",\"image\":{\"@type\":\"ImageObject\",\"inLanguage\":\"de\",\"@id\":\"https:\/\/www.rivieradeifiori.it\/de\/#\/schema\/person\/image\/\",\"url\":\"https:\/\/secure.gravatar.com\/avatar\/092abda2284c50268e586151e014cf903142e524662c62577231430ea44340cf?s=96&r=g&d=https:\/\/www.rivieradeifiori.it\/wp-content\/plugins\/userswp\/assets\/images\/no_profile.png\",\"contentUrl\":\"https:\/\/secure.gravatar.com\/avatar\/092abda2284c50268e586151e014cf903142e524662c62577231430ea44340cf?s=96&r=g&d=https:\/\/www.rivieradeifiori.it\/wp-content\/plugins\/userswp\/assets\/images\/no_profile.png\",\"caption\":\"Luca Giovannetti\"}}]}<\/script>\n<!-- \/ Yoast SEO plugin. -->","yoast_head_json":{"title":"Ein Palmenhain mit Blick auf das Meer in Bordighera - Meer &amp; Land - Riviera dei Fiori","robots":{"index":"index","follow":"follow","max-snippet":"max-snippet:-1","max-image-preview":"max-image-preview:large","max-video-preview":"max-video-preview:-1"},"canonical":"https:\/\/www.rivieradeifiori.it\/de\/meer-und-land\/ein-palmenhain-mit-blick-auf-das-meer-bordighera\/","twitter_misc":{"Verfasst von":"Luca Giovannetti","Gesch\u00e4tzte Lesezeit":"2\u00a0Minuten"},"schema":{"@context":"https:\/\/schema.org","@graph":[{"@type":"WebPage","@id":"https:\/\/www.rivieradeifiori.it\/de\/meer-und-land\/ein-palmenhain-mit-blick-auf-das-meer-bordighera\/","url":"https:\/\/www.rivieradeifiori.it\/de\/meer-und-land\/ein-palmenhain-mit-blick-auf-das-meer-bordighera\/","name":"Ein Palmenhain mit Blick auf das Meer in Bordighera - Meer &amp; Land - Riviera dei Fiori","isPartOf":{"@id":"https:\/\/www.rivieradeifiori.it\/de\/#website"},"primaryImageOfPage":{"@id":"https:\/\/www.rivieradeifiori.it\/de\/meer-und-land\/ein-palmenhain-mit-blick-auf-das-meer-bordighera\/#primaryimage"},"image":{"@id":"https:\/\/www.rivieradeifiori.it\/de\/meer-und-land\/ein-palmenhain-mit-blick-auf-das-meer-bordighera\/#primaryimage"},"thumbnailUrl":"https:\/\/www.rivieradeifiori.it\/wp-content\/uploads\/2016\/09\/Palmeto-grande-3.jpg","datePublished":"2016-09-17T09:47:28+00:00","dateModified":"2022-06-10T13:45:36+00:00","author":{"@id":"https:\/\/www.rivieradeifiori.it\/de\/#\/schema\/person\/6cc4e4ed0d74f08798811653e64f69ed"},"breadcrumb":{"@id":"https:\/\/www.rivieradeifiori.it\/de\/meer-und-land\/ein-palmenhain-mit-blick-auf-das-meer-bordighera\/#breadcrumb"},"inLanguage":"de","potentialAction":[{"@type":"ReadAction","target":["https:\/\/www.rivieradeifiori.it\/de\/meer-und-land\/ein-palmenhain-mit-blick-auf-das-meer-bordighera\/"]}]},{"@type":"ImageObject","inLanguage":"de","@id":"https:\/\/www.rivieradeifiori.it\/de\/meer-und-land\/ein-palmenhain-mit-blick-auf-das-meer-bordighera\/#primaryimage","url":"https:\/\/www.rivieradeifiori.it\/wp-content\/uploads\/2016\/09\/Palmeto-grande-3.jpg","contentUrl":"https:\/\/www.rivieradeifiori.it\/wp-content\/uploads\/2016\/09\/Palmeto-grande-3.jpg","width":1360,"height":1020},{"@type":"BreadcrumbList","@id":"https:\/\/www.rivieradeifiori.it\/de\/meer-und-land\/ein-palmenhain-mit-blick-auf-das-meer-bordighera\/#breadcrumb","itemListElement":[{"@type":"ListItem","position":1,"name":"Home","item":"https:\/\/www.rivieradeifiori.it\/de\/"},{"@type":"ListItem","position":2,"name":"Ein Palmenhain mit Blick auf das Meer in Bordighera"}]},{"@type":"WebSite","@id":"https:\/\/www.rivieradeifiori.it\/de\/#website","url":"https:\/\/www.rivieradeifiori.it\/de\/","name":"Riviera dei Fiori","description":"Un mare di colori","potentialAction":[{"@type":"SearchAction","target":{"@type":"EntryPoint","urlTemplate":"https:\/\/www.rivieradeifiori.it\/de\/?s={search_term_string}"},"query-input":{"@type":"PropertyValueSpecification","valueRequired":true,"valueName":"search_term_string"}}],"inLanguage":"de"},{"@type":"Person","@id":"https:\/\/www.rivieradeifiori.it\/de\/#\/schema\/person\/6cc4e4ed0d74f08798811653e64f69ed","name":"Luca Giovannetti","image":{"@type":"ImageObject","inLanguage":"de","@id":"https:\/\/www.rivieradeifiori.it\/de\/#\/schema\/person\/image\/","url":"https:\/\/secure.gravatar.com\/avatar\/092abda2284c50268e586151e014cf903142e524662c62577231430ea44340cf?s=96&r=g&d=https:\/\/www.rivieradeifiori.it\/wp-content\/plugins\/userswp\/assets\/images\/no_profile.png","contentUrl":"https:\/\/secure.gravatar.com\/avatar\/092abda2284c50268e586151e014cf903142e524662c62577231430ea44340cf?s=96&r=g&d=https:\/\/www.rivieradeifiori.it\/wp-content\/plugins\/userswp\/assets\/images\/no_profile.png","caption":"Luca Giovannetti"}}]}},"_links":{"self":[{"href":"https:\/\/www.rivieradeifiori.it\/de\/wp-json\/wp\/v2\/posts\/3839","targetHints":{"allow":["GET"]}}],"collection":[{"href":"https:\/\/www.rivieradeifiori.it\/de\/wp-json\/wp\/v2\/posts"}],"about":[{"href":"https:\/\/www.rivieradeifiori.it\/de\/wp-json\/wp\/v2\/types\/post"}],"author":[{"embeddable":true,"href":"https:\/\/www.rivieradeifiori.it\/de\/wp-json\/wp\/v2\/users\/1"}],"replies":[{"embeddable":true,"href":"https:\/\/www.rivieradeifiori.it\/de\/wp-json\/wp\/v2\/comments?post=3839"}],"version-history":[{"count":1,"href":"https:\/\/www.rivieradeifiori.it\/de\/wp-json\/wp\/v2\/posts\/3839\/revisions"}],"predecessor-version":[{"id":16054,"href":"https:\/\/www.rivieradeifiori.it\/de\/wp-json\/wp\/v2\/posts\/3839\/revisions\/16054"}],"wp:featuredmedia":[{"embeddable":true,"href":"https:\/\/www.rivieradeifiori.it\/de\/wp-json\/wp\/v2\/media\/3831"}],"wp:attachment":[{"href":"https:\/\/www.rivieradeifiori.it\/de\/wp-json\/wp\/v2\/media?parent=3839"}],"wp:term":[{"taxonomy":"category","embeddable":true,"href":"https:\/\/www.rivieradeifiori.it\/de\/wp-json\/wp\/v2\/categories?post=3839"},{"taxonomy":"post_tag","embeddable":true,"href":"https:\/\/www.rivieradeifiori.it\/de\/wp-json\/wp\/v2\/tags?post=3839"}],"curies":[{"name":"wp","href":"https:\/\/api.w.org\/{rel}","templated":true}]}}