{"id":3197,"date":"2016-08-03T10:28:03","date_gmt":"2016-08-03T08:28:03","guid":{"rendered":"http:\/\/rivieradeifiori.wordpress.innovationconsulting.it\/de\/?p=3197"},"modified":"2022-06-10T15:40:06","modified_gmt":"2022-06-10T13:40:06","slug":"auf-den-spuren-von-charles-garnier-die-villa-von-bordighera","status":"publish","type":"post","link":"https:\/\/www.rivieradeifiori.it\/de\/kunst-und-kultur\/auf-den-spuren-von-charles-garnier-die-villa-von-bordighera\/","title":{"rendered":"Auf den Spuren von Charles Garnier: Die Villa von Bordighera"},"content":{"rendered":"<p>Charles Garnier war einer der bedeutendsten Architekten des neunzehnten Jahrhunderts. Er war es, der zum Beispiel die Pariser Oper, das Observatorium von Nizza, das Casino und den Konzertsaal von Monte Carlo, die Villa Maria Serena in Menton und die Villa Bischoffsheim in Bordighera, heute Villa Etelinda, sowie das Schulgeb\u00e4ude, heute Sitz der Gemeinde und nicht zuletzt die Kirche von Terrasanta im modernen Bordighera entworfen hat.<\/p>\n<p>Garnier kam einst nach Bordighera, um seinen Sohn zu heilen, der an Tuberkolose litt. Im M\u00e4rz 1871 infolge der dramatischen Ereignisse des Deutsch-Franz\u00f6sischen Krieges, lebte Garnier in der kleinen Stadt Menton in der Villa Santa Maria, zu Gast bei seinen Freunden Viale. Im darauf folgenden Mai erwarb er ein St\u00fcck Land in Bordighera, um dort seinen Wohnsitz zu bauen.<\/p>\n<p>Bei der sehr rationalen Anordnung der Innenr\u00e4ume zog es Garnier vor der Entwicklung der Landschaft und seiner Wahrnehmung zu folgen, anstatt formale Gesetze oder abstrakte Kompositionen anzuwenden. Die elegante und einfach ausgef\u00fchrte Villa wird zu einem Modell, welches vielfach an der gesamten Riviera imitiert wurde.<\/p>\n<p>Im Park der Villa wuchsen einst \u00fcber 600 verschiedene Pflanzen aus allen Kontinenten: Oliven-, Dattelpalmen, Zitronen, Orangen und Sukkulenten. Der Schriftsteller De Amicis bezeichnete ihn als \u201eDen Palast der Palmen\u201c. Im Garten befindet sich au\u00dferdem eine wundersch\u00f6ne S\u00e4ule des Palais des Tuilleries, ein Geschenk von der Gesellschaft der Franz\u00f6sischen Architekten an ihren so verehrten Pr\u00e4sidenten.<\/p>\n<p>Die Villa verl\u00e4uft \u00fcber drei Etagen, die alle \u00fcber eine elegante Holztreppe miteinander verbunden sind. Man kann sie vom Hafen von Bordighera aus bewundern, sie besichtigen aber auch dort seinen Aufenthalt verbringen.<\/p>\n<p><em>[Rosanna Cal\u00f2]<\/em><\/p>\n\n\t\t<style type=\"text\/css\">\n\t\t\t#gallery-1 {\n\t\t\t\tmargin: auto;\n\t\t\t}\n\t\t\t#gallery-1 .gallery-item {\n\t\t\t\tfloat: left;\n\t\t\t\tmargin-top: 10px;\n\t\t\t\ttext-align: center;\n\t\t\t\twidth: 33%;\n\t\t\t}\n\t\t\t#gallery-1 img {\n\t\t\t\tborder: 2px solid #cfcfcf;\n\t\t\t}\n\t\t\t#gallery-1 .gallery-caption {\n\t\t\t\tmargin-left: 0;\n\t\t\t}\n\t\t\t\/* see gallery_shortcode() in wp-includes\/media.php *\/\n\t\t<\/style>\n\t\t<div id='gallery-1' class='gallery galleryid-3197 gallery-columns-3 gallery-size-thumbnail'><dl class='gallery-item'>\n\t\t\t<dt class='gallery-icon portrait'>\n\t\t\t\t<a href='https:\/\/www.rivieradeifiori.it\/de\/kunst-und-kultur\/auf-den-spuren-von-charles-garnier-die-villa-von-bordighera\/attachment\/garnier-strelizie-2\/'><img decoding=\"async\" width=\"160\" height=\"160\" src=\"https:\/\/www.rivieradeifiori.it\/wp-content\/uploads\/2016\/08\/Garnier-Strelizie-160x160.jpg\" class=\"attachment-thumbnail size-thumbnail\" alt=\"\" srcset=\"https:\/\/www.rivieradeifiori.it\/wp-content\/uploads\/2016\/08\/Garnier-Strelizie-160x160.jpg 160w, https:\/\/www.rivieradeifiori.it\/wp-content\/uploads\/2016\/08\/Garnier-Strelizie-440x440.jpg 440w, https:\/\/www.rivieradeifiori.it\/wp-content\/uploads\/2016\/08\/Garnier-Strelizie-150x150.jpg 150w, https:\/\/www.rivieradeifiori.it\/wp-content\/uploads\/2016\/08\/Garnier-Strelizie-65x65.jpg 65w, https:\/\/www.rivieradeifiori.it\/wp-content\/uploads\/2016\/08\/Garnier-Strelizie-180x180.jpg 180w, https:\/\/www.rivieradeifiori.it\/wp-content\/uploads\/2016\/08\/Garnier-Strelizie-300x300.jpg 300w, https:\/\/www.rivieradeifiori.it\/wp-content\/uploads\/2016\/08\/Garnier-Strelizie-600x600.jpg 600w\" sizes=\"(max-width: 160px) 100vw, 160px\" \/><\/a>\n\t\t\t<\/dt><\/dl><dl class='gallery-item'>\n\t\t\t<dt class='gallery-icon landscape'>\n\t\t\t\t<a href='https:\/\/www.rivieradeifiori.it\/de\/kunst-und-kultur\/auf-den-spuren-von-charles-garnier-die-villa-von-bordighera\/attachment\/garnier-piccola-2-2\/'><img decoding=\"async\" width=\"160\" height=\"160\" src=\"https:\/\/www.rivieradeifiori.it\/wp-content\/uploads\/2016\/08\/Garnier-piccola-2-160x160.jpg\" class=\"attachment-thumbnail size-thumbnail\" alt=\"\" srcset=\"https:\/\/www.rivieradeifiori.it\/wp-content\/uploads\/2016\/08\/Garnier-piccola-2-160x160.jpg 160w, https:\/\/www.rivieradeifiori.it\/wp-content\/uploads\/2016\/08\/Garnier-piccola-2-440x440.jpg 440w, https:\/\/www.rivieradeifiori.it\/wp-content\/uploads\/2016\/08\/Garnier-piccola-2-150x150.jpg 150w, https:\/\/www.rivieradeifiori.it\/wp-content\/uploads\/2016\/08\/Garnier-piccola-2-65x65.jpg 65w, https:\/\/www.rivieradeifiori.it\/wp-content\/uploads\/2016\/08\/Garnier-piccola-2-180x180.jpg 180w, https:\/\/www.rivieradeifiori.it\/wp-content\/uploads\/2016\/08\/Garnier-piccola-2-300x300.jpg 300w, https:\/\/www.rivieradeifiori.it\/wp-content\/uploads\/2016\/08\/Garnier-piccola-2-600x600.jpg 600w\" sizes=\"(max-width: 160px) 100vw, 160px\" \/><\/a>\n\t\t\t<\/dt><\/dl><dl class='gallery-item'>\n\t\t\t<dt class='gallery-icon landscape'>\n\t\t\t\t<a href='https:\/\/www.rivieradeifiori.it\/de\/kunst-und-kultur\/auf-den-spuren-von-charles-garnier-die-villa-von-bordighera\/attachment\/garnier-grande-x-rdf-2\/'><img decoding=\"async\" width=\"160\" height=\"160\" src=\"https:\/\/www.rivieradeifiori.it\/wp-content\/uploads\/2016\/08\/Garnier-grande-x-RdF-160x160.jpg\" class=\"attachment-thumbnail size-thumbnail\" alt=\"\" srcset=\"https:\/\/www.rivieradeifiori.it\/wp-content\/uploads\/2016\/08\/Garnier-grande-x-RdF-160x160.jpg 160w, https:\/\/www.rivieradeifiori.it\/wp-content\/uploads\/2016\/08\/Garnier-grande-x-RdF-440x440.jpg 440w, https:\/\/www.rivieradeifiori.it\/wp-content\/uploads\/2016\/08\/Garnier-grande-x-RdF-150x150.jpg 150w, https:\/\/www.rivieradeifiori.it\/wp-content\/uploads\/2016\/08\/Garnier-grande-x-RdF-65x65.jpg 65w, https:\/\/www.rivieradeifiori.it\/wp-content\/uploads\/2016\/08\/Garnier-grande-x-RdF-180x180.jpg 180w, https:\/\/www.rivieradeifiori.it\/wp-content\/uploads\/2016\/08\/Garnier-grande-x-RdF-300x300.jpg 300w, https:\/\/www.rivieradeifiori.it\/wp-content\/uploads\/2016\/08\/Garnier-grande-x-RdF-600x600.jpg 600w\" sizes=\"(max-width: 160px) 100vw, 160px\" \/><\/a>\n\t\t\t<\/dt><\/dl><br style=\"clear: both\" \/><dl class='gallery-item'>\n\t\t\t<dt class='gallery-icon landscape'>\n\t\t\t\t<a href='https:\/\/www.rivieradeifiori.it\/de\/kunst-und-kultur\/auf-den-spuren-von-charles-garnier-die-villa-von-bordighera\/attachment\/garnier-grande-2-2\/'><img decoding=\"async\" width=\"160\" height=\"160\" src=\"https:\/\/www.rivieradeifiori.it\/wp-content\/uploads\/2016\/08\/Garnier-grande-2-160x160.jpg\" class=\"attachment-thumbnail size-thumbnail\" alt=\"\" srcset=\"https:\/\/www.rivieradeifiori.it\/wp-content\/uploads\/2016\/08\/Garnier-grande-2-160x160.jpg 160w, https:\/\/www.rivieradeifiori.it\/wp-content\/uploads\/2016\/08\/Garnier-grande-2-440x440.jpg 440w, https:\/\/www.rivieradeifiori.it\/wp-content\/uploads\/2016\/08\/Garnier-grande-2-150x150.jpg 150w, https:\/\/www.rivieradeifiori.it\/wp-content\/uploads\/2016\/08\/Garnier-grande-2-65x65.jpg 65w, https:\/\/www.rivieradeifiori.it\/wp-content\/uploads\/2016\/08\/Garnier-grande-2-180x180.jpg 180w, https:\/\/www.rivieradeifiori.it\/wp-content\/uploads\/2016\/08\/Garnier-grande-2-300x300.jpg 300w, https:\/\/www.rivieradeifiori.it\/wp-content\/uploads\/2016\/08\/Garnier-grande-2-600x600.jpg 600w\" sizes=\"(max-width: 160px) 100vw, 160px\" \/><\/a>\n\t\t\t<\/dt><\/dl><dl class='gallery-item'>\n\t\t\t<dt class='gallery-icon portrait'>\n\t\t\t\t<a href='https:\/\/www.rivieradeifiori.it\/de\/kunst-und-kultur\/auf-den-spuren-von-charles-garnier-die-villa-von-bordighera\/attachment\/garnier-colonna-2\/'><img decoding=\"async\" width=\"160\" height=\"160\" src=\"https:\/\/www.rivieradeifiori.it\/wp-content\/uploads\/2016\/08\/Garnier-colonna-160x160.jpg\" class=\"attachment-thumbnail size-thumbnail\" alt=\"\" srcset=\"https:\/\/www.rivieradeifiori.it\/wp-content\/uploads\/2016\/08\/Garnier-colonna-160x160.jpg 160w, https:\/\/www.rivieradeifiori.it\/wp-content\/uploads\/2016\/08\/Garnier-colonna-440x440.jpg 440w, https:\/\/www.rivieradeifiori.it\/wp-content\/uploads\/2016\/08\/Garnier-colonna-150x150.jpg 150w, https:\/\/www.rivieradeifiori.it\/wp-content\/uploads\/2016\/08\/Garnier-colonna-65x65.jpg 65w, https:\/\/www.rivieradeifiori.it\/wp-content\/uploads\/2016\/08\/Garnier-colonna-180x180.jpg 180w, https:\/\/www.rivieradeifiori.it\/wp-content\/uploads\/2016\/08\/Garnier-colonna-300x300.jpg 300w, https:\/\/www.rivieradeifiori.it\/wp-content\/uploads\/2016\/08\/Garnier-colonna-600x600.jpg 600w\" sizes=\"(max-width: 160px) 100vw, 160px\" \/><\/a>\n\t\t\t<\/dt><\/dl>\n\t\t\t<br style='clear: both' \/>\n\t\t<\/div>\n\n","protected":false},"excerpt":{"rendered":"<p>Charles Garnier war einer der bedeutendsten Architekten des neunzehnten Jahrhunderts. Er war es, der zum Beispiel die Pariser Oper, das Observatorium von Nizza, das Casino und den Konzertsaal von Monte Carlo, die Villa Maria Serena in Menton und die Villa Bischoffsheim in Bordighera, heute Villa Etelinda, sowie das Schulgeb\u00e4ude, heute Sitz der Gemeinde und nicht [&hellip;]<\/p>\n","protected":false},"author":1,"featured_media":3178,"comment_status":"closed","ping_status":"open","sticky":false,"template":"","format":"standard","meta":{"_et_pb_use_builder":"","_et_pb_old_content":"","_et_gb_content_width":"","_eb_attr":"","_vp_format_video_url":"","_vp_image_focal_point":[],"_vp_custom_popup_image":0,"_vp_format_audio_url":"","_vp_custom_thumbnail":0,"_vp_custom_thumbnail_focal_point":[],"_vp_hover_thumbnail":0,"_vp_hover_thumbnail_focal_point":[],"footnotes":""},"categories":[48],"tags":[1347,1391],"class_list":["post-3197","post","type-post","status-publish","format-standard","has-post-thumbnail","hentry","category-kunst-und-kultur","tag-bordighera-de","tag-parks-und-gaerten","et-has-post-format-content","et_post_format-et-post-format-standard"],"yoast_head":"<!-- This site is optimized with the Yoast SEO plugin v25.7 - https:\/\/yoast.com\/wordpress\/plugins\/seo\/ -->\n<title>Auf den Spuren von Charles Garnier: Die Villa von Bordighera - Kunst &amp; Kultur - Riviera dei Fiori<\/title>\n<meta name=\"robots\" content=\"index, follow, max-snippet:-1, max-image-preview:large, max-video-preview:-1\" \/>\n<link rel=\"canonical\" href=\"https:\/\/www.rivieradeifiori.it\/de\/kunst-und-kultur\/auf-den-spuren-von-charles-garnier-die-villa-von-bordighera\/\" \/>\n<meta name=\"twitter:label1\" content=\"Verfasst von\" \/>\n\t<meta name=\"twitter:data1\" content=\"Luca Giovannetti\" \/>\n\t<meta name=\"twitter:label2\" content=\"Gesch\u00e4tzte Lesezeit\" \/>\n\t<meta name=\"twitter:data2\" content=\"1\u00a0Minute\" \/>\n<script type=\"application\/ld+json\" class=\"yoast-schema-graph\">{\"@context\":\"https:\/\/schema.org\",\"@graph\":[{\"@type\":\"WebPage\",\"@id\":\"https:\/\/www.rivieradeifiori.it\/de\/kunst-und-kultur\/auf-den-spuren-von-charles-garnier-die-villa-von-bordighera\/\",\"url\":\"https:\/\/www.rivieradeifiori.it\/de\/kunst-und-kultur\/auf-den-spuren-von-charles-garnier-die-villa-von-bordighera\/\",\"name\":\"Auf den Spuren von Charles Garnier: Die Villa von Bordighera - Kunst &amp; Kultur - Riviera dei Fiori\",\"isPartOf\":{\"@id\":\"https:\/\/www.rivieradeifiori.it\/de\/#website\"},\"primaryImageOfPage\":{\"@id\":\"https:\/\/www.rivieradeifiori.it\/de\/kunst-und-kultur\/auf-den-spuren-von-charles-garnier-die-villa-von-bordighera\/#primaryimage\"},\"image\":{\"@id\":\"https:\/\/www.rivieradeifiori.it\/de\/kunst-und-kultur\/auf-den-spuren-von-charles-garnier-die-villa-von-bordighera\/#primaryimage\"},\"thumbnailUrl\":\"https:\/\/www.rivieradeifiori.it\/wp-content\/uploads\/2016\/08\/Garnier-grande-x-RdF.jpg\",\"datePublished\":\"2016-08-03T08:28:03+00:00\",\"dateModified\":\"2022-06-10T13:40:06+00:00\",\"author\":{\"@id\":\"https:\/\/www.rivieradeifiori.it\/de\/#\/schema\/person\/6cc4e4ed0d74f08798811653e64f69ed\"},\"breadcrumb\":{\"@id\":\"https:\/\/www.rivieradeifiori.it\/de\/kunst-und-kultur\/auf-den-spuren-von-charles-garnier-die-villa-von-bordighera\/#breadcrumb\"},\"inLanguage\":\"de\",\"potentialAction\":[{\"@type\":\"ReadAction\",\"target\":[\"https:\/\/www.rivieradeifiori.it\/de\/kunst-und-kultur\/auf-den-spuren-von-charles-garnier-die-villa-von-bordighera\/\"]}]},{\"@type\":\"ImageObject\",\"inLanguage\":\"de\",\"@id\":\"https:\/\/www.rivieradeifiori.it\/de\/kunst-und-kultur\/auf-den-spuren-von-charles-garnier-die-villa-von-bordighera\/#primaryimage\",\"url\":\"https:\/\/www.rivieradeifiori.it\/wp-content\/uploads\/2016\/08\/Garnier-grande-x-RdF.jpg\",\"contentUrl\":\"https:\/\/www.rivieradeifiori.it\/wp-content\/uploads\/2016\/08\/Garnier-grande-x-RdF.jpg\",\"width\":1360,\"height\":1087},{\"@type\":\"BreadcrumbList\",\"@id\":\"https:\/\/www.rivieradeifiori.it\/de\/kunst-und-kultur\/auf-den-spuren-von-charles-garnier-die-villa-von-bordighera\/#breadcrumb\",\"itemListElement\":[{\"@type\":\"ListItem\",\"position\":1,\"name\":\"Home\",\"item\":\"https:\/\/www.rivieradeifiori.it\/de\/\"},{\"@type\":\"ListItem\",\"position\":2,\"name\":\"Auf den Spuren von Charles Garnier: Die Villa von Bordighera\"}]},{\"@type\":\"WebSite\",\"@id\":\"https:\/\/www.rivieradeifiori.it\/de\/#website\",\"url\":\"https:\/\/www.rivieradeifiori.it\/de\/\",\"name\":\"Riviera dei Fiori\",\"description\":\"Un mare di colori\",\"potentialAction\":[{\"@type\":\"SearchAction\",\"target\":{\"@type\":\"EntryPoint\",\"urlTemplate\":\"https:\/\/www.rivieradeifiori.it\/de\/?s={search_term_string}\"},\"query-input\":{\"@type\":\"PropertyValueSpecification\",\"valueRequired\":true,\"valueName\":\"search_term_string\"}}],\"inLanguage\":\"de\"},{\"@type\":\"Person\",\"@id\":\"https:\/\/www.rivieradeifiori.it\/de\/#\/schema\/person\/6cc4e4ed0d74f08798811653e64f69ed\",\"name\":\"Luca Giovannetti\",\"image\":{\"@type\":\"ImageObject\",\"inLanguage\":\"de\",\"@id\":\"https:\/\/www.rivieradeifiori.it\/de\/#\/schema\/person\/image\/\",\"url\":\"https:\/\/secure.gravatar.com\/avatar\/092abda2284c50268e586151e014cf903142e524662c62577231430ea44340cf?s=96&r=g&d=https:\/\/www.rivieradeifiori.it\/wp-content\/plugins\/userswp\/assets\/images\/no_profile.png\",\"contentUrl\":\"https:\/\/secure.gravatar.com\/avatar\/092abda2284c50268e586151e014cf903142e524662c62577231430ea44340cf?s=96&r=g&d=https:\/\/www.rivieradeifiori.it\/wp-content\/plugins\/userswp\/assets\/images\/no_profile.png\",\"caption\":\"Luca Giovannetti\"}}]}<\/script>\n<!-- \/ Yoast SEO plugin. -->","yoast_head_json":{"title":"Auf den Spuren von Charles Garnier: Die Villa von Bordighera - Kunst &amp; Kultur - Riviera dei Fiori","robots":{"index":"index","follow":"follow","max-snippet":"max-snippet:-1","max-image-preview":"max-image-preview:large","max-video-preview":"max-video-preview:-1"},"canonical":"https:\/\/www.rivieradeifiori.it\/de\/kunst-und-kultur\/auf-den-spuren-von-charles-garnier-die-villa-von-bordighera\/","twitter_misc":{"Verfasst von":"Luca Giovannetti","Gesch\u00e4tzte Lesezeit":"1\u00a0Minute"},"schema":{"@context":"https:\/\/schema.org","@graph":[{"@type":"WebPage","@id":"https:\/\/www.rivieradeifiori.it\/de\/kunst-und-kultur\/auf-den-spuren-von-charles-garnier-die-villa-von-bordighera\/","url":"https:\/\/www.rivieradeifiori.it\/de\/kunst-und-kultur\/auf-den-spuren-von-charles-garnier-die-villa-von-bordighera\/","name":"Auf den Spuren von Charles Garnier: Die Villa von Bordighera - Kunst &amp; Kultur - Riviera dei Fiori","isPartOf":{"@id":"https:\/\/www.rivieradeifiori.it\/de\/#website"},"primaryImageOfPage":{"@id":"https:\/\/www.rivieradeifiori.it\/de\/kunst-und-kultur\/auf-den-spuren-von-charles-garnier-die-villa-von-bordighera\/#primaryimage"},"image":{"@id":"https:\/\/www.rivieradeifiori.it\/de\/kunst-und-kultur\/auf-den-spuren-von-charles-garnier-die-villa-von-bordighera\/#primaryimage"},"thumbnailUrl":"https:\/\/www.rivieradeifiori.it\/wp-content\/uploads\/2016\/08\/Garnier-grande-x-RdF.jpg","datePublished":"2016-08-03T08:28:03+00:00","dateModified":"2022-06-10T13:40:06+00:00","author":{"@id":"https:\/\/www.rivieradeifiori.it\/de\/#\/schema\/person\/6cc4e4ed0d74f08798811653e64f69ed"},"breadcrumb":{"@id":"https:\/\/www.rivieradeifiori.it\/de\/kunst-und-kultur\/auf-den-spuren-von-charles-garnier-die-villa-von-bordighera\/#breadcrumb"},"inLanguage":"de","potentialAction":[{"@type":"ReadAction","target":["https:\/\/www.rivieradeifiori.it\/de\/kunst-und-kultur\/auf-den-spuren-von-charles-garnier-die-villa-von-bordighera\/"]}]},{"@type":"ImageObject","inLanguage":"de","@id":"https:\/\/www.rivieradeifiori.it\/de\/kunst-und-kultur\/auf-den-spuren-von-charles-garnier-die-villa-von-bordighera\/#primaryimage","url":"https:\/\/www.rivieradeifiori.it\/wp-content\/uploads\/2016\/08\/Garnier-grande-x-RdF.jpg","contentUrl":"https:\/\/www.rivieradeifiori.it\/wp-content\/uploads\/2016\/08\/Garnier-grande-x-RdF.jpg","width":1360,"height":1087},{"@type":"BreadcrumbList","@id":"https:\/\/www.rivieradeifiori.it\/de\/kunst-und-kultur\/auf-den-spuren-von-charles-garnier-die-villa-von-bordighera\/#breadcrumb","itemListElement":[{"@type":"ListItem","position":1,"name":"Home","item":"https:\/\/www.rivieradeifiori.it\/de\/"},{"@type":"ListItem","position":2,"name":"Auf den Spuren von Charles Garnier: Die Villa von Bordighera"}]},{"@type":"WebSite","@id":"https:\/\/www.rivieradeifiori.it\/de\/#website","url":"https:\/\/www.rivieradeifiori.it\/de\/","name":"Riviera dei Fiori","description":"Un mare di colori","potentialAction":[{"@type":"SearchAction","target":{"@type":"EntryPoint","urlTemplate":"https:\/\/www.rivieradeifiori.it\/de\/?s={search_term_string}"},"query-input":{"@type":"PropertyValueSpecification","valueRequired":true,"valueName":"search_term_string"}}],"inLanguage":"de"},{"@type":"Person","@id":"https:\/\/www.rivieradeifiori.it\/de\/#\/schema\/person\/6cc4e4ed0d74f08798811653e64f69ed","name":"Luca Giovannetti","image":{"@type":"ImageObject","inLanguage":"de","@id":"https:\/\/www.rivieradeifiori.it\/de\/#\/schema\/person\/image\/","url":"https:\/\/secure.gravatar.com\/avatar\/092abda2284c50268e586151e014cf903142e524662c62577231430ea44340cf?s=96&r=g&d=https:\/\/www.rivieradeifiori.it\/wp-content\/plugins\/userswp\/assets\/images\/no_profile.png","contentUrl":"https:\/\/secure.gravatar.com\/avatar\/092abda2284c50268e586151e014cf903142e524662c62577231430ea44340cf?s=96&r=g&d=https:\/\/www.rivieradeifiori.it\/wp-content\/plugins\/userswp\/assets\/images\/no_profile.png","caption":"Luca Giovannetti"}}]}},"_links":{"self":[{"href":"https:\/\/www.rivieradeifiori.it\/de\/wp-json\/wp\/v2\/posts\/3197","targetHints":{"allow":["GET"]}}],"collection":[{"href":"https:\/\/www.rivieradeifiori.it\/de\/wp-json\/wp\/v2\/posts"}],"about":[{"href":"https:\/\/www.rivieradeifiori.it\/de\/wp-json\/wp\/v2\/types\/post"}],"author":[{"embeddable":true,"href":"https:\/\/www.rivieradeifiori.it\/de\/wp-json\/wp\/v2\/users\/1"}],"replies":[{"embeddable":true,"href":"https:\/\/www.rivieradeifiori.it\/de\/wp-json\/wp\/v2\/comments?post=3197"}],"version-history":[{"count":1,"href":"https:\/\/www.rivieradeifiori.it\/de\/wp-json\/wp\/v2\/posts\/3197\/revisions"}],"predecessor-version":[{"id":16049,"href":"https:\/\/www.rivieradeifiori.it\/de\/wp-json\/wp\/v2\/posts\/3197\/revisions\/16049"}],"wp:featuredmedia":[{"embeddable":true,"href":"https:\/\/www.rivieradeifiori.it\/de\/wp-json\/wp\/v2\/media\/3178"}],"wp:attachment":[{"href":"https:\/\/www.rivieradeifiori.it\/de\/wp-json\/wp\/v2\/media?parent=3197"}],"wp:term":[{"taxonomy":"category","embeddable":true,"href":"https:\/\/www.rivieradeifiori.it\/de\/wp-json\/wp\/v2\/categories?post=3197"},{"taxonomy":"post_tag","embeddable":true,"href":"https:\/\/www.rivieradeifiori.it\/de\/wp-json\/wp\/v2\/tags?post=3197"}],"curies":[{"name":"wp","href":"https:\/\/api.w.org\/{rel}","templated":true}]}}