{"id":2814,"date":"2016-07-16T19:16:45","date_gmt":"2016-07-16T17:16:45","guid":{"rendered":"http:\/\/rivieradeifiori.wordpress.innovationconsulting.it\/de\/?p=2814"},"modified":"2022-06-10T15:28:42","modified_gmt":"2022-06-10T13:28:42","slug":"thor-heyerdahl-ein-mann-das-meer-und-eine-herausforderung","status":"publish","type":"post","link":"https:\/\/www.rivieradeifiori.it\/de\/kunst-und-kultur\/thor-heyerdahl-ein-mann-das-meer-und-eine-herausforderung\/","title":{"rendered":"Thor Heyerdahl: ein Mann, das Meer und eine Herausforderung"},"content":{"rendered":"<p>Von Norwegen nach Ligurien durch die ganze Welt<\/p>\n<p>Colla Micheri ist eine kleine Ortschaft auf einer Erhebung zwischen Laigueglia und Andora am Verlauf der antiken R\u00f6merstra\u00dfe Iulia Augusta. \u00dcber dem Meer erhebt sich dominant ein Sarazenenturm aus dem 15. Jahrhundert, dessen erh\u00f6hter Standpunkt und runde Form auf eine ehemalige Funktion als Windm\u00fchle hindeuten. Darunter befindet sich das Grab von Heyderdahl, der hier mehr als 30 Jahre wegen der seltenen Sch\u00f6nheit, der Lage und dem Klima lebte.<br \/>\nDer bedeutende Norweger, der Biologie in Oslo studiert hatte, wurde Anthropologe auf den Pazifischen Inseln, auf die er 1937 als \u201eFr\u00fch-Hippie\u201c mit seiner ersten Frau Liv kam, genauer nach Fatu Hiva der Marquesas-Inselgruppe, wo das junge Paar wie \u201eAdam und Eva\u201c leben wollte. Henry Lie, ein Landsmann, der schon seit drei\u00dfig Jahren dort lebte, zeigte ihnen einige Steinskulpturen, die einigen in Kolumbien gefunden ganz \u00e4hnlich waren. Dieses Ereignis \u00e4nderte seine Reise- und Lebenspl\u00e4ne, denn zum ersten Mal h\u00f6rte er von der Legende des Kon-Tiki, dessen Name unl\u00f6sbar mit seiner internationalen Bekanntheit verbunden ist. Trotz seiner Hauptbesch\u00e4ftigung als Arch\u00e4ologe, Anthropologe und Entdecker ist Heyerdahl den meisten vor allem wegen seiner k\u00fchnen Unternehmung von 1947 bekannt, als er 4300 Meilen von den Ufern S\u00fcdamerikas in der Kon-Tiki (Gott der Sonne), einem Flo\u00df aus Balsaholz, Binse und Papyrus, zu den Tuamoto-Inseln fuhr, um zu beweisen, dass die Inka, und nicht nur sie, in der Lage gewesen waren, den Pazifik zu \u00fcberqueren und Polynesien zu kolonisieren. Die Expedition war minuti\u00f6s darauf vorbereitet, soweit wie m\u00f6glich, alle damals existierenden Methoden und Technologien zu verwenden. Sie wurde zu einer der au\u00dfergew\u00f6hnlichsten Reisen des 20. Jh. und sollte in die Geschichte eingehen! Weitere Teilnehmer an diesem Abenteuer waren Erik Hesselberg, Seefahrer und K\u00fcnstler, der das Antlitz des Sonnengottes auf das Segel malte; Bengt Danielsson, Schwede, Koch und Schiffskoch sowie an der menschlichen Migration interessierter Soziologe; Knut Haugland und Torstein Raaby, beides Funker und daf\u00fcr verantwortlich; Herman Watzinger, Ingenieur und verantwortlich f\u00fcr die Messung technischer, meteorologischer und hydrographischer Daten. Das im Mai 1950 er\u00f6ffnete gleichnamige Museum Kon-Tiki wurde mehr als 40 Jahre lang vom Besatzungsmitglied Knut Haugland geleitet, w\u00e4hrend es heute von Thor Heyerdahl jr. gef\u00fchrt wird, dem Erstgeborenen des gro\u00dfen norwegischen Expeditionskapit\u00e4ns.<br \/>\nNach jener ersten furchtlosen und viel diskutierten Unternehmung, f\u00fchrte Heyerdahl seine Arbeit mit unz\u00e4hligen Reisen und arch\u00e4ologischen Expeditionen in den Pazifik, nach Galapagos, zu den Osterinseln, nach Peru, zu den kanarischen Inseln und schlie\u00dflich in das Asowsche Meer in Russland fort. Diese letzte Expedition musste er wegen seines schlechter werdenden Gesundheitszustandes, gefolgt von seinem Tod abbrechen. Er war gesch\u00e4tzter Autor mehrerer B\u00fccher \u00fcber seine Reisen und Regisseur, der 1951 mit dem Oscar f\u00fcr seine Dokumentation \u00fcber die Kon-Tiki ausgezeichnet wurde. Als er nach einem Rat gefragt wurde, wie er sich jung halte, antwortete er: \u201eNiemals aufgeben!\u201c.<\/p>\n<p>1937-38: fatu hiva<br \/>\n1939: british columbia<br \/>\n1947: kon-tiki<br \/>\n1952: galapagos<br \/>\n1955-56: isola di pasqua<br \/>\n1969: ra<br \/>\n1970: raII<br \/>\n1977-78: tigri<br \/>\n1883-85: maldive<br \/>\n1986-88: isola di pasqua<br \/>\n1988-93 tucum\u00e8 (per\u00f9)<br \/>\n1991-98 tenerife (isole canarie)<br \/>\n1999-02: azov (russia)<br \/>\n2002: samoa (polinesia)<\/p>\n<p><em>Viviana Spada<\/em><\/p>\n<ul>\n<li>www.kon-tiki.no<\/li>\n<li>www.mheyerdahl.com<\/li>\n<\/ul>\n\n\t\t<style type=\"text\/css\">\n\t\t\t#gallery-1 {\n\t\t\t\tmargin: auto;\n\t\t\t}\n\t\t\t#gallery-1 .gallery-item {\n\t\t\t\tfloat: left;\n\t\t\t\tmargin-top: 10px;\n\t\t\t\ttext-align: center;\n\t\t\t\twidth: 33%;\n\t\t\t}\n\t\t\t#gallery-1 img {\n\t\t\t\tborder: 2px solid #cfcfcf;\n\t\t\t}\n\t\t\t#gallery-1 .gallery-caption {\n\t\t\t\tmargin-left: 0;\n\t\t\t}\n\t\t\t\/* see gallery_shortcode() in wp-includes\/media.php *\/\n\t\t<\/style>\n\t\t<div id='gallery-1' class='gallery galleryid-2814 gallery-columns-3 gallery-size-thumbnail'><dl class='gallery-item'>\n\t\t\t<dt class='gallery-icon portrait'>\n\t\t\t\t<a href='https:\/\/www.rivieradeifiori.it\/de\/kunst-und-kultur\/thor-heyerdahl-ein-mann-das-meer-und-eine-herausforderung\/attachment\/thor-2-2\/'><img decoding=\"async\" width=\"160\" height=\"160\" src=\"https:\/\/www.rivieradeifiori.it\/wp-content\/uploads\/2016\/07\/Thor-2-160x160.jpg\" class=\"attachment-thumbnail size-thumbnail\" alt=\"\" srcset=\"https:\/\/www.rivieradeifiori.it\/wp-content\/uploads\/2016\/07\/Thor-2-160x160.jpg 160w, https:\/\/www.rivieradeifiori.it\/wp-content\/uploads\/2016\/07\/Thor-2-440x440.jpg 440w, https:\/\/www.rivieradeifiori.it\/wp-content\/uploads\/2016\/07\/Thor-2-150x150.jpg 150w, https:\/\/www.rivieradeifiori.it\/wp-content\/uploads\/2016\/07\/Thor-2-65x65.jpg 65w, https:\/\/www.rivieradeifiori.it\/wp-content\/uploads\/2016\/07\/Thor-2-180x180.jpg 180w, https:\/\/www.rivieradeifiori.it\/wp-content\/uploads\/2016\/07\/Thor-2-300x300.jpg 300w, https:\/\/www.rivieradeifiori.it\/wp-content\/uploads\/2016\/07\/Thor-2-600x600.jpg 600w\" sizes=\"(max-width: 160px) 100vw, 160px\" \/><\/a>\n\t\t\t<\/dt><\/dl><dl class='gallery-item'>\n\t\t\t<dt class='gallery-icon portrait'>\n\t\t\t\t<a href='https:\/\/www.rivieradeifiori.it\/de\/kunst-und-kultur\/thor-heyerdahl-ein-mann-das-meer-und-eine-herausforderung\/attachment\/kon-tiki-2\/'><img decoding=\"async\" width=\"160\" height=\"160\" src=\"https:\/\/www.rivieradeifiori.it\/wp-content\/uploads\/2016\/07\/Kon-Tiki-160x160.jpg\" class=\"attachment-thumbnail size-thumbnail\" alt=\"\" srcset=\"https:\/\/www.rivieradeifiori.it\/wp-content\/uploads\/2016\/07\/Kon-Tiki-160x160.jpg 160w, https:\/\/www.rivieradeifiori.it\/wp-content\/uploads\/2016\/07\/Kon-Tiki-440x440.jpg 440w, https:\/\/www.rivieradeifiori.it\/wp-content\/uploads\/2016\/07\/Kon-Tiki-150x150.jpg 150w, https:\/\/www.rivieradeifiori.it\/wp-content\/uploads\/2016\/07\/Kon-Tiki-65x65.jpg 65w, https:\/\/www.rivieradeifiori.it\/wp-content\/uploads\/2016\/07\/Kon-Tiki-180x180.jpg 180w, https:\/\/www.rivieradeifiori.it\/wp-content\/uploads\/2016\/07\/Kon-Tiki-300x300.jpg 300w, https:\/\/www.rivieradeifiori.it\/wp-content\/uploads\/2016\/07\/Kon-Tiki-600x600.jpg 600w\" sizes=\"(max-width: 160px) 100vw, 160px\" \/><\/a>\n\t\t\t<\/dt><\/dl><dl class='gallery-item'>\n\t\t\t<dt class='gallery-icon landscape'>\n\t\t\t\t<a href='https:\/\/www.rivieradeifiori.it\/de\/kunst-und-kultur\/thor-heyerdahl-ein-mann-das-meer-und-eine-herausforderung\/attachment\/kon-tiki-disegno-2\/'><img decoding=\"async\" width=\"160\" height=\"160\" src=\"https:\/\/www.rivieradeifiori.it\/wp-content\/uploads\/2016\/07\/Kon-Tiki-disegno-160x160.jpg\" class=\"attachment-thumbnail size-thumbnail\" alt=\"\" srcset=\"https:\/\/www.rivieradeifiori.it\/wp-content\/uploads\/2016\/07\/Kon-Tiki-disegno-160x160.jpg 160w, https:\/\/www.rivieradeifiori.it\/wp-content\/uploads\/2016\/07\/Kon-Tiki-disegno-440x440.jpg 440w, https:\/\/www.rivieradeifiori.it\/wp-content\/uploads\/2016\/07\/Kon-Tiki-disegno-150x150.jpg 150w, https:\/\/www.rivieradeifiori.it\/wp-content\/uploads\/2016\/07\/Kon-Tiki-disegno-65x65.jpg 65w, https:\/\/www.rivieradeifiori.it\/wp-content\/uploads\/2016\/07\/Kon-Tiki-disegno-180x180.jpg 180w, https:\/\/www.rivieradeifiori.it\/wp-content\/uploads\/2016\/07\/Kon-Tiki-disegno-300x300.jpg 300w, https:\/\/www.rivieradeifiori.it\/wp-content\/uploads\/2016\/07\/Kon-Tiki-disegno-600x600.jpg 600w\" sizes=\"(max-width: 160px) 100vw, 160px\" \/><\/a>\n\t\t\t<\/dt><\/dl><br style=\"clear: both\" \/><dl class='gallery-item'>\n\t\t\t<dt class='gallery-icon landscape'>\n\t\t\t\t<a href='https:\/\/www.rivieradeifiori.it\/de\/kunst-und-kultur\/thor-heyerdahl-ein-mann-das-meer-und-eine-herausforderung\/attachment\/thor-firma-2\/'><img decoding=\"async\" width=\"160\" height=\"160\" src=\"https:\/\/www.rivieradeifiori.it\/wp-content\/uploads\/2016\/07\/Thor-firma-160x160.jpg\" class=\"attachment-thumbnail size-thumbnail\" alt=\"\" srcset=\"https:\/\/www.rivieradeifiori.it\/wp-content\/uploads\/2016\/07\/Thor-firma-160x160.jpg 160w, https:\/\/www.rivieradeifiori.it\/wp-content\/uploads\/2016\/07\/Thor-firma-440x440.jpg 440w, https:\/\/www.rivieradeifiori.it\/wp-content\/uploads\/2016\/07\/Thor-firma-150x150.jpg 150w, https:\/\/www.rivieradeifiori.it\/wp-content\/uploads\/2016\/07\/Thor-firma-65x65.jpg 65w, https:\/\/www.rivieradeifiori.it\/wp-content\/uploads\/2016\/07\/Thor-firma-180x180.jpg 180w, https:\/\/www.rivieradeifiori.it\/wp-content\/uploads\/2016\/07\/Thor-firma-300x300.jpg 300w\" sizes=\"(max-width: 160px) 100vw, 160px\" \/><\/a>\n\t\t\t<\/dt><\/dl>\n\t\t\t<br style='clear: both' \/>\n\t\t<\/div>\n\n","protected":false},"excerpt":{"rendered":"<p>Von Norwegen nach Ligurien durch die ganze Welt Colla Micheri ist eine kleine Ortschaft auf einer Erhebung zwischen Laigueglia und Andora am Verlauf der antiken R\u00f6merstra\u00dfe Iulia Augusta. \u00dcber dem Meer erhebt sich dominant ein Sarazenenturm aus dem 15. Jahrhundert, dessen erh\u00f6hter Standpunkt und runde Form auf eine ehemalige Funktion als Windm\u00fchle hindeuten. Darunter befindet [&hellip;]<\/p>\n","protected":false},"author":1,"featured_media":2794,"comment_status":"closed","ping_status":"open","sticky":false,"template":"","format":"standard","meta":{"_et_pb_use_builder":"","_et_pb_old_content":"","_et_gb_content_width":"","_eb_attr":"","_vp_format_video_url":"","_vp_image_focal_point":[],"_vp_custom_popup_image":0,"_vp_format_audio_url":"","_vp_custom_thumbnail":0,"_vp_custom_thumbnail_focal_point":[],"_vp_hover_thumbnail":0,"_vp_hover_thumbnail_focal_point":[],"footnotes":""},"categories":[48],"tags":[1390],"class_list":["post-2814","post","type-post","status-publish","format-standard","has-post-thumbnail","hentry","category-kunst-und-kultur","tag-colla-micheri-de","et-has-post-format-content","et_post_format-et-post-format-standard"],"yoast_head":"<!-- This site is optimized with the Yoast SEO plugin v25.7 - https:\/\/yoast.com\/wordpress\/plugins\/seo\/ -->\n<title>Thor Heyerdahl: ein Mann, das Meer und eine Herausforderung - Kunst &amp; Kultur - Riviera dei Fiori<\/title>\n<meta name=\"robots\" content=\"index, follow, max-snippet:-1, max-image-preview:large, max-video-preview:-1\" \/>\n<link rel=\"canonical\" href=\"https:\/\/www.rivieradeifiori.it\/de\/kunst-und-kultur\/thor-heyerdahl-ein-mann-das-meer-und-eine-herausforderung\/\" \/>\n<meta name=\"twitter:label1\" content=\"Verfasst von\" \/>\n\t<meta name=\"twitter:data1\" content=\"Luca Giovannetti\" \/>\n\t<meta name=\"twitter:label2\" content=\"Gesch\u00e4tzte Lesezeit\" \/>\n\t<meta name=\"twitter:data2\" content=\"3\u00a0Minuten\" \/>\n<script type=\"application\/ld+json\" class=\"yoast-schema-graph\">{\"@context\":\"https:\/\/schema.org\",\"@graph\":[{\"@type\":\"WebPage\",\"@id\":\"https:\/\/www.rivieradeifiori.it\/de\/kunst-und-kultur\/thor-heyerdahl-ein-mann-das-meer-und-eine-herausforderung\/\",\"url\":\"https:\/\/www.rivieradeifiori.it\/de\/kunst-und-kultur\/thor-heyerdahl-ein-mann-das-meer-und-eine-herausforderung\/\",\"name\":\"Thor Heyerdahl: ein Mann, das Meer und eine Herausforderung - Kunst &amp; Kultur - Riviera dei Fiori\",\"isPartOf\":{\"@id\":\"https:\/\/www.rivieradeifiori.it\/de\/#website\"},\"primaryImageOfPage\":{\"@id\":\"https:\/\/www.rivieradeifiori.it\/de\/kunst-und-kultur\/thor-heyerdahl-ein-mann-das-meer-und-eine-herausforderung\/#primaryimage\"},\"image\":{\"@id\":\"https:\/\/www.rivieradeifiori.it\/de\/kunst-und-kultur\/thor-heyerdahl-ein-mann-das-meer-und-eine-herausforderung\/#primaryimage\"},\"thumbnailUrl\":\"https:\/\/www.rivieradeifiori.it\/wp-content\/uploads\/2016\/07\/Kon-Tiki.jpg\",\"datePublished\":\"2016-07-16T17:16:45+00:00\",\"dateModified\":\"2022-06-10T13:28:42+00:00\",\"author\":{\"@id\":\"https:\/\/www.rivieradeifiori.it\/de\/#\/schema\/person\/6cc4e4ed0d74f08798811653e64f69ed\"},\"breadcrumb\":{\"@id\":\"https:\/\/www.rivieradeifiori.it\/de\/kunst-und-kultur\/thor-heyerdahl-ein-mann-das-meer-und-eine-herausforderung\/#breadcrumb\"},\"inLanguage\":\"de\",\"potentialAction\":[{\"@type\":\"ReadAction\",\"target\":[\"https:\/\/www.rivieradeifiori.it\/de\/kunst-und-kultur\/thor-heyerdahl-ein-mann-das-meer-und-eine-herausforderung\/\"]}]},{\"@type\":\"ImageObject\",\"inLanguage\":\"de\",\"@id\":\"https:\/\/www.rivieradeifiori.it\/de\/kunst-und-kultur\/thor-heyerdahl-ein-mann-das-meer-und-eine-herausforderung\/#primaryimage\",\"url\":\"https:\/\/www.rivieradeifiori.it\/wp-content\/uploads\/2016\/07\/Kon-Tiki.jpg\",\"contentUrl\":\"https:\/\/www.rivieradeifiori.it\/wp-content\/uploads\/2016\/07\/Kon-Tiki.jpg\",\"width\":1360,\"height\":2040},{\"@type\":\"BreadcrumbList\",\"@id\":\"https:\/\/www.rivieradeifiori.it\/de\/kunst-und-kultur\/thor-heyerdahl-ein-mann-das-meer-und-eine-herausforderung\/#breadcrumb\",\"itemListElement\":[{\"@type\":\"ListItem\",\"position\":1,\"name\":\"Home\",\"item\":\"https:\/\/www.rivieradeifiori.it\/de\/\"},{\"@type\":\"ListItem\",\"position\":2,\"name\":\"Thor Heyerdahl: ein Mann, das Meer und eine Herausforderung\"}]},{\"@type\":\"WebSite\",\"@id\":\"https:\/\/www.rivieradeifiori.it\/de\/#website\",\"url\":\"https:\/\/www.rivieradeifiori.it\/de\/\",\"name\":\"Riviera dei Fiori\",\"description\":\"Un mare di colori\",\"potentialAction\":[{\"@type\":\"SearchAction\",\"target\":{\"@type\":\"EntryPoint\",\"urlTemplate\":\"https:\/\/www.rivieradeifiori.it\/de\/?s={search_term_string}\"},\"query-input\":{\"@type\":\"PropertyValueSpecification\",\"valueRequired\":true,\"valueName\":\"search_term_string\"}}],\"inLanguage\":\"de\"},{\"@type\":\"Person\",\"@id\":\"https:\/\/www.rivieradeifiori.it\/de\/#\/schema\/person\/6cc4e4ed0d74f08798811653e64f69ed\",\"name\":\"Luca Giovannetti\",\"image\":{\"@type\":\"ImageObject\",\"inLanguage\":\"de\",\"@id\":\"https:\/\/www.rivieradeifiori.it\/de\/#\/schema\/person\/image\/\",\"url\":\"https:\/\/secure.gravatar.com\/avatar\/092abda2284c50268e586151e014cf903142e524662c62577231430ea44340cf?s=96&r=g&d=https:\/\/www.rivieradeifiori.it\/wp-content\/plugins\/userswp\/assets\/images\/no_profile.png\",\"contentUrl\":\"https:\/\/secure.gravatar.com\/avatar\/092abda2284c50268e586151e014cf903142e524662c62577231430ea44340cf?s=96&r=g&d=https:\/\/www.rivieradeifiori.it\/wp-content\/plugins\/userswp\/assets\/images\/no_profile.png\",\"caption\":\"Luca Giovannetti\"}}]}<\/script>\n<!-- \/ Yoast SEO plugin. -->","yoast_head_json":{"title":"Thor Heyerdahl: ein Mann, das Meer und eine Herausforderung - Kunst &amp; Kultur - Riviera dei Fiori","robots":{"index":"index","follow":"follow","max-snippet":"max-snippet:-1","max-image-preview":"max-image-preview:large","max-video-preview":"max-video-preview:-1"},"canonical":"https:\/\/www.rivieradeifiori.it\/de\/kunst-und-kultur\/thor-heyerdahl-ein-mann-das-meer-und-eine-herausforderung\/","twitter_misc":{"Verfasst von":"Luca Giovannetti","Gesch\u00e4tzte Lesezeit":"3\u00a0Minuten"},"schema":{"@context":"https:\/\/schema.org","@graph":[{"@type":"WebPage","@id":"https:\/\/www.rivieradeifiori.it\/de\/kunst-und-kultur\/thor-heyerdahl-ein-mann-das-meer-und-eine-herausforderung\/","url":"https:\/\/www.rivieradeifiori.it\/de\/kunst-und-kultur\/thor-heyerdahl-ein-mann-das-meer-und-eine-herausforderung\/","name":"Thor Heyerdahl: ein Mann, das Meer und eine Herausforderung - Kunst &amp; Kultur - Riviera dei Fiori","isPartOf":{"@id":"https:\/\/www.rivieradeifiori.it\/de\/#website"},"primaryImageOfPage":{"@id":"https:\/\/www.rivieradeifiori.it\/de\/kunst-und-kultur\/thor-heyerdahl-ein-mann-das-meer-und-eine-herausforderung\/#primaryimage"},"image":{"@id":"https:\/\/www.rivieradeifiori.it\/de\/kunst-und-kultur\/thor-heyerdahl-ein-mann-das-meer-und-eine-herausforderung\/#primaryimage"},"thumbnailUrl":"https:\/\/www.rivieradeifiori.it\/wp-content\/uploads\/2016\/07\/Kon-Tiki.jpg","datePublished":"2016-07-16T17:16:45+00:00","dateModified":"2022-06-10T13:28:42+00:00","author":{"@id":"https:\/\/www.rivieradeifiori.it\/de\/#\/schema\/person\/6cc4e4ed0d74f08798811653e64f69ed"},"breadcrumb":{"@id":"https:\/\/www.rivieradeifiori.it\/de\/kunst-und-kultur\/thor-heyerdahl-ein-mann-das-meer-und-eine-herausforderung\/#breadcrumb"},"inLanguage":"de","potentialAction":[{"@type":"ReadAction","target":["https:\/\/www.rivieradeifiori.it\/de\/kunst-und-kultur\/thor-heyerdahl-ein-mann-das-meer-und-eine-herausforderung\/"]}]},{"@type":"ImageObject","inLanguage":"de","@id":"https:\/\/www.rivieradeifiori.it\/de\/kunst-und-kultur\/thor-heyerdahl-ein-mann-das-meer-und-eine-herausforderung\/#primaryimage","url":"https:\/\/www.rivieradeifiori.it\/wp-content\/uploads\/2016\/07\/Kon-Tiki.jpg","contentUrl":"https:\/\/www.rivieradeifiori.it\/wp-content\/uploads\/2016\/07\/Kon-Tiki.jpg","width":1360,"height":2040},{"@type":"BreadcrumbList","@id":"https:\/\/www.rivieradeifiori.it\/de\/kunst-und-kultur\/thor-heyerdahl-ein-mann-das-meer-und-eine-herausforderung\/#breadcrumb","itemListElement":[{"@type":"ListItem","position":1,"name":"Home","item":"https:\/\/www.rivieradeifiori.it\/de\/"},{"@type":"ListItem","position":2,"name":"Thor Heyerdahl: ein Mann, das Meer und eine Herausforderung"}]},{"@type":"WebSite","@id":"https:\/\/www.rivieradeifiori.it\/de\/#website","url":"https:\/\/www.rivieradeifiori.it\/de\/","name":"Riviera dei Fiori","description":"Un mare di colori","potentialAction":[{"@type":"SearchAction","target":{"@type":"EntryPoint","urlTemplate":"https:\/\/www.rivieradeifiori.it\/de\/?s={search_term_string}"},"query-input":{"@type":"PropertyValueSpecification","valueRequired":true,"valueName":"search_term_string"}}],"inLanguage":"de"},{"@type":"Person","@id":"https:\/\/www.rivieradeifiori.it\/de\/#\/schema\/person\/6cc4e4ed0d74f08798811653e64f69ed","name":"Luca Giovannetti","image":{"@type":"ImageObject","inLanguage":"de","@id":"https:\/\/www.rivieradeifiori.it\/de\/#\/schema\/person\/image\/","url":"https:\/\/secure.gravatar.com\/avatar\/092abda2284c50268e586151e014cf903142e524662c62577231430ea44340cf?s=96&r=g&d=https:\/\/www.rivieradeifiori.it\/wp-content\/plugins\/userswp\/assets\/images\/no_profile.png","contentUrl":"https:\/\/secure.gravatar.com\/avatar\/092abda2284c50268e586151e014cf903142e524662c62577231430ea44340cf?s=96&r=g&d=https:\/\/www.rivieradeifiori.it\/wp-content\/plugins\/userswp\/assets\/images\/no_profile.png","caption":"Luca Giovannetti"}}]}},"_links":{"self":[{"href":"https:\/\/www.rivieradeifiori.it\/de\/wp-json\/wp\/v2\/posts\/2814","targetHints":{"allow":["GET"]}}],"collection":[{"href":"https:\/\/www.rivieradeifiori.it\/de\/wp-json\/wp\/v2\/posts"}],"about":[{"href":"https:\/\/www.rivieradeifiori.it\/de\/wp-json\/wp\/v2\/types\/post"}],"author":[{"embeddable":true,"href":"https:\/\/www.rivieradeifiori.it\/de\/wp-json\/wp\/v2\/users\/1"}],"replies":[{"embeddable":true,"href":"https:\/\/www.rivieradeifiori.it\/de\/wp-json\/wp\/v2\/comments?post=2814"}],"version-history":[{"count":1,"href":"https:\/\/www.rivieradeifiori.it\/de\/wp-json\/wp\/v2\/posts\/2814\/revisions"}],"predecessor-version":[{"id":16037,"href":"https:\/\/www.rivieradeifiori.it\/de\/wp-json\/wp\/v2\/posts\/2814\/revisions\/16037"}],"wp:featuredmedia":[{"embeddable":true,"href":"https:\/\/www.rivieradeifiori.it\/de\/wp-json\/wp\/v2\/media\/2794"}],"wp:attachment":[{"href":"https:\/\/www.rivieradeifiori.it\/de\/wp-json\/wp\/v2\/media?parent=2814"}],"wp:term":[{"taxonomy":"category","embeddable":true,"href":"https:\/\/www.rivieradeifiori.it\/de\/wp-json\/wp\/v2\/categories?post=2814"},{"taxonomy":"post_tag","embeddable":true,"href":"https:\/\/www.rivieradeifiori.it\/de\/wp-json\/wp\/v2\/tags?post=2814"}],"curies":[{"name":"wp","href":"https:\/\/api.w.org\/{rel}","templated":true}]}}