{"id":1874,"date":"2016-05-19T16:24:51","date_gmt":"2016-05-19T14:24:51","guid":{"rendered":"http:\/\/rivieradeifiori.wordpress.innovationconsulting.it\/de\/?p=1874"},"modified":"2022-06-10T14:44:46","modified_gmt":"2022-06-10T12:44:46","slug":"der-rossese","status":"publish","type":"post","link":"https:\/\/www.rivieradeifiori.it\/de\/essen-und-getraenk\/der-rossese\/","title":{"rendered":"Der Rossese"},"content":{"rendered":"<p>Ligurien ist die Region des Meeres und der Wei\u00dfweine, in der aber auch rote Trauben mit einem gro\u00dfen Potenzial wachsen: die Rossese.<\/p>\n<p>In dieser vom Meer und Bergen umschlossenen Gegend liegen einige Kilometer von der K\u00fcste entfernt Weinberge von unglaublicher Sch\u00f6nheit, die sich oft auch mit Olivenhainen abwechseln. In den letzten Jahrhunderten hat die ligurische Bev\u00f6lkerung dank des terrassierten Wein- und Olivenanbaus \u00fcberlebt.<\/p>\n<p><strong>URSPRUNG DER ROSSESE-TRAUBE<\/strong><\/p>\n<p>Die Rossese-Traube kam im Zuge der Handelsaktivit\u00e4ten der antiken Griechen nach Frankreich. Von der Gegend um Marseille breitete sie sich im Mittelmeerraum aus und fand in der Westk\u00fcste Liguriens (Ponente) einen idealen Standort.<\/p>\n<p>Der Rossese di Dolceacqua, erster ligurischer DOC-Wein, entstand 1972.<\/p>\n<p><strong>ANBAUGEBIET DER ROSSESE-TRAUBE<\/strong><\/p>\n<p>Das Anbaugebiet erstreckt sich von Ventimiglia bis Bajardo, wo sie auf bis zu einer H\u00f6he von maximal 600 Metern \u00fcber dem Meeresspiegel w\u00e4chst.<\/p>\n<p><strong>DER WEIN<\/strong><\/p>\n<p>Der Rossese di Dolceacqua ist ein exklusiver Wein, da seine Herstellung auf 250.000 bis 300.000 Flaschen pro Jahr beschr\u00e4nkt ist. Es gibt ihn in guter und h\u00f6chster Qualit\u00e4t. Normalerweise wird der Rossese jung, zwei oder drei Jahre nach der Lese getrunken. Er hat aber auch das Potenzial, sich bei l\u00e4ngerer Reifung besonders zu entwickeln.<\/p>\n<p><strong>CHARAKTER<\/strong><\/p>\n<p>Der Rossese hat eine helle, rubinrote, fast transparente Farbe, die mit den Jahren granatrot wird. Der Wein fasziniert die Nase sofort mit seinem intensiv blumigen Duft aus Veilchen, Hagebutte, Mimose und Ginster sowie roten Beeren, Wassermelone, Johannisbeere und Erdbeere; in warmen Jahrg\u00e4ngen sind es vor allem Gew\u00fcrze wie Lakritz, Anis und Pfeffer.<\/p>\n<p><strong>SERVIERTEMPERATUR\u00a0\u00a0\u00a0\u00a0\u00a0\u00a0<\/strong><\/p>\n<p>Je j\u00fcnger der Wein desto mehr wird eine k\u00fchle Serviertemperatur von 14 \u00b0C empfohlen. Hat der Wein eine bedeutende Struktur und ist ein paar Jahre gereift, sollte er dennoch k\u00fchl bei 15\/16 \u00b0C serviert werden.<\/p>\n<p><em>[Massimo Sacco]<\/em><\/p>\n\n\t\t<style type=\"text\/css\">\n\t\t\t#gallery-1 {\n\t\t\t\tmargin: auto;\n\t\t\t}\n\t\t\t#gallery-1 .gallery-item {\n\t\t\t\tfloat: left;\n\t\t\t\tmargin-top: 10px;\n\t\t\t\ttext-align: center;\n\t\t\t\twidth: 33%;\n\t\t\t}\n\t\t\t#gallery-1 img {\n\t\t\t\tborder: 2px solid #cfcfcf;\n\t\t\t}\n\t\t\t#gallery-1 .gallery-caption {\n\t\t\t\tmargin-left: 0;\n\t\t\t}\n\t\t\t\/* see gallery_shortcode() in wp-includes\/media.php *\/\n\t\t<\/style>\n\t\t<div id='gallery-1' class='gallery galleryid-1874 gallery-columns-3 gallery-size-thumbnail'><dl class='gallery-item'>\n\t\t\t<dt class='gallery-icon landscape'>\n\t\t\t\t<a href='https:\/\/www.rivieradeifiori.it\/de\/essen-und-getraenk\/der-rossese\/attachment\/rossese-grande-2-2\/'><img decoding=\"async\" width=\"160\" height=\"160\" src=\"https:\/\/www.rivieradeifiori.it\/wp-content\/uploads\/2016\/05\/Rossese-grande-2-160x160.jpg\" class=\"attachment-thumbnail size-thumbnail\" alt=\"\" aria-describedby=\"gallery-1-1863\" srcset=\"https:\/\/www.rivieradeifiori.it\/wp-content\/uploads\/2016\/05\/Rossese-grande-2-160x160.jpg 160w, https:\/\/www.rivieradeifiori.it\/wp-content\/uploads\/2016\/05\/Rossese-grande-2-440x440.jpg 440w, https:\/\/www.rivieradeifiori.it\/wp-content\/uploads\/2016\/05\/Rossese-grande-2-150x150.jpg 150w, https:\/\/www.rivieradeifiori.it\/wp-content\/uploads\/2016\/05\/Rossese-grande-2-65x65.jpg 65w, https:\/\/www.rivieradeifiori.it\/wp-content\/uploads\/2016\/05\/Rossese-grande-2-180x180.jpg 180w, https:\/\/www.rivieradeifiori.it\/wp-content\/uploads\/2016\/05\/Rossese-grande-2-300x300.jpg 300w, https:\/\/www.rivieradeifiori.it\/wp-content\/uploads\/2016\/05\/Rossese-grande-2-600x600.jpg 600w\" sizes=\"(max-width: 160px) 100vw, 160px\" \/><\/a>\n\t\t\t<\/dt>\n\t\t\t\t<dd class='wp-caption-text gallery-caption' id='gallery-1-1863'>\n\t\t\t\t\u00a9Saverio Chiappalone\n\t\t\t\t<\/dd><\/dl><dl class='gallery-item'>\n\t\t\t<dt class='gallery-icon landscape'>\n\t\t\t\t<a href='https:\/\/www.rivieradeifiori.it\/de\/essen-und-getraenk\/der-rossese\/attachment\/rossese-grappolo-piccolo-2\/'><img decoding=\"async\" width=\"160\" height=\"160\" src=\"https:\/\/www.rivieradeifiori.it\/wp-content\/uploads\/2016\/05\/Rossese-grappolo-piccolo-160x160.jpg\" class=\"attachment-thumbnail size-thumbnail\" alt=\"\" aria-describedby=\"gallery-1-1867\" srcset=\"https:\/\/www.rivieradeifiori.it\/wp-content\/uploads\/2016\/05\/Rossese-grappolo-piccolo-160x160.jpg 160w, https:\/\/www.rivieradeifiori.it\/wp-content\/uploads\/2016\/05\/Rossese-grappolo-piccolo-440x440.jpg 440w, https:\/\/www.rivieradeifiori.it\/wp-content\/uploads\/2016\/05\/Rossese-grappolo-piccolo-150x150.jpg 150w, https:\/\/www.rivieradeifiori.it\/wp-content\/uploads\/2016\/05\/Rossese-grappolo-piccolo-65x65.jpg 65w, https:\/\/www.rivieradeifiori.it\/wp-content\/uploads\/2016\/05\/Rossese-grappolo-piccolo-180x180.jpg 180w, https:\/\/www.rivieradeifiori.it\/wp-content\/uploads\/2016\/05\/Rossese-grappolo-piccolo-300x300.jpg 300w, https:\/\/www.rivieradeifiori.it\/wp-content\/uploads\/2016\/05\/Rossese-grappolo-piccolo-600x600.jpg 600w\" sizes=\"(max-width: 160px) 100vw, 160px\" \/><\/a>\n\t\t\t<\/dt>\n\t\t\t\t<dd class='wp-caption-text gallery-caption' id='gallery-1-1867'>\n\t\t\t\t\u00a9Saverio Chiappalone\n\t\t\t\t<\/dd><\/dl>\n\t\t\t<br style='clear: both' \/>\n\t\t<\/div>\n\n","protected":false},"excerpt":{"rendered":"<p>Ligurien ist die Region des Meeres und der Wei\u00dfweine, in der aber auch rote Trauben mit einem gro\u00dfen Potenzial wachsen: die Rossese. In dieser vom Meer und Bergen umschlossenen Gegend liegen einige Kilometer von der K\u00fcste entfernt Weinberge von unglaublicher Sch\u00f6nheit, die sich oft auch mit Olivenhainen abwechseln. In den letzten Jahrhunderten hat die ligurische [&hellip;]<\/p>\n","protected":false},"author":1,"featured_media":1863,"comment_status":"closed","ping_status":"open","sticky":false,"template":"","format":"standard","meta":{"_et_pb_use_builder":"","_et_pb_old_content":"","_et_gb_content_width":"","_eb_attr":"","_vp_format_video_url":"","_vp_image_focal_point":[],"_vp_custom_popup_image":0,"_vp_format_audio_url":"","_vp_custom_thumbnail":0,"_vp_custom_thumbnail_focal_point":[],"_vp_hover_thumbnail":0,"_vp_hover_thumbnail_focal_point":[],"footnotes":""},"categories":[80],"tags":[1352],"class_list":["post-1874","post","type-post","status-publish","format-standard","has-post-thumbnail","hentry","category-essen-und-getraenk","tag-wein","et-has-post-format-content","et_post_format-et-post-format-standard"],"yoast_head":"<!-- This site is optimized with the Yoast SEO plugin v25.7 - https:\/\/yoast.com\/wordpress\/plugins\/seo\/ -->\n<title>Der Rossese - Essen &amp; Getr\u00e4nk - Riviera dei Fiori<\/title>\n<meta name=\"robots\" content=\"index, follow, max-snippet:-1, max-image-preview:large, max-video-preview:-1\" \/>\n<link rel=\"canonical\" href=\"https:\/\/www.rivieradeifiori.it\/de\/essen-und-getraenk\/der-rossese\/\" \/>\n<meta name=\"twitter:label1\" content=\"Verfasst von\" \/>\n\t<meta name=\"twitter:data1\" content=\"Luca Giovannetti\" \/>\n\t<meta name=\"twitter:label2\" content=\"Gesch\u00e4tzte Lesezeit\" \/>\n\t<meta name=\"twitter:data2\" content=\"1\u00a0Minute\" \/>\n<script type=\"application\/ld+json\" class=\"yoast-schema-graph\">{\"@context\":\"https:\/\/schema.org\",\"@graph\":[{\"@type\":\"WebPage\",\"@id\":\"https:\/\/www.rivieradeifiori.it\/de\/essen-und-getraenk\/der-rossese\/\",\"url\":\"https:\/\/www.rivieradeifiori.it\/de\/essen-und-getraenk\/der-rossese\/\",\"name\":\"Der Rossese - Essen &amp; Getr\u00e4nk - Riviera dei Fiori\",\"isPartOf\":{\"@id\":\"https:\/\/www.rivieradeifiori.it\/de\/#website\"},\"primaryImageOfPage\":{\"@id\":\"https:\/\/www.rivieradeifiori.it\/de\/essen-und-getraenk\/der-rossese\/#primaryimage\"},\"image\":{\"@id\":\"https:\/\/www.rivieradeifiori.it\/de\/essen-und-getraenk\/der-rossese\/#primaryimage\"},\"thumbnailUrl\":\"https:\/\/www.rivieradeifiori.it\/wp-content\/uploads\/2016\/05\/Rossese-grande-2.jpg\",\"datePublished\":\"2016-05-19T14:24:51+00:00\",\"dateModified\":\"2022-06-10T12:44:46+00:00\",\"author\":{\"@id\":\"https:\/\/www.rivieradeifiori.it\/de\/#\/schema\/person\/6cc4e4ed0d74f08798811653e64f69ed\"},\"breadcrumb\":{\"@id\":\"https:\/\/www.rivieradeifiori.it\/de\/essen-und-getraenk\/der-rossese\/#breadcrumb\"},\"inLanguage\":\"de\",\"potentialAction\":[{\"@type\":\"ReadAction\",\"target\":[\"https:\/\/www.rivieradeifiori.it\/de\/essen-und-getraenk\/der-rossese\/\"]}]},{\"@type\":\"ImageObject\",\"inLanguage\":\"de\",\"@id\":\"https:\/\/www.rivieradeifiori.it\/de\/essen-und-getraenk\/der-rossese\/#primaryimage\",\"url\":\"https:\/\/www.rivieradeifiori.it\/wp-content\/uploads\/2016\/05\/Rossese-grande-2.jpg\",\"contentUrl\":\"https:\/\/www.rivieradeifiori.it\/wp-content\/uploads\/2016\/05\/Rossese-grande-2.jpg\",\"width\":5504,\"height\":1548,\"caption\":\"\u00a9Saverio Chiappalone\"},{\"@type\":\"BreadcrumbList\",\"@id\":\"https:\/\/www.rivieradeifiori.it\/de\/essen-und-getraenk\/der-rossese\/#breadcrumb\",\"itemListElement\":[{\"@type\":\"ListItem\",\"position\":1,\"name\":\"Home\",\"item\":\"https:\/\/www.rivieradeifiori.it\/de\/\"},{\"@type\":\"ListItem\",\"position\":2,\"name\":\"Der Rossese\"}]},{\"@type\":\"WebSite\",\"@id\":\"https:\/\/www.rivieradeifiori.it\/de\/#website\",\"url\":\"https:\/\/www.rivieradeifiori.it\/de\/\",\"name\":\"Riviera dei Fiori\",\"description\":\"Un mare di colori\",\"potentialAction\":[{\"@type\":\"SearchAction\",\"target\":{\"@type\":\"EntryPoint\",\"urlTemplate\":\"https:\/\/www.rivieradeifiori.it\/de\/?s={search_term_string}\"},\"query-input\":{\"@type\":\"PropertyValueSpecification\",\"valueRequired\":true,\"valueName\":\"search_term_string\"}}],\"inLanguage\":\"de\"},{\"@type\":\"Person\",\"@id\":\"https:\/\/www.rivieradeifiori.it\/de\/#\/schema\/person\/6cc4e4ed0d74f08798811653e64f69ed\",\"name\":\"Luca Giovannetti\",\"image\":{\"@type\":\"ImageObject\",\"inLanguage\":\"de\",\"@id\":\"https:\/\/www.rivieradeifiori.it\/de\/#\/schema\/person\/image\/\",\"url\":\"https:\/\/secure.gravatar.com\/avatar\/092abda2284c50268e586151e014cf903142e524662c62577231430ea44340cf?s=96&r=g&d=https:\/\/www.rivieradeifiori.it\/wp-content\/plugins\/userswp\/assets\/images\/no_profile.png\",\"contentUrl\":\"https:\/\/secure.gravatar.com\/avatar\/092abda2284c50268e586151e014cf903142e524662c62577231430ea44340cf?s=96&r=g&d=https:\/\/www.rivieradeifiori.it\/wp-content\/plugins\/userswp\/assets\/images\/no_profile.png\",\"caption\":\"Luca Giovannetti\"}}]}<\/script>\n<!-- \/ Yoast SEO plugin. -->","yoast_head_json":{"title":"Der Rossese - Essen &amp; Getr\u00e4nk - Riviera dei Fiori","robots":{"index":"index","follow":"follow","max-snippet":"max-snippet:-1","max-image-preview":"max-image-preview:large","max-video-preview":"max-video-preview:-1"},"canonical":"https:\/\/www.rivieradeifiori.it\/de\/essen-und-getraenk\/der-rossese\/","twitter_misc":{"Verfasst von":"Luca Giovannetti","Gesch\u00e4tzte Lesezeit":"1\u00a0Minute"},"schema":{"@context":"https:\/\/schema.org","@graph":[{"@type":"WebPage","@id":"https:\/\/www.rivieradeifiori.it\/de\/essen-und-getraenk\/der-rossese\/","url":"https:\/\/www.rivieradeifiori.it\/de\/essen-und-getraenk\/der-rossese\/","name":"Der Rossese - Essen &amp; Getr\u00e4nk - Riviera dei Fiori","isPartOf":{"@id":"https:\/\/www.rivieradeifiori.it\/de\/#website"},"primaryImageOfPage":{"@id":"https:\/\/www.rivieradeifiori.it\/de\/essen-und-getraenk\/der-rossese\/#primaryimage"},"image":{"@id":"https:\/\/www.rivieradeifiori.it\/de\/essen-und-getraenk\/der-rossese\/#primaryimage"},"thumbnailUrl":"https:\/\/www.rivieradeifiori.it\/wp-content\/uploads\/2016\/05\/Rossese-grande-2.jpg","datePublished":"2016-05-19T14:24:51+00:00","dateModified":"2022-06-10T12:44:46+00:00","author":{"@id":"https:\/\/www.rivieradeifiori.it\/de\/#\/schema\/person\/6cc4e4ed0d74f08798811653e64f69ed"},"breadcrumb":{"@id":"https:\/\/www.rivieradeifiori.it\/de\/essen-und-getraenk\/der-rossese\/#breadcrumb"},"inLanguage":"de","potentialAction":[{"@type":"ReadAction","target":["https:\/\/www.rivieradeifiori.it\/de\/essen-und-getraenk\/der-rossese\/"]}]},{"@type":"ImageObject","inLanguage":"de","@id":"https:\/\/www.rivieradeifiori.it\/de\/essen-und-getraenk\/der-rossese\/#primaryimage","url":"https:\/\/www.rivieradeifiori.it\/wp-content\/uploads\/2016\/05\/Rossese-grande-2.jpg","contentUrl":"https:\/\/www.rivieradeifiori.it\/wp-content\/uploads\/2016\/05\/Rossese-grande-2.jpg","width":5504,"height":1548,"caption":"\u00a9Saverio Chiappalone"},{"@type":"BreadcrumbList","@id":"https:\/\/www.rivieradeifiori.it\/de\/essen-und-getraenk\/der-rossese\/#breadcrumb","itemListElement":[{"@type":"ListItem","position":1,"name":"Home","item":"https:\/\/www.rivieradeifiori.it\/de\/"},{"@type":"ListItem","position":2,"name":"Der Rossese"}]},{"@type":"WebSite","@id":"https:\/\/www.rivieradeifiori.it\/de\/#website","url":"https:\/\/www.rivieradeifiori.it\/de\/","name":"Riviera dei Fiori","description":"Un mare di colori","potentialAction":[{"@type":"SearchAction","target":{"@type":"EntryPoint","urlTemplate":"https:\/\/www.rivieradeifiori.it\/de\/?s={search_term_string}"},"query-input":{"@type":"PropertyValueSpecification","valueRequired":true,"valueName":"search_term_string"}}],"inLanguage":"de"},{"@type":"Person","@id":"https:\/\/www.rivieradeifiori.it\/de\/#\/schema\/person\/6cc4e4ed0d74f08798811653e64f69ed","name":"Luca Giovannetti","image":{"@type":"ImageObject","inLanguage":"de","@id":"https:\/\/www.rivieradeifiori.it\/de\/#\/schema\/person\/image\/","url":"https:\/\/secure.gravatar.com\/avatar\/092abda2284c50268e586151e014cf903142e524662c62577231430ea44340cf?s=96&r=g&d=https:\/\/www.rivieradeifiori.it\/wp-content\/plugins\/userswp\/assets\/images\/no_profile.png","contentUrl":"https:\/\/secure.gravatar.com\/avatar\/092abda2284c50268e586151e014cf903142e524662c62577231430ea44340cf?s=96&r=g&d=https:\/\/www.rivieradeifiori.it\/wp-content\/plugins\/userswp\/assets\/images\/no_profile.png","caption":"Luca Giovannetti"}}]}},"_links":{"self":[{"href":"https:\/\/www.rivieradeifiori.it\/de\/wp-json\/wp\/v2\/posts\/1874","targetHints":{"allow":["GET"]}}],"collection":[{"href":"https:\/\/www.rivieradeifiori.it\/de\/wp-json\/wp\/v2\/posts"}],"about":[{"href":"https:\/\/www.rivieradeifiori.it\/de\/wp-json\/wp\/v2\/types\/post"}],"author":[{"embeddable":true,"href":"https:\/\/www.rivieradeifiori.it\/de\/wp-json\/wp\/v2\/users\/1"}],"replies":[{"embeddable":true,"href":"https:\/\/www.rivieradeifiori.it\/de\/wp-json\/wp\/v2\/comments?post=1874"}],"version-history":[{"count":1,"href":"https:\/\/www.rivieradeifiori.it\/de\/wp-json\/wp\/v2\/posts\/1874\/revisions"}],"predecessor-version":[{"id":15997,"href":"https:\/\/www.rivieradeifiori.it\/de\/wp-json\/wp\/v2\/posts\/1874\/revisions\/15997"}],"wp:featuredmedia":[{"embeddable":true,"href":"https:\/\/www.rivieradeifiori.it\/de\/wp-json\/wp\/v2\/media\/1863"}],"wp:attachment":[{"href":"https:\/\/www.rivieradeifiori.it\/de\/wp-json\/wp\/v2\/media?parent=1874"}],"wp:term":[{"taxonomy":"category","embeddable":true,"href":"https:\/\/www.rivieradeifiori.it\/de\/wp-json\/wp\/v2\/categories?post=1874"},{"taxonomy":"post_tag","embeddable":true,"href":"https:\/\/www.rivieradeifiori.it\/de\/wp-json\/wp\/v2\/tags?post=1874"}],"curies":[{"name":"wp","href":"https:\/\/api.w.org\/{rel}","templated":true}]}}