{"id":18568,"date":"2023-06-14T23:21:59","date_gmt":"2023-06-14T21:21:59","guid":{"rendered":"https:\/\/www.rivieradeifiori.it\/senza-categoria-de\/run-for-the-whales-2023-di-corsa-per-le-balene\/"},"modified":"2023-06-14T23:38:16","modified_gmt":"2023-06-14T21:38:16","slug":"run-for-the-whales-2023-laufen-fuer-die-wale","status":"publish","type":"post","link":"https:\/\/www.rivieradeifiori.it\/de\/was-ist-zu-tun\/run-for-the-whales-2023-laufen-fuer-die-wale\/","title":{"rendered":"Run for the Whales 2023: Laufen f\u00fcr die Wale"},"content":{"rendered":"\n<p>Ein Charity-Marathon zur Unterst\u00fctzung der Wale: Am 17. Juni 2023 widmet Sanremo einen Tag den Walen und Delfinen in unserem Meer mit der neuen Ausgabe des Run for the Whales. Nicht jeder wei\u00df, dass die Stadt der Blumen der wichtigste Ausgangspunkt f\u00fcr Walbeobachtungstouren im Pelagos-Schutzgebiet ist. Das Pelagos-Schutzgebiet ist ein internationales Meeresschutzgebiet von 87.500 km\u00b2, das 1999 zwischen Frankreich, Italien und dem F\u00fcrstentum Monaco gegr\u00fcndet wurde, um einen gro\u00dfen Meeresabschnitt zu sch\u00fctzen, der sich durch eine hohe Konzentration von Meeress\u00e4ugern auszeichnet, eine Folge der F\u00fclle an Nahrung. Nicht weniger als acht Arten leben im Gebiet des Heiligtums, darunter sticht der Finnwal hervor, der zweitgr\u00f6\u00dfte Wal der Welt mit einer L\u00e4nge von \u00fcber 20 Metern und einem Gewicht von 60 Tonnen. Genau mit dem Ziel, das Pelagos-Schutzgebiet bekannt zu machen, zu sch\u00fctzen und sein touristisches Potential zu f\u00f6rdern, findet jedes Jahr der Run for the Whales statt. Drei Rennen sind geplant: Ein Wettkampf-Halbmarathon \u00fcber 21 km f\u00fcr die L\u00e4ufer, ein nicht-wettbewerblicher 10-km-Lauf und ein 3-km-Spaziergang, der f\u00fcr alle offen ist, entlang des Rad- und Fu\u00dfg\u00e4ngerweges in Sanremo. Der Run for the Whales wurde 2016 zugunsten des Instituts Tethys Onlus ins Leben gerufen, einer Vereinigung, die 1986 f\u00fcr das Studium und den Schutz der Meeress\u00e4uger des Mittelmeers gegr\u00fcndet wurde. Tethys hat an der Gr\u00fcndung des Pelagos-Schutzgebiets mitgewirkt und setzt sich seit Jahren f\u00fcr dessen Schutz und Erhalt ein, mit bedeutenden Ergebnissen. Hunderte von wissenschaftlichen Ver\u00f6ffentlichungen des Instituts belegen seine Professionalit\u00e4t in der Forschung und qualifizieren es als eine der bekanntesten und angesehensten Institutionen in diesem Bereich. F\u00fcr Informationen und Anmeldungen: <a href=\"http:\/\/www.runforthewhales.it\/\">www.runforthewhales.it<\/a><\/p>\n\n\n\n<p><em>Anna Maria Castellana<\/em><\/p>\n","protected":false},"excerpt":{"rendered":"<p>Ein Charity-Marathon zur Unterst\u00fctzung der Wale: Am 17. Juni 2023 widmet Sanremo einen Tag den Walen und Delfinen in unserem Meer mit der neuen Ausgabe des Run for the Whales. Nicht jeder wei\u00df, dass die Stadt der Blumen der wichtigste Ausgangspunkt f\u00fcr Walbeobachtungstouren im Pelagos-Schutzgebiet ist. Das Pelagos-Schutzgebiet ist ein internationales Meeresschutzgebiet von 87.500 km\u00b2, [&hellip;]<\/p>\n","protected":false},"author":1,"featured_media":18564,"comment_status":"closed","ping_status":"open","sticky":false,"template":"","format":"standard","meta":{"_et_pb_use_builder":"","_et_pb_old_content":"","_et_gb_content_width":"","_eb_attr":"","_vp_format_video_url":"","_vp_image_focal_point":[],"_vp_custom_popup_image":0,"_vp_format_audio_url":"","_vp_custom_thumbnail":0,"_vp_custom_thumbnail_focal_point":[],"_vp_hover_thumbnail":0,"_vp_hover_thumbnail_focal_point":[],"footnotes":""},"categories":[52],"tags":[],"class_list":["post-18568","post","type-post","status-publish","format-standard","has-post-thumbnail","hentry","category-was-ist-zu-tun","et-has-post-format-content","et_post_format-et-post-format-standard"],"yoast_head":"<!-- This site is optimized with the Yoast SEO plugin v25.7 - https:\/\/yoast.com\/wordpress\/plugins\/seo\/ -->\n<title>Run for the Whales 2023: Laufen f\u00fcr die Wale - Riviera dei Fiori<\/title>\n<meta name=\"robots\" content=\"index, follow, max-snippet:-1, max-image-preview:large, max-video-preview:-1\" \/>\n<link rel=\"canonical\" href=\"https:\/\/www.rivieradeifiori.it\/de\/was-ist-zu-tun\/run-for-the-whales-2023-laufen-fuer-die-wale\/\" \/>\n<meta name=\"twitter:label1\" content=\"Verfasst von\" \/>\n\t<meta name=\"twitter:data1\" content=\"Luca Giovannetti\" \/>\n\t<meta name=\"twitter:label2\" content=\"Gesch\u00e4tzte Lesezeit\" \/>\n\t<meta name=\"twitter:data2\" content=\"1\u00a0Minute\" \/>\n<script type=\"application\/ld+json\" class=\"yoast-schema-graph\">{\"@context\":\"https:\/\/schema.org\",\"@graph\":[{\"@type\":\"WebPage\",\"@id\":\"https:\/\/www.rivieradeifiori.it\/de\/was-ist-zu-tun\/run-for-the-whales-2023-laufen-fuer-die-wale\/\",\"url\":\"https:\/\/www.rivieradeifiori.it\/de\/was-ist-zu-tun\/run-for-the-whales-2023-laufen-fuer-die-wale\/\",\"name\":\"Run for the Whales 2023: Laufen f\u00fcr die Wale - Riviera dei Fiori\",\"isPartOf\":{\"@id\":\"https:\/\/www.rivieradeifiori.it\/de\/#website\"},\"primaryImageOfPage\":{\"@id\":\"https:\/\/www.rivieradeifiori.it\/de\/was-ist-zu-tun\/run-for-the-whales-2023-laufen-fuer-die-wale\/#primaryimage\"},\"image\":{\"@id\":\"https:\/\/www.rivieradeifiori.it\/de\/was-ist-zu-tun\/run-for-the-whales-2023-laufen-fuer-die-wale\/#primaryimage\"},\"thumbnailUrl\":\"https:\/\/www.rivieradeifiori.it\/wp-content\/uploads\/2023\/06\/346844835_6126170537418277_5913977056124332371_n.jpg\",\"datePublished\":\"2023-06-14T21:21:59+00:00\",\"dateModified\":\"2023-06-14T21:38:16+00:00\",\"author\":{\"@id\":\"https:\/\/www.rivieradeifiori.it\/de\/#\/schema\/person\/6cc4e4ed0d74f08798811653e64f69ed\"},\"breadcrumb\":{\"@id\":\"https:\/\/www.rivieradeifiori.it\/de\/was-ist-zu-tun\/run-for-the-whales-2023-laufen-fuer-die-wale\/#breadcrumb\"},\"inLanguage\":\"de\",\"potentialAction\":[{\"@type\":\"ReadAction\",\"target\":[\"https:\/\/www.rivieradeifiori.it\/de\/was-ist-zu-tun\/run-for-the-whales-2023-laufen-fuer-die-wale\/\"]}]},{\"@type\":\"ImageObject\",\"inLanguage\":\"de\",\"@id\":\"https:\/\/www.rivieradeifiori.it\/de\/was-ist-zu-tun\/run-for-the-whales-2023-laufen-fuer-die-wale\/#primaryimage\",\"url\":\"https:\/\/www.rivieradeifiori.it\/wp-content\/uploads\/2023\/06\/346844835_6126170537418277_5913977056124332371_n.jpg\",\"contentUrl\":\"https:\/\/www.rivieradeifiori.it\/wp-content\/uploads\/2023\/06\/346844835_6126170537418277_5913977056124332371_n.jpg\",\"width\":598,\"height\":540},{\"@type\":\"BreadcrumbList\",\"@id\":\"https:\/\/www.rivieradeifiori.it\/de\/was-ist-zu-tun\/run-for-the-whales-2023-laufen-fuer-die-wale\/#breadcrumb\",\"itemListElement\":[{\"@type\":\"ListItem\",\"position\":1,\"name\":\"Home\",\"item\":\"https:\/\/www.rivieradeifiori.it\/de\/\"},{\"@type\":\"ListItem\",\"position\":2,\"name\":\"Run for the Whales 2023: Laufen f\u00fcr die Wale\"}]},{\"@type\":\"WebSite\",\"@id\":\"https:\/\/www.rivieradeifiori.it\/de\/#website\",\"url\":\"https:\/\/www.rivieradeifiori.it\/de\/\",\"name\":\"Riviera dei Fiori\",\"description\":\"Un mare di colori\",\"potentialAction\":[{\"@type\":\"SearchAction\",\"target\":{\"@type\":\"EntryPoint\",\"urlTemplate\":\"https:\/\/www.rivieradeifiori.it\/de\/?s={search_term_string}\"},\"query-input\":{\"@type\":\"PropertyValueSpecification\",\"valueRequired\":true,\"valueName\":\"search_term_string\"}}],\"inLanguage\":\"de\"},{\"@type\":\"Person\",\"@id\":\"https:\/\/www.rivieradeifiori.it\/de\/#\/schema\/person\/6cc4e4ed0d74f08798811653e64f69ed\",\"name\":\"Luca Giovannetti\",\"image\":{\"@type\":\"ImageObject\",\"inLanguage\":\"de\",\"@id\":\"https:\/\/www.rivieradeifiori.it\/de\/#\/schema\/person\/image\/\",\"url\":\"https:\/\/secure.gravatar.com\/avatar\/092abda2284c50268e586151e014cf903142e524662c62577231430ea44340cf?s=96&r=g&d=https:\/\/www.rivieradeifiori.it\/wp-content\/plugins\/userswp\/assets\/images\/no_profile.png\",\"contentUrl\":\"https:\/\/secure.gravatar.com\/avatar\/092abda2284c50268e586151e014cf903142e524662c62577231430ea44340cf?s=96&r=g&d=https:\/\/www.rivieradeifiori.it\/wp-content\/plugins\/userswp\/assets\/images\/no_profile.png\",\"caption\":\"Luca Giovannetti\"}}]}<\/script>\n<!-- \/ Yoast SEO plugin. -->","yoast_head_json":{"title":"Run for the Whales 2023: Laufen f\u00fcr die Wale - Riviera dei Fiori","robots":{"index":"index","follow":"follow","max-snippet":"max-snippet:-1","max-image-preview":"max-image-preview:large","max-video-preview":"max-video-preview:-1"},"canonical":"https:\/\/www.rivieradeifiori.it\/de\/was-ist-zu-tun\/run-for-the-whales-2023-laufen-fuer-die-wale\/","twitter_misc":{"Verfasst von":"Luca Giovannetti","Gesch\u00e4tzte Lesezeit":"1\u00a0Minute"},"schema":{"@context":"https:\/\/schema.org","@graph":[{"@type":"WebPage","@id":"https:\/\/www.rivieradeifiori.it\/de\/was-ist-zu-tun\/run-for-the-whales-2023-laufen-fuer-die-wale\/","url":"https:\/\/www.rivieradeifiori.it\/de\/was-ist-zu-tun\/run-for-the-whales-2023-laufen-fuer-die-wale\/","name":"Run for the Whales 2023: Laufen f\u00fcr die Wale - Riviera dei Fiori","isPartOf":{"@id":"https:\/\/www.rivieradeifiori.it\/de\/#website"},"primaryImageOfPage":{"@id":"https:\/\/www.rivieradeifiori.it\/de\/was-ist-zu-tun\/run-for-the-whales-2023-laufen-fuer-die-wale\/#primaryimage"},"image":{"@id":"https:\/\/www.rivieradeifiori.it\/de\/was-ist-zu-tun\/run-for-the-whales-2023-laufen-fuer-die-wale\/#primaryimage"},"thumbnailUrl":"https:\/\/www.rivieradeifiori.it\/wp-content\/uploads\/2023\/06\/346844835_6126170537418277_5913977056124332371_n.jpg","datePublished":"2023-06-14T21:21:59+00:00","dateModified":"2023-06-14T21:38:16+00:00","author":{"@id":"https:\/\/www.rivieradeifiori.it\/de\/#\/schema\/person\/6cc4e4ed0d74f08798811653e64f69ed"},"breadcrumb":{"@id":"https:\/\/www.rivieradeifiori.it\/de\/was-ist-zu-tun\/run-for-the-whales-2023-laufen-fuer-die-wale\/#breadcrumb"},"inLanguage":"de","potentialAction":[{"@type":"ReadAction","target":["https:\/\/www.rivieradeifiori.it\/de\/was-ist-zu-tun\/run-for-the-whales-2023-laufen-fuer-die-wale\/"]}]},{"@type":"ImageObject","inLanguage":"de","@id":"https:\/\/www.rivieradeifiori.it\/de\/was-ist-zu-tun\/run-for-the-whales-2023-laufen-fuer-die-wale\/#primaryimage","url":"https:\/\/www.rivieradeifiori.it\/wp-content\/uploads\/2023\/06\/346844835_6126170537418277_5913977056124332371_n.jpg","contentUrl":"https:\/\/www.rivieradeifiori.it\/wp-content\/uploads\/2023\/06\/346844835_6126170537418277_5913977056124332371_n.jpg","width":598,"height":540},{"@type":"BreadcrumbList","@id":"https:\/\/www.rivieradeifiori.it\/de\/was-ist-zu-tun\/run-for-the-whales-2023-laufen-fuer-die-wale\/#breadcrumb","itemListElement":[{"@type":"ListItem","position":1,"name":"Home","item":"https:\/\/www.rivieradeifiori.it\/de\/"},{"@type":"ListItem","position":2,"name":"Run for the Whales 2023: Laufen f\u00fcr die Wale"}]},{"@type":"WebSite","@id":"https:\/\/www.rivieradeifiori.it\/de\/#website","url":"https:\/\/www.rivieradeifiori.it\/de\/","name":"Riviera dei Fiori","description":"Un mare di colori","potentialAction":[{"@type":"SearchAction","target":{"@type":"EntryPoint","urlTemplate":"https:\/\/www.rivieradeifiori.it\/de\/?s={search_term_string}"},"query-input":{"@type":"PropertyValueSpecification","valueRequired":true,"valueName":"search_term_string"}}],"inLanguage":"de"},{"@type":"Person","@id":"https:\/\/www.rivieradeifiori.it\/de\/#\/schema\/person\/6cc4e4ed0d74f08798811653e64f69ed","name":"Luca Giovannetti","image":{"@type":"ImageObject","inLanguage":"de","@id":"https:\/\/www.rivieradeifiori.it\/de\/#\/schema\/person\/image\/","url":"https:\/\/secure.gravatar.com\/avatar\/092abda2284c50268e586151e014cf903142e524662c62577231430ea44340cf?s=96&r=g&d=https:\/\/www.rivieradeifiori.it\/wp-content\/plugins\/userswp\/assets\/images\/no_profile.png","contentUrl":"https:\/\/secure.gravatar.com\/avatar\/092abda2284c50268e586151e014cf903142e524662c62577231430ea44340cf?s=96&r=g&d=https:\/\/www.rivieradeifiori.it\/wp-content\/plugins\/userswp\/assets\/images\/no_profile.png","caption":"Luca Giovannetti"}}]}},"_links":{"self":[{"href":"https:\/\/www.rivieradeifiori.it\/de\/wp-json\/wp\/v2\/posts\/18568","targetHints":{"allow":["GET"]}}],"collection":[{"href":"https:\/\/www.rivieradeifiori.it\/de\/wp-json\/wp\/v2\/posts"}],"about":[{"href":"https:\/\/www.rivieradeifiori.it\/de\/wp-json\/wp\/v2\/types\/post"}],"author":[{"embeddable":true,"href":"https:\/\/www.rivieradeifiori.it\/de\/wp-json\/wp\/v2\/users\/1"}],"replies":[{"embeddable":true,"href":"https:\/\/www.rivieradeifiori.it\/de\/wp-json\/wp\/v2\/comments?post=18568"}],"version-history":[{"count":0,"href":"https:\/\/www.rivieradeifiori.it\/de\/wp-json\/wp\/v2\/posts\/18568\/revisions"}],"wp:featuredmedia":[{"embeddable":true,"href":"https:\/\/www.rivieradeifiori.it\/de\/wp-json\/wp\/v2\/media\/18564"}],"wp:attachment":[{"href":"https:\/\/www.rivieradeifiori.it\/de\/wp-json\/wp\/v2\/media?parent=18568"}],"wp:term":[{"taxonomy":"category","embeddable":true,"href":"https:\/\/www.rivieradeifiori.it\/de\/wp-json\/wp\/v2\/categories?post=18568"},{"taxonomy":"post_tag","embeddable":true,"href":"https:\/\/www.rivieradeifiori.it\/de\/wp-json\/wp\/v2\/tags?post=18568"}],"curies":[{"name":"wp","href":"https:\/\/api.w.org\/{rel}","templated":true}]}}