{"id":18454,"date":"2023-05-27T09:59:51","date_gmt":"2023-05-27T07:59:51","guid":{"rendered":"https:\/\/www.rivieradeifiori.it\/senza-categoria-de\/53-salone-internazionale-dellumorismo-2023-in-bordighera\/"},"modified":"2023-05-27T10:12:39","modified_gmt":"2023-05-27T08:12:39","slug":"53-salone-internazionale-dellumorismo-2023-in-bordighera","status":"publish","type":"post","link":"https:\/\/www.rivieradeifiori.it\/de\/kunst-und-kultur\/53-salone-internazionale-dellumorismo-2023-in-bordighera\/","title":{"rendered":"53\u00b0 Salone Internazionale dell&#8217;Umorismo 2023 in Bordighera"},"content":{"rendered":"\n<p>Vom 22. Juni bis zum 23. Juli findet wieder der traditionelle Internationale Humorsalon von Bordighera statt, ein Treffen von Autoren von Zeichnungen und B\u00fcchern, die dem Humor gewidmet sind, ein kultureller Bezugspunkt f\u00fcr diesen Sektor.<\/p>\n\n<p>Das Programm umfasst die Er\u00f6ffnung am 22. Juni, die Ausstellungstage vom 22. bis 24. Juni und die Preisverleihung am 25. Juni. Die Ausstellung wird bis zum 23. Juli t\u00e4glich von 18 bis 22 Uhr zu sehen sein.<\/p>\n\n<p>Das diesj\u00e4hrige Plakat ist eine Tafel von Quino, die dem Meer als Kommunikationsmittel gewidmet ist; die subtile Ironie des Schiffbr\u00fcchigen, der keinen Ort hat, um seine Flaschenpost zu verschicken, betont auf gutm\u00fctige Weise die Einsamkeit.<\/p>\n\n<p>In Fortsetzung der Initiative 2022 mit Peynet ist die Rubrik &#8220;Hommage an einen Autor&#8221; Joachim Lavado Tejon, alias Quino, dem Sch\u00f6pfer der ber\u00fchmten Mafalda, gewidmet. Anhand der ausgestellten Werke k\u00f6nnen die Besucher die verschiedenen Schaffensphasen des gro\u00dfen Meisters bewundern. Au\u00dferdem werden einige k\u00fcrzlich restaurierte Animationsfilme desselben Autors zu sehen sein.<\/p>\n\n<p>Die Tradition der Preise f\u00fcr die beste thematische Zeichnung wird dieses Jahr wieder aufgenommen: Palme d&#8217;Or, Goldenes Datum und Silbernes Datum. In der Tradition des Salons werden verschiedene Pers\u00f6nlichkeiten mit der Goldenen Palme und anderen Preisen ausgezeichnet.<\/p>\n\n<p>Das Thema ist SEA, verstanden im weitesten Sinne: eine Quelle der poetischen Inspiration, des Reisens, der geografischen Entdeckungen, der Globalisierung, des Dramas, der Freizeit.<\/p>\n\n<p>Kurzum, wie De Andr\u00e9 sagte: Das Meer ist ein einzigartiges Element, das trennt und verbindet. Wenn sie trennt, regt sie unsere Vorstellungskraft an, wenn sie verbindet, setzt sie uns in st\u00e4ndige Beziehung zur Realit\u00e4t.<\/p>\n\n<p>Rund 400 Designer aus 71 L\u00e4ndern beteiligten sich an dem Wettbewerb mit fast 800 Zeichnungen. Davon werden etwa 180 in der Ausstellung gezeigt, und 3 davon werden mit Preisen ausgezeichnet.<\/p>\n\n<p>Dies ist ein unerwartetes und hochwertiges Ergebnis, da der Umweltaspekt f\u00fcr die meisten Humoristen in allen L\u00e4ndern an erster Stelle zu stehen scheint.<\/p>\n\n<p>Im Inneren der Ausstellung befindet sich auch die Ehrentafel, eine Ausstellung, die den Gewinnern der Goldenen Palme vorbehalten ist, also den K\u00fcnstlern, die im Laufe der Jahre die Geschichte und den Ruhm der Ausstellung gepr\u00e4gt haben. Peynet, Furrer, Fazlic, Cavallo, Mordillo&#8230;<\/p>\n\n<p>Die Veranstaltungen des Salone dell&#8217;Umorismo finden in der Ex Chiesa Anglicana in der Via 1\u00b0 Maggio, im Chiosco della Musica auf dem Lungomare Argentina und im Kino Olimpia in der Via Cadorna statt.<\/p>\n\n<p>Das vollst\u00e4ndige Programm und weitere Informationen unter: <a href=\"http:\/\/www.saloneumorismo.com\" target=\"_blank\" rel=\"noreferrer noopener\">www.saloneumorismo.com.<\/a><\/p>\n\n<p><\/p>\n","protected":false},"excerpt":{"rendered":"<p>Vom 22. Juni bis zum 23. Juli findet wieder der traditionelle Internationale Humorsalon von Bordighera statt, ein Treffen von Autoren von Zeichnungen und B\u00fcchern, die dem Humor gewidmet sind, ein kultureller Bezugspunkt f\u00fcr diesen Sektor. Das Programm umfasst die Er\u00f6ffnung am 22. Juni, die Ausstellungstage vom 22. bis 24. Juni und die Preisverleihung am 25. [&hellip;]<\/p>\n","protected":false},"author":1,"featured_media":0,"comment_status":"closed","ping_status":"open","sticky":false,"template":"","format":"standard","meta":{"_et_pb_use_builder":"off","_et_pb_old_content":"","_et_gb_content_width":"","_eb_attr":"","_vp_format_video_url":"","_vp_image_focal_point":[],"_vp_custom_popup_image":0,"_vp_format_audio_url":"","_vp_custom_thumbnail":0,"_vp_custom_thumbnail_focal_point":[],"_vp_hover_thumbnail":0,"_vp_hover_thumbnail_focal_point":[],"footnotes":""},"categories":[48,52],"tags":[],"class_list":["post-18454","post","type-post","status-publish","format-standard","hentry","category-kunst-und-kultur","category-was-ist-zu-tun","et-doesnt-have-format-content","et_post_format-et-post-format-standard"],"yoast_head":"<!-- This site is optimized with the Yoast SEO plugin v25.7 - https:\/\/yoast.com\/wordpress\/plugins\/seo\/ -->\n<title>53\u00b0 Salone Internazionale dell&#039;Umorismo 2023 in Bordighera - Riviera dei Fiori<\/title>\n<meta name=\"robots\" content=\"index, follow, max-snippet:-1, max-image-preview:large, max-video-preview:-1\" \/>\n<link rel=\"canonical\" href=\"https:\/\/www.rivieradeifiori.it\/de\/kunst-und-kultur\/53-salone-internazionale-dellumorismo-2023-in-bordighera\/\" \/>\n<meta name=\"twitter:label1\" content=\"Verfasst von\" \/>\n\t<meta name=\"twitter:data1\" content=\"Luca Giovannetti\" \/>\n\t<meta name=\"twitter:label2\" content=\"Gesch\u00e4tzte Lesezeit\" \/>\n\t<meta name=\"twitter:data2\" content=\"2\u00a0Minuten\" \/>\n<script type=\"application\/ld+json\" class=\"yoast-schema-graph\">{\"@context\":\"https:\/\/schema.org\",\"@graph\":[{\"@type\":\"WebPage\",\"@id\":\"https:\/\/www.rivieradeifiori.it\/de\/kunst-und-kultur\/53-salone-internazionale-dellumorismo-2023-in-bordighera\/\",\"url\":\"https:\/\/www.rivieradeifiori.it\/de\/kunst-und-kultur\/53-salone-internazionale-dellumorismo-2023-in-bordighera\/\",\"name\":\"53\u00b0 Salone Internazionale dell'Umorismo 2023 in Bordighera - Riviera dei Fiori\",\"isPartOf\":{\"@id\":\"https:\/\/www.rivieradeifiori.it\/de\/#website\"},\"datePublished\":\"2023-05-27T07:59:51+00:00\",\"dateModified\":\"2023-05-27T08:12:39+00:00\",\"author\":{\"@id\":\"https:\/\/www.rivieradeifiori.it\/de\/#\/schema\/person\/6cc4e4ed0d74f08798811653e64f69ed\"},\"breadcrumb\":{\"@id\":\"https:\/\/www.rivieradeifiori.it\/de\/kunst-und-kultur\/53-salone-internazionale-dellumorismo-2023-in-bordighera\/#breadcrumb\"},\"inLanguage\":\"de\",\"potentialAction\":[{\"@type\":\"ReadAction\",\"target\":[\"https:\/\/www.rivieradeifiori.it\/de\/kunst-und-kultur\/53-salone-internazionale-dellumorismo-2023-in-bordighera\/\"]}]},{\"@type\":\"BreadcrumbList\",\"@id\":\"https:\/\/www.rivieradeifiori.it\/de\/kunst-und-kultur\/53-salone-internazionale-dellumorismo-2023-in-bordighera\/#breadcrumb\",\"itemListElement\":[{\"@type\":\"ListItem\",\"position\":1,\"name\":\"Home\",\"item\":\"https:\/\/www.rivieradeifiori.it\/de\/\"},{\"@type\":\"ListItem\",\"position\":2,\"name\":\"53\u00b0 Salone Internazionale dell&#8217;Umorismo 2023 in Bordighera\"}]},{\"@type\":\"WebSite\",\"@id\":\"https:\/\/www.rivieradeifiori.it\/de\/#website\",\"url\":\"https:\/\/www.rivieradeifiori.it\/de\/\",\"name\":\"Riviera dei Fiori\",\"description\":\"Un mare di colori\",\"potentialAction\":[{\"@type\":\"SearchAction\",\"target\":{\"@type\":\"EntryPoint\",\"urlTemplate\":\"https:\/\/www.rivieradeifiori.it\/de\/?s={search_term_string}\"},\"query-input\":{\"@type\":\"PropertyValueSpecification\",\"valueRequired\":true,\"valueName\":\"search_term_string\"}}],\"inLanguage\":\"de\"},{\"@type\":\"Person\",\"@id\":\"https:\/\/www.rivieradeifiori.it\/de\/#\/schema\/person\/6cc4e4ed0d74f08798811653e64f69ed\",\"name\":\"Luca Giovannetti\",\"image\":{\"@type\":\"ImageObject\",\"inLanguage\":\"de\",\"@id\":\"https:\/\/www.rivieradeifiori.it\/de\/#\/schema\/person\/image\/\",\"url\":\"https:\/\/secure.gravatar.com\/avatar\/092abda2284c50268e586151e014cf903142e524662c62577231430ea44340cf?s=96&r=g&d=https:\/\/www.rivieradeifiori.it\/wp-content\/plugins\/userswp\/assets\/images\/no_profile.png\",\"contentUrl\":\"https:\/\/secure.gravatar.com\/avatar\/092abda2284c50268e586151e014cf903142e524662c62577231430ea44340cf?s=96&r=g&d=https:\/\/www.rivieradeifiori.it\/wp-content\/plugins\/userswp\/assets\/images\/no_profile.png\",\"caption\":\"Luca Giovannetti\"}}]}<\/script>\n<!-- \/ Yoast SEO plugin. -->","yoast_head_json":{"title":"53\u00b0 Salone Internazionale dell'Umorismo 2023 in Bordighera - Riviera dei Fiori","robots":{"index":"index","follow":"follow","max-snippet":"max-snippet:-1","max-image-preview":"max-image-preview:large","max-video-preview":"max-video-preview:-1"},"canonical":"https:\/\/www.rivieradeifiori.it\/de\/kunst-und-kultur\/53-salone-internazionale-dellumorismo-2023-in-bordighera\/","twitter_misc":{"Verfasst von":"Luca Giovannetti","Gesch\u00e4tzte Lesezeit":"2\u00a0Minuten"},"schema":{"@context":"https:\/\/schema.org","@graph":[{"@type":"WebPage","@id":"https:\/\/www.rivieradeifiori.it\/de\/kunst-und-kultur\/53-salone-internazionale-dellumorismo-2023-in-bordighera\/","url":"https:\/\/www.rivieradeifiori.it\/de\/kunst-und-kultur\/53-salone-internazionale-dellumorismo-2023-in-bordighera\/","name":"53\u00b0 Salone Internazionale dell'Umorismo 2023 in Bordighera - Riviera dei Fiori","isPartOf":{"@id":"https:\/\/www.rivieradeifiori.it\/de\/#website"},"datePublished":"2023-05-27T07:59:51+00:00","dateModified":"2023-05-27T08:12:39+00:00","author":{"@id":"https:\/\/www.rivieradeifiori.it\/de\/#\/schema\/person\/6cc4e4ed0d74f08798811653e64f69ed"},"breadcrumb":{"@id":"https:\/\/www.rivieradeifiori.it\/de\/kunst-und-kultur\/53-salone-internazionale-dellumorismo-2023-in-bordighera\/#breadcrumb"},"inLanguage":"de","potentialAction":[{"@type":"ReadAction","target":["https:\/\/www.rivieradeifiori.it\/de\/kunst-und-kultur\/53-salone-internazionale-dellumorismo-2023-in-bordighera\/"]}]},{"@type":"BreadcrumbList","@id":"https:\/\/www.rivieradeifiori.it\/de\/kunst-und-kultur\/53-salone-internazionale-dellumorismo-2023-in-bordighera\/#breadcrumb","itemListElement":[{"@type":"ListItem","position":1,"name":"Home","item":"https:\/\/www.rivieradeifiori.it\/de\/"},{"@type":"ListItem","position":2,"name":"53\u00b0 Salone Internazionale dell&#8217;Umorismo 2023 in Bordighera"}]},{"@type":"WebSite","@id":"https:\/\/www.rivieradeifiori.it\/de\/#website","url":"https:\/\/www.rivieradeifiori.it\/de\/","name":"Riviera dei Fiori","description":"Un mare di colori","potentialAction":[{"@type":"SearchAction","target":{"@type":"EntryPoint","urlTemplate":"https:\/\/www.rivieradeifiori.it\/de\/?s={search_term_string}"},"query-input":{"@type":"PropertyValueSpecification","valueRequired":true,"valueName":"search_term_string"}}],"inLanguage":"de"},{"@type":"Person","@id":"https:\/\/www.rivieradeifiori.it\/de\/#\/schema\/person\/6cc4e4ed0d74f08798811653e64f69ed","name":"Luca Giovannetti","image":{"@type":"ImageObject","inLanguage":"de","@id":"https:\/\/www.rivieradeifiori.it\/de\/#\/schema\/person\/image\/","url":"https:\/\/secure.gravatar.com\/avatar\/092abda2284c50268e586151e014cf903142e524662c62577231430ea44340cf?s=96&r=g&d=https:\/\/www.rivieradeifiori.it\/wp-content\/plugins\/userswp\/assets\/images\/no_profile.png","contentUrl":"https:\/\/secure.gravatar.com\/avatar\/092abda2284c50268e586151e014cf903142e524662c62577231430ea44340cf?s=96&r=g&d=https:\/\/www.rivieradeifiori.it\/wp-content\/plugins\/userswp\/assets\/images\/no_profile.png","caption":"Luca Giovannetti"}}]}},"_links":{"self":[{"href":"https:\/\/www.rivieradeifiori.it\/de\/wp-json\/wp\/v2\/posts\/18454","targetHints":{"allow":["GET"]}}],"collection":[{"href":"https:\/\/www.rivieradeifiori.it\/de\/wp-json\/wp\/v2\/posts"}],"about":[{"href":"https:\/\/www.rivieradeifiori.it\/de\/wp-json\/wp\/v2\/types\/post"}],"author":[{"embeddable":true,"href":"https:\/\/www.rivieradeifiori.it\/de\/wp-json\/wp\/v2\/users\/1"}],"replies":[{"embeddable":true,"href":"https:\/\/www.rivieradeifiori.it\/de\/wp-json\/wp\/v2\/comments?post=18454"}],"version-history":[{"count":0,"href":"https:\/\/www.rivieradeifiori.it\/de\/wp-json\/wp\/v2\/posts\/18454\/revisions"}],"wp:attachment":[{"href":"https:\/\/www.rivieradeifiori.it\/de\/wp-json\/wp\/v2\/media?parent=18454"}],"wp:term":[{"taxonomy":"category","embeddable":true,"href":"https:\/\/www.rivieradeifiori.it\/de\/wp-json\/wp\/v2\/categories?post=18454"},{"taxonomy":"post_tag","embeddable":true,"href":"https:\/\/www.rivieradeifiori.it\/de\/wp-json\/wp\/v2\/tags?post=18454"}],"curies":[{"name":"wp","href":"https:\/\/api.w.org\/{rel}","templated":true}]}}