{"id":1786,"date":"2016-05-19T14:51:04","date_gmt":"2016-05-19T12:51:04","guid":{"rendered":"http:\/\/rivieradeifiori.wordpress.innovationconsulting.it\/de\/?p=1786"},"modified":"2016-07-21T14:09:08","modified_gmt":"2016-07-21T12:09:08","slug":"apricale-und-die-belle-epoque","status":"publish","type":"post","link":"https:\/\/www.rivieradeifiori.it\/de\/kunst-und-kultur\/apricale-und-die-belle-epoque\/","title":{"rendered":"Apricale und die Belle Epoque"},"content":{"rendered":"<p>In den H\u00fcgeln der Riviera Ponente werden wir an die tragische und faszinierende Geschichte der Gr\u00e4fin Cristina Bellomo erinnert. Sie war die Geliebte von franz\u00f6sischen Adeligen und Intellektuellen, man nimmt sogar an, dass sie eine Spionin des russischen Geheimdienstes am Hofe des Zaren war.<br \/>\nLaut den offiziellen Dokumenten, die in der Gemeinde Apricale aufbewahrt werden, wird sie zur gleichen Zeit wie das K\u00f6nigreich Italien geboren, n\u00e4mlich im Jahr 1861. Sie entstammt einer armen Familie und heiratet Giobatta Pisano, genannt Battilosso, der in illegale Geldgesch\u00e4fte verwickelt ist und schlie\u00dflich \u00fcber Nizza nach Amerika fl\u00fcchtet. Die zuk\u00fcnftige Gr\u00e4fin l\u00e4sst sich dadurch nicht entmutigen und es gelingt ihr, Kammerzofe beim Grafen Charles De la Tour zu werden. De la Tour, ein franz\u00f6sische Adliger, verbringt sein Leben in vornehmen Salons in Nizza und Paris. Dorthin \u00fcbersiedelt er bald mit Cristina und er l\u00e4sst ihr Unterricht in Lesen, Schreiben und guten Umgangsformen geben.<br \/>\nDe la Tour kann sie zwar nicht heiraten, weil Cristina formal noch mit ihrem geflohenen Mann verheiratet ist, er hinterl\u00e4sst ihr jedoch ein betr\u00e4chtliches Erbe und den Namen (daher der Name Contessa della Torre). Durch diesen erh\u00e4lt sie Zutritt zur Gesellschaft und sie \u00fcberzeugt ihre Nichte Maria, Apricale zu verlassen und mit ihr nach Paris zu gehen. Die beiden unternehmen einige Reisen durch Europa, die wichtigste Reise f\u00fchrt sie in das Russland von Gro\u00dff\u00fcrst Alexeij Romanov.<br \/>\nWie so oft am Ende des neunzehnten Jahrhunderts erf\u00e4hrt Marias Leben eine tragische Wende, als sie an Tuberkulose erkrankt. Die Gr\u00e4fin reist mit ihrer Nichte nach Paris, um ihr dort die beste Behandlung zu erm\u00f6glichen, aber die junge Frau stirbt bald nach ihrer R\u00fcckkehr nach Frankreich. Ein feierlicher Trauerzug, an dem offenbar sogar Romanov selbst teilnimmt, zieht nach Apricale, wo Maria beigesetzt wird. Auf ihrem Grab errichtet der russische Adelige ein orthodoxes Kreuz.<br \/>\nDie Verbindung zwischen Cristina und dem Gro\u00dff\u00fcrsten hat sich gefestigt, sie wollen sogar heiraten und die Gr\u00e4fin bem\u00fcht sich darum, dass ihr Mann heimkehrt, um die Ehe annullieren zu lassen. Battilosso willigt ein und kehrt nach Apricale zur\u00fcck, wo er mit dem Reichtum und dem Ansehen seiner Frau konfrontiert wird, die er selbst nie erreicht hat.<\/p>\n<p>Im Jahr 1904 ermordet Battilosso seine Ehefrau, wenig sp\u00e4ter erh\u00e4ngt er sich aus Reue.<br \/>\nDiese kurze Erinnerung an eine Zeitgenossin, an die Gr\u00e4fin della Torre, ruft in wenigen Zeilen die einzigartige Atmosph\u00e4re einer ganzen Epoche wach.<\/p>\n<p><em style=\"line-height: 1.5;\">[Alessandra Chiappori]<\/em><\/p>\n\n\t\t<style type=\"text\/css\">\n\t\t\t#gallery-1 {\n\t\t\t\tmargin: auto;\n\t\t\t}\n\t\t\t#gallery-1 .gallery-item {\n\t\t\t\tfloat: left;\n\t\t\t\tmargin-top: 10px;\n\t\t\t\ttext-align: center;\n\t\t\t\twidth: 33%;\n\t\t\t}\n\t\t\t#gallery-1 img {\n\t\t\t\tborder: 2px solid #cfcfcf;\n\t\t\t}\n\t\t\t#gallery-1 .gallery-caption {\n\t\t\t\tmargin-left: 0;\n\t\t\t}\n\t\t\t\/* see gallery_shortcode() in wp-includes\/media.php *\/\n\t\t<\/style>\n\t\t<div id='gallery-1' class='gallery galleryid-1786 gallery-columns-3 gallery-size-thumbnail'><dl class='gallery-item'>\n\t\t\t<dt class='gallery-icon landscape'>\n\t\t\t\t<a href='https:\/\/www.rivieradeifiori.it\/de\/interni-castello\/'><img decoding=\"async\" width=\"160\" height=\"160\" src=\"https:\/\/www.rivieradeifiori.it\/wp-content\/uploads\/2016\/05\/Interni-castello-160x160.jpg\" class=\"attachment-thumbnail size-thumbnail\" alt=\"\" aria-describedby=\"gallery-1-1776\" srcset=\"https:\/\/www.rivieradeifiori.it\/wp-content\/uploads\/2016\/05\/Interni-castello-160x160.jpg 160w, https:\/\/www.rivieradeifiori.it\/wp-content\/uploads\/2016\/05\/Interni-castello-440x440.jpg 440w, https:\/\/www.rivieradeifiori.it\/wp-content\/uploads\/2016\/05\/Interni-castello-150x150.jpg 150w, https:\/\/www.rivieradeifiori.it\/wp-content\/uploads\/2016\/05\/Interni-castello-65x65.jpg 65w, https:\/\/www.rivieradeifiori.it\/wp-content\/uploads\/2016\/05\/Interni-castello-180x180.jpg 180w, https:\/\/www.rivieradeifiori.it\/wp-content\/uploads\/2016\/05\/Interni-castello-300x300.jpg 300w, https:\/\/www.rivieradeifiori.it\/wp-content\/uploads\/2016\/05\/Interni-castello-600x600.jpg 600w\" sizes=\"(max-width: 160px) 100vw, 160px\" \/><\/a>\n\t\t\t<\/dt>\n\t\t\t\t<dd class='wp-caption-text gallery-caption' id='gallery-1-1776'>\n\t\t\t\tApricale &#8211; Interni castello\n\t\t\t\t<\/dd><\/dl><dl class='gallery-item'>\n\t\t\t<dt class='gallery-icon portrait'>\n\t\t\t\t<a href='https:\/\/www.rivieradeifiori.it\/de\/giardino-castello\/'><img decoding=\"async\" width=\"160\" height=\"160\" src=\"https:\/\/www.rivieradeifiori.it\/wp-content\/uploads\/2016\/05\/Giardino-castello-160x160.jpg\" class=\"attachment-thumbnail size-thumbnail\" alt=\"\" aria-describedby=\"gallery-1-1772\" srcset=\"https:\/\/www.rivieradeifiori.it\/wp-content\/uploads\/2016\/05\/Giardino-castello-160x160.jpg 160w, https:\/\/www.rivieradeifiori.it\/wp-content\/uploads\/2016\/05\/Giardino-castello-440x440.jpg 440w, https:\/\/www.rivieradeifiori.it\/wp-content\/uploads\/2016\/05\/Giardino-castello-150x150.jpg 150w, https:\/\/www.rivieradeifiori.it\/wp-content\/uploads\/2016\/05\/Giardino-castello-65x65.jpg 65w, https:\/\/www.rivieradeifiori.it\/wp-content\/uploads\/2016\/05\/Giardino-castello-180x180.jpg 180w, https:\/\/www.rivieradeifiori.it\/wp-content\/uploads\/2016\/05\/Giardino-castello-300x300.jpg 300w, https:\/\/www.rivieradeifiori.it\/wp-content\/uploads\/2016\/05\/Giardino-castello-600x600.jpg 600w\" sizes=\"(max-width: 160px) 100vw, 160px\" \/><\/a>\n\t\t\t<\/dt>\n\t\t\t\t<dd class='wp-caption-text gallery-caption' id='gallery-1-1772'>\n\t\t\t\tApricale &#8211; Giardino Castello\n\t\t\t\t<\/dd><\/dl><dl class='gallery-item'>\n\t\t\t<dt class='gallery-icon portrait'>\n\t\t\t\t<a href='https:\/\/www.rivieradeifiori.it\/de\/contessa-quadro\/'><img decoding=\"async\" width=\"160\" height=\"160\" src=\"https:\/\/www.rivieradeifiori.it\/wp-content\/uploads\/2016\/05\/Contessa-quadro-160x160.jpg\" class=\"attachment-thumbnail size-thumbnail\" alt=\"\" aria-describedby=\"gallery-1-1768\" srcset=\"https:\/\/www.rivieradeifiori.it\/wp-content\/uploads\/2016\/05\/Contessa-quadro-160x160.jpg 160w, https:\/\/www.rivieradeifiori.it\/wp-content\/uploads\/2016\/05\/Contessa-quadro-440x440.jpg 440w, https:\/\/www.rivieradeifiori.it\/wp-content\/uploads\/2016\/05\/Contessa-quadro-150x150.jpg 150w, https:\/\/www.rivieradeifiori.it\/wp-content\/uploads\/2016\/05\/Contessa-quadro-65x65.jpg 65w, https:\/\/www.rivieradeifiori.it\/wp-content\/uploads\/2016\/05\/Contessa-quadro-180x180.jpg 180w, https:\/\/www.rivieradeifiori.it\/wp-content\/uploads\/2016\/05\/Contessa-quadro-300x300.jpg 300w, https:\/\/www.rivieradeifiori.it\/wp-content\/uploads\/2016\/05\/Contessa-quadro-600x600.jpg 600w\" sizes=\"(max-width: 160px) 100vw, 160px\" \/><\/a>\n\t\t\t<\/dt>\n\t\t\t\t<dd class='wp-caption-text gallery-caption' id='gallery-1-1768'>\n\t\t\t\tApricale &#8211; Quadro della contessa.\n\t\t\t\t<\/dd><\/dl><br style=\"clear: both\" \/><dl class='gallery-item'>\n\t\t\t<dt class='gallery-icon landscape'>\n\t\t\t\t<a href='https:\/\/www.rivieradeifiori.it\/de\/apricale-1\/'><img decoding=\"async\" width=\"160\" height=\"160\" src=\"https:\/\/www.rivieradeifiori.it\/wp-content\/uploads\/2016\/05\/Apricale-1-160x160.jpg\" class=\"attachment-thumbnail size-thumbnail\" alt=\"\" aria-describedby=\"gallery-1-1764\" srcset=\"https:\/\/www.rivieradeifiori.it\/wp-content\/uploads\/2016\/05\/Apricale-1-160x160.jpg 160w, https:\/\/www.rivieradeifiori.it\/wp-content\/uploads\/2016\/05\/Apricale-1-440x440.jpg 440w, https:\/\/www.rivieradeifiori.it\/wp-content\/uploads\/2016\/05\/Apricale-1-150x150.jpg 150w, https:\/\/www.rivieradeifiori.it\/wp-content\/uploads\/2016\/05\/Apricale-1-65x65.jpg 65w, https:\/\/www.rivieradeifiori.it\/wp-content\/uploads\/2016\/05\/Apricale-1-180x180.jpg 180w, https:\/\/www.rivieradeifiori.it\/wp-content\/uploads\/2016\/05\/Apricale-1-300x300.jpg 300w, https:\/\/www.rivieradeifiori.it\/wp-content\/uploads\/2016\/05\/Apricale-1-600x600.jpg 600w\" sizes=\"(max-width: 160px) 100vw, 160px\" \/><\/a>\n\t\t\t<\/dt>\n\t\t\t\t<dd class='wp-caption-text gallery-caption' id='gallery-1-1764'>\n\t\t\t\tApricale\n\t\t\t\t<\/dd><\/dl><dl class='gallery-item'>\n\t\t\t<dt class='gallery-icon landscape'>\n\t\t\t\t<a href='https:\/\/www.rivieradeifiori.it\/de\/null\/'><img decoding=\"async\" width=\"160\" height=\"160\" src=\"https:\/\/www.rivieradeifiori.it\/wp-content\/uploads\/2016\/05\/Apricale-\u252c\u00aeMaman-Voyage_RdF-160x160.jpg\" class=\"attachment-thumbnail size-thumbnail\" alt=\"\" aria-describedby=\"gallery-1-1760\" srcset=\"https:\/\/www.rivieradeifiori.it\/wp-content\/uploads\/2016\/05\/Apricale-\u252c\u00aeMaman-Voyage_RdF-160x160.jpg 160w, https:\/\/www.rivieradeifiori.it\/wp-content\/uploads\/2016\/05\/Apricale-\u252c\u00aeMaman-Voyage_RdF-440x440.jpg 440w, https:\/\/www.rivieradeifiori.it\/wp-content\/uploads\/2016\/05\/Apricale-\u252c\u00aeMaman-Voyage_RdF-150x150.jpg 150w, https:\/\/www.rivieradeifiori.it\/wp-content\/uploads\/2016\/05\/Apricale-\u252c\u00aeMaman-Voyage_RdF-65x65.jpg 65w, https:\/\/www.rivieradeifiori.it\/wp-content\/uploads\/2016\/05\/Apricale-\u252c\u00aeMaman-Voyage_RdF-180x180.jpg 180w, https:\/\/www.rivieradeifiori.it\/wp-content\/uploads\/2016\/05\/Apricale-\u252c\u00aeMaman-Voyage_RdF-300x300.jpg 300w, https:\/\/www.rivieradeifiori.it\/wp-content\/uploads\/2016\/05\/Apricale-\u252c\u00aeMaman-Voyage_RdF-600x600.jpg 600w\" sizes=\"(max-width: 160px) 100vw, 160px\" \/><\/a>\n\t\t\t<\/dt>\n\t\t\t\t<dd class='wp-caption-text gallery-caption' id='gallery-1-1760'>\n\t\t\t\tApricale\n\t\t\t\t<\/dd><\/dl>\n\t\t\t<br style='clear: both' \/>\n\t\t<\/div>\n\n","protected":false},"excerpt":{"rendered":"<p>In den H\u00fcgeln der Riviera Ponente werden wir an die tragische und faszinierende Geschichte der Gr\u00e4fin Cristina Bellomo erinnert. Sie war die Geliebte von franz\u00f6sischen Adeligen und Intellektuellen, man nimmt sogar an, dass sie eine Spionin des russischen Geheimdienstes am Hofe des Zaren war. Laut den offiziellen Dokumenten, die in der Gemeinde Apricale aufbewahrt werden, [&hellip;]<\/p>\n","protected":false},"author":1,"featured_media":1764,"comment_status":"closed","ping_status":"open","sticky":false,"template":"","format":"standard","meta":{"_et_pb_use_builder":"","_et_pb_old_content":"","_et_gb_content_width":"","_eb_attr":"","_vp_format_video_url":"","_vp_image_focal_point":[],"_vp_custom_popup_image":0,"_vp_format_audio_url":"","_vp_custom_thumbnail":0,"_vp_custom_thumbnail_focal_point":[],"_vp_hover_thumbnail":0,"_vp_hover_thumbnail_focal_point":[],"footnotes":""},"categories":[48],"tags":[],"class_list":["post-1786","post","type-post","status-publish","format-standard","has-post-thumbnail","hentry","category-kunst-und-kultur","et-has-post-format-content","et_post_format-et-post-format-standard"],"yoast_head":"<!-- This site is optimized with the Yoast SEO plugin v25.7 - https:\/\/yoast.com\/wordpress\/plugins\/seo\/ -->\n<title>Apricale und die Belle Epoque - Kunst &amp; Kultur - Riviera dei Fiori<\/title>\n<meta name=\"robots\" content=\"index, follow, max-snippet:-1, max-image-preview:large, max-video-preview:-1\" \/>\n<link rel=\"canonical\" href=\"https:\/\/www.rivieradeifiori.it\/de\/kunst-und-kultur\/apricale-und-die-belle-epoque\/\" \/>\n<meta name=\"twitter:label1\" content=\"Verfasst von\" \/>\n\t<meta name=\"twitter:data1\" content=\"Luca Giovannetti\" \/>\n\t<meta name=\"twitter:label2\" content=\"Gesch\u00e4tzte Lesezeit\" \/>\n\t<meta name=\"twitter:data2\" content=\"2\u00a0Minuten\" \/>\n<script type=\"application\/ld+json\" class=\"yoast-schema-graph\">{\"@context\":\"https:\/\/schema.org\",\"@graph\":[{\"@type\":\"WebPage\",\"@id\":\"https:\/\/www.rivieradeifiori.it\/de\/kunst-und-kultur\/apricale-und-die-belle-epoque\/\",\"url\":\"https:\/\/www.rivieradeifiori.it\/de\/kunst-und-kultur\/apricale-und-die-belle-epoque\/\",\"name\":\"Apricale und die Belle Epoque - Kunst &amp; Kultur - Riviera dei Fiori\",\"isPartOf\":{\"@id\":\"https:\/\/www.rivieradeifiori.it\/de\/#website\"},\"primaryImageOfPage\":{\"@id\":\"https:\/\/www.rivieradeifiori.it\/de\/kunst-und-kultur\/apricale-und-die-belle-epoque\/#primaryimage\"},\"image\":{\"@id\":\"https:\/\/www.rivieradeifiori.it\/de\/kunst-und-kultur\/apricale-und-die-belle-epoque\/#primaryimage\"},\"thumbnailUrl\":\"https:\/\/www.rivieradeifiori.it\/wp-content\/uploads\/2016\/05\/Apricale-1.jpg\",\"datePublished\":\"2016-05-19T12:51:04+00:00\",\"dateModified\":\"2016-07-21T12:09:08+00:00\",\"author\":{\"@id\":\"https:\/\/www.rivieradeifiori.it\/de\/#\/schema\/person\/6cc4e4ed0d74f08798811653e64f69ed\"},\"breadcrumb\":{\"@id\":\"https:\/\/www.rivieradeifiori.it\/de\/kunst-und-kultur\/apricale-und-die-belle-epoque\/#breadcrumb\"},\"inLanguage\":\"de\",\"potentialAction\":[{\"@type\":\"ReadAction\",\"target\":[\"https:\/\/www.rivieradeifiori.it\/de\/kunst-und-kultur\/apricale-und-die-belle-epoque\/\"]}]},{\"@type\":\"ImageObject\",\"inLanguage\":\"de\",\"@id\":\"https:\/\/www.rivieradeifiori.it\/de\/kunst-und-kultur\/apricale-und-die-belle-epoque\/#primaryimage\",\"url\":\"https:\/\/www.rivieradeifiori.it\/wp-content\/uploads\/2016\/05\/Apricale-1.jpg\",\"contentUrl\":\"https:\/\/www.rivieradeifiori.it\/wp-content\/uploads\/2016\/05\/Apricale-1.jpg\",\"width\":5504,\"height\":4128,\"caption\":\"Apricale\"},{\"@type\":\"BreadcrumbList\",\"@id\":\"https:\/\/www.rivieradeifiori.it\/de\/kunst-und-kultur\/apricale-und-die-belle-epoque\/#breadcrumb\",\"itemListElement\":[{\"@type\":\"ListItem\",\"position\":1,\"name\":\"Home\",\"item\":\"https:\/\/www.rivieradeifiori.it\/de\/\"},{\"@type\":\"ListItem\",\"position\":2,\"name\":\"Apricale und die Belle Epoque\"}]},{\"@type\":\"WebSite\",\"@id\":\"https:\/\/www.rivieradeifiori.it\/de\/#website\",\"url\":\"https:\/\/www.rivieradeifiori.it\/de\/\",\"name\":\"Riviera dei Fiori\",\"description\":\"Un mare di colori\",\"potentialAction\":[{\"@type\":\"SearchAction\",\"target\":{\"@type\":\"EntryPoint\",\"urlTemplate\":\"https:\/\/www.rivieradeifiori.it\/de\/?s={search_term_string}\"},\"query-input\":{\"@type\":\"PropertyValueSpecification\",\"valueRequired\":true,\"valueName\":\"search_term_string\"}}],\"inLanguage\":\"de\"},{\"@type\":\"Person\",\"@id\":\"https:\/\/www.rivieradeifiori.it\/de\/#\/schema\/person\/6cc4e4ed0d74f08798811653e64f69ed\",\"name\":\"Luca Giovannetti\",\"image\":{\"@type\":\"ImageObject\",\"inLanguage\":\"de\",\"@id\":\"https:\/\/www.rivieradeifiori.it\/de\/#\/schema\/person\/image\/\",\"url\":\"https:\/\/secure.gravatar.com\/avatar\/092abda2284c50268e586151e014cf903142e524662c62577231430ea44340cf?s=96&r=g&d=https:\/\/www.rivieradeifiori.it\/wp-content\/plugins\/userswp\/assets\/images\/no_profile.png\",\"contentUrl\":\"https:\/\/secure.gravatar.com\/avatar\/092abda2284c50268e586151e014cf903142e524662c62577231430ea44340cf?s=96&r=g&d=https:\/\/www.rivieradeifiori.it\/wp-content\/plugins\/userswp\/assets\/images\/no_profile.png\",\"caption\":\"Luca Giovannetti\"}}]}<\/script>\n<!-- \/ Yoast SEO plugin. -->","yoast_head_json":{"title":"Apricale und die Belle Epoque - Kunst &amp; Kultur - Riviera dei Fiori","robots":{"index":"index","follow":"follow","max-snippet":"max-snippet:-1","max-image-preview":"max-image-preview:large","max-video-preview":"max-video-preview:-1"},"canonical":"https:\/\/www.rivieradeifiori.it\/de\/kunst-und-kultur\/apricale-und-die-belle-epoque\/","twitter_misc":{"Verfasst von":"Luca Giovannetti","Gesch\u00e4tzte Lesezeit":"2\u00a0Minuten"},"schema":{"@context":"https:\/\/schema.org","@graph":[{"@type":"WebPage","@id":"https:\/\/www.rivieradeifiori.it\/de\/kunst-und-kultur\/apricale-und-die-belle-epoque\/","url":"https:\/\/www.rivieradeifiori.it\/de\/kunst-und-kultur\/apricale-und-die-belle-epoque\/","name":"Apricale und die Belle Epoque - Kunst &amp; Kultur - Riviera dei Fiori","isPartOf":{"@id":"https:\/\/www.rivieradeifiori.it\/de\/#website"},"primaryImageOfPage":{"@id":"https:\/\/www.rivieradeifiori.it\/de\/kunst-und-kultur\/apricale-und-die-belle-epoque\/#primaryimage"},"image":{"@id":"https:\/\/www.rivieradeifiori.it\/de\/kunst-und-kultur\/apricale-und-die-belle-epoque\/#primaryimage"},"thumbnailUrl":"https:\/\/www.rivieradeifiori.it\/wp-content\/uploads\/2016\/05\/Apricale-1.jpg","datePublished":"2016-05-19T12:51:04+00:00","dateModified":"2016-07-21T12:09:08+00:00","author":{"@id":"https:\/\/www.rivieradeifiori.it\/de\/#\/schema\/person\/6cc4e4ed0d74f08798811653e64f69ed"},"breadcrumb":{"@id":"https:\/\/www.rivieradeifiori.it\/de\/kunst-und-kultur\/apricale-und-die-belle-epoque\/#breadcrumb"},"inLanguage":"de","potentialAction":[{"@type":"ReadAction","target":["https:\/\/www.rivieradeifiori.it\/de\/kunst-und-kultur\/apricale-und-die-belle-epoque\/"]}]},{"@type":"ImageObject","inLanguage":"de","@id":"https:\/\/www.rivieradeifiori.it\/de\/kunst-und-kultur\/apricale-und-die-belle-epoque\/#primaryimage","url":"https:\/\/www.rivieradeifiori.it\/wp-content\/uploads\/2016\/05\/Apricale-1.jpg","contentUrl":"https:\/\/www.rivieradeifiori.it\/wp-content\/uploads\/2016\/05\/Apricale-1.jpg","width":5504,"height":4128,"caption":"Apricale"},{"@type":"BreadcrumbList","@id":"https:\/\/www.rivieradeifiori.it\/de\/kunst-und-kultur\/apricale-und-die-belle-epoque\/#breadcrumb","itemListElement":[{"@type":"ListItem","position":1,"name":"Home","item":"https:\/\/www.rivieradeifiori.it\/de\/"},{"@type":"ListItem","position":2,"name":"Apricale und die Belle Epoque"}]},{"@type":"WebSite","@id":"https:\/\/www.rivieradeifiori.it\/de\/#website","url":"https:\/\/www.rivieradeifiori.it\/de\/","name":"Riviera dei Fiori","description":"Un mare di colori","potentialAction":[{"@type":"SearchAction","target":{"@type":"EntryPoint","urlTemplate":"https:\/\/www.rivieradeifiori.it\/de\/?s={search_term_string}"},"query-input":{"@type":"PropertyValueSpecification","valueRequired":true,"valueName":"search_term_string"}}],"inLanguage":"de"},{"@type":"Person","@id":"https:\/\/www.rivieradeifiori.it\/de\/#\/schema\/person\/6cc4e4ed0d74f08798811653e64f69ed","name":"Luca Giovannetti","image":{"@type":"ImageObject","inLanguage":"de","@id":"https:\/\/www.rivieradeifiori.it\/de\/#\/schema\/person\/image\/","url":"https:\/\/secure.gravatar.com\/avatar\/092abda2284c50268e586151e014cf903142e524662c62577231430ea44340cf?s=96&r=g&d=https:\/\/www.rivieradeifiori.it\/wp-content\/plugins\/userswp\/assets\/images\/no_profile.png","contentUrl":"https:\/\/secure.gravatar.com\/avatar\/092abda2284c50268e586151e014cf903142e524662c62577231430ea44340cf?s=96&r=g&d=https:\/\/www.rivieradeifiori.it\/wp-content\/plugins\/userswp\/assets\/images\/no_profile.png","caption":"Luca Giovannetti"}}]}},"_links":{"self":[{"href":"https:\/\/www.rivieradeifiori.it\/de\/wp-json\/wp\/v2\/posts\/1786","targetHints":{"allow":["GET"]}}],"collection":[{"href":"https:\/\/www.rivieradeifiori.it\/de\/wp-json\/wp\/v2\/posts"}],"about":[{"href":"https:\/\/www.rivieradeifiori.it\/de\/wp-json\/wp\/v2\/types\/post"}],"author":[{"embeddable":true,"href":"https:\/\/www.rivieradeifiori.it\/de\/wp-json\/wp\/v2\/users\/1"}],"replies":[{"embeddable":true,"href":"https:\/\/www.rivieradeifiori.it\/de\/wp-json\/wp\/v2\/comments?post=1786"}],"version-history":[{"count":0,"href":"https:\/\/www.rivieradeifiori.it\/de\/wp-json\/wp\/v2\/posts\/1786\/revisions"}],"wp:featuredmedia":[{"embeddable":true,"href":"https:\/\/www.rivieradeifiori.it\/de\/wp-json\/wp\/v2\/media\/1764"}],"wp:attachment":[{"href":"https:\/\/www.rivieradeifiori.it\/de\/wp-json\/wp\/v2\/media?parent=1786"}],"wp:term":[{"taxonomy":"category","embeddable":true,"href":"https:\/\/www.rivieradeifiori.it\/de\/wp-json\/wp\/v2\/categories?post=1786"},{"taxonomy":"post_tag","embeddable":true,"href":"https:\/\/www.rivieradeifiori.it\/de\/wp-json\/wp\/v2\/tags?post=1786"}],"curies":[{"name":"wp","href":"https:\/\/api.w.org\/{rel}","templated":true}]}}