{"id":1723,"date":"2016-05-19T14:13:07","date_gmt":"2016-05-19T12:13:07","guid":{"rendered":"http:\/\/rivieradeifiori.wordpress.innovationconsulting.it\/de\/?p=1723"},"modified":"2022-06-10T15:40:15","modified_gmt":"2022-06-10T13:40:15","slug":"villen-in-sanremo","status":"publish","type":"post","link":"https:\/\/www.rivieradeifiori.it\/de\/was-ist-zu-tun\/villen-in-sanremo\/","title":{"rendered":"Villen in Sanremo"},"content":{"rendered":"<p><strong>VILLA ORMOND<\/strong><br \/>\nDer Park der Villa Ormond im Osten von Sanremo ist eine der kostbarsten Gr\u00fcnoasen der Stadt. Vor dem Bau des heutigen Corso Cavallotti, der ihn heute in zwei Teile teilt, erstreckte sich der Park vom H\u00fcgel bis ans Meer.<br \/>\nDer Garten war schon Teil der Villa Rambaldi, als das Anwesen von Dr. Ormond, einem reichen Schweizer Unternehmer und seiner Ehefrau, Marie Margherite Renet, einer franz\u00f6sischen Dichterin, als Wohnsitz erworben wurde.<br \/>\nNach dem Ankauf durch die Gemeinde unter B\u00fcrgermeister Pietro Agosti im Jahr 1930, wurde der Park der \u00d6ffentlichkeit zug\u00e4nglich gemacht. Im Teil, der dem Meer zugewandt ist, wurde ein von Agosti entworfener gro\u00dfer Brunnen errichtet, im Teil am H\u00fcgel entstand ein Ausstellungspavillon. Heute ist die Villa Sitz des Internationalen Instituts f\u00fcr Menschenrechte und gelegentlich finden Blumenausstellungen und touristische Veranstaltungen statt.<\/p>\n<p><strong>VILLA DEL SOLE<\/strong><br \/>\nDie Villa del Sole ist sch\u00f6nes Beispiel f\u00fcr die Architektur des Eklektizismus am Ende des neunzehnten Jahrhunderts. Sie wurde 1890 im Osten von Sanremo errichtet. Ihr charakteristisches Aussehen mit dem von Mansarden gekr\u00f6nten Turm erinnert an die Bauten des Pariser Architekten Charles Garnier, die an der Riviera errichtet wurden, mit der typischen Dachform, die aus der \u00fcppig gr\u00fcnen Landschaft herausragt. Die dekorativen Elemente der Residenz erinnern an die anderen Geb\u00e4ude, die am Ende des neunzehnten Jahrhunderts vom Architekten Pio Soli in Sanremo errichtet wurden.<br \/>\nSeit 1973 ist das Geb\u00e4ude im Eigentum der Salesianeroblatinnen des Heiligen Herzens Jesu, die es in ein Ferienhaus umgestaltet haben f\u00fcr all jene, die Erholung f\u00fcr Seele und K\u00f6rper suchen. Der westliche Teil des Parks ist \u00f6ffentlich zug\u00e4nglich.<\/p>\n<p><strong>VILLA ANGERER<\/strong><br \/>\nDie Villa Angerer ist mit dem sie umgebenden Garten ein wahres Architekturjuwel, das nur wenige Schritte vom Casino entfernt liegt. Sie wurde von der FAI, der Stiftung f\u00fcr Denkmalpflege und Naturschutz in Italien, in die Liste der italienischen \u201eOrte des Herzens\u201c aufgenommen. Das Geb\u00e4ude ist \u00fcberreich geschm\u00fcckt mit Jugendstilornamenten, die bis ins kleinste Detail ausgestaltet sind: Dachfirste aus Terrakotta mit Drachen und Blumen, Marmorintarsien, Stuck, Gl\u00e4ser, gusseiserne Tierfiguren an den Balkonen.<br \/>\nAuch der Park der Villa Angerer ist ein wahres Schmuckst\u00fcck. Im Herzen des kleinen Gartens finden Sie ein Wunder der Natur: in einer Nische w\u00e4chst hier, durch ein Gitter gesch\u00fctzt, die \u00e4u\u00dferst seltene Wollemia nobilis, eine tropische Pflanze, von der man annahm, dass sie seht zwei Millionen Jahren ausgestorben sei und von der es weltweit nur wenige Exemplare gibt, eines davon in Sanremo.<br \/>\nBei der Pflege des Gartens wird auf ein eher naturbelassenes \u00c4u\u00dferes geachtet, um den Besuchern die M\u00f6glichkeit zu bieten, eine (fast) unber\u00fchrte Natur zu genie\u00dfen.<\/p>\n<p><strong>PARCO MARSAGLIA<\/strong><br \/>\nDie Familie Marsaglia, deren Namen der Park am Corso Imperatrice tr\u00e4gt, war eine der wichtigsten Familien im sozialen Leben von Sanremo am Ende des 19. Jahrhunderts.<br \/>\nIm Jahr 1882 lie\u00df sich Giovanni Marsaglia eine Villa errichten, die wegen der kostbaren Ornamente und der ansehnlichen Gr\u00f6\u00dfe, das \u201eSchloss\u201c Marsaglia genannt wurde. Vom gesamten Anwesen blieb nach der Zerst\u00f6rung der Villa unmittelbar nach dem zweiten Weltkrieg nur der Park erhalten, der zu jener Zeit in das Eigentum der Gemeinde \u00fcberging.<br \/>\nDie bemerkenswerte Vegetation, die auch reich an seltenen Arten ist, erinnert an die Faszination des tropischen Regenwaldes: Wenn man im Garten spazieren geht, trifft man auf die typische brasilianische Syagrus romanzoffiana, die chilenische Riesenpalme Jubea chilensis, die Chamaerops humilis oder die Livistona australis, um nur einige zu nennen.<\/p>\n<p><em>[Ilaria Grigoletto]<\/em><\/p>\n\n\t\t<style type=\"text\/css\">\n\t\t\t#gallery-1 {\n\t\t\t\tmargin: auto;\n\t\t\t}\n\t\t\t#gallery-1 .gallery-item {\n\t\t\t\tfloat: left;\n\t\t\t\tmargin-top: 10px;\n\t\t\t\ttext-align: center;\n\t\t\t\twidth: 33%;\n\t\t\t}\n\t\t\t#gallery-1 img {\n\t\t\t\tborder: 2px solid #cfcfcf;\n\t\t\t}\n\t\t\t#gallery-1 .gallery-caption {\n\t\t\t\tmargin-left: 0;\n\t\t\t}\n\t\t\t\/* see gallery_shortcode() in wp-includes\/media.php *\/\n\t\t<\/style>\n\t\t<div id='gallery-1' class='gallery galleryid-1723 gallery-columns-3 gallery-size-thumbnail'><dl class='gallery-item'>\n\t\t\t<dt class='gallery-icon landscape'>\n\t\t\t\t<a href='https:\/\/www.rivieradeifiori.it\/de\/was-ist-zu-tun\/villen-in-sanremo\/attachment\/villaormond2-2\/'><img decoding=\"async\" width=\"160\" height=\"160\" src=\"https:\/\/www.rivieradeifiori.it\/wp-content\/uploads\/2016\/05\/villaormond2-160x160.jpg\" class=\"attachment-thumbnail size-thumbnail\" alt=\"\" aria-describedby=\"gallery-1-1717\" srcset=\"https:\/\/www.rivieradeifiori.it\/wp-content\/uploads\/2016\/05\/villaormond2-160x160.jpg 160w, https:\/\/www.rivieradeifiori.it\/wp-content\/uploads\/2016\/05\/villaormond2-440x440.jpg 440w, https:\/\/www.rivieradeifiori.it\/wp-content\/uploads\/2016\/05\/villaormond2-150x150.jpg 150w, https:\/\/www.rivieradeifiori.it\/wp-content\/uploads\/2016\/05\/villaormond2-65x65.jpg 65w, https:\/\/www.rivieradeifiori.it\/wp-content\/uploads\/2016\/05\/villaormond2-180x180.jpg 180w, https:\/\/www.rivieradeifiori.it\/wp-content\/uploads\/2016\/05\/villaormond2-300x300.jpg 300w, https:\/\/www.rivieradeifiori.it\/wp-content\/uploads\/2016\/05\/villaormond2-600x600.jpg 600w\" sizes=\"(max-width: 160px) 100vw, 160px\" \/><\/a>\n\t\t\t<\/dt>\n\t\t\t\t<dd class='wp-caption-text gallery-caption' id='gallery-1-1717'>\n\t\t\t\tVilla Ormond\n\t\t\t\t<\/dd><\/dl><dl class='gallery-item'>\n\t\t\t<dt class='gallery-icon landscape'>\n\t\t\t\t<a href='https:\/\/www.rivieradeifiori.it\/de\/was-ist-zu-tun\/villen-in-sanremo\/attachment\/villa-del-sole-1-2\/'><img decoding=\"async\" width=\"160\" height=\"160\" src=\"https:\/\/www.rivieradeifiori.it\/wp-content\/uploads\/2016\/05\/Villa-del-Sole-1-160x160.jpg\" class=\"attachment-thumbnail size-thumbnail\" alt=\"\" aria-describedby=\"gallery-1-1713\" srcset=\"https:\/\/www.rivieradeifiori.it\/wp-content\/uploads\/2016\/05\/Villa-del-Sole-1-160x160.jpg 160w, https:\/\/www.rivieradeifiori.it\/wp-content\/uploads\/2016\/05\/Villa-del-Sole-1-440x440.jpg 440w, https:\/\/www.rivieradeifiori.it\/wp-content\/uploads\/2016\/05\/Villa-del-Sole-1-150x150.jpg 150w, https:\/\/www.rivieradeifiori.it\/wp-content\/uploads\/2016\/05\/Villa-del-Sole-1-65x65.jpg 65w, https:\/\/www.rivieradeifiori.it\/wp-content\/uploads\/2016\/05\/Villa-del-Sole-1-180x180.jpg 180w, https:\/\/www.rivieradeifiori.it\/wp-content\/uploads\/2016\/05\/Villa-del-Sole-1-300x300.jpg 300w, https:\/\/www.rivieradeifiori.it\/wp-content\/uploads\/2016\/05\/Villa-del-Sole-1-600x600.jpg 600w\" sizes=\"(max-width: 160px) 100vw, 160px\" \/><\/a>\n\t\t\t<\/dt>\n\t\t\t\t<dd class='wp-caption-text gallery-caption' id='gallery-1-1713'>\n\t\t\t\tVilla del Sole\n\t\t\t\t<\/dd><\/dl><dl class='gallery-item'>\n\t\t\t<dt class='gallery-icon landscape'>\n\t\t\t\t<a href='https:\/\/www.rivieradeifiori.it\/de\/was-ist-zu-tun\/villen-in-sanremo\/attachment\/ormond-per-pagine-eventi-2\/'><img decoding=\"async\" width=\"160\" height=\"160\" src=\"https:\/\/www.rivieradeifiori.it\/wp-content\/uploads\/2016\/05\/Ormond-per-pagine-eventi-160x160.jpg\" class=\"attachment-thumbnail size-thumbnail\" alt=\"\" aria-describedby=\"gallery-1-1709\" srcset=\"https:\/\/www.rivieradeifiori.it\/wp-content\/uploads\/2016\/05\/Ormond-per-pagine-eventi-160x160.jpg 160w, https:\/\/www.rivieradeifiori.it\/wp-content\/uploads\/2016\/05\/Ormond-per-pagine-eventi-440x440.jpg 440w, https:\/\/www.rivieradeifiori.it\/wp-content\/uploads\/2016\/05\/Ormond-per-pagine-eventi-150x150.jpg 150w, https:\/\/www.rivieradeifiori.it\/wp-content\/uploads\/2016\/05\/Ormond-per-pagine-eventi-65x65.jpg 65w, https:\/\/www.rivieradeifiori.it\/wp-content\/uploads\/2016\/05\/Ormond-per-pagine-eventi-180x180.jpg 180w, https:\/\/www.rivieradeifiori.it\/wp-content\/uploads\/2016\/05\/Ormond-per-pagine-eventi-300x300.jpg 300w, https:\/\/www.rivieradeifiori.it\/wp-content\/uploads\/2016\/05\/Ormond-per-pagine-eventi-600x600.jpg 600w\" sizes=\"(max-width: 160px) 100vw, 160px\" \/><\/a>\n\t\t\t<\/dt>\n\t\t\t\t<dd class='wp-caption-text gallery-caption' id='gallery-1-1709'>\n\t\t\t\tVilla Ormond\n\t\t\t\t<\/dd><\/dl><br style=\"clear: both\" \/><dl class='gallery-item'>\n\t\t\t<dt class='gallery-icon landscape'>\n\t\t\t\t<a href='https:\/\/www.rivieradeifiori.it\/de\/was-ist-zu-tun\/villen-in-sanremo\/attachment\/ormond-palme-e-agave-2\/'><img decoding=\"async\" width=\"160\" height=\"160\" src=\"https:\/\/www.rivieradeifiori.it\/wp-content\/uploads\/2016\/05\/Ormond-palme-e-agave-160x160.jpg\" class=\"attachment-thumbnail size-thumbnail\" alt=\"\" aria-describedby=\"gallery-1-1705\" srcset=\"https:\/\/www.rivieradeifiori.it\/wp-content\/uploads\/2016\/05\/Ormond-palme-e-agave-160x160.jpg 160w, https:\/\/www.rivieradeifiori.it\/wp-content\/uploads\/2016\/05\/Ormond-palme-e-agave-440x440.jpg 440w, https:\/\/www.rivieradeifiori.it\/wp-content\/uploads\/2016\/05\/Ormond-palme-e-agave-150x150.jpg 150w, https:\/\/www.rivieradeifiori.it\/wp-content\/uploads\/2016\/05\/Ormond-palme-e-agave-65x65.jpg 65w, https:\/\/www.rivieradeifiori.it\/wp-content\/uploads\/2016\/05\/Ormond-palme-e-agave-180x180.jpg 180w, https:\/\/www.rivieradeifiori.it\/wp-content\/uploads\/2016\/05\/Ormond-palme-e-agave-300x300.jpg 300w, https:\/\/www.rivieradeifiori.it\/wp-content\/uploads\/2016\/05\/Ormond-palme-e-agave-600x600.jpg 600w\" sizes=\"(max-width: 160px) 100vw, 160px\" \/><\/a>\n\t\t\t<\/dt>\n\t\t\t\t<dd class='wp-caption-text gallery-caption' id='gallery-1-1705'>\n\t\t\t\tVilla Ormond\n\t\t\t\t<\/dd><\/dl><dl class='gallery-item'>\n\t\t\t<dt class='gallery-icon portrait'>\n\t\t\t\t<a href='https:\/\/www.rivieradeifiori.it\/de\/was-ist-zu-tun\/villen-in-sanremo\/attachment\/ormond-2-2\/'><img decoding=\"async\" width=\"160\" height=\"160\" src=\"https:\/\/www.rivieradeifiori.it\/wp-content\/uploads\/2016\/05\/Ormond-2-160x160.jpg\" class=\"attachment-thumbnail size-thumbnail\" alt=\"\" aria-describedby=\"gallery-1-1701\" srcset=\"https:\/\/www.rivieradeifiori.it\/wp-content\/uploads\/2016\/05\/Ormond-2-160x160.jpg 160w, https:\/\/www.rivieradeifiori.it\/wp-content\/uploads\/2016\/05\/Ormond-2-440x440.jpg 440w, https:\/\/www.rivieradeifiori.it\/wp-content\/uploads\/2016\/05\/Ormond-2-150x150.jpg 150w, https:\/\/www.rivieradeifiori.it\/wp-content\/uploads\/2016\/05\/Ormond-2-65x65.jpg 65w, https:\/\/www.rivieradeifiori.it\/wp-content\/uploads\/2016\/05\/Ormond-2-180x180.jpg 180w, https:\/\/www.rivieradeifiori.it\/wp-content\/uploads\/2016\/05\/Ormond-2-300x300.jpg 300w, https:\/\/www.rivieradeifiori.it\/wp-content\/uploads\/2016\/05\/Ormond-2-600x600.jpg 600w\" sizes=\"(max-width: 160px) 100vw, 160px\" \/><\/a>\n\t\t\t<\/dt>\n\t\t\t\t<dd class='wp-caption-text gallery-caption' id='gallery-1-1701'>\n\t\t\t\tVilla Ormond\n\t\t\t\t<\/dd><\/dl><dl class='gallery-item'>\n\t\t\t<dt class='gallery-icon portrait'>\n\t\t\t\t<a href='https:\/\/www.rivieradeifiori.it\/de\/was-ist-zu-tun\/villen-in-sanremo\/attachment\/angerer-2-2\/'><img decoding=\"async\" width=\"160\" height=\"160\" src=\"https:\/\/www.rivieradeifiori.it\/wp-content\/uploads\/2016\/05\/Angerer-2-160x160.jpg\" class=\"attachment-thumbnail size-thumbnail\" alt=\"\" aria-describedby=\"gallery-1-1697\" srcset=\"https:\/\/www.rivieradeifiori.it\/wp-content\/uploads\/2016\/05\/Angerer-2-160x160.jpg 160w, https:\/\/www.rivieradeifiori.it\/wp-content\/uploads\/2016\/05\/Angerer-2-440x440.jpg 440w, https:\/\/www.rivieradeifiori.it\/wp-content\/uploads\/2016\/05\/Angerer-2-150x150.jpg 150w, https:\/\/www.rivieradeifiori.it\/wp-content\/uploads\/2016\/05\/Angerer-2-65x65.jpg 65w, https:\/\/www.rivieradeifiori.it\/wp-content\/uploads\/2016\/05\/Angerer-2-180x180.jpg 180w, https:\/\/www.rivieradeifiori.it\/wp-content\/uploads\/2016\/05\/Angerer-2-300x300.jpg 300w, https:\/\/www.rivieradeifiori.it\/wp-content\/uploads\/2016\/05\/Angerer-2-600x600.jpg 600w\" sizes=\"(max-width: 160px) 100vw, 160px\" \/><\/a>\n\t\t\t<\/dt>\n\t\t\t\t<dd class='wp-caption-text gallery-caption' id='gallery-1-1697'>\n\t\t\t\tVIlla Angerer\n\t\t\t\t<\/dd><\/dl><br style=\"clear: both\" \/><dl class='gallery-item'>\n\t\t\t<dt class='gallery-icon landscape'>\n\t\t\t\t<a href='https:\/\/www.rivieradeifiori.it\/de\/was-ist-zu-tun\/villen-in-sanremo\/attachment\/angerer-1-2\/'><img decoding=\"async\" width=\"160\" height=\"160\" src=\"https:\/\/www.rivieradeifiori.it\/wp-content\/uploads\/2016\/05\/Angerer-1-160x160.jpg\" class=\"attachment-thumbnail size-thumbnail\" alt=\"\" aria-describedby=\"gallery-1-1693\" srcset=\"https:\/\/www.rivieradeifiori.it\/wp-content\/uploads\/2016\/05\/Angerer-1-160x160.jpg 160w, https:\/\/www.rivieradeifiori.it\/wp-content\/uploads\/2016\/05\/Angerer-1-440x440.jpg 440w, https:\/\/www.rivieradeifiori.it\/wp-content\/uploads\/2016\/05\/Angerer-1-150x150.jpg 150w, https:\/\/www.rivieradeifiori.it\/wp-content\/uploads\/2016\/05\/Angerer-1-65x65.jpg 65w, https:\/\/www.rivieradeifiori.it\/wp-content\/uploads\/2016\/05\/Angerer-1-180x180.jpg 180w, https:\/\/www.rivieradeifiori.it\/wp-content\/uploads\/2016\/05\/Angerer-1-300x300.jpg 300w, https:\/\/www.rivieradeifiori.it\/wp-content\/uploads\/2016\/05\/Angerer-1-600x600.jpg 600w\" sizes=\"(max-width: 160px) 100vw, 160px\" \/><\/a>\n\t\t\t<\/dt>\n\t\t\t\t<dd class='wp-caption-text gallery-caption' id='gallery-1-1693'>\n\t\t\t\tVilla Angerer\n\t\t\t\t<\/dd><\/dl>\n\t\t\t<br style='clear: both' \/>\n\t\t<\/div>\n\n","protected":false},"excerpt":{"rendered":"<p>VILLA ORMOND Der Park der Villa Ormond im Osten von Sanremo ist eine der kostbarsten Gr\u00fcnoasen der Stadt. Vor dem Bau des heutigen Corso Cavallotti, der ihn heute in zwei Teile teilt, erstreckte sich der Park vom H\u00fcgel bis ans Meer. Der Garten war schon Teil der Villa Rambaldi, als das Anwesen von Dr. Ormond, [&hellip;]<\/p>\n","protected":false},"author":1,"featured_media":1717,"comment_status":"closed","ping_status":"open","sticky":false,"template":"","format":"standard","meta":{"_et_pb_use_builder":"","_et_pb_old_content":"","_et_gb_content_width":"","_eb_attr":"","_vp_format_video_url":"","_vp_image_focal_point":[],"_vp_custom_popup_image":0,"_vp_format_audio_url":"","_vp_custom_thumbnail":0,"_vp_custom_thumbnail_focal_point":[],"_vp_hover_thumbnail":0,"_vp_hover_thumbnail_focal_point":[],"footnotes":""},"categories":[52],"tags":[1391,1005],"class_list":["post-1723","post","type-post","status-publish","format-standard","has-post-thumbnail","hentry","category-was-ist-zu-tun","tag-parks-und-gaerten","tag-sanremo-de","et-has-post-format-content","et_post_format-et-post-format-standard"],"yoast_head":"<!-- This site is optimized with the Yoast SEO plugin v25.7 - https:\/\/yoast.com\/wordpress\/plugins\/seo\/ -->\n<title>Villen in Sanremo - Was ist zu tun - Riviera dei Fiori<\/title>\n<meta name=\"robots\" content=\"index, follow, max-snippet:-1, max-image-preview:large, max-video-preview:-1\" \/>\n<link rel=\"canonical\" href=\"https:\/\/www.rivieradeifiori.it\/de\/was-ist-zu-tun\/villen-in-sanremo\/\" \/>\n<meta name=\"twitter:label1\" content=\"Verfasst von\" \/>\n\t<meta name=\"twitter:data1\" content=\"Luca Giovannetti\" \/>\n\t<meta name=\"twitter:label2\" content=\"Gesch\u00e4tzte Lesezeit\" \/>\n\t<meta name=\"twitter:data2\" content=\"3\u00a0Minuten\" \/>\n<script type=\"application\/ld+json\" class=\"yoast-schema-graph\">{\"@context\":\"https:\/\/schema.org\",\"@graph\":[{\"@type\":\"WebPage\",\"@id\":\"https:\/\/www.rivieradeifiori.it\/de\/was-ist-zu-tun\/villen-in-sanremo\/\",\"url\":\"https:\/\/www.rivieradeifiori.it\/de\/was-ist-zu-tun\/villen-in-sanremo\/\",\"name\":\"Villen in Sanremo - Was ist zu tun - Riviera dei Fiori\",\"isPartOf\":{\"@id\":\"https:\/\/www.rivieradeifiori.it\/de\/#website\"},\"primaryImageOfPage\":{\"@id\":\"https:\/\/www.rivieradeifiori.it\/de\/was-ist-zu-tun\/villen-in-sanremo\/#primaryimage\"},\"image\":{\"@id\":\"https:\/\/www.rivieradeifiori.it\/de\/was-ist-zu-tun\/villen-in-sanremo\/#primaryimage\"},\"thumbnailUrl\":\"https:\/\/www.rivieradeifiori.it\/wp-content\/uploads\/2016\/05\/villaormond2.jpg\",\"datePublished\":\"2016-05-19T12:13:07+00:00\",\"dateModified\":\"2022-06-10T13:40:15+00:00\",\"author\":{\"@id\":\"https:\/\/www.rivieradeifiori.it\/de\/#\/schema\/person\/6cc4e4ed0d74f08798811653e64f69ed\"},\"breadcrumb\":{\"@id\":\"https:\/\/www.rivieradeifiori.it\/de\/was-ist-zu-tun\/villen-in-sanremo\/#breadcrumb\"},\"inLanguage\":\"de\",\"potentialAction\":[{\"@type\":\"ReadAction\",\"target\":[\"https:\/\/www.rivieradeifiori.it\/de\/was-ist-zu-tun\/villen-in-sanremo\/\"]}]},{\"@type\":\"ImageObject\",\"inLanguage\":\"de\",\"@id\":\"https:\/\/www.rivieradeifiori.it\/de\/was-ist-zu-tun\/villen-in-sanremo\/#primaryimage\",\"url\":\"https:\/\/www.rivieradeifiori.it\/wp-content\/uploads\/2016\/05\/villaormond2.jpg\",\"contentUrl\":\"https:\/\/www.rivieradeifiori.it\/wp-content\/uploads\/2016\/05\/villaormond2.jpg\",\"width\":2752,\"height\":1835,\"caption\":\"Villa Ormond\"},{\"@type\":\"BreadcrumbList\",\"@id\":\"https:\/\/www.rivieradeifiori.it\/de\/was-ist-zu-tun\/villen-in-sanremo\/#breadcrumb\",\"itemListElement\":[{\"@type\":\"ListItem\",\"position\":1,\"name\":\"Home\",\"item\":\"https:\/\/www.rivieradeifiori.it\/de\/\"},{\"@type\":\"ListItem\",\"position\":2,\"name\":\"Villen in Sanremo\"}]},{\"@type\":\"WebSite\",\"@id\":\"https:\/\/www.rivieradeifiori.it\/de\/#website\",\"url\":\"https:\/\/www.rivieradeifiori.it\/de\/\",\"name\":\"Riviera dei Fiori\",\"description\":\"Un mare di colori\",\"potentialAction\":[{\"@type\":\"SearchAction\",\"target\":{\"@type\":\"EntryPoint\",\"urlTemplate\":\"https:\/\/www.rivieradeifiori.it\/de\/?s={search_term_string}\"},\"query-input\":{\"@type\":\"PropertyValueSpecification\",\"valueRequired\":true,\"valueName\":\"search_term_string\"}}],\"inLanguage\":\"de\"},{\"@type\":\"Person\",\"@id\":\"https:\/\/www.rivieradeifiori.it\/de\/#\/schema\/person\/6cc4e4ed0d74f08798811653e64f69ed\",\"name\":\"Luca Giovannetti\",\"image\":{\"@type\":\"ImageObject\",\"inLanguage\":\"de\",\"@id\":\"https:\/\/www.rivieradeifiori.it\/de\/#\/schema\/person\/image\/\",\"url\":\"https:\/\/secure.gravatar.com\/avatar\/092abda2284c50268e586151e014cf903142e524662c62577231430ea44340cf?s=96&r=g&d=https:\/\/www.rivieradeifiori.it\/wp-content\/plugins\/userswp\/assets\/images\/no_profile.png\",\"contentUrl\":\"https:\/\/secure.gravatar.com\/avatar\/092abda2284c50268e586151e014cf903142e524662c62577231430ea44340cf?s=96&r=g&d=https:\/\/www.rivieradeifiori.it\/wp-content\/plugins\/userswp\/assets\/images\/no_profile.png\",\"caption\":\"Luca Giovannetti\"}}]}<\/script>\n<!-- \/ Yoast SEO plugin. -->","yoast_head_json":{"title":"Villen in Sanremo - Was ist zu tun - Riviera dei Fiori","robots":{"index":"index","follow":"follow","max-snippet":"max-snippet:-1","max-image-preview":"max-image-preview:large","max-video-preview":"max-video-preview:-1"},"canonical":"https:\/\/www.rivieradeifiori.it\/de\/was-ist-zu-tun\/villen-in-sanremo\/","twitter_misc":{"Verfasst von":"Luca Giovannetti","Gesch\u00e4tzte Lesezeit":"3\u00a0Minuten"},"schema":{"@context":"https:\/\/schema.org","@graph":[{"@type":"WebPage","@id":"https:\/\/www.rivieradeifiori.it\/de\/was-ist-zu-tun\/villen-in-sanremo\/","url":"https:\/\/www.rivieradeifiori.it\/de\/was-ist-zu-tun\/villen-in-sanremo\/","name":"Villen in Sanremo - Was ist zu tun - Riviera dei Fiori","isPartOf":{"@id":"https:\/\/www.rivieradeifiori.it\/de\/#website"},"primaryImageOfPage":{"@id":"https:\/\/www.rivieradeifiori.it\/de\/was-ist-zu-tun\/villen-in-sanremo\/#primaryimage"},"image":{"@id":"https:\/\/www.rivieradeifiori.it\/de\/was-ist-zu-tun\/villen-in-sanremo\/#primaryimage"},"thumbnailUrl":"https:\/\/www.rivieradeifiori.it\/wp-content\/uploads\/2016\/05\/villaormond2.jpg","datePublished":"2016-05-19T12:13:07+00:00","dateModified":"2022-06-10T13:40:15+00:00","author":{"@id":"https:\/\/www.rivieradeifiori.it\/de\/#\/schema\/person\/6cc4e4ed0d74f08798811653e64f69ed"},"breadcrumb":{"@id":"https:\/\/www.rivieradeifiori.it\/de\/was-ist-zu-tun\/villen-in-sanremo\/#breadcrumb"},"inLanguage":"de","potentialAction":[{"@type":"ReadAction","target":["https:\/\/www.rivieradeifiori.it\/de\/was-ist-zu-tun\/villen-in-sanremo\/"]}]},{"@type":"ImageObject","inLanguage":"de","@id":"https:\/\/www.rivieradeifiori.it\/de\/was-ist-zu-tun\/villen-in-sanremo\/#primaryimage","url":"https:\/\/www.rivieradeifiori.it\/wp-content\/uploads\/2016\/05\/villaormond2.jpg","contentUrl":"https:\/\/www.rivieradeifiori.it\/wp-content\/uploads\/2016\/05\/villaormond2.jpg","width":2752,"height":1835,"caption":"Villa Ormond"},{"@type":"BreadcrumbList","@id":"https:\/\/www.rivieradeifiori.it\/de\/was-ist-zu-tun\/villen-in-sanremo\/#breadcrumb","itemListElement":[{"@type":"ListItem","position":1,"name":"Home","item":"https:\/\/www.rivieradeifiori.it\/de\/"},{"@type":"ListItem","position":2,"name":"Villen in Sanremo"}]},{"@type":"WebSite","@id":"https:\/\/www.rivieradeifiori.it\/de\/#website","url":"https:\/\/www.rivieradeifiori.it\/de\/","name":"Riviera dei Fiori","description":"Un mare di colori","potentialAction":[{"@type":"SearchAction","target":{"@type":"EntryPoint","urlTemplate":"https:\/\/www.rivieradeifiori.it\/de\/?s={search_term_string}"},"query-input":{"@type":"PropertyValueSpecification","valueRequired":true,"valueName":"search_term_string"}}],"inLanguage":"de"},{"@type":"Person","@id":"https:\/\/www.rivieradeifiori.it\/de\/#\/schema\/person\/6cc4e4ed0d74f08798811653e64f69ed","name":"Luca Giovannetti","image":{"@type":"ImageObject","inLanguage":"de","@id":"https:\/\/www.rivieradeifiori.it\/de\/#\/schema\/person\/image\/","url":"https:\/\/secure.gravatar.com\/avatar\/092abda2284c50268e586151e014cf903142e524662c62577231430ea44340cf?s=96&r=g&d=https:\/\/www.rivieradeifiori.it\/wp-content\/plugins\/userswp\/assets\/images\/no_profile.png","contentUrl":"https:\/\/secure.gravatar.com\/avatar\/092abda2284c50268e586151e014cf903142e524662c62577231430ea44340cf?s=96&r=g&d=https:\/\/www.rivieradeifiori.it\/wp-content\/plugins\/userswp\/assets\/images\/no_profile.png","caption":"Luca Giovannetti"}}]}},"_links":{"self":[{"href":"https:\/\/www.rivieradeifiori.it\/de\/wp-json\/wp\/v2\/posts\/1723","targetHints":{"allow":["GET"]}}],"collection":[{"href":"https:\/\/www.rivieradeifiori.it\/de\/wp-json\/wp\/v2\/posts"}],"about":[{"href":"https:\/\/www.rivieradeifiori.it\/de\/wp-json\/wp\/v2\/types\/post"}],"author":[{"embeddable":true,"href":"https:\/\/www.rivieradeifiori.it\/de\/wp-json\/wp\/v2\/users\/1"}],"replies":[{"embeddable":true,"href":"https:\/\/www.rivieradeifiori.it\/de\/wp-json\/wp\/v2\/comments?post=1723"}],"version-history":[{"count":1,"href":"https:\/\/www.rivieradeifiori.it\/de\/wp-json\/wp\/v2\/posts\/1723\/revisions"}],"predecessor-version":[{"id":16050,"href":"https:\/\/www.rivieradeifiori.it\/de\/wp-json\/wp\/v2\/posts\/1723\/revisions\/16050"}],"wp:featuredmedia":[{"embeddable":true,"href":"https:\/\/www.rivieradeifiori.it\/de\/wp-json\/wp\/v2\/media\/1717"}],"wp:attachment":[{"href":"https:\/\/www.rivieradeifiori.it\/de\/wp-json\/wp\/v2\/media?parent=1723"}],"wp:term":[{"taxonomy":"category","embeddable":true,"href":"https:\/\/www.rivieradeifiori.it\/de\/wp-json\/wp\/v2\/categories?post=1723"},{"taxonomy":"post_tag","embeddable":true,"href":"https:\/\/www.rivieradeifiori.it\/de\/wp-json\/wp\/v2\/tags?post=1723"}],"curies":[{"name":"wp","href":"https:\/\/api.w.org\/{rel}","templated":true}]}}