{"id":15278,"date":"2022-06-08T18:11:25","date_gmt":"2022-06-08T16:11:25","guid":{"rendered":"https:\/\/www.rivieradeifiori.it\/senza-categoria-de\/pigna\/"},"modified":"2022-06-10T14:55:33","modified_gmt":"2022-06-10T12:55:33","slug":"pigna","status":"publish","type":"post","link":"https:\/\/www.rivieradeifiori.it\/de\/meer-und-land\/die-taler\/nervia-tal\/pigna\/","title":{"rendered":"Pigna"},"content":{"rendered":"\n<p>Pigna ist bekannt f\u00fcr sein Thermalbad, welches das bekannteste und renommierteste in Ligurien ist. <\/p>\n\n\n\n<p>Die Behandlungen erfolgen mit Schwefelwasser reich an Mineralien und therapeutischen Eigenschaften. <\/p>\n\n\n\n<p>Der Ort liegt am Fu\u00dfe des regionalen Naturparks der Ligurischen Alpen, ganz in der N\u00e4he der Grenze zwischen Frankreich und Piemont. <\/p>\n\n\n\n<p>Eng am H\u00fcgel entlang f\u00fchren die schmalen Gassen bergauf bis zur antiken Loggia della Piazza Vecchia. Von hier aus hat man einen Panoramablick auf das Tal und die Kirche San Michele, mit dem Altarbild aus der Renaissance von Giovanni Canavesio. <\/p>\n\n\n\n<p>Ebenso wie in Badalucco und Conio werden auch hier die kostbaren wei\u00dfen Slow-Food-Bohnen angebaut.<\/p>\n\n\n\n<p><\/p>\n\n\n<div class=\"wp-block-visual-portfolio\">\n<div class=\"vp-portfolio vp-uid-2769f496 vp-id-2o0qzJ\"\n\tdata-vp-layout=\"justified\" data-vp-content-source=\"images\" data-vp-items-style=\"emerge\" data-vp-items-click-action=\"popup_gallery\" data-vp-items-gap=\"5\" data-vp-items-gap-vertical=\"3\" data-vp-pagination=\"load-more\" data-vp-next-page-url=\"\" data-vp-justified-row-height=\"200\" data-vp-justified-row-height-tolerance=\"0.25\" data-vp-justified-max-rows-count=\"0\" data-vp-justified-last-row=\"center\" >\n\t<div class=\"vp-portfolio__preloader-wrap\">\n\t\t<div class=\"vp-portfolio__preloader\">\n\t\t\t<img decoding=\"async\" loading=\"eager\" src=\"https:\/\/www.rivieradeifiori.it\/wp-content\/plugins\/visual-portfolio-pro\/core-plugin\/assets\/images\/logo-dark.svg\" alt=\"Visual Portfolio, Posts &amp; Image Gallery for WordPress\" width=\"20\" height=\"20\" data-skip-lazy>\n\t\t<\/div>\n\t<\/div>\n\t\t<div class=\"vp-portfolio__items-wrap\">\n\t\t\t\n<div class=\"vp-portfolio__items vp-portfolio__items-style-emerge vp-portfolio__items-show-overlay-hover vp-portfolio__items-show-caption-hover\">\n\n\t\t<div\t\tclass=\"vp-portfolio__item-wrap vp-portfolio__item-uid-2ca5dc89\" data-vp-filter=\"\" \t\t>\n\t\t\t<template class=\"vp-portfolio__item-popup\" data-vp-popup-img=\"https:\/\/www.rivieradeifiori.it\/wp-content\/uploads\/2022\/05\/Pigna_veduta.jpg\" data-vp-popup-img-srcset=\"https:\/\/www.rivieradeifiori.it\/wp-content\/uploads\/2022\/05\/Pigna_veduta.jpg 900w, https:\/\/www.rivieradeifiori.it\/wp-content\/uploads\/2022\/05\/Pigna_veduta-300x167.jpg 300w, https:\/\/www.rivieradeifiori.it\/wp-content\/uploads\/2022\/05\/Pigna_veduta-500x278.jpg 500w, https:\/\/www.rivieradeifiori.it\/wp-content\/uploads\/2022\/05\/Pigna_veduta-800x444.jpg 800w, https:\/\/www.rivieradeifiori.it\/wp-content\/uploads\/2022\/05\/Pigna_veduta-150x83.jpg 150w\" data-vp-popup-img-size=\"900x500\" data-vp-popup-md-img=\"https:\/\/www.rivieradeifiori.it\/wp-content\/uploads\/2022\/05\/Pigna_veduta-800x444.jpg\" data-vp-popup-md-img-size=\"800x444\" data-vp-popup-sm-img=\"https:\/\/www.rivieradeifiori.it\/wp-content\/uploads\/2022\/05\/Pigna_veduta-500x278.jpg\" data-vp-popup-sm-img-size=\"500x278\">\n\t\t\t<h3 class=\"vp-portfolio__item-popup-title\">Vista di Pigna \u00a9Alessandro Vecchi | Wikipedia<\/h3>\n\t\t<\/template>\n\t\t\t\t\t\t<figure class=\"vp-portfolio__item\">\n\t\t\t\t\n<div class=\"vp-portfolio__item-img-wrap\">\n\t<div class=\"vp-portfolio__item-img\">\n\t\t\t<a\n\t\thref=\"https:\/\/www.rivieradeifiori.it\/wp-content\/uploads\/2022\/05\/Pigna_veduta.jpg\"\n\t\t\t>\n\t\n\t\t<noscript><img decoding=\"async\" width=\"900\" height=\"500\" data-skip-lazy src=\"https:\/\/www.rivieradeifiori.it\/wp-content\/uploads\/2022\/05\/Pigna_veduta.jpg\" class=\"wp-image-11778\" alt=\"\" srcset=\"https:\/\/www.rivieradeifiori.it\/wp-content\/uploads\/2022\/05\/Pigna_veduta.jpg 900w, https:\/\/www.rivieradeifiori.it\/wp-content\/uploads\/2022\/05\/Pigna_veduta-300x167.jpg 300w, https:\/\/www.rivieradeifiori.it\/wp-content\/uploads\/2022\/05\/Pigna_veduta-500x278.jpg 500w, https:\/\/www.rivieradeifiori.it\/wp-content\/uploads\/2022\/05\/Pigna_veduta-800x444.jpg 800w, https:\/\/www.rivieradeifiori.it\/wp-content\/uploads\/2022\/05\/Pigna_veduta-150x83.jpg 150w\" sizes=\"(max-width: 900px) 100vw, 900px\" \/><\/noscript><img fetchpriority=\"high\" decoding=\"async\" width=\"900\" height=\"500\" src=\"https:\/\/www.rivieradeifiori.it\/wp-content\/uploads\/2022\/05\/Pigna_veduta.jpg\" class=\"wp-image-11778 vp-lazyload\" alt srcset=\"data:image\/svg+xml;base64,PHN2ZyB3aWR0aD0iOTAwIiBoZWlnaHQ9IjUwMCIgdmlld0JveD0iMCAwIDkwMCA1MDAiIGZpbGw9Im5vbmUiIHhtbG5zPSJodHRwOi8vd3d3LnczLm9yZy8yMDAwL3N2ZyI+PC9zdmc+\" data-src=\"https:\/\/www.rivieradeifiori.it\/wp-content\/uploads\/2022\/05\/Pigna_veduta.jpg\" data-srcset=\"https:\/\/www.rivieradeifiori.it\/wp-content\/uploads\/2022\/05\/Pigna_veduta.jpg 900w, https:\/\/www.rivieradeifiori.it\/wp-content\/uploads\/2022\/05\/Pigna_veduta-300x167.jpg 300w, https:\/\/www.rivieradeifiori.it\/wp-content\/uploads\/2022\/05\/Pigna_veduta-500x278.jpg 500w, https:\/\/www.rivieradeifiori.it\/wp-content\/uploads\/2022\/05\/Pigna_veduta-800x444.jpg 800w, https:\/\/www.rivieradeifiori.it\/wp-content\/uploads\/2022\/05\/Pigna_veduta-150x83.jpg 150w\" data-sizes=\"auto\" loading=\"eager\">\n\t\t<div class=\"vp-portfolio__item-overlay\"><\/div>\n\n\t\t<\/a>\t<\/div>\n<\/div>\n\n\t<figcaption class=\"vp-portfolio__item-caption vp-portfolio__item-caption-text-align-center\">\n\t\t<div class=\"vp-portfolio__item-meta-wrap vp-portfolio__custom-scrollbar\">\n\t\t\t<div class=\"vp-portfolio__item-meta\">\n\t\t\t\t\n<h2 class=\"vp-portfolio__item-meta-title\">\n\t\t<a\n\t\thref=\"https:\/\/www.rivieradeifiori.it\/wp-content\/uploads\/2022\/05\/Pigna_veduta.jpg\"\n\t\t\t>\n\tVista di Pigna \u00a9Alessandro Vecchi | Wikipedia<\/a><\/h2>\n\t\t\t<\/div>\n\t\t<\/div>\n\t<\/figcaption>\n\t\t\t<\/figure>\n\t\t\t\t\t<\/div>\n\t\t\n\t\t<div\t\tclass=\"vp-portfolio__item-wrap vp-portfolio__item-uid-702bd6a4\" data-vp-filter=\"\" \t\t>\n\t\t\t<template class=\"vp-portfolio__item-popup\" data-vp-popup-img=\"https:\/\/www.rivieradeifiori.it\/wp-content\/uploads\/2022\/05\/Pigna_IM-IMG_0188.jpg\" data-vp-popup-img-srcset=\"https:\/\/www.rivieradeifiori.it\/wp-content\/uploads\/2022\/05\/Pigna_IM-IMG_0188.jpg 1920w, https:\/\/www.rivieradeifiori.it\/wp-content\/uploads\/2022\/05\/Pigna_IM-IMG_0188-225x300.jpg 225w, https:\/\/www.rivieradeifiori.it\/wp-content\/uploads\/2022\/05\/Pigna_IM-IMG_0188-953x1270.jpg 953w, https:\/\/www.rivieradeifiori.it\/wp-content\/uploads\/2022\/05\/Pigna_IM-IMG_0188-1152x1536.jpg 1152w, https:\/\/www.rivieradeifiori.it\/wp-content\/uploads\/2022\/05\/Pigna_IM-IMG_0188-1536x2048.jpg 1536w, https:\/\/www.rivieradeifiori.it\/wp-content\/uploads\/2022\/05\/Pigna_IM-IMG_0188-500x667.jpg 500w, https:\/\/www.rivieradeifiori.it\/wp-content\/uploads\/2022\/05\/Pigna_IM-IMG_0188-800x1067.jpg 800w, https:\/\/www.rivieradeifiori.it\/wp-content\/uploads\/2022\/05\/Pigna_IM-IMG_0188-1280x1707.jpg 1280w, https:\/\/www.rivieradeifiori.it\/wp-content\/uploads\/2022\/05\/Pigna_IM-IMG_0188-1080x1440.jpg 1080w, https:\/\/www.rivieradeifiori.it\/wp-content\/uploads\/2022\/05\/Pigna_IM-IMG_0188-150x200.jpg 150w, https:\/\/www.rivieradeifiori.it\/wp-content\/uploads\/2022\/05\/Pigna_IM-IMG_0188-375x500.jpg 375w\" data-vp-popup-img-size=\"1920x2560\" data-vp-popup-md-img=\"https:\/\/www.rivieradeifiori.it\/wp-content\/uploads\/2022\/05\/Pigna_IM-IMG_0188-800x1067.jpg\" data-vp-popup-md-img-size=\"800x1067\" data-vp-popup-sm-img=\"https:\/\/www.rivieradeifiori.it\/wp-content\/uploads\/2022\/05\/Pigna_IM-IMG_0188-500x667.jpg\" data-vp-popup-sm-img-size=\"500x667\">\n\t\t\t<h3 class=\"vp-portfolio__item-popup-title\">Chiesa di San Michele Arcangelo &#8211; Pigna \u00a9Davide Papalini | Wikipedia<\/h3>\n\t\t<\/template>\n\t\t\t\t\t\t<figure class=\"vp-portfolio__item\">\n\t\t\t\t\n<div class=\"vp-portfolio__item-img-wrap\">\n\t<div class=\"vp-portfolio__item-img\">\n\t\t\t<a\n\t\thref=\"https:\/\/www.rivieradeifiori.it\/wp-content\/uploads\/2022\/05\/Pigna_IM-IMG_0188.jpg\"\n\t\t\t>\n\t\n\t\t<noscript><img decoding=\"async\" width=\"1920\" height=\"2560\" data-skip-lazy src=\"https:\/\/www.rivieradeifiori.it\/wp-content\/uploads\/2022\/05\/Pigna_IM-IMG_0188.jpg\" class=\"wp-image-11773\" alt=\"\" srcset=\"https:\/\/www.rivieradeifiori.it\/wp-content\/uploads\/2022\/05\/Pigna_IM-IMG_0188.jpg 1920w, https:\/\/www.rivieradeifiori.it\/wp-content\/uploads\/2022\/05\/Pigna_IM-IMG_0188-225x300.jpg 225w, https:\/\/www.rivieradeifiori.it\/wp-content\/uploads\/2022\/05\/Pigna_IM-IMG_0188-953x1270.jpg 953w, https:\/\/www.rivieradeifiori.it\/wp-content\/uploads\/2022\/05\/Pigna_IM-IMG_0188-1152x1536.jpg 1152w, https:\/\/www.rivieradeifiori.it\/wp-content\/uploads\/2022\/05\/Pigna_IM-IMG_0188-1536x2048.jpg 1536w, https:\/\/www.rivieradeifiori.it\/wp-content\/uploads\/2022\/05\/Pigna_IM-IMG_0188-500x667.jpg 500w, https:\/\/www.rivieradeifiori.it\/wp-content\/uploads\/2022\/05\/Pigna_IM-IMG_0188-800x1067.jpg 800w, https:\/\/www.rivieradeifiori.it\/wp-content\/uploads\/2022\/05\/Pigna_IM-IMG_0188-1280x1707.jpg 1280w, https:\/\/www.rivieradeifiori.it\/wp-content\/uploads\/2022\/05\/Pigna_IM-IMG_0188-1080x1440.jpg 1080w, https:\/\/www.rivieradeifiori.it\/wp-content\/uploads\/2022\/05\/Pigna_IM-IMG_0188-150x200.jpg 150w, https:\/\/www.rivieradeifiori.it\/wp-content\/uploads\/2022\/05\/Pigna_IM-IMG_0188-375x500.jpg 375w\" sizes=\"(max-width: 1920px) 100vw, 1920px\" \/><\/noscript><img decoding=\"async\" width=\"1920\" height=\"2560\" src=\"https:\/\/www.rivieradeifiori.it\/wp-content\/uploads\/2022\/05\/Pigna_IM-IMG_0188.jpg\" class=\"wp-image-11773 vp-lazyload\" alt srcset=\"data:image\/svg+xml;base64,PHN2ZyB3aWR0aD0iMTkyMCIgaGVpZ2h0PSIyNTYwIiB2aWV3Qm94PSIwIDAgMTkyMCAyNTYwIiBmaWxsPSJub25lIiB4bWxucz0iaHR0cDovL3d3dy53My5vcmcvMjAwMC9zdmciPjwvc3ZnPg==\" data-src=\"https:\/\/www.rivieradeifiori.it\/wp-content\/uploads\/2022\/05\/Pigna_IM-IMG_0188.jpg\" data-srcset=\"https:\/\/www.rivieradeifiori.it\/wp-content\/uploads\/2022\/05\/Pigna_IM-IMG_0188.jpg 1920w, https:\/\/www.rivieradeifiori.it\/wp-content\/uploads\/2022\/05\/Pigna_IM-IMG_0188-225x300.jpg 225w, https:\/\/www.rivieradeifiori.it\/wp-content\/uploads\/2022\/05\/Pigna_IM-IMG_0188-953x1270.jpg 953w, https:\/\/www.rivieradeifiori.it\/wp-content\/uploads\/2022\/05\/Pigna_IM-IMG_0188-1152x1536.jpg 1152w, https:\/\/www.rivieradeifiori.it\/wp-content\/uploads\/2022\/05\/Pigna_IM-IMG_0188-1536x2048.jpg 1536w, https:\/\/www.rivieradeifiori.it\/wp-content\/uploads\/2022\/05\/Pigna_IM-IMG_0188-500x667.jpg 500w, https:\/\/www.rivieradeifiori.it\/wp-content\/uploads\/2022\/05\/Pigna_IM-IMG_0188-800x1067.jpg 800w, https:\/\/www.rivieradeifiori.it\/wp-content\/uploads\/2022\/05\/Pigna_IM-IMG_0188-1280x1707.jpg 1280w, https:\/\/www.rivieradeifiori.it\/wp-content\/uploads\/2022\/05\/Pigna_IM-IMG_0188-1080x1440.jpg 1080w, https:\/\/www.rivieradeifiori.it\/wp-content\/uploads\/2022\/05\/Pigna_IM-IMG_0188-150x200.jpg 150w, https:\/\/www.rivieradeifiori.it\/wp-content\/uploads\/2022\/05\/Pigna_IM-IMG_0188-375x500.jpg 375w\" data-sizes=\"auto\" loading=\"eager\">\n\t\t<div class=\"vp-portfolio__item-overlay\"><\/div>\n\n\t\t<\/a>\t<\/div>\n<\/div>\n\n\t<figcaption class=\"vp-portfolio__item-caption vp-portfolio__item-caption-text-align-center\">\n\t\t<div class=\"vp-portfolio__item-meta-wrap vp-portfolio__custom-scrollbar\">\n\t\t\t<div class=\"vp-portfolio__item-meta\">\n\t\t\t\t\n<h2 class=\"vp-portfolio__item-meta-title\">\n\t\t<a\n\t\thref=\"https:\/\/www.rivieradeifiori.it\/wp-content\/uploads\/2022\/05\/Pigna_IM-IMG_0188.jpg\"\n\t\t\t>\n\tChiesa di San Michele Arcangelo &#8211; Pigna \u00a9Davide Papalini | Wikipedia<\/a><\/h2>\n\t\t\t<\/div>\n\t\t<\/div>\n\t<\/figcaption>\n\t\t\t<\/figure>\n\t\t\t\t\t<\/div>\n\t\t\n\t\t<div\t\tclass=\"vp-portfolio__item-wrap vp-portfolio__item-uid-92d3610e\" data-vp-filter=\"\" \t\t>\n\t\t\t<template class=\"vp-portfolio__item-popup\" data-vp-popup-img=\"https:\/\/www.rivieradeifiori.it\/wp-content\/uploads\/2022\/05\/Monte_Toraggio-1920x767.jpg\" data-vp-popup-img-srcset=\"https:\/\/www.rivieradeifiori.it\/wp-content\/uploads\/2022\/05\/Monte_Toraggio-1920x767.jpg 1920w, https:\/\/www.rivieradeifiori.it\/wp-content\/uploads\/2022\/05\/Monte_Toraggio-300x120.jpg 300w, https:\/\/www.rivieradeifiori.it\/wp-content\/uploads\/2022\/05\/Monte_Toraggio-1270x507.jpg 1270w, https:\/\/www.rivieradeifiori.it\/wp-content\/uploads\/2022\/05\/Monte_Toraggio-1536x614.jpg 1536w, https:\/\/www.rivieradeifiori.it\/wp-content\/uploads\/2022\/05\/Monte_Toraggio-2048x818.jpg 2048w, https:\/\/www.rivieradeifiori.it\/wp-content\/uploads\/2022\/05\/Monte_Toraggio-500x200.jpg 500w, https:\/\/www.rivieradeifiori.it\/wp-content\/uploads\/2022\/05\/Monte_Toraggio-800x320.jpg 800w, https:\/\/www.rivieradeifiori.it\/wp-content\/uploads\/2022\/05\/Monte_Toraggio-1280x511.jpg 1280w, https:\/\/www.rivieradeifiori.it\/wp-content\/uploads\/2022\/05\/Monte_Toraggio-1080x432.jpg 1080w, https:\/\/www.rivieradeifiori.it\/wp-content\/uploads\/2022\/05\/Monte_Toraggio-150x60.jpg 150w\" data-vp-popup-img-size=\"1920x767\" data-vp-popup-md-img=\"https:\/\/www.rivieradeifiori.it\/wp-content\/uploads\/2022\/05\/Monte_Toraggio-800x320.jpg\" data-vp-popup-md-img-size=\"800x320\" data-vp-popup-sm-img=\"https:\/\/www.rivieradeifiori.it\/wp-content\/uploads\/2022\/05\/Monte_Toraggio-500x200.jpg\" data-vp-popup-sm-img-size=\"500x200\">\n\t\t\t<h3 class=\"vp-portfolio__item-popup-title\">Monte Toraggio \u00a9Uphili | Wikipedia<\/h3>\n\t\t<\/template>\n\t\t\t\t\t\t<figure class=\"vp-portfolio__item\">\n\t\t\t\t\n<div class=\"vp-portfolio__item-img-wrap\">\n\t<div class=\"vp-portfolio__item-img\">\n\t\t\t<a\n\t\thref=\"https:\/\/www.rivieradeifiori.it\/wp-content\/uploads\/2022\/05\/Monte_Toraggio-1920x767.jpg\"\n\t\t\t>\n\t\n\t\t<noscript><img decoding=\"async\" width=\"1920\" height=\"767\" data-skip-lazy src=\"https:\/\/www.rivieradeifiori.it\/wp-content\/uploads\/2022\/05\/Monte_Toraggio-1920x767.jpg\" class=\"wp-image-11733\" alt=\"\" srcset=\"https:\/\/www.rivieradeifiori.it\/wp-content\/uploads\/2022\/05\/Monte_Toraggio-1920x767.jpg 1920w, https:\/\/www.rivieradeifiori.it\/wp-content\/uploads\/2022\/05\/Monte_Toraggio-300x120.jpg 300w, https:\/\/www.rivieradeifiori.it\/wp-content\/uploads\/2022\/05\/Monte_Toraggio-1270x507.jpg 1270w, https:\/\/www.rivieradeifiori.it\/wp-content\/uploads\/2022\/05\/Monte_Toraggio-1536x614.jpg 1536w, https:\/\/www.rivieradeifiori.it\/wp-content\/uploads\/2022\/05\/Monte_Toraggio-2048x818.jpg 2048w, https:\/\/www.rivieradeifiori.it\/wp-content\/uploads\/2022\/05\/Monte_Toraggio-500x200.jpg 500w, https:\/\/www.rivieradeifiori.it\/wp-content\/uploads\/2022\/05\/Monte_Toraggio-800x320.jpg 800w, https:\/\/www.rivieradeifiori.it\/wp-content\/uploads\/2022\/05\/Monte_Toraggio-1280x511.jpg 1280w, https:\/\/www.rivieradeifiori.it\/wp-content\/uploads\/2022\/05\/Monte_Toraggio-1080x432.jpg 1080w, https:\/\/www.rivieradeifiori.it\/wp-content\/uploads\/2022\/05\/Monte_Toraggio-150x60.jpg 150w\" sizes=\"(max-width: 1920px) 100vw, 1920px\" \/><\/noscript><img decoding=\"async\" width=\"1920\" height=\"767\" src=\"https:\/\/www.rivieradeifiori.it\/wp-content\/uploads\/2022\/05\/Monte_Toraggio-1920x767.jpg\" class=\"wp-image-11733 vp-lazyload\" alt srcset=\"data:image\/svg+xml;base64,PHN2ZyB3aWR0aD0iMTkyMCIgaGVpZ2h0PSI3NjciIHZpZXdCb3g9IjAgMCAxOTIwIDc2NyIgZmlsbD0ibm9uZSIgeG1sbnM9Imh0dHA6Ly93d3cudzMub3JnLzIwMDAvc3ZnIj48L3N2Zz4=\" data-src=\"https:\/\/www.rivieradeifiori.it\/wp-content\/uploads\/2022\/05\/Monte_Toraggio-1920x767.jpg\" data-srcset=\"https:\/\/www.rivieradeifiori.it\/wp-content\/uploads\/2022\/05\/Monte_Toraggio-1920x767.jpg 1920w, https:\/\/www.rivieradeifiori.it\/wp-content\/uploads\/2022\/05\/Monte_Toraggio-300x120.jpg 300w, https:\/\/www.rivieradeifiori.it\/wp-content\/uploads\/2022\/05\/Monte_Toraggio-1270x507.jpg 1270w, https:\/\/www.rivieradeifiori.it\/wp-content\/uploads\/2022\/05\/Monte_Toraggio-1536x614.jpg 1536w, https:\/\/www.rivieradeifiori.it\/wp-content\/uploads\/2022\/05\/Monte_Toraggio-2048x818.jpg 2048w, https:\/\/www.rivieradeifiori.it\/wp-content\/uploads\/2022\/05\/Monte_Toraggio-500x200.jpg 500w, https:\/\/www.rivieradeifiori.it\/wp-content\/uploads\/2022\/05\/Monte_Toraggio-800x320.jpg 800w, https:\/\/www.rivieradeifiori.it\/wp-content\/uploads\/2022\/05\/Monte_Toraggio-1280x511.jpg 1280w, https:\/\/www.rivieradeifiori.it\/wp-content\/uploads\/2022\/05\/Monte_Toraggio-1080x432.jpg 1080w, https:\/\/www.rivieradeifiori.it\/wp-content\/uploads\/2022\/05\/Monte_Toraggio-150x60.jpg 150w\" data-sizes=\"auto\" loading=\"eager\">\n\t\t<div class=\"vp-portfolio__item-overlay\"><\/div>\n\n\t\t<\/a>\t<\/div>\n<\/div>\n\n\t<figcaption class=\"vp-portfolio__item-caption vp-portfolio__item-caption-text-align-center\">\n\t\t<div class=\"vp-portfolio__item-meta-wrap vp-portfolio__custom-scrollbar\">\n\t\t\t<div class=\"vp-portfolio__item-meta\">\n\t\t\t\t\n<h2 class=\"vp-portfolio__item-meta-title\">\n\t\t<a\n\t\thref=\"https:\/\/www.rivieradeifiori.it\/wp-content\/uploads\/2022\/05\/Monte_Toraggio-1920x767.jpg\"\n\t\t\t>\n\tMonte Toraggio \u00a9Uphili | Wikipedia<\/a><\/h2>\n\t\t\t<\/div>\n\t\t<\/div>\n\t<\/figcaption>\n\t\t\t<\/figure>\n\t\t\t\t\t<\/div>\n\t\t\n<\/div>\n\t\t<\/div>\n\t\t\n<\/div>\n<\/div>","protected":false},"excerpt":{"rendered":"<p>Pigna ist bekannt f\u00fcr sein Thermalbad, welches das bekannteste und renommierteste in Ligurien ist. Die Behandlungen erfolgen mit Schwefelwasser reich an Mineralien und therapeutischen Eigenschaften. Der Ort liegt am Fu\u00dfe des regionalen Naturparks der Ligurischen Alpen, ganz in der N\u00e4he der Grenze zwischen Frankreich und Piemont. Eng am H\u00fcgel entlang f\u00fchren die schmalen Gassen bergauf [&hellip;]<\/p>\n","protected":false},"author":1,"featured_media":12359,"comment_status":"closed","ping_status":"open","sticky":false,"template":"","format":"standard","meta":{"_et_pb_use_builder":"off","_et_pb_old_content":"","_et_gb_content_width":"","_eb_attr":"","_vp_format_video_url":"","_vp_image_focal_point":[],"_vp_custom_popup_image":0,"_vp_format_audio_url":"","_vp_custom_thumbnail":0,"_vp_custom_thumbnail_focal_point":[],"_vp_hover_thumbnail":0,"_vp_hover_thumbnail_focal_point":[],"footnotes":""},"categories":[948],"tags":[1348,1361],"class_list":["post-15278","post","type-post","status-publish","format-standard","has-post-thumbnail","hentry","category-nervia-tal","tag-nervia-tal","tag-pigna-de","et-has-post-format-content","et_post_format-et-post-format-standard"],"yoast_head":"<!-- This site is optimized with the Yoast SEO plugin v25.7 - https:\/\/yoast.com\/wordpress\/plugins\/seo\/ -->\n<title>Pigna - Nervia Tal - Riviera dei Fiori<\/title>\n<meta name=\"robots\" content=\"index, follow, max-snippet:-1, max-image-preview:large, max-video-preview:-1\" \/>\n<link rel=\"canonical\" href=\"https:\/\/www.rivieradeifiori.it\/de\/meer-und-land\/die-taler\/nervia-tal\/pigna\/\" \/>\n<meta name=\"twitter:label1\" content=\"Verfasst von\" \/>\n\t<meta name=\"twitter:data1\" content=\"Luca Giovannetti\" \/>\n\t<meta name=\"twitter:label2\" content=\"Gesch\u00e4tzte Lesezeit\" \/>\n\t<meta name=\"twitter:data2\" content=\"1\u00a0Minute\" \/>\n<script type=\"application\/ld+json\" class=\"yoast-schema-graph\">{\"@context\":\"https:\/\/schema.org\",\"@graph\":[{\"@type\":\"WebPage\",\"@id\":\"https:\/\/www.rivieradeifiori.it\/de\/meer-und-land\/die-taler\/nervia-tal\/pigna\/\",\"url\":\"https:\/\/www.rivieradeifiori.it\/de\/meer-und-land\/die-taler\/nervia-tal\/pigna\/\",\"name\":\"Pigna - Nervia Tal - Riviera dei Fiori\",\"isPartOf\":{\"@id\":\"https:\/\/www.rivieradeifiori.it\/de\/#website\"},\"primaryImageOfPage\":{\"@id\":\"https:\/\/www.rivieradeifiori.it\/de\/meer-und-land\/die-taler\/nervia-tal\/pigna\/#primaryimage\"},\"image\":{\"@id\":\"https:\/\/www.rivieradeifiori.it\/de\/meer-und-land\/die-taler\/nervia-tal\/pigna\/#primaryimage\"},\"thumbnailUrl\":\"https:\/\/www.rivieradeifiori.it\/wp-content\/uploads\/2022\/05\/Pigna_veduta.jpg\",\"datePublished\":\"2022-06-08T16:11:25+00:00\",\"dateModified\":\"2022-06-10T12:55:33+00:00\",\"author\":{\"@id\":\"https:\/\/www.rivieradeifiori.it\/de\/#\/schema\/person\/6cc4e4ed0d74f08798811653e64f69ed\"},\"breadcrumb\":{\"@id\":\"https:\/\/www.rivieradeifiori.it\/de\/meer-und-land\/die-taler\/nervia-tal\/pigna\/#breadcrumb\"},\"inLanguage\":\"de\",\"potentialAction\":[{\"@type\":\"ReadAction\",\"target\":[\"https:\/\/www.rivieradeifiori.it\/de\/meer-und-land\/die-taler\/nervia-tal\/pigna\/\"]}]},{\"@type\":\"ImageObject\",\"inLanguage\":\"de\",\"@id\":\"https:\/\/www.rivieradeifiori.it\/de\/meer-und-land\/die-taler\/nervia-tal\/pigna\/#primaryimage\",\"url\":\"https:\/\/www.rivieradeifiori.it\/wp-content\/uploads\/2022\/05\/Pigna_veduta.jpg\",\"contentUrl\":\"https:\/\/www.rivieradeifiori.it\/wp-content\/uploads\/2022\/05\/Pigna_veduta.jpg\",\"width\":900,\"height\":500,\"caption\":\"Vista di Pigna \u00a9Alessandro Vecchi | Wikipedia\"},{\"@type\":\"BreadcrumbList\",\"@id\":\"https:\/\/www.rivieradeifiori.it\/de\/meer-und-land\/die-taler\/nervia-tal\/pigna\/#breadcrumb\",\"itemListElement\":[{\"@type\":\"ListItem\",\"position\":1,\"name\":\"Home\",\"item\":\"https:\/\/www.rivieradeifiori.it\/de\/\"},{\"@type\":\"ListItem\",\"position\":2,\"name\":\"Pigna\"}]},{\"@type\":\"WebSite\",\"@id\":\"https:\/\/www.rivieradeifiori.it\/de\/#website\",\"url\":\"https:\/\/www.rivieradeifiori.it\/de\/\",\"name\":\"Riviera dei Fiori\",\"description\":\"Un mare di colori\",\"potentialAction\":[{\"@type\":\"SearchAction\",\"target\":{\"@type\":\"EntryPoint\",\"urlTemplate\":\"https:\/\/www.rivieradeifiori.it\/de\/?s={search_term_string}\"},\"query-input\":{\"@type\":\"PropertyValueSpecification\",\"valueRequired\":true,\"valueName\":\"search_term_string\"}}],\"inLanguage\":\"de\"},{\"@type\":\"Person\",\"@id\":\"https:\/\/www.rivieradeifiori.it\/de\/#\/schema\/person\/6cc4e4ed0d74f08798811653e64f69ed\",\"name\":\"Luca Giovannetti\",\"image\":{\"@type\":\"ImageObject\",\"inLanguage\":\"de\",\"@id\":\"https:\/\/www.rivieradeifiori.it\/de\/#\/schema\/person\/image\/\",\"url\":\"https:\/\/secure.gravatar.com\/avatar\/092abda2284c50268e586151e014cf903142e524662c62577231430ea44340cf?s=96&r=g&d=https:\/\/www.rivieradeifiori.it\/wp-content\/plugins\/userswp\/assets\/images\/no_profile.png\",\"contentUrl\":\"https:\/\/secure.gravatar.com\/avatar\/092abda2284c50268e586151e014cf903142e524662c62577231430ea44340cf?s=96&r=g&d=https:\/\/www.rivieradeifiori.it\/wp-content\/plugins\/userswp\/assets\/images\/no_profile.png\",\"caption\":\"Luca Giovannetti\"}}]}<\/script>\n<!-- \/ Yoast SEO plugin. -->","yoast_head_json":{"title":"Pigna - Nervia Tal - Riviera dei Fiori","robots":{"index":"index","follow":"follow","max-snippet":"max-snippet:-1","max-image-preview":"max-image-preview:large","max-video-preview":"max-video-preview:-1"},"canonical":"https:\/\/www.rivieradeifiori.it\/de\/meer-und-land\/die-taler\/nervia-tal\/pigna\/","twitter_misc":{"Verfasst von":"Luca Giovannetti","Gesch\u00e4tzte Lesezeit":"1\u00a0Minute"},"schema":{"@context":"https:\/\/schema.org","@graph":[{"@type":"WebPage","@id":"https:\/\/www.rivieradeifiori.it\/de\/meer-und-land\/die-taler\/nervia-tal\/pigna\/","url":"https:\/\/www.rivieradeifiori.it\/de\/meer-und-land\/die-taler\/nervia-tal\/pigna\/","name":"Pigna - Nervia Tal - Riviera dei Fiori","isPartOf":{"@id":"https:\/\/www.rivieradeifiori.it\/de\/#website"},"primaryImageOfPage":{"@id":"https:\/\/www.rivieradeifiori.it\/de\/meer-und-land\/die-taler\/nervia-tal\/pigna\/#primaryimage"},"image":{"@id":"https:\/\/www.rivieradeifiori.it\/de\/meer-und-land\/die-taler\/nervia-tal\/pigna\/#primaryimage"},"thumbnailUrl":"https:\/\/www.rivieradeifiori.it\/wp-content\/uploads\/2022\/05\/Pigna_veduta.jpg","datePublished":"2022-06-08T16:11:25+00:00","dateModified":"2022-06-10T12:55:33+00:00","author":{"@id":"https:\/\/www.rivieradeifiori.it\/de\/#\/schema\/person\/6cc4e4ed0d74f08798811653e64f69ed"},"breadcrumb":{"@id":"https:\/\/www.rivieradeifiori.it\/de\/meer-und-land\/die-taler\/nervia-tal\/pigna\/#breadcrumb"},"inLanguage":"de","potentialAction":[{"@type":"ReadAction","target":["https:\/\/www.rivieradeifiori.it\/de\/meer-und-land\/die-taler\/nervia-tal\/pigna\/"]}]},{"@type":"ImageObject","inLanguage":"de","@id":"https:\/\/www.rivieradeifiori.it\/de\/meer-und-land\/die-taler\/nervia-tal\/pigna\/#primaryimage","url":"https:\/\/www.rivieradeifiori.it\/wp-content\/uploads\/2022\/05\/Pigna_veduta.jpg","contentUrl":"https:\/\/www.rivieradeifiori.it\/wp-content\/uploads\/2022\/05\/Pigna_veduta.jpg","width":900,"height":500,"caption":"Vista di Pigna \u00a9Alessandro Vecchi | Wikipedia"},{"@type":"BreadcrumbList","@id":"https:\/\/www.rivieradeifiori.it\/de\/meer-und-land\/die-taler\/nervia-tal\/pigna\/#breadcrumb","itemListElement":[{"@type":"ListItem","position":1,"name":"Home","item":"https:\/\/www.rivieradeifiori.it\/de\/"},{"@type":"ListItem","position":2,"name":"Pigna"}]},{"@type":"WebSite","@id":"https:\/\/www.rivieradeifiori.it\/de\/#website","url":"https:\/\/www.rivieradeifiori.it\/de\/","name":"Riviera dei Fiori","description":"Un mare di colori","potentialAction":[{"@type":"SearchAction","target":{"@type":"EntryPoint","urlTemplate":"https:\/\/www.rivieradeifiori.it\/de\/?s={search_term_string}"},"query-input":{"@type":"PropertyValueSpecification","valueRequired":true,"valueName":"search_term_string"}}],"inLanguage":"de"},{"@type":"Person","@id":"https:\/\/www.rivieradeifiori.it\/de\/#\/schema\/person\/6cc4e4ed0d74f08798811653e64f69ed","name":"Luca Giovannetti","image":{"@type":"ImageObject","inLanguage":"de","@id":"https:\/\/www.rivieradeifiori.it\/de\/#\/schema\/person\/image\/","url":"https:\/\/secure.gravatar.com\/avatar\/092abda2284c50268e586151e014cf903142e524662c62577231430ea44340cf?s=96&r=g&d=https:\/\/www.rivieradeifiori.it\/wp-content\/plugins\/userswp\/assets\/images\/no_profile.png","contentUrl":"https:\/\/secure.gravatar.com\/avatar\/092abda2284c50268e586151e014cf903142e524662c62577231430ea44340cf?s=96&r=g&d=https:\/\/www.rivieradeifiori.it\/wp-content\/plugins\/userswp\/assets\/images\/no_profile.png","caption":"Luca Giovannetti"}}]}},"_links":{"self":[{"href":"https:\/\/www.rivieradeifiori.it\/de\/wp-json\/wp\/v2\/posts\/15278","targetHints":{"allow":["GET"]}}],"collection":[{"href":"https:\/\/www.rivieradeifiori.it\/de\/wp-json\/wp\/v2\/posts"}],"about":[{"href":"https:\/\/www.rivieradeifiori.it\/de\/wp-json\/wp\/v2\/types\/post"}],"author":[{"embeddable":true,"href":"https:\/\/www.rivieradeifiori.it\/de\/wp-json\/wp\/v2\/users\/1"}],"replies":[{"embeddable":true,"href":"https:\/\/www.rivieradeifiori.it\/de\/wp-json\/wp\/v2\/comments?post=15278"}],"version-history":[{"count":1,"href":"https:\/\/www.rivieradeifiori.it\/de\/wp-json\/wp\/v2\/posts\/15278\/revisions"}],"predecessor-version":[{"id":15282,"href":"https:\/\/www.rivieradeifiori.it\/de\/wp-json\/wp\/v2\/posts\/15278\/revisions\/15282"}],"wp:featuredmedia":[{"embeddable":true,"href":"https:\/\/www.rivieradeifiori.it\/de\/wp-json\/wp\/v2\/media\/12359"}],"wp:attachment":[{"href":"https:\/\/www.rivieradeifiori.it\/de\/wp-json\/wp\/v2\/media?parent=15278"}],"wp:term":[{"taxonomy":"category","embeddable":true,"href":"https:\/\/www.rivieradeifiori.it\/de\/wp-json\/wp\/v2\/categories?post=15278"},{"taxonomy":"post_tag","embeddable":true,"href":"https:\/\/www.rivieradeifiori.it\/de\/wp-json\/wp\/v2\/tags?post=15278"}],"curies":[{"name":"wp","href":"https:\/\/api.w.org\/{rel}","templated":true}]}}