{"id":15173,"date":"2022-06-08T17:10:46","date_gmt":"2022-06-08T15:10:46","guid":{"rendered":"https:\/\/www.rivieradeifiori.it\/senza-categoria-de\/lingueglietta\/"},"modified":"2022-06-10T14:56:38","modified_gmt":"2022-06-10T12:56:38","slug":"lingueglietta","status":"publish","type":"post","link":"https:\/\/www.rivieradeifiori.it\/de\/meer-und-land\/die-taler\/san-lorenzo-tal\/lingueglietta\/","title":{"rendered":"Lingueglietta"},"content":{"rendered":"\n<p>Gleich hinter Cipressa in Richtung San Lorenzo al Mare liegt das bezaubernde Dorf Lingueglietta. <\/p>\n\n\n\n<p>Rote D\u00e4cher und Panorama-Landschaften pr\u00e4gen die Gegend. Die engen Gassen steigen zwischen Gew\u00f6lbeg\u00e4ngen, Rampen und \u00fcberdachten Passagen bis hin zur Wehrkirche San Pietro an. Die Verteidigungs- und Glaubensst\u00e4tte aus dem 13.Jhd. verteidigte die Bev\u00f6lkerung gegen die Ankunft der Piraten und wurde zu deren Schutzunterkunft. <\/p>\n\n\n\n<p>Den Namen erhielt das Dorf von den Grafen von Lengueglia, die Lingueglietta seitens der Republik Genua f\u00fcr mehr als sieben Jahrhunderte regierten.<\/p>\n\n\n\n<p><\/p>\n\n\n<div class=\"wp-block-visual-portfolio\">\n<div class=\"vp-portfolio vp-uid-0094122e vp-id-1wvy4v\"\n\tdata-vp-layout=\"justified\" data-vp-content-source=\"images\" data-vp-items-style=\"emerge\" data-vp-items-click-action=\"popup_gallery\" data-vp-items-gap=\"5\" data-vp-items-gap-vertical=\"3\" data-vp-pagination=\"load-more\" data-vp-next-page-url=\"\" data-vp-justified-row-height=\"200\" data-vp-justified-row-height-tolerance=\"0.25\" data-vp-justified-max-rows-count=\"0\" data-vp-justified-last-row=\"center\" >\n\t<div class=\"vp-portfolio__preloader-wrap\">\n\t\t<div class=\"vp-portfolio__preloader\">\n\t\t\t<img decoding=\"async\" loading=\"eager\" src=\"https:\/\/www.rivieradeifiori.it\/wp-content\/plugins\/visual-portfolio-pro\/core-plugin\/assets\/images\/logo-dark.svg\" alt=\"Visual Portfolio, Posts &amp; Image Gallery for WordPress\" width=\"20\" height=\"20\" data-skip-lazy>\n\t\t<\/div>\n\t<\/div>\n\t\t<div class=\"vp-portfolio__items-wrap\">\n\t\t\t\n<div class=\"vp-portfolio__items vp-portfolio__items-style-emerge vp-portfolio__items-show-overlay-hover vp-portfolio__items-show-caption-hover\">\n\n\t\t<div\t\tclass=\"vp-portfolio__item-wrap vp-portfolio__item-uid-7bd3f8e1\" data-vp-filter=\"\" \t\t>\n\t\t\t<template class=\"vp-portfolio__item-popup\" data-vp-popup-img=\"https:\/\/www.rivieradeifiori.it\/wp-content\/uploads\/2022\/05\/S.Pietro-Lengueglietta.jpg\" data-vp-popup-img-srcset=\"https:\/\/www.rivieradeifiori.it\/wp-content\/uploads\/2022\/05\/S.Pietro-Lengueglietta.jpg 768w, https:\/\/www.rivieradeifiori.it\/wp-content\/uploads\/2022\/05\/S.Pietro-Lengueglietta-225x300.jpg 225w, https:\/\/www.rivieradeifiori.it\/wp-content\/uploads\/2022\/05\/S.Pietro-Lengueglietta-500x667.jpg 500w, https:\/\/www.rivieradeifiori.it\/wp-content\/uploads\/2022\/05\/S.Pietro-Lengueglietta-150x200.jpg 150w, https:\/\/www.rivieradeifiori.it\/wp-content\/uploads\/2022\/05\/S.Pietro-Lengueglietta-375x500.jpg 375w\" data-vp-popup-img-size=\"768x1024\" data-vp-popup-md-img=\"https:\/\/www.rivieradeifiori.it\/wp-content\/uploads\/2022\/05\/S.Pietro-Lengueglietta.jpg\" data-vp-popup-md-img-size=\"768x1024\" data-vp-popup-sm-img=\"https:\/\/www.rivieradeifiori.it\/wp-content\/uploads\/2022\/05\/S.Pietro-Lengueglietta-500x667.jpg\" data-vp-popup-sm-img-size=\"500x667\">\n\t\t\t<h3 class=\"vp-portfolio__item-popup-title\">Facciata della chiesa-fortezza di San Pietro &#8211; Lingueglietta \u00a9Jk4u59 | Wikipedia<\/h3>\n\t\t<\/template>\n\t\t\t\t\t\t<figure class=\"vp-portfolio__item\">\n\t\t\t\t\n<div class=\"vp-portfolio__item-img-wrap\">\n\t<div class=\"vp-portfolio__item-img\">\n\t\t\t<a\n\t\thref=\"https:\/\/www.rivieradeifiori.it\/wp-content\/uploads\/2022\/05\/S.Pietro-Lengueglietta.jpg\"\n\t\t\t>\n\t\n\t\t<noscript><img decoding=\"async\" width=\"768\" height=\"1024\" data-skip-lazy src=\"https:\/\/www.rivieradeifiori.it\/wp-content\/uploads\/2022\/05\/S.Pietro-Lengueglietta.jpg\" class=\"wp-image-11849\" alt=\"\" srcset=\"https:\/\/www.rivieradeifiori.it\/wp-content\/uploads\/2022\/05\/S.Pietro-Lengueglietta.jpg 768w, https:\/\/www.rivieradeifiori.it\/wp-content\/uploads\/2022\/05\/S.Pietro-Lengueglietta-225x300.jpg 225w, https:\/\/www.rivieradeifiori.it\/wp-content\/uploads\/2022\/05\/S.Pietro-Lengueglietta-500x667.jpg 500w, https:\/\/www.rivieradeifiori.it\/wp-content\/uploads\/2022\/05\/S.Pietro-Lengueglietta-150x200.jpg 150w, https:\/\/www.rivieradeifiori.it\/wp-content\/uploads\/2022\/05\/S.Pietro-Lengueglietta-375x500.jpg 375w\" sizes=\"(max-width: 768px) 100vw, 768px\" \/><\/noscript><img fetchpriority=\"high\" decoding=\"async\" width=\"768\" height=\"1024\" src=\"https:\/\/www.rivieradeifiori.it\/wp-content\/uploads\/2022\/05\/S.Pietro-Lengueglietta.jpg\" class=\"wp-image-11849 vp-lazyload\" alt srcset=\"data:image\/svg+xml;base64,PHN2ZyB3aWR0aD0iNzY4IiBoZWlnaHQ9IjEwMjQiIHZpZXdCb3g9IjAgMCA3NjggMTAyNCIgZmlsbD0ibm9uZSIgeG1sbnM9Imh0dHA6Ly93d3cudzMub3JnLzIwMDAvc3ZnIj48L3N2Zz4=\" data-src=\"https:\/\/www.rivieradeifiori.it\/wp-content\/uploads\/2022\/05\/S.Pietro-Lengueglietta.jpg\" data-srcset=\"https:\/\/www.rivieradeifiori.it\/wp-content\/uploads\/2022\/05\/S.Pietro-Lengueglietta.jpg 768w, https:\/\/www.rivieradeifiori.it\/wp-content\/uploads\/2022\/05\/S.Pietro-Lengueglietta-225x300.jpg 225w, https:\/\/www.rivieradeifiori.it\/wp-content\/uploads\/2022\/05\/S.Pietro-Lengueglietta-500x667.jpg 500w, https:\/\/www.rivieradeifiori.it\/wp-content\/uploads\/2022\/05\/S.Pietro-Lengueglietta-150x200.jpg 150w, https:\/\/www.rivieradeifiori.it\/wp-content\/uploads\/2022\/05\/S.Pietro-Lengueglietta-375x500.jpg 375w\" data-sizes=\"auto\" loading=\"eager\">\n\t\t<div class=\"vp-portfolio__item-overlay\"><\/div>\n\n\t\t<\/a>\t<\/div>\n<\/div>\n\n\t<figcaption class=\"vp-portfolio__item-caption vp-portfolio__item-caption-text-align-center\">\n\t\t<div class=\"vp-portfolio__item-meta-wrap vp-portfolio__custom-scrollbar\">\n\t\t\t<div class=\"vp-portfolio__item-meta\">\n\t\t\t\t\n<h2 class=\"vp-portfolio__item-meta-title\">\n\t\t<a\n\t\thref=\"https:\/\/www.rivieradeifiori.it\/wp-content\/uploads\/2022\/05\/S.Pietro-Lengueglietta.jpg\"\n\t\t\t>\n\tFacciata della chiesa-fortezza di San Pietro &#8211; Lingueglietta \u00a9Jk4u59 | Wikipedia<\/a><\/h2>\n\t\t\t<\/div>\n\t\t<\/div>\n\t<\/figcaption>\n\t\t\t<\/figure>\n\t\t\t\t\t<\/div>\n\t\t\n\t\t<div\t\tclass=\"vp-portfolio__item-wrap vp-portfolio__item-uid-ce3e57f9\" data-vp-filter=\"\" \t\t>\n\t\t\t<template class=\"vp-portfolio__item-popup\" data-vp-popup-img=\"https:\/\/www.rivieradeifiori.it\/wp-content\/uploads\/2022\/05\/S.Pietro-garitta.jpg\" data-vp-popup-img-srcset=\"https:\/\/www.rivieradeifiori.it\/wp-content\/uploads\/2022\/05\/S.Pietro-garitta.jpg 768w, https:\/\/www.rivieradeifiori.it\/wp-content\/uploads\/2022\/05\/S.Pietro-garitta-225x300.jpg 225w, https:\/\/www.rivieradeifiori.it\/wp-content\/uploads\/2022\/05\/S.Pietro-garitta-500x667.jpg 500w, https:\/\/www.rivieradeifiori.it\/wp-content\/uploads\/2022\/05\/S.Pietro-garitta-150x200.jpg 150w, https:\/\/www.rivieradeifiori.it\/wp-content\/uploads\/2022\/05\/S.Pietro-garitta-375x500.jpg 375w\" data-vp-popup-img-size=\"768x1024\" data-vp-popup-md-img=\"https:\/\/www.rivieradeifiori.it\/wp-content\/uploads\/2022\/05\/S.Pietro-garitta.jpg\" data-vp-popup-md-img-size=\"768x1024\" data-vp-popup-sm-img=\"https:\/\/www.rivieradeifiori.it\/wp-content\/uploads\/2022\/05\/S.Pietro-garitta-500x667.jpg\" data-vp-popup-sm-img-size=\"500x667\">\n\t\t\t<h3 class=\"vp-portfolio__item-popup-title\">Garitta della chiesa-fortezza di San Pietro &#8211; Lingueglietta \u00a9Jk4u59 | Wikipedia<\/h3>\n\t\t<\/template>\n\t\t\t\t\t\t<figure class=\"vp-portfolio__item\">\n\t\t\t\t\n<div class=\"vp-portfolio__item-img-wrap\">\n\t<div class=\"vp-portfolio__item-img\">\n\t\t\t<a\n\t\thref=\"https:\/\/www.rivieradeifiori.it\/wp-content\/uploads\/2022\/05\/S.Pietro-garitta.jpg\"\n\t\t\t>\n\t\n\t\t<noscript><img decoding=\"async\" width=\"768\" height=\"1024\" data-skip-lazy src=\"https:\/\/www.rivieradeifiori.it\/wp-content\/uploads\/2022\/05\/S.Pietro-garitta.jpg\" class=\"wp-image-11844\" alt=\"\" srcset=\"https:\/\/www.rivieradeifiori.it\/wp-content\/uploads\/2022\/05\/S.Pietro-garitta.jpg 768w, https:\/\/www.rivieradeifiori.it\/wp-content\/uploads\/2022\/05\/S.Pietro-garitta-225x300.jpg 225w, https:\/\/www.rivieradeifiori.it\/wp-content\/uploads\/2022\/05\/S.Pietro-garitta-500x667.jpg 500w, https:\/\/www.rivieradeifiori.it\/wp-content\/uploads\/2022\/05\/S.Pietro-garitta-150x200.jpg 150w, https:\/\/www.rivieradeifiori.it\/wp-content\/uploads\/2022\/05\/S.Pietro-garitta-375x500.jpg 375w\" sizes=\"(max-width: 768px) 100vw, 768px\" \/><\/noscript><img decoding=\"async\" width=\"768\" height=\"1024\" src=\"https:\/\/www.rivieradeifiori.it\/wp-content\/uploads\/2022\/05\/S.Pietro-garitta.jpg\" class=\"wp-image-11844 vp-lazyload\" alt srcset=\"data:image\/svg+xml;base64,PHN2ZyB3aWR0aD0iNzY4IiBoZWlnaHQ9IjEwMjQiIHZpZXdCb3g9IjAgMCA3NjggMTAyNCIgZmlsbD0ibm9uZSIgeG1sbnM9Imh0dHA6Ly93d3cudzMub3JnLzIwMDAvc3ZnIj48L3N2Zz4=\" data-src=\"https:\/\/www.rivieradeifiori.it\/wp-content\/uploads\/2022\/05\/S.Pietro-garitta.jpg\" data-srcset=\"https:\/\/www.rivieradeifiori.it\/wp-content\/uploads\/2022\/05\/S.Pietro-garitta.jpg 768w, https:\/\/www.rivieradeifiori.it\/wp-content\/uploads\/2022\/05\/S.Pietro-garitta-225x300.jpg 225w, https:\/\/www.rivieradeifiori.it\/wp-content\/uploads\/2022\/05\/S.Pietro-garitta-500x667.jpg 500w, https:\/\/www.rivieradeifiori.it\/wp-content\/uploads\/2022\/05\/S.Pietro-garitta-150x200.jpg 150w, https:\/\/www.rivieradeifiori.it\/wp-content\/uploads\/2022\/05\/S.Pietro-garitta-375x500.jpg 375w\" data-sizes=\"auto\" loading=\"eager\">\n\t\t<div class=\"vp-portfolio__item-overlay\"><\/div>\n\n\t\t<\/a>\t<\/div>\n<\/div>\n\n\t<figcaption class=\"vp-portfolio__item-caption vp-portfolio__item-caption-text-align-center\">\n\t\t<div class=\"vp-portfolio__item-meta-wrap vp-portfolio__custom-scrollbar\">\n\t\t\t<div class=\"vp-portfolio__item-meta\">\n\t\t\t\t\n<h2 class=\"vp-portfolio__item-meta-title\">\n\t\t<a\n\t\thref=\"https:\/\/www.rivieradeifiori.it\/wp-content\/uploads\/2022\/05\/S.Pietro-garitta.jpg\"\n\t\t\t>\n\tGaritta della chiesa-fortezza di San Pietro &#8211; Lingueglietta \u00a9Jk4u59 | Wikipedia<\/a><\/h2>\n\t\t\t<\/div>\n\t\t<\/div>\n\t<\/figcaption>\n\t\t\t<\/figure>\n\t\t\t\t\t<\/div>\n\t\t\n\t\t<div\t\tclass=\"vp-portfolio__item-wrap vp-portfolio__item-uid-795acf2d\" data-vp-filter=\"\" \t\t>\n\t\t\t<template class=\"vp-portfolio__item-popup\" data-vp-popup-img=\"https:\/\/www.rivieradeifiori.it\/wp-content\/uploads\/2022\/05\/S.Pietro-caditoia.jpg\" data-vp-popup-img-srcset=\"https:\/\/www.rivieradeifiori.it\/wp-content\/uploads\/2022\/05\/S.Pietro-caditoia.jpg 1024w, https:\/\/www.rivieradeifiori.it\/wp-content\/uploads\/2022\/05\/S.Pietro-caditoia-300x225.jpg 300w, https:\/\/www.rivieradeifiori.it\/wp-content\/uploads\/2022\/05\/S.Pietro-caditoia-500x375.jpg 500w, https:\/\/www.rivieradeifiori.it\/wp-content\/uploads\/2022\/05\/S.Pietro-caditoia-800x600.jpg 800w, https:\/\/www.rivieradeifiori.it\/wp-content\/uploads\/2022\/05\/S.Pietro-caditoia-150x113.jpg 150w\" data-vp-popup-img-size=\"1024x768\" data-vp-popup-md-img=\"https:\/\/www.rivieradeifiori.it\/wp-content\/uploads\/2022\/05\/S.Pietro-caditoia-800x600.jpg\" data-vp-popup-md-img-size=\"800x600\" data-vp-popup-sm-img=\"https:\/\/www.rivieradeifiori.it\/wp-content\/uploads\/2022\/05\/S.Pietro-caditoia-500x375.jpg\" data-vp-popup-sm-img-size=\"500x375\">\n\t\t\t<h3 class=\"vp-portfolio__item-popup-title\">Caditoia della chiesa-fortezza di San Pietro &#8211; Lingueglietta \u00a9Jk4u59 | Wikipedia<\/h3>\n\t\t<\/template>\n\t\t\t\t\t\t<figure class=\"vp-portfolio__item\">\n\t\t\t\t\n<div class=\"vp-portfolio__item-img-wrap\">\n\t<div class=\"vp-portfolio__item-img\">\n\t\t\t<a\n\t\thref=\"https:\/\/www.rivieradeifiori.it\/wp-content\/uploads\/2022\/05\/S.Pietro-caditoia.jpg\"\n\t\t\t>\n\t\n\t\t<noscript><img decoding=\"async\" width=\"1024\" height=\"768\" data-skip-lazy src=\"https:\/\/www.rivieradeifiori.it\/wp-content\/uploads\/2022\/05\/S.Pietro-caditoia.jpg\" class=\"wp-image-11839\" alt=\"\" srcset=\"https:\/\/www.rivieradeifiori.it\/wp-content\/uploads\/2022\/05\/S.Pietro-caditoia.jpg 1024w, https:\/\/www.rivieradeifiori.it\/wp-content\/uploads\/2022\/05\/S.Pietro-caditoia-300x225.jpg 300w, https:\/\/www.rivieradeifiori.it\/wp-content\/uploads\/2022\/05\/S.Pietro-caditoia-500x375.jpg 500w, https:\/\/www.rivieradeifiori.it\/wp-content\/uploads\/2022\/05\/S.Pietro-caditoia-800x600.jpg 800w, https:\/\/www.rivieradeifiori.it\/wp-content\/uploads\/2022\/05\/S.Pietro-caditoia-150x113.jpg 150w\" sizes=\"(max-width: 1024px) 100vw, 1024px\" \/><\/noscript><img decoding=\"async\" width=\"1024\" height=\"768\" src=\"https:\/\/www.rivieradeifiori.it\/wp-content\/uploads\/2022\/05\/S.Pietro-caditoia.jpg\" class=\"wp-image-11839 vp-lazyload\" alt srcset=\"data:image\/svg+xml;base64,PHN2ZyB3aWR0aD0iMTAyNCIgaGVpZ2h0PSI3NjgiIHZpZXdCb3g9IjAgMCAxMDI0IDc2OCIgZmlsbD0ibm9uZSIgeG1sbnM9Imh0dHA6Ly93d3cudzMub3JnLzIwMDAvc3ZnIj48L3N2Zz4=\" data-src=\"https:\/\/www.rivieradeifiori.it\/wp-content\/uploads\/2022\/05\/S.Pietro-caditoia.jpg\" data-srcset=\"https:\/\/www.rivieradeifiori.it\/wp-content\/uploads\/2022\/05\/S.Pietro-caditoia.jpg 1024w, https:\/\/www.rivieradeifiori.it\/wp-content\/uploads\/2022\/05\/S.Pietro-caditoia-300x225.jpg 300w, https:\/\/www.rivieradeifiori.it\/wp-content\/uploads\/2022\/05\/S.Pietro-caditoia-500x375.jpg 500w, https:\/\/www.rivieradeifiori.it\/wp-content\/uploads\/2022\/05\/S.Pietro-caditoia-800x600.jpg 800w, https:\/\/www.rivieradeifiori.it\/wp-content\/uploads\/2022\/05\/S.Pietro-caditoia-150x113.jpg 150w\" data-sizes=\"auto\" loading=\"eager\">\n\t\t<div class=\"vp-portfolio__item-overlay\"><\/div>\n\n\t\t<\/a>\t<\/div>\n<\/div>\n\n\t<figcaption class=\"vp-portfolio__item-caption vp-portfolio__item-caption-text-align-center\">\n\t\t<div class=\"vp-portfolio__item-meta-wrap vp-portfolio__custom-scrollbar\">\n\t\t\t<div class=\"vp-portfolio__item-meta\">\n\t\t\t\t\n<h2 class=\"vp-portfolio__item-meta-title\">\n\t\t<a\n\t\thref=\"https:\/\/www.rivieradeifiori.it\/wp-content\/uploads\/2022\/05\/S.Pietro-caditoia.jpg\"\n\t\t\t>\n\tCaditoia della chiesa-fortezza di San Pietro &#8211; Lingueglietta \u00a9Jk4u59 | Wikipedia<\/a><\/h2>\n\t\t\t<\/div>\n\t\t<\/div>\n\t<\/figcaption>\n\t\t\t<\/figure>\n\t\t\t\t\t<\/div>\n\t\t\n\t\t<div\t\tclass=\"vp-portfolio__item-wrap vp-portfolio__item-uid-52d3f596\" data-vp-filter=\"\" \t\t>\n\t\t\t<template class=\"vp-portfolio__item-popup\" data-vp-popup-img=\"https:\/\/www.rivieradeifiori.it\/wp-content\/uploads\/2022\/05\/S.Pietro-abside-romanico.jpg\" data-vp-popup-img-srcset=\"https:\/\/www.rivieradeifiori.it\/wp-content\/uploads\/2022\/05\/S.Pietro-abside-romanico.jpg 768w, https:\/\/www.rivieradeifiori.it\/wp-content\/uploads\/2022\/05\/S.Pietro-abside-romanico-225x300.jpg 225w, https:\/\/www.rivieradeifiori.it\/wp-content\/uploads\/2022\/05\/S.Pietro-abside-romanico-500x667.jpg 500w, https:\/\/www.rivieradeifiori.it\/wp-content\/uploads\/2022\/05\/S.Pietro-abside-romanico-150x200.jpg 150w, https:\/\/www.rivieradeifiori.it\/wp-content\/uploads\/2022\/05\/S.Pietro-abside-romanico-375x500.jpg 375w\" data-vp-popup-img-size=\"768x1024\" data-vp-popup-md-img=\"https:\/\/www.rivieradeifiori.it\/wp-content\/uploads\/2022\/05\/S.Pietro-abside-romanico.jpg\" data-vp-popup-md-img-size=\"768x1024\" data-vp-popup-sm-img=\"https:\/\/www.rivieradeifiori.it\/wp-content\/uploads\/2022\/05\/S.Pietro-abside-romanico-500x667.jpg\" data-vp-popup-sm-img-size=\"500x667\">\n\t\t\t<h3 class=\"vp-portfolio__item-popup-title\">Abside romanico della chiesa-fortezza di San Pietro &#8211; Lingueglietta \u00a9Jk4u59 | Wikipedia<\/h3>\n\t\t<\/template>\n\t\t\t\t\t\t<figure class=\"vp-portfolio__item\">\n\t\t\t\t\n<div class=\"vp-portfolio__item-img-wrap\">\n\t<div class=\"vp-portfolio__item-img\">\n\t\t\t<a\n\t\thref=\"https:\/\/www.rivieradeifiori.it\/wp-content\/uploads\/2022\/05\/S.Pietro-abside-romanico.jpg\"\n\t\t\t>\n\t\n\t\t<noscript><img decoding=\"async\" width=\"768\" height=\"1024\" data-skip-lazy src=\"https:\/\/www.rivieradeifiori.it\/wp-content\/uploads\/2022\/05\/S.Pietro-abside-romanico.jpg\" class=\"wp-image-11833\" alt=\"\" srcset=\"https:\/\/www.rivieradeifiori.it\/wp-content\/uploads\/2022\/05\/S.Pietro-abside-romanico.jpg 768w, https:\/\/www.rivieradeifiori.it\/wp-content\/uploads\/2022\/05\/S.Pietro-abside-romanico-225x300.jpg 225w, https:\/\/www.rivieradeifiori.it\/wp-content\/uploads\/2022\/05\/S.Pietro-abside-romanico-500x667.jpg 500w, https:\/\/www.rivieradeifiori.it\/wp-content\/uploads\/2022\/05\/S.Pietro-abside-romanico-150x200.jpg 150w, https:\/\/www.rivieradeifiori.it\/wp-content\/uploads\/2022\/05\/S.Pietro-abside-romanico-375x500.jpg 375w\" sizes=\"(max-width: 768px) 100vw, 768px\" \/><\/noscript><img decoding=\"async\" width=\"768\" height=\"1024\" src=\"https:\/\/www.rivieradeifiori.it\/wp-content\/uploads\/2022\/05\/S.Pietro-abside-romanico.jpg\" class=\"wp-image-11833 vp-lazyload\" alt srcset=\"data:image\/svg+xml;base64,PHN2ZyB3aWR0aD0iNzY4IiBoZWlnaHQ9IjEwMjQiIHZpZXdCb3g9IjAgMCA3NjggMTAyNCIgZmlsbD0ibm9uZSIgeG1sbnM9Imh0dHA6Ly93d3cudzMub3JnLzIwMDAvc3ZnIj48L3N2Zz4=\" data-src=\"https:\/\/www.rivieradeifiori.it\/wp-content\/uploads\/2022\/05\/S.Pietro-abside-romanico.jpg\" data-srcset=\"https:\/\/www.rivieradeifiori.it\/wp-content\/uploads\/2022\/05\/S.Pietro-abside-romanico.jpg 768w, https:\/\/www.rivieradeifiori.it\/wp-content\/uploads\/2022\/05\/S.Pietro-abside-romanico-225x300.jpg 225w, https:\/\/www.rivieradeifiori.it\/wp-content\/uploads\/2022\/05\/S.Pietro-abside-romanico-500x667.jpg 500w, https:\/\/www.rivieradeifiori.it\/wp-content\/uploads\/2022\/05\/S.Pietro-abside-romanico-150x200.jpg 150w, https:\/\/www.rivieradeifiori.it\/wp-content\/uploads\/2022\/05\/S.Pietro-abside-romanico-375x500.jpg 375w\" data-sizes=\"auto\" loading=\"eager\">\n\t\t<div class=\"vp-portfolio__item-overlay\"><\/div>\n\n\t\t<\/a>\t<\/div>\n<\/div>\n\n\t<figcaption class=\"vp-portfolio__item-caption vp-portfolio__item-caption-text-align-center\">\n\t\t<div class=\"vp-portfolio__item-meta-wrap vp-portfolio__custom-scrollbar\">\n\t\t\t<div class=\"vp-portfolio__item-meta\">\n\t\t\t\t\n<h2 class=\"vp-portfolio__item-meta-title\">\n\t\t<a\n\t\thref=\"https:\/\/www.rivieradeifiori.it\/wp-content\/uploads\/2022\/05\/S.Pietro-abside-romanico.jpg\"\n\t\t\t>\n\tAbside romanico della chiesa-fortezza di San Pietro &#8211; Lingueglietta \u00a9Jk4u59 | Wikipedia<\/a><\/h2>\n\t\t\t<\/div>\n\t\t<\/div>\n\t<\/figcaption>\n\t\t\t<\/figure>\n\t\t\t\t\t<\/div>\n\t\t\n\t\t<div\t\tclass=\"vp-portfolio__item-wrap vp-portfolio__item-uid-f8750858\" data-vp-filter=\"\" \t\t>\n\t\t\t<template class=\"vp-portfolio__item-popup\" data-vp-popup-img=\"https:\/\/www.rivieradeifiori.it\/wp-content\/uploads\/2022\/05\/Lingueglietta_panorama.jpg\" data-vp-popup-img-srcset=\"https:\/\/www.rivieradeifiori.it\/wp-content\/uploads\/2022\/05\/Lingueglietta_panorama.jpg 1000w, https:\/\/www.rivieradeifiori.it\/wp-content\/uploads\/2022\/05\/Lingueglietta_panorama-300x150.jpg 300w, https:\/\/www.rivieradeifiori.it\/wp-content\/uploads\/2022\/05\/Lingueglietta_panorama-500x250.jpg 500w, https:\/\/www.rivieradeifiori.it\/wp-content\/uploads\/2022\/05\/Lingueglietta_panorama-800x400.jpg 800w, https:\/\/www.rivieradeifiori.it\/wp-content\/uploads\/2022\/05\/Lingueglietta_panorama-150x75.jpg 150w\" data-vp-popup-img-size=\"1000x500\" data-vp-popup-md-img=\"https:\/\/www.rivieradeifiori.it\/wp-content\/uploads\/2022\/05\/Lingueglietta_panorama-800x400.jpg\" data-vp-popup-md-img-size=\"800x400\" data-vp-popup-sm-img=\"https:\/\/www.rivieradeifiori.it\/wp-content\/uploads\/2022\/05\/Lingueglietta_panorama-500x250.jpg\" data-vp-popup-sm-img-size=\"500x250\">\n\t\t\t<h3 class=\"vp-portfolio__item-popup-title\">Vista di Lingueglietta \u00a9Alessandro Vecchi | Wikipedia<\/h3>\n\t\t<\/template>\n\t\t\t\t\t\t<figure class=\"vp-portfolio__item\">\n\t\t\t\t\n<div class=\"vp-portfolio__item-img-wrap\">\n\t<div class=\"vp-portfolio__item-img\">\n\t\t\t<a\n\t\thref=\"https:\/\/www.rivieradeifiori.it\/wp-content\/uploads\/2022\/05\/Lingueglietta_panorama.jpg\"\n\t\t\t>\n\t\n\t\t<noscript><img decoding=\"async\" width=\"1000\" height=\"500\" data-skip-lazy src=\"https:\/\/www.rivieradeifiori.it\/wp-content\/uploads\/2022\/05\/Lingueglietta_panorama.jpg\" class=\"wp-image-11708\" alt=\"\" srcset=\"https:\/\/www.rivieradeifiori.it\/wp-content\/uploads\/2022\/05\/Lingueglietta_panorama.jpg 1000w, https:\/\/www.rivieradeifiori.it\/wp-content\/uploads\/2022\/05\/Lingueglietta_panorama-300x150.jpg 300w, https:\/\/www.rivieradeifiori.it\/wp-content\/uploads\/2022\/05\/Lingueglietta_panorama-500x250.jpg 500w, https:\/\/www.rivieradeifiori.it\/wp-content\/uploads\/2022\/05\/Lingueglietta_panorama-800x400.jpg 800w, https:\/\/www.rivieradeifiori.it\/wp-content\/uploads\/2022\/05\/Lingueglietta_panorama-150x75.jpg 150w\" sizes=\"(max-width: 1000px) 100vw, 1000px\" \/><\/noscript><img decoding=\"async\" width=\"1000\" height=\"500\" src=\"https:\/\/www.rivieradeifiori.it\/wp-content\/uploads\/2022\/05\/Lingueglietta_panorama.jpg\" class=\"wp-image-11708 vp-lazyload\" alt srcset=\"data:image\/svg+xml;base64,PHN2ZyB3aWR0aD0iMTAwMCIgaGVpZ2h0PSI1MDAiIHZpZXdCb3g9IjAgMCAxMDAwIDUwMCIgZmlsbD0ibm9uZSIgeG1sbnM9Imh0dHA6Ly93d3cudzMub3JnLzIwMDAvc3ZnIj48L3N2Zz4=\" data-src=\"https:\/\/www.rivieradeifiori.it\/wp-content\/uploads\/2022\/05\/Lingueglietta_panorama.jpg\" data-srcset=\"https:\/\/www.rivieradeifiori.it\/wp-content\/uploads\/2022\/05\/Lingueglietta_panorama.jpg 1000w, https:\/\/www.rivieradeifiori.it\/wp-content\/uploads\/2022\/05\/Lingueglietta_panorama-300x150.jpg 300w, https:\/\/www.rivieradeifiori.it\/wp-content\/uploads\/2022\/05\/Lingueglietta_panorama-500x250.jpg 500w, https:\/\/www.rivieradeifiori.it\/wp-content\/uploads\/2022\/05\/Lingueglietta_panorama-800x400.jpg 800w, https:\/\/www.rivieradeifiori.it\/wp-content\/uploads\/2022\/05\/Lingueglietta_panorama-150x75.jpg 150w\" data-sizes=\"auto\" loading=\"eager\">\n\t\t<div class=\"vp-portfolio__item-overlay\"><\/div>\n\n\t\t<\/a>\t<\/div>\n<\/div>\n\n\t<figcaption class=\"vp-portfolio__item-caption vp-portfolio__item-caption-text-align-center\">\n\t\t<div class=\"vp-portfolio__item-meta-wrap vp-portfolio__custom-scrollbar\">\n\t\t\t<div class=\"vp-portfolio__item-meta\">\n\t\t\t\t\n<h2 class=\"vp-portfolio__item-meta-title\">\n\t\t<a\n\t\thref=\"https:\/\/www.rivieradeifiori.it\/wp-content\/uploads\/2022\/05\/Lingueglietta_panorama.jpg\"\n\t\t\t>\n\tVista di Lingueglietta \u00a9Alessandro Vecchi | Wikipedia<\/a><\/h2>\n\t\t\t<\/div>\n\t\t<\/div>\n\t<\/figcaption>\n\t\t\t<\/figure>\n\t\t\t\t\t<\/div>\n\t\t\n\t\t<div\t\tclass=\"vp-portfolio__item-wrap vp-portfolio__item-uid-a4fb0275\" data-vp-filter=\"\" \t\t>\n\t\t\t<template class=\"vp-portfolio__item-popup\" data-vp-popup-img=\"https:\/\/www.rivieradeifiori.it\/wp-content\/uploads\/2022\/05\/Lengueglietta_-_chiesa.jpg\" data-vp-popup-img-srcset=\"https:\/\/www.rivieradeifiori.it\/wp-content\/uploads\/2022\/05\/Lengueglietta_-_chiesa.jpg 751w, https:\/\/www.rivieradeifiori.it\/wp-content\/uploads\/2022\/05\/Lengueglietta_-_chiesa-220x300.jpg 220w, https:\/\/www.rivieradeifiori.it\/wp-content\/uploads\/2022\/05\/Lengueglietta_-_chiesa-500x682.jpg 500w, https:\/\/www.rivieradeifiori.it\/wp-content\/uploads\/2022\/05\/Lengueglietta_-_chiesa-150x205.jpg 150w, https:\/\/www.rivieradeifiori.it\/wp-content\/uploads\/2022\/05\/Lengueglietta_-_chiesa-367x500.jpg 367w\" data-vp-popup-img-size=\"751x1024\" data-vp-popup-md-img=\"https:\/\/www.rivieradeifiori.it\/wp-content\/uploads\/2022\/05\/Lengueglietta_-_chiesa.jpg\" data-vp-popup-md-img-size=\"751x1024\" data-vp-popup-sm-img=\"https:\/\/www.rivieradeifiori.it\/wp-content\/uploads\/2022\/05\/Lengueglietta_-_chiesa-500x682.jpg\" data-vp-popup-sm-img-size=\"500x682\">\n\t\t\t<h3 class=\"vp-portfolio__item-popup-title\">Chiesa della Nativit\u00e0 di Maria Vergine &#8211; Lingueglietta \u00a9Jk4u59 | Wikipedia<\/h3>\n\t\t<\/template>\n\t\t\t\t\t\t<figure class=\"vp-portfolio__item\">\n\t\t\t\t\n<div class=\"vp-portfolio__item-img-wrap\">\n\t<div class=\"vp-portfolio__item-img\">\n\t\t\t<a\n\t\thref=\"https:\/\/www.rivieradeifiori.it\/wp-content\/uploads\/2022\/05\/Lengueglietta_-_chiesa.jpg\"\n\t\t\t>\n\t\n\t\t<noscript><img decoding=\"async\" width=\"751\" height=\"1024\" data-skip-lazy src=\"https:\/\/www.rivieradeifiori.it\/wp-content\/uploads\/2022\/05\/Lengueglietta_-_chiesa.jpg\" class=\"wp-image-11703\" alt=\"\" srcset=\"https:\/\/www.rivieradeifiori.it\/wp-content\/uploads\/2022\/05\/Lengueglietta_-_chiesa.jpg 751w, https:\/\/www.rivieradeifiori.it\/wp-content\/uploads\/2022\/05\/Lengueglietta_-_chiesa-220x300.jpg 220w, https:\/\/www.rivieradeifiori.it\/wp-content\/uploads\/2022\/05\/Lengueglietta_-_chiesa-500x682.jpg 500w, https:\/\/www.rivieradeifiori.it\/wp-content\/uploads\/2022\/05\/Lengueglietta_-_chiesa-150x205.jpg 150w, https:\/\/www.rivieradeifiori.it\/wp-content\/uploads\/2022\/05\/Lengueglietta_-_chiesa-367x500.jpg 367w\" sizes=\"(max-width: 751px) 100vw, 751px\" \/><\/noscript><img decoding=\"async\" width=\"751\" height=\"1024\" src=\"https:\/\/www.rivieradeifiori.it\/wp-content\/uploads\/2022\/05\/Lengueglietta_-_chiesa.jpg\" class=\"wp-image-11703 vp-lazyload\" alt srcset=\"data:image\/svg+xml;base64,PHN2ZyB3aWR0aD0iNzUxIiBoZWlnaHQ9IjEwMjQiIHZpZXdCb3g9IjAgMCA3NTEgMTAyNCIgZmlsbD0ibm9uZSIgeG1sbnM9Imh0dHA6Ly93d3cudzMub3JnLzIwMDAvc3ZnIj48L3N2Zz4=\" data-src=\"https:\/\/www.rivieradeifiori.it\/wp-content\/uploads\/2022\/05\/Lengueglietta_-_chiesa.jpg\" data-srcset=\"https:\/\/www.rivieradeifiori.it\/wp-content\/uploads\/2022\/05\/Lengueglietta_-_chiesa.jpg 751w, https:\/\/www.rivieradeifiori.it\/wp-content\/uploads\/2022\/05\/Lengueglietta_-_chiesa-220x300.jpg 220w, https:\/\/www.rivieradeifiori.it\/wp-content\/uploads\/2022\/05\/Lengueglietta_-_chiesa-500x682.jpg 500w, https:\/\/www.rivieradeifiori.it\/wp-content\/uploads\/2022\/05\/Lengueglietta_-_chiesa-150x205.jpg 150w, https:\/\/www.rivieradeifiori.it\/wp-content\/uploads\/2022\/05\/Lengueglietta_-_chiesa-367x500.jpg 367w\" data-sizes=\"auto\" loading=\"eager\">\n\t\t<div class=\"vp-portfolio__item-overlay\"><\/div>\n\n\t\t<\/a>\t<\/div>\n<\/div>\n\n\t<figcaption class=\"vp-portfolio__item-caption vp-portfolio__item-caption-text-align-center\">\n\t\t<div class=\"vp-portfolio__item-meta-wrap vp-portfolio__custom-scrollbar\">\n\t\t\t<div class=\"vp-portfolio__item-meta\">\n\t\t\t\t\n<h2 class=\"vp-portfolio__item-meta-title\">\n\t\t<a\n\t\thref=\"https:\/\/www.rivieradeifiori.it\/wp-content\/uploads\/2022\/05\/Lengueglietta_-_chiesa.jpg\"\n\t\t\t>\n\tChiesa della Nativit\u00e0 di Maria Vergine &#8211; Lingueglietta \u00a9Jk4u59 | Wikipedia<\/a><\/h2>\n\t\t\t<\/div>\n\t\t<\/div>\n\t<\/figcaption>\n\t\t\t<\/figure>\n\t\t\t\t\t<\/div>\n\t\t\n<\/div>\n\t\t<\/div>\n\t\t\n<\/div>\n<\/div>","protected":false},"excerpt":{"rendered":"<p>Gleich hinter Cipressa in Richtung San Lorenzo al Mare liegt das bezaubernde Dorf Lingueglietta. Rote D\u00e4cher und Panorama-Landschaften pr\u00e4gen die Gegend. Die engen Gassen steigen zwischen Gew\u00f6lbeg\u00e4ngen, Rampen und \u00fcberdachten Passagen bis hin zur Wehrkirche San Pietro an. Die Verteidigungs- und Glaubensst\u00e4tte aus dem 13.Jhd. verteidigte die Bev\u00f6lkerung gegen die Ankunft der Piraten und wurde [&hellip;]<\/p>\n","protected":false},"author":1,"featured_media":12315,"comment_status":"closed","ping_status":"open","sticky":false,"template":"","format":"standard","meta":{"_et_pb_use_builder":"off","_et_pb_old_content":"","_et_gb_content_width":"","_eb_attr":"","_vp_format_video_url":"","_vp_image_focal_point":[],"_vp_custom_popup_image":0,"_vp_format_audio_url":"","_vp_custom_thumbnail":0,"_vp_custom_thumbnail_focal_point":[],"_vp_hover_thumbnail":0,"_vp_hover_thumbnail_focal_point":[],"footnotes":""},"categories":[957],"tags":[1367,1339],"class_list":["post-15173","post","type-post","status-publish","format-standard","has-post-thumbnail","hentry","category-san-lorenzo-tal","tag-lingueglietta-de","tag-san-lorenzo-tal","et-has-post-format-content","et_post_format-et-post-format-standard"],"yoast_head":"<!-- This site is optimized with the Yoast SEO plugin v25.7 - https:\/\/yoast.com\/wordpress\/plugins\/seo\/ -->\n<title>Lingueglietta - San Lorenzo Tal - Riviera dei Fiori<\/title>\n<meta name=\"robots\" content=\"index, follow, max-snippet:-1, max-image-preview:large, max-video-preview:-1\" \/>\n<link rel=\"canonical\" href=\"https:\/\/www.rivieradeifiori.it\/de\/meer-und-land\/die-taler\/san-lorenzo-tal\/lingueglietta\/\" \/>\n<meta name=\"twitter:label1\" content=\"Verfasst von\" \/>\n\t<meta name=\"twitter:data1\" content=\"Luca Giovannetti\" \/>\n\t<meta name=\"twitter:label2\" content=\"Gesch\u00e4tzte Lesezeit\" \/>\n\t<meta name=\"twitter:data2\" content=\"1\u00a0Minute\" \/>\n<script type=\"application\/ld+json\" class=\"yoast-schema-graph\">{\"@context\":\"https:\/\/schema.org\",\"@graph\":[{\"@type\":\"WebPage\",\"@id\":\"https:\/\/www.rivieradeifiori.it\/de\/meer-und-land\/die-taler\/san-lorenzo-tal\/lingueglietta\/\",\"url\":\"https:\/\/www.rivieradeifiori.it\/de\/meer-und-land\/die-taler\/san-lorenzo-tal\/lingueglietta\/\",\"name\":\"Lingueglietta - San Lorenzo Tal - Riviera dei Fiori\",\"isPartOf\":{\"@id\":\"https:\/\/www.rivieradeifiori.it\/de\/#website\"},\"primaryImageOfPage\":{\"@id\":\"https:\/\/www.rivieradeifiori.it\/de\/meer-und-land\/die-taler\/san-lorenzo-tal\/lingueglietta\/#primaryimage\"},\"image\":{\"@id\":\"https:\/\/www.rivieradeifiori.it\/de\/meer-und-land\/die-taler\/san-lorenzo-tal\/lingueglietta\/#primaryimage\"},\"thumbnailUrl\":\"https:\/\/www.rivieradeifiori.it\/wp-content\/uploads\/2022\/05\/S.Pietro-caditoia.jpg\",\"datePublished\":\"2022-06-08T15:10:46+00:00\",\"dateModified\":\"2022-06-10T12:56:38+00:00\",\"author\":{\"@id\":\"https:\/\/www.rivieradeifiori.it\/de\/#\/schema\/person\/6cc4e4ed0d74f08798811653e64f69ed\"},\"breadcrumb\":{\"@id\":\"https:\/\/www.rivieradeifiori.it\/de\/meer-und-land\/die-taler\/san-lorenzo-tal\/lingueglietta\/#breadcrumb\"},\"inLanguage\":\"de\",\"potentialAction\":[{\"@type\":\"ReadAction\",\"target\":[\"https:\/\/www.rivieradeifiori.it\/de\/meer-und-land\/die-taler\/san-lorenzo-tal\/lingueglietta\/\"]}]},{\"@type\":\"ImageObject\",\"inLanguage\":\"de\",\"@id\":\"https:\/\/www.rivieradeifiori.it\/de\/meer-und-land\/die-taler\/san-lorenzo-tal\/lingueglietta\/#primaryimage\",\"url\":\"https:\/\/www.rivieradeifiori.it\/wp-content\/uploads\/2022\/05\/S.Pietro-caditoia.jpg\",\"contentUrl\":\"https:\/\/www.rivieradeifiori.it\/wp-content\/uploads\/2022\/05\/S.Pietro-caditoia.jpg\",\"width\":1024,\"height\":768,\"caption\":\"Caditoia della chiesa-fortezza di San Pietro - Lingueglietta \u00a9Jk4u59 | Wikipedia\"},{\"@type\":\"BreadcrumbList\",\"@id\":\"https:\/\/www.rivieradeifiori.it\/de\/meer-und-land\/die-taler\/san-lorenzo-tal\/lingueglietta\/#breadcrumb\",\"itemListElement\":[{\"@type\":\"ListItem\",\"position\":1,\"name\":\"Home\",\"item\":\"https:\/\/www.rivieradeifiori.it\/de\/\"},{\"@type\":\"ListItem\",\"position\":2,\"name\":\"Lingueglietta\"}]},{\"@type\":\"WebSite\",\"@id\":\"https:\/\/www.rivieradeifiori.it\/de\/#website\",\"url\":\"https:\/\/www.rivieradeifiori.it\/de\/\",\"name\":\"Riviera dei Fiori\",\"description\":\"Un mare di colori\",\"potentialAction\":[{\"@type\":\"SearchAction\",\"target\":{\"@type\":\"EntryPoint\",\"urlTemplate\":\"https:\/\/www.rivieradeifiori.it\/de\/?s={search_term_string}\"},\"query-input\":{\"@type\":\"PropertyValueSpecification\",\"valueRequired\":true,\"valueName\":\"search_term_string\"}}],\"inLanguage\":\"de\"},{\"@type\":\"Person\",\"@id\":\"https:\/\/www.rivieradeifiori.it\/de\/#\/schema\/person\/6cc4e4ed0d74f08798811653e64f69ed\",\"name\":\"Luca Giovannetti\",\"image\":{\"@type\":\"ImageObject\",\"inLanguage\":\"de\",\"@id\":\"https:\/\/www.rivieradeifiori.it\/de\/#\/schema\/person\/image\/\",\"url\":\"https:\/\/secure.gravatar.com\/avatar\/092abda2284c50268e586151e014cf903142e524662c62577231430ea44340cf?s=96&r=g&d=https:\/\/www.rivieradeifiori.it\/wp-content\/plugins\/userswp\/assets\/images\/no_profile.png\",\"contentUrl\":\"https:\/\/secure.gravatar.com\/avatar\/092abda2284c50268e586151e014cf903142e524662c62577231430ea44340cf?s=96&r=g&d=https:\/\/www.rivieradeifiori.it\/wp-content\/plugins\/userswp\/assets\/images\/no_profile.png\",\"caption\":\"Luca Giovannetti\"}}]}<\/script>\n<!-- \/ Yoast SEO plugin. -->","yoast_head_json":{"title":"Lingueglietta - San Lorenzo Tal - Riviera dei Fiori","robots":{"index":"index","follow":"follow","max-snippet":"max-snippet:-1","max-image-preview":"max-image-preview:large","max-video-preview":"max-video-preview:-1"},"canonical":"https:\/\/www.rivieradeifiori.it\/de\/meer-und-land\/die-taler\/san-lorenzo-tal\/lingueglietta\/","twitter_misc":{"Verfasst von":"Luca Giovannetti","Gesch\u00e4tzte Lesezeit":"1\u00a0Minute"},"schema":{"@context":"https:\/\/schema.org","@graph":[{"@type":"WebPage","@id":"https:\/\/www.rivieradeifiori.it\/de\/meer-und-land\/die-taler\/san-lorenzo-tal\/lingueglietta\/","url":"https:\/\/www.rivieradeifiori.it\/de\/meer-und-land\/die-taler\/san-lorenzo-tal\/lingueglietta\/","name":"Lingueglietta - San Lorenzo Tal - Riviera dei Fiori","isPartOf":{"@id":"https:\/\/www.rivieradeifiori.it\/de\/#website"},"primaryImageOfPage":{"@id":"https:\/\/www.rivieradeifiori.it\/de\/meer-und-land\/die-taler\/san-lorenzo-tal\/lingueglietta\/#primaryimage"},"image":{"@id":"https:\/\/www.rivieradeifiori.it\/de\/meer-und-land\/die-taler\/san-lorenzo-tal\/lingueglietta\/#primaryimage"},"thumbnailUrl":"https:\/\/www.rivieradeifiori.it\/wp-content\/uploads\/2022\/05\/S.Pietro-caditoia.jpg","datePublished":"2022-06-08T15:10:46+00:00","dateModified":"2022-06-10T12:56:38+00:00","author":{"@id":"https:\/\/www.rivieradeifiori.it\/de\/#\/schema\/person\/6cc4e4ed0d74f08798811653e64f69ed"},"breadcrumb":{"@id":"https:\/\/www.rivieradeifiori.it\/de\/meer-und-land\/die-taler\/san-lorenzo-tal\/lingueglietta\/#breadcrumb"},"inLanguage":"de","potentialAction":[{"@type":"ReadAction","target":["https:\/\/www.rivieradeifiori.it\/de\/meer-und-land\/die-taler\/san-lorenzo-tal\/lingueglietta\/"]}]},{"@type":"ImageObject","inLanguage":"de","@id":"https:\/\/www.rivieradeifiori.it\/de\/meer-und-land\/die-taler\/san-lorenzo-tal\/lingueglietta\/#primaryimage","url":"https:\/\/www.rivieradeifiori.it\/wp-content\/uploads\/2022\/05\/S.Pietro-caditoia.jpg","contentUrl":"https:\/\/www.rivieradeifiori.it\/wp-content\/uploads\/2022\/05\/S.Pietro-caditoia.jpg","width":1024,"height":768,"caption":"Caditoia della chiesa-fortezza di San Pietro - Lingueglietta \u00a9Jk4u59 | Wikipedia"},{"@type":"BreadcrumbList","@id":"https:\/\/www.rivieradeifiori.it\/de\/meer-und-land\/die-taler\/san-lorenzo-tal\/lingueglietta\/#breadcrumb","itemListElement":[{"@type":"ListItem","position":1,"name":"Home","item":"https:\/\/www.rivieradeifiori.it\/de\/"},{"@type":"ListItem","position":2,"name":"Lingueglietta"}]},{"@type":"WebSite","@id":"https:\/\/www.rivieradeifiori.it\/de\/#website","url":"https:\/\/www.rivieradeifiori.it\/de\/","name":"Riviera dei Fiori","description":"Un mare di colori","potentialAction":[{"@type":"SearchAction","target":{"@type":"EntryPoint","urlTemplate":"https:\/\/www.rivieradeifiori.it\/de\/?s={search_term_string}"},"query-input":{"@type":"PropertyValueSpecification","valueRequired":true,"valueName":"search_term_string"}}],"inLanguage":"de"},{"@type":"Person","@id":"https:\/\/www.rivieradeifiori.it\/de\/#\/schema\/person\/6cc4e4ed0d74f08798811653e64f69ed","name":"Luca Giovannetti","image":{"@type":"ImageObject","inLanguage":"de","@id":"https:\/\/www.rivieradeifiori.it\/de\/#\/schema\/person\/image\/","url":"https:\/\/secure.gravatar.com\/avatar\/092abda2284c50268e586151e014cf903142e524662c62577231430ea44340cf?s=96&r=g&d=https:\/\/www.rivieradeifiori.it\/wp-content\/plugins\/userswp\/assets\/images\/no_profile.png","contentUrl":"https:\/\/secure.gravatar.com\/avatar\/092abda2284c50268e586151e014cf903142e524662c62577231430ea44340cf?s=96&r=g&d=https:\/\/www.rivieradeifiori.it\/wp-content\/plugins\/userswp\/assets\/images\/no_profile.png","caption":"Luca Giovannetti"}}]}},"_links":{"self":[{"href":"https:\/\/www.rivieradeifiori.it\/de\/wp-json\/wp\/v2\/posts\/15173","targetHints":{"allow":["GET"]}}],"collection":[{"href":"https:\/\/www.rivieradeifiori.it\/de\/wp-json\/wp\/v2\/posts"}],"about":[{"href":"https:\/\/www.rivieradeifiori.it\/de\/wp-json\/wp\/v2\/types\/post"}],"author":[{"embeddable":true,"href":"https:\/\/www.rivieradeifiori.it\/de\/wp-json\/wp\/v2\/users\/1"}],"replies":[{"embeddable":true,"href":"https:\/\/www.rivieradeifiori.it\/de\/wp-json\/wp\/v2\/comments?post=15173"}],"version-history":[{"count":1,"href":"https:\/\/www.rivieradeifiori.it\/de\/wp-json\/wp\/v2\/posts\/15173\/revisions"}],"predecessor-version":[{"id":15177,"href":"https:\/\/www.rivieradeifiori.it\/de\/wp-json\/wp\/v2\/posts\/15173\/revisions\/15177"}],"wp:featuredmedia":[{"embeddable":true,"href":"https:\/\/www.rivieradeifiori.it\/de\/wp-json\/wp\/v2\/media\/12315"}],"wp:attachment":[{"href":"https:\/\/www.rivieradeifiori.it\/de\/wp-json\/wp\/v2\/media?parent=15173"}],"wp:term":[{"taxonomy":"category","embeddable":true,"href":"https:\/\/www.rivieradeifiori.it\/de\/wp-json\/wp\/v2\/categories?post=15173"},{"taxonomy":"post_tag","embeddable":true,"href":"https:\/\/www.rivieradeifiori.it\/de\/wp-json\/wp\/v2\/tags?post=15173"}],"curies":[{"name":"wp","href":"https:\/\/api.w.org\/{rel}","templated":true}]}}