{"id":14673,"date":"2022-06-06T16:14:43","date_gmt":"2022-06-06T14:14:43","guid":{"rendered":"https:\/\/www.rivieradeifiori.it\/senza-categoria-de\/pieve-di-teco\/"},"modified":"2022-06-10T15:03:25","modified_gmt":"2022-06-10T13:03:25","slug":"pieve-di-teco","status":"publish","type":"post","link":"https:\/\/www.rivieradeifiori.it\/de\/meer-und-land\/die-taler\/das-arrosciatal\/pieve-di-teco\/","title":{"rendered":"Pieve di Teco"},"content":{"rendered":"\n<p>Es ist die Hauptstadt des Arrosciatals, eine alte Stadt voller Geschichte. <\/p>\n\n\n\n<p>Mit seinen mittelalterlichen Arkaden, den antiken Geb\u00e4uden und Gesch\u00e4ften \u00fcberrascht Pieve di Teco und l\u00e4dt ihre G\u00e4ste in ein Gebiet ein, welches f\u00fcr den Ormeasco- oder Toma- Schafsk\u00e4se bekannt ist. <\/p>\n\n\n\n<p>In der Kirche der Madonna della Ripa befindet sich eine Sammlung von Ubaga Masken, symbolische Gesichter, die die Wurzeln des Gebiets in einer zeitgen\u00f6ssischen Art und Weise neu interpretieren. <\/p>\n\n\n\n<p>Hier ist auch die Heimat des herrlichen Teatro Salvini, dem kleinsten Theater der Welt. <\/p>\n\n\n\n<p>Ein Juwel, in dem kleine Shows und Ausstellungen veranstaltet werden. Der k\u00fcnstlerische Weg, der zur Wallfahrtskirche der Madonna der Fanghi f\u00fchrt, weiht Pieve di Teco als Ort der Kultur. Auch der gro\u00dfe Antiquit\u00e4tenmarkt ist ein Besuch wert.<\/p>\n\n\n\n<p><\/p>\n\n\n<div class=\"wp-block-visual-portfolio\">\n<div class=\"vp-portfolio vp-uid-8fc2c029 vp-id-8NRY\"\n\tdata-vp-layout=\"justified\" data-vp-content-source=\"images\" data-vp-items-style=\"emerge\" data-vp-items-click-action=\"popup_gallery\" data-vp-items-gap=\"5\" data-vp-items-gap-vertical=\"3\" data-vp-pagination=\"load-more\" data-vp-next-page-url=\"\" data-vp-justified-row-height=\"200\" data-vp-justified-row-height-tolerance=\"0.25\" data-vp-justified-max-rows-count=\"0\" data-vp-justified-last-row=\"center\" >\n\t<div class=\"vp-portfolio__preloader-wrap\">\n\t\t<div class=\"vp-portfolio__preloader\">\n\t\t\t<img decoding=\"async\" loading=\"eager\" src=\"https:\/\/www.rivieradeifiori.it\/wp-content\/plugins\/visual-portfolio-pro\/core-plugin\/assets\/images\/logo-dark.svg\" alt=\"Visual Portfolio, Posts &amp; Image Gallery for WordPress\" width=\"20\" height=\"20\" data-skip-lazy>\n\t\t<\/div>\n\t<\/div>\n\t\t<div class=\"vp-portfolio__items-wrap\">\n\t\t\t\n<div class=\"vp-portfolio__items vp-portfolio__items-style-emerge vp-portfolio__items-show-overlay-hover vp-portfolio__items-show-caption-hover\">\n\n\t\t<div\t\tclass=\"vp-portfolio__item-wrap vp-portfolio__item-uid-a26c3440\" data-vp-filter=\"\" \t\t>\n\t\t\t<template class=\"vp-portfolio__item-popup\" data-vp-popup-img=\"https:\/\/www.rivieradeifiori.it\/wp-content\/uploads\/2022\/05\/Pieve_di_Teco-IMG_0812-Davide-Papalini-Wikipedia-1920x1440.jpg\" data-vp-popup-img-srcset=\"https:\/\/www.rivieradeifiori.it\/wp-content\/uploads\/2022\/05\/Pieve_di_Teco-IMG_0812-Davide-Papalini-Wikipedia-1920x1440.jpg 1920w, https:\/\/www.rivieradeifiori.it\/wp-content\/uploads\/2022\/05\/Pieve_di_Teco-IMG_0812-Davide-Papalini-Wikipedia-300x225.jpg 300w, https:\/\/www.rivieradeifiori.it\/wp-content\/uploads\/2022\/05\/Pieve_di_Teco-IMG_0812-Davide-Papalini-Wikipedia-1270x953.jpg 1270w, https:\/\/www.rivieradeifiori.it\/wp-content\/uploads\/2022\/05\/Pieve_di_Teco-IMG_0812-Davide-Papalini-Wikipedia-1536x1152.jpg 1536w, https:\/\/www.rivieradeifiori.it\/wp-content\/uploads\/2022\/05\/Pieve_di_Teco-IMG_0812-Davide-Papalini-Wikipedia-2048x1536.jpg 2048w, https:\/\/www.rivieradeifiori.it\/wp-content\/uploads\/2022\/05\/Pieve_di_Teco-IMG_0812-Davide-Papalini-Wikipedia-500x375.jpg 500w, https:\/\/www.rivieradeifiori.it\/wp-content\/uploads\/2022\/05\/Pieve_di_Teco-IMG_0812-Davide-Papalini-Wikipedia-800x600.jpg 800w, https:\/\/www.rivieradeifiori.it\/wp-content\/uploads\/2022\/05\/Pieve_di_Teco-IMG_0812-Davide-Papalini-Wikipedia-1280x960.jpg 1280w, https:\/\/www.rivieradeifiori.it\/wp-content\/uploads\/2022\/05\/Pieve_di_Teco-IMG_0812-Davide-Papalini-Wikipedia-1080x810.jpg 1080w, https:\/\/www.rivieradeifiori.it\/wp-content\/uploads\/2022\/05\/Pieve_di_Teco-IMG_0812-Davide-Papalini-Wikipedia-150x113.jpg 150w\" data-vp-popup-img-size=\"1920x1440\" data-vp-popup-md-img=\"https:\/\/www.rivieradeifiori.it\/wp-content\/uploads\/2022\/05\/Pieve_di_Teco-IMG_0812-Davide-Papalini-Wikipedia-800x600.jpg\" data-vp-popup-md-img-size=\"800x600\" data-vp-popup-sm-img=\"https:\/\/www.rivieradeifiori.it\/wp-content\/uploads\/2022\/05\/Pieve_di_Teco-IMG_0812-Davide-Papalini-Wikipedia-500x375.jpg\" data-vp-popup-sm-img-size=\"500x375\">\n\t\t\t<h3 class=\"vp-portfolio__item-popup-title\">I Portici &#8211; Pieve di Teco \u00a9Davide Papalini | Wikipedia<\/h3>\n\t\t<\/template>\n\t\t\t\t\t\t<figure class=\"vp-portfolio__item\">\n\t\t\t\t\n<div class=\"vp-portfolio__item-img-wrap\">\n\t<div class=\"vp-portfolio__item-img\">\n\t\t\t<a\n\t\thref=\"https:\/\/www.rivieradeifiori.it\/wp-content\/uploads\/2022\/05\/Pieve_di_Teco-IMG_0812-Davide-Papalini-Wikipedia-1920x1440.jpg\"\n\t\t\t>\n\t\n\t\t<noscript><img decoding=\"async\" width=\"1920\" height=\"1440\" data-skip-lazy src=\"https:\/\/www.rivieradeifiori.it\/wp-content\/uploads\/2022\/05\/Pieve_di_Teco-IMG_0812-Davide-Papalini-Wikipedia-1920x1440.jpg\" class=\"wp-image-11763\" alt=\"\" srcset=\"https:\/\/www.rivieradeifiori.it\/wp-content\/uploads\/2022\/05\/Pieve_di_Teco-IMG_0812-Davide-Papalini-Wikipedia-1920x1440.jpg 1920w, https:\/\/www.rivieradeifiori.it\/wp-content\/uploads\/2022\/05\/Pieve_di_Teco-IMG_0812-Davide-Papalini-Wikipedia-300x225.jpg 300w, https:\/\/www.rivieradeifiori.it\/wp-content\/uploads\/2022\/05\/Pieve_di_Teco-IMG_0812-Davide-Papalini-Wikipedia-1270x953.jpg 1270w, https:\/\/www.rivieradeifiori.it\/wp-content\/uploads\/2022\/05\/Pieve_di_Teco-IMG_0812-Davide-Papalini-Wikipedia-1536x1152.jpg 1536w, https:\/\/www.rivieradeifiori.it\/wp-content\/uploads\/2022\/05\/Pieve_di_Teco-IMG_0812-Davide-Papalini-Wikipedia-2048x1536.jpg 2048w, https:\/\/www.rivieradeifiori.it\/wp-content\/uploads\/2022\/05\/Pieve_di_Teco-IMG_0812-Davide-Papalini-Wikipedia-500x375.jpg 500w, https:\/\/www.rivieradeifiori.it\/wp-content\/uploads\/2022\/05\/Pieve_di_Teco-IMG_0812-Davide-Papalini-Wikipedia-800x600.jpg 800w, https:\/\/www.rivieradeifiori.it\/wp-content\/uploads\/2022\/05\/Pieve_di_Teco-IMG_0812-Davide-Papalini-Wikipedia-1280x960.jpg 1280w, https:\/\/www.rivieradeifiori.it\/wp-content\/uploads\/2022\/05\/Pieve_di_Teco-IMG_0812-Davide-Papalini-Wikipedia-1080x810.jpg 1080w, https:\/\/www.rivieradeifiori.it\/wp-content\/uploads\/2022\/05\/Pieve_di_Teco-IMG_0812-Davide-Papalini-Wikipedia-150x113.jpg 150w\" sizes=\"(max-width: 1920px) 100vw, 1920px\" \/><\/noscript><img fetchpriority=\"high\" decoding=\"async\" width=\"1920\" height=\"1440\" src=\"https:\/\/www.rivieradeifiori.it\/wp-content\/uploads\/2022\/05\/Pieve_di_Teco-IMG_0812-Davide-Papalini-Wikipedia-1920x1440.jpg\" class=\"wp-image-11763 vp-lazyload\" alt srcset=\"data:image\/svg+xml;base64,PHN2ZyB3aWR0aD0iMTkyMCIgaGVpZ2h0PSIxNDQwIiB2aWV3Qm94PSIwIDAgMTkyMCAxNDQwIiBmaWxsPSJub25lIiB4bWxucz0iaHR0cDovL3d3dy53My5vcmcvMjAwMC9zdmciPjwvc3ZnPg==\" data-src=\"https:\/\/www.rivieradeifiori.it\/wp-content\/uploads\/2022\/05\/Pieve_di_Teco-IMG_0812-Davide-Papalini-Wikipedia-1920x1440.jpg\" data-srcset=\"https:\/\/www.rivieradeifiori.it\/wp-content\/uploads\/2022\/05\/Pieve_di_Teco-IMG_0812-Davide-Papalini-Wikipedia-1920x1440.jpg 1920w, https:\/\/www.rivieradeifiori.it\/wp-content\/uploads\/2022\/05\/Pieve_di_Teco-IMG_0812-Davide-Papalini-Wikipedia-300x225.jpg 300w, https:\/\/www.rivieradeifiori.it\/wp-content\/uploads\/2022\/05\/Pieve_di_Teco-IMG_0812-Davide-Papalini-Wikipedia-1270x953.jpg 1270w, https:\/\/www.rivieradeifiori.it\/wp-content\/uploads\/2022\/05\/Pieve_di_Teco-IMG_0812-Davide-Papalini-Wikipedia-1536x1152.jpg 1536w, https:\/\/www.rivieradeifiori.it\/wp-content\/uploads\/2022\/05\/Pieve_di_Teco-IMG_0812-Davide-Papalini-Wikipedia-2048x1536.jpg 2048w, https:\/\/www.rivieradeifiori.it\/wp-content\/uploads\/2022\/05\/Pieve_di_Teco-IMG_0812-Davide-Papalini-Wikipedia-500x375.jpg 500w, https:\/\/www.rivieradeifiori.it\/wp-content\/uploads\/2022\/05\/Pieve_di_Teco-IMG_0812-Davide-Papalini-Wikipedia-800x600.jpg 800w, https:\/\/www.rivieradeifiori.it\/wp-content\/uploads\/2022\/05\/Pieve_di_Teco-IMG_0812-Davide-Papalini-Wikipedia-1280x960.jpg 1280w, https:\/\/www.rivieradeifiori.it\/wp-content\/uploads\/2022\/05\/Pieve_di_Teco-IMG_0812-Davide-Papalini-Wikipedia-1080x810.jpg 1080w, https:\/\/www.rivieradeifiori.it\/wp-content\/uploads\/2022\/05\/Pieve_di_Teco-IMG_0812-Davide-Papalini-Wikipedia-150x113.jpg 150w\" data-sizes=\"auto\" loading=\"eager\">\n\t\t<div class=\"vp-portfolio__item-overlay\"><\/div>\n\n\t\t<\/a>\t<\/div>\n<\/div>\n\n\t<figcaption class=\"vp-portfolio__item-caption vp-portfolio__item-caption-text-align-center\">\n\t\t<div class=\"vp-portfolio__item-meta-wrap vp-portfolio__custom-scrollbar\">\n\t\t\t<div class=\"vp-portfolio__item-meta\">\n\t\t\t\t\n<h2 class=\"vp-portfolio__item-meta-title\">\n\t\t<a\n\t\thref=\"https:\/\/www.rivieradeifiori.it\/wp-content\/uploads\/2022\/05\/Pieve_di_Teco-IMG_0812-Davide-Papalini-Wikipedia-1920x1440.jpg\"\n\t\t\t>\n\tI Portici &#8211; Pieve di Teco \u00a9Davide Papalini | Wikipedia<\/a><\/h2>\n\t\t\t<\/div>\n\t\t<\/div>\n\t<\/figcaption>\n\t\t\t<\/figure>\n\t\t\t\t\t<\/div>\n\t\t\n\t\t<div\t\tclass=\"vp-portfolio__item-wrap vp-portfolio__item-uid-d5cf6dae\" data-vp-filter=\"\" \t\t>\n\t\t\t<template class=\"vp-portfolio__item-popup\" data-vp-popup-img=\"https:\/\/www.rivieradeifiori.it\/wp-content\/uploads\/2022\/05\/Pieve_di_Teco-IMG_0811-Davide-Papalini-Wikipedia.jpg\" data-vp-popup-img-srcset=\"https:\/\/www.rivieradeifiori.it\/wp-content\/uploads\/2022\/05\/Pieve_di_Teco-IMG_0811-Davide-Papalini-Wikipedia.jpg 1920w, https:\/\/www.rivieradeifiori.it\/wp-content\/uploads\/2022\/05\/Pieve_di_Teco-IMG_0811-Davide-Papalini-Wikipedia-225x300.jpg 225w, https:\/\/www.rivieradeifiori.it\/wp-content\/uploads\/2022\/05\/Pieve_di_Teco-IMG_0811-Davide-Papalini-Wikipedia-953x1270.jpg 953w, https:\/\/www.rivieradeifiori.it\/wp-content\/uploads\/2022\/05\/Pieve_di_Teco-IMG_0811-Davide-Papalini-Wikipedia-1152x1536.jpg 1152w, https:\/\/www.rivieradeifiori.it\/wp-content\/uploads\/2022\/05\/Pieve_di_Teco-IMG_0811-Davide-Papalini-Wikipedia-1536x2048.jpg 1536w, https:\/\/www.rivieradeifiori.it\/wp-content\/uploads\/2022\/05\/Pieve_di_Teco-IMG_0811-Davide-Papalini-Wikipedia-500x667.jpg 500w, https:\/\/www.rivieradeifiori.it\/wp-content\/uploads\/2022\/05\/Pieve_di_Teco-IMG_0811-Davide-Papalini-Wikipedia-800x1067.jpg 800w, https:\/\/www.rivieradeifiori.it\/wp-content\/uploads\/2022\/05\/Pieve_di_Teco-IMG_0811-Davide-Papalini-Wikipedia-1280x1707.jpg 1280w, https:\/\/www.rivieradeifiori.it\/wp-content\/uploads\/2022\/05\/Pieve_di_Teco-IMG_0811-Davide-Papalini-Wikipedia-1080x1440.jpg 1080w, https:\/\/www.rivieradeifiori.it\/wp-content\/uploads\/2022\/05\/Pieve_di_Teco-IMG_0811-Davide-Papalini-Wikipedia-150x200.jpg 150w, https:\/\/www.rivieradeifiori.it\/wp-content\/uploads\/2022\/05\/Pieve_di_Teco-IMG_0811-Davide-Papalini-Wikipedia-375x500.jpg 375w\" data-vp-popup-img-size=\"1920x2560\" data-vp-popup-md-img=\"https:\/\/www.rivieradeifiori.it\/wp-content\/uploads\/2022\/05\/Pieve_di_Teco-IMG_0811-Davide-Papalini-Wikipedia-800x1067.jpg\" data-vp-popup-md-img-size=\"800x1067\" data-vp-popup-sm-img=\"https:\/\/www.rivieradeifiori.it\/wp-content\/uploads\/2022\/05\/Pieve_di_Teco-IMG_0811-Davide-Papalini-Wikipedia-500x667.jpg\" data-vp-popup-sm-img-size=\"500x667\">\n\t\t\t<h3 class=\"vp-portfolio__item-popup-title\">Piazza Cavour &#8211; Torre dell&#8217;Orologio &#8211; Pieve di Teco \u00a9Davide Papalini | Wikipedia<\/h3>\n\t\t<\/template>\n\t\t\t\t\t\t<figure class=\"vp-portfolio__item\">\n\t\t\t\t\n<div class=\"vp-portfolio__item-img-wrap\">\n\t<div class=\"vp-portfolio__item-img\">\n\t\t\t<a\n\t\thref=\"https:\/\/www.rivieradeifiori.it\/wp-content\/uploads\/2022\/05\/Pieve_di_Teco-IMG_0811-Davide-Papalini-Wikipedia.jpg\"\n\t\t\t>\n\t\n\t\t<noscript><img decoding=\"async\" width=\"1920\" height=\"2560\" data-skip-lazy src=\"https:\/\/www.rivieradeifiori.it\/wp-content\/uploads\/2022\/05\/Pieve_di_Teco-IMG_0811-Davide-Papalini-Wikipedia.jpg\" class=\"wp-image-11758\" alt=\"\" srcset=\"https:\/\/www.rivieradeifiori.it\/wp-content\/uploads\/2022\/05\/Pieve_di_Teco-IMG_0811-Davide-Papalini-Wikipedia.jpg 1920w, https:\/\/www.rivieradeifiori.it\/wp-content\/uploads\/2022\/05\/Pieve_di_Teco-IMG_0811-Davide-Papalini-Wikipedia-225x300.jpg 225w, https:\/\/www.rivieradeifiori.it\/wp-content\/uploads\/2022\/05\/Pieve_di_Teco-IMG_0811-Davide-Papalini-Wikipedia-953x1270.jpg 953w, https:\/\/www.rivieradeifiori.it\/wp-content\/uploads\/2022\/05\/Pieve_di_Teco-IMG_0811-Davide-Papalini-Wikipedia-1152x1536.jpg 1152w, https:\/\/www.rivieradeifiori.it\/wp-content\/uploads\/2022\/05\/Pieve_di_Teco-IMG_0811-Davide-Papalini-Wikipedia-1536x2048.jpg 1536w, https:\/\/www.rivieradeifiori.it\/wp-content\/uploads\/2022\/05\/Pieve_di_Teco-IMG_0811-Davide-Papalini-Wikipedia-500x667.jpg 500w, https:\/\/www.rivieradeifiori.it\/wp-content\/uploads\/2022\/05\/Pieve_di_Teco-IMG_0811-Davide-Papalini-Wikipedia-800x1067.jpg 800w, https:\/\/www.rivieradeifiori.it\/wp-content\/uploads\/2022\/05\/Pieve_di_Teco-IMG_0811-Davide-Papalini-Wikipedia-1280x1707.jpg 1280w, https:\/\/www.rivieradeifiori.it\/wp-content\/uploads\/2022\/05\/Pieve_di_Teco-IMG_0811-Davide-Papalini-Wikipedia-1080x1440.jpg 1080w, https:\/\/www.rivieradeifiori.it\/wp-content\/uploads\/2022\/05\/Pieve_di_Teco-IMG_0811-Davide-Papalini-Wikipedia-150x200.jpg 150w, https:\/\/www.rivieradeifiori.it\/wp-content\/uploads\/2022\/05\/Pieve_di_Teco-IMG_0811-Davide-Papalini-Wikipedia-375x500.jpg 375w\" sizes=\"(max-width: 1920px) 100vw, 1920px\" \/><\/noscript><img decoding=\"async\" width=\"1920\" height=\"2560\" src=\"https:\/\/www.rivieradeifiori.it\/wp-content\/uploads\/2022\/05\/Pieve_di_Teco-IMG_0811-Davide-Papalini-Wikipedia.jpg\" class=\"wp-image-11758 vp-lazyload\" alt srcset=\"data:image\/svg+xml;base64,PHN2ZyB3aWR0aD0iMTkyMCIgaGVpZ2h0PSIyNTYwIiB2aWV3Qm94PSIwIDAgMTkyMCAyNTYwIiBmaWxsPSJub25lIiB4bWxucz0iaHR0cDovL3d3dy53My5vcmcvMjAwMC9zdmciPjwvc3ZnPg==\" data-src=\"https:\/\/www.rivieradeifiori.it\/wp-content\/uploads\/2022\/05\/Pieve_di_Teco-IMG_0811-Davide-Papalini-Wikipedia.jpg\" data-srcset=\"https:\/\/www.rivieradeifiori.it\/wp-content\/uploads\/2022\/05\/Pieve_di_Teco-IMG_0811-Davide-Papalini-Wikipedia.jpg 1920w, https:\/\/www.rivieradeifiori.it\/wp-content\/uploads\/2022\/05\/Pieve_di_Teco-IMG_0811-Davide-Papalini-Wikipedia-225x300.jpg 225w, https:\/\/www.rivieradeifiori.it\/wp-content\/uploads\/2022\/05\/Pieve_di_Teco-IMG_0811-Davide-Papalini-Wikipedia-953x1270.jpg 953w, https:\/\/www.rivieradeifiori.it\/wp-content\/uploads\/2022\/05\/Pieve_di_Teco-IMG_0811-Davide-Papalini-Wikipedia-1152x1536.jpg 1152w, https:\/\/www.rivieradeifiori.it\/wp-content\/uploads\/2022\/05\/Pieve_di_Teco-IMG_0811-Davide-Papalini-Wikipedia-1536x2048.jpg 1536w, https:\/\/www.rivieradeifiori.it\/wp-content\/uploads\/2022\/05\/Pieve_di_Teco-IMG_0811-Davide-Papalini-Wikipedia-500x667.jpg 500w, https:\/\/www.rivieradeifiori.it\/wp-content\/uploads\/2022\/05\/Pieve_di_Teco-IMG_0811-Davide-Papalini-Wikipedia-800x1067.jpg 800w, https:\/\/www.rivieradeifiori.it\/wp-content\/uploads\/2022\/05\/Pieve_di_Teco-IMG_0811-Davide-Papalini-Wikipedia-1280x1707.jpg 1280w, https:\/\/www.rivieradeifiori.it\/wp-content\/uploads\/2022\/05\/Pieve_di_Teco-IMG_0811-Davide-Papalini-Wikipedia-1080x1440.jpg 1080w, https:\/\/www.rivieradeifiori.it\/wp-content\/uploads\/2022\/05\/Pieve_di_Teco-IMG_0811-Davide-Papalini-Wikipedia-150x200.jpg 150w, https:\/\/www.rivieradeifiori.it\/wp-content\/uploads\/2022\/05\/Pieve_di_Teco-IMG_0811-Davide-Papalini-Wikipedia-375x500.jpg 375w\" data-sizes=\"auto\" loading=\"eager\">\n\t\t<div class=\"vp-portfolio__item-overlay\"><\/div>\n\n\t\t<\/a>\t<\/div>\n<\/div>\n\n\t<figcaption class=\"vp-portfolio__item-caption vp-portfolio__item-caption-text-align-center\">\n\t\t<div class=\"vp-portfolio__item-meta-wrap vp-portfolio__custom-scrollbar\">\n\t\t\t<div class=\"vp-portfolio__item-meta\">\n\t\t\t\t\n<h2 class=\"vp-portfolio__item-meta-title\">\n\t\t<a\n\t\thref=\"https:\/\/www.rivieradeifiori.it\/wp-content\/uploads\/2022\/05\/Pieve_di_Teco-IMG_0811-Davide-Papalini-Wikipedia.jpg\"\n\t\t\t>\n\tPiazza Cavour &#8211; Torre dell&#8217;Orologio &#8211; Pieve di Teco \u00a9Davide Papalini | Wikipedia<\/a><\/h2>\n\t\t\t<\/div>\n\t\t<\/div>\n\t<\/figcaption>\n\t\t\t<\/figure>\n\t\t\t\t\t<\/div>\n\t\t\n\t\t<div\t\tclass=\"vp-portfolio__item-wrap vp-portfolio__item-uid-dd92f7c9\" data-vp-filter=\"\" \t\t>\n\t\t\t<template class=\"vp-portfolio__item-popup\" data-vp-popup-img=\"https:\/\/www.rivieradeifiori.it\/wp-content\/uploads\/2022\/05\/Museo-Pieve-1920x1440.jpeg\" data-vp-popup-img-srcset=\"https:\/\/www.rivieradeifiori.it\/wp-content\/uploads\/2022\/05\/Museo-Pieve-1920x1440.jpeg 1920w, https:\/\/www.rivieradeifiori.it\/wp-content\/uploads\/2022\/05\/Museo-Pieve-300x225.jpeg 300w, https:\/\/www.rivieradeifiori.it\/wp-content\/uploads\/2022\/05\/Museo-Pieve-1270x953.jpeg 1270w, https:\/\/www.rivieradeifiori.it\/wp-content\/uploads\/2022\/05\/Museo-Pieve-1536x1152.jpeg 1536w, https:\/\/www.rivieradeifiori.it\/wp-content\/uploads\/2022\/05\/Museo-Pieve-500x375.jpeg 500w, https:\/\/www.rivieradeifiori.it\/wp-content\/uploads\/2022\/05\/Museo-Pieve-800x600.jpeg 800w, https:\/\/www.rivieradeifiori.it\/wp-content\/uploads\/2022\/05\/Museo-Pieve-1280x960.jpeg 1280w, https:\/\/www.rivieradeifiori.it\/wp-content\/uploads\/2022\/05\/Museo-Pieve-1080x810.jpeg 1080w, https:\/\/www.rivieradeifiori.it\/wp-content\/uploads\/2022\/05\/Museo-Pieve-150x113.jpeg 150w, https:\/\/www.rivieradeifiori.it\/wp-content\/uploads\/2022\/05\/Museo-Pieve.jpeg 2048w\" data-vp-popup-img-size=\"1920x1440\" data-vp-popup-md-img=\"https:\/\/www.rivieradeifiori.it\/wp-content\/uploads\/2022\/05\/Museo-Pieve-800x600.jpeg\" data-vp-popup-md-img-size=\"800x600\" data-vp-popup-sm-img=\"https:\/\/www.rivieradeifiori.it\/wp-content\/uploads\/2022\/05\/Museo-Pieve-500x375.jpeg\" data-vp-popup-sm-img-size=\"500x375\">\n\t\t\t<h3 class=\"vp-portfolio__item-popup-title\">Museo Nicola Ferrari &#8211; Pieve di Teco \u00a9Innovation Media<\/h3>\n\t\t<\/template>\n\t\t\t\t\t\t<figure class=\"vp-portfolio__item\">\n\t\t\t\t\n<div class=\"vp-portfolio__item-img-wrap\">\n\t<div class=\"vp-portfolio__item-img\">\n\t\t\t<a\n\t\thref=\"https:\/\/www.rivieradeifiori.it\/wp-content\/uploads\/2022\/05\/Museo-Pieve-1920x1440.jpeg\"\n\t\t\t>\n\t\n\t\t<noscript><img decoding=\"async\" width=\"1920\" height=\"1440\" data-skip-lazy src=\"https:\/\/www.rivieradeifiori.it\/wp-content\/uploads\/2022\/05\/Museo-Pieve-1920x1440.jpeg\" class=\"wp-image-11743\" alt=\"\" srcset=\"https:\/\/www.rivieradeifiori.it\/wp-content\/uploads\/2022\/05\/Museo-Pieve-1920x1440.jpeg 1920w, https:\/\/www.rivieradeifiori.it\/wp-content\/uploads\/2022\/05\/Museo-Pieve-300x225.jpeg 300w, https:\/\/www.rivieradeifiori.it\/wp-content\/uploads\/2022\/05\/Museo-Pieve-1270x953.jpeg 1270w, https:\/\/www.rivieradeifiori.it\/wp-content\/uploads\/2022\/05\/Museo-Pieve-1536x1152.jpeg 1536w, https:\/\/www.rivieradeifiori.it\/wp-content\/uploads\/2022\/05\/Museo-Pieve-500x375.jpeg 500w, https:\/\/www.rivieradeifiori.it\/wp-content\/uploads\/2022\/05\/Museo-Pieve-800x600.jpeg 800w, https:\/\/www.rivieradeifiori.it\/wp-content\/uploads\/2022\/05\/Museo-Pieve-1280x960.jpeg 1280w, https:\/\/www.rivieradeifiori.it\/wp-content\/uploads\/2022\/05\/Museo-Pieve-1080x810.jpeg 1080w, https:\/\/www.rivieradeifiori.it\/wp-content\/uploads\/2022\/05\/Museo-Pieve-150x113.jpeg 150w, https:\/\/www.rivieradeifiori.it\/wp-content\/uploads\/2022\/05\/Museo-Pieve.jpeg 2048w\" sizes=\"(max-width: 1920px) 100vw, 1920px\" \/><\/noscript><img decoding=\"async\" width=\"1920\" height=\"1440\" src=\"https:\/\/www.rivieradeifiori.it\/wp-content\/uploads\/2022\/05\/Museo-Pieve-1920x1440.jpeg\" class=\"wp-image-11743 vp-lazyload\" alt srcset=\"data:image\/svg+xml;base64,PHN2ZyB3aWR0aD0iMTkyMCIgaGVpZ2h0PSIxNDQwIiB2aWV3Qm94PSIwIDAgMTkyMCAxNDQwIiBmaWxsPSJub25lIiB4bWxucz0iaHR0cDovL3d3dy53My5vcmcvMjAwMC9zdmciPjwvc3ZnPg==\" data-src=\"https:\/\/www.rivieradeifiori.it\/wp-content\/uploads\/2022\/05\/Museo-Pieve-1920x1440.jpeg\" data-srcset=\"https:\/\/www.rivieradeifiori.it\/wp-content\/uploads\/2022\/05\/Museo-Pieve-1920x1440.jpeg 1920w, https:\/\/www.rivieradeifiori.it\/wp-content\/uploads\/2022\/05\/Museo-Pieve-300x225.jpeg 300w, https:\/\/www.rivieradeifiori.it\/wp-content\/uploads\/2022\/05\/Museo-Pieve-1270x953.jpeg 1270w, https:\/\/www.rivieradeifiori.it\/wp-content\/uploads\/2022\/05\/Museo-Pieve-1536x1152.jpeg 1536w, https:\/\/www.rivieradeifiori.it\/wp-content\/uploads\/2022\/05\/Museo-Pieve-500x375.jpeg 500w, https:\/\/www.rivieradeifiori.it\/wp-content\/uploads\/2022\/05\/Museo-Pieve-800x600.jpeg 800w, https:\/\/www.rivieradeifiori.it\/wp-content\/uploads\/2022\/05\/Museo-Pieve-1280x960.jpeg 1280w, https:\/\/www.rivieradeifiori.it\/wp-content\/uploads\/2022\/05\/Museo-Pieve-1080x810.jpeg 1080w, https:\/\/www.rivieradeifiori.it\/wp-content\/uploads\/2022\/05\/Museo-Pieve-150x113.jpeg 150w, https:\/\/www.rivieradeifiori.it\/wp-content\/uploads\/2022\/05\/Museo-Pieve.jpeg 2048w\" data-sizes=\"auto\" loading=\"eager\">\n\t\t<div class=\"vp-portfolio__item-overlay\"><\/div>\n\n\t\t<\/a>\t<\/div>\n<\/div>\n\n\t<figcaption class=\"vp-portfolio__item-caption vp-portfolio__item-caption-text-align-center\">\n\t\t<div class=\"vp-portfolio__item-meta-wrap vp-portfolio__custom-scrollbar\">\n\t\t\t<div class=\"vp-portfolio__item-meta\">\n\t\t\t\t\n<h2 class=\"vp-portfolio__item-meta-title\">\n\t\t<a\n\t\thref=\"https:\/\/www.rivieradeifiori.it\/wp-content\/uploads\/2022\/05\/Museo-Pieve-1920x1440.jpeg\"\n\t\t\t>\n\tMuseo Nicola Ferrari &#8211; Pieve di Teco \u00a9Innovation Media<\/a><\/h2>\n\t\t\t<\/div>\n\t\t<\/div>\n\t<\/figcaption>\n\t\t\t<\/figure>\n\t\t\t\t\t<\/div>\n\t\t\n\t\t<div\t\tclass=\"vp-portfolio__item-wrap vp-portfolio__item-uid-1142104e\" data-vp-filter=\"\" \t\t>\n\t\t\t<template class=\"vp-portfolio__item-popup\" data-vp-popup-img=\"https:\/\/www.rivieradeifiori.it\/wp-content\/uploads\/2022\/05\/Campanile-pieve-2.jpeg\" data-vp-popup-img-srcset=\"https:\/\/www.rivieradeifiori.it\/wp-content\/uploads\/2022\/05\/Campanile-pieve-2.jpeg 1536w, https:\/\/www.rivieradeifiori.it\/wp-content\/uploads\/2022\/05\/Campanile-pieve-2-225x300.jpeg 225w, https:\/\/www.rivieradeifiori.it\/wp-content\/uploads\/2022\/05\/Campanile-pieve-2-953x1270.jpeg 953w, https:\/\/www.rivieradeifiori.it\/wp-content\/uploads\/2022\/05\/Campanile-pieve-2-1152x1536.jpeg 1152w, https:\/\/www.rivieradeifiori.it\/wp-content\/uploads\/2022\/05\/Campanile-pieve-2-500x667.jpeg 500w, https:\/\/www.rivieradeifiori.it\/wp-content\/uploads\/2022\/05\/Campanile-pieve-2-800x1067.jpeg 800w, https:\/\/www.rivieradeifiori.it\/wp-content\/uploads\/2022\/05\/Campanile-pieve-2-1280x1707.jpeg 1280w, https:\/\/www.rivieradeifiori.it\/wp-content\/uploads\/2022\/05\/Campanile-pieve-2-1080x1440.jpeg 1080w, https:\/\/www.rivieradeifiori.it\/wp-content\/uploads\/2022\/05\/Campanile-pieve-2-150x200.jpeg 150w, https:\/\/www.rivieradeifiori.it\/wp-content\/uploads\/2022\/05\/Campanile-pieve-2-375x500.jpeg 375w\" data-vp-popup-img-size=\"1536x2048\" data-vp-popup-md-img=\"https:\/\/www.rivieradeifiori.it\/wp-content\/uploads\/2022\/05\/Campanile-pieve-2-800x1067.jpeg\" data-vp-popup-md-img-size=\"800x1067\" data-vp-popup-sm-img=\"https:\/\/www.rivieradeifiori.it\/wp-content\/uploads\/2022\/05\/Campanile-pieve-2-500x667.jpeg\" data-vp-popup-sm-img-size=\"500x667\">\n\t\t\t<h3 class=\"vp-portfolio__item-popup-title\">\u00a9Innovation Media<\/h3>\n\t\t<\/template>\n\t\t\t\t\t\t<figure class=\"vp-portfolio__item\">\n\t\t\t\t\n<div class=\"vp-portfolio__item-img-wrap\">\n\t<div class=\"vp-portfolio__item-img\">\n\t\t\t<a\n\t\thref=\"https:\/\/www.rivieradeifiori.it\/wp-content\/uploads\/2022\/05\/Campanile-pieve-2.jpeg\"\n\t\t\t>\n\t\n\t\t<noscript><img decoding=\"async\" width=\"1536\" height=\"2048\" data-skip-lazy src=\"https:\/\/www.rivieradeifiori.it\/wp-content\/uploads\/2022\/05\/Campanile-pieve-2.jpeg\" class=\"wp-image-10993\" alt=\"\" srcset=\"https:\/\/www.rivieradeifiori.it\/wp-content\/uploads\/2022\/05\/Campanile-pieve-2.jpeg 1536w, https:\/\/www.rivieradeifiori.it\/wp-content\/uploads\/2022\/05\/Campanile-pieve-2-225x300.jpeg 225w, https:\/\/www.rivieradeifiori.it\/wp-content\/uploads\/2022\/05\/Campanile-pieve-2-953x1270.jpeg 953w, https:\/\/www.rivieradeifiori.it\/wp-content\/uploads\/2022\/05\/Campanile-pieve-2-1152x1536.jpeg 1152w, https:\/\/www.rivieradeifiori.it\/wp-content\/uploads\/2022\/05\/Campanile-pieve-2-500x667.jpeg 500w, https:\/\/www.rivieradeifiori.it\/wp-content\/uploads\/2022\/05\/Campanile-pieve-2-800x1067.jpeg 800w, https:\/\/www.rivieradeifiori.it\/wp-content\/uploads\/2022\/05\/Campanile-pieve-2-1280x1707.jpeg 1280w, https:\/\/www.rivieradeifiori.it\/wp-content\/uploads\/2022\/05\/Campanile-pieve-2-1080x1440.jpeg 1080w, https:\/\/www.rivieradeifiori.it\/wp-content\/uploads\/2022\/05\/Campanile-pieve-2-150x200.jpeg 150w, https:\/\/www.rivieradeifiori.it\/wp-content\/uploads\/2022\/05\/Campanile-pieve-2-375x500.jpeg 375w\" sizes=\"(max-width: 1536px) 100vw, 1536px\" \/><\/noscript><img decoding=\"async\" width=\"1536\" height=\"2048\" src=\"https:\/\/www.rivieradeifiori.it\/wp-content\/uploads\/2022\/05\/Campanile-pieve-2.jpeg\" class=\"wp-image-10993 vp-lazyload\" alt srcset=\"data:image\/svg+xml;base64,PHN2ZyB3aWR0aD0iMTUzNiIgaGVpZ2h0PSIyMDQ4IiB2aWV3Qm94PSIwIDAgMTUzNiAyMDQ4IiBmaWxsPSJub25lIiB4bWxucz0iaHR0cDovL3d3dy53My5vcmcvMjAwMC9zdmciPjwvc3ZnPg==\" data-src=\"https:\/\/www.rivieradeifiori.it\/wp-content\/uploads\/2022\/05\/Campanile-pieve-2.jpeg\" data-srcset=\"https:\/\/www.rivieradeifiori.it\/wp-content\/uploads\/2022\/05\/Campanile-pieve-2.jpeg 1536w, https:\/\/www.rivieradeifiori.it\/wp-content\/uploads\/2022\/05\/Campanile-pieve-2-225x300.jpeg 225w, https:\/\/www.rivieradeifiori.it\/wp-content\/uploads\/2022\/05\/Campanile-pieve-2-953x1270.jpeg 953w, https:\/\/www.rivieradeifiori.it\/wp-content\/uploads\/2022\/05\/Campanile-pieve-2-1152x1536.jpeg 1152w, https:\/\/www.rivieradeifiori.it\/wp-content\/uploads\/2022\/05\/Campanile-pieve-2-500x667.jpeg 500w, https:\/\/www.rivieradeifiori.it\/wp-content\/uploads\/2022\/05\/Campanile-pieve-2-800x1067.jpeg 800w, https:\/\/www.rivieradeifiori.it\/wp-content\/uploads\/2022\/05\/Campanile-pieve-2-1280x1707.jpeg 1280w, https:\/\/www.rivieradeifiori.it\/wp-content\/uploads\/2022\/05\/Campanile-pieve-2-1080x1440.jpeg 1080w, https:\/\/www.rivieradeifiori.it\/wp-content\/uploads\/2022\/05\/Campanile-pieve-2-150x200.jpeg 150w, https:\/\/www.rivieradeifiori.it\/wp-content\/uploads\/2022\/05\/Campanile-pieve-2-375x500.jpeg 375w\" data-sizes=\"auto\" loading=\"eager\">\n\t\t<div class=\"vp-portfolio__item-overlay\"><\/div>\n\n\t\t<\/a>\t<\/div>\n<\/div>\n\n\t<figcaption class=\"vp-portfolio__item-caption vp-portfolio__item-caption-text-align-center\">\n\t\t<div class=\"vp-portfolio__item-meta-wrap vp-portfolio__custom-scrollbar\">\n\t\t\t<div class=\"vp-portfolio__item-meta\">\n\t\t\t\t\n<h2 class=\"vp-portfolio__item-meta-title\">\n\t\t<a\n\t\thref=\"https:\/\/www.rivieradeifiori.it\/wp-content\/uploads\/2022\/05\/Campanile-pieve-2.jpeg\"\n\t\t\t>\n\tCampanile Complesso della Madonna della Ripa \u00a9Innovation Media<\/a><\/h2>\n\t\t\t<\/div>\n\t\t<\/div>\n\t<\/figcaption>\n\t\t\t<\/figure>\n\t\t\t\t\t<\/div>\n\t\t\n\t\t<div\t\tclass=\"vp-portfolio__item-wrap vp-portfolio__item-uid-155c11b7\" data-vp-filter=\"\" \t\t>\n\t\t\t<template class=\"vp-portfolio__item-popup\" data-vp-popup-img=\"https:\/\/www.rivieradeifiori.it\/wp-content\/uploads\/2022\/05\/Buona-morte-4.jpeg\" data-vp-popup-img-srcset=\"https:\/\/www.rivieradeifiori.it\/wp-content\/uploads\/2022\/05\/Buona-morte-4.jpeg 1536w, https:\/\/www.rivieradeifiori.it\/wp-content\/uploads\/2022\/05\/Buona-morte-4-225x300.jpeg 225w, https:\/\/www.rivieradeifiori.it\/wp-content\/uploads\/2022\/05\/Buona-morte-4-953x1270.jpeg 953w, https:\/\/www.rivieradeifiori.it\/wp-content\/uploads\/2022\/05\/Buona-morte-4-1152x1536.jpeg 1152w, https:\/\/www.rivieradeifiori.it\/wp-content\/uploads\/2022\/05\/Buona-morte-4-500x667.jpeg 500w, https:\/\/www.rivieradeifiori.it\/wp-content\/uploads\/2022\/05\/Buona-morte-4-800x1067.jpeg 800w, https:\/\/www.rivieradeifiori.it\/wp-content\/uploads\/2022\/05\/Buona-morte-4-1280x1707.jpeg 1280w, https:\/\/www.rivieradeifiori.it\/wp-content\/uploads\/2022\/05\/Buona-morte-4-1080x1440.jpeg 1080w, https:\/\/www.rivieradeifiori.it\/wp-content\/uploads\/2022\/05\/Buona-morte-4-150x200.jpeg 150w, https:\/\/www.rivieradeifiori.it\/wp-content\/uploads\/2022\/05\/Buona-morte-4-375x500.jpeg 375w\" data-vp-popup-img-size=\"1536x2048\" data-vp-popup-md-img=\"https:\/\/www.rivieradeifiori.it\/wp-content\/uploads\/2022\/05\/Buona-morte-4-800x1067.jpeg\" data-vp-popup-md-img-size=\"800x1067\" data-vp-popup-sm-img=\"https:\/\/www.rivieradeifiori.it\/wp-content\/uploads\/2022\/05\/Buona-morte-4-500x667.jpeg\" data-vp-popup-sm-img-size=\"500x667\">\n\t\t\t<h3 class=\"vp-portfolio__item-popup-title\">Confraternita Della Buona Morte &#8211; Pieve di Teco \u00a9Innovation Media \u00a9Innovation Media<\/h3>\n\t\t<\/template>\n\t\t\t\t\t\t<figure class=\"vp-portfolio__item\">\n\t\t\t\t\n<div class=\"vp-portfolio__item-img-wrap\">\n\t<div class=\"vp-portfolio__item-img\">\n\t\t\t<a\n\t\thref=\"https:\/\/www.rivieradeifiori.it\/wp-content\/uploads\/2022\/05\/Buona-morte-4.jpeg\"\n\t\t\t>\n\t\n\t\t<noscript><img decoding=\"async\" width=\"1536\" height=\"2048\" data-skip-lazy src=\"https:\/\/www.rivieradeifiori.it\/wp-content\/uploads\/2022\/05\/Buona-morte-4.jpeg\" class=\"wp-image-10983\" alt=\"\" srcset=\"https:\/\/www.rivieradeifiori.it\/wp-content\/uploads\/2022\/05\/Buona-morte-4.jpeg 1536w, https:\/\/www.rivieradeifiori.it\/wp-content\/uploads\/2022\/05\/Buona-morte-4-225x300.jpeg 225w, https:\/\/www.rivieradeifiori.it\/wp-content\/uploads\/2022\/05\/Buona-morte-4-953x1270.jpeg 953w, https:\/\/www.rivieradeifiori.it\/wp-content\/uploads\/2022\/05\/Buona-morte-4-1152x1536.jpeg 1152w, https:\/\/www.rivieradeifiori.it\/wp-content\/uploads\/2022\/05\/Buona-morte-4-500x667.jpeg 500w, https:\/\/www.rivieradeifiori.it\/wp-content\/uploads\/2022\/05\/Buona-morte-4-800x1067.jpeg 800w, https:\/\/www.rivieradeifiori.it\/wp-content\/uploads\/2022\/05\/Buona-morte-4-1280x1707.jpeg 1280w, https:\/\/www.rivieradeifiori.it\/wp-content\/uploads\/2022\/05\/Buona-morte-4-1080x1440.jpeg 1080w, https:\/\/www.rivieradeifiori.it\/wp-content\/uploads\/2022\/05\/Buona-morte-4-150x200.jpeg 150w, https:\/\/www.rivieradeifiori.it\/wp-content\/uploads\/2022\/05\/Buona-morte-4-375x500.jpeg 375w\" sizes=\"(max-width: 1536px) 100vw, 1536px\" \/><\/noscript><img decoding=\"async\" width=\"1536\" height=\"2048\" src=\"https:\/\/www.rivieradeifiori.it\/wp-content\/uploads\/2022\/05\/Buona-morte-4.jpeg\" class=\"wp-image-10983 vp-lazyload\" alt srcset=\"data:image\/svg+xml;base64,PHN2ZyB3aWR0aD0iMTUzNiIgaGVpZ2h0PSIyMDQ4IiB2aWV3Qm94PSIwIDAgMTUzNiAyMDQ4IiBmaWxsPSJub25lIiB4bWxucz0iaHR0cDovL3d3dy53My5vcmcvMjAwMC9zdmciPjwvc3ZnPg==\" data-src=\"https:\/\/www.rivieradeifiori.it\/wp-content\/uploads\/2022\/05\/Buona-morte-4.jpeg\" data-srcset=\"https:\/\/www.rivieradeifiori.it\/wp-content\/uploads\/2022\/05\/Buona-morte-4.jpeg 1536w, https:\/\/www.rivieradeifiori.it\/wp-content\/uploads\/2022\/05\/Buona-morte-4-225x300.jpeg 225w, https:\/\/www.rivieradeifiori.it\/wp-content\/uploads\/2022\/05\/Buona-morte-4-953x1270.jpeg 953w, https:\/\/www.rivieradeifiori.it\/wp-content\/uploads\/2022\/05\/Buona-morte-4-1152x1536.jpeg 1152w, https:\/\/www.rivieradeifiori.it\/wp-content\/uploads\/2022\/05\/Buona-morte-4-500x667.jpeg 500w, https:\/\/www.rivieradeifiori.it\/wp-content\/uploads\/2022\/05\/Buona-morte-4-800x1067.jpeg 800w, https:\/\/www.rivieradeifiori.it\/wp-content\/uploads\/2022\/05\/Buona-morte-4-1280x1707.jpeg 1280w, https:\/\/www.rivieradeifiori.it\/wp-content\/uploads\/2022\/05\/Buona-morte-4-1080x1440.jpeg 1080w, https:\/\/www.rivieradeifiori.it\/wp-content\/uploads\/2022\/05\/Buona-morte-4-150x200.jpeg 150w, https:\/\/www.rivieradeifiori.it\/wp-content\/uploads\/2022\/05\/Buona-morte-4-375x500.jpeg 375w\" data-sizes=\"auto\" loading=\"eager\">\n\t\t<div class=\"vp-portfolio__item-overlay\"><\/div>\n\n\t\t<\/a>\t<\/div>\n<\/div>\n\n\t<figcaption class=\"vp-portfolio__item-caption vp-portfolio__item-caption-text-align-center\">\n\t\t<div class=\"vp-portfolio__item-meta-wrap vp-portfolio__custom-scrollbar\">\n\t\t\t<div class=\"vp-portfolio__item-meta\">\n\t\t\t\t\n<h2 class=\"vp-portfolio__item-meta-title\">\n\t\t<a\n\t\thref=\"https:\/\/www.rivieradeifiori.it\/wp-content\/uploads\/2022\/05\/Buona-morte-4.jpeg\"\n\t\t\t>\n\tConfraternita Della Buona Morte &#8211; Pieve di Teco \u00a9Innovation Media<\/a><\/h2>\n\t\t\t<\/div>\n\t\t<\/div>\n\t<\/figcaption>\n\t\t\t<\/figure>\n\t\t\t\t\t<\/div>\n\t\t\n\t\t<div\t\tclass=\"vp-portfolio__item-wrap vp-portfolio__item-uid-ce4a0755\" data-vp-filter=\"\" \t\t>\n\t\t\t<template class=\"vp-portfolio__item-popup\" data-vp-popup-img=\"https:\/\/www.rivieradeifiori.it\/wp-content\/uploads\/2022\/05\/Buona-morte-3.jpeg\" data-vp-popup-img-srcset=\"https:\/\/www.rivieradeifiori.it\/wp-content\/uploads\/2022\/05\/Buona-morte-3.jpeg 1536w, https:\/\/www.rivieradeifiori.it\/wp-content\/uploads\/2022\/05\/Buona-morte-3-225x300.jpeg 225w, https:\/\/www.rivieradeifiori.it\/wp-content\/uploads\/2022\/05\/Buona-morte-3-953x1270.jpeg 953w, https:\/\/www.rivieradeifiori.it\/wp-content\/uploads\/2022\/05\/Buona-morte-3-1152x1536.jpeg 1152w, https:\/\/www.rivieradeifiori.it\/wp-content\/uploads\/2022\/05\/Buona-morte-3-500x667.jpeg 500w, https:\/\/www.rivieradeifiori.it\/wp-content\/uploads\/2022\/05\/Buona-morte-3-800x1067.jpeg 800w, https:\/\/www.rivieradeifiori.it\/wp-content\/uploads\/2022\/05\/Buona-morte-3-1280x1707.jpeg 1280w, https:\/\/www.rivieradeifiori.it\/wp-content\/uploads\/2022\/05\/Buona-morte-3-1080x1440.jpeg 1080w, https:\/\/www.rivieradeifiori.it\/wp-content\/uploads\/2022\/05\/Buona-morte-3-150x200.jpeg 150w, https:\/\/www.rivieradeifiori.it\/wp-content\/uploads\/2022\/05\/Buona-morte-3-375x500.jpeg 375w\" data-vp-popup-img-size=\"1536x2048\" data-vp-popup-md-img=\"https:\/\/www.rivieradeifiori.it\/wp-content\/uploads\/2022\/05\/Buona-morte-3-800x1067.jpeg\" data-vp-popup-md-img-size=\"800x1067\" data-vp-popup-sm-img=\"https:\/\/www.rivieradeifiori.it\/wp-content\/uploads\/2022\/05\/Buona-morte-3-500x667.jpeg\" data-vp-popup-sm-img-size=\"500x667\">\n\t\t\t<h3 class=\"vp-portfolio__item-popup-title\">Abiti Confraternita Della Buona Morte &#8211; Pieve di Teco \u00a9Innovation Media \u00a9Innovation Media<\/h3>\n\t\t<\/template>\n\t\t\t\t\t\t<figure class=\"vp-portfolio__item\">\n\t\t\t\t\n<div class=\"vp-portfolio__item-img-wrap\">\n\t<div class=\"vp-portfolio__item-img\">\n\t\t\t<a\n\t\thref=\"https:\/\/www.rivieradeifiori.it\/wp-content\/uploads\/2022\/05\/Buona-morte-3.jpeg\"\n\t\t\t>\n\t\n\t\t<noscript><img decoding=\"async\" width=\"1536\" height=\"2048\" data-skip-lazy src=\"https:\/\/www.rivieradeifiori.it\/wp-content\/uploads\/2022\/05\/Buona-morte-3.jpeg\" class=\"wp-image-10978\" alt=\"\" srcset=\"https:\/\/www.rivieradeifiori.it\/wp-content\/uploads\/2022\/05\/Buona-morte-3.jpeg 1536w, https:\/\/www.rivieradeifiori.it\/wp-content\/uploads\/2022\/05\/Buona-morte-3-225x300.jpeg 225w, https:\/\/www.rivieradeifiori.it\/wp-content\/uploads\/2022\/05\/Buona-morte-3-953x1270.jpeg 953w, https:\/\/www.rivieradeifiori.it\/wp-content\/uploads\/2022\/05\/Buona-morte-3-1152x1536.jpeg 1152w, https:\/\/www.rivieradeifiori.it\/wp-content\/uploads\/2022\/05\/Buona-morte-3-500x667.jpeg 500w, https:\/\/www.rivieradeifiori.it\/wp-content\/uploads\/2022\/05\/Buona-morte-3-800x1067.jpeg 800w, https:\/\/www.rivieradeifiori.it\/wp-content\/uploads\/2022\/05\/Buona-morte-3-1280x1707.jpeg 1280w, https:\/\/www.rivieradeifiori.it\/wp-content\/uploads\/2022\/05\/Buona-morte-3-1080x1440.jpeg 1080w, https:\/\/www.rivieradeifiori.it\/wp-content\/uploads\/2022\/05\/Buona-morte-3-150x200.jpeg 150w, https:\/\/www.rivieradeifiori.it\/wp-content\/uploads\/2022\/05\/Buona-morte-3-375x500.jpeg 375w\" sizes=\"(max-width: 1536px) 100vw, 1536px\" \/><\/noscript><img decoding=\"async\" width=\"1536\" height=\"2048\" src=\"https:\/\/www.rivieradeifiori.it\/wp-content\/uploads\/2022\/05\/Buona-morte-3.jpeg\" class=\"wp-image-10978 vp-lazyload\" alt srcset=\"data:image\/svg+xml;base64,PHN2ZyB3aWR0aD0iMTUzNiIgaGVpZ2h0PSIyMDQ4IiB2aWV3Qm94PSIwIDAgMTUzNiAyMDQ4IiBmaWxsPSJub25lIiB4bWxucz0iaHR0cDovL3d3dy53My5vcmcvMjAwMC9zdmciPjwvc3ZnPg==\" data-src=\"https:\/\/www.rivieradeifiori.it\/wp-content\/uploads\/2022\/05\/Buona-morte-3.jpeg\" data-srcset=\"https:\/\/www.rivieradeifiori.it\/wp-content\/uploads\/2022\/05\/Buona-morte-3.jpeg 1536w, https:\/\/www.rivieradeifiori.it\/wp-content\/uploads\/2022\/05\/Buona-morte-3-225x300.jpeg 225w, https:\/\/www.rivieradeifiori.it\/wp-content\/uploads\/2022\/05\/Buona-morte-3-953x1270.jpeg 953w, https:\/\/www.rivieradeifiori.it\/wp-content\/uploads\/2022\/05\/Buona-morte-3-1152x1536.jpeg 1152w, https:\/\/www.rivieradeifiori.it\/wp-content\/uploads\/2022\/05\/Buona-morte-3-500x667.jpeg 500w, https:\/\/www.rivieradeifiori.it\/wp-content\/uploads\/2022\/05\/Buona-morte-3-800x1067.jpeg 800w, https:\/\/www.rivieradeifiori.it\/wp-content\/uploads\/2022\/05\/Buona-morte-3-1280x1707.jpeg 1280w, https:\/\/www.rivieradeifiori.it\/wp-content\/uploads\/2022\/05\/Buona-morte-3-1080x1440.jpeg 1080w, https:\/\/www.rivieradeifiori.it\/wp-content\/uploads\/2022\/05\/Buona-morte-3-150x200.jpeg 150w, https:\/\/www.rivieradeifiori.it\/wp-content\/uploads\/2022\/05\/Buona-morte-3-375x500.jpeg 375w\" data-sizes=\"auto\" loading=\"eager\">\n\t\t<div class=\"vp-portfolio__item-overlay\"><\/div>\n\n\t\t<\/a>\t<\/div>\n<\/div>\n\n\t<figcaption class=\"vp-portfolio__item-caption vp-portfolio__item-caption-text-align-center\">\n\t\t<div class=\"vp-portfolio__item-meta-wrap vp-portfolio__custom-scrollbar\">\n\t\t\t<div class=\"vp-portfolio__item-meta\">\n\t\t\t\t\n<h2 class=\"vp-portfolio__item-meta-title\">\n\t\t<a\n\t\thref=\"https:\/\/www.rivieradeifiori.it\/wp-content\/uploads\/2022\/05\/Buona-morte-3.jpeg\"\n\t\t\t>\n\tAbiti Confraternita Della Buona Morte &#8211; Pieve di Teco \u00a9Innovation Media<\/a><\/h2>\n\t\t\t<\/div>\n\t\t<\/div>\n\t<\/figcaption>\n\t\t\t<\/figure>\n\t\t\t\t\t<\/div>\n\t\t\n\t\t<div\t\tclass=\"vp-portfolio__item-wrap vp-portfolio__item-uid-df0cac73\" data-vp-filter=\"\" \t\t>\n\t\t\t<template class=\"vp-portfolio__item-popup\" data-vp-popup-img=\"https:\/\/www.rivieradeifiori.it\/wp-content\/uploads\/2022\/05\/Buona-morte-2-1920x1440.jpeg\" data-vp-popup-img-srcset=\"https:\/\/www.rivieradeifiori.it\/wp-content\/uploads\/2022\/05\/Buona-morte-2-1920x1440.jpeg 1920w, https:\/\/www.rivieradeifiori.it\/wp-content\/uploads\/2022\/05\/Buona-morte-2-300x225.jpeg 300w, https:\/\/www.rivieradeifiori.it\/wp-content\/uploads\/2022\/05\/Buona-morte-2-1270x953.jpeg 1270w, https:\/\/www.rivieradeifiori.it\/wp-content\/uploads\/2022\/05\/Buona-morte-2-1536x1152.jpeg 1536w, https:\/\/www.rivieradeifiori.it\/wp-content\/uploads\/2022\/05\/Buona-morte-2-500x375.jpeg 500w, https:\/\/www.rivieradeifiori.it\/wp-content\/uploads\/2022\/05\/Buona-morte-2-800x600.jpeg 800w, https:\/\/www.rivieradeifiori.it\/wp-content\/uploads\/2022\/05\/Buona-morte-2-1280x960.jpeg 1280w, https:\/\/www.rivieradeifiori.it\/wp-content\/uploads\/2022\/05\/Buona-morte-2-1080x810.jpeg 1080w, https:\/\/www.rivieradeifiori.it\/wp-content\/uploads\/2022\/05\/Buona-morte-2-150x113.jpeg 150w, https:\/\/www.rivieradeifiori.it\/wp-content\/uploads\/2022\/05\/Buona-morte-2.jpeg 2048w\" data-vp-popup-img-size=\"1920x1440\" data-vp-popup-md-img=\"https:\/\/www.rivieradeifiori.it\/wp-content\/uploads\/2022\/05\/Buona-morte-2-800x600.jpeg\" data-vp-popup-md-img-size=\"800x600\" data-vp-popup-sm-img=\"https:\/\/www.rivieradeifiori.it\/wp-content\/uploads\/2022\/05\/Buona-morte-2-500x375.jpeg\" data-vp-popup-sm-img-size=\"500x375\">\n\t\t\t<h3 class=\"vp-portfolio__item-popup-title\">Abiti Confraternita Della Buona Morte &#8211; Pieve di Teco \u00a9Innovation Media \u00a9Innovation Media<\/h3>\n\t\t<\/template>\n\t\t\t\t\t\t<figure class=\"vp-portfolio__item\">\n\t\t\t\t\n<div class=\"vp-portfolio__item-img-wrap\">\n\t<div class=\"vp-portfolio__item-img\">\n\t\t\t<a\n\t\thref=\"https:\/\/www.rivieradeifiori.it\/wp-content\/uploads\/2022\/05\/Buona-morte-2-1920x1440.jpeg\"\n\t\t\t>\n\t\n\t\t<noscript><img decoding=\"async\" width=\"1920\" height=\"1440\" data-skip-lazy src=\"https:\/\/www.rivieradeifiori.it\/wp-content\/uploads\/2022\/05\/Buona-morte-2-1920x1440.jpeg\" class=\"wp-image-10973\" alt=\"\" srcset=\"https:\/\/www.rivieradeifiori.it\/wp-content\/uploads\/2022\/05\/Buona-morte-2-1920x1440.jpeg 1920w, https:\/\/www.rivieradeifiori.it\/wp-content\/uploads\/2022\/05\/Buona-morte-2-300x225.jpeg 300w, https:\/\/www.rivieradeifiori.it\/wp-content\/uploads\/2022\/05\/Buona-morte-2-1270x953.jpeg 1270w, https:\/\/www.rivieradeifiori.it\/wp-content\/uploads\/2022\/05\/Buona-morte-2-1536x1152.jpeg 1536w, https:\/\/www.rivieradeifiori.it\/wp-content\/uploads\/2022\/05\/Buona-morte-2-500x375.jpeg 500w, https:\/\/www.rivieradeifiori.it\/wp-content\/uploads\/2022\/05\/Buona-morte-2-800x600.jpeg 800w, https:\/\/www.rivieradeifiori.it\/wp-content\/uploads\/2022\/05\/Buona-morte-2-1280x960.jpeg 1280w, https:\/\/www.rivieradeifiori.it\/wp-content\/uploads\/2022\/05\/Buona-morte-2-1080x810.jpeg 1080w, https:\/\/www.rivieradeifiori.it\/wp-content\/uploads\/2022\/05\/Buona-morte-2-150x113.jpeg 150w, https:\/\/www.rivieradeifiori.it\/wp-content\/uploads\/2022\/05\/Buona-morte-2.jpeg 2048w\" sizes=\"(max-width: 1920px) 100vw, 1920px\" \/><\/noscript><img decoding=\"async\" width=\"1920\" height=\"1440\" src=\"https:\/\/www.rivieradeifiori.it\/wp-content\/uploads\/2022\/05\/Buona-morte-2-1920x1440.jpeg\" class=\"wp-image-10973 vp-lazyload\" alt srcset=\"data:image\/svg+xml;base64,PHN2ZyB3aWR0aD0iMTkyMCIgaGVpZ2h0PSIxNDQwIiB2aWV3Qm94PSIwIDAgMTkyMCAxNDQwIiBmaWxsPSJub25lIiB4bWxucz0iaHR0cDovL3d3dy53My5vcmcvMjAwMC9zdmciPjwvc3ZnPg==\" data-src=\"https:\/\/www.rivieradeifiori.it\/wp-content\/uploads\/2022\/05\/Buona-morte-2-1920x1440.jpeg\" data-srcset=\"https:\/\/www.rivieradeifiori.it\/wp-content\/uploads\/2022\/05\/Buona-morte-2-1920x1440.jpeg 1920w, https:\/\/www.rivieradeifiori.it\/wp-content\/uploads\/2022\/05\/Buona-morte-2-300x225.jpeg 300w, https:\/\/www.rivieradeifiori.it\/wp-content\/uploads\/2022\/05\/Buona-morte-2-1270x953.jpeg 1270w, https:\/\/www.rivieradeifiori.it\/wp-content\/uploads\/2022\/05\/Buona-morte-2-1536x1152.jpeg 1536w, https:\/\/www.rivieradeifiori.it\/wp-content\/uploads\/2022\/05\/Buona-morte-2-500x375.jpeg 500w, https:\/\/www.rivieradeifiori.it\/wp-content\/uploads\/2022\/05\/Buona-morte-2-800x600.jpeg 800w, https:\/\/www.rivieradeifiori.it\/wp-content\/uploads\/2022\/05\/Buona-morte-2-1280x960.jpeg 1280w, https:\/\/www.rivieradeifiori.it\/wp-content\/uploads\/2022\/05\/Buona-morte-2-1080x810.jpeg 1080w, https:\/\/www.rivieradeifiori.it\/wp-content\/uploads\/2022\/05\/Buona-morte-2-150x113.jpeg 150w, https:\/\/www.rivieradeifiori.it\/wp-content\/uploads\/2022\/05\/Buona-morte-2.jpeg 2048w\" data-sizes=\"auto\" loading=\"eager\">\n\t\t<div class=\"vp-portfolio__item-overlay\"><\/div>\n\n\t\t<\/a>\t<\/div>\n<\/div>\n\n\t<figcaption class=\"vp-portfolio__item-caption vp-portfolio__item-caption-text-align-center\">\n\t\t<div class=\"vp-portfolio__item-meta-wrap vp-portfolio__custom-scrollbar\">\n\t\t\t<div class=\"vp-portfolio__item-meta\">\n\t\t\t\t\n<h2 class=\"vp-portfolio__item-meta-title\">\n\t\t<a\n\t\thref=\"https:\/\/www.rivieradeifiori.it\/wp-content\/uploads\/2022\/05\/Buona-morte-2-1920x1440.jpeg\"\n\t\t\t>\n\tAbiti Confraternita Della Buona Morte &#8211; Pieve di Teco \u00a9Innovation Media<\/a><\/h2>\n\t\t\t<\/div>\n\t\t<\/div>\n\t<\/figcaption>\n\t\t\t<\/figure>\n\t\t\t\t\t<\/div>\n\t\t\n\t\t<div\t\tclass=\"vp-portfolio__item-wrap vp-portfolio__item-uid-28bbdd70\" data-vp-filter=\"\" \t\t>\n\t\t\t<template class=\"vp-portfolio__item-popup\" data-vp-popup-img=\"https:\/\/www.rivieradeifiori.it\/wp-content\/uploads\/2022\/05\/Pieve_di_Teco-santuario_madonna_dei_fanghi2-Davide-Papalini-Wikipedia-scaled-1-1920x1440.jpg\" data-vp-popup-img-srcset=\"https:\/\/www.rivieradeifiori.it\/wp-content\/uploads\/2022\/05\/Pieve_di_Teco-santuario_madonna_dei_fanghi2-Davide-Papalini-Wikipedia-scaled-1-1920x1440.jpg 1920w, https:\/\/www.rivieradeifiori.it\/wp-content\/uploads\/2022\/05\/Pieve_di_Teco-santuario_madonna_dei_fanghi2-Davide-Papalini-Wikipedia-scaled-1-300x225.jpg 300w, https:\/\/www.rivieradeifiori.it\/wp-content\/uploads\/2022\/05\/Pieve_di_Teco-santuario_madonna_dei_fanghi2-Davide-Papalini-Wikipedia-scaled-1-1270x953.jpg 1270w, https:\/\/www.rivieradeifiori.it\/wp-content\/uploads\/2022\/05\/Pieve_di_Teco-santuario_madonna_dei_fanghi2-Davide-Papalini-Wikipedia-scaled-1-1536x1152.jpg 1536w, https:\/\/www.rivieradeifiori.it\/wp-content\/uploads\/2022\/05\/Pieve_di_Teco-santuario_madonna_dei_fanghi2-Davide-Papalini-Wikipedia-scaled-1-2048x1536.jpg 2048w, https:\/\/www.rivieradeifiori.it\/wp-content\/uploads\/2022\/05\/Pieve_di_Teco-santuario_madonna_dei_fanghi2-Davide-Papalini-Wikipedia-scaled-1-500x375.jpg 500w, https:\/\/www.rivieradeifiori.it\/wp-content\/uploads\/2022\/05\/Pieve_di_Teco-santuario_madonna_dei_fanghi2-Davide-Papalini-Wikipedia-scaled-1-800x600.jpg 800w, https:\/\/www.rivieradeifiori.it\/wp-content\/uploads\/2022\/05\/Pieve_di_Teco-santuario_madonna_dei_fanghi2-Davide-Papalini-Wikipedia-scaled-1-1280x960.jpg 1280w, https:\/\/www.rivieradeifiori.it\/wp-content\/uploads\/2022\/05\/Pieve_di_Teco-santuario_madonna_dei_fanghi2-Davide-Papalini-Wikipedia-scaled-1-1080x810.jpg 1080w, https:\/\/www.rivieradeifiori.it\/wp-content\/uploads\/2022\/05\/Pieve_di_Teco-santuario_madonna_dei_fanghi2-Davide-Papalini-Wikipedia-scaled-1-150x113.jpg 150w\" data-vp-popup-img-size=\"1920x1440\" data-vp-popup-md-img=\"https:\/\/www.rivieradeifiori.it\/wp-content\/uploads\/2022\/05\/Pieve_di_Teco-santuario_madonna_dei_fanghi2-Davide-Papalini-Wikipedia-scaled-1-800x600.jpg\" data-vp-popup-md-img-size=\"800x600\" data-vp-popup-sm-img=\"https:\/\/www.rivieradeifiori.it\/wp-content\/uploads\/2022\/05\/Pieve_di_Teco-santuario_madonna_dei_fanghi2-Davide-Papalini-Wikipedia-scaled-1-500x375.jpg\" data-vp-popup-sm-img-size=\"500x375\">\n\t\t\t<h3 class=\"vp-portfolio__item-popup-title\">Santuario Madonna dei fanghi &#8211; Pieve di Teco \u00a9Davide Papalini | Wikipedia<\/h3>\n\t\t<\/template>\n\t\t\t\t\t\t<figure class=\"vp-portfolio__item\">\n\t\t\t\t\n<div class=\"vp-portfolio__item-img-wrap\">\n\t<div class=\"vp-portfolio__item-img\">\n\t\t\t<a\n\t\thref=\"https:\/\/www.rivieradeifiori.it\/wp-content\/uploads\/2022\/05\/Pieve_di_Teco-santuario_madonna_dei_fanghi2-Davide-Papalini-Wikipedia-scaled-1-1920x1440.jpg\"\n\t\t\t>\n\t\n\t\t<noscript><img decoding=\"async\" width=\"1920\" height=\"1440\" data-skip-lazy src=\"https:\/\/www.rivieradeifiori.it\/wp-content\/uploads\/2022\/05\/Pieve_di_Teco-santuario_madonna_dei_fanghi2-Davide-Papalini-Wikipedia-scaled-1-1920x1440.jpg\" class=\"wp-image-11768\" alt=\"\" srcset=\"https:\/\/www.rivieradeifiori.it\/wp-content\/uploads\/2022\/05\/Pieve_di_Teco-santuario_madonna_dei_fanghi2-Davide-Papalini-Wikipedia-scaled-1-1920x1440.jpg 1920w, https:\/\/www.rivieradeifiori.it\/wp-content\/uploads\/2022\/05\/Pieve_di_Teco-santuario_madonna_dei_fanghi2-Davide-Papalini-Wikipedia-scaled-1-300x225.jpg 300w, https:\/\/www.rivieradeifiori.it\/wp-content\/uploads\/2022\/05\/Pieve_di_Teco-santuario_madonna_dei_fanghi2-Davide-Papalini-Wikipedia-scaled-1-1270x953.jpg 1270w, https:\/\/www.rivieradeifiori.it\/wp-content\/uploads\/2022\/05\/Pieve_di_Teco-santuario_madonna_dei_fanghi2-Davide-Papalini-Wikipedia-scaled-1-1536x1152.jpg 1536w, https:\/\/www.rivieradeifiori.it\/wp-content\/uploads\/2022\/05\/Pieve_di_Teco-santuario_madonna_dei_fanghi2-Davide-Papalini-Wikipedia-scaled-1-2048x1536.jpg 2048w, https:\/\/www.rivieradeifiori.it\/wp-content\/uploads\/2022\/05\/Pieve_di_Teco-santuario_madonna_dei_fanghi2-Davide-Papalini-Wikipedia-scaled-1-500x375.jpg 500w, https:\/\/www.rivieradeifiori.it\/wp-content\/uploads\/2022\/05\/Pieve_di_Teco-santuario_madonna_dei_fanghi2-Davide-Papalini-Wikipedia-scaled-1-800x600.jpg 800w, https:\/\/www.rivieradeifiori.it\/wp-content\/uploads\/2022\/05\/Pieve_di_Teco-santuario_madonna_dei_fanghi2-Davide-Papalini-Wikipedia-scaled-1-1280x960.jpg 1280w, https:\/\/www.rivieradeifiori.it\/wp-content\/uploads\/2022\/05\/Pieve_di_Teco-santuario_madonna_dei_fanghi2-Davide-Papalini-Wikipedia-scaled-1-1080x810.jpg 1080w, https:\/\/www.rivieradeifiori.it\/wp-content\/uploads\/2022\/05\/Pieve_di_Teco-santuario_madonna_dei_fanghi2-Davide-Papalini-Wikipedia-scaled-1-150x113.jpg 150w\" sizes=\"(max-width: 1920px) 100vw, 1920px\" \/><\/noscript><img decoding=\"async\" width=\"1920\" height=\"1440\" src=\"https:\/\/www.rivieradeifiori.it\/wp-content\/uploads\/2022\/05\/Pieve_di_Teco-santuario_madonna_dei_fanghi2-Davide-Papalini-Wikipedia-scaled-1-1920x1440.jpg\" class=\"wp-image-11768 vp-lazyload\" alt srcset=\"data:image\/svg+xml;base64,PHN2ZyB3aWR0aD0iMTkyMCIgaGVpZ2h0PSIxNDQwIiB2aWV3Qm94PSIwIDAgMTkyMCAxNDQwIiBmaWxsPSJub25lIiB4bWxucz0iaHR0cDovL3d3dy53My5vcmcvMjAwMC9zdmciPjwvc3ZnPg==\" data-src=\"https:\/\/www.rivieradeifiori.it\/wp-content\/uploads\/2022\/05\/Pieve_di_Teco-santuario_madonna_dei_fanghi2-Davide-Papalini-Wikipedia-scaled-1-1920x1440.jpg\" data-srcset=\"https:\/\/www.rivieradeifiori.it\/wp-content\/uploads\/2022\/05\/Pieve_di_Teco-santuario_madonna_dei_fanghi2-Davide-Papalini-Wikipedia-scaled-1-1920x1440.jpg 1920w, https:\/\/www.rivieradeifiori.it\/wp-content\/uploads\/2022\/05\/Pieve_di_Teco-santuario_madonna_dei_fanghi2-Davide-Papalini-Wikipedia-scaled-1-300x225.jpg 300w, https:\/\/www.rivieradeifiori.it\/wp-content\/uploads\/2022\/05\/Pieve_di_Teco-santuario_madonna_dei_fanghi2-Davide-Papalini-Wikipedia-scaled-1-1270x953.jpg 1270w, https:\/\/www.rivieradeifiori.it\/wp-content\/uploads\/2022\/05\/Pieve_di_Teco-santuario_madonna_dei_fanghi2-Davide-Papalini-Wikipedia-scaled-1-1536x1152.jpg 1536w, https:\/\/www.rivieradeifiori.it\/wp-content\/uploads\/2022\/05\/Pieve_di_Teco-santuario_madonna_dei_fanghi2-Davide-Papalini-Wikipedia-scaled-1-2048x1536.jpg 2048w, https:\/\/www.rivieradeifiori.it\/wp-content\/uploads\/2022\/05\/Pieve_di_Teco-santuario_madonna_dei_fanghi2-Davide-Papalini-Wikipedia-scaled-1-500x375.jpg 500w, https:\/\/www.rivieradeifiori.it\/wp-content\/uploads\/2022\/05\/Pieve_di_Teco-santuario_madonna_dei_fanghi2-Davide-Papalini-Wikipedia-scaled-1-800x600.jpg 800w, https:\/\/www.rivieradeifiori.it\/wp-content\/uploads\/2022\/05\/Pieve_di_Teco-santuario_madonna_dei_fanghi2-Davide-Papalini-Wikipedia-scaled-1-1280x960.jpg 1280w, https:\/\/www.rivieradeifiori.it\/wp-content\/uploads\/2022\/05\/Pieve_di_Teco-santuario_madonna_dei_fanghi2-Davide-Papalini-Wikipedia-scaled-1-1080x810.jpg 1080w, https:\/\/www.rivieradeifiori.it\/wp-content\/uploads\/2022\/05\/Pieve_di_Teco-santuario_madonna_dei_fanghi2-Davide-Papalini-Wikipedia-scaled-1-150x113.jpg 150w\" data-sizes=\"auto\" loading=\"eager\">\n\t\t<div class=\"vp-portfolio__item-overlay\"><\/div>\n\n\t\t<\/a>\t<\/div>\n<\/div>\n\n\t<figcaption class=\"vp-portfolio__item-caption vp-portfolio__item-caption-text-align-center\">\n\t\t<div class=\"vp-portfolio__item-meta-wrap vp-portfolio__custom-scrollbar\">\n\t\t\t<div class=\"vp-portfolio__item-meta\">\n\t\t\t\t\n<h2 class=\"vp-portfolio__item-meta-title\">\n\t\t<a\n\t\thref=\"https:\/\/www.rivieradeifiori.it\/wp-content\/uploads\/2022\/05\/Pieve_di_Teco-santuario_madonna_dei_fanghi2-Davide-Papalini-Wikipedia-scaled-1-1920x1440.jpg\"\n\t\t\t>\n\tSantuario Madonna dei fanghi &#8211; Pieve di Teco \u00a9Davide Papalini | Wikipedia<\/a><\/h2>\n\t\t\t<\/div>\n\t\t<\/div>\n\t<\/figcaption>\n\t\t\t<\/figure>\n\t\t\t\t\t<\/div>\n\t\t\n\t\t<div\t\tclass=\"vp-portfolio__item-wrap vp-portfolio__item-uid-0896001c\" data-vp-filter=\"\" \t\t>\n\t\t\t<template class=\"vp-portfolio__item-popup\" data-vp-popup-img=\"https:\/\/www.rivieradeifiori.it\/wp-content\/uploads\/2022\/05\/Maschere-di-Ubaga-.4-1920x1440.jpeg\" data-vp-popup-img-srcset=\"https:\/\/www.rivieradeifiori.it\/wp-content\/uploads\/2022\/05\/Maschere-di-Ubaga-.4-1920x1440.jpeg 1920w, https:\/\/www.rivieradeifiori.it\/wp-content\/uploads\/2022\/05\/Maschere-di-Ubaga-.4-300x225.jpeg 300w, https:\/\/www.rivieradeifiori.it\/wp-content\/uploads\/2022\/05\/Maschere-di-Ubaga-.4-1270x953.jpeg 1270w, https:\/\/www.rivieradeifiori.it\/wp-content\/uploads\/2022\/05\/Maschere-di-Ubaga-.4-1536x1152.jpeg 1536w, https:\/\/www.rivieradeifiori.it\/wp-content\/uploads\/2022\/05\/Maschere-di-Ubaga-.4-500x375.jpeg 500w, https:\/\/www.rivieradeifiori.it\/wp-content\/uploads\/2022\/05\/Maschere-di-Ubaga-.4-800x600.jpeg 800w, https:\/\/www.rivieradeifiori.it\/wp-content\/uploads\/2022\/05\/Maschere-di-Ubaga-.4-1280x960.jpeg 1280w, https:\/\/www.rivieradeifiori.it\/wp-content\/uploads\/2022\/05\/Maschere-di-Ubaga-.4-1080x810.jpeg 1080w, https:\/\/www.rivieradeifiori.it\/wp-content\/uploads\/2022\/05\/Maschere-di-Ubaga-.4-150x113.jpeg 150w, https:\/\/www.rivieradeifiori.it\/wp-content\/uploads\/2022\/05\/Maschere-di-Ubaga-.4.jpeg 2048w\" data-vp-popup-img-size=\"1920x1440\" data-vp-popup-md-img=\"https:\/\/www.rivieradeifiori.it\/wp-content\/uploads\/2022\/05\/Maschere-di-Ubaga-.4-800x600.jpeg\" data-vp-popup-md-img-size=\"800x600\" data-vp-popup-sm-img=\"https:\/\/www.rivieradeifiori.it\/wp-content\/uploads\/2022\/05\/Maschere-di-Ubaga-.4-500x375.jpeg\" data-vp-popup-sm-img-size=\"500x375\">\n\t\t\t<h3 class=\"vp-portfolio__item-popup-title\">Le Maschere di Ubaga \u00a9Innovation Media<\/h3>\n\t\t<\/template>\n\t\t\t\t\t\t<figure class=\"vp-portfolio__item\">\n\t\t\t\t\n<div class=\"vp-portfolio__item-img-wrap\">\n\t<div class=\"vp-portfolio__item-img\">\n\t\t\t<a\n\t\thref=\"https:\/\/www.rivieradeifiori.it\/wp-content\/uploads\/2022\/05\/Maschere-di-Ubaga-.4-1920x1440.jpeg\"\n\t\t\t>\n\t\n\t\t<noscript><img decoding=\"async\" width=\"1920\" height=\"1440\" data-skip-lazy src=\"https:\/\/www.rivieradeifiori.it\/wp-content\/uploads\/2022\/05\/Maschere-di-Ubaga-.4-1920x1440.jpeg\" class=\"wp-image-12403\" alt=\"\" srcset=\"https:\/\/www.rivieradeifiori.it\/wp-content\/uploads\/2022\/05\/Maschere-di-Ubaga-.4-1920x1440.jpeg 1920w, https:\/\/www.rivieradeifiori.it\/wp-content\/uploads\/2022\/05\/Maschere-di-Ubaga-.4-300x225.jpeg 300w, https:\/\/www.rivieradeifiori.it\/wp-content\/uploads\/2022\/05\/Maschere-di-Ubaga-.4-1270x953.jpeg 1270w, https:\/\/www.rivieradeifiori.it\/wp-content\/uploads\/2022\/05\/Maschere-di-Ubaga-.4-1536x1152.jpeg 1536w, https:\/\/www.rivieradeifiori.it\/wp-content\/uploads\/2022\/05\/Maschere-di-Ubaga-.4-500x375.jpeg 500w, https:\/\/www.rivieradeifiori.it\/wp-content\/uploads\/2022\/05\/Maschere-di-Ubaga-.4-800x600.jpeg 800w, https:\/\/www.rivieradeifiori.it\/wp-content\/uploads\/2022\/05\/Maschere-di-Ubaga-.4-1280x960.jpeg 1280w, https:\/\/www.rivieradeifiori.it\/wp-content\/uploads\/2022\/05\/Maschere-di-Ubaga-.4-1080x810.jpeg 1080w, https:\/\/www.rivieradeifiori.it\/wp-content\/uploads\/2022\/05\/Maschere-di-Ubaga-.4-150x113.jpeg 150w, https:\/\/www.rivieradeifiori.it\/wp-content\/uploads\/2022\/05\/Maschere-di-Ubaga-.4.jpeg 2048w\" sizes=\"(max-width: 1920px) 100vw, 1920px\" \/><\/noscript><img decoding=\"async\" width=\"1920\" height=\"1440\" src=\"https:\/\/www.rivieradeifiori.it\/wp-content\/uploads\/2022\/05\/Maschere-di-Ubaga-.4-1920x1440.jpeg\" class=\"wp-image-12403 vp-lazyload\" alt srcset=\"data:image\/svg+xml;base64,PHN2ZyB3aWR0aD0iMTkyMCIgaGVpZ2h0PSIxNDQwIiB2aWV3Qm94PSIwIDAgMTkyMCAxNDQwIiBmaWxsPSJub25lIiB4bWxucz0iaHR0cDovL3d3dy53My5vcmcvMjAwMC9zdmciPjwvc3ZnPg==\" data-src=\"https:\/\/www.rivieradeifiori.it\/wp-content\/uploads\/2022\/05\/Maschere-di-Ubaga-.4-1920x1440.jpeg\" data-srcset=\"https:\/\/www.rivieradeifiori.it\/wp-content\/uploads\/2022\/05\/Maschere-di-Ubaga-.4-1920x1440.jpeg 1920w, https:\/\/www.rivieradeifiori.it\/wp-content\/uploads\/2022\/05\/Maschere-di-Ubaga-.4-300x225.jpeg 300w, https:\/\/www.rivieradeifiori.it\/wp-content\/uploads\/2022\/05\/Maschere-di-Ubaga-.4-1270x953.jpeg 1270w, https:\/\/www.rivieradeifiori.it\/wp-content\/uploads\/2022\/05\/Maschere-di-Ubaga-.4-1536x1152.jpeg 1536w, https:\/\/www.rivieradeifiori.it\/wp-content\/uploads\/2022\/05\/Maschere-di-Ubaga-.4-500x375.jpeg 500w, https:\/\/www.rivieradeifiori.it\/wp-content\/uploads\/2022\/05\/Maschere-di-Ubaga-.4-800x600.jpeg 800w, https:\/\/www.rivieradeifiori.it\/wp-content\/uploads\/2022\/05\/Maschere-di-Ubaga-.4-1280x960.jpeg 1280w, https:\/\/www.rivieradeifiori.it\/wp-content\/uploads\/2022\/05\/Maschere-di-Ubaga-.4-1080x810.jpeg 1080w, https:\/\/www.rivieradeifiori.it\/wp-content\/uploads\/2022\/05\/Maschere-di-Ubaga-.4-150x113.jpeg 150w, https:\/\/www.rivieradeifiori.it\/wp-content\/uploads\/2022\/05\/Maschere-di-Ubaga-.4.jpeg 2048w\" data-sizes=\"auto\" loading=\"eager\">\n\t\t<div class=\"vp-portfolio__item-overlay\"><\/div>\n\n\t\t<\/a>\t<\/div>\n<\/div>\n\n\t<figcaption class=\"vp-portfolio__item-caption vp-portfolio__item-caption-text-align-center\">\n\t\t<div class=\"vp-portfolio__item-meta-wrap vp-portfolio__custom-scrollbar\">\n\t\t\t<div class=\"vp-portfolio__item-meta\">\n\t\t\t\t\n<h2 class=\"vp-portfolio__item-meta-title\">\n\t\t<a\n\t\thref=\"https:\/\/www.rivieradeifiori.it\/wp-content\/uploads\/2022\/05\/Maschere-di-Ubaga-.4-1920x1440.jpeg\"\n\t\t\t>\n\tLe Maschere di Ubaga \u00a9Innovation Media<\/a><\/h2>\n\t\t\t<\/div>\n\t\t<\/div>\n\t<\/figcaption>\n\t\t\t<\/figure>\n\t\t\t\t\t<\/div>\n\t\t\n\t\t<div\t\tclass=\"vp-portfolio__item-wrap vp-portfolio__item-uid-5faaa4d5\" data-vp-filter=\"\" \t\t>\n\t\t\t<template class=\"vp-portfolio__item-popup\" data-vp-popup-img=\"https:\/\/www.rivieradeifiori.it\/wp-content\/uploads\/2022\/05\/IMG_0959.jpeg\" data-vp-popup-img-srcset=\"https:\/\/www.rivieradeifiori.it\/wp-content\/uploads\/2022\/05\/IMG_0959.jpeg 1536w, https:\/\/www.rivieradeifiori.it\/wp-content\/uploads\/2022\/05\/IMG_0959-225x300.jpeg 225w, https:\/\/www.rivieradeifiori.it\/wp-content\/uploads\/2022\/05\/IMG_0959-953x1270.jpeg 953w, https:\/\/www.rivieradeifiori.it\/wp-content\/uploads\/2022\/05\/IMG_0959-1152x1536.jpeg 1152w, https:\/\/www.rivieradeifiori.it\/wp-content\/uploads\/2022\/05\/IMG_0959-500x667.jpeg 500w, https:\/\/www.rivieradeifiori.it\/wp-content\/uploads\/2022\/05\/IMG_0959-800x1067.jpeg 800w, https:\/\/www.rivieradeifiori.it\/wp-content\/uploads\/2022\/05\/IMG_0959-1280x1707.jpeg 1280w, https:\/\/www.rivieradeifiori.it\/wp-content\/uploads\/2022\/05\/IMG_0959-1080x1440.jpeg 1080w, https:\/\/www.rivieradeifiori.it\/wp-content\/uploads\/2022\/05\/IMG_0959-150x200.jpeg 150w, https:\/\/www.rivieradeifiori.it\/wp-content\/uploads\/2022\/05\/IMG_0959-375x500.jpeg 375w\" data-vp-popup-img-size=\"1536x2048\" data-vp-popup-md-img=\"https:\/\/www.rivieradeifiori.it\/wp-content\/uploads\/2022\/05\/IMG_0959-800x1067.jpeg\" data-vp-popup-md-img-size=\"800x1067\" data-vp-popup-sm-img=\"https:\/\/www.rivieradeifiori.it\/wp-content\/uploads\/2022\/05\/IMG_0959-500x667.jpeg\" data-vp-popup-sm-img-size=\"500x667\">\n\t\t\t<h3 class=\"vp-portfolio__item-popup-title\">Le Maschere di Ubaga \u00a9Innovation Media<\/h3>\n\t\t<\/template>\n\t\t\t\t\t\t<figure class=\"vp-portfolio__item\">\n\t\t\t\t\n<div class=\"vp-portfolio__item-img-wrap\">\n\t<div class=\"vp-portfolio__item-img\">\n\t\t\t<a\n\t\thref=\"https:\/\/www.rivieradeifiori.it\/wp-content\/uploads\/2022\/05\/IMG_0959.jpeg\"\n\t\t\t>\n\t\n\t\t<noscript><img decoding=\"async\" width=\"1536\" height=\"2048\" data-skip-lazy src=\"https:\/\/www.rivieradeifiori.it\/wp-content\/uploads\/2022\/05\/IMG_0959.jpeg\" class=\"wp-image-12559\" alt=\"\" srcset=\"https:\/\/www.rivieradeifiori.it\/wp-content\/uploads\/2022\/05\/IMG_0959.jpeg 1536w, https:\/\/www.rivieradeifiori.it\/wp-content\/uploads\/2022\/05\/IMG_0959-225x300.jpeg 225w, https:\/\/www.rivieradeifiori.it\/wp-content\/uploads\/2022\/05\/IMG_0959-953x1270.jpeg 953w, https:\/\/www.rivieradeifiori.it\/wp-content\/uploads\/2022\/05\/IMG_0959-1152x1536.jpeg 1152w, https:\/\/www.rivieradeifiori.it\/wp-content\/uploads\/2022\/05\/IMG_0959-500x667.jpeg 500w, https:\/\/www.rivieradeifiori.it\/wp-content\/uploads\/2022\/05\/IMG_0959-800x1067.jpeg 800w, https:\/\/www.rivieradeifiori.it\/wp-content\/uploads\/2022\/05\/IMG_0959-1280x1707.jpeg 1280w, https:\/\/www.rivieradeifiori.it\/wp-content\/uploads\/2022\/05\/IMG_0959-1080x1440.jpeg 1080w, https:\/\/www.rivieradeifiori.it\/wp-content\/uploads\/2022\/05\/IMG_0959-150x200.jpeg 150w, https:\/\/www.rivieradeifiori.it\/wp-content\/uploads\/2022\/05\/IMG_0959-375x500.jpeg 375w\" sizes=\"(max-width: 1536px) 100vw, 1536px\" \/><\/noscript><img decoding=\"async\" width=\"1536\" height=\"2048\" src=\"https:\/\/www.rivieradeifiori.it\/wp-content\/uploads\/2022\/05\/IMG_0959.jpeg\" class=\"wp-image-12559 vp-lazyload\" alt srcset=\"data:image\/svg+xml;base64,PHN2ZyB3aWR0aD0iMTUzNiIgaGVpZ2h0PSIyMDQ4IiB2aWV3Qm94PSIwIDAgMTUzNiAyMDQ4IiBmaWxsPSJub25lIiB4bWxucz0iaHR0cDovL3d3dy53My5vcmcvMjAwMC9zdmciPjwvc3ZnPg==\" data-src=\"https:\/\/www.rivieradeifiori.it\/wp-content\/uploads\/2022\/05\/IMG_0959.jpeg\" data-srcset=\"https:\/\/www.rivieradeifiori.it\/wp-content\/uploads\/2022\/05\/IMG_0959.jpeg 1536w, https:\/\/www.rivieradeifiori.it\/wp-content\/uploads\/2022\/05\/IMG_0959-225x300.jpeg 225w, https:\/\/www.rivieradeifiori.it\/wp-content\/uploads\/2022\/05\/IMG_0959-953x1270.jpeg 953w, https:\/\/www.rivieradeifiori.it\/wp-content\/uploads\/2022\/05\/IMG_0959-1152x1536.jpeg 1152w, https:\/\/www.rivieradeifiori.it\/wp-content\/uploads\/2022\/05\/IMG_0959-500x667.jpeg 500w, https:\/\/www.rivieradeifiori.it\/wp-content\/uploads\/2022\/05\/IMG_0959-800x1067.jpeg 800w, https:\/\/www.rivieradeifiori.it\/wp-content\/uploads\/2022\/05\/IMG_0959-1280x1707.jpeg 1280w, https:\/\/www.rivieradeifiori.it\/wp-content\/uploads\/2022\/05\/IMG_0959-1080x1440.jpeg 1080w, https:\/\/www.rivieradeifiori.it\/wp-content\/uploads\/2022\/05\/IMG_0959-150x200.jpeg 150w, https:\/\/www.rivieradeifiori.it\/wp-content\/uploads\/2022\/05\/IMG_0959-375x500.jpeg 375w\" data-sizes=\"auto\" loading=\"eager\">\n\t\t<div class=\"vp-portfolio__item-overlay\"><\/div>\n\n\t\t<\/a>\t<\/div>\n<\/div>\n\n\t<figcaption class=\"vp-portfolio__item-caption vp-portfolio__item-caption-text-align-center\">\n\t\t<div class=\"vp-portfolio__item-meta-wrap vp-portfolio__custom-scrollbar\">\n\t\t\t<div class=\"vp-portfolio__item-meta\">\n\t\t\t\t\n<h2 class=\"vp-portfolio__item-meta-title\">\n\t\t<a\n\t\thref=\"https:\/\/www.rivieradeifiori.it\/wp-content\/uploads\/2022\/05\/IMG_0959.jpeg\"\n\t\t\t>\n\tLe Maschere di Ubaga \u00a9Innovation Media<\/a><\/h2>\n\t\t\t<\/div>\n\t\t<\/div>\n\t<\/figcaption>\n\t\t\t<\/figure>\n\t\t\t\t\t<\/div>\n\t\t\n\t\t<div\t\tclass=\"vp-portfolio__item-wrap vp-portfolio__item-uid-3e68c100\" data-vp-filter=\"\" \t\t>\n\t\t\t<template class=\"vp-portfolio__item-popup\" data-vp-popup-img=\"https:\/\/www.rivieradeifiori.it\/wp-content\/uploads\/2022\/05\/IMG_0956.jpeg\" data-vp-popup-img-srcset=\"https:\/\/www.rivieradeifiori.it\/wp-content\/uploads\/2022\/05\/IMG_0956.jpeg 1536w, https:\/\/www.rivieradeifiori.it\/wp-content\/uploads\/2022\/05\/IMG_0956-225x300.jpeg 225w, https:\/\/www.rivieradeifiori.it\/wp-content\/uploads\/2022\/05\/IMG_0956-953x1270.jpeg 953w, https:\/\/www.rivieradeifiori.it\/wp-content\/uploads\/2022\/05\/IMG_0956-1152x1536.jpeg 1152w, https:\/\/www.rivieradeifiori.it\/wp-content\/uploads\/2022\/05\/IMG_0956-500x667.jpeg 500w, https:\/\/www.rivieradeifiori.it\/wp-content\/uploads\/2022\/05\/IMG_0956-800x1067.jpeg 800w, https:\/\/www.rivieradeifiori.it\/wp-content\/uploads\/2022\/05\/IMG_0956-1280x1707.jpeg 1280w, https:\/\/www.rivieradeifiori.it\/wp-content\/uploads\/2022\/05\/IMG_0956-1080x1440.jpeg 1080w, https:\/\/www.rivieradeifiori.it\/wp-content\/uploads\/2022\/05\/IMG_0956-150x200.jpeg 150w, https:\/\/www.rivieradeifiori.it\/wp-content\/uploads\/2022\/05\/IMG_0956-375x500.jpeg 375w\" data-vp-popup-img-size=\"1536x2048\" data-vp-popup-md-img=\"https:\/\/www.rivieradeifiori.it\/wp-content\/uploads\/2022\/05\/IMG_0956-800x1067.jpeg\" data-vp-popup-md-img-size=\"800x1067\" data-vp-popup-sm-img=\"https:\/\/www.rivieradeifiori.it\/wp-content\/uploads\/2022\/05\/IMG_0956-500x667.jpeg\" data-vp-popup-sm-img-size=\"500x667\">\n\t\t\t<h3 class=\"vp-portfolio__item-popup-title\">Le Maschere di Ubaga \u00a9Innovation Media<\/h3>\n\t\t<\/template>\n\t\t\t\t\t\t<figure class=\"vp-portfolio__item\">\n\t\t\t\t\n<div class=\"vp-portfolio__item-img-wrap\">\n\t<div class=\"vp-portfolio__item-img\">\n\t\t\t<a\n\t\thref=\"https:\/\/www.rivieradeifiori.it\/wp-content\/uploads\/2022\/05\/IMG_0956.jpeg\"\n\t\t\t>\n\t\n\t\t<noscript><img decoding=\"async\" width=\"1536\" height=\"2048\" data-skip-lazy src=\"https:\/\/www.rivieradeifiori.it\/wp-content\/uploads\/2022\/05\/IMG_0956.jpeg\" class=\"wp-image-12563\" alt=\"\" srcset=\"https:\/\/www.rivieradeifiori.it\/wp-content\/uploads\/2022\/05\/IMG_0956.jpeg 1536w, https:\/\/www.rivieradeifiori.it\/wp-content\/uploads\/2022\/05\/IMG_0956-225x300.jpeg 225w, https:\/\/www.rivieradeifiori.it\/wp-content\/uploads\/2022\/05\/IMG_0956-953x1270.jpeg 953w, https:\/\/www.rivieradeifiori.it\/wp-content\/uploads\/2022\/05\/IMG_0956-1152x1536.jpeg 1152w, https:\/\/www.rivieradeifiori.it\/wp-content\/uploads\/2022\/05\/IMG_0956-500x667.jpeg 500w, https:\/\/www.rivieradeifiori.it\/wp-content\/uploads\/2022\/05\/IMG_0956-800x1067.jpeg 800w, https:\/\/www.rivieradeifiori.it\/wp-content\/uploads\/2022\/05\/IMG_0956-1280x1707.jpeg 1280w, https:\/\/www.rivieradeifiori.it\/wp-content\/uploads\/2022\/05\/IMG_0956-1080x1440.jpeg 1080w, https:\/\/www.rivieradeifiori.it\/wp-content\/uploads\/2022\/05\/IMG_0956-150x200.jpeg 150w, https:\/\/www.rivieradeifiori.it\/wp-content\/uploads\/2022\/05\/IMG_0956-375x500.jpeg 375w\" sizes=\"(max-width: 1536px) 100vw, 1536px\" \/><\/noscript><img decoding=\"async\" width=\"1536\" height=\"2048\" src=\"https:\/\/www.rivieradeifiori.it\/wp-content\/uploads\/2022\/05\/IMG_0956.jpeg\" class=\"wp-image-12563 vp-lazyload\" alt srcset=\"data:image\/svg+xml;base64,PHN2ZyB3aWR0aD0iMTUzNiIgaGVpZ2h0PSIyMDQ4IiB2aWV3Qm94PSIwIDAgMTUzNiAyMDQ4IiBmaWxsPSJub25lIiB4bWxucz0iaHR0cDovL3d3dy53My5vcmcvMjAwMC9zdmciPjwvc3ZnPg==\" data-src=\"https:\/\/www.rivieradeifiori.it\/wp-content\/uploads\/2022\/05\/IMG_0956.jpeg\" data-srcset=\"https:\/\/www.rivieradeifiori.it\/wp-content\/uploads\/2022\/05\/IMG_0956.jpeg 1536w, https:\/\/www.rivieradeifiori.it\/wp-content\/uploads\/2022\/05\/IMG_0956-225x300.jpeg 225w, https:\/\/www.rivieradeifiori.it\/wp-content\/uploads\/2022\/05\/IMG_0956-953x1270.jpeg 953w, https:\/\/www.rivieradeifiori.it\/wp-content\/uploads\/2022\/05\/IMG_0956-1152x1536.jpeg 1152w, https:\/\/www.rivieradeifiori.it\/wp-content\/uploads\/2022\/05\/IMG_0956-500x667.jpeg 500w, https:\/\/www.rivieradeifiori.it\/wp-content\/uploads\/2022\/05\/IMG_0956-800x1067.jpeg 800w, https:\/\/www.rivieradeifiori.it\/wp-content\/uploads\/2022\/05\/IMG_0956-1280x1707.jpeg 1280w, https:\/\/www.rivieradeifiori.it\/wp-content\/uploads\/2022\/05\/IMG_0956-1080x1440.jpeg 1080w, https:\/\/www.rivieradeifiori.it\/wp-content\/uploads\/2022\/05\/IMG_0956-150x200.jpeg 150w, https:\/\/www.rivieradeifiori.it\/wp-content\/uploads\/2022\/05\/IMG_0956-375x500.jpeg 375w\" data-sizes=\"auto\" loading=\"eager\">\n\t\t<div class=\"vp-portfolio__item-overlay\"><\/div>\n\n\t\t<\/a>\t<\/div>\n<\/div>\n\n\t<figcaption class=\"vp-portfolio__item-caption vp-portfolio__item-caption-text-align-center\">\n\t\t<div class=\"vp-portfolio__item-meta-wrap vp-portfolio__custom-scrollbar\">\n\t\t\t<div class=\"vp-portfolio__item-meta\">\n\t\t\t\t\n<h2 class=\"vp-portfolio__item-meta-title\">\n\t\t<a\n\t\thref=\"https:\/\/www.rivieradeifiori.it\/wp-content\/uploads\/2022\/05\/IMG_0956.jpeg\"\n\t\t\t>\n\tLe Maschere di Ubaga \u00a9Innovation Media<\/a><\/h2>\n\t\t\t<\/div>\n\t\t<\/div>\n\t<\/figcaption>\n\t\t\t<\/figure>\n\t\t\t\t\t<\/div>\n\t\t\n<\/div>\n\t\t<\/div>\n\t\t\n<\/div>\n<\/div>","protected":false},"excerpt":{"rendered":"<p>Es ist die Hauptstadt des Arrosciatals, eine alte Stadt voller Geschichte. Mit seinen mittelalterlichen Arkaden, den antiken Geb\u00e4uden und Gesch\u00e4ften \u00fcberrascht Pieve di Teco und l\u00e4dt ihre G\u00e4ste in ein Gebiet ein, welches f\u00fcr den Ormeasco- oder Toma- Schafsk\u00e4se bekannt ist. In der Kirche der Madonna della Ripa befindet sich eine Sammlung von Ubaga Masken, [&hellip;]<\/p>\n","protected":false},"author":1,"featured_media":12371,"comment_status":"closed","ping_status":"open","sticky":false,"template":"","format":"standard","meta":{"_et_pb_use_builder":"off","_et_pb_old_content":"","_et_gb_content_width":"","_eb_attr":"","_vp_format_video_url":"","_vp_image_focal_point":[],"_vp_custom_popup_image":0,"_vp_format_audio_url":"","_vp_custom_thumbnail":0,"_vp_custom_thumbnail_focal_point":[],"_vp_hover_thumbnail":0,"_vp_hover_thumbnail_focal_point":[],"footnotes":""},"categories":[985],"tags":[1373,1374],"class_list":["post-14673","post","type-post","status-publish","format-standard","has-post-thumbnail","hentry","category-das-arrosciatal","tag-das-arrosciatal","tag-pieve-di-teco-de","et-has-post-format-content","et_post_format-et-post-format-standard"],"yoast_head":"<!-- This site is optimized with the Yoast SEO plugin v25.7 - https:\/\/yoast.com\/wordpress\/plugins\/seo\/ -->\n<title>Pieve di Teco - Das Arrosciatal - Riviera dei Fiori<\/title>\n<meta name=\"robots\" content=\"index, follow, max-snippet:-1, max-image-preview:large, max-video-preview:-1\" \/>\n<link rel=\"canonical\" href=\"https:\/\/www.rivieradeifiori.it\/de\/meer-und-land\/die-taler\/das-arrosciatal\/pieve-di-teco\/\" \/>\n<meta name=\"twitter:label1\" content=\"Verfasst von\" \/>\n\t<meta name=\"twitter:data1\" content=\"Luca Giovannetti\" \/>\n\t<meta name=\"twitter:label2\" content=\"Gesch\u00e4tzte Lesezeit\" \/>\n\t<meta name=\"twitter:data2\" content=\"1\u00a0Minute\" \/>\n<script type=\"application\/ld+json\" class=\"yoast-schema-graph\">{\"@context\":\"https:\/\/schema.org\",\"@graph\":[{\"@type\":\"WebPage\",\"@id\":\"https:\/\/www.rivieradeifiori.it\/de\/meer-und-land\/die-taler\/das-arrosciatal\/pieve-di-teco\/\",\"url\":\"https:\/\/www.rivieradeifiori.it\/de\/meer-und-land\/die-taler\/das-arrosciatal\/pieve-di-teco\/\",\"name\":\"Pieve di Teco - Das Arrosciatal - Riviera dei Fiori\",\"isPartOf\":{\"@id\":\"https:\/\/www.rivieradeifiori.it\/de\/#website\"},\"primaryImageOfPage\":{\"@id\":\"https:\/\/www.rivieradeifiori.it\/de\/meer-und-land\/die-taler\/das-arrosciatal\/pieve-di-teco\/#primaryimage\"},\"image\":{\"@id\":\"https:\/\/www.rivieradeifiori.it\/de\/meer-und-land\/die-taler\/das-arrosciatal\/pieve-di-teco\/#primaryimage\"},\"thumbnailUrl\":\"https:\/\/www.rivieradeifiori.it\/wp-content\/uploads\/2022\/05\/Pieve_di_Teco-IMG_0812-Davide-Papalini-Wikipedia.jpg\",\"datePublished\":\"2022-06-06T14:14:43+00:00\",\"dateModified\":\"2022-06-10T13:03:25+00:00\",\"author\":{\"@id\":\"https:\/\/www.rivieradeifiori.it\/de\/#\/schema\/person\/6cc4e4ed0d74f08798811653e64f69ed\"},\"breadcrumb\":{\"@id\":\"https:\/\/www.rivieradeifiori.it\/de\/meer-und-land\/die-taler\/das-arrosciatal\/pieve-di-teco\/#breadcrumb\"},\"inLanguage\":\"de\",\"potentialAction\":[{\"@type\":\"ReadAction\",\"target\":[\"https:\/\/www.rivieradeifiori.it\/de\/meer-und-land\/die-taler\/das-arrosciatal\/pieve-di-teco\/\"]}]},{\"@type\":\"ImageObject\",\"inLanguage\":\"de\",\"@id\":\"https:\/\/www.rivieradeifiori.it\/de\/meer-und-land\/die-taler\/das-arrosciatal\/pieve-di-teco\/#primaryimage\",\"url\":\"https:\/\/www.rivieradeifiori.it\/wp-content\/uploads\/2022\/05\/Pieve_di_Teco-IMG_0812-Davide-Papalini-Wikipedia.jpg\",\"contentUrl\":\"https:\/\/www.rivieradeifiori.it\/wp-content\/uploads\/2022\/05\/Pieve_di_Teco-IMG_0812-Davide-Papalini-Wikipedia.jpg\",\"width\":2560,\"height\":1920,\"caption\":\"I Portici - Pieve di Teco \u00a9Davide Papalini | Wikipedia\"},{\"@type\":\"BreadcrumbList\",\"@id\":\"https:\/\/www.rivieradeifiori.it\/de\/meer-und-land\/die-taler\/das-arrosciatal\/pieve-di-teco\/#breadcrumb\",\"itemListElement\":[{\"@type\":\"ListItem\",\"position\":1,\"name\":\"Home\",\"item\":\"https:\/\/www.rivieradeifiori.it\/de\/\"},{\"@type\":\"ListItem\",\"position\":2,\"name\":\"Pieve di Teco\"}]},{\"@type\":\"WebSite\",\"@id\":\"https:\/\/www.rivieradeifiori.it\/de\/#website\",\"url\":\"https:\/\/www.rivieradeifiori.it\/de\/\",\"name\":\"Riviera dei Fiori\",\"description\":\"Un mare di colori\",\"potentialAction\":[{\"@type\":\"SearchAction\",\"target\":{\"@type\":\"EntryPoint\",\"urlTemplate\":\"https:\/\/www.rivieradeifiori.it\/de\/?s={search_term_string}\"},\"query-input\":{\"@type\":\"PropertyValueSpecification\",\"valueRequired\":true,\"valueName\":\"search_term_string\"}}],\"inLanguage\":\"de\"},{\"@type\":\"Person\",\"@id\":\"https:\/\/www.rivieradeifiori.it\/de\/#\/schema\/person\/6cc4e4ed0d74f08798811653e64f69ed\",\"name\":\"Luca Giovannetti\",\"image\":{\"@type\":\"ImageObject\",\"inLanguage\":\"de\",\"@id\":\"https:\/\/www.rivieradeifiori.it\/de\/#\/schema\/person\/image\/\",\"url\":\"https:\/\/secure.gravatar.com\/avatar\/092abda2284c50268e586151e014cf903142e524662c62577231430ea44340cf?s=96&r=g&d=https:\/\/www.rivieradeifiori.it\/wp-content\/plugins\/userswp\/assets\/images\/no_profile.png\",\"contentUrl\":\"https:\/\/secure.gravatar.com\/avatar\/092abda2284c50268e586151e014cf903142e524662c62577231430ea44340cf?s=96&r=g&d=https:\/\/www.rivieradeifiori.it\/wp-content\/plugins\/userswp\/assets\/images\/no_profile.png\",\"caption\":\"Luca Giovannetti\"}}]}<\/script>\n<!-- \/ Yoast SEO plugin. -->","yoast_head_json":{"title":"Pieve di Teco - Das Arrosciatal - Riviera dei Fiori","robots":{"index":"index","follow":"follow","max-snippet":"max-snippet:-1","max-image-preview":"max-image-preview:large","max-video-preview":"max-video-preview:-1"},"canonical":"https:\/\/www.rivieradeifiori.it\/de\/meer-und-land\/die-taler\/das-arrosciatal\/pieve-di-teco\/","twitter_misc":{"Verfasst von":"Luca Giovannetti","Gesch\u00e4tzte Lesezeit":"1\u00a0Minute"},"schema":{"@context":"https:\/\/schema.org","@graph":[{"@type":"WebPage","@id":"https:\/\/www.rivieradeifiori.it\/de\/meer-und-land\/die-taler\/das-arrosciatal\/pieve-di-teco\/","url":"https:\/\/www.rivieradeifiori.it\/de\/meer-und-land\/die-taler\/das-arrosciatal\/pieve-di-teco\/","name":"Pieve di Teco - Das Arrosciatal - Riviera dei Fiori","isPartOf":{"@id":"https:\/\/www.rivieradeifiori.it\/de\/#website"},"primaryImageOfPage":{"@id":"https:\/\/www.rivieradeifiori.it\/de\/meer-und-land\/die-taler\/das-arrosciatal\/pieve-di-teco\/#primaryimage"},"image":{"@id":"https:\/\/www.rivieradeifiori.it\/de\/meer-und-land\/die-taler\/das-arrosciatal\/pieve-di-teco\/#primaryimage"},"thumbnailUrl":"https:\/\/www.rivieradeifiori.it\/wp-content\/uploads\/2022\/05\/Pieve_di_Teco-IMG_0812-Davide-Papalini-Wikipedia.jpg","datePublished":"2022-06-06T14:14:43+00:00","dateModified":"2022-06-10T13:03:25+00:00","author":{"@id":"https:\/\/www.rivieradeifiori.it\/de\/#\/schema\/person\/6cc4e4ed0d74f08798811653e64f69ed"},"breadcrumb":{"@id":"https:\/\/www.rivieradeifiori.it\/de\/meer-und-land\/die-taler\/das-arrosciatal\/pieve-di-teco\/#breadcrumb"},"inLanguage":"de","potentialAction":[{"@type":"ReadAction","target":["https:\/\/www.rivieradeifiori.it\/de\/meer-und-land\/die-taler\/das-arrosciatal\/pieve-di-teco\/"]}]},{"@type":"ImageObject","inLanguage":"de","@id":"https:\/\/www.rivieradeifiori.it\/de\/meer-und-land\/die-taler\/das-arrosciatal\/pieve-di-teco\/#primaryimage","url":"https:\/\/www.rivieradeifiori.it\/wp-content\/uploads\/2022\/05\/Pieve_di_Teco-IMG_0812-Davide-Papalini-Wikipedia.jpg","contentUrl":"https:\/\/www.rivieradeifiori.it\/wp-content\/uploads\/2022\/05\/Pieve_di_Teco-IMG_0812-Davide-Papalini-Wikipedia.jpg","width":2560,"height":1920,"caption":"I Portici - Pieve di Teco \u00a9Davide Papalini | Wikipedia"},{"@type":"BreadcrumbList","@id":"https:\/\/www.rivieradeifiori.it\/de\/meer-und-land\/die-taler\/das-arrosciatal\/pieve-di-teco\/#breadcrumb","itemListElement":[{"@type":"ListItem","position":1,"name":"Home","item":"https:\/\/www.rivieradeifiori.it\/de\/"},{"@type":"ListItem","position":2,"name":"Pieve di Teco"}]},{"@type":"WebSite","@id":"https:\/\/www.rivieradeifiori.it\/de\/#website","url":"https:\/\/www.rivieradeifiori.it\/de\/","name":"Riviera dei Fiori","description":"Un mare di colori","potentialAction":[{"@type":"SearchAction","target":{"@type":"EntryPoint","urlTemplate":"https:\/\/www.rivieradeifiori.it\/de\/?s={search_term_string}"},"query-input":{"@type":"PropertyValueSpecification","valueRequired":true,"valueName":"search_term_string"}}],"inLanguage":"de"},{"@type":"Person","@id":"https:\/\/www.rivieradeifiori.it\/de\/#\/schema\/person\/6cc4e4ed0d74f08798811653e64f69ed","name":"Luca Giovannetti","image":{"@type":"ImageObject","inLanguage":"de","@id":"https:\/\/www.rivieradeifiori.it\/de\/#\/schema\/person\/image\/","url":"https:\/\/secure.gravatar.com\/avatar\/092abda2284c50268e586151e014cf903142e524662c62577231430ea44340cf?s=96&r=g&d=https:\/\/www.rivieradeifiori.it\/wp-content\/plugins\/userswp\/assets\/images\/no_profile.png","contentUrl":"https:\/\/secure.gravatar.com\/avatar\/092abda2284c50268e586151e014cf903142e524662c62577231430ea44340cf?s=96&r=g&d=https:\/\/www.rivieradeifiori.it\/wp-content\/plugins\/userswp\/assets\/images\/no_profile.png","caption":"Luca Giovannetti"}}]}},"_links":{"self":[{"href":"https:\/\/www.rivieradeifiori.it\/de\/wp-json\/wp\/v2\/posts\/14673","targetHints":{"allow":["GET"]}}],"collection":[{"href":"https:\/\/www.rivieradeifiori.it\/de\/wp-json\/wp\/v2\/posts"}],"about":[{"href":"https:\/\/www.rivieradeifiori.it\/de\/wp-json\/wp\/v2\/types\/post"}],"author":[{"embeddable":true,"href":"https:\/\/www.rivieradeifiori.it\/de\/wp-json\/wp\/v2\/users\/1"}],"replies":[{"embeddable":true,"href":"https:\/\/www.rivieradeifiori.it\/de\/wp-json\/wp\/v2\/comments?post=14673"}],"version-history":[{"count":2,"href":"https:\/\/www.rivieradeifiori.it\/de\/wp-json\/wp\/v2\/posts\/14673\/revisions"}],"predecessor-version":[{"id":14685,"href":"https:\/\/www.rivieradeifiori.it\/de\/wp-json\/wp\/v2\/posts\/14673\/revisions\/14685"}],"wp:featuredmedia":[{"embeddable":true,"href":"https:\/\/www.rivieradeifiori.it\/de\/wp-json\/wp\/v2\/media\/12371"}],"wp:attachment":[{"href":"https:\/\/www.rivieradeifiori.it\/de\/wp-json\/wp\/v2\/media?parent=14673"}],"wp:term":[{"taxonomy":"category","embeddable":true,"href":"https:\/\/www.rivieradeifiori.it\/de\/wp-json\/wp\/v2\/categories?post=14673"},{"taxonomy":"post_tag","embeddable":true,"href":"https:\/\/www.rivieradeifiori.it\/de\/wp-json\/wp\/v2\/tags?post=14673"}],"curies":[{"name":"wp","href":"https:\/\/api.w.org\/{rel}","templated":true}]}}