{"id":14432,"date":"2022-06-05T23:37:10","date_gmt":"2022-06-05T21:37:10","guid":{"rendered":"https:\/\/www.rivieradeifiori.it\/senza-categoria-de\/san-lorenzo-al-mare\/"},"modified":"2023-02-03T18:02:03","modified_gmt":"2023-02-03T17:02:03","slug":"san-lorenzo-al-mare","status":"publish","type":"post","link":"https:\/\/www.rivieradeifiori.it\/de\/meer-und-land\/die-kueste\/san-lorenzo-al-mare\/","title":{"rendered":"San Lorenzo al Mare"},"content":{"rendered":"\n<p>San Lorenzo al Mare ist von der Fl\u00e4che her die kleinste ligurische Gemeinde, aber nicht f\u00fcr die Bev\u00f6lkerungsdichte. <\/p>\n\n\n\n<p>Der kleine K\u00fcstenort ist einer der beliebtesten Ferienorte am Meer und ebenfalls mit der Blauen Flagge ausgezeichnet. Im zw\u00f6lften Jahrhundert als Landungsplatz entstanden, an der M\u00fcndung der Aqua Sancti Laurentii, dem Fluss, der dem Ort seinen Namen verliehen hat. <\/p>\n\n\n\n<p>Aufgrund der historischen Ereignisse, hat das heutige San Lorenzo zwei verschiedene Stadtkerne, deren Form von oben gesehen an einen Anker erinnert: Einer liegt an der K\u00fcste, w\u00e4hrend der andere auf dem H\u00fcgel gelegen noch l\u00e4ndlichen Charakter hat. In San Lorenzo startet heute die Fahrradpiste des Westlichen Liguriens, die bis nach Ospedaletti f\u00fchrt und zuk\u00fcnftig wahrscheinlich auch bis in den Osten verl\u00e4ngert wird.<\/p>\n\n\n\n<p><\/p>\n\n\n<div class=\"wp-block-visual-portfolio\">\n<div class=\"vp-portfolio vp-uid-d762f228 vp-id-Z1eNNkX\"\n\tdata-vp-layout=\"justified\" data-vp-content-source=\"images\" data-vp-items-style=\"emerge\" data-vp-items-click-action=\"popup_gallery\" data-vp-items-gap=\"5\" data-vp-items-gap-vertical=\"3\" data-vp-pagination=\"load-more\" data-vp-next-page-url=\"\" data-vp-justified-row-height=\"200\" data-vp-justified-row-height-tolerance=\"0.25\" data-vp-justified-max-rows-count=\"0\" data-vp-justified-last-row=\"center\" >\n\t<div class=\"vp-portfolio__preloader-wrap\">\n\t\t<div class=\"vp-portfolio__preloader\">\n\t\t\t<img decoding=\"async\" loading=\"eager\" src=\"https:\/\/www.rivieradeifiori.it\/wp-content\/plugins\/visual-portfolio-pro\/core-plugin\/assets\/images\/logo-dark.svg\" alt=\"Visual Portfolio, Posts &amp; Image Gallery for WordPress\" width=\"20\" height=\"20\" data-skip-lazy>\n\t\t<\/div>\n\t<\/div>\n\t\t<div class=\"vp-portfolio__items-wrap\">\n\t\t\t\n<div class=\"vp-portfolio__items vp-portfolio__items-style-emerge vp-portfolio__items-show-overlay-hover vp-portfolio__items-show-caption-hover\">\n\n\t\t<div\t\tclass=\"vp-portfolio__item-wrap vp-portfolio__item-uid-d766b7ed\" data-vp-filter=\"\" \t\t>\n\t\t\t<template class=\"vp-portfolio__item-popup\" data-vp-popup-img=\"https:\/\/www.rivieradeifiori.it\/wp-content\/uploads\/2022\/05\/Spiaggia_libera_di_San_Lorenzo_al_mare_-_panoramio_1.jpg\" data-vp-popup-img-srcset=\"https:\/\/www.rivieradeifiori.it\/wp-content\/uploads\/2022\/05\/Spiaggia_libera_di_San_Lorenzo_al_mare_-_panoramio_1.jpg 1024w, https:\/\/www.rivieradeifiori.it\/wp-content\/uploads\/2022\/05\/Spiaggia_libera_di_San_Lorenzo_al_mare_-_panoramio_1-300x225.jpg 300w, https:\/\/www.rivieradeifiori.it\/wp-content\/uploads\/2022\/05\/Spiaggia_libera_di_San_Lorenzo_al_mare_-_panoramio_1-500x375.jpg 500w, https:\/\/www.rivieradeifiori.it\/wp-content\/uploads\/2022\/05\/Spiaggia_libera_di_San_Lorenzo_al_mare_-_panoramio_1-800x600.jpg 800w, https:\/\/www.rivieradeifiori.it\/wp-content\/uploads\/2022\/05\/Spiaggia_libera_di_San_Lorenzo_al_mare_-_panoramio_1-150x113.jpg 150w\" data-vp-popup-img-size=\"1024x768\" data-vp-popup-md-img=\"https:\/\/www.rivieradeifiori.it\/wp-content\/uploads\/2022\/05\/Spiaggia_libera_di_San_Lorenzo_al_mare_-_panoramio_1-800x600.jpg\" data-vp-popup-md-img-size=\"800x600\" data-vp-popup-sm-img=\"https:\/\/www.rivieradeifiori.it\/wp-content\/uploads\/2022\/05\/Spiaggia_libera_di_San_Lorenzo_al_mare_-_panoramio_1-500x375.jpg\" data-vp-popup-sm-img-size=\"500x375\">\n\t\t\t<h3 class=\"vp-portfolio__item-popup-title\">Spiaggia libera di San Lorenzo al mare \u00a9Agenzia Tecnocasa | Wikipedia<\/h3>\n\t\t<\/template>\n\t\t\t\t\t\t<figure class=\"vp-portfolio__item\">\n\t\t\t\t\n<div class=\"vp-portfolio__item-img-wrap\">\n\t<div class=\"vp-portfolio__item-img\">\n\t\t\t<a\n\t\thref=\"https:\/\/www.rivieradeifiori.it\/wp-content\/uploads\/2022\/05\/Spiaggia_libera_di_San_Lorenzo_al_mare_-_panoramio_1.jpg\"\n\t\t\t>\n\t\n\t\t<noscript><img decoding=\"async\" width=\"1024\" height=\"768\" data-skip-lazy src=\"https:\/\/www.rivieradeifiori.it\/wp-content\/uploads\/2022\/05\/Spiaggia_libera_di_San_Lorenzo_al_mare_-_panoramio_1.jpg\" class=\"wp-image-11889\" alt=\"\" srcset=\"https:\/\/www.rivieradeifiori.it\/wp-content\/uploads\/2022\/05\/Spiaggia_libera_di_San_Lorenzo_al_mare_-_panoramio_1.jpg 1024w, https:\/\/www.rivieradeifiori.it\/wp-content\/uploads\/2022\/05\/Spiaggia_libera_di_San_Lorenzo_al_mare_-_panoramio_1-300x225.jpg 300w, https:\/\/www.rivieradeifiori.it\/wp-content\/uploads\/2022\/05\/Spiaggia_libera_di_San_Lorenzo_al_mare_-_panoramio_1-500x375.jpg 500w, https:\/\/www.rivieradeifiori.it\/wp-content\/uploads\/2022\/05\/Spiaggia_libera_di_San_Lorenzo_al_mare_-_panoramio_1-800x600.jpg 800w, https:\/\/www.rivieradeifiori.it\/wp-content\/uploads\/2022\/05\/Spiaggia_libera_di_San_Lorenzo_al_mare_-_panoramio_1-150x113.jpg 150w\" sizes=\"(max-width: 1024px) 100vw, 1024px\" \/><\/noscript><img fetchpriority=\"high\" decoding=\"async\" width=\"1024\" height=\"768\" src=\"https:\/\/www.rivieradeifiori.it\/wp-content\/uploads\/2022\/05\/Spiaggia_libera_di_San_Lorenzo_al_mare_-_panoramio_1.jpg\" class=\"wp-image-11889 vp-lazyload\" alt srcset=\"data:image\/svg+xml;base64,PHN2ZyB3aWR0aD0iMTAyNCIgaGVpZ2h0PSI3NjgiIHZpZXdCb3g9IjAgMCAxMDI0IDc2OCIgZmlsbD0ibm9uZSIgeG1sbnM9Imh0dHA6Ly93d3cudzMub3JnLzIwMDAvc3ZnIj48L3N2Zz4=\" data-src=\"https:\/\/www.rivieradeifiori.it\/wp-content\/uploads\/2022\/05\/Spiaggia_libera_di_San_Lorenzo_al_mare_-_panoramio_1.jpg\" data-srcset=\"https:\/\/www.rivieradeifiori.it\/wp-content\/uploads\/2022\/05\/Spiaggia_libera_di_San_Lorenzo_al_mare_-_panoramio_1.jpg 1024w, https:\/\/www.rivieradeifiori.it\/wp-content\/uploads\/2022\/05\/Spiaggia_libera_di_San_Lorenzo_al_mare_-_panoramio_1-300x225.jpg 300w, https:\/\/www.rivieradeifiori.it\/wp-content\/uploads\/2022\/05\/Spiaggia_libera_di_San_Lorenzo_al_mare_-_panoramio_1-500x375.jpg 500w, https:\/\/www.rivieradeifiori.it\/wp-content\/uploads\/2022\/05\/Spiaggia_libera_di_San_Lorenzo_al_mare_-_panoramio_1-800x600.jpg 800w, https:\/\/www.rivieradeifiori.it\/wp-content\/uploads\/2022\/05\/Spiaggia_libera_di_San_Lorenzo_al_mare_-_panoramio_1-150x113.jpg 150w\" data-sizes=\"auto\" loading=\"eager\">\n\t\t<div class=\"vp-portfolio__item-overlay\"><\/div>\n\n\t\t<\/a>\t<\/div>\n<\/div>\n\n\t<figcaption class=\"vp-portfolio__item-caption vp-portfolio__item-caption-text-align-center\">\n\t\t<div class=\"vp-portfolio__item-meta-wrap vp-portfolio__custom-scrollbar\">\n\t\t\t<div class=\"vp-portfolio__item-meta\">\n\t\t\t\t\n<h2 class=\"vp-portfolio__item-meta-title\">\n\t\t<a\n\t\thref=\"https:\/\/www.rivieradeifiori.it\/wp-content\/uploads\/2022\/05\/Spiaggia_libera_di_San_Lorenzo_al_mare_-_panoramio_1.jpg\"\n\t\t\t>\n\tSpiaggia libera di San Lorenzo al mare \u00a9Agenzia Tecnocasa | Wikipedia<\/a><\/h2>\n\t\t\t<\/div>\n\t\t<\/div>\n\t<\/figcaption>\n\t\t\t<\/figure>\n\t\t\t\t\t<\/div>\n\t\t\n\t\t<div\t\tclass=\"vp-portfolio__item-wrap vp-portfolio__item-uid-b1a3a8aa\" data-vp-filter=\"\" \t\t>\n\t\t\t<template class=\"vp-portfolio__item-popup\" data-vp-popup-img=\"https:\/\/www.rivieradeifiori.it\/wp-content\/uploads\/2022\/05\/Marina_San_Lorenzo.jpg\" data-vp-popup-img-srcset=\"https:\/\/www.rivieradeifiori.it\/wp-content\/uploads\/2022\/05\/Marina_San_Lorenzo.jpg 1772w, https:\/\/www.rivieradeifiori.it\/wp-content\/uploads\/2022\/05\/Marina_San_Lorenzo-300x199.jpg 300w, https:\/\/www.rivieradeifiori.it\/wp-content\/uploads\/2022\/05\/Marina_San_Lorenzo-1270x844.jpg 1270w, https:\/\/www.rivieradeifiori.it\/wp-content\/uploads\/2022\/05\/Marina_San_Lorenzo-1536x1021.jpg 1536w, https:\/\/www.rivieradeifiori.it\/wp-content\/uploads\/2022\/05\/Marina_San_Lorenzo-500x332.jpg 500w, https:\/\/www.rivieradeifiori.it\/wp-content\/uploads\/2022\/05\/Marina_San_Lorenzo-800x532.jpg 800w, https:\/\/www.rivieradeifiori.it\/wp-content\/uploads\/2022\/05\/Marina_San_Lorenzo-1280x851.jpg 1280w, https:\/\/www.rivieradeifiori.it\/wp-content\/uploads\/2022\/05\/Marina_San_Lorenzo-1080x718.jpg 1080w, https:\/\/www.rivieradeifiori.it\/wp-content\/uploads\/2022\/05\/Marina_San_Lorenzo-150x100.jpg 150w\" data-vp-popup-img-size=\"1772x1178\" data-vp-popup-md-img=\"https:\/\/www.rivieradeifiori.it\/wp-content\/uploads\/2022\/05\/Marina_San_Lorenzo-800x532.jpg\" data-vp-popup-md-img-size=\"800x532\" data-vp-popup-sm-img=\"https:\/\/www.rivieradeifiori.it\/wp-content\/uploads\/2022\/05\/Marina_San_Lorenzo-500x332.jpg\" data-vp-popup-sm-img-size=\"500x332\">\n\t\t\t<h3 class=\"vp-portfolio__item-popup-title\">Marina San Lorenzo<\/h3>\n\t\t<\/template>\n\t\t\t\t\t\t<figure class=\"vp-portfolio__item\">\n\t\t\t\t\n<div class=\"vp-portfolio__item-img-wrap\">\n\t<div class=\"vp-portfolio__item-img\">\n\t\t\t<a\n\t\thref=\"https:\/\/www.rivieradeifiori.it\/wp-content\/uploads\/2022\/05\/Marina_San_Lorenzo.jpg\"\n\t\t\t>\n\t\n\t\t<noscript><img decoding=\"async\" width=\"1772\" height=\"1178\" data-skip-lazy src=\"https:\/\/www.rivieradeifiori.it\/wp-content\/uploads\/2022\/05\/Marina_San_Lorenzo.jpg\" class=\"wp-image-11718\" alt=\"\" srcset=\"https:\/\/www.rivieradeifiori.it\/wp-content\/uploads\/2022\/05\/Marina_San_Lorenzo.jpg 1772w, https:\/\/www.rivieradeifiori.it\/wp-content\/uploads\/2022\/05\/Marina_San_Lorenzo-300x199.jpg 300w, https:\/\/www.rivieradeifiori.it\/wp-content\/uploads\/2022\/05\/Marina_San_Lorenzo-1270x844.jpg 1270w, https:\/\/www.rivieradeifiori.it\/wp-content\/uploads\/2022\/05\/Marina_San_Lorenzo-1536x1021.jpg 1536w, https:\/\/www.rivieradeifiori.it\/wp-content\/uploads\/2022\/05\/Marina_San_Lorenzo-500x332.jpg 500w, https:\/\/www.rivieradeifiori.it\/wp-content\/uploads\/2022\/05\/Marina_San_Lorenzo-800x532.jpg 800w, https:\/\/www.rivieradeifiori.it\/wp-content\/uploads\/2022\/05\/Marina_San_Lorenzo-1280x851.jpg 1280w, https:\/\/www.rivieradeifiori.it\/wp-content\/uploads\/2022\/05\/Marina_San_Lorenzo-1080x718.jpg 1080w, https:\/\/www.rivieradeifiori.it\/wp-content\/uploads\/2022\/05\/Marina_San_Lorenzo-150x100.jpg 150w\" sizes=\"(max-width: 1772px) 100vw, 1772px\" \/><\/noscript><img decoding=\"async\" width=\"1772\" height=\"1178\" src=\"https:\/\/www.rivieradeifiori.it\/wp-content\/uploads\/2022\/05\/Marina_San_Lorenzo.jpg\" class=\"wp-image-11718 vp-lazyload\" alt srcset=\"data:image\/svg+xml;base64,PHN2ZyB3aWR0aD0iMTc3MiIgaGVpZ2h0PSIxMTc4IiB2aWV3Qm94PSIwIDAgMTc3MiAxMTc4IiBmaWxsPSJub25lIiB4bWxucz0iaHR0cDovL3d3dy53My5vcmcvMjAwMC9zdmciPjwvc3ZnPg==\" data-src=\"https:\/\/www.rivieradeifiori.it\/wp-content\/uploads\/2022\/05\/Marina_San_Lorenzo.jpg\" data-srcset=\"https:\/\/www.rivieradeifiori.it\/wp-content\/uploads\/2022\/05\/Marina_San_Lorenzo.jpg 1772w, https:\/\/www.rivieradeifiori.it\/wp-content\/uploads\/2022\/05\/Marina_San_Lorenzo-300x199.jpg 300w, https:\/\/www.rivieradeifiori.it\/wp-content\/uploads\/2022\/05\/Marina_San_Lorenzo-1270x844.jpg 1270w, https:\/\/www.rivieradeifiori.it\/wp-content\/uploads\/2022\/05\/Marina_San_Lorenzo-1536x1021.jpg 1536w, https:\/\/www.rivieradeifiori.it\/wp-content\/uploads\/2022\/05\/Marina_San_Lorenzo-500x332.jpg 500w, https:\/\/www.rivieradeifiori.it\/wp-content\/uploads\/2022\/05\/Marina_San_Lorenzo-800x532.jpg 800w, https:\/\/www.rivieradeifiori.it\/wp-content\/uploads\/2022\/05\/Marina_San_Lorenzo-1280x851.jpg 1280w, https:\/\/www.rivieradeifiori.it\/wp-content\/uploads\/2022\/05\/Marina_San_Lorenzo-1080x718.jpg 1080w, https:\/\/www.rivieradeifiori.it\/wp-content\/uploads\/2022\/05\/Marina_San_Lorenzo-150x100.jpg 150w\" data-sizes=\"auto\" loading=\"eager\">\n\t\t<div class=\"vp-portfolio__item-overlay\"><\/div>\n\n\t\t<\/a>\t<\/div>\n<\/div>\n\n\t<figcaption class=\"vp-portfolio__item-caption vp-portfolio__item-caption-text-align-center\">\n\t\t<div class=\"vp-portfolio__item-meta-wrap vp-portfolio__custom-scrollbar\">\n\t\t\t<div class=\"vp-portfolio__item-meta\">\n\t\t\t\t\n<h2 class=\"vp-portfolio__item-meta-title\">\n\t\t<a\n\t\thref=\"https:\/\/www.rivieradeifiori.it\/wp-content\/uploads\/2022\/05\/Marina_San_Lorenzo.jpg\"\n\t\t\t>\n\tMarina San Lorenzo<\/a><\/h2>\n\t\t\t<\/div>\n\t\t<\/div>\n\t<\/figcaption>\n\t\t\t<\/figure>\n\t\t\t\t\t<\/div>\n\t\t\n<\/div>\n\t\t<\/div>\n\t\t\n<\/div>\n<\/div>","protected":false},"excerpt":{"rendered":"<p>San Lorenzo al Mare ist von der Fl\u00e4che her die kleinste ligurische Gemeinde, aber nicht f\u00fcr die Bev\u00f6lkerungsdichte. Der kleine K\u00fcstenort ist einer der beliebtesten Ferienorte am Meer und ebenfalls mit der Blauen Flagge ausgezeichnet. Im zw\u00f6lften Jahrhundert als Landungsplatz entstanden, an der M\u00fcndung der Aqua Sancti Laurentii, dem Fluss, der dem Ort seinen Namen [&hellip;]<\/p>\n","protected":false},"author":1,"featured_media":12275,"comment_status":"closed","ping_status":"open","sticky":false,"template":"","format":"standard","meta":{"_et_pb_use_builder":"off","_et_pb_old_content":"","_et_gb_content_width":"","_eb_attr":"","_vp_format_video_url":"","_vp_image_focal_point":[],"_vp_custom_popup_image":0,"_vp_format_audio_url":"","_vp_custom_thumbnail":0,"_vp_custom_thumbnail_focal_point":[],"_vp_hover_thumbnail":0,"_vp_hover_thumbnail_focal_point":[],"footnotes":""},"categories":[939,957],"tags":[1333,1232,1338,1339],"class_list":["post-14432","post","type-post","status-publish","format-standard","has-post-thumbnail","hentry","category-die-kueste","category-san-lorenzo-tal","tag-die-kueste","tag-la-costa-de","tag-san-lorenzo-al-mare-de","tag-san-lorenzo-tal","et-has-post-format-content","et_post_format-et-post-format-standard"],"yoast_head":"<!-- This site is optimized with the Yoast SEO plugin v25.7 - https:\/\/yoast.com\/wordpress\/plugins\/seo\/ -->\n<title>San Lorenzo al Mare - Die K\u00fcste - Riviera dei Fiori<\/title>\n<meta name=\"robots\" content=\"index, follow, max-snippet:-1, max-image-preview:large, max-video-preview:-1\" \/>\n<link rel=\"canonical\" href=\"https:\/\/www.rivieradeifiori.it\/de\/meer-und-land\/die-kueste\/san-lorenzo-al-mare\/\" \/>\n<meta name=\"twitter:label1\" content=\"Verfasst von\" \/>\n\t<meta name=\"twitter:data1\" content=\"Luca Giovannetti\" \/>\n\t<meta name=\"twitter:label2\" content=\"Gesch\u00e4tzte Lesezeit\" \/>\n\t<meta name=\"twitter:data2\" content=\"1\u00a0Minute\" \/>\n<script type=\"application\/ld+json\" class=\"yoast-schema-graph\">{\"@context\":\"https:\/\/schema.org\",\"@graph\":[{\"@type\":\"WebPage\",\"@id\":\"https:\/\/www.rivieradeifiori.it\/de\/meer-und-land\/die-kueste\/san-lorenzo-al-mare\/\",\"url\":\"https:\/\/www.rivieradeifiori.it\/de\/meer-und-land\/die-kueste\/san-lorenzo-al-mare\/\",\"name\":\"San Lorenzo al Mare - Die K\u00fcste - Riviera dei Fiori\",\"isPartOf\":{\"@id\":\"https:\/\/www.rivieradeifiori.it\/de\/#website\"},\"primaryImageOfPage\":{\"@id\":\"https:\/\/www.rivieradeifiori.it\/de\/meer-und-land\/die-kueste\/san-lorenzo-al-mare\/#primaryimage\"},\"image\":{\"@id\":\"https:\/\/www.rivieradeifiori.it\/de\/meer-und-land\/die-kueste\/san-lorenzo-al-mare\/#primaryimage\"},\"thumbnailUrl\":\"https:\/\/www.rivieradeifiori.it\/wp-content\/uploads\/2022\/05\/Spiaggia_libera_di_San_Lorenzo_al_mare_-_panoramio_1.jpg\",\"datePublished\":\"2022-06-05T21:37:10+00:00\",\"dateModified\":\"2023-02-03T17:02:03+00:00\",\"author\":{\"@id\":\"https:\/\/www.rivieradeifiori.it\/de\/#\/schema\/person\/6cc4e4ed0d74f08798811653e64f69ed\"},\"breadcrumb\":{\"@id\":\"https:\/\/www.rivieradeifiori.it\/de\/meer-und-land\/die-kueste\/san-lorenzo-al-mare\/#breadcrumb\"},\"inLanguage\":\"de\",\"potentialAction\":[{\"@type\":\"ReadAction\",\"target\":[\"https:\/\/www.rivieradeifiori.it\/de\/meer-und-land\/die-kueste\/san-lorenzo-al-mare\/\"]}]},{\"@type\":\"ImageObject\",\"inLanguage\":\"de\",\"@id\":\"https:\/\/www.rivieradeifiori.it\/de\/meer-und-land\/die-kueste\/san-lorenzo-al-mare\/#primaryimage\",\"url\":\"https:\/\/www.rivieradeifiori.it\/wp-content\/uploads\/2022\/05\/Spiaggia_libera_di_San_Lorenzo_al_mare_-_panoramio_1.jpg\",\"contentUrl\":\"https:\/\/www.rivieradeifiori.it\/wp-content\/uploads\/2022\/05\/Spiaggia_libera_di_San_Lorenzo_al_mare_-_panoramio_1.jpg\",\"width\":1024,\"height\":768,\"caption\":\"Spiaggia libera di San Lorenzo al mare \u00a9Agenzia Tecnocasa | Wikipedia\"},{\"@type\":\"BreadcrumbList\",\"@id\":\"https:\/\/www.rivieradeifiori.it\/de\/meer-und-land\/die-kueste\/san-lorenzo-al-mare\/#breadcrumb\",\"itemListElement\":[{\"@type\":\"ListItem\",\"position\":1,\"name\":\"Home\",\"item\":\"https:\/\/www.rivieradeifiori.it\/de\/\"},{\"@type\":\"ListItem\",\"position\":2,\"name\":\"San Lorenzo al Mare\"}]},{\"@type\":\"WebSite\",\"@id\":\"https:\/\/www.rivieradeifiori.it\/de\/#website\",\"url\":\"https:\/\/www.rivieradeifiori.it\/de\/\",\"name\":\"Riviera dei Fiori\",\"description\":\"Un mare di colori\",\"potentialAction\":[{\"@type\":\"SearchAction\",\"target\":{\"@type\":\"EntryPoint\",\"urlTemplate\":\"https:\/\/www.rivieradeifiori.it\/de\/?s={search_term_string}\"},\"query-input\":{\"@type\":\"PropertyValueSpecification\",\"valueRequired\":true,\"valueName\":\"search_term_string\"}}],\"inLanguage\":\"de\"},{\"@type\":\"Person\",\"@id\":\"https:\/\/www.rivieradeifiori.it\/de\/#\/schema\/person\/6cc4e4ed0d74f08798811653e64f69ed\",\"name\":\"Luca Giovannetti\",\"image\":{\"@type\":\"ImageObject\",\"inLanguage\":\"de\",\"@id\":\"https:\/\/www.rivieradeifiori.it\/de\/#\/schema\/person\/image\/\",\"url\":\"https:\/\/secure.gravatar.com\/avatar\/092abda2284c50268e586151e014cf903142e524662c62577231430ea44340cf?s=96&r=g&d=https:\/\/www.rivieradeifiori.it\/wp-content\/plugins\/userswp\/assets\/images\/no_profile.png\",\"contentUrl\":\"https:\/\/secure.gravatar.com\/avatar\/092abda2284c50268e586151e014cf903142e524662c62577231430ea44340cf?s=96&r=g&d=https:\/\/www.rivieradeifiori.it\/wp-content\/plugins\/userswp\/assets\/images\/no_profile.png\",\"caption\":\"Luca Giovannetti\"}}]}<\/script>\n<!-- \/ Yoast SEO plugin. -->","yoast_head_json":{"title":"San Lorenzo al Mare - Die K\u00fcste - Riviera dei Fiori","robots":{"index":"index","follow":"follow","max-snippet":"max-snippet:-1","max-image-preview":"max-image-preview:large","max-video-preview":"max-video-preview:-1"},"canonical":"https:\/\/www.rivieradeifiori.it\/de\/meer-und-land\/die-kueste\/san-lorenzo-al-mare\/","twitter_misc":{"Verfasst von":"Luca Giovannetti","Gesch\u00e4tzte Lesezeit":"1\u00a0Minute"},"schema":{"@context":"https:\/\/schema.org","@graph":[{"@type":"WebPage","@id":"https:\/\/www.rivieradeifiori.it\/de\/meer-und-land\/die-kueste\/san-lorenzo-al-mare\/","url":"https:\/\/www.rivieradeifiori.it\/de\/meer-und-land\/die-kueste\/san-lorenzo-al-mare\/","name":"San Lorenzo al Mare - Die K\u00fcste - Riviera dei Fiori","isPartOf":{"@id":"https:\/\/www.rivieradeifiori.it\/de\/#website"},"primaryImageOfPage":{"@id":"https:\/\/www.rivieradeifiori.it\/de\/meer-und-land\/die-kueste\/san-lorenzo-al-mare\/#primaryimage"},"image":{"@id":"https:\/\/www.rivieradeifiori.it\/de\/meer-und-land\/die-kueste\/san-lorenzo-al-mare\/#primaryimage"},"thumbnailUrl":"https:\/\/www.rivieradeifiori.it\/wp-content\/uploads\/2022\/05\/Spiaggia_libera_di_San_Lorenzo_al_mare_-_panoramio_1.jpg","datePublished":"2022-06-05T21:37:10+00:00","dateModified":"2023-02-03T17:02:03+00:00","author":{"@id":"https:\/\/www.rivieradeifiori.it\/de\/#\/schema\/person\/6cc4e4ed0d74f08798811653e64f69ed"},"breadcrumb":{"@id":"https:\/\/www.rivieradeifiori.it\/de\/meer-und-land\/die-kueste\/san-lorenzo-al-mare\/#breadcrumb"},"inLanguage":"de","potentialAction":[{"@type":"ReadAction","target":["https:\/\/www.rivieradeifiori.it\/de\/meer-und-land\/die-kueste\/san-lorenzo-al-mare\/"]}]},{"@type":"ImageObject","inLanguage":"de","@id":"https:\/\/www.rivieradeifiori.it\/de\/meer-und-land\/die-kueste\/san-lorenzo-al-mare\/#primaryimage","url":"https:\/\/www.rivieradeifiori.it\/wp-content\/uploads\/2022\/05\/Spiaggia_libera_di_San_Lorenzo_al_mare_-_panoramio_1.jpg","contentUrl":"https:\/\/www.rivieradeifiori.it\/wp-content\/uploads\/2022\/05\/Spiaggia_libera_di_San_Lorenzo_al_mare_-_panoramio_1.jpg","width":1024,"height":768,"caption":"Spiaggia libera di San Lorenzo al mare \u00a9Agenzia Tecnocasa | Wikipedia"},{"@type":"BreadcrumbList","@id":"https:\/\/www.rivieradeifiori.it\/de\/meer-und-land\/die-kueste\/san-lorenzo-al-mare\/#breadcrumb","itemListElement":[{"@type":"ListItem","position":1,"name":"Home","item":"https:\/\/www.rivieradeifiori.it\/de\/"},{"@type":"ListItem","position":2,"name":"San Lorenzo al Mare"}]},{"@type":"WebSite","@id":"https:\/\/www.rivieradeifiori.it\/de\/#website","url":"https:\/\/www.rivieradeifiori.it\/de\/","name":"Riviera dei Fiori","description":"Un mare di colori","potentialAction":[{"@type":"SearchAction","target":{"@type":"EntryPoint","urlTemplate":"https:\/\/www.rivieradeifiori.it\/de\/?s={search_term_string}"},"query-input":{"@type":"PropertyValueSpecification","valueRequired":true,"valueName":"search_term_string"}}],"inLanguage":"de"},{"@type":"Person","@id":"https:\/\/www.rivieradeifiori.it\/de\/#\/schema\/person\/6cc4e4ed0d74f08798811653e64f69ed","name":"Luca Giovannetti","image":{"@type":"ImageObject","inLanguage":"de","@id":"https:\/\/www.rivieradeifiori.it\/de\/#\/schema\/person\/image\/","url":"https:\/\/secure.gravatar.com\/avatar\/092abda2284c50268e586151e014cf903142e524662c62577231430ea44340cf?s=96&r=g&d=https:\/\/www.rivieradeifiori.it\/wp-content\/plugins\/userswp\/assets\/images\/no_profile.png","contentUrl":"https:\/\/secure.gravatar.com\/avatar\/092abda2284c50268e586151e014cf903142e524662c62577231430ea44340cf?s=96&r=g&d=https:\/\/www.rivieradeifiori.it\/wp-content\/plugins\/userswp\/assets\/images\/no_profile.png","caption":"Luca Giovannetti"}}]}},"_links":{"self":[{"href":"https:\/\/www.rivieradeifiori.it\/de\/wp-json\/wp\/v2\/posts\/14432","targetHints":{"allow":["GET"]}}],"collection":[{"href":"https:\/\/www.rivieradeifiori.it\/de\/wp-json\/wp\/v2\/posts"}],"about":[{"href":"https:\/\/www.rivieradeifiori.it\/de\/wp-json\/wp\/v2\/types\/post"}],"author":[{"embeddable":true,"href":"https:\/\/www.rivieradeifiori.it\/de\/wp-json\/wp\/v2\/users\/1"}],"replies":[{"embeddable":true,"href":"https:\/\/www.rivieradeifiori.it\/de\/wp-json\/wp\/v2\/comments?post=14432"}],"version-history":[{"count":2,"href":"https:\/\/www.rivieradeifiori.it\/de\/wp-json\/wp\/v2\/posts\/14432\/revisions"}],"predecessor-version":[{"id":14441,"href":"https:\/\/www.rivieradeifiori.it\/de\/wp-json\/wp\/v2\/posts\/14432\/revisions\/14441"}],"wp:featuredmedia":[{"embeddable":true,"href":"https:\/\/www.rivieradeifiori.it\/de\/wp-json\/wp\/v2\/media\/12275"}],"wp:attachment":[{"href":"https:\/\/www.rivieradeifiori.it\/de\/wp-json\/wp\/v2\/media?parent=14432"}],"wp:term":[{"taxonomy":"category","embeddable":true,"href":"https:\/\/www.rivieradeifiori.it\/de\/wp-json\/wp\/v2\/categories?post=14432"},{"taxonomy":"post_tag","embeddable":true,"href":"https:\/\/www.rivieradeifiori.it\/de\/wp-json\/wp\/v2\/tags?post=14432"}],"curies":[{"name":"wp","href":"https:\/\/api.w.org\/{rel}","templated":true}]}}