{"id":14419,"date":"2022-06-05T23:27:39","date_gmt":"2022-06-05T21:27:39","guid":{"rendered":"https:\/\/www.rivieradeifiori.it\/senza-categoria-de\/san-bartolomeo-al-mare\/"},"modified":"2023-02-03T18:03:54","modified_gmt":"2023-02-03T17:03:54","slug":"san-bartolomeo-al-mare","status":"publish","type":"post","link":"https:\/\/www.rivieradeifiori.it\/de\/meer-und-land\/die-kueste\/san-bartolomeo-al-mare\/","title":{"rendered":"San Bartolomeo al Mare"},"content":{"rendered":"\n<p>Eine Perle an der K\u00fcste des Golfs von Diano Marina. San Bartolomeo ist f\u00fcr seine sch\u00f6nen Str\u00e4nde bekannt, mit komfortablen Strandb\u00e4dern und bereits mehrmals mit der Blauen Flagge f\u00fcr das saubere Wasser ausgezeichnet. Es ist ein ruhiger Ort und ideal f\u00fcr einen Urlaub mit der ganzen Familie. Gesch\u00e4fte und Restaurants gibt es genauso viele wie Unterk\u00fcnfte f\u00fcr jeden Geschmack. <\/p>\n\n\n\n<p>F\u00fcr die Liebhaber der Geschichte bewahrt die Stadt einen alten r\u00f6mischen Mansio, Fund arch\u00e4ologischer Ausgrabungen und einen mittelalterlichen Ortskern, in dem die Kirche San Bartolomeo aus dem dreizehnten Jahrhundert zu sehen ist, sowie das Santuario della Rovere, in dessem Rahmen jedes Jahr in den \u201eTagen der Amsel\u201c (die letzten drei Tage im Januar) die \u201eFiera della Rovere\u201c, eines der \u00e4ltesten Events im westlichen Ligurien stattfindet.<\/p>\n\n\n<div class=\"wp-block-visual-portfolio\">\n<div class=\"vp-portfolio vp-uid-d507eb09 vp-id-Z2eeYfa\"\n\tdata-vp-layout=\"justified\" data-vp-content-source=\"images\" data-vp-items-style=\"emerge\" data-vp-items-click-action=\"popup_gallery\" data-vp-items-gap=\"5\" data-vp-items-gap-vertical=\"3\" data-vp-pagination=\"load-more\" data-vp-next-page-url=\"\" data-vp-justified-row-height=\"200\" data-vp-justified-row-height-tolerance=\"0.25\" data-vp-justified-max-rows-count=\"0\" data-vp-justified-last-row=\"center\" >\n\t<div class=\"vp-portfolio__preloader-wrap\">\n\t\t<div class=\"vp-portfolio__preloader\">\n\t\t\t<img decoding=\"async\" loading=\"eager\" src=\"https:\/\/www.rivieradeifiori.it\/wp-content\/plugins\/visual-portfolio-pro\/core-plugin\/assets\/images\/logo-dark.svg\" alt=\"Visual Portfolio, Posts &amp; Image Gallery for WordPress\" width=\"20\" height=\"20\" data-skip-lazy>\n\t\t<\/div>\n\t<\/div>\n\t\t<div class=\"vp-portfolio__items-wrap\">\n\t\t\t\n<div class=\"vp-portfolio__items vp-portfolio__items-style-emerge vp-portfolio__items-show-overlay-hover vp-portfolio__items-show-caption-hover\">\n\n\t\t<div\t\tclass=\"vp-portfolio__item-wrap vp-portfolio__item-uid-9f45fcd1\" data-vp-filter=\"\" \t\t>\n\t\t\t<template class=\"vp-portfolio__item-popup\" data-vp-popup-img=\"https:\/\/www.rivieradeifiori.it\/wp-content\/uploads\/2022\/05\/1440px-San_Bartolomeo_Al_Mare.jpg\" data-vp-popup-img-srcset=\"https:\/\/www.rivieradeifiori.it\/wp-content\/uploads\/2022\/05\/1440px-San_Bartolomeo_Al_Mare.jpg 1440w, https:\/\/www.rivieradeifiori.it\/wp-content\/uploads\/2022\/05\/1440px-San_Bartolomeo_Al_Mare-300x225.jpg 300w, https:\/\/www.rivieradeifiori.it\/wp-content\/uploads\/2022\/05\/1440px-San_Bartolomeo_Al_Mare-1270x953.jpg 1270w, https:\/\/www.rivieradeifiori.it\/wp-content\/uploads\/2022\/05\/1440px-San_Bartolomeo_Al_Mare-500x375.jpg 500w, https:\/\/www.rivieradeifiori.it\/wp-content\/uploads\/2022\/05\/1440px-San_Bartolomeo_Al_Mare-800x600.jpg 800w, https:\/\/www.rivieradeifiori.it\/wp-content\/uploads\/2022\/05\/1440px-San_Bartolomeo_Al_Mare-1280x960.jpg 1280w, https:\/\/www.rivieradeifiori.it\/wp-content\/uploads\/2022\/05\/1440px-San_Bartolomeo_Al_Mare-1080x810.jpg 1080w, https:\/\/www.rivieradeifiori.it\/wp-content\/uploads\/2022\/05\/1440px-San_Bartolomeo_Al_Mare-150x113.jpg 150w\" data-vp-popup-img-size=\"1440x1080\" data-vp-popup-md-img=\"https:\/\/www.rivieradeifiori.it\/wp-content\/uploads\/2022\/05\/1440px-San_Bartolomeo_Al_Mare-800x600.jpg\" data-vp-popup-md-img-size=\"800x600\" data-vp-popup-sm-img=\"https:\/\/www.rivieradeifiori.it\/wp-content\/uploads\/2022\/05\/1440px-San_Bartolomeo_Al_Mare-500x375.jpg\" data-vp-popup-sm-img-size=\"500x375\">\n\t\t\t<h3 class=\"vp-portfolio__item-popup-title\">San Bartolomeo al Mare \u00a9Stijnsation | Wikipedia<\/h3>\n\t\t<\/template>\n\t\t\t\t\t\t<figure class=\"vp-portfolio__item\">\n\t\t\t\t\n<div class=\"vp-portfolio__item-img-wrap\">\n\t<div class=\"vp-portfolio__item-img\">\n\t\t\t<a\n\t\thref=\"https:\/\/www.rivieradeifiori.it\/wp-content\/uploads\/2022\/05\/1440px-San_Bartolomeo_Al_Mare.jpg\"\n\t\t\t>\n\t\n\t\t<noscript><img decoding=\"async\" width=\"1440\" height=\"1080\" data-skip-lazy src=\"https:\/\/www.rivieradeifiori.it\/wp-content\/uploads\/2022\/05\/1440px-San_Bartolomeo_Al_Mare.jpg\" class=\"wp-image-10878\" alt=\"\" srcset=\"https:\/\/www.rivieradeifiori.it\/wp-content\/uploads\/2022\/05\/1440px-San_Bartolomeo_Al_Mare.jpg 1440w, https:\/\/www.rivieradeifiori.it\/wp-content\/uploads\/2022\/05\/1440px-San_Bartolomeo_Al_Mare-300x225.jpg 300w, https:\/\/www.rivieradeifiori.it\/wp-content\/uploads\/2022\/05\/1440px-San_Bartolomeo_Al_Mare-1270x953.jpg 1270w, https:\/\/www.rivieradeifiori.it\/wp-content\/uploads\/2022\/05\/1440px-San_Bartolomeo_Al_Mare-500x375.jpg 500w, https:\/\/www.rivieradeifiori.it\/wp-content\/uploads\/2022\/05\/1440px-San_Bartolomeo_Al_Mare-800x600.jpg 800w, https:\/\/www.rivieradeifiori.it\/wp-content\/uploads\/2022\/05\/1440px-San_Bartolomeo_Al_Mare-1280x960.jpg 1280w, https:\/\/www.rivieradeifiori.it\/wp-content\/uploads\/2022\/05\/1440px-San_Bartolomeo_Al_Mare-1080x810.jpg 1080w, https:\/\/www.rivieradeifiori.it\/wp-content\/uploads\/2022\/05\/1440px-San_Bartolomeo_Al_Mare-150x113.jpg 150w\" sizes=\"(max-width: 1440px) 100vw, 1440px\" \/><\/noscript><img fetchpriority=\"high\" decoding=\"async\" width=\"1440\" height=\"1080\" src=\"https:\/\/www.rivieradeifiori.it\/wp-content\/uploads\/2022\/05\/1440px-San_Bartolomeo_Al_Mare.jpg\" class=\"wp-image-10878 vp-lazyload\" alt srcset=\"data:image\/svg+xml;base64,PHN2ZyB3aWR0aD0iMTQ0MCIgaGVpZ2h0PSIxMDgwIiB2aWV3Qm94PSIwIDAgMTQ0MCAxMDgwIiBmaWxsPSJub25lIiB4bWxucz0iaHR0cDovL3d3dy53My5vcmcvMjAwMC9zdmciPjwvc3ZnPg==\" data-src=\"https:\/\/www.rivieradeifiori.it\/wp-content\/uploads\/2022\/05\/1440px-San_Bartolomeo_Al_Mare.jpg\" data-srcset=\"https:\/\/www.rivieradeifiori.it\/wp-content\/uploads\/2022\/05\/1440px-San_Bartolomeo_Al_Mare.jpg 1440w, https:\/\/www.rivieradeifiori.it\/wp-content\/uploads\/2022\/05\/1440px-San_Bartolomeo_Al_Mare-300x225.jpg 300w, https:\/\/www.rivieradeifiori.it\/wp-content\/uploads\/2022\/05\/1440px-San_Bartolomeo_Al_Mare-1270x953.jpg 1270w, https:\/\/www.rivieradeifiori.it\/wp-content\/uploads\/2022\/05\/1440px-San_Bartolomeo_Al_Mare-500x375.jpg 500w, https:\/\/www.rivieradeifiori.it\/wp-content\/uploads\/2022\/05\/1440px-San_Bartolomeo_Al_Mare-800x600.jpg 800w, https:\/\/www.rivieradeifiori.it\/wp-content\/uploads\/2022\/05\/1440px-San_Bartolomeo_Al_Mare-1280x960.jpg 1280w, https:\/\/www.rivieradeifiori.it\/wp-content\/uploads\/2022\/05\/1440px-San_Bartolomeo_Al_Mare-1080x810.jpg 1080w, https:\/\/www.rivieradeifiori.it\/wp-content\/uploads\/2022\/05\/1440px-San_Bartolomeo_Al_Mare-150x113.jpg 150w\" data-sizes=\"auto\" loading=\"eager\">\n\t\t<div class=\"vp-portfolio__item-overlay\"><\/div>\n\n\t\t<\/a>\t<\/div>\n<\/div>\n\n\t<figcaption class=\"vp-portfolio__item-caption vp-portfolio__item-caption-text-align-center\">\n\t\t<div class=\"vp-portfolio__item-meta-wrap vp-portfolio__custom-scrollbar\">\n\t\t\t<div class=\"vp-portfolio__item-meta\">\n\t\t\t\t\n<h2 class=\"vp-portfolio__item-meta-title\">\n\t\t<a\n\t\thref=\"https:\/\/www.rivieradeifiori.it\/wp-content\/uploads\/2022\/05\/1440px-San_Bartolomeo_Al_Mare.jpg\"\n\t\t\t>\n\tSan Bartolomeo al Mare \u00a9Stijnsation | Wikipedia<\/a><\/h2>\n\t\t\t<\/div>\n\t\t<\/div>\n\t<\/figcaption>\n\t\t\t<\/figure>\n\t\t\t\t\t<\/div>\n\t\t\n\t\t<div\t\tclass=\"vp-portfolio__item-wrap vp-portfolio__item-uid-797a22a2\" data-vp-filter=\"\" \t\t>\n\t\t\t<template class=\"vp-portfolio__item-popup\" data-vp-popup-img=\"https:\/\/www.rivieradeifiori.it\/wp-content\/uploads\/2022\/05\/Porto_San_Bartolomeo.jpg\" data-vp-popup-img-srcset=\"https:\/\/www.rivieradeifiori.it\/wp-content\/uploads\/2022\/05\/Porto_San_Bartolomeo.jpg 1059w, https:\/\/www.rivieradeifiori.it\/wp-content\/uploads\/2022\/05\/Porto_San_Bartolomeo-300x201.jpg 300w, https:\/\/www.rivieradeifiori.it\/wp-content\/uploads\/2022\/05\/Porto_San_Bartolomeo-500x335.jpg 500w, https:\/\/www.rivieradeifiori.it\/wp-content\/uploads\/2022\/05\/Porto_San_Bartolomeo-800x536.jpg 800w, https:\/\/www.rivieradeifiori.it\/wp-content\/uploads\/2022\/05\/Porto_San_Bartolomeo-150x100.jpg 150w\" data-vp-popup-img-size=\"1059x709\" data-vp-popup-md-img=\"https:\/\/www.rivieradeifiori.it\/wp-content\/uploads\/2022\/05\/Porto_San_Bartolomeo-800x536.jpg\" data-vp-popup-md-img-size=\"800x536\" data-vp-popup-sm-img=\"https:\/\/www.rivieradeifiori.it\/wp-content\/uploads\/2022\/05\/Porto_San_Bartolomeo-500x335.jpg\" data-vp-popup-sm-img-size=\"500x335\">\n\t\t\t<h3 class=\"vp-portfolio__item-popup-title\">Porto San Bartolomeo al Mare \u00a9Stefano De Lorenzi (Foto Principe Diano)<\/h3>\n\t\t<\/template>\n\t\t\t\t\t\t<figure class=\"vp-portfolio__item\">\n\t\t\t\t\n<div class=\"vp-portfolio__item-img-wrap\">\n\t<div class=\"vp-portfolio__item-img\">\n\t\t\t<a\n\t\thref=\"https:\/\/www.rivieradeifiori.it\/wp-content\/uploads\/2022\/05\/Porto_San_Bartolomeo.jpg\"\n\t\t\t>\n\t\n\t\t<noscript><img decoding=\"async\" width=\"1059\" height=\"709\" data-skip-lazy src=\"https:\/\/www.rivieradeifiori.it\/wp-content\/uploads\/2022\/05\/Porto_San_Bartolomeo.jpg\" class=\"wp-image-11798\" alt=\"\" srcset=\"https:\/\/www.rivieradeifiori.it\/wp-content\/uploads\/2022\/05\/Porto_San_Bartolomeo.jpg 1059w, https:\/\/www.rivieradeifiori.it\/wp-content\/uploads\/2022\/05\/Porto_San_Bartolomeo-300x201.jpg 300w, https:\/\/www.rivieradeifiori.it\/wp-content\/uploads\/2022\/05\/Porto_San_Bartolomeo-500x335.jpg 500w, https:\/\/www.rivieradeifiori.it\/wp-content\/uploads\/2022\/05\/Porto_San_Bartolomeo-800x536.jpg 800w, https:\/\/www.rivieradeifiori.it\/wp-content\/uploads\/2022\/05\/Porto_San_Bartolomeo-150x100.jpg 150w\" sizes=\"(max-width: 1059px) 100vw, 1059px\" \/><\/noscript><img decoding=\"async\" width=\"1059\" height=\"709\" src=\"https:\/\/www.rivieradeifiori.it\/wp-content\/uploads\/2022\/05\/Porto_San_Bartolomeo.jpg\" class=\"wp-image-11798 vp-lazyload\" alt srcset=\"data:image\/svg+xml;base64,PHN2ZyB3aWR0aD0iMTA1OSIgaGVpZ2h0PSI3MDkiIHZpZXdCb3g9IjAgMCAxMDU5IDcwOSIgZmlsbD0ibm9uZSIgeG1sbnM9Imh0dHA6Ly93d3cudzMub3JnLzIwMDAvc3ZnIj48L3N2Zz4=\" data-src=\"https:\/\/www.rivieradeifiori.it\/wp-content\/uploads\/2022\/05\/Porto_San_Bartolomeo.jpg\" data-srcset=\"https:\/\/www.rivieradeifiori.it\/wp-content\/uploads\/2022\/05\/Porto_San_Bartolomeo.jpg 1059w, https:\/\/www.rivieradeifiori.it\/wp-content\/uploads\/2022\/05\/Porto_San_Bartolomeo-300x201.jpg 300w, https:\/\/www.rivieradeifiori.it\/wp-content\/uploads\/2022\/05\/Porto_San_Bartolomeo-500x335.jpg 500w, https:\/\/www.rivieradeifiori.it\/wp-content\/uploads\/2022\/05\/Porto_San_Bartolomeo-800x536.jpg 800w, https:\/\/www.rivieradeifiori.it\/wp-content\/uploads\/2022\/05\/Porto_San_Bartolomeo-150x100.jpg 150w\" data-sizes=\"auto\" loading=\"eager\">\n\t\t<div class=\"vp-portfolio__item-overlay\"><\/div>\n\n\t\t<\/a>\t<\/div>\n<\/div>\n\n\t<figcaption class=\"vp-portfolio__item-caption vp-portfolio__item-caption-text-align-center\">\n\t\t<div class=\"vp-portfolio__item-meta-wrap vp-portfolio__custom-scrollbar\">\n\t\t\t<div class=\"vp-portfolio__item-meta\">\n\t\t\t\t\n<h2 class=\"vp-portfolio__item-meta-title\">\n\t\t<a\n\t\thref=\"https:\/\/www.rivieradeifiori.it\/wp-content\/uploads\/2022\/05\/Porto_San_Bartolomeo.jpg\"\n\t\t\t>\n\tPorto San Bartolomeo al Mare \u00a9Stefano De Lorenzi (Foto Principe Diano)<\/a><\/h2>\n\t\t\t<\/div>\n\t\t<\/div>\n\t<\/figcaption>\n\t\t\t<\/figure>\n\t\t\t\t\t<\/div>\n\t\t\n<\/div>\n\t\t<\/div>\n\t\t\n<\/div>\n<\/div>","protected":false},"excerpt":{"rendered":"<p>Eine Perle an der K\u00fcste des Golfs von Diano Marina. San Bartolomeo ist f\u00fcr seine sch\u00f6nen Str\u00e4nde bekannt, mit komfortablen Strandb\u00e4dern und bereits mehrmals mit der Blauen Flagge f\u00fcr das saubere Wasser ausgezeichnet. Es ist ein ruhiger Ort und ideal f\u00fcr einen Urlaub mit der ganzen Familie. Gesch\u00e4fte und Restaurants gibt es genauso viele wie [&hellip;]<\/p>\n","protected":false},"author":1,"featured_media":13059,"comment_status":"closed","ping_status":"open","sticky":false,"template":"","format":"standard","meta":{"_et_pb_use_builder":"off","_et_pb_old_content":"","_et_gb_content_width":"","_eb_attr":"","_vp_format_video_url":"","_vp_image_focal_point":[],"_vp_custom_popup_image":0,"_vp_format_audio_url":"","_vp_custom_thumbnail":0,"_vp_custom_thumbnail_focal_point":[],"_vp_hover_thumbnail":0,"_vp_hover_thumbnail_focal_point":[],"footnotes":""},"categories":[939,974],"tags":[1333,1232,1340,1345,1154],"class_list":["post-14419","post","type-post","status-publish","format-standard","has-post-thumbnail","hentry","category-die-kueste","category-steria-tal","tag-die-kueste","tag-la-costa-de","tag-san-bartolomeo-al-mare-de","tag-steria-tal","tag-valle-steria-de","et-has-post-format-content","et_post_format-et-post-format-standard"],"yoast_head":"<!-- This site is optimized with the Yoast SEO plugin v25.7 - https:\/\/yoast.com\/wordpress\/plugins\/seo\/ -->\n<title>San Bartolomeo al Mare - Die K\u00fcste - Riviera dei Fiori<\/title>\n<meta name=\"robots\" content=\"index, follow, max-snippet:-1, max-image-preview:large, max-video-preview:-1\" \/>\n<link rel=\"canonical\" href=\"https:\/\/www.rivieradeifiori.it\/de\/meer-und-land\/die-kueste\/san-bartolomeo-al-mare\/\" \/>\n<meta name=\"twitter:label1\" content=\"Verfasst von\" \/>\n\t<meta name=\"twitter:data1\" content=\"Luca Giovannetti\" \/>\n\t<meta name=\"twitter:label2\" content=\"Gesch\u00e4tzte Lesezeit\" \/>\n\t<meta name=\"twitter:data2\" content=\"1\u00a0Minute\" \/>\n<script type=\"application\/ld+json\" class=\"yoast-schema-graph\">{\"@context\":\"https:\/\/schema.org\",\"@graph\":[{\"@type\":\"WebPage\",\"@id\":\"https:\/\/www.rivieradeifiori.it\/de\/meer-und-land\/die-kueste\/san-bartolomeo-al-mare\/\",\"url\":\"https:\/\/www.rivieradeifiori.it\/de\/meer-und-land\/die-kueste\/san-bartolomeo-al-mare\/\",\"name\":\"San Bartolomeo al Mare - Die K\u00fcste - Riviera dei Fiori\",\"isPartOf\":{\"@id\":\"https:\/\/www.rivieradeifiori.it\/de\/#website\"},\"primaryImageOfPage\":{\"@id\":\"https:\/\/www.rivieradeifiori.it\/de\/meer-und-land\/die-kueste\/san-bartolomeo-al-mare\/#primaryimage\"},\"image\":{\"@id\":\"https:\/\/www.rivieradeifiori.it\/de\/meer-und-land\/die-kueste\/san-bartolomeo-al-mare\/#primaryimage\"},\"thumbnailUrl\":\"https:\/\/www.rivieradeifiori.it\/wp-content\/uploads\/2022\/05\/1440px-San_Bartolomeo_Al_Mare.jpg\",\"datePublished\":\"2022-06-05T21:27:39+00:00\",\"dateModified\":\"2023-02-03T17:03:54+00:00\",\"author\":{\"@id\":\"https:\/\/www.rivieradeifiori.it\/de\/#\/schema\/person\/6cc4e4ed0d74f08798811653e64f69ed\"},\"breadcrumb\":{\"@id\":\"https:\/\/www.rivieradeifiori.it\/de\/meer-und-land\/die-kueste\/san-bartolomeo-al-mare\/#breadcrumb\"},\"inLanguage\":\"de\",\"potentialAction\":[{\"@type\":\"ReadAction\",\"target\":[\"https:\/\/www.rivieradeifiori.it\/de\/meer-und-land\/die-kueste\/san-bartolomeo-al-mare\/\"]}]},{\"@type\":\"ImageObject\",\"inLanguage\":\"de\",\"@id\":\"https:\/\/www.rivieradeifiori.it\/de\/meer-und-land\/die-kueste\/san-bartolomeo-al-mare\/#primaryimage\",\"url\":\"https:\/\/www.rivieradeifiori.it\/wp-content\/uploads\/2022\/05\/1440px-San_Bartolomeo_Al_Mare.jpg\",\"contentUrl\":\"https:\/\/www.rivieradeifiori.it\/wp-content\/uploads\/2022\/05\/1440px-San_Bartolomeo_Al_Mare.jpg\",\"width\":1440,\"height\":1080,\"caption\":\"San Bartolomeo al Mare \u00a9Stijnsation | Wikipedia\"},{\"@type\":\"BreadcrumbList\",\"@id\":\"https:\/\/www.rivieradeifiori.it\/de\/meer-und-land\/die-kueste\/san-bartolomeo-al-mare\/#breadcrumb\",\"itemListElement\":[{\"@type\":\"ListItem\",\"position\":1,\"name\":\"Home\",\"item\":\"https:\/\/www.rivieradeifiori.it\/de\/\"},{\"@type\":\"ListItem\",\"position\":2,\"name\":\"San Bartolomeo al Mare\"}]},{\"@type\":\"WebSite\",\"@id\":\"https:\/\/www.rivieradeifiori.it\/de\/#website\",\"url\":\"https:\/\/www.rivieradeifiori.it\/de\/\",\"name\":\"Riviera dei Fiori\",\"description\":\"Un mare di colori\",\"potentialAction\":[{\"@type\":\"SearchAction\",\"target\":{\"@type\":\"EntryPoint\",\"urlTemplate\":\"https:\/\/www.rivieradeifiori.it\/de\/?s={search_term_string}\"},\"query-input\":{\"@type\":\"PropertyValueSpecification\",\"valueRequired\":true,\"valueName\":\"search_term_string\"}}],\"inLanguage\":\"de\"},{\"@type\":\"Person\",\"@id\":\"https:\/\/www.rivieradeifiori.it\/de\/#\/schema\/person\/6cc4e4ed0d74f08798811653e64f69ed\",\"name\":\"Luca Giovannetti\",\"image\":{\"@type\":\"ImageObject\",\"inLanguage\":\"de\",\"@id\":\"https:\/\/www.rivieradeifiori.it\/de\/#\/schema\/person\/image\/\",\"url\":\"https:\/\/secure.gravatar.com\/avatar\/092abda2284c50268e586151e014cf903142e524662c62577231430ea44340cf?s=96&r=g&d=https:\/\/www.rivieradeifiori.it\/wp-content\/plugins\/userswp\/assets\/images\/no_profile.png\",\"contentUrl\":\"https:\/\/secure.gravatar.com\/avatar\/092abda2284c50268e586151e014cf903142e524662c62577231430ea44340cf?s=96&r=g&d=https:\/\/www.rivieradeifiori.it\/wp-content\/plugins\/userswp\/assets\/images\/no_profile.png\",\"caption\":\"Luca Giovannetti\"}}]}<\/script>\n<!-- \/ Yoast SEO plugin. -->","yoast_head_json":{"title":"San Bartolomeo al Mare - Die K\u00fcste - Riviera dei Fiori","robots":{"index":"index","follow":"follow","max-snippet":"max-snippet:-1","max-image-preview":"max-image-preview:large","max-video-preview":"max-video-preview:-1"},"canonical":"https:\/\/www.rivieradeifiori.it\/de\/meer-und-land\/die-kueste\/san-bartolomeo-al-mare\/","twitter_misc":{"Verfasst von":"Luca Giovannetti","Gesch\u00e4tzte Lesezeit":"1\u00a0Minute"},"schema":{"@context":"https:\/\/schema.org","@graph":[{"@type":"WebPage","@id":"https:\/\/www.rivieradeifiori.it\/de\/meer-und-land\/die-kueste\/san-bartolomeo-al-mare\/","url":"https:\/\/www.rivieradeifiori.it\/de\/meer-und-land\/die-kueste\/san-bartolomeo-al-mare\/","name":"San Bartolomeo al Mare - Die K\u00fcste - Riviera dei Fiori","isPartOf":{"@id":"https:\/\/www.rivieradeifiori.it\/de\/#website"},"primaryImageOfPage":{"@id":"https:\/\/www.rivieradeifiori.it\/de\/meer-und-land\/die-kueste\/san-bartolomeo-al-mare\/#primaryimage"},"image":{"@id":"https:\/\/www.rivieradeifiori.it\/de\/meer-und-land\/die-kueste\/san-bartolomeo-al-mare\/#primaryimage"},"thumbnailUrl":"https:\/\/www.rivieradeifiori.it\/wp-content\/uploads\/2022\/05\/1440px-San_Bartolomeo_Al_Mare.jpg","datePublished":"2022-06-05T21:27:39+00:00","dateModified":"2023-02-03T17:03:54+00:00","author":{"@id":"https:\/\/www.rivieradeifiori.it\/de\/#\/schema\/person\/6cc4e4ed0d74f08798811653e64f69ed"},"breadcrumb":{"@id":"https:\/\/www.rivieradeifiori.it\/de\/meer-und-land\/die-kueste\/san-bartolomeo-al-mare\/#breadcrumb"},"inLanguage":"de","potentialAction":[{"@type":"ReadAction","target":["https:\/\/www.rivieradeifiori.it\/de\/meer-und-land\/die-kueste\/san-bartolomeo-al-mare\/"]}]},{"@type":"ImageObject","inLanguage":"de","@id":"https:\/\/www.rivieradeifiori.it\/de\/meer-und-land\/die-kueste\/san-bartolomeo-al-mare\/#primaryimage","url":"https:\/\/www.rivieradeifiori.it\/wp-content\/uploads\/2022\/05\/1440px-San_Bartolomeo_Al_Mare.jpg","contentUrl":"https:\/\/www.rivieradeifiori.it\/wp-content\/uploads\/2022\/05\/1440px-San_Bartolomeo_Al_Mare.jpg","width":1440,"height":1080,"caption":"San Bartolomeo al Mare \u00a9Stijnsation | Wikipedia"},{"@type":"BreadcrumbList","@id":"https:\/\/www.rivieradeifiori.it\/de\/meer-und-land\/die-kueste\/san-bartolomeo-al-mare\/#breadcrumb","itemListElement":[{"@type":"ListItem","position":1,"name":"Home","item":"https:\/\/www.rivieradeifiori.it\/de\/"},{"@type":"ListItem","position":2,"name":"San Bartolomeo al Mare"}]},{"@type":"WebSite","@id":"https:\/\/www.rivieradeifiori.it\/de\/#website","url":"https:\/\/www.rivieradeifiori.it\/de\/","name":"Riviera dei Fiori","description":"Un mare di colori","potentialAction":[{"@type":"SearchAction","target":{"@type":"EntryPoint","urlTemplate":"https:\/\/www.rivieradeifiori.it\/de\/?s={search_term_string}"},"query-input":{"@type":"PropertyValueSpecification","valueRequired":true,"valueName":"search_term_string"}}],"inLanguage":"de"},{"@type":"Person","@id":"https:\/\/www.rivieradeifiori.it\/de\/#\/schema\/person\/6cc4e4ed0d74f08798811653e64f69ed","name":"Luca Giovannetti","image":{"@type":"ImageObject","inLanguage":"de","@id":"https:\/\/www.rivieradeifiori.it\/de\/#\/schema\/person\/image\/","url":"https:\/\/secure.gravatar.com\/avatar\/092abda2284c50268e586151e014cf903142e524662c62577231430ea44340cf?s=96&r=g&d=https:\/\/www.rivieradeifiori.it\/wp-content\/plugins\/userswp\/assets\/images\/no_profile.png","contentUrl":"https:\/\/secure.gravatar.com\/avatar\/092abda2284c50268e586151e014cf903142e524662c62577231430ea44340cf?s=96&r=g&d=https:\/\/www.rivieradeifiori.it\/wp-content\/plugins\/userswp\/assets\/images\/no_profile.png","caption":"Luca Giovannetti"}}]}},"_links":{"self":[{"href":"https:\/\/www.rivieradeifiori.it\/de\/wp-json\/wp\/v2\/posts\/14419","targetHints":{"allow":["GET"]}}],"collection":[{"href":"https:\/\/www.rivieradeifiori.it\/de\/wp-json\/wp\/v2\/posts"}],"about":[{"href":"https:\/\/www.rivieradeifiori.it\/de\/wp-json\/wp\/v2\/types\/post"}],"author":[{"embeddable":true,"href":"https:\/\/www.rivieradeifiori.it\/de\/wp-json\/wp\/v2\/users\/1"}],"replies":[{"embeddable":true,"href":"https:\/\/www.rivieradeifiori.it\/de\/wp-json\/wp\/v2\/comments?post=14419"}],"version-history":[{"count":1,"href":"https:\/\/www.rivieradeifiori.it\/de\/wp-json\/wp\/v2\/posts\/14419\/revisions"}],"predecessor-version":[{"id":14423,"href":"https:\/\/www.rivieradeifiori.it\/de\/wp-json\/wp\/v2\/posts\/14419\/revisions\/14423"}],"wp:featuredmedia":[{"embeddable":true,"href":"https:\/\/www.rivieradeifiori.it\/de\/wp-json\/wp\/v2\/media\/13059"}],"wp:attachment":[{"href":"https:\/\/www.rivieradeifiori.it\/de\/wp-json\/wp\/v2\/media?parent=14419"}],"wp:term":[{"taxonomy":"category","embeddable":true,"href":"https:\/\/www.rivieradeifiori.it\/de\/wp-json\/wp\/v2\/categories?post=14419"},{"taxonomy":"post_tag","embeddable":true,"href":"https:\/\/www.rivieradeifiori.it\/de\/wp-json\/wp\/v2\/tags?post=14419"}],"curies":[{"name":"wp","href":"https:\/\/api.w.org\/{rel}","templated":true}]}}