{"id":14359,"date":"2022-06-05T16:14:13","date_gmt":"2022-06-05T14:14:13","guid":{"rendered":"https:\/\/www.rivieradeifiori.it\/senza-categoria-de\/diano-marina\/"},"modified":"2023-02-03T18:08:25","modified_gmt":"2023-02-03T17:08:25","slug":"diano-marina","status":"publish","type":"post","link":"https:\/\/www.rivieradeifiori.it\/de\/meer-und-land\/die-kueste\/diano-marina\/","title":{"rendered":"Diano Marina"},"content":{"rendered":"\n<p>Wenn Sie ein Reiseziel an der K\u00fcste suchen, wo Sie mit Ihrer Familie Spa\u00df haben und entspannen k\u00f6nnen, dann ist Diano Marina genau das Richtige f\u00fcr Sie. Der Badeort, der im Jahr 2020 mit der Blauen Flagge ausgezeichnet wurde, verf\u00fcgt \u00fcber einen langen, mehr als 3.500 Meter langen Sandstrand mit flachem Wasser, der f\u00fcr Kinder und Wasseraerobic-Kurse geeignet ist. <\/p>\n\n\n\n<p>Die zahlreichen Strandb\u00e4der bieten Sonnenliegen und Sonnenschirme zum Sonnenbaden, sowie Surfbretter und Kanuboote f\u00fcr Ausfl\u00fcge aufs Meer. In Diano Marina finden Sie Unterkunftsm\u00f6glichkeiten jeder Art. Das Ligurische Meer erscheint dank des h\u00e4ufigen Wasserwechsels in karibischen Farben und im Schutzgebiet Pelagos hat man h\u00e4ufig die M\u00f6glichkeit Wale zu sichten. <\/p>\n\n\n\n<p>An der Blumenriviera kann der Ort Diano Marina sicherlich als der ideale Ferienort f\u00fcr einen abwechslungsreichen Urlaub bezeichnet werden. In r\u00f6mischer Zeit befand sich Diano Marina im sogenannten \u201eLucus Bormani\u201c, einer Raststation an der Stra\u00dfe, die die Poebene mit Gallien verband. Der Name bezieht sich auf antike Kulte des Waldes und wurde schlie\u00dflich durch den lateinischen Namen der G\u00f6ttin Diana ersetzt, den man heute in vielen Ortsnamen der Gegend von Diano wiederfindet. <\/p>\n\n\n\n<p>Mehr \u00fcber die Geschichte von Diano Marina findet man im \u00f6rtlichen Stadtmuseum. Hier wird von der Dolia erz\u00e4hlt, die aus dem r\u00f6mischen Schiff geborgen wurde, das im 1. Jahrhundert n. Chr. vor der K\u00fcste versank. Das heutige Diano Marina, das 1887 durch ein schweres Erdbeben zerst\u00f6rt wurde, verf\u00fcgt \u00fcber eine moderne, fu\u00dfg\u00e4ngerfreundliche Stadtstruktur, die die Stadt zu einem der bekanntesten und begehrtesten Reiseziele, insbesondere f\u00fcr Besucher aus Nordeuropa macht, und das nicht nur wegen ihres reichhaltigen und abwechslungsreichen Veranstaltungskalenders. <\/p>\n\n\n\n<p>Im Sommer wird die einladende Fu\u00dfg\u00e4ngerzone in der Altstadt tags\u00fcber durchquert, um den Strand zu erreichen oder um ein paar Eink\u00e4ufe f\u00fcr das Mittag- oder Abendessen zu t\u00e4tigen, w\u00e4hrend sie abends zum Mittelpunkt des \u00f6rtlichen Nachtlebens wird, f\u00fcr einen entspannenden Spaziergang und zur Unterhaltung. Viele Gesch\u00e4fte \u00f6ffnen zu Zeiten, die an die Bed\u00fcrfnisse der Kunden angepasst sind. Zu den wichtigsten Ereignissen, auf die wir hinweisen m\u00f6chten, geh\u00f6rt der \u201eCarnevale Dianese\u201c, ein Umzug mit Festwagen, der von der historischen Vereinigung \u201eFamia Dianese\u201c ins Leben gerufen wurde. <\/p>\n\n\n\n<p>Auch das Blumenfest an Fronleichnam ist einen Besuch wert, das entlang der Hauptstra\u00dfen des Stadtzentrums stattfindet. Dabei werden Zeichnungen und religi\u00f6se Themen durch das Ausbreiten von mehr als einer Million farbiger Bl\u00fctenbl\u00e4tter dargestellt. Ein weiterer Event ist \u201eAromatica, D\u00fcfte und Aromen der ligurischen Riviera\u201c. Sie ist den aromatischen Kr\u00e4utern und Produkten des Landes gewidmet, mit Cooking Shows, Street food, Ausstellungen und F\u00fchrungen durch das Hinterland, um das Beste der lokalen Produktion zu verkosten. Nicht zu vergessen das Windfestival, die gr\u00f6\u00dfte Expo in Italien, die dem Action-Sport von Meer und Wind gewidmet ist. Diano Marina, eine junge und dynamische Stadt, die nur darauf wartet, Sie willkommen zu hei\u00dfen. <\/p>\n\n\n\n<p>Sehensw\u00fcrdigkeiten:<\/p>\n\n\n\n<ul class=\"wp-block-list\">\n<li>Stadtmuseum MARM Corso Garibaldi, 60 \u2013 Diano Marina Telefon: +39 0183 497621<br><\/li>\n\n\n\n<li>Cippo Campioni del Ciclismo (Meister im Radsport) S.D. Aurelia \u2013 Capo Berta \u2013 Diano Marina<\/li>\n<\/ul>\n\n\n\n<p><\/p>\n\n\n<div class=\"wp-block-visual-portfolio\">\n<div class=\"vp-portfolio vp-uid-454b2c22 vp-id-Z1oMmSV\"\n\tdata-vp-layout=\"justified\" data-vp-content-source=\"images\" data-vp-items-style=\"emerge\" data-vp-items-click-action=\"popup_gallery\" data-vp-items-gap=\"5\" data-vp-items-gap-vertical=\"3\" data-vp-pagination=\"load-more\" data-vp-next-page-url=\"\" data-vp-justified-row-height=\"200\" data-vp-justified-row-height-tolerance=\"0.25\" data-vp-justified-max-rows-count=\"0\" data-vp-justified-last-row=\"center\" >\n\t<div class=\"vp-portfolio__preloader-wrap\">\n\t\t<div class=\"vp-portfolio__preloader\">\n\t\t\t<img decoding=\"async\" loading=\"eager\" src=\"https:\/\/www.rivieradeifiori.it\/wp-content\/plugins\/visual-portfolio-pro\/core-plugin\/assets\/images\/logo-dark.svg\" alt=\"Visual Portfolio, Posts &amp; Image Gallery for WordPress\" width=\"20\" height=\"20\" data-skip-lazy>\n\t\t<\/div>\n\t<\/div>\n\t\t<div class=\"vp-portfolio__items-wrap\">\n\t\t\t\n<div class=\"vp-portfolio__items vp-portfolio__items-style-emerge vp-portfolio__items-show-overlay-hover vp-portfolio__items-show-caption-hover\">\n\n\t\t<div\t\tclass=\"vp-portfolio__item-wrap vp-portfolio__item-uid-89416783\" data-vp-filter=\"\" \t\t>\n\t\t\t<template class=\"vp-portfolio__item-popup\" data-vp-popup-img=\"https:\/\/www.rivieradeifiori.it\/wp-content\/uploads\/2022\/05\/panorama-alta-def.-diano-marina-scaled-1-1920x883.jpg\" data-vp-popup-img-srcset=\"https:\/\/www.rivieradeifiori.it\/wp-content\/uploads\/2022\/05\/panorama-alta-def.-diano-marina-scaled-1-1920x883.jpg 1920w, https:\/\/www.rivieradeifiori.it\/wp-content\/uploads\/2022\/05\/panorama-alta-def.-diano-marina-scaled-1-300x138.jpg 300w, https:\/\/www.rivieradeifiori.it\/wp-content\/uploads\/2022\/05\/panorama-alta-def.-diano-marina-scaled-1-1270x584.jpg 1270w, https:\/\/www.rivieradeifiori.it\/wp-content\/uploads\/2022\/05\/panorama-alta-def.-diano-marina-scaled-1-1536x706.jpg 1536w, https:\/\/www.rivieradeifiori.it\/wp-content\/uploads\/2022\/05\/panorama-alta-def.-diano-marina-scaled-1-2048x942.jpg 2048w, https:\/\/www.rivieradeifiori.it\/wp-content\/uploads\/2022\/05\/panorama-alta-def.-diano-marina-scaled-1-500x230.jpg 500w, https:\/\/www.rivieradeifiori.it\/wp-content\/uploads\/2022\/05\/panorama-alta-def.-diano-marina-scaled-1-800x368.jpg 800w, https:\/\/www.rivieradeifiori.it\/wp-content\/uploads\/2022\/05\/panorama-alta-def.-diano-marina-scaled-1-1280x589.jpg 1280w, https:\/\/www.rivieradeifiori.it\/wp-content\/uploads\/2022\/05\/panorama-alta-def.-diano-marina-scaled-1-1080x497.jpg 1080w, https:\/\/www.rivieradeifiori.it\/wp-content\/uploads\/2022\/05\/panorama-alta-def.-diano-marina-scaled-1-150x69.jpg 150w\" data-vp-popup-img-size=\"1920x883\" data-vp-popup-md-img=\"https:\/\/www.rivieradeifiori.it\/wp-content\/uploads\/2022\/05\/panorama-alta-def.-diano-marina-scaled-1-800x368.jpg\" data-vp-popup-md-img-size=\"800x368\" data-vp-popup-sm-img=\"https:\/\/www.rivieradeifiori.it\/wp-content\/uploads\/2022\/05\/panorama-alta-def.-diano-marina-scaled-1-500x230.jpg\" data-vp-popup-sm-img-size=\"500x230\">\n\t<\/template>\n\t\t\t\t\t\t<figure class=\"vp-portfolio__item\">\n\t\t\t\t\n<div class=\"vp-portfolio__item-img-wrap\">\n\t<div class=\"vp-portfolio__item-img\">\n\t\t\t<a\n\t\thref=\"https:\/\/www.rivieradeifiori.it\/wp-content\/uploads\/2022\/05\/panorama-alta-def.-diano-marina-scaled-1-1920x883.jpg\"\n\t\t\t>\n\t\n\t\t<noscript><img decoding=\"async\" width=\"1920\" height=\"883\" data-skip-lazy src=\"https:\/\/www.rivieradeifiori.it\/wp-content\/uploads\/2022\/05\/panorama-alta-def.-diano-marina-scaled-1-1920x883.jpg\" class=\"wp-image-11753\" alt=\"\" srcset=\"https:\/\/www.rivieradeifiori.it\/wp-content\/uploads\/2022\/05\/panorama-alta-def.-diano-marina-scaled-1-1920x883.jpg 1920w, https:\/\/www.rivieradeifiori.it\/wp-content\/uploads\/2022\/05\/panorama-alta-def.-diano-marina-scaled-1-300x138.jpg 300w, https:\/\/www.rivieradeifiori.it\/wp-content\/uploads\/2022\/05\/panorama-alta-def.-diano-marina-scaled-1-1270x584.jpg 1270w, https:\/\/www.rivieradeifiori.it\/wp-content\/uploads\/2022\/05\/panorama-alta-def.-diano-marina-scaled-1-1536x706.jpg 1536w, https:\/\/www.rivieradeifiori.it\/wp-content\/uploads\/2022\/05\/panorama-alta-def.-diano-marina-scaled-1-2048x942.jpg 2048w, https:\/\/www.rivieradeifiori.it\/wp-content\/uploads\/2022\/05\/panorama-alta-def.-diano-marina-scaled-1-500x230.jpg 500w, https:\/\/www.rivieradeifiori.it\/wp-content\/uploads\/2022\/05\/panorama-alta-def.-diano-marina-scaled-1-800x368.jpg 800w, https:\/\/www.rivieradeifiori.it\/wp-content\/uploads\/2022\/05\/panorama-alta-def.-diano-marina-scaled-1-1280x589.jpg 1280w, https:\/\/www.rivieradeifiori.it\/wp-content\/uploads\/2022\/05\/panorama-alta-def.-diano-marina-scaled-1-1080x497.jpg 1080w, https:\/\/www.rivieradeifiori.it\/wp-content\/uploads\/2022\/05\/panorama-alta-def.-diano-marina-scaled-1-150x69.jpg 150w\" sizes=\"(max-width: 1920px) 100vw, 1920px\" \/><\/noscript><img fetchpriority=\"high\" decoding=\"async\" width=\"1920\" height=\"883\" src=\"https:\/\/www.rivieradeifiori.it\/wp-content\/uploads\/2022\/05\/panorama-alta-def.-diano-marina-scaled-1-1920x883.jpg\" class=\"wp-image-11753 vp-lazyload\" alt srcset=\"data:image\/svg+xml;base64,PHN2ZyB3aWR0aD0iMTkyMCIgaGVpZ2h0PSI4ODMiIHZpZXdCb3g9IjAgMCAxOTIwIDg4MyIgZmlsbD0ibm9uZSIgeG1sbnM9Imh0dHA6Ly93d3cudzMub3JnLzIwMDAvc3ZnIj48L3N2Zz4=\" data-src=\"https:\/\/www.rivieradeifiori.it\/wp-content\/uploads\/2022\/05\/panorama-alta-def.-diano-marina-scaled-1-1920x883.jpg\" data-srcset=\"https:\/\/www.rivieradeifiori.it\/wp-content\/uploads\/2022\/05\/panorama-alta-def.-diano-marina-scaled-1-1920x883.jpg 1920w, https:\/\/www.rivieradeifiori.it\/wp-content\/uploads\/2022\/05\/panorama-alta-def.-diano-marina-scaled-1-300x138.jpg 300w, https:\/\/www.rivieradeifiori.it\/wp-content\/uploads\/2022\/05\/panorama-alta-def.-diano-marina-scaled-1-1270x584.jpg 1270w, https:\/\/www.rivieradeifiori.it\/wp-content\/uploads\/2022\/05\/panorama-alta-def.-diano-marina-scaled-1-1536x706.jpg 1536w, https:\/\/www.rivieradeifiori.it\/wp-content\/uploads\/2022\/05\/panorama-alta-def.-diano-marina-scaled-1-2048x942.jpg 2048w, https:\/\/www.rivieradeifiori.it\/wp-content\/uploads\/2022\/05\/panorama-alta-def.-diano-marina-scaled-1-500x230.jpg 500w, https:\/\/www.rivieradeifiori.it\/wp-content\/uploads\/2022\/05\/panorama-alta-def.-diano-marina-scaled-1-800x368.jpg 800w, https:\/\/www.rivieradeifiori.it\/wp-content\/uploads\/2022\/05\/panorama-alta-def.-diano-marina-scaled-1-1280x589.jpg 1280w, https:\/\/www.rivieradeifiori.it\/wp-content\/uploads\/2022\/05\/panorama-alta-def.-diano-marina-scaled-1-1080x497.jpg 1080w, https:\/\/www.rivieradeifiori.it\/wp-content\/uploads\/2022\/05\/panorama-alta-def.-diano-marina-scaled-1-150x69.jpg 150w\" data-sizes=\"auto\" loading=\"eager\">\n\t\t<div class=\"vp-portfolio__item-overlay\"><\/div>\n\n\t\t<\/a>\t<\/div>\n<\/div>\n\n\t<figcaption class=\"vp-portfolio__item-caption vp-portfolio__item-caption-text-align-center\">\n\t\t<div class=\"vp-portfolio__item-meta-wrap vp-portfolio__custom-scrollbar\">\n\t\t\t<div class=\"vp-portfolio__item-meta\">\n\t\t\t\t\n<h2 class=\"vp-portfolio__item-meta-title\">\n\t\t<a\n\t\thref=\"https:\/\/www.rivieradeifiori.it\/wp-content\/uploads\/2022\/05\/panorama-alta-def.-diano-marina-scaled-1-1920x883.jpg\"\n\t\t\t>\n\tPanorama Diano Marina \u00a9Comune di Diano Marina<\/a><\/h2>\n\t\t\t<\/div>\n\t\t<\/div>\n\t<\/figcaption>\n\t\t\t<\/figure>\n\t\t\t\t\t<\/div>\n\t\t\n\t\t<div\t\tclass=\"vp-portfolio__item-wrap vp-portfolio__item-uid-8395ca28\" data-vp-filter=\"\" \t\t>\n\t\t\t<template class=\"vp-portfolio__item-popup\" data-vp-popup-img=\"https:\/\/www.rivieradeifiori.it\/wp-content\/uploads\/2022\/05\/monumento-c.colombo.jpg\" data-vp-popup-img-srcset=\"https:\/\/www.rivieradeifiori.it\/wp-content\/uploads\/2022\/05\/monumento-c.colombo.jpg 1920w, https:\/\/www.rivieradeifiori.it\/wp-content\/uploads\/2022\/05\/monumento-c.colombo-300x169.jpg 300w, https:\/\/www.rivieradeifiori.it\/wp-content\/uploads\/2022\/05\/monumento-c.colombo-1270x714.jpg 1270w, https:\/\/www.rivieradeifiori.it\/wp-content\/uploads\/2022\/05\/monumento-c.colombo-1536x864.jpg 1536w, https:\/\/www.rivieradeifiori.it\/wp-content\/uploads\/2022\/05\/monumento-c.colombo-500x281.jpg 500w, https:\/\/www.rivieradeifiori.it\/wp-content\/uploads\/2022\/05\/monumento-c.colombo-800x450.jpg 800w, https:\/\/www.rivieradeifiori.it\/wp-content\/uploads\/2022\/05\/monumento-c.colombo-1280x720.jpg 1280w, https:\/\/www.rivieradeifiori.it\/wp-content\/uploads\/2022\/05\/monumento-c.colombo-1080x608.jpg 1080w, https:\/\/www.rivieradeifiori.it\/wp-content\/uploads\/2022\/05\/monumento-c.colombo-150x84.jpg 150w\" data-vp-popup-img-size=\"1920x1080\" data-vp-popup-md-img=\"https:\/\/www.rivieradeifiori.it\/wp-content\/uploads\/2022\/05\/monumento-c.colombo-800x450.jpg\" data-vp-popup-md-img-size=\"800x450\" data-vp-popup-sm-img=\"https:\/\/www.rivieradeifiori.it\/wp-content\/uploads\/2022\/05\/monumento-c.colombo-500x281.jpg\" data-vp-popup-sm-img-size=\"500x281\">\n\t<\/template>\n\t\t\t\t\t\t<figure class=\"vp-portfolio__item\">\n\t\t\t\t\n<div class=\"vp-portfolio__item-img-wrap\">\n\t<div class=\"vp-portfolio__item-img\">\n\t\t\t<a\n\t\thref=\"https:\/\/www.rivieradeifiori.it\/wp-content\/uploads\/2022\/05\/monumento-c.colombo.jpg\"\n\t\t\t>\n\t\n\t\t<noscript><img decoding=\"async\" width=\"1920\" height=\"1080\" data-skip-lazy src=\"https:\/\/www.rivieradeifiori.it\/wp-content\/uploads\/2022\/05\/monumento-c.colombo.jpg\" class=\"wp-image-11738\" alt=\"\" srcset=\"https:\/\/www.rivieradeifiori.it\/wp-content\/uploads\/2022\/05\/monumento-c.colombo.jpg 1920w, https:\/\/www.rivieradeifiori.it\/wp-content\/uploads\/2022\/05\/monumento-c.colombo-300x169.jpg 300w, https:\/\/www.rivieradeifiori.it\/wp-content\/uploads\/2022\/05\/monumento-c.colombo-1270x714.jpg 1270w, https:\/\/www.rivieradeifiori.it\/wp-content\/uploads\/2022\/05\/monumento-c.colombo-1536x864.jpg 1536w, https:\/\/www.rivieradeifiori.it\/wp-content\/uploads\/2022\/05\/monumento-c.colombo-500x281.jpg 500w, https:\/\/www.rivieradeifiori.it\/wp-content\/uploads\/2022\/05\/monumento-c.colombo-800x450.jpg 800w, https:\/\/www.rivieradeifiori.it\/wp-content\/uploads\/2022\/05\/monumento-c.colombo-1280x720.jpg 1280w, https:\/\/www.rivieradeifiori.it\/wp-content\/uploads\/2022\/05\/monumento-c.colombo-1080x608.jpg 1080w, https:\/\/www.rivieradeifiori.it\/wp-content\/uploads\/2022\/05\/monumento-c.colombo-150x84.jpg 150w\" sizes=\"(max-width: 1920px) 100vw, 1920px\" \/><\/noscript><img decoding=\"async\" width=\"1920\" height=\"1080\" src=\"https:\/\/www.rivieradeifiori.it\/wp-content\/uploads\/2022\/05\/monumento-c.colombo.jpg\" class=\"wp-image-11738 vp-lazyload\" alt srcset=\"data:image\/svg+xml;base64,PHN2ZyB3aWR0aD0iMTkyMCIgaGVpZ2h0PSIxMDgwIiB2aWV3Qm94PSIwIDAgMTkyMCAxMDgwIiBmaWxsPSJub25lIiB4bWxucz0iaHR0cDovL3d3dy53My5vcmcvMjAwMC9zdmciPjwvc3ZnPg==\" data-src=\"https:\/\/www.rivieradeifiori.it\/wp-content\/uploads\/2022\/05\/monumento-c.colombo.jpg\" data-srcset=\"https:\/\/www.rivieradeifiori.it\/wp-content\/uploads\/2022\/05\/monumento-c.colombo.jpg 1920w, https:\/\/www.rivieradeifiori.it\/wp-content\/uploads\/2022\/05\/monumento-c.colombo-300x169.jpg 300w, https:\/\/www.rivieradeifiori.it\/wp-content\/uploads\/2022\/05\/monumento-c.colombo-1270x714.jpg 1270w, https:\/\/www.rivieradeifiori.it\/wp-content\/uploads\/2022\/05\/monumento-c.colombo-1536x864.jpg 1536w, https:\/\/www.rivieradeifiori.it\/wp-content\/uploads\/2022\/05\/monumento-c.colombo-500x281.jpg 500w, https:\/\/www.rivieradeifiori.it\/wp-content\/uploads\/2022\/05\/monumento-c.colombo-800x450.jpg 800w, https:\/\/www.rivieradeifiori.it\/wp-content\/uploads\/2022\/05\/monumento-c.colombo-1280x720.jpg 1280w, https:\/\/www.rivieradeifiori.it\/wp-content\/uploads\/2022\/05\/monumento-c.colombo-1080x608.jpg 1080w, https:\/\/www.rivieradeifiori.it\/wp-content\/uploads\/2022\/05\/monumento-c.colombo-150x84.jpg 150w\" data-sizes=\"auto\" loading=\"eager\">\n\t\t<div class=\"vp-portfolio__item-overlay\"><\/div>\n\n\t\t<\/a>\t<\/div>\n<\/div>\n\n\t<figcaption class=\"vp-portfolio__item-caption vp-portfolio__item-caption-text-align-center\">\n\t\t<div class=\"vp-portfolio__item-meta-wrap vp-portfolio__custom-scrollbar\">\n\t\t\t<div class=\"vp-portfolio__item-meta\">\n\t\t\t\t\n<h2 class=\"vp-portfolio__item-meta-title\">\n\t\t<a\n\t\thref=\"https:\/\/www.rivieradeifiori.it\/wp-content\/uploads\/2022\/05\/monumento-c.colombo.jpg\"\n\t\t\t>\n\tMonumento C. Colombo &#8211; Diano Marina \u00a9Comune di Diano Marina<\/a><\/h2>\n\t\t\t<\/div>\n\t\t<\/div>\n\t<\/figcaption>\n\t\t\t<\/figure>\n\t\t\t\t\t<\/div>\n\t\t\n\t\t<div\t\tclass=\"vp-portfolio__item-wrap vp-portfolio__item-uid-e1fcc991\" data-vp-filter=\"\" \t\t>\n\t\t\t<template class=\"vp-portfolio__item-popup\" data-vp-popup-img=\"https:\/\/www.rivieradeifiori.it\/wp-content\/uploads\/2022\/05\/Diano-Marina_Windfestival.jpg\" data-vp-popup-img-srcset=\"https:\/\/www.rivieradeifiori.it\/wp-content\/uploads\/2022\/05\/Diano-Marina_Windfestival.jpg 1600w, https:\/\/www.rivieradeifiori.it\/wp-content\/uploads\/2022\/05\/Diano-Marina_Windfestival-300x185.jpg 300w, https:\/\/www.rivieradeifiori.it\/wp-content\/uploads\/2022\/05\/Diano-Marina_Windfestival-1270x784.jpg 1270w, https:\/\/www.rivieradeifiori.it\/wp-content\/uploads\/2022\/05\/Diano-Marina_Windfestival-1536x948.jpg 1536w, https:\/\/www.rivieradeifiori.it\/wp-content\/uploads\/2022\/05\/Diano-Marina_Windfestival-500x309.jpg 500w, https:\/\/www.rivieradeifiori.it\/wp-content\/uploads\/2022\/05\/Diano-Marina_Windfestival-800x494.jpg 800w, https:\/\/www.rivieradeifiori.it\/wp-content\/uploads\/2022\/05\/Diano-Marina_Windfestival-1280x790.jpg 1280w, https:\/\/www.rivieradeifiori.it\/wp-content\/uploads\/2022\/05\/Diano-Marina_Windfestival-1080x667.jpg 1080w, https:\/\/www.rivieradeifiori.it\/wp-content\/uploads\/2022\/05\/Diano-Marina_Windfestival-150x93.jpg 150w\" data-vp-popup-img-size=\"1600x988\" data-vp-popup-md-img=\"https:\/\/www.rivieradeifiori.it\/wp-content\/uploads\/2022\/05\/Diano-Marina_Windfestival-800x494.jpg\" data-vp-popup-md-img-size=\"800x494\" data-vp-popup-sm-img=\"https:\/\/www.rivieradeifiori.it\/wp-content\/uploads\/2022\/05\/Diano-Marina_Windfestival-500x309.jpg\" data-vp-popup-sm-img-size=\"500x309\">\n\t<\/template>\n\t\t\t\t\t\t<figure class=\"vp-portfolio__item\">\n\t\t\t\t\n<div class=\"vp-portfolio__item-img-wrap\">\n\t<div class=\"vp-portfolio__item-img\">\n\t\t\t<a\n\t\thref=\"https:\/\/www.rivieradeifiori.it\/wp-content\/uploads\/2022\/05\/Diano-Marina_Windfestival.jpg\"\n\t\t\t>\n\t\n\t\t<noscript><img decoding=\"async\" width=\"1600\" height=\"988\" data-skip-lazy src=\"https:\/\/www.rivieradeifiori.it\/wp-content\/uploads\/2022\/05\/Diano-Marina_Windfestival.jpg\" class=\"wp-image-11388\" alt=\"\" srcset=\"https:\/\/www.rivieradeifiori.it\/wp-content\/uploads\/2022\/05\/Diano-Marina_Windfestival.jpg 1600w, https:\/\/www.rivieradeifiori.it\/wp-content\/uploads\/2022\/05\/Diano-Marina_Windfestival-300x185.jpg 300w, https:\/\/www.rivieradeifiori.it\/wp-content\/uploads\/2022\/05\/Diano-Marina_Windfestival-1270x784.jpg 1270w, https:\/\/www.rivieradeifiori.it\/wp-content\/uploads\/2022\/05\/Diano-Marina_Windfestival-1536x948.jpg 1536w, https:\/\/www.rivieradeifiori.it\/wp-content\/uploads\/2022\/05\/Diano-Marina_Windfestival-500x309.jpg 500w, https:\/\/www.rivieradeifiori.it\/wp-content\/uploads\/2022\/05\/Diano-Marina_Windfestival-800x494.jpg 800w, https:\/\/www.rivieradeifiori.it\/wp-content\/uploads\/2022\/05\/Diano-Marina_Windfestival-1280x790.jpg 1280w, https:\/\/www.rivieradeifiori.it\/wp-content\/uploads\/2022\/05\/Diano-Marina_Windfestival-1080x667.jpg 1080w, https:\/\/www.rivieradeifiori.it\/wp-content\/uploads\/2022\/05\/Diano-Marina_Windfestival-150x93.jpg 150w\" sizes=\"(max-width: 1600px) 100vw, 1600px\" \/><\/noscript><img decoding=\"async\" width=\"1600\" height=\"988\" src=\"https:\/\/www.rivieradeifiori.it\/wp-content\/uploads\/2022\/05\/Diano-Marina_Windfestival.jpg\" class=\"wp-image-11388 vp-lazyload\" alt srcset=\"data:image\/svg+xml;base64,PHN2ZyB3aWR0aD0iMTYwMCIgaGVpZ2h0PSI5ODgiIHZpZXdCb3g9IjAgMCAxNjAwIDk4OCIgZmlsbD0ibm9uZSIgeG1sbnM9Imh0dHA6Ly93d3cudzMub3JnLzIwMDAvc3ZnIj48L3N2Zz4=\" data-src=\"https:\/\/www.rivieradeifiori.it\/wp-content\/uploads\/2022\/05\/Diano-Marina_Windfestival.jpg\" data-srcset=\"https:\/\/www.rivieradeifiori.it\/wp-content\/uploads\/2022\/05\/Diano-Marina_Windfestival.jpg 1600w, https:\/\/www.rivieradeifiori.it\/wp-content\/uploads\/2022\/05\/Diano-Marina_Windfestival-300x185.jpg 300w, https:\/\/www.rivieradeifiori.it\/wp-content\/uploads\/2022\/05\/Diano-Marina_Windfestival-1270x784.jpg 1270w, https:\/\/www.rivieradeifiori.it\/wp-content\/uploads\/2022\/05\/Diano-Marina_Windfestival-1536x948.jpg 1536w, https:\/\/www.rivieradeifiori.it\/wp-content\/uploads\/2022\/05\/Diano-Marina_Windfestival-500x309.jpg 500w, https:\/\/www.rivieradeifiori.it\/wp-content\/uploads\/2022\/05\/Diano-Marina_Windfestival-800x494.jpg 800w, https:\/\/www.rivieradeifiori.it\/wp-content\/uploads\/2022\/05\/Diano-Marina_Windfestival-1280x790.jpg 1280w, https:\/\/www.rivieradeifiori.it\/wp-content\/uploads\/2022\/05\/Diano-Marina_Windfestival-1080x667.jpg 1080w, https:\/\/www.rivieradeifiori.it\/wp-content\/uploads\/2022\/05\/Diano-Marina_Windfestival-150x93.jpg 150w\" data-sizes=\"auto\" loading=\"eager\">\n\t\t<div class=\"vp-portfolio__item-overlay\"><\/div>\n\n\t\t<\/a>\t<\/div>\n<\/div>\n\n\t<figcaption class=\"vp-portfolio__item-caption vp-portfolio__item-caption-text-align-center\">\n\t\t<div class=\"vp-portfolio__item-meta-wrap vp-portfolio__custom-scrollbar\">\n\t\t\t<div class=\"vp-portfolio__item-meta\">\n\t\t\t\t\n<h2 class=\"vp-portfolio__item-meta-title\">\n\t\t<a\n\t\thref=\"https:\/\/www.rivieradeifiori.it\/wp-content\/uploads\/2022\/05\/Diano-Marina_Windfestival.jpg\"\n\t\t\t>\n\tWindfestival &#8211; Diano Marina \u00a9Comune di Diano Marina<\/a><\/h2>\n\t\t\t<\/div>\n\t\t<\/div>\n\t<\/figcaption>\n\t\t\t<\/figure>\n\t\t\t\t\t<\/div>\n\t\t\n\t\t<div\t\tclass=\"vp-portfolio__item-wrap vp-portfolio__item-uid-bd72c3bc\" data-vp-filter=\"\" \t\t>\n\t\t\t<template class=\"vp-portfolio__item-popup\" data-vp-popup-img=\"https:\/\/www.rivieradeifiori.it\/wp-content\/uploads\/2022\/05\/Diano-Marina_panorama-1920x1080.jpg\" data-vp-popup-img-srcset=\"https:\/\/www.rivieradeifiori.it\/wp-content\/uploads\/2022\/05\/Diano-Marina_panorama-1920x1080.jpg 1920w, https:\/\/www.rivieradeifiori.it\/wp-content\/uploads\/2022\/05\/Diano-Marina_panorama-300x169.jpg 300w, https:\/\/www.rivieradeifiori.it\/wp-content\/uploads\/2022\/05\/Diano-Marina_panorama-1270x714.jpg 1270w, https:\/\/www.rivieradeifiori.it\/wp-content\/uploads\/2022\/05\/Diano-Marina_panorama-1536x864.jpg 1536w, https:\/\/www.rivieradeifiori.it\/wp-content\/uploads\/2022\/05\/Diano-Marina_panorama-500x281.jpg 500w, https:\/\/www.rivieradeifiori.it\/wp-content\/uploads\/2022\/05\/Diano-Marina_panorama-800x450.jpg 800w, https:\/\/www.rivieradeifiori.it\/wp-content\/uploads\/2022\/05\/Diano-Marina_panorama-1280x720.jpg 1280w, https:\/\/www.rivieradeifiori.it\/wp-content\/uploads\/2022\/05\/Diano-Marina_panorama-1080x608.jpg 1080w, https:\/\/www.rivieradeifiori.it\/wp-content\/uploads\/2022\/05\/Diano-Marina_panorama-150x84.jpg 150w, https:\/\/www.rivieradeifiori.it\/wp-content\/uploads\/2022\/05\/Diano-Marina_panorama.jpg 2048w\" data-vp-popup-img-size=\"1920x1080\" data-vp-popup-md-img=\"https:\/\/www.rivieradeifiori.it\/wp-content\/uploads\/2022\/05\/Diano-Marina_panorama-800x450.jpg\" data-vp-popup-md-img-size=\"800x450\" data-vp-popup-sm-img=\"https:\/\/www.rivieradeifiori.it\/wp-content\/uploads\/2022\/05\/Diano-Marina_panorama-500x281.jpg\" data-vp-popup-sm-img-size=\"500x281\">\n\t<\/template>\n\t\t\t\t\t\t<figure class=\"vp-portfolio__item\">\n\t\t\t\t\n<div class=\"vp-portfolio__item-img-wrap\">\n\t<div class=\"vp-portfolio__item-img\">\n\t\t\t<a\n\t\thref=\"https:\/\/www.rivieradeifiori.it\/wp-content\/uploads\/2022\/05\/Diano-Marina_panorama-1920x1080.jpg\"\n\t\t\t>\n\t\n\t\t<noscript><img decoding=\"async\" width=\"1920\" height=\"1080\" data-skip-lazy src=\"https:\/\/www.rivieradeifiori.it\/wp-content\/uploads\/2022\/05\/Diano-Marina_panorama-1920x1080.jpg\" class=\"wp-image-11383\" alt=\"\" srcset=\"https:\/\/www.rivieradeifiori.it\/wp-content\/uploads\/2022\/05\/Diano-Marina_panorama-1920x1080.jpg 1920w, https:\/\/www.rivieradeifiori.it\/wp-content\/uploads\/2022\/05\/Diano-Marina_panorama-300x169.jpg 300w, https:\/\/www.rivieradeifiori.it\/wp-content\/uploads\/2022\/05\/Diano-Marina_panorama-1270x714.jpg 1270w, https:\/\/www.rivieradeifiori.it\/wp-content\/uploads\/2022\/05\/Diano-Marina_panorama-1536x864.jpg 1536w, https:\/\/www.rivieradeifiori.it\/wp-content\/uploads\/2022\/05\/Diano-Marina_panorama-500x281.jpg 500w, https:\/\/www.rivieradeifiori.it\/wp-content\/uploads\/2022\/05\/Diano-Marina_panorama-800x450.jpg 800w, https:\/\/www.rivieradeifiori.it\/wp-content\/uploads\/2022\/05\/Diano-Marina_panorama-1280x720.jpg 1280w, https:\/\/www.rivieradeifiori.it\/wp-content\/uploads\/2022\/05\/Diano-Marina_panorama-1080x608.jpg 1080w, https:\/\/www.rivieradeifiori.it\/wp-content\/uploads\/2022\/05\/Diano-Marina_panorama-150x84.jpg 150w, https:\/\/www.rivieradeifiori.it\/wp-content\/uploads\/2022\/05\/Diano-Marina_panorama.jpg 2048w\" sizes=\"(max-width: 1920px) 100vw, 1920px\" \/><\/noscript><img decoding=\"async\" width=\"1920\" height=\"1080\" src=\"https:\/\/www.rivieradeifiori.it\/wp-content\/uploads\/2022\/05\/Diano-Marina_panorama-1920x1080.jpg\" class=\"wp-image-11383 vp-lazyload\" alt srcset=\"data:image\/svg+xml;base64,PHN2ZyB3aWR0aD0iMTkyMCIgaGVpZ2h0PSIxMDgwIiB2aWV3Qm94PSIwIDAgMTkyMCAxMDgwIiBmaWxsPSJub25lIiB4bWxucz0iaHR0cDovL3d3dy53My5vcmcvMjAwMC9zdmciPjwvc3ZnPg==\" data-src=\"https:\/\/www.rivieradeifiori.it\/wp-content\/uploads\/2022\/05\/Diano-Marina_panorama-1920x1080.jpg\" data-srcset=\"https:\/\/www.rivieradeifiori.it\/wp-content\/uploads\/2022\/05\/Diano-Marina_panorama-1920x1080.jpg 1920w, https:\/\/www.rivieradeifiori.it\/wp-content\/uploads\/2022\/05\/Diano-Marina_panorama-300x169.jpg 300w, https:\/\/www.rivieradeifiori.it\/wp-content\/uploads\/2022\/05\/Diano-Marina_panorama-1270x714.jpg 1270w, https:\/\/www.rivieradeifiori.it\/wp-content\/uploads\/2022\/05\/Diano-Marina_panorama-1536x864.jpg 1536w, https:\/\/www.rivieradeifiori.it\/wp-content\/uploads\/2022\/05\/Diano-Marina_panorama-500x281.jpg 500w, https:\/\/www.rivieradeifiori.it\/wp-content\/uploads\/2022\/05\/Diano-Marina_panorama-800x450.jpg 800w, https:\/\/www.rivieradeifiori.it\/wp-content\/uploads\/2022\/05\/Diano-Marina_panorama-1280x720.jpg 1280w, https:\/\/www.rivieradeifiori.it\/wp-content\/uploads\/2022\/05\/Diano-Marina_panorama-1080x608.jpg 1080w, https:\/\/www.rivieradeifiori.it\/wp-content\/uploads\/2022\/05\/Diano-Marina_panorama-150x84.jpg 150w, https:\/\/www.rivieradeifiori.it\/wp-content\/uploads\/2022\/05\/Diano-Marina_panorama.jpg 2048w\" data-sizes=\"auto\" loading=\"eager\">\n\t\t<div class=\"vp-portfolio__item-overlay\"><\/div>\n\n\t\t<\/a>\t<\/div>\n<\/div>\n\n\t<figcaption class=\"vp-portfolio__item-caption vp-portfolio__item-caption-text-align-center\">\n\t\t<div class=\"vp-portfolio__item-meta-wrap vp-portfolio__custom-scrollbar\">\n\t\t\t<div class=\"vp-portfolio__item-meta\">\n\t\t\t\t\n<h2 class=\"vp-portfolio__item-meta-title\">\n\t\t<a\n\t\thref=\"https:\/\/www.rivieradeifiori.it\/wp-content\/uploads\/2022\/05\/Diano-Marina_panorama-1920x1080.jpg\"\n\t\t\t>\n\tPanorama Diano Marina \u00a9Comune di Diano Marina<\/a><\/h2>\n\t\t\t<\/div>\n\t\t<\/div>\n\t<\/figcaption>\n\t\t\t<\/figure>\n\t\t\t\t\t<\/div>\n\t\t\n\t\t<div\t\tclass=\"vp-portfolio__item-wrap vp-portfolio__item-uid-b03d3643\" data-vp-filter=\"\" \t\t>\n\t\t\t<template class=\"vp-portfolio__item-popup\" data-vp-popup-img=\"https:\/\/www.rivieradeifiori.it\/wp-content\/uploads\/2022\/05\/Diano-Marina_Infiorata-del-Corpus-Domini-scaled-e1592755919926.jpg\" data-vp-popup-img-srcset=\"https:\/\/www.rivieradeifiori.it\/wp-content\/uploads\/2022\/05\/Diano-Marina_Infiorata-del-Corpus-Domini-scaled-e1592755919926.jpg 1920w, https:\/\/www.rivieradeifiori.it\/wp-content\/uploads\/2022\/05\/Diano-Marina_Infiorata-del-Corpus-Domini-scaled-e1592755919926-225x300.jpg 225w, https:\/\/www.rivieradeifiori.it\/wp-content\/uploads\/2022\/05\/Diano-Marina_Infiorata-del-Corpus-Domini-scaled-e1592755919926-953x1270.jpg 953w, https:\/\/www.rivieradeifiori.it\/wp-content\/uploads\/2022\/05\/Diano-Marina_Infiorata-del-Corpus-Domini-scaled-e1592755919926-1152x1536.jpg 1152w, https:\/\/www.rivieradeifiori.it\/wp-content\/uploads\/2022\/05\/Diano-Marina_Infiorata-del-Corpus-Domini-scaled-e1592755919926-1536x2048.jpg 1536w, https:\/\/www.rivieradeifiori.it\/wp-content\/uploads\/2022\/05\/Diano-Marina_Infiorata-del-Corpus-Domini-scaled-e1592755919926-500x667.jpg 500w, https:\/\/www.rivieradeifiori.it\/wp-content\/uploads\/2022\/05\/Diano-Marina_Infiorata-del-Corpus-Domini-scaled-e1592755919926-800x1067.jpg 800w, https:\/\/www.rivieradeifiori.it\/wp-content\/uploads\/2022\/05\/Diano-Marina_Infiorata-del-Corpus-Domini-scaled-e1592755919926-1280x1707.jpg 1280w, https:\/\/www.rivieradeifiori.it\/wp-content\/uploads\/2022\/05\/Diano-Marina_Infiorata-del-Corpus-Domini-scaled-e1592755919926-1080x1440.jpg 1080w, https:\/\/www.rivieradeifiori.it\/wp-content\/uploads\/2022\/05\/Diano-Marina_Infiorata-del-Corpus-Domini-scaled-e1592755919926-150x200.jpg 150w, https:\/\/www.rivieradeifiori.it\/wp-content\/uploads\/2022\/05\/Diano-Marina_Infiorata-del-Corpus-Domini-scaled-e1592755919926-375x500.jpg 375w\" data-vp-popup-img-size=\"1920x2560\" data-vp-popup-md-img=\"https:\/\/www.rivieradeifiori.it\/wp-content\/uploads\/2022\/05\/Diano-Marina_Infiorata-del-Corpus-Domini-scaled-e1592755919926-800x1067.jpg\" data-vp-popup-md-img-size=\"800x1067\" data-vp-popup-sm-img=\"https:\/\/www.rivieradeifiori.it\/wp-content\/uploads\/2022\/05\/Diano-Marina_Infiorata-del-Corpus-Domini-scaled-e1592755919926-500x667.jpg\" data-vp-popup-sm-img-size=\"500x667\">\n\t<\/template>\n\t\t\t\t\t\t<figure class=\"vp-portfolio__item\">\n\t\t\t\t\n<div class=\"vp-portfolio__item-img-wrap\">\n\t<div class=\"vp-portfolio__item-img\">\n\t\t\t<a\n\t\thref=\"https:\/\/www.rivieradeifiori.it\/wp-content\/uploads\/2022\/05\/Diano-Marina_Infiorata-del-Corpus-Domini-scaled-e1592755919926.jpg\"\n\t\t\t>\n\t\n\t\t<noscript><img decoding=\"async\" width=\"1920\" height=\"2560\" data-skip-lazy src=\"https:\/\/www.rivieradeifiori.it\/wp-content\/uploads\/2022\/05\/Diano-Marina_Infiorata-del-Corpus-Domini-scaled-e1592755919926.jpg\" class=\"wp-image-11378\" alt=\"\" srcset=\"https:\/\/www.rivieradeifiori.it\/wp-content\/uploads\/2022\/05\/Diano-Marina_Infiorata-del-Corpus-Domini-scaled-e1592755919926.jpg 1920w, https:\/\/www.rivieradeifiori.it\/wp-content\/uploads\/2022\/05\/Diano-Marina_Infiorata-del-Corpus-Domini-scaled-e1592755919926-225x300.jpg 225w, https:\/\/www.rivieradeifiori.it\/wp-content\/uploads\/2022\/05\/Diano-Marina_Infiorata-del-Corpus-Domini-scaled-e1592755919926-953x1270.jpg 953w, https:\/\/www.rivieradeifiori.it\/wp-content\/uploads\/2022\/05\/Diano-Marina_Infiorata-del-Corpus-Domini-scaled-e1592755919926-1152x1536.jpg 1152w, https:\/\/www.rivieradeifiori.it\/wp-content\/uploads\/2022\/05\/Diano-Marina_Infiorata-del-Corpus-Domini-scaled-e1592755919926-1536x2048.jpg 1536w, https:\/\/www.rivieradeifiori.it\/wp-content\/uploads\/2022\/05\/Diano-Marina_Infiorata-del-Corpus-Domini-scaled-e1592755919926-500x667.jpg 500w, https:\/\/www.rivieradeifiori.it\/wp-content\/uploads\/2022\/05\/Diano-Marina_Infiorata-del-Corpus-Domini-scaled-e1592755919926-800x1067.jpg 800w, https:\/\/www.rivieradeifiori.it\/wp-content\/uploads\/2022\/05\/Diano-Marina_Infiorata-del-Corpus-Domini-scaled-e1592755919926-1280x1707.jpg 1280w, https:\/\/www.rivieradeifiori.it\/wp-content\/uploads\/2022\/05\/Diano-Marina_Infiorata-del-Corpus-Domini-scaled-e1592755919926-1080x1440.jpg 1080w, https:\/\/www.rivieradeifiori.it\/wp-content\/uploads\/2022\/05\/Diano-Marina_Infiorata-del-Corpus-Domini-scaled-e1592755919926-150x200.jpg 150w, https:\/\/www.rivieradeifiori.it\/wp-content\/uploads\/2022\/05\/Diano-Marina_Infiorata-del-Corpus-Domini-scaled-e1592755919926-375x500.jpg 375w\" sizes=\"(max-width: 1920px) 100vw, 1920px\" \/><\/noscript><img decoding=\"async\" width=\"1920\" height=\"2560\" src=\"https:\/\/www.rivieradeifiori.it\/wp-content\/uploads\/2022\/05\/Diano-Marina_Infiorata-del-Corpus-Domini-scaled-e1592755919926.jpg\" class=\"wp-image-11378 vp-lazyload\" alt srcset=\"data:image\/svg+xml;base64,PHN2ZyB3aWR0aD0iMTkyMCIgaGVpZ2h0PSIyNTYwIiB2aWV3Qm94PSIwIDAgMTkyMCAyNTYwIiBmaWxsPSJub25lIiB4bWxucz0iaHR0cDovL3d3dy53My5vcmcvMjAwMC9zdmciPjwvc3ZnPg==\" data-src=\"https:\/\/www.rivieradeifiori.it\/wp-content\/uploads\/2022\/05\/Diano-Marina_Infiorata-del-Corpus-Domini-scaled-e1592755919926.jpg\" data-srcset=\"https:\/\/www.rivieradeifiori.it\/wp-content\/uploads\/2022\/05\/Diano-Marina_Infiorata-del-Corpus-Domini-scaled-e1592755919926.jpg 1920w, https:\/\/www.rivieradeifiori.it\/wp-content\/uploads\/2022\/05\/Diano-Marina_Infiorata-del-Corpus-Domini-scaled-e1592755919926-225x300.jpg 225w, https:\/\/www.rivieradeifiori.it\/wp-content\/uploads\/2022\/05\/Diano-Marina_Infiorata-del-Corpus-Domini-scaled-e1592755919926-953x1270.jpg 953w, https:\/\/www.rivieradeifiori.it\/wp-content\/uploads\/2022\/05\/Diano-Marina_Infiorata-del-Corpus-Domini-scaled-e1592755919926-1152x1536.jpg 1152w, https:\/\/www.rivieradeifiori.it\/wp-content\/uploads\/2022\/05\/Diano-Marina_Infiorata-del-Corpus-Domini-scaled-e1592755919926-1536x2048.jpg 1536w, https:\/\/www.rivieradeifiori.it\/wp-content\/uploads\/2022\/05\/Diano-Marina_Infiorata-del-Corpus-Domini-scaled-e1592755919926-500x667.jpg 500w, https:\/\/www.rivieradeifiori.it\/wp-content\/uploads\/2022\/05\/Diano-Marina_Infiorata-del-Corpus-Domini-scaled-e1592755919926-800x1067.jpg 800w, https:\/\/www.rivieradeifiori.it\/wp-content\/uploads\/2022\/05\/Diano-Marina_Infiorata-del-Corpus-Domini-scaled-e1592755919926-1280x1707.jpg 1280w, https:\/\/www.rivieradeifiori.it\/wp-content\/uploads\/2022\/05\/Diano-Marina_Infiorata-del-Corpus-Domini-scaled-e1592755919926-1080x1440.jpg 1080w, https:\/\/www.rivieradeifiori.it\/wp-content\/uploads\/2022\/05\/Diano-Marina_Infiorata-del-Corpus-Domini-scaled-e1592755919926-150x200.jpg 150w, https:\/\/www.rivieradeifiori.it\/wp-content\/uploads\/2022\/05\/Diano-Marina_Infiorata-del-Corpus-Domini-scaled-e1592755919926-375x500.jpg 375w\" data-sizes=\"auto\" loading=\"eager\">\n\t\t<div class=\"vp-portfolio__item-overlay\"><\/div>\n\n\t\t<\/a>\t<\/div>\n<\/div>\n\n\t<figcaption class=\"vp-portfolio__item-caption vp-portfolio__item-caption-text-align-center\">\n\t\t<div class=\"vp-portfolio__item-meta-wrap vp-portfolio__custom-scrollbar\">\n\t\t\t<div class=\"vp-portfolio__item-meta\">\n\t\t\t\t\n<h2 class=\"vp-portfolio__item-meta-title\">\n\t\t<a\n\t\thref=\"https:\/\/www.rivieradeifiori.it\/wp-content\/uploads\/2022\/05\/Diano-Marina_Infiorata-del-Corpus-Domini-scaled-e1592755919926.jpg\"\n\t\t\t>\n\tInfiorata del Corpus Domini &#8211; Diano Marina \u00a9Comune di Diano Marina<\/a><\/h2>\n\t\t\t<\/div>\n\t\t<\/div>\n\t<\/figcaption>\n\t\t\t<\/figure>\n\t\t\t\t\t<\/div>\n\t\t\n\t\t<div\t\tclass=\"vp-portfolio__item-wrap vp-portfolio__item-uid-723011e0\" data-vp-filter=\"\" \t\t>\n\t\t\t<template class=\"vp-portfolio__item-popup\" data-vp-popup-img=\"https:\/\/www.rivieradeifiori.it\/wp-content\/uploads\/2022\/05\/diano-marina-panorama.jpg\" data-vp-popup-img-srcset=\"https:\/\/www.rivieradeifiori.it\/wp-content\/uploads\/2022\/05\/diano-marina-panorama.jpg 1280w, https:\/\/www.rivieradeifiori.it\/wp-content\/uploads\/2022\/05\/diano-marina-panorama-300x225.jpg 300w, https:\/\/www.rivieradeifiori.it\/wp-content\/uploads\/2022\/05\/diano-marina-panorama-1270x953.jpg 1270w, https:\/\/www.rivieradeifiori.it\/wp-content\/uploads\/2022\/05\/diano-marina-panorama-500x375.jpg 500w, https:\/\/www.rivieradeifiori.it\/wp-content\/uploads\/2022\/05\/diano-marina-panorama-800x600.jpg 800w, https:\/\/www.rivieradeifiori.it\/wp-content\/uploads\/2022\/05\/diano-marina-panorama-1080x810.jpg 1080w, https:\/\/www.rivieradeifiori.it\/wp-content\/uploads\/2022\/05\/diano-marina-panorama-150x113.jpg 150w\" data-vp-popup-img-size=\"1280x960\" data-vp-popup-md-img=\"https:\/\/www.rivieradeifiori.it\/wp-content\/uploads\/2022\/05\/diano-marina-panorama-800x600.jpg\" data-vp-popup-md-img-size=\"800x600\" data-vp-popup-sm-img=\"https:\/\/www.rivieradeifiori.it\/wp-content\/uploads\/2022\/05\/diano-marina-panorama-500x375.jpg\" data-vp-popup-sm-img-size=\"500x375\">\n\t<\/template>\n\t\t\t\t\t\t<figure class=\"vp-portfolio__item\">\n\t\t\t\t\n<div class=\"vp-portfolio__item-img-wrap\">\n\t<div class=\"vp-portfolio__item-img\">\n\t\t\t<a\n\t\thref=\"https:\/\/www.rivieradeifiori.it\/wp-content\/uploads\/2022\/05\/diano-marina-panorama.jpg\"\n\t\t\t>\n\t\n\t\t<noscript><img decoding=\"async\" width=\"1280\" height=\"960\" data-skip-lazy src=\"https:\/\/www.rivieradeifiori.it\/wp-content\/uploads\/2022\/05\/diano-marina-panorama.jpg\" class=\"wp-image-11393\" alt=\"\" srcset=\"https:\/\/www.rivieradeifiori.it\/wp-content\/uploads\/2022\/05\/diano-marina-panorama.jpg 1280w, https:\/\/www.rivieradeifiori.it\/wp-content\/uploads\/2022\/05\/diano-marina-panorama-300x225.jpg 300w, https:\/\/www.rivieradeifiori.it\/wp-content\/uploads\/2022\/05\/diano-marina-panorama-1270x953.jpg 1270w, https:\/\/www.rivieradeifiori.it\/wp-content\/uploads\/2022\/05\/diano-marina-panorama-500x375.jpg 500w, https:\/\/www.rivieradeifiori.it\/wp-content\/uploads\/2022\/05\/diano-marina-panorama-800x600.jpg 800w, https:\/\/www.rivieradeifiori.it\/wp-content\/uploads\/2022\/05\/diano-marina-panorama-1080x810.jpg 1080w, https:\/\/www.rivieradeifiori.it\/wp-content\/uploads\/2022\/05\/diano-marina-panorama-150x113.jpg 150w\" sizes=\"(max-width: 1280px) 100vw, 1280px\" \/><\/noscript><img decoding=\"async\" width=\"1280\" height=\"960\" src=\"https:\/\/www.rivieradeifiori.it\/wp-content\/uploads\/2022\/05\/diano-marina-panorama.jpg\" class=\"wp-image-11393 vp-lazyload\" alt srcset=\"data:image\/svg+xml;base64,PHN2ZyB3aWR0aD0iMTI4MCIgaGVpZ2h0PSI5NjAiIHZpZXdCb3g9IjAgMCAxMjgwIDk2MCIgZmlsbD0ibm9uZSIgeG1sbnM9Imh0dHA6Ly93d3cudzMub3JnLzIwMDAvc3ZnIj48L3N2Zz4=\" data-src=\"https:\/\/www.rivieradeifiori.it\/wp-content\/uploads\/2022\/05\/diano-marina-panorama.jpg\" data-srcset=\"https:\/\/www.rivieradeifiori.it\/wp-content\/uploads\/2022\/05\/diano-marina-panorama.jpg 1280w, https:\/\/www.rivieradeifiori.it\/wp-content\/uploads\/2022\/05\/diano-marina-panorama-300x225.jpg 300w, https:\/\/www.rivieradeifiori.it\/wp-content\/uploads\/2022\/05\/diano-marina-panorama-1270x953.jpg 1270w, https:\/\/www.rivieradeifiori.it\/wp-content\/uploads\/2022\/05\/diano-marina-panorama-500x375.jpg 500w, https:\/\/www.rivieradeifiori.it\/wp-content\/uploads\/2022\/05\/diano-marina-panorama-800x600.jpg 800w, https:\/\/www.rivieradeifiori.it\/wp-content\/uploads\/2022\/05\/diano-marina-panorama-1080x810.jpg 1080w, https:\/\/www.rivieradeifiori.it\/wp-content\/uploads\/2022\/05\/diano-marina-panorama-150x113.jpg 150w\" data-sizes=\"auto\" loading=\"eager\">\n\t\t<div class=\"vp-portfolio__item-overlay\"><\/div>\n\n\t\t<\/a>\t<\/div>\n<\/div>\n\n\t<figcaption class=\"vp-portfolio__item-caption vp-portfolio__item-caption-text-align-center\">\n\t\t<div class=\"vp-portfolio__item-meta-wrap vp-portfolio__custom-scrollbar\">\n\t\t\t<div class=\"vp-portfolio__item-meta\">\n\t\t\t\t\n<h2 class=\"vp-portfolio__item-meta-title\">\n\t\t<a\n\t\thref=\"https:\/\/www.rivieradeifiori.it\/wp-content\/uploads\/2022\/05\/diano-marina-panorama.jpg\"\n\t\t\t>\n\tPanorama di Diano Marina \u00a9Comune di Diano Marina<\/a><\/h2>\n\t\t\t<\/div>\n\t\t<\/div>\n\t<\/figcaption>\n\t\t\t<\/figure>\n\t\t\t\t\t<\/div>\n\t\t\n\t\t<div\t\tclass=\"vp-portfolio__item-wrap vp-portfolio__item-uid-6a274ec0\" data-vp-filter=\"\" \t\t>\n\t\t\t<template class=\"vp-portfolio__item-popup\" data-vp-popup-img=\"https:\/\/www.rivieradeifiori.it\/wp-content\/uploads\/2022\/05\/Diano_Marina_legenda.jpg\" data-vp-popup-img-srcset=\"https:\/\/www.rivieradeifiori.it\/wp-content\/uploads\/2022\/05\/Diano_Marina_legenda.jpg 950w, https:\/\/www.rivieradeifiori.it\/wp-content\/uploads\/2022\/05\/Diano_Marina_legenda-209x300.jpg 209w, https:\/\/www.rivieradeifiori.it\/wp-content\/uploads\/2022\/05\/Diano_Marina_legenda-885x1270.jpg 885w, https:\/\/www.rivieradeifiori.it\/wp-content\/uploads\/2022\/05\/Diano_Marina_legenda-500x718.jpg 500w, https:\/\/www.rivieradeifiori.it\/wp-content\/uploads\/2022\/05\/Diano_Marina_legenda-800x1149.jpg 800w, https:\/\/www.rivieradeifiori.it\/wp-content\/uploads\/2022\/05\/Diano_Marina_legenda-150x215.jpg 150w, https:\/\/www.rivieradeifiori.it\/wp-content\/uploads\/2022\/05\/Diano_Marina_legenda-348x500.jpg 348w\" data-vp-popup-img-size=\"950x1364\" data-vp-popup-md-img=\"https:\/\/www.rivieradeifiori.it\/wp-content\/uploads\/2022\/05\/Diano_Marina_legenda-800x1149.jpg\" data-vp-popup-md-img-size=\"800x1149\" data-vp-popup-sm-img=\"https:\/\/www.rivieradeifiori.it\/wp-content\/uploads\/2022\/05\/Diano_Marina_legenda-500x718.jpg\" data-vp-popup-sm-img-size=\"500x718\">\n\t<\/template>\n\t\t\t\t\t\t<figure class=\"vp-portfolio__item\">\n\t\t\t\t\n<div class=\"vp-portfolio__item-img-wrap\">\n\t<div class=\"vp-portfolio__item-img\">\n\t\t\t<a\n\t\thref=\"https:\/\/www.rivieradeifiori.it\/wp-content\/uploads\/2022\/05\/Diano_Marina_legenda.jpg\"\n\t\t\t>\n\t\n\t\t<noscript><img decoding=\"async\" width=\"950\" height=\"1364\" data-skip-lazy src=\"https:\/\/www.rivieradeifiori.it\/wp-content\/uploads\/2022\/05\/Diano_Marina_legenda.jpg\" class=\"wp-image-11373\" alt=\"\" srcset=\"https:\/\/www.rivieradeifiori.it\/wp-content\/uploads\/2022\/05\/Diano_Marina_legenda.jpg 950w, https:\/\/www.rivieradeifiori.it\/wp-content\/uploads\/2022\/05\/Diano_Marina_legenda-209x300.jpg 209w, https:\/\/www.rivieradeifiori.it\/wp-content\/uploads\/2022\/05\/Diano_Marina_legenda-885x1270.jpg 885w, https:\/\/www.rivieradeifiori.it\/wp-content\/uploads\/2022\/05\/Diano_Marina_legenda-500x718.jpg 500w, https:\/\/www.rivieradeifiori.it\/wp-content\/uploads\/2022\/05\/Diano_Marina_legenda-800x1149.jpg 800w, https:\/\/www.rivieradeifiori.it\/wp-content\/uploads\/2022\/05\/Diano_Marina_legenda-150x215.jpg 150w, https:\/\/www.rivieradeifiori.it\/wp-content\/uploads\/2022\/05\/Diano_Marina_legenda-348x500.jpg 348w\" sizes=\"(max-width: 950px) 100vw, 950px\" \/><\/noscript><img decoding=\"async\" width=\"950\" height=\"1364\" src=\"https:\/\/www.rivieradeifiori.it\/wp-content\/uploads\/2022\/05\/Diano_Marina_legenda.jpg\" class=\"wp-image-11373 vp-lazyload\" alt srcset=\"data:image\/svg+xml;base64,PHN2ZyB3aWR0aD0iOTUwIiBoZWlnaHQ9IjEzNjQiIHZpZXdCb3g9IjAgMCA5NTAgMTM2NCIgZmlsbD0ibm9uZSIgeG1sbnM9Imh0dHA6Ly93d3cudzMub3JnLzIwMDAvc3ZnIj48L3N2Zz4=\" data-src=\"https:\/\/www.rivieradeifiori.it\/wp-content\/uploads\/2022\/05\/Diano_Marina_legenda.jpg\" data-srcset=\"https:\/\/www.rivieradeifiori.it\/wp-content\/uploads\/2022\/05\/Diano_Marina_legenda.jpg 950w, https:\/\/www.rivieradeifiori.it\/wp-content\/uploads\/2022\/05\/Diano_Marina_legenda-209x300.jpg 209w, https:\/\/www.rivieradeifiori.it\/wp-content\/uploads\/2022\/05\/Diano_Marina_legenda-885x1270.jpg 885w, https:\/\/www.rivieradeifiori.it\/wp-content\/uploads\/2022\/05\/Diano_Marina_legenda-500x718.jpg 500w, https:\/\/www.rivieradeifiori.it\/wp-content\/uploads\/2022\/05\/Diano_Marina_legenda-800x1149.jpg 800w, https:\/\/www.rivieradeifiori.it\/wp-content\/uploads\/2022\/05\/Diano_Marina_legenda-150x215.jpg 150w, https:\/\/www.rivieradeifiori.it\/wp-content\/uploads\/2022\/05\/Diano_Marina_legenda-348x500.jpg 348w\" data-sizes=\"auto\" loading=\"eager\">\n\t\t<div class=\"vp-portfolio__item-overlay\"><\/div>\n\n\t\t<\/a>\t<\/div>\n<\/div>\n\n\t<figcaption class=\"vp-portfolio__item-caption vp-portfolio__item-caption-text-align-center\">\n\t\t<div class=\"vp-portfolio__item-meta-wrap vp-portfolio__custom-scrollbar\">\n\t\t\t<div class=\"vp-portfolio__item-meta\">\n\t\t\t\t\n<h2 class=\"vp-portfolio__item-meta-title\">\n\t\t<a\n\t\thref=\"https:\/\/www.rivieradeifiori.it\/wp-content\/uploads\/2022\/05\/Diano_Marina_legenda.jpg\"\n\t\t\t>\n\tLegenda della Mappa di Diano Marina &#8211; \u00a9Innovation Media<\/a><\/h2>\n\t\t\t<\/div>\n\t\t<\/div>\n\t<\/figcaption>\n\t\t\t<\/figure>\n\t\t\t\t\t<\/div>\n\t\t\n\t\t<div\t\tclass=\"vp-portfolio__item-wrap vp-portfolio__item-uid-2fb275ac\" data-vp-filter=\"\" \t\t>\n\t\t\t<template class=\"vp-portfolio__item-popup\" data-vp-popup-img=\"https:\/\/www.rivieradeifiori.it\/wp-content\/uploads\/2022\/05\/Diano_Marina.jpg\" data-vp-popup-img-srcset=\"https:\/\/www.rivieradeifiori.it\/wp-content\/uploads\/2022\/05\/Diano_Marina.jpg 1900w, https:\/\/www.rivieradeifiori.it\/wp-content\/uploads\/2022\/05\/Diano_Marina-300x214.jpg 300w, https:\/\/www.rivieradeifiori.it\/wp-content\/uploads\/2022\/05\/Diano_Marina-1270x907.jpg 1270w, https:\/\/www.rivieradeifiori.it\/wp-content\/uploads\/2022\/05\/Diano_Marina-1536x1097.jpg 1536w, https:\/\/www.rivieradeifiori.it\/wp-content\/uploads\/2022\/05\/Diano_Marina-500x357.jpg 500w, https:\/\/www.rivieradeifiori.it\/wp-content\/uploads\/2022\/05\/Diano_Marina-800x571.jpg 800w, https:\/\/www.rivieradeifiori.it\/wp-content\/uploads\/2022\/05\/Diano_Marina-1280x914.jpg 1280w, https:\/\/www.rivieradeifiori.it\/wp-content\/uploads\/2022\/05\/Diano_Marina-1080x771.jpg 1080w, https:\/\/www.rivieradeifiori.it\/wp-content\/uploads\/2022\/05\/Diano_Marina-150x107.jpg 150w\" data-vp-popup-img-size=\"1900x1357\" data-vp-popup-md-img=\"https:\/\/www.rivieradeifiori.it\/wp-content\/uploads\/2022\/05\/Diano_Marina-800x571.jpg\" data-vp-popup-md-img-size=\"800x571\" data-vp-popup-sm-img=\"https:\/\/www.rivieradeifiori.it\/wp-content\/uploads\/2022\/05\/Diano_Marina-500x357.jpg\" data-vp-popup-sm-img-size=\"500x357\">\n\t<\/template>\n\t\t\t\t\t\t<figure class=\"vp-portfolio__item\">\n\t\t\t\t\n<div class=\"vp-portfolio__item-img-wrap\">\n\t<div class=\"vp-portfolio__item-img\">\n\t\t\t<a\n\t\thref=\"https:\/\/www.rivieradeifiori.it\/wp-content\/uploads\/2022\/05\/Diano_Marina.jpg\"\n\t\t\t>\n\t\n\t\t<noscript><img decoding=\"async\" width=\"1900\" height=\"1357\" data-skip-lazy src=\"https:\/\/www.rivieradeifiori.it\/wp-content\/uploads\/2022\/05\/Diano_Marina.jpg\" class=\"wp-image-11368\" alt=\"\" srcset=\"https:\/\/www.rivieradeifiori.it\/wp-content\/uploads\/2022\/05\/Diano_Marina.jpg 1900w, https:\/\/www.rivieradeifiori.it\/wp-content\/uploads\/2022\/05\/Diano_Marina-300x214.jpg 300w, https:\/\/www.rivieradeifiori.it\/wp-content\/uploads\/2022\/05\/Diano_Marina-1270x907.jpg 1270w, https:\/\/www.rivieradeifiori.it\/wp-content\/uploads\/2022\/05\/Diano_Marina-1536x1097.jpg 1536w, https:\/\/www.rivieradeifiori.it\/wp-content\/uploads\/2022\/05\/Diano_Marina-500x357.jpg 500w, https:\/\/www.rivieradeifiori.it\/wp-content\/uploads\/2022\/05\/Diano_Marina-800x571.jpg 800w, https:\/\/www.rivieradeifiori.it\/wp-content\/uploads\/2022\/05\/Diano_Marina-1280x914.jpg 1280w, https:\/\/www.rivieradeifiori.it\/wp-content\/uploads\/2022\/05\/Diano_Marina-1080x771.jpg 1080w, https:\/\/www.rivieradeifiori.it\/wp-content\/uploads\/2022\/05\/Diano_Marina-150x107.jpg 150w\" sizes=\"(max-width: 1900px) 100vw, 1900px\" \/><\/noscript><img decoding=\"async\" width=\"1900\" height=\"1357\" src=\"https:\/\/www.rivieradeifiori.it\/wp-content\/uploads\/2022\/05\/Diano_Marina.jpg\" class=\"wp-image-11368 vp-lazyload\" alt srcset=\"data:image\/svg+xml;base64,PHN2ZyB3aWR0aD0iMTkwMCIgaGVpZ2h0PSIxMzU3IiB2aWV3Qm94PSIwIDAgMTkwMCAxMzU3IiBmaWxsPSJub25lIiB4bWxucz0iaHR0cDovL3d3dy53My5vcmcvMjAwMC9zdmciPjwvc3ZnPg==\" data-src=\"https:\/\/www.rivieradeifiori.it\/wp-content\/uploads\/2022\/05\/Diano_Marina.jpg\" data-srcset=\"https:\/\/www.rivieradeifiori.it\/wp-content\/uploads\/2022\/05\/Diano_Marina.jpg 1900w, https:\/\/www.rivieradeifiori.it\/wp-content\/uploads\/2022\/05\/Diano_Marina-300x214.jpg 300w, https:\/\/www.rivieradeifiori.it\/wp-content\/uploads\/2022\/05\/Diano_Marina-1270x907.jpg 1270w, https:\/\/www.rivieradeifiori.it\/wp-content\/uploads\/2022\/05\/Diano_Marina-1536x1097.jpg 1536w, https:\/\/www.rivieradeifiori.it\/wp-content\/uploads\/2022\/05\/Diano_Marina-500x357.jpg 500w, https:\/\/www.rivieradeifiori.it\/wp-content\/uploads\/2022\/05\/Diano_Marina-800x571.jpg 800w, https:\/\/www.rivieradeifiori.it\/wp-content\/uploads\/2022\/05\/Diano_Marina-1280x914.jpg 1280w, https:\/\/www.rivieradeifiori.it\/wp-content\/uploads\/2022\/05\/Diano_Marina-1080x771.jpg 1080w, https:\/\/www.rivieradeifiori.it\/wp-content\/uploads\/2022\/05\/Diano_Marina-150x107.jpg 150w\" data-sizes=\"auto\" loading=\"eager\">\n\t\t<div class=\"vp-portfolio__item-overlay\"><\/div>\n\n\t\t<\/a>\t<\/div>\n<\/div>\n\n\t<figcaption class=\"vp-portfolio__item-caption vp-portfolio__item-caption-text-align-center\">\n\t\t<div class=\"vp-portfolio__item-meta-wrap vp-portfolio__custom-scrollbar\">\n\t\t\t<div class=\"vp-portfolio__item-meta\">\n\t\t\t\t\n<h2 class=\"vp-portfolio__item-meta-title\">\n\t\t<a\n\t\thref=\"https:\/\/www.rivieradeifiori.it\/wp-content\/uploads\/2022\/05\/Diano_Marina.jpg\"\n\t\t\t>\n\tMappa di Diano Marina &#8211; \u00a9Innovation Media<\/a><\/h2>\n\t\t\t<\/div>\n\t\t<\/div>\n\t<\/figcaption>\n\t\t\t<\/figure>\n\t\t\t\t\t<\/div>\n\t\t\n<\/div>\n\t\t<\/div>\n\t\t\n<\/div>\n<\/div>","protected":false},"excerpt":{"rendered":"<p>Wenn Sie ein Reiseziel an der K\u00fcste suchen, wo Sie mit Ihrer Familie Spa\u00df haben und entspannen k\u00f6nnen, dann ist Diano Marina genau das Richtige f\u00fcr Sie. Der Badeort, der im Jahr 2020 mit der Blauen Flagge ausgezeichnet wurde, verf\u00fcgt \u00fcber einen langen, mehr als 3.500 Meter langen Sandstrand mit flachem Wasser, der f\u00fcr Kinder [&hellip;]<\/p>\n","protected":false},"author":1,"featured_media":12379,"comment_status":"closed","ping_status":"open","sticky":false,"template":"","format":"standard","meta":{"_et_pb_use_builder":"off","_et_pb_old_content":"","_et_gb_content_width":"","_eb_attr":"","_vp_format_video_url":"","_vp_image_focal_point":[],"_vp_custom_popup_image":0,"_vp_format_audio_url":"","_vp_custom_thumbnail":0,"_vp_custom_thumbnail_focal_point":[],"_vp_hover_thumbnail":0,"_vp_hover_thumbnail_focal_point":[],"footnotes":""},"categories":[966,939],"tags":[1343,1034,1333,1232],"class_list":["post-14359","post","type-post","status-publish","format-standard","has-post-thumbnail","hentry","category-dianese-tal","category-die-kueste","tag-dianese-tal","tag-diano-marina-de","tag-die-kueste","tag-la-costa-de","et-has-post-format-content","et_post_format-et-post-format-standard"],"yoast_head":"<!-- This site is optimized with the Yoast SEO plugin v25.7 - https:\/\/yoast.com\/wordpress\/plugins\/seo\/ -->\n<title>Diano Marina - Die K\u00fcste - Riviera dei Fiori<\/title>\n<meta name=\"robots\" content=\"index, follow, max-snippet:-1, max-image-preview:large, max-video-preview:-1\" \/>\n<link rel=\"canonical\" href=\"https:\/\/www.rivieradeifiori.it\/de\/meer-und-land\/die-kueste\/diano-marina\/\" \/>\n<meta name=\"twitter:label1\" content=\"Verfasst von\" \/>\n\t<meta name=\"twitter:data1\" content=\"Luca Giovannetti\" \/>\n\t<meta name=\"twitter:label2\" content=\"Gesch\u00e4tzte Lesezeit\" \/>\n\t<meta name=\"twitter:data2\" content=\"3\u00a0Minuten\" \/>\n<script type=\"application\/ld+json\" class=\"yoast-schema-graph\">{\"@context\":\"https:\/\/schema.org\",\"@graph\":[{\"@type\":\"WebPage\",\"@id\":\"https:\/\/www.rivieradeifiori.it\/de\/meer-und-land\/die-kueste\/diano-marina\/\",\"url\":\"https:\/\/www.rivieradeifiori.it\/de\/meer-und-land\/die-kueste\/diano-marina\/\",\"name\":\"Diano Marina - Die K\u00fcste - Riviera dei Fiori\",\"isPartOf\":{\"@id\":\"https:\/\/www.rivieradeifiori.it\/de\/#website\"},\"primaryImageOfPage\":{\"@id\":\"https:\/\/www.rivieradeifiori.it\/de\/meer-und-land\/die-kueste\/diano-marina\/#primaryimage\"},\"image\":{\"@id\":\"https:\/\/www.rivieradeifiori.it\/de\/meer-und-land\/die-kueste\/diano-marina\/#primaryimage\"},\"thumbnailUrl\":\"https:\/\/www.rivieradeifiori.it\/wp-content\/uploads\/2022\/05\/panorama-alta-def.-diano-marina-scaled-1.jpg\",\"datePublished\":\"2022-06-05T14:14:13+00:00\",\"dateModified\":\"2023-02-03T17:08:25+00:00\",\"author\":{\"@id\":\"https:\/\/www.rivieradeifiori.it\/de\/#\/schema\/person\/6cc4e4ed0d74f08798811653e64f69ed\"},\"breadcrumb\":{\"@id\":\"https:\/\/www.rivieradeifiori.it\/de\/meer-und-land\/die-kueste\/diano-marina\/#breadcrumb\"},\"inLanguage\":\"de\",\"potentialAction\":[{\"@type\":\"ReadAction\",\"target\":[\"https:\/\/www.rivieradeifiori.it\/de\/meer-und-land\/die-kueste\/diano-marina\/\"]}]},{\"@type\":\"ImageObject\",\"inLanguage\":\"de\",\"@id\":\"https:\/\/www.rivieradeifiori.it\/de\/meer-und-land\/die-kueste\/diano-marina\/#primaryimage\",\"url\":\"https:\/\/www.rivieradeifiori.it\/wp-content\/uploads\/2022\/05\/panorama-alta-def.-diano-marina-scaled-1.jpg\",\"contentUrl\":\"https:\/\/www.rivieradeifiori.it\/wp-content\/uploads\/2022\/05\/panorama-alta-def.-diano-marina-scaled-1.jpg\",\"width\":2560,\"height\":1177,\"caption\":\"Panorama Diano Marina \u00a9Comune di Diano Marina\"},{\"@type\":\"BreadcrumbList\",\"@id\":\"https:\/\/www.rivieradeifiori.it\/de\/meer-und-land\/die-kueste\/diano-marina\/#breadcrumb\",\"itemListElement\":[{\"@type\":\"ListItem\",\"position\":1,\"name\":\"Home\",\"item\":\"https:\/\/www.rivieradeifiori.it\/de\/\"},{\"@type\":\"ListItem\",\"position\":2,\"name\":\"Diano Marina\"}]},{\"@type\":\"WebSite\",\"@id\":\"https:\/\/www.rivieradeifiori.it\/de\/#website\",\"url\":\"https:\/\/www.rivieradeifiori.it\/de\/\",\"name\":\"Riviera dei Fiori\",\"description\":\"Un mare di colori\",\"potentialAction\":[{\"@type\":\"SearchAction\",\"target\":{\"@type\":\"EntryPoint\",\"urlTemplate\":\"https:\/\/www.rivieradeifiori.it\/de\/?s={search_term_string}\"},\"query-input\":{\"@type\":\"PropertyValueSpecification\",\"valueRequired\":true,\"valueName\":\"search_term_string\"}}],\"inLanguage\":\"de\"},{\"@type\":\"Person\",\"@id\":\"https:\/\/www.rivieradeifiori.it\/de\/#\/schema\/person\/6cc4e4ed0d74f08798811653e64f69ed\",\"name\":\"Luca Giovannetti\",\"image\":{\"@type\":\"ImageObject\",\"inLanguage\":\"de\",\"@id\":\"https:\/\/www.rivieradeifiori.it\/de\/#\/schema\/person\/image\/\",\"url\":\"https:\/\/secure.gravatar.com\/avatar\/092abda2284c50268e586151e014cf903142e524662c62577231430ea44340cf?s=96&r=g&d=https:\/\/www.rivieradeifiori.it\/wp-content\/plugins\/userswp\/assets\/images\/no_profile.png\",\"contentUrl\":\"https:\/\/secure.gravatar.com\/avatar\/092abda2284c50268e586151e014cf903142e524662c62577231430ea44340cf?s=96&r=g&d=https:\/\/www.rivieradeifiori.it\/wp-content\/plugins\/userswp\/assets\/images\/no_profile.png\",\"caption\":\"Luca Giovannetti\"}}]}<\/script>\n<!-- \/ Yoast SEO plugin. -->","yoast_head_json":{"title":"Diano Marina - Die K\u00fcste - Riviera dei Fiori","robots":{"index":"index","follow":"follow","max-snippet":"max-snippet:-1","max-image-preview":"max-image-preview:large","max-video-preview":"max-video-preview:-1"},"canonical":"https:\/\/www.rivieradeifiori.it\/de\/meer-und-land\/die-kueste\/diano-marina\/","twitter_misc":{"Verfasst von":"Luca Giovannetti","Gesch\u00e4tzte Lesezeit":"3\u00a0Minuten"},"schema":{"@context":"https:\/\/schema.org","@graph":[{"@type":"WebPage","@id":"https:\/\/www.rivieradeifiori.it\/de\/meer-und-land\/die-kueste\/diano-marina\/","url":"https:\/\/www.rivieradeifiori.it\/de\/meer-und-land\/die-kueste\/diano-marina\/","name":"Diano Marina - Die K\u00fcste - Riviera dei Fiori","isPartOf":{"@id":"https:\/\/www.rivieradeifiori.it\/de\/#website"},"primaryImageOfPage":{"@id":"https:\/\/www.rivieradeifiori.it\/de\/meer-und-land\/die-kueste\/diano-marina\/#primaryimage"},"image":{"@id":"https:\/\/www.rivieradeifiori.it\/de\/meer-und-land\/die-kueste\/diano-marina\/#primaryimage"},"thumbnailUrl":"https:\/\/www.rivieradeifiori.it\/wp-content\/uploads\/2022\/05\/panorama-alta-def.-diano-marina-scaled-1.jpg","datePublished":"2022-06-05T14:14:13+00:00","dateModified":"2023-02-03T17:08:25+00:00","author":{"@id":"https:\/\/www.rivieradeifiori.it\/de\/#\/schema\/person\/6cc4e4ed0d74f08798811653e64f69ed"},"breadcrumb":{"@id":"https:\/\/www.rivieradeifiori.it\/de\/meer-und-land\/die-kueste\/diano-marina\/#breadcrumb"},"inLanguage":"de","potentialAction":[{"@type":"ReadAction","target":["https:\/\/www.rivieradeifiori.it\/de\/meer-und-land\/die-kueste\/diano-marina\/"]}]},{"@type":"ImageObject","inLanguage":"de","@id":"https:\/\/www.rivieradeifiori.it\/de\/meer-und-land\/die-kueste\/diano-marina\/#primaryimage","url":"https:\/\/www.rivieradeifiori.it\/wp-content\/uploads\/2022\/05\/panorama-alta-def.-diano-marina-scaled-1.jpg","contentUrl":"https:\/\/www.rivieradeifiori.it\/wp-content\/uploads\/2022\/05\/panorama-alta-def.-diano-marina-scaled-1.jpg","width":2560,"height":1177,"caption":"Panorama Diano Marina \u00a9Comune di Diano Marina"},{"@type":"BreadcrumbList","@id":"https:\/\/www.rivieradeifiori.it\/de\/meer-und-land\/die-kueste\/diano-marina\/#breadcrumb","itemListElement":[{"@type":"ListItem","position":1,"name":"Home","item":"https:\/\/www.rivieradeifiori.it\/de\/"},{"@type":"ListItem","position":2,"name":"Diano Marina"}]},{"@type":"WebSite","@id":"https:\/\/www.rivieradeifiori.it\/de\/#website","url":"https:\/\/www.rivieradeifiori.it\/de\/","name":"Riviera dei Fiori","description":"Un mare di colori","potentialAction":[{"@type":"SearchAction","target":{"@type":"EntryPoint","urlTemplate":"https:\/\/www.rivieradeifiori.it\/de\/?s={search_term_string}"},"query-input":{"@type":"PropertyValueSpecification","valueRequired":true,"valueName":"search_term_string"}}],"inLanguage":"de"},{"@type":"Person","@id":"https:\/\/www.rivieradeifiori.it\/de\/#\/schema\/person\/6cc4e4ed0d74f08798811653e64f69ed","name":"Luca Giovannetti","image":{"@type":"ImageObject","inLanguage":"de","@id":"https:\/\/www.rivieradeifiori.it\/de\/#\/schema\/person\/image\/","url":"https:\/\/secure.gravatar.com\/avatar\/092abda2284c50268e586151e014cf903142e524662c62577231430ea44340cf?s=96&r=g&d=https:\/\/www.rivieradeifiori.it\/wp-content\/plugins\/userswp\/assets\/images\/no_profile.png","contentUrl":"https:\/\/secure.gravatar.com\/avatar\/092abda2284c50268e586151e014cf903142e524662c62577231430ea44340cf?s=96&r=g&d=https:\/\/www.rivieradeifiori.it\/wp-content\/plugins\/userswp\/assets\/images\/no_profile.png","caption":"Luca Giovannetti"}}]}},"_links":{"self":[{"href":"https:\/\/www.rivieradeifiori.it\/de\/wp-json\/wp\/v2\/posts\/14359","targetHints":{"allow":["GET"]}}],"collection":[{"href":"https:\/\/www.rivieradeifiori.it\/de\/wp-json\/wp\/v2\/posts"}],"about":[{"href":"https:\/\/www.rivieradeifiori.it\/de\/wp-json\/wp\/v2\/types\/post"}],"author":[{"embeddable":true,"href":"https:\/\/www.rivieradeifiori.it\/de\/wp-json\/wp\/v2\/users\/1"}],"replies":[{"embeddable":true,"href":"https:\/\/www.rivieradeifiori.it\/de\/wp-json\/wp\/v2\/comments?post=14359"}],"version-history":[{"count":3,"href":"https:\/\/www.rivieradeifiori.it\/de\/wp-json\/wp\/v2\/posts\/14359\/revisions"}],"predecessor-version":[{"id":18265,"href":"https:\/\/www.rivieradeifiori.it\/de\/wp-json\/wp\/v2\/posts\/14359\/revisions\/18265"}],"wp:featuredmedia":[{"embeddable":true,"href":"https:\/\/www.rivieradeifiori.it\/de\/wp-json\/wp\/v2\/media\/12379"}],"wp:attachment":[{"href":"https:\/\/www.rivieradeifiori.it\/de\/wp-json\/wp\/v2\/media?parent=14359"}],"wp:term":[{"taxonomy":"category","embeddable":true,"href":"https:\/\/www.rivieradeifiori.it\/de\/wp-json\/wp\/v2\/categories?post=14359"},{"taxonomy":"post_tag","embeddable":true,"href":"https:\/\/www.rivieradeifiori.it\/de\/wp-json\/wp\/v2\/tags?post=14359"}],"curies":[{"name":"wp","href":"https:\/\/api.w.org\/{rel}","templated":true}]}}